{"id":97277,"date":"2023-03-17T11:20:44","date_gmt":"2023-03-17T14:20:44","guid":{"rendered":"http:\/\/192.168.200.48\/?p=97277"},"modified":"2023-03-17T11:26:33","modified_gmt":"2023-03-17T14:26:33","slug":"corte-programado-en-villa-la-angostura-el-22-03-23","status":"publish","type":"post","link":"https:\/\/www.epen.gov.ar\/index.php\/2023\/03\/17\/corte-programado-en-villa-la-angostura-el-22-03-23\/","title":{"rendered":"Corte programado en Villa La Angostura el 22\/03\/23"},"content":{"rendered":"<div class=\"fusion-fullwidth fullwidth-box fusion-builder-row-1 nonhundred-percent-fullwidth non-hundred-percent-height-scrolling\" style=\"--awb-border-radius-top-left:0px;--awb-border-radius-top-right:0px;--awb-border-radius-bottom-right:0px;--awb-border-radius-bottom-left:0px;--awb-flex-wrap:wrap;\" ><div class=\"fusion-builder-row fusion-row\"><div class=\"fusion-layout-column fusion_builder_column fusion-builder-column-0 fusion_builder_column_2_3 2_3 fusion-two-third fusion-column-first\" style=\"--awb-bg-size:cover;width:66.666666666667%;width:calc(66.666666666667% - ( ( 4% ) * 0.66666666666667 ) );margin-right: 4%;\"><div class=\"fusion-column-wrapper fusion-column-has-shadow fusion-flex-column-wrapper-legacy\"><div class=\"fusion-text fusion-text-1\"><p style=\"text-align: justify;\">El Ente Provincial de Energ\u00eda del Neuqu\u00e9n (EPEN) dependiente de la Secretar\u00eda General y Servicios P\u00fablicos, informa que en la localidad de <strong>Villa La Angostura<\/strong> se realizar\u00e1 un corte de energ\u00eda el\u00e9ctrica el d\u00eda <strong>mi\u00e9rcoles 22 de marzo<\/strong>, en el horario de <strong>9 a 13 h<\/strong>, para realizar mantenimiento correctivo.<\/p>\n<p style=\"text-align: justify;\">Sectores afectados:<\/p>\n<ul style=\"text-align: justify;\">\n<li><strong>Barrios Macrolote 2, Zona ex Madesur, Cate-Mu, Los Volcanes, Ruca-Hu\u00e9, Faldeo del Bayo, Caren-Hu\u00e9, zona Curva de Vera, Mud\u00f3n 14, Las Balsas, Los Corralitos, Country Club Cumelen, Los Rododendros, Cerro Bayo, zona R\u00edo Bonito, Altos del Manzano, Pen\u00ednsula de Puerto Manzano, Las Chacras, Loma Guacha, Muelle de Piedra, Aguas Azules y Las Estacas.<\/strong><\/li>\n<\/ul>\n<p style=\"text-align: justify;\">Solicitamos a los usuarios de los sectores afectados tomar los recaudos necesarios a efectos de reducir los inconvenientes que la falta de energ\u00eda pudiese ocasionar.<\/p>\n<\/div><div class=\"fusion-clearfix\"><\/div><\/div><\/div><div class=\"fusion-layout-column fusion_builder_column fusion-builder-column-1 fusion_builder_column_1_3 1_3 fusion-one-third fusion-column-last\" style=\"--awb-bg-size:cover;width:33.333333333333%;width:calc(33.333333333333% - ( ( 4% ) * 0.33333333333333 ) );\"><div class=\"fusion-column-wrapper fusion-column-has-shadow fusion-flex-column-wrapper-legacy\"><div class=\"fusion-widget-area awb-widget-area-element fusion-widget-area-1 fusion-content-widget-area\" style=\"--awb-title-size:20px;--awb-title-color:#333333;--awb-padding:0px 0px 0px 0px;\"><style type=\"text\/css\" data-id=\"tweets-widget-2\">#tweets-widget-2 li { border-color:#eaeaea;}<\/style><section id=\"tweets-widget-2\" class=\"widget tweets\" style=\"border-style: solid;border-color: #eaeaea;border-color:transparent;border-width:0px;\">\t\t\t\t\n\t\t<div style=\"overflow:hidden\">\n\t\t\t\t\t\t\t\t\t\t\t<a class=\"twitter-timeline\" data-dnt=\"true\" href=\"https:\/\/twitter.com\/@EPEN_Informa\" data-width=\"500\" data-height=\"300\" width=\"500\" height=\"300\" data-theme=\"light\" data-link-color=\"##25a9bd\" data-border-color=\"#eaeaea\" data-chrome=\"\">Tweets por @EPEN_Informa<\/a>\n\t\t\t\t\t\t\t\n\t\t\t\t\t\t\t\t\t\t\t<script async src=\"\/\/platform.twitter.com\/widgets.js\" charset=\"utf-8\"><\/script>\n\t\t\t\t\t\t\t\n\t\t<\/div>\n\t\t<\/section>\n\t\t<section id=\"recent-posts-3\" class=\"widget widget_recent_entries\" style=\"border-style: solid;border-color:transparent;border-width:0px;\">\n\t\t<div class=\"heading\"><h4 class=\"widget-title\">Entradas recientes<\/h4><\/div>\n\t\t<ul>\n\t\t\t\t\t\t\t\t\t\t\t<li>\n\t\t\t\t\t<a href=\"https:\/\/www.epen.gov.ar\/index.php\/2026\/04\/29\/corte-programado-en-sectores-de-centenario-el-30-04-2026\/\">Corte Programado en sectores de Centenario el 30\/04\/2026<\/a>\n\t\t\t\t\t\t\t\t\t\t\t<span class=\"post-date\">29\/04\/2026<\/span>\n\t\t\t\t\t\t\t\t\t<\/li>\n\t\t\t\t\t\t\t\t\t\t\t<li>\n\t\t\t\t\t<a href=\"https:\/\/www.epen.gov.ar\/index.php\/2026\/04\/28\/el-epen-impulsa-el-desarrollo-de-varvarco-con-nueva-infraestructura-para-17-lotes\/\">El EPEN impulsa el desarrollo de Varvarco con nueva infraestructura para 17 lotes<\/a>\n\t\t\t\t\t\t\t\t\t\t\t<span class=\"post-date\">28\/04\/2026<\/span>\n\t\t\t\t\t\t\t\t\t<\/li>\n\t\t\t\t\t\t\t\t\t\t\t<li>\n\t\t\t\t\t<a href=\"https:\/\/www.epen.gov.ar\/index.php\/2026\/04\/28\/corte-programado-en-sectores-de-zona-nahueve-el-30-04-2026\/\">Corte Programado en sectores de zona Nahueve el 30\/04\/2026<\/a>\n\t\t\t\t\t\t\t\t\t\t\t<span class=\"post-date\">28\/04\/2026<\/span>\n\t\t\t\t\t\t\t\t\t<\/li>\n\t\t\t\t\t\t\t\t\t\t\t<li>\n\t\t\t\t\t<a href=\"https:\/\/www.epen.gov.ar\/index.php\/2026\/04\/24\/corte-programado-en-sectores-de-san-martin-de-los-andes-el-25-04-2026\/\">Corte Programado en sectores de San Mart\u00edn de los Andes el 25\/04\/2026<\/a>\n\t\t\t\t\t\t\t\t\t\t\t<span class=\"post-date\">24\/04\/2026<\/span>\n\t\t\t\t\t\t\t\t\t<\/li>\n\t\t\t\t\t\t\t\t\t\t\t<li>\n\t\t\t\t\t<a href=\"https:\/\/www.epen.gov.ar\/index.php\/2026\/04\/24\/corte-programado-en-sectores-de-centenario-el-25-04-2026\/\">Corte Programado en sectores de Centenario el 25\/04\/2026<\/a>\n\t\t\t\t\t\t\t\t\t\t\t<span class=\"post-date\">24\/04\/2026<\/span>\n\t\t\t\t\t\t\t\t\t<\/li>\n\t\t\t\t\t<\/ul>\n\n\t\t<\/section><div class=\"fusion-additional-widget-content\"><\/div><\/div><div class=\"fusion-clearfix\"><\/div><\/div><\/div><\/div><\/div>\n","protected":false},"excerpt":{"rendered":"","protected":false},"author":1,"featured_media":0,"comment_status":"closed","ping_status":"closed","sticky":false,"template":"","format":"standard","meta":{"_exactmetrics_skip_tracking":false,"_exactmetrics_sitenote_active":false,"_exactmetrics_sitenote_note":"","_exactmetrics_sitenote_category":0,"footnotes":""},"categories":[263],"tags":[149,273,144],"class_list":["post-97277","post","type-post","status-publish","format-standard","hentry","category-cortes-programados","tag-corte-programado","tag-mantenimiento-correctivo","tag-villa-la-angostura"],"yoast_head":"<!-- This site is optimized with the Yoast SEO plugin v27.2 - https:\/\/yoast.com\/product\/yoast-seo-wordpress\/ -->\n<title>EPEN - Corte programado en Villa La Angostura el 22\/03\/23<\/title>\n<meta name=\"description\" content=\"Corte programado en Villa La Angostura el 22\/03\/23\" \/>\n<meta name=\"robots\" content=\"index, follow, max-snippet:-1, max-image-preview:large, max-video-preview:-1\" \/>\n<link rel=\"canonical\" href=\"https:\/\/www.epen.gov.ar\/index.php\/2023\/03\/17\/corte-programado-en-villa-la-angostura-el-22-03-23\/\" \/>\n<meta property=\"og:locale\" content=\"es_ES\" \/>\n<meta property=\"og:type\" content=\"article\" \/>\n<meta property=\"og:title\" content=\"EPEN - Corte programado en Villa La Angostura el 22\/03\/23\" \/>\n<meta property=\"og:description\" content=\"Corte programado en Villa La Angostura el 22\/03\/23\" \/>\n<meta property=\"og:url\" content=\"https:\/\/www.epen.gov.ar\/index.php\/2023\/03\/17\/corte-programado-en-villa-la-angostura-el-22-03-23\/\" \/>\n<meta property=\"og:site_name\" content=\"EPEN\" \/>\n<meta property=\"article:publisher\" content=\"https:\/\/www.facebook.com\/EPEN.Neuquen\" \/>\n<meta property=\"article:published_time\" content=\"2023-03-17T14:20:44+00:00\" \/>\n<meta property=\"article:modified_time\" content=\"2023-03-17T14:26:33+00:00\" \/>\n<meta property=\"og:image\" content=\"https:\/\/www.epen.gov.ar\/wp-content\/uploads\/2024\/02\/Logo-EPEN.jpg\" \/>\n\t<meta property=\"og:image:width\" content=\"1200\" \/>\n\t<meta property=\"og:image:height\" content=\"675\" \/>\n\t<meta property=\"og:image:type\" content=\"image\/jpeg\" \/>\n<meta name=\"author\" content=\"Prensa EPEN\" \/>\n<meta name=\"twitter:card\" content=\"summary_large_image\" \/>\n<meta name=\"twitter:creator\" content=\"@EPEN_Informa\" \/>\n<meta name=\"twitter:site\" content=\"@EPEN_Informa\" \/>\n<meta name=\"twitter:label1\" content=\"Escrito por\" \/>\n\t<meta name=\"twitter:data1\" content=\"Prensa EPEN\" \/>\n\t<meta name=\"twitter:label2\" content=\"Tiempo de lectura\" \/>\n\t<meta name=\"twitter:data2\" content=\"3 minutos\" \/>\n<script type=\"application\/ld+json\" class=\"yoast-schema-graph\">{\"@context\":\"https:\/\/schema.org\",\"@graph\":[{\"@type\":\"Article\",\"@id\":\"https:\/\/www.epen.gov.ar\/index.php\/2023\/03\/17\/corte-programado-en-villa-la-angostura-el-22-03-23\/#article\",\"isPartOf\":{\"@id\":\"https:\/\/www.epen.gov.ar\/index.php\/2023\/03\/17\/corte-programado-en-villa-la-angostura-el-22-03-23\/\"},\"author\":{\"name\":\"Prensa EPEN\",\"@id\":\"https:\/\/www.epen.gov.ar\/#\/schema\/person\/ce6cff87c2fc01264becc10fa105ad4f\"},\"headline\":\"Corte programado en Villa La Angostura el 22\/03\/23\",\"datePublished\":\"2023-03-17T14:20:44+00:00\",\"dateModified\":\"2023-03-17T14:26:33+00:00\",\"mainEntityOfPage\":{\"@id\":\"https:\/\/www.epen.gov.ar\/index.php\/2023\/03\/17\/corte-programado-en-villa-la-angostura-el-22-03-23\/\"},\"wordCount\":576,\"publisher\":{\"@id\":\"https:\/\/www.epen.gov.ar\/#organization\"},\"keywords\":[\"corte programado\",\"Mantenimiento Correctivo\",\"Villa La Angostura\"],\"articleSection\":[\"Cortes Programados\"],\"inLanguage\":\"es\"},{\"@type\":\"WebPage\",\"@id\":\"https:\/\/www.epen.gov.ar\/index.php\/2023\/03\/17\/corte-programado-en-villa-la-angostura-el-22-03-23\/\",\"url\":\"https:\/\/www.epen.gov.ar\/index.php\/2023\/03\/17\/corte-programado-en-villa-la-angostura-el-22-03-23\/\",\"name\":\"EPEN - Corte programado en Villa La Angostura el 22\/03\/23\",\"isPartOf\":{\"@id\":\"https:\/\/www.epen.gov.ar\/#website\"},\"datePublished\":\"2023-03-17T14:20:44+00:00\",\"dateModified\":\"2023-03-17T14:26:33+00:00\",\"description\":\"Corte programado en Villa La Angostura el 22\/03\/23\",\"breadcrumb\":{\"@id\":\"https:\/\/www.epen.gov.ar\/index.php\/2023\/03\/17\/corte-programado-en-villa-la-angostura-el-22-03-23\/#breadcrumb\"},\"inLanguage\":\"es\",\"potentialAction\":[{\"@type\":\"ReadAction\",\"target\":[\"https:\/\/www.epen.gov.ar\/index.php\/2023\/03\/17\/corte-programado-en-villa-la-angostura-el-22-03-23\/\"]}]},{\"@type\":\"BreadcrumbList\",\"@id\":\"https:\/\/www.epen.gov.ar\/index.php\/2023\/03\/17\/corte-programado-en-villa-la-angostura-el-22-03-23\/#breadcrumb\",\"itemListElement\":[{\"@type\":\"ListItem\",\"position\":1,\"name\":\"Inicio\",\"item\":\"https:\/\/www.epen.gov.ar\/\"},{\"@type\":\"ListItem\",\"position\":2,\"name\":\"Corte programado en Villa La Angostura el 22\/03\/23\"}]},{\"@type\":\"WebSite\",\"@id\":\"https:\/\/www.epen.gov.ar\/#website\",\"url\":\"https:\/\/www.epen.gov.ar\/\",\"name\":\"EPEN\",\"description\":\"Ente Provincial de Energ\u00eda del Neuqu\u00e9n\",\"publisher\":{\"@id\":\"https:\/\/www.epen.gov.ar\/#organization\"},\"potentialAction\":[{\"@type\":\"SearchAction\",\"target\":{\"@type\":\"EntryPoint\",\"urlTemplate\":\"https:\/\/www.epen.gov.ar\/?s={search_term_string}\"},\"query-input\":{\"@type\":\"PropertyValueSpecification\",\"valueRequired\":true,\"valueName\":\"search_term_string\"}}],\"inLanguage\":\"es\"},{\"@type\":\"Organization\",\"@id\":\"https:\/\/www.epen.gov.ar\/#organization\",\"name\":\"Ente Provincial de Energ\u00eda del Neuqu\u00e9n\",\"url\":\"https:\/\/www.epen.gov.ar\/\",\"logo\":{\"@type\":\"ImageObject\",\"inLanguage\":\"es\",\"@id\":\"https:\/\/www.epen.gov.ar\/#\/schema\/logo\/image\/\",\"url\":\"https:\/\/www.epen.gov.ar\/wp-content\/uploads\/2024\/02\/Logo-EPEN-2.jpg\",\"contentUrl\":\"https:\/\/www.epen.gov.ar\/wp-content\/uploads\/2024\/02\/Logo-EPEN-2.jpg\",\"width\":696,\"height\":696,\"caption\":\"Ente Provincial de Energ\u00eda del Neuqu\u00e9n\"},\"image\":{\"@id\":\"https:\/\/www.epen.gov.ar\/#\/schema\/logo\/image\/\"},\"sameAs\":[\"https:\/\/www.facebook.com\/EPEN.Neuquen\",\"https:\/\/x.com\/EPEN_Informa\",\"https:\/\/www.youtube.com\/@epenprensa7384\"]},{\"@type\":\"Person\",\"@id\":\"https:\/\/www.epen.gov.ar\/#\/schema\/person\/ce6cff87c2fc01264becc10fa105ad4f\",\"name\":\"Prensa EPEN\",\"image\":{\"@type\":\"ImageObject\",\"inLanguage\":\"es\",\"@id\":\"https:\/\/secure.gravatar.com\/avatar\/f8120b8688012ccf2d7fbcf7a970cfbabf0ab63b09c2dbd72c194bee080070e9?s=96&d=mm&r=g\",\"url\":\"https:\/\/secure.gravatar.com\/avatar\/f8120b8688012ccf2d7fbcf7a970cfbabf0ab63b09c2dbd72c194bee080070e9?s=96&d=mm&r=g\",\"contentUrl\":\"https:\/\/secure.gravatar.com\/avatar\/f8120b8688012ccf2d7fbcf7a970cfbabf0ab63b09c2dbd72c194bee080070e9?s=96&d=mm&r=g\",\"caption\":\"Prensa EPEN\"},\"url\":\"https:\/\/www.epen.gov.ar\/index.php\/author\/admin\/\"}]}<\/script>\n<!-- \/ Yoast SEO plugin. -->","yoast_head_json":{"title":"EPEN - Corte programado en Villa La Angostura el 22\/03\/23","description":"Corte programado en Villa La Angostura el 22\/03\/23","robots":{"index":"index","follow":"follow","max-snippet":"max-snippet:-1","max-image-preview":"max-image-preview:large","max-video-preview":"max-video-preview:-1"},"canonical":"https:\/\/www.epen.gov.ar\/index.php\/2023\/03\/17\/corte-programado-en-villa-la-angostura-el-22-03-23\/","og_locale":"es_ES","og_type":"article","og_title":"EPEN - Corte programado en Villa La Angostura el 22\/03\/23","og_description":"Corte programado en Villa La Angostura el 22\/03\/23","og_url":"https:\/\/www.epen.gov.ar\/index.php\/2023\/03\/17\/corte-programado-en-villa-la-angostura-el-22-03-23\/","og_site_name":"EPEN","article_publisher":"https:\/\/www.facebook.com\/EPEN.Neuquen","article_published_time":"2023-03-17T14:20:44+00:00","article_modified_time":"2023-03-17T14:26:33+00:00","og_image":[{"width":1200,"height":675,"url":"https:\/\/www.epen.gov.ar\/wp-content\/uploads\/2024\/02\/Logo-EPEN.jpg","type":"image\/jpeg"}],"author":"Prensa EPEN","twitter_card":"summary_large_image","twitter_creator":"@EPEN_Informa","twitter_site":"@EPEN_Informa","twitter_misc":{"Escrito por":"Prensa EPEN","Tiempo de lectura":"3 minutos"},"schema":{"@context":"https:\/\/schema.org","@graph":[{"@type":"Article","@id":"https:\/\/www.epen.gov.ar\/index.php\/2023\/03\/17\/corte-programado-en-villa-la-angostura-el-22-03-23\/#article","isPartOf":{"@id":"https:\/\/www.epen.gov.ar\/index.php\/2023\/03\/17\/corte-programado-en-villa-la-angostura-el-22-03-23\/"},"author":{"name":"Prensa EPEN","@id":"https:\/\/www.epen.gov.ar\/#\/schema\/person\/ce6cff87c2fc01264becc10fa105ad4f"},"headline":"Corte programado en Villa La Angostura el 22\/03\/23","datePublished":"2023-03-17T14:20:44+00:00","dateModified":"2023-03-17T14:26:33+00:00","mainEntityOfPage":{"@id":"https:\/\/www.epen.gov.ar\/index.php\/2023\/03\/17\/corte-programado-en-villa-la-angostura-el-22-03-23\/"},"wordCount":576,"publisher":{"@id":"https:\/\/www.epen.gov.ar\/#organization"},"keywords":["corte programado","Mantenimiento Correctivo","Villa La Angostura"],"articleSection":["Cortes Programados"],"inLanguage":"es"},{"@type":"WebPage","@id":"https:\/\/www.epen.gov.ar\/index.php\/2023\/03\/17\/corte-programado-en-villa-la-angostura-el-22-03-23\/","url":"https:\/\/www.epen.gov.ar\/index.php\/2023\/03\/17\/corte-programado-en-villa-la-angostura-el-22-03-23\/","name":"EPEN - Corte programado en Villa La Angostura el 22\/03\/23","isPartOf":{"@id":"https:\/\/www.epen.gov.ar\/#website"},"datePublished":"2023-03-17T14:20:44+00:00","dateModified":"2023-03-17T14:26:33+00:00","description":"Corte programado en Villa La Angostura el 22\/03\/23","breadcrumb":{"@id":"https:\/\/www.epen.gov.ar\/index.php\/2023\/03\/17\/corte-programado-en-villa-la-angostura-el-22-03-23\/#breadcrumb"},"inLanguage":"es","potentialAction":[{"@type":"ReadAction","target":["https:\/\/www.epen.gov.ar\/index.php\/2023\/03\/17\/corte-programado-en-villa-la-angostura-el-22-03-23\/"]}]},{"@type":"BreadcrumbList","@id":"https:\/\/www.epen.gov.ar\/index.php\/2023\/03\/17\/corte-programado-en-villa-la-angostura-el-22-03-23\/#breadcrumb","itemListElement":[{"@type":"ListItem","position":1,"name":"Inicio","item":"https:\/\/www.epen.gov.ar\/"},{"@type":"ListItem","position":2,"name":"Corte programado en Villa La Angostura el 22\/03\/23"}]},{"@type":"WebSite","@id":"https:\/\/www.epen.gov.ar\/#website","url":"https:\/\/www.epen.gov.ar\/","name":"EPEN","description":"Ente Provincial de Energ\u00eda del Neuqu\u00e9n","publisher":{"@id":"https:\/\/www.epen.gov.ar\/#organization"},"potentialAction":[{"@type":"SearchAction","target":{"@type":"EntryPoint","urlTemplate":"https:\/\/www.epen.gov.ar\/?s={search_term_string}"},"query-input":{"@type":"PropertyValueSpecification","valueRequired":true,"valueName":"search_term_string"}}],"inLanguage":"es"},{"@type":"Organization","@id":"https:\/\/www.epen.gov.ar\/#organization","name":"Ente Provincial de Energ\u00eda del Neuqu\u00e9n","url":"https:\/\/www.epen.gov.ar\/","logo":{"@type":"ImageObject","inLanguage":"es","@id":"https:\/\/www.epen.gov.ar\/#\/schema\/logo\/image\/","url":"https:\/\/www.epen.gov.ar\/wp-content\/uploads\/2024\/02\/Logo-EPEN-2.jpg","contentUrl":"https:\/\/www.epen.gov.ar\/wp-content\/uploads\/2024\/02\/Logo-EPEN-2.jpg","width":696,"height":696,"caption":"Ente Provincial de Energ\u00eda del Neuqu\u00e9n"},"image":{"@id":"https:\/\/www.epen.gov.ar\/#\/schema\/logo\/image\/"},"sameAs":["https:\/\/www.facebook.com\/EPEN.Neuquen","https:\/\/x.com\/EPEN_Informa","https:\/\/www.youtube.com\/@epenprensa7384"]},{"@type":"Person","@id":"https:\/\/www.epen.gov.ar\/#\/schema\/person\/ce6cff87c2fc01264becc10fa105ad4f","name":"Prensa EPEN","image":{"@type":"ImageObject","inLanguage":"es","@id":"https:\/\/secure.gravatar.com\/avatar\/f8120b8688012ccf2d7fbcf7a970cfbabf0ab63b09c2dbd72c194bee080070e9?s=96&d=mm&r=g","url":"https:\/\/secure.gravatar.com\/avatar\/f8120b8688012ccf2d7fbcf7a970cfbabf0ab63b09c2dbd72c194bee080070e9?s=96&d=mm&r=g","contentUrl":"https:\/\/secure.gravatar.com\/avatar\/f8120b8688012ccf2d7fbcf7a970cfbabf0ab63b09c2dbd72c194bee080070e9?s=96&d=mm&r=g","caption":"Prensa EPEN"},"url":"https:\/\/www.epen.gov.ar\/index.php\/author\/admin\/"}]}},"_links":{"self":[{"href":"https:\/\/www.epen.gov.ar\/index.php\/wp-json\/wp\/v2\/posts\/97277","targetHints":{"allow":["GET"]}}],"collection":[{"href":"https:\/\/www.epen.gov.ar\/index.php\/wp-json\/wp\/v2\/posts"}],"about":[{"href":"https:\/\/www.epen.gov.ar\/index.php\/wp-json\/wp\/v2\/types\/post"}],"author":[{"embeddable":true,"href":"https:\/\/www.epen.gov.ar\/index.php\/wp-json\/wp\/v2\/users\/1"}],"replies":[{"embeddable":true,"href":"https:\/\/www.epen.gov.ar\/index.php\/wp-json\/wp\/v2\/comments?post=97277"}],"version-history":[{"count":3,"href":"https:\/\/www.epen.gov.ar\/index.php\/wp-json\/wp\/v2\/posts\/97277\/revisions"}],"predecessor-version":[{"id":97316,"href":"https:\/\/www.epen.gov.ar\/index.php\/wp-json\/wp\/v2\/posts\/97277\/revisions\/97316"}],"wp:attachment":[{"href":"https:\/\/www.epen.gov.ar\/index.php\/wp-json\/wp\/v2\/media?parent=97277"}],"wp:term":[{"taxonomy":"category","embeddable":true,"href":"https:\/\/www.epen.gov.ar\/index.php\/wp-json\/wp\/v2\/categories?post=97277"},{"taxonomy":"post_tag","embeddable":true,"href":"https:\/\/www.epen.gov.ar\/index.php\/wp-json\/wp\/v2\/tags?post=97277"}],"curies":[{"name":"wp","href":"https:\/\/api.w.org\/{rel}","templated":true}]}}