{"id":94646,"date":"2023-02-14T14:19:34","date_gmt":"2023-02-14T17:19:34","guid":{"rendered":"http:\/\/192.168.200.48\/?p=94646"},"modified":"2023-02-14T14:19:34","modified_gmt":"2023-02-14T17:19:34","slug":"inician-las-obras-de-electrificacion-en-parajes-cercanos-a-piedra-del-aguila","status":"publish","type":"post","link":"https:\/\/www.epen.gov.ar\/index.php\/2023\/02\/14\/inician-las-obras-de-electrificacion-en-parajes-cercanos-a-piedra-del-aguila\/","title":{"rendered":"Inician las obras de electrificaci\u00f3n en parajes cercanos a Piedra del \u00c1guila"},"content":{"rendered":"<div class=\"fusion-fullwidth fullwidth-box fusion-builder-row-1 nonhundred-percent-fullwidth non-hundred-percent-height-scrolling\" style=\"--awb-border-radius-top-left:0px;--awb-border-radius-top-right:0px;--awb-border-radius-bottom-right:0px;--awb-border-radius-bottom-left:0px;--awb-flex-wrap:wrap;\" ><div class=\"fusion-builder-row fusion-row\"><div class=\"fusion-layout-column fusion_builder_column fusion-builder-column-0 fusion_builder_column_2_3 2_3 fusion-two-third fusion-column-first\" style=\"--awb-bg-size:cover;width:66.666666666667%;width:calc(66.666666666667% - ( ( 4% ) * 0.66666666666667 ) );margin-right: 4%;\"><div class=\"fusion-column-wrapper fusion-column-has-shadow fusion-flex-column-wrapper-legacy\"><div class=\"fusion-text fusion-text-1\"><p style=\"text-align: justify;\">Se firm\u00f3 este lunes, en el paraje Zaina Yegua, el acta de inicio de las obras de electrificaci\u00f3n rural que conectar\u00e1n a ese paraje, y tambi\u00e9n a pobladores rurales y miembros de la comunidad Ancatruz de Sa\u00f1ic\u00f3 y Piedra Pintada al sistema el\u00e9ctrico provincial.<\/p>\n<p style=\"text-align: justify;\">La obra total consiste en la electrificaci\u00f3n de varios parajes rurales cercanos a Piedra del \u00c1guila y zona de influencia. El objetivo es mejorar la calidad de vida de los pobladores rurales que actualmente poseen suministro de energ\u00eda con paneles solares para que, en un plazo aproximado de 12 meses, se conecten al sistema el\u00e9ctrico provincial.<\/p>\n<p style=\"text-align: justify;\">Un aspecto importante es que se incorpora por medio del tendido el\u00e9ctrico acceso a internet. La inversi\u00f3n total de todo el grupo de obras es del orden de los 8 millones de d\u00f3lares, con el financiamiento del Banco de Desarrollo de Am\u00e9rica Latina (CAF).<\/p>\n<p style=\"text-align: justify;\">En esta etapa de la obra, denominada Lote 1, se ampliar\u00e1 la l\u00ednea troncal a Estancia Yunc\u00f3n, y se electrificar\u00e1 la zona rural de Piedra Pintada, Sa\u00f1ic\u00f3, Zaina Yegua y Paso Yunc\u00f3n, con un total de m\u00e1s de 110 kil\u00f3metros de l\u00edneas de media y baja tensi\u00f3n y 50 subestaciones transformadoras para incorporar al sistema a m\u00e1s de 70 familias, escuelas, puestos sanitarios y un camping.<\/p>\n<p><img decoding=\"async\" class=\"alignnone size-large wp-image-94698\" src=\"https:\/\/www.epen.gov.ar\/wp-content\/uploads\/2023\/02\/Electrificacion-rural-CAF-Zaina-Yegua-Paraje-zona-Piedra-del-Aguila-13-02-2023-2-1280x960.jpeg\" alt=\"\" width=\"1280\" height=\"960\" srcset=\"https:\/\/www.epen.gov.ar\/wp-content\/uploads\/2023\/02\/Electrificacion-rural-CAF-Zaina-Yegua-Paraje-zona-Piedra-del-Aguila-13-02-2023-2-200x150.jpeg 200w, https:\/\/www.epen.gov.ar\/wp-content\/uploads\/2023\/02\/Electrificacion-rural-CAF-Zaina-Yegua-Paraje-zona-Piedra-del-Aguila-13-02-2023-2-300x225.jpeg 300w, https:\/\/www.epen.gov.ar\/wp-content\/uploads\/2023\/02\/Electrificacion-rural-CAF-Zaina-Yegua-Paraje-zona-Piedra-del-Aguila-13-02-2023-2-400x300.jpeg 400w, https:\/\/www.epen.gov.ar\/wp-content\/uploads\/2023\/02\/Electrificacion-rural-CAF-Zaina-Yegua-Paraje-zona-Piedra-del-Aguila-13-02-2023-2-600x450.jpeg 600w, https:\/\/www.epen.gov.ar\/wp-content\/uploads\/2023\/02\/Electrificacion-rural-CAF-Zaina-Yegua-Paraje-zona-Piedra-del-Aguila-13-02-2023-2-768x576.jpeg 768w, https:\/\/www.epen.gov.ar\/wp-content\/uploads\/2023\/02\/Electrificacion-rural-CAF-Zaina-Yegua-Paraje-zona-Piedra-del-Aguila-13-02-2023-2-800x600.jpeg 800w, https:\/\/www.epen.gov.ar\/wp-content\/uploads\/2023\/02\/Electrificacion-rural-CAF-Zaina-Yegua-Paraje-zona-Piedra-del-Aguila-13-02-2023-2-1200x900.jpeg 1200w, https:\/\/www.epen.gov.ar\/wp-content\/uploads\/2023\/02\/Electrificacion-rural-CAF-Zaina-Yegua-Paraje-zona-Piedra-del-Aguila-13-02-2023-2-1280x960.jpeg 1280w, https:\/\/www.epen.gov.ar\/wp-content\/uploads\/2023\/02\/Electrificacion-rural-CAF-Zaina-Yegua-Paraje-zona-Piedra-del-Aguila-13-02-2023-2-1536x1152.jpeg 1536w, https:\/\/www.epen.gov.ar\/wp-content\/uploads\/2023\/02\/Electrificacion-rural-CAF-Zaina-Yegua-Paraje-zona-Piedra-del-Aguila-13-02-2023-2.jpeg 1600w\" sizes=\"(max-width: 1280px) 100vw, 1280px\" \/><\/p>\n<p style=\"text-align: justify;\">Durante la reuni\u00f3n realizada en el lugar se repasaron las principales tareas que se llevar\u00e1n a cabo en el lugar. Junto al lonko de la comunidad, Carlos Ancatruz, y sus allegados, participaron personal t\u00e9cnico del ministerio de Producci\u00f3n e Industria, el gerente de obras y t\u00e9cnicos del Ente Provincial de Energ\u00eda de Neuqu\u00e9n (EPEN), representantes de la empresa contratista e inspectores ambientales y profesionales del \u00e1rea ambiental y de capacitaci\u00f3n.<\/p>\n<p style=\"text-align: justify;\">El monto de inversi\u00f3n es del orden de los 734.122.242 pesos. La llegada de la energ\u00eda el\u00e9ctrica por redes generar\u00e1 un impulso a variados proyectos familiares y emprendimientos relacionados a la cr\u00eda de animales y tur\u00edsticos, entre otros.<\/p>\n<\/div><div class=\"fusion-clearfix\"><\/div><\/div><\/div><div class=\"fusion-layout-column fusion_builder_column fusion-builder-column-1 fusion_builder_column_1_3 1_3 fusion-one-third fusion-column-last\" style=\"--awb-bg-size:cover;width:33.333333333333%;width:calc(33.333333333333% - ( ( 4% ) * 0.33333333333333 ) );\"><div class=\"fusion-column-wrapper fusion-column-has-shadow fusion-flex-column-wrapper-legacy\"><div class=\"fusion-widget-area awb-widget-area-element fusion-widget-area-1 fusion-content-widget-area\" style=\"--awb-title-size:20px;--awb-title-color:#333333;--awb-padding:0px 0px 0px 0px;\"><style type=\"text\/css\" data-id=\"tweets-widget-2\">#tweets-widget-2 li { border-color:#eaeaea;}<\/style><section id=\"tweets-widget-2\" class=\"widget tweets\" style=\"border-style: solid;border-color: #eaeaea;border-color:transparent;border-width:0px;\">\t\t\t\t\n\t\t<div style=\"overflow:hidden\">\n\t\t\t\t\t\t\t\t\t\t\t<a class=\"twitter-timeline\" data-dnt=\"true\" href=\"https:\/\/twitter.com\/@EPEN_Informa\" data-width=\"500\" data-height=\"300\" width=\"500\" height=\"300\" data-theme=\"light\" data-link-color=\"##25a9bd\" data-border-color=\"#eaeaea\" data-chrome=\"\">Tweets por @EPEN_Informa<\/a>\n\t\t\t\t\t\t\t\n\t\t\t\t\t\t\t\t\t\t\t<script async src=\"\/\/platform.twitter.com\/widgets.js\" charset=\"utf-8\"><\/script>\n\t\t\t\t\t\t\t\n\t\t<\/div>\n\t\t<\/section>\n\t\t<section id=\"recent-posts-3\" class=\"widget widget_recent_entries\" style=\"border-style: solid;border-color:transparent;border-width:0px;\">\n\t\t<div class=\"heading\"><h4 class=\"widget-title\">Entradas recientes<\/h4><\/div>\n\t\t<ul>\n\t\t\t\t\t\t\t\t\t\t\t<li>\n\t\t\t\t\t<a href=\"https:\/\/www.epen.gov.ar\/index.php\/2026\/04\/30\/corte-programado-en-sectores-de-rincon-de-los-sauces-el-02-05-2026\/\">Corte Programado en sectores de Rinc\u00f3n de los Sauces el 02\/05\/2026<\/a>\n\t\t\t\t\t\t\t\t\t\t\t<span class=\"post-date\">30\/04\/2026<\/span>\n\t\t\t\t\t\t\t\t\t<\/li>\n\t\t\t\t\t\t\t\t\t\t\t<li>\n\t\t\t\t\t<a href=\"https:\/\/www.epen.gov.ar\/index.php\/2026\/04\/30\/licitacion-publica-n-14-2026-contratacion-de-servicios-de-desarrollo-y-mantenimiento-de-sistemas-informaticos\/\">LICITACI\u00d3N P\u00daBLICA N\u00b0 14\/2026 CONTRATACI\u00d3N DE SERVICIOS DE DESARROLLO Y MANTENIMIENTO DE SISTEMAS INFORM\u00c1TICOS<\/a>\n\t\t\t\t\t\t\t\t\t\t\t<span class=\"post-date\">30\/04\/2026<\/span>\n\t\t\t\t\t\t\t\t\t<\/li>\n\t\t\t\t\t\t\t\t\t\t\t<li>\n\t\t\t\t\t<a href=\"https:\/\/www.epen.gov.ar\/index.php\/2026\/04\/29\/corte-programado-en-sectores-de-centenario-el-30-04-2026\/\">Corte Programado en sectores de Centenario el 30\/04\/2026<\/a>\n\t\t\t\t\t\t\t\t\t\t\t<span class=\"post-date\">29\/04\/2026<\/span>\n\t\t\t\t\t\t\t\t\t<\/li>\n\t\t\t\t\t\t\t\t\t\t\t<li>\n\t\t\t\t\t<a href=\"https:\/\/www.epen.gov.ar\/index.php\/2026\/04\/28\/el-epen-impulsa-el-desarrollo-de-varvarco-con-nueva-infraestructura-para-17-lotes\/\">El EPEN impulsa el desarrollo de Varvarco con nueva infraestructura para 17 lotes<\/a>\n\t\t\t\t\t\t\t\t\t\t\t<span class=\"post-date\">28\/04\/2026<\/span>\n\t\t\t\t\t\t\t\t\t<\/li>\n\t\t\t\t\t\t\t\t\t\t\t<li>\n\t\t\t\t\t<a href=\"https:\/\/www.epen.gov.ar\/index.php\/2026\/04\/28\/corte-programado-en-sectores-de-zona-nahueve-el-30-04-2026\/\">Corte Programado en sectores de zona Nahueve el 30\/04\/2026<\/a>\n\t\t\t\t\t\t\t\t\t\t\t<span class=\"post-date\">28\/04\/2026<\/span>\n\t\t\t\t\t\t\t\t\t<\/li>\n\t\t\t\t\t<\/ul>\n\n\t\t<\/section><div class=\"fusion-additional-widget-content\"><\/div><\/div><div class=\"fusion-clearfix\"><\/div><\/div><\/div><\/div><\/div>\n","protected":false},"excerpt":{"rendered":"","protected":false},"author":1,"featured_media":94697,"comment_status":"closed","ping_status":"closed","sticky":false,"template":"","format":"standard","meta":{"_exactmetrics_skip_tracking":false,"_exactmetrics_sitenote_active":false,"_exactmetrics_sitenote_note":"","_exactmetrics_sitenote_category":0,"footnotes":""},"categories":[84],"tags":[464,463,169,461,462,460],"class_list":["post-94646","post","type-post","status-publish","format-standard","has-post-thumbnail","hentry","category-noticias","tag-caf","tag-paso-yuncon","tag-piedra-del-aguila","tag-piedra-pintada","tag-sanico","tag-zaina-yegua"],"yoast_head":"<!-- This site is optimized with the Yoast SEO plugin v27.2 - https:\/\/yoast.com\/product\/yoast-seo-wordpress\/ -->\n<title>EPEN - Inician las obras de electrificaci\u00f3n en parajes cercanos a Piedra del \u00c1guila<\/title>\n<meta name=\"description\" content=\"Inician las obras de electrificaci\u00f3n en parajes cercanos a Piedra del \u00c1guila\" \/>\n<meta name=\"robots\" content=\"index, follow, max-snippet:-1, max-image-preview:large, max-video-preview:-1\" \/>\n<link rel=\"canonical\" href=\"https:\/\/www.epen.gov.ar\/index.php\/2023\/02\/14\/inician-las-obras-de-electrificacion-en-parajes-cercanos-a-piedra-del-aguila\/\" \/>\n<meta property=\"og:locale\" content=\"es_ES\" \/>\n<meta property=\"og:type\" content=\"article\" \/>\n<meta property=\"og:title\" content=\"EPEN - Inician las obras de electrificaci\u00f3n en parajes cercanos a Piedra del \u00c1guila\" \/>\n<meta property=\"og:description\" content=\"Inician las obras de electrificaci\u00f3n en parajes cercanos a Piedra del \u00c1guila\" \/>\n<meta property=\"og:url\" content=\"https:\/\/www.epen.gov.ar\/index.php\/2023\/02\/14\/inician-las-obras-de-electrificacion-en-parajes-cercanos-a-piedra-del-aguila\/\" \/>\n<meta property=\"og:site_name\" content=\"EPEN\" \/>\n<meta property=\"article:publisher\" content=\"https:\/\/www.facebook.com\/EPEN.Neuquen\" \/>\n<meta property=\"article:published_time\" content=\"2023-02-14T17:19:34+00:00\" \/>\n<meta property=\"og:image\" content=\"https:\/\/www.epen.gov.ar\/wp-content\/uploads\/2023\/02\/Electrificacion-rural-CAF-Zaina-Yegua-Paraje-zona-Piedra-del-Aguila-13-02-2023.jpeg\" \/>\n\t<meta property=\"og:image:width\" content=\"1600\" \/>\n\t<meta property=\"og:image:height\" content=\"1059\" \/>\n\t<meta property=\"og:image:type\" content=\"image\/jpeg\" \/>\n<meta name=\"author\" content=\"Prensa EPEN\" \/>\n<meta name=\"twitter:card\" content=\"summary_large_image\" \/>\n<meta name=\"twitter:creator\" content=\"@EPEN_Informa\" \/>\n<meta name=\"twitter:site\" content=\"@EPEN_Informa\" \/>\n<meta name=\"twitter:label1\" content=\"Escrito por\" \/>\n\t<meta name=\"twitter:data1\" content=\"Prensa EPEN\" \/>\n\t<meta name=\"twitter:label2\" content=\"Tiempo de lectura\" \/>\n\t<meta name=\"twitter:data2\" content=\"4 minutos\" \/>\n<script type=\"application\/ld+json\" class=\"yoast-schema-graph\">{\"@context\":\"https:\/\/schema.org\",\"@graph\":[{\"@type\":\"Article\",\"@id\":\"https:\/\/www.epen.gov.ar\/index.php\/2023\/02\/14\/inician-las-obras-de-electrificacion-en-parajes-cercanos-a-piedra-del-aguila\/#article\",\"isPartOf\":{\"@id\":\"https:\/\/www.epen.gov.ar\/index.php\/2023\/02\/14\/inician-las-obras-de-electrificacion-en-parajes-cercanos-a-piedra-del-aguila\/\"},\"author\":{\"name\":\"Prensa EPEN\",\"@id\":\"https:\/\/www.epen.gov.ar\/#\/schema\/person\/ce6cff87c2fc01264becc10fa105ad4f\"},\"headline\":\"Inician las obras de electrificaci\u00f3n en parajes cercanos a Piedra del \u00c1guila\",\"datePublished\":\"2023-02-14T17:19:34+00:00\",\"mainEntityOfPage\":{\"@id\":\"https:\/\/www.epen.gov.ar\/index.php\/2023\/02\/14\/inician-las-obras-de-electrificacion-en-parajes-cercanos-a-piedra-del-aguila\/\"},\"wordCount\":790,\"publisher\":{\"@id\":\"https:\/\/www.epen.gov.ar\/#organization\"},\"image\":{\"@id\":\"https:\/\/www.epen.gov.ar\/index.php\/2023\/02\/14\/inician-las-obras-de-electrificacion-en-parajes-cercanos-a-piedra-del-aguila\/#primaryimage\"},\"thumbnailUrl\":\"https:\/\/www.epen.gov.ar\/wp-content\/uploads\/2023\/02\/Electrificacion-rural-CAF-Zaina-Yegua-Paraje-zona-Piedra-del-Aguila-13-02-2023.jpeg\",\"keywords\":[\"CAF\",\"Paso Yunc\u00f3n\",\"Piedra del \u00c1guila\",\"Piedra Pintada\",\"Sa\u00f1ic\u00f3\",\"Zaina Yegua\"],\"articleSection\":[\"Noticias\"],\"inLanguage\":\"es\"},{\"@type\":\"WebPage\",\"@id\":\"https:\/\/www.epen.gov.ar\/index.php\/2023\/02\/14\/inician-las-obras-de-electrificacion-en-parajes-cercanos-a-piedra-del-aguila\/\",\"url\":\"https:\/\/www.epen.gov.ar\/index.php\/2023\/02\/14\/inician-las-obras-de-electrificacion-en-parajes-cercanos-a-piedra-del-aguila\/\",\"name\":\"EPEN - Inician las obras de electrificaci\u00f3n en parajes cercanos a Piedra del \u00c1guila\",\"isPartOf\":{\"@id\":\"https:\/\/www.epen.gov.ar\/#website\"},\"primaryImageOfPage\":{\"@id\":\"https:\/\/www.epen.gov.ar\/index.php\/2023\/02\/14\/inician-las-obras-de-electrificacion-en-parajes-cercanos-a-piedra-del-aguila\/#primaryimage\"},\"image\":{\"@id\":\"https:\/\/www.epen.gov.ar\/index.php\/2023\/02\/14\/inician-las-obras-de-electrificacion-en-parajes-cercanos-a-piedra-del-aguila\/#primaryimage\"},\"thumbnailUrl\":\"https:\/\/www.epen.gov.ar\/wp-content\/uploads\/2023\/02\/Electrificacion-rural-CAF-Zaina-Yegua-Paraje-zona-Piedra-del-Aguila-13-02-2023.jpeg\",\"datePublished\":\"2023-02-14T17:19:34+00:00\",\"description\":\"Inician las obras de electrificaci\u00f3n en parajes cercanos a Piedra del \u00c1guila\",\"breadcrumb\":{\"@id\":\"https:\/\/www.epen.gov.ar\/index.php\/2023\/02\/14\/inician-las-obras-de-electrificacion-en-parajes-cercanos-a-piedra-del-aguila\/#breadcrumb\"},\"inLanguage\":\"es\",\"potentialAction\":[{\"@type\":\"ReadAction\",\"target\":[\"https:\/\/www.epen.gov.ar\/index.php\/2023\/02\/14\/inician-las-obras-de-electrificacion-en-parajes-cercanos-a-piedra-del-aguila\/\"]}]},{\"@type\":\"ImageObject\",\"inLanguage\":\"es\",\"@id\":\"https:\/\/www.epen.gov.ar\/index.php\/2023\/02\/14\/inician-las-obras-de-electrificacion-en-parajes-cercanos-a-piedra-del-aguila\/#primaryimage\",\"url\":\"https:\/\/www.epen.gov.ar\/wp-content\/uploads\/2023\/02\/Electrificacion-rural-CAF-Zaina-Yegua-Paraje-zona-Piedra-del-Aguila-13-02-2023.jpeg\",\"contentUrl\":\"https:\/\/www.epen.gov.ar\/wp-content\/uploads\/2023\/02\/Electrificacion-rural-CAF-Zaina-Yegua-Paraje-zona-Piedra-del-Aguila-13-02-2023.jpeg\",\"width\":1600,\"height\":1059},{\"@type\":\"BreadcrumbList\",\"@id\":\"https:\/\/www.epen.gov.ar\/index.php\/2023\/02\/14\/inician-las-obras-de-electrificacion-en-parajes-cercanos-a-piedra-del-aguila\/#breadcrumb\",\"itemListElement\":[{\"@type\":\"ListItem\",\"position\":1,\"name\":\"Inicio\",\"item\":\"https:\/\/www.epen.gov.ar\/\"},{\"@type\":\"ListItem\",\"position\":2,\"name\":\"Inician las obras de electrificaci\u00f3n en parajes cercanos a Piedra del \u00c1guila\"}]},{\"@type\":\"WebSite\",\"@id\":\"https:\/\/www.epen.gov.ar\/#website\",\"url\":\"https:\/\/www.epen.gov.ar\/\",\"name\":\"EPEN\",\"description\":\"Ente Provincial de Energ\u00eda del Neuqu\u00e9n\",\"publisher\":{\"@id\":\"https:\/\/www.epen.gov.ar\/#organization\"},\"potentialAction\":[{\"@type\":\"SearchAction\",\"target\":{\"@type\":\"EntryPoint\",\"urlTemplate\":\"https:\/\/www.epen.gov.ar\/?s={search_term_string}\"},\"query-input\":{\"@type\":\"PropertyValueSpecification\",\"valueRequired\":true,\"valueName\":\"search_term_string\"}}],\"inLanguage\":\"es\"},{\"@type\":\"Organization\",\"@id\":\"https:\/\/www.epen.gov.ar\/#organization\",\"name\":\"Ente Provincial de Energ\u00eda del Neuqu\u00e9n\",\"url\":\"https:\/\/www.epen.gov.ar\/\",\"logo\":{\"@type\":\"ImageObject\",\"inLanguage\":\"es\",\"@id\":\"https:\/\/www.epen.gov.ar\/#\/schema\/logo\/image\/\",\"url\":\"https:\/\/www.epen.gov.ar\/wp-content\/uploads\/2024\/02\/Logo-EPEN-2.jpg\",\"contentUrl\":\"https:\/\/www.epen.gov.ar\/wp-content\/uploads\/2024\/02\/Logo-EPEN-2.jpg\",\"width\":696,\"height\":696,\"caption\":\"Ente Provincial de Energ\u00eda del Neuqu\u00e9n\"},\"image\":{\"@id\":\"https:\/\/www.epen.gov.ar\/#\/schema\/logo\/image\/\"},\"sameAs\":[\"https:\/\/www.facebook.com\/EPEN.Neuquen\",\"https:\/\/x.com\/EPEN_Informa\",\"https:\/\/www.youtube.com\/@epenprensa7384\"]},{\"@type\":\"Person\",\"@id\":\"https:\/\/www.epen.gov.ar\/#\/schema\/person\/ce6cff87c2fc01264becc10fa105ad4f\",\"name\":\"Prensa EPEN\",\"image\":{\"@type\":\"ImageObject\",\"inLanguage\":\"es\",\"@id\":\"https:\/\/secure.gravatar.com\/avatar\/f8120b8688012ccf2d7fbcf7a970cfbabf0ab63b09c2dbd72c194bee080070e9?s=96&d=mm&r=g\",\"url\":\"https:\/\/secure.gravatar.com\/avatar\/f8120b8688012ccf2d7fbcf7a970cfbabf0ab63b09c2dbd72c194bee080070e9?s=96&d=mm&r=g\",\"contentUrl\":\"https:\/\/secure.gravatar.com\/avatar\/f8120b8688012ccf2d7fbcf7a970cfbabf0ab63b09c2dbd72c194bee080070e9?s=96&d=mm&r=g\",\"caption\":\"Prensa EPEN\"},\"url\":\"https:\/\/www.epen.gov.ar\/index.php\/author\/admin\/\"}]}<\/script>\n<!-- \/ Yoast SEO plugin. -->","yoast_head_json":{"title":"EPEN - Inician las obras de electrificaci\u00f3n en parajes cercanos a Piedra del \u00c1guila","description":"Inician las obras de electrificaci\u00f3n en parajes cercanos a Piedra del \u00c1guila","robots":{"index":"index","follow":"follow","max-snippet":"max-snippet:-1","max-image-preview":"max-image-preview:large","max-video-preview":"max-video-preview:-1"},"canonical":"https:\/\/www.epen.gov.ar\/index.php\/2023\/02\/14\/inician-las-obras-de-electrificacion-en-parajes-cercanos-a-piedra-del-aguila\/","og_locale":"es_ES","og_type":"article","og_title":"EPEN - Inician las obras de electrificaci\u00f3n en parajes cercanos a Piedra del \u00c1guila","og_description":"Inician las obras de electrificaci\u00f3n en parajes cercanos a Piedra del \u00c1guila","og_url":"https:\/\/www.epen.gov.ar\/index.php\/2023\/02\/14\/inician-las-obras-de-electrificacion-en-parajes-cercanos-a-piedra-del-aguila\/","og_site_name":"EPEN","article_publisher":"https:\/\/www.facebook.com\/EPEN.Neuquen","article_published_time":"2023-02-14T17:19:34+00:00","og_image":[{"width":1600,"height":1059,"url":"https:\/\/www.epen.gov.ar\/wp-content\/uploads\/2023\/02\/Electrificacion-rural-CAF-Zaina-Yegua-Paraje-zona-Piedra-del-Aguila-13-02-2023.jpeg","type":"image\/jpeg"}],"author":"Prensa EPEN","twitter_card":"summary_large_image","twitter_creator":"@EPEN_Informa","twitter_site":"@EPEN_Informa","twitter_misc":{"Escrito por":"Prensa EPEN","Tiempo de lectura":"4 minutos"},"schema":{"@context":"https:\/\/schema.org","@graph":[{"@type":"Article","@id":"https:\/\/www.epen.gov.ar\/index.php\/2023\/02\/14\/inician-las-obras-de-electrificacion-en-parajes-cercanos-a-piedra-del-aguila\/#article","isPartOf":{"@id":"https:\/\/www.epen.gov.ar\/index.php\/2023\/02\/14\/inician-las-obras-de-electrificacion-en-parajes-cercanos-a-piedra-del-aguila\/"},"author":{"name":"Prensa EPEN","@id":"https:\/\/www.epen.gov.ar\/#\/schema\/person\/ce6cff87c2fc01264becc10fa105ad4f"},"headline":"Inician las obras de electrificaci\u00f3n en parajes cercanos a Piedra del \u00c1guila","datePublished":"2023-02-14T17:19:34+00:00","mainEntityOfPage":{"@id":"https:\/\/www.epen.gov.ar\/index.php\/2023\/02\/14\/inician-las-obras-de-electrificacion-en-parajes-cercanos-a-piedra-del-aguila\/"},"wordCount":790,"publisher":{"@id":"https:\/\/www.epen.gov.ar\/#organization"},"image":{"@id":"https:\/\/www.epen.gov.ar\/index.php\/2023\/02\/14\/inician-las-obras-de-electrificacion-en-parajes-cercanos-a-piedra-del-aguila\/#primaryimage"},"thumbnailUrl":"https:\/\/www.epen.gov.ar\/wp-content\/uploads\/2023\/02\/Electrificacion-rural-CAF-Zaina-Yegua-Paraje-zona-Piedra-del-Aguila-13-02-2023.jpeg","keywords":["CAF","Paso Yunc\u00f3n","Piedra del \u00c1guila","Piedra Pintada","Sa\u00f1ic\u00f3","Zaina Yegua"],"articleSection":["Noticias"],"inLanguage":"es"},{"@type":"WebPage","@id":"https:\/\/www.epen.gov.ar\/index.php\/2023\/02\/14\/inician-las-obras-de-electrificacion-en-parajes-cercanos-a-piedra-del-aguila\/","url":"https:\/\/www.epen.gov.ar\/index.php\/2023\/02\/14\/inician-las-obras-de-electrificacion-en-parajes-cercanos-a-piedra-del-aguila\/","name":"EPEN - Inician las obras de electrificaci\u00f3n en parajes cercanos a Piedra del \u00c1guila","isPartOf":{"@id":"https:\/\/www.epen.gov.ar\/#website"},"primaryImageOfPage":{"@id":"https:\/\/www.epen.gov.ar\/index.php\/2023\/02\/14\/inician-las-obras-de-electrificacion-en-parajes-cercanos-a-piedra-del-aguila\/#primaryimage"},"image":{"@id":"https:\/\/www.epen.gov.ar\/index.php\/2023\/02\/14\/inician-las-obras-de-electrificacion-en-parajes-cercanos-a-piedra-del-aguila\/#primaryimage"},"thumbnailUrl":"https:\/\/www.epen.gov.ar\/wp-content\/uploads\/2023\/02\/Electrificacion-rural-CAF-Zaina-Yegua-Paraje-zona-Piedra-del-Aguila-13-02-2023.jpeg","datePublished":"2023-02-14T17:19:34+00:00","description":"Inician las obras de electrificaci\u00f3n en parajes cercanos a Piedra del \u00c1guila","breadcrumb":{"@id":"https:\/\/www.epen.gov.ar\/index.php\/2023\/02\/14\/inician-las-obras-de-electrificacion-en-parajes-cercanos-a-piedra-del-aguila\/#breadcrumb"},"inLanguage":"es","potentialAction":[{"@type":"ReadAction","target":["https:\/\/www.epen.gov.ar\/index.php\/2023\/02\/14\/inician-las-obras-de-electrificacion-en-parajes-cercanos-a-piedra-del-aguila\/"]}]},{"@type":"ImageObject","inLanguage":"es","@id":"https:\/\/www.epen.gov.ar\/index.php\/2023\/02\/14\/inician-las-obras-de-electrificacion-en-parajes-cercanos-a-piedra-del-aguila\/#primaryimage","url":"https:\/\/www.epen.gov.ar\/wp-content\/uploads\/2023\/02\/Electrificacion-rural-CAF-Zaina-Yegua-Paraje-zona-Piedra-del-Aguila-13-02-2023.jpeg","contentUrl":"https:\/\/www.epen.gov.ar\/wp-content\/uploads\/2023\/02\/Electrificacion-rural-CAF-Zaina-Yegua-Paraje-zona-Piedra-del-Aguila-13-02-2023.jpeg","width":1600,"height":1059},{"@type":"BreadcrumbList","@id":"https:\/\/www.epen.gov.ar\/index.php\/2023\/02\/14\/inician-las-obras-de-electrificacion-en-parajes-cercanos-a-piedra-del-aguila\/#breadcrumb","itemListElement":[{"@type":"ListItem","position":1,"name":"Inicio","item":"https:\/\/www.epen.gov.ar\/"},{"@type":"ListItem","position":2,"name":"Inician las obras de electrificaci\u00f3n en parajes cercanos a Piedra del \u00c1guila"}]},{"@type":"WebSite","@id":"https:\/\/www.epen.gov.ar\/#website","url":"https:\/\/www.epen.gov.ar\/","name":"EPEN","description":"Ente Provincial de Energ\u00eda del Neuqu\u00e9n","publisher":{"@id":"https:\/\/www.epen.gov.ar\/#organization"},"potentialAction":[{"@type":"SearchAction","target":{"@type":"EntryPoint","urlTemplate":"https:\/\/www.epen.gov.ar\/?s={search_term_string}"},"query-input":{"@type":"PropertyValueSpecification","valueRequired":true,"valueName":"search_term_string"}}],"inLanguage":"es"},{"@type":"Organization","@id":"https:\/\/www.epen.gov.ar\/#organization","name":"Ente Provincial de Energ\u00eda del Neuqu\u00e9n","url":"https:\/\/www.epen.gov.ar\/","logo":{"@type":"ImageObject","inLanguage":"es","@id":"https:\/\/www.epen.gov.ar\/#\/schema\/logo\/image\/","url":"https:\/\/www.epen.gov.ar\/wp-content\/uploads\/2024\/02\/Logo-EPEN-2.jpg","contentUrl":"https:\/\/www.epen.gov.ar\/wp-content\/uploads\/2024\/02\/Logo-EPEN-2.jpg","width":696,"height":696,"caption":"Ente Provincial de Energ\u00eda del Neuqu\u00e9n"},"image":{"@id":"https:\/\/www.epen.gov.ar\/#\/schema\/logo\/image\/"},"sameAs":["https:\/\/www.facebook.com\/EPEN.Neuquen","https:\/\/x.com\/EPEN_Informa","https:\/\/www.youtube.com\/@epenprensa7384"]},{"@type":"Person","@id":"https:\/\/www.epen.gov.ar\/#\/schema\/person\/ce6cff87c2fc01264becc10fa105ad4f","name":"Prensa EPEN","image":{"@type":"ImageObject","inLanguage":"es","@id":"https:\/\/secure.gravatar.com\/avatar\/f8120b8688012ccf2d7fbcf7a970cfbabf0ab63b09c2dbd72c194bee080070e9?s=96&d=mm&r=g","url":"https:\/\/secure.gravatar.com\/avatar\/f8120b8688012ccf2d7fbcf7a970cfbabf0ab63b09c2dbd72c194bee080070e9?s=96&d=mm&r=g","contentUrl":"https:\/\/secure.gravatar.com\/avatar\/f8120b8688012ccf2d7fbcf7a970cfbabf0ab63b09c2dbd72c194bee080070e9?s=96&d=mm&r=g","caption":"Prensa EPEN"},"url":"https:\/\/www.epen.gov.ar\/index.php\/author\/admin\/"}]}},"_links":{"self":[{"href":"https:\/\/www.epen.gov.ar\/index.php\/wp-json\/wp\/v2\/posts\/94646","targetHints":{"allow":["GET"]}}],"collection":[{"href":"https:\/\/www.epen.gov.ar\/index.php\/wp-json\/wp\/v2\/posts"}],"about":[{"href":"https:\/\/www.epen.gov.ar\/index.php\/wp-json\/wp\/v2\/types\/post"}],"author":[{"embeddable":true,"href":"https:\/\/www.epen.gov.ar\/index.php\/wp-json\/wp\/v2\/users\/1"}],"replies":[{"embeddable":true,"href":"https:\/\/www.epen.gov.ar\/index.php\/wp-json\/wp\/v2\/comments?post=94646"}],"version-history":[{"count":4,"href":"https:\/\/www.epen.gov.ar\/index.php\/wp-json\/wp\/v2\/posts\/94646\/revisions"}],"predecessor-version":[{"id":108773,"href":"https:\/\/www.epen.gov.ar\/index.php\/wp-json\/wp\/v2\/posts\/94646\/revisions\/108773"}],"wp:featuredmedia":[{"embeddable":true,"href":"https:\/\/www.epen.gov.ar\/index.php\/wp-json\/wp\/v2\/media\/94697"}],"wp:attachment":[{"href":"https:\/\/www.epen.gov.ar\/index.php\/wp-json\/wp\/v2\/media?parent=94646"}],"wp:term":[{"taxonomy":"category","embeddable":true,"href":"https:\/\/www.epen.gov.ar\/index.php\/wp-json\/wp\/v2\/categories?post=94646"},{"taxonomy":"post_tag","embeddable":true,"href":"https:\/\/www.epen.gov.ar\/index.php\/wp-json\/wp\/v2\/tags?post=94646"}],"curies":[{"name":"wp","href":"https:\/\/api.w.org\/{rel}","templated":true}]}}