{"id":93039,"date":"2023-01-19T17:43:28","date_gmt":"2023-01-19T20:43:28","guid":{"rendered":"http:\/\/192.168.200.48\/?p=93039"},"modified":"2023-01-19T17:43:28","modified_gmt":"2023-01-19T20:43:28","slug":"puesto-hernandez-un-punto-clave-del-desarrollo-hidrocarburifero","status":"publish","type":"post","link":"https:\/\/www.epen.gov.ar\/index.php\/2023\/01\/19\/puesto-hernandez-un-punto-clave-del-desarrollo-hidrocarburifero\/","title":{"rendered":"Puesto Hern\u00e1ndez, un punto clave del desarrollo hidrocarbur\u00edfero"},"content":{"rendered":"<div class=\"fusion-fullwidth fullwidth-box fusion-builder-row-1 nonhundred-percent-fullwidth non-hundred-percent-height-scrolling\" style=\"--awb-border-radius-top-left:0px;--awb-border-radius-top-right:0px;--awb-border-radius-bottom-right:0px;--awb-border-radius-bottom-left:0px;--awb-flex-wrap:wrap;\" ><div class=\"fusion-builder-row fusion-row\"><div class=\"fusion-layout-column fusion_builder_column fusion-builder-column-0 fusion_builder_column_2_3 2_3 fusion-two-third fusion-column-first\" style=\"--awb-bg-size:cover;width:66.666666666667%;width:calc(66.666666666667% - ( ( 4% ) * 0.66666666666667 ) );margin-right: 4%;\"><div class=\"fusion-column-wrapper fusion-column-has-shadow fusion-flex-column-wrapper-legacy\"><div class=\"fusion-text fusion-text-1\"><p style=\"text-align: justify;\">El d\u00eda martes en coincidencia con la tormenta que se desarrollaba en la provincia, con lluvias y tormentas el\u00e9ctricas, se produjo una descarga atmosf\u00e9rica sobre instalaciones el\u00e9ctricas en la zona de la Estaci\u00f3n Puesto Hern\u00e1ndez, desde la cual se abastece -adem\u00e1s de toda la zona de la Estaci\u00f3n propiamente dicha- la localidad de Rinc\u00f3n de los Sauces y localidades del norte provincial.<\/p>\n<p style=\"text-align: justify;\">La salida de servicio hizo que gran parte de la zona norte quedara sin el servicio el\u00e9ctrico que suministra el EPEN, como tambi\u00e9n Rinc\u00f3n de los Sauces y los usuarios asociados. Inmediatamente se tomaron acciones para abastecer desde otro punto de la red, y durante la misma jornada se pudo restablecer el suministro a toda la zona afectada.<\/p>\n<p style=\"text-align: justify;\">El gerente general del EPEN, Mario Moya, indic\u00f3 en este sentido que \u201cuna vez restablecido el servicio, nuestros equipos t\u00e9cnicos y operativos comenzaron a trabajar en el lugar a partir del d\u00eda mi\u00e9rcoles, porque no se pudo acceder antes por el anegamiento de los accesos desde Rinc\u00f3n hacia Puesto Hern\u00e1ndez, e iniciaron el an\u00e1lisis de los inconvenientes detectados. Evaluaron los da\u00f1os materiales y hoy se contin\u00faa trabajando para reemplazar el equipamiento afectado\u201d.<\/p>\n<p style=\"text-align: justify;\">En tanto, en el marco de la reuni\u00f3n mantenida entre las autoridades del EPEN y la Secretar\u00eda de Energ\u00eda de la Naci\u00f3n en la ciudad de Buenos Aires, con motivo de la firma de un acuerdo por la deuda con Cammesa, junto al Subsecretario de energ\u00eda el\u00e9ctrica se plante\u00f3 no s\u00f3lo la situaci\u00f3n de la contingencia de Puesto Hern\u00e1ndez sino tambi\u00e9n la creciente demanda que se asocia a toda la zona hidrocarbur\u00edfera ligada principalmente a Vaca Muerta.<\/p>\n<p style=\"text-align: justify;\">En ese planteo, el ing. Moya indic\u00f3 que \u201cse acord\u00f3 continuar trabajando y reunirnos la semana que viene para hablar de un proyecto integral para acompa\u00f1ar todo este desarrollo.\u00a0 A priori hace falta un nuevo nodo de extra alta tensi\u00f3n en 500 kilovoltios para potenciar la zona hidrocarbur\u00edfera, nuevas l\u00edneas, nuevas estaciones. Es un trabajo que tenemos que proyectar con acciones a corto, mediano y largo plazo\u201d.<\/p>\n<p style=\"text-align: justify;\">Los n\u00fameros que arroja a diario la producci\u00f3n de hidrocarburos, van en crecimiento.\u00a0 La electricidad es un servicio necesario para llevarlo adelante. Moya puntualiz\u00f3 que: \u201ca esto se suma todo el proceso que est\u00e1n teniendo todas las productoras en cuanto a la descarbonizaci\u00f3n en la zona petrol\u00edfera; lo que trae aparejado la electrificaci\u00f3n de todos los campos de alguna manera, que es directamente un aumento de la demanda. Por eso decimos que es necesario que vengan nuevas inversiones para poder desarrollar toda la infraestructura el\u00e9ctrica que necesitamos\u00bb.<\/p>\n<\/div><div class=\"fusion-clearfix\"><\/div><\/div><\/div><div class=\"fusion-layout-column fusion_builder_column fusion-builder-column-1 fusion_builder_column_1_3 1_3 fusion-one-third fusion-column-last\" style=\"--awb-bg-size:cover;width:33.333333333333%;width:calc(33.333333333333% - ( ( 4% ) * 0.33333333333333 ) );\"><div class=\"fusion-column-wrapper fusion-column-has-shadow fusion-flex-column-wrapper-legacy\"><div class=\"fusion-widget-area awb-widget-area-element fusion-widget-area-1 fusion-content-widget-area\" style=\"--awb-title-size:20px;--awb-title-color:#333333;--awb-padding:0px 0px 0px 0px;\"><style type=\"text\/css\" data-id=\"tweets-widget-2\">#tweets-widget-2 li { border-color:#eaeaea;}<\/style><section id=\"tweets-widget-2\" class=\"widget tweets\" style=\"border-style: solid;border-color: #eaeaea;border-color:transparent;border-width:0px;\">\t\t\t\t\n\t\t<div style=\"overflow:hidden\">\n\t\t\t\t\t\t\t\t\t\t\t<a class=\"twitter-timeline\" data-dnt=\"true\" href=\"https:\/\/twitter.com\/@EPEN_Informa\" data-width=\"500\" data-height=\"300\" width=\"500\" height=\"300\" data-theme=\"light\" data-link-color=\"##25a9bd\" data-border-color=\"#eaeaea\" data-chrome=\"\">Tweets por @EPEN_Informa<\/a>\n\t\t\t\t\t\t\t\n\t\t\t\t\t\t\t\t\t\t\t<script async src=\"\/\/platform.twitter.com\/widgets.js\" charset=\"utf-8\"><\/script>\n\t\t\t\t\t\t\t\n\t\t<\/div>\n\t\t<\/section>\n\t\t<section id=\"recent-posts-3\" class=\"widget widget_recent_entries\" style=\"border-style: solid;border-color:transparent;border-width:0px;\">\n\t\t<div class=\"heading\"><h4 class=\"widget-title\">Entradas recientes<\/h4><\/div>\n\t\t<ul>\n\t\t\t\t\t\t\t\t\t\t\t<li>\n\t\t\t\t\t<a href=\"https:\/\/www.epen.gov.ar\/index.php\/2026\/04\/29\/corte-programado-en-sectores-de-centenario-el-30-04-2026\/\">Corte Programado en sectores de Centenario el 30\/04\/2026<\/a>\n\t\t\t\t\t\t\t\t\t\t\t<span class=\"post-date\">29\/04\/2026<\/span>\n\t\t\t\t\t\t\t\t\t<\/li>\n\t\t\t\t\t\t\t\t\t\t\t<li>\n\t\t\t\t\t<a href=\"https:\/\/www.epen.gov.ar\/index.php\/2026\/04\/28\/el-epen-impulsa-el-desarrollo-de-varvarco-con-nueva-infraestructura-para-17-lotes\/\">El EPEN impulsa el desarrollo de Varvarco con nueva infraestructura para 17 lotes<\/a>\n\t\t\t\t\t\t\t\t\t\t\t<span class=\"post-date\">28\/04\/2026<\/span>\n\t\t\t\t\t\t\t\t\t<\/li>\n\t\t\t\t\t\t\t\t\t\t\t<li>\n\t\t\t\t\t<a href=\"https:\/\/www.epen.gov.ar\/index.php\/2026\/04\/28\/corte-programado-en-sectores-de-zona-nahueve-el-30-04-2026\/\">Corte Programado en sectores de zona Nahueve el 30\/04\/2026<\/a>\n\t\t\t\t\t\t\t\t\t\t\t<span class=\"post-date\">28\/04\/2026<\/span>\n\t\t\t\t\t\t\t\t\t<\/li>\n\t\t\t\t\t\t\t\t\t\t\t<li>\n\t\t\t\t\t<a href=\"https:\/\/www.epen.gov.ar\/index.php\/2026\/04\/24\/corte-programado-en-sectores-de-san-martin-de-los-andes-el-25-04-2026\/\">Corte Programado en sectores de San Mart\u00edn de los Andes el 25\/04\/2026<\/a>\n\t\t\t\t\t\t\t\t\t\t\t<span class=\"post-date\">24\/04\/2026<\/span>\n\t\t\t\t\t\t\t\t\t<\/li>\n\t\t\t\t\t\t\t\t\t\t\t<li>\n\t\t\t\t\t<a href=\"https:\/\/www.epen.gov.ar\/index.php\/2026\/04\/24\/corte-programado-en-sectores-de-centenario-el-25-04-2026\/\">Corte Programado en sectores de Centenario el 25\/04\/2026<\/a>\n\t\t\t\t\t\t\t\t\t\t\t<span class=\"post-date\">24\/04\/2026<\/span>\n\t\t\t\t\t\t\t\t\t<\/li>\n\t\t\t\t\t<\/ul>\n\n\t\t<\/section><div class=\"fusion-additional-widget-content\"><\/div><\/div><div class=\"fusion-clearfix\"><\/div><\/div><\/div><\/div><\/div>\n","protected":false},"excerpt":{"rendered":"","protected":false},"author":1,"featured_media":93052,"comment_status":"closed","ping_status":"closed","sticky":false,"template":"","format":"standard","meta":{"_exactmetrics_skip_tracking":false,"_exactmetrics_sitenote_active":false,"_exactmetrics_sitenote_note":"","_exactmetrics_sitenote_category":0,"footnotes":""},"categories":[84],"tags":[176,403],"class_list":["post-93039","post","type-post","status-publish","format-standard","has-post-thumbnail","hentry","category-noticias","tag-puesto-hernandez","tag-temporales"],"yoast_head":"<!-- This site is optimized with the Yoast SEO plugin v27.2 - https:\/\/yoast.com\/product\/yoast-seo-wordpress\/ -->\n<title>EPEN - Puesto Hern\u00e1ndez, un punto clave del desarrollo hidrocarbur\u00edfero<\/title>\n<meta name=\"description\" content=\"Puesto Hern\u00e1ndez, un punto clave del desarrollo hidrocarbur\u00edfero\" \/>\n<meta name=\"robots\" content=\"index, follow, max-snippet:-1, max-image-preview:large, max-video-preview:-1\" \/>\n<link rel=\"canonical\" href=\"https:\/\/www.epen.gov.ar\/index.php\/2023\/01\/19\/puesto-hernandez-un-punto-clave-del-desarrollo-hidrocarburifero\/\" \/>\n<meta property=\"og:locale\" content=\"es_ES\" \/>\n<meta property=\"og:type\" content=\"article\" \/>\n<meta property=\"og:title\" content=\"EPEN - Puesto Hern\u00e1ndez, un punto clave del desarrollo hidrocarbur\u00edfero\" \/>\n<meta property=\"og:description\" content=\"Puesto Hern\u00e1ndez, un punto clave del desarrollo hidrocarbur\u00edfero\" \/>\n<meta property=\"og:url\" content=\"https:\/\/www.epen.gov.ar\/index.php\/2023\/01\/19\/puesto-hernandez-un-punto-clave-del-desarrollo-hidrocarburifero\/\" \/>\n<meta property=\"og:site_name\" content=\"EPEN\" \/>\n<meta property=\"article:publisher\" content=\"https:\/\/www.facebook.com\/EPEN.Neuquen\" \/>\n<meta property=\"article:published_time\" content=\"2023-01-19T20:43:28+00:00\" \/>\n<meta property=\"og:image\" content=\"https:\/\/www.epen.gov.ar\/wp-content\/uploads\/2023\/01\/19-01-2023-Reparaciones-Puesto-Hernandez.jpeg\" \/>\n\t<meta property=\"og:image:width\" content=\"1280\" \/>\n\t<meta property=\"og:image:height\" content=\"720\" \/>\n\t<meta property=\"og:image:type\" content=\"image\/jpeg\" \/>\n<meta name=\"author\" content=\"Prensa EPEN\" \/>\n<meta name=\"twitter:card\" content=\"summary_large_image\" \/>\n<meta name=\"twitter:creator\" content=\"@EPEN_Informa\" \/>\n<meta name=\"twitter:site\" content=\"@EPEN_Informa\" \/>\n<meta name=\"twitter:label1\" content=\"Escrito por\" \/>\n\t<meta name=\"twitter:data1\" content=\"Prensa EPEN\" \/>\n\t<meta name=\"twitter:label2\" content=\"Tiempo de lectura\" \/>\n\t<meta name=\"twitter:data2\" content=\"4 minutos\" \/>\n<script type=\"application\/ld+json\" class=\"yoast-schema-graph\">{\"@context\":\"https:\/\/schema.org\",\"@graph\":[{\"@type\":\"Article\",\"@id\":\"https:\/\/www.epen.gov.ar\/index.php\/2023\/01\/19\/puesto-hernandez-un-punto-clave-del-desarrollo-hidrocarburifero\/#article\",\"isPartOf\":{\"@id\":\"https:\/\/www.epen.gov.ar\/index.php\/2023\/01\/19\/puesto-hernandez-un-punto-clave-del-desarrollo-hidrocarburifero\/\"},\"author\":{\"name\":\"Prensa EPEN\",\"@id\":\"https:\/\/www.epen.gov.ar\/#\/schema\/person\/ce6cff87c2fc01264becc10fa105ad4f\"},\"headline\":\"Puesto Hern\u00e1ndez, un punto clave del desarrollo hidrocarbur\u00edfero\",\"datePublished\":\"2023-01-19T20:43:28+00:00\",\"mainEntityOfPage\":{\"@id\":\"https:\/\/www.epen.gov.ar\/index.php\/2023\/01\/19\/puesto-hernandez-un-punto-clave-del-desarrollo-hidrocarburifero\/\"},\"wordCount\":902,\"publisher\":{\"@id\":\"https:\/\/www.epen.gov.ar\/#organization\"},\"image\":{\"@id\":\"https:\/\/www.epen.gov.ar\/index.php\/2023\/01\/19\/puesto-hernandez-un-punto-clave-del-desarrollo-hidrocarburifero\/#primaryimage\"},\"thumbnailUrl\":\"https:\/\/www.epen.gov.ar\/wp-content\/uploads\/2023\/01\/19-01-2023-Reparaciones-Puesto-Hernandez.jpeg\",\"keywords\":[\"Puesto Hernandez\",\"Temporales\"],\"articleSection\":[\"Noticias\"],\"inLanguage\":\"es\"},{\"@type\":\"WebPage\",\"@id\":\"https:\/\/www.epen.gov.ar\/index.php\/2023\/01\/19\/puesto-hernandez-un-punto-clave-del-desarrollo-hidrocarburifero\/\",\"url\":\"https:\/\/www.epen.gov.ar\/index.php\/2023\/01\/19\/puesto-hernandez-un-punto-clave-del-desarrollo-hidrocarburifero\/\",\"name\":\"EPEN - Puesto Hern\u00e1ndez, un punto clave del desarrollo hidrocarbur\u00edfero\",\"isPartOf\":{\"@id\":\"https:\/\/www.epen.gov.ar\/#website\"},\"primaryImageOfPage\":{\"@id\":\"https:\/\/www.epen.gov.ar\/index.php\/2023\/01\/19\/puesto-hernandez-un-punto-clave-del-desarrollo-hidrocarburifero\/#primaryimage\"},\"image\":{\"@id\":\"https:\/\/www.epen.gov.ar\/index.php\/2023\/01\/19\/puesto-hernandez-un-punto-clave-del-desarrollo-hidrocarburifero\/#primaryimage\"},\"thumbnailUrl\":\"https:\/\/www.epen.gov.ar\/wp-content\/uploads\/2023\/01\/19-01-2023-Reparaciones-Puesto-Hernandez.jpeg\",\"datePublished\":\"2023-01-19T20:43:28+00:00\",\"description\":\"Puesto Hern\u00e1ndez, un punto clave del desarrollo hidrocarbur\u00edfero\",\"breadcrumb\":{\"@id\":\"https:\/\/www.epen.gov.ar\/index.php\/2023\/01\/19\/puesto-hernandez-un-punto-clave-del-desarrollo-hidrocarburifero\/#breadcrumb\"},\"inLanguage\":\"es\",\"potentialAction\":[{\"@type\":\"ReadAction\",\"target\":[\"https:\/\/www.epen.gov.ar\/index.php\/2023\/01\/19\/puesto-hernandez-un-punto-clave-del-desarrollo-hidrocarburifero\/\"]}]},{\"@type\":\"ImageObject\",\"inLanguage\":\"es\",\"@id\":\"https:\/\/www.epen.gov.ar\/index.php\/2023\/01\/19\/puesto-hernandez-un-punto-clave-del-desarrollo-hidrocarburifero\/#primaryimage\",\"url\":\"https:\/\/www.epen.gov.ar\/wp-content\/uploads\/2023\/01\/19-01-2023-Reparaciones-Puesto-Hernandez.jpeg\",\"contentUrl\":\"https:\/\/www.epen.gov.ar\/wp-content\/uploads\/2023\/01\/19-01-2023-Reparaciones-Puesto-Hernandez.jpeg\",\"width\":1280,\"height\":720},{\"@type\":\"BreadcrumbList\",\"@id\":\"https:\/\/www.epen.gov.ar\/index.php\/2023\/01\/19\/puesto-hernandez-un-punto-clave-del-desarrollo-hidrocarburifero\/#breadcrumb\",\"itemListElement\":[{\"@type\":\"ListItem\",\"position\":1,\"name\":\"Inicio\",\"item\":\"https:\/\/www.epen.gov.ar\/\"},{\"@type\":\"ListItem\",\"position\":2,\"name\":\"Puesto Hern\u00e1ndez, un punto clave del desarrollo hidrocarbur\u00edfero\"}]},{\"@type\":\"WebSite\",\"@id\":\"https:\/\/www.epen.gov.ar\/#website\",\"url\":\"https:\/\/www.epen.gov.ar\/\",\"name\":\"EPEN\",\"description\":\"Ente Provincial de Energ\u00eda del Neuqu\u00e9n\",\"publisher\":{\"@id\":\"https:\/\/www.epen.gov.ar\/#organization\"},\"potentialAction\":[{\"@type\":\"SearchAction\",\"target\":{\"@type\":\"EntryPoint\",\"urlTemplate\":\"https:\/\/www.epen.gov.ar\/?s={search_term_string}\"},\"query-input\":{\"@type\":\"PropertyValueSpecification\",\"valueRequired\":true,\"valueName\":\"search_term_string\"}}],\"inLanguage\":\"es\"},{\"@type\":\"Organization\",\"@id\":\"https:\/\/www.epen.gov.ar\/#organization\",\"name\":\"Ente Provincial de Energ\u00eda del Neuqu\u00e9n\",\"url\":\"https:\/\/www.epen.gov.ar\/\",\"logo\":{\"@type\":\"ImageObject\",\"inLanguage\":\"es\",\"@id\":\"https:\/\/www.epen.gov.ar\/#\/schema\/logo\/image\/\",\"url\":\"https:\/\/www.epen.gov.ar\/wp-content\/uploads\/2024\/02\/Logo-EPEN-2.jpg\",\"contentUrl\":\"https:\/\/www.epen.gov.ar\/wp-content\/uploads\/2024\/02\/Logo-EPEN-2.jpg\",\"width\":696,\"height\":696,\"caption\":\"Ente Provincial de Energ\u00eda del Neuqu\u00e9n\"},\"image\":{\"@id\":\"https:\/\/www.epen.gov.ar\/#\/schema\/logo\/image\/\"},\"sameAs\":[\"https:\/\/www.facebook.com\/EPEN.Neuquen\",\"https:\/\/x.com\/EPEN_Informa\",\"https:\/\/www.youtube.com\/@epenprensa7384\"]},{\"@type\":\"Person\",\"@id\":\"https:\/\/www.epen.gov.ar\/#\/schema\/person\/ce6cff87c2fc01264becc10fa105ad4f\",\"name\":\"Prensa EPEN\",\"image\":{\"@type\":\"ImageObject\",\"inLanguage\":\"es\",\"@id\":\"https:\/\/secure.gravatar.com\/avatar\/f8120b8688012ccf2d7fbcf7a970cfbabf0ab63b09c2dbd72c194bee080070e9?s=96&d=mm&r=g\",\"url\":\"https:\/\/secure.gravatar.com\/avatar\/f8120b8688012ccf2d7fbcf7a970cfbabf0ab63b09c2dbd72c194bee080070e9?s=96&d=mm&r=g\",\"contentUrl\":\"https:\/\/secure.gravatar.com\/avatar\/f8120b8688012ccf2d7fbcf7a970cfbabf0ab63b09c2dbd72c194bee080070e9?s=96&d=mm&r=g\",\"caption\":\"Prensa EPEN\"},\"url\":\"https:\/\/www.epen.gov.ar\/index.php\/author\/admin\/\"}]}<\/script>\n<!-- \/ Yoast SEO plugin. -->","yoast_head_json":{"title":"EPEN - Puesto Hern\u00e1ndez, un punto clave del desarrollo hidrocarbur\u00edfero","description":"Puesto Hern\u00e1ndez, un punto clave del desarrollo hidrocarbur\u00edfero","robots":{"index":"index","follow":"follow","max-snippet":"max-snippet:-1","max-image-preview":"max-image-preview:large","max-video-preview":"max-video-preview:-1"},"canonical":"https:\/\/www.epen.gov.ar\/index.php\/2023\/01\/19\/puesto-hernandez-un-punto-clave-del-desarrollo-hidrocarburifero\/","og_locale":"es_ES","og_type":"article","og_title":"EPEN - Puesto Hern\u00e1ndez, un punto clave del desarrollo hidrocarbur\u00edfero","og_description":"Puesto Hern\u00e1ndez, un punto clave del desarrollo hidrocarbur\u00edfero","og_url":"https:\/\/www.epen.gov.ar\/index.php\/2023\/01\/19\/puesto-hernandez-un-punto-clave-del-desarrollo-hidrocarburifero\/","og_site_name":"EPEN","article_publisher":"https:\/\/www.facebook.com\/EPEN.Neuquen","article_published_time":"2023-01-19T20:43:28+00:00","og_image":[{"width":1280,"height":720,"url":"https:\/\/www.epen.gov.ar\/wp-content\/uploads\/2023\/01\/19-01-2023-Reparaciones-Puesto-Hernandez.jpeg","type":"image\/jpeg"}],"author":"Prensa EPEN","twitter_card":"summary_large_image","twitter_creator":"@EPEN_Informa","twitter_site":"@EPEN_Informa","twitter_misc":{"Escrito por":"Prensa EPEN","Tiempo de lectura":"4 minutos"},"schema":{"@context":"https:\/\/schema.org","@graph":[{"@type":"Article","@id":"https:\/\/www.epen.gov.ar\/index.php\/2023\/01\/19\/puesto-hernandez-un-punto-clave-del-desarrollo-hidrocarburifero\/#article","isPartOf":{"@id":"https:\/\/www.epen.gov.ar\/index.php\/2023\/01\/19\/puesto-hernandez-un-punto-clave-del-desarrollo-hidrocarburifero\/"},"author":{"name":"Prensa EPEN","@id":"https:\/\/www.epen.gov.ar\/#\/schema\/person\/ce6cff87c2fc01264becc10fa105ad4f"},"headline":"Puesto Hern\u00e1ndez, un punto clave del desarrollo hidrocarbur\u00edfero","datePublished":"2023-01-19T20:43:28+00:00","mainEntityOfPage":{"@id":"https:\/\/www.epen.gov.ar\/index.php\/2023\/01\/19\/puesto-hernandez-un-punto-clave-del-desarrollo-hidrocarburifero\/"},"wordCount":902,"publisher":{"@id":"https:\/\/www.epen.gov.ar\/#organization"},"image":{"@id":"https:\/\/www.epen.gov.ar\/index.php\/2023\/01\/19\/puesto-hernandez-un-punto-clave-del-desarrollo-hidrocarburifero\/#primaryimage"},"thumbnailUrl":"https:\/\/www.epen.gov.ar\/wp-content\/uploads\/2023\/01\/19-01-2023-Reparaciones-Puesto-Hernandez.jpeg","keywords":["Puesto Hernandez","Temporales"],"articleSection":["Noticias"],"inLanguage":"es"},{"@type":"WebPage","@id":"https:\/\/www.epen.gov.ar\/index.php\/2023\/01\/19\/puesto-hernandez-un-punto-clave-del-desarrollo-hidrocarburifero\/","url":"https:\/\/www.epen.gov.ar\/index.php\/2023\/01\/19\/puesto-hernandez-un-punto-clave-del-desarrollo-hidrocarburifero\/","name":"EPEN - Puesto Hern\u00e1ndez, un punto clave del desarrollo hidrocarbur\u00edfero","isPartOf":{"@id":"https:\/\/www.epen.gov.ar\/#website"},"primaryImageOfPage":{"@id":"https:\/\/www.epen.gov.ar\/index.php\/2023\/01\/19\/puesto-hernandez-un-punto-clave-del-desarrollo-hidrocarburifero\/#primaryimage"},"image":{"@id":"https:\/\/www.epen.gov.ar\/index.php\/2023\/01\/19\/puesto-hernandez-un-punto-clave-del-desarrollo-hidrocarburifero\/#primaryimage"},"thumbnailUrl":"https:\/\/www.epen.gov.ar\/wp-content\/uploads\/2023\/01\/19-01-2023-Reparaciones-Puesto-Hernandez.jpeg","datePublished":"2023-01-19T20:43:28+00:00","description":"Puesto Hern\u00e1ndez, un punto clave del desarrollo hidrocarbur\u00edfero","breadcrumb":{"@id":"https:\/\/www.epen.gov.ar\/index.php\/2023\/01\/19\/puesto-hernandez-un-punto-clave-del-desarrollo-hidrocarburifero\/#breadcrumb"},"inLanguage":"es","potentialAction":[{"@type":"ReadAction","target":["https:\/\/www.epen.gov.ar\/index.php\/2023\/01\/19\/puesto-hernandez-un-punto-clave-del-desarrollo-hidrocarburifero\/"]}]},{"@type":"ImageObject","inLanguage":"es","@id":"https:\/\/www.epen.gov.ar\/index.php\/2023\/01\/19\/puesto-hernandez-un-punto-clave-del-desarrollo-hidrocarburifero\/#primaryimage","url":"https:\/\/www.epen.gov.ar\/wp-content\/uploads\/2023\/01\/19-01-2023-Reparaciones-Puesto-Hernandez.jpeg","contentUrl":"https:\/\/www.epen.gov.ar\/wp-content\/uploads\/2023\/01\/19-01-2023-Reparaciones-Puesto-Hernandez.jpeg","width":1280,"height":720},{"@type":"BreadcrumbList","@id":"https:\/\/www.epen.gov.ar\/index.php\/2023\/01\/19\/puesto-hernandez-un-punto-clave-del-desarrollo-hidrocarburifero\/#breadcrumb","itemListElement":[{"@type":"ListItem","position":1,"name":"Inicio","item":"https:\/\/www.epen.gov.ar\/"},{"@type":"ListItem","position":2,"name":"Puesto Hern\u00e1ndez, un punto clave del desarrollo hidrocarbur\u00edfero"}]},{"@type":"WebSite","@id":"https:\/\/www.epen.gov.ar\/#website","url":"https:\/\/www.epen.gov.ar\/","name":"EPEN","description":"Ente Provincial de Energ\u00eda del Neuqu\u00e9n","publisher":{"@id":"https:\/\/www.epen.gov.ar\/#organization"},"potentialAction":[{"@type":"SearchAction","target":{"@type":"EntryPoint","urlTemplate":"https:\/\/www.epen.gov.ar\/?s={search_term_string}"},"query-input":{"@type":"PropertyValueSpecification","valueRequired":true,"valueName":"search_term_string"}}],"inLanguage":"es"},{"@type":"Organization","@id":"https:\/\/www.epen.gov.ar\/#organization","name":"Ente Provincial de Energ\u00eda del Neuqu\u00e9n","url":"https:\/\/www.epen.gov.ar\/","logo":{"@type":"ImageObject","inLanguage":"es","@id":"https:\/\/www.epen.gov.ar\/#\/schema\/logo\/image\/","url":"https:\/\/www.epen.gov.ar\/wp-content\/uploads\/2024\/02\/Logo-EPEN-2.jpg","contentUrl":"https:\/\/www.epen.gov.ar\/wp-content\/uploads\/2024\/02\/Logo-EPEN-2.jpg","width":696,"height":696,"caption":"Ente Provincial de Energ\u00eda del Neuqu\u00e9n"},"image":{"@id":"https:\/\/www.epen.gov.ar\/#\/schema\/logo\/image\/"},"sameAs":["https:\/\/www.facebook.com\/EPEN.Neuquen","https:\/\/x.com\/EPEN_Informa","https:\/\/www.youtube.com\/@epenprensa7384"]},{"@type":"Person","@id":"https:\/\/www.epen.gov.ar\/#\/schema\/person\/ce6cff87c2fc01264becc10fa105ad4f","name":"Prensa EPEN","image":{"@type":"ImageObject","inLanguage":"es","@id":"https:\/\/secure.gravatar.com\/avatar\/f8120b8688012ccf2d7fbcf7a970cfbabf0ab63b09c2dbd72c194bee080070e9?s=96&d=mm&r=g","url":"https:\/\/secure.gravatar.com\/avatar\/f8120b8688012ccf2d7fbcf7a970cfbabf0ab63b09c2dbd72c194bee080070e9?s=96&d=mm&r=g","contentUrl":"https:\/\/secure.gravatar.com\/avatar\/f8120b8688012ccf2d7fbcf7a970cfbabf0ab63b09c2dbd72c194bee080070e9?s=96&d=mm&r=g","caption":"Prensa EPEN"},"url":"https:\/\/www.epen.gov.ar\/index.php\/author\/admin\/"}]}},"_links":{"self":[{"href":"https:\/\/www.epen.gov.ar\/index.php\/wp-json\/wp\/v2\/posts\/93039","targetHints":{"allow":["GET"]}}],"collection":[{"href":"https:\/\/www.epen.gov.ar\/index.php\/wp-json\/wp\/v2\/posts"}],"about":[{"href":"https:\/\/www.epen.gov.ar\/index.php\/wp-json\/wp\/v2\/types\/post"}],"author":[{"embeddable":true,"href":"https:\/\/www.epen.gov.ar\/index.php\/wp-json\/wp\/v2\/users\/1"}],"replies":[{"embeddable":true,"href":"https:\/\/www.epen.gov.ar\/index.php\/wp-json\/wp\/v2\/comments?post=93039"}],"version-history":[{"count":2,"href":"https:\/\/www.epen.gov.ar\/index.php\/wp-json\/wp\/v2\/posts\/93039\/revisions"}],"predecessor-version":[{"id":93066,"href":"https:\/\/www.epen.gov.ar\/index.php\/wp-json\/wp\/v2\/posts\/93039\/revisions\/93066"}],"wp:featuredmedia":[{"embeddable":true,"href":"https:\/\/www.epen.gov.ar\/index.php\/wp-json\/wp\/v2\/media\/93052"}],"wp:attachment":[{"href":"https:\/\/www.epen.gov.ar\/index.php\/wp-json\/wp\/v2\/media?parent=93039"}],"wp:term":[{"taxonomy":"category","embeddable":true,"href":"https:\/\/www.epen.gov.ar\/index.php\/wp-json\/wp\/v2\/categories?post=93039"},{"taxonomy":"post_tag","embeddable":true,"href":"https:\/\/www.epen.gov.ar\/index.php\/wp-json\/wp\/v2\/tags?post=93039"}],"curies":[{"name":"wp","href":"https:\/\/api.w.org\/{rel}","templated":true}]}}