{"id":92785,"date":"2023-01-18T19:41:50","date_gmt":"2023-01-18T22:41:50","guid":{"rendered":"http:\/\/192.168.200.48\/?p=92785"},"modified":"2023-01-19T11:09:59","modified_gmt":"2023-01-19T14:09:59","slug":"el-epen-llego-a-un-acuerdo-para-regularizar-su-deuda-con-cammesa","status":"publish","type":"post","link":"https:\/\/www.epen.gov.ar\/index.php\/2023\/01\/18\/el-epen-llego-a-un-acuerdo-para-regularizar-su-deuda-con-cammesa\/","title":{"rendered":"El EPEN lleg\u00f3 a un acuerdo para regularizar su deuda con Cammesa"},"content":{"rendered":"<div class=\"fusion-fullwidth fullwidth-box fusion-builder-row-1 nonhundred-percent-fullwidth non-hundred-percent-height-scrolling\" style=\"--awb-border-radius-top-left:0px;--awb-border-radius-top-right:0px;--awb-border-radius-bottom-right:0px;--awb-border-radius-bottom-left:0px;--awb-flex-wrap:wrap;\" ><div class=\"fusion-builder-row fusion-row\"><div class=\"fusion-layout-column fusion_builder_column fusion-builder-column-0 fusion_builder_column_2_3 2_3 fusion-two-third fusion-column-first\" style=\"--awb-bg-size:cover;width:66.666666666667%;width:calc(66.666666666667% - ( ( 4% ) * 0.66666666666667 ) );margin-right: 4%;\"><div class=\"fusion-column-wrapper fusion-column-has-shadow fusion-flex-column-wrapper-legacy\"><div class=\"fusion-text fusion-text-1\"><p style=\"text-align: justify;\"><em>Habr\u00e1 una quita del 30 por ciento y un plan de pagos a ocho a\u00f1os con una tasa subsidiada. <\/em><\/p>\n<p style=\"text-align: justify;\">El Ente Provincial de Energ\u00eda del Neuqu\u00e9n (EPEN) acord\u00f3 la regularizaci\u00f3n de su deuda con Cammesa. El acta acuerdo se firm\u00f3 hoy en Buenos Aires entre la secretaria de Energ\u00eda de la Naci\u00f3n, Flavia Roy\u00f3n; el secretario General y Servicios P\u00fablicos de la provincia, Leonel Dacharry; y el presidente del Ente, Francisco Zambon.<\/p>\n<p><img decoding=\"async\" class=\"alignnone size-large wp-image-92808\" src=\"https:\/\/www.epen.gov.ar\/wp-content\/uploads\/2023\/01\/18-01-2023-Reunion-directorio-Flavia-Royon-1-1280x914.jpeg\" alt=\"\" width=\"1280\" height=\"914\" srcset=\"https:\/\/www.epen.gov.ar\/wp-content\/uploads\/2023\/01\/18-01-2023-Reunion-directorio-Flavia-Royon-1-200x143.jpeg 200w, https:\/\/www.epen.gov.ar\/wp-content\/uploads\/2023\/01\/18-01-2023-Reunion-directorio-Flavia-Royon-1-300x214.jpeg 300w, https:\/\/www.epen.gov.ar\/wp-content\/uploads\/2023\/01\/18-01-2023-Reunion-directorio-Flavia-Royon-1-400x286.jpeg 400w, https:\/\/www.epen.gov.ar\/wp-content\/uploads\/2023\/01\/18-01-2023-Reunion-directorio-Flavia-Royon-1-600x429.jpeg 600w, https:\/\/www.epen.gov.ar\/wp-content\/uploads\/2023\/01\/18-01-2023-Reunion-directorio-Flavia-Royon-1-768x549.jpeg 768w, https:\/\/www.epen.gov.ar\/wp-content\/uploads\/2023\/01\/18-01-2023-Reunion-directorio-Flavia-Royon-1-800x571.jpeg 800w, https:\/\/www.epen.gov.ar\/wp-content\/uploads\/2023\/01\/18-01-2023-Reunion-directorio-Flavia-Royon-1-1200x857.jpeg 1200w, https:\/\/www.epen.gov.ar\/wp-content\/uploads\/2023\/01\/18-01-2023-Reunion-directorio-Flavia-Royon-1-1280x914.jpeg 1280w, https:\/\/www.epen.gov.ar\/wp-content\/uploads\/2023\/01\/18-01-2023-Reunion-directorio-Flavia-Royon-1.jpeg 1400w\" sizes=\"(max-width: 1280px) 100vw, 1280px\" \/><\/p>\n<p style=\"text-align: justify;\">Este Acuerdo establece las condiciones con las cuales se realizar\u00e1 el convenio con Cammesa, que consiste en una quita del orden del 30 % de la deuda, un plan de pagos a 96 meses con tasa del 50% y 6 meses de gracia.<\/p>\n<p style=\"text-align: justify;\">\u201cHist\u00f3ricamente el EPEN ha mantenido una conducta de pago regular con el Mercado El\u00e9ctrico, esta deuda se gener\u00f3 b\u00e1sicamente por los efectos del periodo de pandemia por COVID, donde, como le sucedi\u00f3 a todas las distribuidoras del pa\u00eds, se vio afectada la demanda de energ\u00eda y la cadena de pagos, con tarifas congeladas y suspensi\u00f3n de cortes por falta de pago que estableci\u00f3 el Gobierno nacional\u201d, manifest\u00f3 Zambon.<\/p>\n<p style=\"text-align: justify;\">Agreg\u00f3 que \u201cuna vez superadas esas condiciones, el EPEN mantiene desde mediados de 2021 sus pagos de manera regular por la compra de energ\u00eda\u201d.<\/p>\n<p style=\"text-align: justify;\">El acuerdo firmado hoy permitir\u00e1 sanear la deuda pendiente y ayudar a regularizar la cadena de pagos del conjunto de Distribuidoras del Mercado Mayorista con Cammesa.<\/p>\n<\/div><div class=\"fusion-clearfix\"><\/div><\/div><\/div><div class=\"fusion-layout-column fusion_builder_column fusion-builder-column-1 fusion_builder_column_1_3 1_3 fusion-one-third fusion-column-last\" style=\"--awb-bg-size:cover;width:33.333333333333%;width:calc(33.333333333333% - ( ( 4% ) * 0.33333333333333 ) );\"><div class=\"fusion-column-wrapper fusion-column-has-shadow fusion-flex-column-wrapper-legacy\"><div class=\"fusion-widget-area awb-widget-area-element fusion-widget-area-1 fusion-content-widget-area\" style=\"--awb-title-size:20px;--awb-title-color:#333333;--awb-padding:0px 0px 0px 0px;\"><style type=\"text\/css\" data-id=\"tweets-widget-2\">#tweets-widget-2 li { border-color:#eaeaea;}<\/style><section id=\"tweets-widget-2\" class=\"widget tweets\" style=\"border-style: solid;border-color: #eaeaea;border-color:transparent;border-width:0px;\">\t\t\t\t\n\t\t<div style=\"overflow:hidden\">\n\t\t\t\t\t\t\t\t\t\t\t<a class=\"twitter-timeline\" data-dnt=\"true\" href=\"https:\/\/twitter.com\/@EPEN_Informa\" data-width=\"500\" data-height=\"300\" width=\"500\" height=\"300\" data-theme=\"light\" data-link-color=\"##25a9bd\" data-border-color=\"#eaeaea\" data-chrome=\"\">Tweets por @EPEN_Informa<\/a>\n\t\t\t\t\t\t\t\n\t\t\t\t\t\t\t\t\t\t\t<script async src=\"\/\/platform.twitter.com\/widgets.js\" charset=\"utf-8\"><\/script>\n\t\t\t\t\t\t\t\n\t\t<\/div>\n\t\t<\/section>\n\t\t<section id=\"recent-posts-3\" class=\"widget widget_recent_entries\" style=\"border-style: solid;border-color:transparent;border-width:0px;\">\n\t\t<div class=\"heading\"><h4 class=\"widget-title\">Entradas recientes<\/h4><\/div>\n\t\t<ul>\n\t\t\t\t\t\t\t\t\t\t\t<li>\n\t\t\t\t\t<a href=\"https:\/\/www.epen.gov.ar\/index.php\/2026\/04\/29\/corte-programado-en-sectores-de-centenario-el-30-04-2026\/\">Corte Programado en sectores de Centenario el 30\/04\/2026<\/a>\n\t\t\t\t\t\t\t\t\t\t\t<span class=\"post-date\">29\/04\/2026<\/span>\n\t\t\t\t\t\t\t\t\t<\/li>\n\t\t\t\t\t\t\t\t\t\t\t<li>\n\t\t\t\t\t<a href=\"https:\/\/www.epen.gov.ar\/index.php\/2026\/04\/28\/el-epen-impulsa-el-desarrollo-de-varvarco-con-nueva-infraestructura-para-17-lotes\/\">El EPEN impulsa el desarrollo de Varvarco con nueva infraestructura para 17 lotes<\/a>\n\t\t\t\t\t\t\t\t\t\t\t<span class=\"post-date\">28\/04\/2026<\/span>\n\t\t\t\t\t\t\t\t\t<\/li>\n\t\t\t\t\t\t\t\t\t\t\t<li>\n\t\t\t\t\t<a href=\"https:\/\/www.epen.gov.ar\/index.php\/2026\/04\/28\/corte-programado-en-sectores-de-zona-nahueve-el-30-04-2026\/\">Corte Programado en sectores de zona Nahueve el 30\/04\/2026<\/a>\n\t\t\t\t\t\t\t\t\t\t\t<span class=\"post-date\">28\/04\/2026<\/span>\n\t\t\t\t\t\t\t\t\t<\/li>\n\t\t\t\t\t\t\t\t\t\t\t<li>\n\t\t\t\t\t<a href=\"https:\/\/www.epen.gov.ar\/index.php\/2026\/04\/24\/corte-programado-en-sectores-de-san-martin-de-los-andes-el-25-04-2026\/\">Corte Programado en sectores de San Mart\u00edn de los Andes el 25\/04\/2026<\/a>\n\t\t\t\t\t\t\t\t\t\t\t<span class=\"post-date\">24\/04\/2026<\/span>\n\t\t\t\t\t\t\t\t\t<\/li>\n\t\t\t\t\t\t\t\t\t\t\t<li>\n\t\t\t\t\t<a href=\"https:\/\/www.epen.gov.ar\/index.php\/2026\/04\/24\/corte-programado-en-sectores-de-centenario-el-25-04-2026\/\">Corte Programado en sectores de Centenario el 25\/04\/2026<\/a>\n\t\t\t\t\t\t\t\t\t\t\t<span class=\"post-date\">24\/04\/2026<\/span>\n\t\t\t\t\t\t\t\t\t<\/li>\n\t\t\t\t\t<\/ul>\n\n\t\t<\/section><div class=\"fusion-additional-widget-content\"><\/div><\/div><div class=\"fusion-clearfix\"><\/div><\/div><\/div><\/div><\/div>\n","protected":false},"excerpt":{"rendered":"","protected":false},"author":1,"featured_media":92806,"comment_status":"closed","ping_status":"closed","sticky":false,"template":"","format":"standard","meta":{"_exactmetrics_skip_tracking":false,"_exactmetrics_sitenote_active":false,"_exactmetrics_sitenote_note":"","_exactmetrics_sitenote_category":0,"footnotes":""},"categories":[84],"tags":[383,455],"class_list":["post-92785","post","type-post","status-publish","format-standard","has-post-thumbnail","hentry","category-noticias","tag-acuerdos","tag-cammesa"],"yoast_head":"<!-- This site is optimized with the Yoast SEO plugin v27.2 - https:\/\/yoast.com\/product\/yoast-seo-wordpress\/ -->\n<title>EPEN - El EPEN lleg\u00f3 a un acuerdo para regularizar su deuda con Cammesa<\/title>\n<meta name=\"description\" content=\"El EPEN lleg\u00f3 a un acuerdo para regularizar su deuda con Cammesa\" \/>\n<meta name=\"robots\" content=\"index, follow, max-snippet:-1, max-image-preview:large, max-video-preview:-1\" \/>\n<link rel=\"canonical\" href=\"https:\/\/www.epen.gov.ar\/index.php\/2023\/01\/18\/el-epen-llego-a-un-acuerdo-para-regularizar-su-deuda-con-cammesa\/\" \/>\n<meta property=\"og:locale\" content=\"es_ES\" \/>\n<meta property=\"og:type\" content=\"article\" \/>\n<meta property=\"og:title\" content=\"EPEN - El EPEN lleg\u00f3 a un acuerdo para regularizar su deuda con Cammesa\" \/>\n<meta property=\"og:description\" content=\"El EPEN lleg\u00f3 a un acuerdo para regularizar su deuda con Cammesa\" \/>\n<meta property=\"og:url\" content=\"https:\/\/www.epen.gov.ar\/index.php\/2023\/01\/18\/el-epen-llego-a-un-acuerdo-para-regularizar-su-deuda-con-cammesa\/\" \/>\n<meta property=\"og:site_name\" content=\"EPEN\" \/>\n<meta property=\"article:publisher\" content=\"https:\/\/www.facebook.com\/EPEN.Neuquen\" \/>\n<meta property=\"article:published_time\" content=\"2023-01-18T22:41:50+00:00\" \/>\n<meta property=\"article:modified_time\" content=\"2023-01-19T14:09:59+00:00\" \/>\n<meta property=\"og:image\" content=\"https:\/\/www.epen.gov.ar\/wp-content\/uploads\/2023\/01\/18-01-2023-Reunion-directorio-Flavia-Royon-2-1.jpeg\" \/>\n\t<meta property=\"og:image:width\" content=\"1500\" \/>\n\t<meta property=\"og:image:height\" content=\"1000\" \/>\n\t<meta property=\"og:image:type\" content=\"image\/jpeg\" \/>\n<meta name=\"author\" content=\"Prensa EPEN\" \/>\n<meta name=\"twitter:card\" content=\"summary_large_image\" \/>\n<meta name=\"twitter:creator\" content=\"@EPEN_Informa\" \/>\n<meta name=\"twitter:site\" content=\"@EPEN_Informa\" \/>\n<meta name=\"twitter:label1\" content=\"Escrito por\" \/>\n\t<meta name=\"twitter:data1\" content=\"Prensa EPEN\" \/>\n\t<meta name=\"twitter:label2\" content=\"Tiempo de lectura\" \/>\n\t<meta name=\"twitter:data2\" content=\"3 minutos\" \/>\n<script type=\"application\/ld+json\" class=\"yoast-schema-graph\">{\"@context\":\"https:\/\/schema.org\",\"@graph\":[{\"@type\":\"Article\",\"@id\":\"https:\/\/www.epen.gov.ar\/index.php\/2023\/01\/18\/el-epen-llego-a-un-acuerdo-para-regularizar-su-deuda-con-cammesa\/#article\",\"isPartOf\":{\"@id\":\"https:\/\/www.epen.gov.ar\/index.php\/2023\/01\/18\/el-epen-llego-a-un-acuerdo-para-regularizar-su-deuda-con-cammesa\/\"},\"author\":{\"name\":\"Prensa EPEN\",\"@id\":\"https:\/\/www.epen.gov.ar\/#\/schema\/person\/ce6cff87c2fc01264becc10fa105ad4f\"},\"headline\":\"El EPEN lleg\u00f3 a un acuerdo para regularizar su deuda con Cammesa\",\"datePublished\":\"2023-01-18T22:41:50+00:00\",\"dateModified\":\"2023-01-19T14:09:59+00:00\",\"mainEntityOfPage\":{\"@id\":\"https:\/\/www.epen.gov.ar\/index.php\/2023\/01\/18\/el-epen-llego-a-un-acuerdo-para-regularizar-su-deuda-con-cammesa\/\"},\"wordCount\":685,\"publisher\":{\"@id\":\"https:\/\/www.epen.gov.ar\/#organization\"},\"image\":{\"@id\":\"https:\/\/www.epen.gov.ar\/index.php\/2023\/01\/18\/el-epen-llego-a-un-acuerdo-para-regularizar-su-deuda-con-cammesa\/#primaryimage\"},\"thumbnailUrl\":\"https:\/\/www.epen.gov.ar\/wp-content\/uploads\/2023\/01\/18-01-2023-Reunion-directorio-Flavia-Royon-2-1.jpeg\",\"keywords\":[\"Acuerdos\",\"CAMMESA\"],\"articleSection\":[\"Noticias\"],\"inLanguage\":\"es\"},{\"@type\":\"WebPage\",\"@id\":\"https:\/\/www.epen.gov.ar\/index.php\/2023\/01\/18\/el-epen-llego-a-un-acuerdo-para-regularizar-su-deuda-con-cammesa\/\",\"url\":\"https:\/\/www.epen.gov.ar\/index.php\/2023\/01\/18\/el-epen-llego-a-un-acuerdo-para-regularizar-su-deuda-con-cammesa\/\",\"name\":\"EPEN - El EPEN lleg\u00f3 a un acuerdo para regularizar su deuda con Cammesa\",\"isPartOf\":{\"@id\":\"https:\/\/www.epen.gov.ar\/#website\"},\"primaryImageOfPage\":{\"@id\":\"https:\/\/www.epen.gov.ar\/index.php\/2023\/01\/18\/el-epen-llego-a-un-acuerdo-para-regularizar-su-deuda-con-cammesa\/#primaryimage\"},\"image\":{\"@id\":\"https:\/\/www.epen.gov.ar\/index.php\/2023\/01\/18\/el-epen-llego-a-un-acuerdo-para-regularizar-su-deuda-con-cammesa\/#primaryimage\"},\"thumbnailUrl\":\"https:\/\/www.epen.gov.ar\/wp-content\/uploads\/2023\/01\/18-01-2023-Reunion-directorio-Flavia-Royon-2-1.jpeg\",\"datePublished\":\"2023-01-18T22:41:50+00:00\",\"dateModified\":\"2023-01-19T14:09:59+00:00\",\"description\":\"El EPEN lleg\u00f3 a un acuerdo para regularizar su deuda con Cammesa\",\"breadcrumb\":{\"@id\":\"https:\/\/www.epen.gov.ar\/index.php\/2023\/01\/18\/el-epen-llego-a-un-acuerdo-para-regularizar-su-deuda-con-cammesa\/#breadcrumb\"},\"inLanguage\":\"es\",\"potentialAction\":[{\"@type\":\"ReadAction\",\"target\":[\"https:\/\/www.epen.gov.ar\/index.php\/2023\/01\/18\/el-epen-llego-a-un-acuerdo-para-regularizar-su-deuda-con-cammesa\/\"]}]},{\"@type\":\"ImageObject\",\"inLanguage\":\"es\",\"@id\":\"https:\/\/www.epen.gov.ar\/index.php\/2023\/01\/18\/el-epen-llego-a-un-acuerdo-para-regularizar-su-deuda-con-cammesa\/#primaryimage\",\"url\":\"https:\/\/www.epen.gov.ar\/wp-content\/uploads\/2023\/01\/18-01-2023-Reunion-directorio-Flavia-Royon-2-1.jpeg\",\"contentUrl\":\"https:\/\/www.epen.gov.ar\/wp-content\/uploads\/2023\/01\/18-01-2023-Reunion-directorio-Flavia-Royon-2-1.jpeg\",\"width\":1500,\"height\":1000},{\"@type\":\"BreadcrumbList\",\"@id\":\"https:\/\/www.epen.gov.ar\/index.php\/2023\/01\/18\/el-epen-llego-a-un-acuerdo-para-regularizar-su-deuda-con-cammesa\/#breadcrumb\",\"itemListElement\":[{\"@type\":\"ListItem\",\"position\":1,\"name\":\"Inicio\",\"item\":\"https:\/\/www.epen.gov.ar\/\"},{\"@type\":\"ListItem\",\"position\":2,\"name\":\"El EPEN lleg\u00f3 a un acuerdo para regularizar su deuda con Cammesa\"}]},{\"@type\":\"WebSite\",\"@id\":\"https:\/\/www.epen.gov.ar\/#website\",\"url\":\"https:\/\/www.epen.gov.ar\/\",\"name\":\"EPEN\",\"description\":\"Ente Provincial de Energ\u00eda del Neuqu\u00e9n\",\"publisher\":{\"@id\":\"https:\/\/www.epen.gov.ar\/#organization\"},\"potentialAction\":[{\"@type\":\"SearchAction\",\"target\":{\"@type\":\"EntryPoint\",\"urlTemplate\":\"https:\/\/www.epen.gov.ar\/?s={search_term_string}\"},\"query-input\":{\"@type\":\"PropertyValueSpecification\",\"valueRequired\":true,\"valueName\":\"search_term_string\"}}],\"inLanguage\":\"es\"},{\"@type\":\"Organization\",\"@id\":\"https:\/\/www.epen.gov.ar\/#organization\",\"name\":\"Ente Provincial de Energ\u00eda del Neuqu\u00e9n\",\"url\":\"https:\/\/www.epen.gov.ar\/\",\"logo\":{\"@type\":\"ImageObject\",\"inLanguage\":\"es\",\"@id\":\"https:\/\/www.epen.gov.ar\/#\/schema\/logo\/image\/\",\"url\":\"https:\/\/www.epen.gov.ar\/wp-content\/uploads\/2024\/02\/Logo-EPEN-2.jpg\",\"contentUrl\":\"https:\/\/www.epen.gov.ar\/wp-content\/uploads\/2024\/02\/Logo-EPEN-2.jpg\",\"width\":696,\"height\":696,\"caption\":\"Ente Provincial de Energ\u00eda del Neuqu\u00e9n\"},\"image\":{\"@id\":\"https:\/\/www.epen.gov.ar\/#\/schema\/logo\/image\/\"},\"sameAs\":[\"https:\/\/www.facebook.com\/EPEN.Neuquen\",\"https:\/\/x.com\/EPEN_Informa\",\"https:\/\/www.youtube.com\/@epenprensa7384\"]},{\"@type\":\"Person\",\"@id\":\"https:\/\/www.epen.gov.ar\/#\/schema\/person\/ce6cff87c2fc01264becc10fa105ad4f\",\"name\":\"Prensa EPEN\",\"image\":{\"@type\":\"ImageObject\",\"inLanguage\":\"es\",\"@id\":\"https:\/\/secure.gravatar.com\/avatar\/f8120b8688012ccf2d7fbcf7a970cfbabf0ab63b09c2dbd72c194bee080070e9?s=96&d=mm&r=g\",\"url\":\"https:\/\/secure.gravatar.com\/avatar\/f8120b8688012ccf2d7fbcf7a970cfbabf0ab63b09c2dbd72c194bee080070e9?s=96&d=mm&r=g\",\"contentUrl\":\"https:\/\/secure.gravatar.com\/avatar\/f8120b8688012ccf2d7fbcf7a970cfbabf0ab63b09c2dbd72c194bee080070e9?s=96&d=mm&r=g\",\"caption\":\"Prensa EPEN\"},\"url\":\"https:\/\/www.epen.gov.ar\/index.php\/author\/admin\/\"}]}<\/script>\n<!-- \/ Yoast SEO plugin. -->","yoast_head_json":{"title":"EPEN - El EPEN lleg\u00f3 a un acuerdo para regularizar su deuda con Cammesa","description":"El EPEN lleg\u00f3 a un acuerdo para regularizar su deuda con Cammesa","robots":{"index":"index","follow":"follow","max-snippet":"max-snippet:-1","max-image-preview":"max-image-preview:large","max-video-preview":"max-video-preview:-1"},"canonical":"https:\/\/www.epen.gov.ar\/index.php\/2023\/01\/18\/el-epen-llego-a-un-acuerdo-para-regularizar-su-deuda-con-cammesa\/","og_locale":"es_ES","og_type":"article","og_title":"EPEN - El EPEN lleg\u00f3 a un acuerdo para regularizar su deuda con Cammesa","og_description":"El EPEN lleg\u00f3 a un acuerdo para regularizar su deuda con Cammesa","og_url":"https:\/\/www.epen.gov.ar\/index.php\/2023\/01\/18\/el-epen-llego-a-un-acuerdo-para-regularizar-su-deuda-con-cammesa\/","og_site_name":"EPEN","article_publisher":"https:\/\/www.facebook.com\/EPEN.Neuquen","article_published_time":"2023-01-18T22:41:50+00:00","article_modified_time":"2023-01-19T14:09:59+00:00","og_image":[{"width":1500,"height":1000,"url":"https:\/\/www.epen.gov.ar\/wp-content\/uploads\/2023\/01\/18-01-2023-Reunion-directorio-Flavia-Royon-2-1.jpeg","type":"image\/jpeg"}],"author":"Prensa EPEN","twitter_card":"summary_large_image","twitter_creator":"@EPEN_Informa","twitter_site":"@EPEN_Informa","twitter_misc":{"Escrito por":"Prensa EPEN","Tiempo de lectura":"3 minutos"},"schema":{"@context":"https:\/\/schema.org","@graph":[{"@type":"Article","@id":"https:\/\/www.epen.gov.ar\/index.php\/2023\/01\/18\/el-epen-llego-a-un-acuerdo-para-regularizar-su-deuda-con-cammesa\/#article","isPartOf":{"@id":"https:\/\/www.epen.gov.ar\/index.php\/2023\/01\/18\/el-epen-llego-a-un-acuerdo-para-regularizar-su-deuda-con-cammesa\/"},"author":{"name":"Prensa EPEN","@id":"https:\/\/www.epen.gov.ar\/#\/schema\/person\/ce6cff87c2fc01264becc10fa105ad4f"},"headline":"El EPEN lleg\u00f3 a un acuerdo para regularizar su deuda con Cammesa","datePublished":"2023-01-18T22:41:50+00:00","dateModified":"2023-01-19T14:09:59+00:00","mainEntityOfPage":{"@id":"https:\/\/www.epen.gov.ar\/index.php\/2023\/01\/18\/el-epen-llego-a-un-acuerdo-para-regularizar-su-deuda-con-cammesa\/"},"wordCount":685,"publisher":{"@id":"https:\/\/www.epen.gov.ar\/#organization"},"image":{"@id":"https:\/\/www.epen.gov.ar\/index.php\/2023\/01\/18\/el-epen-llego-a-un-acuerdo-para-regularizar-su-deuda-con-cammesa\/#primaryimage"},"thumbnailUrl":"https:\/\/www.epen.gov.ar\/wp-content\/uploads\/2023\/01\/18-01-2023-Reunion-directorio-Flavia-Royon-2-1.jpeg","keywords":["Acuerdos","CAMMESA"],"articleSection":["Noticias"],"inLanguage":"es"},{"@type":"WebPage","@id":"https:\/\/www.epen.gov.ar\/index.php\/2023\/01\/18\/el-epen-llego-a-un-acuerdo-para-regularizar-su-deuda-con-cammesa\/","url":"https:\/\/www.epen.gov.ar\/index.php\/2023\/01\/18\/el-epen-llego-a-un-acuerdo-para-regularizar-su-deuda-con-cammesa\/","name":"EPEN - El EPEN lleg\u00f3 a un acuerdo para regularizar su deuda con Cammesa","isPartOf":{"@id":"https:\/\/www.epen.gov.ar\/#website"},"primaryImageOfPage":{"@id":"https:\/\/www.epen.gov.ar\/index.php\/2023\/01\/18\/el-epen-llego-a-un-acuerdo-para-regularizar-su-deuda-con-cammesa\/#primaryimage"},"image":{"@id":"https:\/\/www.epen.gov.ar\/index.php\/2023\/01\/18\/el-epen-llego-a-un-acuerdo-para-regularizar-su-deuda-con-cammesa\/#primaryimage"},"thumbnailUrl":"https:\/\/www.epen.gov.ar\/wp-content\/uploads\/2023\/01\/18-01-2023-Reunion-directorio-Flavia-Royon-2-1.jpeg","datePublished":"2023-01-18T22:41:50+00:00","dateModified":"2023-01-19T14:09:59+00:00","description":"El EPEN lleg\u00f3 a un acuerdo para regularizar su deuda con Cammesa","breadcrumb":{"@id":"https:\/\/www.epen.gov.ar\/index.php\/2023\/01\/18\/el-epen-llego-a-un-acuerdo-para-regularizar-su-deuda-con-cammesa\/#breadcrumb"},"inLanguage":"es","potentialAction":[{"@type":"ReadAction","target":["https:\/\/www.epen.gov.ar\/index.php\/2023\/01\/18\/el-epen-llego-a-un-acuerdo-para-regularizar-su-deuda-con-cammesa\/"]}]},{"@type":"ImageObject","inLanguage":"es","@id":"https:\/\/www.epen.gov.ar\/index.php\/2023\/01\/18\/el-epen-llego-a-un-acuerdo-para-regularizar-su-deuda-con-cammesa\/#primaryimage","url":"https:\/\/www.epen.gov.ar\/wp-content\/uploads\/2023\/01\/18-01-2023-Reunion-directorio-Flavia-Royon-2-1.jpeg","contentUrl":"https:\/\/www.epen.gov.ar\/wp-content\/uploads\/2023\/01\/18-01-2023-Reunion-directorio-Flavia-Royon-2-1.jpeg","width":1500,"height":1000},{"@type":"BreadcrumbList","@id":"https:\/\/www.epen.gov.ar\/index.php\/2023\/01\/18\/el-epen-llego-a-un-acuerdo-para-regularizar-su-deuda-con-cammesa\/#breadcrumb","itemListElement":[{"@type":"ListItem","position":1,"name":"Inicio","item":"https:\/\/www.epen.gov.ar\/"},{"@type":"ListItem","position":2,"name":"El EPEN lleg\u00f3 a un acuerdo para regularizar su deuda con Cammesa"}]},{"@type":"WebSite","@id":"https:\/\/www.epen.gov.ar\/#website","url":"https:\/\/www.epen.gov.ar\/","name":"EPEN","description":"Ente Provincial de Energ\u00eda del Neuqu\u00e9n","publisher":{"@id":"https:\/\/www.epen.gov.ar\/#organization"},"potentialAction":[{"@type":"SearchAction","target":{"@type":"EntryPoint","urlTemplate":"https:\/\/www.epen.gov.ar\/?s={search_term_string}"},"query-input":{"@type":"PropertyValueSpecification","valueRequired":true,"valueName":"search_term_string"}}],"inLanguage":"es"},{"@type":"Organization","@id":"https:\/\/www.epen.gov.ar\/#organization","name":"Ente Provincial de Energ\u00eda del Neuqu\u00e9n","url":"https:\/\/www.epen.gov.ar\/","logo":{"@type":"ImageObject","inLanguage":"es","@id":"https:\/\/www.epen.gov.ar\/#\/schema\/logo\/image\/","url":"https:\/\/www.epen.gov.ar\/wp-content\/uploads\/2024\/02\/Logo-EPEN-2.jpg","contentUrl":"https:\/\/www.epen.gov.ar\/wp-content\/uploads\/2024\/02\/Logo-EPEN-2.jpg","width":696,"height":696,"caption":"Ente Provincial de Energ\u00eda del Neuqu\u00e9n"},"image":{"@id":"https:\/\/www.epen.gov.ar\/#\/schema\/logo\/image\/"},"sameAs":["https:\/\/www.facebook.com\/EPEN.Neuquen","https:\/\/x.com\/EPEN_Informa","https:\/\/www.youtube.com\/@epenprensa7384"]},{"@type":"Person","@id":"https:\/\/www.epen.gov.ar\/#\/schema\/person\/ce6cff87c2fc01264becc10fa105ad4f","name":"Prensa EPEN","image":{"@type":"ImageObject","inLanguage":"es","@id":"https:\/\/secure.gravatar.com\/avatar\/f8120b8688012ccf2d7fbcf7a970cfbabf0ab63b09c2dbd72c194bee080070e9?s=96&d=mm&r=g","url":"https:\/\/secure.gravatar.com\/avatar\/f8120b8688012ccf2d7fbcf7a970cfbabf0ab63b09c2dbd72c194bee080070e9?s=96&d=mm&r=g","contentUrl":"https:\/\/secure.gravatar.com\/avatar\/f8120b8688012ccf2d7fbcf7a970cfbabf0ab63b09c2dbd72c194bee080070e9?s=96&d=mm&r=g","caption":"Prensa EPEN"},"url":"https:\/\/www.epen.gov.ar\/index.php\/author\/admin\/"}]}},"_links":{"self":[{"href":"https:\/\/www.epen.gov.ar\/index.php\/wp-json\/wp\/v2\/posts\/92785","targetHints":{"allow":["GET"]}}],"collection":[{"href":"https:\/\/www.epen.gov.ar\/index.php\/wp-json\/wp\/v2\/posts"}],"about":[{"href":"https:\/\/www.epen.gov.ar\/index.php\/wp-json\/wp\/v2\/types\/post"}],"author":[{"embeddable":true,"href":"https:\/\/www.epen.gov.ar\/index.php\/wp-json\/wp\/v2\/users\/1"}],"replies":[{"embeddable":true,"href":"https:\/\/www.epen.gov.ar\/index.php\/wp-json\/wp\/v2\/comments?post=92785"}],"version-history":[{"count":4,"href":"https:\/\/www.epen.gov.ar\/index.php\/wp-json\/wp\/v2\/posts\/92785\/revisions"}],"predecessor-version":[{"id":108759,"href":"https:\/\/www.epen.gov.ar\/index.php\/wp-json\/wp\/v2\/posts\/92785\/revisions\/108759"}],"wp:featuredmedia":[{"embeddable":true,"href":"https:\/\/www.epen.gov.ar\/index.php\/wp-json\/wp\/v2\/media\/92806"}],"wp:attachment":[{"href":"https:\/\/www.epen.gov.ar\/index.php\/wp-json\/wp\/v2\/media?parent=92785"}],"wp:term":[{"taxonomy":"category","embeddable":true,"href":"https:\/\/www.epen.gov.ar\/index.php\/wp-json\/wp\/v2\/categories?post=92785"},{"taxonomy":"post_tag","embeddable":true,"href":"https:\/\/www.epen.gov.ar\/index.php\/wp-json\/wp\/v2\/tags?post=92785"}],"curies":[{"name":"wp","href":"https:\/\/api.w.org\/{rel}","templated":true}]}}