{"id":88809,"date":"2022-12-03T11:24:17","date_gmt":"2022-12-03T14:24:17","guid":{"rendered":"http:\/\/192.168.200.48\/?p=88809"},"modified":"2022-12-05T09:04:55","modified_gmt":"2022-12-05T12:04:55","slug":"el-epen-y-la-cooperativa-de-plottier-recorrieron-nuevas-obras","status":"publish","type":"post","link":"https:\/\/www.epen.gov.ar\/index.php\/2022\/12\/03\/el-epen-y-la-cooperativa-de-plottier-recorrieron-nuevas-obras\/","title":{"rendered":"El EPEN y la Cooperativa de Plottier recorrieron nuevas obras"},"content":{"rendered":"<div class=\"fusion-fullwidth fullwidth-box fusion-builder-row-1 nonhundred-percent-fullwidth non-hundred-percent-height-scrolling\" style=\"--awb-border-radius-top-left:0px;--awb-border-radius-top-right:0px;--awb-border-radius-bottom-right:0px;--awb-border-radius-bottom-left:0px;--awb-flex-wrap:wrap;\" ><div class=\"fusion-builder-row fusion-row\"><div class=\"fusion-layout-column fusion_builder_column fusion-builder-column-0 fusion_builder_column_2_3 2_3 fusion-two-third fusion-column-first\" style=\"--awb-bg-size:cover;width:66.666666666667%;width:calc(66.666666666667% - ( ( 4% ) * 0.66666666666667 ) );margin-right: 4%;\"><div class=\"fusion-column-wrapper fusion-column-has-shadow fusion-flex-column-wrapper-legacy\"><div class=\"fusion-text fusion-text-1\"><p style=\"font-weight: 400; text-align: justify;\"><em>Ya se realiza el montaje y conexionado de un nuevo transformador, que abastecer\u00e1 a la Cooperativa en la nueva estaci\u00f3n Valentina. A su vez, la cooperativa trasladar\u00e1 sus alimentadores para abastecer completamente a la localidad desde las nuevas instalaciones.<\/em><\/p>\n<p style=\"font-weight: 400; text-align: justify;\">El pasado viernes autoridades del EPEN y equipo t\u00e9cnico, junto a autoridades de la Cooperativa de Plottier recorrieron las instalaciones de la nueva Estaci\u00f3n Valentina y el centro de distribuci\u00f3n realizado por personal de la Cooperativa, que ser\u00e1 necesario para la puesta en servicio y el abastecimiento desde este nuevo punto.<\/p>\n<p style=\"font-weight: 400; text-align: justify;\">En este sentido Sergio Soto, ex presidente de la Cooperativa, indic\u00f3 que &#8211; \u201cEstamos poniendo en marcha la nueva Estaci\u00f3n Valentina y Plottier comenz\u00f3 a trasladar la carga a esta nueva estaci\u00f3n, esto mejorar\u00e1 la calidad del servicio cuantitativamente y ya no ser\u00e1 un condicionante la energ\u00eda el\u00e9ctrica para el crecimiento de la localidad.\u201d<\/p>\n<p><img decoding=\"async\" class=\"alignnone size-full wp-image-88823\" src=\"https:\/\/www.epen.gov.ar\/wp-content\/uploads\/2022\/12\/WhatsApp-Image-2022-12-02-at-14.49.31-10.jpeg\" alt=\"Recorrido ET Valentina Norte\" width=\"1036\" height=\"644\" srcset=\"https:\/\/www.epen.gov.ar\/wp-content\/uploads\/2022\/12\/WhatsApp-Image-2022-12-02-at-14.49.31-10-200x124.jpeg 200w, https:\/\/www.epen.gov.ar\/wp-content\/uploads\/2022\/12\/WhatsApp-Image-2022-12-02-at-14.49.31-10-300x186.jpeg 300w, https:\/\/www.epen.gov.ar\/wp-content\/uploads\/2022\/12\/WhatsApp-Image-2022-12-02-at-14.49.31-10-400x249.jpeg 400w, https:\/\/www.epen.gov.ar\/wp-content\/uploads\/2022\/12\/WhatsApp-Image-2022-12-02-at-14.49.31-10-600x373.jpeg 600w, https:\/\/www.epen.gov.ar\/wp-content\/uploads\/2022\/12\/WhatsApp-Image-2022-12-02-at-14.49.31-10-768x477.jpeg 768w, https:\/\/www.epen.gov.ar\/wp-content\/uploads\/2022\/12\/WhatsApp-Image-2022-12-02-at-14.49.31-10-800x497.jpeg 800w, https:\/\/www.epen.gov.ar\/wp-content\/uploads\/2022\/12\/WhatsApp-Image-2022-12-02-at-14.49.31-10.jpeg 1036w\" sizes=\"(max-width: 1036px) 100vw, 1036px\" \/><\/p>\n<p style=\"font-weight: 400; text-align: justify;\">Por su parte, el ing. Zambon presidente del EPEN, indic\u00f3 que esta obra \u201cse ven\u00eda pensando dise\u00f1ando y gestionando hace muchos a\u00f1os, porque desde donde hoy a\u00fan se abastece una parte de Plottier es una instalaci\u00f3n de la ex Agua y Energ\u00eda realizada en los a\u00f1os 80, en un predio que ha quedado chico. Hace algunos a\u00f1os hemos logrado obtener los fondos gestionados por Cammesa y con los t\u00e9cnicos del EPEN y la Cooperativa logramos concretar esta obra\u201d.<\/p>\n<p><img decoding=\"async\" class=\"alignnone size-full wp-image-88825\" src=\"https:\/\/www.epen.gov.ar\/wp-content\/uploads\/2022\/12\/WhatsApp-Image-2022-12-02-at-14.49.31-2.jpeg\" alt=\"Recorrido ET Valentina Norte\" width=\"1280\" height=\"853\" srcset=\"https:\/\/www.epen.gov.ar\/wp-content\/uploads\/2022\/12\/WhatsApp-Image-2022-12-02-at-14.49.31-2-200x133.jpeg 200w, https:\/\/www.epen.gov.ar\/wp-content\/uploads\/2022\/12\/WhatsApp-Image-2022-12-02-at-14.49.31-2-300x200.jpeg 300w, https:\/\/www.epen.gov.ar\/wp-content\/uploads\/2022\/12\/WhatsApp-Image-2022-12-02-at-14.49.31-2-400x267.jpeg 400w, https:\/\/www.epen.gov.ar\/wp-content\/uploads\/2022\/12\/WhatsApp-Image-2022-12-02-at-14.49.31-2-600x400.jpeg 600w, https:\/\/www.epen.gov.ar\/wp-content\/uploads\/2022\/12\/WhatsApp-Image-2022-12-02-at-14.49.31-2-768x512.jpeg 768w, https:\/\/www.epen.gov.ar\/wp-content\/uploads\/2022\/12\/WhatsApp-Image-2022-12-02-at-14.49.31-2-800x533.jpeg 800w, https:\/\/www.epen.gov.ar\/wp-content\/uploads\/2022\/12\/WhatsApp-Image-2022-12-02-at-14.49.31-2-1200x800.jpeg 1200w, https:\/\/www.epen.gov.ar\/wp-content\/uploads\/2022\/12\/WhatsApp-Image-2022-12-02-at-14.49.31-2.jpeg 1280w\" sizes=\"(max-width: 1280px) 100vw, 1280px\" \/><\/p>\n<p style=\"font-weight: 400; text-align: justify;\">En estos momentos -prosigui\u00f3: \u201cya est\u00e1 tomando carga Plottier desde esta nueva Estaci\u00f3n, la semana pasada trasladamos un transformador nuevo de 45 MVA como parte de nuestro plan de cubrir la demanda en toda la zona este verano, y la semana que viene estar\u00e1 disponible para que la cooperativa termine de trasladar sus demandas hacia esta nueva Estaci\u00f3n\u201d. \u201cTambi\u00e9n recorrimos el centro de distribuci\u00f3n que realiz\u00f3 la cooperativa, que realmente es de primer nivel\u201d.<\/p>\n<\/div><div class=\"fusion-clearfix\"><\/div><\/div><\/div><div class=\"fusion-layout-column fusion_builder_column fusion-builder-column-1 fusion_builder_column_1_3 1_3 fusion-one-third fusion-column-last\" style=\"--awb-bg-size:cover;width:33.333333333333%;width:calc(33.333333333333% - ( ( 4% ) * 0.33333333333333 ) );\"><div class=\"fusion-column-wrapper fusion-column-has-shadow fusion-flex-column-wrapper-legacy\"><div class=\"fusion-widget-area awb-widget-area-element fusion-widget-area-1 fusion-content-widget-area\" style=\"--awb-title-size:20px;--awb-title-color:#333333;--awb-padding:0px 0px 0px 0px;\"><style type=\"text\/css\" data-id=\"tweets-widget-2\">#tweets-widget-2 li { border-color:#eaeaea;}<\/style><section id=\"tweets-widget-2\" class=\"widget tweets\" style=\"border-style: solid;border-color: #eaeaea;border-color:transparent;border-width:0px;\">\t\t\t\t\n\t\t<div style=\"overflow:hidden\">\n\t\t\t\t\t\t\t\t\t\t\t<a class=\"twitter-timeline\" data-dnt=\"true\" href=\"https:\/\/twitter.com\/@EPEN_Informa\" data-width=\"500\" data-height=\"300\" width=\"500\" height=\"300\" data-theme=\"light\" data-link-color=\"##25a9bd\" data-border-color=\"#eaeaea\" data-chrome=\"\">Tweets por @EPEN_Informa<\/a>\n\t\t\t\t\t\t\t\n\t\t\t\t\t\t\t\t\t\t\t<script async src=\"\/\/platform.twitter.com\/widgets.js\" charset=\"utf-8\"><\/script>\n\t\t\t\t\t\t\t\n\t\t<\/div>\n\t\t<\/section>\n\t\t<section id=\"recent-posts-3\" class=\"widget widget_recent_entries\" style=\"border-style: solid;border-color:transparent;border-width:0px;\">\n\t\t<div class=\"heading\"><h4 class=\"widget-title\">Entradas recientes<\/h4><\/div>\n\t\t<ul>\n\t\t\t\t\t\t\t\t\t\t\t<li>\n\t\t\t\t\t<a href=\"https:\/\/www.epen.gov.ar\/index.php\/2026\/04\/29\/corte-programado-en-sectores-de-centenario-el-30-04-2026\/\">Corte Programado en sectores de Centenario el 30\/04\/2026<\/a>\n\t\t\t\t\t\t\t\t\t\t\t<span class=\"post-date\">29\/04\/2026<\/span>\n\t\t\t\t\t\t\t\t\t<\/li>\n\t\t\t\t\t\t\t\t\t\t\t<li>\n\t\t\t\t\t<a href=\"https:\/\/www.epen.gov.ar\/index.php\/2026\/04\/28\/el-epen-impulsa-el-desarrollo-de-varvarco-con-nueva-infraestructura-para-17-lotes\/\">El EPEN impulsa el desarrollo de Varvarco con nueva infraestructura para 17 lotes<\/a>\n\t\t\t\t\t\t\t\t\t\t\t<span class=\"post-date\">28\/04\/2026<\/span>\n\t\t\t\t\t\t\t\t\t<\/li>\n\t\t\t\t\t\t\t\t\t\t\t<li>\n\t\t\t\t\t<a href=\"https:\/\/www.epen.gov.ar\/index.php\/2026\/04\/28\/corte-programado-en-sectores-de-zona-nahueve-el-30-04-2026\/\">Corte Programado en sectores de zona Nahueve el 30\/04\/2026<\/a>\n\t\t\t\t\t\t\t\t\t\t\t<span class=\"post-date\">28\/04\/2026<\/span>\n\t\t\t\t\t\t\t\t\t<\/li>\n\t\t\t\t\t\t\t\t\t\t\t<li>\n\t\t\t\t\t<a href=\"https:\/\/www.epen.gov.ar\/index.php\/2026\/04\/24\/corte-programado-en-sectores-de-san-martin-de-los-andes-el-25-04-2026\/\">Corte Programado en sectores de San Mart\u00edn de los Andes el 25\/04\/2026<\/a>\n\t\t\t\t\t\t\t\t\t\t\t<span class=\"post-date\">24\/04\/2026<\/span>\n\t\t\t\t\t\t\t\t\t<\/li>\n\t\t\t\t\t\t\t\t\t\t\t<li>\n\t\t\t\t\t<a href=\"https:\/\/www.epen.gov.ar\/index.php\/2026\/04\/24\/corte-programado-en-sectores-de-centenario-el-25-04-2026\/\">Corte Programado en sectores de Centenario el 25\/04\/2026<\/a>\n\t\t\t\t\t\t\t\t\t\t\t<span class=\"post-date\">24\/04\/2026<\/span>\n\t\t\t\t\t\t\t\t\t<\/li>\n\t\t\t\t\t<\/ul>\n\n\t\t<\/section><div class=\"fusion-additional-widget-content\"><\/div><\/div><div class=\"fusion-clearfix\"><\/div><\/div><\/div><\/div><\/div>\n","protected":false},"excerpt":{"rendered":"","protected":false},"author":1,"featured_media":88824,"comment_status":"closed","ping_status":"closed","sticky":false,"template":"","format":"standard","meta":{"_exactmetrics_skip_tracking":false,"_exactmetrics_sitenote_active":false,"_exactmetrics_sitenote_note":"","_exactmetrics_sitenote_category":0,"footnotes":""},"categories":[84],"tags":[444,271,443],"class_list":["post-88809","post","type-post","status-publish","format-standard","has-post-thumbnail","hentry","category-noticias","tag-et-valentina-norte","tag-plottier","tag-recorrido"],"yoast_head":"<!-- This site is optimized with the Yoast SEO plugin v27.2 - https:\/\/yoast.com\/product\/yoast-seo-wordpress\/ -->\n<title>EPEN - El EPEN y la Cooperativa de Plottier recorrieron nuevas obras<\/title>\n<meta name=\"description\" content=\"El EPEN y la Cooperativa de Plottier recorrieron nuevas obras\" \/>\n<meta name=\"robots\" content=\"index, follow, max-snippet:-1, max-image-preview:large, max-video-preview:-1\" \/>\n<link rel=\"canonical\" href=\"https:\/\/www.epen.gov.ar\/index.php\/2022\/12\/03\/el-epen-y-la-cooperativa-de-plottier-recorrieron-nuevas-obras\/\" \/>\n<meta property=\"og:locale\" content=\"es_ES\" \/>\n<meta property=\"og:type\" content=\"article\" \/>\n<meta property=\"og:title\" content=\"EPEN - El EPEN y la Cooperativa de Plottier recorrieron nuevas obras\" \/>\n<meta property=\"og:description\" content=\"El EPEN y la Cooperativa de Plottier recorrieron nuevas obras\" \/>\n<meta property=\"og:url\" content=\"https:\/\/www.epen.gov.ar\/index.php\/2022\/12\/03\/el-epen-y-la-cooperativa-de-plottier-recorrieron-nuevas-obras\/\" \/>\n<meta property=\"og:site_name\" content=\"EPEN\" \/>\n<meta property=\"article:publisher\" content=\"https:\/\/www.facebook.com\/EPEN.Neuquen\" \/>\n<meta property=\"article:published_time\" content=\"2022-12-03T14:24:17+00:00\" \/>\n<meta property=\"article:modified_time\" content=\"2022-12-05T12:04:55+00:00\" \/>\n<meta property=\"og:image\" content=\"https:\/\/www.epen.gov.ar\/wp-content\/uploads\/2022\/12\/WhatsApp-Image-2022-12-02-at-14.49.31-3.jpeg\" \/>\n\t<meta property=\"og:image:width\" content=\"1280\" \/>\n\t<meta property=\"og:image:height\" content=\"853\" \/>\n\t<meta property=\"og:image:type\" content=\"image\/jpeg\" \/>\n<meta name=\"author\" content=\"Prensa EPEN\" \/>\n<meta name=\"twitter:card\" content=\"summary_large_image\" \/>\n<meta name=\"twitter:creator\" content=\"@EPEN_Informa\" \/>\n<meta name=\"twitter:site\" content=\"@EPEN_Informa\" \/>\n<meta name=\"twitter:label1\" content=\"Escrito por\" \/>\n\t<meta name=\"twitter:data1\" content=\"Prensa EPEN\" \/>\n\t<meta name=\"twitter:label2\" content=\"Tiempo de lectura\" \/>\n\t<meta name=\"twitter:data2\" content=\"4 minutos\" \/>\n<script type=\"application\/ld+json\" class=\"yoast-schema-graph\">{\"@context\":\"https:\/\/schema.org\",\"@graph\":[{\"@type\":\"Article\",\"@id\":\"https:\/\/www.epen.gov.ar\/index.php\/2022\/12\/03\/el-epen-y-la-cooperativa-de-plottier-recorrieron-nuevas-obras\/#article\",\"isPartOf\":{\"@id\":\"https:\/\/www.epen.gov.ar\/index.php\/2022\/12\/03\/el-epen-y-la-cooperativa-de-plottier-recorrieron-nuevas-obras\/\"},\"author\":{\"name\":\"Prensa EPEN\",\"@id\":\"https:\/\/www.epen.gov.ar\/#\/schema\/person\/ce6cff87c2fc01264becc10fa105ad4f\"},\"headline\":\"El EPEN y la Cooperativa de Plottier recorrieron nuevas obras\",\"datePublished\":\"2022-12-03T14:24:17+00:00\",\"dateModified\":\"2022-12-05T12:04:55+00:00\",\"mainEntityOfPage\":{\"@id\":\"https:\/\/www.epen.gov.ar\/index.php\/2022\/12\/03\/el-epen-y-la-cooperativa-de-plottier-recorrieron-nuevas-obras\/\"},\"wordCount\":753,\"publisher\":{\"@id\":\"https:\/\/www.epen.gov.ar\/#organization\"},\"image\":{\"@id\":\"https:\/\/www.epen.gov.ar\/index.php\/2022\/12\/03\/el-epen-y-la-cooperativa-de-plottier-recorrieron-nuevas-obras\/#primaryimage\"},\"thumbnailUrl\":\"https:\/\/www.epen.gov.ar\/wp-content\/uploads\/2022\/12\/WhatsApp-Image-2022-12-02-at-14.49.31-3.jpeg\",\"keywords\":[\"ET Valentina Norte\",\"Plottier\",\"Recorrido\"],\"articleSection\":[\"Noticias\"],\"inLanguage\":\"es\"},{\"@type\":\"WebPage\",\"@id\":\"https:\/\/www.epen.gov.ar\/index.php\/2022\/12\/03\/el-epen-y-la-cooperativa-de-plottier-recorrieron-nuevas-obras\/\",\"url\":\"https:\/\/www.epen.gov.ar\/index.php\/2022\/12\/03\/el-epen-y-la-cooperativa-de-plottier-recorrieron-nuevas-obras\/\",\"name\":\"EPEN - El EPEN y la Cooperativa de Plottier recorrieron nuevas obras\",\"isPartOf\":{\"@id\":\"https:\/\/www.epen.gov.ar\/#website\"},\"primaryImageOfPage\":{\"@id\":\"https:\/\/www.epen.gov.ar\/index.php\/2022\/12\/03\/el-epen-y-la-cooperativa-de-plottier-recorrieron-nuevas-obras\/#primaryimage\"},\"image\":{\"@id\":\"https:\/\/www.epen.gov.ar\/index.php\/2022\/12\/03\/el-epen-y-la-cooperativa-de-plottier-recorrieron-nuevas-obras\/#primaryimage\"},\"thumbnailUrl\":\"https:\/\/www.epen.gov.ar\/wp-content\/uploads\/2022\/12\/WhatsApp-Image-2022-12-02-at-14.49.31-3.jpeg\",\"datePublished\":\"2022-12-03T14:24:17+00:00\",\"dateModified\":\"2022-12-05T12:04:55+00:00\",\"description\":\"El EPEN y la Cooperativa de Plottier recorrieron nuevas obras\",\"breadcrumb\":{\"@id\":\"https:\/\/www.epen.gov.ar\/index.php\/2022\/12\/03\/el-epen-y-la-cooperativa-de-plottier-recorrieron-nuevas-obras\/#breadcrumb\"},\"inLanguage\":\"es\",\"potentialAction\":[{\"@type\":\"ReadAction\",\"target\":[\"https:\/\/www.epen.gov.ar\/index.php\/2022\/12\/03\/el-epen-y-la-cooperativa-de-plottier-recorrieron-nuevas-obras\/\"]}]},{\"@type\":\"ImageObject\",\"inLanguage\":\"es\",\"@id\":\"https:\/\/www.epen.gov.ar\/index.php\/2022\/12\/03\/el-epen-y-la-cooperativa-de-plottier-recorrieron-nuevas-obras\/#primaryimage\",\"url\":\"https:\/\/www.epen.gov.ar\/wp-content\/uploads\/2022\/12\/WhatsApp-Image-2022-12-02-at-14.49.31-3.jpeg\",\"contentUrl\":\"https:\/\/www.epen.gov.ar\/wp-content\/uploads\/2022\/12\/WhatsApp-Image-2022-12-02-at-14.49.31-3.jpeg\",\"width\":1280,\"height\":853,\"caption\":\"Recorrido ET Valentina Norte\"},{\"@type\":\"BreadcrumbList\",\"@id\":\"https:\/\/www.epen.gov.ar\/index.php\/2022\/12\/03\/el-epen-y-la-cooperativa-de-plottier-recorrieron-nuevas-obras\/#breadcrumb\",\"itemListElement\":[{\"@type\":\"ListItem\",\"position\":1,\"name\":\"Inicio\",\"item\":\"https:\/\/www.epen.gov.ar\/\"},{\"@type\":\"ListItem\",\"position\":2,\"name\":\"El EPEN y la Cooperativa de Plottier recorrieron nuevas obras\"}]},{\"@type\":\"WebSite\",\"@id\":\"https:\/\/www.epen.gov.ar\/#website\",\"url\":\"https:\/\/www.epen.gov.ar\/\",\"name\":\"EPEN\",\"description\":\"Ente Provincial de Energ\u00eda del Neuqu\u00e9n\",\"publisher\":{\"@id\":\"https:\/\/www.epen.gov.ar\/#organization\"},\"potentialAction\":[{\"@type\":\"SearchAction\",\"target\":{\"@type\":\"EntryPoint\",\"urlTemplate\":\"https:\/\/www.epen.gov.ar\/?s={search_term_string}\"},\"query-input\":{\"@type\":\"PropertyValueSpecification\",\"valueRequired\":true,\"valueName\":\"search_term_string\"}}],\"inLanguage\":\"es\"},{\"@type\":\"Organization\",\"@id\":\"https:\/\/www.epen.gov.ar\/#organization\",\"name\":\"Ente Provincial de Energ\u00eda del Neuqu\u00e9n\",\"url\":\"https:\/\/www.epen.gov.ar\/\",\"logo\":{\"@type\":\"ImageObject\",\"inLanguage\":\"es\",\"@id\":\"https:\/\/www.epen.gov.ar\/#\/schema\/logo\/image\/\",\"url\":\"https:\/\/www.epen.gov.ar\/wp-content\/uploads\/2024\/02\/Logo-EPEN-2.jpg\",\"contentUrl\":\"https:\/\/www.epen.gov.ar\/wp-content\/uploads\/2024\/02\/Logo-EPEN-2.jpg\",\"width\":696,\"height\":696,\"caption\":\"Ente Provincial de Energ\u00eda del Neuqu\u00e9n\"},\"image\":{\"@id\":\"https:\/\/www.epen.gov.ar\/#\/schema\/logo\/image\/\"},\"sameAs\":[\"https:\/\/www.facebook.com\/EPEN.Neuquen\",\"https:\/\/x.com\/EPEN_Informa\",\"https:\/\/www.youtube.com\/@epenprensa7384\"]},{\"@type\":\"Person\",\"@id\":\"https:\/\/www.epen.gov.ar\/#\/schema\/person\/ce6cff87c2fc01264becc10fa105ad4f\",\"name\":\"Prensa EPEN\",\"image\":{\"@type\":\"ImageObject\",\"inLanguage\":\"es\",\"@id\":\"https:\/\/secure.gravatar.com\/avatar\/f8120b8688012ccf2d7fbcf7a970cfbabf0ab63b09c2dbd72c194bee080070e9?s=96&d=mm&r=g\",\"url\":\"https:\/\/secure.gravatar.com\/avatar\/f8120b8688012ccf2d7fbcf7a970cfbabf0ab63b09c2dbd72c194bee080070e9?s=96&d=mm&r=g\",\"contentUrl\":\"https:\/\/secure.gravatar.com\/avatar\/f8120b8688012ccf2d7fbcf7a970cfbabf0ab63b09c2dbd72c194bee080070e9?s=96&d=mm&r=g\",\"caption\":\"Prensa EPEN\"},\"url\":\"https:\/\/www.epen.gov.ar\/index.php\/author\/admin\/\"}]}<\/script>\n<!-- \/ Yoast SEO plugin. -->","yoast_head_json":{"title":"EPEN - El EPEN y la Cooperativa de Plottier recorrieron nuevas obras","description":"El EPEN y la Cooperativa de Plottier recorrieron nuevas obras","robots":{"index":"index","follow":"follow","max-snippet":"max-snippet:-1","max-image-preview":"max-image-preview:large","max-video-preview":"max-video-preview:-1"},"canonical":"https:\/\/www.epen.gov.ar\/index.php\/2022\/12\/03\/el-epen-y-la-cooperativa-de-plottier-recorrieron-nuevas-obras\/","og_locale":"es_ES","og_type":"article","og_title":"EPEN - El EPEN y la Cooperativa de Plottier recorrieron nuevas obras","og_description":"El EPEN y la Cooperativa de Plottier recorrieron nuevas obras","og_url":"https:\/\/www.epen.gov.ar\/index.php\/2022\/12\/03\/el-epen-y-la-cooperativa-de-plottier-recorrieron-nuevas-obras\/","og_site_name":"EPEN","article_publisher":"https:\/\/www.facebook.com\/EPEN.Neuquen","article_published_time":"2022-12-03T14:24:17+00:00","article_modified_time":"2022-12-05T12:04:55+00:00","og_image":[{"width":1280,"height":853,"url":"https:\/\/www.epen.gov.ar\/wp-content\/uploads\/2022\/12\/WhatsApp-Image-2022-12-02-at-14.49.31-3.jpeg","type":"image\/jpeg"}],"author":"Prensa EPEN","twitter_card":"summary_large_image","twitter_creator":"@EPEN_Informa","twitter_site":"@EPEN_Informa","twitter_misc":{"Escrito por":"Prensa EPEN","Tiempo de lectura":"4 minutos"},"schema":{"@context":"https:\/\/schema.org","@graph":[{"@type":"Article","@id":"https:\/\/www.epen.gov.ar\/index.php\/2022\/12\/03\/el-epen-y-la-cooperativa-de-plottier-recorrieron-nuevas-obras\/#article","isPartOf":{"@id":"https:\/\/www.epen.gov.ar\/index.php\/2022\/12\/03\/el-epen-y-la-cooperativa-de-plottier-recorrieron-nuevas-obras\/"},"author":{"name":"Prensa EPEN","@id":"https:\/\/www.epen.gov.ar\/#\/schema\/person\/ce6cff87c2fc01264becc10fa105ad4f"},"headline":"El EPEN y la Cooperativa de Plottier recorrieron nuevas obras","datePublished":"2022-12-03T14:24:17+00:00","dateModified":"2022-12-05T12:04:55+00:00","mainEntityOfPage":{"@id":"https:\/\/www.epen.gov.ar\/index.php\/2022\/12\/03\/el-epen-y-la-cooperativa-de-plottier-recorrieron-nuevas-obras\/"},"wordCount":753,"publisher":{"@id":"https:\/\/www.epen.gov.ar\/#organization"},"image":{"@id":"https:\/\/www.epen.gov.ar\/index.php\/2022\/12\/03\/el-epen-y-la-cooperativa-de-plottier-recorrieron-nuevas-obras\/#primaryimage"},"thumbnailUrl":"https:\/\/www.epen.gov.ar\/wp-content\/uploads\/2022\/12\/WhatsApp-Image-2022-12-02-at-14.49.31-3.jpeg","keywords":["ET Valentina Norte","Plottier","Recorrido"],"articleSection":["Noticias"],"inLanguage":"es"},{"@type":"WebPage","@id":"https:\/\/www.epen.gov.ar\/index.php\/2022\/12\/03\/el-epen-y-la-cooperativa-de-plottier-recorrieron-nuevas-obras\/","url":"https:\/\/www.epen.gov.ar\/index.php\/2022\/12\/03\/el-epen-y-la-cooperativa-de-plottier-recorrieron-nuevas-obras\/","name":"EPEN - El EPEN y la Cooperativa de Plottier recorrieron nuevas obras","isPartOf":{"@id":"https:\/\/www.epen.gov.ar\/#website"},"primaryImageOfPage":{"@id":"https:\/\/www.epen.gov.ar\/index.php\/2022\/12\/03\/el-epen-y-la-cooperativa-de-plottier-recorrieron-nuevas-obras\/#primaryimage"},"image":{"@id":"https:\/\/www.epen.gov.ar\/index.php\/2022\/12\/03\/el-epen-y-la-cooperativa-de-plottier-recorrieron-nuevas-obras\/#primaryimage"},"thumbnailUrl":"https:\/\/www.epen.gov.ar\/wp-content\/uploads\/2022\/12\/WhatsApp-Image-2022-12-02-at-14.49.31-3.jpeg","datePublished":"2022-12-03T14:24:17+00:00","dateModified":"2022-12-05T12:04:55+00:00","description":"El EPEN y la Cooperativa de Plottier recorrieron nuevas obras","breadcrumb":{"@id":"https:\/\/www.epen.gov.ar\/index.php\/2022\/12\/03\/el-epen-y-la-cooperativa-de-plottier-recorrieron-nuevas-obras\/#breadcrumb"},"inLanguage":"es","potentialAction":[{"@type":"ReadAction","target":["https:\/\/www.epen.gov.ar\/index.php\/2022\/12\/03\/el-epen-y-la-cooperativa-de-plottier-recorrieron-nuevas-obras\/"]}]},{"@type":"ImageObject","inLanguage":"es","@id":"https:\/\/www.epen.gov.ar\/index.php\/2022\/12\/03\/el-epen-y-la-cooperativa-de-plottier-recorrieron-nuevas-obras\/#primaryimage","url":"https:\/\/www.epen.gov.ar\/wp-content\/uploads\/2022\/12\/WhatsApp-Image-2022-12-02-at-14.49.31-3.jpeg","contentUrl":"https:\/\/www.epen.gov.ar\/wp-content\/uploads\/2022\/12\/WhatsApp-Image-2022-12-02-at-14.49.31-3.jpeg","width":1280,"height":853,"caption":"Recorrido ET Valentina Norte"},{"@type":"BreadcrumbList","@id":"https:\/\/www.epen.gov.ar\/index.php\/2022\/12\/03\/el-epen-y-la-cooperativa-de-plottier-recorrieron-nuevas-obras\/#breadcrumb","itemListElement":[{"@type":"ListItem","position":1,"name":"Inicio","item":"https:\/\/www.epen.gov.ar\/"},{"@type":"ListItem","position":2,"name":"El EPEN y la Cooperativa de Plottier recorrieron nuevas obras"}]},{"@type":"WebSite","@id":"https:\/\/www.epen.gov.ar\/#website","url":"https:\/\/www.epen.gov.ar\/","name":"EPEN","description":"Ente Provincial de Energ\u00eda del Neuqu\u00e9n","publisher":{"@id":"https:\/\/www.epen.gov.ar\/#organization"},"potentialAction":[{"@type":"SearchAction","target":{"@type":"EntryPoint","urlTemplate":"https:\/\/www.epen.gov.ar\/?s={search_term_string}"},"query-input":{"@type":"PropertyValueSpecification","valueRequired":true,"valueName":"search_term_string"}}],"inLanguage":"es"},{"@type":"Organization","@id":"https:\/\/www.epen.gov.ar\/#organization","name":"Ente Provincial de Energ\u00eda del Neuqu\u00e9n","url":"https:\/\/www.epen.gov.ar\/","logo":{"@type":"ImageObject","inLanguage":"es","@id":"https:\/\/www.epen.gov.ar\/#\/schema\/logo\/image\/","url":"https:\/\/www.epen.gov.ar\/wp-content\/uploads\/2024\/02\/Logo-EPEN-2.jpg","contentUrl":"https:\/\/www.epen.gov.ar\/wp-content\/uploads\/2024\/02\/Logo-EPEN-2.jpg","width":696,"height":696,"caption":"Ente Provincial de Energ\u00eda del Neuqu\u00e9n"},"image":{"@id":"https:\/\/www.epen.gov.ar\/#\/schema\/logo\/image\/"},"sameAs":["https:\/\/www.facebook.com\/EPEN.Neuquen","https:\/\/x.com\/EPEN_Informa","https:\/\/www.youtube.com\/@epenprensa7384"]},{"@type":"Person","@id":"https:\/\/www.epen.gov.ar\/#\/schema\/person\/ce6cff87c2fc01264becc10fa105ad4f","name":"Prensa EPEN","image":{"@type":"ImageObject","inLanguage":"es","@id":"https:\/\/secure.gravatar.com\/avatar\/f8120b8688012ccf2d7fbcf7a970cfbabf0ab63b09c2dbd72c194bee080070e9?s=96&d=mm&r=g","url":"https:\/\/secure.gravatar.com\/avatar\/f8120b8688012ccf2d7fbcf7a970cfbabf0ab63b09c2dbd72c194bee080070e9?s=96&d=mm&r=g","contentUrl":"https:\/\/secure.gravatar.com\/avatar\/f8120b8688012ccf2d7fbcf7a970cfbabf0ab63b09c2dbd72c194bee080070e9?s=96&d=mm&r=g","caption":"Prensa EPEN"},"url":"https:\/\/www.epen.gov.ar\/index.php\/author\/admin\/"}]}},"_links":{"self":[{"href":"https:\/\/www.epen.gov.ar\/index.php\/wp-json\/wp\/v2\/posts\/88809","targetHints":{"allow":["GET"]}}],"collection":[{"href":"https:\/\/www.epen.gov.ar\/index.php\/wp-json\/wp\/v2\/posts"}],"about":[{"href":"https:\/\/www.epen.gov.ar\/index.php\/wp-json\/wp\/v2\/types\/post"}],"author":[{"embeddable":true,"href":"https:\/\/www.epen.gov.ar\/index.php\/wp-json\/wp\/v2\/users\/1"}],"replies":[{"embeddable":true,"href":"https:\/\/www.epen.gov.ar\/index.php\/wp-json\/wp\/v2\/comments?post=88809"}],"version-history":[{"count":4,"href":"https:\/\/www.epen.gov.ar\/index.php\/wp-json\/wp\/v2\/posts\/88809\/revisions"}],"predecessor-version":[{"id":88945,"href":"https:\/\/www.epen.gov.ar\/index.php\/wp-json\/wp\/v2\/posts\/88809\/revisions\/88945"}],"wp:featuredmedia":[{"embeddable":true,"href":"https:\/\/www.epen.gov.ar\/index.php\/wp-json\/wp\/v2\/media\/88824"}],"wp:attachment":[{"href":"https:\/\/www.epen.gov.ar\/index.php\/wp-json\/wp\/v2\/media?parent=88809"}],"wp:term":[{"taxonomy":"category","embeddable":true,"href":"https:\/\/www.epen.gov.ar\/index.php\/wp-json\/wp\/v2\/categories?post=88809"},{"taxonomy":"post_tag","embeddable":true,"href":"https:\/\/www.epen.gov.ar\/index.php\/wp-json\/wp\/v2\/tags?post=88809"}],"curies":[{"name":"wp","href":"https:\/\/api.w.org\/{rel}","templated":true}]}}