{"id":8830,"date":"2020-03-26T18:50:26","date_gmt":"2020-03-26T21:50:26","guid":{"rendered":"http:\/\/192.168.200.48\/?p=8830"},"modified":"2020-03-26T18:50:26","modified_gmt":"2020-03-26T21:50:26","slug":"el-epen-no-cortara-el-servicio-de-luz","status":"publish","type":"post","link":"https:\/\/www.epen.gov.ar\/index.php\/2020\/03\/26\/el-epen-no-cortara-el-servicio-de-luz\/","title":{"rendered":"El EPEN no cortar\u00e1 el servicio de luz"},"content":{"rendered":"<div class=\"fusion-fullwidth fullwidth-box fusion-builder-row-1 nonhundred-percent-fullwidth non-hundred-percent-height-scrolling\" style=\"--awb-border-radius-top-left:0px;--awb-border-radius-top-right:0px;--awb-border-radius-bottom-right:0px;--awb-border-radius-bottom-left:0px;--awb-flex-wrap:wrap;\" ><div class=\"fusion-builder-row fusion-row\"><div class=\"fusion-layout-column fusion_builder_column fusion-builder-column-0 fusion_builder_column_2_3 2_3 fusion-two-third fusion-column-first\" style=\"--awb-bg-size:cover;width:66.666666666667%;width:calc(66.666666666667% - ( ( 4% ) * 0.66666666666667 ) );margin-right: 4%;\"><div class=\"fusion-column-wrapper fusion-column-has-shadow fusion-flex-column-wrapper-legacy\"><div class=\"fusion-text fusion-text-1\"><p class=\"bajada\" style=\"text-align: justify;\"><em>El gobierno provincial adhiri\u00f3 a la medida nacional por la cual no se podr\u00e1n cortar o interrumpir los servicios en caso de mora o falta de pago de tres facturas consecutivas o alternativas, con vencimiento a partir del 1\u00b0 de marzo.<\/em><\/p>\n<p style=\"text-align: justify;\">Mediante el decreto N\u00b0 311\/20, el Poder Ejecutivo de la Naci\u00f3n estableci\u00f3 la abstenci\u00f3n de corte o suspensi\u00f3n de servicios en caso de mora o falta de pago, respecto de determinados servicios y, en atenci\u00f3n al servicio p\u00fablico prestado por los entes provinciales EPEN y EPAS, el gobierno provincial adhiri\u00f3 -mediante el decreto n\u00famero 400\/20- a la medida, en lo que respecta a quien adeude tres facturas consecutivas o alternativas con vencimiento desde el 1\u00b0 de marzo del corriente a\u00f1o y por un plazo de 180 d\u00edas.<\/p>\n<p style=\"text-align: justify;\">En este sentido, el presidente del EPEN, Francisco Zamb\u00f3n explic\u00f3 que \u201cse encuadran dentro de la norma aquellas personas que tengan una asignaci\u00f3n universal por hijo, empleadas dom\u00e9sticas, las categor\u00edas m\u00e1s bajas de monotributo, jubilados que reciban hasta dos pensiones o jubilaciones m\u00ednimas, y empresas pymes que est\u00e9n afectadas a los trabajos de la emergencia. En general apunta sobre todo a los sectores m\u00e1s vulnerables de la econom\u00eda informal o aquellos que no tienen un ingreso formal en relaci\u00f3n de dependencia\u201d.<\/p>\n<p style=\"text-align: justify;\">En cuanto al EPEN, se estima que el universo que abarca es el conjunto de usuarios asociados a la tarifa social, es decir jubilados, o personas con hasta dos salarios m\u00ednimos, o con asignaci\u00f3n universal por hijo, si bien ahora se ampl\u00eda a los monotributistas tambi\u00e9n.<\/p>\n<p style=\"text-align: justify;\">Zamb\u00f3n explic\u00f3 que \u201cen tarifa social tenemos unos 16.300 usuarios en toda la provincia. Estimamos que va a haber algunos m\u00e1s, pero esto es muy reciente. El decreto dice que el ministerio de Desarrollo de Naci\u00f3n est\u00e1 encargado de reglamentarlo. De cualquier manera, son bases de datos que tanto en AFIP como en ANSES est\u00e1n identificados, as\u00ed que estimamos habr\u00e1 un cruce entre bases de datos con nuestros clientes y all\u00ed saldr\u00e1 el universo efectivo. Estimamos que podr\u00edan ser unos 20 mil clientes. El que tenga tarifa social, de por s\u00ed est\u00e1 incluido\u201d.<\/p>\n<p style=\"text-align: justify;\"><strong>Atenci\u00f3n telef\u00f3nica y v\u00eda web<\/strong><\/p>\n<p style=\"text-align: justify;\">El presidente del EPEN detall\u00f3 como es la atenci\u00f3n al p\u00fablico por estos d\u00edas y se\u00f1al\u00f3 que \u201cprevio al decreto por el aislamiento obligatorio, ya hab\u00edamos suspendido la atenci\u00f3n al p\u00fablico, por cuestiones preventivas, y estamos atendiendo v\u00eda telef\u00f3nica en cada <a href=\"\/\/www.epen.gov.ar\/index.php\/oficina-comercial\/\">Servicio<\/a>, donde est\u00e1n identificados los tel\u00e9fonos tanto para emergencias como para consultas a cada oficina, tambi\u00e9n en la p\u00e1gina web <strong>www.epen.gov.ar<\/strong> o al correo electr\u00f3nico <strong>atencionalcliente@www.epen.gov.ar<\/strong>. Tambi\u00e9n estamos implementando el pago de facturas v\u00eda servicios electr\u00f3nicos, o transferencias bancarias, Link o Banelco para evitar que la gente se traslade a los bancos o lugares de pago\u201d.<\/p>\n<p style=\"text-align: justify;\">Para garantizar el servicio en toda la provincia, las guardias operativas contin\u00faan trabajando. \u201cDe hecho hemos tenido que atender emergencias antes de ayer en la zona norte y zona oeste de la provincia. Hoy estamos realizando un mantenimiento programado en Caviahue hasta las 17 tras detectar algunas estructuras comprometidas, y para evitar alg\u00fan corte intempestivo decidimos intervenir con un mantenimiento preventivo\u201d, dijo.<\/p>\n<p style=\"text-align: justify;\">Adem\u00e1s, agreg\u00f3 que \u201ctrabajan las guardias ante eventos y en las centrales de generaci\u00f3n tenemos personal permanente como tambi\u00e9n en los centros de control, cuidando todas las medidas de prevenci\u00f3n\u201d.<\/p>\n<p style=\"text-align: justify;\">En lo que a atenci\u00f3n al p\u00fablico se refiere, indic\u00f3 que \u201cse ha mantenido abierto en el interior tanto en Zapala, Las Ovejas y Chos Malal -restringidos a d\u00edas lunes y jueves- para quienes tengan servicio de energ\u00eda prepagos, que no tienen m\u00e1s opci\u00f3n que comprar de manera presencial hasta el momento. No obstante, estamos implementando un sistema por venta telef\u00f3nica que va a estar disponible, estimo a partir de ma\u00f1ana viernes, para los sistemas prepagos que se ubican en zona rural del norte y oeste de la provincia\u201d.<\/p>\n<\/div><div class=\"fusion-clearfix\"><\/div><\/div><\/div><div class=\"fusion-layout-column fusion_builder_column fusion-builder-column-1 fusion_builder_column_1_3 1_3 fusion-one-third fusion-column-last\" style=\"--awb-bg-size:cover;width:33.333333333333%;width:calc(33.333333333333% - ( ( 4% ) * 0.33333333333333 ) );\"><div class=\"fusion-column-wrapper fusion-column-has-shadow fusion-flex-column-wrapper-legacy\"><div class=\"fusion-widget-area awb-widget-area-element fusion-widget-area-1 fusion-content-widget-area\" style=\"--awb-title-size:20px;--awb-title-color:#333333;--awb-padding:0px 0px 0px 0px;\"><style type=\"text\/css\" data-id=\"tweets-widget-2\">#tweets-widget-2 li { border-color:#eaeaea;}<\/style><section id=\"tweets-widget-2\" class=\"widget tweets\" style=\"border-style: solid;border-color: #eaeaea;border-color:transparent;border-width:0px;\">\t\t\t\t\n\t\t<div style=\"overflow:hidden\">\n\t\t\t\t\t\t\t\t\t\t\t<a class=\"twitter-timeline\" data-dnt=\"true\" href=\"https:\/\/twitter.com\/@EPEN_Informa\" data-width=\"500\" data-height=\"300\" width=\"500\" height=\"300\" data-theme=\"light\" data-link-color=\"##25a9bd\" data-border-color=\"#eaeaea\" data-chrome=\"\">Tweets por @EPEN_Informa<\/a>\n\t\t\t\t\t\t\t\n\t\t\t\t\t\t\t\t\t\t\t<script async src=\"\/\/platform.twitter.com\/widgets.js\" charset=\"utf-8\"><\/script>\n\t\t\t\t\t\t\t\n\t\t<\/div>\n\t\t<\/section>\n\t\t<section id=\"recent-posts-3\" class=\"widget widget_recent_entries\" style=\"border-style: solid;border-color:transparent;border-width:0px;\">\n\t\t<div class=\"heading\"><h4 class=\"widget-title\">Entradas recientes<\/h4><\/div>\n\t\t<ul>\n\t\t\t\t\t\t\t\t\t\t\t<li>\n\t\t\t\t\t<a href=\"https:\/\/www.epen.gov.ar\/index.php\/2026\/04\/30\/corte-programado-en-sectores-de-rincon-de-los-sauces-el-02-05-2026\/\">Corte Programado en sectores de Rinc\u00f3n de los Sauces el 02\/05\/2026<\/a>\n\t\t\t\t\t\t\t\t\t\t\t<span class=\"post-date\">30\/04\/2026<\/span>\n\t\t\t\t\t\t\t\t\t<\/li>\n\t\t\t\t\t\t\t\t\t\t\t<li>\n\t\t\t\t\t<a href=\"https:\/\/www.epen.gov.ar\/index.php\/2026\/04\/30\/licitacion-publica-n-14-2026-contratacion-de-servicios-de-desarrollo-y-mantenimiento-de-sistemas-informaticos\/\">LICITACI\u00d3N P\u00daBLICA N\u00b0 14\/2026 CONTRATACI\u00d3N DE SERVICIOS DE DESARROLLO Y MANTENIMIENTO DE SISTEMAS INFORM\u00c1TICOS<\/a>\n\t\t\t\t\t\t\t\t\t\t\t<span class=\"post-date\">30\/04\/2026<\/span>\n\t\t\t\t\t\t\t\t\t<\/li>\n\t\t\t\t\t\t\t\t\t\t\t<li>\n\t\t\t\t\t<a href=\"https:\/\/www.epen.gov.ar\/index.php\/2026\/04\/29\/corte-programado-en-sectores-de-centenario-el-30-04-2026\/\">Corte Programado en sectores de Centenario el 30\/04\/2026<\/a>\n\t\t\t\t\t\t\t\t\t\t\t<span class=\"post-date\">29\/04\/2026<\/span>\n\t\t\t\t\t\t\t\t\t<\/li>\n\t\t\t\t\t\t\t\t\t\t\t<li>\n\t\t\t\t\t<a href=\"https:\/\/www.epen.gov.ar\/index.php\/2026\/04\/28\/el-epen-impulsa-el-desarrollo-de-varvarco-con-nueva-infraestructura-para-17-lotes\/\">El EPEN impulsa el desarrollo de Varvarco con nueva infraestructura para 17 lotes<\/a>\n\t\t\t\t\t\t\t\t\t\t\t<span class=\"post-date\">28\/04\/2026<\/span>\n\t\t\t\t\t\t\t\t\t<\/li>\n\t\t\t\t\t\t\t\t\t\t\t<li>\n\t\t\t\t\t<a href=\"https:\/\/www.epen.gov.ar\/index.php\/2026\/04\/28\/corte-programado-en-sectores-de-zona-nahueve-el-30-04-2026\/\">Corte Programado en sectores de zona Nahueve el 30\/04\/2026<\/a>\n\t\t\t\t\t\t\t\t\t\t\t<span class=\"post-date\">28\/04\/2026<\/span>\n\t\t\t\t\t\t\t\t\t<\/li>\n\t\t\t\t\t<\/ul>\n\n\t\t<\/section><div class=\"fusion-additional-widget-content\"><\/div><\/div><div class=\"fusion-clearfix\"><\/div><\/div><\/div><\/div><\/div>\n","protected":false},"excerpt":{"rendered":"","protected":false},"author":1,"featured_media":8842,"comment_status":"open","ping_status":"open","sticky":false,"template":"","format":"standard","meta":{"_exactmetrics_skip_tracking":false,"_exactmetrics_sitenote_active":false,"_exactmetrics_sitenote_note":"","_exactmetrics_sitenote_category":0,"footnotes":""},"categories":[84],"tags":[],"class_list":["post-8830","post","type-post","status-publish","format-standard","has-post-thumbnail","hentry","category-noticias"],"yoast_head":"<!-- This site is optimized with the Yoast SEO plugin v27.2 - https:\/\/yoast.com\/product\/yoast-seo-wordpress\/ -->\n<title>EPEN - El EPEN no cortar\u00e1 el servicio de luz<\/title>\n<meta name=\"description\" content=\"El EPEN no cortar\u00e1 el servicio de luz Noticias\" \/>\n<meta name=\"robots\" content=\"index, follow, max-snippet:-1, max-image-preview:large, max-video-preview:-1\" \/>\n<link rel=\"canonical\" href=\"https:\/\/www.epen.gov.ar\/index.php\/2020\/03\/26\/el-epen-no-cortara-el-servicio-de-luz\/\" \/>\n<meta property=\"og:locale\" content=\"es_ES\" \/>\n<meta property=\"og:type\" content=\"article\" \/>\n<meta property=\"og:title\" content=\"EPEN - El EPEN no cortar\u00e1 el servicio de luz\" \/>\n<meta property=\"og:description\" content=\"El EPEN no cortar\u00e1 el servicio de luz Noticias\" \/>\n<meta property=\"og:url\" content=\"https:\/\/www.epen.gov.ar\/index.php\/2020\/03\/26\/el-epen-no-cortara-el-servicio-de-luz\/\" \/>\n<meta property=\"og:site_name\" content=\"EPEN\" \/>\n<meta property=\"article:publisher\" content=\"https:\/\/www.facebook.com\/EPEN.Neuquen\" \/>\n<meta property=\"article:published_time\" content=\"2020-03-26T21:50:26+00:00\" \/>\n<meta property=\"og:image\" content=\"https:\/\/www.epen.gov.ar\/wp-content\/uploads\/2020\/03\/WEB-Francisco-Zambon_4451-1068x605-1.jpg\" \/>\n\t<meta property=\"og:image:width\" content=\"1068\" \/>\n\t<meta property=\"og:image:height\" content=\"605\" \/>\n\t<meta property=\"og:image:type\" content=\"image\/jpeg\" \/>\n<meta name=\"author\" content=\"Prensa EPEN\" \/>\n<meta name=\"twitter:card\" content=\"summary_large_image\" \/>\n<meta name=\"twitter:creator\" content=\"@EPEN_Informa\" \/>\n<meta name=\"twitter:site\" content=\"@EPEN_Informa\" \/>\n<meta name=\"twitter:label1\" content=\"Escrito por\" \/>\n\t<meta name=\"twitter:data1\" content=\"Prensa EPEN\" \/>\n\t<meta name=\"twitter:label2\" content=\"Tiempo de lectura\" \/>\n\t<meta name=\"twitter:data2\" content=\"5 minutos\" \/>\n<script type=\"application\/ld+json\" class=\"yoast-schema-graph\">{\"@context\":\"https:\/\/schema.org\",\"@graph\":[{\"@type\":\"Article\",\"@id\":\"https:\/\/www.epen.gov.ar\/index.php\/2020\/03\/26\/el-epen-no-cortara-el-servicio-de-luz\/#article\",\"isPartOf\":{\"@id\":\"https:\/\/www.epen.gov.ar\/index.php\/2020\/03\/26\/el-epen-no-cortara-el-servicio-de-luz\/\"},\"author\":{\"name\":\"Prensa EPEN\",\"@id\":\"https:\/\/www.epen.gov.ar\/#\/schema\/person\/ce6cff87c2fc01264becc10fa105ad4f\"},\"headline\":\"El EPEN no cortar\u00e1 el servicio de luz\",\"datePublished\":\"2020-03-26T21:50:26+00:00\",\"mainEntityOfPage\":{\"@id\":\"https:\/\/www.epen.gov.ar\/index.php\/2020\/03\/26\/el-epen-no-cortara-el-servicio-de-luz\/\"},\"wordCount\":1060,\"commentCount\":0,\"publisher\":{\"@id\":\"https:\/\/www.epen.gov.ar\/#organization\"},\"image\":{\"@id\":\"https:\/\/www.epen.gov.ar\/index.php\/2020\/03\/26\/el-epen-no-cortara-el-servicio-de-luz\/#primaryimage\"},\"thumbnailUrl\":\"https:\/\/www.epen.gov.ar\/wp-content\/uploads\/2020\/03\/WEB-Francisco-Zambon_4451-1068x605-1.jpg\",\"articleSection\":[\"Noticias\"],\"inLanguage\":\"es\",\"potentialAction\":[{\"@type\":\"CommentAction\",\"name\":\"Comment\",\"target\":[\"https:\/\/www.epen.gov.ar\/index.php\/2020\/03\/26\/el-epen-no-cortara-el-servicio-de-luz\/#respond\"]}]},{\"@type\":\"WebPage\",\"@id\":\"https:\/\/www.epen.gov.ar\/index.php\/2020\/03\/26\/el-epen-no-cortara-el-servicio-de-luz\/\",\"url\":\"https:\/\/www.epen.gov.ar\/index.php\/2020\/03\/26\/el-epen-no-cortara-el-servicio-de-luz\/\",\"name\":\"EPEN - El EPEN no cortar\u00e1 el servicio de luz\",\"isPartOf\":{\"@id\":\"https:\/\/www.epen.gov.ar\/#website\"},\"primaryImageOfPage\":{\"@id\":\"https:\/\/www.epen.gov.ar\/index.php\/2020\/03\/26\/el-epen-no-cortara-el-servicio-de-luz\/#primaryimage\"},\"image\":{\"@id\":\"https:\/\/www.epen.gov.ar\/index.php\/2020\/03\/26\/el-epen-no-cortara-el-servicio-de-luz\/#primaryimage\"},\"thumbnailUrl\":\"https:\/\/www.epen.gov.ar\/wp-content\/uploads\/2020\/03\/WEB-Francisco-Zambon_4451-1068x605-1.jpg\",\"datePublished\":\"2020-03-26T21:50:26+00:00\",\"description\":\"El EPEN no cortar\u00e1 el servicio de luz Noticias\",\"breadcrumb\":{\"@id\":\"https:\/\/www.epen.gov.ar\/index.php\/2020\/03\/26\/el-epen-no-cortara-el-servicio-de-luz\/#breadcrumb\"},\"inLanguage\":\"es\",\"potentialAction\":[{\"@type\":\"ReadAction\",\"target\":[\"https:\/\/www.epen.gov.ar\/index.php\/2020\/03\/26\/el-epen-no-cortara-el-servicio-de-luz\/\"]}]},{\"@type\":\"ImageObject\",\"inLanguage\":\"es\",\"@id\":\"https:\/\/www.epen.gov.ar\/index.php\/2020\/03\/26\/el-epen-no-cortara-el-servicio-de-luz\/#primaryimage\",\"url\":\"https:\/\/www.epen.gov.ar\/wp-content\/uploads\/2020\/03\/WEB-Francisco-Zambon_4451-1068x605-1.jpg\",\"contentUrl\":\"https:\/\/www.epen.gov.ar\/wp-content\/uploads\/2020\/03\/WEB-Francisco-Zambon_4451-1068x605-1.jpg\",\"width\":1068,\"height\":605},{\"@type\":\"BreadcrumbList\",\"@id\":\"https:\/\/www.epen.gov.ar\/index.php\/2020\/03\/26\/el-epen-no-cortara-el-servicio-de-luz\/#breadcrumb\",\"itemListElement\":[{\"@type\":\"ListItem\",\"position\":1,\"name\":\"Inicio\",\"item\":\"https:\/\/www.epen.gov.ar\/\"},{\"@type\":\"ListItem\",\"position\":2,\"name\":\"El EPEN no cortar\u00e1 el servicio de luz\"}]},{\"@type\":\"WebSite\",\"@id\":\"https:\/\/www.epen.gov.ar\/#website\",\"url\":\"https:\/\/www.epen.gov.ar\/\",\"name\":\"EPEN\",\"description\":\"Ente Provincial de Energ\u00eda del Neuqu\u00e9n\",\"publisher\":{\"@id\":\"https:\/\/www.epen.gov.ar\/#organization\"},\"potentialAction\":[{\"@type\":\"SearchAction\",\"target\":{\"@type\":\"EntryPoint\",\"urlTemplate\":\"https:\/\/www.epen.gov.ar\/?s={search_term_string}\"},\"query-input\":{\"@type\":\"PropertyValueSpecification\",\"valueRequired\":true,\"valueName\":\"search_term_string\"}}],\"inLanguage\":\"es\"},{\"@type\":\"Organization\",\"@id\":\"https:\/\/www.epen.gov.ar\/#organization\",\"name\":\"Ente Provincial de Energ\u00eda del Neuqu\u00e9n\",\"url\":\"https:\/\/www.epen.gov.ar\/\",\"logo\":{\"@type\":\"ImageObject\",\"inLanguage\":\"es\",\"@id\":\"https:\/\/www.epen.gov.ar\/#\/schema\/logo\/image\/\",\"url\":\"https:\/\/www.epen.gov.ar\/wp-content\/uploads\/2024\/02\/Logo-EPEN-2.jpg\",\"contentUrl\":\"https:\/\/www.epen.gov.ar\/wp-content\/uploads\/2024\/02\/Logo-EPEN-2.jpg\",\"width\":696,\"height\":696,\"caption\":\"Ente Provincial de Energ\u00eda del Neuqu\u00e9n\"},\"image\":{\"@id\":\"https:\/\/www.epen.gov.ar\/#\/schema\/logo\/image\/\"},\"sameAs\":[\"https:\/\/www.facebook.com\/EPEN.Neuquen\",\"https:\/\/x.com\/EPEN_Informa\",\"https:\/\/www.youtube.com\/@epenprensa7384\"]},{\"@type\":\"Person\",\"@id\":\"https:\/\/www.epen.gov.ar\/#\/schema\/person\/ce6cff87c2fc01264becc10fa105ad4f\",\"name\":\"Prensa EPEN\",\"image\":{\"@type\":\"ImageObject\",\"inLanguage\":\"es\",\"@id\":\"https:\/\/secure.gravatar.com\/avatar\/f8120b8688012ccf2d7fbcf7a970cfbabf0ab63b09c2dbd72c194bee080070e9?s=96&d=mm&r=g\",\"url\":\"https:\/\/secure.gravatar.com\/avatar\/f8120b8688012ccf2d7fbcf7a970cfbabf0ab63b09c2dbd72c194bee080070e9?s=96&d=mm&r=g\",\"contentUrl\":\"https:\/\/secure.gravatar.com\/avatar\/f8120b8688012ccf2d7fbcf7a970cfbabf0ab63b09c2dbd72c194bee080070e9?s=96&d=mm&r=g\",\"caption\":\"Prensa EPEN\"},\"url\":\"https:\/\/www.epen.gov.ar\/index.php\/author\/admin\/\"}]}<\/script>\n<!-- \/ Yoast SEO plugin. -->","yoast_head_json":{"title":"EPEN - El EPEN no cortar\u00e1 el servicio de luz","description":"El EPEN no cortar\u00e1 el servicio de luz Noticias","robots":{"index":"index","follow":"follow","max-snippet":"max-snippet:-1","max-image-preview":"max-image-preview:large","max-video-preview":"max-video-preview:-1"},"canonical":"https:\/\/www.epen.gov.ar\/index.php\/2020\/03\/26\/el-epen-no-cortara-el-servicio-de-luz\/","og_locale":"es_ES","og_type":"article","og_title":"EPEN - El EPEN no cortar\u00e1 el servicio de luz","og_description":"El EPEN no cortar\u00e1 el servicio de luz Noticias","og_url":"https:\/\/www.epen.gov.ar\/index.php\/2020\/03\/26\/el-epen-no-cortara-el-servicio-de-luz\/","og_site_name":"EPEN","article_publisher":"https:\/\/www.facebook.com\/EPEN.Neuquen","article_published_time":"2020-03-26T21:50:26+00:00","og_image":[{"width":1068,"height":605,"url":"https:\/\/www.epen.gov.ar\/wp-content\/uploads\/2020\/03\/WEB-Francisco-Zambon_4451-1068x605-1.jpg","type":"image\/jpeg"}],"author":"Prensa EPEN","twitter_card":"summary_large_image","twitter_creator":"@EPEN_Informa","twitter_site":"@EPEN_Informa","twitter_misc":{"Escrito por":"Prensa EPEN","Tiempo de lectura":"5 minutos"},"schema":{"@context":"https:\/\/schema.org","@graph":[{"@type":"Article","@id":"https:\/\/www.epen.gov.ar\/index.php\/2020\/03\/26\/el-epen-no-cortara-el-servicio-de-luz\/#article","isPartOf":{"@id":"https:\/\/www.epen.gov.ar\/index.php\/2020\/03\/26\/el-epen-no-cortara-el-servicio-de-luz\/"},"author":{"name":"Prensa EPEN","@id":"https:\/\/www.epen.gov.ar\/#\/schema\/person\/ce6cff87c2fc01264becc10fa105ad4f"},"headline":"El EPEN no cortar\u00e1 el servicio de luz","datePublished":"2020-03-26T21:50:26+00:00","mainEntityOfPage":{"@id":"https:\/\/www.epen.gov.ar\/index.php\/2020\/03\/26\/el-epen-no-cortara-el-servicio-de-luz\/"},"wordCount":1060,"commentCount":0,"publisher":{"@id":"https:\/\/www.epen.gov.ar\/#organization"},"image":{"@id":"https:\/\/www.epen.gov.ar\/index.php\/2020\/03\/26\/el-epen-no-cortara-el-servicio-de-luz\/#primaryimage"},"thumbnailUrl":"https:\/\/www.epen.gov.ar\/wp-content\/uploads\/2020\/03\/WEB-Francisco-Zambon_4451-1068x605-1.jpg","articleSection":["Noticias"],"inLanguage":"es","potentialAction":[{"@type":"CommentAction","name":"Comment","target":["https:\/\/www.epen.gov.ar\/index.php\/2020\/03\/26\/el-epen-no-cortara-el-servicio-de-luz\/#respond"]}]},{"@type":"WebPage","@id":"https:\/\/www.epen.gov.ar\/index.php\/2020\/03\/26\/el-epen-no-cortara-el-servicio-de-luz\/","url":"https:\/\/www.epen.gov.ar\/index.php\/2020\/03\/26\/el-epen-no-cortara-el-servicio-de-luz\/","name":"EPEN - El EPEN no cortar\u00e1 el servicio de luz","isPartOf":{"@id":"https:\/\/www.epen.gov.ar\/#website"},"primaryImageOfPage":{"@id":"https:\/\/www.epen.gov.ar\/index.php\/2020\/03\/26\/el-epen-no-cortara-el-servicio-de-luz\/#primaryimage"},"image":{"@id":"https:\/\/www.epen.gov.ar\/index.php\/2020\/03\/26\/el-epen-no-cortara-el-servicio-de-luz\/#primaryimage"},"thumbnailUrl":"https:\/\/www.epen.gov.ar\/wp-content\/uploads\/2020\/03\/WEB-Francisco-Zambon_4451-1068x605-1.jpg","datePublished":"2020-03-26T21:50:26+00:00","description":"El EPEN no cortar\u00e1 el servicio de luz Noticias","breadcrumb":{"@id":"https:\/\/www.epen.gov.ar\/index.php\/2020\/03\/26\/el-epen-no-cortara-el-servicio-de-luz\/#breadcrumb"},"inLanguage":"es","potentialAction":[{"@type":"ReadAction","target":["https:\/\/www.epen.gov.ar\/index.php\/2020\/03\/26\/el-epen-no-cortara-el-servicio-de-luz\/"]}]},{"@type":"ImageObject","inLanguage":"es","@id":"https:\/\/www.epen.gov.ar\/index.php\/2020\/03\/26\/el-epen-no-cortara-el-servicio-de-luz\/#primaryimage","url":"https:\/\/www.epen.gov.ar\/wp-content\/uploads\/2020\/03\/WEB-Francisco-Zambon_4451-1068x605-1.jpg","contentUrl":"https:\/\/www.epen.gov.ar\/wp-content\/uploads\/2020\/03\/WEB-Francisco-Zambon_4451-1068x605-1.jpg","width":1068,"height":605},{"@type":"BreadcrumbList","@id":"https:\/\/www.epen.gov.ar\/index.php\/2020\/03\/26\/el-epen-no-cortara-el-servicio-de-luz\/#breadcrumb","itemListElement":[{"@type":"ListItem","position":1,"name":"Inicio","item":"https:\/\/www.epen.gov.ar\/"},{"@type":"ListItem","position":2,"name":"El EPEN no cortar\u00e1 el servicio de luz"}]},{"@type":"WebSite","@id":"https:\/\/www.epen.gov.ar\/#website","url":"https:\/\/www.epen.gov.ar\/","name":"EPEN","description":"Ente Provincial de Energ\u00eda del Neuqu\u00e9n","publisher":{"@id":"https:\/\/www.epen.gov.ar\/#organization"},"potentialAction":[{"@type":"SearchAction","target":{"@type":"EntryPoint","urlTemplate":"https:\/\/www.epen.gov.ar\/?s={search_term_string}"},"query-input":{"@type":"PropertyValueSpecification","valueRequired":true,"valueName":"search_term_string"}}],"inLanguage":"es"},{"@type":"Organization","@id":"https:\/\/www.epen.gov.ar\/#organization","name":"Ente Provincial de Energ\u00eda del Neuqu\u00e9n","url":"https:\/\/www.epen.gov.ar\/","logo":{"@type":"ImageObject","inLanguage":"es","@id":"https:\/\/www.epen.gov.ar\/#\/schema\/logo\/image\/","url":"https:\/\/www.epen.gov.ar\/wp-content\/uploads\/2024\/02\/Logo-EPEN-2.jpg","contentUrl":"https:\/\/www.epen.gov.ar\/wp-content\/uploads\/2024\/02\/Logo-EPEN-2.jpg","width":696,"height":696,"caption":"Ente Provincial de Energ\u00eda del Neuqu\u00e9n"},"image":{"@id":"https:\/\/www.epen.gov.ar\/#\/schema\/logo\/image\/"},"sameAs":["https:\/\/www.facebook.com\/EPEN.Neuquen","https:\/\/x.com\/EPEN_Informa","https:\/\/www.youtube.com\/@epenprensa7384"]},{"@type":"Person","@id":"https:\/\/www.epen.gov.ar\/#\/schema\/person\/ce6cff87c2fc01264becc10fa105ad4f","name":"Prensa EPEN","image":{"@type":"ImageObject","inLanguage":"es","@id":"https:\/\/secure.gravatar.com\/avatar\/f8120b8688012ccf2d7fbcf7a970cfbabf0ab63b09c2dbd72c194bee080070e9?s=96&d=mm&r=g","url":"https:\/\/secure.gravatar.com\/avatar\/f8120b8688012ccf2d7fbcf7a970cfbabf0ab63b09c2dbd72c194bee080070e9?s=96&d=mm&r=g","contentUrl":"https:\/\/secure.gravatar.com\/avatar\/f8120b8688012ccf2d7fbcf7a970cfbabf0ab63b09c2dbd72c194bee080070e9?s=96&d=mm&r=g","caption":"Prensa EPEN"},"url":"https:\/\/www.epen.gov.ar\/index.php\/author\/admin\/"}]}},"_links":{"self":[{"href":"https:\/\/www.epen.gov.ar\/index.php\/wp-json\/wp\/v2\/posts\/8830","targetHints":{"allow":["GET"]}}],"collection":[{"href":"https:\/\/www.epen.gov.ar\/index.php\/wp-json\/wp\/v2\/posts"}],"about":[{"href":"https:\/\/www.epen.gov.ar\/index.php\/wp-json\/wp\/v2\/types\/post"}],"author":[{"embeddable":true,"href":"https:\/\/www.epen.gov.ar\/index.php\/wp-json\/wp\/v2\/users\/1"}],"replies":[{"embeddable":true,"href":"https:\/\/www.epen.gov.ar\/index.php\/wp-json\/wp\/v2\/comments?post=8830"}],"version-history":[{"count":2,"href":"https:\/\/www.epen.gov.ar\/index.php\/wp-json\/wp\/v2\/posts\/8830\/revisions"}],"predecessor-version":[{"id":67496,"href":"https:\/\/www.epen.gov.ar\/index.php\/wp-json\/wp\/v2\/posts\/8830\/revisions\/67496"}],"wp:featuredmedia":[{"embeddable":true,"href":"https:\/\/www.epen.gov.ar\/index.php\/wp-json\/wp\/v2\/media\/8842"}],"wp:attachment":[{"href":"https:\/\/www.epen.gov.ar\/index.php\/wp-json\/wp\/v2\/media?parent=8830"}],"wp:term":[{"taxonomy":"category","embeddable":true,"href":"https:\/\/www.epen.gov.ar\/index.php\/wp-json\/wp\/v2\/categories?post=8830"},{"taxonomy":"post_tag","embeddable":true,"href":"https:\/\/www.epen.gov.ar\/index.php\/wp-json\/wp\/v2\/tags?post=8830"}],"curies":[{"name":"wp","href":"https:\/\/api.w.org\/{rel}","templated":true}]}}