{"id":86500,"date":"2022-11-11T19:18:43","date_gmt":"2022-11-11T22:18:43","guid":{"rendered":"http:\/\/192.168.200.48\/?p=86500"},"modified":"2022-11-11T19:18:43","modified_gmt":"2022-11-11T22:18:43","slug":"el-epen-presente-en-el-1er-encuentro-regional-de-robotica-y-programacion","status":"publish","type":"post","link":"https:\/\/www.epen.gov.ar\/index.php\/2022\/11\/11\/el-epen-presente-en-el-1er-encuentro-regional-de-robotica-y-programacion\/","title":{"rendered":"El EPEN presente en el 1er encuentro Regional de Rob\u00f3tica y Programaci\u00f3n"},"content":{"rendered":"<div class=\"fusion-fullwidth fullwidth-box fusion-builder-row-1 nonhundred-percent-fullwidth non-hundred-percent-height-scrolling\" style=\"--awb-border-radius-top-left:0px;--awb-border-radius-top-right:0px;--awb-border-radius-bottom-right:0px;--awb-border-radius-bottom-left:0px;--awb-flex-wrap:wrap;\" ><div class=\"fusion-builder-row fusion-row\"><div class=\"fusion-layout-column fusion_builder_column fusion-builder-column-0 fusion_builder_column_2_3 2_3 fusion-two-third fusion-column-first\" style=\"--awb-bg-size:cover;width:66.666666666667%;width:calc(66.666666666667% - ( ( 4% ) * 0.66666666666667 ) );margin-right: 4%;\"><div class=\"fusion-column-wrapper fusion-column-has-shadow fusion-flex-column-wrapper-legacy\"><div class=\"fusion-text fusion-text-1\"><p style=\"text-align: justify;\"><em>El Ente provincial present\u00f3 el desarrollo de un dispositivo que realiza toma estado tanto de medidores tradicionales como \u201cinteligentes\u201d de manera autom\u00e1tica.\u00a0<\/em><\/p>\n<p style=\"text-align: justify;\">El Ente Provincial de Energ\u00eda del Neuqu\u00e9n (EPEN dependiente de la Secretar\u00eda general y Servicios P\u00fablicos, informa que, su Unidad de Control de Mediciones de energ\u00eda el\u00e9ctrica, y personal del laboratorio de mediciones particip\u00f3 del Primer Encuentro Regional de Rob\u00f3tica y Programaci\u00f3n que se realiz\u00f3 hoy en el sal\u00f3n principal de la EPET 8 en Neuqu\u00e9n capital. All\u00ed se realiz\u00f3 la presentaci\u00f3n de un dise\u00f1o y desarrollo de un dispositivo de lectura remoto de los estados del medidor. Participaron adem\u00e1s el Gerente\u00a0General del EPEN Mario Moya y la gerente de Comercializaci\u00f3n, Ver\u00f3nica Carbone.<\/p>\n<p><img decoding=\"async\" class=\"alignnone size-large wp-image-86514\" src=\"https:\/\/www.epen.gov.ar\/wp-content\/uploads\/2022\/11\/11-11-2022-EPEN-en-el-Congresao-de-Robotica-de-Neuquen-3-1280x576.jpeg\" alt=\"\" width=\"1280\" height=\"576\" srcset=\"https:\/\/www.epen.gov.ar\/wp-content\/uploads\/2022\/11\/11-11-2022-EPEN-en-el-Congresao-de-Robotica-de-Neuquen-3-200x90.jpeg 200w, https:\/\/www.epen.gov.ar\/wp-content\/uploads\/2022\/11\/11-11-2022-EPEN-en-el-Congresao-de-Robotica-de-Neuquen-3-300x135.jpeg 300w, https:\/\/www.epen.gov.ar\/wp-content\/uploads\/2022\/11\/11-11-2022-EPEN-en-el-Congresao-de-Robotica-de-Neuquen-3-400x180.jpeg 400w, https:\/\/www.epen.gov.ar\/wp-content\/uploads\/2022\/11\/11-11-2022-EPEN-en-el-Congresao-de-Robotica-de-Neuquen-3-600x270.jpeg 600w, https:\/\/www.epen.gov.ar\/wp-content\/uploads\/2022\/11\/11-11-2022-EPEN-en-el-Congresao-de-Robotica-de-Neuquen-3-768x346.jpeg 768w, https:\/\/www.epen.gov.ar\/wp-content\/uploads\/2022\/11\/11-11-2022-EPEN-en-el-Congresao-de-Robotica-de-Neuquen-3-800x360.jpeg 800w, https:\/\/www.epen.gov.ar\/wp-content\/uploads\/2022\/11\/11-11-2022-EPEN-en-el-Congresao-de-Robotica-de-Neuquen-3-1200x540.jpeg 1200w, https:\/\/www.epen.gov.ar\/wp-content\/uploads\/2022\/11\/11-11-2022-EPEN-en-el-Congresao-de-Robotica-de-Neuquen-3-1280x576.jpeg 1280w, https:\/\/www.epen.gov.ar\/wp-content\/uploads\/2022\/11\/11-11-2022-EPEN-en-el-Congresao-de-Robotica-de-Neuquen-3-1536x691.jpeg 1536w, https:\/\/www.epen.gov.ar\/wp-content\/uploads\/2022\/11\/11-11-2022-EPEN-en-el-Congresao-de-Robotica-de-Neuquen-3.jpeg 1600w\" sizes=\"(max-width: 1280px) 100vw, 1280px\" \/><\/p>\n<p style=\"text-align: justify;\">Dicho dispositivo, presenta un sensor con un visor \u00f3ptico para tomar estado en medidores tradicionales, que disminuye los posibles errores de lectura. En tanto, para los medidores inteligentes, (comandados a distancia) la informaci\u00f3n es enviada a trav\u00e9s de una red WI-FI que genera el mismo dispositivo, y la env\u00eda al celular que posee el personal operativo. Adem\u00e1s, puede extraer los datos almacenados y par\u00e1metros, mejorando el control de la toma estado.<\/p>\n<p><img decoding=\"async\" class=\"alignnone size-full wp-image-86513\" src=\"https:\/\/www.epen.gov.ar\/wp-content\/uploads\/2022\/11\/11-11-2022-EPEN-en-el-Congresao-de-Robotica-de-Neuquen-2.jpeg\" alt=\"\" width=\"1280\" height=\"720\" srcset=\"https:\/\/www.epen.gov.ar\/wp-content\/uploads\/2022\/11\/11-11-2022-EPEN-en-el-Congresao-de-Robotica-de-Neuquen-2-200x113.jpeg 200w, https:\/\/www.epen.gov.ar\/wp-content\/uploads\/2022\/11\/11-11-2022-EPEN-en-el-Congresao-de-Robotica-de-Neuquen-2-300x169.jpeg 300w, https:\/\/www.epen.gov.ar\/wp-content\/uploads\/2022\/11\/11-11-2022-EPEN-en-el-Congresao-de-Robotica-de-Neuquen-2-400x225.jpeg 400w, https:\/\/www.epen.gov.ar\/wp-content\/uploads\/2022\/11\/11-11-2022-EPEN-en-el-Congresao-de-Robotica-de-Neuquen-2-600x338.jpeg 600w, https:\/\/www.epen.gov.ar\/wp-content\/uploads\/2022\/11\/11-11-2022-EPEN-en-el-Congresao-de-Robotica-de-Neuquen-2-768x432.jpeg 768w, https:\/\/www.epen.gov.ar\/wp-content\/uploads\/2022\/11\/11-11-2022-EPEN-en-el-Congresao-de-Robotica-de-Neuquen-2-800x450.jpeg 800w, https:\/\/www.epen.gov.ar\/wp-content\/uploads\/2022\/11\/11-11-2022-EPEN-en-el-Congresao-de-Robotica-de-Neuquen-2-1200x675.jpeg 1200w, https:\/\/www.epen.gov.ar\/wp-content\/uploads\/2022\/11\/11-11-2022-EPEN-en-el-Congresao-de-Robotica-de-Neuquen-2.jpeg 1280w\" sizes=\"(max-width: 1280px) 100vw, 1280px\" \/><\/p>\n<p style=\"text-align: justify;\">Las tareas realizadas por el Laboratorio de Mediciones del EPEN son clave para seguir mejorando la calidad de medici\u00f3n de los consumos de los usuarios, y de esta manera mejorar la calidad del servicio como tambi\u00e9n lo es la tarea de cada Servicio El\u00e9ctrico, que se encarga de la instalaci\u00f3n y mantenimiento de estos aparatos.<\/p>\n<p style=\"text-align: justify;\">En los \u00faltimos a\u00f1os, los medidores \u201cinteligentes\u201d se convirtieron en una herramienta de diagn\u00f3stico fundamental, donde se puede obtener informaci\u00f3n de los consumos en minutos u horas, que se controla y procesa en el Laboratorio. Hoy suman 16 mil los medidores inteligentes entre los usuarios residenciales, y la cifra ha tenido un crecimiento sostenido en los \u00faltimos meses. Hace un a\u00f1o hab\u00eda 3 ciudades con ese sistema y se ha llegado a 11 localidades.<\/p>\n<p style=\"text-align: justify;\">En cuanto al novedoso dispositivo creado por personal del EPEN, no s\u00f3lo se hizo el dise\u00f1o electr\u00f3nico sino que tambi\u00e9n es propio el dise\u00f1o de la caja que lo contiene, y que fue realizado en una impresora 3D.<\/p>\n<\/div><div class=\"fusion-clearfix\"><\/div><\/div><\/div><div class=\"fusion-layout-column fusion_builder_column fusion-builder-column-1 fusion_builder_column_1_3 1_3 fusion-one-third fusion-column-last\" style=\"--awb-bg-size:cover;width:33.333333333333%;width:calc(33.333333333333% - ( ( 4% ) * 0.33333333333333 ) );\"><div class=\"fusion-column-wrapper fusion-column-has-shadow fusion-flex-column-wrapper-legacy\"><div class=\"fusion-widget-area awb-widget-area-element fusion-widget-area-1 fusion-content-widget-area\" style=\"--awb-title-size:20px;--awb-title-color:#333333;--awb-padding:0px 0px 0px 0px;\"><style type=\"text\/css\" data-id=\"tweets-widget-2\">#tweets-widget-2 li { border-color:#eaeaea;}<\/style><section id=\"tweets-widget-2\" class=\"widget tweets\" style=\"border-style: solid;border-color: #eaeaea;border-color:transparent;border-width:0px;\">\t\t\t\t\n\t\t<div style=\"overflow:hidden\">\n\t\t\t\t\t\t\t\t\t\t\t<a class=\"twitter-timeline\" data-dnt=\"true\" href=\"https:\/\/twitter.com\/@EPEN_Informa\" data-width=\"500\" data-height=\"300\" width=\"500\" height=\"300\" data-theme=\"light\" data-link-color=\"##25a9bd\" data-border-color=\"#eaeaea\" data-chrome=\"\">Tweets por @EPEN_Informa<\/a>\n\t\t\t\t\t\t\t\n\t\t\t\t\t\t\t\t\t\t\t<script async src=\"\/\/platform.twitter.com\/widgets.js\" charset=\"utf-8\"><\/script>\n\t\t\t\t\t\t\t\n\t\t<\/div>\n\t\t<\/section>\n\t\t<section id=\"recent-posts-3\" class=\"widget widget_recent_entries\" style=\"border-style: solid;border-color:transparent;border-width:0px;\">\n\t\t<div class=\"heading\"><h4 class=\"widget-title\">Entradas recientes<\/h4><\/div>\n\t\t<ul>\n\t\t\t\t\t\t\t\t\t\t\t<li>\n\t\t\t\t\t<a href=\"https:\/\/www.epen.gov.ar\/index.php\/2026\/04\/30\/corte-programado-en-sectores-de-rincon-de-los-sauces-el-02-05-2026\/\">Corte Programado en sectores de Rinc\u00f3n de los Sauces el 02\/05\/2026<\/a>\n\t\t\t\t\t\t\t\t\t\t\t<span class=\"post-date\">30\/04\/2026<\/span>\n\t\t\t\t\t\t\t\t\t<\/li>\n\t\t\t\t\t\t\t\t\t\t\t<li>\n\t\t\t\t\t<a href=\"https:\/\/www.epen.gov.ar\/index.php\/2026\/04\/30\/licitacion-publica-n-14-2026-contratacion-de-servicios-de-desarrollo-y-mantenimiento-de-sistemas-informaticos\/\">LICITACI\u00d3N P\u00daBLICA N\u00b0 14\/2026 CONTRATACI\u00d3N DE SERVICIOS DE DESARROLLO Y MANTENIMIENTO DE SISTEMAS INFORM\u00c1TICOS<\/a>\n\t\t\t\t\t\t\t\t\t\t\t<span class=\"post-date\">30\/04\/2026<\/span>\n\t\t\t\t\t\t\t\t\t<\/li>\n\t\t\t\t\t\t\t\t\t\t\t<li>\n\t\t\t\t\t<a href=\"https:\/\/www.epen.gov.ar\/index.php\/2026\/04\/29\/corte-programado-en-sectores-de-centenario-el-30-04-2026\/\">Corte Programado en sectores de Centenario el 30\/04\/2026<\/a>\n\t\t\t\t\t\t\t\t\t\t\t<span class=\"post-date\">29\/04\/2026<\/span>\n\t\t\t\t\t\t\t\t\t<\/li>\n\t\t\t\t\t\t\t\t\t\t\t<li>\n\t\t\t\t\t<a href=\"https:\/\/www.epen.gov.ar\/index.php\/2026\/04\/28\/el-epen-impulsa-el-desarrollo-de-varvarco-con-nueva-infraestructura-para-17-lotes\/\">El EPEN impulsa el desarrollo de Varvarco con nueva infraestructura para 17 lotes<\/a>\n\t\t\t\t\t\t\t\t\t\t\t<span class=\"post-date\">28\/04\/2026<\/span>\n\t\t\t\t\t\t\t\t\t<\/li>\n\t\t\t\t\t\t\t\t\t\t\t<li>\n\t\t\t\t\t<a href=\"https:\/\/www.epen.gov.ar\/index.php\/2026\/04\/28\/corte-programado-en-sectores-de-zona-nahueve-el-30-04-2026\/\">Corte Programado en sectores de zona Nahueve el 30\/04\/2026<\/a>\n\t\t\t\t\t\t\t\t\t\t\t<span class=\"post-date\">28\/04\/2026<\/span>\n\t\t\t\t\t\t\t\t\t<\/li>\n\t\t\t\t\t<\/ul>\n\n\t\t<\/section><div class=\"fusion-additional-widget-content\"><\/div><\/div><div class=\"fusion-clearfix\"><\/div><\/div><\/div><\/div><\/div>\n","protected":false},"excerpt":{"rendered":"","protected":false},"author":1,"featured_media":86515,"comment_status":"closed","ping_status":"closed","sticky":false,"template":"","format":"standard","meta":{"_exactmetrics_skip_tracking":false,"_exactmetrics_sitenote_active":false,"_exactmetrics_sitenote_note":"","_exactmetrics_sitenote_category":0,"footnotes":""},"categories":[84],"tags":[175,427,426,425],"class_list":["post-86500","post","type-post","status-publish","format-standard","has-post-thumbnail","hentry","category-noticias","tag-epen","tag-epet-no-8","tag-laboratorio-de-mediciones","tag-robotica"],"yoast_head":"<!-- This site is optimized with the Yoast SEO plugin v27.2 - https:\/\/yoast.com\/product\/yoast-seo-wordpress\/ -->\n<title>EPEN - El EPEN presente en el 1er encuentro Regional de Rob\u00f3tica y Programaci\u00f3n<\/title>\n<meta name=\"description\" content=\"El EPEN presente en el 1er encuentro Regional de Rob\u00f3tica y Programaci\u00f3n\" \/>\n<meta name=\"robots\" content=\"index, follow, max-snippet:-1, max-image-preview:large, max-video-preview:-1\" \/>\n<link rel=\"canonical\" href=\"https:\/\/www.epen.gov.ar\/index.php\/2022\/11\/11\/el-epen-presente-en-el-1er-encuentro-regional-de-robotica-y-programacion\/\" \/>\n<meta property=\"og:locale\" content=\"es_ES\" \/>\n<meta property=\"og:type\" content=\"article\" \/>\n<meta property=\"og:title\" content=\"EPEN - El EPEN presente en el 1er encuentro Regional de Rob\u00f3tica y Programaci\u00f3n\" \/>\n<meta property=\"og:description\" content=\"El EPEN presente en el 1er encuentro Regional de Rob\u00f3tica y Programaci\u00f3n\" \/>\n<meta property=\"og:url\" content=\"https:\/\/www.epen.gov.ar\/index.php\/2022\/11\/11\/el-epen-presente-en-el-1er-encuentro-regional-de-robotica-y-programacion\/\" \/>\n<meta property=\"og:site_name\" content=\"EPEN\" \/>\n<meta property=\"article:publisher\" content=\"https:\/\/www.facebook.com\/EPEN.Neuquen\" \/>\n<meta property=\"article:published_time\" content=\"2022-11-11T22:18:43+00:00\" \/>\n<meta property=\"og:image\" content=\"https:\/\/www.epen.gov.ar\/wp-content\/uploads\/2022\/11\/11-11-2022-EPEN-en-el-Congresao-de-Robotica-de-Neuquen-3-1.jpeg\" \/>\n\t<meta property=\"og:image:width\" content=\"1600\" \/>\n\t<meta property=\"og:image:height\" content=\"720\" \/>\n\t<meta property=\"og:image:type\" content=\"image\/jpeg\" \/>\n<meta name=\"author\" content=\"Prensa EPEN\" \/>\n<meta name=\"twitter:card\" content=\"summary_large_image\" \/>\n<meta name=\"twitter:creator\" content=\"@EPEN_Informa\" \/>\n<meta name=\"twitter:site\" content=\"@EPEN_Informa\" \/>\n<meta name=\"twitter:label1\" content=\"Escrito por\" \/>\n\t<meta name=\"twitter:data1\" content=\"Prensa EPEN\" \/>\n\t<meta name=\"twitter:label2\" content=\"Tiempo de lectura\" \/>\n\t<meta name=\"twitter:data2\" content=\"4 minutos\" \/>\n<script type=\"application\/ld+json\" class=\"yoast-schema-graph\">{\"@context\":\"https:\/\/schema.org\",\"@graph\":[{\"@type\":\"Article\",\"@id\":\"https:\/\/www.epen.gov.ar\/index.php\/2022\/11\/11\/el-epen-presente-en-el-1er-encuentro-regional-de-robotica-y-programacion\/#article\",\"isPartOf\":{\"@id\":\"https:\/\/www.epen.gov.ar\/index.php\/2022\/11\/11\/el-epen-presente-en-el-1er-encuentro-regional-de-robotica-y-programacion\/\"},\"author\":{\"name\":\"Prensa EPEN\",\"@id\":\"https:\/\/www.epen.gov.ar\/#\/schema\/person\/ce6cff87c2fc01264becc10fa105ad4f\"},\"headline\":\"El EPEN presente en el 1er encuentro Regional de Rob\u00f3tica y Programaci\u00f3n\",\"datePublished\":\"2022-11-11T22:18:43+00:00\",\"mainEntityOfPage\":{\"@id\":\"https:\/\/www.epen.gov.ar\/index.php\/2022\/11\/11\/el-epen-presente-en-el-1er-encuentro-regional-de-robotica-y-programacion\/\"},\"wordCount\":827,\"publisher\":{\"@id\":\"https:\/\/www.epen.gov.ar\/#organization\"},\"image\":{\"@id\":\"https:\/\/www.epen.gov.ar\/index.php\/2022\/11\/11\/el-epen-presente-en-el-1er-encuentro-regional-de-robotica-y-programacion\/#primaryimage\"},\"thumbnailUrl\":\"https:\/\/www.epen.gov.ar\/wp-content\/uploads\/2022\/11\/11-11-2022-EPEN-en-el-Congresao-de-Robotica-de-Neuquen-3-1.jpeg\",\"keywords\":[\"EPEN\",\"EPET N\u00ba 8\",\"Laboratorio de mediciones\",\"Rob\u00f3tica\"],\"articleSection\":[\"Noticias\"],\"inLanguage\":\"es\"},{\"@type\":\"WebPage\",\"@id\":\"https:\/\/www.epen.gov.ar\/index.php\/2022\/11\/11\/el-epen-presente-en-el-1er-encuentro-regional-de-robotica-y-programacion\/\",\"url\":\"https:\/\/www.epen.gov.ar\/index.php\/2022\/11\/11\/el-epen-presente-en-el-1er-encuentro-regional-de-robotica-y-programacion\/\",\"name\":\"EPEN - El EPEN presente en el 1er encuentro Regional de Rob\u00f3tica y Programaci\u00f3n\",\"isPartOf\":{\"@id\":\"https:\/\/www.epen.gov.ar\/#website\"},\"primaryImageOfPage\":{\"@id\":\"https:\/\/www.epen.gov.ar\/index.php\/2022\/11\/11\/el-epen-presente-en-el-1er-encuentro-regional-de-robotica-y-programacion\/#primaryimage\"},\"image\":{\"@id\":\"https:\/\/www.epen.gov.ar\/index.php\/2022\/11\/11\/el-epen-presente-en-el-1er-encuentro-regional-de-robotica-y-programacion\/#primaryimage\"},\"thumbnailUrl\":\"https:\/\/www.epen.gov.ar\/wp-content\/uploads\/2022\/11\/11-11-2022-EPEN-en-el-Congresao-de-Robotica-de-Neuquen-3-1.jpeg\",\"datePublished\":\"2022-11-11T22:18:43+00:00\",\"description\":\"El EPEN presente en el 1er encuentro Regional de Rob\u00f3tica y Programaci\u00f3n\",\"breadcrumb\":{\"@id\":\"https:\/\/www.epen.gov.ar\/index.php\/2022\/11\/11\/el-epen-presente-en-el-1er-encuentro-regional-de-robotica-y-programacion\/#breadcrumb\"},\"inLanguage\":\"es\",\"potentialAction\":[{\"@type\":\"ReadAction\",\"target\":[\"https:\/\/www.epen.gov.ar\/index.php\/2022\/11\/11\/el-epen-presente-en-el-1er-encuentro-regional-de-robotica-y-programacion\/\"]}]},{\"@type\":\"ImageObject\",\"inLanguage\":\"es\",\"@id\":\"https:\/\/www.epen.gov.ar\/index.php\/2022\/11\/11\/el-epen-presente-en-el-1er-encuentro-regional-de-robotica-y-programacion\/#primaryimage\",\"url\":\"https:\/\/www.epen.gov.ar\/wp-content\/uploads\/2022\/11\/11-11-2022-EPEN-en-el-Congresao-de-Robotica-de-Neuquen-3-1.jpeg\",\"contentUrl\":\"https:\/\/www.epen.gov.ar\/wp-content\/uploads\/2022\/11\/11-11-2022-EPEN-en-el-Congresao-de-Robotica-de-Neuquen-3-1.jpeg\",\"width\":1600,\"height\":720},{\"@type\":\"BreadcrumbList\",\"@id\":\"https:\/\/www.epen.gov.ar\/index.php\/2022\/11\/11\/el-epen-presente-en-el-1er-encuentro-regional-de-robotica-y-programacion\/#breadcrumb\",\"itemListElement\":[{\"@type\":\"ListItem\",\"position\":1,\"name\":\"Inicio\",\"item\":\"https:\/\/www.epen.gov.ar\/\"},{\"@type\":\"ListItem\",\"position\":2,\"name\":\"El EPEN presente en el 1er encuentro Regional de Rob\u00f3tica y Programaci\u00f3n\"}]},{\"@type\":\"WebSite\",\"@id\":\"https:\/\/www.epen.gov.ar\/#website\",\"url\":\"https:\/\/www.epen.gov.ar\/\",\"name\":\"EPEN\",\"description\":\"Ente Provincial de Energ\u00eda del Neuqu\u00e9n\",\"publisher\":{\"@id\":\"https:\/\/www.epen.gov.ar\/#organization\"},\"potentialAction\":[{\"@type\":\"SearchAction\",\"target\":{\"@type\":\"EntryPoint\",\"urlTemplate\":\"https:\/\/www.epen.gov.ar\/?s={search_term_string}\"},\"query-input\":{\"@type\":\"PropertyValueSpecification\",\"valueRequired\":true,\"valueName\":\"search_term_string\"}}],\"inLanguage\":\"es\"},{\"@type\":\"Organization\",\"@id\":\"https:\/\/www.epen.gov.ar\/#organization\",\"name\":\"Ente Provincial de Energ\u00eda del Neuqu\u00e9n\",\"url\":\"https:\/\/www.epen.gov.ar\/\",\"logo\":{\"@type\":\"ImageObject\",\"inLanguage\":\"es\",\"@id\":\"https:\/\/www.epen.gov.ar\/#\/schema\/logo\/image\/\",\"url\":\"https:\/\/www.epen.gov.ar\/wp-content\/uploads\/2024\/02\/Logo-EPEN-2.jpg\",\"contentUrl\":\"https:\/\/www.epen.gov.ar\/wp-content\/uploads\/2024\/02\/Logo-EPEN-2.jpg\",\"width\":696,\"height\":696,\"caption\":\"Ente Provincial de Energ\u00eda del Neuqu\u00e9n\"},\"image\":{\"@id\":\"https:\/\/www.epen.gov.ar\/#\/schema\/logo\/image\/\"},\"sameAs\":[\"https:\/\/www.facebook.com\/EPEN.Neuquen\",\"https:\/\/x.com\/EPEN_Informa\",\"https:\/\/www.youtube.com\/@epenprensa7384\"]},{\"@type\":\"Person\",\"@id\":\"https:\/\/www.epen.gov.ar\/#\/schema\/person\/ce6cff87c2fc01264becc10fa105ad4f\",\"name\":\"Prensa EPEN\",\"image\":{\"@type\":\"ImageObject\",\"inLanguage\":\"es\",\"@id\":\"https:\/\/secure.gravatar.com\/avatar\/f8120b8688012ccf2d7fbcf7a970cfbabf0ab63b09c2dbd72c194bee080070e9?s=96&d=mm&r=g\",\"url\":\"https:\/\/secure.gravatar.com\/avatar\/f8120b8688012ccf2d7fbcf7a970cfbabf0ab63b09c2dbd72c194bee080070e9?s=96&d=mm&r=g\",\"contentUrl\":\"https:\/\/secure.gravatar.com\/avatar\/f8120b8688012ccf2d7fbcf7a970cfbabf0ab63b09c2dbd72c194bee080070e9?s=96&d=mm&r=g\",\"caption\":\"Prensa EPEN\"},\"url\":\"https:\/\/www.epen.gov.ar\/index.php\/author\/admin\/\"}]}<\/script>\n<!-- \/ Yoast SEO plugin. -->","yoast_head_json":{"title":"EPEN - El EPEN presente en el 1er encuentro Regional de Rob\u00f3tica y Programaci\u00f3n","description":"El EPEN presente en el 1er encuentro Regional de Rob\u00f3tica y Programaci\u00f3n","robots":{"index":"index","follow":"follow","max-snippet":"max-snippet:-1","max-image-preview":"max-image-preview:large","max-video-preview":"max-video-preview:-1"},"canonical":"https:\/\/www.epen.gov.ar\/index.php\/2022\/11\/11\/el-epen-presente-en-el-1er-encuentro-regional-de-robotica-y-programacion\/","og_locale":"es_ES","og_type":"article","og_title":"EPEN - El EPEN presente en el 1er encuentro Regional de Rob\u00f3tica y Programaci\u00f3n","og_description":"El EPEN presente en el 1er encuentro Regional de Rob\u00f3tica y Programaci\u00f3n","og_url":"https:\/\/www.epen.gov.ar\/index.php\/2022\/11\/11\/el-epen-presente-en-el-1er-encuentro-regional-de-robotica-y-programacion\/","og_site_name":"EPEN","article_publisher":"https:\/\/www.facebook.com\/EPEN.Neuquen","article_published_time":"2022-11-11T22:18:43+00:00","og_image":[{"width":1600,"height":720,"url":"https:\/\/www.epen.gov.ar\/wp-content\/uploads\/2022\/11\/11-11-2022-EPEN-en-el-Congresao-de-Robotica-de-Neuquen-3-1.jpeg","type":"image\/jpeg"}],"author":"Prensa EPEN","twitter_card":"summary_large_image","twitter_creator":"@EPEN_Informa","twitter_site":"@EPEN_Informa","twitter_misc":{"Escrito por":"Prensa EPEN","Tiempo de lectura":"4 minutos"},"schema":{"@context":"https:\/\/schema.org","@graph":[{"@type":"Article","@id":"https:\/\/www.epen.gov.ar\/index.php\/2022\/11\/11\/el-epen-presente-en-el-1er-encuentro-regional-de-robotica-y-programacion\/#article","isPartOf":{"@id":"https:\/\/www.epen.gov.ar\/index.php\/2022\/11\/11\/el-epen-presente-en-el-1er-encuentro-regional-de-robotica-y-programacion\/"},"author":{"name":"Prensa EPEN","@id":"https:\/\/www.epen.gov.ar\/#\/schema\/person\/ce6cff87c2fc01264becc10fa105ad4f"},"headline":"El EPEN presente en el 1er encuentro Regional de Rob\u00f3tica y Programaci\u00f3n","datePublished":"2022-11-11T22:18:43+00:00","mainEntityOfPage":{"@id":"https:\/\/www.epen.gov.ar\/index.php\/2022\/11\/11\/el-epen-presente-en-el-1er-encuentro-regional-de-robotica-y-programacion\/"},"wordCount":827,"publisher":{"@id":"https:\/\/www.epen.gov.ar\/#organization"},"image":{"@id":"https:\/\/www.epen.gov.ar\/index.php\/2022\/11\/11\/el-epen-presente-en-el-1er-encuentro-regional-de-robotica-y-programacion\/#primaryimage"},"thumbnailUrl":"https:\/\/www.epen.gov.ar\/wp-content\/uploads\/2022\/11\/11-11-2022-EPEN-en-el-Congresao-de-Robotica-de-Neuquen-3-1.jpeg","keywords":["EPEN","EPET N\u00ba 8","Laboratorio de mediciones","Rob\u00f3tica"],"articleSection":["Noticias"],"inLanguage":"es"},{"@type":"WebPage","@id":"https:\/\/www.epen.gov.ar\/index.php\/2022\/11\/11\/el-epen-presente-en-el-1er-encuentro-regional-de-robotica-y-programacion\/","url":"https:\/\/www.epen.gov.ar\/index.php\/2022\/11\/11\/el-epen-presente-en-el-1er-encuentro-regional-de-robotica-y-programacion\/","name":"EPEN - El EPEN presente en el 1er encuentro Regional de Rob\u00f3tica y Programaci\u00f3n","isPartOf":{"@id":"https:\/\/www.epen.gov.ar\/#website"},"primaryImageOfPage":{"@id":"https:\/\/www.epen.gov.ar\/index.php\/2022\/11\/11\/el-epen-presente-en-el-1er-encuentro-regional-de-robotica-y-programacion\/#primaryimage"},"image":{"@id":"https:\/\/www.epen.gov.ar\/index.php\/2022\/11\/11\/el-epen-presente-en-el-1er-encuentro-regional-de-robotica-y-programacion\/#primaryimage"},"thumbnailUrl":"https:\/\/www.epen.gov.ar\/wp-content\/uploads\/2022\/11\/11-11-2022-EPEN-en-el-Congresao-de-Robotica-de-Neuquen-3-1.jpeg","datePublished":"2022-11-11T22:18:43+00:00","description":"El EPEN presente en el 1er encuentro Regional de Rob\u00f3tica y Programaci\u00f3n","breadcrumb":{"@id":"https:\/\/www.epen.gov.ar\/index.php\/2022\/11\/11\/el-epen-presente-en-el-1er-encuentro-regional-de-robotica-y-programacion\/#breadcrumb"},"inLanguage":"es","potentialAction":[{"@type":"ReadAction","target":["https:\/\/www.epen.gov.ar\/index.php\/2022\/11\/11\/el-epen-presente-en-el-1er-encuentro-regional-de-robotica-y-programacion\/"]}]},{"@type":"ImageObject","inLanguage":"es","@id":"https:\/\/www.epen.gov.ar\/index.php\/2022\/11\/11\/el-epen-presente-en-el-1er-encuentro-regional-de-robotica-y-programacion\/#primaryimage","url":"https:\/\/www.epen.gov.ar\/wp-content\/uploads\/2022\/11\/11-11-2022-EPEN-en-el-Congresao-de-Robotica-de-Neuquen-3-1.jpeg","contentUrl":"https:\/\/www.epen.gov.ar\/wp-content\/uploads\/2022\/11\/11-11-2022-EPEN-en-el-Congresao-de-Robotica-de-Neuquen-3-1.jpeg","width":1600,"height":720},{"@type":"BreadcrumbList","@id":"https:\/\/www.epen.gov.ar\/index.php\/2022\/11\/11\/el-epen-presente-en-el-1er-encuentro-regional-de-robotica-y-programacion\/#breadcrumb","itemListElement":[{"@type":"ListItem","position":1,"name":"Inicio","item":"https:\/\/www.epen.gov.ar\/"},{"@type":"ListItem","position":2,"name":"El EPEN presente en el 1er encuentro Regional de Rob\u00f3tica y Programaci\u00f3n"}]},{"@type":"WebSite","@id":"https:\/\/www.epen.gov.ar\/#website","url":"https:\/\/www.epen.gov.ar\/","name":"EPEN","description":"Ente Provincial de Energ\u00eda del Neuqu\u00e9n","publisher":{"@id":"https:\/\/www.epen.gov.ar\/#organization"},"potentialAction":[{"@type":"SearchAction","target":{"@type":"EntryPoint","urlTemplate":"https:\/\/www.epen.gov.ar\/?s={search_term_string}"},"query-input":{"@type":"PropertyValueSpecification","valueRequired":true,"valueName":"search_term_string"}}],"inLanguage":"es"},{"@type":"Organization","@id":"https:\/\/www.epen.gov.ar\/#organization","name":"Ente Provincial de Energ\u00eda del Neuqu\u00e9n","url":"https:\/\/www.epen.gov.ar\/","logo":{"@type":"ImageObject","inLanguage":"es","@id":"https:\/\/www.epen.gov.ar\/#\/schema\/logo\/image\/","url":"https:\/\/www.epen.gov.ar\/wp-content\/uploads\/2024\/02\/Logo-EPEN-2.jpg","contentUrl":"https:\/\/www.epen.gov.ar\/wp-content\/uploads\/2024\/02\/Logo-EPEN-2.jpg","width":696,"height":696,"caption":"Ente Provincial de Energ\u00eda del Neuqu\u00e9n"},"image":{"@id":"https:\/\/www.epen.gov.ar\/#\/schema\/logo\/image\/"},"sameAs":["https:\/\/www.facebook.com\/EPEN.Neuquen","https:\/\/x.com\/EPEN_Informa","https:\/\/www.youtube.com\/@epenprensa7384"]},{"@type":"Person","@id":"https:\/\/www.epen.gov.ar\/#\/schema\/person\/ce6cff87c2fc01264becc10fa105ad4f","name":"Prensa EPEN","image":{"@type":"ImageObject","inLanguage":"es","@id":"https:\/\/secure.gravatar.com\/avatar\/f8120b8688012ccf2d7fbcf7a970cfbabf0ab63b09c2dbd72c194bee080070e9?s=96&d=mm&r=g","url":"https:\/\/secure.gravatar.com\/avatar\/f8120b8688012ccf2d7fbcf7a970cfbabf0ab63b09c2dbd72c194bee080070e9?s=96&d=mm&r=g","contentUrl":"https:\/\/secure.gravatar.com\/avatar\/f8120b8688012ccf2d7fbcf7a970cfbabf0ab63b09c2dbd72c194bee080070e9?s=96&d=mm&r=g","caption":"Prensa EPEN"},"url":"https:\/\/www.epen.gov.ar\/index.php\/author\/admin\/"}]}},"_links":{"self":[{"href":"https:\/\/www.epen.gov.ar\/index.php\/wp-json\/wp\/v2\/posts\/86500","targetHints":{"allow":["GET"]}}],"collection":[{"href":"https:\/\/www.epen.gov.ar\/index.php\/wp-json\/wp\/v2\/posts"}],"about":[{"href":"https:\/\/www.epen.gov.ar\/index.php\/wp-json\/wp\/v2\/types\/post"}],"author":[{"embeddable":true,"href":"https:\/\/www.epen.gov.ar\/index.php\/wp-json\/wp\/v2\/users\/1"}],"replies":[{"embeddable":true,"href":"https:\/\/www.epen.gov.ar\/index.php\/wp-json\/wp\/v2\/comments?post=86500"}],"version-history":[{"count":3,"href":"https:\/\/www.epen.gov.ar\/index.php\/wp-json\/wp\/v2\/posts\/86500\/revisions"}],"predecessor-version":[{"id":88003,"href":"https:\/\/www.epen.gov.ar\/index.php\/wp-json\/wp\/v2\/posts\/86500\/revisions\/88003"}],"wp:featuredmedia":[{"embeddable":true,"href":"https:\/\/www.epen.gov.ar\/index.php\/wp-json\/wp\/v2\/media\/86515"}],"wp:attachment":[{"href":"https:\/\/www.epen.gov.ar\/index.php\/wp-json\/wp\/v2\/media?parent=86500"}],"wp:term":[{"taxonomy":"category","embeddable":true,"href":"https:\/\/www.epen.gov.ar\/index.php\/wp-json\/wp\/v2\/categories?post=86500"},{"taxonomy":"post_tag","embeddable":true,"href":"https:\/\/www.epen.gov.ar\/index.php\/wp-json\/wp\/v2\/tags?post=86500"}],"curies":[{"name":"wp","href":"https:\/\/api.w.org\/{rel}","templated":true}]}}