{"id":81859,"date":"2022-09-29T11:37:36","date_gmt":"2022-09-29T14:37:36","guid":{"rendered":"http:\/\/192.168.200.48\/?p=81859"},"modified":"2022-09-29T13:40:12","modified_gmt":"2022-09-29T16:40:12","slug":"varias-obras-del-epen-en-distintas-localidades","status":"publish","type":"post","link":"https:\/\/www.epen.gov.ar\/index.php\/2022\/09\/29\/varias-obras-del-epen-en-distintas-localidades\/","title":{"rendered":"Varias obras del EPEN en distintas localidades"},"content":{"rendered":"<div class=\"fusion-fullwidth fullwidth-box fusion-builder-row-1 nonhundred-percent-fullwidth non-hundred-percent-height-scrolling\" style=\"--awb-border-radius-top-left:0px;--awb-border-radius-top-right:0px;--awb-border-radius-bottom-right:0px;--awb-border-radius-bottom-left:0px;--awb-flex-wrap:wrap;\" ><div class=\"fusion-builder-row fusion-row\"><div class=\"fusion-layout-column fusion_builder_column fusion-builder-column-0 fusion_builder_column_2_3 2_3 fusion-two-third fusion-column-first\" style=\"--awb-bg-size:cover;width:66.666666666667%;width:calc(66.666666666667% - ( ( 4% ) * 0.66666666666667 ) );margin-right: 4%;\"><div class=\"fusion-column-wrapper fusion-column-has-shadow fusion-flex-column-wrapper-legacy\"><div class=\"fusion-text fusion-text-1\"><h3><strong>Obras del EPEN para Las Lajas<\/strong><\/h3>\n<p style=\"text-align: justify;\">El Ente Provincial de Energ\u00eda de Neuqu\u00e9n (EPEN) -dependiente de la Secretar\u00eda General y Servicios P\u00fablicos- y la Municipalidad de Las Lajas hicieron la puesta en servicio de la obra de suministro de energ\u00eda el\u00e9ctrica y alumbrado p\u00fablico del barrio Malv\u00e9n Suyai, en dicha localidad.<\/p>\n<p style=\"text-align: justify;\">A trav\u00e9s de este importante emprendimiento se provee de energ\u00eda el\u00e9ctrica a las manzanas 34, 35, 36 y 37 de Malv\u00e9n Suyai.\u00a0 Se trata del tendido de 300 metros de l\u00edneas de baja tensi\u00f3n y la instalaci\u00f3n de una subestaci\u00f3n transformadora de 63 kilovolt amper y nueve luminarias LED de \u00faltima tecnolog\u00eda.<\/p>\n<p style=\"text-align: justify;\">Esta semana se realiz\u00f3 el acto de inauguraci\u00f3n oficial, donde estuvieron presentes la Intendenta Mar\u00eda Ang\u00e9lica Espinosa, el presidente del Concejo Deliberante, Juan Cabezas, el jefe de la Unidad Regional Oeste del EPEN, Carlos Salazar, el jefe del Servicio El\u00e9ctrico local, Jorge Ceballos, personal del organismo provincial y funcionarios del gabinete municipal.<\/p>\n<p style=\"text-align: justify;\">Los trabajos se llevaron a cabo en conjunto entre la Municipalidad de Las Lajas y el EPEN.\u00a0 La comuna se hizo cargo de los materiales y la mano de obra no especializada, y el Ente aport\u00f3 mano de obra especializada.<\/p>\n<p style=\"text-align: justify;\">La obra abarca los lotes de esa fracci\u00f3n que une las calles Los Pinos, Las Lengas y Santa Rita. Comprende el servicio el\u00e9ctrico domiciliario y alumbrado p\u00fablico que beneficia a las familias que habitan el lugar y las que pr\u00f3ximamente se instalar\u00e1n en el barrio.<\/p>\n<p style=\"text-align: justify;\">Desde la Municipalidad destacaron que estos trabajos \u201cse vienen realizando a partir de las gestiones de la intendenta ante las autoridades del EPEN\u201d. Y resaltaron la labor del jefe de la Unidad Regional Oeste, Carlos Salazar, quien \u201cestuvo presente en todo momento junto al personal que depende de esta instituci\u00f3n provincial, estando predispuestos para afrontar la necesidad planteada, desde la planificaci\u00f3n hasta su puesta en servicio\u201d.<\/p>\n<p style=\"text-align: justify;\">Con la misma modalidad de colaboraci\u00f3n entre el municipio y el EPEN, se llevaron adelante las obras de suministro de energ\u00eda el\u00e9ctrica a las 56 Viviendas y La Tirolesa, y por otro lado a las manzanas 2, 3 y 4 del Barrio 8 de Febrero de Las Lajas.<\/p>\n<h3 style=\"text-align: justify;\"><strong>Un barrio ya no tendr\u00e1 cortes por fallas en l\u00ednea rural<\/strong><\/h3>\n<p style=\"text-align: justify;\">En la localidad de Alumin\u00e9, se instal\u00f3 un equipo de maniobras sobre la l\u00ednea de media tensi\u00f3n, con el objetivo de permitir aislar la l\u00ednea desde los parajes de Abra Ancha y Quill\u00e9n cuando haya alguna falla y no afectar al mismo tiempo el suministro del barrio Juvenal Guzm\u00e1n.<\/p>\n<p style=\"text-align: justify;\">Para ello se realiz\u00f3 un corte de una hora que afect\u00f3 dicha zona. Las tareas de instalaci\u00f3n del equipo instalado y las pruebas y maniobras para no afectar al barrio a futuro, se realizaron con \u00e9xito.<\/p>\n<p style=\"text-align: justify;\"><img decoding=\"async\" class=\"alignnone size-full wp-image-81886 aligncenter\" src=\"https:\/\/www.epen.gov.ar\/wp-content\/uploads\/2022\/09\/Alumine-abra-ancha-maniobras-epen-1.jpeg\" alt=\"\" width=\"720\" height=\"1280\" srcset=\"https:\/\/www.epen.gov.ar\/wp-content\/uploads\/2022\/09\/Alumine-abra-ancha-maniobras-epen-1-169x300.jpeg 169w, https:\/\/www.epen.gov.ar\/wp-content\/uploads\/2022\/09\/Alumine-abra-ancha-maniobras-epen-1-200x356.jpeg 200w, https:\/\/www.epen.gov.ar\/wp-content\/uploads\/2022\/09\/Alumine-abra-ancha-maniobras-epen-1-400x711.jpeg 400w, https:\/\/www.epen.gov.ar\/wp-content\/uploads\/2022\/09\/Alumine-abra-ancha-maniobras-epen-1-600x1067.jpeg 600w, https:\/\/www.epen.gov.ar\/wp-content\/uploads\/2022\/09\/Alumine-abra-ancha-maniobras-epen-1.jpeg 720w\" sizes=\"(max-width: 720px) 100vw, 720px\" \/><\/p>\n<h3 style=\"text-align: justify;\"><strong>Finaliz\u00f3 obra de electrificaci\u00f3n de Auca Traum en Senillosa<\/strong><\/h3>\n<p style=\"text-align: justify;\">La \u00faltima etapa de la tan esperada obra de electrificaci\u00f3n de la zona de Auca Traum, en Senillosa, qued\u00f3 terminada ayer gracias al trabajo conjunto entre el Ente Provincial de Energ\u00eda del Neuqu\u00e9n (EPEN) \u2013dependiente de la Secretar\u00eda General y Servicios P\u00fablicos-la Municipalidad local y los vecinos del lugar.<\/p>\n<p>Esta obra incluy\u00f3 el montaje de un transformador de 25 kilovolt amper, con sus respectivos accesorios, y m\u00e1s de 400 metros de l\u00ednea de baja tensi\u00f3n. Beneficiar\u00e1 a todos los usuarios de ese sector, m\u00e1s los que se radicar\u00e1n pr\u00f3ximamente.<\/p>\n<p>Los trabajos se ejecutaron sobre calle R\u00edo Lileu y caminos paralelos a las v\u00edas del ferrocarril, con el objetivo de abastecer a m\u00e1s de veinte familias de la zona rural.<\/p>\n<\/div><div class=\"fusion-clearfix\"><\/div><\/div><\/div><div class=\"fusion-layout-column fusion_builder_column fusion-builder-column-1 fusion_builder_column_1_3 1_3 fusion-one-third fusion-column-last\" style=\"--awb-bg-size:cover;width:33.333333333333%;width:calc(33.333333333333% - ( ( 4% ) * 0.33333333333333 ) );\"><div class=\"fusion-column-wrapper fusion-column-has-shadow fusion-flex-column-wrapper-legacy\"><div class=\"fusion-widget-area awb-widget-area-element fusion-widget-area-1 fusion-content-widget-area\" style=\"--awb-title-size:20px;--awb-title-color:#333333;--awb-padding:0px 0px 0px 0px;\"><style type=\"text\/css\" data-id=\"tweets-widget-2\">#tweets-widget-2 li { border-color:#eaeaea;}<\/style><section id=\"tweets-widget-2\" class=\"widget tweets\" style=\"border-style: solid;border-color: #eaeaea;border-color:transparent;border-width:0px;\">\t\t\t\t\n\t\t<div style=\"overflow:hidden\">\n\t\t\t\t\t\t\t\t\t\t\t<a class=\"twitter-timeline\" data-dnt=\"true\" href=\"https:\/\/twitter.com\/@EPEN_Informa\" data-width=\"500\" data-height=\"300\" width=\"500\" height=\"300\" data-theme=\"light\" data-link-color=\"##25a9bd\" data-border-color=\"#eaeaea\" data-chrome=\"\">Tweets por @EPEN_Informa<\/a>\n\t\t\t\t\t\t\t\n\t\t\t\t\t\t\t\t\t\t\t<script async src=\"\/\/platform.twitter.com\/widgets.js\" charset=\"utf-8\"><\/script>\n\t\t\t\t\t\t\t\n\t\t<\/div>\n\t\t<\/section>\n\t\t<section id=\"recent-posts-3\" class=\"widget widget_recent_entries\" style=\"border-style: solid;border-color:transparent;border-width:0px;\">\n\t\t<div class=\"heading\"><h4 class=\"widget-title\">Entradas recientes<\/h4><\/div>\n\t\t<ul>\n\t\t\t\t\t\t\t\t\t\t\t<li>\n\t\t\t\t\t<a href=\"https:\/\/www.epen.gov.ar\/index.php\/2026\/04\/28\/el-epen-impulsa-el-desarrollo-de-varvarco-con-nueva-infraestructura-para-17-lotes\/\">El EPEN impulsa el desarrollo de Varvarco con nueva infraestructura para 17 lotes<\/a>\n\t\t\t\t\t\t\t\t\t\t\t<span class=\"post-date\">28\/04\/2026<\/span>\n\t\t\t\t\t\t\t\t\t<\/li>\n\t\t\t\t\t\t\t\t\t\t\t<li>\n\t\t\t\t\t<a href=\"https:\/\/www.epen.gov.ar\/index.php\/2026\/04\/28\/corte-programado-en-sectores-de-zona-nahueve-el-30-04-2026\/\">Corte Programado en sectores de zona Nahueve el 30\/04\/2026<\/a>\n\t\t\t\t\t\t\t\t\t\t\t<span class=\"post-date\">28\/04\/2026<\/span>\n\t\t\t\t\t\t\t\t\t<\/li>\n\t\t\t\t\t\t\t\t\t\t\t<li>\n\t\t\t\t\t<a href=\"https:\/\/www.epen.gov.ar\/index.php\/2026\/04\/24\/corte-programado-en-sectores-de-san-martin-de-los-andes-el-25-04-2026\/\">Corte Programado en sectores de San Mart\u00edn de los Andes el 25\/04\/2026<\/a>\n\t\t\t\t\t\t\t\t\t\t\t<span class=\"post-date\">24\/04\/2026<\/span>\n\t\t\t\t\t\t\t\t\t<\/li>\n\t\t\t\t\t\t\t\t\t\t\t<li>\n\t\t\t\t\t<a href=\"https:\/\/www.epen.gov.ar\/index.php\/2026\/04\/24\/corte-programado-en-sectores-de-centenario-el-25-04-2026\/\">Corte Programado en sectores de Centenario el 25\/04\/2026<\/a>\n\t\t\t\t\t\t\t\t\t\t\t<span class=\"post-date\">24\/04\/2026<\/span>\n\t\t\t\t\t\t\t\t\t<\/li>\n\t\t\t\t\t\t\t\t\t\t\t<li>\n\t\t\t\t\t<a href=\"https:\/\/www.epen.gov.ar\/index.php\/2026\/04\/24\/corte-programado-en-sectores-de-loncopue-y-el-huecu-el-29-y-30-04-2026\/\">Cortes Programados en Loncopu\u00e9, El Huec\u00fa y zona rural de Caviahue y El Cholar el 29 y 30\/04\/2026<\/a>\n\t\t\t\t\t\t\t\t\t\t\t<span class=\"post-date\">24\/04\/2026<\/span>\n\t\t\t\t\t\t\t\t\t<\/li>\n\t\t\t\t\t<\/ul>\n\n\t\t<\/section><div class=\"fusion-additional-widget-content\"><\/div><\/div><div class=\"fusion-clearfix\"><\/div><\/div><\/div><\/div><\/div>\n","protected":false},"excerpt":{"rendered":"","protected":false},"author":1,"featured_media":81992,"comment_status":"closed","ping_status":"closed","sticky":false,"template":"","format":"standard","meta":{"_exactmetrics_skip_tracking":false,"_exactmetrics_sitenote_active":false,"_exactmetrics_sitenote_note":"","_exactmetrics_sitenote_category":0,"footnotes":""},"categories":[84],"tags":[157,245,246,181],"class_list":["post-81859","post","type-post","status-publish","format-standard","has-post-thumbnail","hentry","category-noticias","tag-alumine","tag-las-lajas","tag-obras","tag-senillosa"],"yoast_head":"<!-- This site is optimized with the Yoast SEO plugin v27.2 - https:\/\/yoast.com\/product\/yoast-seo-wordpress\/ -->\n<title>EPEN - Varias obras del EPEN en distintas localidades<\/title>\n<meta name=\"description\" content=\"Varias obras del EPEN en distintas localidades\" \/>\n<meta name=\"robots\" content=\"index, follow, max-snippet:-1, max-image-preview:large, max-video-preview:-1\" \/>\n<link rel=\"canonical\" href=\"https:\/\/www.epen.gov.ar\/index.php\/2022\/09\/29\/varias-obras-del-epen-en-distintas-localidades\/\" \/>\n<meta property=\"og:locale\" content=\"es_ES\" \/>\n<meta property=\"og:type\" content=\"article\" \/>\n<meta property=\"og:title\" content=\"EPEN - Varias obras del EPEN en distintas localidades\" \/>\n<meta property=\"og:description\" content=\"Varias obras del EPEN en distintas localidades\" \/>\n<meta property=\"og:url\" content=\"https:\/\/www.epen.gov.ar\/index.php\/2022\/09\/29\/varias-obras-del-epen-en-distintas-localidades\/\" \/>\n<meta property=\"og:site_name\" content=\"EPEN\" \/>\n<meta property=\"article:publisher\" content=\"https:\/\/www.facebook.com\/EPEN.Neuquen\" \/>\n<meta property=\"article:published_time\" content=\"2022-09-29T14:37:36+00:00\" \/>\n<meta property=\"article:modified_time\" content=\"2022-09-29T16:40:12+00:00\" \/>\n<meta property=\"og:image\" content=\"https:\/\/www.epen.gov.ar\/wp-content\/uploads\/2022\/09\/Las-Lajas-manzanas-EPEN-2.jpeg\" \/>\n\t<meta property=\"og:image:width\" content=\"1200\" \/>\n\t<meta property=\"og:image:height\" content=\"819\" \/>\n\t<meta property=\"og:image:type\" content=\"image\/jpeg\" \/>\n<meta name=\"author\" content=\"Prensa EPEN\" \/>\n<meta name=\"twitter:card\" content=\"summary_large_image\" \/>\n<meta name=\"twitter:creator\" content=\"@EPEN_Informa\" \/>\n<meta name=\"twitter:site\" content=\"@EPEN_Informa\" \/>\n<meta name=\"twitter:label1\" content=\"Escrito por\" \/>\n\t<meta name=\"twitter:data1\" content=\"Prensa EPEN\" \/>\n\t<meta name=\"twitter:label2\" content=\"Tiempo de lectura\" \/>\n\t<meta name=\"twitter:data2\" content=\"5 minutos\" \/>\n<script type=\"application\/ld+json\" class=\"yoast-schema-graph\">{\"@context\":\"https:\/\/schema.org\",\"@graph\":[{\"@type\":\"Article\",\"@id\":\"https:\/\/www.epen.gov.ar\/index.php\/2022\/09\/29\/varias-obras-del-epen-en-distintas-localidades\/#article\",\"isPartOf\":{\"@id\":\"https:\/\/www.epen.gov.ar\/index.php\/2022\/09\/29\/varias-obras-del-epen-en-distintas-localidades\/\"},\"author\":{\"name\":\"Prensa EPEN\",\"@id\":\"https:\/\/www.epen.gov.ar\/#\/schema\/person\/ce6cff87c2fc01264becc10fa105ad4f\"},\"headline\":\"Varias obras del EPEN en distintas localidades\",\"datePublished\":\"2022-09-29T14:37:36+00:00\",\"dateModified\":\"2022-09-29T16:40:12+00:00\",\"mainEntityOfPage\":{\"@id\":\"https:\/\/www.epen.gov.ar\/index.php\/2022\/09\/29\/varias-obras-del-epen-en-distintas-localidades\/\"},\"wordCount\":1053,\"publisher\":{\"@id\":\"https:\/\/www.epen.gov.ar\/#organization\"},\"image\":{\"@id\":\"https:\/\/www.epen.gov.ar\/index.php\/2022\/09\/29\/varias-obras-del-epen-en-distintas-localidades\/#primaryimage\"},\"thumbnailUrl\":\"https:\/\/www.epen.gov.ar\/wp-content\/uploads\/2022\/09\/Las-Lajas-manzanas-EPEN-2.jpeg\",\"keywords\":[\"Alumine\",\"Las Lajas\",\"Obras\",\"Senillosa\"],\"articleSection\":[\"Noticias\"],\"inLanguage\":\"es\"},{\"@type\":\"WebPage\",\"@id\":\"https:\/\/www.epen.gov.ar\/index.php\/2022\/09\/29\/varias-obras-del-epen-en-distintas-localidades\/\",\"url\":\"https:\/\/www.epen.gov.ar\/index.php\/2022\/09\/29\/varias-obras-del-epen-en-distintas-localidades\/\",\"name\":\"EPEN - Varias obras del EPEN en distintas localidades\",\"isPartOf\":{\"@id\":\"https:\/\/www.epen.gov.ar\/#website\"},\"primaryImageOfPage\":{\"@id\":\"https:\/\/www.epen.gov.ar\/index.php\/2022\/09\/29\/varias-obras-del-epen-en-distintas-localidades\/#primaryimage\"},\"image\":{\"@id\":\"https:\/\/www.epen.gov.ar\/index.php\/2022\/09\/29\/varias-obras-del-epen-en-distintas-localidades\/#primaryimage\"},\"thumbnailUrl\":\"https:\/\/www.epen.gov.ar\/wp-content\/uploads\/2022\/09\/Las-Lajas-manzanas-EPEN-2.jpeg\",\"datePublished\":\"2022-09-29T14:37:36+00:00\",\"dateModified\":\"2022-09-29T16:40:12+00:00\",\"description\":\"Varias obras del EPEN en distintas localidades\",\"breadcrumb\":{\"@id\":\"https:\/\/www.epen.gov.ar\/index.php\/2022\/09\/29\/varias-obras-del-epen-en-distintas-localidades\/#breadcrumb\"},\"inLanguage\":\"es\",\"potentialAction\":[{\"@type\":\"ReadAction\",\"target\":[\"https:\/\/www.epen.gov.ar\/index.php\/2022\/09\/29\/varias-obras-del-epen-en-distintas-localidades\/\"]}]},{\"@type\":\"ImageObject\",\"inLanguage\":\"es\",\"@id\":\"https:\/\/www.epen.gov.ar\/index.php\/2022\/09\/29\/varias-obras-del-epen-en-distintas-localidades\/#primaryimage\",\"url\":\"https:\/\/www.epen.gov.ar\/wp-content\/uploads\/2022\/09\/Las-Lajas-manzanas-EPEN-2.jpeg\",\"contentUrl\":\"https:\/\/www.epen.gov.ar\/wp-content\/uploads\/2022\/09\/Las-Lajas-manzanas-EPEN-2.jpeg\",\"width\":1200,\"height\":819},{\"@type\":\"BreadcrumbList\",\"@id\":\"https:\/\/www.epen.gov.ar\/index.php\/2022\/09\/29\/varias-obras-del-epen-en-distintas-localidades\/#breadcrumb\",\"itemListElement\":[{\"@type\":\"ListItem\",\"position\":1,\"name\":\"Inicio\",\"item\":\"https:\/\/www.epen.gov.ar\/\"},{\"@type\":\"ListItem\",\"position\":2,\"name\":\"Varias obras del EPEN en distintas localidades\"}]},{\"@type\":\"WebSite\",\"@id\":\"https:\/\/www.epen.gov.ar\/#website\",\"url\":\"https:\/\/www.epen.gov.ar\/\",\"name\":\"EPEN\",\"description\":\"Ente Provincial de Energ\u00eda del Neuqu\u00e9n\",\"publisher\":{\"@id\":\"https:\/\/www.epen.gov.ar\/#organization\"},\"potentialAction\":[{\"@type\":\"SearchAction\",\"target\":{\"@type\":\"EntryPoint\",\"urlTemplate\":\"https:\/\/www.epen.gov.ar\/?s={search_term_string}\"},\"query-input\":{\"@type\":\"PropertyValueSpecification\",\"valueRequired\":true,\"valueName\":\"search_term_string\"}}],\"inLanguage\":\"es\"},{\"@type\":\"Organization\",\"@id\":\"https:\/\/www.epen.gov.ar\/#organization\",\"name\":\"Ente Provincial de Energ\u00eda del Neuqu\u00e9n\",\"url\":\"https:\/\/www.epen.gov.ar\/\",\"logo\":{\"@type\":\"ImageObject\",\"inLanguage\":\"es\",\"@id\":\"https:\/\/www.epen.gov.ar\/#\/schema\/logo\/image\/\",\"url\":\"https:\/\/www.epen.gov.ar\/wp-content\/uploads\/2024\/02\/Logo-EPEN-2.jpg\",\"contentUrl\":\"https:\/\/www.epen.gov.ar\/wp-content\/uploads\/2024\/02\/Logo-EPEN-2.jpg\",\"width\":696,\"height\":696,\"caption\":\"Ente Provincial de Energ\u00eda del Neuqu\u00e9n\"},\"image\":{\"@id\":\"https:\/\/www.epen.gov.ar\/#\/schema\/logo\/image\/\"},\"sameAs\":[\"https:\/\/www.facebook.com\/EPEN.Neuquen\",\"https:\/\/x.com\/EPEN_Informa\",\"https:\/\/www.youtube.com\/@epenprensa7384\"]},{\"@type\":\"Person\",\"@id\":\"https:\/\/www.epen.gov.ar\/#\/schema\/person\/ce6cff87c2fc01264becc10fa105ad4f\",\"name\":\"Prensa EPEN\",\"image\":{\"@type\":\"ImageObject\",\"inLanguage\":\"es\",\"@id\":\"https:\/\/secure.gravatar.com\/avatar\/f8120b8688012ccf2d7fbcf7a970cfbabf0ab63b09c2dbd72c194bee080070e9?s=96&d=mm&r=g\",\"url\":\"https:\/\/secure.gravatar.com\/avatar\/f8120b8688012ccf2d7fbcf7a970cfbabf0ab63b09c2dbd72c194bee080070e9?s=96&d=mm&r=g\",\"contentUrl\":\"https:\/\/secure.gravatar.com\/avatar\/f8120b8688012ccf2d7fbcf7a970cfbabf0ab63b09c2dbd72c194bee080070e9?s=96&d=mm&r=g\",\"caption\":\"Prensa EPEN\"},\"url\":\"https:\/\/www.epen.gov.ar\/index.php\/author\/admin\/\"}]}<\/script>\n<!-- \/ Yoast SEO plugin. -->","yoast_head_json":{"title":"EPEN - Varias obras del EPEN en distintas localidades","description":"Varias obras del EPEN en distintas localidades","robots":{"index":"index","follow":"follow","max-snippet":"max-snippet:-1","max-image-preview":"max-image-preview:large","max-video-preview":"max-video-preview:-1"},"canonical":"https:\/\/www.epen.gov.ar\/index.php\/2022\/09\/29\/varias-obras-del-epen-en-distintas-localidades\/","og_locale":"es_ES","og_type":"article","og_title":"EPEN - Varias obras del EPEN en distintas localidades","og_description":"Varias obras del EPEN en distintas localidades","og_url":"https:\/\/www.epen.gov.ar\/index.php\/2022\/09\/29\/varias-obras-del-epen-en-distintas-localidades\/","og_site_name":"EPEN","article_publisher":"https:\/\/www.facebook.com\/EPEN.Neuquen","article_published_time":"2022-09-29T14:37:36+00:00","article_modified_time":"2022-09-29T16:40:12+00:00","og_image":[{"width":1200,"height":819,"url":"https:\/\/www.epen.gov.ar\/wp-content\/uploads\/2022\/09\/Las-Lajas-manzanas-EPEN-2.jpeg","type":"image\/jpeg"}],"author":"Prensa EPEN","twitter_card":"summary_large_image","twitter_creator":"@EPEN_Informa","twitter_site":"@EPEN_Informa","twitter_misc":{"Escrito por":"Prensa EPEN","Tiempo de lectura":"5 minutos"},"schema":{"@context":"https:\/\/schema.org","@graph":[{"@type":"Article","@id":"https:\/\/www.epen.gov.ar\/index.php\/2022\/09\/29\/varias-obras-del-epen-en-distintas-localidades\/#article","isPartOf":{"@id":"https:\/\/www.epen.gov.ar\/index.php\/2022\/09\/29\/varias-obras-del-epen-en-distintas-localidades\/"},"author":{"name":"Prensa EPEN","@id":"https:\/\/www.epen.gov.ar\/#\/schema\/person\/ce6cff87c2fc01264becc10fa105ad4f"},"headline":"Varias obras del EPEN en distintas localidades","datePublished":"2022-09-29T14:37:36+00:00","dateModified":"2022-09-29T16:40:12+00:00","mainEntityOfPage":{"@id":"https:\/\/www.epen.gov.ar\/index.php\/2022\/09\/29\/varias-obras-del-epen-en-distintas-localidades\/"},"wordCount":1053,"publisher":{"@id":"https:\/\/www.epen.gov.ar\/#organization"},"image":{"@id":"https:\/\/www.epen.gov.ar\/index.php\/2022\/09\/29\/varias-obras-del-epen-en-distintas-localidades\/#primaryimage"},"thumbnailUrl":"https:\/\/www.epen.gov.ar\/wp-content\/uploads\/2022\/09\/Las-Lajas-manzanas-EPEN-2.jpeg","keywords":["Alumine","Las Lajas","Obras","Senillosa"],"articleSection":["Noticias"],"inLanguage":"es"},{"@type":"WebPage","@id":"https:\/\/www.epen.gov.ar\/index.php\/2022\/09\/29\/varias-obras-del-epen-en-distintas-localidades\/","url":"https:\/\/www.epen.gov.ar\/index.php\/2022\/09\/29\/varias-obras-del-epen-en-distintas-localidades\/","name":"EPEN - Varias obras del EPEN en distintas localidades","isPartOf":{"@id":"https:\/\/www.epen.gov.ar\/#website"},"primaryImageOfPage":{"@id":"https:\/\/www.epen.gov.ar\/index.php\/2022\/09\/29\/varias-obras-del-epen-en-distintas-localidades\/#primaryimage"},"image":{"@id":"https:\/\/www.epen.gov.ar\/index.php\/2022\/09\/29\/varias-obras-del-epen-en-distintas-localidades\/#primaryimage"},"thumbnailUrl":"https:\/\/www.epen.gov.ar\/wp-content\/uploads\/2022\/09\/Las-Lajas-manzanas-EPEN-2.jpeg","datePublished":"2022-09-29T14:37:36+00:00","dateModified":"2022-09-29T16:40:12+00:00","description":"Varias obras del EPEN en distintas localidades","breadcrumb":{"@id":"https:\/\/www.epen.gov.ar\/index.php\/2022\/09\/29\/varias-obras-del-epen-en-distintas-localidades\/#breadcrumb"},"inLanguage":"es","potentialAction":[{"@type":"ReadAction","target":["https:\/\/www.epen.gov.ar\/index.php\/2022\/09\/29\/varias-obras-del-epen-en-distintas-localidades\/"]}]},{"@type":"ImageObject","inLanguage":"es","@id":"https:\/\/www.epen.gov.ar\/index.php\/2022\/09\/29\/varias-obras-del-epen-en-distintas-localidades\/#primaryimage","url":"https:\/\/www.epen.gov.ar\/wp-content\/uploads\/2022\/09\/Las-Lajas-manzanas-EPEN-2.jpeg","contentUrl":"https:\/\/www.epen.gov.ar\/wp-content\/uploads\/2022\/09\/Las-Lajas-manzanas-EPEN-2.jpeg","width":1200,"height":819},{"@type":"BreadcrumbList","@id":"https:\/\/www.epen.gov.ar\/index.php\/2022\/09\/29\/varias-obras-del-epen-en-distintas-localidades\/#breadcrumb","itemListElement":[{"@type":"ListItem","position":1,"name":"Inicio","item":"https:\/\/www.epen.gov.ar\/"},{"@type":"ListItem","position":2,"name":"Varias obras del EPEN en distintas localidades"}]},{"@type":"WebSite","@id":"https:\/\/www.epen.gov.ar\/#website","url":"https:\/\/www.epen.gov.ar\/","name":"EPEN","description":"Ente Provincial de Energ\u00eda del Neuqu\u00e9n","publisher":{"@id":"https:\/\/www.epen.gov.ar\/#organization"},"potentialAction":[{"@type":"SearchAction","target":{"@type":"EntryPoint","urlTemplate":"https:\/\/www.epen.gov.ar\/?s={search_term_string}"},"query-input":{"@type":"PropertyValueSpecification","valueRequired":true,"valueName":"search_term_string"}}],"inLanguage":"es"},{"@type":"Organization","@id":"https:\/\/www.epen.gov.ar\/#organization","name":"Ente Provincial de Energ\u00eda del Neuqu\u00e9n","url":"https:\/\/www.epen.gov.ar\/","logo":{"@type":"ImageObject","inLanguage":"es","@id":"https:\/\/www.epen.gov.ar\/#\/schema\/logo\/image\/","url":"https:\/\/www.epen.gov.ar\/wp-content\/uploads\/2024\/02\/Logo-EPEN-2.jpg","contentUrl":"https:\/\/www.epen.gov.ar\/wp-content\/uploads\/2024\/02\/Logo-EPEN-2.jpg","width":696,"height":696,"caption":"Ente Provincial de Energ\u00eda del Neuqu\u00e9n"},"image":{"@id":"https:\/\/www.epen.gov.ar\/#\/schema\/logo\/image\/"},"sameAs":["https:\/\/www.facebook.com\/EPEN.Neuquen","https:\/\/x.com\/EPEN_Informa","https:\/\/www.youtube.com\/@epenprensa7384"]},{"@type":"Person","@id":"https:\/\/www.epen.gov.ar\/#\/schema\/person\/ce6cff87c2fc01264becc10fa105ad4f","name":"Prensa EPEN","image":{"@type":"ImageObject","inLanguage":"es","@id":"https:\/\/secure.gravatar.com\/avatar\/f8120b8688012ccf2d7fbcf7a970cfbabf0ab63b09c2dbd72c194bee080070e9?s=96&d=mm&r=g","url":"https:\/\/secure.gravatar.com\/avatar\/f8120b8688012ccf2d7fbcf7a970cfbabf0ab63b09c2dbd72c194bee080070e9?s=96&d=mm&r=g","contentUrl":"https:\/\/secure.gravatar.com\/avatar\/f8120b8688012ccf2d7fbcf7a970cfbabf0ab63b09c2dbd72c194bee080070e9?s=96&d=mm&r=g","caption":"Prensa EPEN"},"url":"https:\/\/www.epen.gov.ar\/index.php\/author\/admin\/"}]}},"_links":{"self":[{"href":"https:\/\/www.epen.gov.ar\/index.php\/wp-json\/wp\/v2\/posts\/81859","targetHints":{"allow":["GET"]}}],"collection":[{"href":"https:\/\/www.epen.gov.ar\/index.php\/wp-json\/wp\/v2\/posts"}],"about":[{"href":"https:\/\/www.epen.gov.ar\/index.php\/wp-json\/wp\/v2\/types\/post"}],"author":[{"embeddable":true,"href":"https:\/\/www.epen.gov.ar\/index.php\/wp-json\/wp\/v2\/users\/1"}],"replies":[{"embeddable":true,"href":"https:\/\/www.epen.gov.ar\/index.php\/wp-json\/wp\/v2\/comments?post=81859"}],"version-history":[{"count":4,"href":"https:\/\/www.epen.gov.ar\/index.php\/wp-json\/wp\/v2\/posts\/81859\/revisions"}],"predecessor-version":[{"id":87369,"href":"https:\/\/www.epen.gov.ar\/index.php\/wp-json\/wp\/v2\/posts\/81859\/revisions\/87369"}],"wp:featuredmedia":[{"embeddable":true,"href":"https:\/\/www.epen.gov.ar\/index.php\/wp-json\/wp\/v2\/media\/81992"}],"wp:attachment":[{"href":"https:\/\/www.epen.gov.ar\/index.php\/wp-json\/wp\/v2\/media?parent=81859"}],"wp:term":[{"taxonomy":"category","embeddable":true,"href":"https:\/\/www.epen.gov.ar\/index.php\/wp-json\/wp\/v2\/categories?post=81859"},{"taxonomy":"post_tag","embeddable":true,"href":"https:\/\/www.epen.gov.ar\/index.php\/wp-json\/wp\/v2\/tags?post=81859"}],"curies":[{"name":"wp","href":"https:\/\/api.w.org\/{rel}","templated":true}]}}