{"id":79466,"date":"2022-09-16T14:24:22","date_gmt":"2022-09-16T17:24:22","guid":{"rendered":"http:\/\/192.168.200.48\/?p=79466"},"modified":"2022-09-20T08:36:21","modified_gmt":"2022-09-20T11:36:21","slug":"continua-la-inscripcion-para-no-perder-el-subsidio-de-energia","status":"publish","type":"post","link":"https:\/\/www.epen.gov.ar\/index.php\/2022\/09\/16\/continua-la-inscripcion-para-no-perder-el-subsidio-de-energia\/","title":{"rendered":"Contin\u00faa la inscripci\u00f3n para no perder el subsidio de energ\u00eda"},"content":{"rendered":"<div class=\"fusion-fullwidth fullwidth-box fusion-builder-row-1 nonhundred-percent-fullwidth non-hundred-percent-height-scrolling\" style=\"--awb-border-radius-top-left:0px;--awb-border-radius-top-right:0px;--awb-border-radius-bottom-right:0px;--awb-border-radius-bottom-left:0px;--awb-flex-wrap:wrap;\" ><div class=\"fusion-builder-row fusion-row\"><div class=\"fusion-layout-column fusion_builder_column fusion-builder-column-0 fusion_builder_column_2_3 2_3 fusion-two-third fusion-column-first\" style=\"--awb-bg-size:cover;width:66.666666666667%;width:calc(66.666666666667% - ( ( 4% ) * 0.66666666666667 ) );margin-right: 4%;\"><div class=\"fusion-column-wrapper fusion-column-has-shadow fusion-flex-column-wrapper-legacy\"><div class=\"fusion-text fusion-text-1\"><p style=\"font-weight: 400; text-align: justify;\"><em>Desde el EPEN el cruce de datos arroj\u00f3 que cerca del 40% de los residenciales de toda la provincia perder\u00e1 el subsidio. Se solicita hacerlo hasta el 30 de septiembre para evitar aumentos.<\/em><\/p>\n<p style=\"font-weight: 400; text-align: justify;\">El Ente Provincial de Energ\u00eda del Neuqu\u00e9n (EPEN) dependiente de la Secretar\u00eda general y servicios p\u00fablicos informa a trav\u00e9s de su presidente Francisco Zambon que \u2013\u201cesta semana hemos tenido el primer cruce de la base de datos de nuestros clientes residenciales con la base de datos de los que se han inscripto en el registro para mantener el subsidio -llamado RASE (Registro de Acceso a los Subsidios a la Energ\u00eda) y vimos que el 42% de nuestros usuarios estar\u00edan en condiciones de perder el subsidio\u201d.<\/p>\n<p style=\"font-weight: 400; text-align: justify;\">Esto significa que, dentro de ese 42% o bien se anotaron y tienen ingresos superiores a lo que ha considerado el Estado nacional que son ingresos altos, o directamente no se inscribieron.<\/p>\n<p style=\"font-weight: 400; text-align: justify;\">En el caso de los que no se inscribieron, no est\u00e1n catalogados como usuarios que tengan condiciones para mantener el subsidio, con lo cual lo perder\u00edan. Esto rige a partir de los consumos desde el 1 de septiembre, que el EPEN factura en octubre y llegar\u00e1 en las facturas del mes de noviembre.<\/p>\n<p style=\"font-weight: 400; text-align: justify;\">De acuerdo a ello, Zambon indic\u00f3 que: &#8211; \u201chemos hablado con las autoridades nacionales en varias reuniones y como el registro sigue abierto de forma permanente, estamos intensificando la campa\u00f1a de difusi\u00f3n y haciendo un nuevo corte el 30 de septiembre, para lograr y ver en qu\u00e9 medida una mayor cantidad de usuarios del EPEN de toda la provincia tenga acceso a la inscripci\u00f3n en el registro y mantengan el subsidio, y a partir de all\u00ed hacer la facturaci\u00f3n\u201d.<\/p>\n<p style=\"font-weight: 400; text-align: justify;\">En este sentido continu\u00f3: &#8211; \u201cEn particular estamos esperando un nuevo cruce de las bases de datos donde nos indiquen quienes se han inscripto y quienes no por localidad, para poder trabajarlo en forma sectorizada. La idea es trabajarlo con los medios de difusi\u00f3n y tambi\u00e9n que podamos disponer no solamente desde el EPEN sino tambi\u00e9n desde Municipios y Comisiones de fomento de alg\u00fan espacio para que los vecinos de cada localidad y cada paraje puedan acceder a una computadora o dispositivo digital y hacer la inscripci\u00f3n\u201d.<\/p>\n<p style=\"font-weight: 400; text-align: justify;\">La inscripci\u00f3n es una declaraci\u00f3n jurada, personal, y cada persona deber\u00e1 completarlo con el DNI, datos de las facturas del servicio- tanto de gas natural como de energ\u00eda el\u00e9ctrica- correo electr\u00f3nico &#8211; n\u00famero de CUIL y el de los convivientes si hubiera.<\/p>\n<p style=\"font-weight: 400; text-align: justify;\">Solicitamos a quien no se haya inscripto que por favor se inscriba, entre en el sitio web\u00a0<a href=\"http:\/\/www.argentina.gob.ar\/subsidios\" data-saferedirecturl=\"https:\/\/www.google.com\/url?q=http:\/\/www.argentina.gob.ar\/subsidios&amp;source=gmail&amp;ust=1663432403201000&amp;usg=AOvVaw3K-EIz7wNWcJfnHkiIViYR\">www.argentina.gob.ar\/subsidios<\/a>\u00a0y complete el formulario, con una casilla de correo donde recibir\u00e1 la notificaci\u00f3n de como qued\u00f3 encuadrado en forma provisoria hasta tanto se haga otro cruzamiento.<\/p>\n<p style=\"font-weight: 400; text-align: justify;\">Es importante que todos se inscriban para poder mantener el subsidio.<\/p>\n<\/div><div class=\"fusion-clearfix\"><\/div><\/div><\/div><div class=\"fusion-layout-column fusion_builder_column fusion-builder-column-1 fusion_builder_column_1_3 1_3 fusion-one-third fusion-column-last\" style=\"--awb-bg-size:cover;width:33.333333333333%;width:calc(33.333333333333% - ( ( 4% ) * 0.33333333333333 ) );\"><div class=\"fusion-column-wrapper fusion-column-has-shadow fusion-flex-column-wrapper-legacy\"><div class=\"fusion-widget-area awb-widget-area-element fusion-widget-area-1 fusion-content-widget-area\" style=\"--awb-title-size:20px;--awb-title-color:#333333;--awb-padding:0px 0px 0px 0px;\"><style type=\"text\/css\" data-id=\"tweets-widget-2\">#tweets-widget-2 li { border-color:#eaeaea;}<\/style><section id=\"tweets-widget-2\" class=\"widget tweets\" style=\"border-style: solid;border-color: #eaeaea;border-color:transparent;border-width:0px;\">\t\t\t\t\n\t\t<div style=\"overflow:hidden\">\n\t\t\t\t\t\t\t\t\t\t\t<a class=\"twitter-timeline\" data-dnt=\"true\" href=\"https:\/\/twitter.com\/@EPEN_Informa\" data-width=\"500\" data-height=\"300\" width=\"500\" height=\"300\" data-theme=\"light\" data-link-color=\"##25a9bd\" data-border-color=\"#eaeaea\" data-chrome=\"\">Tweets por @EPEN_Informa<\/a>\n\t\t\t\t\t\t\t\n\t\t\t\t\t\t\t\t\t\t\t<script async src=\"\/\/platform.twitter.com\/widgets.js\" charset=\"utf-8\"><\/script>\n\t\t\t\t\t\t\t\n\t\t<\/div>\n\t\t<\/section>\n\t\t<section id=\"recent-posts-3\" class=\"widget widget_recent_entries\" style=\"border-style: solid;border-color:transparent;border-width:0px;\">\n\t\t<div class=\"heading\"><h4 class=\"widget-title\">Entradas recientes<\/h4><\/div>\n\t\t<ul>\n\t\t\t\t\t\t\t\t\t\t\t<li>\n\t\t\t\t\t<a href=\"https:\/\/www.epen.gov.ar\/index.php\/2026\/04\/29\/corte-programado-en-sectores-de-centenario-el-30-04-2026\/\">Corte Programado en sectores de Centenario el 30\/04\/2026<\/a>\n\t\t\t\t\t\t\t\t\t\t\t<span class=\"post-date\">29\/04\/2026<\/span>\n\t\t\t\t\t\t\t\t\t<\/li>\n\t\t\t\t\t\t\t\t\t\t\t<li>\n\t\t\t\t\t<a href=\"https:\/\/www.epen.gov.ar\/index.php\/2026\/04\/28\/el-epen-impulsa-el-desarrollo-de-varvarco-con-nueva-infraestructura-para-17-lotes\/\">El EPEN impulsa el desarrollo de Varvarco con nueva infraestructura para 17 lotes<\/a>\n\t\t\t\t\t\t\t\t\t\t\t<span class=\"post-date\">28\/04\/2026<\/span>\n\t\t\t\t\t\t\t\t\t<\/li>\n\t\t\t\t\t\t\t\t\t\t\t<li>\n\t\t\t\t\t<a href=\"https:\/\/www.epen.gov.ar\/index.php\/2026\/04\/28\/corte-programado-en-sectores-de-zona-nahueve-el-30-04-2026\/\">Corte Programado en sectores de zona Nahueve el 30\/04\/2026<\/a>\n\t\t\t\t\t\t\t\t\t\t\t<span class=\"post-date\">28\/04\/2026<\/span>\n\t\t\t\t\t\t\t\t\t<\/li>\n\t\t\t\t\t\t\t\t\t\t\t<li>\n\t\t\t\t\t<a href=\"https:\/\/www.epen.gov.ar\/index.php\/2026\/04\/24\/corte-programado-en-sectores-de-san-martin-de-los-andes-el-25-04-2026\/\">Corte Programado en sectores de San Mart\u00edn de los Andes el 25\/04\/2026<\/a>\n\t\t\t\t\t\t\t\t\t\t\t<span class=\"post-date\">24\/04\/2026<\/span>\n\t\t\t\t\t\t\t\t\t<\/li>\n\t\t\t\t\t\t\t\t\t\t\t<li>\n\t\t\t\t\t<a href=\"https:\/\/www.epen.gov.ar\/index.php\/2026\/04\/24\/corte-programado-en-sectores-de-centenario-el-25-04-2026\/\">Corte Programado en sectores de Centenario el 25\/04\/2026<\/a>\n\t\t\t\t\t\t\t\t\t\t\t<span class=\"post-date\">24\/04\/2026<\/span>\n\t\t\t\t\t\t\t\t\t<\/li>\n\t\t\t\t\t<\/ul>\n\n\t\t<\/section><div class=\"fusion-additional-widget-content\"><\/div><\/div><div class=\"fusion-clearfix\"><\/div><\/div><\/div><\/div><\/div>\n","protected":false},"excerpt":{"rendered":"","protected":false},"author":1,"featured_media":79569,"comment_status":"closed","ping_status":"closed","sticky":false,"template":"","format":"standard","meta":{"_exactmetrics_skip_tracking":false,"_exactmetrics_sitenote_active":false,"_exactmetrics_sitenote_note":"","_exactmetrics_sitenote_category":0,"footnotes":""},"categories":[84],"tags":[],"class_list":["post-79466","post","type-post","status-publish","format-standard","has-post-thumbnail","hentry","category-noticias"],"yoast_head":"<!-- This site is optimized with the Yoast SEO plugin v27.2 - https:\/\/yoast.com\/product\/yoast-seo-wordpress\/ -->\n<title>EPEN - Contin\u00faa la inscripci\u00f3n para no perder el subsidio de energ\u00eda<\/title>\n<meta name=\"description\" content=\"Contin\u00faa la inscripci\u00f3n para no perder el subsidio de energ\u00eda\" \/>\n<meta name=\"robots\" content=\"index, follow, max-snippet:-1, max-image-preview:large, max-video-preview:-1\" \/>\n<link rel=\"canonical\" href=\"https:\/\/www.epen.gov.ar\/index.php\/2022\/09\/16\/continua-la-inscripcion-para-no-perder-el-subsidio-de-energia\/\" \/>\n<meta property=\"og:locale\" content=\"es_ES\" \/>\n<meta property=\"og:type\" content=\"article\" \/>\n<meta property=\"og:title\" content=\"EPEN - Contin\u00faa la inscripci\u00f3n para no perder el subsidio de energ\u00eda\" \/>\n<meta property=\"og:description\" content=\"Contin\u00faa la inscripci\u00f3n para no perder el subsidio de energ\u00eda\" \/>\n<meta property=\"og:url\" content=\"https:\/\/www.epen.gov.ar\/index.php\/2022\/09\/16\/continua-la-inscripcion-para-no-perder-el-subsidio-de-energia\/\" \/>\n<meta property=\"og:site_name\" content=\"EPEN\" \/>\n<meta property=\"article:publisher\" content=\"https:\/\/www.facebook.com\/EPEN.Neuquen\" \/>\n<meta property=\"article:published_time\" content=\"2022-09-16T17:24:22+00:00\" \/>\n<meta property=\"article:modified_time\" content=\"2022-09-20T11:36:21+00:00\" \/>\n<meta property=\"og:image\" content=\"https:\/\/www.epen.gov.ar\/wp-content\/uploads\/2022\/09\/foto-epen-edificio-rioja.jpeg\" \/>\n\t<meta property=\"og:image:width\" content=\"1280\" \/>\n\t<meta property=\"og:image:height\" content=\"960\" \/>\n\t<meta property=\"og:image:type\" content=\"image\/jpeg\" \/>\n<meta name=\"author\" content=\"Prensa EPEN\" \/>\n<meta name=\"twitter:card\" content=\"summary_large_image\" \/>\n<meta name=\"twitter:creator\" content=\"@EPEN_Informa\" \/>\n<meta name=\"twitter:site\" content=\"@EPEN_Informa\" \/>\n<meta name=\"twitter:label1\" content=\"Escrito por\" \/>\n\t<meta name=\"twitter:data1\" content=\"Prensa EPEN\" \/>\n\t<meta name=\"twitter:label2\" content=\"Tiempo de lectura\" \/>\n\t<meta name=\"twitter:data2\" content=\"5 minutos\" \/>\n<script type=\"application\/ld+json\" class=\"yoast-schema-graph\">{\"@context\":\"https:\/\/schema.org\",\"@graph\":[{\"@type\":\"Article\",\"@id\":\"https:\/\/www.epen.gov.ar\/index.php\/2022\/09\/16\/continua-la-inscripcion-para-no-perder-el-subsidio-de-energia\/#article\",\"isPartOf\":{\"@id\":\"https:\/\/www.epen.gov.ar\/index.php\/2022\/09\/16\/continua-la-inscripcion-para-no-perder-el-subsidio-de-energia\/\"},\"author\":{\"name\":\"Prensa EPEN\",\"@id\":\"https:\/\/www.epen.gov.ar\/#\/schema\/person\/ce6cff87c2fc01264becc10fa105ad4f\"},\"headline\":\"Contin\u00faa la inscripci\u00f3n para no perder el subsidio de energ\u00eda\",\"datePublished\":\"2022-09-16T17:24:22+00:00\",\"dateModified\":\"2022-09-20T11:36:21+00:00\",\"mainEntityOfPage\":{\"@id\":\"https:\/\/www.epen.gov.ar\/index.php\/2022\/09\/16\/continua-la-inscripcion-para-no-perder-el-subsidio-de-energia\/\"},\"wordCount\":930,\"publisher\":{\"@id\":\"https:\/\/www.epen.gov.ar\/#organization\"},\"image\":{\"@id\":\"https:\/\/www.epen.gov.ar\/index.php\/2022\/09\/16\/continua-la-inscripcion-para-no-perder-el-subsidio-de-energia\/#primaryimage\"},\"thumbnailUrl\":\"https:\/\/www.epen.gov.ar\/wp-content\/uploads\/2022\/09\/foto-epen-edificio-rioja.jpeg\",\"articleSection\":[\"Noticias\"],\"inLanguage\":\"es\"},{\"@type\":\"WebPage\",\"@id\":\"https:\/\/www.epen.gov.ar\/index.php\/2022\/09\/16\/continua-la-inscripcion-para-no-perder-el-subsidio-de-energia\/\",\"url\":\"https:\/\/www.epen.gov.ar\/index.php\/2022\/09\/16\/continua-la-inscripcion-para-no-perder-el-subsidio-de-energia\/\",\"name\":\"EPEN - Contin\u00faa la inscripci\u00f3n para no perder el subsidio de energ\u00eda\",\"isPartOf\":{\"@id\":\"https:\/\/www.epen.gov.ar\/#website\"},\"primaryImageOfPage\":{\"@id\":\"https:\/\/www.epen.gov.ar\/index.php\/2022\/09\/16\/continua-la-inscripcion-para-no-perder-el-subsidio-de-energia\/#primaryimage\"},\"image\":{\"@id\":\"https:\/\/www.epen.gov.ar\/index.php\/2022\/09\/16\/continua-la-inscripcion-para-no-perder-el-subsidio-de-energia\/#primaryimage\"},\"thumbnailUrl\":\"https:\/\/www.epen.gov.ar\/wp-content\/uploads\/2022\/09\/foto-epen-edificio-rioja.jpeg\",\"datePublished\":\"2022-09-16T17:24:22+00:00\",\"dateModified\":\"2022-09-20T11:36:21+00:00\",\"description\":\"Contin\u00faa la inscripci\u00f3n para no perder el subsidio de energ\u00eda\",\"breadcrumb\":{\"@id\":\"https:\/\/www.epen.gov.ar\/index.php\/2022\/09\/16\/continua-la-inscripcion-para-no-perder-el-subsidio-de-energia\/#breadcrumb\"},\"inLanguage\":\"es\",\"potentialAction\":[{\"@type\":\"ReadAction\",\"target\":[\"https:\/\/www.epen.gov.ar\/index.php\/2022\/09\/16\/continua-la-inscripcion-para-no-perder-el-subsidio-de-energia\/\"]}]},{\"@type\":\"ImageObject\",\"inLanguage\":\"es\",\"@id\":\"https:\/\/www.epen.gov.ar\/index.php\/2022\/09\/16\/continua-la-inscripcion-para-no-perder-el-subsidio-de-energia\/#primaryimage\",\"url\":\"https:\/\/www.epen.gov.ar\/wp-content\/uploads\/2022\/09\/foto-epen-edificio-rioja.jpeg\",\"contentUrl\":\"https:\/\/www.epen.gov.ar\/wp-content\/uploads\/2022\/09\/foto-epen-edificio-rioja.jpeg\",\"width\":1280,\"height\":960},{\"@type\":\"BreadcrumbList\",\"@id\":\"https:\/\/www.epen.gov.ar\/index.php\/2022\/09\/16\/continua-la-inscripcion-para-no-perder-el-subsidio-de-energia\/#breadcrumb\",\"itemListElement\":[{\"@type\":\"ListItem\",\"position\":1,\"name\":\"Inicio\",\"item\":\"https:\/\/www.epen.gov.ar\/\"},{\"@type\":\"ListItem\",\"position\":2,\"name\":\"Contin\u00faa la inscripci\u00f3n para no perder el subsidio de energ\u00eda\"}]},{\"@type\":\"WebSite\",\"@id\":\"https:\/\/www.epen.gov.ar\/#website\",\"url\":\"https:\/\/www.epen.gov.ar\/\",\"name\":\"EPEN\",\"description\":\"Ente Provincial de Energ\u00eda del Neuqu\u00e9n\",\"publisher\":{\"@id\":\"https:\/\/www.epen.gov.ar\/#organization\"},\"potentialAction\":[{\"@type\":\"SearchAction\",\"target\":{\"@type\":\"EntryPoint\",\"urlTemplate\":\"https:\/\/www.epen.gov.ar\/?s={search_term_string}\"},\"query-input\":{\"@type\":\"PropertyValueSpecification\",\"valueRequired\":true,\"valueName\":\"search_term_string\"}}],\"inLanguage\":\"es\"},{\"@type\":\"Organization\",\"@id\":\"https:\/\/www.epen.gov.ar\/#organization\",\"name\":\"Ente Provincial de Energ\u00eda del Neuqu\u00e9n\",\"url\":\"https:\/\/www.epen.gov.ar\/\",\"logo\":{\"@type\":\"ImageObject\",\"inLanguage\":\"es\",\"@id\":\"https:\/\/www.epen.gov.ar\/#\/schema\/logo\/image\/\",\"url\":\"https:\/\/www.epen.gov.ar\/wp-content\/uploads\/2024\/02\/Logo-EPEN-2.jpg\",\"contentUrl\":\"https:\/\/www.epen.gov.ar\/wp-content\/uploads\/2024\/02\/Logo-EPEN-2.jpg\",\"width\":696,\"height\":696,\"caption\":\"Ente Provincial de Energ\u00eda del Neuqu\u00e9n\"},\"image\":{\"@id\":\"https:\/\/www.epen.gov.ar\/#\/schema\/logo\/image\/\"},\"sameAs\":[\"https:\/\/www.facebook.com\/EPEN.Neuquen\",\"https:\/\/x.com\/EPEN_Informa\",\"https:\/\/www.youtube.com\/@epenprensa7384\"]},{\"@type\":\"Person\",\"@id\":\"https:\/\/www.epen.gov.ar\/#\/schema\/person\/ce6cff87c2fc01264becc10fa105ad4f\",\"name\":\"Prensa EPEN\",\"image\":{\"@type\":\"ImageObject\",\"inLanguage\":\"es\",\"@id\":\"https:\/\/secure.gravatar.com\/avatar\/f8120b8688012ccf2d7fbcf7a970cfbabf0ab63b09c2dbd72c194bee080070e9?s=96&d=mm&r=g\",\"url\":\"https:\/\/secure.gravatar.com\/avatar\/f8120b8688012ccf2d7fbcf7a970cfbabf0ab63b09c2dbd72c194bee080070e9?s=96&d=mm&r=g\",\"contentUrl\":\"https:\/\/secure.gravatar.com\/avatar\/f8120b8688012ccf2d7fbcf7a970cfbabf0ab63b09c2dbd72c194bee080070e9?s=96&d=mm&r=g\",\"caption\":\"Prensa EPEN\"},\"url\":\"https:\/\/www.epen.gov.ar\/index.php\/author\/admin\/\"}]}<\/script>\n<!-- \/ Yoast SEO plugin. -->","yoast_head_json":{"title":"EPEN - Contin\u00faa la inscripci\u00f3n para no perder el subsidio de energ\u00eda","description":"Contin\u00faa la inscripci\u00f3n para no perder el subsidio de energ\u00eda","robots":{"index":"index","follow":"follow","max-snippet":"max-snippet:-1","max-image-preview":"max-image-preview:large","max-video-preview":"max-video-preview:-1"},"canonical":"https:\/\/www.epen.gov.ar\/index.php\/2022\/09\/16\/continua-la-inscripcion-para-no-perder-el-subsidio-de-energia\/","og_locale":"es_ES","og_type":"article","og_title":"EPEN - Contin\u00faa la inscripci\u00f3n para no perder el subsidio de energ\u00eda","og_description":"Contin\u00faa la inscripci\u00f3n para no perder el subsidio de energ\u00eda","og_url":"https:\/\/www.epen.gov.ar\/index.php\/2022\/09\/16\/continua-la-inscripcion-para-no-perder-el-subsidio-de-energia\/","og_site_name":"EPEN","article_publisher":"https:\/\/www.facebook.com\/EPEN.Neuquen","article_published_time":"2022-09-16T17:24:22+00:00","article_modified_time":"2022-09-20T11:36:21+00:00","og_image":[{"width":1280,"height":960,"url":"https:\/\/www.epen.gov.ar\/wp-content\/uploads\/2022\/09\/foto-epen-edificio-rioja.jpeg","type":"image\/jpeg"}],"author":"Prensa EPEN","twitter_card":"summary_large_image","twitter_creator":"@EPEN_Informa","twitter_site":"@EPEN_Informa","twitter_misc":{"Escrito por":"Prensa EPEN","Tiempo de lectura":"5 minutos"},"schema":{"@context":"https:\/\/schema.org","@graph":[{"@type":"Article","@id":"https:\/\/www.epen.gov.ar\/index.php\/2022\/09\/16\/continua-la-inscripcion-para-no-perder-el-subsidio-de-energia\/#article","isPartOf":{"@id":"https:\/\/www.epen.gov.ar\/index.php\/2022\/09\/16\/continua-la-inscripcion-para-no-perder-el-subsidio-de-energia\/"},"author":{"name":"Prensa EPEN","@id":"https:\/\/www.epen.gov.ar\/#\/schema\/person\/ce6cff87c2fc01264becc10fa105ad4f"},"headline":"Contin\u00faa la inscripci\u00f3n para no perder el subsidio de energ\u00eda","datePublished":"2022-09-16T17:24:22+00:00","dateModified":"2022-09-20T11:36:21+00:00","mainEntityOfPage":{"@id":"https:\/\/www.epen.gov.ar\/index.php\/2022\/09\/16\/continua-la-inscripcion-para-no-perder-el-subsidio-de-energia\/"},"wordCount":930,"publisher":{"@id":"https:\/\/www.epen.gov.ar\/#organization"},"image":{"@id":"https:\/\/www.epen.gov.ar\/index.php\/2022\/09\/16\/continua-la-inscripcion-para-no-perder-el-subsidio-de-energia\/#primaryimage"},"thumbnailUrl":"https:\/\/www.epen.gov.ar\/wp-content\/uploads\/2022\/09\/foto-epen-edificio-rioja.jpeg","articleSection":["Noticias"],"inLanguage":"es"},{"@type":"WebPage","@id":"https:\/\/www.epen.gov.ar\/index.php\/2022\/09\/16\/continua-la-inscripcion-para-no-perder-el-subsidio-de-energia\/","url":"https:\/\/www.epen.gov.ar\/index.php\/2022\/09\/16\/continua-la-inscripcion-para-no-perder-el-subsidio-de-energia\/","name":"EPEN - Contin\u00faa la inscripci\u00f3n para no perder el subsidio de energ\u00eda","isPartOf":{"@id":"https:\/\/www.epen.gov.ar\/#website"},"primaryImageOfPage":{"@id":"https:\/\/www.epen.gov.ar\/index.php\/2022\/09\/16\/continua-la-inscripcion-para-no-perder-el-subsidio-de-energia\/#primaryimage"},"image":{"@id":"https:\/\/www.epen.gov.ar\/index.php\/2022\/09\/16\/continua-la-inscripcion-para-no-perder-el-subsidio-de-energia\/#primaryimage"},"thumbnailUrl":"https:\/\/www.epen.gov.ar\/wp-content\/uploads\/2022\/09\/foto-epen-edificio-rioja.jpeg","datePublished":"2022-09-16T17:24:22+00:00","dateModified":"2022-09-20T11:36:21+00:00","description":"Contin\u00faa la inscripci\u00f3n para no perder el subsidio de energ\u00eda","breadcrumb":{"@id":"https:\/\/www.epen.gov.ar\/index.php\/2022\/09\/16\/continua-la-inscripcion-para-no-perder-el-subsidio-de-energia\/#breadcrumb"},"inLanguage":"es","potentialAction":[{"@type":"ReadAction","target":["https:\/\/www.epen.gov.ar\/index.php\/2022\/09\/16\/continua-la-inscripcion-para-no-perder-el-subsidio-de-energia\/"]}]},{"@type":"ImageObject","inLanguage":"es","@id":"https:\/\/www.epen.gov.ar\/index.php\/2022\/09\/16\/continua-la-inscripcion-para-no-perder-el-subsidio-de-energia\/#primaryimage","url":"https:\/\/www.epen.gov.ar\/wp-content\/uploads\/2022\/09\/foto-epen-edificio-rioja.jpeg","contentUrl":"https:\/\/www.epen.gov.ar\/wp-content\/uploads\/2022\/09\/foto-epen-edificio-rioja.jpeg","width":1280,"height":960},{"@type":"BreadcrumbList","@id":"https:\/\/www.epen.gov.ar\/index.php\/2022\/09\/16\/continua-la-inscripcion-para-no-perder-el-subsidio-de-energia\/#breadcrumb","itemListElement":[{"@type":"ListItem","position":1,"name":"Inicio","item":"https:\/\/www.epen.gov.ar\/"},{"@type":"ListItem","position":2,"name":"Contin\u00faa la inscripci\u00f3n para no perder el subsidio de energ\u00eda"}]},{"@type":"WebSite","@id":"https:\/\/www.epen.gov.ar\/#website","url":"https:\/\/www.epen.gov.ar\/","name":"EPEN","description":"Ente Provincial de Energ\u00eda del Neuqu\u00e9n","publisher":{"@id":"https:\/\/www.epen.gov.ar\/#organization"},"potentialAction":[{"@type":"SearchAction","target":{"@type":"EntryPoint","urlTemplate":"https:\/\/www.epen.gov.ar\/?s={search_term_string}"},"query-input":{"@type":"PropertyValueSpecification","valueRequired":true,"valueName":"search_term_string"}}],"inLanguage":"es"},{"@type":"Organization","@id":"https:\/\/www.epen.gov.ar\/#organization","name":"Ente Provincial de Energ\u00eda del Neuqu\u00e9n","url":"https:\/\/www.epen.gov.ar\/","logo":{"@type":"ImageObject","inLanguage":"es","@id":"https:\/\/www.epen.gov.ar\/#\/schema\/logo\/image\/","url":"https:\/\/www.epen.gov.ar\/wp-content\/uploads\/2024\/02\/Logo-EPEN-2.jpg","contentUrl":"https:\/\/www.epen.gov.ar\/wp-content\/uploads\/2024\/02\/Logo-EPEN-2.jpg","width":696,"height":696,"caption":"Ente Provincial de Energ\u00eda del Neuqu\u00e9n"},"image":{"@id":"https:\/\/www.epen.gov.ar\/#\/schema\/logo\/image\/"},"sameAs":["https:\/\/www.facebook.com\/EPEN.Neuquen","https:\/\/x.com\/EPEN_Informa","https:\/\/www.youtube.com\/@epenprensa7384"]},{"@type":"Person","@id":"https:\/\/www.epen.gov.ar\/#\/schema\/person\/ce6cff87c2fc01264becc10fa105ad4f","name":"Prensa EPEN","image":{"@type":"ImageObject","inLanguage":"es","@id":"https:\/\/secure.gravatar.com\/avatar\/f8120b8688012ccf2d7fbcf7a970cfbabf0ab63b09c2dbd72c194bee080070e9?s=96&d=mm&r=g","url":"https:\/\/secure.gravatar.com\/avatar\/f8120b8688012ccf2d7fbcf7a970cfbabf0ab63b09c2dbd72c194bee080070e9?s=96&d=mm&r=g","contentUrl":"https:\/\/secure.gravatar.com\/avatar\/f8120b8688012ccf2d7fbcf7a970cfbabf0ab63b09c2dbd72c194bee080070e9?s=96&d=mm&r=g","caption":"Prensa EPEN"},"url":"https:\/\/www.epen.gov.ar\/index.php\/author\/admin\/"}]}},"_links":{"self":[{"href":"https:\/\/www.epen.gov.ar\/index.php\/wp-json\/wp\/v2\/posts\/79466","targetHints":{"allow":["GET"]}}],"collection":[{"href":"https:\/\/www.epen.gov.ar\/index.php\/wp-json\/wp\/v2\/posts"}],"about":[{"href":"https:\/\/www.epen.gov.ar\/index.php\/wp-json\/wp\/v2\/types\/post"}],"author":[{"embeddable":true,"href":"https:\/\/www.epen.gov.ar\/index.php\/wp-json\/wp\/v2\/users\/1"}],"replies":[{"embeddable":true,"href":"https:\/\/www.epen.gov.ar\/index.php\/wp-json\/wp\/v2\/comments?post=79466"}],"version-history":[{"count":3,"href":"https:\/\/www.epen.gov.ar\/index.php\/wp-json\/wp\/v2\/posts\/79466\/revisions"}],"predecessor-version":[{"id":79964,"href":"https:\/\/www.epen.gov.ar\/index.php\/wp-json\/wp\/v2\/posts\/79466\/revisions\/79964"}],"wp:featuredmedia":[{"embeddable":true,"href":"https:\/\/www.epen.gov.ar\/index.php\/wp-json\/wp\/v2\/media\/79569"}],"wp:attachment":[{"href":"https:\/\/www.epen.gov.ar\/index.php\/wp-json\/wp\/v2\/media?parent=79466"}],"wp:term":[{"taxonomy":"category","embeddable":true,"href":"https:\/\/www.epen.gov.ar\/index.php\/wp-json\/wp\/v2\/categories?post=79466"},{"taxonomy":"post_tag","embeddable":true,"href":"https:\/\/www.epen.gov.ar\/index.php\/wp-json\/wp\/v2\/tags?post=79466"}],"curies":[{"name":"wp","href":"https:\/\/api.w.org\/{rel}","templated":true}]}}