{"id":74100,"date":"2022-08-12T15:02:27","date_gmt":"2022-08-12T18:02:27","guid":{"rendered":"http:\/\/192.168.200.48\/?p=74100"},"modified":"2022-08-12T15:02:27","modified_gmt":"2022-08-12T18:02:27","slug":"el-epen-continua-capacitando-sobre-ley-micaela","status":"publish","type":"post","link":"https:\/\/www.epen.gov.ar\/index.php\/2022\/08\/12\/el-epen-continua-capacitando-sobre-ley-micaela\/","title":{"rendered":"El EPEN contin\u00faa capacitando sobre Ley Micaela"},"content":{"rendered":"<div class=\"fusion-fullwidth fullwidth-box fusion-builder-row-1 nonhundred-percent-fullwidth non-hundred-percent-height-scrolling\" style=\"--awb-border-radius-top-left:0px;--awb-border-radius-top-right:0px;--awb-border-radius-bottom-right:0px;--awb-border-radius-bottom-left:0px;--awb-flex-wrap:wrap;\" ><div class=\"fusion-builder-row fusion-row\"><div class=\"fusion-layout-column fusion_builder_column fusion-builder-column-0 fusion_builder_column_2_3 2_3 fusion-two-third fusion-column-first\" style=\"--awb-bg-size:cover;width:66.666666666667%;width:calc(66.666666666667% - ( ( 4% ) * 0.66666666666667 ) );margin-right: 4%;\"><div class=\"fusion-column-wrapper fusion-column-has-shadow fusion-flex-column-wrapper-legacy\"><div class=\"fusion-text fusion-text-1\"><p><em>Personal del EPEN particip\u00f3 del Taller Ley Nacional Micaela en la localidad de Las Coloradas, \u00a0dictado por instructores del Ente y de la Subsecretar\u00eda de las Mujeres. Estuvieron presentes tambi\u00e9n el Intendente local, concejales y miembros del Municipio. El Ente ya capacit\u00f3 a m\u00e1s de 450 agentes.\u00a0<\/em><\/p>\n<p><img decoding=\"async\" class=\"alignnone size-medium wp-image-74114 aligncenter\" src=\"https:\/\/www.epen.gov.ar\/wp-content\/uploads\/2022\/08\/encuentro-mujeres-EPEN-foto-web-300x225.jpg\" alt=\"\" width=\"300\" height=\"225\" srcset=\"https:\/\/www.epen.gov.ar\/wp-content\/uploads\/2022\/08\/encuentro-mujeres-EPEN-foto-web-200x150.jpg 200w, https:\/\/www.epen.gov.ar\/wp-content\/uploads\/2022\/08\/encuentro-mujeres-EPEN-foto-web-300x225.jpg 300w, https:\/\/www.epen.gov.ar\/wp-content\/uploads\/2022\/08\/encuentro-mujeres-EPEN-foto-web-400x300.jpg 400w, https:\/\/www.epen.gov.ar\/wp-content\/uploads\/2022\/08\/encuentro-mujeres-EPEN-foto-web-600x450.jpg 600w, https:\/\/www.epen.gov.ar\/wp-content\/uploads\/2022\/08\/encuentro-mujeres-EPEN-foto-web-768x576.jpg 768w, https:\/\/www.epen.gov.ar\/wp-content\/uploads\/2022\/08\/encuentro-mujeres-EPEN-foto-web-800x600.jpg 800w, https:\/\/www.epen.gov.ar\/wp-content\/uploads\/2022\/08\/encuentro-mujeres-EPEN-foto-web-1200x900.jpg 1200w, https:\/\/www.epen.gov.ar\/wp-content\/uploads\/2022\/08\/encuentro-mujeres-EPEN-foto-web-1280x960.jpg 1280w, https:\/\/www.epen.gov.ar\/wp-content\/uploads\/2022\/08\/encuentro-mujeres-EPEN-foto-web-1536x1152.jpg 1536w, https:\/\/www.epen.gov.ar\/wp-content\/uploads\/2022\/08\/encuentro-mujeres-EPEN-foto-web.jpg 1600w\" sizes=\"(max-width: 300px) 100vw, 300px\" \/><\/p>\n<p style=\"font-weight: 400; text-align: justify;\">A fines del mes de julio se llev\u00f3 a cabo en la localidad de Las Coloradas el Taller \u201cLey Micaela -Sensibilizaci\u00f3n en la tem\u00e1tica de g\u00e9nero y violencias contra las mujeres\u201d. La Ley 27.499, a la cual adhiere la provincia del Neuqu\u00e9n a trav\u00e9s de la Ley 3.201, establece la\u00a0capacitaci\u00f3n obligatoria<strong>\u00a0<\/strong>en los temas de g\u00e9nero y\u00a0violencia contra las mujeres\u00a0para todas las personas que trabajan en la funci\u00f3n p\u00fablica, en los poderes Ejecutivo, Legislativo y Judicial de la Naci\u00f3n.<\/p>\n<p style=\"font-weight: 400; text-align: justify;\">Durante el encuentro, se debati\u00f3 sobre roles y estereotipos de g\u00e9nero, con el fin de generar sensibilizaci\u00f3n y promover la transformaci\u00f3n cultural, buscando la igualdad de derechos y la erradicaci\u00f3n de las violencias en todos los \u00e1mbitos.<\/p>\n<p style=\"font-weight: 400; text-align: justify;\">En este sentido, el EPEN se encuentra fuertemente comprometido con la igualdad de g\u00e9nero y con la mejora de la calidad de vida de su personal, y estableci\u00f3 como objetivo 2022, capacitar a la totalidad de sus trabajadores y trabajadoras de las diferentes localidades de la provincia, poniendo a disposici\u00f3n, todos los recursos necesarios para concretarlo.<\/p>\n<p style=\"font-weight: 400; text-align: justify;\">A la fecha, el Ente ya lleva realizados 22 Talleres (8 de Manera Virtual y 14 Presencial) en los que capacit\u00f3 a su personal de Villa La Angostura, San Mart\u00edn de los Andes, Jun\u00edn de los Andes, Villa Traful, Chos Malal, Andacollo, Arroyito, Chorriaca, Huinganco, Las Ovejas, Las Lajas, Mariano Moreno, Los Miches, Taquimil\u00e1n, Varvarco, Tricao Malal, Zapala, Piedra del \u00c1guila, Las Coloradas, Centenario, Buta Ranquil, Villa el Choc\u00f3n, Senillosa y Neuqu\u00e9n Capital. ya son m\u00e1s de 450 los agentes alcanzados.<\/p>\n<p><img decoding=\"async\" class=\"alignnone size-medium wp-image-74115 aligncenter\" src=\"https:\/\/www.epen.gov.ar\/wp-content\/uploads\/2022\/08\/micaela-300x142.jpg\" alt=\"\" width=\"300\" height=\"142\" srcset=\"https:\/\/www.epen.gov.ar\/wp-content\/uploads\/2022\/08\/micaela-200x95.jpg 200w, https:\/\/www.epen.gov.ar\/wp-content\/uploads\/2022\/08\/micaela-300x142.jpg 300w, https:\/\/www.epen.gov.ar\/wp-content\/uploads\/2022\/08\/micaela-400x189.jpg 400w, https:\/\/www.epen.gov.ar\/wp-content\/uploads\/2022\/08\/micaela-600x284.jpg 600w, https:\/\/www.epen.gov.ar\/wp-content\/uploads\/2022\/08\/micaela-768x364.jpg 768w, https:\/\/www.epen.gov.ar\/wp-content\/uploads\/2022\/08\/micaela-800x379.jpg 800w, https:\/\/www.epen.gov.ar\/wp-content\/uploads\/2022\/08\/micaela-1200x568.jpg 1200w, https:\/\/www.epen.gov.ar\/wp-content\/uploads\/2022\/08\/micaela-1280x606.jpg 1280w, https:\/\/www.epen.gov.ar\/wp-content\/uploads\/2022\/08\/micaela.jpg 1299w\" sizes=\"(max-width: 300px) 100vw, 300px\" \/><\/p>\n<p style=\"font-weight: 400; text-align: justify;\">En este marco, desde el 2021, el EPEN ha gestionado acciones intensivas para propiciar la equidad de g\u00e9nero dentro de la instituci\u00f3n. A principios del 2022, se cre\u00f3 una \u201cComisi\u00f3n de Prevenci\u00f3n y Erradicaci\u00f3n de Violencia de G\u00e9nero y Laboral\u201d, que tiene como objetivo propiciar un ambiente libre de todo tipo de violencias y discriminaci\u00f3n laboral, promoviendo acciones destinadas a la visibilizaci\u00f3n, prevenci\u00f3n y erradicaci\u00f3n de cualquier expresi\u00f3n de violencia en ambientes de trabajo. Adem\u00e1s, dicha comisi\u00f3n cre\u00f3 un Protocolo de Intervenci\u00f3n en Situaciones de Discriminaci\u00f3n, Violencia Laboral y de G\u00e9nero. Adem\u00e1s, en el mes de mayo del corriente a\u00f1o, se organiz\u00f3 el 1er Encuentro de Trabajadoras del EPEN que tuvo una enorme repercusi\u00f3n dentro de la industria y la provincia.<\/p>\n<\/div><div class=\"fusion-clearfix\"><\/div><\/div><\/div><div class=\"fusion-layout-column fusion_builder_column fusion-builder-column-1 fusion_builder_column_1_3 1_3 fusion-one-third fusion-column-last\" style=\"--awb-bg-size:cover;width:33.333333333333%;width:calc(33.333333333333% - ( ( 4% ) * 0.33333333333333 ) );\"><div class=\"fusion-column-wrapper fusion-column-has-shadow fusion-flex-column-wrapper-legacy\"><div class=\"fusion-widget-area awb-widget-area-element fusion-widget-area-1 fusion-content-widget-area\" style=\"--awb-title-size:20px;--awb-title-color:#333333;--awb-padding:0px 0px 0px 0px;\"><style type=\"text\/css\" data-id=\"tweets-widget-2\">#tweets-widget-2 li { border-color:#eaeaea;}<\/style><section id=\"tweets-widget-2\" class=\"widget tweets\" style=\"border-style: solid;border-color: #eaeaea;border-color:transparent;border-width:0px;\">\t\t\t\t\n\t\t<div style=\"overflow:hidden\">\n\t\t\t\t\t\t\t\t\t\t\t<a class=\"twitter-timeline\" data-dnt=\"true\" href=\"https:\/\/twitter.com\/@EPEN_Informa\" data-width=\"500\" data-height=\"300\" width=\"500\" height=\"300\" data-theme=\"light\" data-link-color=\"##25a9bd\" data-border-color=\"#eaeaea\" data-chrome=\"\">Tweets por @EPEN_Informa<\/a>\n\t\t\t\t\t\t\t\n\t\t\t\t\t\t\t\t\t\t\t<script async src=\"\/\/platform.twitter.com\/widgets.js\" charset=\"utf-8\"><\/script>\n\t\t\t\t\t\t\t\n\t\t<\/div>\n\t\t<\/section>\n\t\t<section id=\"recent-posts-3\" class=\"widget widget_recent_entries\" style=\"border-style: solid;border-color:transparent;border-width:0px;\">\n\t\t<div class=\"heading\"><h4 class=\"widget-title\">Entradas recientes<\/h4><\/div>\n\t\t<ul>\n\t\t\t\t\t\t\t\t\t\t\t<li>\n\t\t\t\t\t<a href=\"https:\/\/www.epen.gov.ar\/index.php\/2026\/04\/29\/corte-programado-en-sectores-de-centenario-el-30-04-2026\/\">Corte Programado en sectores de Centenario el 30\/04\/2026<\/a>\n\t\t\t\t\t\t\t\t\t\t\t<span class=\"post-date\">29\/04\/2026<\/span>\n\t\t\t\t\t\t\t\t\t<\/li>\n\t\t\t\t\t\t\t\t\t\t\t<li>\n\t\t\t\t\t<a href=\"https:\/\/www.epen.gov.ar\/index.php\/2026\/04\/28\/el-epen-impulsa-el-desarrollo-de-varvarco-con-nueva-infraestructura-para-17-lotes\/\">El EPEN impulsa el desarrollo de Varvarco con nueva infraestructura para 17 lotes<\/a>\n\t\t\t\t\t\t\t\t\t\t\t<span class=\"post-date\">28\/04\/2026<\/span>\n\t\t\t\t\t\t\t\t\t<\/li>\n\t\t\t\t\t\t\t\t\t\t\t<li>\n\t\t\t\t\t<a href=\"https:\/\/www.epen.gov.ar\/index.php\/2026\/04\/28\/corte-programado-en-sectores-de-zona-nahueve-el-30-04-2026\/\">Corte Programado en sectores de zona Nahueve el 30\/04\/2026<\/a>\n\t\t\t\t\t\t\t\t\t\t\t<span class=\"post-date\">28\/04\/2026<\/span>\n\t\t\t\t\t\t\t\t\t<\/li>\n\t\t\t\t\t\t\t\t\t\t\t<li>\n\t\t\t\t\t<a href=\"https:\/\/www.epen.gov.ar\/index.php\/2026\/04\/24\/corte-programado-en-sectores-de-san-martin-de-los-andes-el-25-04-2026\/\">Corte Programado en sectores de San Mart\u00edn de los Andes el 25\/04\/2026<\/a>\n\t\t\t\t\t\t\t\t\t\t\t<span class=\"post-date\">24\/04\/2026<\/span>\n\t\t\t\t\t\t\t\t\t<\/li>\n\t\t\t\t\t\t\t\t\t\t\t<li>\n\t\t\t\t\t<a href=\"https:\/\/www.epen.gov.ar\/index.php\/2026\/04\/24\/corte-programado-en-sectores-de-centenario-el-25-04-2026\/\">Corte Programado en sectores de Centenario el 25\/04\/2026<\/a>\n\t\t\t\t\t\t\t\t\t\t\t<span class=\"post-date\">24\/04\/2026<\/span>\n\t\t\t\t\t\t\t\t\t<\/li>\n\t\t\t\t\t<\/ul>\n\n\t\t<\/section><div class=\"fusion-additional-widget-content\"><\/div><\/div><div class=\"fusion-clearfix\"><\/div><\/div><\/div><\/div><\/div>\n","protected":false},"excerpt":{"rendered":"","protected":false},"author":1,"featured_media":74113,"comment_status":"closed","ping_status":"closed","sticky":false,"template":"","format":"standard","meta":{"_exactmetrics_skip_tracking":false,"_exactmetrics_sitenote_active":false,"_exactmetrics_sitenote_note":"","_exactmetrics_sitenote_category":0,"footnotes":""},"categories":[84],"tags":[],"class_list":["post-74100","post","type-post","status-publish","format-standard","has-post-thumbnail","hentry","category-noticias"],"yoast_head":"<!-- This site is optimized with the Yoast SEO plugin v27.2 - https:\/\/yoast.com\/product\/yoast-seo-wordpress\/ -->\n<title>EPEN - El EPEN contin\u00faa capacitando sobre Ley Micaela<\/title>\n<meta name=\"description\" content=\"El EPEN contin\u00faa capacitando sobre Ley Micaela\" \/>\n<meta name=\"robots\" content=\"index, follow, max-snippet:-1, max-image-preview:large, max-video-preview:-1\" \/>\n<link rel=\"canonical\" href=\"https:\/\/www.epen.gov.ar\/index.php\/2022\/08\/12\/el-epen-continua-capacitando-sobre-ley-micaela\/\" \/>\n<meta property=\"og:locale\" content=\"es_ES\" \/>\n<meta property=\"og:type\" content=\"article\" \/>\n<meta property=\"og:title\" content=\"EPEN - El EPEN contin\u00faa capacitando sobre Ley Micaela\" \/>\n<meta property=\"og:description\" content=\"El EPEN contin\u00faa capacitando sobre Ley Micaela\" \/>\n<meta property=\"og:url\" content=\"https:\/\/www.epen.gov.ar\/index.php\/2022\/08\/12\/el-epen-continua-capacitando-sobre-ley-micaela\/\" \/>\n<meta property=\"og:site_name\" content=\"EPEN\" \/>\n<meta property=\"article:publisher\" content=\"https:\/\/www.facebook.com\/EPEN.Neuquen\" \/>\n<meta property=\"article:published_time\" content=\"2022-08-12T18:02:27+00:00\" \/>\n<meta property=\"og:image\" content=\"https:\/\/www.epen.gov.ar\/wp-content\/uploads\/2022\/08\/las-coloradas-scaled.jpg\" \/>\n\t<meta property=\"og:image:width\" content=\"2560\" \/>\n\t<meta property=\"og:image:height\" content=\"1211\" \/>\n\t<meta property=\"og:image:type\" content=\"image\/jpeg\" \/>\n<meta name=\"author\" content=\"Prensa EPEN\" \/>\n<meta name=\"twitter:card\" content=\"summary_large_image\" \/>\n<meta name=\"twitter:creator\" content=\"@EPEN_Informa\" \/>\n<meta name=\"twitter:site\" content=\"@EPEN_Informa\" \/>\n<meta name=\"twitter:label1\" content=\"Escrito por\" \/>\n\t<meta name=\"twitter:data1\" content=\"Prensa EPEN\" \/>\n\t<meta name=\"twitter:label2\" content=\"Tiempo de lectura\" \/>\n\t<meta name=\"twitter:data2\" content=\"4 minutos\" \/>\n<script type=\"application\/ld+json\" class=\"yoast-schema-graph\">{\"@context\":\"https:\/\/schema.org\",\"@graph\":[{\"@type\":\"Article\",\"@id\":\"https:\/\/www.epen.gov.ar\/index.php\/2022\/08\/12\/el-epen-continua-capacitando-sobre-ley-micaela\/#article\",\"isPartOf\":{\"@id\":\"https:\/\/www.epen.gov.ar\/index.php\/2022\/08\/12\/el-epen-continua-capacitando-sobre-ley-micaela\/\"},\"author\":{\"name\":\"Prensa EPEN\",\"@id\":\"https:\/\/www.epen.gov.ar\/#\/schema\/person\/ce6cff87c2fc01264becc10fa105ad4f\"},\"headline\":\"El EPEN contin\u00faa capacitando sobre Ley Micaela\",\"datePublished\":\"2022-08-12T18:02:27+00:00\",\"mainEntityOfPage\":{\"@id\":\"https:\/\/www.epen.gov.ar\/index.php\/2022\/08\/12\/el-epen-continua-capacitando-sobre-ley-micaela\/\"},\"wordCount\":890,\"publisher\":{\"@id\":\"https:\/\/www.epen.gov.ar\/#organization\"},\"image\":{\"@id\":\"https:\/\/www.epen.gov.ar\/index.php\/2022\/08\/12\/el-epen-continua-capacitando-sobre-ley-micaela\/#primaryimage\"},\"thumbnailUrl\":\"https:\/\/www.epen.gov.ar\/wp-content\/uploads\/2022\/08\/las-coloradas-scaled.jpg\",\"articleSection\":[\"Noticias\"],\"inLanguage\":\"es\"},{\"@type\":\"WebPage\",\"@id\":\"https:\/\/www.epen.gov.ar\/index.php\/2022\/08\/12\/el-epen-continua-capacitando-sobre-ley-micaela\/\",\"url\":\"https:\/\/www.epen.gov.ar\/index.php\/2022\/08\/12\/el-epen-continua-capacitando-sobre-ley-micaela\/\",\"name\":\"EPEN - El EPEN contin\u00faa capacitando sobre Ley Micaela\",\"isPartOf\":{\"@id\":\"https:\/\/www.epen.gov.ar\/#website\"},\"primaryImageOfPage\":{\"@id\":\"https:\/\/www.epen.gov.ar\/index.php\/2022\/08\/12\/el-epen-continua-capacitando-sobre-ley-micaela\/#primaryimage\"},\"image\":{\"@id\":\"https:\/\/www.epen.gov.ar\/index.php\/2022\/08\/12\/el-epen-continua-capacitando-sobre-ley-micaela\/#primaryimage\"},\"thumbnailUrl\":\"https:\/\/www.epen.gov.ar\/wp-content\/uploads\/2022\/08\/las-coloradas-scaled.jpg\",\"datePublished\":\"2022-08-12T18:02:27+00:00\",\"description\":\"El EPEN contin\u00faa capacitando sobre Ley Micaela\",\"breadcrumb\":{\"@id\":\"https:\/\/www.epen.gov.ar\/index.php\/2022\/08\/12\/el-epen-continua-capacitando-sobre-ley-micaela\/#breadcrumb\"},\"inLanguage\":\"es\",\"potentialAction\":[{\"@type\":\"ReadAction\",\"target\":[\"https:\/\/www.epen.gov.ar\/index.php\/2022\/08\/12\/el-epen-continua-capacitando-sobre-ley-micaela\/\"]}]},{\"@type\":\"ImageObject\",\"inLanguage\":\"es\",\"@id\":\"https:\/\/www.epen.gov.ar\/index.php\/2022\/08\/12\/el-epen-continua-capacitando-sobre-ley-micaela\/#primaryimage\",\"url\":\"https:\/\/www.epen.gov.ar\/wp-content\/uploads\/2022\/08\/las-coloradas-scaled.jpg\",\"contentUrl\":\"https:\/\/www.epen.gov.ar\/wp-content\/uploads\/2022\/08\/las-coloradas-scaled.jpg\",\"width\":2560,\"height\":1211},{\"@type\":\"BreadcrumbList\",\"@id\":\"https:\/\/www.epen.gov.ar\/index.php\/2022\/08\/12\/el-epen-continua-capacitando-sobre-ley-micaela\/#breadcrumb\",\"itemListElement\":[{\"@type\":\"ListItem\",\"position\":1,\"name\":\"Inicio\",\"item\":\"https:\/\/www.epen.gov.ar\/\"},{\"@type\":\"ListItem\",\"position\":2,\"name\":\"El EPEN contin\u00faa capacitando sobre Ley Micaela\"}]},{\"@type\":\"WebSite\",\"@id\":\"https:\/\/www.epen.gov.ar\/#website\",\"url\":\"https:\/\/www.epen.gov.ar\/\",\"name\":\"EPEN\",\"description\":\"Ente Provincial de Energ\u00eda del Neuqu\u00e9n\",\"publisher\":{\"@id\":\"https:\/\/www.epen.gov.ar\/#organization\"},\"potentialAction\":[{\"@type\":\"SearchAction\",\"target\":{\"@type\":\"EntryPoint\",\"urlTemplate\":\"https:\/\/www.epen.gov.ar\/?s={search_term_string}\"},\"query-input\":{\"@type\":\"PropertyValueSpecification\",\"valueRequired\":true,\"valueName\":\"search_term_string\"}}],\"inLanguage\":\"es\"},{\"@type\":\"Organization\",\"@id\":\"https:\/\/www.epen.gov.ar\/#organization\",\"name\":\"Ente Provincial de Energ\u00eda del Neuqu\u00e9n\",\"url\":\"https:\/\/www.epen.gov.ar\/\",\"logo\":{\"@type\":\"ImageObject\",\"inLanguage\":\"es\",\"@id\":\"https:\/\/www.epen.gov.ar\/#\/schema\/logo\/image\/\",\"url\":\"https:\/\/www.epen.gov.ar\/wp-content\/uploads\/2024\/02\/Logo-EPEN-2.jpg\",\"contentUrl\":\"https:\/\/www.epen.gov.ar\/wp-content\/uploads\/2024\/02\/Logo-EPEN-2.jpg\",\"width\":696,\"height\":696,\"caption\":\"Ente Provincial de Energ\u00eda del Neuqu\u00e9n\"},\"image\":{\"@id\":\"https:\/\/www.epen.gov.ar\/#\/schema\/logo\/image\/\"},\"sameAs\":[\"https:\/\/www.facebook.com\/EPEN.Neuquen\",\"https:\/\/x.com\/EPEN_Informa\",\"https:\/\/www.youtube.com\/@epenprensa7384\"]},{\"@type\":\"Person\",\"@id\":\"https:\/\/www.epen.gov.ar\/#\/schema\/person\/ce6cff87c2fc01264becc10fa105ad4f\",\"name\":\"Prensa EPEN\",\"image\":{\"@type\":\"ImageObject\",\"inLanguage\":\"es\",\"@id\":\"https:\/\/secure.gravatar.com\/avatar\/f8120b8688012ccf2d7fbcf7a970cfbabf0ab63b09c2dbd72c194bee080070e9?s=96&d=mm&r=g\",\"url\":\"https:\/\/secure.gravatar.com\/avatar\/f8120b8688012ccf2d7fbcf7a970cfbabf0ab63b09c2dbd72c194bee080070e9?s=96&d=mm&r=g\",\"contentUrl\":\"https:\/\/secure.gravatar.com\/avatar\/f8120b8688012ccf2d7fbcf7a970cfbabf0ab63b09c2dbd72c194bee080070e9?s=96&d=mm&r=g\",\"caption\":\"Prensa EPEN\"},\"url\":\"https:\/\/www.epen.gov.ar\/index.php\/author\/admin\/\"}]}<\/script>\n<!-- \/ Yoast SEO plugin. -->","yoast_head_json":{"title":"EPEN - El EPEN contin\u00faa capacitando sobre Ley Micaela","description":"El EPEN contin\u00faa capacitando sobre Ley Micaela","robots":{"index":"index","follow":"follow","max-snippet":"max-snippet:-1","max-image-preview":"max-image-preview:large","max-video-preview":"max-video-preview:-1"},"canonical":"https:\/\/www.epen.gov.ar\/index.php\/2022\/08\/12\/el-epen-continua-capacitando-sobre-ley-micaela\/","og_locale":"es_ES","og_type":"article","og_title":"EPEN - El EPEN contin\u00faa capacitando sobre Ley Micaela","og_description":"El EPEN contin\u00faa capacitando sobre Ley Micaela","og_url":"https:\/\/www.epen.gov.ar\/index.php\/2022\/08\/12\/el-epen-continua-capacitando-sobre-ley-micaela\/","og_site_name":"EPEN","article_publisher":"https:\/\/www.facebook.com\/EPEN.Neuquen","article_published_time":"2022-08-12T18:02:27+00:00","og_image":[{"width":2560,"height":1211,"url":"https:\/\/www.epen.gov.ar\/wp-content\/uploads\/2022\/08\/las-coloradas-scaled.jpg","type":"image\/jpeg"}],"author":"Prensa EPEN","twitter_card":"summary_large_image","twitter_creator":"@EPEN_Informa","twitter_site":"@EPEN_Informa","twitter_misc":{"Escrito por":"Prensa EPEN","Tiempo de lectura":"4 minutos"},"schema":{"@context":"https:\/\/schema.org","@graph":[{"@type":"Article","@id":"https:\/\/www.epen.gov.ar\/index.php\/2022\/08\/12\/el-epen-continua-capacitando-sobre-ley-micaela\/#article","isPartOf":{"@id":"https:\/\/www.epen.gov.ar\/index.php\/2022\/08\/12\/el-epen-continua-capacitando-sobre-ley-micaela\/"},"author":{"name":"Prensa EPEN","@id":"https:\/\/www.epen.gov.ar\/#\/schema\/person\/ce6cff87c2fc01264becc10fa105ad4f"},"headline":"El EPEN contin\u00faa capacitando sobre Ley Micaela","datePublished":"2022-08-12T18:02:27+00:00","mainEntityOfPage":{"@id":"https:\/\/www.epen.gov.ar\/index.php\/2022\/08\/12\/el-epen-continua-capacitando-sobre-ley-micaela\/"},"wordCount":890,"publisher":{"@id":"https:\/\/www.epen.gov.ar\/#organization"},"image":{"@id":"https:\/\/www.epen.gov.ar\/index.php\/2022\/08\/12\/el-epen-continua-capacitando-sobre-ley-micaela\/#primaryimage"},"thumbnailUrl":"https:\/\/www.epen.gov.ar\/wp-content\/uploads\/2022\/08\/las-coloradas-scaled.jpg","articleSection":["Noticias"],"inLanguage":"es"},{"@type":"WebPage","@id":"https:\/\/www.epen.gov.ar\/index.php\/2022\/08\/12\/el-epen-continua-capacitando-sobre-ley-micaela\/","url":"https:\/\/www.epen.gov.ar\/index.php\/2022\/08\/12\/el-epen-continua-capacitando-sobre-ley-micaela\/","name":"EPEN - El EPEN contin\u00faa capacitando sobre Ley Micaela","isPartOf":{"@id":"https:\/\/www.epen.gov.ar\/#website"},"primaryImageOfPage":{"@id":"https:\/\/www.epen.gov.ar\/index.php\/2022\/08\/12\/el-epen-continua-capacitando-sobre-ley-micaela\/#primaryimage"},"image":{"@id":"https:\/\/www.epen.gov.ar\/index.php\/2022\/08\/12\/el-epen-continua-capacitando-sobre-ley-micaela\/#primaryimage"},"thumbnailUrl":"https:\/\/www.epen.gov.ar\/wp-content\/uploads\/2022\/08\/las-coloradas-scaled.jpg","datePublished":"2022-08-12T18:02:27+00:00","description":"El EPEN contin\u00faa capacitando sobre Ley Micaela","breadcrumb":{"@id":"https:\/\/www.epen.gov.ar\/index.php\/2022\/08\/12\/el-epen-continua-capacitando-sobre-ley-micaela\/#breadcrumb"},"inLanguage":"es","potentialAction":[{"@type":"ReadAction","target":["https:\/\/www.epen.gov.ar\/index.php\/2022\/08\/12\/el-epen-continua-capacitando-sobre-ley-micaela\/"]}]},{"@type":"ImageObject","inLanguage":"es","@id":"https:\/\/www.epen.gov.ar\/index.php\/2022\/08\/12\/el-epen-continua-capacitando-sobre-ley-micaela\/#primaryimage","url":"https:\/\/www.epen.gov.ar\/wp-content\/uploads\/2022\/08\/las-coloradas-scaled.jpg","contentUrl":"https:\/\/www.epen.gov.ar\/wp-content\/uploads\/2022\/08\/las-coloradas-scaled.jpg","width":2560,"height":1211},{"@type":"BreadcrumbList","@id":"https:\/\/www.epen.gov.ar\/index.php\/2022\/08\/12\/el-epen-continua-capacitando-sobre-ley-micaela\/#breadcrumb","itemListElement":[{"@type":"ListItem","position":1,"name":"Inicio","item":"https:\/\/www.epen.gov.ar\/"},{"@type":"ListItem","position":2,"name":"El EPEN contin\u00faa capacitando sobre Ley Micaela"}]},{"@type":"WebSite","@id":"https:\/\/www.epen.gov.ar\/#website","url":"https:\/\/www.epen.gov.ar\/","name":"EPEN","description":"Ente Provincial de Energ\u00eda del Neuqu\u00e9n","publisher":{"@id":"https:\/\/www.epen.gov.ar\/#organization"},"potentialAction":[{"@type":"SearchAction","target":{"@type":"EntryPoint","urlTemplate":"https:\/\/www.epen.gov.ar\/?s={search_term_string}"},"query-input":{"@type":"PropertyValueSpecification","valueRequired":true,"valueName":"search_term_string"}}],"inLanguage":"es"},{"@type":"Organization","@id":"https:\/\/www.epen.gov.ar\/#organization","name":"Ente Provincial de Energ\u00eda del Neuqu\u00e9n","url":"https:\/\/www.epen.gov.ar\/","logo":{"@type":"ImageObject","inLanguage":"es","@id":"https:\/\/www.epen.gov.ar\/#\/schema\/logo\/image\/","url":"https:\/\/www.epen.gov.ar\/wp-content\/uploads\/2024\/02\/Logo-EPEN-2.jpg","contentUrl":"https:\/\/www.epen.gov.ar\/wp-content\/uploads\/2024\/02\/Logo-EPEN-2.jpg","width":696,"height":696,"caption":"Ente Provincial de Energ\u00eda del Neuqu\u00e9n"},"image":{"@id":"https:\/\/www.epen.gov.ar\/#\/schema\/logo\/image\/"},"sameAs":["https:\/\/www.facebook.com\/EPEN.Neuquen","https:\/\/x.com\/EPEN_Informa","https:\/\/www.youtube.com\/@epenprensa7384"]},{"@type":"Person","@id":"https:\/\/www.epen.gov.ar\/#\/schema\/person\/ce6cff87c2fc01264becc10fa105ad4f","name":"Prensa EPEN","image":{"@type":"ImageObject","inLanguage":"es","@id":"https:\/\/secure.gravatar.com\/avatar\/f8120b8688012ccf2d7fbcf7a970cfbabf0ab63b09c2dbd72c194bee080070e9?s=96&d=mm&r=g","url":"https:\/\/secure.gravatar.com\/avatar\/f8120b8688012ccf2d7fbcf7a970cfbabf0ab63b09c2dbd72c194bee080070e9?s=96&d=mm&r=g","contentUrl":"https:\/\/secure.gravatar.com\/avatar\/f8120b8688012ccf2d7fbcf7a970cfbabf0ab63b09c2dbd72c194bee080070e9?s=96&d=mm&r=g","caption":"Prensa EPEN"},"url":"https:\/\/www.epen.gov.ar\/index.php\/author\/admin\/"}]}},"_links":{"self":[{"href":"https:\/\/www.epen.gov.ar\/index.php\/wp-json\/wp\/v2\/posts\/74100","targetHints":{"allow":["GET"]}}],"collection":[{"href":"https:\/\/www.epen.gov.ar\/index.php\/wp-json\/wp\/v2\/posts"}],"about":[{"href":"https:\/\/www.epen.gov.ar\/index.php\/wp-json\/wp\/v2\/types\/post"}],"author":[{"embeddable":true,"href":"https:\/\/www.epen.gov.ar\/index.php\/wp-json\/wp\/v2\/users\/1"}],"replies":[{"embeddable":true,"href":"https:\/\/www.epen.gov.ar\/index.php\/wp-json\/wp\/v2\/comments?post=74100"}],"version-history":[{"count":2,"href":"https:\/\/www.epen.gov.ar\/index.php\/wp-json\/wp\/v2\/posts\/74100\/revisions"}],"predecessor-version":[{"id":77140,"href":"https:\/\/www.epen.gov.ar\/index.php\/wp-json\/wp\/v2\/posts\/74100\/revisions\/77140"}],"wp:featuredmedia":[{"embeddable":true,"href":"https:\/\/www.epen.gov.ar\/index.php\/wp-json\/wp\/v2\/media\/74113"}],"wp:attachment":[{"href":"https:\/\/www.epen.gov.ar\/index.php\/wp-json\/wp\/v2\/media?parent=74100"}],"wp:term":[{"taxonomy":"category","embeddable":true,"href":"https:\/\/www.epen.gov.ar\/index.php\/wp-json\/wp\/v2\/categories?post=74100"},{"taxonomy":"post_tag","embeddable":true,"href":"https:\/\/www.epen.gov.ar\/index.php\/wp-json\/wp\/v2\/tags?post=74100"}],"curies":[{"name":"wp","href":"https:\/\/api.w.org\/{rel}","templated":true}]}}