{"id":72687,"date":"2022-07-29T20:49:07","date_gmt":"2022-07-29T23:49:07","guid":{"rendered":"http:\/\/192.168.200.48\/?p=72687"},"modified":"2022-07-29T20:49:07","modified_gmt":"2022-07-29T23:49:07","slug":"se-trabaja-en-el-servicio-electrico-de-villa-la-angostura","status":"publish","type":"post","link":"https:\/\/www.epen.gov.ar\/index.php\/2022\/07\/29\/se-trabaja-en-el-servicio-electrico-de-villa-la-angostura\/","title":{"rendered":"Se trabaja en el servicio el\u00e9ctrico de Villa La Angostura"},"content":{"rendered":"<div class=\"fusion-fullwidth fullwidth-box fusion-builder-row-1 nonhundred-percent-fullwidth non-hundred-percent-height-scrolling\" style=\"--awb-border-radius-top-left:0px;--awb-border-radius-top-right:0px;--awb-border-radius-bottom-right:0px;--awb-border-radius-bottom-left:0px;--awb-flex-wrap:wrap;\" ><div class=\"fusion-builder-row fusion-row\"><div class=\"fusion-layout-column fusion_builder_column fusion-builder-column-0 fusion_builder_column_2_3 2_3 fusion-two-third fusion-column-first\" style=\"--awb-bg-size:cover;width:66.666666666667%;width:calc(66.666666666667% - ( ( 4% ) * 0.66666666666667 ) );margin-right: 4%;\"><div class=\"fusion-column-wrapper fusion-column-has-shadow fusion-flex-column-wrapper-legacy\"><div class=\"fusion-text fusion-text-1\"><p style=\"text-align: justify;\">El Ente Provincial de Energ\u00eda del Neuqu\u00e9n (EPEN) dependiente de la Secretar\u00eda General y Servicios P\u00fablicos informa a los vecinos de Villa La Angostura que, debido a la restricci\u00f3n de gas natural en la localidad, los grupos generadores de la Central T\u00e9rmica local que se alimentan con dicho fluido quedaron fuera de servicio, mientras que son 10 los equipos a gas oil disponibles para el abastecimiento de energ\u00eda el\u00e9ctrica.<\/p>\n<p style=\"text-align: justify;\">En este sentido, la nueva configuraci\u00f3n del sistema gener\u00f3 una alta rotaci\u00f3n de combustible y una baja en la presi\u00f3n del mismo, que a su vez ha provocado algunos inconvenientes que afectaron, en la \u00faltima semana, el servicio el\u00e9ctrico local general.<\/p>\n<p style=\"text-align: justify;\">A fin de subsanar el inconveniente, el personal t\u00e9cnico y operativo del EPEN est\u00e1 trabajando con distintas alternativas para solucionar la sobrecarga en el circuito que alimenta a los equipos generadores y el mayor caudal de combustible. Durante la jornada de hoy, se puso en marcha una nueva configuraci\u00f3n, que dio buen resultado hasta el momento.<\/p>\n<p style=\"text-align: justify;\">En tanto el pasado mi\u00e9rcoles, autoridades del EPEN se reunieron con representantes de vecinos y c\u00e1maras de comercio y hoteleros entre otros, donde qued\u00f3 el compromiso en los pr\u00f3ximos d\u00edas de proponer y proyectar acciones que den soluci\u00f3n a los inconvenientes planteados.<\/p>\n<\/div><div class=\"fusion-clearfix\"><\/div><\/div><\/div><div class=\"fusion-layout-column fusion_builder_column fusion-builder-column-1 fusion_builder_column_1_3 1_3 fusion-one-third fusion-column-last\" style=\"--awb-bg-size:cover;width:33.333333333333%;width:calc(33.333333333333% - ( ( 4% ) * 0.33333333333333 ) );\"><div class=\"fusion-column-wrapper fusion-column-has-shadow fusion-flex-column-wrapper-legacy\"><div class=\"fusion-widget-area awb-widget-area-element fusion-widget-area-1 fusion-content-widget-area\" style=\"--awb-title-size:20px;--awb-title-color:#333333;--awb-padding:0px 0px 0px 0px;\"><style type=\"text\/css\" data-id=\"tweets-widget-2\">#tweets-widget-2 li { border-color:#eaeaea;}<\/style><section id=\"tweets-widget-2\" class=\"widget tweets\" style=\"border-style: solid;border-color: #eaeaea;border-color:transparent;border-width:0px;\">\t\t\t\t\n\t\t<div style=\"overflow:hidden\">\n\t\t\t\t\t\t\t\t\t\t\t<a class=\"twitter-timeline\" data-dnt=\"true\" href=\"https:\/\/twitter.com\/@EPEN_Informa\" data-width=\"500\" data-height=\"300\" width=\"500\" height=\"300\" data-theme=\"light\" data-link-color=\"##25a9bd\" data-border-color=\"#eaeaea\" data-chrome=\"\">Tweets por @EPEN_Informa<\/a>\n\t\t\t\t\t\t\t\n\t\t\t\t\t\t\t\t\t\t\t<script async src=\"\/\/platform.twitter.com\/widgets.js\" charset=\"utf-8\"><\/script>\n\t\t\t\t\t\t\t\n\t\t<\/div>\n\t\t<\/section>\n\t\t<section id=\"recent-posts-3\" class=\"widget widget_recent_entries\" style=\"border-style: solid;border-color:transparent;border-width:0px;\">\n\t\t<div class=\"heading\"><h4 class=\"widget-title\">Entradas recientes<\/h4><\/div>\n\t\t<ul>\n\t\t\t\t\t\t\t\t\t\t\t<li>\n\t\t\t\t\t<a href=\"https:\/\/www.epen.gov.ar\/index.php\/2026\/04\/28\/el-epen-impulsa-el-desarrollo-de-varvarco-con-nueva-infraestructura-para-17-lotes\/\">El EPEN impulsa el desarrollo de Varvarco con nueva infraestructura para 17 lotes<\/a>\n\t\t\t\t\t\t\t\t\t\t\t<span class=\"post-date\">28\/04\/2026<\/span>\n\t\t\t\t\t\t\t\t\t<\/li>\n\t\t\t\t\t\t\t\t\t\t\t<li>\n\t\t\t\t\t<a href=\"https:\/\/www.epen.gov.ar\/index.php\/2026\/04\/28\/corte-programado-en-sectores-de-zona-nahueve-el-30-04-2026\/\">Corte Programado en sectores de zona Nahueve el 30\/04\/2026<\/a>\n\t\t\t\t\t\t\t\t\t\t\t<span class=\"post-date\">28\/04\/2026<\/span>\n\t\t\t\t\t\t\t\t\t<\/li>\n\t\t\t\t\t\t\t\t\t\t\t<li>\n\t\t\t\t\t<a href=\"https:\/\/www.epen.gov.ar\/index.php\/2026\/04\/24\/corte-programado-en-sectores-de-san-martin-de-los-andes-el-25-04-2026\/\">Corte Programado en sectores de San Mart\u00edn de los Andes el 25\/04\/2026<\/a>\n\t\t\t\t\t\t\t\t\t\t\t<span class=\"post-date\">24\/04\/2026<\/span>\n\t\t\t\t\t\t\t\t\t<\/li>\n\t\t\t\t\t\t\t\t\t\t\t<li>\n\t\t\t\t\t<a href=\"https:\/\/www.epen.gov.ar\/index.php\/2026\/04\/24\/corte-programado-en-sectores-de-centenario-el-25-04-2026\/\">Corte Programado en sectores de Centenario el 25\/04\/2026<\/a>\n\t\t\t\t\t\t\t\t\t\t\t<span class=\"post-date\">24\/04\/2026<\/span>\n\t\t\t\t\t\t\t\t\t<\/li>\n\t\t\t\t\t\t\t\t\t\t\t<li>\n\t\t\t\t\t<a href=\"https:\/\/www.epen.gov.ar\/index.php\/2026\/04\/24\/corte-programado-en-sectores-de-loncopue-y-el-huecu-el-29-y-30-04-2026\/\">Cortes Programados en Loncopu\u00e9, El Huec\u00fa y zona rural de Caviahue y El Cholar el 29 y 30\/04\/2026<\/a>\n\t\t\t\t\t\t\t\t\t\t\t<span class=\"post-date\">24\/04\/2026<\/span>\n\t\t\t\t\t\t\t\t\t<\/li>\n\t\t\t\t\t<\/ul>\n\n\t\t<\/section><div class=\"fusion-additional-widget-content\"><\/div><\/div><div class=\"fusion-clearfix\"><\/div><\/div><\/div><\/div><\/div>\n","protected":false},"excerpt":{"rendered":"","protected":false},"author":1,"featured_media":32990,"comment_status":"closed","ping_status":"closed","sticky":false,"template":"","format":"standard","meta":{"_exactmetrics_skip_tracking":false,"_exactmetrics_sitenote_active":false,"_exactmetrics_sitenote_note":"","_exactmetrics_sitenote_category":0,"footnotes":""},"categories":[84],"tags":[144],"class_list":["post-72687","post","type-post","status-publish","format-standard","has-post-thumbnail","hentry","category-noticias","tag-villa-la-angostura"],"yoast_head":"<!-- This site is optimized with the Yoast SEO plugin v27.2 - https:\/\/yoast.com\/product\/yoast-seo-wordpress\/ -->\n<title>EPEN - Se trabaja en el servicio el\u00e9ctrico de Villa La Angostura<\/title>\n<meta name=\"description\" content=\"Se trabaja en el servicio el\u00e9ctrico de Villa La Angostura\" \/>\n<meta name=\"robots\" content=\"index, follow, max-snippet:-1, max-image-preview:large, max-video-preview:-1\" \/>\n<link rel=\"canonical\" href=\"https:\/\/www.epen.gov.ar\/index.php\/2022\/07\/29\/se-trabaja-en-el-servicio-electrico-de-villa-la-angostura\/\" \/>\n<meta property=\"og:locale\" content=\"es_ES\" \/>\n<meta property=\"og:type\" content=\"article\" \/>\n<meta property=\"og:title\" content=\"EPEN - Se trabaja en el servicio el\u00e9ctrico de Villa La Angostura\" \/>\n<meta property=\"og:description\" content=\"Se trabaja en el servicio el\u00e9ctrico de Villa La Angostura\" \/>\n<meta property=\"og:url\" content=\"https:\/\/www.epen.gov.ar\/index.php\/2022\/07\/29\/se-trabaja-en-el-servicio-electrico-de-villa-la-angostura\/\" \/>\n<meta property=\"og:site_name\" content=\"EPEN\" \/>\n<meta property=\"article:publisher\" content=\"https:\/\/www.facebook.com\/EPEN.Neuquen\" \/>\n<meta property=\"article:published_time\" content=\"2022-07-29T23:49:07+00:00\" \/>\n<meta property=\"og:image\" content=\"https:\/\/www.epen.gov.ar\/wp-content\/uploads\/2021\/07\/grupos-y-equipos-central-VLA-EPEN-8.jpeg\" \/>\n\t<meta property=\"og:image:width\" content=\"1280\" \/>\n\t<meta property=\"og:image:height\" content=\"589\" \/>\n\t<meta property=\"og:image:type\" content=\"image\/jpeg\" \/>\n<meta name=\"author\" content=\"Prensa EPEN\" \/>\n<meta name=\"twitter:card\" content=\"summary_large_image\" \/>\n<meta name=\"twitter:creator\" content=\"@EPEN_Informa\" \/>\n<meta name=\"twitter:site\" content=\"@EPEN_Informa\" \/>\n<meta name=\"twitter:label1\" content=\"Escrito por\" \/>\n\t<meta name=\"twitter:data1\" content=\"Prensa EPEN\" \/>\n\t<meta name=\"twitter:label2\" content=\"Tiempo de lectura\" \/>\n\t<meta name=\"twitter:data2\" content=\"3 minutos\" \/>\n<script type=\"application\/ld+json\" class=\"yoast-schema-graph\">{\"@context\":\"https:\/\/schema.org\",\"@graph\":[{\"@type\":\"Article\",\"@id\":\"https:\/\/www.epen.gov.ar\/index.php\/2022\/07\/29\/se-trabaja-en-el-servicio-electrico-de-villa-la-angostura\/#article\",\"isPartOf\":{\"@id\":\"https:\/\/www.epen.gov.ar\/index.php\/2022\/07\/29\/se-trabaja-en-el-servicio-electrico-de-villa-la-angostura\/\"},\"author\":{\"name\":\"Prensa EPEN\",\"@id\":\"https:\/\/www.epen.gov.ar\/#\/schema\/person\/ce6cff87c2fc01264becc10fa105ad4f\"},\"headline\":\"Se trabaja en el servicio el\u00e9ctrico de Villa La Angostura\",\"datePublished\":\"2022-07-29T23:49:07+00:00\",\"mainEntityOfPage\":{\"@id\":\"https:\/\/www.epen.gov.ar\/index.php\/2022\/07\/29\/se-trabaja-en-el-servicio-electrico-de-villa-la-angostura\/\"},\"wordCount\":661,\"publisher\":{\"@id\":\"https:\/\/www.epen.gov.ar\/#organization\"},\"image\":{\"@id\":\"https:\/\/www.epen.gov.ar\/index.php\/2022\/07\/29\/se-trabaja-en-el-servicio-electrico-de-villa-la-angostura\/#primaryimage\"},\"thumbnailUrl\":\"https:\/\/www.epen.gov.ar\/wp-content\/uploads\/2021\/07\/grupos-y-equipos-central-VLA-EPEN-8.jpeg\",\"keywords\":[\"Villa La Angostura\"],\"articleSection\":[\"Noticias\"],\"inLanguage\":\"es\"},{\"@type\":\"WebPage\",\"@id\":\"https:\/\/www.epen.gov.ar\/index.php\/2022\/07\/29\/se-trabaja-en-el-servicio-electrico-de-villa-la-angostura\/\",\"url\":\"https:\/\/www.epen.gov.ar\/index.php\/2022\/07\/29\/se-trabaja-en-el-servicio-electrico-de-villa-la-angostura\/\",\"name\":\"EPEN - Se trabaja en el servicio el\u00e9ctrico de Villa La Angostura\",\"isPartOf\":{\"@id\":\"https:\/\/www.epen.gov.ar\/#website\"},\"primaryImageOfPage\":{\"@id\":\"https:\/\/www.epen.gov.ar\/index.php\/2022\/07\/29\/se-trabaja-en-el-servicio-electrico-de-villa-la-angostura\/#primaryimage\"},\"image\":{\"@id\":\"https:\/\/www.epen.gov.ar\/index.php\/2022\/07\/29\/se-trabaja-en-el-servicio-electrico-de-villa-la-angostura\/#primaryimage\"},\"thumbnailUrl\":\"https:\/\/www.epen.gov.ar\/wp-content\/uploads\/2021\/07\/grupos-y-equipos-central-VLA-EPEN-8.jpeg\",\"datePublished\":\"2022-07-29T23:49:07+00:00\",\"description\":\"Se trabaja en el servicio el\u00e9ctrico de Villa La Angostura\",\"breadcrumb\":{\"@id\":\"https:\/\/www.epen.gov.ar\/index.php\/2022\/07\/29\/se-trabaja-en-el-servicio-electrico-de-villa-la-angostura\/#breadcrumb\"},\"inLanguage\":\"es\",\"potentialAction\":[{\"@type\":\"ReadAction\",\"target\":[\"https:\/\/www.epen.gov.ar\/index.php\/2022\/07\/29\/se-trabaja-en-el-servicio-electrico-de-villa-la-angostura\/\"]}]},{\"@type\":\"ImageObject\",\"inLanguage\":\"es\",\"@id\":\"https:\/\/www.epen.gov.ar\/index.php\/2022\/07\/29\/se-trabaja-en-el-servicio-electrico-de-villa-la-angostura\/#primaryimage\",\"url\":\"https:\/\/www.epen.gov.ar\/wp-content\/uploads\/2021\/07\/grupos-y-equipos-central-VLA-EPEN-8.jpeg\",\"contentUrl\":\"https:\/\/www.epen.gov.ar\/wp-content\/uploads\/2021\/07\/grupos-y-equipos-central-VLA-EPEN-8.jpeg\",\"width\":1280,\"height\":589},{\"@type\":\"BreadcrumbList\",\"@id\":\"https:\/\/www.epen.gov.ar\/index.php\/2022\/07\/29\/se-trabaja-en-el-servicio-electrico-de-villa-la-angostura\/#breadcrumb\",\"itemListElement\":[{\"@type\":\"ListItem\",\"position\":1,\"name\":\"Inicio\",\"item\":\"https:\/\/www.epen.gov.ar\/\"},{\"@type\":\"ListItem\",\"position\":2,\"name\":\"Se trabaja en el servicio el\u00e9ctrico de Villa La Angostura\"}]},{\"@type\":\"WebSite\",\"@id\":\"https:\/\/www.epen.gov.ar\/#website\",\"url\":\"https:\/\/www.epen.gov.ar\/\",\"name\":\"EPEN\",\"description\":\"Ente Provincial de Energ\u00eda del Neuqu\u00e9n\",\"publisher\":{\"@id\":\"https:\/\/www.epen.gov.ar\/#organization\"},\"potentialAction\":[{\"@type\":\"SearchAction\",\"target\":{\"@type\":\"EntryPoint\",\"urlTemplate\":\"https:\/\/www.epen.gov.ar\/?s={search_term_string}\"},\"query-input\":{\"@type\":\"PropertyValueSpecification\",\"valueRequired\":true,\"valueName\":\"search_term_string\"}}],\"inLanguage\":\"es\"},{\"@type\":\"Organization\",\"@id\":\"https:\/\/www.epen.gov.ar\/#organization\",\"name\":\"Ente Provincial de Energ\u00eda del Neuqu\u00e9n\",\"url\":\"https:\/\/www.epen.gov.ar\/\",\"logo\":{\"@type\":\"ImageObject\",\"inLanguage\":\"es\",\"@id\":\"https:\/\/www.epen.gov.ar\/#\/schema\/logo\/image\/\",\"url\":\"https:\/\/www.epen.gov.ar\/wp-content\/uploads\/2024\/02\/Logo-EPEN-2.jpg\",\"contentUrl\":\"https:\/\/www.epen.gov.ar\/wp-content\/uploads\/2024\/02\/Logo-EPEN-2.jpg\",\"width\":696,\"height\":696,\"caption\":\"Ente Provincial de Energ\u00eda del Neuqu\u00e9n\"},\"image\":{\"@id\":\"https:\/\/www.epen.gov.ar\/#\/schema\/logo\/image\/\"},\"sameAs\":[\"https:\/\/www.facebook.com\/EPEN.Neuquen\",\"https:\/\/x.com\/EPEN_Informa\",\"https:\/\/www.youtube.com\/@epenprensa7384\"]},{\"@type\":\"Person\",\"@id\":\"https:\/\/www.epen.gov.ar\/#\/schema\/person\/ce6cff87c2fc01264becc10fa105ad4f\",\"name\":\"Prensa EPEN\",\"image\":{\"@type\":\"ImageObject\",\"inLanguage\":\"es\",\"@id\":\"https:\/\/secure.gravatar.com\/avatar\/f8120b8688012ccf2d7fbcf7a970cfbabf0ab63b09c2dbd72c194bee080070e9?s=96&d=mm&r=g\",\"url\":\"https:\/\/secure.gravatar.com\/avatar\/f8120b8688012ccf2d7fbcf7a970cfbabf0ab63b09c2dbd72c194bee080070e9?s=96&d=mm&r=g\",\"contentUrl\":\"https:\/\/secure.gravatar.com\/avatar\/f8120b8688012ccf2d7fbcf7a970cfbabf0ab63b09c2dbd72c194bee080070e9?s=96&d=mm&r=g\",\"caption\":\"Prensa EPEN\"},\"url\":\"https:\/\/www.epen.gov.ar\/index.php\/author\/admin\/\"}]}<\/script>\n<!-- \/ Yoast SEO plugin. -->","yoast_head_json":{"title":"EPEN - Se trabaja en el servicio el\u00e9ctrico de Villa La Angostura","description":"Se trabaja en el servicio el\u00e9ctrico de Villa La Angostura","robots":{"index":"index","follow":"follow","max-snippet":"max-snippet:-1","max-image-preview":"max-image-preview:large","max-video-preview":"max-video-preview:-1"},"canonical":"https:\/\/www.epen.gov.ar\/index.php\/2022\/07\/29\/se-trabaja-en-el-servicio-electrico-de-villa-la-angostura\/","og_locale":"es_ES","og_type":"article","og_title":"EPEN - Se trabaja en el servicio el\u00e9ctrico de Villa La Angostura","og_description":"Se trabaja en el servicio el\u00e9ctrico de Villa La Angostura","og_url":"https:\/\/www.epen.gov.ar\/index.php\/2022\/07\/29\/se-trabaja-en-el-servicio-electrico-de-villa-la-angostura\/","og_site_name":"EPEN","article_publisher":"https:\/\/www.facebook.com\/EPEN.Neuquen","article_published_time":"2022-07-29T23:49:07+00:00","og_image":[{"width":1280,"height":589,"url":"https:\/\/www.epen.gov.ar\/wp-content\/uploads\/2021\/07\/grupos-y-equipos-central-VLA-EPEN-8.jpeg","type":"image\/jpeg"}],"author":"Prensa EPEN","twitter_card":"summary_large_image","twitter_creator":"@EPEN_Informa","twitter_site":"@EPEN_Informa","twitter_misc":{"Escrito por":"Prensa EPEN","Tiempo de lectura":"3 minutos"},"schema":{"@context":"https:\/\/schema.org","@graph":[{"@type":"Article","@id":"https:\/\/www.epen.gov.ar\/index.php\/2022\/07\/29\/se-trabaja-en-el-servicio-electrico-de-villa-la-angostura\/#article","isPartOf":{"@id":"https:\/\/www.epen.gov.ar\/index.php\/2022\/07\/29\/se-trabaja-en-el-servicio-electrico-de-villa-la-angostura\/"},"author":{"name":"Prensa EPEN","@id":"https:\/\/www.epen.gov.ar\/#\/schema\/person\/ce6cff87c2fc01264becc10fa105ad4f"},"headline":"Se trabaja en el servicio el\u00e9ctrico de Villa La Angostura","datePublished":"2022-07-29T23:49:07+00:00","mainEntityOfPage":{"@id":"https:\/\/www.epen.gov.ar\/index.php\/2022\/07\/29\/se-trabaja-en-el-servicio-electrico-de-villa-la-angostura\/"},"wordCount":661,"publisher":{"@id":"https:\/\/www.epen.gov.ar\/#organization"},"image":{"@id":"https:\/\/www.epen.gov.ar\/index.php\/2022\/07\/29\/se-trabaja-en-el-servicio-electrico-de-villa-la-angostura\/#primaryimage"},"thumbnailUrl":"https:\/\/www.epen.gov.ar\/wp-content\/uploads\/2021\/07\/grupos-y-equipos-central-VLA-EPEN-8.jpeg","keywords":["Villa La Angostura"],"articleSection":["Noticias"],"inLanguage":"es"},{"@type":"WebPage","@id":"https:\/\/www.epen.gov.ar\/index.php\/2022\/07\/29\/se-trabaja-en-el-servicio-electrico-de-villa-la-angostura\/","url":"https:\/\/www.epen.gov.ar\/index.php\/2022\/07\/29\/se-trabaja-en-el-servicio-electrico-de-villa-la-angostura\/","name":"EPEN - Se trabaja en el servicio el\u00e9ctrico de Villa La Angostura","isPartOf":{"@id":"https:\/\/www.epen.gov.ar\/#website"},"primaryImageOfPage":{"@id":"https:\/\/www.epen.gov.ar\/index.php\/2022\/07\/29\/se-trabaja-en-el-servicio-electrico-de-villa-la-angostura\/#primaryimage"},"image":{"@id":"https:\/\/www.epen.gov.ar\/index.php\/2022\/07\/29\/se-trabaja-en-el-servicio-electrico-de-villa-la-angostura\/#primaryimage"},"thumbnailUrl":"https:\/\/www.epen.gov.ar\/wp-content\/uploads\/2021\/07\/grupos-y-equipos-central-VLA-EPEN-8.jpeg","datePublished":"2022-07-29T23:49:07+00:00","description":"Se trabaja en el servicio el\u00e9ctrico de Villa La Angostura","breadcrumb":{"@id":"https:\/\/www.epen.gov.ar\/index.php\/2022\/07\/29\/se-trabaja-en-el-servicio-electrico-de-villa-la-angostura\/#breadcrumb"},"inLanguage":"es","potentialAction":[{"@type":"ReadAction","target":["https:\/\/www.epen.gov.ar\/index.php\/2022\/07\/29\/se-trabaja-en-el-servicio-electrico-de-villa-la-angostura\/"]}]},{"@type":"ImageObject","inLanguage":"es","@id":"https:\/\/www.epen.gov.ar\/index.php\/2022\/07\/29\/se-trabaja-en-el-servicio-electrico-de-villa-la-angostura\/#primaryimage","url":"https:\/\/www.epen.gov.ar\/wp-content\/uploads\/2021\/07\/grupos-y-equipos-central-VLA-EPEN-8.jpeg","contentUrl":"https:\/\/www.epen.gov.ar\/wp-content\/uploads\/2021\/07\/grupos-y-equipos-central-VLA-EPEN-8.jpeg","width":1280,"height":589},{"@type":"BreadcrumbList","@id":"https:\/\/www.epen.gov.ar\/index.php\/2022\/07\/29\/se-trabaja-en-el-servicio-electrico-de-villa-la-angostura\/#breadcrumb","itemListElement":[{"@type":"ListItem","position":1,"name":"Inicio","item":"https:\/\/www.epen.gov.ar\/"},{"@type":"ListItem","position":2,"name":"Se trabaja en el servicio el\u00e9ctrico de Villa La Angostura"}]},{"@type":"WebSite","@id":"https:\/\/www.epen.gov.ar\/#website","url":"https:\/\/www.epen.gov.ar\/","name":"EPEN","description":"Ente Provincial de Energ\u00eda del Neuqu\u00e9n","publisher":{"@id":"https:\/\/www.epen.gov.ar\/#organization"},"potentialAction":[{"@type":"SearchAction","target":{"@type":"EntryPoint","urlTemplate":"https:\/\/www.epen.gov.ar\/?s={search_term_string}"},"query-input":{"@type":"PropertyValueSpecification","valueRequired":true,"valueName":"search_term_string"}}],"inLanguage":"es"},{"@type":"Organization","@id":"https:\/\/www.epen.gov.ar\/#organization","name":"Ente Provincial de Energ\u00eda del Neuqu\u00e9n","url":"https:\/\/www.epen.gov.ar\/","logo":{"@type":"ImageObject","inLanguage":"es","@id":"https:\/\/www.epen.gov.ar\/#\/schema\/logo\/image\/","url":"https:\/\/www.epen.gov.ar\/wp-content\/uploads\/2024\/02\/Logo-EPEN-2.jpg","contentUrl":"https:\/\/www.epen.gov.ar\/wp-content\/uploads\/2024\/02\/Logo-EPEN-2.jpg","width":696,"height":696,"caption":"Ente Provincial de Energ\u00eda del Neuqu\u00e9n"},"image":{"@id":"https:\/\/www.epen.gov.ar\/#\/schema\/logo\/image\/"},"sameAs":["https:\/\/www.facebook.com\/EPEN.Neuquen","https:\/\/x.com\/EPEN_Informa","https:\/\/www.youtube.com\/@epenprensa7384"]},{"@type":"Person","@id":"https:\/\/www.epen.gov.ar\/#\/schema\/person\/ce6cff87c2fc01264becc10fa105ad4f","name":"Prensa EPEN","image":{"@type":"ImageObject","inLanguage":"es","@id":"https:\/\/secure.gravatar.com\/avatar\/f8120b8688012ccf2d7fbcf7a970cfbabf0ab63b09c2dbd72c194bee080070e9?s=96&d=mm&r=g","url":"https:\/\/secure.gravatar.com\/avatar\/f8120b8688012ccf2d7fbcf7a970cfbabf0ab63b09c2dbd72c194bee080070e9?s=96&d=mm&r=g","contentUrl":"https:\/\/secure.gravatar.com\/avatar\/f8120b8688012ccf2d7fbcf7a970cfbabf0ab63b09c2dbd72c194bee080070e9?s=96&d=mm&r=g","caption":"Prensa EPEN"},"url":"https:\/\/www.epen.gov.ar\/index.php\/author\/admin\/"}]}},"_links":{"self":[{"href":"https:\/\/www.epen.gov.ar\/index.php\/wp-json\/wp\/v2\/posts\/72687","targetHints":{"allow":["GET"]}}],"collection":[{"href":"https:\/\/www.epen.gov.ar\/index.php\/wp-json\/wp\/v2\/posts"}],"about":[{"href":"https:\/\/www.epen.gov.ar\/index.php\/wp-json\/wp\/v2\/types\/post"}],"author":[{"embeddable":true,"href":"https:\/\/www.epen.gov.ar\/index.php\/wp-json\/wp\/v2\/users\/1"}],"replies":[{"embeddable":true,"href":"https:\/\/www.epen.gov.ar\/index.php\/wp-json\/wp\/v2\/comments?post=72687"}],"version-history":[{"count":2,"href":"https:\/\/www.epen.gov.ar\/index.php\/wp-json\/wp\/v2\/posts\/72687\/revisions"}],"predecessor-version":[{"id":72726,"href":"https:\/\/www.epen.gov.ar\/index.php\/wp-json\/wp\/v2\/posts\/72687\/revisions\/72726"}],"wp:featuredmedia":[{"embeddable":true,"href":"https:\/\/www.epen.gov.ar\/index.php\/wp-json\/wp\/v2\/media\/32990"}],"wp:attachment":[{"href":"https:\/\/www.epen.gov.ar\/index.php\/wp-json\/wp\/v2\/media?parent=72687"}],"wp:term":[{"taxonomy":"category","embeddable":true,"href":"https:\/\/www.epen.gov.ar\/index.php\/wp-json\/wp\/v2\/categories?post=72687"},{"taxonomy":"post_tag","embeddable":true,"href":"https:\/\/www.epen.gov.ar\/index.php\/wp-json\/wp\/v2\/tags?post=72687"}],"curies":[{"name":"wp","href":"https:\/\/api.w.org\/{rel}","templated":true}]}}