{"id":65992,"date":"2022-07-08T15:25:24","date_gmt":"2022-07-08T18:25:24","guid":{"rendered":"http:\/\/192.168.200.48\/?p=65992"},"modified":"2022-07-12T08:50:03","modified_gmt":"2022-07-12T11:50:03","slug":"se-realizo-la-licitacion-internacional-de-electrificacion-rural-sur","status":"publish","type":"post","link":"https:\/\/www.epen.gov.ar\/index.php\/2022\/07\/08\/se-realizo-la-licitacion-internacional-de-electrificacion-rural-sur\/","title":{"rendered":"Se realiz\u00f3 la licitaci\u00f3n internacional de electrificaci\u00f3n rural Sur"},"content":{"rendered":"<div class=\"fusion-fullwidth fullwidth-box fusion-builder-row-1 nonhundred-percent-fullwidth non-hundred-percent-height-scrolling\" style=\"--awb-border-radius-top-left:0px;--awb-border-radius-top-right:0px;--awb-border-radius-bottom-right:0px;--awb-border-radius-bottom-left:0px;--awb-flex-wrap:wrap;\" ><div class=\"fusion-builder-row fusion-row\"><div class=\"fusion-layout-column fusion_builder_column fusion-builder-column-0 fusion_builder_column_2_3 2_3 fusion-two-third fusion-column-first\" style=\"--awb-bg-size:cover;width:66.666666666667%;width:calc(66.666666666667% - ( ( 4% ) * 0.66666666666667 ) );margin-right: 4%;\"><div class=\"fusion-column-wrapper fusion-column-has-shadow fusion-flex-column-wrapper-legacy\"><div class=\"fusion-text fusion-text-1\"><p style=\"text-align: justify;\"><strong><em>Es para el tendido el\u00e9ctrico de una extensa zona comprendida entre Piedra del \u00c1guila y Santo Tom\u00e1s. El servicio beneficiar\u00e1 a m\u00e1s de 160 productores agropecuarios.<\/em><\/strong><\/p>\n<p style=\"text-align: justify;\">El gobierno provincial realiz\u00f3 esta ma\u00f1ana la apertura de sobres para la licitaci\u00f3n p\u00fablica internacional de la obra\u00a0 \u201cDesarrollo agropecuario en \u00e1reas rurales con electrificaci\u00f3n: Santo Tom\u00e1s \u2013 Piedra Del \u00c1guila\u201d,\u00a0 que consiste en dotar de energ\u00eda el\u00e9ctrica a varios parajes rurales cercanos a Piedra del \u00c1guila y zona de influencia.<\/p>\n<p style=\"text-align: justify;\">El gobernador Omar Guti\u00e9rrez, presidi\u00f3 el acto, donde asegur\u00f3 que la concreci\u00f3n de la obra \u201ces la muestra de nuestro compromiso de seguir energizando todos los espacios dentro del territorio provincial, llegando con energ\u00eda para construir porvenir y futuro y dar respuesta al arraigo\u201d.\u00a0 Sostuvo que \u201cvemos la necesidad de que esto genere compre local, empleo local, que las empresas que resulten adjudicatarias nos permitan seguir recuperando el desarrollo econ\u00f3mico y social\u201d.<\/p>\n<p style=\"text-align: justify;\">Agreg\u00f3 que \u201cesto forma parte de la confluencia de interculturalidad, de poder acompa\u00f1ar a quienes hayan decidido vivir en cada uno de estos parajes y localidades\u201d.<\/p>\n<p style=\"text-align: justify;\">En tanto, el ministro de Producci\u00f3n e Industria, Facundo L\u00f3pez Raggi, explic\u00f3 que el presupuesto de la obra supera los 8 millones de d\u00f3lares y \u201cva a mejorar la calidad de vida de los beneficiarios, por lo que implica la electricidad en nuestros h\u00e1bitos\u201d. Agreg\u00f3 que forma parte de una planificaci\u00f3n de electrificaci\u00f3n en toda la provincia. \u201cComenz\u00f3 en la zona norte, continu\u00f3 en la zona centro y ahora estamos abocados a la parte sur\u201d, explic\u00f3.<\/p>\n<p style=\"text-align: justify;\">A su turno, el presidente del Ente Provincial de Energ\u00eda del Neuqu\u00e9n (EPEN), Francisco Zamb\u00f3n, precis\u00f3 que \u201cjunto con el tendido el\u00e9ctrico se hace tambi\u00e9n el tendido de fibra \u00f3ptica, con lo cual se va a dar conectividad a toda la zona\u201d.<\/p>\n<p style=\"text-align: justify;\">Se presentaron la UTE IPE Neuqu\u00e9n SA, RJ Ingenier\u00eda SA, y CN Sapag SA, con una oferta por el lote 2 de 788.364.638 pesos m\u00e1s IVA; Rovella Carranza SA, con una oferta por el lote 1 de 509.842.517 pesos m\u00e1s IVA; y Alto Sur SA, con una oferta por el lote 1 de 578.373.874 pesos, y por el lote 2 de 611.238.073 pesos.<\/p>\n<p style=\"text-align: justify;\">El objetivo de la obra es mejorar la calidad de vida de los pobladores rurales que actualmente poseen suministro de energ\u00eda con paneles solares y se conectar\u00e1n al sistema el\u00e9ctrico provincial. Un aspecto importante es que se incorpora por medio del tendido el\u00e9ctrico acceso a internet a los diferentes parajes. Tambi\u00e9n beneficiar\u00e1 a la poblaci\u00f3n actual de Piedra del \u00c1guila y Santo Tom\u00e1s, debido a la mayor potencia disponible para su industria y mayor calidad en el servicio local.<\/p>\n<p style=\"text-align: justify;\">El tendido de electrificaci\u00f3n rural comprender\u00e1 241 kil\u00f3metros de l\u00edneas a\u00e9reas de media y baja tensi\u00f3n, que se licitar\u00e1 en dos Lotes y el per\u00edodo de construcci\u00f3n de cada uno de ellos es de 12 meses.<\/p>\n<p style=\"text-align: justify;\">La obra demandar\u00e1 aproximadamente diez millones de d\u00f3lares, contabilizando el presupuesto previsto para ambos lotes. La ejecuci\u00f3n estar\u00e1 a cargo del ministerio de Producci\u00f3n e Industria y el EPEN, financiada por el Banco de Desarrollo de Am\u00e9rica Latina (CAF) e involucrar\u00e1 a la Unidad Provincial de Enlace y Ejecuci\u00f3n de Proyectos con Financiamiento Externo (Upefe).<\/p>\n<h2 style=\"text-align: justify;\">Parajes y beneficiarios<\/h2>\n<p style=\"text-align: justify;\">El primer lote comprende a los parajes Piedra Pintada, Sa\u00f1ico, Zaina Yegua, Paso Yunc\u00f3n y una l\u00ednea troncal de 13,2 KV a la vera de la ruta nacional 237. El Lote 2 est\u00e1 comprendido por el paraje Carrancura, ubicado al sur de Piedra del \u00c1guila y los parajes El Sauce y Ojo de Agua, en las cercan\u00edas de Santo Tom\u00e1s. Adem\u00e1s de los puestos rurales de la zona de Santo Tom\u00e1s.<\/p>\n<p>El beneficio directo ser\u00e1 para 162 productores agropecuarios y sus familias, entre las que se encuentran miembros de las comunidades Ancatruz y Z\u00fa\u00f1iga. Adem\u00e1s, se conectar\u00e1n a la red cinco escuelas, dos postas sanitarias, dos centros comunitarios, un camping gestionado por la comunidad Ancatruz para el desarrollo de actividades de turismo rural, y dos capillas.<\/p>\n<p><img decoding=\"async\" class=\"alignnone size-full wp-image-66086\" src=\"https:\/\/www.epen.gov.ar\/wp-content\/uploads\/2022\/07\/Infografia-PIEDRA-DEL-AGUILA-SANTO-TOMAS.jpg\" alt=\"\" width=\"1134\" height=\"1210\" \/><\/p>\n<h2><\/h2>\n<\/div><div class=\"fusion-clearfix\"><\/div><\/div><\/div><div class=\"fusion-layout-column fusion_builder_column fusion-builder-column-1 fusion_builder_column_1_3 1_3 fusion-one-third fusion-column-last\" style=\"--awb-bg-size:cover;width:33.333333333333%;width:calc(33.333333333333% - ( ( 4% ) * 0.33333333333333 ) );\"><div class=\"fusion-column-wrapper fusion-column-has-shadow fusion-flex-column-wrapper-legacy\"><div class=\"fusion-widget-area awb-widget-area-element fusion-widget-area-1 fusion-content-widget-area\" style=\"--awb-title-size:20px;--awb-title-color:#333333;--awb-padding:0px 0px 0px 0px;\"><style type=\"text\/css\" data-id=\"tweets-widget-2\">#tweets-widget-2 li { border-color:#eaeaea;}<\/style><section id=\"tweets-widget-2\" class=\"widget tweets\" style=\"border-style: solid;border-color: #eaeaea;border-color:transparent;border-width:0px;\">\t\t\t\t\n\t\t<div style=\"overflow:hidden\">\n\t\t\t\t\t\t\t\t\t\t\t<a class=\"twitter-timeline\" data-dnt=\"true\" href=\"https:\/\/twitter.com\/@EPEN_Informa\" data-width=\"500\" data-height=\"300\" width=\"500\" height=\"300\" data-theme=\"light\" data-link-color=\"##25a9bd\" data-border-color=\"#eaeaea\" data-chrome=\"\">Tweets por @EPEN_Informa<\/a>\n\t\t\t\t\t\t\t\n\t\t\t\t\t\t\t\t\t\t\t<script async src=\"\/\/platform.twitter.com\/widgets.js\" charset=\"utf-8\"><\/script>\n\t\t\t\t\t\t\t\n\t\t<\/div>\n\t\t<\/section>\n\t\t<section id=\"recent-posts-3\" class=\"widget widget_recent_entries\" style=\"border-style: solid;border-color:transparent;border-width:0px;\">\n\t\t<div class=\"heading\"><h4 class=\"widget-title\">Entradas recientes<\/h4><\/div>\n\t\t<ul>\n\t\t\t\t\t\t\t\t\t\t\t<li>\n\t\t\t\t\t<a href=\"https:\/\/www.epen.gov.ar\/index.php\/2026\/04\/30\/licitacion-publica-n-14-2026-contratacion-de-servicios-de-desarrollo-y-mantenimiento-de-sistemas-informaticos\/\">LICITACI\u00d3N P\u00daBLICA N\u00b0 14\/2026 CONTRATACI\u00d3N DE SERVICIOS DE DESARROLLO Y MANTENIMIENTO DE SISTEMAS INFORM\u00c1TICOS<\/a>\n\t\t\t\t\t\t\t\t\t\t\t<span class=\"post-date\">30\/04\/2026<\/span>\n\t\t\t\t\t\t\t\t\t<\/li>\n\t\t\t\t\t\t\t\t\t\t\t<li>\n\t\t\t\t\t<a href=\"https:\/\/www.epen.gov.ar\/index.php\/2026\/04\/29\/corte-programado-en-sectores-de-centenario-el-30-04-2026\/\">Corte Programado en sectores de Centenario el 30\/04\/2026<\/a>\n\t\t\t\t\t\t\t\t\t\t\t<span class=\"post-date\">29\/04\/2026<\/span>\n\t\t\t\t\t\t\t\t\t<\/li>\n\t\t\t\t\t\t\t\t\t\t\t<li>\n\t\t\t\t\t<a href=\"https:\/\/www.epen.gov.ar\/index.php\/2026\/04\/28\/el-epen-impulsa-el-desarrollo-de-varvarco-con-nueva-infraestructura-para-17-lotes\/\">El EPEN impulsa el desarrollo de Varvarco con nueva infraestructura para 17 lotes<\/a>\n\t\t\t\t\t\t\t\t\t\t\t<span class=\"post-date\">28\/04\/2026<\/span>\n\t\t\t\t\t\t\t\t\t<\/li>\n\t\t\t\t\t\t\t\t\t\t\t<li>\n\t\t\t\t\t<a href=\"https:\/\/www.epen.gov.ar\/index.php\/2026\/04\/28\/corte-programado-en-sectores-de-zona-nahueve-el-30-04-2026\/\">Corte Programado en sectores de zona Nahueve el 30\/04\/2026<\/a>\n\t\t\t\t\t\t\t\t\t\t\t<span class=\"post-date\">28\/04\/2026<\/span>\n\t\t\t\t\t\t\t\t\t<\/li>\n\t\t\t\t\t\t\t\t\t\t\t<li>\n\t\t\t\t\t<a href=\"https:\/\/www.epen.gov.ar\/index.php\/2026\/04\/24\/corte-programado-en-sectores-de-san-martin-de-los-andes-el-25-04-2026\/\">Corte Programado en sectores de San Mart\u00edn de los Andes el 25\/04\/2026<\/a>\n\t\t\t\t\t\t\t\t\t\t\t<span class=\"post-date\">24\/04\/2026<\/span>\n\t\t\t\t\t\t\t\t\t<\/li>\n\t\t\t\t\t<\/ul>\n\n\t\t<\/section><div class=\"fusion-additional-widget-content\"><\/div><\/div><div class=\"fusion-clearfix\"><\/div><\/div><\/div><\/div><\/div>\n","protected":false},"excerpt":{"rendered":"","protected":false},"author":1,"featured_media":66005,"comment_status":"closed","ping_status":"closed","sticky":false,"template":"","format":"standard","meta":{"_exactmetrics_skip_tracking":false,"_exactmetrics_sitenote_active":false,"_exactmetrics_sitenote_note":"","_exactmetrics_sitenote_category":0,"footnotes":""},"categories":[84],"tags":[282,373],"class_list":["post-65992","post","type-post","status-publish","format-standard","has-post-thumbnail","hentry","category-noticias","tag-licitacion-publica","tag-prosap-v"],"yoast_head":"<!-- This site is optimized with the Yoast SEO plugin v27.2 - https:\/\/yoast.com\/product\/yoast-seo-wordpress\/ -->\n<title>EPEN - Se realiz\u00f3 la licitaci\u00f3n internacional de electrificaci\u00f3n rural Sur<\/title>\n<meta name=\"description\" content=\"Se realiz\u00f3 la licitaci\u00f3n internacional de electrificaci\u00f3n rural Sur\" \/>\n<meta name=\"robots\" content=\"index, follow, max-snippet:-1, max-image-preview:large, max-video-preview:-1\" \/>\n<link rel=\"canonical\" href=\"https:\/\/www.epen.gov.ar\/index.php\/2022\/07\/08\/se-realizo-la-licitacion-internacional-de-electrificacion-rural-sur\/\" \/>\n<meta property=\"og:locale\" content=\"es_ES\" \/>\n<meta property=\"og:type\" content=\"article\" \/>\n<meta property=\"og:title\" content=\"EPEN - Se realiz\u00f3 la licitaci\u00f3n internacional de electrificaci\u00f3n rural Sur\" \/>\n<meta property=\"og:description\" content=\"Se realiz\u00f3 la licitaci\u00f3n internacional de electrificaci\u00f3n rural Sur\" \/>\n<meta property=\"og:url\" content=\"https:\/\/www.epen.gov.ar\/index.php\/2022\/07\/08\/se-realizo-la-licitacion-internacional-de-electrificacion-rural-sur\/\" \/>\n<meta property=\"og:site_name\" content=\"EPEN\" \/>\n<meta property=\"article:publisher\" content=\"https:\/\/www.facebook.com\/EPEN.Neuquen\" \/>\n<meta property=\"article:published_time\" content=\"2022-07-08T18:25:24+00:00\" \/>\n<meta property=\"article:modified_time\" content=\"2022-07-12T11:50:03+00:00\" \/>\n<meta property=\"og:image\" content=\"https:\/\/www.epen.gov.ar\/wp-content\/uploads\/2022\/07\/PROSAP-V-Apertura-pliegos-08-07-22.jpeg\" \/>\n\t<meta property=\"og:image:width\" content=\"1280\" \/>\n\t<meta property=\"og:image:height\" content=\"632\" \/>\n\t<meta property=\"og:image:type\" content=\"image\/jpeg\" \/>\n<meta name=\"author\" content=\"Prensa EPEN\" \/>\n<meta name=\"twitter:card\" content=\"summary_large_image\" \/>\n<meta name=\"twitter:creator\" content=\"@EPEN_Informa\" \/>\n<meta name=\"twitter:site\" content=\"@EPEN_Informa\" \/>\n<meta name=\"twitter:label1\" content=\"Escrito por\" \/>\n\t<meta name=\"twitter:data1\" content=\"Prensa EPEN\" \/>\n\t<meta name=\"twitter:label2\" content=\"Tiempo de lectura\" \/>\n\t<meta name=\"twitter:data2\" content=\"6 minutos\" \/>\n<script type=\"application\/ld+json\" class=\"yoast-schema-graph\">{\"@context\":\"https:\/\/schema.org\",\"@graph\":[{\"@type\":\"Article\",\"@id\":\"https:\/\/www.epen.gov.ar\/index.php\/2022\/07\/08\/se-realizo-la-licitacion-internacional-de-electrificacion-rural-sur\/#article\",\"isPartOf\":{\"@id\":\"https:\/\/www.epen.gov.ar\/index.php\/2022\/07\/08\/se-realizo-la-licitacion-internacional-de-electrificacion-rural-sur\/\"},\"author\":{\"name\":\"Prensa EPEN\",\"@id\":\"https:\/\/www.epen.gov.ar\/#\/schema\/person\/ce6cff87c2fc01264becc10fa105ad4f\"},\"headline\":\"Se realiz\u00f3 la licitaci\u00f3n internacional de electrificaci\u00f3n rural Sur\",\"datePublished\":\"2022-07-08T18:25:24+00:00\",\"dateModified\":\"2022-07-12T11:50:03+00:00\",\"mainEntityOfPage\":{\"@id\":\"https:\/\/www.epen.gov.ar\/index.php\/2022\/07\/08\/se-realizo-la-licitacion-internacional-de-electrificacion-rural-sur\/\"},\"wordCount\":1136,\"publisher\":{\"@id\":\"https:\/\/www.epen.gov.ar\/#organization\"},\"image\":{\"@id\":\"https:\/\/www.epen.gov.ar\/index.php\/2022\/07\/08\/se-realizo-la-licitacion-internacional-de-electrificacion-rural-sur\/#primaryimage\"},\"thumbnailUrl\":\"https:\/\/www.epen.gov.ar\/wp-content\/uploads\/2022\/07\/PROSAP-V-Apertura-pliegos-08-07-22.jpeg\",\"keywords\":[\"Licitaci\u00f3n P\u00fablica\",\"PROSAP V\"],\"articleSection\":[\"Noticias\"],\"inLanguage\":\"es\"},{\"@type\":\"WebPage\",\"@id\":\"https:\/\/www.epen.gov.ar\/index.php\/2022\/07\/08\/se-realizo-la-licitacion-internacional-de-electrificacion-rural-sur\/\",\"url\":\"https:\/\/www.epen.gov.ar\/index.php\/2022\/07\/08\/se-realizo-la-licitacion-internacional-de-electrificacion-rural-sur\/\",\"name\":\"EPEN - Se realiz\u00f3 la licitaci\u00f3n internacional de electrificaci\u00f3n rural Sur\",\"isPartOf\":{\"@id\":\"https:\/\/www.epen.gov.ar\/#website\"},\"primaryImageOfPage\":{\"@id\":\"https:\/\/www.epen.gov.ar\/index.php\/2022\/07\/08\/se-realizo-la-licitacion-internacional-de-electrificacion-rural-sur\/#primaryimage\"},\"image\":{\"@id\":\"https:\/\/www.epen.gov.ar\/index.php\/2022\/07\/08\/se-realizo-la-licitacion-internacional-de-electrificacion-rural-sur\/#primaryimage\"},\"thumbnailUrl\":\"https:\/\/www.epen.gov.ar\/wp-content\/uploads\/2022\/07\/PROSAP-V-Apertura-pliegos-08-07-22.jpeg\",\"datePublished\":\"2022-07-08T18:25:24+00:00\",\"dateModified\":\"2022-07-12T11:50:03+00:00\",\"description\":\"Se realiz\u00f3 la licitaci\u00f3n internacional de electrificaci\u00f3n rural Sur\",\"breadcrumb\":{\"@id\":\"https:\/\/www.epen.gov.ar\/index.php\/2022\/07\/08\/se-realizo-la-licitacion-internacional-de-electrificacion-rural-sur\/#breadcrumb\"},\"inLanguage\":\"es\",\"potentialAction\":[{\"@type\":\"ReadAction\",\"target\":[\"https:\/\/www.epen.gov.ar\/index.php\/2022\/07\/08\/se-realizo-la-licitacion-internacional-de-electrificacion-rural-sur\/\"]}]},{\"@type\":\"ImageObject\",\"inLanguage\":\"es\",\"@id\":\"https:\/\/www.epen.gov.ar\/index.php\/2022\/07\/08\/se-realizo-la-licitacion-internacional-de-electrificacion-rural-sur\/#primaryimage\",\"url\":\"https:\/\/www.epen.gov.ar\/wp-content\/uploads\/2022\/07\/PROSAP-V-Apertura-pliegos-08-07-22.jpeg\",\"contentUrl\":\"https:\/\/www.epen.gov.ar\/wp-content\/uploads\/2022\/07\/PROSAP-V-Apertura-pliegos-08-07-22.jpeg\",\"width\":1280,\"height\":632},{\"@type\":\"BreadcrumbList\",\"@id\":\"https:\/\/www.epen.gov.ar\/index.php\/2022\/07\/08\/se-realizo-la-licitacion-internacional-de-electrificacion-rural-sur\/#breadcrumb\",\"itemListElement\":[{\"@type\":\"ListItem\",\"position\":1,\"name\":\"Inicio\",\"item\":\"https:\/\/www.epen.gov.ar\/\"},{\"@type\":\"ListItem\",\"position\":2,\"name\":\"Se realiz\u00f3 la licitaci\u00f3n internacional de electrificaci\u00f3n rural Sur\"}]},{\"@type\":\"WebSite\",\"@id\":\"https:\/\/www.epen.gov.ar\/#website\",\"url\":\"https:\/\/www.epen.gov.ar\/\",\"name\":\"EPEN\",\"description\":\"Ente Provincial de Energ\u00eda del Neuqu\u00e9n\",\"publisher\":{\"@id\":\"https:\/\/www.epen.gov.ar\/#organization\"},\"potentialAction\":[{\"@type\":\"SearchAction\",\"target\":{\"@type\":\"EntryPoint\",\"urlTemplate\":\"https:\/\/www.epen.gov.ar\/?s={search_term_string}\"},\"query-input\":{\"@type\":\"PropertyValueSpecification\",\"valueRequired\":true,\"valueName\":\"search_term_string\"}}],\"inLanguage\":\"es\"},{\"@type\":\"Organization\",\"@id\":\"https:\/\/www.epen.gov.ar\/#organization\",\"name\":\"Ente Provincial de Energ\u00eda del Neuqu\u00e9n\",\"url\":\"https:\/\/www.epen.gov.ar\/\",\"logo\":{\"@type\":\"ImageObject\",\"inLanguage\":\"es\",\"@id\":\"https:\/\/www.epen.gov.ar\/#\/schema\/logo\/image\/\",\"url\":\"https:\/\/www.epen.gov.ar\/wp-content\/uploads\/2024\/02\/Logo-EPEN-2.jpg\",\"contentUrl\":\"https:\/\/www.epen.gov.ar\/wp-content\/uploads\/2024\/02\/Logo-EPEN-2.jpg\",\"width\":696,\"height\":696,\"caption\":\"Ente Provincial de Energ\u00eda del Neuqu\u00e9n\"},\"image\":{\"@id\":\"https:\/\/www.epen.gov.ar\/#\/schema\/logo\/image\/\"},\"sameAs\":[\"https:\/\/www.facebook.com\/EPEN.Neuquen\",\"https:\/\/x.com\/EPEN_Informa\",\"https:\/\/www.youtube.com\/@epenprensa7384\"]},{\"@type\":\"Person\",\"@id\":\"https:\/\/www.epen.gov.ar\/#\/schema\/person\/ce6cff87c2fc01264becc10fa105ad4f\",\"name\":\"Prensa EPEN\",\"image\":{\"@type\":\"ImageObject\",\"inLanguage\":\"es\",\"@id\":\"https:\/\/secure.gravatar.com\/avatar\/f8120b8688012ccf2d7fbcf7a970cfbabf0ab63b09c2dbd72c194bee080070e9?s=96&d=mm&r=g\",\"url\":\"https:\/\/secure.gravatar.com\/avatar\/f8120b8688012ccf2d7fbcf7a970cfbabf0ab63b09c2dbd72c194bee080070e9?s=96&d=mm&r=g\",\"contentUrl\":\"https:\/\/secure.gravatar.com\/avatar\/f8120b8688012ccf2d7fbcf7a970cfbabf0ab63b09c2dbd72c194bee080070e9?s=96&d=mm&r=g\",\"caption\":\"Prensa EPEN\"},\"url\":\"https:\/\/www.epen.gov.ar\/index.php\/author\/admin\/\"}]}<\/script>\n<!-- \/ Yoast SEO plugin. -->","yoast_head_json":{"title":"EPEN - Se realiz\u00f3 la licitaci\u00f3n internacional de electrificaci\u00f3n rural Sur","description":"Se realiz\u00f3 la licitaci\u00f3n internacional de electrificaci\u00f3n rural Sur","robots":{"index":"index","follow":"follow","max-snippet":"max-snippet:-1","max-image-preview":"max-image-preview:large","max-video-preview":"max-video-preview:-1"},"canonical":"https:\/\/www.epen.gov.ar\/index.php\/2022\/07\/08\/se-realizo-la-licitacion-internacional-de-electrificacion-rural-sur\/","og_locale":"es_ES","og_type":"article","og_title":"EPEN - Se realiz\u00f3 la licitaci\u00f3n internacional de electrificaci\u00f3n rural Sur","og_description":"Se realiz\u00f3 la licitaci\u00f3n internacional de electrificaci\u00f3n rural Sur","og_url":"https:\/\/www.epen.gov.ar\/index.php\/2022\/07\/08\/se-realizo-la-licitacion-internacional-de-electrificacion-rural-sur\/","og_site_name":"EPEN","article_publisher":"https:\/\/www.facebook.com\/EPEN.Neuquen","article_published_time":"2022-07-08T18:25:24+00:00","article_modified_time":"2022-07-12T11:50:03+00:00","og_image":[{"width":1280,"height":632,"url":"https:\/\/www.epen.gov.ar\/wp-content\/uploads\/2022\/07\/PROSAP-V-Apertura-pliegos-08-07-22.jpeg","type":"image\/jpeg"}],"author":"Prensa EPEN","twitter_card":"summary_large_image","twitter_creator":"@EPEN_Informa","twitter_site":"@EPEN_Informa","twitter_misc":{"Escrito por":"Prensa EPEN","Tiempo de lectura":"6 minutos"},"schema":{"@context":"https:\/\/schema.org","@graph":[{"@type":"Article","@id":"https:\/\/www.epen.gov.ar\/index.php\/2022\/07\/08\/se-realizo-la-licitacion-internacional-de-electrificacion-rural-sur\/#article","isPartOf":{"@id":"https:\/\/www.epen.gov.ar\/index.php\/2022\/07\/08\/se-realizo-la-licitacion-internacional-de-electrificacion-rural-sur\/"},"author":{"name":"Prensa EPEN","@id":"https:\/\/www.epen.gov.ar\/#\/schema\/person\/ce6cff87c2fc01264becc10fa105ad4f"},"headline":"Se realiz\u00f3 la licitaci\u00f3n internacional de electrificaci\u00f3n rural Sur","datePublished":"2022-07-08T18:25:24+00:00","dateModified":"2022-07-12T11:50:03+00:00","mainEntityOfPage":{"@id":"https:\/\/www.epen.gov.ar\/index.php\/2022\/07\/08\/se-realizo-la-licitacion-internacional-de-electrificacion-rural-sur\/"},"wordCount":1136,"publisher":{"@id":"https:\/\/www.epen.gov.ar\/#organization"},"image":{"@id":"https:\/\/www.epen.gov.ar\/index.php\/2022\/07\/08\/se-realizo-la-licitacion-internacional-de-electrificacion-rural-sur\/#primaryimage"},"thumbnailUrl":"https:\/\/www.epen.gov.ar\/wp-content\/uploads\/2022\/07\/PROSAP-V-Apertura-pliegos-08-07-22.jpeg","keywords":["Licitaci\u00f3n P\u00fablica","PROSAP V"],"articleSection":["Noticias"],"inLanguage":"es"},{"@type":"WebPage","@id":"https:\/\/www.epen.gov.ar\/index.php\/2022\/07\/08\/se-realizo-la-licitacion-internacional-de-electrificacion-rural-sur\/","url":"https:\/\/www.epen.gov.ar\/index.php\/2022\/07\/08\/se-realizo-la-licitacion-internacional-de-electrificacion-rural-sur\/","name":"EPEN - Se realiz\u00f3 la licitaci\u00f3n internacional de electrificaci\u00f3n rural Sur","isPartOf":{"@id":"https:\/\/www.epen.gov.ar\/#website"},"primaryImageOfPage":{"@id":"https:\/\/www.epen.gov.ar\/index.php\/2022\/07\/08\/se-realizo-la-licitacion-internacional-de-electrificacion-rural-sur\/#primaryimage"},"image":{"@id":"https:\/\/www.epen.gov.ar\/index.php\/2022\/07\/08\/se-realizo-la-licitacion-internacional-de-electrificacion-rural-sur\/#primaryimage"},"thumbnailUrl":"https:\/\/www.epen.gov.ar\/wp-content\/uploads\/2022\/07\/PROSAP-V-Apertura-pliegos-08-07-22.jpeg","datePublished":"2022-07-08T18:25:24+00:00","dateModified":"2022-07-12T11:50:03+00:00","description":"Se realiz\u00f3 la licitaci\u00f3n internacional de electrificaci\u00f3n rural Sur","breadcrumb":{"@id":"https:\/\/www.epen.gov.ar\/index.php\/2022\/07\/08\/se-realizo-la-licitacion-internacional-de-electrificacion-rural-sur\/#breadcrumb"},"inLanguage":"es","potentialAction":[{"@type":"ReadAction","target":["https:\/\/www.epen.gov.ar\/index.php\/2022\/07\/08\/se-realizo-la-licitacion-internacional-de-electrificacion-rural-sur\/"]}]},{"@type":"ImageObject","inLanguage":"es","@id":"https:\/\/www.epen.gov.ar\/index.php\/2022\/07\/08\/se-realizo-la-licitacion-internacional-de-electrificacion-rural-sur\/#primaryimage","url":"https:\/\/www.epen.gov.ar\/wp-content\/uploads\/2022\/07\/PROSAP-V-Apertura-pliegos-08-07-22.jpeg","contentUrl":"https:\/\/www.epen.gov.ar\/wp-content\/uploads\/2022\/07\/PROSAP-V-Apertura-pliegos-08-07-22.jpeg","width":1280,"height":632},{"@type":"BreadcrumbList","@id":"https:\/\/www.epen.gov.ar\/index.php\/2022\/07\/08\/se-realizo-la-licitacion-internacional-de-electrificacion-rural-sur\/#breadcrumb","itemListElement":[{"@type":"ListItem","position":1,"name":"Inicio","item":"https:\/\/www.epen.gov.ar\/"},{"@type":"ListItem","position":2,"name":"Se realiz\u00f3 la licitaci\u00f3n internacional de electrificaci\u00f3n rural Sur"}]},{"@type":"WebSite","@id":"https:\/\/www.epen.gov.ar\/#website","url":"https:\/\/www.epen.gov.ar\/","name":"EPEN","description":"Ente Provincial de Energ\u00eda del Neuqu\u00e9n","publisher":{"@id":"https:\/\/www.epen.gov.ar\/#organization"},"potentialAction":[{"@type":"SearchAction","target":{"@type":"EntryPoint","urlTemplate":"https:\/\/www.epen.gov.ar\/?s={search_term_string}"},"query-input":{"@type":"PropertyValueSpecification","valueRequired":true,"valueName":"search_term_string"}}],"inLanguage":"es"},{"@type":"Organization","@id":"https:\/\/www.epen.gov.ar\/#organization","name":"Ente Provincial de Energ\u00eda del Neuqu\u00e9n","url":"https:\/\/www.epen.gov.ar\/","logo":{"@type":"ImageObject","inLanguage":"es","@id":"https:\/\/www.epen.gov.ar\/#\/schema\/logo\/image\/","url":"https:\/\/www.epen.gov.ar\/wp-content\/uploads\/2024\/02\/Logo-EPEN-2.jpg","contentUrl":"https:\/\/www.epen.gov.ar\/wp-content\/uploads\/2024\/02\/Logo-EPEN-2.jpg","width":696,"height":696,"caption":"Ente Provincial de Energ\u00eda del Neuqu\u00e9n"},"image":{"@id":"https:\/\/www.epen.gov.ar\/#\/schema\/logo\/image\/"},"sameAs":["https:\/\/www.facebook.com\/EPEN.Neuquen","https:\/\/x.com\/EPEN_Informa","https:\/\/www.youtube.com\/@epenprensa7384"]},{"@type":"Person","@id":"https:\/\/www.epen.gov.ar\/#\/schema\/person\/ce6cff87c2fc01264becc10fa105ad4f","name":"Prensa EPEN","image":{"@type":"ImageObject","inLanguage":"es","@id":"https:\/\/secure.gravatar.com\/avatar\/f8120b8688012ccf2d7fbcf7a970cfbabf0ab63b09c2dbd72c194bee080070e9?s=96&d=mm&r=g","url":"https:\/\/secure.gravatar.com\/avatar\/f8120b8688012ccf2d7fbcf7a970cfbabf0ab63b09c2dbd72c194bee080070e9?s=96&d=mm&r=g","contentUrl":"https:\/\/secure.gravatar.com\/avatar\/f8120b8688012ccf2d7fbcf7a970cfbabf0ab63b09c2dbd72c194bee080070e9?s=96&d=mm&r=g","caption":"Prensa EPEN"},"url":"https:\/\/www.epen.gov.ar\/index.php\/author\/admin\/"}]}},"_links":{"self":[{"href":"https:\/\/www.epen.gov.ar\/index.php\/wp-json\/wp\/v2\/posts\/65992","targetHints":{"allow":["GET"]}}],"collection":[{"href":"https:\/\/www.epen.gov.ar\/index.php\/wp-json\/wp\/v2\/posts"}],"about":[{"href":"https:\/\/www.epen.gov.ar\/index.php\/wp-json\/wp\/v2\/types\/post"}],"author":[{"embeddable":true,"href":"https:\/\/www.epen.gov.ar\/index.php\/wp-json\/wp\/v2\/users\/1"}],"replies":[{"embeddable":true,"href":"https:\/\/www.epen.gov.ar\/index.php\/wp-json\/wp\/v2\/comments?post=65992"}],"version-history":[{"count":6,"href":"https:\/\/www.epen.gov.ar\/index.php\/wp-json\/wp\/v2\/posts\/65992\/revisions"}],"predecessor-version":[{"id":71348,"href":"https:\/\/www.epen.gov.ar\/index.php\/wp-json\/wp\/v2\/posts\/65992\/revisions\/71348"}],"wp:featuredmedia":[{"embeddable":true,"href":"https:\/\/www.epen.gov.ar\/index.php\/wp-json\/wp\/v2\/media\/66005"}],"wp:attachment":[{"href":"https:\/\/www.epen.gov.ar\/index.php\/wp-json\/wp\/v2\/media?parent=65992"}],"wp:term":[{"taxonomy":"category","embeddable":true,"href":"https:\/\/www.epen.gov.ar\/index.php\/wp-json\/wp\/v2\/categories?post=65992"},{"taxonomy":"post_tag","embeddable":true,"href":"https:\/\/www.epen.gov.ar\/index.php\/wp-json\/wp\/v2\/tags?post=65992"}],"curies":[{"name":"wp","href":"https:\/\/api.w.org\/{rel}","templated":true}]}}