{"id":59972,"date":"2022-06-03T19:36:44","date_gmt":"2022-06-03T22:36:44","guid":{"rendered":"http:\/\/192.168.200.48\/?p=59972"},"modified":"2022-06-03T19:38:40","modified_gmt":"2022-06-03T22:38:40","slug":"convenio-para-beneficiar-a-las-bibliotecas-populares-de-la-provincia","status":"publish","type":"post","link":"https:\/\/www.epen.gov.ar\/index.php\/2022\/06\/03\/convenio-para-beneficiar-a-las-bibliotecas-populares-de-la-provincia\/","title":{"rendered":"Convenio para beneficiar a las Bibliotecas Populares de la provincia"},"content":{"rendered":"<div class=\"fusion-fullwidth fullwidth-box fusion-builder-row-1 nonhundred-percent-fullwidth non-hundred-percent-height-scrolling\" style=\"--awb-border-radius-top-left:0px;--awb-border-radius-top-right:0px;--awb-border-radius-bottom-right:0px;--awb-border-radius-bottom-left:0px;--awb-flex-wrap:wrap;\" ><div class=\"fusion-builder-row fusion-row\"><div class=\"fusion-layout-column fusion_builder_column fusion-builder-column-0 fusion_builder_column_2_3 2_3 fusion-two-third fusion-column-first\" style=\"--awb-bg-size:cover;width:66.666666666667%;width:calc(66.666666666667% - ( ( 4% ) * 0.66666666666667 ) );margin-right: 4%;\"><div class=\"fusion-column-wrapper fusion-column-has-shadow fusion-flex-column-wrapper-legacy\"><div class=\"fusion-text fusion-text-1\"><p><em><strong>Mediante un acuerdo de cooperaci\u00f3n se otorgar\u00e1 un beneficio en el consumo de las tarifas de la energ\u00eda el\u00e9ctrica mensual a las Bibliotecas Populares.<\/strong><\/em><\/p>\n<p>Esta ma\u00f1ana se firm\u00f3 un convenio de cooperaci\u00f3n entre el ministerio de las Culturas y el Ente Provincial de Energ\u00eda del Neuqu\u00e9n (EPEN) para otorgar un beneficio en las tarifas de la energ\u00eda el\u00e9ctrica mensual a las Bibliotecas Populares de la provincia.<\/p>\n<p>El convenio establece que el EPEN beneficiar\u00e1 a 26 Bibliotecas Populares con 1.000 Kwh de energ\u00eda el\u00e9ctrica mensual, quedando a cargo de las mismas todo consumo que supere ese monto, como as\u00ed tambi\u00e9n todos los dem\u00e1s \u00edtems que conforman la factura de EPEN.<\/p>\n<p>Ser\u00e1n beneficiadas cuatro bibliotecas populares de San Mart\u00edn de los Andes, y las de Villa la Angostura, Jun\u00edn de los Andes, Las Lajas, Las Coloradas, Villa Pehuenia, Moquehue, Loncopu\u00e9, Huinganco, El Huec\u00fa, Alumin\u00e9, A\u00f1elo, Rinc\u00f3n de los Sauces, San Patricio del Cha\u00f1ar, Centenario,\u00a0 El Choc\u00f3n, Andacollo, Paso Aguerre, Picun Leuf\u00fa, El Cholar, Chos\u00a0 Malal, Las Ovejas y Tricao Malal.<\/p>\n<p>Durante la firma del convenio el ministro de las Culturas, Marcelo Colonna, destac\u00f3 \u201cla importancia que tienen las Bibliotecas Populares para todo el Ecosistema Cultural. Son espacios de promoci\u00f3n de la lectura y la escritura, pero adem\u00e1s ofrecen diferentes actividades de promoci\u00f3n art\u00edstica, como parte de la formaci\u00f3n integral de las personas, y ayuda escolar, entre otras. Son verdaderos espacios de integraci\u00f3n e inclusi\u00f3n social\u201d.<\/p>\n<p>Adem\u00e1s, Colonna agradeci\u00f3 al EPEN y el trabajo de todas las personas que sostienen las Bibliotecas Populares, y afirm\u00f3: \u201cYa estamos hablando para ampliar el convenio, y extenderlo a otros espacios y salas culturales, como las salas de teatro. La pandemia para todo el ecosistema cultural no pas\u00f3 desapercibida, no solamente en lo humano, sino tambi\u00e9n trajo muchas dificultades para sostener los espacios. El trabajo interinstitucional que hacemos, por ejemplo con el EPEN, es muy importante para hacer un aporte que permita sostener estos lugares culturales\u201d.<\/p>\n<p>Por su parte, el presidente del EPEN, Francisco Zamb\u00f3n, record\u00f3 que el Ente \u201cpresta el servicio en toda la provincia donde no hay cooperativas, es decir, en 70 localidades y parajes. Este convenio alcanzar\u00e1 a 23 de esas localidades, donde existen Bibliotecas Populares. Sabemos la importancia que tienen estos centros para las comunidades\u201d, dijo Zamb\u00f3n, y concluy\u00f3: \u201cEs un placer aportar nuestro granito de arena para colaborar con estas instituciones\u201d.<\/p>\n<p>Por su parte, Susana Ceballos, directora provincial de Pol\u00edticas Socioculturales del ministerio de las Culturas, agradeci\u00f3 el convenio y la predisposici\u00f3n del EPEN, y destac\u00f3 la importancia de contar con una Ley provincial que regule el funcionamiento de las Bibliotecas Populares (Ley N\u00ba 3040-2016). \u201cLa Ley ha tra\u00eddo much\u00edsimos beneficios, por ejemplo, la posibilidad de hacer este tipo de convenios\u201d, afirm\u00f3 Ceballos, y record\u00f3 que este a\u00f1o se realizar\u00e1 el 5to Congreso de Bibliotecas Populares, que ser\u00e1 en el marco de la Feria del Libro de San Mart\u00edn de los Andes, y se volver\u00e1 a realizar la Noche de las Bibliotecas Populares, en formato presencial.<\/p>\n<h5 id=\"attachment_194544\" class=\"wp-caption alignleft\" style=\"width: 683px;\" aria-describedby=\"caption-attachment-194544\"><img decoding=\"async\" class=\"alignnone wp-image-59986\" src=\"https:\/\/www.epen.gov.ar\/wp-content\/uploads\/2022\/06\/web-Ministerio-de-las-Culturas-y-el-EPEN-beneficiara-a-las-Bibliotecas-Populares.jpeg\" alt=\"\" width=\"683\" height=\"437\" srcset=\"https:\/\/www.epen.gov.ar\/wp-content\/uploads\/2022\/06\/web-Ministerio-de-las-Culturas-y-el-EPEN-beneficiara-a-las-Bibliotecas-Populares-200x128.jpeg 200w, https:\/\/www.epen.gov.ar\/wp-content\/uploads\/2022\/06\/web-Ministerio-de-las-Culturas-y-el-EPEN-beneficiara-a-las-Bibliotecas-Populares-300x192.jpeg 300w, https:\/\/www.epen.gov.ar\/wp-content\/uploads\/2022\/06\/web-Ministerio-de-las-Culturas-y-el-EPEN-beneficiara-a-las-Bibliotecas-Populares-400x256.jpeg 400w, https:\/\/www.epen.gov.ar\/wp-content\/uploads\/2022\/06\/web-Ministerio-de-las-Culturas-y-el-EPEN-beneficiara-a-las-Bibliotecas-Populares-460x295.jpeg 460w, https:\/\/www.epen.gov.ar\/wp-content\/uploads\/2022\/06\/web-Ministerio-de-las-Culturas-y-el-EPEN-beneficiara-a-las-Bibliotecas-Populares-600x384.jpeg 600w, https:\/\/www.epen.gov.ar\/wp-content\/uploads\/2022\/06\/web-Ministerio-de-las-Culturas-y-el-EPEN-beneficiara-a-las-Bibliotecas-Populares-768x492.jpeg 768w, https:\/\/www.epen.gov.ar\/wp-content\/uploads\/2022\/06\/web-Ministerio-de-las-Culturas-y-el-EPEN-beneficiara-a-las-Bibliotecas-Populares-800x513.jpeg 800w, https:\/\/www.epen.gov.ar\/wp-content\/uploads\/2022\/06\/web-Ministerio-de-las-Culturas-y-el-EPEN-beneficiara-a-las-Bibliotecas-Populares-1200x769.jpeg 1200w, https:\/\/www.epen.gov.ar\/wp-content\/uploads\/2022\/06\/web-Ministerio-de-las-Culturas-y-el-EPEN-beneficiara-a-las-Bibliotecas-Populares.jpeg 1280w\" sizes=\"(max-width: 683px) 100vw, 683px\" \/>El convenio establece que el EPEN beneficiar\u00e1 a las Bibliotecas Populares con 1.000 Kwh de energ\u00eda el\u00e9ctrica mensual, quedando a cargo de las mismas todo consumo que supere ese monto, como as\u00ed tambi\u00e9n todos los dem\u00e1s \u00edtems que conforman la factura de EPEN.<\/h5>\n<\/div><div class=\"fusion-clearfix\"><\/div><\/div><\/div><div class=\"fusion-layout-column fusion_builder_column fusion-builder-column-1 fusion_builder_column_1_3 1_3 fusion-one-third fusion-column-last\" style=\"--awb-bg-size:cover;width:33.333333333333%;width:calc(33.333333333333% - ( ( 4% ) * 0.33333333333333 ) );\"><div class=\"fusion-column-wrapper fusion-column-has-shadow fusion-flex-column-wrapper-legacy\"><div class=\"fusion-widget-area awb-widget-area-element fusion-widget-area-1 fusion-content-widget-area\" style=\"--awb-title-size:20px;--awb-title-color:#333333;--awb-padding:0px 0px 0px 0px;\"><style type=\"text\/css\" data-id=\"tweets-widget-2\">#tweets-widget-2 li { border-color:#eaeaea;}<\/style><section id=\"tweets-widget-2\" class=\"widget tweets\" style=\"border-style: solid;border-color: #eaeaea;border-color:transparent;border-width:0px;\">\t\t\t\t\n\t\t<div style=\"overflow:hidden\">\n\t\t\t\t\t\t\t\t\t\t\t<a class=\"twitter-timeline\" data-dnt=\"true\" href=\"https:\/\/twitter.com\/@EPEN_Informa\" data-width=\"500\" data-height=\"300\" width=\"500\" height=\"300\" data-theme=\"light\" data-link-color=\"##25a9bd\" data-border-color=\"#eaeaea\" data-chrome=\"\">Tweets por @EPEN_Informa<\/a>\n\t\t\t\t\t\t\t\n\t\t\t\t\t\t\t\t\t\t\t<script async src=\"\/\/platform.twitter.com\/widgets.js\" charset=\"utf-8\"><\/script>\n\t\t\t\t\t\t\t\n\t\t<\/div>\n\t\t<\/section>\n\t\t<section id=\"recent-posts-3\" class=\"widget widget_recent_entries\" style=\"border-style: solid;border-color:transparent;border-width:0px;\">\n\t\t<div class=\"heading\"><h4 class=\"widget-title\">Entradas recientes<\/h4><\/div>\n\t\t<ul>\n\t\t\t\t\t\t\t\t\t\t\t<li>\n\t\t\t\t\t<a href=\"https:\/\/www.epen.gov.ar\/index.php\/2026\/04\/30\/licitacion-publica-n-14-2026-contratacion-de-servicios-de-desarrollo-y-mantenimiento-de-sistemas-informaticos\/\">LICITACI\u00d3N P\u00daBLICA N\u00b0 14\/2026 CONTRATACI\u00d3N DE SERVICIOS DE DESARROLLO Y MANTENIMIENTO DE SISTEMAS INFORM\u00c1TICOS<\/a>\n\t\t\t\t\t\t\t\t\t\t\t<span class=\"post-date\">30\/04\/2026<\/span>\n\t\t\t\t\t\t\t\t\t<\/li>\n\t\t\t\t\t\t\t\t\t\t\t<li>\n\t\t\t\t\t<a href=\"https:\/\/www.epen.gov.ar\/index.php\/2026\/04\/29\/corte-programado-en-sectores-de-centenario-el-30-04-2026\/\">Corte Programado en sectores de Centenario el 30\/04\/2026<\/a>\n\t\t\t\t\t\t\t\t\t\t\t<span class=\"post-date\">29\/04\/2026<\/span>\n\t\t\t\t\t\t\t\t\t<\/li>\n\t\t\t\t\t\t\t\t\t\t\t<li>\n\t\t\t\t\t<a href=\"https:\/\/www.epen.gov.ar\/index.php\/2026\/04\/28\/el-epen-impulsa-el-desarrollo-de-varvarco-con-nueva-infraestructura-para-17-lotes\/\">El EPEN impulsa el desarrollo de Varvarco con nueva infraestructura para 17 lotes<\/a>\n\t\t\t\t\t\t\t\t\t\t\t<span class=\"post-date\">28\/04\/2026<\/span>\n\t\t\t\t\t\t\t\t\t<\/li>\n\t\t\t\t\t\t\t\t\t\t\t<li>\n\t\t\t\t\t<a href=\"https:\/\/www.epen.gov.ar\/index.php\/2026\/04\/28\/corte-programado-en-sectores-de-zona-nahueve-el-30-04-2026\/\">Corte Programado en sectores de zona Nahueve el 30\/04\/2026<\/a>\n\t\t\t\t\t\t\t\t\t\t\t<span class=\"post-date\">28\/04\/2026<\/span>\n\t\t\t\t\t\t\t\t\t<\/li>\n\t\t\t\t\t\t\t\t\t\t\t<li>\n\t\t\t\t\t<a href=\"https:\/\/www.epen.gov.ar\/index.php\/2026\/04\/24\/corte-programado-en-sectores-de-san-martin-de-los-andes-el-25-04-2026\/\">Corte Programado en sectores de San Mart\u00edn de los Andes el 25\/04\/2026<\/a>\n\t\t\t\t\t\t\t\t\t\t\t<span class=\"post-date\">24\/04\/2026<\/span>\n\t\t\t\t\t\t\t\t\t<\/li>\n\t\t\t\t\t<\/ul>\n\n\t\t<\/section><div class=\"fusion-additional-widget-content\"><\/div><\/div><div class=\"fusion-clearfix\"><\/div><\/div><\/div><\/div><\/div>\n","protected":false},"excerpt":{"rendered":"","protected":false},"author":1,"featured_media":59987,"comment_status":"closed","ping_status":"closed","sticky":false,"template":"","format":"standard","meta":{"_exactmetrics_skip_tracking":false,"_exactmetrics_sitenote_active":false,"_exactmetrics_sitenote_note":"","_exactmetrics_sitenote_category":0,"footnotes":""},"categories":[84],"tags":[371,175,195,372],"class_list":["post-59972","post","type-post","status-publish","format-standard","has-post-thumbnail","hentry","category-noticias","tag-bibliotecas-populares","tag-epen","tag-francisco-zambon","tag-marcelo-colonna"],"yoast_head":"<!-- This site is optimized with the Yoast SEO plugin v27.2 - https:\/\/yoast.com\/product\/yoast-seo-wordpress\/ -->\n<title>EPEN - Convenio para beneficiar a las Bibliotecas Populares de la provincia<\/title>\n<meta name=\"description\" content=\"Convenio para beneficiar a las Bibliotecas Populares de la provincia\" \/>\n<meta name=\"robots\" content=\"index, follow, max-snippet:-1, max-image-preview:large, max-video-preview:-1\" \/>\n<link rel=\"canonical\" href=\"https:\/\/www.epen.gov.ar\/index.php\/2022\/06\/03\/convenio-para-beneficiar-a-las-bibliotecas-populares-de-la-provincia\/\" \/>\n<meta property=\"og:locale\" content=\"es_ES\" \/>\n<meta property=\"og:type\" content=\"article\" \/>\n<meta property=\"og:title\" content=\"EPEN - Convenio para beneficiar a las Bibliotecas Populares de la provincia\" \/>\n<meta property=\"og:description\" content=\"Convenio para beneficiar a las Bibliotecas Populares de la provincia\" \/>\n<meta property=\"og:url\" content=\"https:\/\/www.epen.gov.ar\/index.php\/2022\/06\/03\/convenio-para-beneficiar-a-las-bibliotecas-populares-de-la-provincia\/\" \/>\n<meta property=\"og:site_name\" content=\"EPEN\" \/>\n<meta property=\"article:publisher\" content=\"https:\/\/www.facebook.com\/EPEN.Neuquen\" \/>\n<meta property=\"article:published_time\" content=\"2022-06-03T22:36:44+00:00\" \/>\n<meta property=\"article:modified_time\" content=\"2022-06-03T22:38:40+00:00\" \/>\n<meta property=\"og:image\" content=\"https:\/\/www.epen.gov.ar\/wp-content\/uploads\/2022\/06\/WhatsApp-Image-2022-06-03-at-1.17.10-PM.jpeg\" \/>\n\t<meta property=\"og:image:width\" content=\"1280\" \/>\n\t<meta property=\"og:image:height\" content=\"742\" \/>\n\t<meta property=\"og:image:type\" content=\"image\/jpeg\" \/>\n<meta name=\"author\" content=\"Prensa EPEN\" \/>\n<meta name=\"twitter:card\" content=\"summary_large_image\" \/>\n<meta name=\"twitter:creator\" content=\"@EPEN_Informa\" \/>\n<meta name=\"twitter:site\" content=\"@EPEN_Informa\" \/>\n<meta name=\"twitter:label1\" content=\"Escrito por\" \/>\n\t<meta name=\"twitter:data1\" content=\"Prensa EPEN\" \/>\n\t<meta name=\"twitter:label2\" content=\"Tiempo de lectura\" \/>\n\t<meta name=\"twitter:data2\" content=\"5 minutos\" \/>\n<script type=\"application\/ld+json\" class=\"yoast-schema-graph\">{\"@context\":\"https:\/\/schema.org\",\"@graph\":[{\"@type\":\"Article\",\"@id\":\"https:\/\/www.epen.gov.ar\/index.php\/2022\/06\/03\/convenio-para-beneficiar-a-las-bibliotecas-populares-de-la-provincia\/#article\",\"isPartOf\":{\"@id\":\"https:\/\/www.epen.gov.ar\/index.php\/2022\/06\/03\/convenio-para-beneficiar-a-las-bibliotecas-populares-de-la-provincia\/\"},\"author\":{\"name\":\"Prensa EPEN\",\"@id\":\"https:\/\/www.epen.gov.ar\/#\/schema\/person\/ce6cff87c2fc01264becc10fa105ad4f\"},\"headline\":\"Convenio para beneficiar a las Bibliotecas Populares de la provincia\",\"datePublished\":\"2022-06-03T22:36:44+00:00\",\"dateModified\":\"2022-06-03T22:38:40+00:00\",\"mainEntityOfPage\":{\"@id\":\"https:\/\/www.epen.gov.ar\/index.php\/2022\/06\/03\/convenio-para-beneficiar-a-las-bibliotecas-populares-de-la-provincia\/\"},\"wordCount\":1011,\"publisher\":{\"@id\":\"https:\/\/www.epen.gov.ar\/#organization\"},\"image\":{\"@id\":\"https:\/\/www.epen.gov.ar\/index.php\/2022\/06\/03\/convenio-para-beneficiar-a-las-bibliotecas-populares-de-la-provincia\/#primaryimage\"},\"thumbnailUrl\":\"https:\/\/www.epen.gov.ar\/wp-content\/uploads\/2022\/06\/WhatsApp-Image-2022-06-03-at-1.17.10-PM.jpeg\",\"keywords\":[\"Bibliotecas populares\",\"EPEN\",\"Francisco Zambon\",\"Marcelo Colonna\"],\"articleSection\":[\"Noticias\"],\"inLanguage\":\"es\"},{\"@type\":\"WebPage\",\"@id\":\"https:\/\/www.epen.gov.ar\/index.php\/2022\/06\/03\/convenio-para-beneficiar-a-las-bibliotecas-populares-de-la-provincia\/\",\"url\":\"https:\/\/www.epen.gov.ar\/index.php\/2022\/06\/03\/convenio-para-beneficiar-a-las-bibliotecas-populares-de-la-provincia\/\",\"name\":\"EPEN - Convenio para beneficiar a las Bibliotecas Populares de la provincia\",\"isPartOf\":{\"@id\":\"https:\/\/www.epen.gov.ar\/#website\"},\"primaryImageOfPage\":{\"@id\":\"https:\/\/www.epen.gov.ar\/index.php\/2022\/06\/03\/convenio-para-beneficiar-a-las-bibliotecas-populares-de-la-provincia\/#primaryimage\"},\"image\":{\"@id\":\"https:\/\/www.epen.gov.ar\/index.php\/2022\/06\/03\/convenio-para-beneficiar-a-las-bibliotecas-populares-de-la-provincia\/#primaryimage\"},\"thumbnailUrl\":\"https:\/\/www.epen.gov.ar\/wp-content\/uploads\/2022\/06\/WhatsApp-Image-2022-06-03-at-1.17.10-PM.jpeg\",\"datePublished\":\"2022-06-03T22:36:44+00:00\",\"dateModified\":\"2022-06-03T22:38:40+00:00\",\"description\":\"Convenio para beneficiar a las Bibliotecas Populares de la provincia\",\"breadcrumb\":{\"@id\":\"https:\/\/www.epen.gov.ar\/index.php\/2022\/06\/03\/convenio-para-beneficiar-a-las-bibliotecas-populares-de-la-provincia\/#breadcrumb\"},\"inLanguage\":\"es\",\"potentialAction\":[{\"@type\":\"ReadAction\",\"target\":[\"https:\/\/www.epen.gov.ar\/index.php\/2022\/06\/03\/convenio-para-beneficiar-a-las-bibliotecas-populares-de-la-provincia\/\"]}]},{\"@type\":\"ImageObject\",\"inLanguage\":\"es\",\"@id\":\"https:\/\/www.epen.gov.ar\/index.php\/2022\/06\/03\/convenio-para-beneficiar-a-las-bibliotecas-populares-de-la-provincia\/#primaryimage\",\"url\":\"https:\/\/www.epen.gov.ar\/wp-content\/uploads\/2022\/06\/WhatsApp-Image-2022-06-03-at-1.17.10-PM.jpeg\",\"contentUrl\":\"https:\/\/www.epen.gov.ar\/wp-content\/uploads\/2022\/06\/WhatsApp-Image-2022-06-03-at-1.17.10-PM.jpeg\",\"width\":1280,\"height\":742},{\"@type\":\"BreadcrumbList\",\"@id\":\"https:\/\/www.epen.gov.ar\/index.php\/2022\/06\/03\/convenio-para-beneficiar-a-las-bibliotecas-populares-de-la-provincia\/#breadcrumb\",\"itemListElement\":[{\"@type\":\"ListItem\",\"position\":1,\"name\":\"Inicio\",\"item\":\"https:\/\/www.epen.gov.ar\/\"},{\"@type\":\"ListItem\",\"position\":2,\"name\":\"Convenio para beneficiar a las Bibliotecas Populares de la provincia\"}]},{\"@type\":\"WebSite\",\"@id\":\"https:\/\/www.epen.gov.ar\/#website\",\"url\":\"https:\/\/www.epen.gov.ar\/\",\"name\":\"EPEN\",\"description\":\"Ente Provincial de Energ\u00eda del Neuqu\u00e9n\",\"publisher\":{\"@id\":\"https:\/\/www.epen.gov.ar\/#organization\"},\"potentialAction\":[{\"@type\":\"SearchAction\",\"target\":{\"@type\":\"EntryPoint\",\"urlTemplate\":\"https:\/\/www.epen.gov.ar\/?s={search_term_string}\"},\"query-input\":{\"@type\":\"PropertyValueSpecification\",\"valueRequired\":true,\"valueName\":\"search_term_string\"}}],\"inLanguage\":\"es\"},{\"@type\":\"Organization\",\"@id\":\"https:\/\/www.epen.gov.ar\/#organization\",\"name\":\"Ente Provincial de Energ\u00eda del Neuqu\u00e9n\",\"url\":\"https:\/\/www.epen.gov.ar\/\",\"logo\":{\"@type\":\"ImageObject\",\"inLanguage\":\"es\",\"@id\":\"https:\/\/www.epen.gov.ar\/#\/schema\/logo\/image\/\",\"url\":\"https:\/\/www.epen.gov.ar\/wp-content\/uploads\/2024\/02\/Logo-EPEN-2.jpg\",\"contentUrl\":\"https:\/\/www.epen.gov.ar\/wp-content\/uploads\/2024\/02\/Logo-EPEN-2.jpg\",\"width\":696,\"height\":696,\"caption\":\"Ente Provincial de Energ\u00eda del Neuqu\u00e9n\"},\"image\":{\"@id\":\"https:\/\/www.epen.gov.ar\/#\/schema\/logo\/image\/\"},\"sameAs\":[\"https:\/\/www.facebook.com\/EPEN.Neuquen\",\"https:\/\/x.com\/EPEN_Informa\",\"https:\/\/www.youtube.com\/@epenprensa7384\"]},{\"@type\":\"Person\",\"@id\":\"https:\/\/www.epen.gov.ar\/#\/schema\/person\/ce6cff87c2fc01264becc10fa105ad4f\",\"name\":\"Prensa EPEN\",\"image\":{\"@type\":\"ImageObject\",\"inLanguage\":\"es\",\"@id\":\"https:\/\/secure.gravatar.com\/avatar\/f8120b8688012ccf2d7fbcf7a970cfbabf0ab63b09c2dbd72c194bee080070e9?s=96&d=mm&r=g\",\"url\":\"https:\/\/secure.gravatar.com\/avatar\/f8120b8688012ccf2d7fbcf7a970cfbabf0ab63b09c2dbd72c194bee080070e9?s=96&d=mm&r=g\",\"contentUrl\":\"https:\/\/secure.gravatar.com\/avatar\/f8120b8688012ccf2d7fbcf7a970cfbabf0ab63b09c2dbd72c194bee080070e9?s=96&d=mm&r=g\",\"caption\":\"Prensa EPEN\"},\"url\":\"https:\/\/www.epen.gov.ar\/index.php\/author\/admin\/\"}]}<\/script>\n<!-- \/ Yoast SEO plugin. -->","yoast_head_json":{"title":"EPEN - Convenio para beneficiar a las Bibliotecas Populares de la provincia","description":"Convenio para beneficiar a las Bibliotecas Populares de la provincia","robots":{"index":"index","follow":"follow","max-snippet":"max-snippet:-1","max-image-preview":"max-image-preview:large","max-video-preview":"max-video-preview:-1"},"canonical":"https:\/\/www.epen.gov.ar\/index.php\/2022\/06\/03\/convenio-para-beneficiar-a-las-bibliotecas-populares-de-la-provincia\/","og_locale":"es_ES","og_type":"article","og_title":"EPEN - Convenio para beneficiar a las Bibliotecas Populares de la provincia","og_description":"Convenio para beneficiar a las Bibliotecas Populares de la provincia","og_url":"https:\/\/www.epen.gov.ar\/index.php\/2022\/06\/03\/convenio-para-beneficiar-a-las-bibliotecas-populares-de-la-provincia\/","og_site_name":"EPEN","article_publisher":"https:\/\/www.facebook.com\/EPEN.Neuquen","article_published_time":"2022-06-03T22:36:44+00:00","article_modified_time":"2022-06-03T22:38:40+00:00","og_image":[{"width":1280,"height":742,"url":"https:\/\/www.epen.gov.ar\/wp-content\/uploads\/2022\/06\/WhatsApp-Image-2022-06-03-at-1.17.10-PM.jpeg","type":"image\/jpeg"}],"author":"Prensa EPEN","twitter_card":"summary_large_image","twitter_creator":"@EPEN_Informa","twitter_site":"@EPEN_Informa","twitter_misc":{"Escrito por":"Prensa EPEN","Tiempo de lectura":"5 minutos"},"schema":{"@context":"https:\/\/schema.org","@graph":[{"@type":"Article","@id":"https:\/\/www.epen.gov.ar\/index.php\/2022\/06\/03\/convenio-para-beneficiar-a-las-bibliotecas-populares-de-la-provincia\/#article","isPartOf":{"@id":"https:\/\/www.epen.gov.ar\/index.php\/2022\/06\/03\/convenio-para-beneficiar-a-las-bibliotecas-populares-de-la-provincia\/"},"author":{"name":"Prensa EPEN","@id":"https:\/\/www.epen.gov.ar\/#\/schema\/person\/ce6cff87c2fc01264becc10fa105ad4f"},"headline":"Convenio para beneficiar a las Bibliotecas Populares de la provincia","datePublished":"2022-06-03T22:36:44+00:00","dateModified":"2022-06-03T22:38:40+00:00","mainEntityOfPage":{"@id":"https:\/\/www.epen.gov.ar\/index.php\/2022\/06\/03\/convenio-para-beneficiar-a-las-bibliotecas-populares-de-la-provincia\/"},"wordCount":1011,"publisher":{"@id":"https:\/\/www.epen.gov.ar\/#organization"},"image":{"@id":"https:\/\/www.epen.gov.ar\/index.php\/2022\/06\/03\/convenio-para-beneficiar-a-las-bibliotecas-populares-de-la-provincia\/#primaryimage"},"thumbnailUrl":"https:\/\/www.epen.gov.ar\/wp-content\/uploads\/2022\/06\/WhatsApp-Image-2022-06-03-at-1.17.10-PM.jpeg","keywords":["Bibliotecas populares","EPEN","Francisco Zambon","Marcelo Colonna"],"articleSection":["Noticias"],"inLanguage":"es"},{"@type":"WebPage","@id":"https:\/\/www.epen.gov.ar\/index.php\/2022\/06\/03\/convenio-para-beneficiar-a-las-bibliotecas-populares-de-la-provincia\/","url":"https:\/\/www.epen.gov.ar\/index.php\/2022\/06\/03\/convenio-para-beneficiar-a-las-bibliotecas-populares-de-la-provincia\/","name":"EPEN - Convenio para beneficiar a las Bibliotecas Populares de la provincia","isPartOf":{"@id":"https:\/\/www.epen.gov.ar\/#website"},"primaryImageOfPage":{"@id":"https:\/\/www.epen.gov.ar\/index.php\/2022\/06\/03\/convenio-para-beneficiar-a-las-bibliotecas-populares-de-la-provincia\/#primaryimage"},"image":{"@id":"https:\/\/www.epen.gov.ar\/index.php\/2022\/06\/03\/convenio-para-beneficiar-a-las-bibliotecas-populares-de-la-provincia\/#primaryimage"},"thumbnailUrl":"https:\/\/www.epen.gov.ar\/wp-content\/uploads\/2022\/06\/WhatsApp-Image-2022-06-03-at-1.17.10-PM.jpeg","datePublished":"2022-06-03T22:36:44+00:00","dateModified":"2022-06-03T22:38:40+00:00","description":"Convenio para beneficiar a las Bibliotecas Populares de la provincia","breadcrumb":{"@id":"https:\/\/www.epen.gov.ar\/index.php\/2022\/06\/03\/convenio-para-beneficiar-a-las-bibliotecas-populares-de-la-provincia\/#breadcrumb"},"inLanguage":"es","potentialAction":[{"@type":"ReadAction","target":["https:\/\/www.epen.gov.ar\/index.php\/2022\/06\/03\/convenio-para-beneficiar-a-las-bibliotecas-populares-de-la-provincia\/"]}]},{"@type":"ImageObject","inLanguage":"es","@id":"https:\/\/www.epen.gov.ar\/index.php\/2022\/06\/03\/convenio-para-beneficiar-a-las-bibliotecas-populares-de-la-provincia\/#primaryimage","url":"https:\/\/www.epen.gov.ar\/wp-content\/uploads\/2022\/06\/WhatsApp-Image-2022-06-03-at-1.17.10-PM.jpeg","contentUrl":"https:\/\/www.epen.gov.ar\/wp-content\/uploads\/2022\/06\/WhatsApp-Image-2022-06-03-at-1.17.10-PM.jpeg","width":1280,"height":742},{"@type":"BreadcrumbList","@id":"https:\/\/www.epen.gov.ar\/index.php\/2022\/06\/03\/convenio-para-beneficiar-a-las-bibliotecas-populares-de-la-provincia\/#breadcrumb","itemListElement":[{"@type":"ListItem","position":1,"name":"Inicio","item":"https:\/\/www.epen.gov.ar\/"},{"@type":"ListItem","position":2,"name":"Convenio para beneficiar a las Bibliotecas Populares de la provincia"}]},{"@type":"WebSite","@id":"https:\/\/www.epen.gov.ar\/#website","url":"https:\/\/www.epen.gov.ar\/","name":"EPEN","description":"Ente Provincial de Energ\u00eda del Neuqu\u00e9n","publisher":{"@id":"https:\/\/www.epen.gov.ar\/#organization"},"potentialAction":[{"@type":"SearchAction","target":{"@type":"EntryPoint","urlTemplate":"https:\/\/www.epen.gov.ar\/?s={search_term_string}"},"query-input":{"@type":"PropertyValueSpecification","valueRequired":true,"valueName":"search_term_string"}}],"inLanguage":"es"},{"@type":"Organization","@id":"https:\/\/www.epen.gov.ar\/#organization","name":"Ente Provincial de Energ\u00eda del Neuqu\u00e9n","url":"https:\/\/www.epen.gov.ar\/","logo":{"@type":"ImageObject","inLanguage":"es","@id":"https:\/\/www.epen.gov.ar\/#\/schema\/logo\/image\/","url":"https:\/\/www.epen.gov.ar\/wp-content\/uploads\/2024\/02\/Logo-EPEN-2.jpg","contentUrl":"https:\/\/www.epen.gov.ar\/wp-content\/uploads\/2024\/02\/Logo-EPEN-2.jpg","width":696,"height":696,"caption":"Ente Provincial de Energ\u00eda del Neuqu\u00e9n"},"image":{"@id":"https:\/\/www.epen.gov.ar\/#\/schema\/logo\/image\/"},"sameAs":["https:\/\/www.facebook.com\/EPEN.Neuquen","https:\/\/x.com\/EPEN_Informa","https:\/\/www.youtube.com\/@epenprensa7384"]},{"@type":"Person","@id":"https:\/\/www.epen.gov.ar\/#\/schema\/person\/ce6cff87c2fc01264becc10fa105ad4f","name":"Prensa EPEN","image":{"@type":"ImageObject","inLanguage":"es","@id":"https:\/\/secure.gravatar.com\/avatar\/f8120b8688012ccf2d7fbcf7a970cfbabf0ab63b09c2dbd72c194bee080070e9?s=96&d=mm&r=g","url":"https:\/\/secure.gravatar.com\/avatar\/f8120b8688012ccf2d7fbcf7a970cfbabf0ab63b09c2dbd72c194bee080070e9?s=96&d=mm&r=g","contentUrl":"https:\/\/secure.gravatar.com\/avatar\/f8120b8688012ccf2d7fbcf7a970cfbabf0ab63b09c2dbd72c194bee080070e9?s=96&d=mm&r=g","caption":"Prensa EPEN"},"url":"https:\/\/www.epen.gov.ar\/index.php\/author\/admin\/"}]}},"_links":{"self":[{"href":"https:\/\/www.epen.gov.ar\/index.php\/wp-json\/wp\/v2\/posts\/59972","targetHints":{"allow":["GET"]}}],"collection":[{"href":"https:\/\/www.epen.gov.ar\/index.php\/wp-json\/wp\/v2\/posts"}],"about":[{"href":"https:\/\/www.epen.gov.ar\/index.php\/wp-json\/wp\/v2\/types\/post"}],"author":[{"embeddable":true,"href":"https:\/\/www.epen.gov.ar\/index.php\/wp-json\/wp\/v2\/users\/1"}],"replies":[{"embeddable":true,"href":"https:\/\/www.epen.gov.ar\/index.php\/wp-json\/wp\/v2\/comments?post=59972"}],"version-history":[{"count":4,"href":"https:\/\/www.epen.gov.ar\/index.php\/wp-json\/wp\/v2\/posts\/59972\/revisions"}],"predecessor-version":[{"id":71143,"href":"https:\/\/www.epen.gov.ar\/index.php\/wp-json\/wp\/v2\/posts\/59972\/revisions\/71143"}],"wp:featuredmedia":[{"embeddable":true,"href":"https:\/\/www.epen.gov.ar\/index.php\/wp-json\/wp\/v2\/media\/59987"}],"wp:attachment":[{"href":"https:\/\/www.epen.gov.ar\/index.php\/wp-json\/wp\/v2\/media?parent=59972"}],"wp:term":[{"taxonomy":"category","embeddable":true,"href":"https:\/\/www.epen.gov.ar\/index.php\/wp-json\/wp\/v2\/categories?post=59972"},{"taxonomy":"post_tag","embeddable":true,"href":"https:\/\/www.epen.gov.ar\/index.php\/wp-json\/wp\/v2\/tags?post=59972"}],"curies":[{"name":"wp","href":"https:\/\/api.w.org\/{rel}","templated":true}]}}