{"id":59930,"date":"2022-06-03T01:01:36","date_gmt":"2022-06-03T04:01:36","guid":{"rendered":"http:\/\/192.168.200.48\/?p=59930"},"modified":"2022-06-03T01:01:36","modified_gmt":"2022-06-03T04:01:36","slug":"mujeres-del-epen-compartieron-la-primera-jornada-del-encuentro-de-trabajadoras","status":"publish","type":"post","link":"https:\/\/www.epen.gov.ar\/index.php\/2022\/06\/03\/mujeres-del-epen-compartieron-la-primera-jornada-del-encuentro-de-trabajadoras\/","title":{"rendered":"Mujeres del EPEN compartieron la primera jornada del \u201cEncuentro de Trabajadoras\u201d"},"content":{"rendered":"<div class=\"fusion-fullwidth fullwidth-box fusion-builder-row-1 nonhundred-percent-fullwidth non-hundred-percent-height-scrolling\" style=\"--awb-border-radius-top-left:0px;--awb-border-radius-top-right:0px;--awb-border-radius-bottom-right:0px;--awb-border-radius-bottom-left:0px;--awb-flex-wrap:wrap;\" ><div class=\"fusion-builder-row fusion-row\"><div class=\"fusion-layout-column fusion_builder_column fusion-builder-column-0 fusion_builder_column_2_3 2_3 fusion-two-third fusion-column-first\" style=\"--awb-bg-size:cover;width:66.666666666667%;width:calc(66.666666666667% - ( ( 4% ) * 0.66666666666667 ) );margin-right: 4%;\"><div class=\"fusion-column-wrapper fusion-column-has-shadow fusion-flex-column-wrapper-legacy\"><div class=\"fusion-text fusion-text-1\"><p><em>M\u00e1s de 110 mujeres de toda la provincia se congregaron con el objetivo de visibilizar el rol de la mujer en el sector energ\u00e9tico y jerarquizar su desarrollo profesional y laboral.<\/em><\/p>\n<p>Ayer jueves 2 de junio y con la participaci\u00f3n de m\u00e1s de 110 mujeres, concluy\u00f3 la primera jornada del Encuentro de Trabajadoras del EPEN, que cont\u00f3 con la presencia del Secretario general y Servicios P\u00fablicos Leonel Dacharry, la Ministra de Mujeres y Diversidad Maria Eugenia Ferrareso, el Presidente del EPEN Francisco Zambon, el Director por las y los Trabajadores Mario Chiappe, y todo el Comit\u00e9 Ejecutivo de la empresa provincial.<\/p>\n<p>Propiciado por primera vez en la empresa de energ\u00eda provincial, la primera jornada del Encuentro de Trabajadoras tuvo como eje la conformaci\u00f3n de la mesa plenaria: \u201cLa Industria Energ\u00e9tica y el Rol de la Mujer\u00bb que reflej\u00f3 con cada testimonio el rol que han asumido las mujeres en el sector energ\u00e9tico en los \u00faltimos a\u00f1os, que es uno de los principales motores de la econom\u00eda, incluso incursionando en el sector de las energ\u00edas renovables, con un gran futuro por delante.<\/p>\n<p>Las trabajadoras asistieron al evento en Neuqu\u00e9n capital, provenientes de distintas localidades del interior provincial desde las cuales el EPEN presta el servicio y se desarrollan diferentes tareas. Las propuestas y consideraciones se unificaron en el mensaje de poder achicar la brecha de g\u00e9nero en el desarrollo profesional y laboral.<\/p>\n<p>Hoy viernes 3 de junio,\u00a0 durante la segunda jornada del Encuentro, se espera la conformaci\u00f3n de una mesa plenaria: \u201cLas mujeres y la conquista de las pol\u00edticas p\u00fablicas\u201d que contar\u00e1 con las panelistas invitadas: Andrea Ib\u00e1\u00f1ez, directora provincial de Fortalecimiento de Derechos de las Mujeres, Patricia Fern\u00e1ndez de Andreani, abogada especialista en Derecho Societario y Cooperativo, Estela Cavazzoli: Referente del Movimiento de Mujeres del Neuqu\u00e9n y Andrea Gatica, secretaria de Finanzas de ATE.<\/p>\n<p>Luego se realizar\u00e1 una ronda de talleres con debates, para generar propuestas en com\u00fan y conclusiones que puedan seguir trabaj\u00e1ndose dentro de la empresa. La jornada finalizar\u00e1 con la invitaci\u00f3n a la marcha que se realizar\u00e1 en la ciudad de Neuqu\u00e9n por la campa\u00f1a \u201cNi una menos\u201d, un d\u00eda de reflexi\u00f3n y lucha sobre las violencias por motivos de g\u00e9nero, que tiene su punto m\u00e1s extremo en los femicidios.<\/p>\n<\/div><div class=\"fusion-clearfix\"><\/div><\/div><\/div><div class=\"fusion-layout-column fusion_builder_column fusion-builder-column-1 fusion_builder_column_1_3 1_3 fusion-one-third fusion-column-last\" style=\"--awb-bg-size:cover;width:33.333333333333%;width:calc(33.333333333333% - ( ( 4% ) * 0.33333333333333 ) );\"><div class=\"fusion-column-wrapper fusion-column-has-shadow fusion-flex-column-wrapper-legacy\"><div class=\"fusion-widget-area awb-widget-area-element fusion-widget-area-1 fusion-content-widget-area\" style=\"--awb-title-size:20px;--awb-title-color:#333333;--awb-padding:0px 0px 0px 0px;\"><style type=\"text\/css\" data-id=\"tweets-widget-2\">#tweets-widget-2 li { border-color:#eaeaea;}<\/style><section id=\"tweets-widget-2\" class=\"widget tweets\" style=\"border-style: solid;border-color: #eaeaea;border-color:transparent;border-width:0px;\">\t\t\t\t\n\t\t<div style=\"overflow:hidden\">\n\t\t\t\t\t\t\t\t\t\t\t<a class=\"twitter-timeline\" data-dnt=\"true\" href=\"https:\/\/twitter.com\/@EPEN_Informa\" data-width=\"500\" data-height=\"300\" width=\"500\" height=\"300\" data-theme=\"light\" data-link-color=\"##25a9bd\" data-border-color=\"#eaeaea\" data-chrome=\"\">Tweets por @EPEN_Informa<\/a>\n\t\t\t\t\t\t\t\n\t\t\t\t\t\t\t\t\t\t\t<script async src=\"\/\/platform.twitter.com\/widgets.js\" charset=\"utf-8\"><\/script>\n\t\t\t\t\t\t\t\n\t\t<\/div>\n\t\t<\/section>\n\t\t<section id=\"recent-posts-3\" class=\"widget widget_recent_entries\" style=\"border-style: solid;border-color:transparent;border-width:0px;\">\n\t\t<div class=\"heading\"><h4 class=\"widget-title\">Entradas recientes<\/h4><\/div>\n\t\t<ul>\n\t\t\t\t\t\t\t\t\t\t\t<li>\n\t\t\t\t\t<a href=\"https:\/\/www.epen.gov.ar\/index.php\/2026\/04\/29\/corte-programado-en-sectores-de-centenario-el-30-04-2026\/\">Corte Programado en sectores de Centenario el 30\/04\/2026<\/a>\n\t\t\t\t\t\t\t\t\t\t\t<span class=\"post-date\">29\/04\/2026<\/span>\n\t\t\t\t\t\t\t\t\t<\/li>\n\t\t\t\t\t\t\t\t\t\t\t<li>\n\t\t\t\t\t<a href=\"https:\/\/www.epen.gov.ar\/index.php\/2026\/04\/28\/el-epen-impulsa-el-desarrollo-de-varvarco-con-nueva-infraestructura-para-17-lotes\/\">El EPEN impulsa el desarrollo de Varvarco con nueva infraestructura para 17 lotes<\/a>\n\t\t\t\t\t\t\t\t\t\t\t<span class=\"post-date\">28\/04\/2026<\/span>\n\t\t\t\t\t\t\t\t\t<\/li>\n\t\t\t\t\t\t\t\t\t\t\t<li>\n\t\t\t\t\t<a href=\"https:\/\/www.epen.gov.ar\/index.php\/2026\/04\/28\/corte-programado-en-sectores-de-zona-nahueve-el-30-04-2026\/\">Corte Programado en sectores de zona Nahueve el 30\/04\/2026<\/a>\n\t\t\t\t\t\t\t\t\t\t\t<span class=\"post-date\">28\/04\/2026<\/span>\n\t\t\t\t\t\t\t\t\t<\/li>\n\t\t\t\t\t\t\t\t\t\t\t<li>\n\t\t\t\t\t<a href=\"https:\/\/www.epen.gov.ar\/index.php\/2026\/04\/24\/corte-programado-en-sectores-de-san-martin-de-los-andes-el-25-04-2026\/\">Corte Programado en sectores de San Mart\u00edn de los Andes el 25\/04\/2026<\/a>\n\t\t\t\t\t\t\t\t\t\t\t<span class=\"post-date\">24\/04\/2026<\/span>\n\t\t\t\t\t\t\t\t\t<\/li>\n\t\t\t\t\t\t\t\t\t\t\t<li>\n\t\t\t\t\t<a href=\"https:\/\/www.epen.gov.ar\/index.php\/2026\/04\/24\/corte-programado-en-sectores-de-centenario-el-25-04-2026\/\">Corte Programado en sectores de Centenario el 25\/04\/2026<\/a>\n\t\t\t\t\t\t\t\t\t\t\t<span class=\"post-date\">24\/04\/2026<\/span>\n\t\t\t\t\t\t\t\t\t<\/li>\n\t\t\t\t\t<\/ul>\n\n\t\t<\/section><div class=\"fusion-additional-widget-content\"><\/div><\/div><div class=\"fusion-clearfix\"><\/div><\/div><\/div><\/div><\/div>\n","protected":false},"excerpt":{"rendered":"","protected":false},"author":1,"featured_media":59943,"comment_status":"closed","ping_status":"closed","sticky":false,"template":"","format":"standard","meta":{"_exactmetrics_skip_tracking":false,"_exactmetrics_sitenote_active":false,"_exactmetrics_sitenote_note":"","_exactmetrics_sitenote_category":0,"footnotes":""},"categories":[84],"tags":[369,368,370],"class_list":["post-59930","post","type-post","status-publish","format-standard","has-post-thumbnail","hentry","category-noticias","tag-encuentrodetrabajadoras","tag-mujeres","tag-mujeresdelepen"],"yoast_head":"<!-- This site is optimized with the Yoast SEO plugin v27.2 - https:\/\/yoast.com\/product\/yoast-seo-wordpress\/ -->\n<title>EPEN - Mujeres del EPEN compartieron la primera jornada del \u201cEncuentro de Trabajadoras\u201d<\/title>\n<meta name=\"description\" content=\"Mujeres del EPEN compartieron la primera jornada del \u201cEncuentro de Trabajadoras\u201d\" \/>\n<meta name=\"robots\" content=\"index, follow, max-snippet:-1, max-image-preview:large, max-video-preview:-1\" \/>\n<link rel=\"canonical\" href=\"https:\/\/www.epen.gov.ar\/index.php\/2022\/06\/03\/mujeres-del-epen-compartieron-la-primera-jornada-del-encuentro-de-trabajadoras\/\" \/>\n<meta property=\"og:locale\" content=\"es_ES\" \/>\n<meta property=\"og:type\" content=\"article\" \/>\n<meta property=\"og:title\" content=\"EPEN - Mujeres del EPEN compartieron la primera jornada del \u201cEncuentro de Trabajadoras\u201d\" \/>\n<meta property=\"og:description\" content=\"Mujeres del EPEN compartieron la primera jornada del \u201cEncuentro de Trabajadoras\u201d\" \/>\n<meta property=\"og:url\" content=\"https:\/\/www.epen.gov.ar\/index.php\/2022\/06\/03\/mujeres-del-epen-compartieron-la-primera-jornada-del-encuentro-de-trabajadoras\/\" \/>\n<meta property=\"og:site_name\" content=\"EPEN\" \/>\n<meta property=\"article:publisher\" content=\"https:\/\/www.facebook.com\/EPEN.Neuquen\" \/>\n<meta property=\"article:published_time\" content=\"2022-06-03T04:01:36+00:00\" \/>\n<meta property=\"og:image\" content=\"https:\/\/www.epen.gov.ar\/wp-content\/uploads\/2022\/06\/Encuentro-mujeres-EPEN-scaled.jpg\" \/>\n\t<meta property=\"og:image:width\" content=\"2560\" \/>\n\t<meta property=\"og:image:height\" content=\"1581\" \/>\n\t<meta property=\"og:image:type\" content=\"image\/jpeg\" \/>\n<meta name=\"author\" content=\"Prensa EPEN\" \/>\n<meta name=\"twitter:card\" content=\"summary_large_image\" \/>\n<meta name=\"twitter:creator\" content=\"@EPEN_Informa\" \/>\n<meta name=\"twitter:site\" content=\"@EPEN_Informa\" \/>\n<meta name=\"twitter:label1\" content=\"Escrito por\" \/>\n\t<meta name=\"twitter:data1\" content=\"Prensa EPEN\" \/>\n\t<meta name=\"twitter:label2\" content=\"Tiempo de lectura\" \/>\n\t<meta name=\"twitter:data2\" content=\"4 minutos\" \/>\n<script type=\"application\/ld+json\" class=\"yoast-schema-graph\">{\"@context\":\"https:\/\/schema.org\",\"@graph\":[{\"@type\":\"Article\",\"@id\":\"https:\/\/www.epen.gov.ar\/index.php\/2022\/06\/03\/mujeres-del-epen-compartieron-la-primera-jornada-del-encuentro-de-trabajadoras\/#article\",\"isPartOf\":{\"@id\":\"https:\/\/www.epen.gov.ar\/index.php\/2022\/06\/03\/mujeres-del-epen-compartieron-la-primera-jornada-del-encuentro-de-trabajadoras\/\"},\"author\":{\"name\":\"Prensa EPEN\",\"@id\":\"https:\/\/www.epen.gov.ar\/#\/schema\/person\/ce6cff87c2fc01264becc10fa105ad4f\"},\"headline\":\"Mujeres del EPEN compartieron la primera jornada del \u201cEncuentro de Trabajadoras\u201d\",\"datePublished\":\"2022-06-03T04:01:36+00:00\",\"mainEntityOfPage\":{\"@id\":\"https:\/\/www.epen.gov.ar\/index.php\/2022\/06\/03\/mujeres-del-epen-compartieron-la-primera-jornada-del-encuentro-de-trabajadoras\/\"},\"wordCount\":833,\"publisher\":{\"@id\":\"https:\/\/www.epen.gov.ar\/#organization\"},\"image\":{\"@id\":\"https:\/\/www.epen.gov.ar\/index.php\/2022\/06\/03\/mujeres-del-epen-compartieron-la-primera-jornada-del-encuentro-de-trabajadoras\/#primaryimage\"},\"thumbnailUrl\":\"https:\/\/www.epen.gov.ar\/wp-content\/uploads\/2022\/06\/Encuentro-mujeres-EPEN-scaled.jpg\",\"keywords\":[\"#EncuentroDeTrabajadoras\",\"#Mujeres\",\"#MujeresDelEPEN\"],\"articleSection\":[\"Noticias\"],\"inLanguage\":\"es\"},{\"@type\":\"WebPage\",\"@id\":\"https:\/\/www.epen.gov.ar\/index.php\/2022\/06\/03\/mujeres-del-epen-compartieron-la-primera-jornada-del-encuentro-de-trabajadoras\/\",\"url\":\"https:\/\/www.epen.gov.ar\/index.php\/2022\/06\/03\/mujeres-del-epen-compartieron-la-primera-jornada-del-encuentro-de-trabajadoras\/\",\"name\":\"EPEN - Mujeres del EPEN compartieron la primera jornada del \u201cEncuentro de Trabajadoras\u201d\",\"isPartOf\":{\"@id\":\"https:\/\/www.epen.gov.ar\/#website\"},\"primaryImageOfPage\":{\"@id\":\"https:\/\/www.epen.gov.ar\/index.php\/2022\/06\/03\/mujeres-del-epen-compartieron-la-primera-jornada-del-encuentro-de-trabajadoras\/#primaryimage\"},\"image\":{\"@id\":\"https:\/\/www.epen.gov.ar\/index.php\/2022\/06\/03\/mujeres-del-epen-compartieron-la-primera-jornada-del-encuentro-de-trabajadoras\/#primaryimage\"},\"thumbnailUrl\":\"https:\/\/www.epen.gov.ar\/wp-content\/uploads\/2022\/06\/Encuentro-mujeres-EPEN-scaled.jpg\",\"datePublished\":\"2022-06-03T04:01:36+00:00\",\"description\":\"Mujeres del EPEN compartieron la primera jornada del \u201cEncuentro de Trabajadoras\u201d\",\"breadcrumb\":{\"@id\":\"https:\/\/www.epen.gov.ar\/index.php\/2022\/06\/03\/mujeres-del-epen-compartieron-la-primera-jornada-del-encuentro-de-trabajadoras\/#breadcrumb\"},\"inLanguage\":\"es\",\"potentialAction\":[{\"@type\":\"ReadAction\",\"target\":[\"https:\/\/www.epen.gov.ar\/index.php\/2022\/06\/03\/mujeres-del-epen-compartieron-la-primera-jornada-del-encuentro-de-trabajadoras\/\"]}]},{\"@type\":\"ImageObject\",\"inLanguage\":\"es\",\"@id\":\"https:\/\/www.epen.gov.ar\/index.php\/2022\/06\/03\/mujeres-del-epen-compartieron-la-primera-jornada-del-encuentro-de-trabajadoras\/#primaryimage\",\"url\":\"https:\/\/www.epen.gov.ar\/wp-content\/uploads\/2022\/06\/Encuentro-mujeres-EPEN-scaled.jpg\",\"contentUrl\":\"https:\/\/www.epen.gov.ar\/wp-content\/uploads\/2022\/06\/Encuentro-mujeres-EPEN-scaled.jpg\",\"width\":2560,\"height\":1581},{\"@type\":\"BreadcrumbList\",\"@id\":\"https:\/\/www.epen.gov.ar\/index.php\/2022\/06\/03\/mujeres-del-epen-compartieron-la-primera-jornada-del-encuentro-de-trabajadoras\/#breadcrumb\",\"itemListElement\":[{\"@type\":\"ListItem\",\"position\":1,\"name\":\"Inicio\",\"item\":\"https:\/\/www.epen.gov.ar\/\"},{\"@type\":\"ListItem\",\"position\":2,\"name\":\"Mujeres del EPEN compartieron la primera jornada del \u201cEncuentro de Trabajadoras\u201d\"}]},{\"@type\":\"WebSite\",\"@id\":\"https:\/\/www.epen.gov.ar\/#website\",\"url\":\"https:\/\/www.epen.gov.ar\/\",\"name\":\"EPEN\",\"description\":\"Ente Provincial de Energ\u00eda del Neuqu\u00e9n\",\"publisher\":{\"@id\":\"https:\/\/www.epen.gov.ar\/#organization\"},\"potentialAction\":[{\"@type\":\"SearchAction\",\"target\":{\"@type\":\"EntryPoint\",\"urlTemplate\":\"https:\/\/www.epen.gov.ar\/?s={search_term_string}\"},\"query-input\":{\"@type\":\"PropertyValueSpecification\",\"valueRequired\":true,\"valueName\":\"search_term_string\"}}],\"inLanguage\":\"es\"},{\"@type\":\"Organization\",\"@id\":\"https:\/\/www.epen.gov.ar\/#organization\",\"name\":\"Ente Provincial de Energ\u00eda del Neuqu\u00e9n\",\"url\":\"https:\/\/www.epen.gov.ar\/\",\"logo\":{\"@type\":\"ImageObject\",\"inLanguage\":\"es\",\"@id\":\"https:\/\/www.epen.gov.ar\/#\/schema\/logo\/image\/\",\"url\":\"https:\/\/www.epen.gov.ar\/wp-content\/uploads\/2024\/02\/Logo-EPEN-2.jpg\",\"contentUrl\":\"https:\/\/www.epen.gov.ar\/wp-content\/uploads\/2024\/02\/Logo-EPEN-2.jpg\",\"width\":696,\"height\":696,\"caption\":\"Ente Provincial de Energ\u00eda del Neuqu\u00e9n\"},\"image\":{\"@id\":\"https:\/\/www.epen.gov.ar\/#\/schema\/logo\/image\/\"},\"sameAs\":[\"https:\/\/www.facebook.com\/EPEN.Neuquen\",\"https:\/\/x.com\/EPEN_Informa\",\"https:\/\/www.youtube.com\/@epenprensa7384\"]},{\"@type\":\"Person\",\"@id\":\"https:\/\/www.epen.gov.ar\/#\/schema\/person\/ce6cff87c2fc01264becc10fa105ad4f\",\"name\":\"Prensa EPEN\",\"image\":{\"@type\":\"ImageObject\",\"inLanguage\":\"es\",\"@id\":\"https:\/\/secure.gravatar.com\/avatar\/f8120b8688012ccf2d7fbcf7a970cfbabf0ab63b09c2dbd72c194bee080070e9?s=96&d=mm&r=g\",\"url\":\"https:\/\/secure.gravatar.com\/avatar\/f8120b8688012ccf2d7fbcf7a970cfbabf0ab63b09c2dbd72c194bee080070e9?s=96&d=mm&r=g\",\"contentUrl\":\"https:\/\/secure.gravatar.com\/avatar\/f8120b8688012ccf2d7fbcf7a970cfbabf0ab63b09c2dbd72c194bee080070e9?s=96&d=mm&r=g\",\"caption\":\"Prensa EPEN\"},\"url\":\"https:\/\/www.epen.gov.ar\/index.php\/author\/admin\/\"}]}<\/script>\n<!-- \/ Yoast SEO plugin. -->","yoast_head_json":{"title":"EPEN - Mujeres del EPEN compartieron la primera jornada del \u201cEncuentro de Trabajadoras\u201d","description":"Mujeres del EPEN compartieron la primera jornada del \u201cEncuentro de Trabajadoras\u201d","robots":{"index":"index","follow":"follow","max-snippet":"max-snippet:-1","max-image-preview":"max-image-preview:large","max-video-preview":"max-video-preview:-1"},"canonical":"https:\/\/www.epen.gov.ar\/index.php\/2022\/06\/03\/mujeres-del-epen-compartieron-la-primera-jornada-del-encuentro-de-trabajadoras\/","og_locale":"es_ES","og_type":"article","og_title":"EPEN - Mujeres del EPEN compartieron la primera jornada del \u201cEncuentro de Trabajadoras\u201d","og_description":"Mujeres del EPEN compartieron la primera jornada del \u201cEncuentro de Trabajadoras\u201d","og_url":"https:\/\/www.epen.gov.ar\/index.php\/2022\/06\/03\/mujeres-del-epen-compartieron-la-primera-jornada-del-encuentro-de-trabajadoras\/","og_site_name":"EPEN","article_publisher":"https:\/\/www.facebook.com\/EPEN.Neuquen","article_published_time":"2022-06-03T04:01:36+00:00","og_image":[{"width":2560,"height":1581,"url":"https:\/\/www.epen.gov.ar\/wp-content\/uploads\/2022\/06\/Encuentro-mujeres-EPEN-scaled.jpg","type":"image\/jpeg"}],"author":"Prensa EPEN","twitter_card":"summary_large_image","twitter_creator":"@EPEN_Informa","twitter_site":"@EPEN_Informa","twitter_misc":{"Escrito por":"Prensa EPEN","Tiempo de lectura":"4 minutos"},"schema":{"@context":"https:\/\/schema.org","@graph":[{"@type":"Article","@id":"https:\/\/www.epen.gov.ar\/index.php\/2022\/06\/03\/mujeres-del-epen-compartieron-la-primera-jornada-del-encuentro-de-trabajadoras\/#article","isPartOf":{"@id":"https:\/\/www.epen.gov.ar\/index.php\/2022\/06\/03\/mujeres-del-epen-compartieron-la-primera-jornada-del-encuentro-de-trabajadoras\/"},"author":{"name":"Prensa EPEN","@id":"https:\/\/www.epen.gov.ar\/#\/schema\/person\/ce6cff87c2fc01264becc10fa105ad4f"},"headline":"Mujeres del EPEN compartieron la primera jornada del \u201cEncuentro de Trabajadoras\u201d","datePublished":"2022-06-03T04:01:36+00:00","mainEntityOfPage":{"@id":"https:\/\/www.epen.gov.ar\/index.php\/2022\/06\/03\/mujeres-del-epen-compartieron-la-primera-jornada-del-encuentro-de-trabajadoras\/"},"wordCount":833,"publisher":{"@id":"https:\/\/www.epen.gov.ar\/#organization"},"image":{"@id":"https:\/\/www.epen.gov.ar\/index.php\/2022\/06\/03\/mujeres-del-epen-compartieron-la-primera-jornada-del-encuentro-de-trabajadoras\/#primaryimage"},"thumbnailUrl":"https:\/\/www.epen.gov.ar\/wp-content\/uploads\/2022\/06\/Encuentro-mujeres-EPEN-scaled.jpg","keywords":["#EncuentroDeTrabajadoras","#Mujeres","#MujeresDelEPEN"],"articleSection":["Noticias"],"inLanguage":"es"},{"@type":"WebPage","@id":"https:\/\/www.epen.gov.ar\/index.php\/2022\/06\/03\/mujeres-del-epen-compartieron-la-primera-jornada-del-encuentro-de-trabajadoras\/","url":"https:\/\/www.epen.gov.ar\/index.php\/2022\/06\/03\/mujeres-del-epen-compartieron-la-primera-jornada-del-encuentro-de-trabajadoras\/","name":"EPEN - Mujeres del EPEN compartieron la primera jornada del \u201cEncuentro de Trabajadoras\u201d","isPartOf":{"@id":"https:\/\/www.epen.gov.ar\/#website"},"primaryImageOfPage":{"@id":"https:\/\/www.epen.gov.ar\/index.php\/2022\/06\/03\/mujeres-del-epen-compartieron-la-primera-jornada-del-encuentro-de-trabajadoras\/#primaryimage"},"image":{"@id":"https:\/\/www.epen.gov.ar\/index.php\/2022\/06\/03\/mujeres-del-epen-compartieron-la-primera-jornada-del-encuentro-de-trabajadoras\/#primaryimage"},"thumbnailUrl":"https:\/\/www.epen.gov.ar\/wp-content\/uploads\/2022\/06\/Encuentro-mujeres-EPEN-scaled.jpg","datePublished":"2022-06-03T04:01:36+00:00","description":"Mujeres del EPEN compartieron la primera jornada del \u201cEncuentro de Trabajadoras\u201d","breadcrumb":{"@id":"https:\/\/www.epen.gov.ar\/index.php\/2022\/06\/03\/mujeres-del-epen-compartieron-la-primera-jornada-del-encuentro-de-trabajadoras\/#breadcrumb"},"inLanguage":"es","potentialAction":[{"@type":"ReadAction","target":["https:\/\/www.epen.gov.ar\/index.php\/2022\/06\/03\/mujeres-del-epen-compartieron-la-primera-jornada-del-encuentro-de-trabajadoras\/"]}]},{"@type":"ImageObject","inLanguage":"es","@id":"https:\/\/www.epen.gov.ar\/index.php\/2022\/06\/03\/mujeres-del-epen-compartieron-la-primera-jornada-del-encuentro-de-trabajadoras\/#primaryimage","url":"https:\/\/www.epen.gov.ar\/wp-content\/uploads\/2022\/06\/Encuentro-mujeres-EPEN-scaled.jpg","contentUrl":"https:\/\/www.epen.gov.ar\/wp-content\/uploads\/2022\/06\/Encuentro-mujeres-EPEN-scaled.jpg","width":2560,"height":1581},{"@type":"BreadcrumbList","@id":"https:\/\/www.epen.gov.ar\/index.php\/2022\/06\/03\/mujeres-del-epen-compartieron-la-primera-jornada-del-encuentro-de-trabajadoras\/#breadcrumb","itemListElement":[{"@type":"ListItem","position":1,"name":"Inicio","item":"https:\/\/www.epen.gov.ar\/"},{"@type":"ListItem","position":2,"name":"Mujeres del EPEN compartieron la primera jornada del \u201cEncuentro de Trabajadoras\u201d"}]},{"@type":"WebSite","@id":"https:\/\/www.epen.gov.ar\/#website","url":"https:\/\/www.epen.gov.ar\/","name":"EPEN","description":"Ente Provincial de Energ\u00eda del Neuqu\u00e9n","publisher":{"@id":"https:\/\/www.epen.gov.ar\/#organization"},"potentialAction":[{"@type":"SearchAction","target":{"@type":"EntryPoint","urlTemplate":"https:\/\/www.epen.gov.ar\/?s={search_term_string}"},"query-input":{"@type":"PropertyValueSpecification","valueRequired":true,"valueName":"search_term_string"}}],"inLanguage":"es"},{"@type":"Organization","@id":"https:\/\/www.epen.gov.ar\/#organization","name":"Ente Provincial de Energ\u00eda del Neuqu\u00e9n","url":"https:\/\/www.epen.gov.ar\/","logo":{"@type":"ImageObject","inLanguage":"es","@id":"https:\/\/www.epen.gov.ar\/#\/schema\/logo\/image\/","url":"https:\/\/www.epen.gov.ar\/wp-content\/uploads\/2024\/02\/Logo-EPEN-2.jpg","contentUrl":"https:\/\/www.epen.gov.ar\/wp-content\/uploads\/2024\/02\/Logo-EPEN-2.jpg","width":696,"height":696,"caption":"Ente Provincial de Energ\u00eda del Neuqu\u00e9n"},"image":{"@id":"https:\/\/www.epen.gov.ar\/#\/schema\/logo\/image\/"},"sameAs":["https:\/\/www.facebook.com\/EPEN.Neuquen","https:\/\/x.com\/EPEN_Informa","https:\/\/www.youtube.com\/@epenprensa7384"]},{"@type":"Person","@id":"https:\/\/www.epen.gov.ar\/#\/schema\/person\/ce6cff87c2fc01264becc10fa105ad4f","name":"Prensa EPEN","image":{"@type":"ImageObject","inLanguage":"es","@id":"https:\/\/secure.gravatar.com\/avatar\/f8120b8688012ccf2d7fbcf7a970cfbabf0ab63b09c2dbd72c194bee080070e9?s=96&d=mm&r=g","url":"https:\/\/secure.gravatar.com\/avatar\/f8120b8688012ccf2d7fbcf7a970cfbabf0ab63b09c2dbd72c194bee080070e9?s=96&d=mm&r=g","contentUrl":"https:\/\/secure.gravatar.com\/avatar\/f8120b8688012ccf2d7fbcf7a970cfbabf0ab63b09c2dbd72c194bee080070e9?s=96&d=mm&r=g","caption":"Prensa EPEN"},"url":"https:\/\/www.epen.gov.ar\/index.php\/author\/admin\/"}]}},"_links":{"self":[{"href":"https:\/\/www.epen.gov.ar\/index.php\/wp-json\/wp\/v2\/posts\/59930","targetHints":{"allow":["GET"]}}],"collection":[{"href":"https:\/\/www.epen.gov.ar\/index.php\/wp-json\/wp\/v2\/posts"}],"about":[{"href":"https:\/\/www.epen.gov.ar\/index.php\/wp-json\/wp\/v2\/types\/post"}],"author":[{"embeddable":true,"href":"https:\/\/www.epen.gov.ar\/index.php\/wp-json\/wp\/v2\/users\/1"}],"replies":[{"embeddable":true,"href":"https:\/\/www.epen.gov.ar\/index.php\/wp-json\/wp\/v2\/comments?post=59930"}],"version-history":[{"count":3,"href":"https:\/\/www.epen.gov.ar\/index.php\/wp-json\/wp\/v2\/posts\/59930\/revisions"}],"predecessor-version":[{"id":59958,"href":"https:\/\/www.epen.gov.ar\/index.php\/wp-json\/wp\/v2\/posts\/59930\/revisions\/59958"}],"wp:featuredmedia":[{"embeddable":true,"href":"https:\/\/www.epen.gov.ar\/index.php\/wp-json\/wp\/v2\/media\/59943"}],"wp:attachment":[{"href":"https:\/\/www.epen.gov.ar\/index.php\/wp-json\/wp\/v2\/media?parent=59930"}],"wp:term":[{"taxonomy":"category","embeddable":true,"href":"https:\/\/www.epen.gov.ar\/index.php\/wp-json\/wp\/v2\/categories?post=59930"},{"taxonomy":"post_tag","embeddable":true,"href":"https:\/\/www.epen.gov.ar\/index.php\/wp-json\/wp\/v2\/tags?post=59930"}],"curies":[{"name":"wp","href":"https:\/\/api.w.org\/{rel}","templated":true}]}}