{"id":53946,"date":"2022-03-27T14:04:40","date_gmt":"2022-03-27T17:04:40","guid":{"rendered":"http:\/\/192.168.200.48\/?p=53946"},"modified":"2022-03-27T14:05:43","modified_gmt":"2022-03-27T17:05:43","slug":"trabajos-del-epen-en-rincon-de-los-sauces-tras-el-temporal-de-viento","status":"publish","type":"post","link":"https:\/\/www.epen.gov.ar\/index.php\/2022\/03\/27\/trabajos-del-epen-en-rincon-de-los-sauces-tras-el-temporal-de-viento\/","title":{"rendered":"Trabajos del EPEN en Rinc\u00f3n de los Sauces tras el temporal de viento"},"content":{"rendered":"<div class=\"fusion-fullwidth fullwidth-box fusion-builder-row-1 nonhundred-percent-fullwidth non-hundred-percent-height-scrolling\" style=\"--awb-border-radius-top-left:0px;--awb-border-radius-top-right:0px;--awb-border-radius-bottom-right:0px;--awb-border-radius-bottom-left:0px;--awb-flex-wrap:wrap;\" ><div class=\"fusion-builder-row fusion-row\"><div class=\"fusion-layout-column fusion_builder_column fusion-builder-column-0 fusion_builder_column_2_3 2_3 fusion-two-third fusion-column-first\" style=\"--awb-bg-size:cover;width:66.666666666667%;width:calc(66.666666666667% - ( ( 4% ) * 0.66666666666667 ) );margin-right: 4%;\"><div class=\"fusion-column-wrapper fusion-column-has-shadow fusion-flex-column-wrapper-legacy\"><div class=\"fusion-text fusion-text-1\" style=\"--awb-text-transform:none;\"><p>El Ente Provincial de Energ\u00eda de Neuqu\u00e9n (EPEN) trabaj\u00f3 intensamente desde el mi\u00e9rcoles pasado para reparar los da\u00f1os que caus\u00f3 el temporal de viento en la infraestructura el\u00e9ctrica en la zona de Rinc\u00f3n de los Sauces. Si bien las consecuencias no afectaron el servicio, se conform\u00f3 un comit\u00e9 de emergencia para darle continuidad a las arduas tareas y los trabajos definitivos.<\/p>\n<p>Un conjunto de condiciones temporales, dado por fuertes r\u00e1fagas y un terreno que presenta niveles irregulares y dif\u00edcil acceso por los ca\u00f1adones formados en las recientes tormentas, provoc\u00f3 la ca\u00edda de una columna de hormig\u00f3n perteneciente a la L\u00ednea de Alta Tensi\u00f3n 132 Kilovolt entre la Estaci\u00f3n Transformadora (ET) Puesto Hern\u00e1ndez y ET Rinc\u00f3n. De forma inmediata, personal de operaci\u00f3n y mantenimiento del EPEN coordin\u00f3 y llev\u00f3 adelante el operativo de traslado y montaje de la estructura de emergencia para reemplazar la columna averiada.<\/p>\n<p>Los fuertes vientos registrados el mi\u00e9rcoles pasado tambi\u00e9n quebraron algunos postes de la l\u00ednea de 33 kilovolt Puesto Hern\u00e1ndez- Oldelval, que abastece a bater\u00edas de la empresa petrolera YPF.<\/p>\n<p>El pasado viernes 25, hacia las 17:09, el personal finaliz\u00f3 el operativo de reparaci\u00f3n de postes quebrados y el montaje de la estructura de emergencia para reemplazar la columna de hormig\u00f3n averiada, entre Puesto Hern\u00e1ndez y la Estaci\u00f3n Rinc\u00f3n, restableciendo la seguridad del sub-sistema norte.<\/p>\n<p><img decoding=\"async\" class=\"size-full wp-image-53960 aligncenter\" src=\"https:\/\/www.epen.gov.ar\/wp-content\/uploads\/2022\/03\/WhatsApp-Image-2022-03-27-at-1.57.17-PM-1-e1648400630743.jpeg\" alt=\"\" width=\"1600\" height=\"824\" srcset=\"https:\/\/www.epen.gov.ar\/wp-content\/uploads\/2022\/03\/WhatsApp-Image-2022-03-27-at-1.57.17-PM-1-e1648400630743-200x103.jpeg 200w, https:\/\/www.epen.gov.ar\/wp-content\/uploads\/2022\/03\/WhatsApp-Image-2022-03-27-at-1.57.17-PM-1-e1648400630743-300x155.jpeg 300w, https:\/\/www.epen.gov.ar\/wp-content\/uploads\/2022\/03\/WhatsApp-Image-2022-03-27-at-1.57.17-PM-1-e1648400630743-400x206.jpeg 400w, https:\/\/www.epen.gov.ar\/wp-content\/uploads\/2022\/03\/WhatsApp-Image-2022-03-27-at-1.57.17-PM-1-e1648400630743-600x309.jpeg 600w, https:\/\/www.epen.gov.ar\/wp-content\/uploads\/2022\/03\/WhatsApp-Image-2022-03-27-at-1.57.17-PM-1-e1648400630743-768x396.jpeg 768w, https:\/\/www.epen.gov.ar\/wp-content\/uploads\/2022\/03\/WhatsApp-Image-2022-03-27-at-1.57.17-PM-1-e1648400630743-800x412.jpeg 800w, https:\/\/www.epen.gov.ar\/wp-content\/uploads\/2022\/03\/WhatsApp-Image-2022-03-27-at-1.57.17-PM-1-e1648400630743-1200x618.jpeg 1200w, https:\/\/www.epen.gov.ar\/wp-content\/uploads\/2022\/03\/WhatsApp-Image-2022-03-27-at-1.57.17-PM-1-e1648400630743-1280x659.jpeg 1280w, https:\/\/www.epen.gov.ar\/wp-content\/uploads\/2022\/03\/WhatsApp-Image-2022-03-27-at-1.57.17-PM-1-e1648400630743-1536x791.jpeg 1536w, https:\/\/www.epen.gov.ar\/wp-content\/uploads\/2022\/03\/WhatsApp-Image-2022-03-27-at-1.57.17-PM-1-e1648400630743.jpeg 1600w\" sizes=\"(max-width: 1600px) 100vw, 1600px\" \/><\/p>\n<p><img decoding=\"async\" class=\"aligncenter wp-image-53961 size-full\" src=\"https:\/\/www.epen.gov.ar\/wp-content\/uploads\/2022\/03\/WhatsApp-Image-2022-03-27-at-1.57.17-PM-e1648400734434.jpeg\" alt=\"\" width=\"960\" height=\"649\" srcset=\"https:\/\/www.epen.gov.ar\/wp-content\/uploads\/2022\/03\/WhatsApp-Image-2022-03-27-at-1.57.17-PM-e1648400734434-200x135.jpeg 200w, https:\/\/www.epen.gov.ar\/wp-content\/uploads\/2022\/03\/WhatsApp-Image-2022-03-27-at-1.57.17-PM-e1648400734434-300x203.jpeg 300w, https:\/\/www.epen.gov.ar\/wp-content\/uploads\/2022\/03\/WhatsApp-Image-2022-03-27-at-1.57.17-PM-e1648400734434-400x270.jpeg 400w, https:\/\/www.epen.gov.ar\/wp-content\/uploads\/2022\/03\/WhatsApp-Image-2022-03-27-at-1.57.17-PM-e1648400734434-600x406.jpeg 600w, https:\/\/www.epen.gov.ar\/wp-content\/uploads\/2022\/03\/WhatsApp-Image-2022-03-27-at-1.57.17-PM-e1648400734434-768x519.jpeg 768w, https:\/\/www.epen.gov.ar\/wp-content\/uploads\/2022\/03\/WhatsApp-Image-2022-03-27-at-1.57.17-PM-e1648400734434-800x541.jpeg 800w, https:\/\/www.epen.gov.ar\/wp-content\/uploads\/2022\/03\/WhatsApp-Image-2022-03-27-at-1.57.17-PM-e1648400734434.jpeg 960w\" sizes=\"(max-width: 960px) 100vw, 960px\" \/><\/p>\n<\/div><div class=\"fusion-clearfix\"><\/div><\/div><\/div><div class=\"fusion-layout-column fusion_builder_column fusion-builder-column-1 fusion_builder_column_1_3 1_3 fusion-one-third fusion-column-last\" style=\"--awb-bg-size:cover;width:33.333333333333%;width:calc(33.333333333333% - ( ( 4% ) * 0.33333333333333 ) );\"><div class=\"fusion-column-wrapper fusion-column-has-shadow fusion-flex-column-wrapper-legacy\"><div class=\"fusion-widget-area awb-widget-area-element fusion-widget-area-1 fusion-content-widget-area\" style=\"--awb-title-size:20px;--awb-title-color:#333333;--awb-padding:0px 0px 0px 0px;\"><style type=\"text\/css\" data-id=\"tweets-widget-2\">#tweets-widget-2 li { border-color:#eaeaea;}<\/style><section id=\"tweets-widget-2\" class=\"widget tweets\" style=\"border-style: solid;border-color: #eaeaea;border-color:transparent;border-width:0px;\">\t\t\t\t\n\t\t<div style=\"overflow:hidden\">\n\t\t\t\t\t\t\t\t\t\t\t<a class=\"twitter-timeline\" data-dnt=\"true\" href=\"https:\/\/twitter.com\/@EPEN_Informa\" data-width=\"500\" data-height=\"300\" width=\"500\" height=\"300\" data-theme=\"light\" data-link-color=\"##25a9bd\" data-border-color=\"#eaeaea\" data-chrome=\"\">Tweets por @EPEN_Informa<\/a>\n\t\t\t\t\t\t\t\n\t\t\t\t\t\t\t\t\t\t\t<script async src=\"\/\/platform.twitter.com\/widgets.js\" charset=\"utf-8\"><\/script>\n\t\t\t\t\t\t\t\n\t\t<\/div>\n\t\t<\/section>\n\t\t<section id=\"recent-posts-3\" class=\"widget widget_recent_entries\" style=\"border-style: solid;border-color:transparent;border-width:0px;\">\n\t\t<div class=\"heading\"><h4 class=\"widget-title\">Entradas recientes<\/h4><\/div>\n\t\t<ul>\n\t\t\t\t\t\t\t\t\t\t\t<li>\n\t\t\t\t\t<a href=\"https:\/\/www.epen.gov.ar\/index.php\/2026\/04\/30\/corte-programado-en-sectores-de-rincon-de-los-sauces-el-02-05-2026\/\">Corte Programado en sectores de Rinc\u00f3n de los Sauces el 02\/05\/2026<\/a>\n\t\t\t\t\t\t\t\t\t\t\t<span class=\"post-date\">30\/04\/2026<\/span>\n\t\t\t\t\t\t\t\t\t<\/li>\n\t\t\t\t\t\t\t\t\t\t\t<li>\n\t\t\t\t\t<a href=\"https:\/\/www.epen.gov.ar\/index.php\/2026\/04\/30\/licitacion-publica-n-14-2026-contratacion-de-servicios-de-desarrollo-y-mantenimiento-de-sistemas-informaticos\/\">LICITACI\u00d3N P\u00daBLICA N\u00b0 14\/2026 CONTRATACI\u00d3N DE SERVICIOS DE DESARROLLO Y MANTENIMIENTO DE SISTEMAS INFORM\u00c1TICOS<\/a>\n\t\t\t\t\t\t\t\t\t\t\t<span class=\"post-date\">30\/04\/2026<\/span>\n\t\t\t\t\t\t\t\t\t<\/li>\n\t\t\t\t\t\t\t\t\t\t\t<li>\n\t\t\t\t\t<a href=\"https:\/\/www.epen.gov.ar\/index.php\/2026\/04\/29\/corte-programado-en-sectores-de-centenario-el-30-04-2026\/\">Corte Programado en sectores de Centenario el 30\/04\/2026<\/a>\n\t\t\t\t\t\t\t\t\t\t\t<span class=\"post-date\">29\/04\/2026<\/span>\n\t\t\t\t\t\t\t\t\t<\/li>\n\t\t\t\t\t\t\t\t\t\t\t<li>\n\t\t\t\t\t<a href=\"https:\/\/www.epen.gov.ar\/index.php\/2026\/04\/28\/el-epen-impulsa-el-desarrollo-de-varvarco-con-nueva-infraestructura-para-17-lotes\/\">El EPEN impulsa el desarrollo de Varvarco con nueva infraestructura para 17 lotes<\/a>\n\t\t\t\t\t\t\t\t\t\t\t<span class=\"post-date\">28\/04\/2026<\/span>\n\t\t\t\t\t\t\t\t\t<\/li>\n\t\t\t\t\t\t\t\t\t\t\t<li>\n\t\t\t\t\t<a href=\"https:\/\/www.epen.gov.ar\/index.php\/2026\/04\/28\/corte-programado-en-sectores-de-zona-nahueve-el-30-04-2026\/\">Corte Programado en sectores de zona Nahueve el 30\/04\/2026<\/a>\n\t\t\t\t\t\t\t\t\t\t\t<span class=\"post-date\">28\/04\/2026<\/span>\n\t\t\t\t\t\t\t\t\t<\/li>\n\t\t\t\t\t<\/ul>\n\n\t\t<\/section><div class=\"fusion-additional-widget-content\"><\/div><\/div><div class=\"fusion-clearfix\"><\/div><\/div><\/div><\/div><\/div>\n","protected":false},"excerpt":{"rendered":"","protected":false},"author":1,"featured_media":53959,"comment_status":"closed","ping_status":"closed","sticky":false,"template":"","format":"standard","meta":{"_exactmetrics_skip_tracking":false,"_exactmetrics_sitenote_active":false,"_exactmetrics_sitenote_note":"","_exactmetrics_sitenote_category":0,"footnotes":""},"categories":[84],"tags":[],"class_list":["post-53946","post","type-post","status-publish","format-standard","has-post-thumbnail","hentry","category-noticias"],"yoast_head":"<!-- This site is optimized with the Yoast SEO plugin v27.2 - https:\/\/yoast.com\/product\/yoast-seo-wordpress\/ -->\n<title>EPEN - Trabajos del EPEN en Rinc\u00f3n de los Sauces tras el temporal de viento<\/title>\n<meta name=\"description\" content=\"Trabajos del EPEN en Rinc\u00f3n de los Sauces tras el temporal de viento\" \/>\n<meta name=\"robots\" content=\"index, follow, max-snippet:-1, max-image-preview:large, max-video-preview:-1\" \/>\n<link rel=\"canonical\" href=\"https:\/\/www.epen.gov.ar\/index.php\/2022\/03\/27\/trabajos-del-epen-en-rincon-de-los-sauces-tras-el-temporal-de-viento\/\" \/>\n<meta property=\"og:locale\" content=\"es_ES\" \/>\n<meta property=\"og:type\" content=\"article\" \/>\n<meta property=\"og:title\" content=\"EPEN - Trabajos del EPEN en Rinc\u00f3n de los Sauces tras el temporal de viento\" \/>\n<meta property=\"og:description\" content=\"Trabajos del EPEN en Rinc\u00f3n de los Sauces tras el temporal de viento\" \/>\n<meta property=\"og:url\" content=\"https:\/\/www.epen.gov.ar\/index.php\/2022\/03\/27\/trabajos-del-epen-en-rincon-de-los-sauces-tras-el-temporal-de-viento\/\" \/>\n<meta property=\"og:site_name\" content=\"EPEN\" \/>\n<meta property=\"article:publisher\" content=\"https:\/\/www.facebook.com\/EPEN.Neuquen\" \/>\n<meta property=\"article:published_time\" content=\"2022-03-27T17:04:40+00:00\" \/>\n<meta property=\"article:modified_time\" content=\"2022-03-27T17:05:43+00:00\" \/>\n<meta property=\"og:image\" content=\"https:\/\/www.epen.gov.ar\/wp-content\/uploads\/2022\/03\/WhatsApp-Image-2022-03-27-at-1.57.18-PM-2-e1648400517456.jpeg\" \/>\n\t<meta property=\"og:image:width\" content=\"1280\" \/>\n\t<meta property=\"og:image:height\" content=\"569\" \/>\n\t<meta property=\"og:image:type\" content=\"image\/jpeg\" \/>\n<meta name=\"author\" content=\"Prensa EPEN\" \/>\n<meta name=\"twitter:card\" content=\"summary_large_image\" \/>\n<meta name=\"twitter:creator\" content=\"@EPEN_Informa\" \/>\n<meta name=\"twitter:site\" content=\"@EPEN_Informa\" \/>\n<meta name=\"twitter:label1\" content=\"Escrito por\" \/>\n\t<meta name=\"twitter:data1\" content=\"Prensa EPEN\" \/>\n\t<meta name=\"twitter:label2\" content=\"Tiempo de lectura\" \/>\n\t<meta name=\"twitter:data2\" content=\"3 minutos\" \/>\n<script type=\"application\/ld+json\" class=\"yoast-schema-graph\">{\"@context\":\"https:\/\/schema.org\",\"@graph\":[{\"@type\":\"Article\",\"@id\":\"https:\/\/www.epen.gov.ar\/index.php\/2022\/03\/27\/trabajos-del-epen-en-rincon-de-los-sauces-tras-el-temporal-de-viento\/#article\",\"isPartOf\":{\"@id\":\"https:\/\/www.epen.gov.ar\/index.php\/2022\/03\/27\/trabajos-del-epen-en-rincon-de-los-sauces-tras-el-temporal-de-viento\/\"},\"author\":{\"name\":\"Prensa EPEN\",\"@id\":\"https:\/\/www.epen.gov.ar\/#\/schema\/person\/ce6cff87c2fc01264becc10fa105ad4f\"},\"headline\":\"Trabajos del EPEN en Rinc\u00f3n de los Sauces tras el temporal de viento\",\"datePublished\":\"2022-03-27T17:04:40+00:00\",\"dateModified\":\"2022-03-27T17:05:43+00:00\",\"mainEntityOfPage\":{\"@id\":\"https:\/\/www.epen.gov.ar\/index.php\/2022\/03\/27\/trabajos-del-epen-en-rincon-de-los-sauces-tras-el-temporal-de-viento\/\"},\"wordCount\":686,\"publisher\":{\"@id\":\"https:\/\/www.epen.gov.ar\/#organization\"},\"image\":{\"@id\":\"https:\/\/www.epen.gov.ar\/index.php\/2022\/03\/27\/trabajos-del-epen-en-rincon-de-los-sauces-tras-el-temporal-de-viento\/#primaryimage\"},\"thumbnailUrl\":\"https:\/\/www.epen.gov.ar\/wp-content\/uploads\/2022\/03\/WhatsApp-Image-2022-03-27-at-1.57.18-PM-2-e1648400517456.jpeg\",\"articleSection\":[\"Noticias\"],\"inLanguage\":\"es\"},{\"@type\":\"WebPage\",\"@id\":\"https:\/\/www.epen.gov.ar\/index.php\/2022\/03\/27\/trabajos-del-epen-en-rincon-de-los-sauces-tras-el-temporal-de-viento\/\",\"url\":\"https:\/\/www.epen.gov.ar\/index.php\/2022\/03\/27\/trabajos-del-epen-en-rincon-de-los-sauces-tras-el-temporal-de-viento\/\",\"name\":\"EPEN - Trabajos del EPEN en Rinc\u00f3n de los Sauces tras el temporal de viento\",\"isPartOf\":{\"@id\":\"https:\/\/www.epen.gov.ar\/#website\"},\"primaryImageOfPage\":{\"@id\":\"https:\/\/www.epen.gov.ar\/index.php\/2022\/03\/27\/trabajos-del-epen-en-rincon-de-los-sauces-tras-el-temporal-de-viento\/#primaryimage\"},\"image\":{\"@id\":\"https:\/\/www.epen.gov.ar\/index.php\/2022\/03\/27\/trabajos-del-epen-en-rincon-de-los-sauces-tras-el-temporal-de-viento\/#primaryimage\"},\"thumbnailUrl\":\"https:\/\/www.epen.gov.ar\/wp-content\/uploads\/2022\/03\/WhatsApp-Image-2022-03-27-at-1.57.18-PM-2-e1648400517456.jpeg\",\"datePublished\":\"2022-03-27T17:04:40+00:00\",\"dateModified\":\"2022-03-27T17:05:43+00:00\",\"description\":\"Trabajos del EPEN en Rinc\u00f3n de los Sauces tras el temporal de viento\",\"breadcrumb\":{\"@id\":\"https:\/\/www.epen.gov.ar\/index.php\/2022\/03\/27\/trabajos-del-epen-en-rincon-de-los-sauces-tras-el-temporal-de-viento\/#breadcrumb\"},\"inLanguage\":\"es\",\"potentialAction\":[{\"@type\":\"ReadAction\",\"target\":[\"https:\/\/www.epen.gov.ar\/index.php\/2022\/03\/27\/trabajos-del-epen-en-rincon-de-los-sauces-tras-el-temporal-de-viento\/\"]}]},{\"@type\":\"ImageObject\",\"inLanguage\":\"es\",\"@id\":\"https:\/\/www.epen.gov.ar\/index.php\/2022\/03\/27\/trabajos-del-epen-en-rincon-de-los-sauces-tras-el-temporal-de-viento\/#primaryimage\",\"url\":\"https:\/\/www.epen.gov.ar\/wp-content\/uploads\/2022\/03\/WhatsApp-Image-2022-03-27-at-1.57.18-PM-2-e1648400517456.jpeg\",\"contentUrl\":\"https:\/\/www.epen.gov.ar\/wp-content\/uploads\/2022\/03\/WhatsApp-Image-2022-03-27-at-1.57.18-PM-2-e1648400517456.jpeg\",\"width\":1280,\"height\":569},{\"@type\":\"BreadcrumbList\",\"@id\":\"https:\/\/www.epen.gov.ar\/index.php\/2022\/03\/27\/trabajos-del-epen-en-rincon-de-los-sauces-tras-el-temporal-de-viento\/#breadcrumb\",\"itemListElement\":[{\"@type\":\"ListItem\",\"position\":1,\"name\":\"Inicio\",\"item\":\"https:\/\/www.epen.gov.ar\/\"},{\"@type\":\"ListItem\",\"position\":2,\"name\":\"Trabajos del EPEN en Rinc\u00f3n de los Sauces tras el temporal de viento\"}]},{\"@type\":\"WebSite\",\"@id\":\"https:\/\/www.epen.gov.ar\/#website\",\"url\":\"https:\/\/www.epen.gov.ar\/\",\"name\":\"EPEN\",\"description\":\"Ente Provincial de Energ\u00eda del Neuqu\u00e9n\",\"publisher\":{\"@id\":\"https:\/\/www.epen.gov.ar\/#organization\"},\"potentialAction\":[{\"@type\":\"SearchAction\",\"target\":{\"@type\":\"EntryPoint\",\"urlTemplate\":\"https:\/\/www.epen.gov.ar\/?s={search_term_string}\"},\"query-input\":{\"@type\":\"PropertyValueSpecification\",\"valueRequired\":true,\"valueName\":\"search_term_string\"}}],\"inLanguage\":\"es\"},{\"@type\":\"Organization\",\"@id\":\"https:\/\/www.epen.gov.ar\/#organization\",\"name\":\"Ente Provincial de Energ\u00eda del Neuqu\u00e9n\",\"url\":\"https:\/\/www.epen.gov.ar\/\",\"logo\":{\"@type\":\"ImageObject\",\"inLanguage\":\"es\",\"@id\":\"https:\/\/www.epen.gov.ar\/#\/schema\/logo\/image\/\",\"url\":\"https:\/\/www.epen.gov.ar\/wp-content\/uploads\/2024\/02\/Logo-EPEN-2.jpg\",\"contentUrl\":\"https:\/\/www.epen.gov.ar\/wp-content\/uploads\/2024\/02\/Logo-EPEN-2.jpg\",\"width\":696,\"height\":696,\"caption\":\"Ente Provincial de Energ\u00eda del Neuqu\u00e9n\"},\"image\":{\"@id\":\"https:\/\/www.epen.gov.ar\/#\/schema\/logo\/image\/\"},\"sameAs\":[\"https:\/\/www.facebook.com\/EPEN.Neuquen\",\"https:\/\/x.com\/EPEN_Informa\",\"https:\/\/www.youtube.com\/@epenprensa7384\"]},{\"@type\":\"Person\",\"@id\":\"https:\/\/www.epen.gov.ar\/#\/schema\/person\/ce6cff87c2fc01264becc10fa105ad4f\",\"name\":\"Prensa EPEN\",\"image\":{\"@type\":\"ImageObject\",\"inLanguage\":\"es\",\"@id\":\"https:\/\/secure.gravatar.com\/avatar\/f8120b8688012ccf2d7fbcf7a970cfbabf0ab63b09c2dbd72c194bee080070e9?s=96&d=mm&r=g\",\"url\":\"https:\/\/secure.gravatar.com\/avatar\/f8120b8688012ccf2d7fbcf7a970cfbabf0ab63b09c2dbd72c194bee080070e9?s=96&d=mm&r=g\",\"contentUrl\":\"https:\/\/secure.gravatar.com\/avatar\/f8120b8688012ccf2d7fbcf7a970cfbabf0ab63b09c2dbd72c194bee080070e9?s=96&d=mm&r=g\",\"caption\":\"Prensa EPEN\"},\"url\":\"https:\/\/www.epen.gov.ar\/index.php\/author\/admin\/\"}]}<\/script>\n<!-- \/ Yoast SEO plugin. -->","yoast_head_json":{"title":"EPEN - Trabajos del EPEN en Rinc\u00f3n de los Sauces tras el temporal de viento","description":"Trabajos del EPEN en Rinc\u00f3n de los Sauces tras el temporal de viento","robots":{"index":"index","follow":"follow","max-snippet":"max-snippet:-1","max-image-preview":"max-image-preview:large","max-video-preview":"max-video-preview:-1"},"canonical":"https:\/\/www.epen.gov.ar\/index.php\/2022\/03\/27\/trabajos-del-epen-en-rincon-de-los-sauces-tras-el-temporal-de-viento\/","og_locale":"es_ES","og_type":"article","og_title":"EPEN - Trabajos del EPEN en Rinc\u00f3n de los Sauces tras el temporal de viento","og_description":"Trabajos del EPEN en Rinc\u00f3n de los Sauces tras el temporal de viento","og_url":"https:\/\/www.epen.gov.ar\/index.php\/2022\/03\/27\/trabajos-del-epen-en-rincon-de-los-sauces-tras-el-temporal-de-viento\/","og_site_name":"EPEN","article_publisher":"https:\/\/www.facebook.com\/EPEN.Neuquen","article_published_time":"2022-03-27T17:04:40+00:00","article_modified_time":"2022-03-27T17:05:43+00:00","og_image":[{"width":1280,"height":569,"url":"https:\/\/www.epen.gov.ar\/wp-content\/uploads\/2022\/03\/WhatsApp-Image-2022-03-27-at-1.57.18-PM-2-e1648400517456.jpeg","type":"image\/jpeg"}],"author":"Prensa EPEN","twitter_card":"summary_large_image","twitter_creator":"@EPEN_Informa","twitter_site":"@EPEN_Informa","twitter_misc":{"Escrito por":"Prensa EPEN","Tiempo de lectura":"3 minutos"},"schema":{"@context":"https:\/\/schema.org","@graph":[{"@type":"Article","@id":"https:\/\/www.epen.gov.ar\/index.php\/2022\/03\/27\/trabajos-del-epen-en-rincon-de-los-sauces-tras-el-temporal-de-viento\/#article","isPartOf":{"@id":"https:\/\/www.epen.gov.ar\/index.php\/2022\/03\/27\/trabajos-del-epen-en-rincon-de-los-sauces-tras-el-temporal-de-viento\/"},"author":{"name":"Prensa EPEN","@id":"https:\/\/www.epen.gov.ar\/#\/schema\/person\/ce6cff87c2fc01264becc10fa105ad4f"},"headline":"Trabajos del EPEN en Rinc\u00f3n de los Sauces tras el temporal de viento","datePublished":"2022-03-27T17:04:40+00:00","dateModified":"2022-03-27T17:05:43+00:00","mainEntityOfPage":{"@id":"https:\/\/www.epen.gov.ar\/index.php\/2022\/03\/27\/trabajos-del-epen-en-rincon-de-los-sauces-tras-el-temporal-de-viento\/"},"wordCount":686,"publisher":{"@id":"https:\/\/www.epen.gov.ar\/#organization"},"image":{"@id":"https:\/\/www.epen.gov.ar\/index.php\/2022\/03\/27\/trabajos-del-epen-en-rincon-de-los-sauces-tras-el-temporal-de-viento\/#primaryimage"},"thumbnailUrl":"https:\/\/www.epen.gov.ar\/wp-content\/uploads\/2022\/03\/WhatsApp-Image-2022-03-27-at-1.57.18-PM-2-e1648400517456.jpeg","articleSection":["Noticias"],"inLanguage":"es"},{"@type":"WebPage","@id":"https:\/\/www.epen.gov.ar\/index.php\/2022\/03\/27\/trabajos-del-epen-en-rincon-de-los-sauces-tras-el-temporal-de-viento\/","url":"https:\/\/www.epen.gov.ar\/index.php\/2022\/03\/27\/trabajos-del-epen-en-rincon-de-los-sauces-tras-el-temporal-de-viento\/","name":"EPEN - Trabajos del EPEN en Rinc\u00f3n de los Sauces tras el temporal de viento","isPartOf":{"@id":"https:\/\/www.epen.gov.ar\/#website"},"primaryImageOfPage":{"@id":"https:\/\/www.epen.gov.ar\/index.php\/2022\/03\/27\/trabajos-del-epen-en-rincon-de-los-sauces-tras-el-temporal-de-viento\/#primaryimage"},"image":{"@id":"https:\/\/www.epen.gov.ar\/index.php\/2022\/03\/27\/trabajos-del-epen-en-rincon-de-los-sauces-tras-el-temporal-de-viento\/#primaryimage"},"thumbnailUrl":"https:\/\/www.epen.gov.ar\/wp-content\/uploads\/2022\/03\/WhatsApp-Image-2022-03-27-at-1.57.18-PM-2-e1648400517456.jpeg","datePublished":"2022-03-27T17:04:40+00:00","dateModified":"2022-03-27T17:05:43+00:00","description":"Trabajos del EPEN en Rinc\u00f3n de los Sauces tras el temporal de viento","breadcrumb":{"@id":"https:\/\/www.epen.gov.ar\/index.php\/2022\/03\/27\/trabajos-del-epen-en-rincon-de-los-sauces-tras-el-temporal-de-viento\/#breadcrumb"},"inLanguage":"es","potentialAction":[{"@type":"ReadAction","target":["https:\/\/www.epen.gov.ar\/index.php\/2022\/03\/27\/trabajos-del-epen-en-rincon-de-los-sauces-tras-el-temporal-de-viento\/"]}]},{"@type":"ImageObject","inLanguage":"es","@id":"https:\/\/www.epen.gov.ar\/index.php\/2022\/03\/27\/trabajos-del-epen-en-rincon-de-los-sauces-tras-el-temporal-de-viento\/#primaryimage","url":"https:\/\/www.epen.gov.ar\/wp-content\/uploads\/2022\/03\/WhatsApp-Image-2022-03-27-at-1.57.18-PM-2-e1648400517456.jpeg","contentUrl":"https:\/\/www.epen.gov.ar\/wp-content\/uploads\/2022\/03\/WhatsApp-Image-2022-03-27-at-1.57.18-PM-2-e1648400517456.jpeg","width":1280,"height":569},{"@type":"BreadcrumbList","@id":"https:\/\/www.epen.gov.ar\/index.php\/2022\/03\/27\/trabajos-del-epen-en-rincon-de-los-sauces-tras-el-temporal-de-viento\/#breadcrumb","itemListElement":[{"@type":"ListItem","position":1,"name":"Inicio","item":"https:\/\/www.epen.gov.ar\/"},{"@type":"ListItem","position":2,"name":"Trabajos del EPEN en Rinc\u00f3n de los Sauces tras el temporal de viento"}]},{"@type":"WebSite","@id":"https:\/\/www.epen.gov.ar\/#website","url":"https:\/\/www.epen.gov.ar\/","name":"EPEN","description":"Ente Provincial de Energ\u00eda del Neuqu\u00e9n","publisher":{"@id":"https:\/\/www.epen.gov.ar\/#organization"},"potentialAction":[{"@type":"SearchAction","target":{"@type":"EntryPoint","urlTemplate":"https:\/\/www.epen.gov.ar\/?s={search_term_string}"},"query-input":{"@type":"PropertyValueSpecification","valueRequired":true,"valueName":"search_term_string"}}],"inLanguage":"es"},{"@type":"Organization","@id":"https:\/\/www.epen.gov.ar\/#organization","name":"Ente Provincial de Energ\u00eda del Neuqu\u00e9n","url":"https:\/\/www.epen.gov.ar\/","logo":{"@type":"ImageObject","inLanguage":"es","@id":"https:\/\/www.epen.gov.ar\/#\/schema\/logo\/image\/","url":"https:\/\/www.epen.gov.ar\/wp-content\/uploads\/2024\/02\/Logo-EPEN-2.jpg","contentUrl":"https:\/\/www.epen.gov.ar\/wp-content\/uploads\/2024\/02\/Logo-EPEN-2.jpg","width":696,"height":696,"caption":"Ente Provincial de Energ\u00eda del Neuqu\u00e9n"},"image":{"@id":"https:\/\/www.epen.gov.ar\/#\/schema\/logo\/image\/"},"sameAs":["https:\/\/www.facebook.com\/EPEN.Neuquen","https:\/\/x.com\/EPEN_Informa","https:\/\/www.youtube.com\/@epenprensa7384"]},{"@type":"Person","@id":"https:\/\/www.epen.gov.ar\/#\/schema\/person\/ce6cff87c2fc01264becc10fa105ad4f","name":"Prensa EPEN","image":{"@type":"ImageObject","inLanguage":"es","@id":"https:\/\/secure.gravatar.com\/avatar\/f8120b8688012ccf2d7fbcf7a970cfbabf0ab63b09c2dbd72c194bee080070e9?s=96&d=mm&r=g","url":"https:\/\/secure.gravatar.com\/avatar\/f8120b8688012ccf2d7fbcf7a970cfbabf0ab63b09c2dbd72c194bee080070e9?s=96&d=mm&r=g","contentUrl":"https:\/\/secure.gravatar.com\/avatar\/f8120b8688012ccf2d7fbcf7a970cfbabf0ab63b09c2dbd72c194bee080070e9?s=96&d=mm&r=g","caption":"Prensa EPEN"},"url":"https:\/\/www.epen.gov.ar\/index.php\/author\/admin\/"}]}},"_links":{"self":[{"href":"https:\/\/www.epen.gov.ar\/index.php\/wp-json\/wp\/v2\/posts\/53946","targetHints":{"allow":["GET"]}}],"collection":[{"href":"https:\/\/www.epen.gov.ar\/index.php\/wp-json\/wp\/v2\/posts"}],"about":[{"href":"https:\/\/www.epen.gov.ar\/index.php\/wp-json\/wp\/v2\/types\/post"}],"author":[{"embeddable":true,"href":"https:\/\/www.epen.gov.ar\/index.php\/wp-json\/wp\/v2\/users\/1"}],"replies":[{"embeddable":true,"href":"https:\/\/www.epen.gov.ar\/index.php\/wp-json\/wp\/v2\/comments?post=53946"}],"version-history":[{"count":3,"href":"https:\/\/www.epen.gov.ar\/index.php\/wp-json\/wp\/v2\/posts\/53946\/revisions"}],"predecessor-version":[{"id":70830,"href":"https:\/\/www.epen.gov.ar\/index.php\/wp-json\/wp\/v2\/posts\/53946\/revisions\/70830"}],"wp:featuredmedia":[{"embeddable":true,"href":"https:\/\/www.epen.gov.ar\/index.php\/wp-json\/wp\/v2\/media\/53959"}],"wp:attachment":[{"href":"https:\/\/www.epen.gov.ar\/index.php\/wp-json\/wp\/v2\/media?parent=53946"}],"wp:term":[{"taxonomy":"category","embeddable":true,"href":"https:\/\/www.epen.gov.ar\/index.php\/wp-json\/wp\/v2\/categories?post=53946"},{"taxonomy":"post_tag","embeddable":true,"href":"https:\/\/www.epen.gov.ar\/index.php\/wp-json\/wp\/v2\/tags?post=53946"}],"curies":[{"name":"wp","href":"https:\/\/api.w.org\/{rel}","templated":true}]}}