{"id":5207,"date":"2020-02-07T18:48:48","date_gmt":"2020-02-07T21:48:48","guid":{"rendered":"http:\/\/192.168.200.48\/?p=5207"},"modified":"2020-02-07T18:58:49","modified_gmt":"2020-02-07T21:58:49","slug":"el-epen-realizara-cortes-programados-para-incorporar-la-nueva-estacion-transformadora-bajada-colorada-al-sadi","status":"publish","type":"post","link":"https:\/\/www.epen.gov.ar\/index.php\/2020\/02\/07\/el-epen-realizara-cortes-programados-para-incorporar-la-nueva-estacion-transformadora-bajada-colorada-al-sadi\/","title":{"rendered":"El EPEN realizar\u00e1 cortes programados para incorporar la nueva E.T. Bajada Colorada al SADI"},"content":{"rendered":"<div class=\"fusion-fullwidth fullwidth-box fusion-builder-row-1 nonhundred-percent-fullwidth non-hundred-percent-height-scrolling\" style=\"--awb-border-radius-top-left:0px;--awb-border-radius-top-right:0px;--awb-border-radius-bottom-right:0px;--awb-border-radius-bottom-left:0px;--awb-flex-wrap:wrap;\" ><div class=\"fusion-builder-row fusion-row\"><div class=\"fusion-layout-column fusion_builder_column fusion-builder-column-0 fusion_builder_column_2_3 2_3 fusion-two-third fusion-column-first\" style=\"--awb-bg-size:cover;width:66.666666666667%;width:calc(66.666666666667% - ( ( 4% ) * 0.66666666666667 ) );margin-right: 4%;\"><div class=\"fusion-column-wrapper fusion-column-has-shadow fusion-flex-column-wrapper-legacy\"><div class=\"fusion-text fusion-text-1\"><p style=\"text-align: justify;\">La Secretar\u00eda General y Servicios P\u00fablicos informa que el Ente Provincial de Energ\u00eda del Neuqu\u00e9n (EPEN) realizar\u00e1 dos breves cortes de media hora tanto el lunes como el martes en la l\u00ednea de alta tensi\u00f3n 132 kV El Choc\u00f3n \u2013 Piedra del \u00c1guila, afectando el suministro de energ\u00eda el\u00e9ctrica a las localidades de Piedra del \u00c1guila, Santo Tom\u00e1s y Mencu\u00e9 (R\u00edo Negro).<\/p>\n<p style=\"text-align: justify;\">Las maniobras permitir\u00e1n la puesta en servicio de la nueva estaci\u00f3n transformadora Bajada Colorada y a su vez la conexi\u00f3n del Parque E\u00f3lico Vientos Neuquino al Sistema Argentino de Interconexi\u00f3n Argentina.<\/p>\n<p style=\"text-align: justify;\">El primer corte ser\u00e1 el d\u00eda lunes 10\u00a0de 17 a 17.30 para la conexion y prueba\u00a0de confiabilidad del grupo generador que alimentara la subestaci\u00f3n transformadora Piedra del \u00c1guila por el lapso de una hora y de esta manera se podr\u00e1 continuar con la demanda el\u00e9ctrica a la zona afectada. Luego de 18.30 a 19 hs para desvincular el mismo.<\/p>\n<p style=\"text-align: justify;\">Asimismo el d\u00eda martes 11 se proceder\u00e1 a realizar la etapa de energizaci\u00f3n y puesta en servicio de la Estaci\u00f3n Transformadora Bajada Colorada, es por ello que se producir\u00e1 un corte de media hora a partir de las 8 -al inicio de las tareas- y otro corte de media hora a partir de las 18.30 hs para desvincular el grupo de manera definitiva.<\/p>\n<p style=\"text-align: justify;\">Se solicita a los sectores afectados tomar los recaudos necesarios a efectos de reducir los inconvenientes que la falta de energ\u00eda pudiese ocasionar.<\/p>\n<p><img decoding=\"async\" class=\"alignnone wp-image-5214 size-large\" src=\"\/\/www.epen.gov.ar\/wp-content\/uploads\/2020\/02\/IMG_20200205_095829665-scaled-e1581112689672-1280x576.jpg\" alt=\"\" width=\"1280\" height=\"576\" srcset=\"https:\/\/www.epen.gov.ar\/wp-content\/uploads\/2020\/02\/IMG_20200205_095829665-scaled-e1581112689672-200x90.jpg 200w, https:\/\/www.epen.gov.ar\/wp-content\/uploads\/2020\/02\/IMG_20200205_095829665-scaled-e1581112689672-300x135.jpg 300w, https:\/\/www.epen.gov.ar\/wp-content\/uploads\/2020\/02\/IMG_20200205_095829665-scaled-e1581112689672-400x180.jpg 400w, https:\/\/www.epen.gov.ar\/wp-content\/uploads\/2020\/02\/IMG_20200205_095829665-scaled-e1581112689672-600x270.jpg 600w, https:\/\/www.epen.gov.ar\/wp-content\/uploads\/2020\/02\/IMG_20200205_095829665-scaled-e1581112689672-768x346.jpg 768w, https:\/\/www.epen.gov.ar\/wp-content\/uploads\/2020\/02\/IMG_20200205_095829665-scaled-e1581112689672-800x360.jpg 800w, https:\/\/www.epen.gov.ar\/wp-content\/uploads\/2020\/02\/IMG_20200205_095829665-scaled-e1581112689672-1200x540.jpg 1200w, https:\/\/www.epen.gov.ar\/wp-content\/uploads\/2020\/02\/IMG_20200205_095829665-scaled-e1581112689672-1280x576.jpg 1280w, https:\/\/www.epen.gov.ar\/wp-content\/uploads\/2020\/02\/IMG_20200205_095829665-scaled-e1581112689672-1536x691.jpg 1536w, https:\/\/www.epen.gov.ar\/wp-content\/uploads\/2020\/02\/IMG_20200205_095829665-scaled-e1581112689672.jpg 2560w\" sizes=\"(max-width: 1280px) 100vw, 1280px\" \/><\/p>\n<\/div><div class=\"fusion-clearfix\"><\/div><\/div><\/div><div class=\"fusion-layout-column fusion_builder_column fusion-builder-column-1 fusion_builder_column_1_3 1_3 fusion-one-third fusion-column-last\" style=\"--awb-bg-size:cover;width:33.333333333333%;width:calc(33.333333333333% - ( ( 4% ) * 0.33333333333333 ) );\"><div class=\"fusion-column-wrapper fusion-column-has-shadow fusion-flex-column-wrapper-legacy\"><div class=\"fusion-widget-area awb-widget-area-element fusion-widget-area-1 fusion-content-widget-area\" style=\"--awb-title-size:20px;--awb-title-color:#333333;--awb-padding:0px 0px 0px 0px;\"><style type=\"text\/css\" data-id=\"tweets-widget-2\">#tweets-widget-2 li { border-color:#eaeaea;}<\/style><section id=\"tweets-widget-2\" class=\"widget tweets\" style=\"border-style: solid;border-color: #eaeaea;border-color:transparent;border-width:0px;\">\t\t\t\t\n\t\t<div style=\"overflow:hidden\">\n\t\t\t\t\t\t\t\t\t\t\t<a class=\"twitter-timeline\" data-dnt=\"true\" href=\"https:\/\/twitter.com\/@EPEN_Informa\" data-width=\"500\" data-height=\"300\" width=\"500\" height=\"300\" data-theme=\"light\" data-link-color=\"##25a9bd\" data-border-color=\"#eaeaea\" data-chrome=\"\">Tweets por @EPEN_Informa<\/a>\n\t\t\t\t\t\t\t\n\t\t\t\t\t\t\t\t\t\t\t<script async src=\"\/\/platform.twitter.com\/widgets.js\" charset=\"utf-8\"><\/script>\n\t\t\t\t\t\t\t\n\t\t<\/div>\n\t\t<\/section>\n\t\t<section id=\"recent-posts-3\" class=\"widget widget_recent_entries\" style=\"border-style: solid;border-color:transparent;border-width:0px;\">\n\t\t<div class=\"heading\"><h4 class=\"widget-title\">Entradas recientes<\/h4><\/div>\n\t\t<ul>\n\t\t\t\t\t\t\t\t\t\t\t<li>\n\t\t\t\t\t<a href=\"https:\/\/www.epen.gov.ar\/index.php\/2026\/04\/30\/licitacion-publica-n-14-2026-contratacion-de-servicios-de-desarrollo-y-mantenimiento-de-sistemas-informaticos\/\">LICITACI\u00d3N P\u00daBLICA N\u00b0 14\/2026 CONTRATACI\u00d3N DE SERVICIOS DE DESARROLLO Y MANTENIMIENTO DE SISTEMAS INFORM\u00c1TICOS<\/a>\n\t\t\t\t\t\t\t\t\t\t\t<span class=\"post-date\">30\/04\/2026<\/span>\n\t\t\t\t\t\t\t\t\t<\/li>\n\t\t\t\t\t\t\t\t\t\t\t<li>\n\t\t\t\t\t<a href=\"https:\/\/www.epen.gov.ar\/index.php\/2026\/04\/29\/corte-programado-en-sectores-de-centenario-el-30-04-2026\/\">Corte Programado en sectores de Centenario el 30\/04\/2026<\/a>\n\t\t\t\t\t\t\t\t\t\t\t<span class=\"post-date\">29\/04\/2026<\/span>\n\t\t\t\t\t\t\t\t\t<\/li>\n\t\t\t\t\t\t\t\t\t\t\t<li>\n\t\t\t\t\t<a href=\"https:\/\/www.epen.gov.ar\/index.php\/2026\/04\/28\/el-epen-impulsa-el-desarrollo-de-varvarco-con-nueva-infraestructura-para-17-lotes\/\">El EPEN impulsa el desarrollo de Varvarco con nueva infraestructura para 17 lotes<\/a>\n\t\t\t\t\t\t\t\t\t\t\t<span class=\"post-date\">28\/04\/2026<\/span>\n\t\t\t\t\t\t\t\t\t<\/li>\n\t\t\t\t\t\t\t\t\t\t\t<li>\n\t\t\t\t\t<a href=\"https:\/\/www.epen.gov.ar\/index.php\/2026\/04\/28\/corte-programado-en-sectores-de-zona-nahueve-el-30-04-2026\/\">Corte Programado en sectores de zona Nahueve el 30\/04\/2026<\/a>\n\t\t\t\t\t\t\t\t\t\t\t<span class=\"post-date\">28\/04\/2026<\/span>\n\t\t\t\t\t\t\t\t\t<\/li>\n\t\t\t\t\t\t\t\t\t\t\t<li>\n\t\t\t\t\t<a href=\"https:\/\/www.epen.gov.ar\/index.php\/2026\/04\/24\/corte-programado-en-sectores-de-san-martin-de-los-andes-el-25-04-2026\/\">Corte Programado en sectores de San Mart\u00edn de los Andes el 25\/04\/2026<\/a>\n\t\t\t\t\t\t\t\t\t\t\t<span class=\"post-date\">24\/04\/2026<\/span>\n\t\t\t\t\t\t\t\t\t<\/li>\n\t\t\t\t\t<\/ul>\n\n\t\t<\/section><div class=\"fusion-additional-widget-content\"><\/div><\/div><div class=\"fusion-clearfix\"><\/div><\/div><\/div><\/div><\/div>\n","protected":false},"excerpt":{"rendered":"","protected":false},"author":1,"featured_media":5208,"comment_status":"open","ping_status":"open","sticky":false,"template":"","format":"standard","meta":{"_exactmetrics_skip_tracking":false,"_exactmetrics_sitenote_active":false,"_exactmetrics_sitenote_note":"","_exactmetrics_sitenote_category":0,"footnotes":""},"categories":[84],"tags":[],"class_list":["post-5207","post","type-post","status-publish","format-standard","has-post-thumbnail","hentry","category-noticias"],"yoast_head":"<!-- This site is optimized with the Yoast SEO plugin v27.2 - https:\/\/yoast.com\/product\/yoast-seo-wordpress\/ -->\n<title>EPEN - El EPEN realizar\u00e1 cortes programados para incorporar la nueva E.T. Bajada Colorada al SADI<\/title>\n<meta name=\"description\" content=\"El EPEN realizar\u00e1 cortes programados para incorporar la nueva E.T. Bajada Colorada al SADI Noticias\" \/>\n<meta name=\"robots\" content=\"index, follow, max-snippet:-1, max-image-preview:large, max-video-preview:-1\" \/>\n<link rel=\"canonical\" href=\"https:\/\/www.epen.gov.ar\/index.php\/2020\/02\/07\/el-epen-realizara-cortes-programados-para-incorporar-la-nueva-estacion-transformadora-bajada-colorada-al-sadi\/\" \/>\n<meta property=\"og:locale\" content=\"es_ES\" \/>\n<meta property=\"og:type\" content=\"article\" \/>\n<meta property=\"og:title\" content=\"EPEN - El EPEN realizar\u00e1 cortes programados para incorporar la nueva E.T. Bajada Colorada al SADI\" \/>\n<meta property=\"og:description\" content=\"El EPEN realizar\u00e1 cortes programados para incorporar la nueva E.T. Bajada Colorada al SADI Noticias\" \/>\n<meta property=\"og:url\" content=\"https:\/\/www.epen.gov.ar\/index.php\/2020\/02\/07\/el-epen-realizara-cortes-programados-para-incorporar-la-nueva-estacion-transformadora-bajada-colorada-al-sadi\/\" \/>\n<meta property=\"og:site_name\" content=\"EPEN\" \/>\n<meta property=\"article:publisher\" content=\"https:\/\/www.facebook.com\/EPEN.Neuquen\" \/>\n<meta property=\"article:published_time\" content=\"2020-02-07T21:48:48+00:00\" \/>\n<meta property=\"article:modified_time\" content=\"2020-02-07T21:58:49+00:00\" \/>\n<meta property=\"og:image\" content=\"https:\/\/www.epen.gov.ar\/wp-content\/uploads\/2020\/02\/IMG_20200124_175758748-scaled-e1581112074490.jpg\" \/>\n\t<meta property=\"og:image:width\" content=\"2560\" \/>\n\t<meta property=\"og:image:height\" content=\"1088\" \/>\n\t<meta property=\"og:image:type\" content=\"image\/jpeg\" \/>\n<meta name=\"author\" content=\"Prensa EPEN\" \/>\n<meta name=\"twitter:card\" content=\"summary_large_image\" \/>\n<meta name=\"twitter:creator\" content=\"@EPEN_Informa\" \/>\n<meta name=\"twitter:site\" content=\"@EPEN_Informa\" \/>\n<meta name=\"twitter:label1\" content=\"Escrito por\" \/>\n\t<meta name=\"twitter:data1\" content=\"Prensa EPEN\" \/>\n\t<meta name=\"twitter:label2\" content=\"Tiempo de lectura\" \/>\n\t<meta name=\"twitter:data2\" content=\"3 minutos\" \/>\n<script type=\"application\/ld+json\" class=\"yoast-schema-graph\">{\"@context\":\"https:\/\/schema.org\",\"@graph\":[{\"@type\":\"Article\",\"@id\":\"https:\/\/www.epen.gov.ar\/index.php\/2020\/02\/07\/el-epen-realizara-cortes-programados-para-incorporar-la-nueva-estacion-transformadora-bajada-colorada-al-sadi\/#article\",\"isPartOf\":{\"@id\":\"https:\/\/www.epen.gov.ar\/index.php\/2020\/02\/07\/el-epen-realizara-cortes-programados-para-incorporar-la-nueva-estacion-transformadora-bajada-colorada-al-sadi\/\"},\"author\":{\"name\":\"Prensa EPEN\",\"@id\":\"https:\/\/www.epen.gov.ar\/#\/schema\/person\/ce6cff87c2fc01264becc10fa105ad4f\"},\"headline\":\"El EPEN realizar\u00e1 cortes programados para incorporar la nueva E.T. Bajada Colorada al SADI\",\"datePublished\":\"2020-02-07T21:48:48+00:00\",\"dateModified\":\"2020-02-07T21:58:49+00:00\",\"mainEntityOfPage\":{\"@id\":\"https:\/\/www.epen.gov.ar\/index.php\/2020\/02\/07\/el-epen-realizara-cortes-programados-para-incorporar-la-nueva-estacion-transformadora-bajada-colorada-al-sadi\/\"},\"wordCount\":627,\"commentCount\":0,\"publisher\":{\"@id\":\"https:\/\/www.epen.gov.ar\/#organization\"},\"image\":{\"@id\":\"https:\/\/www.epen.gov.ar\/index.php\/2020\/02\/07\/el-epen-realizara-cortes-programados-para-incorporar-la-nueva-estacion-transformadora-bajada-colorada-al-sadi\/#primaryimage\"},\"thumbnailUrl\":\"https:\/\/www.epen.gov.ar\/wp-content\/uploads\/2020\/02\/IMG_20200124_175758748-scaled-e1581112074490.jpg\",\"articleSection\":[\"Noticias\"],\"inLanguage\":\"es\",\"potentialAction\":[{\"@type\":\"CommentAction\",\"name\":\"Comment\",\"target\":[\"https:\/\/www.epen.gov.ar\/index.php\/2020\/02\/07\/el-epen-realizara-cortes-programados-para-incorporar-la-nueva-estacion-transformadora-bajada-colorada-al-sadi\/#respond\"]}]},{\"@type\":\"WebPage\",\"@id\":\"https:\/\/www.epen.gov.ar\/index.php\/2020\/02\/07\/el-epen-realizara-cortes-programados-para-incorporar-la-nueva-estacion-transformadora-bajada-colorada-al-sadi\/\",\"url\":\"https:\/\/www.epen.gov.ar\/index.php\/2020\/02\/07\/el-epen-realizara-cortes-programados-para-incorporar-la-nueva-estacion-transformadora-bajada-colorada-al-sadi\/\",\"name\":\"EPEN - El EPEN realizar\u00e1 cortes programados para incorporar la nueva E.T. Bajada Colorada al SADI\",\"isPartOf\":{\"@id\":\"https:\/\/www.epen.gov.ar\/#website\"},\"primaryImageOfPage\":{\"@id\":\"https:\/\/www.epen.gov.ar\/index.php\/2020\/02\/07\/el-epen-realizara-cortes-programados-para-incorporar-la-nueva-estacion-transformadora-bajada-colorada-al-sadi\/#primaryimage\"},\"image\":{\"@id\":\"https:\/\/www.epen.gov.ar\/index.php\/2020\/02\/07\/el-epen-realizara-cortes-programados-para-incorporar-la-nueva-estacion-transformadora-bajada-colorada-al-sadi\/#primaryimage\"},\"thumbnailUrl\":\"https:\/\/www.epen.gov.ar\/wp-content\/uploads\/2020\/02\/IMG_20200124_175758748-scaled-e1581112074490.jpg\",\"datePublished\":\"2020-02-07T21:48:48+00:00\",\"dateModified\":\"2020-02-07T21:58:49+00:00\",\"description\":\"El EPEN realizar\u00e1 cortes programados para incorporar la nueva E.T. Bajada Colorada al SADI Noticias\",\"breadcrumb\":{\"@id\":\"https:\/\/www.epen.gov.ar\/index.php\/2020\/02\/07\/el-epen-realizara-cortes-programados-para-incorporar-la-nueva-estacion-transformadora-bajada-colorada-al-sadi\/#breadcrumb\"},\"inLanguage\":\"es\",\"potentialAction\":[{\"@type\":\"ReadAction\",\"target\":[\"https:\/\/www.epen.gov.ar\/index.php\/2020\/02\/07\/el-epen-realizara-cortes-programados-para-incorporar-la-nueva-estacion-transformadora-bajada-colorada-al-sadi\/\"]}]},{\"@type\":\"ImageObject\",\"inLanguage\":\"es\",\"@id\":\"https:\/\/www.epen.gov.ar\/index.php\/2020\/02\/07\/el-epen-realizara-cortes-programados-para-incorporar-la-nueva-estacion-transformadora-bajada-colorada-al-sadi\/#primaryimage\",\"url\":\"https:\/\/www.epen.gov.ar\/wp-content\/uploads\/2020\/02\/IMG_20200124_175758748-scaled-e1581112074490.jpg\",\"contentUrl\":\"https:\/\/www.epen.gov.ar\/wp-content\/uploads\/2020\/02\/IMG_20200124_175758748-scaled-e1581112074490.jpg\",\"width\":2560,\"height\":1088},{\"@type\":\"BreadcrumbList\",\"@id\":\"https:\/\/www.epen.gov.ar\/index.php\/2020\/02\/07\/el-epen-realizara-cortes-programados-para-incorporar-la-nueva-estacion-transformadora-bajada-colorada-al-sadi\/#breadcrumb\",\"itemListElement\":[{\"@type\":\"ListItem\",\"position\":1,\"name\":\"Inicio\",\"item\":\"https:\/\/www.epen.gov.ar\/\"},{\"@type\":\"ListItem\",\"position\":2,\"name\":\"El EPEN realizar\u00e1 cortes programados para incorporar la nueva E.T. Bajada Colorada al SADI\"}]},{\"@type\":\"WebSite\",\"@id\":\"https:\/\/www.epen.gov.ar\/#website\",\"url\":\"https:\/\/www.epen.gov.ar\/\",\"name\":\"EPEN\",\"description\":\"Ente Provincial de Energ\u00eda del Neuqu\u00e9n\",\"publisher\":{\"@id\":\"https:\/\/www.epen.gov.ar\/#organization\"},\"potentialAction\":[{\"@type\":\"SearchAction\",\"target\":{\"@type\":\"EntryPoint\",\"urlTemplate\":\"https:\/\/www.epen.gov.ar\/?s={search_term_string}\"},\"query-input\":{\"@type\":\"PropertyValueSpecification\",\"valueRequired\":true,\"valueName\":\"search_term_string\"}}],\"inLanguage\":\"es\"},{\"@type\":\"Organization\",\"@id\":\"https:\/\/www.epen.gov.ar\/#organization\",\"name\":\"Ente Provincial de Energ\u00eda del Neuqu\u00e9n\",\"url\":\"https:\/\/www.epen.gov.ar\/\",\"logo\":{\"@type\":\"ImageObject\",\"inLanguage\":\"es\",\"@id\":\"https:\/\/www.epen.gov.ar\/#\/schema\/logo\/image\/\",\"url\":\"https:\/\/www.epen.gov.ar\/wp-content\/uploads\/2024\/02\/Logo-EPEN-2.jpg\",\"contentUrl\":\"https:\/\/www.epen.gov.ar\/wp-content\/uploads\/2024\/02\/Logo-EPEN-2.jpg\",\"width\":696,\"height\":696,\"caption\":\"Ente Provincial de Energ\u00eda del Neuqu\u00e9n\"},\"image\":{\"@id\":\"https:\/\/www.epen.gov.ar\/#\/schema\/logo\/image\/\"},\"sameAs\":[\"https:\/\/www.facebook.com\/EPEN.Neuquen\",\"https:\/\/x.com\/EPEN_Informa\",\"https:\/\/www.youtube.com\/@epenprensa7384\"]},{\"@type\":\"Person\",\"@id\":\"https:\/\/www.epen.gov.ar\/#\/schema\/person\/ce6cff87c2fc01264becc10fa105ad4f\",\"name\":\"Prensa EPEN\",\"image\":{\"@type\":\"ImageObject\",\"inLanguage\":\"es\",\"@id\":\"https:\/\/secure.gravatar.com\/avatar\/f8120b8688012ccf2d7fbcf7a970cfbabf0ab63b09c2dbd72c194bee080070e9?s=96&d=mm&r=g\",\"url\":\"https:\/\/secure.gravatar.com\/avatar\/f8120b8688012ccf2d7fbcf7a970cfbabf0ab63b09c2dbd72c194bee080070e9?s=96&d=mm&r=g\",\"contentUrl\":\"https:\/\/secure.gravatar.com\/avatar\/f8120b8688012ccf2d7fbcf7a970cfbabf0ab63b09c2dbd72c194bee080070e9?s=96&d=mm&r=g\",\"caption\":\"Prensa EPEN\"},\"url\":\"https:\/\/www.epen.gov.ar\/index.php\/author\/admin\/\"}]}<\/script>\n<!-- \/ Yoast SEO plugin. -->","yoast_head_json":{"title":"EPEN - El EPEN realizar\u00e1 cortes programados para incorporar la nueva E.T. Bajada Colorada al SADI","description":"El EPEN realizar\u00e1 cortes programados para incorporar la nueva E.T. Bajada Colorada al SADI Noticias","robots":{"index":"index","follow":"follow","max-snippet":"max-snippet:-1","max-image-preview":"max-image-preview:large","max-video-preview":"max-video-preview:-1"},"canonical":"https:\/\/www.epen.gov.ar\/index.php\/2020\/02\/07\/el-epen-realizara-cortes-programados-para-incorporar-la-nueva-estacion-transformadora-bajada-colorada-al-sadi\/","og_locale":"es_ES","og_type":"article","og_title":"EPEN - El EPEN realizar\u00e1 cortes programados para incorporar la nueva E.T. Bajada Colorada al SADI","og_description":"El EPEN realizar\u00e1 cortes programados para incorporar la nueva E.T. Bajada Colorada al SADI Noticias","og_url":"https:\/\/www.epen.gov.ar\/index.php\/2020\/02\/07\/el-epen-realizara-cortes-programados-para-incorporar-la-nueva-estacion-transformadora-bajada-colorada-al-sadi\/","og_site_name":"EPEN","article_publisher":"https:\/\/www.facebook.com\/EPEN.Neuquen","article_published_time":"2020-02-07T21:48:48+00:00","article_modified_time":"2020-02-07T21:58:49+00:00","og_image":[{"width":2560,"height":1088,"url":"https:\/\/www.epen.gov.ar\/wp-content\/uploads\/2020\/02\/IMG_20200124_175758748-scaled-e1581112074490.jpg","type":"image\/jpeg"}],"author":"Prensa EPEN","twitter_card":"summary_large_image","twitter_creator":"@EPEN_Informa","twitter_site":"@EPEN_Informa","twitter_misc":{"Escrito por":"Prensa EPEN","Tiempo de lectura":"3 minutos"},"schema":{"@context":"https:\/\/schema.org","@graph":[{"@type":"Article","@id":"https:\/\/www.epen.gov.ar\/index.php\/2020\/02\/07\/el-epen-realizara-cortes-programados-para-incorporar-la-nueva-estacion-transformadora-bajada-colorada-al-sadi\/#article","isPartOf":{"@id":"https:\/\/www.epen.gov.ar\/index.php\/2020\/02\/07\/el-epen-realizara-cortes-programados-para-incorporar-la-nueva-estacion-transformadora-bajada-colorada-al-sadi\/"},"author":{"name":"Prensa EPEN","@id":"https:\/\/www.epen.gov.ar\/#\/schema\/person\/ce6cff87c2fc01264becc10fa105ad4f"},"headline":"El EPEN realizar\u00e1 cortes programados para incorporar la nueva E.T. Bajada Colorada al SADI","datePublished":"2020-02-07T21:48:48+00:00","dateModified":"2020-02-07T21:58:49+00:00","mainEntityOfPage":{"@id":"https:\/\/www.epen.gov.ar\/index.php\/2020\/02\/07\/el-epen-realizara-cortes-programados-para-incorporar-la-nueva-estacion-transformadora-bajada-colorada-al-sadi\/"},"wordCount":627,"commentCount":0,"publisher":{"@id":"https:\/\/www.epen.gov.ar\/#organization"},"image":{"@id":"https:\/\/www.epen.gov.ar\/index.php\/2020\/02\/07\/el-epen-realizara-cortes-programados-para-incorporar-la-nueva-estacion-transformadora-bajada-colorada-al-sadi\/#primaryimage"},"thumbnailUrl":"https:\/\/www.epen.gov.ar\/wp-content\/uploads\/2020\/02\/IMG_20200124_175758748-scaled-e1581112074490.jpg","articleSection":["Noticias"],"inLanguage":"es","potentialAction":[{"@type":"CommentAction","name":"Comment","target":["https:\/\/www.epen.gov.ar\/index.php\/2020\/02\/07\/el-epen-realizara-cortes-programados-para-incorporar-la-nueva-estacion-transformadora-bajada-colorada-al-sadi\/#respond"]}]},{"@type":"WebPage","@id":"https:\/\/www.epen.gov.ar\/index.php\/2020\/02\/07\/el-epen-realizara-cortes-programados-para-incorporar-la-nueva-estacion-transformadora-bajada-colorada-al-sadi\/","url":"https:\/\/www.epen.gov.ar\/index.php\/2020\/02\/07\/el-epen-realizara-cortes-programados-para-incorporar-la-nueva-estacion-transformadora-bajada-colorada-al-sadi\/","name":"EPEN - El EPEN realizar\u00e1 cortes programados para incorporar la nueva E.T. Bajada Colorada al SADI","isPartOf":{"@id":"https:\/\/www.epen.gov.ar\/#website"},"primaryImageOfPage":{"@id":"https:\/\/www.epen.gov.ar\/index.php\/2020\/02\/07\/el-epen-realizara-cortes-programados-para-incorporar-la-nueva-estacion-transformadora-bajada-colorada-al-sadi\/#primaryimage"},"image":{"@id":"https:\/\/www.epen.gov.ar\/index.php\/2020\/02\/07\/el-epen-realizara-cortes-programados-para-incorporar-la-nueva-estacion-transformadora-bajada-colorada-al-sadi\/#primaryimage"},"thumbnailUrl":"https:\/\/www.epen.gov.ar\/wp-content\/uploads\/2020\/02\/IMG_20200124_175758748-scaled-e1581112074490.jpg","datePublished":"2020-02-07T21:48:48+00:00","dateModified":"2020-02-07T21:58:49+00:00","description":"El EPEN realizar\u00e1 cortes programados para incorporar la nueva E.T. Bajada Colorada al SADI Noticias","breadcrumb":{"@id":"https:\/\/www.epen.gov.ar\/index.php\/2020\/02\/07\/el-epen-realizara-cortes-programados-para-incorporar-la-nueva-estacion-transformadora-bajada-colorada-al-sadi\/#breadcrumb"},"inLanguage":"es","potentialAction":[{"@type":"ReadAction","target":["https:\/\/www.epen.gov.ar\/index.php\/2020\/02\/07\/el-epen-realizara-cortes-programados-para-incorporar-la-nueva-estacion-transformadora-bajada-colorada-al-sadi\/"]}]},{"@type":"ImageObject","inLanguage":"es","@id":"https:\/\/www.epen.gov.ar\/index.php\/2020\/02\/07\/el-epen-realizara-cortes-programados-para-incorporar-la-nueva-estacion-transformadora-bajada-colorada-al-sadi\/#primaryimage","url":"https:\/\/www.epen.gov.ar\/wp-content\/uploads\/2020\/02\/IMG_20200124_175758748-scaled-e1581112074490.jpg","contentUrl":"https:\/\/www.epen.gov.ar\/wp-content\/uploads\/2020\/02\/IMG_20200124_175758748-scaled-e1581112074490.jpg","width":2560,"height":1088},{"@type":"BreadcrumbList","@id":"https:\/\/www.epen.gov.ar\/index.php\/2020\/02\/07\/el-epen-realizara-cortes-programados-para-incorporar-la-nueva-estacion-transformadora-bajada-colorada-al-sadi\/#breadcrumb","itemListElement":[{"@type":"ListItem","position":1,"name":"Inicio","item":"https:\/\/www.epen.gov.ar\/"},{"@type":"ListItem","position":2,"name":"El EPEN realizar\u00e1 cortes programados para incorporar la nueva E.T. Bajada Colorada al SADI"}]},{"@type":"WebSite","@id":"https:\/\/www.epen.gov.ar\/#website","url":"https:\/\/www.epen.gov.ar\/","name":"EPEN","description":"Ente Provincial de Energ\u00eda del Neuqu\u00e9n","publisher":{"@id":"https:\/\/www.epen.gov.ar\/#organization"},"potentialAction":[{"@type":"SearchAction","target":{"@type":"EntryPoint","urlTemplate":"https:\/\/www.epen.gov.ar\/?s={search_term_string}"},"query-input":{"@type":"PropertyValueSpecification","valueRequired":true,"valueName":"search_term_string"}}],"inLanguage":"es"},{"@type":"Organization","@id":"https:\/\/www.epen.gov.ar\/#organization","name":"Ente Provincial de Energ\u00eda del Neuqu\u00e9n","url":"https:\/\/www.epen.gov.ar\/","logo":{"@type":"ImageObject","inLanguage":"es","@id":"https:\/\/www.epen.gov.ar\/#\/schema\/logo\/image\/","url":"https:\/\/www.epen.gov.ar\/wp-content\/uploads\/2024\/02\/Logo-EPEN-2.jpg","contentUrl":"https:\/\/www.epen.gov.ar\/wp-content\/uploads\/2024\/02\/Logo-EPEN-2.jpg","width":696,"height":696,"caption":"Ente Provincial de Energ\u00eda del Neuqu\u00e9n"},"image":{"@id":"https:\/\/www.epen.gov.ar\/#\/schema\/logo\/image\/"},"sameAs":["https:\/\/www.facebook.com\/EPEN.Neuquen","https:\/\/x.com\/EPEN_Informa","https:\/\/www.youtube.com\/@epenprensa7384"]},{"@type":"Person","@id":"https:\/\/www.epen.gov.ar\/#\/schema\/person\/ce6cff87c2fc01264becc10fa105ad4f","name":"Prensa EPEN","image":{"@type":"ImageObject","inLanguage":"es","@id":"https:\/\/secure.gravatar.com\/avatar\/f8120b8688012ccf2d7fbcf7a970cfbabf0ab63b09c2dbd72c194bee080070e9?s=96&d=mm&r=g","url":"https:\/\/secure.gravatar.com\/avatar\/f8120b8688012ccf2d7fbcf7a970cfbabf0ab63b09c2dbd72c194bee080070e9?s=96&d=mm&r=g","contentUrl":"https:\/\/secure.gravatar.com\/avatar\/f8120b8688012ccf2d7fbcf7a970cfbabf0ab63b09c2dbd72c194bee080070e9?s=96&d=mm&r=g","caption":"Prensa EPEN"},"url":"https:\/\/www.epen.gov.ar\/index.php\/author\/admin\/"}]}},"_links":{"self":[{"href":"https:\/\/www.epen.gov.ar\/index.php\/wp-json\/wp\/v2\/posts\/5207","targetHints":{"allow":["GET"]}}],"collection":[{"href":"https:\/\/www.epen.gov.ar\/index.php\/wp-json\/wp\/v2\/posts"}],"about":[{"href":"https:\/\/www.epen.gov.ar\/index.php\/wp-json\/wp\/v2\/types\/post"}],"author":[{"embeddable":true,"href":"https:\/\/www.epen.gov.ar\/index.php\/wp-json\/wp\/v2\/users\/1"}],"replies":[{"embeddable":true,"href":"https:\/\/www.epen.gov.ar\/index.php\/wp-json\/wp\/v2\/comments?post=5207"}],"version-history":[{"count":5,"href":"https:\/\/www.epen.gov.ar\/index.php\/wp-json\/wp\/v2\/posts\/5207\/revisions"}],"predecessor-version":[{"id":67105,"href":"https:\/\/www.epen.gov.ar\/index.php\/wp-json\/wp\/v2\/posts\/5207\/revisions\/67105"}],"wp:featuredmedia":[{"embeddable":true,"href":"https:\/\/www.epen.gov.ar\/index.php\/wp-json\/wp\/v2\/media\/5208"}],"wp:attachment":[{"href":"https:\/\/www.epen.gov.ar\/index.php\/wp-json\/wp\/v2\/media?parent=5207"}],"wp:term":[{"taxonomy":"category","embeddable":true,"href":"https:\/\/www.epen.gov.ar\/index.php\/wp-json\/wp\/v2\/categories?post=5207"},{"taxonomy":"post_tag","embeddable":true,"href":"https:\/\/www.epen.gov.ar\/index.php\/wp-json\/wp\/v2\/tags?post=5207"}],"curies":[{"name":"wp","href":"https:\/\/api.w.org\/{rel}","templated":true}]}}