{"id":49845,"date":"2022-01-29T11:31:45","date_gmt":"2022-01-29T14:31:45","guid":{"rendered":"http:\/\/192.168.200.48\/?p=49845"},"modified":"2022-01-29T11:31:45","modified_gmt":"2022-01-29T14:31:45","slug":"la-electrificacion-rural-en-el-sur-llevara-desarrollo-a-una-vasta-zona","status":"publish","type":"post","link":"https:\/\/www.epen.gov.ar\/index.php\/2022\/01\/29\/la-electrificacion-rural-en-el-sur-llevara-desarrollo-a-una-vasta-zona\/","title":{"rendered":"La electrificaci\u00f3n rural en el sur llevar\u00e1 desarrollo a una vasta zona"},"content":{"rendered":"<div class=\"fusion-fullwidth fullwidth-box fusion-builder-row-1 nonhundred-percent-fullwidth non-hundred-percent-height-scrolling\" style=\"--awb-border-radius-top-left:0px;--awb-border-radius-top-right:0px;--awb-border-radius-bottom-right:0px;--awb-border-radius-bottom-left:0px;--awb-flex-wrap:wrap;\" ><div class=\"fusion-builder-row fusion-row\"><div class=\"fusion-layout-column fusion_builder_column fusion-builder-column-0 fusion_builder_column_2_3 2_3 fusion-two-third fusion-column-first\" style=\"--awb-bg-size:cover;width:66.666666666667%;width:calc(66.666666666667% - ( ( 4% ) * 0.66666666666667 ) );margin-right: 4%;\"><div class=\"fusion-column-wrapper fusion-column-has-shadow fusion-flex-column-wrapper-legacy\"><div class=\"fusion-text fusion-text-1\" style=\"--awb-text-transform:none;\"><p class=\"bajada\"><em><strong>Las obras de infraestructura el\u00e9ctrica traer\u00e1n beneficios a Jun\u00edn, Las Coloradas, San Ignacio, la Costa de Catan Lil y El salitral, entre otras. Ya cuentan con m\u00e1s del 60% de avance.<\/strong><\/em><\/p>\n<p class=\"bajada\">El Ente Provincial de Energ\u00eda del Neuqu\u00e9n (EPEN) sigue avanzando con el desarrollo de infraestructura el\u00e9ctrica para llegar con energ\u00eda por redes no s\u00f3lo a varios parajes de los departamentos Huiliches, Catan Lil y Coll\u00f3n Cura en el sur neuquino, sino tambi\u00e9n a la localidad de Las Coloradas, la cual se conectar\u00e1 al sistema el\u00e9ctrico provincial. El avance ha alcanzado un 60% promedio y se espera que las obras concluyan durante el primer semestre de este a\u00f1o.<\/p>\n<p>Los trabajos para concretar la llegada de la energ\u00eda, son parte de la cuarta fase del Programa de Servicios Agr\u00edcolas Provinciales (PROSAP) y est\u00e1 coordinado entre la Naci\u00f3n con el Ministerio de Producci\u00f3n e Industria del Neuqu\u00e9n, la UPEFE y el EPEN como \u00f3rgano ejecutor de las obras.<\/p>\n<p>Este viernes, en la recorrida de obras, el presidente del EPEN Francisco Zambon indic\u00f3 que \u201crecorrimos junto a nuestro personal t\u00e9cnico y supervisamos el gran avance sobre el tendido de la l\u00ednea doble terna de hormig\u00f3n que nace en la estaci\u00f3n de P\u00edo Protto en la localidad de San Mart\u00edn y contin\u00faa la traza de la Ruta 40 hasta Jun\u00edn de los Andes y tambi\u00e9n -continu\u00f3- las tareas de montaje de postes y construcci\u00f3n de subestaciones transformadoras \u2013como la del Salitral y Las Coloradas\u201d.<\/p>\n<p>La inversi\u00f3n global se compone de 18 millones de d\u00f3lares con los cuales se contempla todo el proyecto de obras y fortalecimiento institucional.<\/p>\n<p>Zambon explic\u00f3 que en algunos casos \u2013 \u201clas empresas contratistas se han relacionado con las comunidades y algunas personas pasaron a formar parte del personal contratado, motorizando la econom\u00eda local\u201d.<\/p>\n<p>En total, ser\u00e1n m\u00e1s de 6.500 las familias beneficiadas, entre usuarios actuales de las localidades de Jun\u00edn de los Andes y Las Coloradas, m\u00e1s los nuevos usuarios. Dentro de los beneficiarios se encuentran las Comunidades Cayulef y Namuncur\u00e1, 3 escuelas rurales, 2 puestos sanitarios, entidades religiosas y m\u00e1s de 500 entidades agropecuarias.<\/p>\n<p><img decoding=\"async\" class=\"alignnone size-full wp-image-49858\" src=\"https:\/\/www.epen.gov.ar\/wp-content\/uploads\/2022\/01\/prosap-sur-2-scaled-e1643466682913.jpg\" alt=\"\" width=\"2560\" height=\"1414\" srcset=\"https:\/\/www.epen.gov.ar\/wp-content\/uploads\/2022\/01\/prosap-sur-2-scaled-e1643466682913-200x110.jpg 200w, https:\/\/www.epen.gov.ar\/wp-content\/uploads\/2022\/01\/prosap-sur-2-scaled-e1643466682913-300x166.jpg 300w, https:\/\/www.epen.gov.ar\/wp-content\/uploads\/2022\/01\/prosap-sur-2-scaled-e1643466682913-400x221.jpg 400w, https:\/\/www.epen.gov.ar\/wp-content\/uploads\/2022\/01\/prosap-sur-2-scaled-e1643466682913-600x331.jpg 600w, https:\/\/www.epen.gov.ar\/wp-content\/uploads\/2022\/01\/prosap-sur-2-scaled-e1643466682913-768x424.jpg 768w, https:\/\/www.epen.gov.ar\/wp-content\/uploads\/2022\/01\/prosap-sur-2-scaled-e1643466682913-800x442.jpg 800w, https:\/\/www.epen.gov.ar\/wp-content\/uploads\/2022\/01\/prosap-sur-2-scaled-e1643466682913-1200x663.jpg 1200w, https:\/\/www.epen.gov.ar\/wp-content\/uploads\/2022\/01\/prosap-sur-2-scaled-e1643466682913-1280x707.jpg 1280w, https:\/\/www.epen.gov.ar\/wp-content\/uploads\/2022\/01\/prosap-sur-2-scaled-e1643466682913-1536x848.jpg 1536w, https:\/\/www.epen.gov.ar\/wp-content\/uploads\/2022\/01\/prosap-sur-2-scaled-e1643466682913.jpg 2560w\" sizes=\"(max-width: 2560px) 100vw, 2560px\" \/><\/p>\n<\/div><div class=\"fusion-clearfix\"><\/div><\/div><\/div><div class=\"fusion-layout-column fusion_builder_column fusion-builder-column-1 fusion_builder_column_1_3 1_3 fusion-one-third fusion-column-last\" style=\"--awb-bg-size:cover;width:33.333333333333%;width:calc(33.333333333333% - ( ( 4% ) * 0.33333333333333 ) );\"><div class=\"fusion-column-wrapper fusion-column-has-shadow fusion-flex-column-wrapper-legacy\"><div class=\"fusion-widget-area awb-widget-area-element fusion-widget-area-1 fusion-content-widget-area\" style=\"--awb-title-size:20px;--awb-title-color:#333333;--awb-padding:0px 0px 0px 0px;\"><style type=\"text\/css\" data-id=\"tweets-widget-2\">#tweets-widget-2 li { border-color:#eaeaea;}<\/style><section id=\"tweets-widget-2\" class=\"widget tweets\" style=\"border-style: solid;border-color: #eaeaea;border-color:transparent;border-width:0px;\">\t\t\t\t\n\t\t<div style=\"overflow:hidden\">\n\t\t\t\t\t\t\t\t\t\t\t<a class=\"twitter-timeline\" data-dnt=\"true\" href=\"https:\/\/twitter.com\/@EPEN_Informa\" data-width=\"500\" data-height=\"300\" width=\"500\" height=\"300\" data-theme=\"light\" data-link-color=\"##25a9bd\" data-border-color=\"#eaeaea\" data-chrome=\"\">Tweets por @EPEN_Informa<\/a>\n\t\t\t\t\t\t\t\n\t\t\t\t\t\t\t\t\t\t\t<script async src=\"\/\/platform.twitter.com\/widgets.js\" charset=\"utf-8\"><\/script>\n\t\t\t\t\t\t\t\n\t\t<\/div>\n\t\t<\/section>\n\t\t<section id=\"recent-posts-3\" class=\"widget widget_recent_entries\" style=\"border-style: solid;border-color:transparent;border-width:0px;\">\n\t\t<div class=\"heading\"><h4 class=\"widget-title\">Entradas recientes<\/h4><\/div>\n\t\t<ul>\n\t\t\t\t\t\t\t\t\t\t\t<li>\n\t\t\t\t\t<a href=\"https:\/\/www.epen.gov.ar\/index.php\/2026\/04\/30\/corte-programado-en-sectores-de-rincon-de-los-sauces-el-02-05-2026\/\">Corte Programado en sectores de Rinc\u00f3n de los Sauces el 02\/05\/2026<\/a>\n\t\t\t\t\t\t\t\t\t\t\t<span class=\"post-date\">30\/04\/2026<\/span>\n\t\t\t\t\t\t\t\t\t<\/li>\n\t\t\t\t\t\t\t\t\t\t\t<li>\n\t\t\t\t\t<a href=\"https:\/\/www.epen.gov.ar\/index.php\/2026\/04\/30\/licitacion-publica-n-14-2026-contratacion-de-servicios-de-desarrollo-y-mantenimiento-de-sistemas-informaticos\/\">LICITACI\u00d3N P\u00daBLICA N\u00b0 14\/2026 CONTRATACI\u00d3N DE SERVICIOS DE DESARROLLO Y MANTENIMIENTO DE SISTEMAS INFORM\u00c1TICOS<\/a>\n\t\t\t\t\t\t\t\t\t\t\t<span class=\"post-date\">30\/04\/2026<\/span>\n\t\t\t\t\t\t\t\t\t<\/li>\n\t\t\t\t\t\t\t\t\t\t\t<li>\n\t\t\t\t\t<a href=\"https:\/\/www.epen.gov.ar\/index.php\/2026\/04\/29\/corte-programado-en-sectores-de-centenario-el-30-04-2026\/\">Corte Programado en sectores de Centenario el 30\/04\/2026<\/a>\n\t\t\t\t\t\t\t\t\t\t\t<span class=\"post-date\">29\/04\/2026<\/span>\n\t\t\t\t\t\t\t\t\t<\/li>\n\t\t\t\t\t\t\t\t\t\t\t<li>\n\t\t\t\t\t<a href=\"https:\/\/www.epen.gov.ar\/index.php\/2026\/04\/28\/el-epen-impulsa-el-desarrollo-de-varvarco-con-nueva-infraestructura-para-17-lotes\/\">El EPEN impulsa el desarrollo de Varvarco con nueva infraestructura para 17 lotes<\/a>\n\t\t\t\t\t\t\t\t\t\t\t<span class=\"post-date\">28\/04\/2026<\/span>\n\t\t\t\t\t\t\t\t\t<\/li>\n\t\t\t\t\t\t\t\t\t\t\t<li>\n\t\t\t\t\t<a href=\"https:\/\/www.epen.gov.ar\/index.php\/2026\/04\/28\/corte-programado-en-sectores-de-zona-nahueve-el-30-04-2026\/\">Corte Programado en sectores de zona Nahueve el 30\/04\/2026<\/a>\n\t\t\t\t\t\t\t\t\t\t\t<span class=\"post-date\">28\/04\/2026<\/span>\n\t\t\t\t\t\t\t\t\t<\/li>\n\t\t\t\t\t<\/ul>\n\n\t\t<\/section><div class=\"fusion-additional-widget-content\"><\/div><\/div><div class=\"fusion-clearfix\"><\/div><\/div><\/div><\/div><\/div>\n","protected":false},"excerpt":{"rendered":"","protected":false},"author":1,"featured_media":49859,"comment_status":"closed","ping_status":"closed","sticky":false,"template":"","format":"standard","meta":{"_exactmetrics_skip_tracking":false,"_exactmetrics_sitenote_active":false,"_exactmetrics_sitenote_note":"","_exactmetrics_sitenote_category":0,"footnotes":""},"categories":[84],"tags":[186,175,195,185],"class_list":["post-49845","post","type-post","status-publish","format-standard","has-post-thumbnail","hentry","category-noticias","tag-electrificacion-rural","tag-epen","tag-francisco-zambon","tag-junin-de-los-andes"],"yoast_head":"<!-- This site is optimized with the Yoast SEO plugin v27.2 - https:\/\/yoast.com\/product\/yoast-seo-wordpress\/ -->\n<title>EPEN - La electrificaci\u00f3n rural en el sur llevar\u00e1 desarrollo a una vasta zona<\/title>\n<meta name=\"description\" content=\"La electrificaci\u00f3n rural en el sur llevar\u00e1 desarrollo a una vasta zona\" \/>\n<meta name=\"robots\" content=\"index, follow, max-snippet:-1, max-image-preview:large, max-video-preview:-1\" \/>\n<link rel=\"canonical\" href=\"https:\/\/www.epen.gov.ar\/index.php\/2022\/01\/29\/la-electrificacion-rural-en-el-sur-llevara-desarrollo-a-una-vasta-zona\/\" \/>\n<meta property=\"og:locale\" content=\"es_ES\" \/>\n<meta property=\"og:type\" content=\"article\" \/>\n<meta property=\"og:title\" content=\"EPEN - La electrificaci\u00f3n rural en el sur llevar\u00e1 desarrollo a una vasta zona\" \/>\n<meta property=\"og:description\" content=\"La electrificaci\u00f3n rural en el sur llevar\u00e1 desarrollo a una vasta zona\" \/>\n<meta property=\"og:url\" content=\"https:\/\/www.epen.gov.ar\/index.php\/2022\/01\/29\/la-electrificacion-rural-en-el-sur-llevara-desarrollo-a-una-vasta-zona\/\" \/>\n<meta property=\"og:site_name\" content=\"EPEN\" \/>\n<meta property=\"article:publisher\" content=\"https:\/\/www.facebook.com\/EPEN.Neuquen\" \/>\n<meta property=\"article:published_time\" content=\"2022-01-29T14:31:45+00:00\" \/>\n<meta property=\"og:image\" content=\"https:\/\/www.epen.gov.ar\/wp-content\/uploads\/2022\/01\/prosap-sur-1-scaled-e1643466605555.jpg\" \/>\n\t<meta property=\"og:image:width\" content=\"2560\" \/>\n\t<meta property=\"og:image:height\" content=\"1049\" \/>\n\t<meta property=\"og:image:type\" content=\"image\/jpeg\" \/>\n<meta name=\"author\" content=\"Prensa EPEN\" \/>\n<meta name=\"twitter:card\" content=\"summary_large_image\" \/>\n<meta name=\"twitter:creator\" content=\"@EPEN_Informa\" \/>\n<meta name=\"twitter:site\" content=\"@EPEN_Informa\" \/>\n<meta name=\"twitter:label1\" content=\"Escrito por\" \/>\n\t<meta name=\"twitter:data1\" content=\"Prensa EPEN\" \/>\n\t<meta name=\"twitter:label2\" content=\"Tiempo de lectura\" \/>\n\t<meta name=\"twitter:data2\" content=\"4 minutos\" \/>\n<script type=\"application\/ld+json\" class=\"yoast-schema-graph\">{\"@context\":\"https:\/\/schema.org\",\"@graph\":[{\"@type\":\"Article\",\"@id\":\"https:\/\/www.epen.gov.ar\/index.php\/2022\/01\/29\/la-electrificacion-rural-en-el-sur-llevara-desarrollo-a-una-vasta-zona\/#article\",\"isPartOf\":{\"@id\":\"https:\/\/www.epen.gov.ar\/index.php\/2022\/01\/29\/la-electrificacion-rural-en-el-sur-llevara-desarrollo-a-una-vasta-zona\/\"},\"author\":{\"name\":\"Prensa EPEN\",\"@id\":\"https:\/\/www.epen.gov.ar\/#\/schema\/person\/ce6cff87c2fc01264becc10fa105ad4f\"},\"headline\":\"La electrificaci\u00f3n rural en el sur llevar\u00e1 desarrollo a una vasta zona\",\"datePublished\":\"2022-01-29T14:31:45+00:00\",\"mainEntityOfPage\":{\"@id\":\"https:\/\/www.epen.gov.ar\/index.php\/2022\/01\/29\/la-electrificacion-rural-en-el-sur-llevara-desarrollo-a-una-vasta-zona\/\"},\"wordCount\":812,\"publisher\":{\"@id\":\"https:\/\/www.epen.gov.ar\/#organization\"},\"image\":{\"@id\":\"https:\/\/www.epen.gov.ar\/index.php\/2022\/01\/29\/la-electrificacion-rural-en-el-sur-llevara-desarrollo-a-una-vasta-zona\/#primaryimage\"},\"thumbnailUrl\":\"https:\/\/www.epen.gov.ar\/wp-content\/uploads\/2022\/01\/prosap-sur-1-scaled-e1643466605555.jpg\",\"keywords\":[\"Electrificaci\u00f3n Rural\",\"EPEN\",\"Francisco Zambon\",\"Jun\u00edn de los Andes\"],\"articleSection\":[\"Noticias\"],\"inLanguage\":\"es\"},{\"@type\":\"WebPage\",\"@id\":\"https:\/\/www.epen.gov.ar\/index.php\/2022\/01\/29\/la-electrificacion-rural-en-el-sur-llevara-desarrollo-a-una-vasta-zona\/\",\"url\":\"https:\/\/www.epen.gov.ar\/index.php\/2022\/01\/29\/la-electrificacion-rural-en-el-sur-llevara-desarrollo-a-una-vasta-zona\/\",\"name\":\"EPEN - La electrificaci\u00f3n rural en el sur llevar\u00e1 desarrollo a una vasta zona\",\"isPartOf\":{\"@id\":\"https:\/\/www.epen.gov.ar\/#website\"},\"primaryImageOfPage\":{\"@id\":\"https:\/\/www.epen.gov.ar\/index.php\/2022\/01\/29\/la-electrificacion-rural-en-el-sur-llevara-desarrollo-a-una-vasta-zona\/#primaryimage\"},\"image\":{\"@id\":\"https:\/\/www.epen.gov.ar\/index.php\/2022\/01\/29\/la-electrificacion-rural-en-el-sur-llevara-desarrollo-a-una-vasta-zona\/#primaryimage\"},\"thumbnailUrl\":\"https:\/\/www.epen.gov.ar\/wp-content\/uploads\/2022\/01\/prosap-sur-1-scaled-e1643466605555.jpg\",\"datePublished\":\"2022-01-29T14:31:45+00:00\",\"description\":\"La electrificaci\u00f3n rural en el sur llevar\u00e1 desarrollo a una vasta zona\",\"breadcrumb\":{\"@id\":\"https:\/\/www.epen.gov.ar\/index.php\/2022\/01\/29\/la-electrificacion-rural-en-el-sur-llevara-desarrollo-a-una-vasta-zona\/#breadcrumb\"},\"inLanguage\":\"es\",\"potentialAction\":[{\"@type\":\"ReadAction\",\"target\":[\"https:\/\/www.epen.gov.ar\/index.php\/2022\/01\/29\/la-electrificacion-rural-en-el-sur-llevara-desarrollo-a-una-vasta-zona\/\"]}]},{\"@type\":\"ImageObject\",\"inLanguage\":\"es\",\"@id\":\"https:\/\/www.epen.gov.ar\/index.php\/2022\/01\/29\/la-electrificacion-rural-en-el-sur-llevara-desarrollo-a-una-vasta-zona\/#primaryimage\",\"url\":\"https:\/\/www.epen.gov.ar\/wp-content\/uploads\/2022\/01\/prosap-sur-1-scaled-e1643466605555.jpg\",\"contentUrl\":\"https:\/\/www.epen.gov.ar\/wp-content\/uploads\/2022\/01\/prosap-sur-1-scaled-e1643466605555.jpg\",\"width\":2560,\"height\":1049},{\"@type\":\"BreadcrumbList\",\"@id\":\"https:\/\/www.epen.gov.ar\/index.php\/2022\/01\/29\/la-electrificacion-rural-en-el-sur-llevara-desarrollo-a-una-vasta-zona\/#breadcrumb\",\"itemListElement\":[{\"@type\":\"ListItem\",\"position\":1,\"name\":\"Inicio\",\"item\":\"https:\/\/www.epen.gov.ar\/\"},{\"@type\":\"ListItem\",\"position\":2,\"name\":\"La electrificaci\u00f3n rural en el sur llevar\u00e1 desarrollo a una vasta zona\"}]},{\"@type\":\"WebSite\",\"@id\":\"https:\/\/www.epen.gov.ar\/#website\",\"url\":\"https:\/\/www.epen.gov.ar\/\",\"name\":\"EPEN\",\"description\":\"Ente Provincial de Energ\u00eda del Neuqu\u00e9n\",\"publisher\":{\"@id\":\"https:\/\/www.epen.gov.ar\/#organization\"},\"potentialAction\":[{\"@type\":\"SearchAction\",\"target\":{\"@type\":\"EntryPoint\",\"urlTemplate\":\"https:\/\/www.epen.gov.ar\/?s={search_term_string}\"},\"query-input\":{\"@type\":\"PropertyValueSpecification\",\"valueRequired\":true,\"valueName\":\"search_term_string\"}}],\"inLanguage\":\"es\"},{\"@type\":\"Organization\",\"@id\":\"https:\/\/www.epen.gov.ar\/#organization\",\"name\":\"Ente Provincial de Energ\u00eda del Neuqu\u00e9n\",\"url\":\"https:\/\/www.epen.gov.ar\/\",\"logo\":{\"@type\":\"ImageObject\",\"inLanguage\":\"es\",\"@id\":\"https:\/\/www.epen.gov.ar\/#\/schema\/logo\/image\/\",\"url\":\"https:\/\/www.epen.gov.ar\/wp-content\/uploads\/2024\/02\/Logo-EPEN-2.jpg\",\"contentUrl\":\"https:\/\/www.epen.gov.ar\/wp-content\/uploads\/2024\/02\/Logo-EPEN-2.jpg\",\"width\":696,\"height\":696,\"caption\":\"Ente Provincial de Energ\u00eda del Neuqu\u00e9n\"},\"image\":{\"@id\":\"https:\/\/www.epen.gov.ar\/#\/schema\/logo\/image\/\"},\"sameAs\":[\"https:\/\/www.facebook.com\/EPEN.Neuquen\",\"https:\/\/x.com\/EPEN_Informa\",\"https:\/\/www.youtube.com\/@epenprensa7384\"]},{\"@type\":\"Person\",\"@id\":\"https:\/\/www.epen.gov.ar\/#\/schema\/person\/ce6cff87c2fc01264becc10fa105ad4f\",\"name\":\"Prensa EPEN\",\"image\":{\"@type\":\"ImageObject\",\"inLanguage\":\"es\",\"@id\":\"https:\/\/secure.gravatar.com\/avatar\/f8120b8688012ccf2d7fbcf7a970cfbabf0ab63b09c2dbd72c194bee080070e9?s=96&d=mm&r=g\",\"url\":\"https:\/\/secure.gravatar.com\/avatar\/f8120b8688012ccf2d7fbcf7a970cfbabf0ab63b09c2dbd72c194bee080070e9?s=96&d=mm&r=g\",\"contentUrl\":\"https:\/\/secure.gravatar.com\/avatar\/f8120b8688012ccf2d7fbcf7a970cfbabf0ab63b09c2dbd72c194bee080070e9?s=96&d=mm&r=g\",\"caption\":\"Prensa EPEN\"},\"url\":\"https:\/\/www.epen.gov.ar\/index.php\/author\/admin\/\"}]}<\/script>\n<!-- \/ Yoast SEO plugin. -->","yoast_head_json":{"title":"EPEN - La electrificaci\u00f3n rural en el sur llevar\u00e1 desarrollo a una vasta zona","description":"La electrificaci\u00f3n rural en el sur llevar\u00e1 desarrollo a una vasta zona","robots":{"index":"index","follow":"follow","max-snippet":"max-snippet:-1","max-image-preview":"max-image-preview:large","max-video-preview":"max-video-preview:-1"},"canonical":"https:\/\/www.epen.gov.ar\/index.php\/2022\/01\/29\/la-electrificacion-rural-en-el-sur-llevara-desarrollo-a-una-vasta-zona\/","og_locale":"es_ES","og_type":"article","og_title":"EPEN - La electrificaci\u00f3n rural en el sur llevar\u00e1 desarrollo a una vasta zona","og_description":"La electrificaci\u00f3n rural en el sur llevar\u00e1 desarrollo a una vasta zona","og_url":"https:\/\/www.epen.gov.ar\/index.php\/2022\/01\/29\/la-electrificacion-rural-en-el-sur-llevara-desarrollo-a-una-vasta-zona\/","og_site_name":"EPEN","article_publisher":"https:\/\/www.facebook.com\/EPEN.Neuquen","article_published_time":"2022-01-29T14:31:45+00:00","og_image":[{"width":2560,"height":1049,"url":"https:\/\/www.epen.gov.ar\/wp-content\/uploads\/2022\/01\/prosap-sur-1-scaled-e1643466605555.jpg","type":"image\/jpeg"}],"author":"Prensa EPEN","twitter_card":"summary_large_image","twitter_creator":"@EPEN_Informa","twitter_site":"@EPEN_Informa","twitter_misc":{"Escrito por":"Prensa EPEN","Tiempo de lectura":"4 minutos"},"schema":{"@context":"https:\/\/schema.org","@graph":[{"@type":"Article","@id":"https:\/\/www.epen.gov.ar\/index.php\/2022\/01\/29\/la-electrificacion-rural-en-el-sur-llevara-desarrollo-a-una-vasta-zona\/#article","isPartOf":{"@id":"https:\/\/www.epen.gov.ar\/index.php\/2022\/01\/29\/la-electrificacion-rural-en-el-sur-llevara-desarrollo-a-una-vasta-zona\/"},"author":{"name":"Prensa EPEN","@id":"https:\/\/www.epen.gov.ar\/#\/schema\/person\/ce6cff87c2fc01264becc10fa105ad4f"},"headline":"La electrificaci\u00f3n rural en el sur llevar\u00e1 desarrollo a una vasta zona","datePublished":"2022-01-29T14:31:45+00:00","mainEntityOfPage":{"@id":"https:\/\/www.epen.gov.ar\/index.php\/2022\/01\/29\/la-electrificacion-rural-en-el-sur-llevara-desarrollo-a-una-vasta-zona\/"},"wordCount":812,"publisher":{"@id":"https:\/\/www.epen.gov.ar\/#organization"},"image":{"@id":"https:\/\/www.epen.gov.ar\/index.php\/2022\/01\/29\/la-electrificacion-rural-en-el-sur-llevara-desarrollo-a-una-vasta-zona\/#primaryimage"},"thumbnailUrl":"https:\/\/www.epen.gov.ar\/wp-content\/uploads\/2022\/01\/prosap-sur-1-scaled-e1643466605555.jpg","keywords":["Electrificaci\u00f3n Rural","EPEN","Francisco Zambon","Jun\u00edn de los Andes"],"articleSection":["Noticias"],"inLanguage":"es"},{"@type":"WebPage","@id":"https:\/\/www.epen.gov.ar\/index.php\/2022\/01\/29\/la-electrificacion-rural-en-el-sur-llevara-desarrollo-a-una-vasta-zona\/","url":"https:\/\/www.epen.gov.ar\/index.php\/2022\/01\/29\/la-electrificacion-rural-en-el-sur-llevara-desarrollo-a-una-vasta-zona\/","name":"EPEN - La electrificaci\u00f3n rural en el sur llevar\u00e1 desarrollo a una vasta zona","isPartOf":{"@id":"https:\/\/www.epen.gov.ar\/#website"},"primaryImageOfPage":{"@id":"https:\/\/www.epen.gov.ar\/index.php\/2022\/01\/29\/la-electrificacion-rural-en-el-sur-llevara-desarrollo-a-una-vasta-zona\/#primaryimage"},"image":{"@id":"https:\/\/www.epen.gov.ar\/index.php\/2022\/01\/29\/la-electrificacion-rural-en-el-sur-llevara-desarrollo-a-una-vasta-zona\/#primaryimage"},"thumbnailUrl":"https:\/\/www.epen.gov.ar\/wp-content\/uploads\/2022\/01\/prosap-sur-1-scaled-e1643466605555.jpg","datePublished":"2022-01-29T14:31:45+00:00","description":"La electrificaci\u00f3n rural en el sur llevar\u00e1 desarrollo a una vasta zona","breadcrumb":{"@id":"https:\/\/www.epen.gov.ar\/index.php\/2022\/01\/29\/la-electrificacion-rural-en-el-sur-llevara-desarrollo-a-una-vasta-zona\/#breadcrumb"},"inLanguage":"es","potentialAction":[{"@type":"ReadAction","target":["https:\/\/www.epen.gov.ar\/index.php\/2022\/01\/29\/la-electrificacion-rural-en-el-sur-llevara-desarrollo-a-una-vasta-zona\/"]}]},{"@type":"ImageObject","inLanguage":"es","@id":"https:\/\/www.epen.gov.ar\/index.php\/2022\/01\/29\/la-electrificacion-rural-en-el-sur-llevara-desarrollo-a-una-vasta-zona\/#primaryimage","url":"https:\/\/www.epen.gov.ar\/wp-content\/uploads\/2022\/01\/prosap-sur-1-scaled-e1643466605555.jpg","contentUrl":"https:\/\/www.epen.gov.ar\/wp-content\/uploads\/2022\/01\/prosap-sur-1-scaled-e1643466605555.jpg","width":2560,"height":1049},{"@type":"BreadcrumbList","@id":"https:\/\/www.epen.gov.ar\/index.php\/2022\/01\/29\/la-electrificacion-rural-en-el-sur-llevara-desarrollo-a-una-vasta-zona\/#breadcrumb","itemListElement":[{"@type":"ListItem","position":1,"name":"Inicio","item":"https:\/\/www.epen.gov.ar\/"},{"@type":"ListItem","position":2,"name":"La electrificaci\u00f3n rural en el sur llevar\u00e1 desarrollo a una vasta zona"}]},{"@type":"WebSite","@id":"https:\/\/www.epen.gov.ar\/#website","url":"https:\/\/www.epen.gov.ar\/","name":"EPEN","description":"Ente Provincial de Energ\u00eda del Neuqu\u00e9n","publisher":{"@id":"https:\/\/www.epen.gov.ar\/#organization"},"potentialAction":[{"@type":"SearchAction","target":{"@type":"EntryPoint","urlTemplate":"https:\/\/www.epen.gov.ar\/?s={search_term_string}"},"query-input":{"@type":"PropertyValueSpecification","valueRequired":true,"valueName":"search_term_string"}}],"inLanguage":"es"},{"@type":"Organization","@id":"https:\/\/www.epen.gov.ar\/#organization","name":"Ente Provincial de Energ\u00eda del Neuqu\u00e9n","url":"https:\/\/www.epen.gov.ar\/","logo":{"@type":"ImageObject","inLanguage":"es","@id":"https:\/\/www.epen.gov.ar\/#\/schema\/logo\/image\/","url":"https:\/\/www.epen.gov.ar\/wp-content\/uploads\/2024\/02\/Logo-EPEN-2.jpg","contentUrl":"https:\/\/www.epen.gov.ar\/wp-content\/uploads\/2024\/02\/Logo-EPEN-2.jpg","width":696,"height":696,"caption":"Ente Provincial de Energ\u00eda del Neuqu\u00e9n"},"image":{"@id":"https:\/\/www.epen.gov.ar\/#\/schema\/logo\/image\/"},"sameAs":["https:\/\/www.facebook.com\/EPEN.Neuquen","https:\/\/x.com\/EPEN_Informa","https:\/\/www.youtube.com\/@epenprensa7384"]},{"@type":"Person","@id":"https:\/\/www.epen.gov.ar\/#\/schema\/person\/ce6cff87c2fc01264becc10fa105ad4f","name":"Prensa EPEN","image":{"@type":"ImageObject","inLanguage":"es","@id":"https:\/\/secure.gravatar.com\/avatar\/f8120b8688012ccf2d7fbcf7a970cfbabf0ab63b09c2dbd72c194bee080070e9?s=96&d=mm&r=g","url":"https:\/\/secure.gravatar.com\/avatar\/f8120b8688012ccf2d7fbcf7a970cfbabf0ab63b09c2dbd72c194bee080070e9?s=96&d=mm&r=g","contentUrl":"https:\/\/secure.gravatar.com\/avatar\/f8120b8688012ccf2d7fbcf7a970cfbabf0ab63b09c2dbd72c194bee080070e9?s=96&d=mm&r=g","caption":"Prensa EPEN"},"url":"https:\/\/www.epen.gov.ar\/index.php\/author\/admin\/"}]}},"_links":{"self":[{"href":"https:\/\/www.epen.gov.ar\/index.php\/wp-json\/wp\/v2\/posts\/49845","targetHints":{"allow":["GET"]}}],"collection":[{"href":"https:\/\/www.epen.gov.ar\/index.php\/wp-json\/wp\/v2\/posts"}],"about":[{"href":"https:\/\/www.epen.gov.ar\/index.php\/wp-json\/wp\/v2\/types\/post"}],"author":[{"embeddable":true,"href":"https:\/\/www.epen.gov.ar\/index.php\/wp-json\/wp\/v2\/users\/1"}],"replies":[{"embeddable":true,"href":"https:\/\/www.epen.gov.ar\/index.php\/wp-json\/wp\/v2\/comments?post=49845"}],"version-history":[{"count":2,"href":"https:\/\/www.epen.gov.ar\/index.php\/wp-json\/wp\/v2\/posts\/49845\/revisions"}],"predecessor-version":[{"id":49873,"href":"https:\/\/www.epen.gov.ar\/index.php\/wp-json\/wp\/v2\/posts\/49845\/revisions\/49873"}],"wp:featuredmedia":[{"embeddable":true,"href":"https:\/\/www.epen.gov.ar\/index.php\/wp-json\/wp\/v2\/media\/49859"}],"wp:attachment":[{"href":"https:\/\/www.epen.gov.ar\/index.php\/wp-json\/wp\/v2\/media?parent=49845"}],"wp:term":[{"taxonomy":"category","embeddable":true,"href":"https:\/\/www.epen.gov.ar\/index.php\/wp-json\/wp\/v2\/categories?post=49845"},{"taxonomy":"post_tag","embeddable":true,"href":"https:\/\/www.epen.gov.ar\/index.php\/wp-json\/wp\/v2\/tags?post=49845"}],"curies":[{"name":"wp","href":"https:\/\/api.w.org\/{rel}","templated":true}]}}