{"id":4978,"date":"2019-12-02T13:50:39","date_gmt":"2019-12-02T16:50:39","guid":{"rendered":"http:\/\/192.168.200.48\/?p=4978"},"modified":"2019-12-02T13:58:26","modified_gmt":"2019-12-02T16:58:26","slug":"primera-escuela-urbana-con-paneles-solares","status":"publish","type":"post","link":"https:\/\/www.epen.gov.ar\/index.php\/2019\/12\/02\/primera-escuela-urbana-con-paneles-solares\/","title":{"rendered":"Primera escuela urbana con paneles solares"},"content":{"rendered":"<div class=\"fusion-fullwidth fullwidth-box fusion-builder-row-1 nonhundred-percent-fullwidth non-hundred-percent-height-scrolling\" style=\"--awb-border-radius-top-left:0px;--awb-border-radius-top-right:0px;--awb-border-radius-bottom-right:0px;--awb-border-radius-bottom-left:0px;--awb-flex-wrap:wrap;\" ><div class=\"fusion-builder-row fusion-row\"><div class=\"fusion-layout-column fusion_builder_column fusion-builder-column-0 fusion_builder_column_2_3 2_3 fusion-two-third fusion-column-first\" style=\"--awb-bg-size:cover;width:66.666666666667%;width:calc(66.666666666667% - ( ( 4% ) * 0.66666666666667 ) );margin-right: 4%;\"><div class=\"fusion-column-wrapper fusion-column-has-shadow fusion-flex-column-wrapper-legacy\"><div class=\"fusion-text fusion-text-1\"><p class=\"bajada\" style=\"text-align: justify;\"><strong>Una primaria del casco viejo de Centenario inyecta energ\u00eda limpia directamente a la red. El EPEN busca concientizar sobre el uso de esta tecnolog\u00eda basada en fuentes renovables<\/strong><\/p>\n<p style=\"text-align: justify;\">El Ente Provincial de Energ\u00eda del Neuqu\u00e9n (EPEN) puso en funcionamiento una estructura de paneles solares en el ejido urbano de la localidad de Centenario, cuyo sistema fotovoltaico est\u00e1 conectado directamente a la red de distribuci\u00f3n del servicio, utilizando la nueva tecnolog\u00eda de \u201cgeneraci\u00f3n distribuida\u201d.<\/p>\n<p style=\"text-align: justify;\">Durante la ma\u00f1ana, un nutrido e interesado grupo de alumnos de sexto y s\u00e9ptimo grado recorrieron junto a sus maestras las nuevas instalaciones ubicadas en el predio escolar. Una vez all\u00ed pudieron aproximarse y conocer c\u00f3mo funcionan los paneles y tambi\u00e9n realizar preguntas a los ingenieros del EPEN especializados en fuentes renovables. El evento cont\u00f3 con el acompa\u00f1amiento del intendente local, Esteban Cimolai, el vicepresidente del Consejo Provincial de Educaci\u00f3n Gabriel D\u00b4Orazio y el presidente del EPEN Francisco Zamb\u00f3n junto a su equipo t\u00e9cnico.<\/p>\n<h6 id=\"attachment_142298\" class=\"wp-caption alignnone\" style=\"text-align: justify;\" aria-describedby=\"caption-attachment-142298\"><img decoding=\"async\" class=\"alignnone size-large wp-image-4982\" src=\"\/\/www.epen.gov.ar\/wp-content\/uploads\/2019\/12\/PANEL-SOLAR-2-1280x632.jpg\" alt=\"\" width=\"1280\" height=\"632\" srcset=\"https:\/\/www.epen.gov.ar\/wp-content\/uploads\/2019\/12\/PANEL-SOLAR-2-200x99.jpg 200w, https:\/\/www.epen.gov.ar\/wp-content\/uploads\/2019\/12\/PANEL-SOLAR-2-300x148.jpg 300w, https:\/\/www.epen.gov.ar\/wp-content\/uploads\/2019\/12\/PANEL-SOLAR-2-400x198.jpg 400w, https:\/\/www.epen.gov.ar\/wp-content\/uploads\/2019\/12\/PANEL-SOLAR-2-600x296.jpg 600w, https:\/\/www.epen.gov.ar\/wp-content\/uploads\/2019\/12\/PANEL-SOLAR-2-768x379.jpg 768w, https:\/\/www.epen.gov.ar\/wp-content\/uploads\/2019\/12\/PANEL-SOLAR-2-800x395.jpg 800w, https:\/\/www.epen.gov.ar\/wp-content\/uploads\/2019\/12\/PANEL-SOLAR-2-1200x593.jpg 1200w, https:\/\/www.epen.gov.ar\/wp-content\/uploads\/2019\/12\/PANEL-SOLAR-2-1280x632.jpg 1280w, https:\/\/www.epen.gov.ar\/wp-content\/uploads\/2019\/12\/PANEL-SOLAR-2.jpg 1403w\" sizes=\"(max-width: 1280px) 100vw, 1280px\" \/><br \/>\nEl Ente Provincial de Energ\u00eda del Neuqu\u00e9n (EPEN) puso en funcionamiento una estructura de paneles solares en la Escuela n.\u00ba 109 de Centenario.<\/h6>\n<p style=\"text-align: justify;\">El edificio elegido es la Escuela Provincial N\u00b0109, y sobre una porci\u00f3n del patio se instal\u00f3 el equipamiento -que, al estar a nivel del piso- permite conocer de cerca y concientizar sobre el uso de las fuentes renovables de energ\u00eda. El sistema instalado cuenta con 20 m\u00f3dulos de 250 vatios cada uno y un equipo inversor, con una potencia instalada de 5 kilowatts.<\/p>\n<p style=\"text-align: justify;\">En este sentido Zambon explic\u00f3 que: \u201cEl proyecto global busca colocar una buena cantidad de potencia fotovoltaica en una red de baja tensi\u00f3n para ver c\u00f3mo es su funcionamiento.\u00a0 Es la segunda instalaci\u00f3n en la localidad y el objetivo no solo es que genere energ\u00eda, sino que sea demostrativo, por eso se hizo en la escuela 109 que tiene un gran patio, con buena insolaci\u00f3n, y sobre el piso para que los chicos puedan verlo, familiarizarse con la tecnolog\u00eda y sea aun lugar de encuentro para otras escuelas, u otros establecimientos de la zona\u201d. El ingeniero agreg\u00f3 que \u2013 \u201cEl lugar tiene carteler\u00eda indicativa y por medio de un c\u00f3digo QR, con el celular se puede acceder a los datos del inversor y ver los valores hist\u00f3ricos y los datos t\u00e9cnicos que en ese momento est\u00e1n generando al sistema\u201d.<\/p>\n<p style=\"text-align: justify;\">El marco del proyecto es un Consorcio P\u00fablico Privado, denominado IRESUD-RI integrado por el EPEN, la Universidad Nacional de San Mart\u00edn en Bs As y la empresa ALDAR, especializada en proyectos fotovoltaicos y es parcialmente financiado por la Agencia Nacional de Promoci\u00f3n Cient\u00edfica y Tecnol\u00f3gica (ANPCyT) del ex Ministerio de Ciencia, Tecnolog\u00eda e Innovaci\u00f3n Productiva.<\/p>\n<p style=\"text-align: justify;\">Durante la recorrida, una de las maestras expres\u00f3 que \u2013 \u201cNos parece una oportunidad buen\u00edsima, porque permite que aquellos chicos que no ten\u00edan conocimiento ni acceso a este tipo de tecnolog\u00edas, lo puedan tener\u201d. Y agreg\u00f3 que \u2013\u201cA partir del a\u00f1o que viene lo vamos a incluir como proyecto dentro de la curr\u00edcula. Ya desde Jard\u00edn, lo vamos a ir trabajando, para que empecemos a conocer, a saber, de los beneficios que tiene tanto para la energ\u00eda, como para la naturaleza\u201d. \u201cEstamos agradecidos que hayan elegido esta escuela\u201d, finaliz\u00f3.<\/p>\n<p style=\"text-align: justify;\">Entre los alumnos, llam\u00f3 la atenci\u00f3n el inter\u00e9s en el tema y las preguntas que surgieron, las cuales fueron respondidas una a una. Ante la consulta, algunos opinaron que \u201clas energ\u00edas alternativas, son much\u00edsimo m\u00e1s \u00fatiles, ya que muchas veces la plata no alcanza y con esto podes ahorrar mucho m\u00e1s, porque a veces gastas la energ\u00eda sin darte cuenta, no cerras bien la heladera, dejas prendidas las luces, y no te das cuenta\u201d. Y agregaron \u201cNos parece una buena forma de usar los recursos renovables\u201d.<\/p>\n<h6 id=\"attachment_142333\" class=\"wp-caption alignnone\" style=\"text-align: justify;\" aria-describedby=\"caption-attachment-142333\"><img decoding=\"async\" class=\"alignnone size-large wp-image-4983\" src=\"\/\/www.epen.gov.ar\/wp-content\/uploads\/2019\/12\/WEB-SEGUNDA-PANELES-SOLARES-EN-ESCUELAS-_R1A8205_WEB-1280x632.jpg\" alt=\"\" width=\"1280\" height=\"632\" srcset=\"https:\/\/www.epen.gov.ar\/wp-content\/uploads\/2019\/12\/WEB-SEGUNDA-PANELES-SOLARES-EN-ESCUELAS-_R1A8205_WEB-200x99.jpg 200w, https:\/\/www.epen.gov.ar\/wp-content\/uploads\/2019\/12\/WEB-SEGUNDA-PANELES-SOLARES-EN-ESCUELAS-_R1A8205_WEB-300x148.jpg 300w, https:\/\/www.epen.gov.ar\/wp-content\/uploads\/2019\/12\/WEB-SEGUNDA-PANELES-SOLARES-EN-ESCUELAS-_R1A8205_WEB-400x198.jpg 400w, https:\/\/www.epen.gov.ar\/wp-content\/uploads\/2019\/12\/WEB-SEGUNDA-PANELES-SOLARES-EN-ESCUELAS-_R1A8205_WEB-600x296.jpg 600w, https:\/\/www.epen.gov.ar\/wp-content\/uploads\/2019\/12\/WEB-SEGUNDA-PANELES-SOLARES-EN-ESCUELAS-_R1A8205_WEB-768x379.jpg 768w, https:\/\/www.epen.gov.ar\/wp-content\/uploads\/2019\/12\/WEB-SEGUNDA-PANELES-SOLARES-EN-ESCUELAS-_R1A8205_WEB-800x395.jpg 800w, https:\/\/www.epen.gov.ar\/wp-content\/uploads\/2019\/12\/WEB-SEGUNDA-PANELES-SOLARES-EN-ESCUELAS-_R1A8205_WEB-1200x593.jpg 1200w, https:\/\/www.epen.gov.ar\/wp-content\/uploads\/2019\/12\/WEB-SEGUNDA-PANELES-SOLARES-EN-ESCUELAS-_R1A8205_WEB-1280x632.jpg 1280w, https:\/\/www.epen.gov.ar\/wp-content\/uploads\/2019\/12\/WEB-SEGUNDA-PANELES-SOLARES-EN-ESCUELAS-_R1A8205_WEB.jpg 1403w\" sizes=\"(max-width: 1280px) 100vw, 1280px\" \/><br \/>\nZambon explic\u00f3 que: \u201cEl proyecto global busca colocar una buena cantidad de potencia fotovoltaica en una red de baja tensi\u00f3n para ver c\u00f3mo es su funcionamiento\u00bb.<\/h6>\n<\/div><div class=\"fusion-clearfix\"><\/div><\/div><\/div><div class=\"fusion-layout-column fusion_builder_column fusion-builder-column-1 fusion_builder_column_1_3 1_3 fusion-one-third fusion-column-last\" style=\"--awb-bg-size:cover;width:33.333333333333%;width:calc(33.333333333333% - ( ( 4% ) * 0.33333333333333 ) );\"><div class=\"fusion-column-wrapper fusion-column-has-shadow fusion-flex-column-wrapper-legacy\"><div class=\"fusion-widget-area awb-widget-area-element fusion-widget-area-1 fusion-content-widget-area\" style=\"--awb-title-size:20px;--awb-title-color:#333333;--awb-padding:0px 0px 0px 0px;\"><style type=\"text\/css\" data-id=\"tweets-widget-2\">#tweets-widget-2 li { border-color:#eaeaea;}<\/style><section id=\"tweets-widget-2\" class=\"widget tweets\" style=\"border-style: solid;border-color: #eaeaea;border-color:transparent;border-width:0px;\">\t\t\t\t\n\t\t<div style=\"overflow:hidden\">\n\t\t\t\t\t\t\t\t\t\t\t<a class=\"twitter-timeline\" data-dnt=\"true\" href=\"https:\/\/twitter.com\/@EPEN_Informa\" data-width=\"500\" data-height=\"300\" width=\"500\" height=\"300\" data-theme=\"light\" data-link-color=\"##25a9bd\" data-border-color=\"#eaeaea\" data-chrome=\"\">Tweets por @EPEN_Informa<\/a>\n\t\t\t\t\t\t\t\n\t\t\t\t\t\t\t\t\t\t\t<script async src=\"\/\/platform.twitter.com\/widgets.js\" charset=\"utf-8\"><\/script>\n\t\t\t\t\t\t\t\n\t\t<\/div>\n\t\t<\/section>\n\t\t<section id=\"recent-posts-3\" class=\"widget widget_recent_entries\" style=\"border-style: solid;border-color:transparent;border-width:0px;\">\n\t\t<div class=\"heading\"><h4 class=\"widget-title\">Entradas recientes<\/h4><\/div>\n\t\t<ul>\n\t\t\t\t\t\t\t\t\t\t\t<li>\n\t\t\t\t\t<a href=\"https:\/\/www.epen.gov.ar\/index.php\/2026\/04\/30\/corte-programado-en-sectores-de-rincon-de-los-sauces-el-02-05-2026\/\">Corte Programado en sectores de Rinc\u00f3n de los Sauces el 02\/05\/2026<\/a>\n\t\t\t\t\t\t\t\t\t\t\t<span class=\"post-date\">30\/04\/2026<\/span>\n\t\t\t\t\t\t\t\t\t<\/li>\n\t\t\t\t\t\t\t\t\t\t\t<li>\n\t\t\t\t\t<a href=\"https:\/\/www.epen.gov.ar\/index.php\/2026\/04\/30\/licitacion-publica-n-14-2026-contratacion-de-servicios-de-desarrollo-y-mantenimiento-de-sistemas-informaticos\/\">LICITACI\u00d3N P\u00daBLICA N\u00b0 14\/2026 CONTRATACI\u00d3N DE SERVICIOS DE DESARROLLO Y MANTENIMIENTO DE SISTEMAS INFORM\u00c1TICOS<\/a>\n\t\t\t\t\t\t\t\t\t\t\t<span class=\"post-date\">30\/04\/2026<\/span>\n\t\t\t\t\t\t\t\t\t<\/li>\n\t\t\t\t\t\t\t\t\t\t\t<li>\n\t\t\t\t\t<a href=\"https:\/\/www.epen.gov.ar\/index.php\/2026\/04\/29\/corte-programado-en-sectores-de-centenario-el-30-04-2026\/\">Corte Programado en sectores de Centenario el 30\/04\/2026<\/a>\n\t\t\t\t\t\t\t\t\t\t\t<span class=\"post-date\">29\/04\/2026<\/span>\n\t\t\t\t\t\t\t\t\t<\/li>\n\t\t\t\t\t\t\t\t\t\t\t<li>\n\t\t\t\t\t<a href=\"https:\/\/www.epen.gov.ar\/index.php\/2026\/04\/28\/el-epen-impulsa-el-desarrollo-de-varvarco-con-nueva-infraestructura-para-17-lotes\/\">El EPEN impulsa el desarrollo de Varvarco con nueva infraestructura para 17 lotes<\/a>\n\t\t\t\t\t\t\t\t\t\t\t<span class=\"post-date\">28\/04\/2026<\/span>\n\t\t\t\t\t\t\t\t\t<\/li>\n\t\t\t\t\t\t\t\t\t\t\t<li>\n\t\t\t\t\t<a href=\"https:\/\/www.epen.gov.ar\/index.php\/2026\/04\/28\/corte-programado-en-sectores-de-zona-nahueve-el-30-04-2026\/\">Corte Programado en sectores de zona Nahueve el 30\/04\/2026<\/a>\n\t\t\t\t\t\t\t\t\t\t\t<span class=\"post-date\">28\/04\/2026<\/span>\n\t\t\t\t\t\t\t\t\t<\/li>\n\t\t\t\t\t<\/ul>\n\n\t\t<\/section><div class=\"fusion-additional-widget-content\"><\/div><\/div><div class=\"fusion-clearfix\"><\/div><\/div><\/div><\/div><\/div>\n","protected":false},"excerpt":{"rendered":"","protected":false},"author":1,"featured_media":4980,"comment_status":"open","ping_status":"open","sticky":false,"template":"","format":"standard","meta":{"_exactmetrics_skip_tracking":false,"_exactmetrics_sitenote_active":false,"_exactmetrics_sitenote_note":"","_exactmetrics_sitenote_category":0,"footnotes":""},"categories":[84],"tags":[],"class_list":["post-4978","post","type-post","status-publish","format-standard","has-post-thumbnail","hentry","category-noticias"],"yoast_head":"<!-- This site is optimized with the Yoast SEO plugin v27.2 - https:\/\/yoast.com\/product\/yoast-seo-wordpress\/ -->\n<title>EPEN - Primera escuela urbana con paneles solares<\/title>\n<meta name=\"description\" content=\"Primera escuela urbana con paneles solares Noticias\" \/>\n<meta name=\"robots\" content=\"index, follow, max-snippet:-1, max-image-preview:large, max-video-preview:-1\" \/>\n<link rel=\"canonical\" href=\"https:\/\/www.epen.gov.ar\/index.php\/2019\/12\/02\/primera-escuela-urbana-con-paneles-solares\/\" \/>\n<meta property=\"og:locale\" content=\"es_ES\" \/>\n<meta property=\"og:type\" content=\"article\" \/>\n<meta property=\"og:title\" content=\"EPEN - Primera escuela urbana con paneles solares\" \/>\n<meta property=\"og:description\" content=\"Primera escuela urbana con paneles solares Noticias\" \/>\n<meta property=\"og:url\" content=\"https:\/\/www.epen.gov.ar\/index.php\/2019\/12\/02\/primera-escuela-urbana-con-paneles-solares\/\" \/>\n<meta property=\"og:site_name\" content=\"EPEN\" \/>\n<meta property=\"article:publisher\" content=\"https:\/\/www.facebook.com\/EPEN.Neuquen\" \/>\n<meta property=\"article:published_time\" content=\"2019-12-02T16:50:39+00:00\" \/>\n<meta property=\"article:modified_time\" content=\"2019-12-02T16:58:26+00:00\" \/>\n<meta property=\"og:image\" content=\"https:\/\/www.epen.gov.ar\/wp-content\/uploads\/2019\/12\/WEB-PRIMERA-PANELES-SOLARES-EN-ESCUELAS.jpg\" \/>\n\t<meta property=\"og:image:width\" content=\"1068\" \/>\n\t<meta property=\"og:image:height\" content=\"528\" \/>\n\t<meta property=\"og:image:type\" content=\"image\/jpeg\" \/>\n<meta name=\"author\" content=\"Prensa EPEN\" \/>\n<meta name=\"twitter:card\" content=\"summary_large_image\" \/>\n<meta name=\"twitter:creator\" content=\"@EPEN_Informa\" \/>\n<meta name=\"twitter:site\" content=\"@EPEN_Informa\" \/>\n<meta name=\"twitter:label1\" content=\"Escrito por\" \/>\n\t<meta name=\"twitter:data1\" content=\"Prensa EPEN\" \/>\n\t<meta name=\"twitter:label2\" content=\"Tiempo de lectura\" \/>\n\t<meta name=\"twitter:data2\" content=\"5 minutos\" \/>\n<script type=\"application\/ld+json\" class=\"yoast-schema-graph\">{\"@context\":\"https:\/\/schema.org\",\"@graph\":[{\"@type\":\"Article\",\"@id\":\"https:\/\/www.epen.gov.ar\/index.php\/2019\/12\/02\/primera-escuela-urbana-con-paneles-solares\/#article\",\"isPartOf\":{\"@id\":\"https:\/\/www.epen.gov.ar\/index.php\/2019\/12\/02\/primera-escuela-urbana-con-paneles-solares\/\"},\"author\":{\"name\":\"Prensa EPEN\",\"@id\":\"https:\/\/www.epen.gov.ar\/#\/schema\/person\/ce6cff87c2fc01264becc10fa105ad4f\"},\"headline\":\"Primera escuela urbana con paneles solares\",\"datePublished\":\"2019-12-02T16:50:39+00:00\",\"dateModified\":\"2019-12-02T16:58:26+00:00\",\"mainEntityOfPage\":{\"@id\":\"https:\/\/www.epen.gov.ar\/index.php\/2019\/12\/02\/primera-escuela-urbana-con-paneles-solares\/\"},\"wordCount\":1051,\"commentCount\":0,\"publisher\":{\"@id\":\"https:\/\/www.epen.gov.ar\/#organization\"},\"image\":{\"@id\":\"https:\/\/www.epen.gov.ar\/index.php\/2019\/12\/02\/primera-escuela-urbana-con-paneles-solares\/#primaryimage\"},\"thumbnailUrl\":\"https:\/\/www.epen.gov.ar\/wp-content\/uploads\/2019\/12\/WEB-PRIMERA-PANELES-SOLARES-EN-ESCUELAS.jpg\",\"articleSection\":[\"Noticias\"],\"inLanguage\":\"es\",\"potentialAction\":[{\"@type\":\"CommentAction\",\"name\":\"Comment\",\"target\":[\"https:\/\/www.epen.gov.ar\/index.php\/2019\/12\/02\/primera-escuela-urbana-con-paneles-solares\/#respond\"]}]},{\"@type\":\"WebPage\",\"@id\":\"https:\/\/www.epen.gov.ar\/index.php\/2019\/12\/02\/primera-escuela-urbana-con-paneles-solares\/\",\"url\":\"https:\/\/www.epen.gov.ar\/index.php\/2019\/12\/02\/primera-escuela-urbana-con-paneles-solares\/\",\"name\":\"EPEN - Primera escuela urbana con paneles solares\",\"isPartOf\":{\"@id\":\"https:\/\/www.epen.gov.ar\/#website\"},\"primaryImageOfPage\":{\"@id\":\"https:\/\/www.epen.gov.ar\/index.php\/2019\/12\/02\/primera-escuela-urbana-con-paneles-solares\/#primaryimage\"},\"image\":{\"@id\":\"https:\/\/www.epen.gov.ar\/index.php\/2019\/12\/02\/primera-escuela-urbana-con-paneles-solares\/#primaryimage\"},\"thumbnailUrl\":\"https:\/\/www.epen.gov.ar\/wp-content\/uploads\/2019\/12\/WEB-PRIMERA-PANELES-SOLARES-EN-ESCUELAS.jpg\",\"datePublished\":\"2019-12-02T16:50:39+00:00\",\"dateModified\":\"2019-12-02T16:58:26+00:00\",\"description\":\"Primera escuela urbana con paneles solares Noticias\",\"breadcrumb\":{\"@id\":\"https:\/\/www.epen.gov.ar\/index.php\/2019\/12\/02\/primera-escuela-urbana-con-paneles-solares\/#breadcrumb\"},\"inLanguage\":\"es\",\"potentialAction\":[{\"@type\":\"ReadAction\",\"target\":[\"https:\/\/www.epen.gov.ar\/index.php\/2019\/12\/02\/primera-escuela-urbana-con-paneles-solares\/\"]}]},{\"@type\":\"ImageObject\",\"inLanguage\":\"es\",\"@id\":\"https:\/\/www.epen.gov.ar\/index.php\/2019\/12\/02\/primera-escuela-urbana-con-paneles-solares\/#primaryimage\",\"url\":\"https:\/\/www.epen.gov.ar\/wp-content\/uploads\/2019\/12\/WEB-PRIMERA-PANELES-SOLARES-EN-ESCUELAS.jpg\",\"contentUrl\":\"https:\/\/www.epen.gov.ar\/wp-content\/uploads\/2019\/12\/WEB-PRIMERA-PANELES-SOLARES-EN-ESCUELAS.jpg\",\"width\":1068,\"height\":528},{\"@type\":\"BreadcrumbList\",\"@id\":\"https:\/\/www.epen.gov.ar\/index.php\/2019\/12\/02\/primera-escuela-urbana-con-paneles-solares\/#breadcrumb\",\"itemListElement\":[{\"@type\":\"ListItem\",\"position\":1,\"name\":\"Inicio\",\"item\":\"https:\/\/www.epen.gov.ar\/\"},{\"@type\":\"ListItem\",\"position\":2,\"name\":\"Primera escuela urbana con paneles solares\"}]},{\"@type\":\"WebSite\",\"@id\":\"https:\/\/www.epen.gov.ar\/#website\",\"url\":\"https:\/\/www.epen.gov.ar\/\",\"name\":\"EPEN\",\"description\":\"Ente Provincial de Energ\u00eda del Neuqu\u00e9n\",\"publisher\":{\"@id\":\"https:\/\/www.epen.gov.ar\/#organization\"},\"potentialAction\":[{\"@type\":\"SearchAction\",\"target\":{\"@type\":\"EntryPoint\",\"urlTemplate\":\"https:\/\/www.epen.gov.ar\/?s={search_term_string}\"},\"query-input\":{\"@type\":\"PropertyValueSpecification\",\"valueRequired\":true,\"valueName\":\"search_term_string\"}}],\"inLanguage\":\"es\"},{\"@type\":\"Organization\",\"@id\":\"https:\/\/www.epen.gov.ar\/#organization\",\"name\":\"Ente Provincial de Energ\u00eda del Neuqu\u00e9n\",\"url\":\"https:\/\/www.epen.gov.ar\/\",\"logo\":{\"@type\":\"ImageObject\",\"inLanguage\":\"es\",\"@id\":\"https:\/\/www.epen.gov.ar\/#\/schema\/logo\/image\/\",\"url\":\"https:\/\/www.epen.gov.ar\/wp-content\/uploads\/2024\/02\/Logo-EPEN-2.jpg\",\"contentUrl\":\"https:\/\/www.epen.gov.ar\/wp-content\/uploads\/2024\/02\/Logo-EPEN-2.jpg\",\"width\":696,\"height\":696,\"caption\":\"Ente Provincial de Energ\u00eda del Neuqu\u00e9n\"},\"image\":{\"@id\":\"https:\/\/www.epen.gov.ar\/#\/schema\/logo\/image\/\"},\"sameAs\":[\"https:\/\/www.facebook.com\/EPEN.Neuquen\",\"https:\/\/x.com\/EPEN_Informa\",\"https:\/\/www.youtube.com\/@epenprensa7384\"]},{\"@type\":\"Person\",\"@id\":\"https:\/\/www.epen.gov.ar\/#\/schema\/person\/ce6cff87c2fc01264becc10fa105ad4f\",\"name\":\"Prensa EPEN\",\"image\":{\"@type\":\"ImageObject\",\"inLanguage\":\"es\",\"@id\":\"https:\/\/secure.gravatar.com\/avatar\/f8120b8688012ccf2d7fbcf7a970cfbabf0ab63b09c2dbd72c194bee080070e9?s=96&d=mm&r=g\",\"url\":\"https:\/\/secure.gravatar.com\/avatar\/f8120b8688012ccf2d7fbcf7a970cfbabf0ab63b09c2dbd72c194bee080070e9?s=96&d=mm&r=g\",\"contentUrl\":\"https:\/\/secure.gravatar.com\/avatar\/f8120b8688012ccf2d7fbcf7a970cfbabf0ab63b09c2dbd72c194bee080070e9?s=96&d=mm&r=g\",\"caption\":\"Prensa EPEN\"},\"url\":\"https:\/\/www.epen.gov.ar\/index.php\/author\/admin\/\"}]}<\/script>\n<!-- \/ Yoast SEO plugin. -->","yoast_head_json":{"title":"EPEN - Primera escuela urbana con paneles solares","description":"Primera escuela urbana con paneles solares Noticias","robots":{"index":"index","follow":"follow","max-snippet":"max-snippet:-1","max-image-preview":"max-image-preview:large","max-video-preview":"max-video-preview:-1"},"canonical":"https:\/\/www.epen.gov.ar\/index.php\/2019\/12\/02\/primera-escuela-urbana-con-paneles-solares\/","og_locale":"es_ES","og_type":"article","og_title":"EPEN - Primera escuela urbana con paneles solares","og_description":"Primera escuela urbana con paneles solares Noticias","og_url":"https:\/\/www.epen.gov.ar\/index.php\/2019\/12\/02\/primera-escuela-urbana-con-paneles-solares\/","og_site_name":"EPEN","article_publisher":"https:\/\/www.facebook.com\/EPEN.Neuquen","article_published_time":"2019-12-02T16:50:39+00:00","article_modified_time":"2019-12-02T16:58:26+00:00","og_image":[{"width":1068,"height":528,"url":"https:\/\/www.epen.gov.ar\/wp-content\/uploads\/2019\/12\/WEB-PRIMERA-PANELES-SOLARES-EN-ESCUELAS.jpg","type":"image\/jpeg"}],"author":"Prensa EPEN","twitter_card":"summary_large_image","twitter_creator":"@EPEN_Informa","twitter_site":"@EPEN_Informa","twitter_misc":{"Escrito por":"Prensa EPEN","Tiempo de lectura":"5 minutos"},"schema":{"@context":"https:\/\/schema.org","@graph":[{"@type":"Article","@id":"https:\/\/www.epen.gov.ar\/index.php\/2019\/12\/02\/primera-escuela-urbana-con-paneles-solares\/#article","isPartOf":{"@id":"https:\/\/www.epen.gov.ar\/index.php\/2019\/12\/02\/primera-escuela-urbana-con-paneles-solares\/"},"author":{"name":"Prensa EPEN","@id":"https:\/\/www.epen.gov.ar\/#\/schema\/person\/ce6cff87c2fc01264becc10fa105ad4f"},"headline":"Primera escuela urbana con paneles solares","datePublished":"2019-12-02T16:50:39+00:00","dateModified":"2019-12-02T16:58:26+00:00","mainEntityOfPage":{"@id":"https:\/\/www.epen.gov.ar\/index.php\/2019\/12\/02\/primera-escuela-urbana-con-paneles-solares\/"},"wordCount":1051,"commentCount":0,"publisher":{"@id":"https:\/\/www.epen.gov.ar\/#organization"},"image":{"@id":"https:\/\/www.epen.gov.ar\/index.php\/2019\/12\/02\/primera-escuela-urbana-con-paneles-solares\/#primaryimage"},"thumbnailUrl":"https:\/\/www.epen.gov.ar\/wp-content\/uploads\/2019\/12\/WEB-PRIMERA-PANELES-SOLARES-EN-ESCUELAS.jpg","articleSection":["Noticias"],"inLanguage":"es","potentialAction":[{"@type":"CommentAction","name":"Comment","target":["https:\/\/www.epen.gov.ar\/index.php\/2019\/12\/02\/primera-escuela-urbana-con-paneles-solares\/#respond"]}]},{"@type":"WebPage","@id":"https:\/\/www.epen.gov.ar\/index.php\/2019\/12\/02\/primera-escuela-urbana-con-paneles-solares\/","url":"https:\/\/www.epen.gov.ar\/index.php\/2019\/12\/02\/primera-escuela-urbana-con-paneles-solares\/","name":"EPEN - Primera escuela urbana con paneles solares","isPartOf":{"@id":"https:\/\/www.epen.gov.ar\/#website"},"primaryImageOfPage":{"@id":"https:\/\/www.epen.gov.ar\/index.php\/2019\/12\/02\/primera-escuela-urbana-con-paneles-solares\/#primaryimage"},"image":{"@id":"https:\/\/www.epen.gov.ar\/index.php\/2019\/12\/02\/primera-escuela-urbana-con-paneles-solares\/#primaryimage"},"thumbnailUrl":"https:\/\/www.epen.gov.ar\/wp-content\/uploads\/2019\/12\/WEB-PRIMERA-PANELES-SOLARES-EN-ESCUELAS.jpg","datePublished":"2019-12-02T16:50:39+00:00","dateModified":"2019-12-02T16:58:26+00:00","description":"Primera escuela urbana con paneles solares Noticias","breadcrumb":{"@id":"https:\/\/www.epen.gov.ar\/index.php\/2019\/12\/02\/primera-escuela-urbana-con-paneles-solares\/#breadcrumb"},"inLanguage":"es","potentialAction":[{"@type":"ReadAction","target":["https:\/\/www.epen.gov.ar\/index.php\/2019\/12\/02\/primera-escuela-urbana-con-paneles-solares\/"]}]},{"@type":"ImageObject","inLanguage":"es","@id":"https:\/\/www.epen.gov.ar\/index.php\/2019\/12\/02\/primera-escuela-urbana-con-paneles-solares\/#primaryimage","url":"https:\/\/www.epen.gov.ar\/wp-content\/uploads\/2019\/12\/WEB-PRIMERA-PANELES-SOLARES-EN-ESCUELAS.jpg","contentUrl":"https:\/\/www.epen.gov.ar\/wp-content\/uploads\/2019\/12\/WEB-PRIMERA-PANELES-SOLARES-EN-ESCUELAS.jpg","width":1068,"height":528},{"@type":"BreadcrumbList","@id":"https:\/\/www.epen.gov.ar\/index.php\/2019\/12\/02\/primera-escuela-urbana-con-paneles-solares\/#breadcrumb","itemListElement":[{"@type":"ListItem","position":1,"name":"Inicio","item":"https:\/\/www.epen.gov.ar\/"},{"@type":"ListItem","position":2,"name":"Primera escuela urbana con paneles solares"}]},{"@type":"WebSite","@id":"https:\/\/www.epen.gov.ar\/#website","url":"https:\/\/www.epen.gov.ar\/","name":"EPEN","description":"Ente Provincial de Energ\u00eda del Neuqu\u00e9n","publisher":{"@id":"https:\/\/www.epen.gov.ar\/#organization"},"potentialAction":[{"@type":"SearchAction","target":{"@type":"EntryPoint","urlTemplate":"https:\/\/www.epen.gov.ar\/?s={search_term_string}"},"query-input":{"@type":"PropertyValueSpecification","valueRequired":true,"valueName":"search_term_string"}}],"inLanguage":"es"},{"@type":"Organization","@id":"https:\/\/www.epen.gov.ar\/#organization","name":"Ente Provincial de Energ\u00eda del Neuqu\u00e9n","url":"https:\/\/www.epen.gov.ar\/","logo":{"@type":"ImageObject","inLanguage":"es","@id":"https:\/\/www.epen.gov.ar\/#\/schema\/logo\/image\/","url":"https:\/\/www.epen.gov.ar\/wp-content\/uploads\/2024\/02\/Logo-EPEN-2.jpg","contentUrl":"https:\/\/www.epen.gov.ar\/wp-content\/uploads\/2024\/02\/Logo-EPEN-2.jpg","width":696,"height":696,"caption":"Ente Provincial de Energ\u00eda del Neuqu\u00e9n"},"image":{"@id":"https:\/\/www.epen.gov.ar\/#\/schema\/logo\/image\/"},"sameAs":["https:\/\/www.facebook.com\/EPEN.Neuquen","https:\/\/x.com\/EPEN_Informa","https:\/\/www.youtube.com\/@epenprensa7384"]},{"@type":"Person","@id":"https:\/\/www.epen.gov.ar\/#\/schema\/person\/ce6cff87c2fc01264becc10fa105ad4f","name":"Prensa EPEN","image":{"@type":"ImageObject","inLanguage":"es","@id":"https:\/\/secure.gravatar.com\/avatar\/f8120b8688012ccf2d7fbcf7a970cfbabf0ab63b09c2dbd72c194bee080070e9?s=96&d=mm&r=g","url":"https:\/\/secure.gravatar.com\/avatar\/f8120b8688012ccf2d7fbcf7a970cfbabf0ab63b09c2dbd72c194bee080070e9?s=96&d=mm&r=g","contentUrl":"https:\/\/secure.gravatar.com\/avatar\/f8120b8688012ccf2d7fbcf7a970cfbabf0ab63b09c2dbd72c194bee080070e9?s=96&d=mm&r=g","caption":"Prensa EPEN"},"url":"https:\/\/www.epen.gov.ar\/index.php\/author\/admin\/"}]}},"_links":{"self":[{"href":"https:\/\/www.epen.gov.ar\/index.php\/wp-json\/wp\/v2\/posts\/4978","targetHints":{"allow":["GET"]}}],"collection":[{"href":"https:\/\/www.epen.gov.ar\/index.php\/wp-json\/wp\/v2\/posts"}],"about":[{"href":"https:\/\/www.epen.gov.ar\/index.php\/wp-json\/wp\/v2\/types\/post"}],"author":[{"embeddable":true,"href":"https:\/\/www.epen.gov.ar\/index.php\/wp-json\/wp\/v2\/users\/1"}],"replies":[{"embeddable":true,"href":"https:\/\/www.epen.gov.ar\/index.php\/wp-json\/wp\/v2\/comments?post=4978"}],"version-history":[{"count":5,"href":"https:\/\/www.epen.gov.ar\/index.php\/wp-json\/wp\/v2\/posts\/4978\/revisions"}],"predecessor-version":[{"id":4986,"href":"https:\/\/www.epen.gov.ar\/index.php\/wp-json\/wp\/v2\/posts\/4978\/revisions\/4986"}],"wp:featuredmedia":[{"embeddable":true,"href":"https:\/\/www.epen.gov.ar\/index.php\/wp-json\/wp\/v2\/media\/4980"}],"wp:attachment":[{"href":"https:\/\/www.epen.gov.ar\/index.php\/wp-json\/wp\/v2\/media?parent=4978"}],"wp:term":[{"taxonomy":"category","embeddable":true,"href":"https:\/\/www.epen.gov.ar\/index.php\/wp-json\/wp\/v2\/categories?post=4978"},{"taxonomy":"post_tag","embeddable":true,"href":"https:\/\/www.epen.gov.ar\/index.php\/wp-json\/wp\/v2\/tags?post=4978"}],"curies":[{"name":"wp","href":"https:\/\/api.w.org\/{rel}","templated":true}]}}