{"id":4926,"date":"2019-11-20T11:52:40","date_gmt":"2019-11-20T14:52:40","guid":{"rendered":"http:\/\/192.168.200.48\/?p=4926"},"modified":"2019-11-20T11:52:40","modified_gmt":"2019-11-20T14:52:40","slug":"el-epen-certifico-su-programa-de-prevencion-de-adicciones","status":"publish","type":"post","link":"https:\/\/www.epen.gov.ar\/index.php\/2019\/11\/20\/el-epen-certifico-su-programa-de-prevencion-de-adicciones\/","title":{"rendered":"El EPEN certific\u00f3 su programa de prevenci\u00f3n de adicciones"},"content":{"rendered":"<div class=\"fusion-fullwidth fullwidth-box fusion-builder-row-1 nonhundred-percent-fullwidth non-hundred-percent-height-scrolling\" style=\"--awb-border-radius-top-left:0px;--awb-border-radius-top-right:0px;--awb-border-radius-bottom-right:0px;--awb-border-radius-bottom-left:0px;--awb-flex-wrap:wrap;\" ><div class=\"fusion-builder-row fusion-row\"><div class=\"fusion-layout-column fusion_builder_column fusion-builder-column-0 fusion_builder_column_2_3 2_3 fusion-two-third fusion-column-first\" style=\"--awb-bg-size:cover;width:66.666666666667%;width:calc(66.666666666667% - ( ( 4% ) * 0.66666666666667 ) );margin-right: 4%;\"><div class=\"fusion-column-wrapper fusion-column-has-shadow fusion-flex-column-wrapper-legacy\"><div class=\"fusion-text fusion-text-1\"><p class=\"bajada\">R<em>econocimiento a la tarea que comenz\u00f3 en 2012 y se profundiz\u00f3 el a\u00f1o pasado, cuyo programa ya alcanz\u00f3 a m\u00e1s de 200 trabajadores de la empresa.<\/em><\/p>\n<p>La semana pasada, el Ente Provincial de Energ\u00eda del Neuqu\u00e9n (EPEN) obtuvo la certificaci\u00f3n, a nivel nacional, para su programa de prevenci\u00f3n de consumos problem\u00e1ticos en el \u00e1mbito laboral, otorgado por la secretar\u00eda de Pol\u00edticas Integrales sobre Drogas de la Naci\u00f3n Argentina (Sedronar).<\/p>\n<p>En el marco de la cuarta edici\u00f3n del \u201cPrograma de Certificaci\u00f3n a \u00c1mbitos Laborales \u00a0preventivos\u201d que organiza Sedronar en la ciudad de Buenos Aires, el ente dio cuenta de las acciones desplegadas, en particular desde 2018, junto con otras empresas del sector entre las que participaron Edesur SA, Grupo Enel, Transportadora de Gas del Sur (TGS SA) y Pampa Energ\u00eda SA.<\/p>\n<p>Desde la implementaci\u00f3n -en 2012- de la Pol\u00edtica de Adicciones en el EPEN, se estableci\u00f3 como objetivo \u00a0propiciar y desarrollar el bienestar de los miembros de la organizaci\u00f3n, previniendo y concientizando sobre los da\u00f1os asociados a la problem\u00e1tica del alcohol y otras drogas en el \u00e1mbito laboral. Pero fue a partir del a\u00f1o pasado, que se profundiz\u00f3 el trabajo con la subsecretar\u00eda de Ciudades Saludables y Prevenci\u00f3n de Consumos Problem\u00e1ticos, el directorio y la parte gremial de la empresa.<\/p>\n<p>Las jefas a cargo de la Unidad de Recursos Humanos y el sector Salud, Mabel Gentili y Carolina Doiny, respectivamente, fueron las encargadas de recibir la distinci\u00f3n durante el evento. Acompa\u00f1\u00f3 Luciano Coniglio, de la subsecretar\u00eda de Ciudades Saludables y Prevenci\u00f3n de Consumos Problem\u00e1ticos de la provincia.<\/p>\n<p>Para llevar a cabo dicho programa, se conform\u00f3 un equipo interdisciplinario coordinado desde la Unidad de Recursos Humanos, Salud y Seguridad, con talleres de concientizaci\u00f3n en un recorrido que abarc\u00f3 varias localidades de la provincia \u2013llegando a m\u00e1s de 200 agentes- y que a\u00fan contin\u00faa vigente.<\/p>\n<p>La Sedronar, con su \u201cPrograma de Certificaci\u00f3n a \u00c1mbitos Laborales Preventivos\u201d, tiene como objetivo acompa\u00f1ar, reconocer y promover las estrategias de abordaje que llevan adelante las empresas, sindicatos, organizaciones de la sociedad civil y organismos p\u00fablicos en materia de adicciones y promoci\u00f3n de h\u00e1bitos saludables. En el caso del EPEN, otorg\u00f3 la certificaci\u00f3n reconociendo la implementaci\u00f3n de un programa preventivo en el \u00e1mbito laboral en pos de la construcci\u00f3n de una cultura organizacional preventiva.<\/p>\n<\/div><div class=\"fusion-image-element in-legacy-container\" style=\"--awb-caption-title-font-family:var(--h2_typography-font-family);--awb-caption-title-font-weight:var(--h2_typography-font-weight);--awb-caption-title-font-style:var(--h2_typography-font-style);--awb-caption-title-size:var(--h2_typography-font-size);--awb-caption-title-transform:var(--h2_typography-text-transform);--awb-caption-title-line-height:var(--h2_typography-line-height);--awb-caption-title-letter-spacing:var(--h2_typography-letter-spacing);\"><span class=\" fusion-imageframe imageframe-none imageframe-1 hover-type-none\"><img decoding=\"async\" width=\"1280\" height=\"960\" title=\"Recibimos certificaci\u00f3n\" src=\"\/\/www.epen.gov.ar\/wp-content\/uploads\/2019\/11\/Certifica-sedronar-EPEN-1280x960.jpg\" alt class=\"img-responsive wp-image-4928\" srcset=\"https:\/\/www.epen.gov.ar\/wp-content\/uploads\/2019\/11\/Certifica-sedronar-EPEN-200x150.jpg 200w, https:\/\/www.epen.gov.ar\/wp-content\/uploads\/2019\/11\/Certifica-sedronar-EPEN-400x300.jpg 400w, https:\/\/www.epen.gov.ar\/wp-content\/uploads\/2019\/11\/Certifica-sedronar-EPEN-600x450.jpg 600w, https:\/\/www.epen.gov.ar\/wp-content\/uploads\/2019\/11\/Certifica-sedronar-EPEN-800x600.jpg 800w, https:\/\/www.epen.gov.ar\/wp-content\/uploads\/2019\/11\/Certifica-sedronar-EPEN-1200x900.jpg 1200w, https:\/\/www.epen.gov.ar\/wp-content\/uploads\/2019\/11\/Certifica-sedronar-EPEN.jpg 1600w\" sizes=\"(max-width: 700px) 100vw, 1280px\" \/><\/span><\/div><div class=\"fusion-clearfix\"><\/div><\/div><\/div><div class=\"fusion-layout-column fusion_builder_column fusion-builder-column-1 fusion_builder_column_1_3 1_3 fusion-one-third fusion-column-last\" style=\"--awb-bg-size:cover;width:33.333333333333%;width:calc(33.333333333333% - ( ( 4% ) * 0.33333333333333 ) );\"><div class=\"fusion-column-wrapper fusion-column-has-shadow fusion-flex-column-wrapper-legacy\"><div class=\"fusion-widget-area awb-widget-area-element fusion-widget-area-1 fusion-content-widget-area\" style=\"--awb-title-size:20px;--awb-title-color:#333333;--awb-padding:0px 0px 0px 0px;\"><style type=\"text\/css\" data-id=\"tweets-widget-2\">#tweets-widget-2 li { border-color:#eaeaea;}<\/style><section id=\"tweets-widget-2\" class=\"widget tweets\" style=\"border-style: solid;border-color: #eaeaea;border-color:transparent;border-width:0px;\">\t\t\t\t\n\t\t<div style=\"overflow:hidden\">\n\t\t\t\t\t\t\t\t\t\t\t<a class=\"twitter-timeline\" data-dnt=\"true\" href=\"https:\/\/twitter.com\/@EPEN_Informa\" data-width=\"500\" data-height=\"300\" width=\"500\" height=\"300\" data-theme=\"light\" data-link-color=\"##25a9bd\" data-border-color=\"#eaeaea\" data-chrome=\"\">Tweets por @EPEN_Informa<\/a>\n\t\t\t\t\t\t\t\n\t\t\t\t\t\t\t\t\t\t\t<script async src=\"\/\/platform.twitter.com\/widgets.js\" charset=\"utf-8\"><\/script>\n\t\t\t\t\t\t\t\n\t\t<\/div>\n\t\t<\/section>\n\t\t<section id=\"recent-posts-3\" class=\"widget widget_recent_entries\" style=\"border-style: solid;border-color:transparent;border-width:0px;\">\n\t\t<div class=\"heading\"><h4 class=\"widget-title\">Entradas recientes<\/h4><\/div>\n\t\t<ul>\n\t\t\t\t\t\t\t\t\t\t\t<li>\n\t\t\t\t\t<a href=\"https:\/\/www.epen.gov.ar\/index.php\/2026\/04\/24\/corte-programado-en-sectores-de-san-martin-de-los-andes-el-25-04-2026\/\">Corte Programado en sectores de San Mart\u00edn de los Andes el 25\/04\/2026<\/a>\n\t\t\t\t\t\t\t\t\t\t\t<span class=\"post-date\">24\/04\/2026<\/span>\n\t\t\t\t\t\t\t\t\t<\/li>\n\t\t\t\t\t\t\t\t\t\t\t<li>\n\t\t\t\t\t<a href=\"https:\/\/www.epen.gov.ar\/index.php\/2026\/04\/24\/corte-programado-en-sectores-de-centenario-el-25-04-2026\/\">Corte Programado en sectores de Centenario el 25\/04\/2026<\/a>\n\t\t\t\t\t\t\t\t\t\t\t<span class=\"post-date\">24\/04\/2026<\/span>\n\t\t\t\t\t\t\t\t\t<\/li>\n\t\t\t\t\t\t\t\t\t\t\t<li>\n\t\t\t\t\t<a href=\"https:\/\/www.epen.gov.ar\/index.php\/2026\/04\/24\/corte-programado-en-sectores-de-loncopue-y-el-huecu-el-29-y-30-04-2026\/\">Cortes Programados en Loncopu\u00e9, El Huec\u00fa y zona rural de Caviahue y El Cholar el 29 y 30\/04\/2026<\/a>\n\t\t\t\t\t\t\t\t\t\t\t<span class=\"post-date\">24\/04\/2026<\/span>\n\t\t\t\t\t\t\t\t\t<\/li>\n\t\t\t\t\t\t\t\t\t\t\t<li>\n\t\t\t\t\t<a href=\"https:\/\/www.epen.gov.ar\/index.php\/2026\/04\/24\/corte-programado-en-sectores-de-anelo-el-25-04-2026\/\">Corte Programado en sectores de A\u00f1elo el 25\/04\/2026<\/a>\n\t\t\t\t\t\t\t\t\t\t\t<span class=\"post-date\">24\/04\/2026<\/span>\n\t\t\t\t\t\t\t\t\t<\/li>\n\t\t\t\t\t\t\t\t\t\t\t<li>\n\t\t\t\t\t<a href=\"https:\/\/www.epen.gov.ar\/index.php\/2026\/04\/24\/corte-programado-en-sectores-de-alto-neuquen-el-25-04-2026\/\">Corte Programado en sectores de la regi\u00f3n Alto Neuqu\u00e9n el 25\/04\/2026<\/a>\n\t\t\t\t\t\t\t\t\t\t\t<span class=\"post-date\">24\/04\/2026<\/span>\n\t\t\t\t\t\t\t\t\t<\/li>\n\t\t\t\t\t<\/ul>\n\n\t\t<\/section><div class=\"fusion-additional-widget-content\"><\/div><\/div><div class=\"fusion-clearfix\"><\/div><\/div><\/div><\/div><\/div>\n","protected":false},"excerpt":{"rendered":"","protected":false},"author":1,"featured_media":4927,"comment_status":"open","ping_status":"open","sticky":false,"template":"","format":"standard","meta":{"_exactmetrics_skip_tracking":false,"_exactmetrics_sitenote_active":false,"_exactmetrics_sitenote_note":"","_exactmetrics_sitenote_category":0,"footnotes":""},"categories":[84],"tags":[167,166],"class_list":["post-4926","post","type-post","status-publish","format-standard","has-post-thumbnail","hentry","category-noticias","tag-consumos-problematicos","tag-prevencion"],"yoast_head":"<!-- This site is optimized with the Yoast SEO plugin v27.2 - https:\/\/yoast.com\/product\/yoast-seo-wordpress\/ -->\n<title>EPEN - El EPEN certific\u00f3 su programa de prevenci\u00f3n de adicciones<\/title>\n<meta name=\"description\" content=\"El EPEN certific\u00f3 su programa de prevenci\u00f3n de adicciones Noticias\" \/>\n<meta name=\"robots\" content=\"index, follow, max-snippet:-1, max-image-preview:large, max-video-preview:-1\" \/>\n<link rel=\"canonical\" href=\"https:\/\/www.epen.gov.ar\/index.php\/2019\/11\/20\/el-epen-certifico-su-programa-de-prevencion-de-adicciones\/\" \/>\n<meta property=\"og:locale\" content=\"es_ES\" \/>\n<meta property=\"og:type\" content=\"article\" \/>\n<meta property=\"og:title\" content=\"EPEN - El EPEN certific\u00f3 su programa de prevenci\u00f3n de adicciones\" \/>\n<meta property=\"og:description\" content=\"El EPEN certific\u00f3 su programa de prevenci\u00f3n de adicciones Noticias\" \/>\n<meta property=\"og:url\" content=\"https:\/\/www.epen.gov.ar\/index.php\/2019\/11\/20\/el-epen-certifico-su-programa-de-prevencion-de-adicciones\/\" \/>\n<meta property=\"og:site_name\" content=\"EPEN\" \/>\n<meta property=\"article:publisher\" content=\"https:\/\/www.facebook.com\/EPEN.Neuquen\" \/>\n<meta property=\"article:published_time\" content=\"2019-11-20T14:52:40+00:00\" \/>\n<meta property=\"og:image\" content=\"https:\/\/www.epen.gov.ar\/wp-content\/uploads\/2019\/11\/Certifica-Sedronar-EPEN-grupal.jpg\" \/>\n\t<meta property=\"og:image:width\" content=\"1600\" \/>\n\t<meta property=\"og:image:height\" content=\"1200\" \/>\n\t<meta property=\"og:image:type\" content=\"image\/jpeg\" \/>\n<meta name=\"author\" content=\"Prensa EPEN\" \/>\n<meta name=\"twitter:card\" content=\"summary_large_image\" \/>\n<meta name=\"twitter:creator\" content=\"@EPEN_Informa\" \/>\n<meta name=\"twitter:site\" content=\"@EPEN_Informa\" \/>\n<meta name=\"twitter:label1\" content=\"Escrito por\" \/>\n\t<meta name=\"twitter:data1\" content=\"Prensa EPEN\" \/>\n\t<meta name=\"twitter:label2\" content=\"Tiempo de lectura\" \/>\n\t<meta name=\"twitter:data2\" content=\"4 minutos\" \/>\n<script type=\"application\/ld+json\" class=\"yoast-schema-graph\">{\"@context\":\"https:\/\/schema.org\",\"@graph\":[{\"@type\":\"Article\",\"@id\":\"https:\/\/www.epen.gov.ar\/index.php\/2019\/11\/20\/el-epen-certifico-su-programa-de-prevencion-de-adicciones\/#article\",\"isPartOf\":{\"@id\":\"https:\/\/www.epen.gov.ar\/index.php\/2019\/11\/20\/el-epen-certifico-su-programa-de-prevencion-de-adicciones\/\"},\"author\":{\"name\":\"Prensa EPEN\",\"@id\":\"https:\/\/www.epen.gov.ar\/#\/schema\/person\/ce6cff87c2fc01264becc10fa105ad4f\"},\"headline\":\"El EPEN certific\u00f3 su programa de prevenci\u00f3n de adicciones\",\"datePublished\":\"2019-11-20T14:52:40+00:00\",\"mainEntityOfPage\":{\"@id\":\"https:\/\/www.epen.gov.ar\/index.php\/2019\/11\/20\/el-epen-certifico-su-programa-de-prevencion-de-adicciones\/\"},\"wordCount\":839,\"commentCount\":0,\"publisher\":{\"@id\":\"https:\/\/www.epen.gov.ar\/#organization\"},\"image\":{\"@id\":\"https:\/\/www.epen.gov.ar\/index.php\/2019\/11\/20\/el-epen-certifico-su-programa-de-prevencion-de-adicciones\/#primaryimage\"},\"thumbnailUrl\":\"https:\/\/www.epen.gov.ar\/wp-content\/uploads\/2019\/11\/Certifica-Sedronar-EPEN-grupal.jpg\",\"keywords\":[\"Consumos Problem\u00e1ticos\",\"Prevenci\u00f3n\"],\"articleSection\":[\"Noticias\"],\"inLanguage\":\"es\",\"potentialAction\":[{\"@type\":\"CommentAction\",\"name\":\"Comment\",\"target\":[\"https:\/\/www.epen.gov.ar\/index.php\/2019\/11\/20\/el-epen-certifico-su-programa-de-prevencion-de-adicciones\/#respond\"]}]},{\"@type\":\"WebPage\",\"@id\":\"https:\/\/www.epen.gov.ar\/index.php\/2019\/11\/20\/el-epen-certifico-su-programa-de-prevencion-de-adicciones\/\",\"url\":\"https:\/\/www.epen.gov.ar\/index.php\/2019\/11\/20\/el-epen-certifico-su-programa-de-prevencion-de-adicciones\/\",\"name\":\"EPEN - El EPEN certific\u00f3 su programa de prevenci\u00f3n de adicciones\",\"isPartOf\":{\"@id\":\"https:\/\/www.epen.gov.ar\/#website\"},\"primaryImageOfPage\":{\"@id\":\"https:\/\/www.epen.gov.ar\/index.php\/2019\/11\/20\/el-epen-certifico-su-programa-de-prevencion-de-adicciones\/#primaryimage\"},\"image\":{\"@id\":\"https:\/\/www.epen.gov.ar\/index.php\/2019\/11\/20\/el-epen-certifico-su-programa-de-prevencion-de-adicciones\/#primaryimage\"},\"thumbnailUrl\":\"https:\/\/www.epen.gov.ar\/wp-content\/uploads\/2019\/11\/Certifica-Sedronar-EPEN-grupal.jpg\",\"datePublished\":\"2019-11-20T14:52:40+00:00\",\"description\":\"El EPEN certific\u00f3 su programa de prevenci\u00f3n de adicciones Noticias\",\"breadcrumb\":{\"@id\":\"https:\/\/www.epen.gov.ar\/index.php\/2019\/11\/20\/el-epen-certifico-su-programa-de-prevencion-de-adicciones\/#breadcrumb\"},\"inLanguage\":\"es\",\"potentialAction\":[{\"@type\":\"ReadAction\",\"target\":[\"https:\/\/www.epen.gov.ar\/index.php\/2019\/11\/20\/el-epen-certifico-su-programa-de-prevencion-de-adicciones\/\"]}]},{\"@type\":\"ImageObject\",\"inLanguage\":\"es\",\"@id\":\"https:\/\/www.epen.gov.ar\/index.php\/2019\/11\/20\/el-epen-certifico-su-programa-de-prevencion-de-adicciones\/#primaryimage\",\"url\":\"https:\/\/www.epen.gov.ar\/wp-content\/uploads\/2019\/11\/Certifica-Sedronar-EPEN-grupal.jpg\",\"contentUrl\":\"https:\/\/www.epen.gov.ar\/wp-content\/uploads\/2019\/11\/Certifica-Sedronar-EPEN-grupal.jpg\",\"width\":1600,\"height\":1200},{\"@type\":\"BreadcrumbList\",\"@id\":\"https:\/\/www.epen.gov.ar\/index.php\/2019\/11\/20\/el-epen-certifico-su-programa-de-prevencion-de-adicciones\/#breadcrumb\",\"itemListElement\":[{\"@type\":\"ListItem\",\"position\":1,\"name\":\"Inicio\",\"item\":\"https:\/\/www.epen.gov.ar\/\"},{\"@type\":\"ListItem\",\"position\":2,\"name\":\"El EPEN certific\u00f3 su programa de prevenci\u00f3n de adicciones\"}]},{\"@type\":\"WebSite\",\"@id\":\"https:\/\/www.epen.gov.ar\/#website\",\"url\":\"https:\/\/www.epen.gov.ar\/\",\"name\":\"EPEN\",\"description\":\"Ente Provincial de Energ\u00eda del Neuqu\u00e9n\",\"publisher\":{\"@id\":\"https:\/\/www.epen.gov.ar\/#organization\"},\"potentialAction\":[{\"@type\":\"SearchAction\",\"target\":{\"@type\":\"EntryPoint\",\"urlTemplate\":\"https:\/\/www.epen.gov.ar\/?s={search_term_string}\"},\"query-input\":{\"@type\":\"PropertyValueSpecification\",\"valueRequired\":true,\"valueName\":\"search_term_string\"}}],\"inLanguage\":\"es\"},{\"@type\":\"Organization\",\"@id\":\"https:\/\/www.epen.gov.ar\/#organization\",\"name\":\"Ente Provincial de Energ\u00eda del Neuqu\u00e9n\",\"url\":\"https:\/\/www.epen.gov.ar\/\",\"logo\":{\"@type\":\"ImageObject\",\"inLanguage\":\"es\",\"@id\":\"https:\/\/www.epen.gov.ar\/#\/schema\/logo\/image\/\",\"url\":\"https:\/\/www.epen.gov.ar\/wp-content\/uploads\/2024\/02\/Logo-EPEN-2.jpg\",\"contentUrl\":\"https:\/\/www.epen.gov.ar\/wp-content\/uploads\/2024\/02\/Logo-EPEN-2.jpg\",\"width\":696,\"height\":696,\"caption\":\"Ente Provincial de Energ\u00eda del Neuqu\u00e9n\"},\"image\":{\"@id\":\"https:\/\/www.epen.gov.ar\/#\/schema\/logo\/image\/\"},\"sameAs\":[\"https:\/\/www.facebook.com\/EPEN.Neuquen\",\"https:\/\/x.com\/EPEN_Informa\",\"https:\/\/www.youtube.com\/@epenprensa7384\"]},{\"@type\":\"Person\",\"@id\":\"https:\/\/www.epen.gov.ar\/#\/schema\/person\/ce6cff87c2fc01264becc10fa105ad4f\",\"name\":\"Prensa EPEN\",\"image\":{\"@type\":\"ImageObject\",\"inLanguage\":\"es\",\"@id\":\"https:\/\/secure.gravatar.com\/avatar\/f8120b8688012ccf2d7fbcf7a970cfbabf0ab63b09c2dbd72c194bee080070e9?s=96&d=mm&r=g\",\"url\":\"https:\/\/secure.gravatar.com\/avatar\/f8120b8688012ccf2d7fbcf7a970cfbabf0ab63b09c2dbd72c194bee080070e9?s=96&d=mm&r=g\",\"contentUrl\":\"https:\/\/secure.gravatar.com\/avatar\/f8120b8688012ccf2d7fbcf7a970cfbabf0ab63b09c2dbd72c194bee080070e9?s=96&d=mm&r=g\",\"caption\":\"Prensa EPEN\"},\"url\":\"https:\/\/www.epen.gov.ar\/index.php\/author\/admin\/\"}]}<\/script>\n<!-- \/ Yoast SEO plugin. -->","yoast_head_json":{"title":"EPEN - El EPEN certific\u00f3 su programa de prevenci\u00f3n de adicciones","description":"El EPEN certific\u00f3 su programa de prevenci\u00f3n de adicciones Noticias","robots":{"index":"index","follow":"follow","max-snippet":"max-snippet:-1","max-image-preview":"max-image-preview:large","max-video-preview":"max-video-preview:-1"},"canonical":"https:\/\/www.epen.gov.ar\/index.php\/2019\/11\/20\/el-epen-certifico-su-programa-de-prevencion-de-adicciones\/","og_locale":"es_ES","og_type":"article","og_title":"EPEN - El EPEN certific\u00f3 su programa de prevenci\u00f3n de adicciones","og_description":"El EPEN certific\u00f3 su programa de prevenci\u00f3n de adicciones Noticias","og_url":"https:\/\/www.epen.gov.ar\/index.php\/2019\/11\/20\/el-epen-certifico-su-programa-de-prevencion-de-adicciones\/","og_site_name":"EPEN","article_publisher":"https:\/\/www.facebook.com\/EPEN.Neuquen","article_published_time":"2019-11-20T14:52:40+00:00","og_image":[{"width":1600,"height":1200,"url":"https:\/\/www.epen.gov.ar\/wp-content\/uploads\/2019\/11\/Certifica-Sedronar-EPEN-grupal.jpg","type":"image\/jpeg"}],"author":"Prensa EPEN","twitter_card":"summary_large_image","twitter_creator":"@EPEN_Informa","twitter_site":"@EPEN_Informa","twitter_misc":{"Escrito por":"Prensa EPEN","Tiempo de lectura":"4 minutos"},"schema":{"@context":"https:\/\/schema.org","@graph":[{"@type":"Article","@id":"https:\/\/www.epen.gov.ar\/index.php\/2019\/11\/20\/el-epen-certifico-su-programa-de-prevencion-de-adicciones\/#article","isPartOf":{"@id":"https:\/\/www.epen.gov.ar\/index.php\/2019\/11\/20\/el-epen-certifico-su-programa-de-prevencion-de-adicciones\/"},"author":{"name":"Prensa EPEN","@id":"https:\/\/www.epen.gov.ar\/#\/schema\/person\/ce6cff87c2fc01264becc10fa105ad4f"},"headline":"El EPEN certific\u00f3 su programa de prevenci\u00f3n de adicciones","datePublished":"2019-11-20T14:52:40+00:00","mainEntityOfPage":{"@id":"https:\/\/www.epen.gov.ar\/index.php\/2019\/11\/20\/el-epen-certifico-su-programa-de-prevencion-de-adicciones\/"},"wordCount":839,"commentCount":0,"publisher":{"@id":"https:\/\/www.epen.gov.ar\/#organization"},"image":{"@id":"https:\/\/www.epen.gov.ar\/index.php\/2019\/11\/20\/el-epen-certifico-su-programa-de-prevencion-de-adicciones\/#primaryimage"},"thumbnailUrl":"https:\/\/www.epen.gov.ar\/wp-content\/uploads\/2019\/11\/Certifica-Sedronar-EPEN-grupal.jpg","keywords":["Consumos Problem\u00e1ticos","Prevenci\u00f3n"],"articleSection":["Noticias"],"inLanguage":"es","potentialAction":[{"@type":"CommentAction","name":"Comment","target":["https:\/\/www.epen.gov.ar\/index.php\/2019\/11\/20\/el-epen-certifico-su-programa-de-prevencion-de-adicciones\/#respond"]}]},{"@type":"WebPage","@id":"https:\/\/www.epen.gov.ar\/index.php\/2019\/11\/20\/el-epen-certifico-su-programa-de-prevencion-de-adicciones\/","url":"https:\/\/www.epen.gov.ar\/index.php\/2019\/11\/20\/el-epen-certifico-su-programa-de-prevencion-de-adicciones\/","name":"EPEN - El EPEN certific\u00f3 su programa de prevenci\u00f3n de adicciones","isPartOf":{"@id":"https:\/\/www.epen.gov.ar\/#website"},"primaryImageOfPage":{"@id":"https:\/\/www.epen.gov.ar\/index.php\/2019\/11\/20\/el-epen-certifico-su-programa-de-prevencion-de-adicciones\/#primaryimage"},"image":{"@id":"https:\/\/www.epen.gov.ar\/index.php\/2019\/11\/20\/el-epen-certifico-su-programa-de-prevencion-de-adicciones\/#primaryimage"},"thumbnailUrl":"https:\/\/www.epen.gov.ar\/wp-content\/uploads\/2019\/11\/Certifica-Sedronar-EPEN-grupal.jpg","datePublished":"2019-11-20T14:52:40+00:00","description":"El EPEN certific\u00f3 su programa de prevenci\u00f3n de adicciones Noticias","breadcrumb":{"@id":"https:\/\/www.epen.gov.ar\/index.php\/2019\/11\/20\/el-epen-certifico-su-programa-de-prevencion-de-adicciones\/#breadcrumb"},"inLanguage":"es","potentialAction":[{"@type":"ReadAction","target":["https:\/\/www.epen.gov.ar\/index.php\/2019\/11\/20\/el-epen-certifico-su-programa-de-prevencion-de-adicciones\/"]}]},{"@type":"ImageObject","inLanguage":"es","@id":"https:\/\/www.epen.gov.ar\/index.php\/2019\/11\/20\/el-epen-certifico-su-programa-de-prevencion-de-adicciones\/#primaryimage","url":"https:\/\/www.epen.gov.ar\/wp-content\/uploads\/2019\/11\/Certifica-Sedronar-EPEN-grupal.jpg","contentUrl":"https:\/\/www.epen.gov.ar\/wp-content\/uploads\/2019\/11\/Certifica-Sedronar-EPEN-grupal.jpg","width":1600,"height":1200},{"@type":"BreadcrumbList","@id":"https:\/\/www.epen.gov.ar\/index.php\/2019\/11\/20\/el-epen-certifico-su-programa-de-prevencion-de-adicciones\/#breadcrumb","itemListElement":[{"@type":"ListItem","position":1,"name":"Inicio","item":"https:\/\/www.epen.gov.ar\/"},{"@type":"ListItem","position":2,"name":"El EPEN certific\u00f3 su programa de prevenci\u00f3n de adicciones"}]},{"@type":"WebSite","@id":"https:\/\/www.epen.gov.ar\/#website","url":"https:\/\/www.epen.gov.ar\/","name":"EPEN","description":"Ente Provincial de Energ\u00eda del Neuqu\u00e9n","publisher":{"@id":"https:\/\/www.epen.gov.ar\/#organization"},"potentialAction":[{"@type":"SearchAction","target":{"@type":"EntryPoint","urlTemplate":"https:\/\/www.epen.gov.ar\/?s={search_term_string}"},"query-input":{"@type":"PropertyValueSpecification","valueRequired":true,"valueName":"search_term_string"}}],"inLanguage":"es"},{"@type":"Organization","@id":"https:\/\/www.epen.gov.ar\/#organization","name":"Ente Provincial de Energ\u00eda del Neuqu\u00e9n","url":"https:\/\/www.epen.gov.ar\/","logo":{"@type":"ImageObject","inLanguage":"es","@id":"https:\/\/www.epen.gov.ar\/#\/schema\/logo\/image\/","url":"https:\/\/www.epen.gov.ar\/wp-content\/uploads\/2024\/02\/Logo-EPEN-2.jpg","contentUrl":"https:\/\/www.epen.gov.ar\/wp-content\/uploads\/2024\/02\/Logo-EPEN-2.jpg","width":696,"height":696,"caption":"Ente Provincial de Energ\u00eda del Neuqu\u00e9n"},"image":{"@id":"https:\/\/www.epen.gov.ar\/#\/schema\/logo\/image\/"},"sameAs":["https:\/\/www.facebook.com\/EPEN.Neuquen","https:\/\/x.com\/EPEN_Informa","https:\/\/www.youtube.com\/@epenprensa7384"]},{"@type":"Person","@id":"https:\/\/www.epen.gov.ar\/#\/schema\/person\/ce6cff87c2fc01264becc10fa105ad4f","name":"Prensa EPEN","image":{"@type":"ImageObject","inLanguage":"es","@id":"https:\/\/secure.gravatar.com\/avatar\/f8120b8688012ccf2d7fbcf7a970cfbabf0ab63b09c2dbd72c194bee080070e9?s=96&d=mm&r=g","url":"https:\/\/secure.gravatar.com\/avatar\/f8120b8688012ccf2d7fbcf7a970cfbabf0ab63b09c2dbd72c194bee080070e9?s=96&d=mm&r=g","contentUrl":"https:\/\/secure.gravatar.com\/avatar\/f8120b8688012ccf2d7fbcf7a970cfbabf0ab63b09c2dbd72c194bee080070e9?s=96&d=mm&r=g","caption":"Prensa EPEN"},"url":"https:\/\/www.epen.gov.ar\/index.php\/author\/admin\/"}]}},"_links":{"self":[{"href":"https:\/\/www.epen.gov.ar\/index.php\/wp-json\/wp\/v2\/posts\/4926","targetHints":{"allow":["GET"]}}],"collection":[{"href":"https:\/\/www.epen.gov.ar\/index.php\/wp-json\/wp\/v2\/posts"}],"about":[{"href":"https:\/\/www.epen.gov.ar\/index.php\/wp-json\/wp\/v2\/types\/post"}],"author":[{"embeddable":true,"href":"https:\/\/www.epen.gov.ar\/index.php\/wp-json\/wp\/v2\/users\/1"}],"replies":[{"embeddable":true,"href":"https:\/\/www.epen.gov.ar\/index.php\/wp-json\/wp\/v2\/comments?post=4926"}],"version-history":[{"count":2,"href":"https:\/\/www.epen.gov.ar\/index.php\/wp-json\/wp\/v2\/posts\/4926\/revisions"}],"predecessor-version":[{"id":4930,"href":"https:\/\/www.epen.gov.ar\/index.php\/wp-json\/wp\/v2\/posts\/4926\/revisions\/4930"}],"wp:featuredmedia":[{"embeddable":true,"href":"https:\/\/www.epen.gov.ar\/index.php\/wp-json\/wp\/v2\/media\/4927"}],"wp:attachment":[{"href":"https:\/\/www.epen.gov.ar\/index.php\/wp-json\/wp\/v2\/media?parent=4926"}],"wp:term":[{"taxonomy":"category","embeddable":true,"href":"https:\/\/www.epen.gov.ar\/index.php\/wp-json\/wp\/v2\/categories?post=4926"},{"taxonomy":"post_tag","embeddable":true,"href":"https:\/\/www.epen.gov.ar\/index.php\/wp-json\/wp\/v2\/tags?post=4926"}],"curies":[{"name":"wp","href":"https:\/\/api.w.org\/{rel}","templated":true}]}}