{"id":4857,"date":"2019-10-31T09:29:59","date_gmt":"2019-10-31T12:29:59","guid":{"rendered":"http:\/\/192.168.200.48\/?p=4857"},"modified":"2019-10-31T09:37:57","modified_gmt":"2019-10-31T12:37:57","slug":"avanzan-con-la-instalacion-de-paneles-solares-en-escuela-de-centenario","status":"publish","type":"post","link":"https:\/\/www.epen.gov.ar\/index.php\/2019\/10\/31\/avanzan-con-la-instalacion-de-paneles-solares-en-escuela-de-centenario\/","title":{"rendered":"Avanza la instalaci\u00f3n de paneles solares en escuela de Centenario"},"content":{"rendered":"<div class=\"fusion-fullwidth fullwidth-box fusion-builder-row-1 nonhundred-percent-fullwidth non-hundred-percent-height-scrolling\" style=\"--awb-border-radius-top-left:0px;--awb-border-radius-top-right:0px;--awb-border-radius-bottom-right:0px;--awb-border-radius-bottom-left:0px;--awb-flex-wrap:wrap;\" ><div class=\"fusion-builder-row fusion-row\"><div class=\"fusion-layout-column fusion_builder_column fusion-builder-column-0 fusion_builder_column_2_3 2_3 fusion-two-third fusion-column-first\" style=\"--awb-bg-size:cover;width:66.666666666667%;width:calc(66.666666666667% - ( ( 4% ) * 0.66666666666667 ) );margin-right: 4%;\"><div class=\"fusion-column-wrapper fusion-column-has-shadow fusion-flex-column-wrapper-legacy\"><div class=\"fusion-text fusion-text-1\"><p class=\"bajada\" style=\"text-align: justify;\"><strong><i>El proyecto busca concientizar sobre el uso de las fuentes renovables de energ\u00eda y, a la vez, estudiar el comportamiento del sistema el\u00e9ctrico ante el uso de la \u201cgeneraci\u00f3n distribuida\u201d.<\/i><\/strong><\/p>\n<p style=\"font-weight: 400; text-align: justify;\">El Ente Provincial de Energ\u00eda del Neuqu\u00e9n (EPEN) puso en funcionamiento una estructura de paneles solares en la Escuela N\u00b0 109 de Centenario, en el marco de un proyecto que busca evaluar desde una perspectiva t\u00e9cnica, econ\u00f3mica, social y ambiental, el impacto de la inyecci\u00f3n de energ\u00eda -generada mediante fuentes renovables- a las redes de distribuci\u00f3n del servicio.<\/p>\n<p style=\"font-weight: 400; text-align: justify;\">La obra, que a\u00fan se encuentra en ejecuci\u00f3n, es parte de una experiencia piloto para instalar varios sistemas de generaci\u00f3n fotovoltaica, con una potencia de aproximadamente 200 kilovatios conectados a la red y a un mismo transformador urbano. El a\u00f1o pasado\u00a0se puso en\u00a0marcha la primera instalaci\u00f3n basada en energ\u00eda solar -en una vivienda- con\u00a012 paneles ubicados sobre estructuras de hierro sobre el techo de la misma.<\/p>\n<p style=\"font-weight: 400; text-align: justify;\">La obra instalada en la mencionada escuela -que se mont\u00f3 sobre una porci\u00f3n del patio alejada de los lugares de juego que frecuentan los alumnos-, se ubica en un gran predio que contiene al establecimiento y tambi\u00e9n tiene el objetivo de difundir las energ\u00edas renovables. El equipamiento -ubicado sobre pilares met\u00e1licos- cuenta con 20 m\u00f3dulos de 250 vatios cada uno, y un equipo inversor, con una potencia total de 5 kilovatios que se inyectan directamente a la red, aunque la escuela puede consumir la energ\u00eda generada.<\/p>\n<p style=\"font-weight: 400; text-align: justify;\">El proyecto global\u00a0se lleva a cabo a trav\u00e9s de un Consorcio P\u00fablico Privado, denominado Iresud-RI\u00a0 integrado por el EPEN, la Universidad Nacional de San Mart\u00edn de Buenos Aires y la empresa Aldar, especializada en servicios de ingenier\u00eda en proyectos fotovoltaicos y es parcialmente financiado por\u00a0la Agencia Nacional de Promoci\u00f3n Cient\u00edfica y Tecnol\u00f3gica.<\/p>\n<p style=\"font-weight: 400; text-align: justify;\">A la fecha, \u00a0los paneles, las estructuras y los equipos inversores necesarios para llegar a los 200 kilovatios, ya se encuentran en Centenario a la espera del montaje en distintas locaciones \u2013como el edificio del municipio local, la Cooperativa Telef\u00f3nica, la empresa de tratamiento y distribuci\u00f3n de agua Aqualic, entre otras- que forman parte del proyecto.<\/p>\n<p style=\"font-weight: 400; text-align: justify;\"><strong>Antecedentes<\/strong><\/p>\n<p style=\"font-weight: 400; text-align: justify;\">Las primeras instalaciones de paneles fotovoltaicos\u00a0conectados a la red de distribuci\u00f3n\u00a0se realizaron en el marco del Proyecto IRESUD,\u00a0que se desarroll\u00f3 en todo el pa\u00eds. En este marco se instalaron dos sistemas, uno en San Patricio del Cha\u00f1ar y otro en San Mart\u00edn de los Andes, en 2013 y 2015 respectivamente, ambos a\u00fan funcionando. Esta experiencia y el intercambio de conocimiento con otras, fue el germen para la presentaci\u00f3n del proyecto de Ley de generaci\u00f3n distribuida con fuentes renovables, sancionado en la provincia como Ley 3006 en 2016.<\/p>\n<\/div><div class=\"fusion-image-element fusion-image-align-center in-legacy-container\" style=\"text-align:center;--awb-caption-title-font-family:var(--h2_typography-font-family);--awb-caption-title-font-weight:var(--h2_typography-font-weight);--awb-caption-title-font-style:var(--h2_typography-font-style);--awb-caption-title-size:var(--h2_typography-font-size);--awb-caption-title-transform:var(--h2_typography-text-transform);--awb-caption-title-line-height:var(--h2_typography-line-height);--awb-caption-title-letter-spacing:var(--h2_typography-letter-spacing);\"><div class=\"imageframe-align-center\"><span class=\" fusion-imageframe imageframe-none imageframe-1 hover-type-none fusion-animated\" data-animationType=\"fadeInUp\" data-animationDuration=\"0.3\" data-animationOffset=\"top-into-view\"><img decoding=\"async\" width=\"1280\" height=\"632\" title=\"Escuela 109 &#8211; Centenario\" src=\"\/\/www.epen.gov.ar\/wp-content\/uploads\/2019\/10\/WEB-escuela-109-paneles-EPEN-1-1280x632.jpg\" alt class=\"img-responsive wp-image-4859\" srcset=\"https:\/\/www.epen.gov.ar\/wp-content\/uploads\/2019\/10\/WEB-escuela-109-paneles-EPEN-1-200x99.jpg 200w, https:\/\/www.epen.gov.ar\/wp-content\/uploads\/2019\/10\/WEB-escuela-109-paneles-EPEN-1-400x198.jpg 400w, https:\/\/www.epen.gov.ar\/wp-content\/uploads\/2019\/10\/WEB-escuela-109-paneles-EPEN-1-600x296.jpg 600w, https:\/\/www.epen.gov.ar\/wp-content\/uploads\/2019\/10\/WEB-escuela-109-paneles-EPEN-1-800x395.jpg 800w, https:\/\/www.epen.gov.ar\/wp-content\/uploads\/2019\/10\/WEB-escuela-109-paneles-EPEN-1-1200x593.jpg 1200w, https:\/\/www.epen.gov.ar\/wp-content\/uploads\/2019\/10\/WEB-escuela-109-paneles-EPEN-1.jpg 1403w\" sizes=\"(max-width: 700px) 100vw, 1200px\" \/><\/span><\/div><\/div><div class=\"fusion-clearfix\"><\/div><\/div><\/div><div class=\"fusion-layout-column fusion_builder_column fusion-builder-column-1 fusion_builder_column_1_3 1_3 fusion-one-third fusion-column-last\" style=\"--awb-bg-size:cover;width:33.333333333333%;width:calc(33.333333333333% - ( ( 4% ) * 0.33333333333333 ) );\"><div class=\"fusion-column-wrapper fusion-column-has-shadow fusion-flex-column-wrapper-legacy\"><div class=\"fusion-widget-area awb-widget-area-element fusion-widget-area-1 fusion-content-widget-area\" style=\"--awb-title-size:20px;--awb-title-color:#333333;--awb-padding:0px 0px 0px 0px;\"><style type=\"text\/css\" data-id=\"tweets-widget-2\">#tweets-widget-2 li { border-color:#eaeaea;}<\/style><section id=\"tweets-widget-2\" class=\"widget tweets\" style=\"border-style: solid;border-color: #eaeaea;border-color:transparent;border-width:0px;\">\t\t\t\t\n\t\t<div style=\"overflow:hidden\">\n\t\t\t\t\t\t\t\t\t\t\t<a class=\"twitter-timeline\" data-dnt=\"true\" href=\"https:\/\/twitter.com\/@EPEN_Informa\" data-width=\"500\" data-height=\"300\" width=\"500\" height=\"300\" data-theme=\"light\" data-link-color=\"##25a9bd\" data-border-color=\"#eaeaea\" data-chrome=\"\">Tweets por @EPEN_Informa<\/a>\n\t\t\t\t\t\t\t\n\t\t\t\t\t\t\t\t\t\t\t<script async src=\"\/\/platform.twitter.com\/widgets.js\" charset=\"utf-8\"><\/script>\n\t\t\t\t\t\t\t\n\t\t<\/div>\n\t\t<\/section>\n\t\t<section id=\"recent-posts-3\" class=\"widget widget_recent_entries\" style=\"border-style: solid;border-color:transparent;border-width:0px;\">\n\t\t<div class=\"heading\"><h4 class=\"widget-title\">Entradas recientes<\/h4><\/div>\n\t\t<ul>\n\t\t\t\t\t\t\t\t\t\t\t<li>\n\t\t\t\t\t<a href=\"https:\/\/www.epen.gov.ar\/index.php\/2026\/04\/30\/corte-programado-en-sectores-de-rincon-de-los-sauces-el-02-05-2026\/\">Corte Programado en sectores de Rinc\u00f3n de los Sauces el 02\/05\/2026<\/a>\n\t\t\t\t\t\t\t\t\t\t\t<span class=\"post-date\">30\/04\/2026<\/span>\n\t\t\t\t\t\t\t\t\t<\/li>\n\t\t\t\t\t\t\t\t\t\t\t<li>\n\t\t\t\t\t<a href=\"https:\/\/www.epen.gov.ar\/index.php\/2026\/04\/30\/licitacion-publica-n-14-2026-contratacion-de-servicios-de-desarrollo-y-mantenimiento-de-sistemas-informaticos\/\">LICITACI\u00d3N P\u00daBLICA N\u00b0 14\/2026 CONTRATACI\u00d3N DE SERVICIOS DE DESARROLLO Y MANTENIMIENTO DE SISTEMAS INFORM\u00c1TICOS<\/a>\n\t\t\t\t\t\t\t\t\t\t\t<span class=\"post-date\">30\/04\/2026<\/span>\n\t\t\t\t\t\t\t\t\t<\/li>\n\t\t\t\t\t\t\t\t\t\t\t<li>\n\t\t\t\t\t<a href=\"https:\/\/www.epen.gov.ar\/index.php\/2026\/04\/29\/corte-programado-en-sectores-de-centenario-el-30-04-2026\/\">Corte Programado en sectores de Centenario el 30\/04\/2026<\/a>\n\t\t\t\t\t\t\t\t\t\t\t<span class=\"post-date\">29\/04\/2026<\/span>\n\t\t\t\t\t\t\t\t\t<\/li>\n\t\t\t\t\t\t\t\t\t\t\t<li>\n\t\t\t\t\t<a href=\"https:\/\/www.epen.gov.ar\/index.php\/2026\/04\/28\/el-epen-impulsa-el-desarrollo-de-varvarco-con-nueva-infraestructura-para-17-lotes\/\">El EPEN impulsa el desarrollo de Varvarco con nueva infraestructura para 17 lotes<\/a>\n\t\t\t\t\t\t\t\t\t\t\t<span class=\"post-date\">28\/04\/2026<\/span>\n\t\t\t\t\t\t\t\t\t<\/li>\n\t\t\t\t\t\t\t\t\t\t\t<li>\n\t\t\t\t\t<a href=\"https:\/\/www.epen.gov.ar\/index.php\/2026\/04\/28\/corte-programado-en-sectores-de-zona-nahueve-el-30-04-2026\/\">Corte Programado en sectores de zona Nahueve el 30\/04\/2026<\/a>\n\t\t\t\t\t\t\t\t\t\t\t<span class=\"post-date\">28\/04\/2026<\/span>\n\t\t\t\t\t\t\t\t\t<\/li>\n\t\t\t\t\t<\/ul>\n\n\t\t<\/section><div class=\"fusion-additional-widget-content\"><\/div><\/div><div class=\"fusion-clearfix\"><\/div><\/div><\/div><\/div><\/div>\n","protected":false},"excerpt":{"rendered":"","protected":false},"author":1,"featured_media":4858,"comment_status":"open","ping_status":"open","sticky":false,"template":"","format":"standard","meta":{"_exactmetrics_skip_tracking":false,"_exactmetrics_sitenote_active":false,"_exactmetrics_sitenote_note":"","_exactmetrics_sitenote_category":0,"footnotes":""},"categories":[84],"tags":[160,163,162,161],"class_list":["post-4857","post","type-post","status-publish","format-standard","has-post-thumbnail","hentry","category-noticias","tag-centenario","tag-energia-solar","tag-escuela-n-109","tag-paneles-solares"],"yoast_head":"<!-- This site is optimized with the Yoast SEO plugin v27.2 - https:\/\/yoast.com\/product\/yoast-seo-wordpress\/ -->\n<title>EPEN - Avanza la instalaci\u00f3n de paneles solares en escuela de Centenario<\/title>\n<meta name=\"description\" content=\"Avanza la instalaci\u00f3n de paneles solares en escuela de Centenario Noticias\" \/>\n<meta name=\"robots\" content=\"index, follow, max-snippet:-1, max-image-preview:large, max-video-preview:-1\" \/>\n<link rel=\"canonical\" href=\"https:\/\/www.epen.gov.ar\/index.php\/2019\/10\/31\/avanzan-con-la-instalacion-de-paneles-solares-en-escuela-de-centenario\/\" \/>\n<meta property=\"og:locale\" content=\"es_ES\" \/>\n<meta property=\"og:type\" content=\"article\" \/>\n<meta property=\"og:title\" content=\"EPEN - Avanza la instalaci\u00f3n de paneles solares en escuela de Centenario\" \/>\n<meta property=\"og:description\" content=\"Avanza la instalaci\u00f3n de paneles solares en escuela de Centenario Noticias\" \/>\n<meta property=\"og:url\" content=\"https:\/\/www.epen.gov.ar\/index.php\/2019\/10\/31\/avanzan-con-la-instalacion-de-paneles-solares-en-escuela-de-centenario\/\" \/>\n<meta property=\"og:site_name\" content=\"EPEN\" \/>\n<meta property=\"article:publisher\" content=\"https:\/\/www.facebook.com\/EPEN.Neuquen\" \/>\n<meta property=\"article:published_time\" content=\"2019-10-31T12:29:59+00:00\" \/>\n<meta property=\"article:modified_time\" content=\"2019-10-31T12:37:57+00:00\" \/>\n<meta property=\"og:image\" content=\"https:\/\/www.epen.gov.ar\/wp-content\/uploads\/2019\/10\/WEB-escuela-109-centenario-EPEN.jpg\" \/>\n\t<meta property=\"og:image:width\" content=\"1403\" \/>\n\t<meta property=\"og:image:height\" content=\"693\" \/>\n\t<meta property=\"og:image:type\" content=\"image\/jpeg\" \/>\n<meta name=\"author\" content=\"Prensa EPEN\" \/>\n<meta name=\"twitter:card\" content=\"summary_large_image\" \/>\n<meta name=\"twitter:creator\" content=\"@EPEN_Informa\" \/>\n<meta name=\"twitter:site\" content=\"@EPEN_Informa\" \/>\n<meta name=\"twitter:label1\" content=\"Escrito por\" \/>\n\t<meta name=\"twitter:data1\" content=\"Prensa EPEN\" \/>\n\t<meta name=\"twitter:label2\" content=\"Tiempo de lectura\" \/>\n\t<meta name=\"twitter:data2\" content=\"4 minutos\" \/>\n<script type=\"application\/ld+json\" class=\"yoast-schema-graph\">{\"@context\":\"https:\/\/schema.org\",\"@graph\":[{\"@type\":\"Article\",\"@id\":\"https:\/\/www.epen.gov.ar\/index.php\/2019\/10\/31\/avanzan-con-la-instalacion-de-paneles-solares-en-escuela-de-centenario\/#article\",\"isPartOf\":{\"@id\":\"https:\/\/www.epen.gov.ar\/index.php\/2019\/10\/31\/avanzan-con-la-instalacion-de-paneles-solares-en-escuela-de-centenario\/\"},\"author\":{\"name\":\"Prensa EPEN\",\"@id\":\"https:\/\/www.epen.gov.ar\/#\/schema\/person\/ce6cff87c2fc01264becc10fa105ad4f\"},\"headline\":\"Avanza la instalaci\u00f3n de paneles solares en escuela de Centenario\",\"datePublished\":\"2019-10-31T12:29:59+00:00\",\"dateModified\":\"2019-10-31T12:37:57+00:00\",\"mainEntityOfPage\":{\"@id\":\"https:\/\/www.epen.gov.ar\/index.php\/2019\/10\/31\/avanzan-con-la-instalacion-de-paneles-solares-en-escuela-de-centenario\/\"},\"wordCount\":904,\"commentCount\":0,\"publisher\":{\"@id\":\"https:\/\/www.epen.gov.ar\/#organization\"},\"image\":{\"@id\":\"https:\/\/www.epen.gov.ar\/index.php\/2019\/10\/31\/avanzan-con-la-instalacion-de-paneles-solares-en-escuela-de-centenario\/#primaryimage\"},\"thumbnailUrl\":\"https:\/\/www.epen.gov.ar\/wp-content\/uploads\/2019\/10\/WEB-escuela-109-centenario-EPEN.jpg\",\"keywords\":[\"Centenario\",\"Energ\u00eda Solar\",\"Escuela N\u00b0 109\",\"Paneles Solares\"],\"articleSection\":[\"Noticias\"],\"inLanguage\":\"es\",\"potentialAction\":[{\"@type\":\"CommentAction\",\"name\":\"Comment\",\"target\":[\"https:\/\/www.epen.gov.ar\/index.php\/2019\/10\/31\/avanzan-con-la-instalacion-de-paneles-solares-en-escuela-de-centenario\/#respond\"]}]},{\"@type\":\"WebPage\",\"@id\":\"https:\/\/www.epen.gov.ar\/index.php\/2019\/10\/31\/avanzan-con-la-instalacion-de-paneles-solares-en-escuela-de-centenario\/\",\"url\":\"https:\/\/www.epen.gov.ar\/index.php\/2019\/10\/31\/avanzan-con-la-instalacion-de-paneles-solares-en-escuela-de-centenario\/\",\"name\":\"EPEN - Avanza la instalaci\u00f3n de paneles solares en escuela de Centenario\",\"isPartOf\":{\"@id\":\"https:\/\/www.epen.gov.ar\/#website\"},\"primaryImageOfPage\":{\"@id\":\"https:\/\/www.epen.gov.ar\/index.php\/2019\/10\/31\/avanzan-con-la-instalacion-de-paneles-solares-en-escuela-de-centenario\/#primaryimage\"},\"image\":{\"@id\":\"https:\/\/www.epen.gov.ar\/index.php\/2019\/10\/31\/avanzan-con-la-instalacion-de-paneles-solares-en-escuela-de-centenario\/#primaryimage\"},\"thumbnailUrl\":\"https:\/\/www.epen.gov.ar\/wp-content\/uploads\/2019\/10\/WEB-escuela-109-centenario-EPEN.jpg\",\"datePublished\":\"2019-10-31T12:29:59+00:00\",\"dateModified\":\"2019-10-31T12:37:57+00:00\",\"description\":\"Avanza la instalaci\u00f3n de paneles solares en escuela de Centenario Noticias\",\"breadcrumb\":{\"@id\":\"https:\/\/www.epen.gov.ar\/index.php\/2019\/10\/31\/avanzan-con-la-instalacion-de-paneles-solares-en-escuela-de-centenario\/#breadcrumb\"},\"inLanguage\":\"es\",\"potentialAction\":[{\"@type\":\"ReadAction\",\"target\":[\"https:\/\/www.epen.gov.ar\/index.php\/2019\/10\/31\/avanzan-con-la-instalacion-de-paneles-solares-en-escuela-de-centenario\/\"]}]},{\"@type\":\"ImageObject\",\"inLanguage\":\"es\",\"@id\":\"https:\/\/www.epen.gov.ar\/index.php\/2019\/10\/31\/avanzan-con-la-instalacion-de-paneles-solares-en-escuela-de-centenario\/#primaryimage\",\"url\":\"https:\/\/www.epen.gov.ar\/wp-content\/uploads\/2019\/10\/WEB-escuela-109-centenario-EPEN.jpg\",\"contentUrl\":\"https:\/\/www.epen.gov.ar\/wp-content\/uploads\/2019\/10\/WEB-escuela-109-centenario-EPEN.jpg\",\"width\":1403,\"height\":693},{\"@type\":\"BreadcrumbList\",\"@id\":\"https:\/\/www.epen.gov.ar\/index.php\/2019\/10\/31\/avanzan-con-la-instalacion-de-paneles-solares-en-escuela-de-centenario\/#breadcrumb\",\"itemListElement\":[{\"@type\":\"ListItem\",\"position\":1,\"name\":\"Inicio\",\"item\":\"https:\/\/www.epen.gov.ar\/\"},{\"@type\":\"ListItem\",\"position\":2,\"name\":\"Avanza la instalaci\u00f3n de paneles solares en escuela de Centenario\"}]},{\"@type\":\"WebSite\",\"@id\":\"https:\/\/www.epen.gov.ar\/#website\",\"url\":\"https:\/\/www.epen.gov.ar\/\",\"name\":\"EPEN\",\"description\":\"Ente Provincial de Energ\u00eda del Neuqu\u00e9n\",\"publisher\":{\"@id\":\"https:\/\/www.epen.gov.ar\/#organization\"},\"potentialAction\":[{\"@type\":\"SearchAction\",\"target\":{\"@type\":\"EntryPoint\",\"urlTemplate\":\"https:\/\/www.epen.gov.ar\/?s={search_term_string}\"},\"query-input\":{\"@type\":\"PropertyValueSpecification\",\"valueRequired\":true,\"valueName\":\"search_term_string\"}}],\"inLanguage\":\"es\"},{\"@type\":\"Organization\",\"@id\":\"https:\/\/www.epen.gov.ar\/#organization\",\"name\":\"Ente Provincial de Energ\u00eda del Neuqu\u00e9n\",\"url\":\"https:\/\/www.epen.gov.ar\/\",\"logo\":{\"@type\":\"ImageObject\",\"inLanguage\":\"es\",\"@id\":\"https:\/\/www.epen.gov.ar\/#\/schema\/logo\/image\/\",\"url\":\"https:\/\/www.epen.gov.ar\/wp-content\/uploads\/2024\/02\/Logo-EPEN-2.jpg\",\"contentUrl\":\"https:\/\/www.epen.gov.ar\/wp-content\/uploads\/2024\/02\/Logo-EPEN-2.jpg\",\"width\":696,\"height\":696,\"caption\":\"Ente Provincial de Energ\u00eda del Neuqu\u00e9n\"},\"image\":{\"@id\":\"https:\/\/www.epen.gov.ar\/#\/schema\/logo\/image\/\"},\"sameAs\":[\"https:\/\/www.facebook.com\/EPEN.Neuquen\",\"https:\/\/x.com\/EPEN_Informa\",\"https:\/\/www.youtube.com\/@epenprensa7384\"]},{\"@type\":\"Person\",\"@id\":\"https:\/\/www.epen.gov.ar\/#\/schema\/person\/ce6cff87c2fc01264becc10fa105ad4f\",\"name\":\"Prensa EPEN\",\"image\":{\"@type\":\"ImageObject\",\"inLanguage\":\"es\",\"@id\":\"https:\/\/secure.gravatar.com\/avatar\/f8120b8688012ccf2d7fbcf7a970cfbabf0ab63b09c2dbd72c194bee080070e9?s=96&d=mm&r=g\",\"url\":\"https:\/\/secure.gravatar.com\/avatar\/f8120b8688012ccf2d7fbcf7a970cfbabf0ab63b09c2dbd72c194bee080070e9?s=96&d=mm&r=g\",\"contentUrl\":\"https:\/\/secure.gravatar.com\/avatar\/f8120b8688012ccf2d7fbcf7a970cfbabf0ab63b09c2dbd72c194bee080070e9?s=96&d=mm&r=g\",\"caption\":\"Prensa EPEN\"},\"url\":\"https:\/\/www.epen.gov.ar\/index.php\/author\/admin\/\"}]}<\/script>\n<!-- \/ Yoast SEO plugin. -->","yoast_head_json":{"title":"EPEN - Avanza la instalaci\u00f3n de paneles solares en escuela de Centenario","description":"Avanza la instalaci\u00f3n de paneles solares en escuela de Centenario Noticias","robots":{"index":"index","follow":"follow","max-snippet":"max-snippet:-1","max-image-preview":"max-image-preview:large","max-video-preview":"max-video-preview:-1"},"canonical":"https:\/\/www.epen.gov.ar\/index.php\/2019\/10\/31\/avanzan-con-la-instalacion-de-paneles-solares-en-escuela-de-centenario\/","og_locale":"es_ES","og_type":"article","og_title":"EPEN - Avanza la instalaci\u00f3n de paneles solares en escuela de Centenario","og_description":"Avanza la instalaci\u00f3n de paneles solares en escuela de Centenario Noticias","og_url":"https:\/\/www.epen.gov.ar\/index.php\/2019\/10\/31\/avanzan-con-la-instalacion-de-paneles-solares-en-escuela-de-centenario\/","og_site_name":"EPEN","article_publisher":"https:\/\/www.facebook.com\/EPEN.Neuquen","article_published_time":"2019-10-31T12:29:59+00:00","article_modified_time":"2019-10-31T12:37:57+00:00","og_image":[{"width":1403,"height":693,"url":"https:\/\/www.epen.gov.ar\/wp-content\/uploads\/2019\/10\/WEB-escuela-109-centenario-EPEN.jpg","type":"image\/jpeg"}],"author":"Prensa EPEN","twitter_card":"summary_large_image","twitter_creator":"@EPEN_Informa","twitter_site":"@EPEN_Informa","twitter_misc":{"Escrito por":"Prensa EPEN","Tiempo de lectura":"4 minutos"},"schema":{"@context":"https:\/\/schema.org","@graph":[{"@type":"Article","@id":"https:\/\/www.epen.gov.ar\/index.php\/2019\/10\/31\/avanzan-con-la-instalacion-de-paneles-solares-en-escuela-de-centenario\/#article","isPartOf":{"@id":"https:\/\/www.epen.gov.ar\/index.php\/2019\/10\/31\/avanzan-con-la-instalacion-de-paneles-solares-en-escuela-de-centenario\/"},"author":{"name":"Prensa EPEN","@id":"https:\/\/www.epen.gov.ar\/#\/schema\/person\/ce6cff87c2fc01264becc10fa105ad4f"},"headline":"Avanza la instalaci\u00f3n de paneles solares en escuela de Centenario","datePublished":"2019-10-31T12:29:59+00:00","dateModified":"2019-10-31T12:37:57+00:00","mainEntityOfPage":{"@id":"https:\/\/www.epen.gov.ar\/index.php\/2019\/10\/31\/avanzan-con-la-instalacion-de-paneles-solares-en-escuela-de-centenario\/"},"wordCount":904,"commentCount":0,"publisher":{"@id":"https:\/\/www.epen.gov.ar\/#organization"},"image":{"@id":"https:\/\/www.epen.gov.ar\/index.php\/2019\/10\/31\/avanzan-con-la-instalacion-de-paneles-solares-en-escuela-de-centenario\/#primaryimage"},"thumbnailUrl":"https:\/\/www.epen.gov.ar\/wp-content\/uploads\/2019\/10\/WEB-escuela-109-centenario-EPEN.jpg","keywords":["Centenario","Energ\u00eda Solar","Escuela N\u00b0 109","Paneles Solares"],"articleSection":["Noticias"],"inLanguage":"es","potentialAction":[{"@type":"CommentAction","name":"Comment","target":["https:\/\/www.epen.gov.ar\/index.php\/2019\/10\/31\/avanzan-con-la-instalacion-de-paneles-solares-en-escuela-de-centenario\/#respond"]}]},{"@type":"WebPage","@id":"https:\/\/www.epen.gov.ar\/index.php\/2019\/10\/31\/avanzan-con-la-instalacion-de-paneles-solares-en-escuela-de-centenario\/","url":"https:\/\/www.epen.gov.ar\/index.php\/2019\/10\/31\/avanzan-con-la-instalacion-de-paneles-solares-en-escuela-de-centenario\/","name":"EPEN - Avanza la instalaci\u00f3n de paneles solares en escuela de Centenario","isPartOf":{"@id":"https:\/\/www.epen.gov.ar\/#website"},"primaryImageOfPage":{"@id":"https:\/\/www.epen.gov.ar\/index.php\/2019\/10\/31\/avanzan-con-la-instalacion-de-paneles-solares-en-escuela-de-centenario\/#primaryimage"},"image":{"@id":"https:\/\/www.epen.gov.ar\/index.php\/2019\/10\/31\/avanzan-con-la-instalacion-de-paneles-solares-en-escuela-de-centenario\/#primaryimage"},"thumbnailUrl":"https:\/\/www.epen.gov.ar\/wp-content\/uploads\/2019\/10\/WEB-escuela-109-centenario-EPEN.jpg","datePublished":"2019-10-31T12:29:59+00:00","dateModified":"2019-10-31T12:37:57+00:00","description":"Avanza la instalaci\u00f3n de paneles solares en escuela de Centenario Noticias","breadcrumb":{"@id":"https:\/\/www.epen.gov.ar\/index.php\/2019\/10\/31\/avanzan-con-la-instalacion-de-paneles-solares-en-escuela-de-centenario\/#breadcrumb"},"inLanguage":"es","potentialAction":[{"@type":"ReadAction","target":["https:\/\/www.epen.gov.ar\/index.php\/2019\/10\/31\/avanzan-con-la-instalacion-de-paneles-solares-en-escuela-de-centenario\/"]}]},{"@type":"ImageObject","inLanguage":"es","@id":"https:\/\/www.epen.gov.ar\/index.php\/2019\/10\/31\/avanzan-con-la-instalacion-de-paneles-solares-en-escuela-de-centenario\/#primaryimage","url":"https:\/\/www.epen.gov.ar\/wp-content\/uploads\/2019\/10\/WEB-escuela-109-centenario-EPEN.jpg","contentUrl":"https:\/\/www.epen.gov.ar\/wp-content\/uploads\/2019\/10\/WEB-escuela-109-centenario-EPEN.jpg","width":1403,"height":693},{"@type":"BreadcrumbList","@id":"https:\/\/www.epen.gov.ar\/index.php\/2019\/10\/31\/avanzan-con-la-instalacion-de-paneles-solares-en-escuela-de-centenario\/#breadcrumb","itemListElement":[{"@type":"ListItem","position":1,"name":"Inicio","item":"https:\/\/www.epen.gov.ar\/"},{"@type":"ListItem","position":2,"name":"Avanza la instalaci\u00f3n de paneles solares en escuela de Centenario"}]},{"@type":"WebSite","@id":"https:\/\/www.epen.gov.ar\/#website","url":"https:\/\/www.epen.gov.ar\/","name":"EPEN","description":"Ente Provincial de Energ\u00eda del Neuqu\u00e9n","publisher":{"@id":"https:\/\/www.epen.gov.ar\/#organization"},"potentialAction":[{"@type":"SearchAction","target":{"@type":"EntryPoint","urlTemplate":"https:\/\/www.epen.gov.ar\/?s={search_term_string}"},"query-input":{"@type":"PropertyValueSpecification","valueRequired":true,"valueName":"search_term_string"}}],"inLanguage":"es"},{"@type":"Organization","@id":"https:\/\/www.epen.gov.ar\/#organization","name":"Ente Provincial de Energ\u00eda del Neuqu\u00e9n","url":"https:\/\/www.epen.gov.ar\/","logo":{"@type":"ImageObject","inLanguage":"es","@id":"https:\/\/www.epen.gov.ar\/#\/schema\/logo\/image\/","url":"https:\/\/www.epen.gov.ar\/wp-content\/uploads\/2024\/02\/Logo-EPEN-2.jpg","contentUrl":"https:\/\/www.epen.gov.ar\/wp-content\/uploads\/2024\/02\/Logo-EPEN-2.jpg","width":696,"height":696,"caption":"Ente Provincial de Energ\u00eda del Neuqu\u00e9n"},"image":{"@id":"https:\/\/www.epen.gov.ar\/#\/schema\/logo\/image\/"},"sameAs":["https:\/\/www.facebook.com\/EPEN.Neuquen","https:\/\/x.com\/EPEN_Informa","https:\/\/www.youtube.com\/@epenprensa7384"]},{"@type":"Person","@id":"https:\/\/www.epen.gov.ar\/#\/schema\/person\/ce6cff87c2fc01264becc10fa105ad4f","name":"Prensa EPEN","image":{"@type":"ImageObject","inLanguage":"es","@id":"https:\/\/secure.gravatar.com\/avatar\/f8120b8688012ccf2d7fbcf7a970cfbabf0ab63b09c2dbd72c194bee080070e9?s=96&d=mm&r=g","url":"https:\/\/secure.gravatar.com\/avatar\/f8120b8688012ccf2d7fbcf7a970cfbabf0ab63b09c2dbd72c194bee080070e9?s=96&d=mm&r=g","contentUrl":"https:\/\/secure.gravatar.com\/avatar\/f8120b8688012ccf2d7fbcf7a970cfbabf0ab63b09c2dbd72c194bee080070e9?s=96&d=mm&r=g","caption":"Prensa EPEN"},"url":"https:\/\/www.epen.gov.ar\/index.php\/author\/admin\/"}]}},"_links":{"self":[{"href":"https:\/\/www.epen.gov.ar\/index.php\/wp-json\/wp\/v2\/posts\/4857","targetHints":{"allow":["GET"]}}],"collection":[{"href":"https:\/\/www.epen.gov.ar\/index.php\/wp-json\/wp\/v2\/posts"}],"about":[{"href":"https:\/\/www.epen.gov.ar\/index.php\/wp-json\/wp\/v2\/types\/post"}],"author":[{"embeddable":true,"href":"https:\/\/www.epen.gov.ar\/index.php\/wp-json\/wp\/v2\/users\/1"}],"replies":[{"embeddable":true,"href":"https:\/\/www.epen.gov.ar\/index.php\/wp-json\/wp\/v2\/comments?post=4857"}],"version-history":[{"count":2,"href":"https:\/\/www.epen.gov.ar\/index.php\/wp-json\/wp\/v2\/posts\/4857\/revisions"}],"predecessor-version":[{"id":4861,"href":"https:\/\/www.epen.gov.ar\/index.php\/wp-json\/wp\/v2\/posts\/4857\/revisions\/4861"}],"wp:featuredmedia":[{"embeddable":true,"href":"https:\/\/www.epen.gov.ar\/index.php\/wp-json\/wp\/v2\/media\/4858"}],"wp:attachment":[{"href":"https:\/\/www.epen.gov.ar\/index.php\/wp-json\/wp\/v2\/media?parent=4857"}],"wp:term":[{"taxonomy":"category","embeddable":true,"href":"https:\/\/www.epen.gov.ar\/index.php\/wp-json\/wp\/v2\/categories?post=4857"},{"taxonomy":"post_tag","embeddable":true,"href":"https:\/\/www.epen.gov.ar\/index.php\/wp-json\/wp\/v2\/tags?post=4857"}],"curies":[{"name":"wp","href":"https:\/\/api.w.org\/{rel}","templated":true}]}}