{"id":4792,"date":"2019-10-22T13:59:49","date_gmt":"2019-10-22T16:59:49","guid":{"rendered":"http:\/\/192.168.200.48\/?p=4792"},"modified":"2019-10-31T09:36:46","modified_gmt":"2019-10-31T12:36:46","slug":"se-firmo-un-convenio-entre-el-epen-y-la-facultad-de-ingenieria","status":"publish","type":"post","link":"https:\/\/www.epen.gov.ar\/index.php\/2019\/10\/22\/se-firmo-un-convenio-entre-el-epen-y-la-facultad-de-ingenieria\/","title":{"rendered":"Se firm\u00f3 un Convenio entre el EPEN y la Facultad de Ingenier\u00eda"},"content":{"rendered":"<div class=\"fusion-fullwidth fullwidth-box fusion-builder-row-1 nonhundred-percent-fullwidth non-hundred-percent-height-scrolling\" style=\"--awb-border-radius-top-left:0px;--awb-border-radius-top-right:0px;--awb-border-radius-bottom-right:0px;--awb-border-radius-bottom-left:0px;--awb-flex-wrap:wrap;\" ><div class=\"fusion-builder-row fusion-row\"><div class=\"fusion-layout-column fusion_builder_column fusion-builder-column-0 fusion_builder_column_2_3 2_3 fusion-two-third fusion-column-first\" style=\"--awb-bg-size:cover;width:66.666666666667%;width:calc(66.666666666667% - ( ( 4% ) * 0.66666666666667 ) );margin-right: 4%;\"><div class=\"fusion-column-wrapper fusion-column-has-shadow fusion-flex-column-wrapper-legacy\"><div class=\"fusion-text fusion-text-1\"><p style=\"text-align: justify;\"><strong><em>Los departamentos de ingenier\u00eda civil, electrotecnia y mec\u00e1nica, junto a expertos en clima, analizaran las causas del colapso de varias estructuras de alta tensi\u00f3n, ocurrido en julio del a\u00f1o pasado.<\/em><\/strong><\/p>\n<p style=\"text-align: justify;\">Esta ma\u00f1ana, autoridades de la Facultad de Ingenier\u00eda (FAIN) de la Universidad Nacional del Comahue, representada por su Decano Dr. Salvador Canzonieri y el presidente del Ente Provincial de Energ\u00eda del Neuqu\u00e9n Ing. Francisco Zambon, celebraron un convenio conjunto para el \u201cEstudio de los causales del colapso de parte de la L\u00ednea de 132 kV Cutral Co -Zapala ocurrido el mes de Julio del a\u00f1o 2018\u201d.<\/p>\n<p style=\"text-align: justify;\">El objeto de los trabajos en una primera etapa, es realizar una evaluaci\u00f3n de las posibles causales de falla de las ocho torres durante el evento de julio pasado, y recomendar acciones preventivas o correctivas. Adem\u00e1s, se plantea evaluar el estado de todas las estructuras que integran la l\u00ednea de alta tensi\u00f3n y de los posibles riesgos derivados de las acciones clim\u00e1ticas sufridas, para evitar o mitigar da\u00f1os que eventos similares pudieran producir sobre la l\u00ednea.<\/p>\n<p style=\"text-align: justify;\">El trabajo se dividir\u00e1 en relevamientos de campo, es decir de inspecci\u00f3n en la zona afectada de los elementos estructurales, en tareas de laboratorio para analizar los materiales constitutivos con toma de muestras y ensayos, y luego en un trabajo de gabinete para caracterizar el fen\u00f3meno meteorol\u00f3gico ocurrido, y cu\u00e1les fueron las condiciones que lo ocasionaron.<\/p>\n<p style=\"text-align: justify;\">La propuesta contempla un plazo de cuatro meses para la ejecuci\u00f3n de los trabajos, presentaci\u00f3n de informes parciales e informe final.<\/p>\n<p style=\"text-align: justify;\">El decano de la facultad expres\u00f3 que quienes trabajar\u00e1n en el estudio -\u201cser\u00e1n docentes e investigadores del departamento de ingenier\u00eda civil, de electrotecnia y del departamento de mec\u00e1nica, para hacer un an\u00e1lisis de las causas de ese evento y avanzar en estudios para que no se produzcan eventos similares en otras l\u00edneas\u201d.<\/p>\n<p style=\"text-align: justify;\">Por su parte, Zambon indic\u00f3 que \u2013\u201cdespu\u00e9s del evento de 2018 en la LAT Cutral Co -Zapala y luego de reconstruir las l\u00edneas a fin del a\u00f1o pasado, nos quedaba pendiente esta tarea de analizar las causas que dieron origen al colapso, de tal manera de poder prevenirlo en caso de ser necesario y ver como est\u00e1n el resto de las estructuras. La misma es una l\u00ednea construida por \u201cAgua y Energ\u00eda\u201d data de muchos a\u00f1os y han variado los criterios de dise\u00f1o\u201d. En ese sentido destac\u00f3 que \u2013\u201chacerlo con la facultad es ideal por el conocimiento y la experiencia y adem\u00e1s hay expertos en clima, con los cuales ya hemos trabajado por ejemplo en el mapa e\u00f3lico provincial y otros proyectos\u201d.<\/p>\n<p style=\"text-align: justify;\">Como parte de los aportes del acuerdo, el EPEN renovar\u00e1 el alumbrado en el sector de estacionamiento de la Facultad de Ingenier\u00eda de la UNCo y parte del predio central, procediendo al desmontaje y reemplazo de luminarias de vapor de sodio por luminarias LED.<\/p>\n<\/div><div class=\"fusion-clearfix\"><\/div><\/div><\/div><div class=\"fusion-layout-column fusion_builder_column fusion-builder-column-1 fusion_builder_column_1_3 1_3 fusion-one-third fusion-column-last\" style=\"--awb-bg-size:cover;width:33.333333333333%;width:calc(33.333333333333% - ( ( 4% ) * 0.33333333333333 ) );\"><div class=\"fusion-column-wrapper fusion-column-has-shadow fusion-flex-column-wrapper-legacy\"><div class=\"fusion-widget-area awb-widget-area-element fusion-widget-area-1 fusion-content-widget-area\" style=\"--awb-title-size:20px;--awb-title-color:#333333;--awb-padding:0px 0px 0px 0px;\"><style type=\"text\/css\" data-id=\"tweets-widget-2\">#tweets-widget-2 li { border-color:#eaeaea;}<\/style><section id=\"tweets-widget-2\" class=\"widget tweets\" style=\"border-style: solid;border-color: #eaeaea;border-color:transparent;border-width:0px;\">\t\t\t\t\n\t\t<div style=\"overflow:hidden\">\n\t\t\t\t\t\t\t\t\t\t\t<a class=\"twitter-timeline\" data-dnt=\"true\" href=\"https:\/\/twitter.com\/@EPEN_Informa\" data-width=\"500\" data-height=\"300\" width=\"500\" height=\"300\" data-theme=\"light\" data-link-color=\"##25a9bd\" data-border-color=\"#eaeaea\" data-chrome=\"\">Tweets por @EPEN_Informa<\/a>\n\t\t\t\t\t\t\t\n\t\t\t\t\t\t\t\t\t\t\t<script async src=\"\/\/platform.twitter.com\/widgets.js\" charset=\"utf-8\"><\/script>\n\t\t\t\t\t\t\t\n\t\t<\/div>\n\t\t<\/section>\n\t\t<section id=\"recent-posts-3\" class=\"widget widget_recent_entries\" style=\"border-style: solid;border-color:transparent;border-width:0px;\">\n\t\t<div class=\"heading\"><h4 class=\"widget-title\">Entradas recientes<\/h4><\/div>\n\t\t<ul>\n\t\t\t\t\t\t\t\t\t\t\t<li>\n\t\t\t\t\t<a href=\"https:\/\/www.epen.gov.ar\/index.php\/2026\/04\/30\/corte-programado-en-sectores-de-rincon-de-los-sauces-el-02-05-2026\/\">Corte Programado en sectores de Rinc\u00f3n de los Sauces el 02\/05\/2026<\/a>\n\t\t\t\t\t\t\t\t\t\t\t<span class=\"post-date\">30\/04\/2026<\/span>\n\t\t\t\t\t\t\t\t\t<\/li>\n\t\t\t\t\t\t\t\t\t\t\t<li>\n\t\t\t\t\t<a href=\"https:\/\/www.epen.gov.ar\/index.php\/2026\/04\/30\/licitacion-publica-n-14-2026-contratacion-de-servicios-de-desarrollo-y-mantenimiento-de-sistemas-informaticos\/\">LICITACI\u00d3N P\u00daBLICA N\u00b0 14\/2026 CONTRATACI\u00d3N DE SERVICIOS DE DESARROLLO Y MANTENIMIENTO DE SISTEMAS INFORM\u00c1TICOS<\/a>\n\t\t\t\t\t\t\t\t\t\t\t<span class=\"post-date\">30\/04\/2026<\/span>\n\t\t\t\t\t\t\t\t\t<\/li>\n\t\t\t\t\t\t\t\t\t\t\t<li>\n\t\t\t\t\t<a href=\"https:\/\/www.epen.gov.ar\/index.php\/2026\/04\/29\/corte-programado-en-sectores-de-centenario-el-30-04-2026\/\">Corte Programado en sectores de Centenario el 30\/04\/2026<\/a>\n\t\t\t\t\t\t\t\t\t\t\t<span class=\"post-date\">29\/04\/2026<\/span>\n\t\t\t\t\t\t\t\t\t<\/li>\n\t\t\t\t\t\t\t\t\t\t\t<li>\n\t\t\t\t\t<a href=\"https:\/\/www.epen.gov.ar\/index.php\/2026\/04\/28\/el-epen-impulsa-el-desarrollo-de-varvarco-con-nueva-infraestructura-para-17-lotes\/\">El EPEN impulsa el desarrollo de Varvarco con nueva infraestructura para 17 lotes<\/a>\n\t\t\t\t\t\t\t\t\t\t\t<span class=\"post-date\">28\/04\/2026<\/span>\n\t\t\t\t\t\t\t\t\t<\/li>\n\t\t\t\t\t\t\t\t\t\t\t<li>\n\t\t\t\t\t<a href=\"https:\/\/www.epen.gov.ar\/index.php\/2026\/04\/28\/corte-programado-en-sectores-de-zona-nahueve-el-30-04-2026\/\">Corte Programado en sectores de zona Nahueve el 30\/04\/2026<\/a>\n\t\t\t\t\t\t\t\t\t\t\t<span class=\"post-date\">28\/04\/2026<\/span>\n\t\t\t\t\t\t\t\t\t<\/li>\n\t\t\t\t\t<\/ul>\n\n\t\t<\/section><div class=\"fusion-additional-widget-content\"><\/div><\/div><div class=\"fusion-clearfix\"><\/div><\/div><\/div><\/div><\/div>\n","protected":false},"excerpt":{"rendered":"","protected":false},"author":1,"featured_media":4793,"comment_status":"open","ping_status":"open","sticky":false,"template":"","format":"standard","meta":{"_exactmetrics_skip_tracking":false,"_exactmetrics_sitenote_active":false,"_exactmetrics_sitenote_note":"","_exactmetrics_sitenote_category":0,"footnotes":""},"categories":[84],"tags":[],"class_list":["post-4792","post","type-post","status-publish","format-standard","has-post-thumbnail","hentry","category-noticias"],"yoast_head":"<!-- This site is optimized with the Yoast SEO plugin v27.2 - https:\/\/yoast.com\/product\/yoast-seo-wordpress\/ -->\n<title>EPEN - Se firm\u00f3 un Convenio entre el EPEN y la Facultad de Ingenier\u00eda<\/title>\n<meta name=\"description\" content=\"Se firm\u00f3 un Convenio entre el EPEN y la Facultad de Ingenier\u00eda Noticias\" \/>\n<meta name=\"robots\" content=\"index, follow, max-snippet:-1, max-image-preview:large, max-video-preview:-1\" \/>\n<link rel=\"canonical\" href=\"https:\/\/www.epen.gov.ar\/index.php\/2019\/10\/22\/se-firmo-un-convenio-entre-el-epen-y-la-facultad-de-ingenieria\/\" \/>\n<meta property=\"og:locale\" content=\"es_ES\" \/>\n<meta property=\"og:type\" content=\"article\" \/>\n<meta property=\"og:title\" content=\"EPEN - Se firm\u00f3 un Convenio entre el EPEN y la Facultad de Ingenier\u00eda\" \/>\n<meta property=\"og:description\" content=\"Se firm\u00f3 un Convenio entre el EPEN y la Facultad de Ingenier\u00eda Noticias\" \/>\n<meta property=\"og:url\" content=\"https:\/\/www.epen.gov.ar\/index.php\/2019\/10\/22\/se-firmo-un-convenio-entre-el-epen-y-la-facultad-de-ingenieria\/\" \/>\n<meta property=\"og:site_name\" content=\"EPEN\" \/>\n<meta property=\"article:publisher\" content=\"https:\/\/www.facebook.com\/EPEN.Neuquen\" \/>\n<meta property=\"article:published_time\" content=\"2019-10-22T16:59:49+00:00\" \/>\n<meta property=\"article:modified_time\" content=\"2019-10-31T12:36:46+00:00\" \/>\n<meta property=\"og:image\" content=\"https:\/\/www.epen.gov.ar\/wp-content\/uploads\/2019\/10\/IMG_2838-e1571763929688.jpg\" \/>\n\t<meta property=\"og:image:width\" content=\"2992\" \/>\n\t<meta property=\"og:image:height\" content=\"1645\" \/>\n\t<meta property=\"og:image:type\" content=\"image\/jpeg\" \/>\n<meta name=\"author\" content=\"Prensa EPEN\" \/>\n<meta name=\"twitter:card\" content=\"summary_large_image\" \/>\n<meta name=\"twitter:creator\" content=\"@EPEN_Informa\" \/>\n<meta name=\"twitter:site\" content=\"@EPEN_Informa\" \/>\n<meta name=\"twitter:label1\" content=\"Escrito por\" \/>\n\t<meta name=\"twitter:data1\" content=\"Prensa EPEN\" \/>\n\t<meta name=\"twitter:label2\" content=\"Tiempo de lectura\" \/>\n\t<meta name=\"twitter:data2\" content=\"4 minutos\" \/>\n<script type=\"application\/ld+json\" class=\"yoast-schema-graph\">{\"@context\":\"https:\/\/schema.org\",\"@graph\":[{\"@type\":\"Article\",\"@id\":\"https:\/\/www.epen.gov.ar\/index.php\/2019\/10\/22\/se-firmo-un-convenio-entre-el-epen-y-la-facultad-de-ingenieria\/#article\",\"isPartOf\":{\"@id\":\"https:\/\/www.epen.gov.ar\/index.php\/2019\/10\/22\/se-firmo-un-convenio-entre-el-epen-y-la-facultad-de-ingenieria\/\"},\"author\":{\"name\":\"Prensa EPEN\",\"@id\":\"https:\/\/www.epen.gov.ar\/#\/schema\/person\/ce6cff87c2fc01264becc10fa105ad4f\"},\"headline\":\"Se firm\u00f3 un Convenio entre el EPEN y la Facultad de Ingenier\u00eda\",\"datePublished\":\"2019-10-22T16:59:49+00:00\",\"dateModified\":\"2019-10-31T12:36:46+00:00\",\"mainEntityOfPage\":{\"@id\":\"https:\/\/www.epen.gov.ar\/index.php\/2019\/10\/22\/se-firmo-un-convenio-entre-el-epen-y-la-facultad-de-ingenieria\/\"},\"wordCount\":877,\"commentCount\":0,\"publisher\":{\"@id\":\"https:\/\/www.epen.gov.ar\/#organization\"},\"image\":{\"@id\":\"https:\/\/www.epen.gov.ar\/index.php\/2019\/10\/22\/se-firmo-un-convenio-entre-el-epen-y-la-facultad-de-ingenieria\/#primaryimage\"},\"thumbnailUrl\":\"https:\/\/www.epen.gov.ar\/wp-content\/uploads\/2019\/10\/IMG_2838-e1571763929688.jpg\",\"articleSection\":[\"Noticias\"],\"inLanguage\":\"es\",\"potentialAction\":[{\"@type\":\"CommentAction\",\"name\":\"Comment\",\"target\":[\"https:\/\/www.epen.gov.ar\/index.php\/2019\/10\/22\/se-firmo-un-convenio-entre-el-epen-y-la-facultad-de-ingenieria\/#respond\"]}]},{\"@type\":\"WebPage\",\"@id\":\"https:\/\/www.epen.gov.ar\/index.php\/2019\/10\/22\/se-firmo-un-convenio-entre-el-epen-y-la-facultad-de-ingenieria\/\",\"url\":\"https:\/\/www.epen.gov.ar\/index.php\/2019\/10\/22\/se-firmo-un-convenio-entre-el-epen-y-la-facultad-de-ingenieria\/\",\"name\":\"EPEN - Se firm\u00f3 un Convenio entre el EPEN y la Facultad de Ingenier\u00eda\",\"isPartOf\":{\"@id\":\"https:\/\/www.epen.gov.ar\/#website\"},\"primaryImageOfPage\":{\"@id\":\"https:\/\/www.epen.gov.ar\/index.php\/2019\/10\/22\/se-firmo-un-convenio-entre-el-epen-y-la-facultad-de-ingenieria\/#primaryimage\"},\"image\":{\"@id\":\"https:\/\/www.epen.gov.ar\/index.php\/2019\/10\/22\/se-firmo-un-convenio-entre-el-epen-y-la-facultad-de-ingenieria\/#primaryimage\"},\"thumbnailUrl\":\"https:\/\/www.epen.gov.ar\/wp-content\/uploads\/2019\/10\/IMG_2838-e1571763929688.jpg\",\"datePublished\":\"2019-10-22T16:59:49+00:00\",\"dateModified\":\"2019-10-31T12:36:46+00:00\",\"description\":\"Se firm\u00f3 un Convenio entre el EPEN y la Facultad de Ingenier\u00eda Noticias\",\"breadcrumb\":{\"@id\":\"https:\/\/www.epen.gov.ar\/index.php\/2019\/10\/22\/se-firmo-un-convenio-entre-el-epen-y-la-facultad-de-ingenieria\/#breadcrumb\"},\"inLanguage\":\"es\",\"potentialAction\":[{\"@type\":\"ReadAction\",\"target\":[\"https:\/\/www.epen.gov.ar\/index.php\/2019\/10\/22\/se-firmo-un-convenio-entre-el-epen-y-la-facultad-de-ingenieria\/\"]}]},{\"@type\":\"ImageObject\",\"inLanguage\":\"es\",\"@id\":\"https:\/\/www.epen.gov.ar\/index.php\/2019\/10\/22\/se-firmo-un-convenio-entre-el-epen-y-la-facultad-de-ingenieria\/#primaryimage\",\"url\":\"https:\/\/www.epen.gov.ar\/wp-content\/uploads\/2019\/10\/IMG_2838-e1571763929688.jpg\",\"contentUrl\":\"https:\/\/www.epen.gov.ar\/wp-content\/uploads\/2019\/10\/IMG_2838-e1571763929688.jpg\",\"width\":2992,\"height\":1645},{\"@type\":\"BreadcrumbList\",\"@id\":\"https:\/\/www.epen.gov.ar\/index.php\/2019\/10\/22\/se-firmo-un-convenio-entre-el-epen-y-la-facultad-de-ingenieria\/#breadcrumb\",\"itemListElement\":[{\"@type\":\"ListItem\",\"position\":1,\"name\":\"Inicio\",\"item\":\"https:\/\/www.epen.gov.ar\/\"},{\"@type\":\"ListItem\",\"position\":2,\"name\":\"Se firm\u00f3 un Convenio entre el EPEN y la Facultad de Ingenier\u00eda\"}]},{\"@type\":\"WebSite\",\"@id\":\"https:\/\/www.epen.gov.ar\/#website\",\"url\":\"https:\/\/www.epen.gov.ar\/\",\"name\":\"EPEN\",\"description\":\"Ente Provincial de Energ\u00eda del Neuqu\u00e9n\",\"publisher\":{\"@id\":\"https:\/\/www.epen.gov.ar\/#organization\"},\"potentialAction\":[{\"@type\":\"SearchAction\",\"target\":{\"@type\":\"EntryPoint\",\"urlTemplate\":\"https:\/\/www.epen.gov.ar\/?s={search_term_string}\"},\"query-input\":{\"@type\":\"PropertyValueSpecification\",\"valueRequired\":true,\"valueName\":\"search_term_string\"}}],\"inLanguage\":\"es\"},{\"@type\":\"Organization\",\"@id\":\"https:\/\/www.epen.gov.ar\/#organization\",\"name\":\"Ente Provincial de Energ\u00eda del Neuqu\u00e9n\",\"url\":\"https:\/\/www.epen.gov.ar\/\",\"logo\":{\"@type\":\"ImageObject\",\"inLanguage\":\"es\",\"@id\":\"https:\/\/www.epen.gov.ar\/#\/schema\/logo\/image\/\",\"url\":\"https:\/\/www.epen.gov.ar\/wp-content\/uploads\/2024\/02\/Logo-EPEN-2.jpg\",\"contentUrl\":\"https:\/\/www.epen.gov.ar\/wp-content\/uploads\/2024\/02\/Logo-EPEN-2.jpg\",\"width\":696,\"height\":696,\"caption\":\"Ente Provincial de Energ\u00eda del Neuqu\u00e9n\"},\"image\":{\"@id\":\"https:\/\/www.epen.gov.ar\/#\/schema\/logo\/image\/\"},\"sameAs\":[\"https:\/\/www.facebook.com\/EPEN.Neuquen\",\"https:\/\/x.com\/EPEN_Informa\",\"https:\/\/www.youtube.com\/@epenprensa7384\"]},{\"@type\":\"Person\",\"@id\":\"https:\/\/www.epen.gov.ar\/#\/schema\/person\/ce6cff87c2fc01264becc10fa105ad4f\",\"name\":\"Prensa EPEN\",\"image\":{\"@type\":\"ImageObject\",\"inLanguage\":\"es\",\"@id\":\"https:\/\/secure.gravatar.com\/avatar\/f8120b8688012ccf2d7fbcf7a970cfbabf0ab63b09c2dbd72c194bee080070e9?s=96&d=mm&r=g\",\"url\":\"https:\/\/secure.gravatar.com\/avatar\/f8120b8688012ccf2d7fbcf7a970cfbabf0ab63b09c2dbd72c194bee080070e9?s=96&d=mm&r=g\",\"contentUrl\":\"https:\/\/secure.gravatar.com\/avatar\/f8120b8688012ccf2d7fbcf7a970cfbabf0ab63b09c2dbd72c194bee080070e9?s=96&d=mm&r=g\",\"caption\":\"Prensa EPEN\"},\"url\":\"https:\/\/www.epen.gov.ar\/index.php\/author\/admin\/\"}]}<\/script>\n<!-- \/ Yoast SEO plugin. -->","yoast_head_json":{"title":"EPEN - Se firm\u00f3 un Convenio entre el EPEN y la Facultad de Ingenier\u00eda","description":"Se firm\u00f3 un Convenio entre el EPEN y la Facultad de Ingenier\u00eda Noticias","robots":{"index":"index","follow":"follow","max-snippet":"max-snippet:-1","max-image-preview":"max-image-preview:large","max-video-preview":"max-video-preview:-1"},"canonical":"https:\/\/www.epen.gov.ar\/index.php\/2019\/10\/22\/se-firmo-un-convenio-entre-el-epen-y-la-facultad-de-ingenieria\/","og_locale":"es_ES","og_type":"article","og_title":"EPEN - Se firm\u00f3 un Convenio entre el EPEN y la Facultad de Ingenier\u00eda","og_description":"Se firm\u00f3 un Convenio entre el EPEN y la Facultad de Ingenier\u00eda Noticias","og_url":"https:\/\/www.epen.gov.ar\/index.php\/2019\/10\/22\/se-firmo-un-convenio-entre-el-epen-y-la-facultad-de-ingenieria\/","og_site_name":"EPEN","article_publisher":"https:\/\/www.facebook.com\/EPEN.Neuquen","article_published_time":"2019-10-22T16:59:49+00:00","article_modified_time":"2019-10-31T12:36:46+00:00","og_image":[{"width":2992,"height":1645,"url":"https:\/\/www.epen.gov.ar\/wp-content\/uploads\/2019\/10\/IMG_2838-e1571763929688.jpg","type":"image\/jpeg"}],"author":"Prensa EPEN","twitter_card":"summary_large_image","twitter_creator":"@EPEN_Informa","twitter_site":"@EPEN_Informa","twitter_misc":{"Escrito por":"Prensa EPEN","Tiempo de lectura":"4 minutos"},"schema":{"@context":"https:\/\/schema.org","@graph":[{"@type":"Article","@id":"https:\/\/www.epen.gov.ar\/index.php\/2019\/10\/22\/se-firmo-un-convenio-entre-el-epen-y-la-facultad-de-ingenieria\/#article","isPartOf":{"@id":"https:\/\/www.epen.gov.ar\/index.php\/2019\/10\/22\/se-firmo-un-convenio-entre-el-epen-y-la-facultad-de-ingenieria\/"},"author":{"name":"Prensa EPEN","@id":"https:\/\/www.epen.gov.ar\/#\/schema\/person\/ce6cff87c2fc01264becc10fa105ad4f"},"headline":"Se firm\u00f3 un Convenio entre el EPEN y la Facultad de Ingenier\u00eda","datePublished":"2019-10-22T16:59:49+00:00","dateModified":"2019-10-31T12:36:46+00:00","mainEntityOfPage":{"@id":"https:\/\/www.epen.gov.ar\/index.php\/2019\/10\/22\/se-firmo-un-convenio-entre-el-epen-y-la-facultad-de-ingenieria\/"},"wordCount":877,"commentCount":0,"publisher":{"@id":"https:\/\/www.epen.gov.ar\/#organization"},"image":{"@id":"https:\/\/www.epen.gov.ar\/index.php\/2019\/10\/22\/se-firmo-un-convenio-entre-el-epen-y-la-facultad-de-ingenieria\/#primaryimage"},"thumbnailUrl":"https:\/\/www.epen.gov.ar\/wp-content\/uploads\/2019\/10\/IMG_2838-e1571763929688.jpg","articleSection":["Noticias"],"inLanguage":"es","potentialAction":[{"@type":"CommentAction","name":"Comment","target":["https:\/\/www.epen.gov.ar\/index.php\/2019\/10\/22\/se-firmo-un-convenio-entre-el-epen-y-la-facultad-de-ingenieria\/#respond"]}]},{"@type":"WebPage","@id":"https:\/\/www.epen.gov.ar\/index.php\/2019\/10\/22\/se-firmo-un-convenio-entre-el-epen-y-la-facultad-de-ingenieria\/","url":"https:\/\/www.epen.gov.ar\/index.php\/2019\/10\/22\/se-firmo-un-convenio-entre-el-epen-y-la-facultad-de-ingenieria\/","name":"EPEN - Se firm\u00f3 un Convenio entre el EPEN y la Facultad de Ingenier\u00eda","isPartOf":{"@id":"https:\/\/www.epen.gov.ar\/#website"},"primaryImageOfPage":{"@id":"https:\/\/www.epen.gov.ar\/index.php\/2019\/10\/22\/se-firmo-un-convenio-entre-el-epen-y-la-facultad-de-ingenieria\/#primaryimage"},"image":{"@id":"https:\/\/www.epen.gov.ar\/index.php\/2019\/10\/22\/se-firmo-un-convenio-entre-el-epen-y-la-facultad-de-ingenieria\/#primaryimage"},"thumbnailUrl":"https:\/\/www.epen.gov.ar\/wp-content\/uploads\/2019\/10\/IMG_2838-e1571763929688.jpg","datePublished":"2019-10-22T16:59:49+00:00","dateModified":"2019-10-31T12:36:46+00:00","description":"Se firm\u00f3 un Convenio entre el EPEN y la Facultad de Ingenier\u00eda Noticias","breadcrumb":{"@id":"https:\/\/www.epen.gov.ar\/index.php\/2019\/10\/22\/se-firmo-un-convenio-entre-el-epen-y-la-facultad-de-ingenieria\/#breadcrumb"},"inLanguage":"es","potentialAction":[{"@type":"ReadAction","target":["https:\/\/www.epen.gov.ar\/index.php\/2019\/10\/22\/se-firmo-un-convenio-entre-el-epen-y-la-facultad-de-ingenieria\/"]}]},{"@type":"ImageObject","inLanguage":"es","@id":"https:\/\/www.epen.gov.ar\/index.php\/2019\/10\/22\/se-firmo-un-convenio-entre-el-epen-y-la-facultad-de-ingenieria\/#primaryimage","url":"https:\/\/www.epen.gov.ar\/wp-content\/uploads\/2019\/10\/IMG_2838-e1571763929688.jpg","contentUrl":"https:\/\/www.epen.gov.ar\/wp-content\/uploads\/2019\/10\/IMG_2838-e1571763929688.jpg","width":2992,"height":1645},{"@type":"BreadcrumbList","@id":"https:\/\/www.epen.gov.ar\/index.php\/2019\/10\/22\/se-firmo-un-convenio-entre-el-epen-y-la-facultad-de-ingenieria\/#breadcrumb","itemListElement":[{"@type":"ListItem","position":1,"name":"Inicio","item":"https:\/\/www.epen.gov.ar\/"},{"@type":"ListItem","position":2,"name":"Se firm\u00f3 un Convenio entre el EPEN y la Facultad de Ingenier\u00eda"}]},{"@type":"WebSite","@id":"https:\/\/www.epen.gov.ar\/#website","url":"https:\/\/www.epen.gov.ar\/","name":"EPEN","description":"Ente Provincial de Energ\u00eda del Neuqu\u00e9n","publisher":{"@id":"https:\/\/www.epen.gov.ar\/#organization"},"potentialAction":[{"@type":"SearchAction","target":{"@type":"EntryPoint","urlTemplate":"https:\/\/www.epen.gov.ar\/?s={search_term_string}"},"query-input":{"@type":"PropertyValueSpecification","valueRequired":true,"valueName":"search_term_string"}}],"inLanguage":"es"},{"@type":"Organization","@id":"https:\/\/www.epen.gov.ar\/#organization","name":"Ente Provincial de Energ\u00eda del Neuqu\u00e9n","url":"https:\/\/www.epen.gov.ar\/","logo":{"@type":"ImageObject","inLanguage":"es","@id":"https:\/\/www.epen.gov.ar\/#\/schema\/logo\/image\/","url":"https:\/\/www.epen.gov.ar\/wp-content\/uploads\/2024\/02\/Logo-EPEN-2.jpg","contentUrl":"https:\/\/www.epen.gov.ar\/wp-content\/uploads\/2024\/02\/Logo-EPEN-2.jpg","width":696,"height":696,"caption":"Ente Provincial de Energ\u00eda del Neuqu\u00e9n"},"image":{"@id":"https:\/\/www.epen.gov.ar\/#\/schema\/logo\/image\/"},"sameAs":["https:\/\/www.facebook.com\/EPEN.Neuquen","https:\/\/x.com\/EPEN_Informa","https:\/\/www.youtube.com\/@epenprensa7384"]},{"@type":"Person","@id":"https:\/\/www.epen.gov.ar\/#\/schema\/person\/ce6cff87c2fc01264becc10fa105ad4f","name":"Prensa EPEN","image":{"@type":"ImageObject","inLanguage":"es","@id":"https:\/\/secure.gravatar.com\/avatar\/f8120b8688012ccf2d7fbcf7a970cfbabf0ab63b09c2dbd72c194bee080070e9?s=96&d=mm&r=g","url":"https:\/\/secure.gravatar.com\/avatar\/f8120b8688012ccf2d7fbcf7a970cfbabf0ab63b09c2dbd72c194bee080070e9?s=96&d=mm&r=g","contentUrl":"https:\/\/secure.gravatar.com\/avatar\/f8120b8688012ccf2d7fbcf7a970cfbabf0ab63b09c2dbd72c194bee080070e9?s=96&d=mm&r=g","caption":"Prensa EPEN"},"url":"https:\/\/www.epen.gov.ar\/index.php\/author\/admin\/"}]}},"_links":{"self":[{"href":"https:\/\/www.epen.gov.ar\/index.php\/wp-json\/wp\/v2\/posts\/4792","targetHints":{"allow":["GET"]}}],"collection":[{"href":"https:\/\/www.epen.gov.ar\/index.php\/wp-json\/wp\/v2\/posts"}],"about":[{"href":"https:\/\/www.epen.gov.ar\/index.php\/wp-json\/wp\/v2\/types\/post"}],"author":[{"embeddable":true,"href":"https:\/\/www.epen.gov.ar\/index.php\/wp-json\/wp\/v2\/users\/1"}],"replies":[{"embeddable":true,"href":"https:\/\/www.epen.gov.ar\/index.php\/wp-json\/wp\/v2\/comments?post=4792"}],"version-history":[{"count":2,"href":"https:\/\/www.epen.gov.ar\/index.php\/wp-json\/wp\/v2\/posts\/4792\/revisions"}],"predecessor-version":[{"id":4795,"href":"https:\/\/www.epen.gov.ar\/index.php\/wp-json\/wp\/v2\/posts\/4792\/revisions\/4795"}],"wp:featuredmedia":[{"embeddable":true,"href":"https:\/\/www.epen.gov.ar\/index.php\/wp-json\/wp\/v2\/media\/4793"}],"wp:attachment":[{"href":"https:\/\/www.epen.gov.ar\/index.php\/wp-json\/wp\/v2\/media?parent=4792"}],"wp:term":[{"taxonomy":"category","embeddable":true,"href":"https:\/\/www.epen.gov.ar\/index.php\/wp-json\/wp\/v2\/categories?post=4792"},{"taxonomy":"post_tag","embeddable":true,"href":"https:\/\/www.epen.gov.ar\/index.php\/wp-json\/wp\/v2\/tags?post=4792"}],"curies":[{"name":"wp","href":"https:\/\/api.w.org\/{rel}","templated":true}]}}