{"id":4288,"date":"2019-08-01T23:10:47","date_gmt":"2019-08-02T02:10:47","guid":{"rendered":"http:\/\/192.168.200.48\/?p=4288"},"modified":"2019-08-02T08:43:58","modified_gmt":"2019-08-02T11:43:58","slug":"etapa-final-del-operativo-en-villa-la-angostura","status":"publish","type":"post","link":"https:\/\/www.epen.gov.ar\/index.php\/2019\/08\/01\/etapa-final-del-operativo-en-villa-la-angostura\/","title":{"rendered":"Etapa final del operativo en Villa La Angostura"},"content":{"rendered":"<div class=\"fusion-fullwidth fullwidth-box fusion-builder-row-1 nonhundred-percent-fullwidth non-hundred-percent-height-scrolling\" style=\"--awb-border-radius-top-left:0px;--awb-border-radius-top-right:0px;--awb-border-radius-bottom-right:0px;--awb-border-radius-bottom-left:0px;--awb-flex-wrap:wrap;\" ><div class=\"fusion-builder-row fusion-row\"><div class=\"fusion-layout-column fusion_builder_column fusion-builder-column-0 fusion_builder_column_2_3 2_3 fusion-two-third fusion-column-first\" style=\"--awb-bg-size:cover;width:66.666666666667%;width:calc(66.666666666667% - ( ( 4% ) * 0.66666666666667 ) );margin-right: 4%;\"><div class=\"fusion-column-wrapper fusion-column-has-shadow fusion-flex-column-wrapper-legacy\"><div class=\"fusion-text fusion-text-1\"><p style=\"text-align: justify;\">El Ente Provincial de Energ\u00eda del Neuqu\u00e9n informa que en el d\u00eda de la fecha en la localidad de Villa La Angostura se avanz\u00f3 con las tareas de reposici\u00f3n del cableado de media tensi\u00f3n, se logr\u00f3 energizar en baja tensi\u00f3n alcanzando algunos sectores que a\u00fan no contaban con suministro y se trabaj\u00f3 en reparaciones necesarias para continuar ma\u00f1ana ya con la \u00faltima etapa para el restablecimiento completo del servicio.<\/p>\n<p style=\"text-align: justify;\">En tanto, el corte de energ\u00eda realizado en horas de la ma\u00f1ana en la zona, permiti\u00f3 reponer las l\u00edneas de media tensi\u00f3n sobre el alimentador Cumelen en parte de Las Balsas, Cumelen y Alto Cumelen, Alto Manzano, Bah\u00eda Manzano, Las Chacras, Loma Guacha y Calfuco.<\/p>\n<p style=\"text-align: justify;\">En la tarde de hoy quedaron energizados los sectores de Barrios Las Chacras y Alto Manzano en un 90% y Parque industrial, qued\u00f3 conectado. De esta manera en Bah\u00eda Manzano ya se ha restablecido la l\u00ednea de media y baja tensi\u00f3n llegando al 95% de los usuarios como tambi\u00e9n al bombeo, y en la calle Osa Mayor los trabajos en media alcanzaron un 90%.<\/p>\n<p style=\"text-align: justify;\">Ma\u00f1ana se realizar\u00e1 la verificaci\u00f3n de las l\u00edneas en Bah\u00eda Manzano para restablecer el servicio, finalizaremos en Alto Manzano el sector faltante, y se continuar\u00e1 trabajando en calle Osa Mayor.<\/p>\n<p style=\"text-align: justify;\">Por otra parte, informamos que en San Mart\u00edn de los Andes se ha restablecido por completo el suministro hacia todos los sectores en el d\u00eda de hoy, entre los que se contaban algunos en la zona rural de Quila Quina a los cuales hab\u00eda sido imposible el acceso debido a derrumbes en los caminos.<\/p>\n<\/div><div class=\"fusion-clearfix\"><\/div><\/div><\/div><div class=\"fusion-layout-column fusion_builder_column fusion-builder-column-1 fusion_builder_column_1_3 1_3 fusion-one-third fusion-column-last\" style=\"--awb-bg-size:cover;width:33.333333333333%;width:calc(33.333333333333% - ( ( 4% ) * 0.33333333333333 ) );\"><div class=\"fusion-column-wrapper fusion-column-has-shadow fusion-flex-column-wrapper-legacy\"><div class=\"fusion-widget-area awb-widget-area-element fusion-widget-area-1 fusion-content-widget-area\" style=\"--awb-title-size:20px;--awb-title-color:#333333;--awb-padding:0px 0px 0px 0px;\"><style type=\"text\/css\" data-id=\"tweets-widget-2\">#tweets-widget-2 li { border-color:#eaeaea;}<\/style><section id=\"tweets-widget-2\" class=\"widget tweets\" style=\"border-style: solid;border-color: #eaeaea;border-color:transparent;border-width:0px;\">\t\t\t\t\n\t\t<div style=\"overflow:hidden\">\n\t\t\t\t\t\t\t\t\t\t\t<a class=\"twitter-timeline\" data-dnt=\"true\" href=\"https:\/\/twitter.com\/@EPEN_Informa\" data-width=\"500\" data-height=\"300\" width=\"500\" height=\"300\" data-theme=\"light\" data-link-color=\"##25a9bd\" data-border-color=\"#eaeaea\" data-chrome=\"\">Tweets por @EPEN_Informa<\/a>\n\t\t\t\t\t\t\t\n\t\t\t\t\t\t\t\t\t\t\t<script async src=\"\/\/platform.twitter.com\/widgets.js\" charset=\"utf-8\"><\/script>\n\t\t\t\t\t\t\t\n\t\t<\/div>\n\t\t<\/section>\n\t\t<section id=\"recent-posts-3\" class=\"widget widget_recent_entries\" style=\"border-style: solid;border-color:transparent;border-width:0px;\">\n\t\t<div class=\"heading\"><h4 class=\"widget-title\">Entradas recientes<\/h4><\/div>\n\t\t<ul>\n\t\t\t\t\t\t\t\t\t\t\t<li>\n\t\t\t\t\t<a href=\"https:\/\/www.epen.gov.ar\/index.php\/2026\/04\/30\/corte-programado-en-sectores-de-rincon-de-los-sauces-el-02-05-2026\/\">Corte Programado en sectores de Rinc\u00f3n de los Sauces el 02\/05\/2026<\/a>\n\t\t\t\t\t\t\t\t\t\t\t<span class=\"post-date\">30\/04\/2026<\/span>\n\t\t\t\t\t\t\t\t\t<\/li>\n\t\t\t\t\t\t\t\t\t\t\t<li>\n\t\t\t\t\t<a href=\"https:\/\/www.epen.gov.ar\/index.php\/2026\/04\/30\/licitacion-publica-n-14-2026-contratacion-de-servicios-de-desarrollo-y-mantenimiento-de-sistemas-informaticos\/\">LICITACI\u00d3N P\u00daBLICA N\u00b0 14\/2026 CONTRATACI\u00d3N DE SERVICIOS DE DESARROLLO Y MANTENIMIENTO DE SISTEMAS INFORM\u00c1TICOS<\/a>\n\t\t\t\t\t\t\t\t\t\t\t<span class=\"post-date\">30\/04\/2026<\/span>\n\t\t\t\t\t\t\t\t\t<\/li>\n\t\t\t\t\t\t\t\t\t\t\t<li>\n\t\t\t\t\t<a href=\"https:\/\/www.epen.gov.ar\/index.php\/2026\/04\/29\/corte-programado-en-sectores-de-centenario-el-30-04-2026\/\">Corte Programado en sectores de Centenario el 30\/04\/2026<\/a>\n\t\t\t\t\t\t\t\t\t\t\t<span class=\"post-date\">29\/04\/2026<\/span>\n\t\t\t\t\t\t\t\t\t<\/li>\n\t\t\t\t\t\t\t\t\t\t\t<li>\n\t\t\t\t\t<a href=\"https:\/\/www.epen.gov.ar\/index.php\/2026\/04\/28\/el-epen-impulsa-el-desarrollo-de-varvarco-con-nueva-infraestructura-para-17-lotes\/\">El EPEN impulsa el desarrollo de Varvarco con nueva infraestructura para 17 lotes<\/a>\n\t\t\t\t\t\t\t\t\t\t\t<span class=\"post-date\">28\/04\/2026<\/span>\n\t\t\t\t\t\t\t\t\t<\/li>\n\t\t\t\t\t\t\t\t\t\t\t<li>\n\t\t\t\t\t<a href=\"https:\/\/www.epen.gov.ar\/index.php\/2026\/04\/28\/corte-programado-en-sectores-de-zona-nahueve-el-30-04-2026\/\">Corte Programado en sectores de zona Nahueve el 30\/04\/2026<\/a>\n\t\t\t\t\t\t\t\t\t\t\t<span class=\"post-date\">28\/04\/2026<\/span>\n\t\t\t\t\t\t\t\t\t<\/li>\n\t\t\t\t\t<\/ul>\n\n\t\t<\/section><div class=\"fusion-additional-widget-content\"><\/div><\/div><div class=\"fusion-clearfix\"><\/div><\/div><\/div><\/div><\/div>\n","protected":false},"excerpt":{"rendered":"","protected":false},"author":1,"featured_media":4289,"comment_status":"open","ping_status":"open","sticky":false,"template":"","format":"standard","meta":{"_exactmetrics_skip_tracking":false,"_exactmetrics_sitenote_active":false,"_exactmetrics_sitenote_note":"","_exactmetrics_sitenote_category":0,"footnotes":""},"categories":[84],"tags":[140],"class_list":["post-4288","post","type-post","status-publish","format-standard","has-post-thumbnail","hentry","category-noticias","tag-servicio"],"yoast_head":"<!-- This site is optimized with the Yoast SEO plugin v27.2 - https:\/\/yoast.com\/product\/yoast-seo-wordpress\/ -->\n<title>EPEN - Etapa final del operativo en Villa La Angostura<\/title>\n<meta name=\"description\" content=\"Etapa final del operativo en Villa La Angostura Noticias\" \/>\n<meta name=\"robots\" content=\"index, follow, max-snippet:-1, max-image-preview:large, max-video-preview:-1\" \/>\n<link rel=\"canonical\" href=\"https:\/\/www.epen.gov.ar\/index.php\/2019\/08\/01\/etapa-final-del-operativo-en-villa-la-angostura\/\" \/>\n<meta property=\"og:locale\" content=\"es_ES\" \/>\n<meta property=\"og:type\" content=\"article\" \/>\n<meta property=\"og:title\" content=\"EPEN - Etapa final del operativo en Villa La Angostura\" \/>\n<meta property=\"og:description\" content=\"Etapa final del operativo en Villa La Angostura Noticias\" \/>\n<meta property=\"og:url\" content=\"https:\/\/www.epen.gov.ar\/index.php\/2019\/08\/01\/etapa-final-del-operativo-en-villa-la-angostura\/\" \/>\n<meta property=\"og:site_name\" content=\"EPEN\" \/>\n<meta property=\"article:publisher\" content=\"https:\/\/www.facebook.com\/EPEN.Neuquen\" \/>\n<meta property=\"article:published_time\" content=\"2019-08-02T02:10:47+00:00\" \/>\n<meta property=\"article:modified_time\" content=\"2019-08-02T11:43:58+00:00\" \/>\n<meta property=\"og:image\" content=\"https:\/\/www.epen.gov.ar\/wp-content\/uploads\/2019\/08\/EPEN-lluvia-vla-2019-07-30-1.jpeg\" \/>\n\t<meta property=\"og:image:width\" content=\"864\" \/>\n\t<meta property=\"og:image:height\" content=\"1152\" \/>\n\t<meta property=\"og:image:type\" content=\"image\/jpeg\" \/>\n<meta name=\"author\" content=\"Prensa EPEN\" \/>\n<meta name=\"twitter:card\" content=\"summary_large_image\" \/>\n<meta name=\"twitter:creator\" content=\"@EPEN_Informa\" \/>\n<meta name=\"twitter:site\" content=\"@EPEN_Informa\" \/>\n<meta name=\"twitter:label1\" content=\"Escrito por\" \/>\n\t<meta name=\"twitter:data1\" content=\"Prensa EPEN\" \/>\n\t<meta name=\"twitter:label2\" content=\"Tiempo de lectura\" \/>\n\t<meta name=\"twitter:data2\" content=\"3 minutos\" \/>\n<script type=\"application\/ld+json\" class=\"yoast-schema-graph\">{\"@context\":\"https:\/\/schema.org\",\"@graph\":[{\"@type\":\"Article\",\"@id\":\"https:\/\/www.epen.gov.ar\/index.php\/2019\/08\/01\/etapa-final-del-operativo-en-villa-la-angostura\/#article\",\"isPartOf\":{\"@id\":\"https:\/\/www.epen.gov.ar\/index.php\/2019\/08\/01\/etapa-final-del-operativo-en-villa-la-angostura\/\"},\"author\":{\"name\":\"Prensa EPEN\",\"@id\":\"https:\/\/www.epen.gov.ar\/#\/schema\/person\/ce6cff87c2fc01264becc10fa105ad4f\"},\"headline\":\"Etapa final del operativo en Villa La Angostura\",\"datePublished\":\"2019-08-02T02:10:47+00:00\",\"dateModified\":\"2019-08-02T11:43:58+00:00\",\"mainEntityOfPage\":{\"@id\":\"https:\/\/www.epen.gov.ar\/index.php\/2019\/08\/01\/etapa-final-del-operativo-en-villa-la-angostura\/\"},\"wordCount\":641,\"commentCount\":0,\"publisher\":{\"@id\":\"https:\/\/www.epen.gov.ar\/#organization\"},\"image\":{\"@id\":\"https:\/\/www.epen.gov.ar\/index.php\/2019\/08\/01\/etapa-final-del-operativo-en-villa-la-angostura\/#primaryimage\"},\"thumbnailUrl\":\"https:\/\/www.epen.gov.ar\/wp-content\/uploads\/2019\/08\/EPEN-lluvia-vla-2019-07-30-1.jpeg\",\"keywords\":[\"Servicio\"],\"articleSection\":[\"Noticias\"],\"inLanguage\":\"es\",\"potentialAction\":[{\"@type\":\"CommentAction\",\"name\":\"Comment\",\"target\":[\"https:\/\/www.epen.gov.ar\/index.php\/2019\/08\/01\/etapa-final-del-operativo-en-villa-la-angostura\/#respond\"]}]},{\"@type\":\"WebPage\",\"@id\":\"https:\/\/www.epen.gov.ar\/index.php\/2019\/08\/01\/etapa-final-del-operativo-en-villa-la-angostura\/\",\"url\":\"https:\/\/www.epen.gov.ar\/index.php\/2019\/08\/01\/etapa-final-del-operativo-en-villa-la-angostura\/\",\"name\":\"EPEN - Etapa final del operativo en Villa La Angostura\",\"isPartOf\":{\"@id\":\"https:\/\/www.epen.gov.ar\/#website\"},\"primaryImageOfPage\":{\"@id\":\"https:\/\/www.epen.gov.ar\/index.php\/2019\/08\/01\/etapa-final-del-operativo-en-villa-la-angostura\/#primaryimage\"},\"image\":{\"@id\":\"https:\/\/www.epen.gov.ar\/index.php\/2019\/08\/01\/etapa-final-del-operativo-en-villa-la-angostura\/#primaryimage\"},\"thumbnailUrl\":\"https:\/\/www.epen.gov.ar\/wp-content\/uploads\/2019\/08\/EPEN-lluvia-vla-2019-07-30-1.jpeg\",\"datePublished\":\"2019-08-02T02:10:47+00:00\",\"dateModified\":\"2019-08-02T11:43:58+00:00\",\"description\":\"Etapa final del operativo en Villa La Angostura Noticias\",\"breadcrumb\":{\"@id\":\"https:\/\/www.epen.gov.ar\/index.php\/2019\/08\/01\/etapa-final-del-operativo-en-villa-la-angostura\/#breadcrumb\"},\"inLanguage\":\"es\",\"potentialAction\":[{\"@type\":\"ReadAction\",\"target\":[\"https:\/\/www.epen.gov.ar\/index.php\/2019\/08\/01\/etapa-final-del-operativo-en-villa-la-angostura\/\"]}]},{\"@type\":\"ImageObject\",\"inLanguage\":\"es\",\"@id\":\"https:\/\/www.epen.gov.ar\/index.php\/2019\/08\/01\/etapa-final-del-operativo-en-villa-la-angostura\/#primaryimage\",\"url\":\"https:\/\/www.epen.gov.ar\/wp-content\/uploads\/2019\/08\/EPEN-lluvia-vla-2019-07-30-1.jpeg\",\"contentUrl\":\"https:\/\/www.epen.gov.ar\/wp-content\/uploads\/2019\/08\/EPEN-lluvia-vla-2019-07-30-1.jpeg\",\"width\":864,\"height\":1152},{\"@type\":\"BreadcrumbList\",\"@id\":\"https:\/\/www.epen.gov.ar\/index.php\/2019\/08\/01\/etapa-final-del-operativo-en-villa-la-angostura\/#breadcrumb\",\"itemListElement\":[{\"@type\":\"ListItem\",\"position\":1,\"name\":\"Inicio\",\"item\":\"https:\/\/www.epen.gov.ar\/\"},{\"@type\":\"ListItem\",\"position\":2,\"name\":\"Etapa final del operativo en Villa La Angostura\"}]},{\"@type\":\"WebSite\",\"@id\":\"https:\/\/www.epen.gov.ar\/#website\",\"url\":\"https:\/\/www.epen.gov.ar\/\",\"name\":\"EPEN\",\"description\":\"Ente Provincial de Energ\u00eda del Neuqu\u00e9n\",\"publisher\":{\"@id\":\"https:\/\/www.epen.gov.ar\/#organization\"},\"potentialAction\":[{\"@type\":\"SearchAction\",\"target\":{\"@type\":\"EntryPoint\",\"urlTemplate\":\"https:\/\/www.epen.gov.ar\/?s={search_term_string}\"},\"query-input\":{\"@type\":\"PropertyValueSpecification\",\"valueRequired\":true,\"valueName\":\"search_term_string\"}}],\"inLanguage\":\"es\"},{\"@type\":\"Organization\",\"@id\":\"https:\/\/www.epen.gov.ar\/#organization\",\"name\":\"Ente Provincial de Energ\u00eda del Neuqu\u00e9n\",\"url\":\"https:\/\/www.epen.gov.ar\/\",\"logo\":{\"@type\":\"ImageObject\",\"inLanguage\":\"es\",\"@id\":\"https:\/\/www.epen.gov.ar\/#\/schema\/logo\/image\/\",\"url\":\"https:\/\/www.epen.gov.ar\/wp-content\/uploads\/2024\/02\/Logo-EPEN-2.jpg\",\"contentUrl\":\"https:\/\/www.epen.gov.ar\/wp-content\/uploads\/2024\/02\/Logo-EPEN-2.jpg\",\"width\":696,\"height\":696,\"caption\":\"Ente Provincial de Energ\u00eda del Neuqu\u00e9n\"},\"image\":{\"@id\":\"https:\/\/www.epen.gov.ar\/#\/schema\/logo\/image\/\"},\"sameAs\":[\"https:\/\/www.facebook.com\/EPEN.Neuquen\",\"https:\/\/x.com\/EPEN_Informa\",\"https:\/\/www.youtube.com\/@epenprensa7384\"]},{\"@type\":\"Person\",\"@id\":\"https:\/\/www.epen.gov.ar\/#\/schema\/person\/ce6cff87c2fc01264becc10fa105ad4f\",\"name\":\"Prensa EPEN\",\"image\":{\"@type\":\"ImageObject\",\"inLanguage\":\"es\",\"@id\":\"https:\/\/secure.gravatar.com\/avatar\/f8120b8688012ccf2d7fbcf7a970cfbabf0ab63b09c2dbd72c194bee080070e9?s=96&d=mm&r=g\",\"url\":\"https:\/\/secure.gravatar.com\/avatar\/f8120b8688012ccf2d7fbcf7a970cfbabf0ab63b09c2dbd72c194bee080070e9?s=96&d=mm&r=g\",\"contentUrl\":\"https:\/\/secure.gravatar.com\/avatar\/f8120b8688012ccf2d7fbcf7a970cfbabf0ab63b09c2dbd72c194bee080070e9?s=96&d=mm&r=g\",\"caption\":\"Prensa EPEN\"},\"url\":\"https:\/\/www.epen.gov.ar\/index.php\/author\/admin\/\"}]}<\/script>\n<!-- \/ Yoast SEO plugin. -->","yoast_head_json":{"title":"EPEN - Etapa final del operativo en Villa La Angostura","description":"Etapa final del operativo en Villa La Angostura Noticias","robots":{"index":"index","follow":"follow","max-snippet":"max-snippet:-1","max-image-preview":"max-image-preview:large","max-video-preview":"max-video-preview:-1"},"canonical":"https:\/\/www.epen.gov.ar\/index.php\/2019\/08\/01\/etapa-final-del-operativo-en-villa-la-angostura\/","og_locale":"es_ES","og_type":"article","og_title":"EPEN - Etapa final del operativo en Villa La Angostura","og_description":"Etapa final del operativo en Villa La Angostura Noticias","og_url":"https:\/\/www.epen.gov.ar\/index.php\/2019\/08\/01\/etapa-final-del-operativo-en-villa-la-angostura\/","og_site_name":"EPEN","article_publisher":"https:\/\/www.facebook.com\/EPEN.Neuquen","article_published_time":"2019-08-02T02:10:47+00:00","article_modified_time":"2019-08-02T11:43:58+00:00","og_image":[{"width":864,"height":1152,"url":"https:\/\/www.epen.gov.ar\/wp-content\/uploads\/2019\/08\/EPEN-lluvia-vla-2019-07-30-1.jpeg","type":"image\/jpeg"}],"author":"Prensa EPEN","twitter_card":"summary_large_image","twitter_creator":"@EPEN_Informa","twitter_site":"@EPEN_Informa","twitter_misc":{"Escrito por":"Prensa EPEN","Tiempo de lectura":"3 minutos"},"schema":{"@context":"https:\/\/schema.org","@graph":[{"@type":"Article","@id":"https:\/\/www.epen.gov.ar\/index.php\/2019\/08\/01\/etapa-final-del-operativo-en-villa-la-angostura\/#article","isPartOf":{"@id":"https:\/\/www.epen.gov.ar\/index.php\/2019\/08\/01\/etapa-final-del-operativo-en-villa-la-angostura\/"},"author":{"name":"Prensa EPEN","@id":"https:\/\/www.epen.gov.ar\/#\/schema\/person\/ce6cff87c2fc01264becc10fa105ad4f"},"headline":"Etapa final del operativo en Villa La Angostura","datePublished":"2019-08-02T02:10:47+00:00","dateModified":"2019-08-02T11:43:58+00:00","mainEntityOfPage":{"@id":"https:\/\/www.epen.gov.ar\/index.php\/2019\/08\/01\/etapa-final-del-operativo-en-villa-la-angostura\/"},"wordCount":641,"commentCount":0,"publisher":{"@id":"https:\/\/www.epen.gov.ar\/#organization"},"image":{"@id":"https:\/\/www.epen.gov.ar\/index.php\/2019\/08\/01\/etapa-final-del-operativo-en-villa-la-angostura\/#primaryimage"},"thumbnailUrl":"https:\/\/www.epen.gov.ar\/wp-content\/uploads\/2019\/08\/EPEN-lluvia-vla-2019-07-30-1.jpeg","keywords":["Servicio"],"articleSection":["Noticias"],"inLanguage":"es","potentialAction":[{"@type":"CommentAction","name":"Comment","target":["https:\/\/www.epen.gov.ar\/index.php\/2019\/08\/01\/etapa-final-del-operativo-en-villa-la-angostura\/#respond"]}]},{"@type":"WebPage","@id":"https:\/\/www.epen.gov.ar\/index.php\/2019\/08\/01\/etapa-final-del-operativo-en-villa-la-angostura\/","url":"https:\/\/www.epen.gov.ar\/index.php\/2019\/08\/01\/etapa-final-del-operativo-en-villa-la-angostura\/","name":"EPEN - Etapa final del operativo en Villa La Angostura","isPartOf":{"@id":"https:\/\/www.epen.gov.ar\/#website"},"primaryImageOfPage":{"@id":"https:\/\/www.epen.gov.ar\/index.php\/2019\/08\/01\/etapa-final-del-operativo-en-villa-la-angostura\/#primaryimage"},"image":{"@id":"https:\/\/www.epen.gov.ar\/index.php\/2019\/08\/01\/etapa-final-del-operativo-en-villa-la-angostura\/#primaryimage"},"thumbnailUrl":"https:\/\/www.epen.gov.ar\/wp-content\/uploads\/2019\/08\/EPEN-lluvia-vla-2019-07-30-1.jpeg","datePublished":"2019-08-02T02:10:47+00:00","dateModified":"2019-08-02T11:43:58+00:00","description":"Etapa final del operativo en Villa La Angostura Noticias","breadcrumb":{"@id":"https:\/\/www.epen.gov.ar\/index.php\/2019\/08\/01\/etapa-final-del-operativo-en-villa-la-angostura\/#breadcrumb"},"inLanguage":"es","potentialAction":[{"@type":"ReadAction","target":["https:\/\/www.epen.gov.ar\/index.php\/2019\/08\/01\/etapa-final-del-operativo-en-villa-la-angostura\/"]}]},{"@type":"ImageObject","inLanguage":"es","@id":"https:\/\/www.epen.gov.ar\/index.php\/2019\/08\/01\/etapa-final-del-operativo-en-villa-la-angostura\/#primaryimage","url":"https:\/\/www.epen.gov.ar\/wp-content\/uploads\/2019\/08\/EPEN-lluvia-vla-2019-07-30-1.jpeg","contentUrl":"https:\/\/www.epen.gov.ar\/wp-content\/uploads\/2019\/08\/EPEN-lluvia-vla-2019-07-30-1.jpeg","width":864,"height":1152},{"@type":"BreadcrumbList","@id":"https:\/\/www.epen.gov.ar\/index.php\/2019\/08\/01\/etapa-final-del-operativo-en-villa-la-angostura\/#breadcrumb","itemListElement":[{"@type":"ListItem","position":1,"name":"Inicio","item":"https:\/\/www.epen.gov.ar\/"},{"@type":"ListItem","position":2,"name":"Etapa final del operativo en Villa La Angostura"}]},{"@type":"WebSite","@id":"https:\/\/www.epen.gov.ar\/#website","url":"https:\/\/www.epen.gov.ar\/","name":"EPEN","description":"Ente Provincial de Energ\u00eda del Neuqu\u00e9n","publisher":{"@id":"https:\/\/www.epen.gov.ar\/#organization"},"potentialAction":[{"@type":"SearchAction","target":{"@type":"EntryPoint","urlTemplate":"https:\/\/www.epen.gov.ar\/?s={search_term_string}"},"query-input":{"@type":"PropertyValueSpecification","valueRequired":true,"valueName":"search_term_string"}}],"inLanguage":"es"},{"@type":"Organization","@id":"https:\/\/www.epen.gov.ar\/#organization","name":"Ente Provincial de Energ\u00eda del Neuqu\u00e9n","url":"https:\/\/www.epen.gov.ar\/","logo":{"@type":"ImageObject","inLanguage":"es","@id":"https:\/\/www.epen.gov.ar\/#\/schema\/logo\/image\/","url":"https:\/\/www.epen.gov.ar\/wp-content\/uploads\/2024\/02\/Logo-EPEN-2.jpg","contentUrl":"https:\/\/www.epen.gov.ar\/wp-content\/uploads\/2024\/02\/Logo-EPEN-2.jpg","width":696,"height":696,"caption":"Ente Provincial de Energ\u00eda del Neuqu\u00e9n"},"image":{"@id":"https:\/\/www.epen.gov.ar\/#\/schema\/logo\/image\/"},"sameAs":["https:\/\/www.facebook.com\/EPEN.Neuquen","https:\/\/x.com\/EPEN_Informa","https:\/\/www.youtube.com\/@epenprensa7384"]},{"@type":"Person","@id":"https:\/\/www.epen.gov.ar\/#\/schema\/person\/ce6cff87c2fc01264becc10fa105ad4f","name":"Prensa EPEN","image":{"@type":"ImageObject","inLanguage":"es","@id":"https:\/\/secure.gravatar.com\/avatar\/f8120b8688012ccf2d7fbcf7a970cfbabf0ab63b09c2dbd72c194bee080070e9?s=96&d=mm&r=g","url":"https:\/\/secure.gravatar.com\/avatar\/f8120b8688012ccf2d7fbcf7a970cfbabf0ab63b09c2dbd72c194bee080070e9?s=96&d=mm&r=g","contentUrl":"https:\/\/secure.gravatar.com\/avatar\/f8120b8688012ccf2d7fbcf7a970cfbabf0ab63b09c2dbd72c194bee080070e9?s=96&d=mm&r=g","caption":"Prensa EPEN"},"url":"https:\/\/www.epen.gov.ar\/index.php\/author\/admin\/"}]}},"_links":{"self":[{"href":"https:\/\/www.epen.gov.ar\/index.php\/wp-json\/wp\/v2\/posts\/4288","targetHints":{"allow":["GET"]}}],"collection":[{"href":"https:\/\/www.epen.gov.ar\/index.php\/wp-json\/wp\/v2\/posts"}],"about":[{"href":"https:\/\/www.epen.gov.ar\/index.php\/wp-json\/wp\/v2\/types\/post"}],"author":[{"embeddable":true,"href":"https:\/\/www.epen.gov.ar\/index.php\/wp-json\/wp\/v2\/users\/1"}],"replies":[{"embeddable":true,"href":"https:\/\/www.epen.gov.ar\/index.php\/wp-json\/wp\/v2\/comments?post=4288"}],"version-history":[{"count":2,"href":"https:\/\/www.epen.gov.ar\/index.php\/wp-json\/wp\/v2\/posts\/4288\/revisions"}],"predecessor-version":[{"id":4291,"href":"https:\/\/www.epen.gov.ar\/index.php\/wp-json\/wp\/v2\/posts\/4288\/revisions\/4291"}],"wp:featuredmedia":[{"embeddable":true,"href":"https:\/\/www.epen.gov.ar\/index.php\/wp-json\/wp\/v2\/media\/4289"}],"wp:attachment":[{"href":"https:\/\/www.epen.gov.ar\/index.php\/wp-json\/wp\/v2\/media?parent=4288"}],"wp:term":[{"taxonomy":"category","embeddable":true,"href":"https:\/\/www.epen.gov.ar\/index.php\/wp-json\/wp\/v2\/categories?post=4288"},{"taxonomy":"post_tag","embeddable":true,"href":"https:\/\/www.epen.gov.ar\/index.php\/wp-json\/wp\/v2\/tags?post=4288"}],"curies":[{"name":"wp","href":"https:\/\/api.w.org\/{rel}","templated":true}]}}