{"id":4212,"date":"2019-07-27T21:56:22","date_gmt":"2019-07-28T00:56:22","guid":{"rendered":"http:\/\/192.168.200.48\/?p=4212"},"modified":"2019-07-29T09:14:00","modified_gmt":"2019-07-29T12:14:00","slug":"fallecimiento-de-nuestro-companero-involucrado-en-el-siniestro-vial-de-siete-lagos","status":"publish","type":"post","link":"https:\/\/www.epen.gov.ar\/index.php\/2019\/07\/27\/fallecimiento-de-nuestro-companero-involucrado-en-el-siniestro-vial-de-siete-lagos\/","title":{"rendered":"Falleci\u00f3 nuestro compa\u00f1ero, involucrado en el siniestro vial de Siete Lagos"},"content":{"rendered":"<div class=\"fusion-fullwidth fullwidth-box fusion-builder-row-1 nonhundred-percent-fullwidth non-hundred-percent-height-scrolling\" style=\"--awb-border-radius-top-left:0px;--awb-border-radius-top-right:0px;--awb-border-radius-bottom-right:0px;--awb-border-radius-bottom-left:0px;--awb-flex-wrap:wrap;\" ><div class=\"fusion-builder-row fusion-row\"><div class=\"fusion-layout-column fusion_builder_column fusion-builder-column-0 fusion_builder_column_2_3 2_3 fusion-two-third fusion-column-first\" style=\"--awb-bg-size:cover;width:66.666666666667%;width:calc(66.666666666667% - ( ( 4% ) * 0.66666666666667 ) );margin-right: 4%;\"><div class=\"fusion-column-wrapper fusion-column-has-shadow fusion-flex-column-wrapper-legacy\"><div class=\"fusion-text fusion-text-1\"><p class=\"bajada\" style=\"text-align: justify;\">El Ente Provincial de Energ\u00eda del Neuqu\u00e9n (EPEN) comunica con pesar el fallecimiento del agente y compa\u00f1ero Jos\u00e9 \u201cCacho\u201d Hermosilla, quien esta tarde recib\u00eda atenci\u00f3n en el Hospital Regional Castro Rendon luego de su traslado en vuelo sanitario este mediod\u00eda desde la localidad de San Martin de los Andes. Jos\u00e9 Hermosilla, de 54 a\u00f1os y oriundo de Centenario estaba en estado grave, con 80% de quemaduras en su cuerpo producto del siniestro vial registrado en la Ruta de los 7 Lagos.<br \/>\nEn la tarde de ayer, cuando se produce el accidente, se dirig\u00eda junto a dos agentes tambi\u00e9n del servicio el\u00e9ctrico de Centenario, hacia su lugar de origen, luego de haber participado de las tareas de restablecimiento del servicio que se llevan a cabo en Villa La Angostura, por el temporal de nieve que se registr\u00f3 en la regi\u00f3n. Sus compa\u00f1eros, Adri\u00e1n Pelaez de 37 a\u00f1os y Lucas Sanhueza de 25 a\u00f1os, fueron dados de alta hoy.<\/p>\n<\/div><div class=\"fusion-clearfix\"><\/div><\/div><\/div><div class=\"fusion-layout-column fusion_builder_column fusion-builder-column-1 fusion_builder_column_1_3 1_3 fusion-one-third fusion-column-last\" style=\"--awb-bg-size:cover;width:33.333333333333%;width:calc(33.333333333333% - ( ( 4% ) * 0.33333333333333 ) );\"><div class=\"fusion-column-wrapper fusion-column-has-shadow fusion-flex-column-wrapper-legacy\"><div class=\"fusion-widget-area awb-widget-area-element fusion-widget-area-1 fusion-content-widget-area\" style=\"--awb-title-size:20px;--awb-title-color:#333333;--awb-padding:0px 0px 0px 0px;\"><style type=\"text\/css\" data-id=\"tweets-widget-2\">#tweets-widget-2 li { border-color:#eaeaea;}<\/style><section id=\"tweets-widget-2\" class=\"widget tweets\" style=\"border-style: solid;border-color: #eaeaea;border-color:transparent;border-width:0px;\">\t\t\t\t\n\t\t<div style=\"overflow:hidden\">\n\t\t\t\t\t\t\t\t\t\t\t<a class=\"twitter-timeline\" data-dnt=\"true\" href=\"https:\/\/twitter.com\/@EPEN_Informa\" data-width=\"500\" data-height=\"300\" width=\"500\" height=\"300\" data-theme=\"light\" data-link-color=\"##25a9bd\" data-border-color=\"#eaeaea\" data-chrome=\"\">Tweets por @EPEN_Informa<\/a>\n\t\t\t\t\t\t\t\n\t\t\t\t\t\t\t\t\t\t\t<script async src=\"\/\/platform.twitter.com\/widgets.js\" charset=\"utf-8\"><\/script>\n\t\t\t\t\t\t\t\n\t\t<\/div>\n\t\t<\/section>\n\t\t<section id=\"recent-posts-3\" class=\"widget widget_recent_entries\" style=\"border-style: solid;border-color:transparent;border-width:0px;\">\n\t\t<div class=\"heading\"><h4 class=\"widget-title\">Entradas recientes<\/h4><\/div>\n\t\t<ul>\n\t\t\t\t\t\t\t\t\t\t\t<li>\n\t\t\t\t\t<a href=\"https:\/\/www.epen.gov.ar\/index.php\/2026\/04\/30\/corte-programado-en-sectores-de-rincon-de-los-sauces-el-02-05-2026\/\">Corte Programado en sectores de Rinc\u00f3n de los Sauces el 02\/05\/2026<\/a>\n\t\t\t\t\t\t\t\t\t\t\t<span class=\"post-date\">30\/04\/2026<\/span>\n\t\t\t\t\t\t\t\t\t<\/li>\n\t\t\t\t\t\t\t\t\t\t\t<li>\n\t\t\t\t\t<a href=\"https:\/\/www.epen.gov.ar\/index.php\/2026\/04\/30\/licitacion-publica-n-14-2026-contratacion-de-servicios-de-desarrollo-y-mantenimiento-de-sistemas-informaticos\/\">LICITACI\u00d3N P\u00daBLICA N\u00b0 14\/2026 CONTRATACI\u00d3N DE SERVICIOS DE DESARROLLO Y MANTENIMIENTO DE SISTEMAS INFORM\u00c1TICOS<\/a>\n\t\t\t\t\t\t\t\t\t\t\t<span class=\"post-date\">30\/04\/2026<\/span>\n\t\t\t\t\t\t\t\t\t<\/li>\n\t\t\t\t\t\t\t\t\t\t\t<li>\n\t\t\t\t\t<a href=\"https:\/\/www.epen.gov.ar\/index.php\/2026\/04\/29\/corte-programado-en-sectores-de-centenario-el-30-04-2026\/\">Corte Programado en sectores de Centenario el 30\/04\/2026<\/a>\n\t\t\t\t\t\t\t\t\t\t\t<span class=\"post-date\">29\/04\/2026<\/span>\n\t\t\t\t\t\t\t\t\t<\/li>\n\t\t\t\t\t\t\t\t\t\t\t<li>\n\t\t\t\t\t<a href=\"https:\/\/www.epen.gov.ar\/index.php\/2026\/04\/28\/el-epen-impulsa-el-desarrollo-de-varvarco-con-nueva-infraestructura-para-17-lotes\/\">El EPEN impulsa el desarrollo de Varvarco con nueva infraestructura para 17 lotes<\/a>\n\t\t\t\t\t\t\t\t\t\t\t<span class=\"post-date\">28\/04\/2026<\/span>\n\t\t\t\t\t\t\t\t\t<\/li>\n\t\t\t\t\t\t\t\t\t\t\t<li>\n\t\t\t\t\t<a href=\"https:\/\/www.epen.gov.ar\/index.php\/2026\/04\/28\/corte-programado-en-sectores-de-zona-nahueve-el-30-04-2026\/\">Corte Programado en sectores de zona Nahueve el 30\/04\/2026<\/a>\n\t\t\t\t\t\t\t\t\t\t\t<span class=\"post-date\">28\/04\/2026<\/span>\n\t\t\t\t\t\t\t\t\t<\/li>\n\t\t\t\t\t<\/ul>\n\n\t\t<\/section><div class=\"fusion-additional-widget-content\"><\/div><\/div><div class=\"fusion-clearfix\"><\/div><\/div><\/div><\/div><\/div>\n","protected":false},"excerpt":{"rendered":"","protected":false},"author":1,"featured_media":4213,"comment_status":"open","ping_status":"open","sticky":false,"template":"","format":"standard","meta":{"_exactmetrics_skip_tracking":false,"_exactmetrics_sitenote_active":false,"_exactmetrics_sitenote_note":"","_exactmetrics_sitenote_category":0,"footnotes":""},"categories":[84],"tags":[],"class_list":["post-4212","post","type-post","status-publish","format-standard","has-post-thumbnail","hentry","category-noticias"],"yoast_head":"<!-- This site is optimized with the Yoast SEO plugin v27.2 - https:\/\/yoast.com\/product\/yoast-seo-wordpress\/ -->\n<title>EPEN - Falleci\u00f3 nuestro compa\u00f1ero, involucrado en el siniestro vial de Siete Lagos<\/title>\n<meta name=\"description\" content=\"Falleci\u00f3 nuestro compa\u00f1ero, involucrado en el siniestro vial de Siete Lagos Noticias\" \/>\n<meta name=\"robots\" content=\"index, follow, max-snippet:-1, max-image-preview:large, max-video-preview:-1\" \/>\n<link rel=\"canonical\" href=\"https:\/\/www.epen.gov.ar\/index.php\/2019\/07\/27\/fallecimiento-de-nuestro-companero-involucrado-en-el-siniestro-vial-de-siete-lagos\/\" \/>\n<meta property=\"og:locale\" content=\"es_ES\" \/>\n<meta property=\"og:type\" content=\"article\" \/>\n<meta property=\"og:title\" content=\"EPEN - Falleci\u00f3 nuestro compa\u00f1ero, involucrado en el siniestro vial de Siete Lagos\" \/>\n<meta property=\"og:description\" content=\"Falleci\u00f3 nuestro compa\u00f1ero, involucrado en el siniestro vial de Siete Lagos Noticias\" \/>\n<meta property=\"og:url\" content=\"https:\/\/www.epen.gov.ar\/index.php\/2019\/07\/27\/fallecimiento-de-nuestro-companero-involucrado-en-el-siniestro-vial-de-siete-lagos\/\" \/>\n<meta property=\"og:site_name\" content=\"EPEN\" \/>\n<meta property=\"article:publisher\" content=\"https:\/\/www.facebook.com\/EPEN.Neuquen\" \/>\n<meta property=\"article:published_time\" content=\"2019-07-28T00:56:22+00:00\" \/>\n<meta property=\"article:modified_time\" content=\"2019-07-29T12:14:00+00:00\" \/>\n<meta property=\"og:image\" content=\"https:\/\/www.epen.gov.ar\/wp-content\/uploads\/2019\/07\/86AC4952-ADA0-49E4-A594-8D94EC14CF93.jpeg\" \/>\n\t<meta property=\"og:image:width\" content=\"1280\" \/>\n\t<meta property=\"og:image:height\" content=\"639\" \/>\n\t<meta property=\"og:image:type\" content=\"image\/jpeg\" \/>\n<meta name=\"author\" content=\"Prensa EPEN\" \/>\n<meta name=\"twitter:card\" content=\"summary_large_image\" \/>\n<meta name=\"twitter:creator\" content=\"@EPEN_Informa\" \/>\n<meta name=\"twitter:site\" content=\"@EPEN_Informa\" \/>\n<meta name=\"twitter:label1\" content=\"Escrito por\" \/>\n\t<meta name=\"twitter:data1\" content=\"Prensa EPEN\" \/>\n\t<meta name=\"twitter:label2\" content=\"Tiempo de lectura\" \/>\n\t<meta name=\"twitter:data2\" content=\"3 minutos\" \/>\n<script type=\"application\/ld+json\" class=\"yoast-schema-graph\">{\"@context\":\"https:\/\/schema.org\",\"@graph\":[{\"@type\":\"Article\",\"@id\":\"https:\/\/www.epen.gov.ar\/index.php\/2019\/07\/27\/fallecimiento-de-nuestro-companero-involucrado-en-el-siniestro-vial-de-siete-lagos\/#article\",\"isPartOf\":{\"@id\":\"https:\/\/www.epen.gov.ar\/index.php\/2019\/07\/27\/fallecimiento-de-nuestro-companero-involucrado-en-el-siniestro-vial-de-siete-lagos\/\"},\"author\":{\"name\":\"Prensa EPEN\",\"@id\":\"https:\/\/www.epen.gov.ar\/#\/schema\/person\/ce6cff87c2fc01264becc10fa105ad4f\"},\"headline\":\"Falleci\u00f3 nuestro compa\u00f1ero, involucrado en el siniestro vial de Siete Lagos\",\"datePublished\":\"2019-07-28T00:56:22+00:00\",\"dateModified\":\"2019-07-29T12:14:00+00:00\",\"mainEntityOfPage\":{\"@id\":\"https:\/\/www.epen.gov.ar\/index.php\/2019\/07\/27\/fallecimiento-de-nuestro-companero-involucrado-en-el-siniestro-vial-de-siete-lagos\/\"},\"wordCount\":529,\"commentCount\":0,\"publisher\":{\"@id\":\"https:\/\/www.epen.gov.ar\/#organization\"},\"image\":{\"@id\":\"https:\/\/www.epen.gov.ar\/index.php\/2019\/07\/27\/fallecimiento-de-nuestro-companero-involucrado-en-el-siniestro-vial-de-siete-lagos\/#primaryimage\"},\"thumbnailUrl\":\"https:\/\/www.epen.gov.ar\/wp-content\/uploads\/2019\/07\/86AC4952-ADA0-49E4-A594-8D94EC14CF93.jpeg\",\"articleSection\":[\"Noticias\"],\"inLanguage\":\"es\",\"potentialAction\":[{\"@type\":\"CommentAction\",\"name\":\"Comment\",\"target\":[\"https:\/\/www.epen.gov.ar\/index.php\/2019\/07\/27\/fallecimiento-de-nuestro-companero-involucrado-en-el-siniestro-vial-de-siete-lagos\/#respond\"]}]},{\"@type\":\"WebPage\",\"@id\":\"https:\/\/www.epen.gov.ar\/index.php\/2019\/07\/27\/fallecimiento-de-nuestro-companero-involucrado-en-el-siniestro-vial-de-siete-lagos\/\",\"url\":\"https:\/\/www.epen.gov.ar\/index.php\/2019\/07\/27\/fallecimiento-de-nuestro-companero-involucrado-en-el-siniestro-vial-de-siete-lagos\/\",\"name\":\"EPEN - Falleci\u00f3 nuestro compa\u00f1ero, involucrado en el siniestro vial de Siete Lagos\",\"isPartOf\":{\"@id\":\"https:\/\/www.epen.gov.ar\/#website\"},\"primaryImageOfPage\":{\"@id\":\"https:\/\/www.epen.gov.ar\/index.php\/2019\/07\/27\/fallecimiento-de-nuestro-companero-involucrado-en-el-siniestro-vial-de-siete-lagos\/#primaryimage\"},\"image\":{\"@id\":\"https:\/\/www.epen.gov.ar\/index.php\/2019\/07\/27\/fallecimiento-de-nuestro-companero-involucrado-en-el-siniestro-vial-de-siete-lagos\/#primaryimage\"},\"thumbnailUrl\":\"https:\/\/www.epen.gov.ar\/wp-content\/uploads\/2019\/07\/86AC4952-ADA0-49E4-A594-8D94EC14CF93.jpeg\",\"datePublished\":\"2019-07-28T00:56:22+00:00\",\"dateModified\":\"2019-07-29T12:14:00+00:00\",\"description\":\"Falleci\u00f3 nuestro compa\u00f1ero, involucrado en el siniestro vial de Siete Lagos Noticias\",\"breadcrumb\":{\"@id\":\"https:\/\/www.epen.gov.ar\/index.php\/2019\/07\/27\/fallecimiento-de-nuestro-companero-involucrado-en-el-siniestro-vial-de-siete-lagos\/#breadcrumb\"},\"inLanguage\":\"es\",\"potentialAction\":[{\"@type\":\"ReadAction\",\"target\":[\"https:\/\/www.epen.gov.ar\/index.php\/2019\/07\/27\/fallecimiento-de-nuestro-companero-involucrado-en-el-siniestro-vial-de-siete-lagos\/\"]}]},{\"@type\":\"ImageObject\",\"inLanguage\":\"es\",\"@id\":\"https:\/\/www.epen.gov.ar\/index.php\/2019\/07\/27\/fallecimiento-de-nuestro-companero-involucrado-en-el-siniestro-vial-de-siete-lagos\/#primaryimage\",\"url\":\"https:\/\/www.epen.gov.ar\/wp-content\/uploads\/2019\/07\/86AC4952-ADA0-49E4-A594-8D94EC14CF93.jpeg\",\"contentUrl\":\"https:\/\/www.epen.gov.ar\/wp-content\/uploads\/2019\/07\/86AC4952-ADA0-49E4-A594-8D94EC14CF93.jpeg\",\"width\":1280,\"height\":639},{\"@type\":\"BreadcrumbList\",\"@id\":\"https:\/\/www.epen.gov.ar\/index.php\/2019\/07\/27\/fallecimiento-de-nuestro-companero-involucrado-en-el-siniestro-vial-de-siete-lagos\/#breadcrumb\",\"itemListElement\":[{\"@type\":\"ListItem\",\"position\":1,\"name\":\"Inicio\",\"item\":\"https:\/\/www.epen.gov.ar\/\"},{\"@type\":\"ListItem\",\"position\":2,\"name\":\"Falleci\u00f3 nuestro compa\u00f1ero, involucrado en el siniestro vial de Siete Lagos\"}]},{\"@type\":\"WebSite\",\"@id\":\"https:\/\/www.epen.gov.ar\/#website\",\"url\":\"https:\/\/www.epen.gov.ar\/\",\"name\":\"EPEN\",\"description\":\"Ente Provincial de Energ\u00eda del Neuqu\u00e9n\",\"publisher\":{\"@id\":\"https:\/\/www.epen.gov.ar\/#organization\"},\"potentialAction\":[{\"@type\":\"SearchAction\",\"target\":{\"@type\":\"EntryPoint\",\"urlTemplate\":\"https:\/\/www.epen.gov.ar\/?s={search_term_string}\"},\"query-input\":{\"@type\":\"PropertyValueSpecification\",\"valueRequired\":true,\"valueName\":\"search_term_string\"}}],\"inLanguage\":\"es\"},{\"@type\":\"Organization\",\"@id\":\"https:\/\/www.epen.gov.ar\/#organization\",\"name\":\"Ente Provincial de Energ\u00eda del Neuqu\u00e9n\",\"url\":\"https:\/\/www.epen.gov.ar\/\",\"logo\":{\"@type\":\"ImageObject\",\"inLanguage\":\"es\",\"@id\":\"https:\/\/www.epen.gov.ar\/#\/schema\/logo\/image\/\",\"url\":\"https:\/\/www.epen.gov.ar\/wp-content\/uploads\/2024\/02\/Logo-EPEN-2.jpg\",\"contentUrl\":\"https:\/\/www.epen.gov.ar\/wp-content\/uploads\/2024\/02\/Logo-EPEN-2.jpg\",\"width\":696,\"height\":696,\"caption\":\"Ente Provincial de Energ\u00eda del Neuqu\u00e9n\"},\"image\":{\"@id\":\"https:\/\/www.epen.gov.ar\/#\/schema\/logo\/image\/\"},\"sameAs\":[\"https:\/\/www.facebook.com\/EPEN.Neuquen\",\"https:\/\/x.com\/EPEN_Informa\",\"https:\/\/www.youtube.com\/@epenprensa7384\"]},{\"@type\":\"Person\",\"@id\":\"https:\/\/www.epen.gov.ar\/#\/schema\/person\/ce6cff87c2fc01264becc10fa105ad4f\",\"name\":\"Prensa EPEN\",\"image\":{\"@type\":\"ImageObject\",\"inLanguage\":\"es\",\"@id\":\"https:\/\/secure.gravatar.com\/avatar\/f8120b8688012ccf2d7fbcf7a970cfbabf0ab63b09c2dbd72c194bee080070e9?s=96&d=mm&r=g\",\"url\":\"https:\/\/secure.gravatar.com\/avatar\/f8120b8688012ccf2d7fbcf7a970cfbabf0ab63b09c2dbd72c194bee080070e9?s=96&d=mm&r=g\",\"contentUrl\":\"https:\/\/secure.gravatar.com\/avatar\/f8120b8688012ccf2d7fbcf7a970cfbabf0ab63b09c2dbd72c194bee080070e9?s=96&d=mm&r=g\",\"caption\":\"Prensa EPEN\"},\"url\":\"https:\/\/www.epen.gov.ar\/index.php\/author\/admin\/\"}]}<\/script>\n<!-- \/ Yoast SEO plugin. -->","yoast_head_json":{"title":"EPEN - Falleci\u00f3 nuestro compa\u00f1ero, involucrado en el siniestro vial de Siete Lagos","description":"Falleci\u00f3 nuestro compa\u00f1ero, involucrado en el siniestro vial de Siete Lagos Noticias","robots":{"index":"index","follow":"follow","max-snippet":"max-snippet:-1","max-image-preview":"max-image-preview:large","max-video-preview":"max-video-preview:-1"},"canonical":"https:\/\/www.epen.gov.ar\/index.php\/2019\/07\/27\/fallecimiento-de-nuestro-companero-involucrado-en-el-siniestro-vial-de-siete-lagos\/","og_locale":"es_ES","og_type":"article","og_title":"EPEN - Falleci\u00f3 nuestro compa\u00f1ero, involucrado en el siniestro vial de Siete Lagos","og_description":"Falleci\u00f3 nuestro compa\u00f1ero, involucrado en el siniestro vial de Siete Lagos Noticias","og_url":"https:\/\/www.epen.gov.ar\/index.php\/2019\/07\/27\/fallecimiento-de-nuestro-companero-involucrado-en-el-siniestro-vial-de-siete-lagos\/","og_site_name":"EPEN","article_publisher":"https:\/\/www.facebook.com\/EPEN.Neuquen","article_published_time":"2019-07-28T00:56:22+00:00","article_modified_time":"2019-07-29T12:14:00+00:00","og_image":[{"width":1280,"height":639,"url":"https:\/\/www.epen.gov.ar\/wp-content\/uploads\/2019\/07\/86AC4952-ADA0-49E4-A594-8D94EC14CF93.jpeg","type":"image\/jpeg"}],"author":"Prensa EPEN","twitter_card":"summary_large_image","twitter_creator":"@EPEN_Informa","twitter_site":"@EPEN_Informa","twitter_misc":{"Escrito por":"Prensa EPEN","Tiempo de lectura":"3 minutos"},"schema":{"@context":"https:\/\/schema.org","@graph":[{"@type":"Article","@id":"https:\/\/www.epen.gov.ar\/index.php\/2019\/07\/27\/fallecimiento-de-nuestro-companero-involucrado-en-el-siniestro-vial-de-siete-lagos\/#article","isPartOf":{"@id":"https:\/\/www.epen.gov.ar\/index.php\/2019\/07\/27\/fallecimiento-de-nuestro-companero-involucrado-en-el-siniestro-vial-de-siete-lagos\/"},"author":{"name":"Prensa EPEN","@id":"https:\/\/www.epen.gov.ar\/#\/schema\/person\/ce6cff87c2fc01264becc10fa105ad4f"},"headline":"Falleci\u00f3 nuestro compa\u00f1ero, involucrado en el siniestro vial de Siete Lagos","datePublished":"2019-07-28T00:56:22+00:00","dateModified":"2019-07-29T12:14:00+00:00","mainEntityOfPage":{"@id":"https:\/\/www.epen.gov.ar\/index.php\/2019\/07\/27\/fallecimiento-de-nuestro-companero-involucrado-en-el-siniestro-vial-de-siete-lagos\/"},"wordCount":529,"commentCount":0,"publisher":{"@id":"https:\/\/www.epen.gov.ar\/#organization"},"image":{"@id":"https:\/\/www.epen.gov.ar\/index.php\/2019\/07\/27\/fallecimiento-de-nuestro-companero-involucrado-en-el-siniestro-vial-de-siete-lagos\/#primaryimage"},"thumbnailUrl":"https:\/\/www.epen.gov.ar\/wp-content\/uploads\/2019\/07\/86AC4952-ADA0-49E4-A594-8D94EC14CF93.jpeg","articleSection":["Noticias"],"inLanguage":"es","potentialAction":[{"@type":"CommentAction","name":"Comment","target":["https:\/\/www.epen.gov.ar\/index.php\/2019\/07\/27\/fallecimiento-de-nuestro-companero-involucrado-en-el-siniestro-vial-de-siete-lagos\/#respond"]}]},{"@type":"WebPage","@id":"https:\/\/www.epen.gov.ar\/index.php\/2019\/07\/27\/fallecimiento-de-nuestro-companero-involucrado-en-el-siniestro-vial-de-siete-lagos\/","url":"https:\/\/www.epen.gov.ar\/index.php\/2019\/07\/27\/fallecimiento-de-nuestro-companero-involucrado-en-el-siniestro-vial-de-siete-lagos\/","name":"EPEN - Falleci\u00f3 nuestro compa\u00f1ero, involucrado en el siniestro vial de Siete Lagos","isPartOf":{"@id":"https:\/\/www.epen.gov.ar\/#website"},"primaryImageOfPage":{"@id":"https:\/\/www.epen.gov.ar\/index.php\/2019\/07\/27\/fallecimiento-de-nuestro-companero-involucrado-en-el-siniestro-vial-de-siete-lagos\/#primaryimage"},"image":{"@id":"https:\/\/www.epen.gov.ar\/index.php\/2019\/07\/27\/fallecimiento-de-nuestro-companero-involucrado-en-el-siniestro-vial-de-siete-lagos\/#primaryimage"},"thumbnailUrl":"https:\/\/www.epen.gov.ar\/wp-content\/uploads\/2019\/07\/86AC4952-ADA0-49E4-A594-8D94EC14CF93.jpeg","datePublished":"2019-07-28T00:56:22+00:00","dateModified":"2019-07-29T12:14:00+00:00","description":"Falleci\u00f3 nuestro compa\u00f1ero, involucrado en el siniestro vial de Siete Lagos Noticias","breadcrumb":{"@id":"https:\/\/www.epen.gov.ar\/index.php\/2019\/07\/27\/fallecimiento-de-nuestro-companero-involucrado-en-el-siniestro-vial-de-siete-lagos\/#breadcrumb"},"inLanguage":"es","potentialAction":[{"@type":"ReadAction","target":["https:\/\/www.epen.gov.ar\/index.php\/2019\/07\/27\/fallecimiento-de-nuestro-companero-involucrado-en-el-siniestro-vial-de-siete-lagos\/"]}]},{"@type":"ImageObject","inLanguage":"es","@id":"https:\/\/www.epen.gov.ar\/index.php\/2019\/07\/27\/fallecimiento-de-nuestro-companero-involucrado-en-el-siniestro-vial-de-siete-lagos\/#primaryimage","url":"https:\/\/www.epen.gov.ar\/wp-content\/uploads\/2019\/07\/86AC4952-ADA0-49E4-A594-8D94EC14CF93.jpeg","contentUrl":"https:\/\/www.epen.gov.ar\/wp-content\/uploads\/2019\/07\/86AC4952-ADA0-49E4-A594-8D94EC14CF93.jpeg","width":1280,"height":639},{"@type":"BreadcrumbList","@id":"https:\/\/www.epen.gov.ar\/index.php\/2019\/07\/27\/fallecimiento-de-nuestro-companero-involucrado-en-el-siniestro-vial-de-siete-lagos\/#breadcrumb","itemListElement":[{"@type":"ListItem","position":1,"name":"Inicio","item":"https:\/\/www.epen.gov.ar\/"},{"@type":"ListItem","position":2,"name":"Falleci\u00f3 nuestro compa\u00f1ero, involucrado en el siniestro vial de Siete Lagos"}]},{"@type":"WebSite","@id":"https:\/\/www.epen.gov.ar\/#website","url":"https:\/\/www.epen.gov.ar\/","name":"EPEN","description":"Ente Provincial de Energ\u00eda del Neuqu\u00e9n","publisher":{"@id":"https:\/\/www.epen.gov.ar\/#organization"},"potentialAction":[{"@type":"SearchAction","target":{"@type":"EntryPoint","urlTemplate":"https:\/\/www.epen.gov.ar\/?s={search_term_string}"},"query-input":{"@type":"PropertyValueSpecification","valueRequired":true,"valueName":"search_term_string"}}],"inLanguage":"es"},{"@type":"Organization","@id":"https:\/\/www.epen.gov.ar\/#organization","name":"Ente Provincial de Energ\u00eda del Neuqu\u00e9n","url":"https:\/\/www.epen.gov.ar\/","logo":{"@type":"ImageObject","inLanguage":"es","@id":"https:\/\/www.epen.gov.ar\/#\/schema\/logo\/image\/","url":"https:\/\/www.epen.gov.ar\/wp-content\/uploads\/2024\/02\/Logo-EPEN-2.jpg","contentUrl":"https:\/\/www.epen.gov.ar\/wp-content\/uploads\/2024\/02\/Logo-EPEN-2.jpg","width":696,"height":696,"caption":"Ente Provincial de Energ\u00eda del Neuqu\u00e9n"},"image":{"@id":"https:\/\/www.epen.gov.ar\/#\/schema\/logo\/image\/"},"sameAs":["https:\/\/www.facebook.com\/EPEN.Neuquen","https:\/\/x.com\/EPEN_Informa","https:\/\/www.youtube.com\/@epenprensa7384"]},{"@type":"Person","@id":"https:\/\/www.epen.gov.ar\/#\/schema\/person\/ce6cff87c2fc01264becc10fa105ad4f","name":"Prensa EPEN","image":{"@type":"ImageObject","inLanguage":"es","@id":"https:\/\/secure.gravatar.com\/avatar\/f8120b8688012ccf2d7fbcf7a970cfbabf0ab63b09c2dbd72c194bee080070e9?s=96&d=mm&r=g","url":"https:\/\/secure.gravatar.com\/avatar\/f8120b8688012ccf2d7fbcf7a970cfbabf0ab63b09c2dbd72c194bee080070e9?s=96&d=mm&r=g","contentUrl":"https:\/\/secure.gravatar.com\/avatar\/f8120b8688012ccf2d7fbcf7a970cfbabf0ab63b09c2dbd72c194bee080070e9?s=96&d=mm&r=g","caption":"Prensa EPEN"},"url":"https:\/\/www.epen.gov.ar\/index.php\/author\/admin\/"}]}},"_links":{"self":[{"href":"https:\/\/www.epen.gov.ar\/index.php\/wp-json\/wp\/v2\/posts\/4212","targetHints":{"allow":["GET"]}}],"collection":[{"href":"https:\/\/www.epen.gov.ar\/index.php\/wp-json\/wp\/v2\/posts"}],"about":[{"href":"https:\/\/www.epen.gov.ar\/index.php\/wp-json\/wp\/v2\/types\/post"}],"author":[{"embeddable":true,"href":"https:\/\/www.epen.gov.ar\/index.php\/wp-json\/wp\/v2\/users\/1"}],"replies":[{"embeddable":true,"href":"https:\/\/www.epen.gov.ar\/index.php\/wp-json\/wp\/v2\/comments?post=4212"}],"version-history":[{"count":2,"href":"https:\/\/www.epen.gov.ar\/index.php\/wp-json\/wp\/v2\/posts\/4212\/revisions"}],"predecessor-version":[{"id":4215,"href":"https:\/\/www.epen.gov.ar\/index.php\/wp-json\/wp\/v2\/posts\/4212\/revisions\/4215"}],"wp:featuredmedia":[{"embeddable":true,"href":"https:\/\/www.epen.gov.ar\/index.php\/wp-json\/wp\/v2\/media\/4213"}],"wp:attachment":[{"href":"https:\/\/www.epen.gov.ar\/index.php\/wp-json\/wp\/v2\/media?parent=4212"}],"wp:term":[{"taxonomy":"category","embeddable":true,"href":"https:\/\/www.epen.gov.ar\/index.php\/wp-json\/wp\/v2\/categories?post=4212"},{"taxonomy":"post_tag","embeddable":true,"href":"https:\/\/www.epen.gov.ar\/index.php\/wp-json\/wp\/v2\/tags?post=4212"}],"curies":[{"name":"wp","href":"https:\/\/api.w.org\/{rel}","templated":true}]}}