{"id":41506,"date":"2021-11-06T18:13:51","date_gmt":"2021-11-06T21:13:51","guid":{"rendered":"http:\/\/192.168.200.48\/?p=41506"},"modified":"2021-11-09T14:14:08","modified_gmt":"2021-11-09T17:14:08","slug":"tareas-para-el-corte-programado-en-junin-de-los-andes-y-parte-de-san-martin","status":"publish","type":"post","link":"https:\/\/www.epen.gov.ar\/index.php\/2021\/11\/06\/tareas-para-el-corte-programado-en-junin-de-los-andes-y-parte-de-san-martin\/","title":{"rendered":"Tareas para el corte programado en Jun\u00edn de los Andes y parte de San Mart\u00edn"},"content":{"rendered":"<div class=\"fusion-fullwidth fullwidth-box fusion-builder-row-1 nonhundred-percent-fullwidth non-hundred-percent-height-scrolling\" style=\"--awb-border-radius-top-left:0px;--awb-border-radius-top-right:0px;--awb-border-radius-bottom-right:0px;--awb-border-radius-bottom-left:0px;--awb-flex-wrap:wrap;\" ><div class=\"fusion-builder-row fusion-row\"><div class=\"fusion-layout-column fusion_builder_column fusion-builder-column-0 fusion_builder_column_2_3 2_3 fusion-two-third fusion-column-first\" style=\"--awb-bg-size:cover;width:66.666666666667%;width:calc(66.666666666667% - ( ( 4% ) * 0.66666666666667 ) );margin-right: 4%;\"><div class=\"fusion-column-wrapper fusion-column-has-shadow fusion-flex-column-wrapper-legacy\"><div class=\"fusion-text fusion-text-1\" style=\"--awb-text-transform:none;\"><p class=\"bajada\"><em><strong>Este domingo de 8 a 14 se interrumpir\u00e1 el suministro de energ\u00eda para vincular un tramo de l\u00ednea como parte de las obras de electrificaci\u00f3n rural. Las tareas previas se desarrollan con varios equipos de trabajo.<\/strong><\/em><\/p>\n<p class=\"bajada\">El Ente Provincial de Energ\u00eda del Neuqu\u00e9n (EPEN) dependiente de la Secretar\u00eda General y Servicios P\u00fablicos informa que se desarrollan con normalidad las tareas necesarias previas al corte de energ\u00eda previsto por las obras de electrificaci\u00f3n rural que se realizan en la zona del sur provincial. El corte ser\u00e1 ma\u00f1ana domingo de 8 a 14.<\/p>\n<p class=\"bajada\">De acuerdo a lo informado por la Gerencia de obras del EPEN, durante la jornada del s\u00e1bado se ejecutan tareas previas al corte en la Estaci\u00f3n Pio Protto. En esta oportunidad, adem\u00e1s del acoplamiento f\u00edsico -no el\u00e9ctrico- de los nuevos interruptores, est\u00e1 previsto habilitar varios kil\u00f3metros de la nueva l\u00ednea de media tensi\u00f3n, para liberar las l\u00edneas provisorias que fueron colocadas para desmontar la l\u00ednea existente.<\/p>\n<p class=\"bajada\">Dichas tareas permiten trasladar el equipamiento hacia otro sector de la traza y avanzar con la ejecuci\u00f3n de la obra. Los trabajos forman parte de las obras de electrificaci\u00f3n rural que a trav\u00e9s del programa Prosap se desarrollan en la zona sur, que tiene una inversi\u00f3n total de 18 millones de d\u00f3lares.<\/p>\n<p>El corte del domingo afectar\u00e1 a parte de San Mart\u00edn de los Andes y a toda la localidad de Jun\u00edn de los Andes y parajes aleda\u00f1os durante dicho lapso. En este sentido, se ver\u00e1 afectada la zona centro de San Mart\u00edn de los Andes, desde el lago Lacar al barrio Kumelkayen y desde Trahunco Abajo y Trahunco Arriba hasta el cerro Curruhuinca. Adem\u00e1s, se anunci\u00f3 desde el Servicio local un corte en el mismo horario que afectar\u00e1 sobre Ruta 40 desde Callej\u00f3n de Torres a Corral\u00f3n, Escuela 86, Loteos El Casco, Potrero Alto, La Jauria, Detang y Sepulveda en su totalidad.<\/p>\n<\/div><div class=\"fusion-clearfix\"><\/div><\/div><\/div><div class=\"fusion-layout-column fusion_builder_column fusion-builder-column-1 fusion_builder_column_1_3 1_3 fusion-one-third fusion-column-last\" style=\"--awb-bg-size:cover;width:33.333333333333%;width:calc(33.333333333333% - ( ( 4% ) * 0.33333333333333 ) );\"><div class=\"fusion-column-wrapper fusion-column-has-shadow fusion-flex-column-wrapper-legacy\"><div class=\"fusion-widget-area awb-widget-area-element fusion-widget-area-1 fusion-content-widget-area\" style=\"--awb-title-size:20px;--awb-title-color:#333333;--awb-padding:0px 0px 0px 0px;\"><style type=\"text\/css\" data-id=\"tweets-widget-2\">#tweets-widget-2 li { border-color:#eaeaea;}<\/style><section id=\"tweets-widget-2\" class=\"widget tweets\" style=\"border-style: solid;border-color: #eaeaea;border-color:transparent;border-width:0px;\">\t\t\t\t\n\t\t<div style=\"overflow:hidden\">\n\t\t\t\t\t\t\t\t\t\t\t<a class=\"twitter-timeline\" data-dnt=\"true\" href=\"https:\/\/twitter.com\/@EPEN_Informa\" data-width=\"500\" data-height=\"300\" width=\"500\" height=\"300\" data-theme=\"light\" data-link-color=\"##25a9bd\" data-border-color=\"#eaeaea\" data-chrome=\"\">Tweets por @EPEN_Informa<\/a>\n\t\t\t\t\t\t\t\n\t\t\t\t\t\t\t\t\t\t\t<script async src=\"\/\/platform.twitter.com\/widgets.js\" charset=\"utf-8\"><\/script>\n\t\t\t\t\t\t\t\n\t\t<\/div>\n\t\t<\/section>\n\t\t<section id=\"recent-posts-3\" class=\"widget widget_recent_entries\" style=\"border-style: solid;border-color:transparent;border-width:0px;\">\n\t\t<div class=\"heading\"><h4 class=\"widget-title\">Entradas recientes<\/h4><\/div>\n\t\t<ul>\n\t\t\t\t\t\t\t\t\t\t\t<li>\n\t\t\t\t\t<a href=\"https:\/\/www.epen.gov.ar\/index.php\/2026\/04\/30\/corte-programado-en-sectores-de-rincon-de-los-sauces-el-02-05-2026\/\">Corte Programado en sectores de Rinc\u00f3n de los Sauces el 02\/05\/2026<\/a>\n\t\t\t\t\t\t\t\t\t\t\t<span class=\"post-date\">30\/04\/2026<\/span>\n\t\t\t\t\t\t\t\t\t<\/li>\n\t\t\t\t\t\t\t\t\t\t\t<li>\n\t\t\t\t\t<a href=\"https:\/\/www.epen.gov.ar\/index.php\/2026\/04\/30\/licitacion-publica-n-14-2026-contratacion-de-servicios-de-desarrollo-y-mantenimiento-de-sistemas-informaticos\/\">LICITACI\u00d3N P\u00daBLICA N\u00b0 14\/2026 CONTRATACI\u00d3N DE SERVICIOS DE DESARROLLO Y MANTENIMIENTO DE SISTEMAS INFORM\u00c1TICOS<\/a>\n\t\t\t\t\t\t\t\t\t\t\t<span class=\"post-date\">30\/04\/2026<\/span>\n\t\t\t\t\t\t\t\t\t<\/li>\n\t\t\t\t\t\t\t\t\t\t\t<li>\n\t\t\t\t\t<a href=\"https:\/\/www.epen.gov.ar\/index.php\/2026\/04\/29\/corte-programado-en-sectores-de-centenario-el-30-04-2026\/\">Corte Programado en sectores de Centenario el 30\/04\/2026<\/a>\n\t\t\t\t\t\t\t\t\t\t\t<span class=\"post-date\">29\/04\/2026<\/span>\n\t\t\t\t\t\t\t\t\t<\/li>\n\t\t\t\t\t\t\t\t\t\t\t<li>\n\t\t\t\t\t<a href=\"https:\/\/www.epen.gov.ar\/index.php\/2026\/04\/28\/el-epen-impulsa-el-desarrollo-de-varvarco-con-nueva-infraestructura-para-17-lotes\/\">El EPEN impulsa el desarrollo de Varvarco con nueva infraestructura para 17 lotes<\/a>\n\t\t\t\t\t\t\t\t\t\t\t<span class=\"post-date\">28\/04\/2026<\/span>\n\t\t\t\t\t\t\t\t\t<\/li>\n\t\t\t\t\t\t\t\t\t\t\t<li>\n\t\t\t\t\t<a href=\"https:\/\/www.epen.gov.ar\/index.php\/2026\/04\/28\/corte-programado-en-sectores-de-zona-nahueve-el-30-04-2026\/\">Corte Programado en sectores de zona Nahueve el 30\/04\/2026<\/a>\n\t\t\t\t\t\t\t\t\t\t\t<span class=\"post-date\">28\/04\/2026<\/span>\n\t\t\t\t\t\t\t\t\t<\/li>\n\t\t\t\t\t<\/ul>\n\n\t\t<\/section><div class=\"fusion-additional-widget-content\"><\/div><\/div><div class=\"fusion-clearfix\"><\/div><\/div><\/div><\/div><\/div>\n","protected":false},"excerpt":{"rendered":"","protected":false},"author":1,"featured_media":41519,"comment_status":"closed","ping_status":"closed","sticky":false,"template":"","format":"standard","meta":{"_exactmetrics_skip_tracking":false,"_exactmetrics_sitenote_active":false,"_exactmetrics_sitenote_note":"","_exactmetrics_sitenote_category":0,"footnotes":""},"categories":[84],"tags":[149,175,185,182,147,145],"class_list":["post-41506","post","type-post","status-publish","format-standard","has-post-thumbnail","hentry","category-noticias","tag-corte-programado","tag-epen","tag-junin-de-los-andes","tag-prosap","tag-san-martin-de-los-andes","tag-seguridad-publica"],"yoast_head":"<!-- This site is optimized with the Yoast SEO plugin v27.2 - https:\/\/yoast.com\/product\/yoast-seo-wordpress\/ -->\n<title>EPEN - Tareas para el corte programado en Jun\u00edn de los Andes y parte de San Mart\u00edn<\/title>\n<meta name=\"description\" content=\"Tareas para el corte programado en Jun\u00edn de los Andes y parte de San Mart\u00edn\" \/>\n<meta name=\"robots\" content=\"index, follow, max-snippet:-1, max-image-preview:large, max-video-preview:-1\" \/>\n<link rel=\"canonical\" href=\"https:\/\/www.epen.gov.ar\/index.php\/2021\/11\/06\/tareas-para-el-corte-programado-en-junin-de-los-andes-y-parte-de-san-martin\/\" \/>\n<meta property=\"og:locale\" content=\"es_ES\" \/>\n<meta property=\"og:type\" content=\"article\" \/>\n<meta property=\"og:title\" content=\"EPEN - Tareas para el corte programado en Jun\u00edn de los Andes y parte de San Mart\u00edn\" \/>\n<meta property=\"og:description\" content=\"Tareas para el corte programado en Jun\u00edn de los Andes y parte de San Mart\u00edn\" \/>\n<meta property=\"og:url\" content=\"https:\/\/www.epen.gov.ar\/index.php\/2021\/11\/06\/tareas-para-el-corte-programado-en-junin-de-los-andes-y-parte-de-san-martin\/\" \/>\n<meta property=\"og:site_name\" content=\"EPEN\" \/>\n<meta property=\"article:publisher\" content=\"https:\/\/www.facebook.com\/EPEN.Neuquen\" \/>\n<meta property=\"article:published_time\" content=\"2021-11-06T21:13:51+00:00\" \/>\n<meta property=\"article:modified_time\" content=\"2021-11-09T17:14:08+00:00\" \/>\n<meta property=\"og:image\" content=\"https:\/\/www.epen.gov.ar\/wp-content\/uploads\/2021\/11\/previa-corte-EPEN-Junin-SMA-obras-prosap-1-1-e1636233167687.jpeg\" \/>\n\t<meta property=\"og:image:width\" content=\"900\" \/>\n\t<meta property=\"og:image:height\" content=\"892\" \/>\n\t<meta property=\"og:image:type\" content=\"image\/jpeg\" \/>\n<meta name=\"author\" content=\"Prensa EPEN\" \/>\n<meta name=\"twitter:card\" content=\"summary_large_image\" \/>\n<meta name=\"twitter:creator\" content=\"@EPEN_Informa\" \/>\n<meta name=\"twitter:site\" content=\"@EPEN_Informa\" \/>\n<meta name=\"twitter:label1\" content=\"Escrito por\" \/>\n\t<meta name=\"twitter:data1\" content=\"Prensa EPEN\" \/>\n\t<meta name=\"twitter:label2\" content=\"Tiempo de lectura\" \/>\n\t<meta name=\"twitter:data2\" content=\"4 minutos\" \/>\n<script type=\"application\/ld+json\" class=\"yoast-schema-graph\">{\"@context\":\"https:\/\/schema.org\",\"@graph\":[{\"@type\":\"Article\",\"@id\":\"https:\/\/www.epen.gov.ar\/index.php\/2021\/11\/06\/tareas-para-el-corte-programado-en-junin-de-los-andes-y-parte-de-san-martin\/#article\",\"isPartOf\":{\"@id\":\"https:\/\/www.epen.gov.ar\/index.php\/2021\/11\/06\/tareas-para-el-corte-programado-en-junin-de-los-andes-y-parte-de-san-martin\/\"},\"author\":{\"name\":\"Prensa EPEN\",\"@id\":\"https:\/\/www.epen.gov.ar\/#\/schema\/person\/ce6cff87c2fc01264becc10fa105ad4f\"},\"headline\":\"Tareas para el corte programado en Jun\u00edn de los Andes y parte de San Mart\u00edn\",\"datePublished\":\"2021-11-06T21:13:51+00:00\",\"dateModified\":\"2021-11-09T17:14:08+00:00\",\"mainEntityOfPage\":{\"@id\":\"https:\/\/www.epen.gov.ar\/index.php\/2021\/11\/06\/tareas-para-el-corte-programado-en-junin-de-los-andes-y-parte-de-san-martin\/\"},\"wordCount\":778,\"publisher\":{\"@id\":\"https:\/\/www.epen.gov.ar\/#organization\"},\"image\":{\"@id\":\"https:\/\/www.epen.gov.ar\/index.php\/2021\/11\/06\/tareas-para-el-corte-programado-en-junin-de-los-andes-y-parte-de-san-martin\/#primaryimage\"},\"thumbnailUrl\":\"https:\/\/www.epen.gov.ar\/wp-content\/uploads\/2021\/11\/previa-corte-EPEN-Junin-SMA-obras-prosap-1-1-e1636233167687.jpeg\",\"keywords\":[\"corte programado\",\"EPEN\",\"Jun\u00edn de los Andes\",\"Prosap\",\"San Mart\u00edn de los Andes\",\"Seguridad Publica\"],\"articleSection\":[\"Noticias\"],\"inLanguage\":\"es\"},{\"@type\":\"WebPage\",\"@id\":\"https:\/\/www.epen.gov.ar\/index.php\/2021\/11\/06\/tareas-para-el-corte-programado-en-junin-de-los-andes-y-parte-de-san-martin\/\",\"url\":\"https:\/\/www.epen.gov.ar\/index.php\/2021\/11\/06\/tareas-para-el-corte-programado-en-junin-de-los-andes-y-parte-de-san-martin\/\",\"name\":\"EPEN - Tareas para el corte programado en Jun\u00edn de los Andes y parte de San Mart\u00edn\",\"isPartOf\":{\"@id\":\"https:\/\/www.epen.gov.ar\/#website\"},\"primaryImageOfPage\":{\"@id\":\"https:\/\/www.epen.gov.ar\/index.php\/2021\/11\/06\/tareas-para-el-corte-programado-en-junin-de-los-andes-y-parte-de-san-martin\/#primaryimage\"},\"image\":{\"@id\":\"https:\/\/www.epen.gov.ar\/index.php\/2021\/11\/06\/tareas-para-el-corte-programado-en-junin-de-los-andes-y-parte-de-san-martin\/#primaryimage\"},\"thumbnailUrl\":\"https:\/\/www.epen.gov.ar\/wp-content\/uploads\/2021\/11\/previa-corte-EPEN-Junin-SMA-obras-prosap-1-1-e1636233167687.jpeg\",\"datePublished\":\"2021-11-06T21:13:51+00:00\",\"dateModified\":\"2021-11-09T17:14:08+00:00\",\"description\":\"Tareas para el corte programado en Jun\u00edn de los Andes y parte de San Mart\u00edn\",\"breadcrumb\":{\"@id\":\"https:\/\/www.epen.gov.ar\/index.php\/2021\/11\/06\/tareas-para-el-corte-programado-en-junin-de-los-andes-y-parte-de-san-martin\/#breadcrumb\"},\"inLanguage\":\"es\",\"potentialAction\":[{\"@type\":\"ReadAction\",\"target\":[\"https:\/\/www.epen.gov.ar\/index.php\/2021\/11\/06\/tareas-para-el-corte-programado-en-junin-de-los-andes-y-parte-de-san-martin\/\"]}]},{\"@type\":\"ImageObject\",\"inLanguage\":\"es\",\"@id\":\"https:\/\/www.epen.gov.ar\/index.php\/2021\/11\/06\/tareas-para-el-corte-programado-en-junin-de-los-andes-y-parte-de-san-martin\/#primaryimage\",\"url\":\"https:\/\/www.epen.gov.ar\/wp-content\/uploads\/2021\/11\/previa-corte-EPEN-Junin-SMA-obras-prosap-1-1-e1636233167687.jpeg\",\"contentUrl\":\"https:\/\/www.epen.gov.ar\/wp-content\/uploads\/2021\/11\/previa-corte-EPEN-Junin-SMA-obras-prosap-1-1-e1636233167687.jpeg\",\"width\":900,\"height\":892},{\"@type\":\"BreadcrumbList\",\"@id\":\"https:\/\/www.epen.gov.ar\/index.php\/2021\/11\/06\/tareas-para-el-corte-programado-en-junin-de-los-andes-y-parte-de-san-martin\/#breadcrumb\",\"itemListElement\":[{\"@type\":\"ListItem\",\"position\":1,\"name\":\"Inicio\",\"item\":\"https:\/\/www.epen.gov.ar\/\"},{\"@type\":\"ListItem\",\"position\":2,\"name\":\"Tareas para el corte programado en Jun\u00edn de los Andes y parte de San Mart\u00edn\"}]},{\"@type\":\"WebSite\",\"@id\":\"https:\/\/www.epen.gov.ar\/#website\",\"url\":\"https:\/\/www.epen.gov.ar\/\",\"name\":\"EPEN\",\"description\":\"Ente Provincial de Energ\u00eda del Neuqu\u00e9n\",\"publisher\":{\"@id\":\"https:\/\/www.epen.gov.ar\/#organization\"},\"potentialAction\":[{\"@type\":\"SearchAction\",\"target\":{\"@type\":\"EntryPoint\",\"urlTemplate\":\"https:\/\/www.epen.gov.ar\/?s={search_term_string}\"},\"query-input\":{\"@type\":\"PropertyValueSpecification\",\"valueRequired\":true,\"valueName\":\"search_term_string\"}}],\"inLanguage\":\"es\"},{\"@type\":\"Organization\",\"@id\":\"https:\/\/www.epen.gov.ar\/#organization\",\"name\":\"Ente Provincial de Energ\u00eda del Neuqu\u00e9n\",\"url\":\"https:\/\/www.epen.gov.ar\/\",\"logo\":{\"@type\":\"ImageObject\",\"inLanguage\":\"es\",\"@id\":\"https:\/\/www.epen.gov.ar\/#\/schema\/logo\/image\/\",\"url\":\"https:\/\/www.epen.gov.ar\/wp-content\/uploads\/2024\/02\/Logo-EPEN-2.jpg\",\"contentUrl\":\"https:\/\/www.epen.gov.ar\/wp-content\/uploads\/2024\/02\/Logo-EPEN-2.jpg\",\"width\":696,\"height\":696,\"caption\":\"Ente Provincial de Energ\u00eda del Neuqu\u00e9n\"},\"image\":{\"@id\":\"https:\/\/www.epen.gov.ar\/#\/schema\/logo\/image\/\"},\"sameAs\":[\"https:\/\/www.facebook.com\/EPEN.Neuquen\",\"https:\/\/x.com\/EPEN_Informa\",\"https:\/\/www.youtube.com\/@epenprensa7384\"]},{\"@type\":\"Person\",\"@id\":\"https:\/\/www.epen.gov.ar\/#\/schema\/person\/ce6cff87c2fc01264becc10fa105ad4f\",\"name\":\"Prensa EPEN\",\"image\":{\"@type\":\"ImageObject\",\"inLanguage\":\"es\",\"@id\":\"https:\/\/secure.gravatar.com\/avatar\/f8120b8688012ccf2d7fbcf7a970cfbabf0ab63b09c2dbd72c194bee080070e9?s=96&d=mm&r=g\",\"url\":\"https:\/\/secure.gravatar.com\/avatar\/f8120b8688012ccf2d7fbcf7a970cfbabf0ab63b09c2dbd72c194bee080070e9?s=96&d=mm&r=g\",\"contentUrl\":\"https:\/\/secure.gravatar.com\/avatar\/f8120b8688012ccf2d7fbcf7a970cfbabf0ab63b09c2dbd72c194bee080070e9?s=96&d=mm&r=g\",\"caption\":\"Prensa EPEN\"},\"url\":\"https:\/\/www.epen.gov.ar\/index.php\/author\/admin\/\"}]}<\/script>\n<!-- \/ Yoast SEO plugin. -->","yoast_head_json":{"title":"EPEN - Tareas para el corte programado en Jun\u00edn de los Andes y parte de San Mart\u00edn","description":"Tareas para el corte programado en Jun\u00edn de los Andes y parte de San Mart\u00edn","robots":{"index":"index","follow":"follow","max-snippet":"max-snippet:-1","max-image-preview":"max-image-preview:large","max-video-preview":"max-video-preview:-1"},"canonical":"https:\/\/www.epen.gov.ar\/index.php\/2021\/11\/06\/tareas-para-el-corte-programado-en-junin-de-los-andes-y-parte-de-san-martin\/","og_locale":"es_ES","og_type":"article","og_title":"EPEN - Tareas para el corte programado en Jun\u00edn de los Andes y parte de San Mart\u00edn","og_description":"Tareas para el corte programado en Jun\u00edn de los Andes y parte de San Mart\u00edn","og_url":"https:\/\/www.epen.gov.ar\/index.php\/2021\/11\/06\/tareas-para-el-corte-programado-en-junin-de-los-andes-y-parte-de-san-martin\/","og_site_name":"EPEN","article_publisher":"https:\/\/www.facebook.com\/EPEN.Neuquen","article_published_time":"2021-11-06T21:13:51+00:00","article_modified_time":"2021-11-09T17:14:08+00:00","og_image":[{"width":900,"height":892,"url":"https:\/\/www.epen.gov.ar\/wp-content\/uploads\/2021\/11\/previa-corte-EPEN-Junin-SMA-obras-prosap-1-1-e1636233167687.jpeg","type":"image\/jpeg"}],"author":"Prensa EPEN","twitter_card":"summary_large_image","twitter_creator":"@EPEN_Informa","twitter_site":"@EPEN_Informa","twitter_misc":{"Escrito por":"Prensa EPEN","Tiempo de lectura":"4 minutos"},"schema":{"@context":"https:\/\/schema.org","@graph":[{"@type":"Article","@id":"https:\/\/www.epen.gov.ar\/index.php\/2021\/11\/06\/tareas-para-el-corte-programado-en-junin-de-los-andes-y-parte-de-san-martin\/#article","isPartOf":{"@id":"https:\/\/www.epen.gov.ar\/index.php\/2021\/11\/06\/tareas-para-el-corte-programado-en-junin-de-los-andes-y-parte-de-san-martin\/"},"author":{"name":"Prensa EPEN","@id":"https:\/\/www.epen.gov.ar\/#\/schema\/person\/ce6cff87c2fc01264becc10fa105ad4f"},"headline":"Tareas para el corte programado en Jun\u00edn de los Andes y parte de San Mart\u00edn","datePublished":"2021-11-06T21:13:51+00:00","dateModified":"2021-11-09T17:14:08+00:00","mainEntityOfPage":{"@id":"https:\/\/www.epen.gov.ar\/index.php\/2021\/11\/06\/tareas-para-el-corte-programado-en-junin-de-los-andes-y-parte-de-san-martin\/"},"wordCount":778,"publisher":{"@id":"https:\/\/www.epen.gov.ar\/#organization"},"image":{"@id":"https:\/\/www.epen.gov.ar\/index.php\/2021\/11\/06\/tareas-para-el-corte-programado-en-junin-de-los-andes-y-parte-de-san-martin\/#primaryimage"},"thumbnailUrl":"https:\/\/www.epen.gov.ar\/wp-content\/uploads\/2021\/11\/previa-corte-EPEN-Junin-SMA-obras-prosap-1-1-e1636233167687.jpeg","keywords":["corte programado","EPEN","Jun\u00edn de los Andes","Prosap","San Mart\u00edn de los Andes","Seguridad Publica"],"articleSection":["Noticias"],"inLanguage":"es"},{"@type":"WebPage","@id":"https:\/\/www.epen.gov.ar\/index.php\/2021\/11\/06\/tareas-para-el-corte-programado-en-junin-de-los-andes-y-parte-de-san-martin\/","url":"https:\/\/www.epen.gov.ar\/index.php\/2021\/11\/06\/tareas-para-el-corte-programado-en-junin-de-los-andes-y-parte-de-san-martin\/","name":"EPEN - Tareas para el corte programado en Jun\u00edn de los Andes y parte de San Mart\u00edn","isPartOf":{"@id":"https:\/\/www.epen.gov.ar\/#website"},"primaryImageOfPage":{"@id":"https:\/\/www.epen.gov.ar\/index.php\/2021\/11\/06\/tareas-para-el-corte-programado-en-junin-de-los-andes-y-parte-de-san-martin\/#primaryimage"},"image":{"@id":"https:\/\/www.epen.gov.ar\/index.php\/2021\/11\/06\/tareas-para-el-corte-programado-en-junin-de-los-andes-y-parte-de-san-martin\/#primaryimage"},"thumbnailUrl":"https:\/\/www.epen.gov.ar\/wp-content\/uploads\/2021\/11\/previa-corte-EPEN-Junin-SMA-obras-prosap-1-1-e1636233167687.jpeg","datePublished":"2021-11-06T21:13:51+00:00","dateModified":"2021-11-09T17:14:08+00:00","description":"Tareas para el corte programado en Jun\u00edn de los Andes y parte de San Mart\u00edn","breadcrumb":{"@id":"https:\/\/www.epen.gov.ar\/index.php\/2021\/11\/06\/tareas-para-el-corte-programado-en-junin-de-los-andes-y-parte-de-san-martin\/#breadcrumb"},"inLanguage":"es","potentialAction":[{"@type":"ReadAction","target":["https:\/\/www.epen.gov.ar\/index.php\/2021\/11\/06\/tareas-para-el-corte-programado-en-junin-de-los-andes-y-parte-de-san-martin\/"]}]},{"@type":"ImageObject","inLanguage":"es","@id":"https:\/\/www.epen.gov.ar\/index.php\/2021\/11\/06\/tareas-para-el-corte-programado-en-junin-de-los-andes-y-parte-de-san-martin\/#primaryimage","url":"https:\/\/www.epen.gov.ar\/wp-content\/uploads\/2021\/11\/previa-corte-EPEN-Junin-SMA-obras-prosap-1-1-e1636233167687.jpeg","contentUrl":"https:\/\/www.epen.gov.ar\/wp-content\/uploads\/2021\/11\/previa-corte-EPEN-Junin-SMA-obras-prosap-1-1-e1636233167687.jpeg","width":900,"height":892},{"@type":"BreadcrumbList","@id":"https:\/\/www.epen.gov.ar\/index.php\/2021\/11\/06\/tareas-para-el-corte-programado-en-junin-de-los-andes-y-parte-de-san-martin\/#breadcrumb","itemListElement":[{"@type":"ListItem","position":1,"name":"Inicio","item":"https:\/\/www.epen.gov.ar\/"},{"@type":"ListItem","position":2,"name":"Tareas para el corte programado en Jun\u00edn de los Andes y parte de San Mart\u00edn"}]},{"@type":"WebSite","@id":"https:\/\/www.epen.gov.ar\/#website","url":"https:\/\/www.epen.gov.ar\/","name":"EPEN","description":"Ente Provincial de Energ\u00eda del Neuqu\u00e9n","publisher":{"@id":"https:\/\/www.epen.gov.ar\/#organization"},"potentialAction":[{"@type":"SearchAction","target":{"@type":"EntryPoint","urlTemplate":"https:\/\/www.epen.gov.ar\/?s={search_term_string}"},"query-input":{"@type":"PropertyValueSpecification","valueRequired":true,"valueName":"search_term_string"}}],"inLanguage":"es"},{"@type":"Organization","@id":"https:\/\/www.epen.gov.ar\/#organization","name":"Ente Provincial de Energ\u00eda del Neuqu\u00e9n","url":"https:\/\/www.epen.gov.ar\/","logo":{"@type":"ImageObject","inLanguage":"es","@id":"https:\/\/www.epen.gov.ar\/#\/schema\/logo\/image\/","url":"https:\/\/www.epen.gov.ar\/wp-content\/uploads\/2024\/02\/Logo-EPEN-2.jpg","contentUrl":"https:\/\/www.epen.gov.ar\/wp-content\/uploads\/2024\/02\/Logo-EPEN-2.jpg","width":696,"height":696,"caption":"Ente Provincial de Energ\u00eda del Neuqu\u00e9n"},"image":{"@id":"https:\/\/www.epen.gov.ar\/#\/schema\/logo\/image\/"},"sameAs":["https:\/\/www.facebook.com\/EPEN.Neuquen","https:\/\/x.com\/EPEN_Informa","https:\/\/www.youtube.com\/@epenprensa7384"]},{"@type":"Person","@id":"https:\/\/www.epen.gov.ar\/#\/schema\/person\/ce6cff87c2fc01264becc10fa105ad4f","name":"Prensa EPEN","image":{"@type":"ImageObject","inLanguage":"es","@id":"https:\/\/secure.gravatar.com\/avatar\/f8120b8688012ccf2d7fbcf7a970cfbabf0ab63b09c2dbd72c194bee080070e9?s=96&d=mm&r=g","url":"https:\/\/secure.gravatar.com\/avatar\/f8120b8688012ccf2d7fbcf7a970cfbabf0ab63b09c2dbd72c194bee080070e9?s=96&d=mm&r=g","contentUrl":"https:\/\/secure.gravatar.com\/avatar\/f8120b8688012ccf2d7fbcf7a970cfbabf0ab63b09c2dbd72c194bee080070e9?s=96&d=mm&r=g","caption":"Prensa EPEN"},"url":"https:\/\/www.epen.gov.ar\/index.php\/author\/admin\/"}]}},"_links":{"self":[{"href":"https:\/\/www.epen.gov.ar\/index.php\/wp-json\/wp\/v2\/posts\/41506","targetHints":{"allow":["GET"]}}],"collection":[{"href":"https:\/\/www.epen.gov.ar\/index.php\/wp-json\/wp\/v2\/posts"}],"about":[{"href":"https:\/\/www.epen.gov.ar\/index.php\/wp-json\/wp\/v2\/types\/post"}],"author":[{"embeddable":true,"href":"https:\/\/www.epen.gov.ar\/index.php\/wp-json\/wp\/v2\/users\/1"}],"replies":[{"embeddable":true,"href":"https:\/\/www.epen.gov.ar\/index.php\/wp-json\/wp\/v2\/comments?post=41506"}],"version-history":[{"count":3,"href":"https:\/\/www.epen.gov.ar\/index.php\/wp-json\/wp\/v2\/posts\/41506\/revisions"}],"predecessor-version":[{"id":70418,"href":"https:\/\/www.epen.gov.ar\/index.php\/wp-json\/wp\/v2\/posts\/41506\/revisions\/70418"}],"wp:featuredmedia":[{"embeddable":true,"href":"https:\/\/www.epen.gov.ar\/index.php\/wp-json\/wp\/v2\/media\/41519"}],"wp:attachment":[{"href":"https:\/\/www.epen.gov.ar\/index.php\/wp-json\/wp\/v2\/media?parent=41506"}],"wp:term":[{"taxonomy":"category","embeddable":true,"href":"https:\/\/www.epen.gov.ar\/index.php\/wp-json\/wp\/v2\/categories?post=41506"},{"taxonomy":"post_tag","embeddable":true,"href":"https:\/\/www.epen.gov.ar\/index.php\/wp-json\/wp\/v2\/tags?post=41506"}],"curies":[{"name":"wp","href":"https:\/\/api.w.org\/{rel}","templated":true}]}}