{"id":41177,"date":"2021-11-02T16:33:42","date_gmt":"2021-11-02T19:33:42","guid":{"rendered":"http:\/\/192.168.200.48\/?p=41177"},"modified":"2021-11-09T14:11:13","modified_gmt":"2021-11-09T17:11:13","slug":"corte-de-energia-programado-en-la-zona-oeste-por-tareas-de-mantenimiento","status":"publish","type":"post","link":"https:\/\/www.epen.gov.ar\/index.php\/2021\/11\/02\/corte-de-energia-programado-en-la-zona-oeste-por-tareas-de-mantenimiento\/","title":{"rendered":"Corte de energ\u00eda programado en la zona oeste por tareas de mantenimiento"},"content":{"rendered":"<div class=\"fusion-fullwidth fullwidth-box fusion-builder-row-1 nonhundred-percent-fullwidth non-hundred-percent-height-scrolling\" style=\"--awb-border-radius-top-left:0px;--awb-border-radius-top-right:0px;--awb-border-radius-bottom-right:0px;--awb-border-radius-bottom-left:0px;--awb-flex-wrap:wrap;\" ><div class=\"fusion-builder-row fusion-row\"><div class=\"fusion-layout-column fusion_builder_column fusion-builder-column-0 fusion_builder_column_2_3 2_3 fusion-two-third fusion-column-first\" style=\"--awb-bg-size:cover;width:66.666666666667%;width:calc(66.666666666667% - ( ( 4% ) * 0.66666666666667 ) );margin-right: 4%;\"><div class=\"fusion-column-wrapper fusion-column-has-shadow fusion-flex-column-wrapper-legacy\"><div class=\"fusion-text fusion-text-1\" style=\"--awb-text-transform:none;\"><p><strong><em>Ser\u00e1 el domingo 7 de noviembre entre las 6 y las 12, para realizar tareas de mantenimiento sobre la\u00a0 l\u00ednea de alta tensi\u00f3n que abastece la zona. Afectar\u00e1 a las localidades de Zapala, Mariano Moreno, Villa Puente Pic\u00fan Leuf\u00fa, Bajada del Agrio, Quili Malal, Las Lajas, Loncopu\u00e9, Caviahue, Copahue, El Huec\u00fa y Alumin\u00e9.<\/em><\/strong><\/p>\n<p>El Ente Provincial de Energ\u00eda del Neuqu\u00e9n (EPEN), dependiente de la secretar\u00eda General y Servicios P\u00fablicos, informa que el\u00a0<strong>domingo 7 de noviembre, entre las 6 y las 12<\/strong>, se llevar\u00e1 a cabo un corte de energ\u00eda programado sobre la l\u00ednea de alta tensi\u00f3n Cutral C\u00f3 \u2013 Zapala y estaciones transformadoras. Las localidades afectadas por la falta de suministro el\u00e9ctrico ser\u00e1n las que son abastecidas mediante dicha l\u00ednea, es decir Zapala, Mariano Moreno y alrededores, Las Lajas, Alumin\u00e9, Loncopu\u00e9, Caviahue, Copahue, El Huec\u00fa, y zonas aleda\u00f1as. Sin embargo, durante el lapso que dure el corte, se activar\u00e1n las reservas aisladas que abastecer\u00e1n de energ\u00eda a Villa Pehuenia, Moquehue, y un sector de Alumin\u00e9, que involucra servicios esenciales. Tambi\u00e9n se har\u00e1 lo propio en El Cholar.<\/p>\n<p>Los trabajos a realizar sobre la l\u00ednea de alta tensi\u00f3n Zapala &#8211; Cutral C\u00f3 ser\u00e1 la colocaci\u00f3n de sistemas anti aves &#8211; con elementos disuasores sobre las m\u00e9nsulas para evitar inconvenientes derivados de la acumulaci\u00f3n de suciedad-\u00a0 cambio de herrajes y aisladores y tareas de poda, entre otras.<\/p>\n<p>Adem\u00e1s, se realizar\u00e1 mantenimiento en la Estaci\u00f3n Transformadora de Zapala y en la de Cutral C\u00f3, aunque esto no afectar\u00e1 el suministro el\u00e9ctrico hacia esta \u00faltima localidad, ya que previamente se llev\u00f3 adelante un montaje previo por parte de personal propio, que realiz\u00f3 trabajos con tensi\u00f3n sin necesidad de sacar de servicio las instalaciones.<\/p>\n<p>El montaje del nuevo equipamiento y los trabajos de mantenimiento tienen como objetivo\u00a0mejorar la prestaci\u00f3n del servicio a toda la zona del oeste provincial.<\/p>\n<p>Se solicita a los usuarios\u00a0\u00a0tomar los recaudos necesarios a fin de evitar los inconvenientes que la falta de energ\u00eda pudiese ocasionar.<\/p>\n<\/div><div class=\"fusion-clearfix\"><\/div><\/div><\/div><div class=\"fusion-layout-column fusion_builder_column fusion-builder-column-1 fusion_builder_column_1_3 1_3 fusion-one-third fusion-column-last\" style=\"--awb-bg-size:cover;width:33.333333333333%;width:calc(33.333333333333% - ( ( 4% ) * 0.33333333333333 ) );\"><div class=\"fusion-column-wrapper fusion-column-has-shadow fusion-flex-column-wrapper-legacy\"><div class=\"fusion-widget-area awb-widget-area-element fusion-widget-area-1 fusion-content-widget-area\" style=\"--awb-title-size:20px;--awb-title-color:#333333;--awb-padding:0px 0px 0px 0px;\"><style type=\"text\/css\" data-id=\"tweets-widget-2\">#tweets-widget-2 li { border-color:#eaeaea;}<\/style><section id=\"tweets-widget-2\" class=\"widget tweets\" style=\"border-style: solid;border-color: #eaeaea;border-color:transparent;border-width:0px;\">\t\t\t\t\n\t\t<div style=\"overflow:hidden\">\n\t\t\t\t\t\t\t\t\t\t\t<a class=\"twitter-timeline\" data-dnt=\"true\" href=\"https:\/\/twitter.com\/@EPEN_Informa\" data-width=\"500\" data-height=\"300\" width=\"500\" height=\"300\" data-theme=\"light\" data-link-color=\"##25a9bd\" data-border-color=\"#eaeaea\" data-chrome=\"\">Tweets por @EPEN_Informa<\/a>\n\t\t\t\t\t\t\t\n\t\t\t\t\t\t\t\t\t\t\t<script async src=\"\/\/platform.twitter.com\/widgets.js\" charset=\"utf-8\"><\/script>\n\t\t\t\t\t\t\t\n\t\t<\/div>\n\t\t<\/section>\n\t\t<section id=\"recent-posts-3\" class=\"widget widget_recent_entries\" style=\"border-style: solid;border-color:transparent;border-width:0px;\">\n\t\t<div class=\"heading\"><h4 class=\"widget-title\">Entradas recientes<\/h4><\/div>\n\t\t<ul>\n\t\t\t\t\t\t\t\t\t\t\t<li>\n\t\t\t\t\t<a href=\"https:\/\/www.epen.gov.ar\/index.php\/2026\/04\/28\/el-epen-impulsa-el-desarrollo-de-varvarco-con-nueva-infraestructura-para-17-lotes\/\">El EPEN impulsa el desarrollo de Varvarco con nueva infraestructura para 17 lotes<\/a>\n\t\t\t\t\t\t\t\t\t\t\t<span class=\"post-date\">28\/04\/2026<\/span>\n\t\t\t\t\t\t\t\t\t<\/li>\n\t\t\t\t\t\t\t\t\t\t\t<li>\n\t\t\t\t\t<a href=\"https:\/\/www.epen.gov.ar\/index.php\/2026\/04\/28\/corte-programado-en-sectores-de-zona-nahueve-el-30-04-2026\/\">Corte Programado en sectores de zona Nahueve el 30\/04\/2026<\/a>\n\t\t\t\t\t\t\t\t\t\t\t<span class=\"post-date\">28\/04\/2026<\/span>\n\t\t\t\t\t\t\t\t\t<\/li>\n\t\t\t\t\t\t\t\t\t\t\t<li>\n\t\t\t\t\t<a href=\"https:\/\/www.epen.gov.ar\/index.php\/2026\/04\/24\/corte-programado-en-sectores-de-san-martin-de-los-andes-el-25-04-2026\/\">Corte Programado en sectores de San Mart\u00edn de los Andes el 25\/04\/2026<\/a>\n\t\t\t\t\t\t\t\t\t\t\t<span class=\"post-date\">24\/04\/2026<\/span>\n\t\t\t\t\t\t\t\t\t<\/li>\n\t\t\t\t\t\t\t\t\t\t\t<li>\n\t\t\t\t\t<a href=\"https:\/\/www.epen.gov.ar\/index.php\/2026\/04\/24\/corte-programado-en-sectores-de-centenario-el-25-04-2026\/\">Corte Programado en sectores de Centenario el 25\/04\/2026<\/a>\n\t\t\t\t\t\t\t\t\t\t\t<span class=\"post-date\">24\/04\/2026<\/span>\n\t\t\t\t\t\t\t\t\t<\/li>\n\t\t\t\t\t\t\t\t\t\t\t<li>\n\t\t\t\t\t<a href=\"https:\/\/www.epen.gov.ar\/index.php\/2026\/04\/24\/corte-programado-en-sectores-de-loncopue-y-el-huecu-el-29-y-30-04-2026\/\">Cortes Programados en Loncopu\u00e9, El Huec\u00fa y zona rural de Caviahue y El Cholar el 29 y 30\/04\/2026<\/a>\n\t\t\t\t\t\t\t\t\t\t\t<span class=\"post-date\">24\/04\/2026<\/span>\n\t\t\t\t\t\t\t\t\t<\/li>\n\t\t\t\t\t<\/ul>\n\n\t\t<\/section><div class=\"fusion-additional-widget-content\"><\/div><\/div><div class=\"fusion-clearfix\"><\/div><\/div><\/div><\/div><\/div>\n","protected":false},"excerpt":{"rendered":"","protected":false},"author":1,"featured_media":41190,"comment_status":"closed","ping_status":"closed","sticky":false,"template":"","format":"standard","meta":{"_exactmetrics_skip_tracking":false,"_exactmetrics_sitenote_active":false,"_exactmetrics_sitenote_note":"","_exactmetrics_sitenote_category":0,"footnotes":""},"categories":[84],"tags":[157,312,150,187,149,153,245,146,265,313,145,311,170,310],"class_list":["post-41177","post","type-post","status-publish","format-standard","has-post-thumbnail","hentry","category-noticias","tag-alumine","tag-bajada-del-agrio","tag-caviahue","tag-copahue","tag-corte-programado","tag-el-huecu","tag-las-lajas","tag-loncopue","tag-mariano-moreno","tag-quili-malal","tag-seguridad-publica","tag-villa-puente-picun-leufu","tag-zapala","tag-zona-oeste"],"yoast_head":"<!-- This site is optimized with the Yoast SEO plugin v27.2 - https:\/\/yoast.com\/product\/yoast-seo-wordpress\/ -->\n<title>EPEN - Corte de energ\u00eda programado en la zona oeste por tareas de mantenimiento<\/title>\n<meta name=\"description\" content=\"Corte de energ\u00eda programado en la zona oeste por tareas de mantenimiento\" \/>\n<meta name=\"robots\" content=\"index, follow, max-snippet:-1, max-image-preview:large, max-video-preview:-1\" \/>\n<link rel=\"canonical\" href=\"https:\/\/www.epen.gov.ar\/index.php\/2021\/11\/02\/corte-de-energia-programado-en-la-zona-oeste-por-tareas-de-mantenimiento\/\" \/>\n<meta property=\"og:locale\" content=\"es_ES\" \/>\n<meta property=\"og:type\" content=\"article\" \/>\n<meta property=\"og:title\" content=\"EPEN - Corte de energ\u00eda programado en la zona oeste por tareas de mantenimiento\" \/>\n<meta property=\"og:description\" content=\"Corte de energ\u00eda programado en la zona oeste por tareas de mantenimiento\" \/>\n<meta property=\"og:url\" content=\"https:\/\/www.epen.gov.ar\/index.php\/2021\/11\/02\/corte-de-energia-programado-en-la-zona-oeste-por-tareas-de-mantenimiento\/\" \/>\n<meta property=\"og:site_name\" content=\"EPEN\" \/>\n<meta property=\"article:publisher\" content=\"https:\/\/www.facebook.com\/EPEN.Neuquen\" \/>\n<meta property=\"article:published_time\" content=\"2021-11-02T19:33:42+00:00\" \/>\n<meta property=\"article:modified_time\" content=\"2021-11-09T17:11:13+00:00\" \/>\n<meta property=\"og:image\" content=\"https:\/\/www.epen.gov.ar\/wp-content\/uploads\/2021\/11\/TCT-3-scaled.jpg\" \/>\n\t<meta property=\"og:image:width\" content=\"2560\" \/>\n\t<meta property=\"og:image:height\" content=\"1702\" \/>\n\t<meta property=\"og:image:type\" content=\"image\/jpeg\" \/>\n<meta name=\"author\" content=\"Prensa EPEN\" \/>\n<meta name=\"twitter:card\" content=\"summary_large_image\" \/>\n<meta name=\"twitter:creator\" content=\"@EPEN_Informa\" \/>\n<meta name=\"twitter:site\" content=\"@EPEN_Informa\" \/>\n<meta name=\"twitter:label1\" content=\"Escrito por\" \/>\n\t<meta name=\"twitter:data1\" content=\"Prensa EPEN\" \/>\n\t<meta name=\"twitter:label2\" content=\"Tiempo de lectura\" \/>\n\t<meta name=\"twitter:data2\" content=\"4 minutos\" \/>\n<script type=\"application\/ld+json\" class=\"yoast-schema-graph\">{\"@context\":\"https:\/\/schema.org\",\"@graph\":[{\"@type\":\"Article\",\"@id\":\"https:\/\/www.epen.gov.ar\/index.php\/2021\/11\/02\/corte-de-energia-programado-en-la-zona-oeste-por-tareas-de-mantenimiento\/#article\",\"isPartOf\":{\"@id\":\"https:\/\/www.epen.gov.ar\/index.php\/2021\/11\/02\/corte-de-energia-programado-en-la-zona-oeste-por-tareas-de-mantenimiento\/\"},\"author\":{\"name\":\"Prensa EPEN\",\"@id\":\"https:\/\/www.epen.gov.ar\/#\/schema\/person\/ce6cff87c2fc01264becc10fa105ad4f\"},\"headline\":\"Corte de energ\u00eda programado en la zona oeste por tareas de mantenimiento\",\"datePublished\":\"2021-11-02T19:33:42+00:00\",\"dateModified\":\"2021-11-09T17:11:13+00:00\",\"mainEntityOfPage\":{\"@id\":\"https:\/\/www.epen.gov.ar\/index.php\/2021\/11\/02\/corte-de-energia-programado-en-la-zona-oeste-por-tareas-de-mantenimiento\/\"},\"wordCount\":788,\"publisher\":{\"@id\":\"https:\/\/www.epen.gov.ar\/#organization\"},\"image\":{\"@id\":\"https:\/\/www.epen.gov.ar\/index.php\/2021\/11\/02\/corte-de-energia-programado-en-la-zona-oeste-por-tareas-de-mantenimiento\/#primaryimage\"},\"thumbnailUrl\":\"https:\/\/www.epen.gov.ar\/wp-content\/uploads\/2021\/11\/TCT-3-scaled.jpg\",\"keywords\":[\"Alumine\",\"Bajada del Agrio\",\"Caviahue\",\"Copahue\",\"corte programado\",\"El Huecu\",\"Las Lajas\",\"Loncopu\u00e9\",\"Mariano Moreno\",\"Quili Malal\",\"Seguridad Publica\",\"Villa Puente Pic\u00fan Leuf\u00fa\",\"Zapala\",\"zona oeste\"],\"articleSection\":[\"Noticias\"],\"inLanguage\":\"es\"},{\"@type\":\"WebPage\",\"@id\":\"https:\/\/www.epen.gov.ar\/index.php\/2021\/11\/02\/corte-de-energia-programado-en-la-zona-oeste-por-tareas-de-mantenimiento\/\",\"url\":\"https:\/\/www.epen.gov.ar\/index.php\/2021\/11\/02\/corte-de-energia-programado-en-la-zona-oeste-por-tareas-de-mantenimiento\/\",\"name\":\"EPEN - Corte de energ\u00eda programado en la zona oeste por tareas de mantenimiento\",\"isPartOf\":{\"@id\":\"https:\/\/www.epen.gov.ar\/#website\"},\"primaryImageOfPage\":{\"@id\":\"https:\/\/www.epen.gov.ar\/index.php\/2021\/11\/02\/corte-de-energia-programado-en-la-zona-oeste-por-tareas-de-mantenimiento\/#primaryimage\"},\"image\":{\"@id\":\"https:\/\/www.epen.gov.ar\/index.php\/2021\/11\/02\/corte-de-energia-programado-en-la-zona-oeste-por-tareas-de-mantenimiento\/#primaryimage\"},\"thumbnailUrl\":\"https:\/\/www.epen.gov.ar\/wp-content\/uploads\/2021\/11\/TCT-3-scaled.jpg\",\"datePublished\":\"2021-11-02T19:33:42+00:00\",\"dateModified\":\"2021-11-09T17:11:13+00:00\",\"description\":\"Corte de energ\u00eda programado en la zona oeste por tareas de mantenimiento\",\"breadcrumb\":{\"@id\":\"https:\/\/www.epen.gov.ar\/index.php\/2021\/11\/02\/corte-de-energia-programado-en-la-zona-oeste-por-tareas-de-mantenimiento\/#breadcrumb\"},\"inLanguage\":\"es\",\"potentialAction\":[{\"@type\":\"ReadAction\",\"target\":[\"https:\/\/www.epen.gov.ar\/index.php\/2021\/11\/02\/corte-de-energia-programado-en-la-zona-oeste-por-tareas-de-mantenimiento\/\"]}]},{\"@type\":\"ImageObject\",\"inLanguage\":\"es\",\"@id\":\"https:\/\/www.epen.gov.ar\/index.php\/2021\/11\/02\/corte-de-energia-programado-en-la-zona-oeste-por-tareas-de-mantenimiento\/#primaryimage\",\"url\":\"https:\/\/www.epen.gov.ar\/wp-content\/uploads\/2021\/11\/TCT-3-scaled.jpg\",\"contentUrl\":\"https:\/\/www.epen.gov.ar\/wp-content\/uploads\/2021\/11\/TCT-3-scaled.jpg\",\"width\":2560,\"height\":1702},{\"@type\":\"BreadcrumbList\",\"@id\":\"https:\/\/www.epen.gov.ar\/index.php\/2021\/11\/02\/corte-de-energia-programado-en-la-zona-oeste-por-tareas-de-mantenimiento\/#breadcrumb\",\"itemListElement\":[{\"@type\":\"ListItem\",\"position\":1,\"name\":\"Inicio\",\"item\":\"https:\/\/www.epen.gov.ar\/\"},{\"@type\":\"ListItem\",\"position\":2,\"name\":\"Corte de energ\u00eda programado en la zona oeste por tareas de mantenimiento\"}]},{\"@type\":\"WebSite\",\"@id\":\"https:\/\/www.epen.gov.ar\/#website\",\"url\":\"https:\/\/www.epen.gov.ar\/\",\"name\":\"EPEN\",\"description\":\"Ente Provincial de Energ\u00eda del Neuqu\u00e9n\",\"publisher\":{\"@id\":\"https:\/\/www.epen.gov.ar\/#organization\"},\"potentialAction\":[{\"@type\":\"SearchAction\",\"target\":{\"@type\":\"EntryPoint\",\"urlTemplate\":\"https:\/\/www.epen.gov.ar\/?s={search_term_string}\"},\"query-input\":{\"@type\":\"PropertyValueSpecification\",\"valueRequired\":true,\"valueName\":\"search_term_string\"}}],\"inLanguage\":\"es\"},{\"@type\":\"Organization\",\"@id\":\"https:\/\/www.epen.gov.ar\/#organization\",\"name\":\"Ente Provincial de Energ\u00eda del Neuqu\u00e9n\",\"url\":\"https:\/\/www.epen.gov.ar\/\",\"logo\":{\"@type\":\"ImageObject\",\"inLanguage\":\"es\",\"@id\":\"https:\/\/www.epen.gov.ar\/#\/schema\/logo\/image\/\",\"url\":\"https:\/\/www.epen.gov.ar\/wp-content\/uploads\/2024\/02\/Logo-EPEN-2.jpg\",\"contentUrl\":\"https:\/\/www.epen.gov.ar\/wp-content\/uploads\/2024\/02\/Logo-EPEN-2.jpg\",\"width\":696,\"height\":696,\"caption\":\"Ente Provincial de Energ\u00eda del Neuqu\u00e9n\"},\"image\":{\"@id\":\"https:\/\/www.epen.gov.ar\/#\/schema\/logo\/image\/\"},\"sameAs\":[\"https:\/\/www.facebook.com\/EPEN.Neuquen\",\"https:\/\/x.com\/EPEN_Informa\",\"https:\/\/www.youtube.com\/@epenprensa7384\"]},{\"@type\":\"Person\",\"@id\":\"https:\/\/www.epen.gov.ar\/#\/schema\/person\/ce6cff87c2fc01264becc10fa105ad4f\",\"name\":\"Prensa EPEN\",\"image\":{\"@type\":\"ImageObject\",\"inLanguage\":\"es\",\"@id\":\"https:\/\/secure.gravatar.com\/avatar\/f8120b8688012ccf2d7fbcf7a970cfbabf0ab63b09c2dbd72c194bee080070e9?s=96&d=mm&r=g\",\"url\":\"https:\/\/secure.gravatar.com\/avatar\/f8120b8688012ccf2d7fbcf7a970cfbabf0ab63b09c2dbd72c194bee080070e9?s=96&d=mm&r=g\",\"contentUrl\":\"https:\/\/secure.gravatar.com\/avatar\/f8120b8688012ccf2d7fbcf7a970cfbabf0ab63b09c2dbd72c194bee080070e9?s=96&d=mm&r=g\",\"caption\":\"Prensa EPEN\"},\"url\":\"https:\/\/www.epen.gov.ar\/index.php\/author\/admin\/\"}]}<\/script>\n<!-- \/ Yoast SEO plugin. -->","yoast_head_json":{"title":"EPEN - Corte de energ\u00eda programado en la zona oeste por tareas de mantenimiento","description":"Corte de energ\u00eda programado en la zona oeste por tareas de mantenimiento","robots":{"index":"index","follow":"follow","max-snippet":"max-snippet:-1","max-image-preview":"max-image-preview:large","max-video-preview":"max-video-preview:-1"},"canonical":"https:\/\/www.epen.gov.ar\/index.php\/2021\/11\/02\/corte-de-energia-programado-en-la-zona-oeste-por-tareas-de-mantenimiento\/","og_locale":"es_ES","og_type":"article","og_title":"EPEN - Corte de energ\u00eda programado en la zona oeste por tareas de mantenimiento","og_description":"Corte de energ\u00eda programado en la zona oeste por tareas de mantenimiento","og_url":"https:\/\/www.epen.gov.ar\/index.php\/2021\/11\/02\/corte-de-energia-programado-en-la-zona-oeste-por-tareas-de-mantenimiento\/","og_site_name":"EPEN","article_publisher":"https:\/\/www.facebook.com\/EPEN.Neuquen","article_published_time":"2021-11-02T19:33:42+00:00","article_modified_time":"2021-11-09T17:11:13+00:00","og_image":[{"width":2560,"height":1702,"url":"https:\/\/www.epen.gov.ar\/wp-content\/uploads\/2021\/11\/TCT-3-scaled.jpg","type":"image\/jpeg"}],"author":"Prensa EPEN","twitter_card":"summary_large_image","twitter_creator":"@EPEN_Informa","twitter_site":"@EPEN_Informa","twitter_misc":{"Escrito por":"Prensa EPEN","Tiempo de lectura":"4 minutos"},"schema":{"@context":"https:\/\/schema.org","@graph":[{"@type":"Article","@id":"https:\/\/www.epen.gov.ar\/index.php\/2021\/11\/02\/corte-de-energia-programado-en-la-zona-oeste-por-tareas-de-mantenimiento\/#article","isPartOf":{"@id":"https:\/\/www.epen.gov.ar\/index.php\/2021\/11\/02\/corte-de-energia-programado-en-la-zona-oeste-por-tareas-de-mantenimiento\/"},"author":{"name":"Prensa EPEN","@id":"https:\/\/www.epen.gov.ar\/#\/schema\/person\/ce6cff87c2fc01264becc10fa105ad4f"},"headline":"Corte de energ\u00eda programado en la zona oeste por tareas de mantenimiento","datePublished":"2021-11-02T19:33:42+00:00","dateModified":"2021-11-09T17:11:13+00:00","mainEntityOfPage":{"@id":"https:\/\/www.epen.gov.ar\/index.php\/2021\/11\/02\/corte-de-energia-programado-en-la-zona-oeste-por-tareas-de-mantenimiento\/"},"wordCount":788,"publisher":{"@id":"https:\/\/www.epen.gov.ar\/#organization"},"image":{"@id":"https:\/\/www.epen.gov.ar\/index.php\/2021\/11\/02\/corte-de-energia-programado-en-la-zona-oeste-por-tareas-de-mantenimiento\/#primaryimage"},"thumbnailUrl":"https:\/\/www.epen.gov.ar\/wp-content\/uploads\/2021\/11\/TCT-3-scaled.jpg","keywords":["Alumine","Bajada del Agrio","Caviahue","Copahue","corte programado","El Huecu","Las Lajas","Loncopu\u00e9","Mariano Moreno","Quili Malal","Seguridad Publica","Villa Puente Pic\u00fan Leuf\u00fa","Zapala","zona oeste"],"articleSection":["Noticias"],"inLanguage":"es"},{"@type":"WebPage","@id":"https:\/\/www.epen.gov.ar\/index.php\/2021\/11\/02\/corte-de-energia-programado-en-la-zona-oeste-por-tareas-de-mantenimiento\/","url":"https:\/\/www.epen.gov.ar\/index.php\/2021\/11\/02\/corte-de-energia-programado-en-la-zona-oeste-por-tareas-de-mantenimiento\/","name":"EPEN - Corte de energ\u00eda programado en la zona oeste por tareas de mantenimiento","isPartOf":{"@id":"https:\/\/www.epen.gov.ar\/#website"},"primaryImageOfPage":{"@id":"https:\/\/www.epen.gov.ar\/index.php\/2021\/11\/02\/corte-de-energia-programado-en-la-zona-oeste-por-tareas-de-mantenimiento\/#primaryimage"},"image":{"@id":"https:\/\/www.epen.gov.ar\/index.php\/2021\/11\/02\/corte-de-energia-programado-en-la-zona-oeste-por-tareas-de-mantenimiento\/#primaryimage"},"thumbnailUrl":"https:\/\/www.epen.gov.ar\/wp-content\/uploads\/2021\/11\/TCT-3-scaled.jpg","datePublished":"2021-11-02T19:33:42+00:00","dateModified":"2021-11-09T17:11:13+00:00","description":"Corte de energ\u00eda programado en la zona oeste por tareas de mantenimiento","breadcrumb":{"@id":"https:\/\/www.epen.gov.ar\/index.php\/2021\/11\/02\/corte-de-energia-programado-en-la-zona-oeste-por-tareas-de-mantenimiento\/#breadcrumb"},"inLanguage":"es","potentialAction":[{"@type":"ReadAction","target":["https:\/\/www.epen.gov.ar\/index.php\/2021\/11\/02\/corte-de-energia-programado-en-la-zona-oeste-por-tareas-de-mantenimiento\/"]}]},{"@type":"ImageObject","inLanguage":"es","@id":"https:\/\/www.epen.gov.ar\/index.php\/2021\/11\/02\/corte-de-energia-programado-en-la-zona-oeste-por-tareas-de-mantenimiento\/#primaryimage","url":"https:\/\/www.epen.gov.ar\/wp-content\/uploads\/2021\/11\/TCT-3-scaled.jpg","contentUrl":"https:\/\/www.epen.gov.ar\/wp-content\/uploads\/2021\/11\/TCT-3-scaled.jpg","width":2560,"height":1702},{"@type":"BreadcrumbList","@id":"https:\/\/www.epen.gov.ar\/index.php\/2021\/11\/02\/corte-de-energia-programado-en-la-zona-oeste-por-tareas-de-mantenimiento\/#breadcrumb","itemListElement":[{"@type":"ListItem","position":1,"name":"Inicio","item":"https:\/\/www.epen.gov.ar\/"},{"@type":"ListItem","position":2,"name":"Corte de energ\u00eda programado en la zona oeste por tareas de mantenimiento"}]},{"@type":"WebSite","@id":"https:\/\/www.epen.gov.ar\/#website","url":"https:\/\/www.epen.gov.ar\/","name":"EPEN","description":"Ente Provincial de Energ\u00eda del Neuqu\u00e9n","publisher":{"@id":"https:\/\/www.epen.gov.ar\/#organization"},"potentialAction":[{"@type":"SearchAction","target":{"@type":"EntryPoint","urlTemplate":"https:\/\/www.epen.gov.ar\/?s={search_term_string}"},"query-input":{"@type":"PropertyValueSpecification","valueRequired":true,"valueName":"search_term_string"}}],"inLanguage":"es"},{"@type":"Organization","@id":"https:\/\/www.epen.gov.ar\/#organization","name":"Ente Provincial de Energ\u00eda del Neuqu\u00e9n","url":"https:\/\/www.epen.gov.ar\/","logo":{"@type":"ImageObject","inLanguage":"es","@id":"https:\/\/www.epen.gov.ar\/#\/schema\/logo\/image\/","url":"https:\/\/www.epen.gov.ar\/wp-content\/uploads\/2024\/02\/Logo-EPEN-2.jpg","contentUrl":"https:\/\/www.epen.gov.ar\/wp-content\/uploads\/2024\/02\/Logo-EPEN-2.jpg","width":696,"height":696,"caption":"Ente Provincial de Energ\u00eda del Neuqu\u00e9n"},"image":{"@id":"https:\/\/www.epen.gov.ar\/#\/schema\/logo\/image\/"},"sameAs":["https:\/\/www.facebook.com\/EPEN.Neuquen","https:\/\/x.com\/EPEN_Informa","https:\/\/www.youtube.com\/@epenprensa7384"]},{"@type":"Person","@id":"https:\/\/www.epen.gov.ar\/#\/schema\/person\/ce6cff87c2fc01264becc10fa105ad4f","name":"Prensa EPEN","image":{"@type":"ImageObject","inLanguage":"es","@id":"https:\/\/secure.gravatar.com\/avatar\/f8120b8688012ccf2d7fbcf7a970cfbabf0ab63b09c2dbd72c194bee080070e9?s=96&d=mm&r=g","url":"https:\/\/secure.gravatar.com\/avatar\/f8120b8688012ccf2d7fbcf7a970cfbabf0ab63b09c2dbd72c194bee080070e9?s=96&d=mm&r=g","contentUrl":"https:\/\/secure.gravatar.com\/avatar\/f8120b8688012ccf2d7fbcf7a970cfbabf0ab63b09c2dbd72c194bee080070e9?s=96&d=mm&r=g","caption":"Prensa EPEN"},"url":"https:\/\/www.epen.gov.ar\/index.php\/author\/admin\/"}]}},"_links":{"self":[{"href":"https:\/\/www.epen.gov.ar\/index.php\/wp-json\/wp\/v2\/posts\/41177","targetHints":{"allow":["GET"]}}],"collection":[{"href":"https:\/\/www.epen.gov.ar\/index.php\/wp-json\/wp\/v2\/posts"}],"about":[{"href":"https:\/\/www.epen.gov.ar\/index.php\/wp-json\/wp\/v2\/types\/post"}],"author":[{"embeddable":true,"href":"https:\/\/www.epen.gov.ar\/index.php\/wp-json\/wp\/v2\/users\/1"}],"replies":[{"embeddable":true,"href":"https:\/\/www.epen.gov.ar\/index.php\/wp-json\/wp\/v2\/comments?post=41177"}],"version-history":[{"count":3,"href":"https:\/\/www.epen.gov.ar\/index.php\/wp-json\/wp\/v2\/posts\/41177\/revisions"}],"predecessor-version":[{"id":70392,"href":"https:\/\/www.epen.gov.ar\/index.php\/wp-json\/wp\/v2\/posts\/41177\/revisions\/70392"}],"wp:featuredmedia":[{"embeddable":true,"href":"https:\/\/www.epen.gov.ar\/index.php\/wp-json\/wp\/v2\/media\/41190"}],"wp:attachment":[{"href":"https:\/\/www.epen.gov.ar\/index.php\/wp-json\/wp\/v2\/media?parent=41177"}],"wp:term":[{"taxonomy":"category","embeddable":true,"href":"https:\/\/www.epen.gov.ar\/index.php\/wp-json\/wp\/v2\/categories?post=41177"},{"taxonomy":"post_tag","embeddable":true,"href":"https:\/\/www.epen.gov.ar\/index.php\/wp-json\/wp\/v2\/tags?post=41177"}],"curies":[{"name":"wp","href":"https:\/\/api.w.org\/{rel}","templated":true}]}}