{"id":4076,"date":"2019-07-02T11:03:51","date_gmt":"2019-07-02T14:03:51","guid":{"rendered":"http:\/\/192.168.200.48\/?p=4076"},"modified":"2019-07-02T11:05:58","modified_gmt":"2019-07-02T14:05:58","slug":"alumine-y-pehuenia-se-trabaja-para-abastecer-al-100-de-la-demanda","status":"publish","type":"post","link":"https:\/\/www.epen.gov.ar\/index.php\/2019\/07\/02\/alumine-y-pehuenia-se-trabaja-para-abastecer-al-100-de-la-demanda\/","title":{"rendered":"Alumin\u00e9 y Pehuenia: se trabaja para abastecer al 100% de la demanda"},"content":{"rendered":"<div class=\"fusion-fullwidth fullwidth-box fusion-builder-row-1 nonhundred-percent-fullwidth non-hundred-percent-height-scrolling\" style=\"--awb-border-radius-top-left:0px;--awb-border-radius-top-right:0px;--awb-border-radius-bottom-right:0px;--awb-border-radius-bottom-left:0px;--awb-flex-wrap:wrap;\" ><div class=\"fusion-builder-row fusion-row\"><div class=\"fusion-layout-column fusion_builder_column fusion-builder-column-0 fusion_builder_column_2_3 2_3 fusion-two-third fusion-column-first\" style=\"--awb-bg-size:cover;width:66.666666666667%;width:calc(66.666666666667% - ( ( 4% ) * 0.66666666666667 ) );margin-right: 4%;\"><div class=\"fusion-column-wrapper fusion-column-has-shadow fusion-flex-column-wrapper-legacy\"><div class=\"fusion-text fusion-text-1\"><p style=\"font-weight: 400; text-align: justify;\">Desde el Ente Provincial de Energ\u00eda del Neuqu\u00e9n (EPEN) se informa que las condiciones de viento blanco y nieve en la zona centro de la provincia complicaron las tareas de reparaci\u00f3n y la generaci\u00f3n local durante la jornada de ayer. Hoy contin\u00faan las tareas de reparaci\u00f3n ya que la localidad de Alumin\u00e9 se encuentra abastecida parcialmente.<\/p>\n<p style=\"font-weight: 400; text-align: justify;\">Este \u00faltimo fin de semana los inconvenientes se presentaron sobre todo en la zona de Alumin\u00e9 \u2013 Villa Pehuenia. El domingo a la tarde y ayer a la ma\u00f1ana, si bien se hab\u00eda normalizado la situaci\u00f3n a nivel provincial, \u00a0ayer lunes a la tarde se dieron vientos muy intensos, y r\u00e1fagas superiores a 130 km\/h en la zona de Primeros Pinos. Estas condiciones trajeron inconvenientes nuevamente a la l\u00ednea que alimenta la zona. El presidente del EPEN Francisco Zambon expres\u00f3 que \u201csumado a que por acci\u00f3n del viento, la central de generaci\u00f3n que se encuentra en Primeros Pinos -operada por la firma Secco- ten\u00eda un cable desprendido, el personal de reparaci\u00f3n no pudo llegar justamente por el viento blanco y el hielo en la calzada, a pesar de los esfuerzos que hicimos con el Ej\u00e9rcito y Vialidad para que nos acompa\u00f1en\u201d. Eso produjo inconvenientes nuevamente en el suministro de energ\u00eda en Alumin\u00e9 y Pehuenia, por lo que se despacharon los grupos que el EPEN mantiene all\u00ed como reserva fr\u00eda.<\/p>\n<p style=\"font-weight: 400; text-align: justify;\">Ayer tambi\u00e9n se ocasionaron problemas en la l\u00ednea que va hacia Buta Ranquil. La falla logr\u00f3 repararse hacia la 1 de la ma\u00f1ana. Zambon expreso que -\u201cen la jornada de ayer tambi\u00e9n tuvimos inconvenientes en Jun\u00edn de los Andes, donde tambi\u00e9n por otro fen\u00f3meno que no tiene nada que ver con el viento blanco, sino por las condiciones de humedad que hicieron actuar una protecci\u00f3n de un transformador. All\u00ed se verific\u00f3 que no era un problema del transformador sino una actuaci\u00f3n en falso, y se repuso al poco tiempo\u201d.<\/p>\n<p style=\"font-weight: 400; text-align: justify;\"><strong>Respecto a la zona de Alumin\u00e9 y Villa Pehuenia, anoche el personal trabaj\u00f3 en la zona de Cerro Bandera para reparar un poste quebrado y dos m\u00e1s en malas condiciones. En ese sentido pudieron reparar uno muy tarde en la noche por la intensidad del viento y la complicaci\u00f3n de trabajar en altura, quedando la tarea pendiente para la jornada de hoy.<\/strong><\/p>\n<p style=\"font-weight: 400; text-align: justify;\"><strong>Anoche quedaba funcionando la generaci\u00f3n en Alumin\u00e9 que alimenta el 40 a 50 por ciento de la ciudad, en Moquehue se encuentra el generador enviado que abastece a casi un 100% del paraje y en Pehuenia, \u00a0si bien se genera tambi\u00e9n, hubo algunos inconvenientes en los filtros relacionados a las bajas temperaturas.<\/strong><\/p>\n<p style=\"font-weight: 400; text-align: justify;\">La situaci\u00f3n de Caviahue, es que se encuentra en servicio.\u00a0<u>Ayer<\/u>\u00a0se produjo un corte por un inconveniente en la l\u00ednea que va desde Las Lajas a Loncopu\u00e9. Zambon explic\u00f3 que: \u201c-Esto sac\u00f3 de servicio Loncopu\u00e9, Caviahue, El Huec\u00fa y El Cholar. All\u00ed pudimos poner en servicio la generaci\u00f3n de la zona que est\u00e1 saliendo desde Loncopu\u00e9\u00a0 hacia Caviahue. Le dimos energ\u00eda primero a Caviahue, El Huec\u00fa y El Cholar. Y en Loncopu\u00e9, luego, \u00a0tuvimos problemas por ca\u00eddas de ramas en el sistema de distribuci\u00f3n por lo cual se demor\u00f3 un poco m\u00e1s el ingreso\u201d. Hacia las 22:30 de anoche se encontr\u00f3 la falla y se repuso la l\u00ednea, quedando nuevamente en servicio.<\/p>\n<\/div><div class=\"fusion-clearfix\"><\/div><\/div><\/div><div class=\"fusion-layout-column fusion_builder_column fusion-builder-column-1 fusion_builder_column_1_3 1_3 fusion-one-third fusion-column-last\" style=\"--awb-bg-size:cover;width:33.333333333333%;width:calc(33.333333333333% - ( ( 4% ) * 0.33333333333333 ) );\"><div class=\"fusion-column-wrapper fusion-column-has-shadow fusion-flex-column-wrapper-legacy\"><div class=\"fusion-widget-area awb-widget-area-element fusion-widget-area-1 fusion-content-widget-area\" style=\"--awb-title-size:20px;--awb-title-color:#333333;--awb-padding:0px 0px 0px 0px;\"><style type=\"text\/css\" data-id=\"tweets-widget-2\">#tweets-widget-2 li { border-color:#eaeaea;}<\/style><section id=\"tweets-widget-2\" class=\"widget tweets\" style=\"border-style: solid;border-color: #eaeaea;border-color:transparent;border-width:0px;\">\t\t\t\t\n\t\t<div style=\"overflow:hidden\">\n\t\t\t\t\t\t\t\t\t\t\t<a class=\"twitter-timeline\" data-dnt=\"true\" href=\"https:\/\/twitter.com\/@EPEN_Informa\" data-width=\"500\" data-height=\"300\" width=\"500\" height=\"300\" data-theme=\"light\" data-link-color=\"##25a9bd\" data-border-color=\"#eaeaea\" data-chrome=\"\">Tweets por @EPEN_Informa<\/a>\n\t\t\t\t\t\t\t\n\t\t\t\t\t\t\t\t\t\t\t<script async src=\"\/\/platform.twitter.com\/widgets.js\" charset=\"utf-8\"><\/script>\n\t\t\t\t\t\t\t\n\t\t<\/div>\n\t\t<\/section>\n\t\t<section id=\"recent-posts-3\" class=\"widget widget_recent_entries\" style=\"border-style: solid;border-color:transparent;border-width:0px;\">\n\t\t<div class=\"heading\"><h4 class=\"widget-title\">Entradas recientes<\/h4><\/div>\n\t\t<ul>\n\t\t\t\t\t\t\t\t\t\t\t<li>\n\t\t\t\t\t<a href=\"https:\/\/www.epen.gov.ar\/index.php\/2026\/04\/30\/corte-programado-en-sectores-de-rincon-de-los-sauces-el-02-05-2026\/\">Corte Programado en sectores de Rinc\u00f3n de los Sauces el 02\/05\/2026<\/a>\n\t\t\t\t\t\t\t\t\t\t\t<span class=\"post-date\">30\/04\/2026<\/span>\n\t\t\t\t\t\t\t\t\t<\/li>\n\t\t\t\t\t\t\t\t\t\t\t<li>\n\t\t\t\t\t<a href=\"https:\/\/www.epen.gov.ar\/index.php\/2026\/04\/30\/licitacion-publica-n-14-2026-contratacion-de-servicios-de-desarrollo-y-mantenimiento-de-sistemas-informaticos\/\">LICITACI\u00d3N P\u00daBLICA N\u00b0 14\/2026 CONTRATACI\u00d3N DE SERVICIOS DE DESARROLLO Y MANTENIMIENTO DE SISTEMAS INFORM\u00c1TICOS<\/a>\n\t\t\t\t\t\t\t\t\t\t\t<span class=\"post-date\">30\/04\/2026<\/span>\n\t\t\t\t\t\t\t\t\t<\/li>\n\t\t\t\t\t\t\t\t\t\t\t<li>\n\t\t\t\t\t<a href=\"https:\/\/www.epen.gov.ar\/index.php\/2026\/04\/29\/corte-programado-en-sectores-de-centenario-el-30-04-2026\/\">Corte Programado en sectores de Centenario el 30\/04\/2026<\/a>\n\t\t\t\t\t\t\t\t\t\t\t<span class=\"post-date\">29\/04\/2026<\/span>\n\t\t\t\t\t\t\t\t\t<\/li>\n\t\t\t\t\t\t\t\t\t\t\t<li>\n\t\t\t\t\t<a href=\"https:\/\/www.epen.gov.ar\/index.php\/2026\/04\/28\/el-epen-impulsa-el-desarrollo-de-varvarco-con-nueva-infraestructura-para-17-lotes\/\">El EPEN impulsa el desarrollo de Varvarco con nueva infraestructura para 17 lotes<\/a>\n\t\t\t\t\t\t\t\t\t\t\t<span class=\"post-date\">28\/04\/2026<\/span>\n\t\t\t\t\t\t\t\t\t<\/li>\n\t\t\t\t\t\t\t\t\t\t\t<li>\n\t\t\t\t\t<a href=\"https:\/\/www.epen.gov.ar\/index.php\/2026\/04\/28\/corte-programado-en-sectores-de-zona-nahueve-el-30-04-2026\/\">Corte Programado en sectores de zona Nahueve el 30\/04\/2026<\/a>\n\t\t\t\t\t\t\t\t\t\t\t<span class=\"post-date\">28\/04\/2026<\/span>\n\t\t\t\t\t\t\t\t\t<\/li>\n\t\t\t\t\t<\/ul>\n\n\t\t<\/section><div class=\"fusion-additional-widget-content\"><\/div><\/div><div class=\"fusion-clearfix\"><\/div><\/div><\/div><\/div><\/div>\n","protected":false},"excerpt":{"rendered":"","protected":false},"author":1,"featured_media":4079,"comment_status":"open","ping_status":"open","sticky":false,"template":"","format":"standard","meta":{"_exactmetrics_skip_tracking":false,"_exactmetrics_sitenote_active":false,"_exactmetrics_sitenote_note":"","_exactmetrics_sitenote_category":0,"footnotes":""},"categories":[84],"tags":[],"class_list":["post-4076","post","type-post","status-publish","format-standard","has-post-thumbnail","hentry","category-noticias"],"yoast_head":"<!-- This site is optimized with the Yoast SEO plugin v27.2 - https:\/\/yoast.com\/product\/yoast-seo-wordpress\/ -->\n<title>EPEN - Alumin\u00e9 y Pehuenia: se trabaja para abastecer al 100% de la demanda<\/title>\n<meta name=\"description\" content=\"Alumin\u00e9 y Pehuenia: se trabaja para abastecer al 100% de la demanda Noticias\" \/>\n<meta name=\"robots\" content=\"index, follow, max-snippet:-1, max-image-preview:large, max-video-preview:-1\" \/>\n<link rel=\"canonical\" href=\"https:\/\/www.epen.gov.ar\/index.php\/2019\/07\/02\/alumine-y-pehuenia-se-trabaja-para-abastecer-al-100-de-la-demanda\/\" \/>\n<meta property=\"og:locale\" content=\"es_ES\" \/>\n<meta property=\"og:type\" content=\"article\" \/>\n<meta property=\"og:title\" content=\"EPEN - Alumin\u00e9 y Pehuenia: se trabaja para abastecer al 100% de la demanda\" \/>\n<meta property=\"og:description\" content=\"Alumin\u00e9 y Pehuenia: se trabaja para abastecer al 100% de la demanda Noticias\" \/>\n<meta property=\"og:url\" content=\"https:\/\/www.epen.gov.ar\/index.php\/2019\/07\/02\/alumine-y-pehuenia-se-trabaja-para-abastecer-al-100-de-la-demanda\/\" \/>\n<meta property=\"og:site_name\" content=\"EPEN\" \/>\n<meta property=\"article:publisher\" content=\"https:\/\/www.facebook.com\/EPEN.Neuquen\" \/>\n<meta property=\"article:published_time\" content=\"2019-07-02T14:03:51+00:00\" \/>\n<meta property=\"article:modified_time\" content=\"2019-07-02T14:05:58+00:00\" \/>\n<meta property=\"og:image\" content=\"https:\/\/www.epen.gov.ar\/wp-content\/uploads\/2019\/07\/Trabajos-Nieve-1.jpg\" \/>\n\t<meta property=\"og:image:width\" content=\"1068\" \/>\n\t<meta property=\"og:image:height\" content=\"528\" \/>\n\t<meta property=\"og:image:type\" content=\"image\/jpeg\" \/>\n<meta name=\"author\" content=\"Prensa EPEN\" \/>\n<meta name=\"twitter:card\" content=\"summary_large_image\" \/>\n<meta name=\"twitter:creator\" content=\"@EPEN_Informa\" \/>\n<meta name=\"twitter:site\" content=\"@EPEN_Informa\" \/>\n<meta name=\"twitter:label1\" content=\"Escrito por\" \/>\n\t<meta name=\"twitter:data1\" content=\"Prensa EPEN\" \/>\n\t<meta name=\"twitter:label2\" content=\"Tiempo de lectura\" \/>\n\t<meta name=\"twitter:data2\" content=\"5 minutos\" \/>\n<script type=\"application\/ld+json\" class=\"yoast-schema-graph\">{\"@context\":\"https:\/\/schema.org\",\"@graph\":[{\"@type\":\"Article\",\"@id\":\"https:\/\/www.epen.gov.ar\/index.php\/2019\/07\/02\/alumine-y-pehuenia-se-trabaja-para-abastecer-al-100-de-la-demanda\/#article\",\"isPartOf\":{\"@id\":\"https:\/\/www.epen.gov.ar\/index.php\/2019\/07\/02\/alumine-y-pehuenia-se-trabaja-para-abastecer-al-100-de-la-demanda\/\"},\"author\":{\"name\":\"Prensa EPEN\",\"@id\":\"https:\/\/www.epen.gov.ar\/#\/schema\/person\/ce6cff87c2fc01264becc10fa105ad4f\"},\"headline\":\"Alumin\u00e9 y Pehuenia: se trabaja para abastecer al 100% de la demanda\",\"datePublished\":\"2019-07-02T14:03:51+00:00\",\"dateModified\":\"2019-07-02T14:05:58+00:00\",\"mainEntityOfPage\":{\"@id\":\"https:\/\/www.epen.gov.ar\/index.php\/2019\/07\/02\/alumine-y-pehuenia-se-trabaja-para-abastecer-al-100-de-la-demanda\/\"},\"wordCount\":937,\"commentCount\":0,\"publisher\":{\"@id\":\"https:\/\/www.epen.gov.ar\/#organization\"},\"image\":{\"@id\":\"https:\/\/www.epen.gov.ar\/index.php\/2019\/07\/02\/alumine-y-pehuenia-se-trabaja-para-abastecer-al-100-de-la-demanda\/#primaryimage\"},\"thumbnailUrl\":\"https:\/\/www.epen.gov.ar\/wp-content\/uploads\/2019\/07\/Trabajos-Nieve-1.jpg\",\"articleSection\":[\"Noticias\"],\"inLanguage\":\"es\",\"potentialAction\":[{\"@type\":\"CommentAction\",\"name\":\"Comment\",\"target\":[\"https:\/\/www.epen.gov.ar\/index.php\/2019\/07\/02\/alumine-y-pehuenia-se-trabaja-para-abastecer-al-100-de-la-demanda\/#respond\"]}]},{\"@type\":\"WebPage\",\"@id\":\"https:\/\/www.epen.gov.ar\/index.php\/2019\/07\/02\/alumine-y-pehuenia-se-trabaja-para-abastecer-al-100-de-la-demanda\/\",\"url\":\"https:\/\/www.epen.gov.ar\/index.php\/2019\/07\/02\/alumine-y-pehuenia-se-trabaja-para-abastecer-al-100-de-la-demanda\/\",\"name\":\"EPEN - Alumin\u00e9 y Pehuenia: se trabaja para abastecer al 100% de la demanda\",\"isPartOf\":{\"@id\":\"https:\/\/www.epen.gov.ar\/#website\"},\"primaryImageOfPage\":{\"@id\":\"https:\/\/www.epen.gov.ar\/index.php\/2019\/07\/02\/alumine-y-pehuenia-se-trabaja-para-abastecer-al-100-de-la-demanda\/#primaryimage\"},\"image\":{\"@id\":\"https:\/\/www.epen.gov.ar\/index.php\/2019\/07\/02\/alumine-y-pehuenia-se-trabaja-para-abastecer-al-100-de-la-demanda\/#primaryimage\"},\"thumbnailUrl\":\"https:\/\/www.epen.gov.ar\/wp-content\/uploads\/2019\/07\/Trabajos-Nieve-1.jpg\",\"datePublished\":\"2019-07-02T14:03:51+00:00\",\"dateModified\":\"2019-07-02T14:05:58+00:00\",\"description\":\"Alumin\u00e9 y Pehuenia: se trabaja para abastecer al 100% de la demanda Noticias\",\"breadcrumb\":{\"@id\":\"https:\/\/www.epen.gov.ar\/index.php\/2019\/07\/02\/alumine-y-pehuenia-se-trabaja-para-abastecer-al-100-de-la-demanda\/#breadcrumb\"},\"inLanguage\":\"es\",\"potentialAction\":[{\"@type\":\"ReadAction\",\"target\":[\"https:\/\/www.epen.gov.ar\/index.php\/2019\/07\/02\/alumine-y-pehuenia-se-trabaja-para-abastecer-al-100-de-la-demanda\/\"]}]},{\"@type\":\"ImageObject\",\"inLanguage\":\"es\",\"@id\":\"https:\/\/www.epen.gov.ar\/index.php\/2019\/07\/02\/alumine-y-pehuenia-se-trabaja-para-abastecer-al-100-de-la-demanda\/#primaryimage\",\"url\":\"https:\/\/www.epen.gov.ar\/wp-content\/uploads\/2019\/07\/Trabajos-Nieve-1.jpg\",\"contentUrl\":\"https:\/\/www.epen.gov.ar\/wp-content\/uploads\/2019\/07\/Trabajos-Nieve-1.jpg\",\"width\":1068,\"height\":528},{\"@type\":\"BreadcrumbList\",\"@id\":\"https:\/\/www.epen.gov.ar\/index.php\/2019\/07\/02\/alumine-y-pehuenia-se-trabaja-para-abastecer-al-100-de-la-demanda\/#breadcrumb\",\"itemListElement\":[{\"@type\":\"ListItem\",\"position\":1,\"name\":\"Inicio\",\"item\":\"https:\/\/www.epen.gov.ar\/\"},{\"@type\":\"ListItem\",\"position\":2,\"name\":\"Alumin\u00e9 y Pehuenia: se trabaja para abastecer al 100% de la demanda\"}]},{\"@type\":\"WebSite\",\"@id\":\"https:\/\/www.epen.gov.ar\/#website\",\"url\":\"https:\/\/www.epen.gov.ar\/\",\"name\":\"EPEN\",\"description\":\"Ente Provincial de Energ\u00eda del Neuqu\u00e9n\",\"publisher\":{\"@id\":\"https:\/\/www.epen.gov.ar\/#organization\"},\"potentialAction\":[{\"@type\":\"SearchAction\",\"target\":{\"@type\":\"EntryPoint\",\"urlTemplate\":\"https:\/\/www.epen.gov.ar\/?s={search_term_string}\"},\"query-input\":{\"@type\":\"PropertyValueSpecification\",\"valueRequired\":true,\"valueName\":\"search_term_string\"}}],\"inLanguage\":\"es\"},{\"@type\":\"Organization\",\"@id\":\"https:\/\/www.epen.gov.ar\/#organization\",\"name\":\"Ente Provincial de Energ\u00eda del Neuqu\u00e9n\",\"url\":\"https:\/\/www.epen.gov.ar\/\",\"logo\":{\"@type\":\"ImageObject\",\"inLanguage\":\"es\",\"@id\":\"https:\/\/www.epen.gov.ar\/#\/schema\/logo\/image\/\",\"url\":\"https:\/\/www.epen.gov.ar\/wp-content\/uploads\/2024\/02\/Logo-EPEN-2.jpg\",\"contentUrl\":\"https:\/\/www.epen.gov.ar\/wp-content\/uploads\/2024\/02\/Logo-EPEN-2.jpg\",\"width\":696,\"height\":696,\"caption\":\"Ente Provincial de Energ\u00eda del Neuqu\u00e9n\"},\"image\":{\"@id\":\"https:\/\/www.epen.gov.ar\/#\/schema\/logo\/image\/\"},\"sameAs\":[\"https:\/\/www.facebook.com\/EPEN.Neuquen\",\"https:\/\/x.com\/EPEN_Informa\",\"https:\/\/www.youtube.com\/@epenprensa7384\"]},{\"@type\":\"Person\",\"@id\":\"https:\/\/www.epen.gov.ar\/#\/schema\/person\/ce6cff87c2fc01264becc10fa105ad4f\",\"name\":\"Prensa EPEN\",\"image\":{\"@type\":\"ImageObject\",\"inLanguage\":\"es\",\"@id\":\"https:\/\/secure.gravatar.com\/avatar\/f8120b8688012ccf2d7fbcf7a970cfbabf0ab63b09c2dbd72c194bee080070e9?s=96&d=mm&r=g\",\"url\":\"https:\/\/secure.gravatar.com\/avatar\/f8120b8688012ccf2d7fbcf7a970cfbabf0ab63b09c2dbd72c194bee080070e9?s=96&d=mm&r=g\",\"contentUrl\":\"https:\/\/secure.gravatar.com\/avatar\/f8120b8688012ccf2d7fbcf7a970cfbabf0ab63b09c2dbd72c194bee080070e9?s=96&d=mm&r=g\",\"caption\":\"Prensa EPEN\"},\"url\":\"https:\/\/www.epen.gov.ar\/index.php\/author\/admin\/\"}]}<\/script>\n<!-- \/ Yoast SEO plugin. -->","yoast_head_json":{"title":"EPEN - Alumin\u00e9 y Pehuenia: se trabaja para abastecer al 100% de la demanda","description":"Alumin\u00e9 y Pehuenia: se trabaja para abastecer al 100% de la demanda Noticias","robots":{"index":"index","follow":"follow","max-snippet":"max-snippet:-1","max-image-preview":"max-image-preview:large","max-video-preview":"max-video-preview:-1"},"canonical":"https:\/\/www.epen.gov.ar\/index.php\/2019\/07\/02\/alumine-y-pehuenia-se-trabaja-para-abastecer-al-100-de-la-demanda\/","og_locale":"es_ES","og_type":"article","og_title":"EPEN - Alumin\u00e9 y Pehuenia: se trabaja para abastecer al 100% de la demanda","og_description":"Alumin\u00e9 y Pehuenia: se trabaja para abastecer al 100% de la demanda Noticias","og_url":"https:\/\/www.epen.gov.ar\/index.php\/2019\/07\/02\/alumine-y-pehuenia-se-trabaja-para-abastecer-al-100-de-la-demanda\/","og_site_name":"EPEN","article_publisher":"https:\/\/www.facebook.com\/EPEN.Neuquen","article_published_time":"2019-07-02T14:03:51+00:00","article_modified_time":"2019-07-02T14:05:58+00:00","og_image":[{"width":1068,"height":528,"url":"https:\/\/www.epen.gov.ar\/wp-content\/uploads\/2019\/07\/Trabajos-Nieve-1.jpg","type":"image\/jpeg"}],"author":"Prensa EPEN","twitter_card":"summary_large_image","twitter_creator":"@EPEN_Informa","twitter_site":"@EPEN_Informa","twitter_misc":{"Escrito por":"Prensa EPEN","Tiempo de lectura":"5 minutos"},"schema":{"@context":"https:\/\/schema.org","@graph":[{"@type":"Article","@id":"https:\/\/www.epen.gov.ar\/index.php\/2019\/07\/02\/alumine-y-pehuenia-se-trabaja-para-abastecer-al-100-de-la-demanda\/#article","isPartOf":{"@id":"https:\/\/www.epen.gov.ar\/index.php\/2019\/07\/02\/alumine-y-pehuenia-se-trabaja-para-abastecer-al-100-de-la-demanda\/"},"author":{"name":"Prensa EPEN","@id":"https:\/\/www.epen.gov.ar\/#\/schema\/person\/ce6cff87c2fc01264becc10fa105ad4f"},"headline":"Alumin\u00e9 y Pehuenia: se trabaja para abastecer al 100% de la demanda","datePublished":"2019-07-02T14:03:51+00:00","dateModified":"2019-07-02T14:05:58+00:00","mainEntityOfPage":{"@id":"https:\/\/www.epen.gov.ar\/index.php\/2019\/07\/02\/alumine-y-pehuenia-se-trabaja-para-abastecer-al-100-de-la-demanda\/"},"wordCount":937,"commentCount":0,"publisher":{"@id":"https:\/\/www.epen.gov.ar\/#organization"},"image":{"@id":"https:\/\/www.epen.gov.ar\/index.php\/2019\/07\/02\/alumine-y-pehuenia-se-trabaja-para-abastecer-al-100-de-la-demanda\/#primaryimage"},"thumbnailUrl":"https:\/\/www.epen.gov.ar\/wp-content\/uploads\/2019\/07\/Trabajos-Nieve-1.jpg","articleSection":["Noticias"],"inLanguage":"es","potentialAction":[{"@type":"CommentAction","name":"Comment","target":["https:\/\/www.epen.gov.ar\/index.php\/2019\/07\/02\/alumine-y-pehuenia-se-trabaja-para-abastecer-al-100-de-la-demanda\/#respond"]}]},{"@type":"WebPage","@id":"https:\/\/www.epen.gov.ar\/index.php\/2019\/07\/02\/alumine-y-pehuenia-se-trabaja-para-abastecer-al-100-de-la-demanda\/","url":"https:\/\/www.epen.gov.ar\/index.php\/2019\/07\/02\/alumine-y-pehuenia-se-trabaja-para-abastecer-al-100-de-la-demanda\/","name":"EPEN - Alumin\u00e9 y Pehuenia: se trabaja para abastecer al 100% de la demanda","isPartOf":{"@id":"https:\/\/www.epen.gov.ar\/#website"},"primaryImageOfPage":{"@id":"https:\/\/www.epen.gov.ar\/index.php\/2019\/07\/02\/alumine-y-pehuenia-se-trabaja-para-abastecer-al-100-de-la-demanda\/#primaryimage"},"image":{"@id":"https:\/\/www.epen.gov.ar\/index.php\/2019\/07\/02\/alumine-y-pehuenia-se-trabaja-para-abastecer-al-100-de-la-demanda\/#primaryimage"},"thumbnailUrl":"https:\/\/www.epen.gov.ar\/wp-content\/uploads\/2019\/07\/Trabajos-Nieve-1.jpg","datePublished":"2019-07-02T14:03:51+00:00","dateModified":"2019-07-02T14:05:58+00:00","description":"Alumin\u00e9 y Pehuenia: se trabaja para abastecer al 100% de la demanda Noticias","breadcrumb":{"@id":"https:\/\/www.epen.gov.ar\/index.php\/2019\/07\/02\/alumine-y-pehuenia-se-trabaja-para-abastecer-al-100-de-la-demanda\/#breadcrumb"},"inLanguage":"es","potentialAction":[{"@type":"ReadAction","target":["https:\/\/www.epen.gov.ar\/index.php\/2019\/07\/02\/alumine-y-pehuenia-se-trabaja-para-abastecer-al-100-de-la-demanda\/"]}]},{"@type":"ImageObject","inLanguage":"es","@id":"https:\/\/www.epen.gov.ar\/index.php\/2019\/07\/02\/alumine-y-pehuenia-se-trabaja-para-abastecer-al-100-de-la-demanda\/#primaryimage","url":"https:\/\/www.epen.gov.ar\/wp-content\/uploads\/2019\/07\/Trabajos-Nieve-1.jpg","contentUrl":"https:\/\/www.epen.gov.ar\/wp-content\/uploads\/2019\/07\/Trabajos-Nieve-1.jpg","width":1068,"height":528},{"@type":"BreadcrumbList","@id":"https:\/\/www.epen.gov.ar\/index.php\/2019\/07\/02\/alumine-y-pehuenia-se-trabaja-para-abastecer-al-100-de-la-demanda\/#breadcrumb","itemListElement":[{"@type":"ListItem","position":1,"name":"Inicio","item":"https:\/\/www.epen.gov.ar\/"},{"@type":"ListItem","position":2,"name":"Alumin\u00e9 y Pehuenia: se trabaja para abastecer al 100% de la demanda"}]},{"@type":"WebSite","@id":"https:\/\/www.epen.gov.ar\/#website","url":"https:\/\/www.epen.gov.ar\/","name":"EPEN","description":"Ente Provincial de Energ\u00eda del Neuqu\u00e9n","publisher":{"@id":"https:\/\/www.epen.gov.ar\/#organization"},"potentialAction":[{"@type":"SearchAction","target":{"@type":"EntryPoint","urlTemplate":"https:\/\/www.epen.gov.ar\/?s={search_term_string}"},"query-input":{"@type":"PropertyValueSpecification","valueRequired":true,"valueName":"search_term_string"}}],"inLanguage":"es"},{"@type":"Organization","@id":"https:\/\/www.epen.gov.ar\/#organization","name":"Ente Provincial de Energ\u00eda del Neuqu\u00e9n","url":"https:\/\/www.epen.gov.ar\/","logo":{"@type":"ImageObject","inLanguage":"es","@id":"https:\/\/www.epen.gov.ar\/#\/schema\/logo\/image\/","url":"https:\/\/www.epen.gov.ar\/wp-content\/uploads\/2024\/02\/Logo-EPEN-2.jpg","contentUrl":"https:\/\/www.epen.gov.ar\/wp-content\/uploads\/2024\/02\/Logo-EPEN-2.jpg","width":696,"height":696,"caption":"Ente Provincial de Energ\u00eda del Neuqu\u00e9n"},"image":{"@id":"https:\/\/www.epen.gov.ar\/#\/schema\/logo\/image\/"},"sameAs":["https:\/\/www.facebook.com\/EPEN.Neuquen","https:\/\/x.com\/EPEN_Informa","https:\/\/www.youtube.com\/@epenprensa7384"]},{"@type":"Person","@id":"https:\/\/www.epen.gov.ar\/#\/schema\/person\/ce6cff87c2fc01264becc10fa105ad4f","name":"Prensa EPEN","image":{"@type":"ImageObject","inLanguage":"es","@id":"https:\/\/secure.gravatar.com\/avatar\/f8120b8688012ccf2d7fbcf7a970cfbabf0ab63b09c2dbd72c194bee080070e9?s=96&d=mm&r=g","url":"https:\/\/secure.gravatar.com\/avatar\/f8120b8688012ccf2d7fbcf7a970cfbabf0ab63b09c2dbd72c194bee080070e9?s=96&d=mm&r=g","contentUrl":"https:\/\/secure.gravatar.com\/avatar\/f8120b8688012ccf2d7fbcf7a970cfbabf0ab63b09c2dbd72c194bee080070e9?s=96&d=mm&r=g","caption":"Prensa EPEN"},"url":"https:\/\/www.epen.gov.ar\/index.php\/author\/admin\/"}]}},"_links":{"self":[{"href":"https:\/\/www.epen.gov.ar\/index.php\/wp-json\/wp\/v2\/posts\/4076","targetHints":{"allow":["GET"]}}],"collection":[{"href":"https:\/\/www.epen.gov.ar\/index.php\/wp-json\/wp\/v2\/posts"}],"about":[{"href":"https:\/\/www.epen.gov.ar\/index.php\/wp-json\/wp\/v2\/types\/post"}],"author":[{"embeddable":true,"href":"https:\/\/www.epen.gov.ar\/index.php\/wp-json\/wp\/v2\/users\/1"}],"replies":[{"embeddable":true,"href":"https:\/\/www.epen.gov.ar\/index.php\/wp-json\/wp\/v2\/comments?post=4076"}],"version-history":[{"count":2,"href":"https:\/\/www.epen.gov.ar\/index.php\/wp-json\/wp\/v2\/posts\/4076\/revisions"}],"predecessor-version":[{"id":4080,"href":"https:\/\/www.epen.gov.ar\/index.php\/wp-json\/wp\/v2\/posts\/4076\/revisions\/4080"}],"wp:featuredmedia":[{"embeddable":true,"href":"https:\/\/www.epen.gov.ar\/index.php\/wp-json\/wp\/v2\/media\/4079"}],"wp:attachment":[{"href":"https:\/\/www.epen.gov.ar\/index.php\/wp-json\/wp\/v2\/media?parent=4076"}],"wp:term":[{"taxonomy":"category","embeddable":true,"href":"https:\/\/www.epen.gov.ar\/index.php\/wp-json\/wp\/v2\/categories?post=4076"},{"taxonomy":"post_tag","embeddable":true,"href":"https:\/\/www.epen.gov.ar\/index.php\/wp-json\/wp\/v2\/tags?post=4076"}],"curies":[{"name":"wp","href":"https:\/\/api.w.org\/{rel}","templated":true}]}}