{"id":38365,"date":"2021-10-01T11:23:52","date_gmt":"2021-10-01T14:23:52","guid":{"rendered":"http:\/\/192.168.200.48\/?p=38365"},"modified":"2021-11-09T13:39:49","modified_gmt":"2021-11-09T16:39:49","slug":"avanza-la-licitacion-del-anillo-norte","status":"publish","type":"post","link":"https:\/\/www.epen.gov.ar\/index.php\/2021\/10\/01\/avanza-la-licitacion-del-anillo-norte\/","title":{"rendered":"Avanza la licitaci\u00f3n del Anillo norte"},"content":{"rendered":"<div class=\"fusion-fullwidth fullwidth-box fusion-builder-row-1 nonhundred-percent-fullwidth non-hundred-percent-height-scrolling\" style=\"--awb-border-radius-top-left:0px;--awb-border-radius-top-right:0px;--awb-border-radius-bottom-right:0px;--awb-border-radius-bottom-left:0px;--awb-flex-wrap:wrap;\" ><div class=\"fusion-builder-row fusion-row\"><div class=\"fusion-layout-column fusion_builder_column fusion-builder-column-0 fusion_builder_column_2_3 2_3 fusion-two-third fusion-column-first\" style=\"--awb-bg-size:cover;width:66.666666666667%;width:calc(66.666666666667% - ( ( 4% ) * 0.66666666666667 ) );margin-right: 4%;\"><div class=\"fusion-column-wrapper fusion-column-has-shadow fusion-flex-column-wrapper-legacy\"><div class=\"fusion-text fusion-text-1\"><p style=\"font-weight: 400;\"><strong><em>Se procedi\u00f3 a la apertura del sobre econ\u00f3mico \u201cB\u201d, que estuvo a resguardo desde el mes de junio. La obra beneficiar\u00e1 a un 32% de los usuarios del sistema.\u00a0<\/em><\/strong><\/p>\n<p style=\"font-weight: 400;\">Ayer en las oficinas de la Unidad Provincial de Enlace y Ejecuci\u00f3n de Proyectos con Financiamiento Externo (UPEFE) con presencia en el lugar y de manera virtual de funcionarios e intendentes,\u00a0\u00a0se llev\u00f3 a cabo la apertura del sobre econ\u00f3mico \u201cB\u201d perteneciente a \u00a0la licitaci\u00f3n p\u00fablica nacional e internacional N\u00b0 07\/21 para la obra de infraestructura el\u00e9ctrica denominada Cierre Anillo Norte-Neuqu\u00e9n.<\/p>\n<p style=\"font-weight: 400;\">La obra -que tiene un plazo de ejecuci\u00f3n de aproximadamente dos a\u00f1os- \u00a0permitir\u00e1 la construcci\u00f3n de una l\u00ednea de alta tensi\u00f3n de 160 kil\u00f3metros de extensi\u00f3n, desde la estaci\u00f3n transformadora existente en Chos Malal,\u00a0hasta la estaci\u00f3n transformadora existente de Las Lajas.<\/p>\n<p style=\"font-weight: 400;\">Se repotenciar\u00e1 cada una de las estaciones, se ampliar\u00e1 la potencia de transformaci\u00f3n y se incorporar\u00e1 generaci\u00f3n m\u00f3vil a ambos extremos de la l\u00ednea,\u00a0 entre otras mejoras. Fundamentalmente, incrementar\u00e1 de manera sostenible la confiabilidad del sistema el\u00e9ctrico en la regi\u00f3n noroeste de la provincia.<\/p>\n<p style=\"font-weight: 400;\">El pasado 22 de junio se procedi\u00f3 a la apertura de una \u00fanica oferta recibida, correspondiente al sobre \u201cA\u201d, perteneciente\u00a0 a una empresa \u2013presentada en UTE- de origen chino.<\/p>\n<p style=\"font-weight: 400;\">En este sentido, el presidente del EPEN Francisco Zambon inform\u00f3 que: \u201cEs una obra muy importante, especialmente para el oeste y norte provincial. Se llev\u00f3 a cabo un proceso de m\u00e1s de dos meses de evaluaci\u00f3n de las propuestas t\u00e9cnicas del \u00fanico oferente que hubo, que result\u00f3 satisfactorio por parte de los t\u00e9cnicos de la UPEFE y el EPEN\u201d.<\/p>\n<p style=\"font-weight: 400;\">La propuesta fue de u$s 58.825.703,68 m\u00e1s impuestos. Zambon indic\u00f3 que \u201cla propuesta result\u00f3 en aproximadamente \u00a0un 10% superior al presupuesto oficial, con las caracter\u00edsticas de financiamiento que proponen, lo cual ser\u00e1 analizado por los equipos t\u00e9cnicos para evaluar su conveniencia y luego sometido a la Legislatura provincial ya que involucra varios ejercicios econ\u00f3micos\u201d.<\/p>\n<p style=\"font-weight: 400;\">Con la obra del anillo norte, se ver\u00e1n beneficiados un 32% del total de clientes abastecidos a trav\u00e9s del sistema interconectado, en m\u00e1s de 45 localidades y parajes de la provincia.<\/p>\n<p><img decoding=\"async\" class=\"alignnone size-full wp-image-38349\" src=\"https:\/\/www.epen.gov.ar\/wp-content\/uploads\/2021\/09\/Cierre-Anillo-Norte-Neuquen-Infografia-4.jpg\" alt=\"\" width=\"1250\" height=\"1250\" \/><\/p>\n<\/div><div class=\"fusion-video fusion-youtube fusion-aligncenter\" style=\"--awb-max-width:600px;--awb-max-height:360px;--awb-width:100%;\"><div class=\"video-shortcode\"><div class=\"fluid-width-video-wrapper\" style=\"padding-top:60%;\" ><iframe title=\"YouTube video player 1\" src=\"https:\/\/www.youtube.com\/embed\/GV8SKe1oyRo?wmode=transparent&autoplay=0\" width=\"600\" height=\"360\" allowfullscreen allow=\"autoplay; clipboard-write; encrypted-media; gyroscope; picture-in-picture;\"><\/iframe><\/div><\/div><\/div><div class=\"fusion-clearfix\"><\/div><\/div><\/div><div class=\"fusion-layout-column fusion_builder_column fusion-builder-column-1 fusion_builder_column_1_3 1_3 fusion-one-third fusion-column-last\" style=\"--awb-bg-size:cover;width:33.333333333333%;width:calc(33.333333333333% - ( ( 4% ) * 0.33333333333333 ) );\"><div class=\"fusion-column-wrapper fusion-column-has-shadow fusion-flex-column-wrapper-legacy\"><div class=\"fusion-widget-area awb-widget-area-element fusion-widget-area-1 fusion-content-widget-area\" style=\"--awb-title-size:20px;--awb-title-color:#333333;--awb-padding:0px 0px 0px 0px;\"><style type=\"text\/css\" data-id=\"tweets-widget-2\">#tweets-widget-2 li { border-color:#eaeaea;}<\/style><section id=\"tweets-widget-2\" class=\"widget tweets\" style=\"border-style: solid;border-color: #eaeaea;border-color:transparent;border-width:0px;\">\t\t\t\t\n\t\t<div style=\"overflow:hidden\">\n\t\t\t\t\t\t\t\t\t\t\t<a class=\"twitter-timeline\" data-dnt=\"true\" href=\"https:\/\/twitter.com\/@EPEN_Informa\" data-width=\"500\" data-height=\"300\" width=\"500\" height=\"300\" data-theme=\"light\" data-link-color=\"##25a9bd\" data-border-color=\"#eaeaea\" data-chrome=\"\">Tweets por @EPEN_Informa<\/a>\n\t\t\t\t\t\t\t\n\t\t\t\t\t\t\t\t\t\t\t<script async src=\"\/\/platform.twitter.com\/widgets.js\" charset=\"utf-8\"><\/script>\n\t\t\t\t\t\t\t\n\t\t<\/div>\n\t\t<\/section>\n\t\t<section id=\"recent-posts-3\" class=\"widget widget_recent_entries\" style=\"border-style: solid;border-color:transparent;border-width:0px;\">\n\t\t<div class=\"heading\"><h4 class=\"widget-title\">Entradas recientes<\/h4><\/div>\n\t\t<ul>\n\t\t\t\t\t\t\t\t\t\t\t<li>\n\t\t\t\t\t<a href=\"https:\/\/www.epen.gov.ar\/index.php\/2026\/04\/29\/corte-programado-en-sectores-de-centenario-el-30-04-2026\/\">Corte Programado en sectores de Centenario el 30\/04\/2026<\/a>\n\t\t\t\t\t\t\t\t\t\t\t<span class=\"post-date\">29\/04\/2026<\/span>\n\t\t\t\t\t\t\t\t\t<\/li>\n\t\t\t\t\t\t\t\t\t\t\t<li>\n\t\t\t\t\t<a href=\"https:\/\/www.epen.gov.ar\/index.php\/2026\/04\/28\/el-epen-impulsa-el-desarrollo-de-varvarco-con-nueva-infraestructura-para-17-lotes\/\">El EPEN impulsa el desarrollo de Varvarco con nueva infraestructura para 17 lotes<\/a>\n\t\t\t\t\t\t\t\t\t\t\t<span class=\"post-date\">28\/04\/2026<\/span>\n\t\t\t\t\t\t\t\t\t<\/li>\n\t\t\t\t\t\t\t\t\t\t\t<li>\n\t\t\t\t\t<a href=\"https:\/\/www.epen.gov.ar\/index.php\/2026\/04\/28\/corte-programado-en-sectores-de-zona-nahueve-el-30-04-2026\/\">Corte Programado en sectores de zona Nahueve el 30\/04\/2026<\/a>\n\t\t\t\t\t\t\t\t\t\t\t<span class=\"post-date\">28\/04\/2026<\/span>\n\t\t\t\t\t\t\t\t\t<\/li>\n\t\t\t\t\t\t\t\t\t\t\t<li>\n\t\t\t\t\t<a href=\"https:\/\/www.epen.gov.ar\/index.php\/2026\/04\/24\/corte-programado-en-sectores-de-san-martin-de-los-andes-el-25-04-2026\/\">Corte Programado en sectores de San Mart\u00edn de los Andes el 25\/04\/2026<\/a>\n\t\t\t\t\t\t\t\t\t\t\t<span class=\"post-date\">24\/04\/2026<\/span>\n\t\t\t\t\t\t\t\t\t<\/li>\n\t\t\t\t\t\t\t\t\t\t\t<li>\n\t\t\t\t\t<a href=\"https:\/\/www.epen.gov.ar\/index.php\/2026\/04\/24\/corte-programado-en-sectores-de-centenario-el-25-04-2026\/\">Corte Programado en sectores de Centenario el 25\/04\/2026<\/a>\n\t\t\t\t\t\t\t\t\t\t\t<span class=\"post-date\">24\/04\/2026<\/span>\n\t\t\t\t\t\t\t\t\t<\/li>\n\t\t\t\t\t<\/ul>\n\n\t\t<\/section><div class=\"fusion-additional-widget-content\"><\/div><\/div><div class=\"fusion-clearfix\"><\/div><\/div><\/div><\/div><\/div>\n","protected":false},"excerpt":{"rendered":"","protected":false},"author":1,"featured_media":38363,"comment_status":"closed","ping_status":"closed","sticky":false,"template":"","format":"standard","meta":{"_exactmetrics_skip_tracking":false,"_exactmetrics_sitenote_active":false,"_exactmetrics_sitenote_note":"","_exactmetrics_sitenote_category":0,"footnotes":""},"categories":[84],"tags":[205,319,151,175,245,282,283,244,176,145,209],"class_list":["post-38365","post","type-post","status-publish","format-standard","has-post-thumbnail","hentry","category-noticias","tag-anillo-norte","tag-calidad","tag-chos-malal","tag-epen","tag-las-lajas","tag-licitacion-publica","tag-norte","tag-oeste","tag-puesto-hernandez","tag-seguridad-publica","tag-upefe"],"yoast_head":"<!-- This site is optimized with the Yoast SEO plugin v27.2 - https:\/\/yoast.com\/product\/yoast-seo-wordpress\/ -->\n<title>EPEN - Avanza la licitaci\u00f3n del Anillo norte<\/title>\n<meta name=\"description\" content=\"Avanza la licitaci\u00f3n del Anillo norte\" \/>\n<meta name=\"robots\" content=\"index, follow, max-snippet:-1, max-image-preview:large, max-video-preview:-1\" \/>\n<link rel=\"canonical\" href=\"https:\/\/www.epen.gov.ar\/index.php\/2021\/10\/01\/avanza-la-licitacion-del-anillo-norte\/\" \/>\n<meta property=\"og:locale\" content=\"es_ES\" \/>\n<meta property=\"og:type\" content=\"article\" \/>\n<meta property=\"og:title\" content=\"EPEN - Avanza la licitaci\u00f3n del Anillo norte\" \/>\n<meta property=\"og:description\" content=\"Avanza la licitaci\u00f3n del Anillo norte\" \/>\n<meta property=\"og:url\" content=\"https:\/\/www.epen.gov.ar\/index.php\/2021\/10\/01\/avanza-la-licitacion-del-anillo-norte\/\" \/>\n<meta property=\"og:site_name\" content=\"EPEN\" \/>\n<meta property=\"article:publisher\" content=\"https:\/\/www.facebook.com\/EPEN.Neuquen\" \/>\n<meta property=\"article:published_time\" content=\"2021-10-01T14:23:52+00:00\" \/>\n<meta property=\"article:modified_time\" content=\"2021-11-09T16:39:49+00:00\" \/>\n<meta property=\"og:image\" content=\"https:\/\/www.epen.gov.ar\/wp-content\/uploads\/2021\/09\/WhatsApp-Image-2021-09-30-at-14.05.42.jpeg\" \/>\n\t<meta property=\"og:image:width\" content=\"1600\" \/>\n\t<meta property=\"og:image:height\" content=\"720\" \/>\n\t<meta property=\"og:image:type\" content=\"image\/jpeg\" \/>\n<meta name=\"author\" content=\"Prensa EPEN\" \/>\n<meta name=\"twitter:card\" content=\"summary_large_image\" \/>\n<meta name=\"twitter:creator\" content=\"@EPEN_Informa\" \/>\n<meta name=\"twitter:site\" content=\"@EPEN_Informa\" \/>\n<meta name=\"twitter:label1\" content=\"Escrito por\" \/>\n\t<meta name=\"twitter:data1\" content=\"Prensa EPEN\" \/>\n\t<meta name=\"twitter:label2\" content=\"Tiempo de lectura\" \/>\n\t<meta name=\"twitter:data2\" content=\"4 minutos\" \/>\n<script type=\"application\/ld+json\" class=\"yoast-schema-graph\">{\"@context\":\"https:\/\/schema.org\",\"@graph\":[{\"@type\":\"Article\",\"@id\":\"https:\/\/www.epen.gov.ar\/index.php\/2021\/10\/01\/avanza-la-licitacion-del-anillo-norte\/#article\",\"isPartOf\":{\"@id\":\"https:\/\/www.epen.gov.ar\/index.php\/2021\/10\/01\/avanza-la-licitacion-del-anillo-norte\/\"},\"author\":{\"name\":\"Prensa EPEN\",\"@id\":\"https:\/\/www.epen.gov.ar\/#\/schema\/person\/ce6cff87c2fc01264becc10fa105ad4f\"},\"headline\":\"Avanza la licitaci\u00f3n del Anillo norte\",\"datePublished\":\"2021-10-01T14:23:52+00:00\",\"dateModified\":\"2021-11-09T16:39:49+00:00\",\"mainEntityOfPage\":{\"@id\":\"https:\/\/www.epen.gov.ar\/index.php\/2021\/10\/01\/avanza-la-licitacion-del-anillo-norte\/\"},\"wordCount\":842,\"publisher\":{\"@id\":\"https:\/\/www.epen.gov.ar\/#organization\"},\"image\":{\"@id\":\"https:\/\/www.epen.gov.ar\/index.php\/2021\/10\/01\/avanza-la-licitacion-del-anillo-norte\/#primaryimage\"},\"thumbnailUrl\":\"https:\/\/www.epen.gov.ar\/wp-content\/uploads\/2021\/09\/WhatsApp-Image-2021-09-30-at-14.05.42.jpeg\",\"keywords\":[\"Anillo Norte\",\"Calidad\",\"Chos Malal\",\"EPEN\",\"Las Lajas\",\"Licitaci\u00f3n P\u00fablica\",\"Norte\",\"Oeste\",\"Puesto Hernandez\",\"Seguridad Publica\",\"UPEFE\"],\"articleSection\":[\"Noticias\"],\"inLanguage\":\"es\"},{\"@type\":\"WebPage\",\"@id\":\"https:\/\/www.epen.gov.ar\/index.php\/2021\/10\/01\/avanza-la-licitacion-del-anillo-norte\/\",\"url\":\"https:\/\/www.epen.gov.ar\/index.php\/2021\/10\/01\/avanza-la-licitacion-del-anillo-norte\/\",\"name\":\"EPEN - Avanza la licitaci\u00f3n del Anillo norte\",\"isPartOf\":{\"@id\":\"https:\/\/www.epen.gov.ar\/#website\"},\"primaryImageOfPage\":{\"@id\":\"https:\/\/www.epen.gov.ar\/index.php\/2021\/10\/01\/avanza-la-licitacion-del-anillo-norte\/#primaryimage\"},\"image\":{\"@id\":\"https:\/\/www.epen.gov.ar\/index.php\/2021\/10\/01\/avanza-la-licitacion-del-anillo-norte\/#primaryimage\"},\"thumbnailUrl\":\"https:\/\/www.epen.gov.ar\/wp-content\/uploads\/2021\/09\/WhatsApp-Image-2021-09-30-at-14.05.42.jpeg\",\"datePublished\":\"2021-10-01T14:23:52+00:00\",\"dateModified\":\"2021-11-09T16:39:49+00:00\",\"description\":\"Avanza la licitaci\u00f3n del Anillo norte\",\"breadcrumb\":{\"@id\":\"https:\/\/www.epen.gov.ar\/index.php\/2021\/10\/01\/avanza-la-licitacion-del-anillo-norte\/#breadcrumb\"},\"inLanguage\":\"es\",\"potentialAction\":[{\"@type\":\"ReadAction\",\"target\":[\"https:\/\/www.epen.gov.ar\/index.php\/2021\/10\/01\/avanza-la-licitacion-del-anillo-norte\/\"]}]},{\"@type\":\"ImageObject\",\"inLanguage\":\"es\",\"@id\":\"https:\/\/www.epen.gov.ar\/index.php\/2021\/10\/01\/avanza-la-licitacion-del-anillo-norte\/#primaryimage\",\"url\":\"https:\/\/www.epen.gov.ar\/wp-content\/uploads\/2021\/09\/WhatsApp-Image-2021-09-30-at-14.05.42.jpeg\",\"contentUrl\":\"https:\/\/www.epen.gov.ar\/wp-content\/uploads\/2021\/09\/WhatsApp-Image-2021-09-30-at-14.05.42.jpeg\",\"width\":1600,\"height\":720},{\"@type\":\"BreadcrumbList\",\"@id\":\"https:\/\/www.epen.gov.ar\/index.php\/2021\/10\/01\/avanza-la-licitacion-del-anillo-norte\/#breadcrumb\",\"itemListElement\":[{\"@type\":\"ListItem\",\"position\":1,\"name\":\"Inicio\",\"item\":\"https:\/\/www.epen.gov.ar\/\"},{\"@type\":\"ListItem\",\"position\":2,\"name\":\"Avanza la licitaci\u00f3n del Anillo norte\"}]},{\"@type\":\"WebSite\",\"@id\":\"https:\/\/www.epen.gov.ar\/#website\",\"url\":\"https:\/\/www.epen.gov.ar\/\",\"name\":\"EPEN\",\"description\":\"Ente Provincial de Energ\u00eda del Neuqu\u00e9n\",\"publisher\":{\"@id\":\"https:\/\/www.epen.gov.ar\/#organization\"},\"potentialAction\":[{\"@type\":\"SearchAction\",\"target\":{\"@type\":\"EntryPoint\",\"urlTemplate\":\"https:\/\/www.epen.gov.ar\/?s={search_term_string}\"},\"query-input\":{\"@type\":\"PropertyValueSpecification\",\"valueRequired\":true,\"valueName\":\"search_term_string\"}}],\"inLanguage\":\"es\"},{\"@type\":\"Organization\",\"@id\":\"https:\/\/www.epen.gov.ar\/#organization\",\"name\":\"Ente Provincial de Energ\u00eda del Neuqu\u00e9n\",\"url\":\"https:\/\/www.epen.gov.ar\/\",\"logo\":{\"@type\":\"ImageObject\",\"inLanguage\":\"es\",\"@id\":\"https:\/\/www.epen.gov.ar\/#\/schema\/logo\/image\/\",\"url\":\"https:\/\/www.epen.gov.ar\/wp-content\/uploads\/2024\/02\/Logo-EPEN-2.jpg\",\"contentUrl\":\"https:\/\/www.epen.gov.ar\/wp-content\/uploads\/2024\/02\/Logo-EPEN-2.jpg\",\"width\":696,\"height\":696,\"caption\":\"Ente Provincial de Energ\u00eda del Neuqu\u00e9n\"},\"image\":{\"@id\":\"https:\/\/www.epen.gov.ar\/#\/schema\/logo\/image\/\"},\"sameAs\":[\"https:\/\/www.facebook.com\/EPEN.Neuquen\",\"https:\/\/x.com\/EPEN_Informa\",\"https:\/\/www.youtube.com\/@epenprensa7384\"]},{\"@type\":\"Person\",\"@id\":\"https:\/\/www.epen.gov.ar\/#\/schema\/person\/ce6cff87c2fc01264becc10fa105ad4f\",\"name\":\"Prensa EPEN\",\"image\":{\"@type\":\"ImageObject\",\"inLanguage\":\"es\",\"@id\":\"https:\/\/secure.gravatar.com\/avatar\/f8120b8688012ccf2d7fbcf7a970cfbabf0ab63b09c2dbd72c194bee080070e9?s=96&d=mm&r=g\",\"url\":\"https:\/\/secure.gravatar.com\/avatar\/f8120b8688012ccf2d7fbcf7a970cfbabf0ab63b09c2dbd72c194bee080070e9?s=96&d=mm&r=g\",\"contentUrl\":\"https:\/\/secure.gravatar.com\/avatar\/f8120b8688012ccf2d7fbcf7a970cfbabf0ab63b09c2dbd72c194bee080070e9?s=96&d=mm&r=g\",\"caption\":\"Prensa EPEN\"},\"url\":\"https:\/\/www.epen.gov.ar\/index.php\/author\/admin\/\"}]}<\/script>\n<!-- \/ Yoast SEO plugin. -->","yoast_head_json":{"title":"EPEN - Avanza la licitaci\u00f3n del Anillo norte","description":"Avanza la licitaci\u00f3n del Anillo norte","robots":{"index":"index","follow":"follow","max-snippet":"max-snippet:-1","max-image-preview":"max-image-preview:large","max-video-preview":"max-video-preview:-1"},"canonical":"https:\/\/www.epen.gov.ar\/index.php\/2021\/10\/01\/avanza-la-licitacion-del-anillo-norte\/","og_locale":"es_ES","og_type":"article","og_title":"EPEN - Avanza la licitaci\u00f3n del Anillo norte","og_description":"Avanza la licitaci\u00f3n del Anillo norte","og_url":"https:\/\/www.epen.gov.ar\/index.php\/2021\/10\/01\/avanza-la-licitacion-del-anillo-norte\/","og_site_name":"EPEN","article_publisher":"https:\/\/www.facebook.com\/EPEN.Neuquen","article_published_time":"2021-10-01T14:23:52+00:00","article_modified_time":"2021-11-09T16:39:49+00:00","og_image":[{"width":1600,"height":720,"url":"https:\/\/www.epen.gov.ar\/wp-content\/uploads\/2021\/09\/WhatsApp-Image-2021-09-30-at-14.05.42.jpeg","type":"image\/jpeg"}],"author":"Prensa EPEN","twitter_card":"summary_large_image","twitter_creator":"@EPEN_Informa","twitter_site":"@EPEN_Informa","twitter_misc":{"Escrito por":"Prensa EPEN","Tiempo de lectura":"4 minutos"},"schema":{"@context":"https:\/\/schema.org","@graph":[{"@type":"Article","@id":"https:\/\/www.epen.gov.ar\/index.php\/2021\/10\/01\/avanza-la-licitacion-del-anillo-norte\/#article","isPartOf":{"@id":"https:\/\/www.epen.gov.ar\/index.php\/2021\/10\/01\/avanza-la-licitacion-del-anillo-norte\/"},"author":{"name":"Prensa EPEN","@id":"https:\/\/www.epen.gov.ar\/#\/schema\/person\/ce6cff87c2fc01264becc10fa105ad4f"},"headline":"Avanza la licitaci\u00f3n del Anillo norte","datePublished":"2021-10-01T14:23:52+00:00","dateModified":"2021-11-09T16:39:49+00:00","mainEntityOfPage":{"@id":"https:\/\/www.epen.gov.ar\/index.php\/2021\/10\/01\/avanza-la-licitacion-del-anillo-norte\/"},"wordCount":842,"publisher":{"@id":"https:\/\/www.epen.gov.ar\/#organization"},"image":{"@id":"https:\/\/www.epen.gov.ar\/index.php\/2021\/10\/01\/avanza-la-licitacion-del-anillo-norte\/#primaryimage"},"thumbnailUrl":"https:\/\/www.epen.gov.ar\/wp-content\/uploads\/2021\/09\/WhatsApp-Image-2021-09-30-at-14.05.42.jpeg","keywords":["Anillo Norte","Calidad","Chos Malal","EPEN","Las Lajas","Licitaci\u00f3n P\u00fablica","Norte","Oeste","Puesto Hernandez","Seguridad Publica","UPEFE"],"articleSection":["Noticias"],"inLanguage":"es"},{"@type":"WebPage","@id":"https:\/\/www.epen.gov.ar\/index.php\/2021\/10\/01\/avanza-la-licitacion-del-anillo-norte\/","url":"https:\/\/www.epen.gov.ar\/index.php\/2021\/10\/01\/avanza-la-licitacion-del-anillo-norte\/","name":"EPEN - Avanza la licitaci\u00f3n del Anillo norte","isPartOf":{"@id":"https:\/\/www.epen.gov.ar\/#website"},"primaryImageOfPage":{"@id":"https:\/\/www.epen.gov.ar\/index.php\/2021\/10\/01\/avanza-la-licitacion-del-anillo-norte\/#primaryimage"},"image":{"@id":"https:\/\/www.epen.gov.ar\/index.php\/2021\/10\/01\/avanza-la-licitacion-del-anillo-norte\/#primaryimage"},"thumbnailUrl":"https:\/\/www.epen.gov.ar\/wp-content\/uploads\/2021\/09\/WhatsApp-Image-2021-09-30-at-14.05.42.jpeg","datePublished":"2021-10-01T14:23:52+00:00","dateModified":"2021-11-09T16:39:49+00:00","description":"Avanza la licitaci\u00f3n del Anillo norte","breadcrumb":{"@id":"https:\/\/www.epen.gov.ar\/index.php\/2021\/10\/01\/avanza-la-licitacion-del-anillo-norte\/#breadcrumb"},"inLanguage":"es","potentialAction":[{"@type":"ReadAction","target":["https:\/\/www.epen.gov.ar\/index.php\/2021\/10\/01\/avanza-la-licitacion-del-anillo-norte\/"]}]},{"@type":"ImageObject","inLanguage":"es","@id":"https:\/\/www.epen.gov.ar\/index.php\/2021\/10\/01\/avanza-la-licitacion-del-anillo-norte\/#primaryimage","url":"https:\/\/www.epen.gov.ar\/wp-content\/uploads\/2021\/09\/WhatsApp-Image-2021-09-30-at-14.05.42.jpeg","contentUrl":"https:\/\/www.epen.gov.ar\/wp-content\/uploads\/2021\/09\/WhatsApp-Image-2021-09-30-at-14.05.42.jpeg","width":1600,"height":720},{"@type":"BreadcrumbList","@id":"https:\/\/www.epen.gov.ar\/index.php\/2021\/10\/01\/avanza-la-licitacion-del-anillo-norte\/#breadcrumb","itemListElement":[{"@type":"ListItem","position":1,"name":"Inicio","item":"https:\/\/www.epen.gov.ar\/"},{"@type":"ListItem","position":2,"name":"Avanza la licitaci\u00f3n del Anillo norte"}]},{"@type":"WebSite","@id":"https:\/\/www.epen.gov.ar\/#website","url":"https:\/\/www.epen.gov.ar\/","name":"EPEN","description":"Ente Provincial de Energ\u00eda del Neuqu\u00e9n","publisher":{"@id":"https:\/\/www.epen.gov.ar\/#organization"},"potentialAction":[{"@type":"SearchAction","target":{"@type":"EntryPoint","urlTemplate":"https:\/\/www.epen.gov.ar\/?s={search_term_string}"},"query-input":{"@type":"PropertyValueSpecification","valueRequired":true,"valueName":"search_term_string"}}],"inLanguage":"es"},{"@type":"Organization","@id":"https:\/\/www.epen.gov.ar\/#organization","name":"Ente Provincial de Energ\u00eda del Neuqu\u00e9n","url":"https:\/\/www.epen.gov.ar\/","logo":{"@type":"ImageObject","inLanguage":"es","@id":"https:\/\/www.epen.gov.ar\/#\/schema\/logo\/image\/","url":"https:\/\/www.epen.gov.ar\/wp-content\/uploads\/2024\/02\/Logo-EPEN-2.jpg","contentUrl":"https:\/\/www.epen.gov.ar\/wp-content\/uploads\/2024\/02\/Logo-EPEN-2.jpg","width":696,"height":696,"caption":"Ente Provincial de Energ\u00eda del Neuqu\u00e9n"},"image":{"@id":"https:\/\/www.epen.gov.ar\/#\/schema\/logo\/image\/"},"sameAs":["https:\/\/www.facebook.com\/EPEN.Neuquen","https:\/\/x.com\/EPEN_Informa","https:\/\/www.youtube.com\/@epenprensa7384"]},{"@type":"Person","@id":"https:\/\/www.epen.gov.ar\/#\/schema\/person\/ce6cff87c2fc01264becc10fa105ad4f","name":"Prensa EPEN","image":{"@type":"ImageObject","inLanguage":"es","@id":"https:\/\/secure.gravatar.com\/avatar\/f8120b8688012ccf2d7fbcf7a970cfbabf0ab63b09c2dbd72c194bee080070e9?s=96&d=mm&r=g","url":"https:\/\/secure.gravatar.com\/avatar\/f8120b8688012ccf2d7fbcf7a970cfbabf0ab63b09c2dbd72c194bee080070e9?s=96&d=mm&r=g","contentUrl":"https:\/\/secure.gravatar.com\/avatar\/f8120b8688012ccf2d7fbcf7a970cfbabf0ab63b09c2dbd72c194bee080070e9?s=96&d=mm&r=g","caption":"Prensa EPEN"},"url":"https:\/\/www.epen.gov.ar\/index.php\/author\/admin\/"}]}},"_links":{"self":[{"href":"https:\/\/www.epen.gov.ar\/index.php\/wp-json\/wp\/v2\/posts\/38365","targetHints":{"allow":["GET"]}}],"collection":[{"href":"https:\/\/www.epen.gov.ar\/index.php\/wp-json\/wp\/v2\/posts"}],"about":[{"href":"https:\/\/www.epen.gov.ar\/index.php\/wp-json\/wp\/v2\/types\/post"}],"author":[{"embeddable":true,"href":"https:\/\/www.epen.gov.ar\/index.php\/wp-json\/wp\/v2\/users\/1"}],"replies":[{"embeddable":true,"href":"https:\/\/www.epen.gov.ar\/index.php\/wp-json\/wp\/v2\/comments?post=38365"}],"version-history":[{"count":4,"href":"https:\/\/www.epen.gov.ar\/index.php\/wp-json\/wp\/v2\/posts\/38365\/revisions"}],"predecessor-version":[{"id":70172,"href":"https:\/\/www.epen.gov.ar\/index.php\/wp-json\/wp\/v2\/posts\/38365\/revisions\/70172"}],"wp:featuredmedia":[{"embeddable":true,"href":"https:\/\/www.epen.gov.ar\/index.php\/wp-json\/wp\/v2\/media\/38363"}],"wp:attachment":[{"href":"https:\/\/www.epen.gov.ar\/index.php\/wp-json\/wp\/v2\/media?parent=38365"}],"wp:term":[{"taxonomy":"category","embeddable":true,"href":"https:\/\/www.epen.gov.ar\/index.php\/wp-json\/wp\/v2\/categories?post=38365"},{"taxonomy":"post_tag","embeddable":true,"href":"https:\/\/www.epen.gov.ar\/index.php\/wp-json\/wp\/v2\/tags?post=38365"}],"curies":[{"name":"wp","href":"https:\/\/api.w.org\/{rel}","templated":true}]}}