{"id":35293,"date":"2021-08-19T12:33:16","date_gmt":"2021-08-19T15:33:16","guid":{"rendered":"http:\/\/192.168.200.48\/?p=35293"},"modified":"2021-11-09T13:31:32","modified_gmt":"2021-11-09T16:31:32","slug":"energia-para-seis-familias-del-paraje-kilca","status":"publish","type":"post","link":"https:\/\/www.epen.gov.ar\/index.php\/2021\/08\/19\/energia-para-seis-familias-del-paraje-kilca\/","title":{"rendered":"Energ\u00eda para seis familias del paraje Kilca"},"content":{"rendered":"<div class=\"fusion-fullwidth fullwidth-box fusion-builder-row-1 fusion-flex-container nonhundred-percent-fullwidth non-hundred-percent-height-scrolling\" style=\"--awb-border-radius-top-left:0px;--awb-border-radius-top-right:0px;--awb-border-radius-bottom-right:0px;--awb-border-radius-bottom-left:0px;--awb-flex-wrap:wrap;\" ><div class=\"fusion-builder-row fusion-row fusion-flex-align-items-flex-start fusion-flex-content-wrap\" style=\"max-width:1393.6px;margin-left: calc(-4% \/ 2 );margin-right: calc(-4% \/ 2 );\"><div class=\"fusion-layout-column fusion_builder_column fusion-builder-column-0 fusion_builder_column_1_1 1_1 fusion-flex-column\" style=\"--awb-bg-size:cover;--awb-width-large:100%;--awb-margin-top-large:0px;--awb-spacing-right-large:1.92%;--awb-margin-bottom-large:0px;--awb-spacing-left-large:1.92%;--awb-width-medium:100%;--awb-spacing-right-medium:1.92%;--awb-spacing-left-medium:1.92%;--awb-width-small:100%;--awb-spacing-right-small:1.92%;--awb-spacing-left-small:1.92%;\"><div class=\"fusion-column-wrapper fusion-flex-justify-content-flex-start fusion-content-layout-column\"><div class=\"fusion-text fusion-text-1\"><p><strong><em>Se instalaron paneles solares que mejorar\u00e1n su calidad de vida. A partir de una fuente renovable, ahora cubrir\u00e1n requerimientos b\u00e1sicos de energ\u00eda el\u00e9ctrica y comunicaci\u00f3n.<\/em><\/strong><\/p>\n<p>El Ente Provincial de Energ\u00eda del Neuqu\u00e9n (EPEN) instal\u00f3 seis sistemas fotovoltaicos completos para abastecer las necesidades de energ\u00eda el\u00e9ctrica de seis familias rurales del paraje Kilca -departamento Alumin\u00e9- en el oeste provincial.<\/p>\n<p>Los trabajos, realizados por personal propio, consistieron en el montaje de sistemas de paneles solares e incluyeron la instalaci\u00f3n el\u00e9ctrica interna completa para cada vivienda familiar. Los sistemas instalados se conforman por dos o tres paneles fotovoltaicos, bater\u00edas con su respectivo contenedor, instalaci\u00f3n interna con luminarias incluidas, toma para comunicaci\u00f3n y un tablero de control y protecci\u00f3n.<\/p>\n<p>De esta forma, se cubren las necesidades de iluminaci\u00f3n y comunicaci\u00f3n de pobladores rurales que, alejados de los centros urbanos, no contaban con ning\u00fan tipo de energ\u00eda. Sin ella, ya sea a trav\u00e9s de la red u otro medio de generaci\u00f3n, la \u00fanica posibilidad a la noche era utilizar velas, fuego, linternas, o mecheros.<\/p>\n<p>Si bien la lejan\u00eda de los centros urbanos dificulta llevar la energ\u00eda, a fin de satisfacer los requerimientos y asegurar la igualdad de oportunidades, el EPEN recurre muchas veces a fuentes de financiamiento internacionales -gestionadas por el gobierno provincial- para ejecutar planes de desarrollo del tipo de infraestructura necesaria que ayuda a mejorar la calidad de vida de dichos pobladores.<\/p>\n<p>En tanto, existen programas como el PERMER que permite la colocaci\u00f3n de paneles solares, u otros como el PROSAP que, a trav\u00e9s de largos procesos de estudios y relevamientos hasta su ejecuci\u00f3n, permite llegar con la energ\u00eda por redes; como las obras que en estos momentos el EPEN realiza en la zona sur.<\/p>\n<p>En el caso de Kilca, la inversi\u00f3n -del orden del mill\u00f3n y medio de pesos- fue realizada con recursos propios.<\/p>\n<\/div><\/div><\/div><\/div><\/div>\n","protected":false},"excerpt":{"rendered":"","protected":false},"author":1,"featured_media":35356,"comment_status":"closed","ping_status":"closed","sticky":false,"template":"","format":"standard","meta":{"_exactmetrics_skip_tracking":false,"_exactmetrics_sitenote_active":false,"_exactmetrics_sitenote_note":"","_exactmetrics_sitenote_category":0,"footnotes":""},"categories":[84],"tags":[157,317,269,161],"class_list":["post-35293","post","type-post","status-publish","format-standard","has-post-thumbnail","hentry","category-noticias","tag-alumine","tag-ambiente","tag-kilca","tag-paneles-solares"],"yoast_head":"<!-- This site is optimized with the Yoast SEO plugin v27.2 - https:\/\/yoast.com\/product\/yoast-seo-wordpress\/ -->\n<title>EPEN - Energ\u00eda para seis familias del paraje Kilca<\/title>\n<meta name=\"description\" content=\"Energ\u00eda para seis familias del paraje Kilca\" \/>\n<meta name=\"robots\" content=\"index, follow, max-snippet:-1, max-image-preview:large, max-video-preview:-1\" \/>\n<link rel=\"canonical\" href=\"https:\/\/www.epen.gov.ar\/index.php\/2021\/08\/19\/energia-para-seis-familias-del-paraje-kilca\/\" \/>\n<meta property=\"og:locale\" content=\"es_ES\" \/>\n<meta property=\"og:type\" content=\"article\" \/>\n<meta property=\"og:title\" content=\"EPEN - Energ\u00eda para seis familias del paraje Kilca\" \/>\n<meta property=\"og:description\" content=\"Energ\u00eda para seis familias del paraje Kilca\" \/>\n<meta property=\"og:url\" content=\"https:\/\/www.epen.gov.ar\/index.php\/2021\/08\/19\/energia-para-seis-familias-del-paraje-kilca\/\" \/>\n<meta property=\"og:site_name\" content=\"EPEN\" \/>\n<meta property=\"article:publisher\" content=\"https:\/\/www.facebook.com\/EPEN.Neuquen\" \/>\n<meta property=\"article:published_time\" content=\"2021-08-19T15:33:16+00:00\" \/>\n<meta property=\"article:modified_time\" content=\"2021-11-09T16:31:32+00:00\" \/>\n<meta property=\"og:image\" content=\"https:\/\/www.epen.gov.ar\/wp-content\/uploads\/2021\/08\/Paneles-familias-Kilca-EPEN-2.jpeg\" \/>\n\t<meta property=\"og:image:width\" content=\"1307\" \/>\n\t<meta property=\"og:image:height\" content=\"732\" \/>\n\t<meta property=\"og:image:type\" content=\"image\/jpeg\" \/>\n<meta name=\"author\" content=\"Prensa EPEN\" \/>\n<meta name=\"twitter:card\" content=\"summary_large_image\" \/>\n<meta name=\"twitter:creator\" content=\"@EPEN_Informa\" \/>\n<meta name=\"twitter:site\" content=\"@EPEN_Informa\" \/>\n<meta name=\"twitter:label1\" content=\"Escrito por\" \/>\n\t<meta name=\"twitter:data1\" content=\"Prensa EPEN\" \/>\n\t<meta name=\"twitter:label2\" content=\"Tiempo de lectura\" \/>\n\t<meta name=\"twitter:data2\" content=\"3 minutos\" \/>\n<script type=\"application\/ld+json\" class=\"yoast-schema-graph\">{\"@context\":\"https:\/\/schema.org\",\"@graph\":[{\"@type\":\"Article\",\"@id\":\"https:\/\/www.epen.gov.ar\/index.php\/2021\/08\/19\/energia-para-seis-familias-del-paraje-kilca\/#article\",\"isPartOf\":{\"@id\":\"https:\/\/www.epen.gov.ar\/index.php\/2021\/08\/19\/energia-para-seis-familias-del-paraje-kilca\/\"},\"author\":{\"name\":\"Prensa EPEN\",\"@id\":\"https:\/\/www.epen.gov.ar\/#\/schema\/person\/ce6cff87c2fc01264becc10fa105ad4f\"},\"headline\":\"Energ\u00eda para seis familias del paraje Kilca\",\"datePublished\":\"2021-08-19T15:33:16+00:00\",\"dateModified\":\"2021-11-09T16:31:32+00:00\",\"mainEntityOfPage\":{\"@id\":\"https:\/\/www.epen.gov.ar\/index.php\/2021\/08\/19\/energia-para-seis-familias-del-paraje-kilca\/\"},\"wordCount\":512,\"publisher\":{\"@id\":\"https:\/\/www.epen.gov.ar\/#organization\"},\"image\":{\"@id\":\"https:\/\/www.epen.gov.ar\/index.php\/2021\/08\/19\/energia-para-seis-familias-del-paraje-kilca\/#primaryimage\"},\"thumbnailUrl\":\"https:\/\/www.epen.gov.ar\/wp-content\/uploads\/2021\/08\/Paneles-familias-Kilca-EPEN-2.jpeg\",\"keywords\":[\"Alumine\",\"Ambiente\",\"Kilca\",\"Paneles Solares\"],\"articleSection\":[\"Noticias\"],\"inLanguage\":\"es\"},{\"@type\":\"WebPage\",\"@id\":\"https:\/\/www.epen.gov.ar\/index.php\/2021\/08\/19\/energia-para-seis-familias-del-paraje-kilca\/\",\"url\":\"https:\/\/www.epen.gov.ar\/index.php\/2021\/08\/19\/energia-para-seis-familias-del-paraje-kilca\/\",\"name\":\"EPEN - Energ\u00eda para seis familias del paraje Kilca\",\"isPartOf\":{\"@id\":\"https:\/\/www.epen.gov.ar\/#website\"},\"primaryImageOfPage\":{\"@id\":\"https:\/\/www.epen.gov.ar\/index.php\/2021\/08\/19\/energia-para-seis-familias-del-paraje-kilca\/#primaryimage\"},\"image\":{\"@id\":\"https:\/\/www.epen.gov.ar\/index.php\/2021\/08\/19\/energia-para-seis-familias-del-paraje-kilca\/#primaryimage\"},\"thumbnailUrl\":\"https:\/\/www.epen.gov.ar\/wp-content\/uploads\/2021\/08\/Paneles-familias-Kilca-EPEN-2.jpeg\",\"datePublished\":\"2021-08-19T15:33:16+00:00\",\"dateModified\":\"2021-11-09T16:31:32+00:00\",\"description\":\"Energ\u00eda para seis familias del paraje Kilca\",\"breadcrumb\":{\"@id\":\"https:\/\/www.epen.gov.ar\/index.php\/2021\/08\/19\/energia-para-seis-familias-del-paraje-kilca\/#breadcrumb\"},\"inLanguage\":\"es\",\"potentialAction\":[{\"@type\":\"ReadAction\",\"target\":[\"https:\/\/www.epen.gov.ar\/index.php\/2021\/08\/19\/energia-para-seis-familias-del-paraje-kilca\/\"]}]},{\"@type\":\"ImageObject\",\"inLanguage\":\"es\",\"@id\":\"https:\/\/www.epen.gov.ar\/index.php\/2021\/08\/19\/energia-para-seis-familias-del-paraje-kilca\/#primaryimage\",\"url\":\"https:\/\/www.epen.gov.ar\/wp-content\/uploads\/2021\/08\/Paneles-familias-Kilca-EPEN-2.jpeg\",\"contentUrl\":\"https:\/\/www.epen.gov.ar\/wp-content\/uploads\/2021\/08\/Paneles-familias-Kilca-EPEN-2.jpeg\",\"width\":1307,\"height\":732},{\"@type\":\"BreadcrumbList\",\"@id\":\"https:\/\/www.epen.gov.ar\/index.php\/2021\/08\/19\/energia-para-seis-familias-del-paraje-kilca\/#breadcrumb\",\"itemListElement\":[{\"@type\":\"ListItem\",\"position\":1,\"name\":\"Inicio\",\"item\":\"https:\/\/www.epen.gov.ar\/\"},{\"@type\":\"ListItem\",\"position\":2,\"name\":\"Energ\u00eda para seis familias del paraje Kilca\"}]},{\"@type\":\"WebSite\",\"@id\":\"https:\/\/www.epen.gov.ar\/#website\",\"url\":\"https:\/\/www.epen.gov.ar\/\",\"name\":\"EPEN\",\"description\":\"Ente Provincial de Energ\u00eda del Neuqu\u00e9n\",\"publisher\":{\"@id\":\"https:\/\/www.epen.gov.ar\/#organization\"},\"potentialAction\":[{\"@type\":\"SearchAction\",\"target\":{\"@type\":\"EntryPoint\",\"urlTemplate\":\"https:\/\/www.epen.gov.ar\/?s={search_term_string}\"},\"query-input\":{\"@type\":\"PropertyValueSpecification\",\"valueRequired\":true,\"valueName\":\"search_term_string\"}}],\"inLanguage\":\"es\"},{\"@type\":\"Organization\",\"@id\":\"https:\/\/www.epen.gov.ar\/#organization\",\"name\":\"Ente Provincial de Energ\u00eda del Neuqu\u00e9n\",\"url\":\"https:\/\/www.epen.gov.ar\/\",\"logo\":{\"@type\":\"ImageObject\",\"inLanguage\":\"es\",\"@id\":\"https:\/\/www.epen.gov.ar\/#\/schema\/logo\/image\/\",\"url\":\"https:\/\/www.epen.gov.ar\/wp-content\/uploads\/2024\/02\/Logo-EPEN-2.jpg\",\"contentUrl\":\"https:\/\/www.epen.gov.ar\/wp-content\/uploads\/2024\/02\/Logo-EPEN-2.jpg\",\"width\":696,\"height\":696,\"caption\":\"Ente Provincial de Energ\u00eda del Neuqu\u00e9n\"},\"image\":{\"@id\":\"https:\/\/www.epen.gov.ar\/#\/schema\/logo\/image\/\"},\"sameAs\":[\"https:\/\/www.facebook.com\/EPEN.Neuquen\",\"https:\/\/x.com\/EPEN_Informa\",\"https:\/\/www.youtube.com\/@epenprensa7384\"]},{\"@type\":\"Person\",\"@id\":\"https:\/\/www.epen.gov.ar\/#\/schema\/person\/ce6cff87c2fc01264becc10fa105ad4f\",\"name\":\"Prensa EPEN\",\"image\":{\"@type\":\"ImageObject\",\"inLanguage\":\"es\",\"@id\":\"https:\/\/secure.gravatar.com\/avatar\/f8120b8688012ccf2d7fbcf7a970cfbabf0ab63b09c2dbd72c194bee080070e9?s=96&d=mm&r=g\",\"url\":\"https:\/\/secure.gravatar.com\/avatar\/f8120b8688012ccf2d7fbcf7a970cfbabf0ab63b09c2dbd72c194bee080070e9?s=96&d=mm&r=g\",\"contentUrl\":\"https:\/\/secure.gravatar.com\/avatar\/f8120b8688012ccf2d7fbcf7a970cfbabf0ab63b09c2dbd72c194bee080070e9?s=96&d=mm&r=g\",\"caption\":\"Prensa EPEN\"},\"url\":\"https:\/\/www.epen.gov.ar\/index.php\/author\/admin\/\"}]}<\/script>\n<!-- \/ Yoast SEO plugin. -->","yoast_head_json":{"title":"EPEN - Energ\u00eda para seis familias del paraje Kilca","description":"Energ\u00eda para seis familias del paraje Kilca","robots":{"index":"index","follow":"follow","max-snippet":"max-snippet:-1","max-image-preview":"max-image-preview:large","max-video-preview":"max-video-preview:-1"},"canonical":"https:\/\/www.epen.gov.ar\/index.php\/2021\/08\/19\/energia-para-seis-familias-del-paraje-kilca\/","og_locale":"es_ES","og_type":"article","og_title":"EPEN - Energ\u00eda para seis familias del paraje Kilca","og_description":"Energ\u00eda para seis familias del paraje Kilca","og_url":"https:\/\/www.epen.gov.ar\/index.php\/2021\/08\/19\/energia-para-seis-familias-del-paraje-kilca\/","og_site_name":"EPEN","article_publisher":"https:\/\/www.facebook.com\/EPEN.Neuquen","article_published_time":"2021-08-19T15:33:16+00:00","article_modified_time":"2021-11-09T16:31:32+00:00","og_image":[{"width":1307,"height":732,"url":"https:\/\/www.epen.gov.ar\/wp-content\/uploads\/2021\/08\/Paneles-familias-Kilca-EPEN-2.jpeg","type":"image\/jpeg"}],"author":"Prensa EPEN","twitter_card":"summary_large_image","twitter_creator":"@EPEN_Informa","twitter_site":"@EPEN_Informa","twitter_misc":{"Escrito por":"Prensa EPEN","Tiempo de lectura":"3 minutos"},"schema":{"@context":"https:\/\/schema.org","@graph":[{"@type":"Article","@id":"https:\/\/www.epen.gov.ar\/index.php\/2021\/08\/19\/energia-para-seis-familias-del-paraje-kilca\/#article","isPartOf":{"@id":"https:\/\/www.epen.gov.ar\/index.php\/2021\/08\/19\/energia-para-seis-familias-del-paraje-kilca\/"},"author":{"name":"Prensa EPEN","@id":"https:\/\/www.epen.gov.ar\/#\/schema\/person\/ce6cff87c2fc01264becc10fa105ad4f"},"headline":"Energ\u00eda para seis familias del paraje Kilca","datePublished":"2021-08-19T15:33:16+00:00","dateModified":"2021-11-09T16:31:32+00:00","mainEntityOfPage":{"@id":"https:\/\/www.epen.gov.ar\/index.php\/2021\/08\/19\/energia-para-seis-familias-del-paraje-kilca\/"},"wordCount":512,"publisher":{"@id":"https:\/\/www.epen.gov.ar\/#organization"},"image":{"@id":"https:\/\/www.epen.gov.ar\/index.php\/2021\/08\/19\/energia-para-seis-familias-del-paraje-kilca\/#primaryimage"},"thumbnailUrl":"https:\/\/www.epen.gov.ar\/wp-content\/uploads\/2021\/08\/Paneles-familias-Kilca-EPEN-2.jpeg","keywords":["Alumine","Ambiente","Kilca","Paneles Solares"],"articleSection":["Noticias"],"inLanguage":"es"},{"@type":"WebPage","@id":"https:\/\/www.epen.gov.ar\/index.php\/2021\/08\/19\/energia-para-seis-familias-del-paraje-kilca\/","url":"https:\/\/www.epen.gov.ar\/index.php\/2021\/08\/19\/energia-para-seis-familias-del-paraje-kilca\/","name":"EPEN - Energ\u00eda para seis familias del paraje Kilca","isPartOf":{"@id":"https:\/\/www.epen.gov.ar\/#website"},"primaryImageOfPage":{"@id":"https:\/\/www.epen.gov.ar\/index.php\/2021\/08\/19\/energia-para-seis-familias-del-paraje-kilca\/#primaryimage"},"image":{"@id":"https:\/\/www.epen.gov.ar\/index.php\/2021\/08\/19\/energia-para-seis-familias-del-paraje-kilca\/#primaryimage"},"thumbnailUrl":"https:\/\/www.epen.gov.ar\/wp-content\/uploads\/2021\/08\/Paneles-familias-Kilca-EPEN-2.jpeg","datePublished":"2021-08-19T15:33:16+00:00","dateModified":"2021-11-09T16:31:32+00:00","description":"Energ\u00eda para seis familias del paraje Kilca","breadcrumb":{"@id":"https:\/\/www.epen.gov.ar\/index.php\/2021\/08\/19\/energia-para-seis-familias-del-paraje-kilca\/#breadcrumb"},"inLanguage":"es","potentialAction":[{"@type":"ReadAction","target":["https:\/\/www.epen.gov.ar\/index.php\/2021\/08\/19\/energia-para-seis-familias-del-paraje-kilca\/"]}]},{"@type":"ImageObject","inLanguage":"es","@id":"https:\/\/www.epen.gov.ar\/index.php\/2021\/08\/19\/energia-para-seis-familias-del-paraje-kilca\/#primaryimage","url":"https:\/\/www.epen.gov.ar\/wp-content\/uploads\/2021\/08\/Paneles-familias-Kilca-EPEN-2.jpeg","contentUrl":"https:\/\/www.epen.gov.ar\/wp-content\/uploads\/2021\/08\/Paneles-familias-Kilca-EPEN-2.jpeg","width":1307,"height":732},{"@type":"BreadcrumbList","@id":"https:\/\/www.epen.gov.ar\/index.php\/2021\/08\/19\/energia-para-seis-familias-del-paraje-kilca\/#breadcrumb","itemListElement":[{"@type":"ListItem","position":1,"name":"Inicio","item":"https:\/\/www.epen.gov.ar\/"},{"@type":"ListItem","position":2,"name":"Energ\u00eda para seis familias del paraje Kilca"}]},{"@type":"WebSite","@id":"https:\/\/www.epen.gov.ar\/#website","url":"https:\/\/www.epen.gov.ar\/","name":"EPEN","description":"Ente Provincial de Energ\u00eda del Neuqu\u00e9n","publisher":{"@id":"https:\/\/www.epen.gov.ar\/#organization"},"potentialAction":[{"@type":"SearchAction","target":{"@type":"EntryPoint","urlTemplate":"https:\/\/www.epen.gov.ar\/?s={search_term_string}"},"query-input":{"@type":"PropertyValueSpecification","valueRequired":true,"valueName":"search_term_string"}}],"inLanguage":"es"},{"@type":"Organization","@id":"https:\/\/www.epen.gov.ar\/#organization","name":"Ente Provincial de Energ\u00eda del Neuqu\u00e9n","url":"https:\/\/www.epen.gov.ar\/","logo":{"@type":"ImageObject","inLanguage":"es","@id":"https:\/\/www.epen.gov.ar\/#\/schema\/logo\/image\/","url":"https:\/\/www.epen.gov.ar\/wp-content\/uploads\/2024\/02\/Logo-EPEN-2.jpg","contentUrl":"https:\/\/www.epen.gov.ar\/wp-content\/uploads\/2024\/02\/Logo-EPEN-2.jpg","width":696,"height":696,"caption":"Ente Provincial de Energ\u00eda del Neuqu\u00e9n"},"image":{"@id":"https:\/\/www.epen.gov.ar\/#\/schema\/logo\/image\/"},"sameAs":["https:\/\/www.facebook.com\/EPEN.Neuquen","https:\/\/x.com\/EPEN_Informa","https:\/\/www.youtube.com\/@epenprensa7384"]},{"@type":"Person","@id":"https:\/\/www.epen.gov.ar\/#\/schema\/person\/ce6cff87c2fc01264becc10fa105ad4f","name":"Prensa EPEN","image":{"@type":"ImageObject","inLanguage":"es","@id":"https:\/\/secure.gravatar.com\/avatar\/f8120b8688012ccf2d7fbcf7a970cfbabf0ab63b09c2dbd72c194bee080070e9?s=96&d=mm&r=g","url":"https:\/\/secure.gravatar.com\/avatar\/f8120b8688012ccf2d7fbcf7a970cfbabf0ab63b09c2dbd72c194bee080070e9?s=96&d=mm&r=g","contentUrl":"https:\/\/secure.gravatar.com\/avatar\/f8120b8688012ccf2d7fbcf7a970cfbabf0ab63b09c2dbd72c194bee080070e9?s=96&d=mm&r=g","caption":"Prensa EPEN"},"url":"https:\/\/www.epen.gov.ar\/index.php\/author\/admin\/"}]}},"_links":{"self":[{"href":"https:\/\/www.epen.gov.ar\/index.php\/wp-json\/wp\/v2\/posts\/35293","targetHints":{"allow":["GET"]}}],"collection":[{"href":"https:\/\/www.epen.gov.ar\/index.php\/wp-json\/wp\/v2\/posts"}],"about":[{"href":"https:\/\/www.epen.gov.ar\/index.php\/wp-json\/wp\/v2\/types\/post"}],"author":[{"embeddable":true,"href":"https:\/\/www.epen.gov.ar\/index.php\/wp-json\/wp\/v2\/users\/1"}],"replies":[{"embeddable":true,"href":"https:\/\/www.epen.gov.ar\/index.php\/wp-json\/wp\/v2\/comments?post=35293"}],"version-history":[{"count":3,"href":"https:\/\/www.epen.gov.ar\/index.php\/wp-json\/wp\/v2\/posts\/35293\/revisions"}],"predecessor-version":[{"id":69887,"href":"https:\/\/www.epen.gov.ar\/index.php\/wp-json\/wp\/v2\/posts\/35293\/revisions\/69887"}],"wp:featuredmedia":[{"embeddable":true,"href":"https:\/\/www.epen.gov.ar\/index.php\/wp-json\/wp\/v2\/media\/35356"}],"wp:attachment":[{"href":"https:\/\/www.epen.gov.ar\/index.php\/wp-json\/wp\/v2\/media?parent=35293"}],"wp:term":[{"taxonomy":"category","embeddable":true,"href":"https:\/\/www.epen.gov.ar\/index.php\/wp-json\/wp\/v2\/categories?post=35293"},{"taxonomy":"post_tag","embeddable":true,"href":"https:\/\/www.epen.gov.ar\/index.php\/wp-json\/wp\/v2\/tags?post=35293"}],"curies":[{"name":"wp","href":"https:\/\/api.w.org\/{rel}","templated":true}]}}