{"id":33917,"date":"2021-07-30T10:08:52","date_gmt":"2021-07-30T13:08:52","guid":{"rendered":"http:\/\/192.168.200.48\/?p=33917"},"modified":"2021-11-09T12:55:29","modified_gmt":"2021-11-09T15:55:29","slug":"se-conectaron-44-paneles-en-edificio-de-centenario","status":"publish","type":"post","link":"https:\/\/www.epen.gov.ar\/index.php\/2021\/07\/30\/se-conectaron-44-paneles-en-edificio-de-centenario\/","title":{"rendered":"Se conectaron 48 paneles en edificio de Centenario"},"content":{"rendered":"<div class=\"fusion-fullwidth fullwidth-box fusion-builder-row-1 nonhundred-percent-fullwidth non-hundred-percent-height-scrolling\" style=\"--awb-border-radius-top-left:0px;--awb-border-radius-top-right:0px;--awb-border-radius-bottom-right:0px;--awb-border-radius-bottom-left:0px;--awb-flex-wrap:wrap;\" ><div class=\"fusion-builder-row fusion-row\"><div class=\"fusion-layout-column fusion_builder_column fusion-builder-column-0 fusion_builder_column_2_3 2_3 fusion-two-third fusion-column-first\" style=\"--awb-bg-size:cover;width:66.666666666667%;width:calc(66.666666666667% - ( ( 4% ) * 0.66666666666667 ) );margin-right: 4%;\"><div class=\"fusion-column-wrapper fusion-column-has-shadow fusion-flex-column-wrapper-legacy\"><div class=\"fusion-text fusion-text-1\"><p style=\"font-weight: 400; text-align: justify;\"><em><strong>La instalaci\u00f3n se realiz\u00f3 en la Asociaci\u00f3n de Padres y Amigos del Discapacitado en Centenario. El sistema inyecta energ\u00eda a la red y cubre la demanda del edificio.<\/strong><\/em><\/p>\n<p>El Ente Provincial de Energ\u00eda del Neuqu\u00e9n (EPEN) dependiente de la Secretar\u00eda general y Servicios P\u00fablicos puso en marcha un sistema de paneles solares conectados a la red domiciliaria de la Asociaci\u00f3n de Padres y Amigos del Discapacitado en Centenario (Apadic), un centro del \u00e1mbito urbano dedicado a la formaci\u00f3n, con talleres para j\u00f3venes y adultos.<\/p>\n<p>Dicha instalaci\u00f3n, es parte del proyecto de generaci\u00f3n distribuida que se trabaj\u00f3 en conjunto con un consorcio constituido por la Universidad de San Mart\u00edn, el EPEN y la empresa SerSolar y Dipesa, que con financiamiento del entonces Ministerio de Ciencia y T\u00e9cnica de la Naci\u00f3n permiti\u00f3 colocar paneles solares en edificios de la localidad como prueba piloto \u00fanica en el pa\u00eds, para analizar el comportamiento de la generaci\u00f3n distribuida.<\/p>\n<p>En la sede de Apadic, en el marco de un encuentro en el que participaron el presidente del EPEN Francisco Zamb\u00f3n, el director por el ejecutivo Ra\u00fal Tojo, el gerente general Ra\u00fal Barahona y el equipo de Energ\u00edas Renovables del EPEN junto a la directora de la APADIC Gabriela Fern\u00e1ndez, se pusieron en marcha 48 paneles que cubrir\u00e1n todo el consumo de energ\u00eda de la Asociaci\u00f3n durante las horas de luz solar y cuyo excedente energ\u00e9tico, ser\u00e1 volcado a la red.<\/p>\n<p>Zambon manifest\u00f3 que \u201csi bien el\u00a0objetivo del proyecto es demostrar el funcionamiento de la inyecci\u00f3n de generaci\u00f3n distribuida en una red de distribuci\u00f3n, adem\u00e1s, al colocar estos equipos en instituciones educativas como lo hicimos tambi\u00e9n en la Escuela Primaria 109 o en la EPET 2 y la EPET 22, es que las nuevas generaciones y los estudiantes puedan familiarizarse con este tipo de energ\u00edas para estudiarlas y verlas de cerca\u201d.<\/p>\n<p>Por su parte, la directora Gabriela Fern\u00e1ndez expres\u00f3 su agradecimiento por la obra. \u201cSignifica mucho, podremos economizar, ahorrar e invertir en muchas otras cosas que necesitamos, ya que aqu\u00ed trabajamos con chicos con discapacidad y es importante para nosotros\u201d, indic\u00f3.<\/p>\n<p>El gerente general del EPEN coment\u00f3 que \u201ca partir de esta instalaci\u00f3n se les dar\u00e1 aproximadamente diez veces m\u00e1s potencia a la instituci\u00f3n y a medida que instalen m\u00e1s equipamiento les permitir\u00e1 tomar esa energ\u00eda\u201d. Adem\u00e1s, reconoci\u00f3 el trabajo \u201cdel equipo de energ\u00edas renovables que hace posible estas obras, el profesionalismo de la empresa que instal\u00f3 los paneles, y a la instituci\u00f3n con m\u00e1s de 30 chicos donde aprenden distintas tareas y tienen contenci\u00f3n\u201d.<\/p>\n<p>El proyecto \u2013que se encuentra pr\u00f3ximo a finalizar- involucra sistemas de paneles solares en edificios de Centenario como viviendas, escuelas primarias y secundarias, municipalidad, supermercado y edificios como el del Banco Provincia del Neuqu\u00e9n y oficinas t\u00e9cnicas y comerciales del EPEN, todos conectados a un mismo transformador.<\/p>\n<\/div><div class=\"fusion-clearfix\"><\/div><\/div><\/div><div class=\"fusion-layout-column fusion_builder_column fusion-builder-column-1 fusion_builder_column_1_3 1_3 fusion-one-third fusion-column-last\" style=\"--awb-bg-size:cover;width:33.333333333333%;width:calc(33.333333333333% - ( ( 4% ) * 0.33333333333333 ) );\"><div class=\"fusion-column-wrapper fusion-column-has-shadow fusion-flex-column-wrapper-legacy\"><div class=\"fusion-widget-area awb-widget-area-element fusion-widget-area-1 fusion-content-widget-area\" style=\"--awb-title-size:20px;--awb-title-color:#333333;--awb-padding:0px 0px 0px 0px;\"><style type=\"text\/css\" data-id=\"tweets-widget-2\">#tweets-widget-2 li { border-color:#eaeaea;}<\/style><section id=\"tweets-widget-2\" class=\"widget tweets\" style=\"border-style: solid;border-color: #eaeaea;border-color:transparent;border-width:0px;\">\t\t\t\t\n\t\t<div style=\"overflow:hidden\">\n\t\t\t\t\t\t\t\t\t\t\t<a class=\"twitter-timeline\" data-dnt=\"true\" href=\"https:\/\/twitter.com\/@EPEN_Informa\" data-width=\"500\" data-height=\"300\" width=\"500\" height=\"300\" data-theme=\"light\" data-link-color=\"##25a9bd\" data-border-color=\"#eaeaea\" data-chrome=\"\">Tweets por @EPEN_Informa<\/a>\n\t\t\t\t\t\t\t\n\t\t\t\t\t\t\t\t\t\t\t<script async src=\"\/\/platform.twitter.com\/widgets.js\" charset=\"utf-8\"><\/script>\n\t\t\t\t\t\t\t\n\t\t<\/div>\n\t\t<\/section>\n\t\t<section id=\"recent-posts-3\" class=\"widget widget_recent_entries\" style=\"border-style: solid;border-color:transparent;border-width:0px;\">\n\t\t<div class=\"heading\"><h4 class=\"widget-title\">Entradas recientes<\/h4><\/div>\n\t\t<ul>\n\t\t\t\t\t\t\t\t\t\t\t<li>\n\t\t\t\t\t<a href=\"https:\/\/www.epen.gov.ar\/index.php\/2026\/04\/30\/corte-programado-en-sectores-de-rincon-de-los-sauces-el-02-05-2026\/\">Corte Programado en sectores de Rinc\u00f3n de los Sauces el 02\/05\/2026<\/a>\n\t\t\t\t\t\t\t\t\t\t\t<span class=\"post-date\">30\/04\/2026<\/span>\n\t\t\t\t\t\t\t\t\t<\/li>\n\t\t\t\t\t\t\t\t\t\t\t<li>\n\t\t\t\t\t<a href=\"https:\/\/www.epen.gov.ar\/index.php\/2026\/04\/30\/licitacion-publica-n-14-2026-contratacion-de-servicios-de-desarrollo-y-mantenimiento-de-sistemas-informaticos\/\">LICITACI\u00d3N P\u00daBLICA N\u00b0 14\/2026 CONTRATACI\u00d3N DE SERVICIOS DE DESARROLLO Y MANTENIMIENTO DE SISTEMAS INFORM\u00c1TICOS<\/a>\n\t\t\t\t\t\t\t\t\t\t\t<span class=\"post-date\">30\/04\/2026<\/span>\n\t\t\t\t\t\t\t\t\t<\/li>\n\t\t\t\t\t\t\t\t\t\t\t<li>\n\t\t\t\t\t<a href=\"https:\/\/www.epen.gov.ar\/index.php\/2026\/04\/29\/corte-programado-en-sectores-de-centenario-el-30-04-2026\/\">Corte Programado en sectores de Centenario el 30\/04\/2026<\/a>\n\t\t\t\t\t\t\t\t\t\t\t<span class=\"post-date\">29\/04\/2026<\/span>\n\t\t\t\t\t\t\t\t\t<\/li>\n\t\t\t\t\t\t\t\t\t\t\t<li>\n\t\t\t\t\t<a href=\"https:\/\/www.epen.gov.ar\/index.php\/2026\/04\/28\/el-epen-impulsa-el-desarrollo-de-varvarco-con-nueva-infraestructura-para-17-lotes\/\">El EPEN impulsa el desarrollo de Varvarco con nueva infraestructura para 17 lotes<\/a>\n\t\t\t\t\t\t\t\t\t\t\t<span class=\"post-date\">28\/04\/2026<\/span>\n\t\t\t\t\t\t\t\t\t<\/li>\n\t\t\t\t\t\t\t\t\t\t\t<li>\n\t\t\t\t\t<a href=\"https:\/\/www.epen.gov.ar\/index.php\/2026\/04\/28\/corte-programado-en-sectores-de-zona-nahueve-el-30-04-2026\/\">Corte Programado en sectores de zona Nahueve el 30\/04\/2026<\/a>\n\t\t\t\t\t\t\t\t\t\t\t<span class=\"post-date\">28\/04\/2026<\/span>\n\t\t\t\t\t\t\t\t\t<\/li>\n\t\t\t\t\t<\/ul>\n\n\t\t<\/section><div class=\"fusion-additional-widget-content\"><\/div><\/div><div class=\"fusion-clearfix\"><\/div><\/div><\/div><\/div><\/div>\n","protected":false},"excerpt":{"rendered":"","protected":false},"author":1,"featured_media":33930,"comment_status":"closed","ping_status":"closed","sticky":false,"template":"","format":"standard","meta":{"_exactmetrics_skip_tracking":false,"_exactmetrics_sitenote_active":false,"_exactmetrics_sitenote_note":"","_exactmetrics_sitenote_category":0,"footnotes":""},"categories":[84],"tags":[317,259,175,258,257,260,262,261],"class_list":["post-33917","post","type-post","status-publish","format-standard","has-post-thumbnail","hentry","category-noticias","tag-ambiente","tag-apadic","tag-epen","tag-fotovoltaico","tag-paneles","tag-renovable","tag-ser-solar","tag-solar"],"yoast_head":"<!-- This site is optimized with the Yoast SEO plugin v27.2 - https:\/\/yoast.com\/product\/yoast-seo-wordpress\/ -->\n<title>EPEN - Se conectaron 48 paneles en edificio de Centenario<\/title>\n<meta name=\"description\" content=\"Se conectaron 48 paneles en edificio de Centenario\" \/>\n<meta name=\"robots\" content=\"index, follow, max-snippet:-1, max-image-preview:large, max-video-preview:-1\" \/>\n<link rel=\"canonical\" href=\"https:\/\/www.epen.gov.ar\/index.php\/2021\/07\/30\/se-conectaron-44-paneles-en-edificio-de-centenario\/\" \/>\n<meta property=\"og:locale\" content=\"es_ES\" \/>\n<meta property=\"og:type\" content=\"article\" \/>\n<meta property=\"og:title\" content=\"EPEN - Se conectaron 48 paneles en edificio de Centenario\" \/>\n<meta property=\"og:description\" content=\"Se conectaron 48 paneles en edificio de Centenario\" \/>\n<meta property=\"og:url\" content=\"https:\/\/www.epen.gov.ar\/index.php\/2021\/07\/30\/se-conectaron-44-paneles-en-edificio-de-centenario\/\" \/>\n<meta property=\"og:site_name\" content=\"EPEN\" \/>\n<meta property=\"article:publisher\" content=\"https:\/\/www.facebook.com\/EPEN.Neuquen\" \/>\n<meta property=\"article:published_time\" content=\"2021-07-30T13:08:52+00:00\" \/>\n<meta property=\"article:modified_time\" content=\"2021-11-09T15:55:29+00:00\" \/>\n<meta property=\"og:image\" content=\"https:\/\/www.epen.gov.ar\/wp-content\/uploads\/2021\/07\/APADICEPEN-Autoridades.jpg\" \/>\n\t<meta property=\"og:image:width\" content=\"1280\" \/>\n\t<meta property=\"og:image:height\" content=\"500\" \/>\n\t<meta property=\"og:image:type\" content=\"image\/jpeg\" \/>\n<meta name=\"author\" content=\"Prensa EPEN\" \/>\n<meta name=\"twitter:card\" content=\"summary_large_image\" \/>\n<meta name=\"twitter:creator\" content=\"@EPEN_Informa\" \/>\n<meta name=\"twitter:site\" content=\"@EPEN_Informa\" \/>\n<meta name=\"twitter:label1\" content=\"Escrito por\" \/>\n\t<meta name=\"twitter:data1\" content=\"Prensa EPEN\" \/>\n\t<meta name=\"twitter:label2\" content=\"Tiempo de lectura\" \/>\n\t<meta name=\"twitter:data2\" content=\"5 minutos\" \/>\n<script type=\"application\/ld+json\" class=\"yoast-schema-graph\">{\"@context\":\"https:\/\/schema.org\",\"@graph\":[{\"@type\":\"Article\",\"@id\":\"https:\/\/www.epen.gov.ar\/index.php\/2021\/07\/30\/se-conectaron-44-paneles-en-edificio-de-centenario\/#article\",\"isPartOf\":{\"@id\":\"https:\/\/www.epen.gov.ar\/index.php\/2021\/07\/30\/se-conectaron-44-paneles-en-edificio-de-centenario\/\"},\"author\":{\"name\":\"Prensa EPEN\",\"@id\":\"https:\/\/www.epen.gov.ar\/#\/schema\/person\/ce6cff87c2fc01264becc10fa105ad4f\"},\"headline\":\"Se conectaron 48 paneles en edificio de Centenario\",\"datePublished\":\"2021-07-30T13:08:52+00:00\",\"dateModified\":\"2021-11-09T15:55:29+00:00\",\"mainEntityOfPage\":{\"@id\":\"https:\/\/www.epen.gov.ar\/index.php\/2021\/07\/30\/se-conectaron-44-paneles-en-edificio-de-centenario\/\"},\"wordCount\":937,\"publisher\":{\"@id\":\"https:\/\/www.epen.gov.ar\/#organization\"},\"image\":{\"@id\":\"https:\/\/www.epen.gov.ar\/index.php\/2021\/07\/30\/se-conectaron-44-paneles-en-edificio-de-centenario\/#primaryimage\"},\"thumbnailUrl\":\"https:\/\/www.epen.gov.ar\/wp-content\/uploads\/2021\/07\/APADICEPEN-Autoridades.jpg\",\"keywords\":[\"Ambiente\",\"APADIC\",\"EPEN\",\"Fotovoltaico\",\"Paneles\",\"Renovable\",\"Ser Solar\",\"Solar\"],\"articleSection\":[\"Noticias\"],\"inLanguage\":\"es\"},{\"@type\":\"WebPage\",\"@id\":\"https:\/\/www.epen.gov.ar\/index.php\/2021\/07\/30\/se-conectaron-44-paneles-en-edificio-de-centenario\/\",\"url\":\"https:\/\/www.epen.gov.ar\/index.php\/2021\/07\/30\/se-conectaron-44-paneles-en-edificio-de-centenario\/\",\"name\":\"EPEN - Se conectaron 48 paneles en edificio de Centenario\",\"isPartOf\":{\"@id\":\"https:\/\/www.epen.gov.ar\/#website\"},\"primaryImageOfPage\":{\"@id\":\"https:\/\/www.epen.gov.ar\/index.php\/2021\/07\/30\/se-conectaron-44-paneles-en-edificio-de-centenario\/#primaryimage\"},\"image\":{\"@id\":\"https:\/\/www.epen.gov.ar\/index.php\/2021\/07\/30\/se-conectaron-44-paneles-en-edificio-de-centenario\/#primaryimage\"},\"thumbnailUrl\":\"https:\/\/www.epen.gov.ar\/wp-content\/uploads\/2021\/07\/APADICEPEN-Autoridades.jpg\",\"datePublished\":\"2021-07-30T13:08:52+00:00\",\"dateModified\":\"2021-11-09T15:55:29+00:00\",\"description\":\"Se conectaron 48 paneles en edificio de Centenario\",\"breadcrumb\":{\"@id\":\"https:\/\/www.epen.gov.ar\/index.php\/2021\/07\/30\/se-conectaron-44-paneles-en-edificio-de-centenario\/#breadcrumb\"},\"inLanguage\":\"es\",\"potentialAction\":[{\"@type\":\"ReadAction\",\"target\":[\"https:\/\/www.epen.gov.ar\/index.php\/2021\/07\/30\/se-conectaron-44-paneles-en-edificio-de-centenario\/\"]}]},{\"@type\":\"ImageObject\",\"inLanguage\":\"es\",\"@id\":\"https:\/\/www.epen.gov.ar\/index.php\/2021\/07\/30\/se-conectaron-44-paneles-en-edificio-de-centenario\/#primaryimage\",\"url\":\"https:\/\/www.epen.gov.ar\/wp-content\/uploads\/2021\/07\/APADICEPEN-Autoridades.jpg\",\"contentUrl\":\"https:\/\/www.epen.gov.ar\/wp-content\/uploads\/2021\/07\/APADICEPEN-Autoridades.jpg\",\"width\":1280,\"height\":500},{\"@type\":\"BreadcrumbList\",\"@id\":\"https:\/\/www.epen.gov.ar\/index.php\/2021\/07\/30\/se-conectaron-44-paneles-en-edificio-de-centenario\/#breadcrumb\",\"itemListElement\":[{\"@type\":\"ListItem\",\"position\":1,\"name\":\"Inicio\",\"item\":\"https:\/\/www.epen.gov.ar\/\"},{\"@type\":\"ListItem\",\"position\":2,\"name\":\"Se conectaron 48 paneles en edificio de Centenario\"}]},{\"@type\":\"WebSite\",\"@id\":\"https:\/\/www.epen.gov.ar\/#website\",\"url\":\"https:\/\/www.epen.gov.ar\/\",\"name\":\"EPEN\",\"description\":\"Ente Provincial de Energ\u00eda del Neuqu\u00e9n\",\"publisher\":{\"@id\":\"https:\/\/www.epen.gov.ar\/#organization\"},\"potentialAction\":[{\"@type\":\"SearchAction\",\"target\":{\"@type\":\"EntryPoint\",\"urlTemplate\":\"https:\/\/www.epen.gov.ar\/?s={search_term_string}\"},\"query-input\":{\"@type\":\"PropertyValueSpecification\",\"valueRequired\":true,\"valueName\":\"search_term_string\"}}],\"inLanguage\":\"es\"},{\"@type\":\"Organization\",\"@id\":\"https:\/\/www.epen.gov.ar\/#organization\",\"name\":\"Ente Provincial de Energ\u00eda del Neuqu\u00e9n\",\"url\":\"https:\/\/www.epen.gov.ar\/\",\"logo\":{\"@type\":\"ImageObject\",\"inLanguage\":\"es\",\"@id\":\"https:\/\/www.epen.gov.ar\/#\/schema\/logo\/image\/\",\"url\":\"https:\/\/www.epen.gov.ar\/wp-content\/uploads\/2024\/02\/Logo-EPEN-2.jpg\",\"contentUrl\":\"https:\/\/www.epen.gov.ar\/wp-content\/uploads\/2024\/02\/Logo-EPEN-2.jpg\",\"width\":696,\"height\":696,\"caption\":\"Ente Provincial de Energ\u00eda del Neuqu\u00e9n\"},\"image\":{\"@id\":\"https:\/\/www.epen.gov.ar\/#\/schema\/logo\/image\/\"},\"sameAs\":[\"https:\/\/www.facebook.com\/EPEN.Neuquen\",\"https:\/\/x.com\/EPEN_Informa\",\"https:\/\/www.youtube.com\/@epenprensa7384\"]},{\"@type\":\"Person\",\"@id\":\"https:\/\/www.epen.gov.ar\/#\/schema\/person\/ce6cff87c2fc01264becc10fa105ad4f\",\"name\":\"Prensa EPEN\",\"image\":{\"@type\":\"ImageObject\",\"inLanguage\":\"es\",\"@id\":\"https:\/\/secure.gravatar.com\/avatar\/f8120b8688012ccf2d7fbcf7a970cfbabf0ab63b09c2dbd72c194bee080070e9?s=96&d=mm&r=g\",\"url\":\"https:\/\/secure.gravatar.com\/avatar\/f8120b8688012ccf2d7fbcf7a970cfbabf0ab63b09c2dbd72c194bee080070e9?s=96&d=mm&r=g\",\"contentUrl\":\"https:\/\/secure.gravatar.com\/avatar\/f8120b8688012ccf2d7fbcf7a970cfbabf0ab63b09c2dbd72c194bee080070e9?s=96&d=mm&r=g\",\"caption\":\"Prensa EPEN\"},\"url\":\"https:\/\/www.epen.gov.ar\/index.php\/author\/admin\/\"}]}<\/script>\n<!-- \/ Yoast SEO plugin. -->","yoast_head_json":{"title":"EPEN - Se conectaron 48 paneles en edificio de Centenario","description":"Se conectaron 48 paneles en edificio de Centenario","robots":{"index":"index","follow":"follow","max-snippet":"max-snippet:-1","max-image-preview":"max-image-preview:large","max-video-preview":"max-video-preview:-1"},"canonical":"https:\/\/www.epen.gov.ar\/index.php\/2021\/07\/30\/se-conectaron-44-paneles-en-edificio-de-centenario\/","og_locale":"es_ES","og_type":"article","og_title":"EPEN - Se conectaron 48 paneles en edificio de Centenario","og_description":"Se conectaron 48 paneles en edificio de Centenario","og_url":"https:\/\/www.epen.gov.ar\/index.php\/2021\/07\/30\/se-conectaron-44-paneles-en-edificio-de-centenario\/","og_site_name":"EPEN","article_publisher":"https:\/\/www.facebook.com\/EPEN.Neuquen","article_published_time":"2021-07-30T13:08:52+00:00","article_modified_time":"2021-11-09T15:55:29+00:00","og_image":[{"width":1280,"height":500,"url":"https:\/\/www.epen.gov.ar\/wp-content\/uploads\/2021\/07\/APADICEPEN-Autoridades.jpg","type":"image\/jpeg"}],"author":"Prensa EPEN","twitter_card":"summary_large_image","twitter_creator":"@EPEN_Informa","twitter_site":"@EPEN_Informa","twitter_misc":{"Escrito por":"Prensa EPEN","Tiempo de lectura":"5 minutos"},"schema":{"@context":"https:\/\/schema.org","@graph":[{"@type":"Article","@id":"https:\/\/www.epen.gov.ar\/index.php\/2021\/07\/30\/se-conectaron-44-paneles-en-edificio-de-centenario\/#article","isPartOf":{"@id":"https:\/\/www.epen.gov.ar\/index.php\/2021\/07\/30\/se-conectaron-44-paneles-en-edificio-de-centenario\/"},"author":{"name":"Prensa EPEN","@id":"https:\/\/www.epen.gov.ar\/#\/schema\/person\/ce6cff87c2fc01264becc10fa105ad4f"},"headline":"Se conectaron 48 paneles en edificio de Centenario","datePublished":"2021-07-30T13:08:52+00:00","dateModified":"2021-11-09T15:55:29+00:00","mainEntityOfPage":{"@id":"https:\/\/www.epen.gov.ar\/index.php\/2021\/07\/30\/se-conectaron-44-paneles-en-edificio-de-centenario\/"},"wordCount":937,"publisher":{"@id":"https:\/\/www.epen.gov.ar\/#organization"},"image":{"@id":"https:\/\/www.epen.gov.ar\/index.php\/2021\/07\/30\/se-conectaron-44-paneles-en-edificio-de-centenario\/#primaryimage"},"thumbnailUrl":"https:\/\/www.epen.gov.ar\/wp-content\/uploads\/2021\/07\/APADICEPEN-Autoridades.jpg","keywords":["Ambiente","APADIC","EPEN","Fotovoltaico","Paneles","Renovable","Ser Solar","Solar"],"articleSection":["Noticias"],"inLanguage":"es"},{"@type":"WebPage","@id":"https:\/\/www.epen.gov.ar\/index.php\/2021\/07\/30\/se-conectaron-44-paneles-en-edificio-de-centenario\/","url":"https:\/\/www.epen.gov.ar\/index.php\/2021\/07\/30\/se-conectaron-44-paneles-en-edificio-de-centenario\/","name":"EPEN - Se conectaron 48 paneles en edificio de Centenario","isPartOf":{"@id":"https:\/\/www.epen.gov.ar\/#website"},"primaryImageOfPage":{"@id":"https:\/\/www.epen.gov.ar\/index.php\/2021\/07\/30\/se-conectaron-44-paneles-en-edificio-de-centenario\/#primaryimage"},"image":{"@id":"https:\/\/www.epen.gov.ar\/index.php\/2021\/07\/30\/se-conectaron-44-paneles-en-edificio-de-centenario\/#primaryimage"},"thumbnailUrl":"https:\/\/www.epen.gov.ar\/wp-content\/uploads\/2021\/07\/APADICEPEN-Autoridades.jpg","datePublished":"2021-07-30T13:08:52+00:00","dateModified":"2021-11-09T15:55:29+00:00","description":"Se conectaron 48 paneles en edificio de Centenario","breadcrumb":{"@id":"https:\/\/www.epen.gov.ar\/index.php\/2021\/07\/30\/se-conectaron-44-paneles-en-edificio-de-centenario\/#breadcrumb"},"inLanguage":"es","potentialAction":[{"@type":"ReadAction","target":["https:\/\/www.epen.gov.ar\/index.php\/2021\/07\/30\/se-conectaron-44-paneles-en-edificio-de-centenario\/"]}]},{"@type":"ImageObject","inLanguage":"es","@id":"https:\/\/www.epen.gov.ar\/index.php\/2021\/07\/30\/se-conectaron-44-paneles-en-edificio-de-centenario\/#primaryimage","url":"https:\/\/www.epen.gov.ar\/wp-content\/uploads\/2021\/07\/APADICEPEN-Autoridades.jpg","contentUrl":"https:\/\/www.epen.gov.ar\/wp-content\/uploads\/2021\/07\/APADICEPEN-Autoridades.jpg","width":1280,"height":500},{"@type":"BreadcrumbList","@id":"https:\/\/www.epen.gov.ar\/index.php\/2021\/07\/30\/se-conectaron-44-paneles-en-edificio-de-centenario\/#breadcrumb","itemListElement":[{"@type":"ListItem","position":1,"name":"Inicio","item":"https:\/\/www.epen.gov.ar\/"},{"@type":"ListItem","position":2,"name":"Se conectaron 48 paneles en edificio de Centenario"}]},{"@type":"WebSite","@id":"https:\/\/www.epen.gov.ar\/#website","url":"https:\/\/www.epen.gov.ar\/","name":"EPEN","description":"Ente Provincial de Energ\u00eda del Neuqu\u00e9n","publisher":{"@id":"https:\/\/www.epen.gov.ar\/#organization"},"potentialAction":[{"@type":"SearchAction","target":{"@type":"EntryPoint","urlTemplate":"https:\/\/www.epen.gov.ar\/?s={search_term_string}"},"query-input":{"@type":"PropertyValueSpecification","valueRequired":true,"valueName":"search_term_string"}}],"inLanguage":"es"},{"@type":"Organization","@id":"https:\/\/www.epen.gov.ar\/#organization","name":"Ente Provincial de Energ\u00eda del Neuqu\u00e9n","url":"https:\/\/www.epen.gov.ar\/","logo":{"@type":"ImageObject","inLanguage":"es","@id":"https:\/\/www.epen.gov.ar\/#\/schema\/logo\/image\/","url":"https:\/\/www.epen.gov.ar\/wp-content\/uploads\/2024\/02\/Logo-EPEN-2.jpg","contentUrl":"https:\/\/www.epen.gov.ar\/wp-content\/uploads\/2024\/02\/Logo-EPEN-2.jpg","width":696,"height":696,"caption":"Ente Provincial de Energ\u00eda del Neuqu\u00e9n"},"image":{"@id":"https:\/\/www.epen.gov.ar\/#\/schema\/logo\/image\/"},"sameAs":["https:\/\/www.facebook.com\/EPEN.Neuquen","https:\/\/x.com\/EPEN_Informa","https:\/\/www.youtube.com\/@epenprensa7384"]},{"@type":"Person","@id":"https:\/\/www.epen.gov.ar\/#\/schema\/person\/ce6cff87c2fc01264becc10fa105ad4f","name":"Prensa EPEN","image":{"@type":"ImageObject","inLanguage":"es","@id":"https:\/\/secure.gravatar.com\/avatar\/f8120b8688012ccf2d7fbcf7a970cfbabf0ab63b09c2dbd72c194bee080070e9?s=96&d=mm&r=g","url":"https:\/\/secure.gravatar.com\/avatar\/f8120b8688012ccf2d7fbcf7a970cfbabf0ab63b09c2dbd72c194bee080070e9?s=96&d=mm&r=g","contentUrl":"https:\/\/secure.gravatar.com\/avatar\/f8120b8688012ccf2d7fbcf7a970cfbabf0ab63b09c2dbd72c194bee080070e9?s=96&d=mm&r=g","caption":"Prensa EPEN"},"url":"https:\/\/www.epen.gov.ar\/index.php\/author\/admin\/"}]}},"_links":{"self":[{"href":"https:\/\/www.epen.gov.ar\/index.php\/wp-json\/wp\/v2\/posts\/33917","targetHints":{"allow":["GET"]}}],"collection":[{"href":"https:\/\/www.epen.gov.ar\/index.php\/wp-json\/wp\/v2\/posts"}],"about":[{"href":"https:\/\/www.epen.gov.ar\/index.php\/wp-json\/wp\/v2\/types\/post"}],"author":[{"embeddable":true,"href":"https:\/\/www.epen.gov.ar\/index.php\/wp-json\/wp\/v2\/users\/1"}],"replies":[{"embeddable":true,"href":"https:\/\/www.epen.gov.ar\/index.php\/wp-json\/wp\/v2\/comments?post=33917"}],"version-history":[{"count":5,"href":"https:\/\/www.epen.gov.ar\/index.php\/wp-json\/wp\/v2\/posts\/33917\/revisions"}],"predecessor-version":[{"id":69835,"href":"https:\/\/www.epen.gov.ar\/index.php\/wp-json\/wp\/v2\/posts\/33917\/revisions\/69835"}],"wp:featuredmedia":[{"embeddable":true,"href":"https:\/\/www.epen.gov.ar\/index.php\/wp-json\/wp\/v2\/media\/33930"}],"wp:attachment":[{"href":"https:\/\/www.epen.gov.ar\/index.php\/wp-json\/wp\/v2\/media?parent=33917"}],"wp:term":[{"taxonomy":"category","embeddable":true,"href":"https:\/\/www.epen.gov.ar\/index.php\/wp-json\/wp\/v2\/categories?post=33917"},{"taxonomy":"post_tag","embeddable":true,"href":"https:\/\/www.epen.gov.ar\/index.php\/wp-json\/wp\/v2\/tags?post=33917"}],"curies":[{"name":"wp","href":"https:\/\/api.w.org\/{rel}","templated":true}]}}