{"id":32218,"date":"2021-06-22T11:44:59","date_gmt":"2021-06-22T14:44:59","guid":{"rendered":"http:\/\/192.168.200.48\/?p=32218"},"modified":"2021-11-09T12:29:12","modified_gmt":"2021-11-09T15:29:12","slug":"trabajos-en-la-linea-cutral-co-zapala-con-corte-de-energia","status":"publish","type":"post","link":"https:\/\/www.epen.gov.ar\/index.php\/2021\/06\/22\/trabajos-en-la-linea-cutral-co-zapala-con-corte-de-energia\/","title":{"rendered":"Ma\u00f1ana habr\u00e1 corte de energ\u00eda por trabajos en la l\u00ednea Cutral Co &#8211; Zapala"},"content":{"rendered":"<div class=\"fusion-fullwidth fullwidth-box fusion-builder-row-1 nonhundred-percent-fullwidth non-hundred-percent-height-scrolling\" style=\"--awb-border-radius-top-left:0px;--awb-border-radius-top-right:0px;--awb-border-radius-bottom-right:0px;--awb-border-radius-bottom-left:0px;--awb-flex-wrap:wrap;\" ><div class=\"fusion-builder-row fusion-row\"><div class=\"fusion-layout-column fusion_builder_column fusion-builder-column-0 fusion_builder_column_2_3 2_3 fusion-two-third fusion-column-first\" style=\"--awb-bg-size:cover;width:66.666666666667%;width:calc(66.666666666667% - ( ( 4% ) * 0.66666666666667 ) );margin-right: 4%;\"><div class=\"fusion-column-wrapper fusion-column-has-shadow fusion-flex-column-wrapper-legacy\"><div class=\"fusion-text fusion-text-1\"><p style=\"font-weight: 400;\"><strong><em>Ser\u00e1 un mantenimiento correctivo de emergencia, ma\u00f1ana \u00a0mi\u00e9rcoles 23, de 13 a 17 horas. Afectar\u00e1 a todas las localidades del oeste provincial, como Zapala, Las Lajas, Loncopu\u00e9, Caviahue-Copahue, El Huec\u00fa y El Cholar, Alumin\u00e9, Villa Pehuenia y Moquehue, durante dicho lapso.<\/em><\/strong><\/p>\n<p style=\"font-weight: 400;\">El Ente Provincial de Energ\u00eda del Neuqu\u00e9n (EPEN) dependiente de la Secretar\u00eda General y Servicios P\u00fablicos informa que se program\u00f3 un mantenimiento correctivo de emergencia sobre la l\u00ednea 132 kilovolt Cutral Co \u2013 Zapala, a desarrollarse el d\u00eda de\u00a0<strong>ma\u00f1ana mi\u00e9rcoles 23 de junio, de 13 a 17 horas<\/strong>. Durante dicho lapso, se producir\u00e1 un corte que afectar\u00e1 \u00a0todos los consumos asociados tanto a las Estaciones Transformadoras de Zapala como de Las Lajas, es decir, a la localidad de Zapala -donde distribuye el servicio la cooperativa el\u00e9ctrica local &#8211; y alrededores rurales como Villa Puente Picun Leuf\u00fa y Mariano Moreno, entre otras. Adem\u00e1s afectar\u00e1 la demanda de Las Lajas, Loncopu\u00e9, Caviahue-Copahue, El Huec\u00fa y El Cholar. En Alumin\u00e9 se generar\u00e1 energ\u00eda con grupos locales de modo parcial, en tanto que en Villa Pehuenia y Moquehue se cubrir\u00e1 el total de la demanda.<\/p>\n<p style=\"font-weight: 400;\">Debido a algunos microcortes intempestivos, que se\u00a0 produjeron el pasado domingo en horas de la madrugada sobre la l\u00ednea mencionada, se realiz\u00f3 un recorrido del electroducto y se program\u00f3 un corte para llevar a cabo los trabajos, como el cambio de cadenas de aisladores y montaje de anti aves sobre las estructuras. Las tareas se llevar\u00e1n a cabo con varias cuadrillas operativas del EPEN de la zona centro y este, e intervendr\u00e1n dos camiones gr\u00faas.<\/p>\n<p style=\"font-weight: 400;\">Adem\u00e1s, otras cuadrillas continuar\u00e1n \u00a0los \u00a0trabajos en la l\u00ednea 33 kilovolt Cerro Bandera \u2013 Primeros Pinos, aprovechando el mismo corte de ma\u00f1ana.<\/p>\n<\/div><div class=\"fusion-clearfix\"><\/div><\/div><\/div><div class=\"fusion-layout-column fusion_builder_column fusion-builder-column-1 fusion_builder_column_1_3 1_3 fusion-one-third fusion-column-last\" style=\"--awb-bg-size:cover;width:33.333333333333%;width:calc(33.333333333333% - ( ( 4% ) * 0.33333333333333 ) );\"><div class=\"fusion-column-wrapper fusion-column-has-shadow fusion-flex-column-wrapper-legacy\"><div class=\"fusion-widget-area awb-widget-area-element fusion-widget-area-1 fusion-content-widget-area\" style=\"--awb-title-size:20px;--awb-title-color:#333333;--awb-padding:0px 0px 0px 0px;\"><style type=\"text\/css\" data-id=\"tweets-widget-2\">#tweets-widget-2 li { border-color:#eaeaea;}<\/style><section id=\"tweets-widget-2\" class=\"widget tweets\" style=\"border-style: solid;border-color: #eaeaea;border-color:transparent;border-width:0px;\">\t\t\t\t\n\t\t<div style=\"overflow:hidden\">\n\t\t\t\t\t\t\t\t\t\t\t<a class=\"twitter-timeline\" data-dnt=\"true\" href=\"https:\/\/twitter.com\/@EPEN_Informa\" data-width=\"500\" data-height=\"300\" width=\"500\" height=\"300\" data-theme=\"light\" data-link-color=\"##25a9bd\" data-border-color=\"#eaeaea\" data-chrome=\"\">Tweets por @EPEN_Informa<\/a>\n\t\t\t\t\t\t\t\n\t\t\t\t\t\t\t\t\t\t\t<script async src=\"\/\/platform.twitter.com\/widgets.js\" charset=\"utf-8\"><\/script>\n\t\t\t\t\t\t\t\n\t\t<\/div>\n\t\t<\/section>\n\t\t<section id=\"recent-posts-3\" class=\"widget widget_recent_entries\" style=\"border-style: solid;border-color:transparent;border-width:0px;\">\n\t\t<div class=\"heading\"><h4 class=\"widget-title\">Entradas recientes<\/h4><\/div>\n\t\t<ul>\n\t\t\t\t\t\t\t\t\t\t\t<li>\n\t\t\t\t\t<a href=\"https:\/\/www.epen.gov.ar\/index.php\/2026\/04\/28\/el-epen-impulsa-el-desarrollo-de-varvarco-con-nueva-infraestructura-para-17-lotes\/\">El EPEN impulsa el desarrollo de Varvarco con nueva infraestructura para 17 lotes<\/a>\n\t\t\t\t\t\t\t\t\t\t\t<span class=\"post-date\">28\/04\/2026<\/span>\n\t\t\t\t\t\t\t\t\t<\/li>\n\t\t\t\t\t\t\t\t\t\t\t<li>\n\t\t\t\t\t<a href=\"https:\/\/www.epen.gov.ar\/index.php\/2026\/04\/28\/corte-programado-en-sectores-de-zona-nahueve-el-30-04-2026\/\">Corte Programado en sectores de zona Nahueve el 30\/04\/2026<\/a>\n\t\t\t\t\t\t\t\t\t\t\t<span class=\"post-date\">28\/04\/2026<\/span>\n\t\t\t\t\t\t\t\t\t<\/li>\n\t\t\t\t\t\t\t\t\t\t\t<li>\n\t\t\t\t\t<a href=\"https:\/\/www.epen.gov.ar\/index.php\/2026\/04\/24\/corte-programado-en-sectores-de-san-martin-de-los-andes-el-25-04-2026\/\">Corte Programado en sectores de San Mart\u00edn de los Andes el 25\/04\/2026<\/a>\n\t\t\t\t\t\t\t\t\t\t\t<span class=\"post-date\">24\/04\/2026<\/span>\n\t\t\t\t\t\t\t\t\t<\/li>\n\t\t\t\t\t\t\t\t\t\t\t<li>\n\t\t\t\t\t<a href=\"https:\/\/www.epen.gov.ar\/index.php\/2026\/04\/24\/corte-programado-en-sectores-de-centenario-el-25-04-2026\/\">Corte Programado en sectores de Centenario el 25\/04\/2026<\/a>\n\t\t\t\t\t\t\t\t\t\t\t<span class=\"post-date\">24\/04\/2026<\/span>\n\t\t\t\t\t\t\t\t\t<\/li>\n\t\t\t\t\t\t\t\t\t\t\t<li>\n\t\t\t\t\t<a href=\"https:\/\/www.epen.gov.ar\/index.php\/2026\/04\/24\/corte-programado-en-sectores-de-loncopue-y-el-huecu-el-29-y-30-04-2026\/\">Cortes Programados en Loncopu\u00e9, El Huec\u00fa y zona rural de Caviahue y El Cholar el 29 y 30\/04\/2026<\/a>\n\t\t\t\t\t\t\t\t\t\t\t<span class=\"post-date\">24\/04\/2026<\/span>\n\t\t\t\t\t\t\t\t\t<\/li>\n\t\t\t\t\t<\/ul>\n\n\t\t<\/section><div class=\"fusion-additional-widget-content\"><\/div><\/div><div class=\"fusion-clearfix\"><\/div><\/div><\/div><\/div><\/div>\n","protected":false},"excerpt":{"rendered":"","protected":false},"author":1,"featured_media":32231,"comment_status":"closed","ping_status":"closed","sticky":false,"template":"","format":"standard","meta":{"_exactmetrics_skip_tracking":false,"_exactmetrics_sitenote_active":false,"_exactmetrics_sitenote_note":"","_exactmetrics_sitenote_category":0,"footnotes":""},"categories":[84],"tags":[242,172,175,244,145,170],"class_list":["post-32218","post","type-post","status-publish","format-standard","has-post-thumbnail","hentry","category-noticias","tag-corte-de-energia","tag-cutral-co","tag-epen","tag-oeste","tag-seguridad-publica","tag-zapala"],"yoast_head":"<!-- This site is optimized with the Yoast SEO plugin v27.2 - https:\/\/yoast.com\/product\/yoast-seo-wordpress\/ -->\n<title>EPEN - Ma\u00f1ana habr\u00e1 corte de energ\u00eda por trabajos en la l\u00ednea Cutral Co - Zapala<\/title>\n<meta name=\"description\" content=\"Ma\u00f1ana habr\u00e1 corte de energ\u00eda por trabajos en la l\u00ednea Cutral Co - Zapala\" \/>\n<meta name=\"robots\" content=\"index, follow, max-snippet:-1, max-image-preview:large, max-video-preview:-1\" \/>\n<link rel=\"canonical\" href=\"https:\/\/www.epen.gov.ar\/index.php\/2021\/06\/22\/trabajos-en-la-linea-cutral-co-zapala-con-corte-de-energia\/\" \/>\n<meta property=\"og:locale\" content=\"es_ES\" \/>\n<meta property=\"og:type\" content=\"article\" \/>\n<meta property=\"og:title\" content=\"EPEN - Ma\u00f1ana habr\u00e1 corte de energ\u00eda por trabajos en la l\u00ednea Cutral Co - Zapala\" \/>\n<meta property=\"og:description\" content=\"Ma\u00f1ana habr\u00e1 corte de energ\u00eda por trabajos en la l\u00ednea Cutral Co - Zapala\" \/>\n<meta property=\"og:url\" content=\"https:\/\/www.epen.gov.ar\/index.php\/2021\/06\/22\/trabajos-en-la-linea-cutral-co-zapala-con-corte-de-energia\/\" \/>\n<meta property=\"og:site_name\" content=\"EPEN\" \/>\n<meta property=\"article:publisher\" content=\"https:\/\/www.facebook.com\/EPEN.Neuquen\" \/>\n<meta property=\"article:published_time\" content=\"2021-06-22T14:44:59+00:00\" \/>\n<meta property=\"article:modified_time\" content=\"2021-11-09T15:29:12+00:00\" \/>\n<meta property=\"og:image\" content=\"https:\/\/www.epen.gov.ar\/wp-content\/uploads\/2021\/06\/camion-trabaja-zapala-las-lajas-grua-EPEN-2-1.jpeg\" \/>\n\t<meta property=\"og:image:width\" content=\"1276\" \/>\n\t<meta property=\"og:image:height\" content=\"808\" \/>\n\t<meta property=\"og:image:type\" content=\"image\/jpeg\" \/>\n<meta name=\"author\" content=\"Prensa EPEN\" \/>\n<meta name=\"twitter:card\" content=\"summary_large_image\" \/>\n<meta name=\"twitter:creator\" content=\"@EPEN_Informa\" \/>\n<meta name=\"twitter:site\" content=\"@EPEN_Informa\" \/>\n<meta name=\"twitter:label1\" content=\"Escrito por\" \/>\n\t<meta name=\"twitter:data1\" content=\"Prensa EPEN\" \/>\n\t<meta name=\"twitter:label2\" content=\"Tiempo de lectura\" \/>\n\t<meta name=\"twitter:data2\" content=\"4 minutos\" \/>\n<script type=\"application\/ld+json\" class=\"yoast-schema-graph\">{\"@context\":\"https:\/\/schema.org\",\"@graph\":[{\"@type\":\"Article\",\"@id\":\"https:\/\/www.epen.gov.ar\/index.php\/2021\/06\/22\/trabajos-en-la-linea-cutral-co-zapala-con-corte-de-energia\/#article\",\"isPartOf\":{\"@id\":\"https:\/\/www.epen.gov.ar\/index.php\/2021\/06\/22\/trabajos-en-la-linea-cutral-co-zapala-con-corte-de-energia\/\"},\"author\":{\"name\":\"Prensa EPEN\",\"@id\":\"https:\/\/www.epen.gov.ar\/#\/schema\/person\/ce6cff87c2fc01264becc10fa105ad4f\"},\"headline\":\"Ma\u00f1ana habr\u00e1 corte de energ\u00eda por trabajos en la l\u00ednea Cutral Co &#8211; Zapala\",\"datePublished\":\"2021-06-22T14:44:59+00:00\",\"dateModified\":\"2021-11-09T15:29:12+00:00\",\"mainEntityOfPage\":{\"@id\":\"https:\/\/www.epen.gov.ar\/index.php\/2021\/06\/22\/trabajos-en-la-linea-cutral-co-zapala-con-corte-de-energia\/\"},\"wordCount\":731,\"publisher\":{\"@id\":\"https:\/\/www.epen.gov.ar\/#organization\"},\"image\":{\"@id\":\"https:\/\/www.epen.gov.ar\/index.php\/2021\/06\/22\/trabajos-en-la-linea-cutral-co-zapala-con-corte-de-energia\/#primaryimage\"},\"thumbnailUrl\":\"https:\/\/www.epen.gov.ar\/wp-content\/uploads\/2021\/06\/camion-trabaja-zapala-las-lajas-grua-EPEN-2-1.jpeg\",\"keywords\":[\"Corte de Energia\",\"Cutral Co\",\"EPEN\",\"Oeste\",\"Seguridad Publica\",\"Zapala\"],\"articleSection\":[\"Noticias\"],\"inLanguage\":\"es\"},{\"@type\":\"WebPage\",\"@id\":\"https:\/\/www.epen.gov.ar\/index.php\/2021\/06\/22\/trabajos-en-la-linea-cutral-co-zapala-con-corte-de-energia\/\",\"url\":\"https:\/\/www.epen.gov.ar\/index.php\/2021\/06\/22\/trabajos-en-la-linea-cutral-co-zapala-con-corte-de-energia\/\",\"name\":\"EPEN - Ma\u00f1ana habr\u00e1 corte de energ\u00eda por trabajos en la l\u00ednea Cutral Co - Zapala\",\"isPartOf\":{\"@id\":\"https:\/\/www.epen.gov.ar\/#website\"},\"primaryImageOfPage\":{\"@id\":\"https:\/\/www.epen.gov.ar\/index.php\/2021\/06\/22\/trabajos-en-la-linea-cutral-co-zapala-con-corte-de-energia\/#primaryimage\"},\"image\":{\"@id\":\"https:\/\/www.epen.gov.ar\/index.php\/2021\/06\/22\/trabajos-en-la-linea-cutral-co-zapala-con-corte-de-energia\/#primaryimage\"},\"thumbnailUrl\":\"https:\/\/www.epen.gov.ar\/wp-content\/uploads\/2021\/06\/camion-trabaja-zapala-las-lajas-grua-EPEN-2-1.jpeg\",\"datePublished\":\"2021-06-22T14:44:59+00:00\",\"dateModified\":\"2021-11-09T15:29:12+00:00\",\"description\":\"Ma\u00f1ana habr\u00e1 corte de energ\u00eda por trabajos en la l\u00ednea Cutral Co - Zapala\",\"breadcrumb\":{\"@id\":\"https:\/\/www.epen.gov.ar\/index.php\/2021\/06\/22\/trabajos-en-la-linea-cutral-co-zapala-con-corte-de-energia\/#breadcrumb\"},\"inLanguage\":\"es\",\"potentialAction\":[{\"@type\":\"ReadAction\",\"target\":[\"https:\/\/www.epen.gov.ar\/index.php\/2021\/06\/22\/trabajos-en-la-linea-cutral-co-zapala-con-corte-de-energia\/\"]}]},{\"@type\":\"ImageObject\",\"inLanguage\":\"es\",\"@id\":\"https:\/\/www.epen.gov.ar\/index.php\/2021\/06\/22\/trabajos-en-la-linea-cutral-co-zapala-con-corte-de-energia\/#primaryimage\",\"url\":\"https:\/\/www.epen.gov.ar\/wp-content\/uploads\/2021\/06\/camion-trabaja-zapala-las-lajas-grua-EPEN-2-1.jpeg\",\"contentUrl\":\"https:\/\/www.epen.gov.ar\/wp-content\/uploads\/2021\/06\/camion-trabaja-zapala-las-lajas-grua-EPEN-2-1.jpeg\",\"width\":1276,\"height\":808},{\"@type\":\"BreadcrumbList\",\"@id\":\"https:\/\/www.epen.gov.ar\/index.php\/2021\/06\/22\/trabajos-en-la-linea-cutral-co-zapala-con-corte-de-energia\/#breadcrumb\",\"itemListElement\":[{\"@type\":\"ListItem\",\"position\":1,\"name\":\"Inicio\",\"item\":\"https:\/\/www.epen.gov.ar\/\"},{\"@type\":\"ListItem\",\"position\":2,\"name\":\"Ma\u00f1ana habr\u00e1 corte de energ\u00eda por trabajos en la l\u00ednea Cutral Co &#8211; Zapala\"}]},{\"@type\":\"WebSite\",\"@id\":\"https:\/\/www.epen.gov.ar\/#website\",\"url\":\"https:\/\/www.epen.gov.ar\/\",\"name\":\"EPEN\",\"description\":\"Ente Provincial de Energ\u00eda del Neuqu\u00e9n\",\"publisher\":{\"@id\":\"https:\/\/www.epen.gov.ar\/#organization\"},\"potentialAction\":[{\"@type\":\"SearchAction\",\"target\":{\"@type\":\"EntryPoint\",\"urlTemplate\":\"https:\/\/www.epen.gov.ar\/?s={search_term_string}\"},\"query-input\":{\"@type\":\"PropertyValueSpecification\",\"valueRequired\":true,\"valueName\":\"search_term_string\"}}],\"inLanguage\":\"es\"},{\"@type\":\"Organization\",\"@id\":\"https:\/\/www.epen.gov.ar\/#organization\",\"name\":\"Ente Provincial de Energ\u00eda del Neuqu\u00e9n\",\"url\":\"https:\/\/www.epen.gov.ar\/\",\"logo\":{\"@type\":\"ImageObject\",\"inLanguage\":\"es\",\"@id\":\"https:\/\/www.epen.gov.ar\/#\/schema\/logo\/image\/\",\"url\":\"https:\/\/www.epen.gov.ar\/wp-content\/uploads\/2024\/02\/Logo-EPEN-2.jpg\",\"contentUrl\":\"https:\/\/www.epen.gov.ar\/wp-content\/uploads\/2024\/02\/Logo-EPEN-2.jpg\",\"width\":696,\"height\":696,\"caption\":\"Ente Provincial de Energ\u00eda del Neuqu\u00e9n\"},\"image\":{\"@id\":\"https:\/\/www.epen.gov.ar\/#\/schema\/logo\/image\/\"},\"sameAs\":[\"https:\/\/www.facebook.com\/EPEN.Neuquen\",\"https:\/\/x.com\/EPEN_Informa\",\"https:\/\/www.youtube.com\/@epenprensa7384\"]},{\"@type\":\"Person\",\"@id\":\"https:\/\/www.epen.gov.ar\/#\/schema\/person\/ce6cff87c2fc01264becc10fa105ad4f\",\"name\":\"Prensa EPEN\",\"image\":{\"@type\":\"ImageObject\",\"inLanguage\":\"es\",\"@id\":\"https:\/\/secure.gravatar.com\/avatar\/f8120b8688012ccf2d7fbcf7a970cfbabf0ab63b09c2dbd72c194bee080070e9?s=96&d=mm&r=g\",\"url\":\"https:\/\/secure.gravatar.com\/avatar\/f8120b8688012ccf2d7fbcf7a970cfbabf0ab63b09c2dbd72c194bee080070e9?s=96&d=mm&r=g\",\"contentUrl\":\"https:\/\/secure.gravatar.com\/avatar\/f8120b8688012ccf2d7fbcf7a970cfbabf0ab63b09c2dbd72c194bee080070e9?s=96&d=mm&r=g\",\"caption\":\"Prensa EPEN\"},\"url\":\"https:\/\/www.epen.gov.ar\/index.php\/author\/admin\/\"}]}<\/script>\n<!-- \/ Yoast SEO plugin. -->","yoast_head_json":{"title":"EPEN - Ma\u00f1ana habr\u00e1 corte de energ\u00eda por trabajos en la l\u00ednea Cutral Co - Zapala","description":"Ma\u00f1ana habr\u00e1 corte de energ\u00eda por trabajos en la l\u00ednea Cutral Co - Zapala","robots":{"index":"index","follow":"follow","max-snippet":"max-snippet:-1","max-image-preview":"max-image-preview:large","max-video-preview":"max-video-preview:-1"},"canonical":"https:\/\/www.epen.gov.ar\/index.php\/2021\/06\/22\/trabajos-en-la-linea-cutral-co-zapala-con-corte-de-energia\/","og_locale":"es_ES","og_type":"article","og_title":"EPEN - Ma\u00f1ana habr\u00e1 corte de energ\u00eda por trabajos en la l\u00ednea Cutral Co - Zapala","og_description":"Ma\u00f1ana habr\u00e1 corte de energ\u00eda por trabajos en la l\u00ednea Cutral Co - Zapala","og_url":"https:\/\/www.epen.gov.ar\/index.php\/2021\/06\/22\/trabajos-en-la-linea-cutral-co-zapala-con-corte-de-energia\/","og_site_name":"EPEN","article_publisher":"https:\/\/www.facebook.com\/EPEN.Neuquen","article_published_time":"2021-06-22T14:44:59+00:00","article_modified_time":"2021-11-09T15:29:12+00:00","og_image":[{"width":1276,"height":808,"url":"https:\/\/www.epen.gov.ar\/wp-content\/uploads\/2021\/06\/camion-trabaja-zapala-las-lajas-grua-EPEN-2-1.jpeg","type":"image\/jpeg"}],"author":"Prensa EPEN","twitter_card":"summary_large_image","twitter_creator":"@EPEN_Informa","twitter_site":"@EPEN_Informa","twitter_misc":{"Escrito por":"Prensa EPEN","Tiempo de lectura":"4 minutos"},"schema":{"@context":"https:\/\/schema.org","@graph":[{"@type":"Article","@id":"https:\/\/www.epen.gov.ar\/index.php\/2021\/06\/22\/trabajos-en-la-linea-cutral-co-zapala-con-corte-de-energia\/#article","isPartOf":{"@id":"https:\/\/www.epen.gov.ar\/index.php\/2021\/06\/22\/trabajos-en-la-linea-cutral-co-zapala-con-corte-de-energia\/"},"author":{"name":"Prensa EPEN","@id":"https:\/\/www.epen.gov.ar\/#\/schema\/person\/ce6cff87c2fc01264becc10fa105ad4f"},"headline":"Ma\u00f1ana habr\u00e1 corte de energ\u00eda por trabajos en la l\u00ednea Cutral Co &#8211; Zapala","datePublished":"2021-06-22T14:44:59+00:00","dateModified":"2021-11-09T15:29:12+00:00","mainEntityOfPage":{"@id":"https:\/\/www.epen.gov.ar\/index.php\/2021\/06\/22\/trabajos-en-la-linea-cutral-co-zapala-con-corte-de-energia\/"},"wordCount":731,"publisher":{"@id":"https:\/\/www.epen.gov.ar\/#organization"},"image":{"@id":"https:\/\/www.epen.gov.ar\/index.php\/2021\/06\/22\/trabajos-en-la-linea-cutral-co-zapala-con-corte-de-energia\/#primaryimage"},"thumbnailUrl":"https:\/\/www.epen.gov.ar\/wp-content\/uploads\/2021\/06\/camion-trabaja-zapala-las-lajas-grua-EPEN-2-1.jpeg","keywords":["Corte de Energia","Cutral Co","EPEN","Oeste","Seguridad Publica","Zapala"],"articleSection":["Noticias"],"inLanguage":"es"},{"@type":"WebPage","@id":"https:\/\/www.epen.gov.ar\/index.php\/2021\/06\/22\/trabajos-en-la-linea-cutral-co-zapala-con-corte-de-energia\/","url":"https:\/\/www.epen.gov.ar\/index.php\/2021\/06\/22\/trabajos-en-la-linea-cutral-co-zapala-con-corte-de-energia\/","name":"EPEN - Ma\u00f1ana habr\u00e1 corte de energ\u00eda por trabajos en la l\u00ednea Cutral Co - Zapala","isPartOf":{"@id":"https:\/\/www.epen.gov.ar\/#website"},"primaryImageOfPage":{"@id":"https:\/\/www.epen.gov.ar\/index.php\/2021\/06\/22\/trabajos-en-la-linea-cutral-co-zapala-con-corte-de-energia\/#primaryimage"},"image":{"@id":"https:\/\/www.epen.gov.ar\/index.php\/2021\/06\/22\/trabajos-en-la-linea-cutral-co-zapala-con-corte-de-energia\/#primaryimage"},"thumbnailUrl":"https:\/\/www.epen.gov.ar\/wp-content\/uploads\/2021\/06\/camion-trabaja-zapala-las-lajas-grua-EPEN-2-1.jpeg","datePublished":"2021-06-22T14:44:59+00:00","dateModified":"2021-11-09T15:29:12+00:00","description":"Ma\u00f1ana habr\u00e1 corte de energ\u00eda por trabajos en la l\u00ednea Cutral Co - Zapala","breadcrumb":{"@id":"https:\/\/www.epen.gov.ar\/index.php\/2021\/06\/22\/trabajos-en-la-linea-cutral-co-zapala-con-corte-de-energia\/#breadcrumb"},"inLanguage":"es","potentialAction":[{"@type":"ReadAction","target":["https:\/\/www.epen.gov.ar\/index.php\/2021\/06\/22\/trabajos-en-la-linea-cutral-co-zapala-con-corte-de-energia\/"]}]},{"@type":"ImageObject","inLanguage":"es","@id":"https:\/\/www.epen.gov.ar\/index.php\/2021\/06\/22\/trabajos-en-la-linea-cutral-co-zapala-con-corte-de-energia\/#primaryimage","url":"https:\/\/www.epen.gov.ar\/wp-content\/uploads\/2021\/06\/camion-trabaja-zapala-las-lajas-grua-EPEN-2-1.jpeg","contentUrl":"https:\/\/www.epen.gov.ar\/wp-content\/uploads\/2021\/06\/camion-trabaja-zapala-las-lajas-grua-EPEN-2-1.jpeg","width":1276,"height":808},{"@type":"BreadcrumbList","@id":"https:\/\/www.epen.gov.ar\/index.php\/2021\/06\/22\/trabajos-en-la-linea-cutral-co-zapala-con-corte-de-energia\/#breadcrumb","itemListElement":[{"@type":"ListItem","position":1,"name":"Inicio","item":"https:\/\/www.epen.gov.ar\/"},{"@type":"ListItem","position":2,"name":"Ma\u00f1ana habr\u00e1 corte de energ\u00eda por trabajos en la l\u00ednea Cutral Co &#8211; Zapala"}]},{"@type":"WebSite","@id":"https:\/\/www.epen.gov.ar\/#website","url":"https:\/\/www.epen.gov.ar\/","name":"EPEN","description":"Ente Provincial de Energ\u00eda del Neuqu\u00e9n","publisher":{"@id":"https:\/\/www.epen.gov.ar\/#organization"},"potentialAction":[{"@type":"SearchAction","target":{"@type":"EntryPoint","urlTemplate":"https:\/\/www.epen.gov.ar\/?s={search_term_string}"},"query-input":{"@type":"PropertyValueSpecification","valueRequired":true,"valueName":"search_term_string"}}],"inLanguage":"es"},{"@type":"Organization","@id":"https:\/\/www.epen.gov.ar\/#organization","name":"Ente Provincial de Energ\u00eda del Neuqu\u00e9n","url":"https:\/\/www.epen.gov.ar\/","logo":{"@type":"ImageObject","inLanguage":"es","@id":"https:\/\/www.epen.gov.ar\/#\/schema\/logo\/image\/","url":"https:\/\/www.epen.gov.ar\/wp-content\/uploads\/2024\/02\/Logo-EPEN-2.jpg","contentUrl":"https:\/\/www.epen.gov.ar\/wp-content\/uploads\/2024\/02\/Logo-EPEN-2.jpg","width":696,"height":696,"caption":"Ente Provincial de Energ\u00eda del Neuqu\u00e9n"},"image":{"@id":"https:\/\/www.epen.gov.ar\/#\/schema\/logo\/image\/"},"sameAs":["https:\/\/www.facebook.com\/EPEN.Neuquen","https:\/\/x.com\/EPEN_Informa","https:\/\/www.youtube.com\/@epenprensa7384"]},{"@type":"Person","@id":"https:\/\/www.epen.gov.ar\/#\/schema\/person\/ce6cff87c2fc01264becc10fa105ad4f","name":"Prensa EPEN","image":{"@type":"ImageObject","inLanguage":"es","@id":"https:\/\/secure.gravatar.com\/avatar\/f8120b8688012ccf2d7fbcf7a970cfbabf0ab63b09c2dbd72c194bee080070e9?s=96&d=mm&r=g","url":"https:\/\/secure.gravatar.com\/avatar\/f8120b8688012ccf2d7fbcf7a970cfbabf0ab63b09c2dbd72c194bee080070e9?s=96&d=mm&r=g","contentUrl":"https:\/\/secure.gravatar.com\/avatar\/f8120b8688012ccf2d7fbcf7a970cfbabf0ab63b09c2dbd72c194bee080070e9?s=96&d=mm&r=g","caption":"Prensa EPEN"},"url":"https:\/\/www.epen.gov.ar\/index.php\/author\/admin\/"}]}},"_links":{"self":[{"href":"https:\/\/www.epen.gov.ar\/index.php\/wp-json\/wp\/v2\/posts\/32218","targetHints":{"allow":["GET"]}}],"collection":[{"href":"https:\/\/www.epen.gov.ar\/index.php\/wp-json\/wp\/v2\/posts"}],"about":[{"href":"https:\/\/www.epen.gov.ar\/index.php\/wp-json\/wp\/v2\/types\/post"}],"author":[{"embeddable":true,"href":"https:\/\/www.epen.gov.ar\/index.php\/wp-json\/wp\/v2\/users\/1"}],"replies":[{"embeddable":true,"href":"https:\/\/www.epen.gov.ar\/index.php\/wp-json\/wp\/v2\/comments?post=32218"}],"version-history":[{"count":3,"href":"https:\/\/www.epen.gov.ar\/index.php\/wp-json\/wp\/v2\/posts\/32218\/revisions"}],"predecessor-version":[{"id":69667,"href":"https:\/\/www.epen.gov.ar\/index.php\/wp-json\/wp\/v2\/posts\/32218\/revisions\/69667"}],"wp:featuredmedia":[{"embeddable":true,"href":"https:\/\/www.epen.gov.ar\/index.php\/wp-json\/wp\/v2\/media\/32231"}],"wp:attachment":[{"href":"https:\/\/www.epen.gov.ar\/index.php\/wp-json\/wp\/v2\/media?parent=32218"}],"wp:term":[{"taxonomy":"category","embeddable":true,"href":"https:\/\/www.epen.gov.ar\/index.php\/wp-json\/wp\/v2\/categories?post=32218"},{"taxonomy":"post_tag","embeddable":true,"href":"https:\/\/www.epen.gov.ar\/index.php\/wp-json\/wp\/v2\/tags?post=32218"}],"curies":[{"name":"wp","href":"https:\/\/api.w.org\/{rel}","templated":true}]}}