{"id":3189,"date":"2019-04-17T10:44:27","date_gmt":"2019-04-17T13:44:27","guid":{"rendered":"http:\/\/10.1.48.49\/?p=3189"},"modified":"2019-05-30T21:56:58","modified_gmt":"2019-05-31T00:56:58","slug":"senillosa-tres-ofertas-para-ejecutar-obras-de-infraestructura-electrica","status":"publish","type":"post","link":"https:\/\/www.epen.gov.ar\/index.php\/2019\/04\/17\/senillosa-tres-ofertas-para-ejecutar-obras-de-infraestructura-electrica\/","title":{"rendered":"Senillosa: tres ofertas para ejecutar obras de infraestructura el\u00e9ctrica"},"content":{"rendered":"<div class=\"fusion-fullwidth fullwidth-box fusion-builder-row-1 nonhundred-percent-fullwidth non-hundred-percent-height-scrolling\" style=\"--awb-border-radius-top-left:0px;--awb-border-radius-top-right:0px;--awb-border-radius-bottom-right:0px;--awb-border-radius-bottom-left:0px;--awb-flex-wrap:wrap;\" ><div class=\"fusion-builder-row fusion-row\"><div class=\"fusion-layout-column fusion_builder_column fusion-builder-column-0 fusion_builder_column_2_3 2_3 fusion-two-third fusion-column-first\" style=\"--awb-bg-size:cover;width:66.666666666667%;width:calc(66.666666666667% - ( ( 4% ) * 0.66666666666667 ) );margin-right: 4%;\"><div class=\"fusion-column-wrapper fusion-column-has-shadow fusion-flex-column-wrapper-legacy\"><div class=\"fusion-text fusion-text-1\"><p class=\"bajada\"><strong>El acto fue encabezado por el gobernador Omar Guti\u00e9rrez y se realiz\u00f3 esta tarde en Casa de Gobierno. La obra permitir\u00e1 cuadruplicar la potencia disponible en la localidad, dando una proyecci\u00f3n de 20 a\u00f1os.<\/strong><\/p>\n<p>Se realiz\u00f3 esta tarde la apertura de sobres para conocer a las empresas interesadas en ejecutar la obra de infraestructura el\u00e9ctrica para Senillosa. El acto fue encabezado por el gobernador Omar Guti\u00e9rrez y se desarroll\u00f3 en la Sala Laffitte de Casa de Gobierno.<\/p>\n<p>La obra, para cuya ejecuci\u00f3n se presentaron tres ofertas, tiene un plazo de un a\u00f1o y un presupuesto oficial de m\u00e1s de 100 millones de pesos. Esta readecuaci\u00f3n y ampliaci\u00f3n del sistema el\u00e9ctrico beneficiar\u00e1 de forma directa a m\u00e1s de 11 mil habitantes, a los que se suma la poblaci\u00f3n comprendida en la reubicaci\u00f3n de la c\u00e1rcel. Con su construcci\u00f3n, se multiplicar\u00e1 por cuatro la potencia disponible en la localidad, dando una proyecci\u00f3n de 20 a\u00f1os para abastecer la demanda.<\/p>\n<p>La licitaci\u00f3n p\u00fablica se denomin\u00f3 \u201cAmpliaci\u00f3n de la capacidad de suministro de energ\u00eda el\u00e9ctrica a la localidad de Senillosa, l\u00ednea 33 kilovoltios, subestaci\u00f3n transformadora 33\/13,2 kilovoltios-10 megavoltios amperes y readecuaci\u00f3n del sistema de 13,2 kilovoltios, Senillosa, provincia del Neuqu\u00e9n\u201d.<\/p>\n<p>\u201cEs una obra fundamental para el desarrollo estructural y estrat\u00e9gico de Senillosa y de la Confluencia\u201d, dijo el gobernador al iniciar su discurso y record\u00f3 que \u201cayer comenzaba a hacerse realidad tambi\u00e9n otro gran sue\u00f1o y otra gran necesidad, como es la electrificaci\u00f3n del parque industrial y el desarrollo urbano de A\u00f1elo, el centro de Vaca Muerta\u201d.<\/p>\n<p>Agradeci\u00f3 al Ente Provincial de Energ\u00eda del Neuqu\u00e9n (EPEN), a la Unidad Provincial de Enlace y Ejecuci\u00f3n de Proyectos con Financiamiento Externo (Upefe) y al municipio. Adem\u00e1s, destac\u00f3 la necesidad de \u201cseguir generando este plan de infraestructura que apuntala el Plan Quinquenal de desarrollo, en el marco de una visi\u00f3n estrat\u00e9gica al 2030 que tenemos en la provincia\u201d.<\/p>\n<p>\u201cEsta obra de un a\u00f1o de ejecuci\u00f3n va a permitir tener la energ\u00eda en cantidad y calidad que Senillosa necesita en su proyecci\u00f3n y en su crecimiento demogr\u00e1fico, poblacional, comercial y en su parque industrial, para los pr\u00f3ximos 20 o 25 a\u00f1os\u201d, asegur\u00f3 el gobernador.<\/p>\n<p>Guti\u00e9rrez remarc\u00f3 que \u201cesto es planificar, anticiparnos y generar las condiciones para promover la articulaci\u00f3n de la inversi\u00f3n p\u00fablica y privada\u201d. Asegur\u00f3 que los trabajos forman parte de \u201cun mega plan de obra p\u00fablica que estamos llevando adelante, porque para nosotros cada vez que volcamos un peso a la obra p\u00fablica, no hay un solo peso de gasto\u201d.<\/p>\n<p>El intendente de Senillosa, Hugo Moenne agradeci\u00f3 a gobernador y a todo el equipo t\u00e9cnico del EPEN. Destac\u00f3 una serie de obras en la localidad, como \u201clas cloacas, que las estamos terminando, y ahora esta gran obra que ha generado mucha expectativa\u201d.<\/p>\n<p>\u201cPr\u00e1cticamente vamos a cuadruplicar la capacidad. Eso nos deja un horizonte y nos deja muy bien parados de cara al futuro, para poder proyectar el crecimiento de nuestra localidad y de nuestro parque industrial\u201d, agreg\u00f3 el jefe comunal.<\/p>\n<p>Por su parte, el presidente del EPEN, Francisco Zamb\u00f3n expres\u00f3 que \u201ces una obra muy importante para Senillosa y Arroyito, porque tenemos un sistema el\u00e9ctrico en Senillosa que est\u00e1 casi a su l\u00edmite de potencia disponible\u201d.<\/p>\n<p>\u201cVamos a poder cuadruplicar la energ\u00eda que podemos transportar y suministrar a la localidad y tambi\u00e9n fortalecer y garantizar con mejor calidad el suministro a la c\u00e1rcel\u201d, expres\u00f3 el presidente del EPEN y detall\u00f3 que \u201choy hay 11 mil habitantes, pero Senillosa tiene un crecimiento muy importante en la zona urbana y rural\u201d.<\/p>\n<p><strong>La obra<\/strong><\/p>\n<p>La nueva obra se fundamenta en la necesidad de ampliar la capacidad de suministro de energ\u00eda el\u00e9ctrica a esta localidad, debido al gran crecimiento de la demanda que se proyecta para la ciudad y alrededores, adem\u00e1s de dar respuesta t\u00e9cnica al traslado de la c\u00e1rcel U9 desde Neuqu\u00e9n capital.<\/p>\n<p>Con la nueva potencia disponible se podr\u00e1 abastecer al crecimiento vegetativo de la localidad y principalmente el actual impacto, debido en mayor medida al traslado de la c\u00e1rcel U9 de Neuqu\u00e9n capital a esta ciudad con una poblaci\u00f3n estimada de 2.800 personas, entre personal e internos.<\/p>\n<p>Por su ubicaci\u00f3n estrat\u00e9gica y la inminente finalizaci\u00f3n de la ampliaci\u00f3n de la ruta nacional N\u00ba 22, Senillosa se convierte en un polo industrial al servicio de la actividad hidrocarbur\u00edfera, centrada principalmente en la extracci\u00f3n de no convencionales, promoviendo la instalaci\u00f3n de empresas de servicios petroleros en el parque industrial.<\/p>\n<p>Adem\u00e1s, la cercan\u00eda con la ciudad de Neuqu\u00e9n y la infraestructura en rutas y accesos hacen que Senillosa se convierta en un nuevo punto de inter\u00e9s para el desarrollo inmobiliario, que deber\u00e1 ser acompa\u00f1ado por los servicios, incluido el suministro el\u00e9ctrico. Tambi\u00e9n se acompa\u00f1a el desarrollo productivo.<\/p>\n<\/div><div class=\"fusion-clearfix\"><\/div><\/div><\/div><div class=\"fusion-layout-column fusion_builder_column fusion-builder-column-1 fusion_builder_column_1_3 1_3 fusion-one-third fusion-column-last\" style=\"--awb-bg-size:cover;width:33.333333333333%;width:calc(33.333333333333% - ( ( 4% ) * 0.33333333333333 ) );\"><div class=\"fusion-column-wrapper fusion-column-has-shadow fusion-flex-column-wrapper-legacy\"><div class=\"fusion-widget-area awb-widget-area-element fusion-widget-area-1 fusion-content-widget-area\" style=\"--awb-title-size:20px;--awb-title-color:#333333;--awb-padding:0px 0px 0px 0px;\"><style type=\"text\/css\" data-id=\"tweets-widget-2\">#tweets-widget-2 li { border-color:#eaeaea;}<\/style><section id=\"tweets-widget-2\" class=\"widget tweets\" style=\"border-style: solid;border-color: #eaeaea;border-color:transparent;border-width:0px;\">\t\t\t\t\n\t\t<div style=\"overflow:hidden\">\n\t\t\t\t\t\t\t\t\t\t\t<a class=\"twitter-timeline\" data-dnt=\"true\" href=\"https:\/\/twitter.com\/@EPEN_Informa\" data-width=\"500\" data-height=\"300\" width=\"500\" height=\"300\" data-theme=\"light\" data-link-color=\"##25a9bd\" data-border-color=\"#eaeaea\" data-chrome=\"\">Tweets por @EPEN_Informa<\/a>\n\t\t\t\t\t\t\t\n\t\t\t\t\t\t\t\t\t\t\t<script async src=\"\/\/platform.twitter.com\/widgets.js\" charset=\"utf-8\"><\/script>\n\t\t\t\t\t\t\t\n\t\t<\/div>\n\t\t<\/section>\n\t\t<section id=\"recent-posts-3\" class=\"widget widget_recent_entries\" style=\"border-style: solid;border-color:transparent;border-width:0px;\">\n\t\t<div class=\"heading\"><h4 class=\"widget-title\">Entradas recientes<\/h4><\/div>\n\t\t<ul>\n\t\t\t\t\t\t\t\t\t\t\t<li>\n\t\t\t\t\t<a href=\"https:\/\/www.epen.gov.ar\/index.php\/2026\/04\/30\/corte-programado-en-sectores-de-rincon-de-los-sauces-el-02-05-2026\/\">Corte Programado en sectores de Rinc\u00f3n de los Sauces el 02\/05\/2026<\/a>\n\t\t\t\t\t\t\t\t\t\t\t<span class=\"post-date\">30\/04\/2026<\/span>\n\t\t\t\t\t\t\t\t\t<\/li>\n\t\t\t\t\t\t\t\t\t\t\t<li>\n\t\t\t\t\t<a href=\"https:\/\/www.epen.gov.ar\/index.php\/2026\/04\/30\/licitacion-publica-n-14-2026-contratacion-de-servicios-de-desarrollo-y-mantenimiento-de-sistemas-informaticos\/\">LICITACI\u00d3N P\u00daBLICA N\u00b0 14\/2026 CONTRATACI\u00d3N DE SERVICIOS DE DESARROLLO Y MANTENIMIENTO DE SISTEMAS INFORM\u00c1TICOS<\/a>\n\t\t\t\t\t\t\t\t\t\t\t<span class=\"post-date\">30\/04\/2026<\/span>\n\t\t\t\t\t\t\t\t\t<\/li>\n\t\t\t\t\t\t\t\t\t\t\t<li>\n\t\t\t\t\t<a href=\"https:\/\/www.epen.gov.ar\/index.php\/2026\/04\/29\/corte-programado-en-sectores-de-centenario-el-30-04-2026\/\">Corte Programado en sectores de Centenario el 30\/04\/2026<\/a>\n\t\t\t\t\t\t\t\t\t\t\t<span class=\"post-date\">29\/04\/2026<\/span>\n\t\t\t\t\t\t\t\t\t<\/li>\n\t\t\t\t\t\t\t\t\t\t\t<li>\n\t\t\t\t\t<a href=\"https:\/\/www.epen.gov.ar\/index.php\/2026\/04\/28\/el-epen-impulsa-el-desarrollo-de-varvarco-con-nueva-infraestructura-para-17-lotes\/\">El EPEN impulsa el desarrollo de Varvarco con nueva infraestructura para 17 lotes<\/a>\n\t\t\t\t\t\t\t\t\t\t\t<span class=\"post-date\">28\/04\/2026<\/span>\n\t\t\t\t\t\t\t\t\t<\/li>\n\t\t\t\t\t\t\t\t\t\t\t<li>\n\t\t\t\t\t<a href=\"https:\/\/www.epen.gov.ar\/index.php\/2026\/04\/28\/corte-programado-en-sectores-de-zona-nahueve-el-30-04-2026\/\">Corte Programado en sectores de zona Nahueve el 30\/04\/2026<\/a>\n\t\t\t\t\t\t\t\t\t\t\t<span class=\"post-date\">28\/04\/2026<\/span>\n\t\t\t\t\t\t\t\t\t<\/li>\n\t\t\t\t\t<\/ul>\n\n\t\t<\/section><div class=\"fusion-additional-widget-content\"><\/div><\/div><div class=\"fusion-clearfix\"><\/div><\/div><\/div><\/div><\/div>\n","protected":false},"excerpt":{"rendered":"","protected":false},"author":1,"featured_media":3190,"comment_status":"open","ping_status":"open","sticky":false,"template":"","format":"standard","meta":{"_exactmetrics_skip_tracking":false,"_exactmetrics_sitenote_active":false,"_exactmetrics_sitenote_note":"","_exactmetrics_sitenote_category":0,"footnotes":""},"categories":[84],"tags":[],"class_list":["post-3189","post","type-post","status-publish","format-standard","has-post-thumbnail","hentry","category-noticias"],"yoast_head":"<!-- This site is optimized with the Yoast SEO plugin v27.2 - https:\/\/yoast.com\/product\/yoast-seo-wordpress\/ -->\n<title>EPEN - Senillosa: tres ofertas para ejecutar obras de infraestructura el\u00e9ctrica<\/title>\n<meta name=\"description\" content=\"Senillosa: tres ofertas para ejecutar obras de infraestructura el\u00e9ctrica\" \/>\n<meta name=\"robots\" content=\"index, follow, max-snippet:-1, max-image-preview:large, max-video-preview:-1\" \/>\n<link rel=\"canonical\" href=\"https:\/\/www.epen.gov.ar\/index.php\/2019\/04\/17\/senillosa-tres-ofertas-para-ejecutar-obras-de-infraestructura-electrica\/\" \/>\n<meta property=\"og:locale\" content=\"es_ES\" \/>\n<meta property=\"og:type\" content=\"article\" \/>\n<meta property=\"og:title\" content=\"EPEN - Senillosa: tres ofertas para ejecutar obras de infraestructura el\u00e9ctrica\" \/>\n<meta property=\"og:description\" content=\"Senillosa: tres ofertas para ejecutar obras de infraestructura el\u00e9ctrica\" \/>\n<meta property=\"og:url\" content=\"https:\/\/www.epen.gov.ar\/index.php\/2019\/04\/17\/senillosa-tres-ofertas-para-ejecutar-obras-de-infraestructura-electrica\/\" \/>\n<meta property=\"og:site_name\" content=\"EPEN\" \/>\n<meta property=\"article:publisher\" content=\"https:\/\/www.facebook.com\/EPEN.Neuquen\" \/>\n<meta property=\"article:published_time\" content=\"2019-04-17T13:44:27+00:00\" \/>\n<meta property=\"article:modified_time\" content=\"2019-05-31T00:56:58+00:00\" \/>\n<meta property=\"og:image\" content=\"https:\/\/www.epen.gov.ar\/wp-content\/uploads\/2019\/04\/WEB_MG_0126.jpg\" \/>\n\t<meta property=\"og:image:width\" content=\"1403\" \/>\n\t<meta property=\"og:image:height\" content=\"693\" \/>\n\t<meta property=\"og:image:type\" content=\"image\/jpeg\" \/>\n<meta name=\"author\" content=\"Prensa EPEN\" \/>\n<meta name=\"twitter:card\" content=\"summary_large_image\" \/>\n<meta name=\"twitter:creator\" content=\"@EPEN_Informa\" \/>\n<meta name=\"twitter:site\" content=\"@EPEN_Informa\" \/>\n<meta name=\"twitter:label1\" content=\"Escrito por\" \/>\n\t<meta name=\"twitter:data1\" content=\"Prensa EPEN\" \/>\n\t<meta name=\"twitter:label2\" content=\"Tiempo de lectura\" \/>\n\t<meta name=\"twitter:data2\" content=\"6 minutos\" \/>\n<script type=\"application\/ld+json\" class=\"yoast-schema-graph\">{\"@context\":\"https:\/\/schema.org\",\"@graph\":[{\"@type\":\"Article\",\"@id\":\"https:\/\/www.epen.gov.ar\/index.php\/2019\/04\/17\/senillosa-tres-ofertas-para-ejecutar-obras-de-infraestructura-electrica\/#article\",\"isPartOf\":{\"@id\":\"https:\/\/www.epen.gov.ar\/index.php\/2019\/04\/17\/senillosa-tres-ofertas-para-ejecutar-obras-de-infraestructura-electrica\/\"},\"author\":{\"name\":\"Prensa EPEN\",\"@id\":\"https:\/\/www.epen.gov.ar\/#\/schema\/person\/ce6cff87c2fc01264becc10fa105ad4f\"},\"headline\":\"Senillosa: tres ofertas para ejecutar obras de infraestructura el\u00e9ctrica\",\"datePublished\":\"2019-04-17T13:44:27+00:00\",\"dateModified\":\"2019-05-31T00:56:58+00:00\",\"mainEntityOfPage\":{\"@id\":\"https:\/\/www.epen.gov.ar\/index.php\/2019\/04\/17\/senillosa-tres-ofertas-para-ejecutar-obras-de-infraestructura-electrica\/\"},\"wordCount\":1207,\"commentCount\":0,\"publisher\":{\"@id\":\"https:\/\/www.epen.gov.ar\/#organization\"},\"image\":{\"@id\":\"https:\/\/www.epen.gov.ar\/index.php\/2019\/04\/17\/senillosa-tres-ofertas-para-ejecutar-obras-de-infraestructura-electrica\/#primaryimage\"},\"thumbnailUrl\":\"https:\/\/www.epen.gov.ar\/wp-content\/uploads\/2019\/04\/WEB_MG_0126.jpg\",\"articleSection\":[\"Noticias\"],\"inLanguage\":\"es\",\"potentialAction\":[{\"@type\":\"CommentAction\",\"name\":\"Comment\",\"target\":[\"https:\/\/www.epen.gov.ar\/index.php\/2019\/04\/17\/senillosa-tres-ofertas-para-ejecutar-obras-de-infraestructura-electrica\/#respond\"]}]},{\"@type\":\"WebPage\",\"@id\":\"https:\/\/www.epen.gov.ar\/index.php\/2019\/04\/17\/senillosa-tres-ofertas-para-ejecutar-obras-de-infraestructura-electrica\/\",\"url\":\"https:\/\/www.epen.gov.ar\/index.php\/2019\/04\/17\/senillosa-tres-ofertas-para-ejecutar-obras-de-infraestructura-electrica\/\",\"name\":\"EPEN - Senillosa: tres ofertas para ejecutar obras de infraestructura el\u00e9ctrica\",\"isPartOf\":{\"@id\":\"https:\/\/www.epen.gov.ar\/#website\"},\"primaryImageOfPage\":{\"@id\":\"https:\/\/www.epen.gov.ar\/index.php\/2019\/04\/17\/senillosa-tres-ofertas-para-ejecutar-obras-de-infraestructura-electrica\/#primaryimage\"},\"image\":{\"@id\":\"https:\/\/www.epen.gov.ar\/index.php\/2019\/04\/17\/senillosa-tres-ofertas-para-ejecutar-obras-de-infraestructura-electrica\/#primaryimage\"},\"thumbnailUrl\":\"https:\/\/www.epen.gov.ar\/wp-content\/uploads\/2019\/04\/WEB_MG_0126.jpg\",\"datePublished\":\"2019-04-17T13:44:27+00:00\",\"dateModified\":\"2019-05-31T00:56:58+00:00\",\"description\":\"Senillosa: tres ofertas para ejecutar obras de infraestructura el\u00e9ctrica\",\"breadcrumb\":{\"@id\":\"https:\/\/www.epen.gov.ar\/index.php\/2019\/04\/17\/senillosa-tres-ofertas-para-ejecutar-obras-de-infraestructura-electrica\/#breadcrumb\"},\"inLanguage\":\"es\",\"potentialAction\":[{\"@type\":\"ReadAction\",\"target\":[\"https:\/\/www.epen.gov.ar\/index.php\/2019\/04\/17\/senillosa-tres-ofertas-para-ejecutar-obras-de-infraestructura-electrica\/\"]}]},{\"@type\":\"ImageObject\",\"inLanguage\":\"es\",\"@id\":\"https:\/\/www.epen.gov.ar\/index.php\/2019\/04\/17\/senillosa-tres-ofertas-para-ejecutar-obras-de-infraestructura-electrica\/#primaryimage\",\"url\":\"https:\/\/www.epen.gov.ar\/wp-content\/uploads\/2019\/04\/WEB_MG_0126.jpg\",\"contentUrl\":\"https:\/\/www.epen.gov.ar\/wp-content\/uploads\/2019\/04\/WEB_MG_0126.jpg\",\"width\":1403,\"height\":693},{\"@type\":\"BreadcrumbList\",\"@id\":\"https:\/\/www.epen.gov.ar\/index.php\/2019\/04\/17\/senillosa-tres-ofertas-para-ejecutar-obras-de-infraestructura-electrica\/#breadcrumb\",\"itemListElement\":[{\"@type\":\"ListItem\",\"position\":1,\"name\":\"Inicio\",\"item\":\"https:\/\/www.epen.gov.ar\/\"},{\"@type\":\"ListItem\",\"position\":2,\"name\":\"Senillosa: tres ofertas para ejecutar obras de infraestructura el\u00e9ctrica\"}]},{\"@type\":\"WebSite\",\"@id\":\"https:\/\/www.epen.gov.ar\/#website\",\"url\":\"https:\/\/www.epen.gov.ar\/\",\"name\":\"EPEN\",\"description\":\"Ente Provincial de Energ\u00eda del Neuqu\u00e9n\",\"publisher\":{\"@id\":\"https:\/\/www.epen.gov.ar\/#organization\"},\"potentialAction\":[{\"@type\":\"SearchAction\",\"target\":{\"@type\":\"EntryPoint\",\"urlTemplate\":\"https:\/\/www.epen.gov.ar\/?s={search_term_string}\"},\"query-input\":{\"@type\":\"PropertyValueSpecification\",\"valueRequired\":true,\"valueName\":\"search_term_string\"}}],\"inLanguage\":\"es\"},{\"@type\":\"Organization\",\"@id\":\"https:\/\/www.epen.gov.ar\/#organization\",\"name\":\"Ente Provincial de Energ\u00eda del Neuqu\u00e9n\",\"url\":\"https:\/\/www.epen.gov.ar\/\",\"logo\":{\"@type\":\"ImageObject\",\"inLanguage\":\"es\",\"@id\":\"https:\/\/www.epen.gov.ar\/#\/schema\/logo\/image\/\",\"url\":\"https:\/\/www.epen.gov.ar\/wp-content\/uploads\/2024\/02\/Logo-EPEN-2.jpg\",\"contentUrl\":\"https:\/\/www.epen.gov.ar\/wp-content\/uploads\/2024\/02\/Logo-EPEN-2.jpg\",\"width\":696,\"height\":696,\"caption\":\"Ente Provincial de Energ\u00eda del Neuqu\u00e9n\"},\"image\":{\"@id\":\"https:\/\/www.epen.gov.ar\/#\/schema\/logo\/image\/\"},\"sameAs\":[\"https:\/\/www.facebook.com\/EPEN.Neuquen\",\"https:\/\/x.com\/EPEN_Informa\",\"https:\/\/www.youtube.com\/@epenprensa7384\"]},{\"@type\":\"Person\",\"@id\":\"https:\/\/www.epen.gov.ar\/#\/schema\/person\/ce6cff87c2fc01264becc10fa105ad4f\",\"name\":\"Prensa EPEN\",\"image\":{\"@type\":\"ImageObject\",\"inLanguage\":\"es\",\"@id\":\"https:\/\/secure.gravatar.com\/avatar\/f8120b8688012ccf2d7fbcf7a970cfbabf0ab63b09c2dbd72c194bee080070e9?s=96&d=mm&r=g\",\"url\":\"https:\/\/secure.gravatar.com\/avatar\/f8120b8688012ccf2d7fbcf7a970cfbabf0ab63b09c2dbd72c194bee080070e9?s=96&d=mm&r=g\",\"contentUrl\":\"https:\/\/secure.gravatar.com\/avatar\/f8120b8688012ccf2d7fbcf7a970cfbabf0ab63b09c2dbd72c194bee080070e9?s=96&d=mm&r=g\",\"caption\":\"Prensa EPEN\"},\"url\":\"https:\/\/www.epen.gov.ar\/index.php\/author\/admin\/\"}]}<\/script>\n<!-- \/ Yoast SEO plugin. -->","yoast_head_json":{"title":"EPEN - Senillosa: tres ofertas para ejecutar obras de infraestructura el\u00e9ctrica","description":"Senillosa: tres ofertas para ejecutar obras de infraestructura el\u00e9ctrica","robots":{"index":"index","follow":"follow","max-snippet":"max-snippet:-1","max-image-preview":"max-image-preview:large","max-video-preview":"max-video-preview:-1"},"canonical":"https:\/\/www.epen.gov.ar\/index.php\/2019\/04\/17\/senillosa-tres-ofertas-para-ejecutar-obras-de-infraestructura-electrica\/","og_locale":"es_ES","og_type":"article","og_title":"EPEN - Senillosa: tres ofertas para ejecutar obras de infraestructura el\u00e9ctrica","og_description":"Senillosa: tres ofertas para ejecutar obras de infraestructura el\u00e9ctrica","og_url":"https:\/\/www.epen.gov.ar\/index.php\/2019\/04\/17\/senillosa-tres-ofertas-para-ejecutar-obras-de-infraestructura-electrica\/","og_site_name":"EPEN","article_publisher":"https:\/\/www.facebook.com\/EPEN.Neuquen","article_published_time":"2019-04-17T13:44:27+00:00","article_modified_time":"2019-05-31T00:56:58+00:00","og_image":[{"width":1403,"height":693,"url":"https:\/\/www.epen.gov.ar\/wp-content\/uploads\/2019\/04\/WEB_MG_0126.jpg","type":"image\/jpeg"}],"author":"Prensa EPEN","twitter_card":"summary_large_image","twitter_creator":"@EPEN_Informa","twitter_site":"@EPEN_Informa","twitter_misc":{"Escrito por":"Prensa EPEN","Tiempo de lectura":"6 minutos"},"schema":{"@context":"https:\/\/schema.org","@graph":[{"@type":"Article","@id":"https:\/\/www.epen.gov.ar\/index.php\/2019\/04\/17\/senillosa-tres-ofertas-para-ejecutar-obras-de-infraestructura-electrica\/#article","isPartOf":{"@id":"https:\/\/www.epen.gov.ar\/index.php\/2019\/04\/17\/senillosa-tres-ofertas-para-ejecutar-obras-de-infraestructura-electrica\/"},"author":{"name":"Prensa EPEN","@id":"https:\/\/www.epen.gov.ar\/#\/schema\/person\/ce6cff87c2fc01264becc10fa105ad4f"},"headline":"Senillosa: tres ofertas para ejecutar obras de infraestructura el\u00e9ctrica","datePublished":"2019-04-17T13:44:27+00:00","dateModified":"2019-05-31T00:56:58+00:00","mainEntityOfPage":{"@id":"https:\/\/www.epen.gov.ar\/index.php\/2019\/04\/17\/senillosa-tres-ofertas-para-ejecutar-obras-de-infraestructura-electrica\/"},"wordCount":1207,"commentCount":0,"publisher":{"@id":"https:\/\/www.epen.gov.ar\/#organization"},"image":{"@id":"https:\/\/www.epen.gov.ar\/index.php\/2019\/04\/17\/senillosa-tres-ofertas-para-ejecutar-obras-de-infraestructura-electrica\/#primaryimage"},"thumbnailUrl":"https:\/\/www.epen.gov.ar\/wp-content\/uploads\/2019\/04\/WEB_MG_0126.jpg","articleSection":["Noticias"],"inLanguage":"es","potentialAction":[{"@type":"CommentAction","name":"Comment","target":["https:\/\/www.epen.gov.ar\/index.php\/2019\/04\/17\/senillosa-tres-ofertas-para-ejecutar-obras-de-infraestructura-electrica\/#respond"]}]},{"@type":"WebPage","@id":"https:\/\/www.epen.gov.ar\/index.php\/2019\/04\/17\/senillosa-tres-ofertas-para-ejecutar-obras-de-infraestructura-electrica\/","url":"https:\/\/www.epen.gov.ar\/index.php\/2019\/04\/17\/senillosa-tres-ofertas-para-ejecutar-obras-de-infraestructura-electrica\/","name":"EPEN - Senillosa: tres ofertas para ejecutar obras de infraestructura el\u00e9ctrica","isPartOf":{"@id":"https:\/\/www.epen.gov.ar\/#website"},"primaryImageOfPage":{"@id":"https:\/\/www.epen.gov.ar\/index.php\/2019\/04\/17\/senillosa-tres-ofertas-para-ejecutar-obras-de-infraestructura-electrica\/#primaryimage"},"image":{"@id":"https:\/\/www.epen.gov.ar\/index.php\/2019\/04\/17\/senillosa-tres-ofertas-para-ejecutar-obras-de-infraestructura-electrica\/#primaryimage"},"thumbnailUrl":"https:\/\/www.epen.gov.ar\/wp-content\/uploads\/2019\/04\/WEB_MG_0126.jpg","datePublished":"2019-04-17T13:44:27+00:00","dateModified":"2019-05-31T00:56:58+00:00","description":"Senillosa: tres ofertas para ejecutar obras de infraestructura el\u00e9ctrica","breadcrumb":{"@id":"https:\/\/www.epen.gov.ar\/index.php\/2019\/04\/17\/senillosa-tres-ofertas-para-ejecutar-obras-de-infraestructura-electrica\/#breadcrumb"},"inLanguage":"es","potentialAction":[{"@type":"ReadAction","target":["https:\/\/www.epen.gov.ar\/index.php\/2019\/04\/17\/senillosa-tres-ofertas-para-ejecutar-obras-de-infraestructura-electrica\/"]}]},{"@type":"ImageObject","inLanguage":"es","@id":"https:\/\/www.epen.gov.ar\/index.php\/2019\/04\/17\/senillosa-tres-ofertas-para-ejecutar-obras-de-infraestructura-electrica\/#primaryimage","url":"https:\/\/www.epen.gov.ar\/wp-content\/uploads\/2019\/04\/WEB_MG_0126.jpg","contentUrl":"https:\/\/www.epen.gov.ar\/wp-content\/uploads\/2019\/04\/WEB_MG_0126.jpg","width":1403,"height":693},{"@type":"BreadcrumbList","@id":"https:\/\/www.epen.gov.ar\/index.php\/2019\/04\/17\/senillosa-tres-ofertas-para-ejecutar-obras-de-infraestructura-electrica\/#breadcrumb","itemListElement":[{"@type":"ListItem","position":1,"name":"Inicio","item":"https:\/\/www.epen.gov.ar\/"},{"@type":"ListItem","position":2,"name":"Senillosa: tres ofertas para ejecutar obras de infraestructura el\u00e9ctrica"}]},{"@type":"WebSite","@id":"https:\/\/www.epen.gov.ar\/#website","url":"https:\/\/www.epen.gov.ar\/","name":"EPEN","description":"Ente Provincial de Energ\u00eda del Neuqu\u00e9n","publisher":{"@id":"https:\/\/www.epen.gov.ar\/#organization"},"potentialAction":[{"@type":"SearchAction","target":{"@type":"EntryPoint","urlTemplate":"https:\/\/www.epen.gov.ar\/?s={search_term_string}"},"query-input":{"@type":"PropertyValueSpecification","valueRequired":true,"valueName":"search_term_string"}}],"inLanguage":"es"},{"@type":"Organization","@id":"https:\/\/www.epen.gov.ar\/#organization","name":"Ente Provincial de Energ\u00eda del Neuqu\u00e9n","url":"https:\/\/www.epen.gov.ar\/","logo":{"@type":"ImageObject","inLanguage":"es","@id":"https:\/\/www.epen.gov.ar\/#\/schema\/logo\/image\/","url":"https:\/\/www.epen.gov.ar\/wp-content\/uploads\/2024\/02\/Logo-EPEN-2.jpg","contentUrl":"https:\/\/www.epen.gov.ar\/wp-content\/uploads\/2024\/02\/Logo-EPEN-2.jpg","width":696,"height":696,"caption":"Ente Provincial de Energ\u00eda del Neuqu\u00e9n"},"image":{"@id":"https:\/\/www.epen.gov.ar\/#\/schema\/logo\/image\/"},"sameAs":["https:\/\/www.facebook.com\/EPEN.Neuquen","https:\/\/x.com\/EPEN_Informa","https:\/\/www.youtube.com\/@epenprensa7384"]},{"@type":"Person","@id":"https:\/\/www.epen.gov.ar\/#\/schema\/person\/ce6cff87c2fc01264becc10fa105ad4f","name":"Prensa EPEN","image":{"@type":"ImageObject","inLanguage":"es","@id":"https:\/\/secure.gravatar.com\/avatar\/f8120b8688012ccf2d7fbcf7a970cfbabf0ab63b09c2dbd72c194bee080070e9?s=96&d=mm&r=g","url":"https:\/\/secure.gravatar.com\/avatar\/f8120b8688012ccf2d7fbcf7a970cfbabf0ab63b09c2dbd72c194bee080070e9?s=96&d=mm&r=g","contentUrl":"https:\/\/secure.gravatar.com\/avatar\/f8120b8688012ccf2d7fbcf7a970cfbabf0ab63b09c2dbd72c194bee080070e9?s=96&d=mm&r=g","caption":"Prensa EPEN"},"url":"https:\/\/www.epen.gov.ar\/index.php\/author\/admin\/"}]}},"_links":{"self":[{"href":"https:\/\/www.epen.gov.ar\/index.php\/wp-json\/wp\/v2\/posts\/3189","targetHints":{"allow":["GET"]}}],"collection":[{"href":"https:\/\/www.epen.gov.ar\/index.php\/wp-json\/wp\/v2\/posts"}],"about":[{"href":"https:\/\/www.epen.gov.ar\/index.php\/wp-json\/wp\/v2\/types\/post"}],"author":[{"embeddable":true,"href":"https:\/\/www.epen.gov.ar\/index.php\/wp-json\/wp\/v2\/users\/1"}],"replies":[{"embeddable":true,"href":"https:\/\/www.epen.gov.ar\/index.php\/wp-json\/wp\/v2\/comments?post=3189"}],"version-history":[{"count":2,"href":"https:\/\/www.epen.gov.ar\/index.php\/wp-json\/wp\/v2\/posts\/3189\/revisions"}],"predecessor-version":[{"id":3192,"href":"https:\/\/www.epen.gov.ar\/index.php\/wp-json\/wp\/v2\/posts\/3189\/revisions\/3192"}],"wp:featuredmedia":[{"embeddable":true,"href":"https:\/\/www.epen.gov.ar\/index.php\/wp-json\/wp\/v2\/media\/3190"}],"wp:attachment":[{"href":"https:\/\/www.epen.gov.ar\/index.php\/wp-json\/wp\/v2\/media?parent=3189"}],"wp:term":[{"taxonomy":"category","embeddable":true,"href":"https:\/\/www.epen.gov.ar\/index.php\/wp-json\/wp\/v2\/categories?post=3189"},{"taxonomy":"post_tag","embeddable":true,"href":"https:\/\/www.epen.gov.ar\/index.php\/wp-json\/wp\/v2\/tags?post=3189"}],"curies":[{"name":"wp","href":"https:\/\/api.w.org\/{rel}","templated":true}]}}