{"id":3095,"date":"2019-04-02T13:44:11","date_gmt":"2019-04-02T16:44:11","guid":{"rendered":"http:\/\/10.1.48.49\/?p=3095"},"modified":"2019-05-30T21:58:36","modified_gmt":"2019-05-31T00:58:36","slug":"comienza-la-obra-que-llevara-energia-al-parque-industrial-de-anelo-2","status":"publish","type":"post","link":"https:\/\/www.epen.gov.ar\/index.php\/2019\/04\/02\/comienza-la-obra-que-llevara-energia-al-parque-industrial-de-anelo-2\/","title":{"rendered":"Comienza la obra que llevar\u00e1 energ\u00eda al parque industrial de A\u00f1elo"},"content":{"rendered":"<div class=\"fusion-fullwidth fullwidth-box fusion-builder-row-1 nonhundred-percent-fullwidth non-hundred-percent-height-scrolling\" style=\"--awb-border-radius-top-left:0px;--awb-border-radius-top-right:0px;--awb-border-radius-bottom-right:0px;--awb-border-radius-bottom-left:0px;--awb-flex-wrap:wrap;\" ><div class=\"fusion-builder-row fusion-row\"><div class=\"fusion-layout-column fusion_builder_column fusion-builder-column-0 fusion_builder_column_2_3 2_3 fusion-two-third fusion-column-first\" style=\"--awb-bg-size:cover;width:66.666666666667%;width:calc(66.666666666667% - ( ( 4% ) * 0.66666666666667 ) );margin-right: 4%;\"><div class=\"fusion-column-wrapper fusion-flex-column-wrapper-legacy\"><div class=\"fusion-text fusion-text-1\"><p class=\"bajada\"><strong>Abastecer\u00e1 a la zona del parque industrial y beneficiar\u00e1 a toda la localidad. Ayer se firmaron en Buenos Aires los contratos para la ejecuci\u00f3n e inspecci\u00f3n de la obra y la semana pr\u00f3xima comenzar\u00e1 a trabajar la empresa. El gobernador Omar Guti\u00e9rrez hab\u00eda gestionado ante el BID el financiamiento para ejecutar las tareas.<\/strong><\/p>\n<p>Se firmaron ayer en Buenos Aires dos contratos para la ejecuci\u00f3n e inspecci\u00f3n de la obra de infraestructura de energ\u00eda el\u00e9ctrica para parques industriales de A\u00f1elo. Los trabajos se iniciar\u00e1n la semana pr\u00f3xima y surgen de la planificaci\u00f3n de las obras el\u00e9ctricas por parte del gobierno provincial y la b\u00fasqueda de financiamiento para proyectos de fortalecimiento institucional que, a trav\u00e9s del Banco Interamericano de Desarrollo (BID), encabez\u00f3 el gobernador Omar Guti\u00e9rrez.<\/p>\n<p>Uno de los contratos que se firm\u00f3 ayer por la tarde fue entre la provincia del Neuqu\u00e9n, Naci\u00f3n y la empresa encargada de llevar adelante la obra \u201cInfraestructura de Energ\u00eda El\u00e9ctrica a Parques Industriales en la localidad de A\u00f1elo\u201d. El restante se suscribi\u00f3 entre la secretar\u00eda de Provincias y Municipios de Naci\u00f3n y el Ente Provincial de Energ\u00eda del Neuqu\u00e9n (EPEN), que llevar\u00e1 adelante la inspecci\u00f3n de este proyecto.<\/p>\n<p>El presidente del EPEN, Francisco Zamb\u00f3n estuvo presente en la firma de los contratos y destac\u00f3 que \u201cla obra es muy importante y esperada por la localidad de A\u00f1elo. Implica darle la infraestructura el\u00e9ctrica en media tensi\u00f3n a todo el desarrollo\u00a0 de los parques industriales de la meseta que hoy est\u00e1n instalados y que no tienen energ\u00eda el\u00e9ctrica por redes sino que se est\u00e1n autogenerando\u201d.<\/p>\n<p>El titular del organismo el\u00e9ctrico explic\u00f3 que \u201cadem\u00e1s, va a potenciar el desarrollo del parque industrial para otras empresas que quieren asentarse y llegar al coraz\u00f3n de Vaca Muerta para trasladar los servicios a las empresas petroleras. Y, a su vez, fortalece el suministro el\u00e9ctrico a toda la localidad de A\u00f1elo\u201d.<\/p>\n<p>El proyecto t\u00e9cnico consta de tres etapas o componentes. Por un lado, la construcci\u00f3n de casi seis kil\u00f3metros de l\u00ednea doble terna en 33 kilovoltios, que tendr\u00e1 como finalidad interconectar la estaci\u00f3n transformadora Loma Campana con una nueva subestaci\u00f3n a construir. La traza se extender\u00e1 hasta llegar al predio de la subestaci\u00f3n A\u00f1elo urbana, la cual tiene como fin abastecer el crecimiento de la demanda proyectada para la localidad.<\/p>\n<p>Adem\u00e1s, el proyecto contempla los llamados alimentadores de distribuci\u00f3n, que conectar\u00e1n sectores denominados Parque Industrial Norte y Sur situados sobre la meseta, en la margen derecha e izquierda de la ruta provincial N\u00ba 7, que une la localidad de A\u00f1elo con Rinc\u00f3n de los Sauces. El fin es dotarlos del servicio de energ\u00eda el\u00e9ctrica, como parte de la infraestructura de servicios destinada a acompa\u00f1ar el crecimiento que se da en Vaca Muerta como polo energ\u00e9tico, industrial y econ\u00f3mico, fortaleciendo y brindando m\u00e1s energ\u00eda al casco urbano de A\u00f1elo.<\/p>\n<p><img decoding=\"async\" class=\"alignnone size-full wp-image-3075\" src=\"\/\/www.epen.gov.ar\/wp-content\/uploads\/2019\/03\/WEB-SEGUNDA-OBRA-ENERGIA-A%C3%91ELO_IMG_20190319_153621-1.jpg\" sizes=\"(max-width: 1403px) 100vw, 1403px\" srcset=\"\/\/www.epen.gov.ar\/wp-content\/uploads\/2019\/03\/WEB-SEGUNDA-OBRA-ENERGIA-A\u00d1ELO_IMG_20190319_153621-1-200x99.jpg 200w, \/\/www.epen.gov.ar\/wp-content\/uploads\/2019\/03\/WEB-SEGUNDA-OBRA-ENERGIA-A\u00d1ELO_IMG_20190319_153621-1-300x148.jpg 300w, \/\/www.epen.gov.ar\/wp-content\/uploads\/2019\/03\/WEB-SEGUNDA-OBRA-ENERGIA-A\u00d1ELO_IMG_20190319_153621-1-400x198.jpg 400w, \/\/www.epen.gov.ar\/wp-content\/uploads\/2019\/03\/WEB-SEGUNDA-OBRA-ENERGIA-A\u00d1ELO_IMG_20190319_153621-1-600x296.jpg 600w, \/\/www.epen.gov.ar\/wp-content\/uploads\/2019\/03\/WEB-SEGUNDA-OBRA-ENERGIA-A\u00d1ELO_IMG_20190319_153621-1-768x379.jpg 768w, \/\/www.epen.gov.ar\/wp-content\/uploads\/2019\/03\/WEB-SEGUNDA-OBRA-ENERGIA-A\u00d1ELO_IMG_20190319_153621-1-800x395.jpg 800w, \/\/www.epen.gov.ar\/wp-content\/uploads\/2019\/03\/WEB-SEGUNDA-OBRA-ENERGIA-A\u00d1ELO_IMG_20190319_153621-1-1024x506.jpg 1024w, \/\/www.epen.gov.ar\/wp-content\/uploads\/2019\/03\/WEB-SEGUNDA-OBRA-ENERGIA-A\u00d1ELO_IMG_20190319_153621-1-1200x593.jpg 1200w, \/\/www.epen.gov.ar\/wp-content\/uploads\/2019\/03\/WEB-SEGUNDA-OBRA-ENERGIA-A\u00d1ELO_IMG_20190319_153621-1.jpg 1403w\" alt=\"\" width=\"1403\" height=\"693\" \/><\/p>\n<h5 data-fontsize=\"12\" data-lineheight=\"18\"><em>Se firmaron ayer los contratos para la ejecuci\u00f3n e inspecci\u00f3n de la obra de infraestructura de energ\u00eda el\u00e9ctrica para parques industriales de A\u00f1elo.<\/em><\/h5>\n<\/div><div class=\"fusion-clearfix\"><\/div><\/div><\/div><div class=\"fusion-layout-column fusion_builder_column fusion-builder-column-1 fusion_builder_column_1_3 1_3 fusion-one-third fusion-column-last\" style=\"--awb-bg-size:cover;width:33.333333333333%;width:calc(33.333333333333% - ( ( 4% ) * 0.33333333333333 ) );\"><div class=\"fusion-column-wrapper fusion-column-has-shadow fusion-flex-column-wrapper-legacy\"><div class=\"fusion-widget-area awb-widget-area-element fusion-widget-area-1 fusion-content-widget-area\" style=\"--awb-title-size:20px;--awb-title-color:#333333;--awb-padding:0px 0px 0px 0px;\"><style type=\"text\/css\" data-id=\"tweets-widget-2\">#tweets-widget-2 li { border-color:#eaeaea;}<\/style><section id=\"tweets-widget-2\" class=\"widget tweets\" style=\"border-style: solid;border-color: #eaeaea;border-color:transparent;border-width:0px;\">\t\t\t\t\n\t\t<div style=\"overflow:hidden\">\n\t\t\t\t\t\t\t\t\t\t\t<a class=\"twitter-timeline\" data-dnt=\"true\" href=\"https:\/\/twitter.com\/@EPEN_Informa\" data-width=\"500\" data-height=\"300\" width=\"500\" height=\"300\" data-theme=\"light\" data-link-color=\"##25a9bd\" data-border-color=\"#eaeaea\" data-chrome=\"\">Tweets por @EPEN_Informa<\/a>\n\t\t\t\t\t\t\t\n\t\t\t\t\t\t\t\t\t\t\t<script async src=\"\/\/platform.twitter.com\/widgets.js\" charset=\"utf-8\"><\/script>\n\t\t\t\t\t\t\t\n\t\t<\/div>\n\t\t<\/section>\n\t\t<section id=\"recent-posts-3\" class=\"widget widget_recent_entries\" style=\"border-style: solid;border-color:transparent;border-width:0px;\">\n\t\t<div class=\"heading\"><h4 class=\"widget-title\">Entradas recientes<\/h4><\/div>\n\t\t<ul>\n\t\t\t\t\t\t\t\t\t\t\t<li>\n\t\t\t\t\t<a href=\"https:\/\/www.epen.gov.ar\/index.php\/2026\/04\/30\/corte-programado-en-sectores-de-rincon-de-los-sauces-el-02-05-2026\/\">Corte Programado en sectores de Rinc\u00f3n de los Sauces el 02\/05\/2026<\/a>\n\t\t\t\t\t\t\t\t\t\t\t<span class=\"post-date\">30\/04\/2026<\/span>\n\t\t\t\t\t\t\t\t\t<\/li>\n\t\t\t\t\t\t\t\t\t\t\t<li>\n\t\t\t\t\t<a href=\"https:\/\/www.epen.gov.ar\/index.php\/2026\/04\/30\/licitacion-publica-n-14-2026-contratacion-de-servicios-de-desarrollo-y-mantenimiento-de-sistemas-informaticos\/\">LICITACI\u00d3N P\u00daBLICA N\u00b0 14\/2026 CONTRATACI\u00d3N DE SERVICIOS DE DESARROLLO Y MANTENIMIENTO DE SISTEMAS INFORM\u00c1TICOS<\/a>\n\t\t\t\t\t\t\t\t\t\t\t<span class=\"post-date\">30\/04\/2026<\/span>\n\t\t\t\t\t\t\t\t\t<\/li>\n\t\t\t\t\t\t\t\t\t\t\t<li>\n\t\t\t\t\t<a href=\"https:\/\/www.epen.gov.ar\/index.php\/2026\/04\/29\/corte-programado-en-sectores-de-centenario-el-30-04-2026\/\">Corte Programado en sectores de Centenario el 30\/04\/2026<\/a>\n\t\t\t\t\t\t\t\t\t\t\t<span class=\"post-date\">29\/04\/2026<\/span>\n\t\t\t\t\t\t\t\t\t<\/li>\n\t\t\t\t\t\t\t\t\t\t\t<li>\n\t\t\t\t\t<a href=\"https:\/\/www.epen.gov.ar\/index.php\/2026\/04\/28\/el-epen-impulsa-el-desarrollo-de-varvarco-con-nueva-infraestructura-para-17-lotes\/\">El EPEN impulsa el desarrollo de Varvarco con nueva infraestructura para 17 lotes<\/a>\n\t\t\t\t\t\t\t\t\t\t\t<span class=\"post-date\">28\/04\/2026<\/span>\n\t\t\t\t\t\t\t\t\t<\/li>\n\t\t\t\t\t\t\t\t\t\t\t<li>\n\t\t\t\t\t<a href=\"https:\/\/www.epen.gov.ar\/index.php\/2026\/04\/28\/corte-programado-en-sectores-de-zona-nahueve-el-30-04-2026\/\">Corte Programado en sectores de zona Nahueve el 30\/04\/2026<\/a>\n\t\t\t\t\t\t\t\t\t\t\t<span class=\"post-date\">28\/04\/2026<\/span>\n\t\t\t\t\t\t\t\t\t<\/li>\n\t\t\t\t\t<\/ul>\n\n\t\t<\/section><div class=\"fusion-additional-widget-content\"><\/div><\/div><div class=\"fusion-clearfix\"><\/div><\/div><\/div><\/div><\/div>\n","protected":false},"excerpt":{"rendered":"","protected":false},"author":1,"featured_media":3161,"comment_status":"open","ping_status":"open","sticky":false,"template":"","format":"standard","meta":{"_exactmetrics_skip_tracking":false,"_exactmetrics_sitenote_active":false,"_exactmetrics_sitenote_note":"","_exactmetrics_sitenote_category":0,"footnotes":""},"categories":[84],"tags":[],"class_list":["post-3095","post","type-post","status-publish","format-standard","has-post-thumbnail","hentry","category-noticias"],"yoast_head":"<!-- This site is optimized with the Yoast SEO plugin v27.2 - https:\/\/yoast.com\/product\/yoast-seo-wordpress\/ -->\n<title>EPEN - Comienza la obra que llevar\u00e1 energ\u00eda al parque industrial de A\u00f1elo<\/title>\n<meta name=\"description\" content=\"Comienza la obra que llevar\u00e1 energ\u00eda al parque industrial de A\u00f1elo\" \/>\n<meta name=\"robots\" content=\"index, follow, max-snippet:-1, max-image-preview:large, max-video-preview:-1\" \/>\n<link rel=\"canonical\" href=\"https:\/\/www.epen.gov.ar\/index.php\/2019\/04\/02\/comienza-la-obra-que-llevara-energia-al-parque-industrial-de-anelo-2\/\" \/>\n<meta property=\"og:locale\" content=\"es_ES\" \/>\n<meta property=\"og:type\" content=\"article\" \/>\n<meta property=\"og:title\" content=\"EPEN - Comienza la obra que llevar\u00e1 energ\u00eda al parque industrial de A\u00f1elo\" \/>\n<meta property=\"og:description\" content=\"Comienza la obra que llevar\u00e1 energ\u00eda al parque industrial de A\u00f1elo\" \/>\n<meta property=\"og:url\" content=\"https:\/\/www.epen.gov.ar\/index.php\/2019\/04\/02\/comienza-la-obra-que-llevara-energia-al-parque-industrial-de-anelo-2\/\" \/>\n<meta property=\"og:site_name\" content=\"EPEN\" \/>\n<meta property=\"article:publisher\" content=\"https:\/\/www.facebook.com\/EPEN.Neuquen\" \/>\n<meta property=\"article:published_time\" content=\"2019-04-02T16:44:11+00:00\" \/>\n<meta property=\"article:modified_time\" content=\"2019-05-31T00:58:36+00:00\" \/>\n<meta property=\"og:image\" content=\"https:\/\/www.epen.gov.ar\/wp-content\/uploads\/2019\/04\/WEB-PRIMERA-OBRA-ENERGIA-A\u00d1ELO_153607-1068x528.jpg\" \/>\n\t<meta property=\"og:image:width\" content=\"1068\" \/>\n\t<meta property=\"og:image:height\" content=\"528\" \/>\n\t<meta property=\"og:image:type\" content=\"image\/jpeg\" \/>\n<meta name=\"author\" content=\"Prensa EPEN\" \/>\n<meta name=\"twitter:card\" content=\"summary_large_image\" \/>\n<meta name=\"twitter:creator\" content=\"@EPEN_Informa\" \/>\n<meta name=\"twitter:site\" content=\"@EPEN_Informa\" \/>\n<meta name=\"twitter:label1\" content=\"Escrito por\" \/>\n\t<meta name=\"twitter:data1\" content=\"Prensa EPEN\" \/>\n\t<meta name=\"twitter:label2\" content=\"Tiempo de lectura\" \/>\n\t<meta name=\"twitter:data2\" content=\"4 minutos\" \/>\n<script type=\"application\/ld+json\" class=\"yoast-schema-graph\">{\"@context\":\"https:\/\/schema.org\",\"@graph\":[{\"@type\":\"Article\",\"@id\":\"https:\/\/www.epen.gov.ar\/index.php\/2019\/04\/02\/comienza-la-obra-que-llevara-energia-al-parque-industrial-de-anelo-2\/#article\",\"isPartOf\":{\"@id\":\"https:\/\/www.epen.gov.ar\/index.php\/2019\/04\/02\/comienza-la-obra-que-llevara-energia-al-parque-industrial-de-anelo-2\/\"},\"author\":{\"name\":\"Prensa EPEN\",\"@id\":\"https:\/\/www.epen.gov.ar\/#\/schema\/person\/ce6cff87c2fc01264becc10fa105ad4f\"},\"headline\":\"Comienza la obra que llevar\u00e1 energ\u00eda al parque industrial de A\u00f1elo\",\"datePublished\":\"2019-04-02T16:44:11+00:00\",\"dateModified\":\"2019-05-31T00:58:36+00:00\",\"mainEntityOfPage\":{\"@id\":\"https:\/\/www.epen.gov.ar\/index.php\/2019\/04\/02\/comienza-la-obra-que-llevara-energia-al-parque-industrial-de-anelo-2\/\"},\"wordCount\":896,\"commentCount\":0,\"publisher\":{\"@id\":\"https:\/\/www.epen.gov.ar\/#organization\"},\"image\":{\"@id\":\"https:\/\/www.epen.gov.ar\/index.php\/2019\/04\/02\/comienza-la-obra-que-llevara-energia-al-parque-industrial-de-anelo-2\/#primaryimage\"},\"thumbnailUrl\":\"https:\/\/www.epen.gov.ar\/wp-content\/uploads\/2019\/04\/WEB-PRIMERA-OBRA-ENERGIA-A\u00d1ELO_153607-1068x528.jpg\",\"articleSection\":[\"Noticias\"],\"inLanguage\":\"es\",\"potentialAction\":[{\"@type\":\"CommentAction\",\"name\":\"Comment\",\"target\":[\"https:\/\/www.epen.gov.ar\/index.php\/2019\/04\/02\/comienza-la-obra-que-llevara-energia-al-parque-industrial-de-anelo-2\/#respond\"]}]},{\"@type\":\"WebPage\",\"@id\":\"https:\/\/www.epen.gov.ar\/index.php\/2019\/04\/02\/comienza-la-obra-que-llevara-energia-al-parque-industrial-de-anelo-2\/\",\"url\":\"https:\/\/www.epen.gov.ar\/index.php\/2019\/04\/02\/comienza-la-obra-que-llevara-energia-al-parque-industrial-de-anelo-2\/\",\"name\":\"EPEN - Comienza la obra que llevar\u00e1 energ\u00eda al parque industrial de A\u00f1elo\",\"isPartOf\":{\"@id\":\"https:\/\/www.epen.gov.ar\/#website\"},\"primaryImageOfPage\":{\"@id\":\"https:\/\/www.epen.gov.ar\/index.php\/2019\/04\/02\/comienza-la-obra-que-llevara-energia-al-parque-industrial-de-anelo-2\/#primaryimage\"},\"image\":{\"@id\":\"https:\/\/www.epen.gov.ar\/index.php\/2019\/04\/02\/comienza-la-obra-que-llevara-energia-al-parque-industrial-de-anelo-2\/#primaryimage\"},\"thumbnailUrl\":\"https:\/\/www.epen.gov.ar\/wp-content\/uploads\/2019\/04\/WEB-PRIMERA-OBRA-ENERGIA-A\u00d1ELO_153607-1068x528.jpg\",\"datePublished\":\"2019-04-02T16:44:11+00:00\",\"dateModified\":\"2019-05-31T00:58:36+00:00\",\"description\":\"Comienza la obra que llevar\u00e1 energ\u00eda al parque industrial de A\u00f1elo\",\"breadcrumb\":{\"@id\":\"https:\/\/www.epen.gov.ar\/index.php\/2019\/04\/02\/comienza-la-obra-que-llevara-energia-al-parque-industrial-de-anelo-2\/#breadcrumb\"},\"inLanguage\":\"es\",\"potentialAction\":[{\"@type\":\"ReadAction\",\"target\":[\"https:\/\/www.epen.gov.ar\/index.php\/2019\/04\/02\/comienza-la-obra-que-llevara-energia-al-parque-industrial-de-anelo-2\/\"]}]},{\"@type\":\"ImageObject\",\"inLanguage\":\"es\",\"@id\":\"https:\/\/www.epen.gov.ar\/index.php\/2019\/04\/02\/comienza-la-obra-que-llevara-energia-al-parque-industrial-de-anelo-2\/#primaryimage\",\"url\":\"https:\/\/www.epen.gov.ar\/wp-content\/uploads\/2019\/04\/WEB-PRIMERA-OBRA-ENERGIA-A\u00d1ELO_153607-1068x528.jpg\",\"contentUrl\":\"https:\/\/www.epen.gov.ar\/wp-content\/uploads\/2019\/04\/WEB-PRIMERA-OBRA-ENERGIA-A\u00d1ELO_153607-1068x528.jpg\",\"width\":1068,\"height\":528},{\"@type\":\"BreadcrumbList\",\"@id\":\"https:\/\/www.epen.gov.ar\/index.php\/2019\/04\/02\/comienza-la-obra-que-llevara-energia-al-parque-industrial-de-anelo-2\/#breadcrumb\",\"itemListElement\":[{\"@type\":\"ListItem\",\"position\":1,\"name\":\"Inicio\",\"item\":\"https:\/\/www.epen.gov.ar\/\"},{\"@type\":\"ListItem\",\"position\":2,\"name\":\"Comienza la obra que llevar\u00e1 energ\u00eda al parque industrial de A\u00f1elo\"}]},{\"@type\":\"WebSite\",\"@id\":\"https:\/\/www.epen.gov.ar\/#website\",\"url\":\"https:\/\/www.epen.gov.ar\/\",\"name\":\"EPEN\",\"description\":\"Ente Provincial de Energ\u00eda del Neuqu\u00e9n\",\"publisher\":{\"@id\":\"https:\/\/www.epen.gov.ar\/#organization\"},\"potentialAction\":[{\"@type\":\"SearchAction\",\"target\":{\"@type\":\"EntryPoint\",\"urlTemplate\":\"https:\/\/www.epen.gov.ar\/?s={search_term_string}\"},\"query-input\":{\"@type\":\"PropertyValueSpecification\",\"valueRequired\":true,\"valueName\":\"search_term_string\"}}],\"inLanguage\":\"es\"},{\"@type\":\"Organization\",\"@id\":\"https:\/\/www.epen.gov.ar\/#organization\",\"name\":\"Ente Provincial de Energ\u00eda del Neuqu\u00e9n\",\"url\":\"https:\/\/www.epen.gov.ar\/\",\"logo\":{\"@type\":\"ImageObject\",\"inLanguage\":\"es\",\"@id\":\"https:\/\/www.epen.gov.ar\/#\/schema\/logo\/image\/\",\"url\":\"https:\/\/www.epen.gov.ar\/wp-content\/uploads\/2024\/02\/Logo-EPEN-2.jpg\",\"contentUrl\":\"https:\/\/www.epen.gov.ar\/wp-content\/uploads\/2024\/02\/Logo-EPEN-2.jpg\",\"width\":696,\"height\":696,\"caption\":\"Ente Provincial de Energ\u00eda del Neuqu\u00e9n\"},\"image\":{\"@id\":\"https:\/\/www.epen.gov.ar\/#\/schema\/logo\/image\/\"},\"sameAs\":[\"https:\/\/www.facebook.com\/EPEN.Neuquen\",\"https:\/\/x.com\/EPEN_Informa\",\"https:\/\/www.youtube.com\/@epenprensa7384\"]},{\"@type\":\"Person\",\"@id\":\"https:\/\/www.epen.gov.ar\/#\/schema\/person\/ce6cff87c2fc01264becc10fa105ad4f\",\"name\":\"Prensa EPEN\",\"image\":{\"@type\":\"ImageObject\",\"inLanguage\":\"es\",\"@id\":\"https:\/\/secure.gravatar.com\/avatar\/f8120b8688012ccf2d7fbcf7a970cfbabf0ab63b09c2dbd72c194bee080070e9?s=96&d=mm&r=g\",\"url\":\"https:\/\/secure.gravatar.com\/avatar\/f8120b8688012ccf2d7fbcf7a970cfbabf0ab63b09c2dbd72c194bee080070e9?s=96&d=mm&r=g\",\"contentUrl\":\"https:\/\/secure.gravatar.com\/avatar\/f8120b8688012ccf2d7fbcf7a970cfbabf0ab63b09c2dbd72c194bee080070e9?s=96&d=mm&r=g\",\"caption\":\"Prensa EPEN\"},\"url\":\"https:\/\/www.epen.gov.ar\/index.php\/author\/admin\/\"}]}<\/script>\n<!-- \/ Yoast SEO plugin. -->","yoast_head_json":{"title":"EPEN - Comienza la obra que llevar\u00e1 energ\u00eda al parque industrial de A\u00f1elo","description":"Comienza la obra que llevar\u00e1 energ\u00eda al parque industrial de A\u00f1elo","robots":{"index":"index","follow":"follow","max-snippet":"max-snippet:-1","max-image-preview":"max-image-preview:large","max-video-preview":"max-video-preview:-1"},"canonical":"https:\/\/www.epen.gov.ar\/index.php\/2019\/04\/02\/comienza-la-obra-que-llevara-energia-al-parque-industrial-de-anelo-2\/","og_locale":"es_ES","og_type":"article","og_title":"EPEN - Comienza la obra que llevar\u00e1 energ\u00eda al parque industrial de A\u00f1elo","og_description":"Comienza la obra que llevar\u00e1 energ\u00eda al parque industrial de A\u00f1elo","og_url":"https:\/\/www.epen.gov.ar\/index.php\/2019\/04\/02\/comienza-la-obra-que-llevara-energia-al-parque-industrial-de-anelo-2\/","og_site_name":"EPEN","article_publisher":"https:\/\/www.facebook.com\/EPEN.Neuquen","article_published_time":"2019-04-02T16:44:11+00:00","article_modified_time":"2019-05-31T00:58:36+00:00","og_image":[{"width":1068,"height":528,"url":"https:\/\/www.epen.gov.ar\/wp-content\/uploads\/2019\/04\/WEB-PRIMERA-OBRA-ENERGIA-A\u00d1ELO_153607-1068x528.jpg","type":"image\/jpeg"}],"author":"Prensa EPEN","twitter_card":"summary_large_image","twitter_creator":"@EPEN_Informa","twitter_site":"@EPEN_Informa","twitter_misc":{"Escrito por":"Prensa EPEN","Tiempo de lectura":"4 minutos"},"schema":{"@context":"https:\/\/schema.org","@graph":[{"@type":"Article","@id":"https:\/\/www.epen.gov.ar\/index.php\/2019\/04\/02\/comienza-la-obra-que-llevara-energia-al-parque-industrial-de-anelo-2\/#article","isPartOf":{"@id":"https:\/\/www.epen.gov.ar\/index.php\/2019\/04\/02\/comienza-la-obra-que-llevara-energia-al-parque-industrial-de-anelo-2\/"},"author":{"name":"Prensa EPEN","@id":"https:\/\/www.epen.gov.ar\/#\/schema\/person\/ce6cff87c2fc01264becc10fa105ad4f"},"headline":"Comienza la obra que llevar\u00e1 energ\u00eda al parque industrial de A\u00f1elo","datePublished":"2019-04-02T16:44:11+00:00","dateModified":"2019-05-31T00:58:36+00:00","mainEntityOfPage":{"@id":"https:\/\/www.epen.gov.ar\/index.php\/2019\/04\/02\/comienza-la-obra-que-llevara-energia-al-parque-industrial-de-anelo-2\/"},"wordCount":896,"commentCount":0,"publisher":{"@id":"https:\/\/www.epen.gov.ar\/#organization"},"image":{"@id":"https:\/\/www.epen.gov.ar\/index.php\/2019\/04\/02\/comienza-la-obra-que-llevara-energia-al-parque-industrial-de-anelo-2\/#primaryimage"},"thumbnailUrl":"https:\/\/www.epen.gov.ar\/wp-content\/uploads\/2019\/04\/WEB-PRIMERA-OBRA-ENERGIA-A\u00d1ELO_153607-1068x528.jpg","articleSection":["Noticias"],"inLanguage":"es","potentialAction":[{"@type":"CommentAction","name":"Comment","target":["https:\/\/www.epen.gov.ar\/index.php\/2019\/04\/02\/comienza-la-obra-que-llevara-energia-al-parque-industrial-de-anelo-2\/#respond"]}]},{"@type":"WebPage","@id":"https:\/\/www.epen.gov.ar\/index.php\/2019\/04\/02\/comienza-la-obra-que-llevara-energia-al-parque-industrial-de-anelo-2\/","url":"https:\/\/www.epen.gov.ar\/index.php\/2019\/04\/02\/comienza-la-obra-que-llevara-energia-al-parque-industrial-de-anelo-2\/","name":"EPEN - Comienza la obra que llevar\u00e1 energ\u00eda al parque industrial de A\u00f1elo","isPartOf":{"@id":"https:\/\/www.epen.gov.ar\/#website"},"primaryImageOfPage":{"@id":"https:\/\/www.epen.gov.ar\/index.php\/2019\/04\/02\/comienza-la-obra-que-llevara-energia-al-parque-industrial-de-anelo-2\/#primaryimage"},"image":{"@id":"https:\/\/www.epen.gov.ar\/index.php\/2019\/04\/02\/comienza-la-obra-que-llevara-energia-al-parque-industrial-de-anelo-2\/#primaryimage"},"thumbnailUrl":"https:\/\/www.epen.gov.ar\/wp-content\/uploads\/2019\/04\/WEB-PRIMERA-OBRA-ENERGIA-A\u00d1ELO_153607-1068x528.jpg","datePublished":"2019-04-02T16:44:11+00:00","dateModified":"2019-05-31T00:58:36+00:00","description":"Comienza la obra que llevar\u00e1 energ\u00eda al parque industrial de A\u00f1elo","breadcrumb":{"@id":"https:\/\/www.epen.gov.ar\/index.php\/2019\/04\/02\/comienza-la-obra-que-llevara-energia-al-parque-industrial-de-anelo-2\/#breadcrumb"},"inLanguage":"es","potentialAction":[{"@type":"ReadAction","target":["https:\/\/www.epen.gov.ar\/index.php\/2019\/04\/02\/comienza-la-obra-que-llevara-energia-al-parque-industrial-de-anelo-2\/"]}]},{"@type":"ImageObject","inLanguage":"es","@id":"https:\/\/www.epen.gov.ar\/index.php\/2019\/04\/02\/comienza-la-obra-que-llevara-energia-al-parque-industrial-de-anelo-2\/#primaryimage","url":"https:\/\/www.epen.gov.ar\/wp-content\/uploads\/2019\/04\/WEB-PRIMERA-OBRA-ENERGIA-A\u00d1ELO_153607-1068x528.jpg","contentUrl":"https:\/\/www.epen.gov.ar\/wp-content\/uploads\/2019\/04\/WEB-PRIMERA-OBRA-ENERGIA-A\u00d1ELO_153607-1068x528.jpg","width":1068,"height":528},{"@type":"BreadcrumbList","@id":"https:\/\/www.epen.gov.ar\/index.php\/2019\/04\/02\/comienza-la-obra-que-llevara-energia-al-parque-industrial-de-anelo-2\/#breadcrumb","itemListElement":[{"@type":"ListItem","position":1,"name":"Inicio","item":"https:\/\/www.epen.gov.ar\/"},{"@type":"ListItem","position":2,"name":"Comienza la obra que llevar\u00e1 energ\u00eda al parque industrial de A\u00f1elo"}]},{"@type":"WebSite","@id":"https:\/\/www.epen.gov.ar\/#website","url":"https:\/\/www.epen.gov.ar\/","name":"EPEN","description":"Ente Provincial de Energ\u00eda del Neuqu\u00e9n","publisher":{"@id":"https:\/\/www.epen.gov.ar\/#organization"},"potentialAction":[{"@type":"SearchAction","target":{"@type":"EntryPoint","urlTemplate":"https:\/\/www.epen.gov.ar\/?s={search_term_string}"},"query-input":{"@type":"PropertyValueSpecification","valueRequired":true,"valueName":"search_term_string"}}],"inLanguage":"es"},{"@type":"Organization","@id":"https:\/\/www.epen.gov.ar\/#organization","name":"Ente Provincial de Energ\u00eda del Neuqu\u00e9n","url":"https:\/\/www.epen.gov.ar\/","logo":{"@type":"ImageObject","inLanguage":"es","@id":"https:\/\/www.epen.gov.ar\/#\/schema\/logo\/image\/","url":"https:\/\/www.epen.gov.ar\/wp-content\/uploads\/2024\/02\/Logo-EPEN-2.jpg","contentUrl":"https:\/\/www.epen.gov.ar\/wp-content\/uploads\/2024\/02\/Logo-EPEN-2.jpg","width":696,"height":696,"caption":"Ente Provincial de Energ\u00eda del Neuqu\u00e9n"},"image":{"@id":"https:\/\/www.epen.gov.ar\/#\/schema\/logo\/image\/"},"sameAs":["https:\/\/www.facebook.com\/EPEN.Neuquen","https:\/\/x.com\/EPEN_Informa","https:\/\/www.youtube.com\/@epenprensa7384"]},{"@type":"Person","@id":"https:\/\/www.epen.gov.ar\/#\/schema\/person\/ce6cff87c2fc01264becc10fa105ad4f","name":"Prensa EPEN","image":{"@type":"ImageObject","inLanguage":"es","@id":"https:\/\/secure.gravatar.com\/avatar\/f8120b8688012ccf2d7fbcf7a970cfbabf0ab63b09c2dbd72c194bee080070e9?s=96&d=mm&r=g","url":"https:\/\/secure.gravatar.com\/avatar\/f8120b8688012ccf2d7fbcf7a970cfbabf0ab63b09c2dbd72c194bee080070e9?s=96&d=mm&r=g","contentUrl":"https:\/\/secure.gravatar.com\/avatar\/f8120b8688012ccf2d7fbcf7a970cfbabf0ab63b09c2dbd72c194bee080070e9?s=96&d=mm&r=g","caption":"Prensa EPEN"},"url":"https:\/\/www.epen.gov.ar\/index.php\/author\/admin\/"}]}},"_links":{"self":[{"href":"https:\/\/www.epen.gov.ar\/index.php\/wp-json\/wp\/v2\/posts\/3095","targetHints":{"allow":["GET"]}}],"collection":[{"href":"https:\/\/www.epen.gov.ar\/index.php\/wp-json\/wp\/v2\/posts"}],"about":[{"href":"https:\/\/www.epen.gov.ar\/index.php\/wp-json\/wp\/v2\/types\/post"}],"author":[{"embeddable":true,"href":"https:\/\/www.epen.gov.ar\/index.php\/wp-json\/wp\/v2\/users\/1"}],"replies":[{"embeddable":true,"href":"https:\/\/www.epen.gov.ar\/index.php\/wp-json\/wp\/v2\/comments?post=3095"}],"version-history":[{"count":5,"href":"https:\/\/www.epen.gov.ar\/index.php\/wp-json\/wp\/v2\/posts\/3095\/revisions"}],"predecessor-version":[{"id":3162,"href":"https:\/\/www.epen.gov.ar\/index.php\/wp-json\/wp\/v2\/posts\/3095\/revisions\/3162"}],"wp:featuredmedia":[{"embeddable":true,"href":"https:\/\/www.epen.gov.ar\/index.php\/wp-json\/wp\/v2\/media\/3161"}],"wp:attachment":[{"href":"https:\/\/www.epen.gov.ar\/index.php\/wp-json\/wp\/v2\/media?parent=3095"}],"wp:term":[{"taxonomy":"category","embeddable":true,"href":"https:\/\/www.epen.gov.ar\/index.php\/wp-json\/wp\/v2\/categories?post=3095"},{"taxonomy":"post_tag","embeddable":true,"href":"https:\/\/www.epen.gov.ar\/index.php\/wp-json\/wp\/v2\/tags?post=3095"}],"curies":[{"name":"wp","href":"https:\/\/api.w.org\/{rel}","templated":true}]}}