{"id":3091,"date":"2019-04-02T13:37:52","date_gmt":"2019-04-02T16:37:52","guid":{"rendered":"http:\/\/10.1.48.49\/?p=3091"},"modified":"2019-04-05T08:54:40","modified_gmt":"2019-04-05T11:54:40","slug":"plan-de-obras-del-epen-para-los-proximos-dos-anos","status":"publish","type":"post","link":"https:\/\/www.epen.gov.ar\/index.php\/2019\/04\/02\/plan-de-obras-del-epen-para-los-proximos-dos-anos\/","title":{"rendered":"Plan de obras del EPEN para los pr\u00f3ximos dos a\u00f1os"},"content":{"rendered":"<div class=\"fusion-fullwidth fullwidth-box fusion-builder-row-1 nonhundred-percent-fullwidth non-hundred-percent-height-scrolling\" style=\"--awb-border-radius-top-left:0px;--awb-border-radius-top-right:0px;--awb-border-radius-bottom-right:0px;--awb-border-radius-bottom-left:0px;--awb-flex-wrap:wrap;\" ><div class=\"fusion-builder-row fusion-row\"><div class=\"fusion-layout-column fusion_builder_column fusion-builder-column-0 fusion_builder_column_2_3 2_3 fusion-two-third fusion-column-first\" style=\"--awb-bg-size:cover;width:66.666666666667%;width:calc(66.666666666667% - ( ( 4% ) * 0.66666666666667 ) );margin-right: 4%;\"><div class=\"fusion-column-wrapper fusion-flex-column-wrapper-legacy\"><div class=\"fusion-text fusion-text-1\"><p class=\"bajada\"><strong>Entre otras, se contempla el soterramiento de l\u00edneas de media y alta tensi\u00f3n de la ciudad de Neuqu\u00e9n; la ampliaci\u00f3n de la estaci\u00f3n transformadora existente en Senillosa y la construcci\u00f3n de una l\u00ednea en 33 kilovoltios, que unir\u00e1 Arroyito con el centro urbano de la ciudad; y la conexi\u00f3n el\u00e9ctrica de 7 parajes de la zona sur, que beneficiar\u00e1 a 6.200 familias, con una inversi\u00f3n de 18 millones de d\u00f3lares.<\/strong><\/p>\n<p>El Ente Provincial de Energ\u00eda del Neuqu\u00e9n (EPEN) lleva adelante un conjunto de proyectos y obras pr\u00f3ximas a iniciarse, que se desplegar\u00e1n por toda la provincia durante los pr\u00f3ximos dos a\u00f1os.<\/p>\n<p>Uno de ellos es el Plan de Soterramiento de L\u00edneas de Media y Alta Tensi\u00f3n de la ciudad de Neuqu\u00e9n, para el cual ya se ha iniciado el trabajo de campo para el estudio t\u00e9cnico.<\/p>\n<p>El objetivo es redise\u00f1ar el sistema de transporte de energ\u00eda de la ciudad de Neuqu\u00e9n para hacerlo subterr\u00e1neo, con el prop\u00f3sito de mejorar la confiabilidad del sistema, disminuir el impacto visual y el riesgo bajo las l\u00edneas y liberar superficie ocupada y\/o restringida para fines urbanos o recreativos. Se estima un plazo de ejecuci\u00f3n de 7 meses y se financia mediante el Consejo Federal de Inversiones (CFI).<\/p>\n<p>En Senillosa, se propone ampliar la capacidad el\u00e9ctrica de la zona a mediano y largo plazo. Para ello no s\u00f3lo se ampliar\u00e1 la estaci\u00f3n transformadora existente, sino que se construir\u00e1 una l\u00ednea en 33 kilovoltios, que unir\u00e1 Arroyito \u2013desde donde se abastece actualmente la ciudad\u2013 hacia el centro urbano de la ciudad.<\/p>\n<p>Adem\u00e1s, en esta localidad se construir\u00e1 una nueva subestaci\u00f3n con 10 megavatios de potencia. Para llevarlo a cabo, ya se realiz\u00f3 el llamado a licitaci\u00f3n p\u00fablica y, mediante un convenio firmado con la Unidad Provincial de Financiamiento Externo (UPEFE), el gobierno provincial financiar\u00e1 su ejecuci\u00f3n cuya inversi\u00f3n ronda los 110 millones de pesos.<\/p>\n<p>En tanto, en la zona de la formaci\u00f3n Vaca Muerta se abastecer\u00e1 a la nueva zona industrial y se beneficiar\u00e1 a toda la localidad. En este sentido, se construir\u00e1 toda la infraestructura de energ\u00eda el\u00e9ctrica necesaria para alimentar a los parques industriales (norte y sur) en la localidad de A\u00f1elo, donde hoy las empresas instaladas deben generar la energ\u00eda que consumen.<\/p>\n<p>A nivel t\u00e9cnico, ser\u00e1n 6 kil\u00f3metros de l\u00ednea doble terna en 33 kilovoltios desde la ET Loma Campana \u2013en la zona de la meseta\u2013 hacia una nueva estaci\u00f3n transformadora a construir con 10 megavatios de potencia con capacidad para duplicar su potencia a futuro.<\/p>\n<p>Tambi\u00e9n se ejecutar\u00e1 un sistema de media tensi\u00f3n de 12 kil\u00f3metros de l\u00ednea 13,2 kilovoltios hacia la zona industrial y un v\u00ednculo para fortalecer todo el sistema de distribuci\u00f3n actual hacia casco urbano. En conjunto llevar\u00e1 14 meses de ejecuci\u00f3n, con un monto de inversi\u00f3n de 200 millones de pesos, financiada por el Banco Interamericano de desarrollo (BID).\u00a0 La provincia, en conjunto con la Naci\u00f3n y a trav\u00e9s del EPEN gener\u00f3 los proyectos, llam\u00f3 a Consulta p\u00fablica y realiz\u00f3 el llamado a licitaci\u00f3n, que se encuentra en proceso de adjudicaci\u00f3n.<\/p>\n<p>Por \u00faltimo, se construir\u00e1n m\u00e1s de 300 kil\u00f3metros de l\u00edneas rurales y 79 subestaciones en lo que se denomina Programa de Servicios Agr\u00edcolas Provinciales IV, que constituye una nueva etapa del programa.<\/p>\n<p>El EPEN conectar\u00e1 7 parajes de la zona sur y beneficiar\u00e1 al menos a 6.200 familias. Ser\u00e1 Chiquilihuin, Paso Mamuil Malal, San Ignacio, Costa Catan Lil, El Salitral y la importante conexi\u00f3n a Las Coloradas, que evitar\u00e1 el uso de gas oil para la central t\u00e9rmica de la que se abastece actualmente.<\/p>\n<p>En este \u00faltimo caso, el monto de inversi\u00f3n es de 18 millones de d\u00f3lares, cuya autorizaci\u00f3n ya fue definida por el Banco Interamericano de Desarrollo (BID) y tendr\u00e1 un plazo de ejecuci\u00f3n de 24 meses.<\/p>\n<\/div><div class=\"fusion-clearfix\"><\/div><\/div><\/div><div class=\"fusion-layout-column fusion_builder_column fusion-builder-column-1 fusion_builder_column_1_3 1_3 fusion-one-third fusion-column-last\" style=\"--awb-bg-size:cover;width:33.333333333333%;width:calc(33.333333333333% - ( ( 4% ) * 0.33333333333333 ) );\"><div class=\"fusion-column-wrapper fusion-column-has-shadow fusion-flex-column-wrapper-legacy\"><div class=\"fusion-widget-area awb-widget-area-element fusion-widget-area-1 fusion-content-widget-area\" style=\"--awb-title-size:20px;--awb-title-color:#333333;--awb-padding:0px 0px 0px 0px;\"><style type=\"text\/css\" data-id=\"tweets-widget-2\">#tweets-widget-2 li { border-color:#eaeaea;}<\/style><section id=\"tweets-widget-2\" class=\"widget tweets\" style=\"border-style: solid;border-color: #eaeaea;border-color:transparent;border-width:0px;\">\t\t\t\t\n\t\t<div style=\"overflow:hidden\">\n\t\t\t\t\t\t\t\t\t\t\t<a class=\"twitter-timeline\" data-dnt=\"true\" href=\"https:\/\/twitter.com\/@EPEN_Informa\" data-width=\"500\" data-height=\"300\" width=\"500\" height=\"300\" data-theme=\"light\" data-link-color=\"##25a9bd\" data-border-color=\"#eaeaea\" data-chrome=\"\">Tweets por @EPEN_Informa<\/a>\n\t\t\t\t\t\t\t\n\t\t\t\t\t\t\t\t\t\t\t<script async src=\"\/\/platform.twitter.com\/widgets.js\" charset=\"utf-8\"><\/script>\n\t\t\t\t\t\t\t\n\t\t<\/div>\n\t\t<\/section>\n\t\t<section id=\"recent-posts-3\" class=\"widget widget_recent_entries\" style=\"border-style: solid;border-color:transparent;border-width:0px;\">\n\t\t<div class=\"heading\"><h4 class=\"widget-title\">Entradas recientes<\/h4><\/div>\n\t\t<ul>\n\t\t\t\t\t\t\t\t\t\t\t<li>\n\t\t\t\t\t<a href=\"https:\/\/www.epen.gov.ar\/index.php\/2026\/04\/30\/corte-programado-en-sectores-de-rincon-de-los-sauces-el-02-05-2026\/\">Corte Programado en sectores de Rinc\u00f3n de los Sauces el 02\/05\/2026<\/a>\n\t\t\t\t\t\t\t\t\t\t\t<span class=\"post-date\">30\/04\/2026<\/span>\n\t\t\t\t\t\t\t\t\t<\/li>\n\t\t\t\t\t\t\t\t\t\t\t<li>\n\t\t\t\t\t<a href=\"https:\/\/www.epen.gov.ar\/index.php\/2026\/04\/30\/licitacion-publica-n-14-2026-contratacion-de-servicios-de-desarrollo-y-mantenimiento-de-sistemas-informaticos\/\">LICITACI\u00d3N P\u00daBLICA N\u00b0 14\/2026 CONTRATACI\u00d3N DE SERVICIOS DE DESARROLLO Y MANTENIMIENTO DE SISTEMAS INFORM\u00c1TICOS<\/a>\n\t\t\t\t\t\t\t\t\t\t\t<span class=\"post-date\">30\/04\/2026<\/span>\n\t\t\t\t\t\t\t\t\t<\/li>\n\t\t\t\t\t\t\t\t\t\t\t<li>\n\t\t\t\t\t<a href=\"https:\/\/www.epen.gov.ar\/index.php\/2026\/04\/29\/corte-programado-en-sectores-de-centenario-el-30-04-2026\/\">Corte Programado en sectores de Centenario el 30\/04\/2026<\/a>\n\t\t\t\t\t\t\t\t\t\t\t<span class=\"post-date\">29\/04\/2026<\/span>\n\t\t\t\t\t\t\t\t\t<\/li>\n\t\t\t\t\t\t\t\t\t\t\t<li>\n\t\t\t\t\t<a href=\"https:\/\/www.epen.gov.ar\/index.php\/2026\/04\/28\/el-epen-impulsa-el-desarrollo-de-varvarco-con-nueva-infraestructura-para-17-lotes\/\">El EPEN impulsa el desarrollo de Varvarco con nueva infraestructura para 17 lotes<\/a>\n\t\t\t\t\t\t\t\t\t\t\t<span class=\"post-date\">28\/04\/2026<\/span>\n\t\t\t\t\t\t\t\t\t<\/li>\n\t\t\t\t\t\t\t\t\t\t\t<li>\n\t\t\t\t\t<a href=\"https:\/\/www.epen.gov.ar\/index.php\/2026\/04\/28\/corte-programado-en-sectores-de-zona-nahueve-el-30-04-2026\/\">Corte Programado en sectores de zona Nahueve el 30\/04\/2026<\/a>\n\t\t\t\t\t\t\t\t\t\t\t<span class=\"post-date\">28\/04\/2026<\/span>\n\t\t\t\t\t\t\t\t\t<\/li>\n\t\t\t\t\t<\/ul>\n\n\t\t<\/section><div class=\"fusion-additional-widget-content\"><\/div><\/div><div class=\"fusion-clearfix\"><\/div><\/div><\/div><\/div><\/div>\n","protected":false},"excerpt":{"rendered":"","protected":false},"author":1,"featured_media":3163,"comment_status":"open","ping_status":"open","sticky":false,"template":"","format":"standard","meta":{"_exactmetrics_skip_tracking":false,"_exactmetrics_sitenote_active":false,"_exactmetrics_sitenote_note":"","_exactmetrics_sitenote_category":0,"footnotes":""},"categories":[84],"tags":[],"class_list":["post-3091","post","type-post","status-publish","format-standard","has-post-thumbnail","hentry","category-noticias"],"yoast_head":"<!-- This site is optimized with the Yoast SEO plugin v27.2 - https:\/\/yoast.com\/product\/yoast-seo-wordpress\/ -->\n<title>EPEN - Plan de obras del EPEN para los pr\u00f3ximos dos a\u00f1os<\/title>\n<meta name=\"description\" content=\"Plan de obras del EPEN para los pr\u00f3ximos dos a\u00f1os\" \/>\n<meta name=\"robots\" content=\"index, follow, max-snippet:-1, max-image-preview:large, max-video-preview:-1\" \/>\n<link rel=\"canonical\" href=\"https:\/\/www.epen.gov.ar\/index.php\/2019\/04\/02\/plan-de-obras-del-epen-para-los-proximos-dos-anos\/\" \/>\n<meta property=\"og:locale\" content=\"es_ES\" \/>\n<meta property=\"og:type\" content=\"article\" \/>\n<meta property=\"og:title\" content=\"EPEN - Plan de obras del EPEN para los pr\u00f3ximos dos a\u00f1os\" \/>\n<meta property=\"og:description\" content=\"Plan de obras del EPEN para los pr\u00f3ximos dos a\u00f1os\" \/>\n<meta property=\"og:url\" content=\"https:\/\/www.epen.gov.ar\/index.php\/2019\/04\/02\/plan-de-obras-del-epen-para-los-proximos-dos-anos\/\" \/>\n<meta property=\"og:site_name\" content=\"EPEN\" \/>\n<meta property=\"article:publisher\" content=\"https:\/\/www.facebook.com\/EPEN.Neuquen\" \/>\n<meta property=\"article:published_time\" content=\"2019-04-02T16:37:52+00:00\" \/>\n<meta property=\"article:modified_time\" content=\"2019-04-05T11:54:40+00:00\" \/>\n<meta property=\"og:image\" content=\"https:\/\/www.epen.gov.ar\/wp-content\/uploads\/2019\/04\/WEB-COMUNICADO-EPEN-tendido-conductores-nueva-LAT-132-CCo-Zap-1068x528.jpg\" \/>\n\t<meta property=\"og:image:width\" content=\"1068\" \/>\n\t<meta property=\"og:image:height\" content=\"528\" \/>\n\t<meta property=\"og:image:type\" content=\"image\/jpeg\" \/>\n<meta name=\"author\" content=\"Prensa EPEN\" \/>\n<meta name=\"twitter:card\" content=\"summary_large_image\" \/>\n<meta name=\"twitter:creator\" content=\"@EPEN_Informa\" \/>\n<meta name=\"twitter:site\" content=\"@EPEN_Informa\" \/>\n<meta name=\"twitter:label1\" content=\"Escrito por\" \/>\n\t<meta name=\"twitter:data1\" content=\"Prensa EPEN\" \/>\n\t<meta name=\"twitter:label2\" content=\"Tiempo de lectura\" \/>\n\t<meta name=\"twitter:data2\" content=\"5 minutos\" \/>\n<script type=\"application\/ld+json\" class=\"yoast-schema-graph\">{\"@context\":\"https:\/\/schema.org\",\"@graph\":[{\"@type\":\"Article\",\"@id\":\"https:\/\/www.epen.gov.ar\/index.php\/2019\/04\/02\/plan-de-obras-del-epen-para-los-proximos-dos-anos\/#article\",\"isPartOf\":{\"@id\":\"https:\/\/www.epen.gov.ar\/index.php\/2019\/04\/02\/plan-de-obras-del-epen-para-los-proximos-dos-anos\/\"},\"author\":{\"name\":\"Prensa EPEN\",\"@id\":\"https:\/\/www.epen.gov.ar\/#\/schema\/person\/ce6cff87c2fc01264becc10fa105ad4f\"},\"headline\":\"Plan de obras del EPEN para los pr\u00f3ximos dos a\u00f1os\",\"datePublished\":\"2019-04-02T16:37:52+00:00\",\"dateModified\":\"2019-04-05T11:54:40+00:00\",\"mainEntityOfPage\":{\"@id\":\"https:\/\/www.epen.gov.ar\/index.php\/2019\/04\/02\/plan-de-obras-del-epen-para-los-proximos-dos-anos\/\"},\"wordCount\":1016,\"commentCount\":0,\"publisher\":{\"@id\":\"https:\/\/www.epen.gov.ar\/#organization\"},\"image\":{\"@id\":\"https:\/\/www.epen.gov.ar\/index.php\/2019\/04\/02\/plan-de-obras-del-epen-para-los-proximos-dos-anos\/#primaryimage\"},\"thumbnailUrl\":\"https:\/\/www.epen.gov.ar\/wp-content\/uploads\/2019\/04\/WEB-COMUNICADO-EPEN-tendido-conductores-nueva-LAT-132-CCo-Zap-1068x528.jpg\",\"articleSection\":[\"Noticias\"],\"inLanguage\":\"es\",\"potentialAction\":[{\"@type\":\"CommentAction\",\"name\":\"Comment\",\"target\":[\"https:\/\/www.epen.gov.ar\/index.php\/2019\/04\/02\/plan-de-obras-del-epen-para-los-proximos-dos-anos\/#respond\"]}]},{\"@type\":\"WebPage\",\"@id\":\"https:\/\/www.epen.gov.ar\/index.php\/2019\/04\/02\/plan-de-obras-del-epen-para-los-proximos-dos-anos\/\",\"url\":\"https:\/\/www.epen.gov.ar\/index.php\/2019\/04\/02\/plan-de-obras-del-epen-para-los-proximos-dos-anos\/\",\"name\":\"EPEN - Plan de obras del EPEN para los pr\u00f3ximos dos a\u00f1os\",\"isPartOf\":{\"@id\":\"https:\/\/www.epen.gov.ar\/#website\"},\"primaryImageOfPage\":{\"@id\":\"https:\/\/www.epen.gov.ar\/index.php\/2019\/04\/02\/plan-de-obras-del-epen-para-los-proximos-dos-anos\/#primaryimage\"},\"image\":{\"@id\":\"https:\/\/www.epen.gov.ar\/index.php\/2019\/04\/02\/plan-de-obras-del-epen-para-los-proximos-dos-anos\/#primaryimage\"},\"thumbnailUrl\":\"https:\/\/www.epen.gov.ar\/wp-content\/uploads\/2019\/04\/WEB-COMUNICADO-EPEN-tendido-conductores-nueva-LAT-132-CCo-Zap-1068x528.jpg\",\"datePublished\":\"2019-04-02T16:37:52+00:00\",\"dateModified\":\"2019-04-05T11:54:40+00:00\",\"description\":\"Plan de obras del EPEN para los pr\u00f3ximos dos a\u00f1os\",\"breadcrumb\":{\"@id\":\"https:\/\/www.epen.gov.ar\/index.php\/2019\/04\/02\/plan-de-obras-del-epen-para-los-proximos-dos-anos\/#breadcrumb\"},\"inLanguage\":\"es\",\"potentialAction\":[{\"@type\":\"ReadAction\",\"target\":[\"https:\/\/www.epen.gov.ar\/index.php\/2019\/04\/02\/plan-de-obras-del-epen-para-los-proximos-dos-anos\/\"]}]},{\"@type\":\"ImageObject\",\"inLanguage\":\"es\",\"@id\":\"https:\/\/www.epen.gov.ar\/index.php\/2019\/04\/02\/plan-de-obras-del-epen-para-los-proximos-dos-anos\/#primaryimage\",\"url\":\"https:\/\/www.epen.gov.ar\/wp-content\/uploads\/2019\/04\/WEB-COMUNICADO-EPEN-tendido-conductores-nueva-LAT-132-CCo-Zap-1068x528.jpg\",\"contentUrl\":\"https:\/\/www.epen.gov.ar\/wp-content\/uploads\/2019\/04\/WEB-COMUNICADO-EPEN-tendido-conductores-nueva-LAT-132-CCo-Zap-1068x528.jpg\",\"width\":1068,\"height\":528},{\"@type\":\"BreadcrumbList\",\"@id\":\"https:\/\/www.epen.gov.ar\/index.php\/2019\/04\/02\/plan-de-obras-del-epen-para-los-proximos-dos-anos\/#breadcrumb\",\"itemListElement\":[{\"@type\":\"ListItem\",\"position\":1,\"name\":\"Inicio\",\"item\":\"https:\/\/www.epen.gov.ar\/\"},{\"@type\":\"ListItem\",\"position\":2,\"name\":\"Plan de obras del EPEN para los pr\u00f3ximos dos a\u00f1os\"}]},{\"@type\":\"WebSite\",\"@id\":\"https:\/\/www.epen.gov.ar\/#website\",\"url\":\"https:\/\/www.epen.gov.ar\/\",\"name\":\"EPEN\",\"description\":\"Ente Provincial de Energ\u00eda del Neuqu\u00e9n\",\"publisher\":{\"@id\":\"https:\/\/www.epen.gov.ar\/#organization\"},\"potentialAction\":[{\"@type\":\"SearchAction\",\"target\":{\"@type\":\"EntryPoint\",\"urlTemplate\":\"https:\/\/www.epen.gov.ar\/?s={search_term_string}\"},\"query-input\":{\"@type\":\"PropertyValueSpecification\",\"valueRequired\":true,\"valueName\":\"search_term_string\"}}],\"inLanguage\":\"es\"},{\"@type\":\"Organization\",\"@id\":\"https:\/\/www.epen.gov.ar\/#organization\",\"name\":\"Ente Provincial de Energ\u00eda del Neuqu\u00e9n\",\"url\":\"https:\/\/www.epen.gov.ar\/\",\"logo\":{\"@type\":\"ImageObject\",\"inLanguage\":\"es\",\"@id\":\"https:\/\/www.epen.gov.ar\/#\/schema\/logo\/image\/\",\"url\":\"https:\/\/www.epen.gov.ar\/wp-content\/uploads\/2024\/02\/Logo-EPEN-2.jpg\",\"contentUrl\":\"https:\/\/www.epen.gov.ar\/wp-content\/uploads\/2024\/02\/Logo-EPEN-2.jpg\",\"width\":696,\"height\":696,\"caption\":\"Ente Provincial de Energ\u00eda del Neuqu\u00e9n\"},\"image\":{\"@id\":\"https:\/\/www.epen.gov.ar\/#\/schema\/logo\/image\/\"},\"sameAs\":[\"https:\/\/www.facebook.com\/EPEN.Neuquen\",\"https:\/\/x.com\/EPEN_Informa\",\"https:\/\/www.youtube.com\/@epenprensa7384\"]},{\"@type\":\"Person\",\"@id\":\"https:\/\/www.epen.gov.ar\/#\/schema\/person\/ce6cff87c2fc01264becc10fa105ad4f\",\"name\":\"Prensa EPEN\",\"image\":{\"@type\":\"ImageObject\",\"inLanguage\":\"es\",\"@id\":\"https:\/\/secure.gravatar.com\/avatar\/f8120b8688012ccf2d7fbcf7a970cfbabf0ab63b09c2dbd72c194bee080070e9?s=96&d=mm&r=g\",\"url\":\"https:\/\/secure.gravatar.com\/avatar\/f8120b8688012ccf2d7fbcf7a970cfbabf0ab63b09c2dbd72c194bee080070e9?s=96&d=mm&r=g\",\"contentUrl\":\"https:\/\/secure.gravatar.com\/avatar\/f8120b8688012ccf2d7fbcf7a970cfbabf0ab63b09c2dbd72c194bee080070e9?s=96&d=mm&r=g\",\"caption\":\"Prensa EPEN\"},\"url\":\"https:\/\/www.epen.gov.ar\/index.php\/author\/admin\/\"}]}<\/script>\n<!-- \/ Yoast SEO plugin. -->","yoast_head_json":{"title":"EPEN - Plan de obras del EPEN para los pr\u00f3ximos dos a\u00f1os","description":"Plan de obras del EPEN para los pr\u00f3ximos dos a\u00f1os","robots":{"index":"index","follow":"follow","max-snippet":"max-snippet:-1","max-image-preview":"max-image-preview:large","max-video-preview":"max-video-preview:-1"},"canonical":"https:\/\/www.epen.gov.ar\/index.php\/2019\/04\/02\/plan-de-obras-del-epen-para-los-proximos-dos-anos\/","og_locale":"es_ES","og_type":"article","og_title":"EPEN - Plan de obras del EPEN para los pr\u00f3ximos dos a\u00f1os","og_description":"Plan de obras del EPEN para los pr\u00f3ximos dos a\u00f1os","og_url":"https:\/\/www.epen.gov.ar\/index.php\/2019\/04\/02\/plan-de-obras-del-epen-para-los-proximos-dos-anos\/","og_site_name":"EPEN","article_publisher":"https:\/\/www.facebook.com\/EPEN.Neuquen","article_published_time":"2019-04-02T16:37:52+00:00","article_modified_time":"2019-04-05T11:54:40+00:00","og_image":[{"width":1068,"height":528,"url":"https:\/\/www.epen.gov.ar\/wp-content\/uploads\/2019\/04\/WEB-COMUNICADO-EPEN-tendido-conductores-nueva-LAT-132-CCo-Zap-1068x528.jpg","type":"image\/jpeg"}],"author":"Prensa EPEN","twitter_card":"summary_large_image","twitter_creator":"@EPEN_Informa","twitter_site":"@EPEN_Informa","twitter_misc":{"Escrito por":"Prensa EPEN","Tiempo de lectura":"5 minutos"},"schema":{"@context":"https:\/\/schema.org","@graph":[{"@type":"Article","@id":"https:\/\/www.epen.gov.ar\/index.php\/2019\/04\/02\/plan-de-obras-del-epen-para-los-proximos-dos-anos\/#article","isPartOf":{"@id":"https:\/\/www.epen.gov.ar\/index.php\/2019\/04\/02\/plan-de-obras-del-epen-para-los-proximos-dos-anos\/"},"author":{"name":"Prensa EPEN","@id":"https:\/\/www.epen.gov.ar\/#\/schema\/person\/ce6cff87c2fc01264becc10fa105ad4f"},"headline":"Plan de obras del EPEN para los pr\u00f3ximos dos a\u00f1os","datePublished":"2019-04-02T16:37:52+00:00","dateModified":"2019-04-05T11:54:40+00:00","mainEntityOfPage":{"@id":"https:\/\/www.epen.gov.ar\/index.php\/2019\/04\/02\/plan-de-obras-del-epen-para-los-proximos-dos-anos\/"},"wordCount":1016,"commentCount":0,"publisher":{"@id":"https:\/\/www.epen.gov.ar\/#organization"},"image":{"@id":"https:\/\/www.epen.gov.ar\/index.php\/2019\/04\/02\/plan-de-obras-del-epen-para-los-proximos-dos-anos\/#primaryimage"},"thumbnailUrl":"https:\/\/www.epen.gov.ar\/wp-content\/uploads\/2019\/04\/WEB-COMUNICADO-EPEN-tendido-conductores-nueva-LAT-132-CCo-Zap-1068x528.jpg","articleSection":["Noticias"],"inLanguage":"es","potentialAction":[{"@type":"CommentAction","name":"Comment","target":["https:\/\/www.epen.gov.ar\/index.php\/2019\/04\/02\/plan-de-obras-del-epen-para-los-proximos-dos-anos\/#respond"]}]},{"@type":"WebPage","@id":"https:\/\/www.epen.gov.ar\/index.php\/2019\/04\/02\/plan-de-obras-del-epen-para-los-proximos-dos-anos\/","url":"https:\/\/www.epen.gov.ar\/index.php\/2019\/04\/02\/plan-de-obras-del-epen-para-los-proximos-dos-anos\/","name":"EPEN - Plan de obras del EPEN para los pr\u00f3ximos dos a\u00f1os","isPartOf":{"@id":"https:\/\/www.epen.gov.ar\/#website"},"primaryImageOfPage":{"@id":"https:\/\/www.epen.gov.ar\/index.php\/2019\/04\/02\/plan-de-obras-del-epen-para-los-proximos-dos-anos\/#primaryimage"},"image":{"@id":"https:\/\/www.epen.gov.ar\/index.php\/2019\/04\/02\/plan-de-obras-del-epen-para-los-proximos-dos-anos\/#primaryimage"},"thumbnailUrl":"https:\/\/www.epen.gov.ar\/wp-content\/uploads\/2019\/04\/WEB-COMUNICADO-EPEN-tendido-conductores-nueva-LAT-132-CCo-Zap-1068x528.jpg","datePublished":"2019-04-02T16:37:52+00:00","dateModified":"2019-04-05T11:54:40+00:00","description":"Plan de obras del EPEN para los pr\u00f3ximos dos a\u00f1os","breadcrumb":{"@id":"https:\/\/www.epen.gov.ar\/index.php\/2019\/04\/02\/plan-de-obras-del-epen-para-los-proximos-dos-anos\/#breadcrumb"},"inLanguage":"es","potentialAction":[{"@type":"ReadAction","target":["https:\/\/www.epen.gov.ar\/index.php\/2019\/04\/02\/plan-de-obras-del-epen-para-los-proximos-dos-anos\/"]}]},{"@type":"ImageObject","inLanguage":"es","@id":"https:\/\/www.epen.gov.ar\/index.php\/2019\/04\/02\/plan-de-obras-del-epen-para-los-proximos-dos-anos\/#primaryimage","url":"https:\/\/www.epen.gov.ar\/wp-content\/uploads\/2019\/04\/WEB-COMUNICADO-EPEN-tendido-conductores-nueva-LAT-132-CCo-Zap-1068x528.jpg","contentUrl":"https:\/\/www.epen.gov.ar\/wp-content\/uploads\/2019\/04\/WEB-COMUNICADO-EPEN-tendido-conductores-nueva-LAT-132-CCo-Zap-1068x528.jpg","width":1068,"height":528},{"@type":"BreadcrumbList","@id":"https:\/\/www.epen.gov.ar\/index.php\/2019\/04\/02\/plan-de-obras-del-epen-para-los-proximos-dos-anos\/#breadcrumb","itemListElement":[{"@type":"ListItem","position":1,"name":"Inicio","item":"https:\/\/www.epen.gov.ar\/"},{"@type":"ListItem","position":2,"name":"Plan de obras del EPEN para los pr\u00f3ximos dos a\u00f1os"}]},{"@type":"WebSite","@id":"https:\/\/www.epen.gov.ar\/#website","url":"https:\/\/www.epen.gov.ar\/","name":"EPEN","description":"Ente Provincial de Energ\u00eda del Neuqu\u00e9n","publisher":{"@id":"https:\/\/www.epen.gov.ar\/#organization"},"potentialAction":[{"@type":"SearchAction","target":{"@type":"EntryPoint","urlTemplate":"https:\/\/www.epen.gov.ar\/?s={search_term_string}"},"query-input":{"@type":"PropertyValueSpecification","valueRequired":true,"valueName":"search_term_string"}}],"inLanguage":"es"},{"@type":"Organization","@id":"https:\/\/www.epen.gov.ar\/#organization","name":"Ente Provincial de Energ\u00eda del Neuqu\u00e9n","url":"https:\/\/www.epen.gov.ar\/","logo":{"@type":"ImageObject","inLanguage":"es","@id":"https:\/\/www.epen.gov.ar\/#\/schema\/logo\/image\/","url":"https:\/\/www.epen.gov.ar\/wp-content\/uploads\/2024\/02\/Logo-EPEN-2.jpg","contentUrl":"https:\/\/www.epen.gov.ar\/wp-content\/uploads\/2024\/02\/Logo-EPEN-2.jpg","width":696,"height":696,"caption":"Ente Provincial de Energ\u00eda del Neuqu\u00e9n"},"image":{"@id":"https:\/\/www.epen.gov.ar\/#\/schema\/logo\/image\/"},"sameAs":["https:\/\/www.facebook.com\/EPEN.Neuquen","https:\/\/x.com\/EPEN_Informa","https:\/\/www.youtube.com\/@epenprensa7384"]},{"@type":"Person","@id":"https:\/\/www.epen.gov.ar\/#\/schema\/person\/ce6cff87c2fc01264becc10fa105ad4f","name":"Prensa EPEN","image":{"@type":"ImageObject","inLanguage":"es","@id":"https:\/\/secure.gravatar.com\/avatar\/f8120b8688012ccf2d7fbcf7a970cfbabf0ab63b09c2dbd72c194bee080070e9?s=96&d=mm&r=g","url":"https:\/\/secure.gravatar.com\/avatar\/f8120b8688012ccf2d7fbcf7a970cfbabf0ab63b09c2dbd72c194bee080070e9?s=96&d=mm&r=g","contentUrl":"https:\/\/secure.gravatar.com\/avatar\/f8120b8688012ccf2d7fbcf7a970cfbabf0ab63b09c2dbd72c194bee080070e9?s=96&d=mm&r=g","caption":"Prensa EPEN"},"url":"https:\/\/www.epen.gov.ar\/index.php\/author\/admin\/"}]}},"_links":{"self":[{"href":"https:\/\/www.epen.gov.ar\/index.php\/wp-json\/wp\/v2\/posts\/3091","targetHints":{"allow":["GET"]}}],"collection":[{"href":"https:\/\/www.epen.gov.ar\/index.php\/wp-json\/wp\/v2\/posts"}],"about":[{"href":"https:\/\/www.epen.gov.ar\/index.php\/wp-json\/wp\/v2\/types\/post"}],"author":[{"embeddable":true,"href":"https:\/\/www.epen.gov.ar\/index.php\/wp-json\/wp\/v2\/users\/1"}],"replies":[{"embeddable":true,"href":"https:\/\/www.epen.gov.ar\/index.php\/wp-json\/wp\/v2\/comments?post=3091"}],"version-history":[{"count":4,"href":"https:\/\/www.epen.gov.ar\/index.php\/wp-json\/wp\/v2\/posts\/3091\/revisions"}],"predecessor-version":[{"id":3172,"href":"https:\/\/www.epen.gov.ar\/index.php\/wp-json\/wp\/v2\/posts\/3091\/revisions\/3172"}],"wp:featuredmedia":[{"embeddable":true,"href":"https:\/\/www.epen.gov.ar\/index.php\/wp-json\/wp\/v2\/media\/3163"}],"wp:attachment":[{"href":"https:\/\/www.epen.gov.ar\/index.php\/wp-json\/wp\/v2\/media?parent=3091"}],"wp:term":[{"taxonomy":"category","embeddable":true,"href":"https:\/\/www.epen.gov.ar\/index.php\/wp-json\/wp\/v2\/categories?post=3091"},{"taxonomy":"post_tag","embeddable":true,"href":"https:\/\/www.epen.gov.ar\/index.php\/wp-json\/wp\/v2\/tags?post=3091"}],"curies":[{"name":"wp","href":"https:\/\/api.w.org\/{rel}","templated":true}]}}