{"id":29896,"date":"2021-05-28T11:29:42","date_gmt":"2021-05-28T14:29:42","guid":{"rendered":"http:\/\/192.168.200.48\/?p=29896"},"modified":"2021-11-09T11:40:09","modified_gmt":"2021-11-09T14:40:09","slug":"el-epen-trabaja-en-distintos-sectores-por-fuertes-vientos","status":"publish","type":"post","link":"https:\/\/www.epen.gov.ar\/index.php\/2021\/05\/28\/el-epen-trabaja-en-distintos-sectores-por-fuertes-vientos\/","title":{"rendered":"El EPEN trabaja en distintos sectores por fuertes vientos"},"content":{"rendered":"<div class=\"fusion-fullwidth fullwidth-box fusion-builder-row-1 nonhundred-percent-fullwidth non-hundred-percent-height-scrolling\" style=\"--awb-border-radius-top-left:0px;--awb-border-radius-top-right:0px;--awb-border-radius-bottom-right:0px;--awb-border-radius-bottom-left:0px;--awb-flex-wrap:wrap;\" ><div class=\"fusion-builder-row fusion-row\"><div class=\"fusion-layout-column fusion_builder_column fusion-builder-column-0 fusion_builder_column_2_3 2_3 fusion-two-third fusion-column-first\" style=\"--awb-bg-size:cover;width:66.666666666667%;width:calc(66.666666666667% - ( ( 4% ) * 0.66666666666667 ) );margin-right: 4%;\"><div class=\"fusion-column-wrapper fusion-column-has-shadow fusion-flex-column-wrapper-legacy\"><div class=\"fusion-text fusion-text-1\"><p style=\"font-weight: 400;\"><strong><em>Ayer y durante la ma\u00f1ana de hoy contin\u00faan los trabajos de reparaci\u00f3n en distintas zonas de la provincia. Se trabaja en San Mart\u00edn de los Andes, se programaron tareas para Buta Ranquil y se genera para Alumin\u00e9 y Pehuenia, mientras se prepara operativo de reparaci\u00f3n en la l\u00ednea de 33 kilovolt.<\/em><\/strong><\/p>\n<p style=\"font-weight: 400;\">El Ente Provincial de Energ\u00eda del Neuqu\u00e9n (EPEN) dependiente de la Secretar\u00eda general y Servicios P\u00fablicos informa que varias localidades de la provincia fueron afectadas con fuertes r\u00e1fagas -que continuar\u00e1n hoy, de acuerdo al alerta meteorol\u00f3gica- que originaron algunos inconvenientes en las instalaciones el\u00e9ctricas por ca\u00edda de \u00e1rboles y ramas, entre otros. El personal se encuentra trabajando en las zonas que a continuaci\u00f3n se detallan:<\/p>\n<p style=\"font-weight: 400;\"><strong>Norte provincial<\/strong><\/p>\n<p style=\"font-weight: 400;\">As\u00ed, en la zona del norte provincial, se realizar\u00e1 un corte programado de urgencia sobre la l\u00ednea de media tensi\u00f3n Filo Morado-Buta Ranquil que afectar\u00e1 a esta \u00faltima, para reparar dos postes inclinados que requieren una pronta intervenci\u00f3n.<\/p>\n<p style=\"font-weight: 400;\">Asimismo, esta ma\u00f1ana sali\u00f3 de servicio la l\u00ednea de media tensi\u00f3n 33 kilovolt Chos Malal-Andacollo, aunque la falla fue solucionada r\u00e1pidamente. \u00a0Ayer en la localidad de Chos Malal se produjo ca\u00edda de \u00e1rboles en distintos sectores, con corte de conductores, y postes de media y baja tensi\u00f3n quebrados. Dichas reparaciones fueron finalizadas durante la jornada de ayer.<\/p>\n<p style=\"font-weight: 400;\"><strong>A\u00f1elo<\/strong><\/p>\n<p style=\"font-weight: 400;\">En tanto, en la zona de A\u00f1elo, desde la tarde de ayer las cuadrillas de l\u00edneas debieron verificar todo el tramo con mucha dificultad por el intenso viento. Finalmente lograron energizar la l\u00ednea luego de los protocolos de coordinaci\u00f3n y comunicaci\u00f3n segura por una falla en un elemento de la l\u00ednea que abastece la zona en Loma de La Lata.<\/p>\n<p style=\"font-weight: 400;\"><strong>Oeste provincial<\/strong><\/p>\n<p style=\"font-weight: 400;\">Hacia las 3 am se produjo una falla en la l\u00ednea de 33 kilovolt que alimenta la zona de\u00a0<strong>Alumin\u00e9 y Villa Pehuenia<\/strong>. Ante el recorrido r\u00e1pido, se realiz\u00f3 un intento de cierre y result\u00f3 negativo. Las protecciones indicaron corto trif\u00e1sico a aproximadamente a 15 km desde Cerro Bandera hacia Primeros Pinos. Luego se recorri\u00f3 la l\u00ednea Cerro Bandera-Bifurcaci\u00f3n por posible poste quebrado y se coordin\u00f3 la utilizaci\u00f3n de una excavadora para la reparaci\u00f3n de emergencia. A partir de las 8 y 8:30 am se comenz\u00f3 a generar para abastecer el\u00e9ctricamente la zona de Villa Pehuenia y Moquehue y hacia Alumin\u00e9, para servicios esenciales.<\/p>\n<p style=\"font-weight: 400;\">En este sentido, contin\u00faa la verificaci\u00f3n de ese sector con personal de operaci\u00f3n y mantenimiento y se organiza operativo para la reparaci\u00f3n.<\/p>\n<p style=\"font-weight: 400;\">En Las Lajas, Loncopu\u00e9, Mariano Moreno y Bajada del Agrio hubo inconvenientes en baja tensi\u00f3n, y zona rural por ca\u00edda de \u00e1rboles. Se contin\u00faa trabajando en sectores puntuales de dichas localidades.<\/p>\n<p style=\"font-weight: 400;\"><strong>Sur Provincial<\/strong><\/p>\n<p style=\"font-weight: 400;\">En la zona sur, por fuertes r\u00e1fagas anoche a las 3 am y por el lapso de media hora, salieron de servicio dos alimentadores de 13,2 kilovolt que produjeron corte a dos \u00e1reas de la localidad de\u00a0<strong>San Mart\u00edn de los Andes.<\/strong>\u00a0Esta ma\u00f1ana, el personal trabaja sobre el reconectador de Ruta 62 que alimenta la zona de Lolog. Las cuadrillas tambi\u00e9n recorren la zona de Chacra 32, cooperativa Lavalle, Barrio San Fernando, y Trompul.<\/p>\n<p style=\"font-weight: 400;\">Por el temporal, se han producido adem\u00e1s algunas fallas aleatorias, que han sido subsanadas ayer por la tarde, que afectaron la zona de Barrio Covisal, Regimiento e Intercultural.<\/p>\n<p style=\"font-weight: 400;\">En\u00a0<strong>Jun\u00edn de los Andes<\/strong>\u00a0se trabaj\u00f3 sobre parajes rurales.<\/p>\n<p style=\"font-weight: 400;\">En tanto en\u00a0<strong>Villa La Angostura<\/strong>, ayer tambi\u00e9n se produjeron inconvenientes en distintos sectores, aunque los sistemas de protecciones actuaron de la manera esperada sin afectar la totalidad del suministro desde la central t\u00e9rmica.<\/p>\n<\/div><div class=\"fusion-clearfix\"><\/div><\/div><\/div><div class=\"fusion-layout-column fusion_builder_column fusion-builder-column-1 fusion_builder_column_1_3 1_3 fusion-one-third fusion-column-last\" style=\"--awb-bg-size:cover;width:33.333333333333%;width:calc(33.333333333333% - ( ( 4% ) * 0.33333333333333 ) );\"><div class=\"fusion-column-wrapper fusion-column-has-shadow fusion-flex-column-wrapper-legacy\"><div class=\"fusion-widget-area awb-widget-area-element fusion-widget-area-1 fusion-content-widget-area\" style=\"--awb-title-size:20px;--awb-title-color:#333333;--awb-padding:0px 0px 0px 0px;\"><style type=\"text\/css\" data-id=\"tweets-widget-2\">#tweets-widget-2 li { border-color:#eaeaea;}<\/style><section id=\"tweets-widget-2\" class=\"widget tweets\" style=\"border-style: solid;border-color: #eaeaea;border-color:transparent;border-width:0px;\">\t\t\t\t\n\t\t<div style=\"overflow:hidden\">\n\t\t\t\t\t\t\t\t\t\t\t<a class=\"twitter-timeline\" data-dnt=\"true\" href=\"https:\/\/twitter.com\/@EPEN_Informa\" data-width=\"500\" data-height=\"300\" width=\"500\" height=\"300\" data-theme=\"light\" data-link-color=\"##25a9bd\" data-border-color=\"#eaeaea\" data-chrome=\"\">Tweets por @EPEN_Informa<\/a>\n\t\t\t\t\t\t\t\n\t\t\t\t\t\t\t\t\t\t\t<script async src=\"\/\/platform.twitter.com\/widgets.js\" charset=\"utf-8\"><\/script>\n\t\t\t\t\t\t\t\n\t\t<\/div>\n\t\t<\/section>\n\t\t<section id=\"recent-posts-3\" class=\"widget widget_recent_entries\" style=\"border-style: solid;border-color:transparent;border-width:0px;\">\n\t\t<div class=\"heading\"><h4 class=\"widget-title\">Entradas recientes<\/h4><\/div>\n\t\t<ul>\n\t\t\t\t\t\t\t\t\t\t\t<li>\n\t\t\t\t\t<a href=\"https:\/\/www.epen.gov.ar\/index.php\/2026\/04\/30\/corte-programado-en-sectores-de-rincon-de-los-sauces-el-02-05-2026\/\">Corte Programado en sectores de Rinc\u00f3n de los Sauces el 02\/05\/2026<\/a>\n\t\t\t\t\t\t\t\t\t\t\t<span class=\"post-date\">30\/04\/2026<\/span>\n\t\t\t\t\t\t\t\t\t<\/li>\n\t\t\t\t\t\t\t\t\t\t\t<li>\n\t\t\t\t\t<a href=\"https:\/\/www.epen.gov.ar\/index.php\/2026\/04\/30\/licitacion-publica-n-14-2026-contratacion-de-servicios-de-desarrollo-y-mantenimiento-de-sistemas-informaticos\/\">LICITACI\u00d3N P\u00daBLICA N\u00b0 14\/2026 CONTRATACI\u00d3N DE SERVICIOS DE DESARROLLO Y MANTENIMIENTO DE SISTEMAS INFORM\u00c1TICOS<\/a>\n\t\t\t\t\t\t\t\t\t\t\t<span class=\"post-date\">30\/04\/2026<\/span>\n\t\t\t\t\t\t\t\t\t<\/li>\n\t\t\t\t\t\t\t\t\t\t\t<li>\n\t\t\t\t\t<a href=\"https:\/\/www.epen.gov.ar\/index.php\/2026\/04\/29\/corte-programado-en-sectores-de-centenario-el-30-04-2026\/\">Corte Programado en sectores de Centenario el 30\/04\/2026<\/a>\n\t\t\t\t\t\t\t\t\t\t\t<span class=\"post-date\">29\/04\/2026<\/span>\n\t\t\t\t\t\t\t\t\t<\/li>\n\t\t\t\t\t\t\t\t\t\t\t<li>\n\t\t\t\t\t<a href=\"https:\/\/www.epen.gov.ar\/index.php\/2026\/04\/28\/el-epen-impulsa-el-desarrollo-de-varvarco-con-nueva-infraestructura-para-17-lotes\/\">El EPEN impulsa el desarrollo de Varvarco con nueva infraestructura para 17 lotes<\/a>\n\t\t\t\t\t\t\t\t\t\t\t<span class=\"post-date\">28\/04\/2026<\/span>\n\t\t\t\t\t\t\t\t\t<\/li>\n\t\t\t\t\t\t\t\t\t\t\t<li>\n\t\t\t\t\t<a href=\"https:\/\/www.epen.gov.ar\/index.php\/2026\/04\/28\/corte-programado-en-sectores-de-zona-nahueve-el-30-04-2026\/\">Corte Programado en sectores de zona Nahueve el 30\/04\/2026<\/a>\n\t\t\t\t\t\t\t\t\t\t\t<span class=\"post-date\">28\/04\/2026<\/span>\n\t\t\t\t\t\t\t\t\t<\/li>\n\t\t\t\t\t<\/ul>\n\n\t\t<\/section><div class=\"fusion-additional-widget-content\"><\/div><\/div><div class=\"fusion-clearfix\"><\/div><\/div><\/div><\/div><\/div>\n","protected":false},"excerpt":{"rendered":"","protected":false},"author":1,"featured_media":29909,"comment_status":"closed","ping_status":"closed","sticky":false,"template":"","format":"standard","meta":{"_exactmetrics_skip_tracking":false,"_exactmetrics_sitenote_active":false,"_exactmetrics_sitenote_note":"","_exactmetrics_sitenote_category":0,"footnotes":""},"categories":[84],"tags":[145],"class_list":["post-29896","post","type-post","status-publish","format-standard","has-post-thumbnail","hentry","category-noticias","tag-seguridad-publica"],"yoast_head":"<!-- This site is optimized with the Yoast SEO plugin v27.2 - https:\/\/yoast.com\/product\/yoast-seo-wordpress\/ -->\n<title>EPEN - El EPEN trabaja en distintos sectores por fuertes vientos<\/title>\n<meta name=\"description\" content=\"El EPEN trabaja en distintos sectores por fuertes vientos\" \/>\n<meta name=\"robots\" content=\"index, follow, max-snippet:-1, max-image-preview:large, max-video-preview:-1\" \/>\n<link rel=\"canonical\" href=\"https:\/\/www.epen.gov.ar\/index.php\/2021\/05\/28\/el-epen-trabaja-en-distintos-sectores-por-fuertes-vientos\/\" \/>\n<meta property=\"og:locale\" content=\"es_ES\" \/>\n<meta property=\"og:type\" content=\"article\" \/>\n<meta property=\"og:title\" content=\"EPEN - El EPEN trabaja en distintos sectores por fuertes vientos\" \/>\n<meta property=\"og:description\" content=\"El EPEN trabaja en distintos sectores por fuertes vientos\" \/>\n<meta property=\"og:url\" content=\"https:\/\/www.epen.gov.ar\/index.php\/2021\/05\/28\/el-epen-trabaja-en-distintos-sectores-por-fuertes-vientos\/\" \/>\n<meta property=\"og:site_name\" content=\"EPEN\" \/>\n<meta property=\"article:publisher\" content=\"https:\/\/www.facebook.com\/EPEN.Neuquen\" \/>\n<meta property=\"article:published_time\" content=\"2021-05-28T14:29:42+00:00\" \/>\n<meta property=\"article:modified_time\" content=\"2021-11-09T14:40:09+00:00\" \/>\n<meta property=\"og:image\" content=\"https:\/\/www.epen.gov.ar\/wp-content\/uploads\/2021\/05\/caida-arbol-Chos-Malal-EPEN.jpeg\" \/>\n\t<meta property=\"og:image:width\" content=\"1280\" \/>\n\t<meta property=\"og:image:height\" content=\"720\" \/>\n\t<meta property=\"og:image:type\" content=\"image\/jpeg\" \/>\n<meta name=\"author\" content=\"Prensa EPEN\" \/>\n<meta name=\"twitter:card\" content=\"summary_large_image\" \/>\n<meta name=\"twitter:creator\" content=\"@EPEN_Informa\" \/>\n<meta name=\"twitter:site\" content=\"@EPEN_Informa\" \/>\n<meta name=\"twitter:label1\" content=\"Escrito por\" \/>\n\t<meta name=\"twitter:data1\" content=\"Prensa EPEN\" \/>\n\t<meta name=\"twitter:label2\" content=\"Tiempo de lectura\" \/>\n\t<meta name=\"twitter:data2\" content=\"5 minutos\" \/>\n<script type=\"application\/ld+json\" class=\"yoast-schema-graph\">{\"@context\":\"https:\/\/schema.org\",\"@graph\":[{\"@type\":\"Article\",\"@id\":\"https:\/\/www.epen.gov.ar\/index.php\/2021\/05\/28\/el-epen-trabaja-en-distintos-sectores-por-fuertes-vientos\/#article\",\"isPartOf\":{\"@id\":\"https:\/\/www.epen.gov.ar\/index.php\/2021\/05\/28\/el-epen-trabaja-en-distintos-sectores-por-fuertes-vientos\/\"},\"author\":{\"name\":\"Prensa EPEN\",\"@id\":\"https:\/\/www.epen.gov.ar\/#\/schema\/person\/ce6cff87c2fc01264becc10fa105ad4f\"},\"headline\":\"El EPEN trabaja en distintos sectores por fuertes vientos\",\"datePublished\":\"2021-05-28T14:29:42+00:00\",\"dateModified\":\"2021-11-09T14:40:09+00:00\",\"mainEntityOfPage\":{\"@id\":\"https:\/\/www.epen.gov.ar\/index.php\/2021\/05\/28\/el-epen-trabaja-en-distintos-sectores-por-fuertes-vientos\/\"},\"wordCount\":1058,\"publisher\":{\"@id\":\"https:\/\/www.epen.gov.ar\/#organization\"},\"image\":{\"@id\":\"https:\/\/www.epen.gov.ar\/index.php\/2021\/05\/28\/el-epen-trabaja-en-distintos-sectores-por-fuertes-vientos\/#primaryimage\"},\"thumbnailUrl\":\"https:\/\/www.epen.gov.ar\/wp-content\/uploads\/2021\/05\/caida-arbol-Chos-Malal-EPEN.jpeg\",\"keywords\":[\"Seguridad Publica\"],\"articleSection\":[\"Noticias\"],\"inLanguage\":\"es\"},{\"@type\":\"WebPage\",\"@id\":\"https:\/\/www.epen.gov.ar\/index.php\/2021\/05\/28\/el-epen-trabaja-en-distintos-sectores-por-fuertes-vientos\/\",\"url\":\"https:\/\/www.epen.gov.ar\/index.php\/2021\/05\/28\/el-epen-trabaja-en-distintos-sectores-por-fuertes-vientos\/\",\"name\":\"EPEN - El EPEN trabaja en distintos sectores por fuertes vientos\",\"isPartOf\":{\"@id\":\"https:\/\/www.epen.gov.ar\/#website\"},\"primaryImageOfPage\":{\"@id\":\"https:\/\/www.epen.gov.ar\/index.php\/2021\/05\/28\/el-epen-trabaja-en-distintos-sectores-por-fuertes-vientos\/#primaryimage\"},\"image\":{\"@id\":\"https:\/\/www.epen.gov.ar\/index.php\/2021\/05\/28\/el-epen-trabaja-en-distintos-sectores-por-fuertes-vientos\/#primaryimage\"},\"thumbnailUrl\":\"https:\/\/www.epen.gov.ar\/wp-content\/uploads\/2021\/05\/caida-arbol-Chos-Malal-EPEN.jpeg\",\"datePublished\":\"2021-05-28T14:29:42+00:00\",\"dateModified\":\"2021-11-09T14:40:09+00:00\",\"description\":\"El EPEN trabaja en distintos sectores por fuertes vientos\",\"breadcrumb\":{\"@id\":\"https:\/\/www.epen.gov.ar\/index.php\/2021\/05\/28\/el-epen-trabaja-en-distintos-sectores-por-fuertes-vientos\/#breadcrumb\"},\"inLanguage\":\"es\",\"potentialAction\":[{\"@type\":\"ReadAction\",\"target\":[\"https:\/\/www.epen.gov.ar\/index.php\/2021\/05\/28\/el-epen-trabaja-en-distintos-sectores-por-fuertes-vientos\/\"]}]},{\"@type\":\"ImageObject\",\"inLanguage\":\"es\",\"@id\":\"https:\/\/www.epen.gov.ar\/index.php\/2021\/05\/28\/el-epen-trabaja-en-distintos-sectores-por-fuertes-vientos\/#primaryimage\",\"url\":\"https:\/\/www.epen.gov.ar\/wp-content\/uploads\/2021\/05\/caida-arbol-Chos-Malal-EPEN.jpeg\",\"contentUrl\":\"https:\/\/www.epen.gov.ar\/wp-content\/uploads\/2021\/05\/caida-arbol-Chos-Malal-EPEN.jpeg\",\"width\":1280,\"height\":720},{\"@type\":\"BreadcrumbList\",\"@id\":\"https:\/\/www.epen.gov.ar\/index.php\/2021\/05\/28\/el-epen-trabaja-en-distintos-sectores-por-fuertes-vientos\/#breadcrumb\",\"itemListElement\":[{\"@type\":\"ListItem\",\"position\":1,\"name\":\"Inicio\",\"item\":\"https:\/\/www.epen.gov.ar\/\"},{\"@type\":\"ListItem\",\"position\":2,\"name\":\"El EPEN trabaja en distintos sectores por fuertes vientos\"}]},{\"@type\":\"WebSite\",\"@id\":\"https:\/\/www.epen.gov.ar\/#website\",\"url\":\"https:\/\/www.epen.gov.ar\/\",\"name\":\"EPEN\",\"description\":\"Ente Provincial de Energ\u00eda del Neuqu\u00e9n\",\"publisher\":{\"@id\":\"https:\/\/www.epen.gov.ar\/#organization\"},\"potentialAction\":[{\"@type\":\"SearchAction\",\"target\":{\"@type\":\"EntryPoint\",\"urlTemplate\":\"https:\/\/www.epen.gov.ar\/?s={search_term_string}\"},\"query-input\":{\"@type\":\"PropertyValueSpecification\",\"valueRequired\":true,\"valueName\":\"search_term_string\"}}],\"inLanguage\":\"es\"},{\"@type\":\"Organization\",\"@id\":\"https:\/\/www.epen.gov.ar\/#organization\",\"name\":\"Ente Provincial de Energ\u00eda del Neuqu\u00e9n\",\"url\":\"https:\/\/www.epen.gov.ar\/\",\"logo\":{\"@type\":\"ImageObject\",\"inLanguage\":\"es\",\"@id\":\"https:\/\/www.epen.gov.ar\/#\/schema\/logo\/image\/\",\"url\":\"https:\/\/www.epen.gov.ar\/wp-content\/uploads\/2024\/02\/Logo-EPEN-2.jpg\",\"contentUrl\":\"https:\/\/www.epen.gov.ar\/wp-content\/uploads\/2024\/02\/Logo-EPEN-2.jpg\",\"width\":696,\"height\":696,\"caption\":\"Ente Provincial de Energ\u00eda del Neuqu\u00e9n\"},\"image\":{\"@id\":\"https:\/\/www.epen.gov.ar\/#\/schema\/logo\/image\/\"},\"sameAs\":[\"https:\/\/www.facebook.com\/EPEN.Neuquen\",\"https:\/\/x.com\/EPEN_Informa\",\"https:\/\/www.youtube.com\/@epenprensa7384\"]},{\"@type\":\"Person\",\"@id\":\"https:\/\/www.epen.gov.ar\/#\/schema\/person\/ce6cff87c2fc01264becc10fa105ad4f\",\"name\":\"Prensa EPEN\",\"image\":{\"@type\":\"ImageObject\",\"inLanguage\":\"es\",\"@id\":\"https:\/\/secure.gravatar.com\/avatar\/f8120b8688012ccf2d7fbcf7a970cfbabf0ab63b09c2dbd72c194bee080070e9?s=96&d=mm&r=g\",\"url\":\"https:\/\/secure.gravatar.com\/avatar\/f8120b8688012ccf2d7fbcf7a970cfbabf0ab63b09c2dbd72c194bee080070e9?s=96&d=mm&r=g\",\"contentUrl\":\"https:\/\/secure.gravatar.com\/avatar\/f8120b8688012ccf2d7fbcf7a970cfbabf0ab63b09c2dbd72c194bee080070e9?s=96&d=mm&r=g\",\"caption\":\"Prensa EPEN\"},\"url\":\"https:\/\/www.epen.gov.ar\/index.php\/author\/admin\/\"}]}<\/script>\n<!-- \/ Yoast SEO plugin. -->","yoast_head_json":{"title":"EPEN - El EPEN trabaja en distintos sectores por fuertes vientos","description":"El EPEN trabaja en distintos sectores por fuertes vientos","robots":{"index":"index","follow":"follow","max-snippet":"max-snippet:-1","max-image-preview":"max-image-preview:large","max-video-preview":"max-video-preview:-1"},"canonical":"https:\/\/www.epen.gov.ar\/index.php\/2021\/05\/28\/el-epen-trabaja-en-distintos-sectores-por-fuertes-vientos\/","og_locale":"es_ES","og_type":"article","og_title":"EPEN - El EPEN trabaja en distintos sectores por fuertes vientos","og_description":"El EPEN trabaja en distintos sectores por fuertes vientos","og_url":"https:\/\/www.epen.gov.ar\/index.php\/2021\/05\/28\/el-epen-trabaja-en-distintos-sectores-por-fuertes-vientos\/","og_site_name":"EPEN","article_publisher":"https:\/\/www.facebook.com\/EPEN.Neuquen","article_published_time":"2021-05-28T14:29:42+00:00","article_modified_time":"2021-11-09T14:40:09+00:00","og_image":[{"width":1280,"height":720,"url":"https:\/\/www.epen.gov.ar\/wp-content\/uploads\/2021\/05\/caida-arbol-Chos-Malal-EPEN.jpeg","type":"image\/jpeg"}],"author":"Prensa EPEN","twitter_card":"summary_large_image","twitter_creator":"@EPEN_Informa","twitter_site":"@EPEN_Informa","twitter_misc":{"Escrito por":"Prensa EPEN","Tiempo de lectura":"5 minutos"},"schema":{"@context":"https:\/\/schema.org","@graph":[{"@type":"Article","@id":"https:\/\/www.epen.gov.ar\/index.php\/2021\/05\/28\/el-epen-trabaja-en-distintos-sectores-por-fuertes-vientos\/#article","isPartOf":{"@id":"https:\/\/www.epen.gov.ar\/index.php\/2021\/05\/28\/el-epen-trabaja-en-distintos-sectores-por-fuertes-vientos\/"},"author":{"name":"Prensa EPEN","@id":"https:\/\/www.epen.gov.ar\/#\/schema\/person\/ce6cff87c2fc01264becc10fa105ad4f"},"headline":"El EPEN trabaja en distintos sectores por fuertes vientos","datePublished":"2021-05-28T14:29:42+00:00","dateModified":"2021-11-09T14:40:09+00:00","mainEntityOfPage":{"@id":"https:\/\/www.epen.gov.ar\/index.php\/2021\/05\/28\/el-epen-trabaja-en-distintos-sectores-por-fuertes-vientos\/"},"wordCount":1058,"publisher":{"@id":"https:\/\/www.epen.gov.ar\/#organization"},"image":{"@id":"https:\/\/www.epen.gov.ar\/index.php\/2021\/05\/28\/el-epen-trabaja-en-distintos-sectores-por-fuertes-vientos\/#primaryimage"},"thumbnailUrl":"https:\/\/www.epen.gov.ar\/wp-content\/uploads\/2021\/05\/caida-arbol-Chos-Malal-EPEN.jpeg","keywords":["Seguridad Publica"],"articleSection":["Noticias"],"inLanguage":"es"},{"@type":"WebPage","@id":"https:\/\/www.epen.gov.ar\/index.php\/2021\/05\/28\/el-epen-trabaja-en-distintos-sectores-por-fuertes-vientos\/","url":"https:\/\/www.epen.gov.ar\/index.php\/2021\/05\/28\/el-epen-trabaja-en-distintos-sectores-por-fuertes-vientos\/","name":"EPEN - El EPEN trabaja en distintos sectores por fuertes vientos","isPartOf":{"@id":"https:\/\/www.epen.gov.ar\/#website"},"primaryImageOfPage":{"@id":"https:\/\/www.epen.gov.ar\/index.php\/2021\/05\/28\/el-epen-trabaja-en-distintos-sectores-por-fuertes-vientos\/#primaryimage"},"image":{"@id":"https:\/\/www.epen.gov.ar\/index.php\/2021\/05\/28\/el-epen-trabaja-en-distintos-sectores-por-fuertes-vientos\/#primaryimage"},"thumbnailUrl":"https:\/\/www.epen.gov.ar\/wp-content\/uploads\/2021\/05\/caida-arbol-Chos-Malal-EPEN.jpeg","datePublished":"2021-05-28T14:29:42+00:00","dateModified":"2021-11-09T14:40:09+00:00","description":"El EPEN trabaja en distintos sectores por fuertes vientos","breadcrumb":{"@id":"https:\/\/www.epen.gov.ar\/index.php\/2021\/05\/28\/el-epen-trabaja-en-distintos-sectores-por-fuertes-vientos\/#breadcrumb"},"inLanguage":"es","potentialAction":[{"@type":"ReadAction","target":["https:\/\/www.epen.gov.ar\/index.php\/2021\/05\/28\/el-epen-trabaja-en-distintos-sectores-por-fuertes-vientos\/"]}]},{"@type":"ImageObject","inLanguage":"es","@id":"https:\/\/www.epen.gov.ar\/index.php\/2021\/05\/28\/el-epen-trabaja-en-distintos-sectores-por-fuertes-vientos\/#primaryimage","url":"https:\/\/www.epen.gov.ar\/wp-content\/uploads\/2021\/05\/caida-arbol-Chos-Malal-EPEN.jpeg","contentUrl":"https:\/\/www.epen.gov.ar\/wp-content\/uploads\/2021\/05\/caida-arbol-Chos-Malal-EPEN.jpeg","width":1280,"height":720},{"@type":"BreadcrumbList","@id":"https:\/\/www.epen.gov.ar\/index.php\/2021\/05\/28\/el-epen-trabaja-en-distintos-sectores-por-fuertes-vientos\/#breadcrumb","itemListElement":[{"@type":"ListItem","position":1,"name":"Inicio","item":"https:\/\/www.epen.gov.ar\/"},{"@type":"ListItem","position":2,"name":"El EPEN trabaja en distintos sectores por fuertes vientos"}]},{"@type":"WebSite","@id":"https:\/\/www.epen.gov.ar\/#website","url":"https:\/\/www.epen.gov.ar\/","name":"EPEN","description":"Ente Provincial de Energ\u00eda del Neuqu\u00e9n","publisher":{"@id":"https:\/\/www.epen.gov.ar\/#organization"},"potentialAction":[{"@type":"SearchAction","target":{"@type":"EntryPoint","urlTemplate":"https:\/\/www.epen.gov.ar\/?s={search_term_string}"},"query-input":{"@type":"PropertyValueSpecification","valueRequired":true,"valueName":"search_term_string"}}],"inLanguage":"es"},{"@type":"Organization","@id":"https:\/\/www.epen.gov.ar\/#organization","name":"Ente Provincial de Energ\u00eda del Neuqu\u00e9n","url":"https:\/\/www.epen.gov.ar\/","logo":{"@type":"ImageObject","inLanguage":"es","@id":"https:\/\/www.epen.gov.ar\/#\/schema\/logo\/image\/","url":"https:\/\/www.epen.gov.ar\/wp-content\/uploads\/2024\/02\/Logo-EPEN-2.jpg","contentUrl":"https:\/\/www.epen.gov.ar\/wp-content\/uploads\/2024\/02\/Logo-EPEN-2.jpg","width":696,"height":696,"caption":"Ente Provincial de Energ\u00eda del Neuqu\u00e9n"},"image":{"@id":"https:\/\/www.epen.gov.ar\/#\/schema\/logo\/image\/"},"sameAs":["https:\/\/www.facebook.com\/EPEN.Neuquen","https:\/\/x.com\/EPEN_Informa","https:\/\/www.youtube.com\/@epenprensa7384"]},{"@type":"Person","@id":"https:\/\/www.epen.gov.ar\/#\/schema\/person\/ce6cff87c2fc01264becc10fa105ad4f","name":"Prensa EPEN","image":{"@type":"ImageObject","inLanguage":"es","@id":"https:\/\/secure.gravatar.com\/avatar\/f8120b8688012ccf2d7fbcf7a970cfbabf0ab63b09c2dbd72c194bee080070e9?s=96&d=mm&r=g","url":"https:\/\/secure.gravatar.com\/avatar\/f8120b8688012ccf2d7fbcf7a970cfbabf0ab63b09c2dbd72c194bee080070e9?s=96&d=mm&r=g","contentUrl":"https:\/\/secure.gravatar.com\/avatar\/f8120b8688012ccf2d7fbcf7a970cfbabf0ab63b09c2dbd72c194bee080070e9?s=96&d=mm&r=g","caption":"Prensa EPEN"},"url":"https:\/\/www.epen.gov.ar\/index.php\/author\/admin\/"}]}},"_links":{"self":[{"href":"https:\/\/www.epen.gov.ar\/index.php\/wp-json\/wp\/v2\/posts\/29896","targetHints":{"allow":["GET"]}}],"collection":[{"href":"https:\/\/www.epen.gov.ar\/index.php\/wp-json\/wp\/v2\/posts"}],"about":[{"href":"https:\/\/www.epen.gov.ar\/index.php\/wp-json\/wp\/v2\/types\/post"}],"author":[{"embeddable":true,"href":"https:\/\/www.epen.gov.ar\/index.php\/wp-json\/wp\/v2\/users\/1"}],"replies":[{"embeddable":true,"href":"https:\/\/www.epen.gov.ar\/index.php\/wp-json\/wp\/v2\/comments?post=29896"}],"version-history":[{"count":3,"href":"https:\/\/www.epen.gov.ar\/index.php\/wp-json\/wp\/v2\/posts\/29896\/revisions"}],"predecessor-version":[{"id":69498,"href":"https:\/\/www.epen.gov.ar\/index.php\/wp-json\/wp\/v2\/posts\/29896\/revisions\/69498"}],"wp:featuredmedia":[{"embeddable":true,"href":"https:\/\/www.epen.gov.ar\/index.php\/wp-json\/wp\/v2\/media\/29909"}],"wp:attachment":[{"href":"https:\/\/www.epen.gov.ar\/index.php\/wp-json\/wp\/v2\/media?parent=29896"}],"wp:term":[{"taxonomy":"category","embeddable":true,"href":"https:\/\/www.epen.gov.ar\/index.php\/wp-json\/wp\/v2\/categories?post=29896"},{"taxonomy":"post_tag","embeddable":true,"href":"https:\/\/www.epen.gov.ar\/index.php\/wp-json\/wp\/v2\/tags?post=29896"}],"curies":[{"name":"wp","href":"https:\/\/api.w.org\/{rel}","templated":true}]}}