{"id":2552,"date":"2018-09-05T20:02:09","date_gmt":"2018-09-05T20:02:09","guid":{"rendered":"http:\/\/10.1.48.49\/?p=2552"},"modified":"2018-09-07T14:07:50","modified_gmt":"2018-09-07T14:07:50","slug":"entregaron-nuevos-vehiculos-para-el-epen","status":"publish","type":"post","link":"https:\/\/www.epen.gov.ar\/index.php\/2018\/09\/05\/entregaron-nuevos-vehiculos-para-el-epen\/","title":{"rendered":"Entregaron nuevos veh\u00edculos para el EPEN"},"content":{"rendered":"<div class=\"fusion-fullwidth fullwidth-box fusion-builder-row-1 nonhundred-percent-fullwidth non-hundred-percent-height-scrolling\" style=\"--awb-border-radius-top-left:0px;--awb-border-radius-top-right:0px;--awb-border-radius-bottom-right:0px;--awb-border-radius-bottom-left:0px;--awb-flex-wrap:wrap;\" ><div class=\"fusion-builder-row fusion-row\"><div class=\"fusion-layout-column fusion_builder_column fusion-builder-column-0 fusion_builder_column_4_5 4_5 fusion-four-fifth fusion-column-first\" style=\"--awb-bg-size:cover;--awb-margin-bottom:0px;width:79.2%; margin-right: 4%;\"><div class=\"fusion-column-wrapper fusion-flex-column-wrapper-legacy\"><div class=\"fusion-text fusion-text-1\"><p class=\"bajada\"><em><strong>Se trata de 14 camionetas cero kil\u00f3metro que ser\u00e1n destinadas a las gerencias de Transporte y Distribuci\u00f3n del organismo. La inversi\u00f3n fue de 12 millones de pesos.<\/strong><\/em><\/p>\n<p>El gobernador Omar Guti\u00e9rrez presidi\u00f3 esta ma\u00f1ana el acto de entrega de 14 camionetas para el Ente Provincial de Energ\u00eda del Neuqu\u00e9n (EPEN), que ser\u00e1n destinadas a los servicios de transporte y distribuci\u00f3n del organismo provincial.<\/p>\n<p>Los veh\u00edculos, marca Chevrolet S-10, ser\u00e1n distribuidos en diversas localidades de la provincia y requirieron una inversi\u00f3n cercana a los 12 millones de pesos. La mitad de las camionetas es de tracci\u00f3n 4\u00d72 y el resto es tracci\u00f3n 4\u00d74.<\/p>\n<p>\u201cEs una inversi\u00f3n importante, que fortalecer\u00e1 el servicio federal, equitativo y territorial que el EPEN realiza en todo el territorio provincial\u201d, afirm\u00f3 Guti\u00e9rrez. Destac\u00f3 que esa \u201ces la manera de acompa\u00f1ar el trabajo de los empleados y operarios de esta gran empresa p\u00fablica que tenemos\u201d.<\/p>\n<p>El gobernador ratific\u00f3 que \u201cNeuqu\u00e9n no privatiza ni privatizar\u00e1 nunca sus empresas p\u00fablicas\u201d y manifest\u00f3 sentirse \u201cagradecido y feliz por poder contar con una empresa como el EPEN, que es ejemplo para la provincia, la Patagonia y el pa\u00eds\u201d.<\/p>\n<p>Explic\u00f3 que en la provincia hay unos 230 mil usuarios conectados al servicio el\u00e9ctrico, de los cuales un 45 por ciento -91.000 usuarios- son cubiertos en forma directa por el EPEN, mientras que el resto son atendidos por diversas cooperativas.<\/p>\n<p>Guti\u00e9rrez destac\u00f3 y agradeci\u00f3 \u201cel rol activo del organismo y su personal cada vez que una contingencia lo requiere\u201d. Record\u00f3 que el EPEN es uno de los organismos del Estado provincial que encabeza el Comit\u00e9 Operativo de Emergencia (COE), que act\u00faa ante una situaci\u00f3n clim\u00e1tica, como el temporal de nieve que provoc\u00f3 un importante corte del suministro el\u00e9ctrico en la zona Centro en julio pasado.<\/p>\n<p>Por \u00faltimo, el gobernador resalt\u00f3 que el EPEN \u201ces una de las empresas que promueve la igualdad de oportunidades, el tr\u00e1nsito de la justicia social, trabajando para dar luz a la poblaci\u00f3n, sobre todo en aquellos lugares alejados del interior provincial\u201d.<\/p>\n<p>\u201cNeuqu\u00e9n necesita que sus empresas p\u00fablicas avancen, porque cada vez que lo hacen tambi\u00e9n avanzan y progresan los pueblos\u201d, expres\u00f3.<\/p>\n<p>Tambi\u00e9n estuvieron presentes en el acto el ministro de Trabajo, Desarrollo Social y Seguridad, Mariano Gaido; el secretario General de la Gobernaci\u00f3n y Servicios P\u00fablicos, Leonel Dacharry; el subsecretario de Defensa Civil y Protecci\u00f3n Ciudadana, Mart\u00edn Giusti; y el presidente del EPEN, Francisco Zamb\u00f3n, entre otros funcionarios.<\/p>\n<\/div><div class=\"fusion-clearfix\"><\/div><\/div><\/div><\/div><\/div>\n","protected":false},"excerpt":{"rendered":"","protected":false},"author":1,"featured_media":0,"comment_status":"open","ping_status":"open","sticky":false,"template":"","format":"standard","meta":{"_exactmetrics_skip_tracking":false,"_exactmetrics_sitenote_active":false,"_exactmetrics_sitenote_note":"","_exactmetrics_sitenote_category":0,"footnotes":""},"categories":[84],"tags":[],"class_list":["post-2552","post","type-post","status-publish","format-standard","hentry","category-noticias"],"yoast_head":"<!-- This site is optimized with the Yoast SEO plugin v27.2 - https:\/\/yoast.com\/product\/yoast-seo-wordpress\/ -->\n<title>EPEN - Entregaron nuevos veh\u00edculos para el EPEN<\/title>\n<meta name=\"description\" content=\"Entregaron nuevos veh\u00edculos para el EPEN\" \/>\n<meta name=\"robots\" content=\"index, follow, max-snippet:-1, max-image-preview:large, max-video-preview:-1\" \/>\n<link rel=\"canonical\" href=\"https:\/\/www.epen.gov.ar\/index.php\/2018\/09\/05\/entregaron-nuevos-vehiculos-para-el-epen\/\" \/>\n<meta property=\"og:locale\" content=\"es_ES\" \/>\n<meta property=\"og:type\" content=\"article\" \/>\n<meta property=\"og:title\" content=\"EPEN - Entregaron nuevos veh\u00edculos para el EPEN\" \/>\n<meta property=\"og:description\" content=\"Entregaron nuevos veh\u00edculos para el EPEN\" \/>\n<meta property=\"og:url\" content=\"https:\/\/www.epen.gov.ar\/index.php\/2018\/09\/05\/entregaron-nuevos-vehiculos-para-el-epen\/\" \/>\n<meta property=\"og:site_name\" content=\"EPEN\" \/>\n<meta property=\"article:publisher\" content=\"https:\/\/www.facebook.com\/EPEN.Neuquen\" \/>\n<meta property=\"article:published_time\" content=\"2018-09-05T20:02:09+00:00\" \/>\n<meta property=\"article:modified_time\" content=\"2018-09-07T14:07:50+00:00\" \/>\n<meta property=\"og:image\" content=\"https:\/\/www.epen.gov.ar\/wp-content\/uploads\/2024\/02\/Logo-EPEN.jpg\" \/>\n\t<meta property=\"og:image:width\" content=\"1200\" \/>\n\t<meta property=\"og:image:height\" content=\"675\" \/>\n\t<meta property=\"og:image:type\" content=\"image\/jpeg\" \/>\n<meta name=\"author\" content=\"Prensa EPEN\" \/>\n<meta name=\"twitter:card\" content=\"summary_large_image\" \/>\n<meta name=\"twitter:creator\" content=\"@EPEN_Informa\" \/>\n<meta name=\"twitter:site\" content=\"@EPEN_Informa\" \/>\n<meta name=\"twitter:label1\" content=\"Escrito por\" \/>\n\t<meta name=\"twitter:data1\" content=\"Prensa EPEN\" \/>\n\t<meta name=\"twitter:label2\" content=\"Tiempo de lectura\" \/>\n\t<meta name=\"twitter:data2\" content=\"3 minutos\" \/>\n<script type=\"application\/ld+json\" class=\"yoast-schema-graph\">{\"@context\":\"https:\/\/schema.org\",\"@graph\":[{\"@type\":\"Article\",\"@id\":\"https:\/\/www.epen.gov.ar\/index.php\/2018\/09\/05\/entregaron-nuevos-vehiculos-para-el-epen\/#article\",\"isPartOf\":{\"@id\":\"https:\/\/www.epen.gov.ar\/index.php\/2018\/09\/05\/entregaron-nuevos-vehiculos-para-el-epen\/\"},\"author\":{\"name\":\"Prensa EPEN\",\"@id\":\"https:\/\/www.epen.gov.ar\/#\/schema\/person\/ce6cff87c2fc01264becc10fa105ad4f\"},\"headline\":\"Entregaron nuevos veh\u00edculos para el EPEN\",\"datePublished\":\"2018-09-05T20:02:09+00:00\",\"dateModified\":\"2018-09-07T14:07:50+00:00\",\"mainEntityOfPage\":{\"@id\":\"https:\/\/www.epen.gov.ar\/index.php\/2018\/09\/05\/entregaron-nuevos-vehiculos-para-el-epen\/\"},\"wordCount\":596,\"commentCount\":0,\"publisher\":{\"@id\":\"https:\/\/www.epen.gov.ar\/#organization\"},\"articleSection\":[\"Noticias\"],\"inLanguage\":\"es\",\"potentialAction\":[{\"@type\":\"CommentAction\",\"name\":\"Comment\",\"target\":[\"https:\/\/www.epen.gov.ar\/index.php\/2018\/09\/05\/entregaron-nuevos-vehiculos-para-el-epen\/#respond\"]}]},{\"@type\":\"WebPage\",\"@id\":\"https:\/\/www.epen.gov.ar\/index.php\/2018\/09\/05\/entregaron-nuevos-vehiculos-para-el-epen\/\",\"url\":\"https:\/\/www.epen.gov.ar\/index.php\/2018\/09\/05\/entregaron-nuevos-vehiculos-para-el-epen\/\",\"name\":\"EPEN - Entregaron nuevos veh\u00edculos para el EPEN\",\"isPartOf\":{\"@id\":\"https:\/\/www.epen.gov.ar\/#website\"},\"datePublished\":\"2018-09-05T20:02:09+00:00\",\"dateModified\":\"2018-09-07T14:07:50+00:00\",\"description\":\"Entregaron nuevos veh\u00edculos para el EPEN\",\"breadcrumb\":{\"@id\":\"https:\/\/www.epen.gov.ar\/index.php\/2018\/09\/05\/entregaron-nuevos-vehiculos-para-el-epen\/#breadcrumb\"},\"inLanguage\":\"es\",\"potentialAction\":[{\"@type\":\"ReadAction\",\"target\":[\"https:\/\/www.epen.gov.ar\/index.php\/2018\/09\/05\/entregaron-nuevos-vehiculos-para-el-epen\/\"]}]},{\"@type\":\"BreadcrumbList\",\"@id\":\"https:\/\/www.epen.gov.ar\/index.php\/2018\/09\/05\/entregaron-nuevos-vehiculos-para-el-epen\/#breadcrumb\",\"itemListElement\":[{\"@type\":\"ListItem\",\"position\":1,\"name\":\"Inicio\",\"item\":\"https:\/\/www.epen.gov.ar\/\"},{\"@type\":\"ListItem\",\"position\":2,\"name\":\"Entregaron nuevos veh\u00edculos para el EPEN\"}]},{\"@type\":\"WebSite\",\"@id\":\"https:\/\/www.epen.gov.ar\/#website\",\"url\":\"https:\/\/www.epen.gov.ar\/\",\"name\":\"EPEN\",\"description\":\"Ente Provincial de Energ\u00eda del Neuqu\u00e9n\",\"publisher\":{\"@id\":\"https:\/\/www.epen.gov.ar\/#organization\"},\"potentialAction\":[{\"@type\":\"SearchAction\",\"target\":{\"@type\":\"EntryPoint\",\"urlTemplate\":\"https:\/\/www.epen.gov.ar\/?s={search_term_string}\"},\"query-input\":{\"@type\":\"PropertyValueSpecification\",\"valueRequired\":true,\"valueName\":\"search_term_string\"}}],\"inLanguage\":\"es\"},{\"@type\":\"Organization\",\"@id\":\"https:\/\/www.epen.gov.ar\/#organization\",\"name\":\"Ente Provincial de Energ\u00eda del Neuqu\u00e9n\",\"url\":\"https:\/\/www.epen.gov.ar\/\",\"logo\":{\"@type\":\"ImageObject\",\"inLanguage\":\"es\",\"@id\":\"https:\/\/www.epen.gov.ar\/#\/schema\/logo\/image\/\",\"url\":\"https:\/\/www.epen.gov.ar\/wp-content\/uploads\/2024\/02\/Logo-EPEN-2.jpg\",\"contentUrl\":\"https:\/\/www.epen.gov.ar\/wp-content\/uploads\/2024\/02\/Logo-EPEN-2.jpg\",\"width\":696,\"height\":696,\"caption\":\"Ente Provincial de Energ\u00eda del Neuqu\u00e9n\"},\"image\":{\"@id\":\"https:\/\/www.epen.gov.ar\/#\/schema\/logo\/image\/\"},\"sameAs\":[\"https:\/\/www.facebook.com\/EPEN.Neuquen\",\"https:\/\/x.com\/EPEN_Informa\",\"https:\/\/www.youtube.com\/@epenprensa7384\"]},{\"@type\":\"Person\",\"@id\":\"https:\/\/www.epen.gov.ar\/#\/schema\/person\/ce6cff87c2fc01264becc10fa105ad4f\",\"name\":\"Prensa EPEN\",\"image\":{\"@type\":\"ImageObject\",\"inLanguage\":\"es\",\"@id\":\"https:\/\/secure.gravatar.com\/avatar\/f8120b8688012ccf2d7fbcf7a970cfbabf0ab63b09c2dbd72c194bee080070e9?s=96&d=mm&r=g\",\"url\":\"https:\/\/secure.gravatar.com\/avatar\/f8120b8688012ccf2d7fbcf7a970cfbabf0ab63b09c2dbd72c194bee080070e9?s=96&d=mm&r=g\",\"contentUrl\":\"https:\/\/secure.gravatar.com\/avatar\/f8120b8688012ccf2d7fbcf7a970cfbabf0ab63b09c2dbd72c194bee080070e9?s=96&d=mm&r=g\",\"caption\":\"Prensa EPEN\"},\"url\":\"https:\/\/www.epen.gov.ar\/index.php\/author\/admin\/\"}]}<\/script>\n<!-- \/ Yoast SEO plugin. -->","yoast_head_json":{"title":"EPEN - Entregaron nuevos veh\u00edculos para el EPEN","description":"Entregaron nuevos veh\u00edculos para el EPEN","robots":{"index":"index","follow":"follow","max-snippet":"max-snippet:-1","max-image-preview":"max-image-preview:large","max-video-preview":"max-video-preview:-1"},"canonical":"https:\/\/www.epen.gov.ar\/index.php\/2018\/09\/05\/entregaron-nuevos-vehiculos-para-el-epen\/","og_locale":"es_ES","og_type":"article","og_title":"EPEN - Entregaron nuevos veh\u00edculos para el EPEN","og_description":"Entregaron nuevos veh\u00edculos para el EPEN","og_url":"https:\/\/www.epen.gov.ar\/index.php\/2018\/09\/05\/entregaron-nuevos-vehiculos-para-el-epen\/","og_site_name":"EPEN","article_publisher":"https:\/\/www.facebook.com\/EPEN.Neuquen","article_published_time":"2018-09-05T20:02:09+00:00","article_modified_time":"2018-09-07T14:07:50+00:00","og_image":[{"width":1200,"height":675,"url":"https:\/\/www.epen.gov.ar\/wp-content\/uploads\/2024\/02\/Logo-EPEN.jpg","type":"image\/jpeg"}],"author":"Prensa EPEN","twitter_card":"summary_large_image","twitter_creator":"@EPEN_Informa","twitter_site":"@EPEN_Informa","twitter_misc":{"Escrito por":"Prensa EPEN","Tiempo de lectura":"3 minutos"},"schema":{"@context":"https:\/\/schema.org","@graph":[{"@type":"Article","@id":"https:\/\/www.epen.gov.ar\/index.php\/2018\/09\/05\/entregaron-nuevos-vehiculos-para-el-epen\/#article","isPartOf":{"@id":"https:\/\/www.epen.gov.ar\/index.php\/2018\/09\/05\/entregaron-nuevos-vehiculos-para-el-epen\/"},"author":{"name":"Prensa EPEN","@id":"https:\/\/www.epen.gov.ar\/#\/schema\/person\/ce6cff87c2fc01264becc10fa105ad4f"},"headline":"Entregaron nuevos veh\u00edculos para el EPEN","datePublished":"2018-09-05T20:02:09+00:00","dateModified":"2018-09-07T14:07:50+00:00","mainEntityOfPage":{"@id":"https:\/\/www.epen.gov.ar\/index.php\/2018\/09\/05\/entregaron-nuevos-vehiculos-para-el-epen\/"},"wordCount":596,"commentCount":0,"publisher":{"@id":"https:\/\/www.epen.gov.ar\/#organization"},"articleSection":["Noticias"],"inLanguage":"es","potentialAction":[{"@type":"CommentAction","name":"Comment","target":["https:\/\/www.epen.gov.ar\/index.php\/2018\/09\/05\/entregaron-nuevos-vehiculos-para-el-epen\/#respond"]}]},{"@type":"WebPage","@id":"https:\/\/www.epen.gov.ar\/index.php\/2018\/09\/05\/entregaron-nuevos-vehiculos-para-el-epen\/","url":"https:\/\/www.epen.gov.ar\/index.php\/2018\/09\/05\/entregaron-nuevos-vehiculos-para-el-epen\/","name":"EPEN - Entregaron nuevos veh\u00edculos para el EPEN","isPartOf":{"@id":"https:\/\/www.epen.gov.ar\/#website"},"datePublished":"2018-09-05T20:02:09+00:00","dateModified":"2018-09-07T14:07:50+00:00","description":"Entregaron nuevos veh\u00edculos para el EPEN","breadcrumb":{"@id":"https:\/\/www.epen.gov.ar\/index.php\/2018\/09\/05\/entregaron-nuevos-vehiculos-para-el-epen\/#breadcrumb"},"inLanguage":"es","potentialAction":[{"@type":"ReadAction","target":["https:\/\/www.epen.gov.ar\/index.php\/2018\/09\/05\/entregaron-nuevos-vehiculos-para-el-epen\/"]}]},{"@type":"BreadcrumbList","@id":"https:\/\/www.epen.gov.ar\/index.php\/2018\/09\/05\/entregaron-nuevos-vehiculos-para-el-epen\/#breadcrumb","itemListElement":[{"@type":"ListItem","position":1,"name":"Inicio","item":"https:\/\/www.epen.gov.ar\/"},{"@type":"ListItem","position":2,"name":"Entregaron nuevos veh\u00edculos para el EPEN"}]},{"@type":"WebSite","@id":"https:\/\/www.epen.gov.ar\/#website","url":"https:\/\/www.epen.gov.ar\/","name":"EPEN","description":"Ente Provincial de Energ\u00eda del Neuqu\u00e9n","publisher":{"@id":"https:\/\/www.epen.gov.ar\/#organization"},"potentialAction":[{"@type":"SearchAction","target":{"@type":"EntryPoint","urlTemplate":"https:\/\/www.epen.gov.ar\/?s={search_term_string}"},"query-input":{"@type":"PropertyValueSpecification","valueRequired":true,"valueName":"search_term_string"}}],"inLanguage":"es"},{"@type":"Organization","@id":"https:\/\/www.epen.gov.ar\/#organization","name":"Ente Provincial de Energ\u00eda del Neuqu\u00e9n","url":"https:\/\/www.epen.gov.ar\/","logo":{"@type":"ImageObject","inLanguage":"es","@id":"https:\/\/www.epen.gov.ar\/#\/schema\/logo\/image\/","url":"https:\/\/www.epen.gov.ar\/wp-content\/uploads\/2024\/02\/Logo-EPEN-2.jpg","contentUrl":"https:\/\/www.epen.gov.ar\/wp-content\/uploads\/2024\/02\/Logo-EPEN-2.jpg","width":696,"height":696,"caption":"Ente Provincial de Energ\u00eda del Neuqu\u00e9n"},"image":{"@id":"https:\/\/www.epen.gov.ar\/#\/schema\/logo\/image\/"},"sameAs":["https:\/\/www.facebook.com\/EPEN.Neuquen","https:\/\/x.com\/EPEN_Informa","https:\/\/www.youtube.com\/@epenprensa7384"]},{"@type":"Person","@id":"https:\/\/www.epen.gov.ar\/#\/schema\/person\/ce6cff87c2fc01264becc10fa105ad4f","name":"Prensa EPEN","image":{"@type":"ImageObject","inLanguage":"es","@id":"https:\/\/secure.gravatar.com\/avatar\/f8120b8688012ccf2d7fbcf7a970cfbabf0ab63b09c2dbd72c194bee080070e9?s=96&d=mm&r=g","url":"https:\/\/secure.gravatar.com\/avatar\/f8120b8688012ccf2d7fbcf7a970cfbabf0ab63b09c2dbd72c194bee080070e9?s=96&d=mm&r=g","contentUrl":"https:\/\/secure.gravatar.com\/avatar\/f8120b8688012ccf2d7fbcf7a970cfbabf0ab63b09c2dbd72c194bee080070e9?s=96&d=mm&r=g","caption":"Prensa EPEN"},"url":"https:\/\/www.epen.gov.ar\/index.php\/author\/admin\/"}]}},"_links":{"self":[{"href":"https:\/\/www.epen.gov.ar\/index.php\/wp-json\/wp\/v2\/posts\/2552","targetHints":{"allow":["GET"]}}],"collection":[{"href":"https:\/\/www.epen.gov.ar\/index.php\/wp-json\/wp\/v2\/posts"}],"about":[{"href":"https:\/\/www.epen.gov.ar\/index.php\/wp-json\/wp\/v2\/types\/post"}],"author":[{"embeddable":true,"href":"https:\/\/www.epen.gov.ar\/index.php\/wp-json\/wp\/v2\/users\/1"}],"replies":[{"embeddable":true,"href":"https:\/\/www.epen.gov.ar\/index.php\/wp-json\/wp\/v2\/comments?post=2552"}],"version-history":[{"count":2,"href":"https:\/\/www.epen.gov.ar\/index.php\/wp-json\/wp\/v2\/posts\/2552\/revisions"}],"predecessor-version":[{"id":2555,"href":"https:\/\/www.epen.gov.ar\/index.php\/wp-json\/wp\/v2\/posts\/2552\/revisions\/2555"}],"wp:attachment":[{"href":"https:\/\/www.epen.gov.ar\/index.php\/wp-json\/wp\/v2\/media?parent=2552"}],"wp:term":[{"taxonomy":"category","embeddable":true,"href":"https:\/\/www.epen.gov.ar\/index.php\/wp-json\/wp\/v2\/categories?post=2552"},{"taxonomy":"post_tag","embeddable":true,"href":"https:\/\/www.epen.gov.ar\/index.php\/wp-json\/wp\/v2\/tags?post=2552"}],"curies":[{"name":"wp","href":"https:\/\/api.w.org\/{rel}","templated":true}]}}