{"id":2369,"date":"2018-08-15T23:33:36","date_gmt":"2018-08-15T23:33:36","guid":{"rendered":"http:\/\/10.1.48.49\/?p=2369"},"modified":"2018-08-15T23:33:36","modified_gmt":"2018-08-15T23:33:36","slug":"se-colocara-un-transformador-de-potencia-reparado-en-la-estacion-transformadora-alto-valle","status":"publish","type":"post","link":"https:\/\/www.epen.gov.ar\/index.php\/2018\/08\/15\/se-colocara-un-transformador-de-potencia-reparado-en-la-estacion-transformadora-alto-valle\/","title":{"rendered":"Se colocar\u00e1 un transformador de potencia reparado en la Estaci\u00f3n Transformadora Alto Valle"},"content":{"rendered":"<h1>Se colocar\u00e1 un transformador de potencia reparado en la Estaci\u00f3n Transformadora Alto Valle<\/h1>\n<p><strong><em>El mismo hab\u00eda sido trasladado a Mendoza en febrero por una falla t\u00e9cnica. Desde aquel entonces hasta la fecha, fue reemplazado por otro que ser\u00e1 trasladado pr\u00f3ximamente.<\/em><\/strong><\/p>\n<p>El Ente Provincial de Energ\u00eda del Neuqu\u00e9n (EPEN) en la Estaci\u00f3n Transformadora Alto Valle inform\u00f3 que durante esta semana se proceder\u00e1 a tareas de montaje y colocaci\u00f3n de un transformador de potencia que hab\u00eda sido reemplazado y trasladado a Mendoza tras una falla t\u00e9cnica ocurrida en febrero. El que lo reemplaz\u00f3 durante este periodo, ser\u00e1 trasladado.<\/p>\n<p>El transformador reparado lleg\u00f3 desde Mendoza, donde se le realiz\u00f3 una revisi\u00f3n integral y fue adecuado especialmente para mejorar su rendimiento.<\/p>\n<p>El transformador reparado lleg\u00f3 desde Mendoza, donde se le realiz\u00f3 una revisi\u00f3n integral y fue adecuado especialmente para mejorar su rendimiento. El mismo tiene tres a\u00f1os de antig\u00fcedad y hab\u00eda ingresado a la Estaci\u00f3n Alto Valle junto a un segundo transformador. Estas tareas se realizaron en el marco de las inversiones en equipamiento que el EPEN llev\u00f3 a cabo en los \u00faltimos a\u00f1os.<\/p>\n<p>Seg\u00fan inform\u00f3 el Gerente de Transporte del organismo, Mario Bobbera, tambi\u00e9n se solicit\u00f3 al fabricante similar adecuaci\u00f3n al segundo transformador in situ, trabajo que ya ha sido ejecutado.<\/p>\n<p>Las tareas finales de montaje, conexionado y puesta en servicio no generar\u00e1n cortes de suministro y fueron coordinadas con los distintos actores que brindan energ\u00eda desde la Estaci\u00f3n.<\/p>\n","protected":false},"excerpt":{"rendered":"<p>Se colocar\u00e1 un transformador de potencia reparado en la Estaci\u00f3n  [&#8230;]<\/p>\n","protected":false},"author":1,"featured_media":0,"comment_status":"open","ping_status":"open","sticky":false,"template":"","format":"standard","meta":{"_exactmetrics_skip_tracking":false,"_exactmetrics_sitenote_active":false,"_exactmetrics_sitenote_note":"","_exactmetrics_sitenote_category":0,"footnotes":""},"categories":[84],"tags":[],"class_list":["post-2369","post","type-post","status-publish","format-standard","hentry","category-noticias"],"yoast_head":"<!-- This site is optimized with the Yoast SEO plugin v27.2 - https:\/\/yoast.com\/product\/yoast-seo-wordpress\/ -->\n<title>EPEN - Se colocar\u00e1 un transformador de potencia reparado en la Estaci\u00f3n Transformadora Alto Valle<\/title>\n<meta name=\"description\" content=\"Se colocar\u00e1 un transformador de potencia reparado en la Estaci\u00f3n Transformadora Alto Valle\" \/>\n<meta name=\"robots\" content=\"index, follow, max-snippet:-1, max-image-preview:large, max-video-preview:-1\" \/>\n<link rel=\"canonical\" href=\"https:\/\/www.epen.gov.ar\/index.php\/2018\/08\/15\/se-colocara-un-transformador-de-potencia-reparado-en-la-estacion-transformadora-alto-valle\/\" \/>\n<meta property=\"og:locale\" content=\"es_ES\" \/>\n<meta property=\"og:type\" content=\"article\" \/>\n<meta property=\"og:title\" content=\"EPEN - Se colocar\u00e1 un transformador de potencia reparado en la Estaci\u00f3n Transformadora Alto Valle\" \/>\n<meta property=\"og:description\" content=\"Se colocar\u00e1 un transformador de potencia reparado en la Estaci\u00f3n Transformadora Alto Valle\" \/>\n<meta property=\"og:url\" content=\"https:\/\/www.epen.gov.ar\/index.php\/2018\/08\/15\/se-colocara-un-transformador-de-potencia-reparado-en-la-estacion-transformadora-alto-valle\/\" \/>\n<meta property=\"og:site_name\" content=\"EPEN\" \/>\n<meta property=\"article:publisher\" content=\"https:\/\/www.facebook.com\/EPEN.Neuquen\" \/>\n<meta property=\"article:published_time\" content=\"2018-08-15T23:33:36+00:00\" \/>\n<meta property=\"og:image\" content=\"https:\/\/www.epen.gov.ar\/wp-content\/uploads\/2024\/02\/Logo-EPEN.jpg\" \/>\n\t<meta property=\"og:image:width\" content=\"1200\" \/>\n\t<meta property=\"og:image:height\" content=\"675\" \/>\n\t<meta property=\"og:image:type\" content=\"image\/jpeg\" \/>\n<meta name=\"author\" content=\"Prensa EPEN\" \/>\n<meta name=\"twitter:card\" content=\"summary_large_image\" \/>\n<meta name=\"twitter:creator\" content=\"@EPEN_Informa\" \/>\n<meta name=\"twitter:site\" content=\"@EPEN_Informa\" \/>\n<meta name=\"twitter:label1\" content=\"Escrito por\" \/>\n\t<meta name=\"twitter:data1\" content=\"Prensa EPEN\" \/>\n\t<meta name=\"twitter:label2\" content=\"Tiempo de lectura\" \/>\n\t<meta name=\"twitter:data2\" content=\"1 minuto\" \/>\n<script type=\"application\/ld+json\" class=\"yoast-schema-graph\">{\"@context\":\"https:\/\/schema.org\",\"@graph\":[{\"@type\":\"Article\",\"@id\":\"https:\/\/www.epen.gov.ar\/index.php\/2018\/08\/15\/se-colocara-un-transformador-de-potencia-reparado-en-la-estacion-transformadora-alto-valle\/#article\",\"isPartOf\":{\"@id\":\"https:\/\/www.epen.gov.ar\/index.php\/2018\/08\/15\/se-colocara-un-transformador-de-potencia-reparado-en-la-estacion-transformadora-alto-valle\/\"},\"author\":{\"name\":\"Prensa EPEN\",\"@id\":\"https:\/\/www.epen.gov.ar\/#\/schema\/person\/ce6cff87c2fc01264becc10fa105ad4f\"},\"headline\":\"Se colocar\u00e1 un transformador de potencia reparado en la Estaci\u00f3n Transformadora Alto Valle\",\"datePublished\":\"2018-08-15T23:33:36+00:00\",\"mainEntityOfPage\":{\"@id\":\"https:\/\/www.epen.gov.ar\/index.php\/2018\/08\/15\/se-colocara-un-transformador-de-potencia-reparado-en-la-estacion-transformadora-alto-valle\/\"},\"wordCount\":273,\"commentCount\":0,\"publisher\":{\"@id\":\"https:\/\/www.epen.gov.ar\/#organization\"},\"articleSection\":[\"Noticias\"],\"inLanguage\":\"es\",\"potentialAction\":[{\"@type\":\"CommentAction\",\"name\":\"Comment\",\"target\":[\"https:\/\/www.epen.gov.ar\/index.php\/2018\/08\/15\/se-colocara-un-transformador-de-potencia-reparado-en-la-estacion-transformadora-alto-valle\/#respond\"]}]},{\"@type\":\"WebPage\",\"@id\":\"https:\/\/www.epen.gov.ar\/index.php\/2018\/08\/15\/se-colocara-un-transformador-de-potencia-reparado-en-la-estacion-transformadora-alto-valle\/\",\"url\":\"https:\/\/www.epen.gov.ar\/index.php\/2018\/08\/15\/se-colocara-un-transformador-de-potencia-reparado-en-la-estacion-transformadora-alto-valle\/\",\"name\":\"EPEN - Se colocar\u00e1 un transformador de potencia reparado en la Estaci\u00f3n Transformadora Alto Valle\",\"isPartOf\":{\"@id\":\"https:\/\/www.epen.gov.ar\/#website\"},\"datePublished\":\"2018-08-15T23:33:36+00:00\",\"description\":\"Se colocar\u00e1 un transformador de potencia reparado en la Estaci\u00f3n Transformadora Alto Valle\",\"breadcrumb\":{\"@id\":\"https:\/\/www.epen.gov.ar\/index.php\/2018\/08\/15\/se-colocara-un-transformador-de-potencia-reparado-en-la-estacion-transformadora-alto-valle\/#breadcrumb\"},\"inLanguage\":\"es\",\"potentialAction\":[{\"@type\":\"ReadAction\",\"target\":[\"https:\/\/www.epen.gov.ar\/index.php\/2018\/08\/15\/se-colocara-un-transformador-de-potencia-reparado-en-la-estacion-transformadora-alto-valle\/\"]}]},{\"@type\":\"BreadcrumbList\",\"@id\":\"https:\/\/www.epen.gov.ar\/index.php\/2018\/08\/15\/se-colocara-un-transformador-de-potencia-reparado-en-la-estacion-transformadora-alto-valle\/#breadcrumb\",\"itemListElement\":[{\"@type\":\"ListItem\",\"position\":1,\"name\":\"Inicio\",\"item\":\"https:\/\/www.epen.gov.ar\/\"},{\"@type\":\"ListItem\",\"position\":2,\"name\":\"Se colocar\u00e1 un transformador de potencia reparado en la Estaci\u00f3n Transformadora Alto Valle\"}]},{\"@type\":\"WebSite\",\"@id\":\"https:\/\/www.epen.gov.ar\/#website\",\"url\":\"https:\/\/www.epen.gov.ar\/\",\"name\":\"EPEN\",\"description\":\"Ente Provincial de Energ\u00eda del Neuqu\u00e9n\",\"publisher\":{\"@id\":\"https:\/\/www.epen.gov.ar\/#organization\"},\"potentialAction\":[{\"@type\":\"SearchAction\",\"target\":{\"@type\":\"EntryPoint\",\"urlTemplate\":\"https:\/\/www.epen.gov.ar\/?s={search_term_string}\"},\"query-input\":{\"@type\":\"PropertyValueSpecification\",\"valueRequired\":true,\"valueName\":\"search_term_string\"}}],\"inLanguage\":\"es\"},{\"@type\":\"Organization\",\"@id\":\"https:\/\/www.epen.gov.ar\/#organization\",\"name\":\"Ente Provincial de Energ\u00eda del Neuqu\u00e9n\",\"url\":\"https:\/\/www.epen.gov.ar\/\",\"logo\":{\"@type\":\"ImageObject\",\"inLanguage\":\"es\",\"@id\":\"https:\/\/www.epen.gov.ar\/#\/schema\/logo\/image\/\",\"url\":\"https:\/\/www.epen.gov.ar\/wp-content\/uploads\/2024\/02\/Logo-EPEN-2.jpg\",\"contentUrl\":\"https:\/\/www.epen.gov.ar\/wp-content\/uploads\/2024\/02\/Logo-EPEN-2.jpg\",\"width\":696,\"height\":696,\"caption\":\"Ente Provincial de Energ\u00eda del Neuqu\u00e9n\"},\"image\":{\"@id\":\"https:\/\/www.epen.gov.ar\/#\/schema\/logo\/image\/\"},\"sameAs\":[\"https:\/\/www.facebook.com\/EPEN.Neuquen\",\"https:\/\/x.com\/EPEN_Informa\",\"https:\/\/www.youtube.com\/@epenprensa7384\"]},{\"@type\":\"Person\",\"@id\":\"https:\/\/www.epen.gov.ar\/#\/schema\/person\/ce6cff87c2fc01264becc10fa105ad4f\",\"name\":\"Prensa EPEN\",\"image\":{\"@type\":\"ImageObject\",\"inLanguage\":\"es\",\"@id\":\"https:\/\/secure.gravatar.com\/avatar\/f8120b8688012ccf2d7fbcf7a970cfbabf0ab63b09c2dbd72c194bee080070e9?s=96&d=mm&r=g\",\"url\":\"https:\/\/secure.gravatar.com\/avatar\/f8120b8688012ccf2d7fbcf7a970cfbabf0ab63b09c2dbd72c194bee080070e9?s=96&d=mm&r=g\",\"contentUrl\":\"https:\/\/secure.gravatar.com\/avatar\/f8120b8688012ccf2d7fbcf7a970cfbabf0ab63b09c2dbd72c194bee080070e9?s=96&d=mm&r=g\",\"caption\":\"Prensa EPEN\"},\"url\":\"https:\/\/www.epen.gov.ar\/index.php\/author\/admin\/\"}]}<\/script>\n<!-- \/ Yoast SEO plugin. -->","yoast_head_json":{"title":"EPEN - Se colocar\u00e1 un transformador de potencia reparado en la Estaci\u00f3n Transformadora Alto Valle","description":"Se colocar\u00e1 un transformador de potencia reparado en la Estaci\u00f3n Transformadora Alto Valle","robots":{"index":"index","follow":"follow","max-snippet":"max-snippet:-1","max-image-preview":"max-image-preview:large","max-video-preview":"max-video-preview:-1"},"canonical":"https:\/\/www.epen.gov.ar\/index.php\/2018\/08\/15\/se-colocara-un-transformador-de-potencia-reparado-en-la-estacion-transformadora-alto-valle\/","og_locale":"es_ES","og_type":"article","og_title":"EPEN - Se colocar\u00e1 un transformador de potencia reparado en la Estaci\u00f3n Transformadora Alto Valle","og_description":"Se colocar\u00e1 un transformador de potencia reparado en la Estaci\u00f3n Transformadora Alto Valle","og_url":"https:\/\/www.epen.gov.ar\/index.php\/2018\/08\/15\/se-colocara-un-transformador-de-potencia-reparado-en-la-estacion-transformadora-alto-valle\/","og_site_name":"EPEN","article_publisher":"https:\/\/www.facebook.com\/EPEN.Neuquen","article_published_time":"2018-08-15T23:33:36+00:00","og_image":[{"width":1200,"height":675,"url":"https:\/\/www.epen.gov.ar\/wp-content\/uploads\/2024\/02\/Logo-EPEN.jpg","type":"image\/jpeg"}],"author":"Prensa EPEN","twitter_card":"summary_large_image","twitter_creator":"@EPEN_Informa","twitter_site":"@EPEN_Informa","twitter_misc":{"Escrito por":"Prensa EPEN","Tiempo de lectura":"1 minuto"},"schema":{"@context":"https:\/\/schema.org","@graph":[{"@type":"Article","@id":"https:\/\/www.epen.gov.ar\/index.php\/2018\/08\/15\/se-colocara-un-transformador-de-potencia-reparado-en-la-estacion-transformadora-alto-valle\/#article","isPartOf":{"@id":"https:\/\/www.epen.gov.ar\/index.php\/2018\/08\/15\/se-colocara-un-transformador-de-potencia-reparado-en-la-estacion-transformadora-alto-valle\/"},"author":{"name":"Prensa EPEN","@id":"https:\/\/www.epen.gov.ar\/#\/schema\/person\/ce6cff87c2fc01264becc10fa105ad4f"},"headline":"Se colocar\u00e1 un transformador de potencia reparado en la Estaci\u00f3n Transformadora Alto Valle","datePublished":"2018-08-15T23:33:36+00:00","mainEntityOfPage":{"@id":"https:\/\/www.epen.gov.ar\/index.php\/2018\/08\/15\/se-colocara-un-transformador-de-potencia-reparado-en-la-estacion-transformadora-alto-valle\/"},"wordCount":273,"commentCount":0,"publisher":{"@id":"https:\/\/www.epen.gov.ar\/#organization"},"articleSection":["Noticias"],"inLanguage":"es","potentialAction":[{"@type":"CommentAction","name":"Comment","target":["https:\/\/www.epen.gov.ar\/index.php\/2018\/08\/15\/se-colocara-un-transformador-de-potencia-reparado-en-la-estacion-transformadora-alto-valle\/#respond"]}]},{"@type":"WebPage","@id":"https:\/\/www.epen.gov.ar\/index.php\/2018\/08\/15\/se-colocara-un-transformador-de-potencia-reparado-en-la-estacion-transformadora-alto-valle\/","url":"https:\/\/www.epen.gov.ar\/index.php\/2018\/08\/15\/se-colocara-un-transformador-de-potencia-reparado-en-la-estacion-transformadora-alto-valle\/","name":"EPEN - Se colocar\u00e1 un transformador de potencia reparado en la Estaci\u00f3n Transformadora Alto Valle","isPartOf":{"@id":"https:\/\/www.epen.gov.ar\/#website"},"datePublished":"2018-08-15T23:33:36+00:00","description":"Se colocar\u00e1 un transformador de potencia reparado en la Estaci\u00f3n Transformadora Alto Valle","breadcrumb":{"@id":"https:\/\/www.epen.gov.ar\/index.php\/2018\/08\/15\/se-colocara-un-transformador-de-potencia-reparado-en-la-estacion-transformadora-alto-valle\/#breadcrumb"},"inLanguage":"es","potentialAction":[{"@type":"ReadAction","target":["https:\/\/www.epen.gov.ar\/index.php\/2018\/08\/15\/se-colocara-un-transformador-de-potencia-reparado-en-la-estacion-transformadora-alto-valle\/"]}]},{"@type":"BreadcrumbList","@id":"https:\/\/www.epen.gov.ar\/index.php\/2018\/08\/15\/se-colocara-un-transformador-de-potencia-reparado-en-la-estacion-transformadora-alto-valle\/#breadcrumb","itemListElement":[{"@type":"ListItem","position":1,"name":"Inicio","item":"https:\/\/www.epen.gov.ar\/"},{"@type":"ListItem","position":2,"name":"Se colocar\u00e1 un transformador de potencia reparado en la Estaci\u00f3n Transformadora Alto Valle"}]},{"@type":"WebSite","@id":"https:\/\/www.epen.gov.ar\/#website","url":"https:\/\/www.epen.gov.ar\/","name":"EPEN","description":"Ente Provincial de Energ\u00eda del Neuqu\u00e9n","publisher":{"@id":"https:\/\/www.epen.gov.ar\/#organization"},"potentialAction":[{"@type":"SearchAction","target":{"@type":"EntryPoint","urlTemplate":"https:\/\/www.epen.gov.ar\/?s={search_term_string}"},"query-input":{"@type":"PropertyValueSpecification","valueRequired":true,"valueName":"search_term_string"}}],"inLanguage":"es"},{"@type":"Organization","@id":"https:\/\/www.epen.gov.ar\/#organization","name":"Ente Provincial de Energ\u00eda del Neuqu\u00e9n","url":"https:\/\/www.epen.gov.ar\/","logo":{"@type":"ImageObject","inLanguage":"es","@id":"https:\/\/www.epen.gov.ar\/#\/schema\/logo\/image\/","url":"https:\/\/www.epen.gov.ar\/wp-content\/uploads\/2024\/02\/Logo-EPEN-2.jpg","contentUrl":"https:\/\/www.epen.gov.ar\/wp-content\/uploads\/2024\/02\/Logo-EPEN-2.jpg","width":696,"height":696,"caption":"Ente Provincial de Energ\u00eda del Neuqu\u00e9n"},"image":{"@id":"https:\/\/www.epen.gov.ar\/#\/schema\/logo\/image\/"},"sameAs":["https:\/\/www.facebook.com\/EPEN.Neuquen","https:\/\/x.com\/EPEN_Informa","https:\/\/www.youtube.com\/@epenprensa7384"]},{"@type":"Person","@id":"https:\/\/www.epen.gov.ar\/#\/schema\/person\/ce6cff87c2fc01264becc10fa105ad4f","name":"Prensa EPEN","image":{"@type":"ImageObject","inLanguage":"es","@id":"https:\/\/secure.gravatar.com\/avatar\/f8120b8688012ccf2d7fbcf7a970cfbabf0ab63b09c2dbd72c194bee080070e9?s=96&d=mm&r=g","url":"https:\/\/secure.gravatar.com\/avatar\/f8120b8688012ccf2d7fbcf7a970cfbabf0ab63b09c2dbd72c194bee080070e9?s=96&d=mm&r=g","contentUrl":"https:\/\/secure.gravatar.com\/avatar\/f8120b8688012ccf2d7fbcf7a970cfbabf0ab63b09c2dbd72c194bee080070e9?s=96&d=mm&r=g","caption":"Prensa EPEN"},"url":"https:\/\/www.epen.gov.ar\/index.php\/author\/admin\/"}]}},"_links":{"self":[{"href":"https:\/\/www.epen.gov.ar\/index.php\/wp-json\/wp\/v2\/posts\/2369","targetHints":{"allow":["GET"]}}],"collection":[{"href":"https:\/\/www.epen.gov.ar\/index.php\/wp-json\/wp\/v2\/posts"}],"about":[{"href":"https:\/\/www.epen.gov.ar\/index.php\/wp-json\/wp\/v2\/types\/post"}],"author":[{"embeddable":true,"href":"https:\/\/www.epen.gov.ar\/index.php\/wp-json\/wp\/v2\/users\/1"}],"replies":[{"embeddable":true,"href":"https:\/\/www.epen.gov.ar\/index.php\/wp-json\/wp\/v2\/comments?post=2369"}],"version-history":[{"count":1,"href":"https:\/\/www.epen.gov.ar\/index.php\/wp-json\/wp\/v2\/posts\/2369\/revisions"}],"predecessor-version":[{"id":2372,"href":"https:\/\/www.epen.gov.ar\/index.php\/wp-json\/wp\/v2\/posts\/2369\/revisions\/2372"}],"wp:attachment":[{"href":"https:\/\/www.epen.gov.ar\/index.php\/wp-json\/wp\/v2\/media?parent=2369"}],"wp:term":[{"taxonomy":"category","embeddable":true,"href":"https:\/\/www.epen.gov.ar\/index.php\/wp-json\/wp\/v2\/categories?post=2369"},{"taxonomy":"post_tag","embeddable":true,"href":"https:\/\/www.epen.gov.ar\/index.php\/wp-json\/wp\/v2\/tags?post=2369"}],"curies":[{"name":"wp","href":"https:\/\/api.w.org\/{rel}","templated":true}]}}