{"id":23179,"date":"2021-02-06T19:23:21","date_gmt":"2021-02-06T22:23:21","guid":{"rendered":"http:\/\/192.168.200.48\/?p=23179"},"modified":"2021-02-06T19:26:12","modified_gmt":"2021-02-06T22:26:12","slug":"moratoria-del-epen-para-deudas-acumuladas-durante-la-pandemia","status":"publish","type":"post","link":"https:\/\/www.epen.gov.ar\/index.php\/2021\/02\/06\/moratoria-del-epen-para-deudas-acumuladas-durante-la-pandemia\/","title":{"rendered":"Moratoria del EPEN para deudas acumuladas durante la pandemia"},"content":{"rendered":"<div class=\"fusion-fullwidth fullwidth-box fusion-builder-row-1 nonhundred-percent-fullwidth non-hundred-percent-height-scrolling\" style=\"--awb-border-radius-top-left:0px;--awb-border-radius-top-right:0px;--awb-border-radius-bottom-right:0px;--awb-border-radius-bottom-left:0px;--awb-flex-wrap:wrap;\" ><div class=\"fusion-builder-row fusion-row\"><div class=\"fusion-layout-column fusion_builder_column fusion-builder-column-0 fusion_builder_column_2_3 2_3 fusion-two-third fusion-column-first\" style=\"--awb-bg-size:cover;width:66.666666666667%;width:calc(66.666666666667% - ( ( 4% ) * 0.66666666666667 ) );margin-right: 4%;\"><div class=\"fusion-column-wrapper fusion-column-has-shadow fusion-flex-column-wrapper-legacy\"><div class=\"fusion-text fusion-text-1\"><p class=\"bajada\"><em><strong>Ser\u00e1 una herramienta para beneficiar a los clientes residenciales, generales y pymes que tengan deudas acumuladas durante la pandemia del Covid-19.<\/strong><\/em><\/p>\n<p>El Ente Provincial de Energ\u00eda del Neuqu\u00e9n (EPEN), dependiente de la secretar\u00eda General y Servicios P\u00fablicos, inform\u00f3 que a partir de la reciente sanci\u00f3n de la Ley provincial\u00a0 N\u00b0 3272 y su correspondiente decreto reglamentario N\u00b0 175\/2021 publicado este viernes en el Bolet\u00edn oficial, se implement\u00f3 una moratoria o plan de facilidades de pago dirigida a todos los clientes y usuarios encuadrados en peque\u00f1as demandas -ya sea residenciales o generales- y en medianas y grandes demandas -siempre que \u00e9stos \u00faltimos revistan el car\u00e1cter de micro, peque\u00f1a y mediana empresa, en los t\u00e9rminos de la Ley nacional 25.300- los cuales podr\u00e1n acogerse a distintos planes de facilidades de pago especial en cuotas o pago al contado con quitas de hasta el 100 por ciento de inter\u00e9s.<\/p>\n<p>Con dicho r\u00e9gimen de facilidades, se intenta impulsar -por un lado- un mecanismo adicional para regularizar las deudas de los clientes y usuarios del EPEN que se han acumulado tambi\u00e9n durante los \u00faltimos meses debido a la actual coyuntura econ\u00f3mica y, a la vez, permitir al empresariado y emprendedores del territorio neuquino donde el EPEN presta servicio, acceder a distintos mecanismos de regularizaci\u00f3n de deudas, que les permita reactivar y\/o continuar el desarrollo de sus actividades econ\u00f3micas y sociales.<\/p>\n<p>En cuanto a los detalles del plan, quedan alcanzadas por el r\u00e9gimen las deudas contra\u00eddas y devengadas al 31 de octubre de 2020. Quien desee regularizar sus deudas mediante el pago de contado en pesos, y dentro de los 30 d\u00edas computados a partir de la reglamentaci\u00f3n de la ley -5 de febrero- gozar\u00e1n del beneficio de la condonaci\u00f3n del 100 por ciento de los intereses moratorios, en el caso de obligaciones vencidas desde el 1\u00ba de enero de 2018 y el 31 de octubre de 2020.<\/p>\n<p>En el caso de obligaciones anteriores, vencidas hasta el 31 de diciembre de 2017 inclusive, la condonaci\u00f3n es del 50 por ciento de los intereses moratorios establecidos por EPEN en los t\u00e9rminos del art\u00edculo 14 del Reglamento General para el Suministro de Energ\u00eda El\u00e9ctrica.<\/p>\n<p>Ahora bien, si el pago al contado para cancelar la deuda se efect\u00faa a partir de los 30 d\u00edas corridos y dentro de los 60 d\u00edas corridos de la vigencia de la ley, la condonaci\u00f3n ser\u00e1 del 50 por ciento de los intereses moratorios.<\/p>\n<p>Todos los clientes alcanzados tambi\u00e9n podr\u00e1n optar por un plan de hasta seis cuotas mensuales, iguales y consecutivas, donde se calcular\u00e1 y cancelar\u00e1 en concepto de anticipo el 15 por ciento de la deuda consolidada y se efectuar\u00e1 adem\u00e1s una quita sobre el saldo de deuda consolidada del 25% de los intereses por mora m\u00e1s IVA e impuestos, que forman parte de la deuda consolidada.\u00a0 El nuevo saldo bonificado se financiar\u00e1 en hasta seis cuotas iguales, mensuales y consecutivas, con una quita del 100 por ciento de los intereses de financiaci\u00f3n.<\/p>\n<p>En el caso de planes de 7 a 12 cuotas mensuales, tambi\u00e9n se calcular\u00e1 y cancelar\u00e1 en concepto de anticipo el 15 por ciento de la deuda consolidada y el saldo restante se financiar\u00e1 entre 7 y hasta 12 cuotas iguales, mensuales y consecutivas, con una quita del 100 por ciento de los intereses de financiaci\u00f3n.<\/p>\n<p>Los interesados podr\u00e1n acceder a la p\u00e1gina web para cancelar su deuda al contado o bien comunicarse con la oficina de su servicio el\u00e9ctrico m\u00e1s cercano.<\/p>\n<\/div><div class=\"fusion-clearfix\"><\/div><\/div><\/div><div class=\"fusion-layout-column fusion_builder_column fusion-builder-column-1 fusion_builder_column_1_3 1_3 fusion-one-third fusion-column-last\" style=\"--awb-bg-size:cover;width:33.333333333333%;width:calc(33.333333333333% - ( ( 4% ) * 0.33333333333333 ) );\"><div class=\"fusion-column-wrapper fusion-column-has-shadow fusion-flex-column-wrapper-legacy\"><div class=\"fusion-widget-area awb-widget-area-element fusion-widget-area-1 fusion-content-widget-area\" style=\"--awb-title-size:20px;--awb-title-color:#333333;--awb-padding:0px 0px 0px 0px;\"><style type=\"text\/css\" data-id=\"tweets-widget-2\">#tweets-widget-2 li { border-color:#eaeaea;}<\/style><section id=\"tweets-widget-2\" class=\"widget tweets\" style=\"border-style: solid;border-color: #eaeaea;border-color:transparent;border-width:0px;\">\t\t\t\t\n\t\t<div style=\"overflow:hidden\">\n\t\t\t\t\t\t\t\t\t\t\t<a class=\"twitter-timeline\" data-dnt=\"true\" href=\"https:\/\/twitter.com\/@EPEN_Informa\" data-width=\"500\" data-height=\"300\" width=\"500\" height=\"300\" data-theme=\"light\" data-link-color=\"##25a9bd\" data-border-color=\"#eaeaea\" data-chrome=\"\">Tweets por @EPEN_Informa<\/a>\n\t\t\t\t\t\t\t\n\t\t\t\t\t\t\t\t\t\t\t<script async src=\"\/\/platform.twitter.com\/widgets.js\" charset=\"utf-8\"><\/script>\n\t\t\t\t\t\t\t\n\t\t<\/div>\n\t\t<\/section>\n\t\t<section id=\"recent-posts-3\" class=\"widget widget_recent_entries\" style=\"border-style: solid;border-color:transparent;border-width:0px;\">\n\t\t<div class=\"heading\"><h4 class=\"widget-title\">Entradas recientes<\/h4><\/div>\n\t\t<ul>\n\t\t\t\t\t\t\t\t\t\t\t<li>\n\t\t\t\t\t<a href=\"https:\/\/www.epen.gov.ar\/index.php\/2026\/04\/29\/corte-programado-en-sectores-de-centenario-el-30-04-2026\/\">Corte Programado en sectores de Centenario el 30\/04\/2026<\/a>\n\t\t\t\t\t\t\t\t\t\t\t<span class=\"post-date\">29\/04\/2026<\/span>\n\t\t\t\t\t\t\t\t\t<\/li>\n\t\t\t\t\t\t\t\t\t\t\t<li>\n\t\t\t\t\t<a href=\"https:\/\/www.epen.gov.ar\/index.php\/2026\/04\/28\/el-epen-impulsa-el-desarrollo-de-varvarco-con-nueva-infraestructura-para-17-lotes\/\">El EPEN impulsa el desarrollo de Varvarco con nueva infraestructura para 17 lotes<\/a>\n\t\t\t\t\t\t\t\t\t\t\t<span class=\"post-date\">28\/04\/2026<\/span>\n\t\t\t\t\t\t\t\t\t<\/li>\n\t\t\t\t\t\t\t\t\t\t\t<li>\n\t\t\t\t\t<a href=\"https:\/\/www.epen.gov.ar\/index.php\/2026\/04\/28\/corte-programado-en-sectores-de-zona-nahueve-el-30-04-2026\/\">Corte Programado en sectores de zona Nahueve el 30\/04\/2026<\/a>\n\t\t\t\t\t\t\t\t\t\t\t<span class=\"post-date\">28\/04\/2026<\/span>\n\t\t\t\t\t\t\t\t\t<\/li>\n\t\t\t\t\t\t\t\t\t\t\t<li>\n\t\t\t\t\t<a href=\"https:\/\/www.epen.gov.ar\/index.php\/2026\/04\/24\/corte-programado-en-sectores-de-san-martin-de-los-andes-el-25-04-2026\/\">Corte Programado en sectores de San Mart\u00edn de los Andes el 25\/04\/2026<\/a>\n\t\t\t\t\t\t\t\t\t\t\t<span class=\"post-date\">24\/04\/2026<\/span>\n\t\t\t\t\t\t\t\t\t<\/li>\n\t\t\t\t\t\t\t\t\t\t\t<li>\n\t\t\t\t\t<a href=\"https:\/\/www.epen.gov.ar\/index.php\/2026\/04\/24\/corte-programado-en-sectores-de-centenario-el-25-04-2026\/\">Corte Programado en sectores de Centenario el 25\/04\/2026<\/a>\n\t\t\t\t\t\t\t\t\t\t\t<span class=\"post-date\">24\/04\/2026<\/span>\n\t\t\t\t\t\t\t\t\t<\/li>\n\t\t\t\t\t<\/ul>\n\n\t\t<\/section><div class=\"fusion-additional-widget-content\"><\/div><\/div><div class=\"fusion-clearfix\"><\/div><\/div><\/div><\/div><\/div>\n","protected":false},"excerpt":{"rendered":"","protected":false},"author":1,"featured_media":3885,"comment_status":"open","ping_status":"open","sticky":false,"template":"","format":"standard","meta":{"_exactmetrics_skip_tracking":false,"_exactmetrics_sitenote_active":false,"_exactmetrics_sitenote_note":"","_exactmetrics_sitenote_category":0,"footnotes":""},"categories":[84],"tags":[204,202,175,203,200,201],"class_list":["post-23179","post","type-post","status-publish","format-standard","has-post-thumbnail","hentry","category-noticias","tag-deuda","tag-energia","tag-epen","tag-luz","tag-moratoria","tag-plan-de-pagos"],"yoast_head":"<!-- This site is optimized with the Yoast SEO plugin v27.2 - https:\/\/yoast.com\/product\/yoast-seo-wordpress\/ -->\n<title>EPEN - Moratoria del EPEN para deudas acumuladas durante la pandemia<\/title>\n<meta name=\"description\" content=\"Moratoria del EPEN para deudas acumuladas durante la pandemia\" \/>\n<meta name=\"robots\" content=\"index, follow, max-snippet:-1, max-image-preview:large, max-video-preview:-1\" \/>\n<link rel=\"canonical\" href=\"https:\/\/www.epen.gov.ar\/index.php\/2021\/02\/06\/moratoria-del-epen-para-deudas-acumuladas-durante-la-pandemia\/\" \/>\n<meta property=\"og:locale\" content=\"es_ES\" \/>\n<meta property=\"og:type\" content=\"article\" \/>\n<meta property=\"og:title\" content=\"EPEN - Moratoria del EPEN para deudas acumuladas durante la pandemia\" \/>\n<meta property=\"og:description\" content=\"Moratoria del EPEN para deudas acumuladas durante la pandemia\" \/>\n<meta property=\"og:url\" content=\"https:\/\/www.epen.gov.ar\/index.php\/2021\/02\/06\/moratoria-del-epen-para-deudas-acumuladas-durante-la-pandemia\/\" \/>\n<meta property=\"og:site_name\" content=\"EPEN\" \/>\n<meta property=\"article:publisher\" content=\"https:\/\/www.facebook.com\/EPEN.Neuquen\" \/>\n<meta property=\"article:published_time\" content=\"2021-02-06T22:23:21+00:00\" \/>\n<meta property=\"article:modified_time\" content=\"2021-02-06T22:26:12+00:00\" \/>\n<meta property=\"og:image\" content=\"https:\/\/www.epen.gov.ar\/wp-content\/uploads\/2019\/06\/WEB-EPEN__SIP5897-1068x528.jpg\" \/>\n\t<meta property=\"og:image:width\" content=\"1068\" \/>\n\t<meta property=\"og:image:height\" content=\"528\" \/>\n\t<meta property=\"og:image:type\" content=\"image\/jpeg\" \/>\n<meta name=\"author\" content=\"Prensa EPEN\" \/>\n<meta name=\"twitter:card\" content=\"summary_large_image\" \/>\n<meta name=\"twitter:creator\" content=\"@EPEN_Informa\" \/>\n<meta name=\"twitter:site\" content=\"@EPEN_Informa\" \/>\n<meta name=\"twitter:label1\" content=\"Escrito por\" \/>\n\t<meta name=\"twitter:data1\" content=\"Prensa EPEN\" \/>\n\t<meta name=\"twitter:label2\" content=\"Tiempo de lectura\" \/>\n\t<meta name=\"twitter:data2\" content=\"5 minutos\" \/>\n<script type=\"application\/ld+json\" class=\"yoast-schema-graph\">{\"@context\":\"https:\/\/schema.org\",\"@graph\":[{\"@type\":\"Article\",\"@id\":\"https:\/\/www.epen.gov.ar\/index.php\/2021\/02\/06\/moratoria-del-epen-para-deudas-acumuladas-durante-la-pandemia\/#article\",\"isPartOf\":{\"@id\":\"https:\/\/www.epen.gov.ar\/index.php\/2021\/02\/06\/moratoria-del-epen-para-deudas-acumuladas-durante-la-pandemia\/\"},\"author\":{\"name\":\"Prensa EPEN\",\"@id\":\"https:\/\/www.epen.gov.ar\/#\/schema\/person\/ce6cff87c2fc01264becc10fa105ad4f\"},\"headline\":\"Moratoria del EPEN para deudas acumuladas durante la pandemia\",\"datePublished\":\"2021-02-06T22:23:21+00:00\",\"dateModified\":\"2021-02-06T22:26:12+00:00\",\"mainEntityOfPage\":{\"@id\":\"https:\/\/www.epen.gov.ar\/index.php\/2021\/02\/06\/moratoria-del-epen-para-deudas-acumuladas-durante-la-pandemia\/\"},\"wordCount\":1014,\"commentCount\":0,\"publisher\":{\"@id\":\"https:\/\/www.epen.gov.ar\/#organization\"},\"image\":{\"@id\":\"https:\/\/www.epen.gov.ar\/index.php\/2021\/02\/06\/moratoria-del-epen-para-deudas-acumuladas-durante-la-pandemia\/#primaryimage\"},\"thumbnailUrl\":\"https:\/\/www.epen.gov.ar\/wp-content\/uploads\/2019\/06\/WEB-EPEN__SIP5897-1068x528.jpg\",\"keywords\":[\"Deuda\",\"Energ\u00eda\",\"EPEN\",\"Luz\",\"Moratoria\",\"Plan de Pagos\"],\"articleSection\":[\"Noticias\"],\"inLanguage\":\"es\",\"potentialAction\":[{\"@type\":\"CommentAction\",\"name\":\"Comment\",\"target\":[\"https:\/\/www.epen.gov.ar\/index.php\/2021\/02\/06\/moratoria-del-epen-para-deudas-acumuladas-durante-la-pandemia\/#respond\"]}]},{\"@type\":\"WebPage\",\"@id\":\"https:\/\/www.epen.gov.ar\/index.php\/2021\/02\/06\/moratoria-del-epen-para-deudas-acumuladas-durante-la-pandemia\/\",\"url\":\"https:\/\/www.epen.gov.ar\/index.php\/2021\/02\/06\/moratoria-del-epen-para-deudas-acumuladas-durante-la-pandemia\/\",\"name\":\"EPEN - Moratoria del EPEN para deudas acumuladas durante la pandemia\",\"isPartOf\":{\"@id\":\"https:\/\/www.epen.gov.ar\/#website\"},\"primaryImageOfPage\":{\"@id\":\"https:\/\/www.epen.gov.ar\/index.php\/2021\/02\/06\/moratoria-del-epen-para-deudas-acumuladas-durante-la-pandemia\/#primaryimage\"},\"image\":{\"@id\":\"https:\/\/www.epen.gov.ar\/index.php\/2021\/02\/06\/moratoria-del-epen-para-deudas-acumuladas-durante-la-pandemia\/#primaryimage\"},\"thumbnailUrl\":\"https:\/\/www.epen.gov.ar\/wp-content\/uploads\/2019\/06\/WEB-EPEN__SIP5897-1068x528.jpg\",\"datePublished\":\"2021-02-06T22:23:21+00:00\",\"dateModified\":\"2021-02-06T22:26:12+00:00\",\"description\":\"Moratoria del EPEN para deudas acumuladas durante la pandemia\",\"breadcrumb\":{\"@id\":\"https:\/\/www.epen.gov.ar\/index.php\/2021\/02\/06\/moratoria-del-epen-para-deudas-acumuladas-durante-la-pandemia\/#breadcrumb\"},\"inLanguage\":\"es\",\"potentialAction\":[{\"@type\":\"ReadAction\",\"target\":[\"https:\/\/www.epen.gov.ar\/index.php\/2021\/02\/06\/moratoria-del-epen-para-deudas-acumuladas-durante-la-pandemia\/\"]}]},{\"@type\":\"ImageObject\",\"inLanguage\":\"es\",\"@id\":\"https:\/\/www.epen.gov.ar\/index.php\/2021\/02\/06\/moratoria-del-epen-para-deudas-acumuladas-durante-la-pandemia\/#primaryimage\",\"url\":\"https:\/\/www.epen.gov.ar\/wp-content\/uploads\/2019\/06\/WEB-EPEN__SIP5897-1068x528.jpg\",\"contentUrl\":\"https:\/\/www.epen.gov.ar\/wp-content\/uploads\/2019\/06\/WEB-EPEN__SIP5897-1068x528.jpg\",\"width\":1068,\"height\":528},{\"@type\":\"BreadcrumbList\",\"@id\":\"https:\/\/www.epen.gov.ar\/index.php\/2021\/02\/06\/moratoria-del-epen-para-deudas-acumuladas-durante-la-pandemia\/#breadcrumb\",\"itemListElement\":[{\"@type\":\"ListItem\",\"position\":1,\"name\":\"Inicio\",\"item\":\"https:\/\/www.epen.gov.ar\/\"},{\"@type\":\"ListItem\",\"position\":2,\"name\":\"Moratoria del EPEN para deudas acumuladas durante la pandemia\"}]},{\"@type\":\"WebSite\",\"@id\":\"https:\/\/www.epen.gov.ar\/#website\",\"url\":\"https:\/\/www.epen.gov.ar\/\",\"name\":\"EPEN\",\"description\":\"Ente Provincial de Energ\u00eda del Neuqu\u00e9n\",\"publisher\":{\"@id\":\"https:\/\/www.epen.gov.ar\/#organization\"},\"potentialAction\":[{\"@type\":\"SearchAction\",\"target\":{\"@type\":\"EntryPoint\",\"urlTemplate\":\"https:\/\/www.epen.gov.ar\/?s={search_term_string}\"},\"query-input\":{\"@type\":\"PropertyValueSpecification\",\"valueRequired\":true,\"valueName\":\"search_term_string\"}}],\"inLanguage\":\"es\"},{\"@type\":\"Organization\",\"@id\":\"https:\/\/www.epen.gov.ar\/#organization\",\"name\":\"Ente Provincial de Energ\u00eda del Neuqu\u00e9n\",\"url\":\"https:\/\/www.epen.gov.ar\/\",\"logo\":{\"@type\":\"ImageObject\",\"inLanguage\":\"es\",\"@id\":\"https:\/\/www.epen.gov.ar\/#\/schema\/logo\/image\/\",\"url\":\"https:\/\/www.epen.gov.ar\/wp-content\/uploads\/2024\/02\/Logo-EPEN-2.jpg\",\"contentUrl\":\"https:\/\/www.epen.gov.ar\/wp-content\/uploads\/2024\/02\/Logo-EPEN-2.jpg\",\"width\":696,\"height\":696,\"caption\":\"Ente Provincial de Energ\u00eda del Neuqu\u00e9n\"},\"image\":{\"@id\":\"https:\/\/www.epen.gov.ar\/#\/schema\/logo\/image\/\"},\"sameAs\":[\"https:\/\/www.facebook.com\/EPEN.Neuquen\",\"https:\/\/x.com\/EPEN_Informa\",\"https:\/\/www.youtube.com\/@epenprensa7384\"]},{\"@type\":\"Person\",\"@id\":\"https:\/\/www.epen.gov.ar\/#\/schema\/person\/ce6cff87c2fc01264becc10fa105ad4f\",\"name\":\"Prensa EPEN\",\"image\":{\"@type\":\"ImageObject\",\"inLanguage\":\"es\",\"@id\":\"https:\/\/secure.gravatar.com\/avatar\/f8120b8688012ccf2d7fbcf7a970cfbabf0ab63b09c2dbd72c194bee080070e9?s=96&d=mm&r=g\",\"url\":\"https:\/\/secure.gravatar.com\/avatar\/f8120b8688012ccf2d7fbcf7a970cfbabf0ab63b09c2dbd72c194bee080070e9?s=96&d=mm&r=g\",\"contentUrl\":\"https:\/\/secure.gravatar.com\/avatar\/f8120b8688012ccf2d7fbcf7a970cfbabf0ab63b09c2dbd72c194bee080070e9?s=96&d=mm&r=g\",\"caption\":\"Prensa EPEN\"},\"url\":\"https:\/\/www.epen.gov.ar\/index.php\/author\/admin\/\"}]}<\/script>\n<!-- \/ Yoast SEO plugin. -->","yoast_head_json":{"title":"EPEN - Moratoria del EPEN para deudas acumuladas durante la pandemia","description":"Moratoria del EPEN para deudas acumuladas durante la pandemia","robots":{"index":"index","follow":"follow","max-snippet":"max-snippet:-1","max-image-preview":"max-image-preview:large","max-video-preview":"max-video-preview:-1"},"canonical":"https:\/\/www.epen.gov.ar\/index.php\/2021\/02\/06\/moratoria-del-epen-para-deudas-acumuladas-durante-la-pandemia\/","og_locale":"es_ES","og_type":"article","og_title":"EPEN - Moratoria del EPEN para deudas acumuladas durante la pandemia","og_description":"Moratoria del EPEN para deudas acumuladas durante la pandemia","og_url":"https:\/\/www.epen.gov.ar\/index.php\/2021\/02\/06\/moratoria-del-epen-para-deudas-acumuladas-durante-la-pandemia\/","og_site_name":"EPEN","article_publisher":"https:\/\/www.facebook.com\/EPEN.Neuquen","article_published_time":"2021-02-06T22:23:21+00:00","article_modified_time":"2021-02-06T22:26:12+00:00","og_image":[{"width":1068,"height":528,"url":"https:\/\/www.epen.gov.ar\/wp-content\/uploads\/2019\/06\/WEB-EPEN__SIP5897-1068x528.jpg","type":"image\/jpeg"}],"author":"Prensa EPEN","twitter_card":"summary_large_image","twitter_creator":"@EPEN_Informa","twitter_site":"@EPEN_Informa","twitter_misc":{"Escrito por":"Prensa EPEN","Tiempo de lectura":"5 minutos"},"schema":{"@context":"https:\/\/schema.org","@graph":[{"@type":"Article","@id":"https:\/\/www.epen.gov.ar\/index.php\/2021\/02\/06\/moratoria-del-epen-para-deudas-acumuladas-durante-la-pandemia\/#article","isPartOf":{"@id":"https:\/\/www.epen.gov.ar\/index.php\/2021\/02\/06\/moratoria-del-epen-para-deudas-acumuladas-durante-la-pandemia\/"},"author":{"name":"Prensa EPEN","@id":"https:\/\/www.epen.gov.ar\/#\/schema\/person\/ce6cff87c2fc01264becc10fa105ad4f"},"headline":"Moratoria del EPEN para deudas acumuladas durante la pandemia","datePublished":"2021-02-06T22:23:21+00:00","dateModified":"2021-02-06T22:26:12+00:00","mainEntityOfPage":{"@id":"https:\/\/www.epen.gov.ar\/index.php\/2021\/02\/06\/moratoria-del-epen-para-deudas-acumuladas-durante-la-pandemia\/"},"wordCount":1014,"commentCount":0,"publisher":{"@id":"https:\/\/www.epen.gov.ar\/#organization"},"image":{"@id":"https:\/\/www.epen.gov.ar\/index.php\/2021\/02\/06\/moratoria-del-epen-para-deudas-acumuladas-durante-la-pandemia\/#primaryimage"},"thumbnailUrl":"https:\/\/www.epen.gov.ar\/wp-content\/uploads\/2019\/06\/WEB-EPEN__SIP5897-1068x528.jpg","keywords":["Deuda","Energ\u00eda","EPEN","Luz","Moratoria","Plan de Pagos"],"articleSection":["Noticias"],"inLanguage":"es","potentialAction":[{"@type":"CommentAction","name":"Comment","target":["https:\/\/www.epen.gov.ar\/index.php\/2021\/02\/06\/moratoria-del-epen-para-deudas-acumuladas-durante-la-pandemia\/#respond"]}]},{"@type":"WebPage","@id":"https:\/\/www.epen.gov.ar\/index.php\/2021\/02\/06\/moratoria-del-epen-para-deudas-acumuladas-durante-la-pandemia\/","url":"https:\/\/www.epen.gov.ar\/index.php\/2021\/02\/06\/moratoria-del-epen-para-deudas-acumuladas-durante-la-pandemia\/","name":"EPEN - Moratoria del EPEN para deudas acumuladas durante la pandemia","isPartOf":{"@id":"https:\/\/www.epen.gov.ar\/#website"},"primaryImageOfPage":{"@id":"https:\/\/www.epen.gov.ar\/index.php\/2021\/02\/06\/moratoria-del-epen-para-deudas-acumuladas-durante-la-pandemia\/#primaryimage"},"image":{"@id":"https:\/\/www.epen.gov.ar\/index.php\/2021\/02\/06\/moratoria-del-epen-para-deudas-acumuladas-durante-la-pandemia\/#primaryimage"},"thumbnailUrl":"https:\/\/www.epen.gov.ar\/wp-content\/uploads\/2019\/06\/WEB-EPEN__SIP5897-1068x528.jpg","datePublished":"2021-02-06T22:23:21+00:00","dateModified":"2021-02-06T22:26:12+00:00","description":"Moratoria del EPEN para deudas acumuladas durante la pandemia","breadcrumb":{"@id":"https:\/\/www.epen.gov.ar\/index.php\/2021\/02\/06\/moratoria-del-epen-para-deudas-acumuladas-durante-la-pandemia\/#breadcrumb"},"inLanguage":"es","potentialAction":[{"@type":"ReadAction","target":["https:\/\/www.epen.gov.ar\/index.php\/2021\/02\/06\/moratoria-del-epen-para-deudas-acumuladas-durante-la-pandemia\/"]}]},{"@type":"ImageObject","inLanguage":"es","@id":"https:\/\/www.epen.gov.ar\/index.php\/2021\/02\/06\/moratoria-del-epen-para-deudas-acumuladas-durante-la-pandemia\/#primaryimage","url":"https:\/\/www.epen.gov.ar\/wp-content\/uploads\/2019\/06\/WEB-EPEN__SIP5897-1068x528.jpg","contentUrl":"https:\/\/www.epen.gov.ar\/wp-content\/uploads\/2019\/06\/WEB-EPEN__SIP5897-1068x528.jpg","width":1068,"height":528},{"@type":"BreadcrumbList","@id":"https:\/\/www.epen.gov.ar\/index.php\/2021\/02\/06\/moratoria-del-epen-para-deudas-acumuladas-durante-la-pandemia\/#breadcrumb","itemListElement":[{"@type":"ListItem","position":1,"name":"Inicio","item":"https:\/\/www.epen.gov.ar\/"},{"@type":"ListItem","position":2,"name":"Moratoria del EPEN para deudas acumuladas durante la pandemia"}]},{"@type":"WebSite","@id":"https:\/\/www.epen.gov.ar\/#website","url":"https:\/\/www.epen.gov.ar\/","name":"EPEN","description":"Ente Provincial de Energ\u00eda del Neuqu\u00e9n","publisher":{"@id":"https:\/\/www.epen.gov.ar\/#organization"},"potentialAction":[{"@type":"SearchAction","target":{"@type":"EntryPoint","urlTemplate":"https:\/\/www.epen.gov.ar\/?s={search_term_string}"},"query-input":{"@type":"PropertyValueSpecification","valueRequired":true,"valueName":"search_term_string"}}],"inLanguage":"es"},{"@type":"Organization","@id":"https:\/\/www.epen.gov.ar\/#organization","name":"Ente Provincial de Energ\u00eda del Neuqu\u00e9n","url":"https:\/\/www.epen.gov.ar\/","logo":{"@type":"ImageObject","inLanguage":"es","@id":"https:\/\/www.epen.gov.ar\/#\/schema\/logo\/image\/","url":"https:\/\/www.epen.gov.ar\/wp-content\/uploads\/2024\/02\/Logo-EPEN-2.jpg","contentUrl":"https:\/\/www.epen.gov.ar\/wp-content\/uploads\/2024\/02\/Logo-EPEN-2.jpg","width":696,"height":696,"caption":"Ente Provincial de Energ\u00eda del Neuqu\u00e9n"},"image":{"@id":"https:\/\/www.epen.gov.ar\/#\/schema\/logo\/image\/"},"sameAs":["https:\/\/www.facebook.com\/EPEN.Neuquen","https:\/\/x.com\/EPEN_Informa","https:\/\/www.youtube.com\/@epenprensa7384"]},{"@type":"Person","@id":"https:\/\/www.epen.gov.ar\/#\/schema\/person\/ce6cff87c2fc01264becc10fa105ad4f","name":"Prensa EPEN","image":{"@type":"ImageObject","inLanguage":"es","@id":"https:\/\/secure.gravatar.com\/avatar\/f8120b8688012ccf2d7fbcf7a970cfbabf0ab63b09c2dbd72c194bee080070e9?s=96&d=mm&r=g","url":"https:\/\/secure.gravatar.com\/avatar\/f8120b8688012ccf2d7fbcf7a970cfbabf0ab63b09c2dbd72c194bee080070e9?s=96&d=mm&r=g","contentUrl":"https:\/\/secure.gravatar.com\/avatar\/f8120b8688012ccf2d7fbcf7a970cfbabf0ab63b09c2dbd72c194bee080070e9?s=96&d=mm&r=g","caption":"Prensa EPEN"},"url":"https:\/\/www.epen.gov.ar\/index.php\/author\/admin\/"}]}},"_links":{"self":[{"href":"https:\/\/www.epen.gov.ar\/index.php\/wp-json\/wp\/v2\/posts\/23179","targetHints":{"allow":["GET"]}}],"collection":[{"href":"https:\/\/www.epen.gov.ar\/index.php\/wp-json\/wp\/v2\/posts"}],"about":[{"href":"https:\/\/www.epen.gov.ar\/index.php\/wp-json\/wp\/v2\/types\/post"}],"author":[{"embeddable":true,"href":"https:\/\/www.epen.gov.ar\/index.php\/wp-json\/wp\/v2\/users\/1"}],"replies":[{"embeddable":true,"href":"https:\/\/www.epen.gov.ar\/index.php\/wp-json\/wp\/v2\/comments?post=23179"}],"version-history":[{"count":3,"href":"https:\/\/www.epen.gov.ar\/index.php\/wp-json\/wp\/v2\/posts\/23179\/revisions"}],"predecessor-version":[{"id":69102,"href":"https:\/\/www.epen.gov.ar\/index.php\/wp-json\/wp\/v2\/posts\/23179\/revisions\/69102"}],"wp:featuredmedia":[{"embeddable":true,"href":"https:\/\/www.epen.gov.ar\/index.php\/wp-json\/wp\/v2\/media\/3885"}],"wp:attachment":[{"href":"https:\/\/www.epen.gov.ar\/index.php\/wp-json\/wp\/v2\/media?parent=23179"}],"wp:term":[{"taxonomy":"category","embeddable":true,"href":"https:\/\/www.epen.gov.ar\/index.php\/wp-json\/wp\/v2\/categories?post=23179"},{"taxonomy":"post_tag","embeddable":true,"href":"https:\/\/www.epen.gov.ar\/index.php\/wp-json\/wp\/v2\/tags?post=23179"}],"curies":[{"name":"wp","href":"https:\/\/api.w.org\/{rel}","templated":true}]}}