{"id":2272,"date":"2018-08-14T21:14:01","date_gmt":"2018-08-14T21:14:01","guid":{"rendered":"http:\/\/10.1.48.49\/?p=2272"},"modified":"2018-09-07T14:13:25","modified_gmt":"2018-09-07T14:13:25","slug":"se-realizo-la-consulta-publica-para-llevar-energia-al-parque-industrial-de-anelo","status":"publish","type":"post","link":"https:\/\/www.epen.gov.ar\/index.php\/2018\/08\/14\/se-realizo-la-consulta-publica-para-llevar-energia-al-parque-industrial-de-anelo\/","title":{"rendered":"Se realiz\u00f3 la consulta p\u00fablica para llevar energ\u00eda al parque industrial de A\u00f1elo"},"content":{"rendered":"<div class=\"fusion-fullwidth fullwidth-box fusion-builder-row-1 nonhundred-percent-fullwidth non-hundred-percent-height-scrolling\" style=\"--awb-border-radius-top-left:0px;--awb-border-radius-top-right:0px;--awb-border-radius-bottom-right:0px;--awb-border-radius-bottom-left:0px;--awb-flex-wrap:wrap;\" ><div class=\"fusion-builder-row fusion-row\"><div class=\"fusion-layout-column fusion_builder_column fusion-builder-column-0 fusion_builder_column_1_1 1_1 fusion-one-full fusion-column-first fusion-column-last\" style=\"--awb-bg-size:cover;--awb-margin-bottom:0px;\"><div class=\"fusion-column-wrapper fusion-flex-column-wrapper-legacy\"><div class=\"fusion-text fusion-text-1\"><h1>Se realiz\u00f3 la consulta p\u00fablica para llevar energ\u00eda al parque industrial de A\u00f1elo<\/h1>\n<p><strong><em>El objetivo es obtener la no objeci\u00f3n para el financiamiento de obras enmarcadas en el fortalecimiento de gesti\u00f3n provincial del BID.\u00a0El monto estimado para la ejecuci\u00f3n de toda la obra es del orden de los 148,5 millones de pesos.<\/em><\/strong><\/p>\n<p>Con el objetivo de desarrollar el proyecto de Infraestructura de Energ\u00eda El\u00e9ctrica a los Parques Industriales de la localidad de A\u00f1elo, el Ente Provincial de Energ\u00eda El\u00e9ctrica (EPEN) organiz\u00f3 la consulta p\u00fablica con las empresas y los emprendedores interesados en la llegada de la energ\u00eda hacia el \u00e1rea industrial. Fue con el fin de obtener la no objeci\u00f3n para el financiamiento de dichas obras, enmarcadas en el programa de fortalecimiento de la gesti\u00f3n provincial del Banco Interamericano de Desarrollo (BID).<\/p>\n<p>Del encuentro participaron m\u00e1s de una veintena de\u00a0representantes de\u00a0empresas instaladas en A\u00f1elo, relacionadas a la actividad hidrocarbur\u00edfera y de servicios asociados y tambi\u00e9n vecinos de la localidad. Expusieron autoridades del ministerio del\u00a0Interior\u00a0como organismo ejecutor, de las \u00e1reas de proyectos de Inversi\u00f3n y Ambiental y Social, como tambi\u00e9n funcionarios de la Unidad de Financiamiento Externo\u00a0(UPEFE), autoridades del Ente Provincial de Energ\u00eda del Neuqu\u00e9n (como organismo proponente y prestador del servicio p\u00fablico), y el intendente municipal de A\u00f1elo, Dar\u00edo D\u00edaz.<\/p>\n<p>El EPEN realiz\u00f3 la presentaci\u00f3n del proyecto t\u00e9cnico, que\u00a0consta de tres etapas o componentes que incluyen la construcci\u00f3n de casi 6 kil\u00f3metros de l\u00ednea doble terna en 33 kilovolts, que tendr\u00e1 como finalidad interconectar la Estaci\u00f3n Transformadora Loma Campana recientemente inaugurada con una nueva subestaci\u00f3n a construir. La traza se extender\u00e1 por un tramo de 6 kil\u00f3metros, hasta llegar al predio de la Subestaci\u00f3n \u201cA\u00f1elo\u00a0urbana\u201d a construir, cuyo fin es fin abastecer el crecimiento de la demanda proyectada para la localidad.\u00a0Adem\u00e1s, el proyecto contempla los llamados alimentadores de distribuci\u00f3n que conectar\u00e1n sectores denominados Parque Industrial Norte y Sur situados sobre la meseta, en la margen derecha e izquierda de la ruta provincial N\u00ba 7, que une la localidad de\u00a0A\u00f1elo\u00a0con la localidad Rinc\u00f3n de los Sauces. Ser\u00e1 con el fin de dotarlos del servicio de energ\u00eda el\u00e9ctrica como parte de la infraestructura de servicios destinada a fortalecer el desarrollo productivo de la provincia.<\/p>\n<p>El monto estimado para la ejecuci\u00f3n de toda la obra es del orden de los 148,5 millones de pesos y tiene un plazo de ejecuci\u00f3n de 14 meses, teniendo en cuenta la construcci\u00f3n de un transformador de potencia, que se dar\u00e1 a partir de que se realice el proceso licitatorio y se encargue la compra del equipo por parte de la empresa que resulte adjudicataria.<\/p>\n<p>Por su parte, los funcionarios de la UPEFE expusieron\u00a0sobre el marco de gesti\u00f3n ambiental de la obra, cuya ejecuci\u00f3n\u00a0ser\u00e1 monitoreada\u00a0y supervisada por una inspecci\u00f3n especial que cubrir\u00e1 los aspectos ambientales y sociales. El programa de gesti\u00f3n ambiental y social asigna un porcentaje especial de la inversi\u00f3n total a dichos aspectos, de acuerdo al programa que lleva a cabo el Banco Interamericano de Desarrollo (BID) que otorga el financiamiento.<\/p>\n<p>La obra tendr\u00e1 3 componentes:\u00a0la construcci\u00f3n de una l\u00ednea doble terna en 33 kilovolts (kv); la construcci\u00f3n de una Nueva Subestaci\u00f3n Transformadora 33\/13,2 kilovolts A\u00f1elo Urbana, tiene como fin abastecer el crecimiento de la demanda proyectada y alimentadores de distribuci\u00f3n en 13,2 kilovolts hacia los sectores denominados Parque Industrial Norte y Sur situados sobre la meseta en la margen derecha e izquierda de la ruta provincial N\u00ba 7.<\/p>\n<\/div><div class=\"fusion-clearfix\"><\/div><\/div><\/div><\/div><\/div>\n","protected":false},"excerpt":{"rendered":"","protected":false},"author":1,"featured_media":2672,"comment_status":"open","ping_status":"open","sticky":false,"template":"","format":"standard","meta":{"_exactmetrics_skip_tracking":false,"_exactmetrics_sitenote_active":false,"_exactmetrics_sitenote_note":"","_exactmetrics_sitenote_category":0,"footnotes":""},"categories":[84],"tags":[],"class_list":["post-2272","post","type-post","status-publish","format-standard","has-post-thumbnail","hentry","category-noticias"],"yoast_head":"<!-- This site is optimized with the Yoast SEO plugin v27.2 - https:\/\/yoast.com\/product\/yoast-seo-wordpress\/ -->\n<title>EPEN - Se realiz\u00f3 la consulta p\u00fablica para llevar energ\u00eda al parque industrial de A\u00f1elo<\/title>\n<meta name=\"description\" content=\"Se realiz\u00f3 la consulta p\u00fablica para llevar energ\u00eda al parque industrial de A\u00f1elo\" \/>\n<meta name=\"robots\" content=\"index, follow, max-snippet:-1, max-image-preview:large, max-video-preview:-1\" \/>\n<link rel=\"canonical\" href=\"https:\/\/www.epen.gov.ar\/index.php\/2018\/08\/14\/se-realizo-la-consulta-publica-para-llevar-energia-al-parque-industrial-de-anelo\/\" \/>\n<meta property=\"og:locale\" content=\"es_ES\" \/>\n<meta property=\"og:type\" content=\"article\" \/>\n<meta property=\"og:title\" content=\"EPEN - Se realiz\u00f3 la consulta p\u00fablica para llevar energ\u00eda al parque industrial de A\u00f1elo\" \/>\n<meta property=\"og:description\" content=\"Se realiz\u00f3 la consulta p\u00fablica para llevar energ\u00eda al parque industrial de A\u00f1elo\" \/>\n<meta property=\"og:url\" content=\"https:\/\/www.epen.gov.ar\/index.php\/2018\/08\/14\/se-realizo-la-consulta-publica-para-llevar-energia-al-parque-industrial-de-anelo\/\" \/>\n<meta property=\"og:site_name\" content=\"EPEN\" \/>\n<meta property=\"article:publisher\" content=\"https:\/\/www.facebook.com\/EPEN.Neuquen\" \/>\n<meta property=\"article:published_time\" content=\"2018-08-14T21:14:01+00:00\" \/>\n<meta property=\"article:modified_time\" content=\"2018-09-07T14:13:25+00:00\" \/>\n<meta property=\"og:image\" content=\"https:\/\/www.epen.gov.ar\/wp-content\/uploads\/2018\/08\/post-a\u00f1elo.png\" \/>\n\t<meta property=\"og:image:width\" content=\"640\" \/>\n\t<meta property=\"og:image:height\" content=\"336\" \/>\n\t<meta property=\"og:image:type\" content=\"image\/png\" \/>\n<meta name=\"author\" content=\"Prensa EPEN\" \/>\n<meta name=\"twitter:card\" content=\"summary_large_image\" \/>\n<meta name=\"twitter:creator\" content=\"@EPEN_Informa\" \/>\n<meta name=\"twitter:site\" content=\"@EPEN_Informa\" \/>\n<meta name=\"twitter:label1\" content=\"Escrito por\" \/>\n\t<meta name=\"twitter:data1\" content=\"Prensa EPEN\" \/>\n\t<meta name=\"twitter:label2\" content=\"Tiempo de lectura\" \/>\n\t<meta name=\"twitter:data2\" content=\"4 minutos\" \/>\n<script type=\"application\/ld+json\" class=\"yoast-schema-graph\">{\"@context\":\"https:\/\/schema.org\",\"@graph\":[{\"@type\":\"Article\",\"@id\":\"https:\/\/www.epen.gov.ar\/index.php\/2018\/08\/14\/se-realizo-la-consulta-publica-para-llevar-energia-al-parque-industrial-de-anelo\/#article\",\"isPartOf\":{\"@id\":\"https:\/\/www.epen.gov.ar\/index.php\/2018\/08\/14\/se-realizo-la-consulta-publica-para-llevar-energia-al-parque-industrial-de-anelo\/\"},\"author\":{\"name\":\"Prensa EPEN\",\"@id\":\"https:\/\/www.epen.gov.ar\/#\/schema\/person\/ce6cff87c2fc01264becc10fa105ad4f\"},\"headline\":\"Se realiz\u00f3 la consulta p\u00fablica para llevar energ\u00eda al parque industrial de A\u00f1elo\",\"datePublished\":\"2018-08-14T21:14:01+00:00\",\"dateModified\":\"2018-09-07T14:13:25+00:00\",\"mainEntityOfPage\":{\"@id\":\"https:\/\/www.epen.gov.ar\/index.php\/2018\/08\/14\/se-realizo-la-consulta-publica-para-llevar-energia-al-parque-industrial-de-anelo\/\"},\"wordCount\":834,\"commentCount\":0,\"publisher\":{\"@id\":\"https:\/\/www.epen.gov.ar\/#organization\"},\"image\":{\"@id\":\"https:\/\/www.epen.gov.ar\/index.php\/2018\/08\/14\/se-realizo-la-consulta-publica-para-llevar-energia-al-parque-industrial-de-anelo\/#primaryimage\"},\"thumbnailUrl\":\"https:\/\/www.epen.gov.ar\/wp-content\/uploads\/2018\/08\/post-a\u00f1elo.png\",\"articleSection\":[\"Noticias\"],\"inLanguage\":\"es\",\"potentialAction\":[{\"@type\":\"CommentAction\",\"name\":\"Comment\",\"target\":[\"https:\/\/www.epen.gov.ar\/index.php\/2018\/08\/14\/se-realizo-la-consulta-publica-para-llevar-energia-al-parque-industrial-de-anelo\/#respond\"]}]},{\"@type\":\"WebPage\",\"@id\":\"https:\/\/www.epen.gov.ar\/index.php\/2018\/08\/14\/se-realizo-la-consulta-publica-para-llevar-energia-al-parque-industrial-de-anelo\/\",\"url\":\"https:\/\/www.epen.gov.ar\/index.php\/2018\/08\/14\/se-realizo-la-consulta-publica-para-llevar-energia-al-parque-industrial-de-anelo\/\",\"name\":\"EPEN - Se realiz\u00f3 la consulta p\u00fablica para llevar energ\u00eda al parque industrial de A\u00f1elo\",\"isPartOf\":{\"@id\":\"https:\/\/www.epen.gov.ar\/#website\"},\"primaryImageOfPage\":{\"@id\":\"https:\/\/www.epen.gov.ar\/index.php\/2018\/08\/14\/se-realizo-la-consulta-publica-para-llevar-energia-al-parque-industrial-de-anelo\/#primaryimage\"},\"image\":{\"@id\":\"https:\/\/www.epen.gov.ar\/index.php\/2018\/08\/14\/se-realizo-la-consulta-publica-para-llevar-energia-al-parque-industrial-de-anelo\/#primaryimage\"},\"thumbnailUrl\":\"https:\/\/www.epen.gov.ar\/wp-content\/uploads\/2018\/08\/post-a\u00f1elo.png\",\"datePublished\":\"2018-08-14T21:14:01+00:00\",\"dateModified\":\"2018-09-07T14:13:25+00:00\",\"description\":\"Se realiz\u00f3 la consulta p\u00fablica para llevar energ\u00eda al parque industrial de A\u00f1elo\",\"breadcrumb\":{\"@id\":\"https:\/\/www.epen.gov.ar\/index.php\/2018\/08\/14\/se-realizo-la-consulta-publica-para-llevar-energia-al-parque-industrial-de-anelo\/#breadcrumb\"},\"inLanguage\":\"es\",\"potentialAction\":[{\"@type\":\"ReadAction\",\"target\":[\"https:\/\/www.epen.gov.ar\/index.php\/2018\/08\/14\/se-realizo-la-consulta-publica-para-llevar-energia-al-parque-industrial-de-anelo\/\"]}]},{\"@type\":\"ImageObject\",\"inLanguage\":\"es\",\"@id\":\"https:\/\/www.epen.gov.ar\/index.php\/2018\/08\/14\/se-realizo-la-consulta-publica-para-llevar-energia-al-parque-industrial-de-anelo\/#primaryimage\",\"url\":\"https:\/\/www.epen.gov.ar\/wp-content\/uploads\/2018\/08\/post-a\u00f1elo.png\",\"contentUrl\":\"https:\/\/www.epen.gov.ar\/wp-content\/uploads\/2018\/08\/post-a\u00f1elo.png\",\"width\":640,\"height\":336},{\"@type\":\"BreadcrumbList\",\"@id\":\"https:\/\/www.epen.gov.ar\/index.php\/2018\/08\/14\/se-realizo-la-consulta-publica-para-llevar-energia-al-parque-industrial-de-anelo\/#breadcrumb\",\"itemListElement\":[{\"@type\":\"ListItem\",\"position\":1,\"name\":\"Inicio\",\"item\":\"https:\/\/www.epen.gov.ar\/\"},{\"@type\":\"ListItem\",\"position\":2,\"name\":\"Se realiz\u00f3 la consulta p\u00fablica para llevar energ\u00eda al parque industrial de A\u00f1elo\"}]},{\"@type\":\"WebSite\",\"@id\":\"https:\/\/www.epen.gov.ar\/#website\",\"url\":\"https:\/\/www.epen.gov.ar\/\",\"name\":\"EPEN\",\"description\":\"Ente Provincial de Energ\u00eda del Neuqu\u00e9n\",\"publisher\":{\"@id\":\"https:\/\/www.epen.gov.ar\/#organization\"},\"potentialAction\":[{\"@type\":\"SearchAction\",\"target\":{\"@type\":\"EntryPoint\",\"urlTemplate\":\"https:\/\/www.epen.gov.ar\/?s={search_term_string}\"},\"query-input\":{\"@type\":\"PropertyValueSpecification\",\"valueRequired\":true,\"valueName\":\"search_term_string\"}}],\"inLanguage\":\"es\"},{\"@type\":\"Organization\",\"@id\":\"https:\/\/www.epen.gov.ar\/#organization\",\"name\":\"Ente Provincial de Energ\u00eda del Neuqu\u00e9n\",\"url\":\"https:\/\/www.epen.gov.ar\/\",\"logo\":{\"@type\":\"ImageObject\",\"inLanguage\":\"es\",\"@id\":\"https:\/\/www.epen.gov.ar\/#\/schema\/logo\/image\/\",\"url\":\"https:\/\/www.epen.gov.ar\/wp-content\/uploads\/2024\/02\/Logo-EPEN-2.jpg\",\"contentUrl\":\"https:\/\/www.epen.gov.ar\/wp-content\/uploads\/2024\/02\/Logo-EPEN-2.jpg\",\"width\":696,\"height\":696,\"caption\":\"Ente Provincial de Energ\u00eda del Neuqu\u00e9n\"},\"image\":{\"@id\":\"https:\/\/www.epen.gov.ar\/#\/schema\/logo\/image\/\"},\"sameAs\":[\"https:\/\/www.facebook.com\/EPEN.Neuquen\",\"https:\/\/x.com\/EPEN_Informa\",\"https:\/\/www.youtube.com\/@epenprensa7384\"]},{\"@type\":\"Person\",\"@id\":\"https:\/\/www.epen.gov.ar\/#\/schema\/person\/ce6cff87c2fc01264becc10fa105ad4f\",\"name\":\"Prensa EPEN\",\"image\":{\"@type\":\"ImageObject\",\"inLanguage\":\"es\",\"@id\":\"https:\/\/secure.gravatar.com\/avatar\/f8120b8688012ccf2d7fbcf7a970cfbabf0ab63b09c2dbd72c194bee080070e9?s=96&d=mm&r=g\",\"url\":\"https:\/\/secure.gravatar.com\/avatar\/f8120b8688012ccf2d7fbcf7a970cfbabf0ab63b09c2dbd72c194bee080070e9?s=96&d=mm&r=g\",\"contentUrl\":\"https:\/\/secure.gravatar.com\/avatar\/f8120b8688012ccf2d7fbcf7a970cfbabf0ab63b09c2dbd72c194bee080070e9?s=96&d=mm&r=g\",\"caption\":\"Prensa EPEN\"},\"url\":\"https:\/\/www.epen.gov.ar\/index.php\/author\/admin\/\"}]}<\/script>\n<!-- \/ Yoast SEO plugin. -->","yoast_head_json":{"title":"EPEN - Se realiz\u00f3 la consulta p\u00fablica para llevar energ\u00eda al parque industrial de A\u00f1elo","description":"Se realiz\u00f3 la consulta p\u00fablica para llevar energ\u00eda al parque industrial de A\u00f1elo","robots":{"index":"index","follow":"follow","max-snippet":"max-snippet:-1","max-image-preview":"max-image-preview:large","max-video-preview":"max-video-preview:-1"},"canonical":"https:\/\/www.epen.gov.ar\/index.php\/2018\/08\/14\/se-realizo-la-consulta-publica-para-llevar-energia-al-parque-industrial-de-anelo\/","og_locale":"es_ES","og_type":"article","og_title":"EPEN - Se realiz\u00f3 la consulta p\u00fablica para llevar energ\u00eda al parque industrial de A\u00f1elo","og_description":"Se realiz\u00f3 la consulta p\u00fablica para llevar energ\u00eda al parque industrial de A\u00f1elo","og_url":"https:\/\/www.epen.gov.ar\/index.php\/2018\/08\/14\/se-realizo-la-consulta-publica-para-llevar-energia-al-parque-industrial-de-anelo\/","og_site_name":"EPEN","article_publisher":"https:\/\/www.facebook.com\/EPEN.Neuquen","article_published_time":"2018-08-14T21:14:01+00:00","article_modified_time":"2018-09-07T14:13:25+00:00","og_image":[{"width":640,"height":336,"url":"https:\/\/www.epen.gov.ar\/wp-content\/uploads\/2018\/08\/post-a\u00f1elo.png","type":"image\/png"}],"author":"Prensa EPEN","twitter_card":"summary_large_image","twitter_creator":"@EPEN_Informa","twitter_site":"@EPEN_Informa","twitter_misc":{"Escrito por":"Prensa EPEN","Tiempo de lectura":"4 minutos"},"schema":{"@context":"https:\/\/schema.org","@graph":[{"@type":"Article","@id":"https:\/\/www.epen.gov.ar\/index.php\/2018\/08\/14\/se-realizo-la-consulta-publica-para-llevar-energia-al-parque-industrial-de-anelo\/#article","isPartOf":{"@id":"https:\/\/www.epen.gov.ar\/index.php\/2018\/08\/14\/se-realizo-la-consulta-publica-para-llevar-energia-al-parque-industrial-de-anelo\/"},"author":{"name":"Prensa EPEN","@id":"https:\/\/www.epen.gov.ar\/#\/schema\/person\/ce6cff87c2fc01264becc10fa105ad4f"},"headline":"Se realiz\u00f3 la consulta p\u00fablica para llevar energ\u00eda al parque industrial de A\u00f1elo","datePublished":"2018-08-14T21:14:01+00:00","dateModified":"2018-09-07T14:13:25+00:00","mainEntityOfPage":{"@id":"https:\/\/www.epen.gov.ar\/index.php\/2018\/08\/14\/se-realizo-la-consulta-publica-para-llevar-energia-al-parque-industrial-de-anelo\/"},"wordCount":834,"commentCount":0,"publisher":{"@id":"https:\/\/www.epen.gov.ar\/#organization"},"image":{"@id":"https:\/\/www.epen.gov.ar\/index.php\/2018\/08\/14\/se-realizo-la-consulta-publica-para-llevar-energia-al-parque-industrial-de-anelo\/#primaryimage"},"thumbnailUrl":"https:\/\/www.epen.gov.ar\/wp-content\/uploads\/2018\/08\/post-a\u00f1elo.png","articleSection":["Noticias"],"inLanguage":"es","potentialAction":[{"@type":"CommentAction","name":"Comment","target":["https:\/\/www.epen.gov.ar\/index.php\/2018\/08\/14\/se-realizo-la-consulta-publica-para-llevar-energia-al-parque-industrial-de-anelo\/#respond"]}]},{"@type":"WebPage","@id":"https:\/\/www.epen.gov.ar\/index.php\/2018\/08\/14\/se-realizo-la-consulta-publica-para-llevar-energia-al-parque-industrial-de-anelo\/","url":"https:\/\/www.epen.gov.ar\/index.php\/2018\/08\/14\/se-realizo-la-consulta-publica-para-llevar-energia-al-parque-industrial-de-anelo\/","name":"EPEN - Se realiz\u00f3 la consulta p\u00fablica para llevar energ\u00eda al parque industrial de A\u00f1elo","isPartOf":{"@id":"https:\/\/www.epen.gov.ar\/#website"},"primaryImageOfPage":{"@id":"https:\/\/www.epen.gov.ar\/index.php\/2018\/08\/14\/se-realizo-la-consulta-publica-para-llevar-energia-al-parque-industrial-de-anelo\/#primaryimage"},"image":{"@id":"https:\/\/www.epen.gov.ar\/index.php\/2018\/08\/14\/se-realizo-la-consulta-publica-para-llevar-energia-al-parque-industrial-de-anelo\/#primaryimage"},"thumbnailUrl":"https:\/\/www.epen.gov.ar\/wp-content\/uploads\/2018\/08\/post-a\u00f1elo.png","datePublished":"2018-08-14T21:14:01+00:00","dateModified":"2018-09-07T14:13:25+00:00","description":"Se realiz\u00f3 la consulta p\u00fablica para llevar energ\u00eda al parque industrial de A\u00f1elo","breadcrumb":{"@id":"https:\/\/www.epen.gov.ar\/index.php\/2018\/08\/14\/se-realizo-la-consulta-publica-para-llevar-energia-al-parque-industrial-de-anelo\/#breadcrumb"},"inLanguage":"es","potentialAction":[{"@type":"ReadAction","target":["https:\/\/www.epen.gov.ar\/index.php\/2018\/08\/14\/se-realizo-la-consulta-publica-para-llevar-energia-al-parque-industrial-de-anelo\/"]}]},{"@type":"ImageObject","inLanguage":"es","@id":"https:\/\/www.epen.gov.ar\/index.php\/2018\/08\/14\/se-realizo-la-consulta-publica-para-llevar-energia-al-parque-industrial-de-anelo\/#primaryimage","url":"https:\/\/www.epen.gov.ar\/wp-content\/uploads\/2018\/08\/post-a\u00f1elo.png","contentUrl":"https:\/\/www.epen.gov.ar\/wp-content\/uploads\/2018\/08\/post-a\u00f1elo.png","width":640,"height":336},{"@type":"BreadcrumbList","@id":"https:\/\/www.epen.gov.ar\/index.php\/2018\/08\/14\/se-realizo-la-consulta-publica-para-llevar-energia-al-parque-industrial-de-anelo\/#breadcrumb","itemListElement":[{"@type":"ListItem","position":1,"name":"Inicio","item":"https:\/\/www.epen.gov.ar\/"},{"@type":"ListItem","position":2,"name":"Se realiz\u00f3 la consulta p\u00fablica para llevar energ\u00eda al parque industrial de A\u00f1elo"}]},{"@type":"WebSite","@id":"https:\/\/www.epen.gov.ar\/#website","url":"https:\/\/www.epen.gov.ar\/","name":"EPEN","description":"Ente Provincial de Energ\u00eda del Neuqu\u00e9n","publisher":{"@id":"https:\/\/www.epen.gov.ar\/#organization"},"potentialAction":[{"@type":"SearchAction","target":{"@type":"EntryPoint","urlTemplate":"https:\/\/www.epen.gov.ar\/?s={search_term_string}"},"query-input":{"@type":"PropertyValueSpecification","valueRequired":true,"valueName":"search_term_string"}}],"inLanguage":"es"},{"@type":"Organization","@id":"https:\/\/www.epen.gov.ar\/#organization","name":"Ente Provincial de Energ\u00eda del Neuqu\u00e9n","url":"https:\/\/www.epen.gov.ar\/","logo":{"@type":"ImageObject","inLanguage":"es","@id":"https:\/\/www.epen.gov.ar\/#\/schema\/logo\/image\/","url":"https:\/\/www.epen.gov.ar\/wp-content\/uploads\/2024\/02\/Logo-EPEN-2.jpg","contentUrl":"https:\/\/www.epen.gov.ar\/wp-content\/uploads\/2024\/02\/Logo-EPEN-2.jpg","width":696,"height":696,"caption":"Ente Provincial de Energ\u00eda del Neuqu\u00e9n"},"image":{"@id":"https:\/\/www.epen.gov.ar\/#\/schema\/logo\/image\/"},"sameAs":["https:\/\/www.facebook.com\/EPEN.Neuquen","https:\/\/x.com\/EPEN_Informa","https:\/\/www.youtube.com\/@epenprensa7384"]},{"@type":"Person","@id":"https:\/\/www.epen.gov.ar\/#\/schema\/person\/ce6cff87c2fc01264becc10fa105ad4f","name":"Prensa EPEN","image":{"@type":"ImageObject","inLanguage":"es","@id":"https:\/\/secure.gravatar.com\/avatar\/f8120b8688012ccf2d7fbcf7a970cfbabf0ab63b09c2dbd72c194bee080070e9?s=96&d=mm&r=g","url":"https:\/\/secure.gravatar.com\/avatar\/f8120b8688012ccf2d7fbcf7a970cfbabf0ab63b09c2dbd72c194bee080070e9?s=96&d=mm&r=g","contentUrl":"https:\/\/secure.gravatar.com\/avatar\/f8120b8688012ccf2d7fbcf7a970cfbabf0ab63b09c2dbd72c194bee080070e9?s=96&d=mm&r=g","caption":"Prensa EPEN"},"url":"https:\/\/www.epen.gov.ar\/index.php\/author\/admin\/"}]}},"_links":{"self":[{"href":"https:\/\/www.epen.gov.ar\/index.php\/wp-json\/wp\/v2\/posts\/2272","targetHints":{"allow":["GET"]}}],"collection":[{"href":"https:\/\/www.epen.gov.ar\/index.php\/wp-json\/wp\/v2\/posts"}],"about":[{"href":"https:\/\/www.epen.gov.ar\/index.php\/wp-json\/wp\/v2\/types\/post"}],"author":[{"embeddable":true,"href":"https:\/\/www.epen.gov.ar\/index.php\/wp-json\/wp\/v2\/users\/1"}],"replies":[{"embeddable":true,"href":"https:\/\/www.epen.gov.ar\/index.php\/wp-json\/wp\/v2\/comments?post=2272"}],"version-history":[{"count":4,"href":"https:\/\/www.epen.gov.ar\/index.php\/wp-json\/wp\/v2\/posts\/2272\/revisions"}],"predecessor-version":[{"id":2293,"href":"https:\/\/www.epen.gov.ar\/index.php\/wp-json\/wp\/v2\/posts\/2272\/revisions\/2293"}],"wp:featuredmedia":[{"embeddable":true,"href":"https:\/\/www.epen.gov.ar\/index.php\/wp-json\/wp\/v2\/media\/2672"}],"wp:attachment":[{"href":"https:\/\/www.epen.gov.ar\/index.php\/wp-json\/wp\/v2\/media?parent=2272"}],"wp:term":[{"taxonomy":"category","embeddable":true,"href":"https:\/\/www.epen.gov.ar\/index.php\/wp-json\/wp\/v2\/categories?post=2272"},{"taxonomy":"post_tag","embeddable":true,"href":"https:\/\/www.epen.gov.ar\/index.php\/wp-json\/wp\/v2\/tags?post=2272"}],"curies":[{"name":"wp","href":"https:\/\/api.w.org\/{rel}","templated":true}]}}