{"id":22376,"date":"2021-01-28T20:34:06","date_gmt":"2021-01-28T23:34:06","guid":{"rendered":"http:\/\/192.168.200.48\/?p=22376"},"modified":"2021-01-28T20:34:06","modified_gmt":"2021-01-28T23:34:06","slug":"se-restablecio-el-servicio-en-neuquen-y-plottier","status":"publish","type":"post","link":"https:\/\/www.epen.gov.ar\/index.php\/2021\/01\/28\/se-restablecio-el-servicio-en-neuquen-y-plottier\/","title":{"rendered":"Se restableci\u00f3 el servicio en Neuqu\u00e9n y Plottier"},"content":{"rendered":"<div class=\"fusion-fullwidth fullwidth-box fusion-builder-row-1 nonhundred-percent-fullwidth non-hundred-percent-height-scrolling\" style=\"--awb-border-radius-top-left:0px;--awb-border-radius-top-right:0px;--awb-border-radius-bottom-right:0px;--awb-border-radius-bottom-left:0px;--awb-flex-wrap:wrap;\" ><div class=\"fusion-builder-row fusion-row\"><div class=\"fusion-layout-column fusion_builder_column fusion-builder-column-0 fusion_builder_column_2_3 2_3 fusion-two-third fusion-column-first\" style=\"--awb-bg-size:cover;width:66.666666666667%;width:calc(66.666666666667% - ( ( 4% ) * 0.66666666666667 ) );margin-right: 4%;\"><div class=\"fusion-column-wrapper fusion-column-has-shadow fusion-flex-column-wrapper-legacy\"><div class=\"fusion-text fusion-text-1\"><p><strong><em>12:20 se produjo una falla en la Estaci\u00f3n Gran Neuqu\u00e9n. Alrededor de las 16 se transfirieron cargas para abastecer Parque Industrial, luego la zona centro y alrededor de las 18 qued\u00f3 restablecido el suministro del resto de los sectores afectados<\/em><\/strong><\/p>\n<p>El Ente provincial de Energ\u00eda del Neuqu\u00e9n (EPEN) inform\u00f3 pasado el mediod\u00eda que desde el Centro de Operaciones del Transporte por Distribuci\u00f3n Troncal (COTDT) &#8211; el cual monitorea el sistema el\u00e9ctrico de la regi\u00f3n- hab\u00eda salido de servicio la L\u00ednea de Alta Tensi\u00f3n Arroyito- Gran Neuqu\u00e9n, y se produjo una falla en uno de los transformadores ubicados en la Estaci\u00f3n Transformadora Gran Neuqu\u00e9n, lo cual origin\u00f3 la salida de servicio de toda la Estaci\u00f3n. Esto afect\u00f3 parte de la demanda de Neuqu\u00e9n capital -en particular la zona del centro oeste y oeste- y un sector de Plottier que se abastece desde dicha Estaci\u00f3n.<\/p>\n<p>De manera inmediata, las cuadrillas comenzaron a trabajar en el lugar, para evaluar los da\u00f1os, aislar la m\u00e1quina averiada el\u00e9ctrica y f\u00edsicamente para evitar que interfiera en el resto de los equipos al ponerlos en servicio y realizar pruebas sobre todo el equipamiento. La falla tambi\u00e9n afect\u00f3 los servicios auxiliares que abastecen a los sistemas de protecciones de la Estaci\u00f3n, en baja tensi\u00f3n. Ese hecho demor\u00f3 los trabajos, ya que son sistemas cruciales para detectar fallas, que podr\u00edan afectar las instalaciones.<\/p>\n<p>En este sentido el presidente del EPEN Francisco Zambon indic\u00f3 que \u201cSe realizaron maniobras para que la Cooperativa Calf pueda tomar demanda en 13,2 kilovolt desde la Estaci\u00f3n Alto Valle, se maniobr\u00f3 para abastecer Parque industrial desde Centenario y se tuvo que recablear para restaurar los servicios auxiliares en la Estaci\u00f3n y restablecer el servicio en forma segura. Por eso, el resto de los transformadores se pusieron en vac\u00edo, pero se demor\u00f3 la toma de carga\u201d.<\/p>\n<p>Adem\u00e1s, puntualiz\u00f3 que \u2013\u201cUna vez revisado el transformador, se reparar\u00e1 y se vuelve a poner en servicio\u201d. \u201cCon los otros dos transformadores en servicio y la distribuci\u00f3n de cargas podemos abastecer la demanda y ya se encuentra el servicio normalizado\u201d.<\/p>\n<\/div><div class=\"fusion-clearfix\"><\/div><\/div><\/div><div class=\"fusion-layout-column fusion_builder_column fusion-builder-column-1 fusion_builder_column_1_3 1_3 fusion-one-third fusion-column-last\" style=\"--awb-bg-size:cover;width:33.333333333333%;width:calc(33.333333333333% - ( ( 4% ) * 0.33333333333333 ) );\"><div class=\"fusion-column-wrapper fusion-column-has-shadow fusion-flex-column-wrapper-legacy\"><div class=\"fusion-widget-area awb-widget-area-element fusion-widget-area-1 fusion-content-widget-area\" style=\"--awb-title-size:20px;--awb-title-color:#333333;--awb-padding:0px 0px 0px 0px;\"><style type=\"text\/css\" data-id=\"tweets-widget-2\">#tweets-widget-2 li { border-color:#eaeaea;}<\/style><section id=\"tweets-widget-2\" class=\"widget tweets\" style=\"border-style: solid;border-color: #eaeaea;border-color:transparent;border-width:0px;\">\t\t\t\t\n\t\t<div style=\"overflow:hidden\">\n\t\t\t\t\t\t\t\t\t\t\t<a class=\"twitter-timeline\" data-dnt=\"true\" href=\"https:\/\/twitter.com\/@EPEN_Informa\" data-width=\"500\" data-height=\"300\" width=\"500\" height=\"300\" data-theme=\"light\" data-link-color=\"##25a9bd\" data-border-color=\"#eaeaea\" data-chrome=\"\">Tweets por @EPEN_Informa<\/a>\n\t\t\t\t\t\t\t\n\t\t\t\t\t\t\t\t\t\t\t<script async src=\"\/\/platform.twitter.com\/widgets.js\" charset=\"utf-8\"><\/script>\n\t\t\t\t\t\t\t\n\t\t<\/div>\n\t\t<\/section>\n\t\t<section id=\"recent-posts-3\" class=\"widget widget_recent_entries\" style=\"border-style: solid;border-color:transparent;border-width:0px;\">\n\t\t<div class=\"heading\"><h4 class=\"widget-title\">Entradas recientes<\/h4><\/div>\n\t\t<ul>\n\t\t\t\t\t\t\t\t\t\t\t<li>\n\t\t\t\t\t<a href=\"https:\/\/www.epen.gov.ar\/index.php\/2026\/04\/30\/corte-programado-en-sectores-de-rincon-de-los-sauces-el-02-05-2026\/\">Corte Programado en sectores de Rinc\u00f3n de los Sauces el 02\/05\/2026<\/a>\n\t\t\t\t\t\t\t\t\t\t\t<span class=\"post-date\">30\/04\/2026<\/span>\n\t\t\t\t\t\t\t\t\t<\/li>\n\t\t\t\t\t\t\t\t\t\t\t<li>\n\t\t\t\t\t<a href=\"https:\/\/www.epen.gov.ar\/index.php\/2026\/04\/30\/licitacion-publica-n-14-2026-contratacion-de-servicios-de-desarrollo-y-mantenimiento-de-sistemas-informaticos\/\">LICITACI\u00d3N P\u00daBLICA N\u00b0 14\/2026 CONTRATACI\u00d3N DE SERVICIOS DE DESARROLLO Y MANTENIMIENTO DE SISTEMAS INFORM\u00c1TICOS<\/a>\n\t\t\t\t\t\t\t\t\t\t\t<span class=\"post-date\">30\/04\/2026<\/span>\n\t\t\t\t\t\t\t\t\t<\/li>\n\t\t\t\t\t\t\t\t\t\t\t<li>\n\t\t\t\t\t<a href=\"https:\/\/www.epen.gov.ar\/index.php\/2026\/04\/29\/corte-programado-en-sectores-de-centenario-el-30-04-2026\/\">Corte Programado en sectores de Centenario el 30\/04\/2026<\/a>\n\t\t\t\t\t\t\t\t\t\t\t<span class=\"post-date\">29\/04\/2026<\/span>\n\t\t\t\t\t\t\t\t\t<\/li>\n\t\t\t\t\t\t\t\t\t\t\t<li>\n\t\t\t\t\t<a href=\"https:\/\/www.epen.gov.ar\/index.php\/2026\/04\/28\/el-epen-impulsa-el-desarrollo-de-varvarco-con-nueva-infraestructura-para-17-lotes\/\">El EPEN impulsa el desarrollo de Varvarco con nueva infraestructura para 17 lotes<\/a>\n\t\t\t\t\t\t\t\t\t\t\t<span class=\"post-date\">28\/04\/2026<\/span>\n\t\t\t\t\t\t\t\t\t<\/li>\n\t\t\t\t\t\t\t\t\t\t\t<li>\n\t\t\t\t\t<a href=\"https:\/\/www.epen.gov.ar\/index.php\/2026\/04\/28\/corte-programado-en-sectores-de-zona-nahueve-el-30-04-2026\/\">Corte Programado en sectores de zona Nahueve el 30\/04\/2026<\/a>\n\t\t\t\t\t\t\t\t\t\t\t<span class=\"post-date\">28\/04\/2026<\/span>\n\t\t\t\t\t\t\t\t\t<\/li>\n\t\t\t\t\t<\/ul>\n\n\t\t<\/section><div class=\"fusion-additional-widget-content\"><\/div><\/div><div class=\"fusion-clearfix\"><\/div><\/div><\/div><\/div><\/div>\n","protected":false},"excerpt":{"rendered":"","protected":false},"author":1,"featured_media":22389,"comment_status":"open","ping_status":"open","sticky":false,"template":"","format":"standard","meta":{"_exactmetrics_skip_tracking":false,"_exactmetrics_sitenote_active":false,"_exactmetrics_sitenote_note":"","_exactmetrics_sitenote_category":0,"footnotes":""},"categories":[84],"tags":[],"class_list":["post-22376","post","type-post","status-publish","format-standard","has-post-thumbnail","hentry","category-noticias"],"yoast_head":"<!-- This site is optimized with the Yoast SEO plugin v27.2 - https:\/\/yoast.com\/product\/yoast-seo-wordpress\/ -->\n<title>EPEN - Se restableci\u00f3 el servicio en Neuqu\u00e9n y Plottier<\/title>\n<meta name=\"description\" content=\"Se restableci\u00f3 el servicio en Neuqu\u00e9n y Plottier\" \/>\n<meta name=\"robots\" content=\"index, follow, max-snippet:-1, max-image-preview:large, max-video-preview:-1\" \/>\n<link rel=\"canonical\" href=\"https:\/\/www.epen.gov.ar\/index.php\/2021\/01\/28\/se-restablecio-el-servicio-en-neuquen-y-plottier\/\" \/>\n<meta property=\"og:locale\" content=\"es_ES\" \/>\n<meta property=\"og:type\" content=\"article\" \/>\n<meta property=\"og:title\" content=\"EPEN - Se restableci\u00f3 el servicio en Neuqu\u00e9n y Plottier\" \/>\n<meta property=\"og:description\" content=\"Se restableci\u00f3 el servicio en Neuqu\u00e9n y Plottier\" \/>\n<meta property=\"og:url\" content=\"https:\/\/www.epen.gov.ar\/index.php\/2021\/01\/28\/se-restablecio-el-servicio-en-neuquen-y-plottier\/\" \/>\n<meta property=\"og:site_name\" content=\"EPEN\" \/>\n<meta property=\"article:publisher\" content=\"https:\/\/www.facebook.com\/EPEN.Neuquen\" \/>\n<meta property=\"article:published_time\" content=\"2021-01-28T23:34:06+00:00\" \/>\n<meta property=\"og:image\" content=\"https:\/\/www.epen.gov.ar\/wp-content\/uploads\/2021\/01\/ET-Gran-Neuquen-EPEN.jpg\" \/>\n\t<meta property=\"og:image:width\" content=\"1280\" \/>\n\t<meta property=\"og:image:height\" content=\"720\" \/>\n\t<meta property=\"og:image:type\" content=\"image\/jpeg\" \/>\n<meta name=\"author\" content=\"Prensa EPEN\" \/>\n<meta name=\"twitter:card\" content=\"summary_large_image\" \/>\n<meta name=\"twitter:creator\" content=\"@EPEN_Informa\" \/>\n<meta name=\"twitter:site\" content=\"@EPEN_Informa\" \/>\n<meta name=\"twitter:label1\" content=\"Escrito por\" \/>\n\t<meta name=\"twitter:data1\" content=\"Prensa EPEN\" \/>\n\t<meta name=\"twitter:label2\" content=\"Tiempo de lectura\" \/>\n\t<meta name=\"twitter:data2\" content=\"4 minutos\" \/>\n<script type=\"application\/ld+json\" class=\"yoast-schema-graph\">{\"@context\":\"https:\/\/schema.org\",\"@graph\":[{\"@type\":\"Article\",\"@id\":\"https:\/\/www.epen.gov.ar\/index.php\/2021\/01\/28\/se-restablecio-el-servicio-en-neuquen-y-plottier\/#article\",\"isPartOf\":{\"@id\":\"https:\/\/www.epen.gov.ar\/index.php\/2021\/01\/28\/se-restablecio-el-servicio-en-neuquen-y-plottier\/\"},\"author\":{\"name\":\"Prensa EPEN\",\"@id\":\"https:\/\/www.epen.gov.ar\/#\/schema\/person\/ce6cff87c2fc01264becc10fa105ad4f\"},\"headline\":\"Se restableci\u00f3 el servicio en Neuqu\u00e9n y Plottier\",\"datePublished\":\"2021-01-28T23:34:06+00:00\",\"mainEntityOfPage\":{\"@id\":\"https:\/\/www.epen.gov.ar\/index.php\/2021\/01\/28\/se-restablecio-el-servicio-en-neuquen-y-plottier\/\"},\"wordCount\":786,\"commentCount\":0,\"publisher\":{\"@id\":\"https:\/\/www.epen.gov.ar\/#organization\"},\"image\":{\"@id\":\"https:\/\/www.epen.gov.ar\/index.php\/2021\/01\/28\/se-restablecio-el-servicio-en-neuquen-y-plottier\/#primaryimage\"},\"thumbnailUrl\":\"https:\/\/www.epen.gov.ar\/wp-content\/uploads\/2021\/01\/ET-Gran-Neuquen-EPEN.jpg\",\"articleSection\":[\"Noticias\"],\"inLanguage\":\"es\",\"potentialAction\":[{\"@type\":\"CommentAction\",\"name\":\"Comment\",\"target\":[\"https:\/\/www.epen.gov.ar\/index.php\/2021\/01\/28\/se-restablecio-el-servicio-en-neuquen-y-plottier\/#respond\"]}]},{\"@type\":\"WebPage\",\"@id\":\"https:\/\/www.epen.gov.ar\/index.php\/2021\/01\/28\/se-restablecio-el-servicio-en-neuquen-y-plottier\/\",\"url\":\"https:\/\/www.epen.gov.ar\/index.php\/2021\/01\/28\/se-restablecio-el-servicio-en-neuquen-y-plottier\/\",\"name\":\"EPEN - Se restableci\u00f3 el servicio en Neuqu\u00e9n y Plottier\",\"isPartOf\":{\"@id\":\"https:\/\/www.epen.gov.ar\/#website\"},\"primaryImageOfPage\":{\"@id\":\"https:\/\/www.epen.gov.ar\/index.php\/2021\/01\/28\/se-restablecio-el-servicio-en-neuquen-y-plottier\/#primaryimage\"},\"image\":{\"@id\":\"https:\/\/www.epen.gov.ar\/index.php\/2021\/01\/28\/se-restablecio-el-servicio-en-neuquen-y-plottier\/#primaryimage\"},\"thumbnailUrl\":\"https:\/\/www.epen.gov.ar\/wp-content\/uploads\/2021\/01\/ET-Gran-Neuquen-EPEN.jpg\",\"datePublished\":\"2021-01-28T23:34:06+00:00\",\"description\":\"Se restableci\u00f3 el servicio en Neuqu\u00e9n y Plottier\",\"breadcrumb\":{\"@id\":\"https:\/\/www.epen.gov.ar\/index.php\/2021\/01\/28\/se-restablecio-el-servicio-en-neuquen-y-plottier\/#breadcrumb\"},\"inLanguage\":\"es\",\"potentialAction\":[{\"@type\":\"ReadAction\",\"target\":[\"https:\/\/www.epen.gov.ar\/index.php\/2021\/01\/28\/se-restablecio-el-servicio-en-neuquen-y-plottier\/\"]}]},{\"@type\":\"ImageObject\",\"inLanguage\":\"es\",\"@id\":\"https:\/\/www.epen.gov.ar\/index.php\/2021\/01\/28\/se-restablecio-el-servicio-en-neuquen-y-plottier\/#primaryimage\",\"url\":\"https:\/\/www.epen.gov.ar\/wp-content\/uploads\/2021\/01\/ET-Gran-Neuquen-EPEN.jpg\",\"contentUrl\":\"https:\/\/www.epen.gov.ar\/wp-content\/uploads\/2021\/01\/ET-Gran-Neuquen-EPEN.jpg\",\"width\":1280,\"height\":720},{\"@type\":\"BreadcrumbList\",\"@id\":\"https:\/\/www.epen.gov.ar\/index.php\/2021\/01\/28\/se-restablecio-el-servicio-en-neuquen-y-plottier\/#breadcrumb\",\"itemListElement\":[{\"@type\":\"ListItem\",\"position\":1,\"name\":\"Inicio\",\"item\":\"https:\/\/www.epen.gov.ar\/\"},{\"@type\":\"ListItem\",\"position\":2,\"name\":\"Se restableci\u00f3 el servicio en Neuqu\u00e9n y Plottier\"}]},{\"@type\":\"WebSite\",\"@id\":\"https:\/\/www.epen.gov.ar\/#website\",\"url\":\"https:\/\/www.epen.gov.ar\/\",\"name\":\"EPEN\",\"description\":\"Ente Provincial de Energ\u00eda del Neuqu\u00e9n\",\"publisher\":{\"@id\":\"https:\/\/www.epen.gov.ar\/#organization\"},\"potentialAction\":[{\"@type\":\"SearchAction\",\"target\":{\"@type\":\"EntryPoint\",\"urlTemplate\":\"https:\/\/www.epen.gov.ar\/?s={search_term_string}\"},\"query-input\":{\"@type\":\"PropertyValueSpecification\",\"valueRequired\":true,\"valueName\":\"search_term_string\"}}],\"inLanguage\":\"es\"},{\"@type\":\"Organization\",\"@id\":\"https:\/\/www.epen.gov.ar\/#organization\",\"name\":\"Ente Provincial de Energ\u00eda del Neuqu\u00e9n\",\"url\":\"https:\/\/www.epen.gov.ar\/\",\"logo\":{\"@type\":\"ImageObject\",\"inLanguage\":\"es\",\"@id\":\"https:\/\/www.epen.gov.ar\/#\/schema\/logo\/image\/\",\"url\":\"https:\/\/www.epen.gov.ar\/wp-content\/uploads\/2024\/02\/Logo-EPEN-2.jpg\",\"contentUrl\":\"https:\/\/www.epen.gov.ar\/wp-content\/uploads\/2024\/02\/Logo-EPEN-2.jpg\",\"width\":696,\"height\":696,\"caption\":\"Ente Provincial de Energ\u00eda del Neuqu\u00e9n\"},\"image\":{\"@id\":\"https:\/\/www.epen.gov.ar\/#\/schema\/logo\/image\/\"},\"sameAs\":[\"https:\/\/www.facebook.com\/EPEN.Neuquen\",\"https:\/\/x.com\/EPEN_Informa\",\"https:\/\/www.youtube.com\/@epenprensa7384\"]},{\"@type\":\"Person\",\"@id\":\"https:\/\/www.epen.gov.ar\/#\/schema\/person\/ce6cff87c2fc01264becc10fa105ad4f\",\"name\":\"Prensa EPEN\",\"image\":{\"@type\":\"ImageObject\",\"inLanguage\":\"es\",\"@id\":\"https:\/\/secure.gravatar.com\/avatar\/f8120b8688012ccf2d7fbcf7a970cfbabf0ab63b09c2dbd72c194bee080070e9?s=96&d=mm&r=g\",\"url\":\"https:\/\/secure.gravatar.com\/avatar\/f8120b8688012ccf2d7fbcf7a970cfbabf0ab63b09c2dbd72c194bee080070e9?s=96&d=mm&r=g\",\"contentUrl\":\"https:\/\/secure.gravatar.com\/avatar\/f8120b8688012ccf2d7fbcf7a970cfbabf0ab63b09c2dbd72c194bee080070e9?s=96&d=mm&r=g\",\"caption\":\"Prensa EPEN\"},\"url\":\"https:\/\/www.epen.gov.ar\/index.php\/author\/admin\/\"}]}<\/script>\n<!-- \/ Yoast SEO plugin. -->","yoast_head_json":{"title":"EPEN - Se restableci\u00f3 el servicio en Neuqu\u00e9n y Plottier","description":"Se restableci\u00f3 el servicio en Neuqu\u00e9n y Plottier","robots":{"index":"index","follow":"follow","max-snippet":"max-snippet:-1","max-image-preview":"max-image-preview:large","max-video-preview":"max-video-preview:-1"},"canonical":"https:\/\/www.epen.gov.ar\/index.php\/2021\/01\/28\/se-restablecio-el-servicio-en-neuquen-y-plottier\/","og_locale":"es_ES","og_type":"article","og_title":"EPEN - Se restableci\u00f3 el servicio en Neuqu\u00e9n y Plottier","og_description":"Se restableci\u00f3 el servicio en Neuqu\u00e9n y Plottier","og_url":"https:\/\/www.epen.gov.ar\/index.php\/2021\/01\/28\/se-restablecio-el-servicio-en-neuquen-y-plottier\/","og_site_name":"EPEN","article_publisher":"https:\/\/www.facebook.com\/EPEN.Neuquen","article_published_time":"2021-01-28T23:34:06+00:00","og_image":[{"width":1280,"height":720,"url":"https:\/\/www.epen.gov.ar\/wp-content\/uploads\/2021\/01\/ET-Gran-Neuquen-EPEN.jpg","type":"image\/jpeg"}],"author":"Prensa EPEN","twitter_card":"summary_large_image","twitter_creator":"@EPEN_Informa","twitter_site":"@EPEN_Informa","twitter_misc":{"Escrito por":"Prensa EPEN","Tiempo de lectura":"4 minutos"},"schema":{"@context":"https:\/\/schema.org","@graph":[{"@type":"Article","@id":"https:\/\/www.epen.gov.ar\/index.php\/2021\/01\/28\/se-restablecio-el-servicio-en-neuquen-y-plottier\/#article","isPartOf":{"@id":"https:\/\/www.epen.gov.ar\/index.php\/2021\/01\/28\/se-restablecio-el-servicio-en-neuquen-y-plottier\/"},"author":{"name":"Prensa EPEN","@id":"https:\/\/www.epen.gov.ar\/#\/schema\/person\/ce6cff87c2fc01264becc10fa105ad4f"},"headline":"Se restableci\u00f3 el servicio en Neuqu\u00e9n y Plottier","datePublished":"2021-01-28T23:34:06+00:00","mainEntityOfPage":{"@id":"https:\/\/www.epen.gov.ar\/index.php\/2021\/01\/28\/se-restablecio-el-servicio-en-neuquen-y-plottier\/"},"wordCount":786,"commentCount":0,"publisher":{"@id":"https:\/\/www.epen.gov.ar\/#organization"},"image":{"@id":"https:\/\/www.epen.gov.ar\/index.php\/2021\/01\/28\/se-restablecio-el-servicio-en-neuquen-y-plottier\/#primaryimage"},"thumbnailUrl":"https:\/\/www.epen.gov.ar\/wp-content\/uploads\/2021\/01\/ET-Gran-Neuquen-EPEN.jpg","articleSection":["Noticias"],"inLanguage":"es","potentialAction":[{"@type":"CommentAction","name":"Comment","target":["https:\/\/www.epen.gov.ar\/index.php\/2021\/01\/28\/se-restablecio-el-servicio-en-neuquen-y-plottier\/#respond"]}]},{"@type":"WebPage","@id":"https:\/\/www.epen.gov.ar\/index.php\/2021\/01\/28\/se-restablecio-el-servicio-en-neuquen-y-plottier\/","url":"https:\/\/www.epen.gov.ar\/index.php\/2021\/01\/28\/se-restablecio-el-servicio-en-neuquen-y-plottier\/","name":"EPEN - Se restableci\u00f3 el servicio en Neuqu\u00e9n y Plottier","isPartOf":{"@id":"https:\/\/www.epen.gov.ar\/#website"},"primaryImageOfPage":{"@id":"https:\/\/www.epen.gov.ar\/index.php\/2021\/01\/28\/se-restablecio-el-servicio-en-neuquen-y-plottier\/#primaryimage"},"image":{"@id":"https:\/\/www.epen.gov.ar\/index.php\/2021\/01\/28\/se-restablecio-el-servicio-en-neuquen-y-plottier\/#primaryimage"},"thumbnailUrl":"https:\/\/www.epen.gov.ar\/wp-content\/uploads\/2021\/01\/ET-Gran-Neuquen-EPEN.jpg","datePublished":"2021-01-28T23:34:06+00:00","description":"Se restableci\u00f3 el servicio en Neuqu\u00e9n y Plottier","breadcrumb":{"@id":"https:\/\/www.epen.gov.ar\/index.php\/2021\/01\/28\/se-restablecio-el-servicio-en-neuquen-y-plottier\/#breadcrumb"},"inLanguage":"es","potentialAction":[{"@type":"ReadAction","target":["https:\/\/www.epen.gov.ar\/index.php\/2021\/01\/28\/se-restablecio-el-servicio-en-neuquen-y-plottier\/"]}]},{"@type":"ImageObject","inLanguage":"es","@id":"https:\/\/www.epen.gov.ar\/index.php\/2021\/01\/28\/se-restablecio-el-servicio-en-neuquen-y-plottier\/#primaryimage","url":"https:\/\/www.epen.gov.ar\/wp-content\/uploads\/2021\/01\/ET-Gran-Neuquen-EPEN.jpg","contentUrl":"https:\/\/www.epen.gov.ar\/wp-content\/uploads\/2021\/01\/ET-Gran-Neuquen-EPEN.jpg","width":1280,"height":720},{"@type":"BreadcrumbList","@id":"https:\/\/www.epen.gov.ar\/index.php\/2021\/01\/28\/se-restablecio-el-servicio-en-neuquen-y-plottier\/#breadcrumb","itemListElement":[{"@type":"ListItem","position":1,"name":"Inicio","item":"https:\/\/www.epen.gov.ar\/"},{"@type":"ListItem","position":2,"name":"Se restableci\u00f3 el servicio en Neuqu\u00e9n y Plottier"}]},{"@type":"WebSite","@id":"https:\/\/www.epen.gov.ar\/#website","url":"https:\/\/www.epen.gov.ar\/","name":"EPEN","description":"Ente Provincial de Energ\u00eda del Neuqu\u00e9n","publisher":{"@id":"https:\/\/www.epen.gov.ar\/#organization"},"potentialAction":[{"@type":"SearchAction","target":{"@type":"EntryPoint","urlTemplate":"https:\/\/www.epen.gov.ar\/?s={search_term_string}"},"query-input":{"@type":"PropertyValueSpecification","valueRequired":true,"valueName":"search_term_string"}}],"inLanguage":"es"},{"@type":"Organization","@id":"https:\/\/www.epen.gov.ar\/#organization","name":"Ente Provincial de Energ\u00eda del Neuqu\u00e9n","url":"https:\/\/www.epen.gov.ar\/","logo":{"@type":"ImageObject","inLanguage":"es","@id":"https:\/\/www.epen.gov.ar\/#\/schema\/logo\/image\/","url":"https:\/\/www.epen.gov.ar\/wp-content\/uploads\/2024\/02\/Logo-EPEN-2.jpg","contentUrl":"https:\/\/www.epen.gov.ar\/wp-content\/uploads\/2024\/02\/Logo-EPEN-2.jpg","width":696,"height":696,"caption":"Ente Provincial de Energ\u00eda del Neuqu\u00e9n"},"image":{"@id":"https:\/\/www.epen.gov.ar\/#\/schema\/logo\/image\/"},"sameAs":["https:\/\/www.facebook.com\/EPEN.Neuquen","https:\/\/x.com\/EPEN_Informa","https:\/\/www.youtube.com\/@epenprensa7384"]},{"@type":"Person","@id":"https:\/\/www.epen.gov.ar\/#\/schema\/person\/ce6cff87c2fc01264becc10fa105ad4f","name":"Prensa EPEN","image":{"@type":"ImageObject","inLanguage":"es","@id":"https:\/\/secure.gravatar.com\/avatar\/f8120b8688012ccf2d7fbcf7a970cfbabf0ab63b09c2dbd72c194bee080070e9?s=96&d=mm&r=g","url":"https:\/\/secure.gravatar.com\/avatar\/f8120b8688012ccf2d7fbcf7a970cfbabf0ab63b09c2dbd72c194bee080070e9?s=96&d=mm&r=g","contentUrl":"https:\/\/secure.gravatar.com\/avatar\/f8120b8688012ccf2d7fbcf7a970cfbabf0ab63b09c2dbd72c194bee080070e9?s=96&d=mm&r=g","caption":"Prensa EPEN"},"url":"https:\/\/www.epen.gov.ar\/index.php\/author\/admin\/"}]}},"_links":{"self":[{"href":"https:\/\/www.epen.gov.ar\/index.php\/wp-json\/wp\/v2\/posts\/22376","targetHints":{"allow":["GET"]}}],"collection":[{"href":"https:\/\/www.epen.gov.ar\/index.php\/wp-json\/wp\/v2\/posts"}],"about":[{"href":"https:\/\/www.epen.gov.ar\/index.php\/wp-json\/wp\/v2\/types\/post"}],"author":[{"embeddable":true,"href":"https:\/\/www.epen.gov.ar\/index.php\/wp-json\/wp\/v2\/users\/1"}],"replies":[{"embeddable":true,"href":"https:\/\/www.epen.gov.ar\/index.php\/wp-json\/wp\/v2\/comments?post=22376"}],"version-history":[{"count":2,"href":"https:\/\/www.epen.gov.ar\/index.php\/wp-json\/wp\/v2\/posts\/22376\/revisions"}],"predecessor-version":[{"id":41830,"href":"https:\/\/www.epen.gov.ar\/index.php\/wp-json\/wp\/v2\/posts\/22376\/revisions\/41830"}],"wp:featuredmedia":[{"embeddable":true,"href":"https:\/\/www.epen.gov.ar\/index.php\/wp-json\/wp\/v2\/media\/22389"}],"wp:attachment":[{"href":"https:\/\/www.epen.gov.ar\/index.php\/wp-json\/wp\/v2\/media?parent=22376"}],"wp:term":[{"taxonomy":"category","embeddable":true,"href":"https:\/\/www.epen.gov.ar\/index.php\/wp-json\/wp\/v2\/categories?post=22376"},{"taxonomy":"post_tag","embeddable":true,"href":"https:\/\/www.epen.gov.ar\/index.php\/wp-json\/wp\/v2\/tags?post=22376"}],"curies":[{"name":"wp","href":"https:\/\/api.w.org\/{rel}","templated":true}]}}