{"id":22118,"date":"2021-01-26T20:19:49","date_gmt":"2021-01-26T23:19:49","guid":{"rendered":"http:\/\/192.168.200.48\/?p=22118"},"modified":"2021-11-09T10:24:36","modified_gmt":"2021-11-09T13:24:36","slug":"el-epen-suma-el-alumbrado-de-el-chocon","status":"publish","type":"post","link":"https:\/\/www.epen.gov.ar\/index.php\/2021\/01\/26\/el-epen-suma-el-alumbrado-de-el-chocon\/","title":{"rendered":"El EPEN suma el alumbrado de El Choc\u00f3n"},"content":{"rendered":"<div class=\"fusion-fullwidth fullwidth-box fusion-builder-row-1 nonhundred-percent-fullwidth non-hundred-percent-height-scrolling\" style=\"--awb-border-radius-top-left:0px;--awb-border-radius-top-right:0px;--awb-border-radius-bottom-right:0px;--awb-border-radius-bottom-left:0px;--awb-flex-wrap:wrap;\" ><div class=\"fusion-builder-row fusion-row\"><div class=\"fusion-layout-column fusion_builder_column fusion-builder-column-0 fusion_builder_column_2_3 2_3 fusion-two-third fusion-column-first\" style=\"--awb-bg-size:cover;width:66.666666666667%;width:calc(66.666666666667% - ( ( 4% ) * 0.66666666666667 ) );margin-right: 4%;\"><div class=\"fusion-column-wrapper fusion-column-has-shadow fusion-flex-column-wrapper-legacy\"><div class=\"fusion-text fusion-text-1\"><p style=\"text-align: justify;\"><strong><em>Se firm\u00f3 el acuerdo para regularizar la operaci\u00f3n y mantenimiento del alumbrado p\u00fablico a trav\u00e9s del ente provincial. El parque lum\u00ednico abarca unas mil luminarias.<\/em><\/strong><\/p>\n<p style=\"text-align: justify;\">El Ente Provincial de Energ\u00eda del Neuqu\u00e9n (EPEN) dependiente de la secretaria general y servicios p\u00fablicos informa que se llev\u00f3 a cabo la firma de un Convenio para la operaci\u00f3n y mantenimiento del servicio de alumbrado p\u00fablico en la localidad de Villa El Choc\u00f3n.<\/p>\n<p style=\"text-align: justify;\">El acuerdo fue rubricado por el intendente de la localidad Nicol\u00e1s Di Fonzo y el presidente del EPEN, Francisco Zamb\u00f3n junto al jefe del servicio el\u00e9ctrico y el presidente del concejo deliberante local, entre otras autoridades. En el mismo, se acord\u00f3 sentar las bases para la ejecuci\u00f3n de tareas sobre el alumbrado en calles y avenidas, el cual ahora ser\u00e1 atendido por el EPEN.<\/p>\n<p style=\"text-align: justify;\">Dicho plan de tareas incluir\u00e1 recambio de l\u00e1mparas y\/o equipos auxiliares ante roturas o da\u00f1o, la conservaci\u00f3n de cada luminaria, limpieza peri\u00f3dica, mantenimiento y reparaci\u00f3n de gabinetes de comando, pintura de columnas y atenci\u00f3n de reclamos y solicitudes, entre otras.<\/p>\n<p style=\"text-align: justify;\">De esta forma, el intendente local Di Fonzo, expres\u00f3: &#8211; \u201ces un cambio muy positivo para la localidad, es un trabajo muy t\u00e9cnico y especifico y ahora, con las herramientas adecuadas para la seguridad de los operadores y el EPEN, que es la empresa que tiene todas las habilidades para hacerlo, este convenio traer\u00e1 mayor calidad de vida para todos los vecinos de Villa EL Chocon\u201d.<\/p>\n<p style=\"text-align: justify;\">Por su parte, Zambon indic\u00f3: &#8211; \u201cA partir de ahora nos vamos a hacer cargo del mantenimiento de alumbrado p\u00fablico -que est\u00e1 en la v\u00eda p\u00fablica- esto incluye la expansi\u00f3n del 1% de las luminarias de forma anual, y tenemos obligaciones en cuanto a tiempo de respuestas para la atenci\u00f3n de reclamos. El convenio es a diez a\u00f1os, y prev\u00e9 actualizaciones peri\u00f3dicas, tanto de la cantidad de luminarias como del costo del servicio y tiene la ventaja que el EPEN desde hace un tiempo tiene un programa de recambio por tecnolog\u00eda m\u00e1s moderna, de sodio hacia LED, y en forma paulatina vamos a ir haciendo este recambio tambi\u00e9n en El Choc\u00f3n\u201d.<\/p>\n<p style=\"text-align: justify;\">Como parte del Plan quinquenal, el EPEN contin\u00faa buscando fuentes de financiamiento para llevar a cabo el recambio global a Led en toda la provincia. En este sentido el presidente del EPEN puntualiz\u00f3 que: &#8211; \u201cMientras tanto, vamos haciendo el recambio en algunas localidades\u201d.<\/p>\n<p style=\"text-align: justify;\">Adem\u00e1s, el EPEN iniciar\u00e1 dos obras hacia marzo de 2021, una para el suministro de energ\u00eda el\u00e9ctrica para el Centro de convenciones, con un transformador de 315 kilovolt amper y una l\u00ednea de media tensi\u00f3n de 450 metros aproximadamente, y otra, que consiste en el suministro al basurero municipal, con un costo del orden de los dos millones de pesos, junto a otros proyectos que el intendente ha solicitado.<\/p>\n<\/div><div class=\"fusion-clearfix\"><\/div><\/div><\/div><div class=\"fusion-layout-column fusion_builder_column fusion-builder-column-1 fusion_builder_column_1_3 1_3 fusion-one-third fusion-column-last\" style=\"--awb-bg-size:cover;width:33.333333333333%;width:calc(33.333333333333% - ( ( 4% ) * 0.33333333333333 ) );\"><div class=\"fusion-column-wrapper fusion-column-has-shadow fusion-flex-column-wrapper-legacy\"><div class=\"fusion-widget-area awb-widget-area-element fusion-widget-area-1 fusion-content-widget-area\" style=\"--awb-title-size:20px;--awb-title-color:#333333;--awb-padding:0px 0px 0px 0px;\"><style type=\"text\/css\" data-id=\"tweets-widget-2\">#tweets-widget-2 li { border-color:#eaeaea;}<\/style><section id=\"tweets-widget-2\" class=\"widget tweets\" style=\"border-style: solid;border-color: #eaeaea;border-color:transparent;border-width:0px;\">\t\t\t\t\n\t\t<div style=\"overflow:hidden\">\n\t\t\t\t\t\t\t\t\t\t\t<a class=\"twitter-timeline\" data-dnt=\"true\" href=\"https:\/\/twitter.com\/@EPEN_Informa\" data-width=\"500\" data-height=\"300\" width=\"500\" height=\"300\" data-theme=\"light\" data-link-color=\"##25a9bd\" data-border-color=\"#eaeaea\" data-chrome=\"\">Tweets por @EPEN_Informa<\/a>\n\t\t\t\t\t\t\t\n\t\t\t\t\t\t\t\t\t\t\t<script async src=\"\/\/platform.twitter.com\/widgets.js\" charset=\"utf-8\"><\/script>\n\t\t\t\t\t\t\t\n\t\t<\/div>\n\t\t<\/section>\n\t\t<section id=\"recent-posts-3\" class=\"widget widget_recent_entries\" style=\"border-style: solid;border-color:transparent;border-width:0px;\">\n\t\t<div class=\"heading\"><h4 class=\"widget-title\">Entradas recientes<\/h4><\/div>\n\t\t<ul>\n\t\t\t\t\t\t\t\t\t\t\t<li>\n\t\t\t\t\t<a href=\"https:\/\/www.epen.gov.ar\/index.php\/2026\/04\/30\/corte-programado-en-sectores-de-rincon-de-los-sauces-el-02-05-2026\/\">Corte Programado en sectores de Rinc\u00f3n de los Sauces el 02\/05\/2026<\/a>\n\t\t\t\t\t\t\t\t\t\t\t<span class=\"post-date\">30\/04\/2026<\/span>\n\t\t\t\t\t\t\t\t\t<\/li>\n\t\t\t\t\t\t\t\t\t\t\t<li>\n\t\t\t\t\t<a href=\"https:\/\/www.epen.gov.ar\/index.php\/2026\/04\/30\/licitacion-publica-n-14-2026-contratacion-de-servicios-de-desarrollo-y-mantenimiento-de-sistemas-informaticos\/\">LICITACI\u00d3N P\u00daBLICA N\u00b0 14\/2026 CONTRATACI\u00d3N DE SERVICIOS DE DESARROLLO Y MANTENIMIENTO DE SISTEMAS INFORM\u00c1TICOS<\/a>\n\t\t\t\t\t\t\t\t\t\t\t<span class=\"post-date\">30\/04\/2026<\/span>\n\t\t\t\t\t\t\t\t\t<\/li>\n\t\t\t\t\t\t\t\t\t\t\t<li>\n\t\t\t\t\t<a href=\"https:\/\/www.epen.gov.ar\/index.php\/2026\/04\/29\/corte-programado-en-sectores-de-centenario-el-30-04-2026\/\">Corte Programado en sectores de Centenario el 30\/04\/2026<\/a>\n\t\t\t\t\t\t\t\t\t\t\t<span class=\"post-date\">29\/04\/2026<\/span>\n\t\t\t\t\t\t\t\t\t<\/li>\n\t\t\t\t\t\t\t\t\t\t\t<li>\n\t\t\t\t\t<a href=\"https:\/\/www.epen.gov.ar\/index.php\/2026\/04\/28\/el-epen-impulsa-el-desarrollo-de-varvarco-con-nueva-infraestructura-para-17-lotes\/\">El EPEN impulsa el desarrollo de Varvarco con nueva infraestructura para 17 lotes<\/a>\n\t\t\t\t\t\t\t\t\t\t\t<span class=\"post-date\">28\/04\/2026<\/span>\n\t\t\t\t\t\t\t\t\t<\/li>\n\t\t\t\t\t\t\t\t\t\t\t<li>\n\t\t\t\t\t<a href=\"https:\/\/www.epen.gov.ar\/index.php\/2026\/04\/28\/corte-programado-en-sectores-de-zona-nahueve-el-30-04-2026\/\">Corte Programado en sectores de zona Nahueve el 30\/04\/2026<\/a>\n\t\t\t\t\t\t\t\t\t\t\t<span class=\"post-date\">28\/04\/2026<\/span>\n\t\t\t\t\t\t\t\t\t<\/li>\n\t\t\t\t\t<\/ul>\n\n\t\t<\/section><div class=\"fusion-additional-widget-content\"><\/div><\/div><div class=\"fusion-clearfix\"><\/div><\/div><\/div><\/div><\/div>\n","protected":false},"excerpt":{"rendered":"","protected":false},"author":1,"featured_media":22131,"comment_status":"open","ping_status":"open","sticky":false,"template":"","format":"standard","meta":{"_exactmetrics_skip_tracking":false,"_exactmetrics_sitenote_active":false,"_exactmetrics_sitenote_note":"","_exactmetrics_sitenote_category":0,"footnotes":""},"categories":[84],"tags":[317,319,145],"class_list":["post-22118","post","type-post","status-publish","format-standard","has-post-thumbnail","hentry","category-noticias","tag-ambiente","tag-calidad","tag-seguridad-publica"],"yoast_head":"<!-- This site is optimized with the Yoast SEO plugin v27.2 - https:\/\/yoast.com\/product\/yoast-seo-wordpress\/ -->\n<title>EPEN - El EPEN suma el alumbrado de El Choc\u00f3n<\/title>\n<meta name=\"description\" content=\"El EPEN suma el alumbrado de El Choc\u00f3n\" \/>\n<meta name=\"robots\" content=\"index, follow, max-snippet:-1, max-image-preview:large, max-video-preview:-1\" \/>\n<link rel=\"canonical\" href=\"https:\/\/www.epen.gov.ar\/index.php\/2021\/01\/26\/el-epen-suma-el-alumbrado-de-el-chocon\/\" \/>\n<meta property=\"og:locale\" content=\"es_ES\" \/>\n<meta property=\"og:type\" content=\"article\" \/>\n<meta property=\"og:title\" content=\"EPEN - El EPEN suma el alumbrado de El Choc\u00f3n\" \/>\n<meta property=\"og:description\" content=\"El EPEN suma el alumbrado de El Choc\u00f3n\" \/>\n<meta property=\"og:url\" content=\"https:\/\/www.epen.gov.ar\/index.php\/2021\/01\/26\/el-epen-suma-el-alumbrado-de-el-chocon\/\" \/>\n<meta property=\"og:site_name\" content=\"EPEN\" \/>\n<meta property=\"article:publisher\" content=\"https:\/\/www.facebook.com\/EPEN.Neuquen\" \/>\n<meta property=\"article:published_time\" content=\"2021-01-26T23:19:49+00:00\" \/>\n<meta property=\"article:modified_time\" content=\"2021-11-09T13:24:36+00:00\" \/>\n<meta property=\"og:image\" content=\"https:\/\/www.epen.gov.ar\/wp-content\/uploads\/2021\/01\/WEB.EPEN-convenio-El-Chocon-1.jpg\" \/>\n\t<meta property=\"og:image:width\" content=\"1531\" \/>\n\t<meta property=\"og:image:height\" content=\"756\" \/>\n\t<meta property=\"og:image:type\" content=\"image\/jpeg\" \/>\n<meta name=\"author\" content=\"Prensa EPEN\" \/>\n<meta name=\"twitter:card\" content=\"summary_large_image\" \/>\n<meta name=\"twitter:creator\" content=\"@EPEN_Informa\" \/>\n<meta name=\"twitter:site\" content=\"@EPEN_Informa\" \/>\n<meta name=\"twitter:label1\" content=\"Escrito por\" \/>\n\t<meta name=\"twitter:data1\" content=\"Prensa EPEN\" \/>\n\t<meta name=\"twitter:label2\" content=\"Tiempo de lectura\" \/>\n\t<meta name=\"twitter:data2\" content=\"5 minutos\" \/>\n<script type=\"application\/ld+json\" class=\"yoast-schema-graph\">{\"@context\":\"https:\/\/schema.org\",\"@graph\":[{\"@type\":\"Article\",\"@id\":\"https:\/\/www.epen.gov.ar\/index.php\/2021\/01\/26\/el-epen-suma-el-alumbrado-de-el-chocon\/#article\",\"isPartOf\":{\"@id\":\"https:\/\/www.epen.gov.ar\/index.php\/2021\/01\/26\/el-epen-suma-el-alumbrado-de-el-chocon\/\"},\"author\":{\"name\":\"Prensa EPEN\",\"@id\":\"https:\/\/www.epen.gov.ar\/#\/schema\/person\/ce6cff87c2fc01264becc10fa105ad4f\"},\"headline\":\"El EPEN suma el alumbrado de El Choc\u00f3n\",\"datePublished\":\"2021-01-26T23:19:49+00:00\",\"dateModified\":\"2021-11-09T13:24:36+00:00\",\"mainEntityOfPage\":{\"@id\":\"https:\/\/www.epen.gov.ar\/index.php\/2021\/01\/26\/el-epen-suma-el-alumbrado-de-el-chocon\/\"},\"wordCount\":922,\"commentCount\":0,\"publisher\":{\"@id\":\"https:\/\/www.epen.gov.ar\/#organization\"},\"image\":{\"@id\":\"https:\/\/www.epen.gov.ar\/index.php\/2021\/01\/26\/el-epen-suma-el-alumbrado-de-el-chocon\/#primaryimage\"},\"thumbnailUrl\":\"https:\/\/www.epen.gov.ar\/wp-content\/uploads\/2021\/01\/WEB.EPEN-convenio-El-Chocon-1.jpg\",\"keywords\":[\"Ambiente\",\"Calidad\",\"Seguridad Publica\"],\"articleSection\":[\"Noticias\"],\"inLanguage\":\"es\",\"potentialAction\":[{\"@type\":\"CommentAction\",\"name\":\"Comment\",\"target\":[\"https:\/\/www.epen.gov.ar\/index.php\/2021\/01\/26\/el-epen-suma-el-alumbrado-de-el-chocon\/#respond\"]}]},{\"@type\":\"WebPage\",\"@id\":\"https:\/\/www.epen.gov.ar\/index.php\/2021\/01\/26\/el-epen-suma-el-alumbrado-de-el-chocon\/\",\"url\":\"https:\/\/www.epen.gov.ar\/index.php\/2021\/01\/26\/el-epen-suma-el-alumbrado-de-el-chocon\/\",\"name\":\"EPEN - El EPEN suma el alumbrado de El Choc\u00f3n\",\"isPartOf\":{\"@id\":\"https:\/\/www.epen.gov.ar\/#website\"},\"primaryImageOfPage\":{\"@id\":\"https:\/\/www.epen.gov.ar\/index.php\/2021\/01\/26\/el-epen-suma-el-alumbrado-de-el-chocon\/#primaryimage\"},\"image\":{\"@id\":\"https:\/\/www.epen.gov.ar\/index.php\/2021\/01\/26\/el-epen-suma-el-alumbrado-de-el-chocon\/#primaryimage\"},\"thumbnailUrl\":\"https:\/\/www.epen.gov.ar\/wp-content\/uploads\/2021\/01\/WEB.EPEN-convenio-El-Chocon-1.jpg\",\"datePublished\":\"2021-01-26T23:19:49+00:00\",\"dateModified\":\"2021-11-09T13:24:36+00:00\",\"description\":\"El EPEN suma el alumbrado de El Choc\u00f3n\",\"breadcrumb\":{\"@id\":\"https:\/\/www.epen.gov.ar\/index.php\/2021\/01\/26\/el-epen-suma-el-alumbrado-de-el-chocon\/#breadcrumb\"},\"inLanguage\":\"es\",\"potentialAction\":[{\"@type\":\"ReadAction\",\"target\":[\"https:\/\/www.epen.gov.ar\/index.php\/2021\/01\/26\/el-epen-suma-el-alumbrado-de-el-chocon\/\"]}]},{\"@type\":\"ImageObject\",\"inLanguage\":\"es\",\"@id\":\"https:\/\/www.epen.gov.ar\/index.php\/2021\/01\/26\/el-epen-suma-el-alumbrado-de-el-chocon\/#primaryimage\",\"url\":\"https:\/\/www.epen.gov.ar\/wp-content\/uploads\/2021\/01\/WEB.EPEN-convenio-El-Chocon-1.jpg\",\"contentUrl\":\"https:\/\/www.epen.gov.ar\/wp-content\/uploads\/2021\/01\/WEB.EPEN-convenio-El-Chocon-1.jpg\",\"width\":1531,\"height\":756},{\"@type\":\"BreadcrumbList\",\"@id\":\"https:\/\/www.epen.gov.ar\/index.php\/2021\/01\/26\/el-epen-suma-el-alumbrado-de-el-chocon\/#breadcrumb\",\"itemListElement\":[{\"@type\":\"ListItem\",\"position\":1,\"name\":\"Inicio\",\"item\":\"https:\/\/www.epen.gov.ar\/\"},{\"@type\":\"ListItem\",\"position\":2,\"name\":\"El EPEN suma el alumbrado de El Choc\u00f3n\"}]},{\"@type\":\"WebSite\",\"@id\":\"https:\/\/www.epen.gov.ar\/#website\",\"url\":\"https:\/\/www.epen.gov.ar\/\",\"name\":\"EPEN\",\"description\":\"Ente Provincial de Energ\u00eda del Neuqu\u00e9n\",\"publisher\":{\"@id\":\"https:\/\/www.epen.gov.ar\/#organization\"},\"potentialAction\":[{\"@type\":\"SearchAction\",\"target\":{\"@type\":\"EntryPoint\",\"urlTemplate\":\"https:\/\/www.epen.gov.ar\/?s={search_term_string}\"},\"query-input\":{\"@type\":\"PropertyValueSpecification\",\"valueRequired\":true,\"valueName\":\"search_term_string\"}}],\"inLanguage\":\"es\"},{\"@type\":\"Organization\",\"@id\":\"https:\/\/www.epen.gov.ar\/#organization\",\"name\":\"Ente Provincial de Energ\u00eda del Neuqu\u00e9n\",\"url\":\"https:\/\/www.epen.gov.ar\/\",\"logo\":{\"@type\":\"ImageObject\",\"inLanguage\":\"es\",\"@id\":\"https:\/\/www.epen.gov.ar\/#\/schema\/logo\/image\/\",\"url\":\"https:\/\/www.epen.gov.ar\/wp-content\/uploads\/2024\/02\/Logo-EPEN-2.jpg\",\"contentUrl\":\"https:\/\/www.epen.gov.ar\/wp-content\/uploads\/2024\/02\/Logo-EPEN-2.jpg\",\"width\":696,\"height\":696,\"caption\":\"Ente Provincial de Energ\u00eda del Neuqu\u00e9n\"},\"image\":{\"@id\":\"https:\/\/www.epen.gov.ar\/#\/schema\/logo\/image\/\"},\"sameAs\":[\"https:\/\/www.facebook.com\/EPEN.Neuquen\",\"https:\/\/x.com\/EPEN_Informa\",\"https:\/\/www.youtube.com\/@epenprensa7384\"]},{\"@type\":\"Person\",\"@id\":\"https:\/\/www.epen.gov.ar\/#\/schema\/person\/ce6cff87c2fc01264becc10fa105ad4f\",\"name\":\"Prensa EPEN\",\"image\":{\"@type\":\"ImageObject\",\"inLanguage\":\"es\",\"@id\":\"https:\/\/secure.gravatar.com\/avatar\/f8120b8688012ccf2d7fbcf7a970cfbabf0ab63b09c2dbd72c194bee080070e9?s=96&d=mm&r=g\",\"url\":\"https:\/\/secure.gravatar.com\/avatar\/f8120b8688012ccf2d7fbcf7a970cfbabf0ab63b09c2dbd72c194bee080070e9?s=96&d=mm&r=g\",\"contentUrl\":\"https:\/\/secure.gravatar.com\/avatar\/f8120b8688012ccf2d7fbcf7a970cfbabf0ab63b09c2dbd72c194bee080070e9?s=96&d=mm&r=g\",\"caption\":\"Prensa EPEN\"},\"url\":\"https:\/\/www.epen.gov.ar\/index.php\/author\/admin\/\"}]}<\/script>\n<!-- \/ Yoast SEO plugin. -->","yoast_head_json":{"title":"EPEN - El EPEN suma el alumbrado de El Choc\u00f3n","description":"El EPEN suma el alumbrado de El Choc\u00f3n","robots":{"index":"index","follow":"follow","max-snippet":"max-snippet:-1","max-image-preview":"max-image-preview:large","max-video-preview":"max-video-preview:-1"},"canonical":"https:\/\/www.epen.gov.ar\/index.php\/2021\/01\/26\/el-epen-suma-el-alumbrado-de-el-chocon\/","og_locale":"es_ES","og_type":"article","og_title":"EPEN - El EPEN suma el alumbrado de El Choc\u00f3n","og_description":"El EPEN suma el alumbrado de El Choc\u00f3n","og_url":"https:\/\/www.epen.gov.ar\/index.php\/2021\/01\/26\/el-epen-suma-el-alumbrado-de-el-chocon\/","og_site_name":"EPEN","article_publisher":"https:\/\/www.facebook.com\/EPEN.Neuquen","article_published_time":"2021-01-26T23:19:49+00:00","article_modified_time":"2021-11-09T13:24:36+00:00","og_image":[{"width":1531,"height":756,"url":"https:\/\/www.epen.gov.ar\/wp-content\/uploads\/2021\/01\/WEB.EPEN-convenio-El-Chocon-1.jpg","type":"image\/jpeg"}],"author":"Prensa EPEN","twitter_card":"summary_large_image","twitter_creator":"@EPEN_Informa","twitter_site":"@EPEN_Informa","twitter_misc":{"Escrito por":"Prensa EPEN","Tiempo de lectura":"5 minutos"},"schema":{"@context":"https:\/\/schema.org","@graph":[{"@type":"Article","@id":"https:\/\/www.epen.gov.ar\/index.php\/2021\/01\/26\/el-epen-suma-el-alumbrado-de-el-chocon\/#article","isPartOf":{"@id":"https:\/\/www.epen.gov.ar\/index.php\/2021\/01\/26\/el-epen-suma-el-alumbrado-de-el-chocon\/"},"author":{"name":"Prensa EPEN","@id":"https:\/\/www.epen.gov.ar\/#\/schema\/person\/ce6cff87c2fc01264becc10fa105ad4f"},"headline":"El EPEN suma el alumbrado de El Choc\u00f3n","datePublished":"2021-01-26T23:19:49+00:00","dateModified":"2021-11-09T13:24:36+00:00","mainEntityOfPage":{"@id":"https:\/\/www.epen.gov.ar\/index.php\/2021\/01\/26\/el-epen-suma-el-alumbrado-de-el-chocon\/"},"wordCount":922,"commentCount":0,"publisher":{"@id":"https:\/\/www.epen.gov.ar\/#organization"},"image":{"@id":"https:\/\/www.epen.gov.ar\/index.php\/2021\/01\/26\/el-epen-suma-el-alumbrado-de-el-chocon\/#primaryimage"},"thumbnailUrl":"https:\/\/www.epen.gov.ar\/wp-content\/uploads\/2021\/01\/WEB.EPEN-convenio-El-Chocon-1.jpg","keywords":["Ambiente","Calidad","Seguridad Publica"],"articleSection":["Noticias"],"inLanguage":"es","potentialAction":[{"@type":"CommentAction","name":"Comment","target":["https:\/\/www.epen.gov.ar\/index.php\/2021\/01\/26\/el-epen-suma-el-alumbrado-de-el-chocon\/#respond"]}]},{"@type":"WebPage","@id":"https:\/\/www.epen.gov.ar\/index.php\/2021\/01\/26\/el-epen-suma-el-alumbrado-de-el-chocon\/","url":"https:\/\/www.epen.gov.ar\/index.php\/2021\/01\/26\/el-epen-suma-el-alumbrado-de-el-chocon\/","name":"EPEN - El EPEN suma el alumbrado de El Choc\u00f3n","isPartOf":{"@id":"https:\/\/www.epen.gov.ar\/#website"},"primaryImageOfPage":{"@id":"https:\/\/www.epen.gov.ar\/index.php\/2021\/01\/26\/el-epen-suma-el-alumbrado-de-el-chocon\/#primaryimage"},"image":{"@id":"https:\/\/www.epen.gov.ar\/index.php\/2021\/01\/26\/el-epen-suma-el-alumbrado-de-el-chocon\/#primaryimage"},"thumbnailUrl":"https:\/\/www.epen.gov.ar\/wp-content\/uploads\/2021\/01\/WEB.EPEN-convenio-El-Chocon-1.jpg","datePublished":"2021-01-26T23:19:49+00:00","dateModified":"2021-11-09T13:24:36+00:00","description":"El EPEN suma el alumbrado de El Choc\u00f3n","breadcrumb":{"@id":"https:\/\/www.epen.gov.ar\/index.php\/2021\/01\/26\/el-epen-suma-el-alumbrado-de-el-chocon\/#breadcrumb"},"inLanguage":"es","potentialAction":[{"@type":"ReadAction","target":["https:\/\/www.epen.gov.ar\/index.php\/2021\/01\/26\/el-epen-suma-el-alumbrado-de-el-chocon\/"]}]},{"@type":"ImageObject","inLanguage":"es","@id":"https:\/\/www.epen.gov.ar\/index.php\/2021\/01\/26\/el-epen-suma-el-alumbrado-de-el-chocon\/#primaryimage","url":"https:\/\/www.epen.gov.ar\/wp-content\/uploads\/2021\/01\/WEB.EPEN-convenio-El-Chocon-1.jpg","contentUrl":"https:\/\/www.epen.gov.ar\/wp-content\/uploads\/2021\/01\/WEB.EPEN-convenio-El-Chocon-1.jpg","width":1531,"height":756},{"@type":"BreadcrumbList","@id":"https:\/\/www.epen.gov.ar\/index.php\/2021\/01\/26\/el-epen-suma-el-alumbrado-de-el-chocon\/#breadcrumb","itemListElement":[{"@type":"ListItem","position":1,"name":"Inicio","item":"https:\/\/www.epen.gov.ar\/"},{"@type":"ListItem","position":2,"name":"El EPEN suma el alumbrado de El Choc\u00f3n"}]},{"@type":"WebSite","@id":"https:\/\/www.epen.gov.ar\/#website","url":"https:\/\/www.epen.gov.ar\/","name":"EPEN","description":"Ente Provincial de Energ\u00eda del Neuqu\u00e9n","publisher":{"@id":"https:\/\/www.epen.gov.ar\/#organization"},"potentialAction":[{"@type":"SearchAction","target":{"@type":"EntryPoint","urlTemplate":"https:\/\/www.epen.gov.ar\/?s={search_term_string}"},"query-input":{"@type":"PropertyValueSpecification","valueRequired":true,"valueName":"search_term_string"}}],"inLanguage":"es"},{"@type":"Organization","@id":"https:\/\/www.epen.gov.ar\/#organization","name":"Ente Provincial de Energ\u00eda del Neuqu\u00e9n","url":"https:\/\/www.epen.gov.ar\/","logo":{"@type":"ImageObject","inLanguage":"es","@id":"https:\/\/www.epen.gov.ar\/#\/schema\/logo\/image\/","url":"https:\/\/www.epen.gov.ar\/wp-content\/uploads\/2024\/02\/Logo-EPEN-2.jpg","contentUrl":"https:\/\/www.epen.gov.ar\/wp-content\/uploads\/2024\/02\/Logo-EPEN-2.jpg","width":696,"height":696,"caption":"Ente Provincial de Energ\u00eda del Neuqu\u00e9n"},"image":{"@id":"https:\/\/www.epen.gov.ar\/#\/schema\/logo\/image\/"},"sameAs":["https:\/\/www.facebook.com\/EPEN.Neuquen","https:\/\/x.com\/EPEN_Informa","https:\/\/www.youtube.com\/@epenprensa7384"]},{"@type":"Person","@id":"https:\/\/www.epen.gov.ar\/#\/schema\/person\/ce6cff87c2fc01264becc10fa105ad4f","name":"Prensa EPEN","image":{"@type":"ImageObject","inLanguage":"es","@id":"https:\/\/secure.gravatar.com\/avatar\/f8120b8688012ccf2d7fbcf7a970cfbabf0ab63b09c2dbd72c194bee080070e9?s=96&d=mm&r=g","url":"https:\/\/secure.gravatar.com\/avatar\/f8120b8688012ccf2d7fbcf7a970cfbabf0ab63b09c2dbd72c194bee080070e9?s=96&d=mm&r=g","contentUrl":"https:\/\/secure.gravatar.com\/avatar\/f8120b8688012ccf2d7fbcf7a970cfbabf0ab63b09c2dbd72c194bee080070e9?s=96&d=mm&r=g","caption":"Prensa EPEN"},"url":"https:\/\/www.epen.gov.ar\/index.php\/author\/admin\/"}]}},"_links":{"self":[{"href":"https:\/\/www.epen.gov.ar\/index.php\/wp-json\/wp\/v2\/posts\/22118","targetHints":{"allow":["GET"]}}],"collection":[{"href":"https:\/\/www.epen.gov.ar\/index.php\/wp-json\/wp\/v2\/posts"}],"about":[{"href":"https:\/\/www.epen.gov.ar\/index.php\/wp-json\/wp\/v2\/types\/post"}],"author":[{"embeddable":true,"href":"https:\/\/www.epen.gov.ar\/index.php\/wp-json\/wp\/v2\/users\/1"}],"replies":[{"embeddable":true,"href":"https:\/\/www.epen.gov.ar\/index.php\/wp-json\/wp\/v2\/comments?post=22118"}],"version-history":[{"count":3,"href":"https:\/\/www.epen.gov.ar\/index.php\/wp-json\/wp\/v2\/posts\/22118\/revisions"}],"predecessor-version":[{"id":69038,"href":"https:\/\/www.epen.gov.ar\/index.php\/wp-json\/wp\/v2\/posts\/22118\/revisions\/69038"}],"wp:featuredmedia":[{"embeddable":true,"href":"https:\/\/www.epen.gov.ar\/index.php\/wp-json\/wp\/v2\/media\/22131"}],"wp:attachment":[{"href":"https:\/\/www.epen.gov.ar\/index.php\/wp-json\/wp\/v2\/media?parent=22118"}],"wp:term":[{"taxonomy":"category","embeddable":true,"href":"https:\/\/www.epen.gov.ar\/index.php\/wp-json\/wp\/v2\/categories?post=22118"},{"taxonomy":"post_tag","embeddable":true,"href":"https:\/\/www.epen.gov.ar\/index.php\/wp-json\/wp\/v2\/tags?post=22118"}],"curies":[{"name":"wp","href":"https:\/\/api.w.org\/{rel}","templated":true}]}}