{"id":21133,"date":"2020-12-22T13:09:50","date_gmt":"2020-12-22T16:09:50","guid":{"rendered":"http:\/\/192.168.200.48\/?p=21133"},"modified":"2020-12-22T13:11:56","modified_gmt":"2020-12-22T16:11:56","slug":"gutierrez-entrego-16-camionetas-que-se-suman-a-la-flota-del-epen","status":"publish","type":"post","link":"https:\/\/www.epen.gov.ar\/index.php\/2020\/12\/22\/gutierrez-entrego-16-camionetas-que-se-suman-a-la-flota-del-epen\/","title":{"rendered":"Guti\u00e9rrez entreg\u00f3 16 camionetas que se suman a la flota del EPEN"},"content":{"rendered":"<div class=\"fusion-fullwidth fullwidth-box fusion-builder-row-1 nonhundred-percent-fullwidth non-hundred-percent-height-scrolling\" style=\"--awb-border-radius-top-left:0px;--awb-border-radius-top-right:0px;--awb-border-radius-bottom-right:0px;--awb-border-radius-bottom-left:0px;--awb-flex-wrap:wrap;\" ><div class=\"fusion-builder-row fusion-row\"><div class=\"fusion-layout-column fusion_builder_column fusion-builder-column-0 fusion_builder_column_2_3 2_3 fusion-two-third fusion-column-first\" style=\"--awb-bg-size:cover;width:66.666666666667%;width:calc(66.666666666667% - ( ( 4% ) * 0.66666666666667 ) );margin-right: 4%;\"><div class=\"fusion-column-wrapper fusion-column-has-shadow fusion-flex-column-wrapper-legacy\"><div class=\"fusion-text fusion-text-1\"><p class=\"bajada\" style=\"text-align: justify;\"><em><strong>Las unidades son 4&#215;4 doble cabina y se destinar\u00e1n a doce localidades de la provincia. La inversi\u00f3n fue de 35 millones de pesos.<\/strong><\/em><\/p>\n<p style=\"text-align: justify;\">El gobernador Omar Guti\u00e9rrez entreg\u00f3 hoy 16 camionetas marca Toyota, 4\u00d74, doble cabina, al Ente Provincial de Energ\u00eda del Neuqu\u00e9n (EPEN). La inversi\u00f3n fue de 35 millones de pesos.<\/p>\n<p style=\"text-align: justify;\">Las unidades se destinar\u00e1n a A\u00f1elo, San Patricio del Cha\u00f1ar, Senillosa, Centenario, Loncopu\u00e9, Las Lajas, Zapala, Chos Malal, Andacollo, San Mart\u00edn de los Andes, Villa La Angostura y Neuqu\u00e9n capital.<\/p>\n<p style=\"text-align: justify;\">\u201cHay quienes confunden rentabilidad y responsabilidad social con d\u00e9ficit econ\u00f3mico. De ninguna manera, porque all\u00ed donde no llega el sector privado con luz, con energ\u00eda, abriendo la puerta al porvenir y el futuro, llega esta gran empresa. En el EPEN no hay gastos, en estas camionetas hay inversi\u00f3n\u201d, remarc\u00f3 el gobernador durante el acto.<\/p>\n<p style=\"text-align: justify;\">Guti\u00e9rrez dijo que \u201cen cada localidad, en cada paraje y en cada pueblo me encontraba y me sigo encontrando con una empresa p\u00fablica que construye desarrollo social; por eso, cuando recorro la provincia enseguida me acerco a la conducci\u00f3n del EPEN del lugar para saber cu\u00e1les son las necesidades\u201d.<\/p>\n<p style=\"text-align: justify;\">Dijo que \u201cel pueblo de Neuqu\u00e9n le est\u00e1 muy agradecido al EPEN y en un a\u00f1o como este, estamos doblemente agradecidos. Ratifico y renuevo mi compromiso con el EPEN hasta la \u00faltima hora, minuto y segundo de mi gesti\u00f3n como gobernador\u201d.<\/p>\n<p style=\"text-align: justify;\">\u201cQuiero decirlo claro: el EPEN tuvo como cualquier otra actividad y empresa una ca\u00edda de sus recursos y sus ingresos, en este caso del 40 por ciento, y la provincia del Neuqu\u00e9n tuvo una disminuci\u00f3n con respecto a sus recursos estimados de 25 mil millones de pesos. Y la respuesta del EPEN fue m\u00e1s coraje, responsabilidad y compromiso\u201d, finaliz\u00f3 el mandatario.<\/p>\n<p style=\"text-align: justify;\">Por su parte, el presidente del EPEN, Francisco Zambon, dijo que \u201cla renovaci\u00f3n de la flota de veh\u00edculos siempre estuvo planificada, solo se retras\u00f3 por la pandemia\u201d y destac\u00f3 que \u201ceste a\u00f1o tan particular puso de manifiesto una vez m\u00e1s lo importante que es la energ\u00eda el\u00e9ctrica para la econom\u00eda y para garantizar los servicios b\u00e1sicos a toda la comunidad\u201d.<\/p>\n<p style=\"text-align: justify;\">Mario Chiappe, representante de los trabajadores en el directorio del organismo, expres\u00f3, en tanto, que \u201ceste a\u00f1o tuvimos la enorme tarea de que no falte energ\u00eda el\u00e9ctrica en cada hospital, en cada cl\u00ednica y en cada centro de salud de la provincia\u201d y asegur\u00f3: \u201cno pod\u00edamos dejar solos a los trabajadores de salud, que le pusieron el cuerpo en esta batalla contra la pandemia\u201d.<\/p>\n<p style=\"text-align: justify;\">Mientras, Carlos Salazar, Jefe de la Unidad de Servicios Regional Oeste, agradeci\u00f3 a las autoridades provinciales y del organismo, y se\u00f1al\u00f3 que \u201ces muy importante para nosotros contar con este equipamiento, realmente necesitamos estas camionetas 4\u00d74 sobre todo para llegar a muchos parajes del interior donde se hace dif\u00edcil acceder por las condiciones clim\u00e1ticas y geogr\u00e1ficas\u201d.<\/p>\n<p style=\"text-align: justify;\">En el acto, estuvieron presentes tambi\u00e9n la ministra de Salud, Andrea Peve; y el titular de la Asociaci\u00f3n de Trabajadores del Estado (ATE), Carlos Quintriqueo, entre otras autoridades gremiales y provinciales.<\/p>\n<\/div><div class=\"fusion-clearfix\"><\/div><\/div><\/div><div class=\"fusion-layout-column fusion_builder_column fusion-builder-column-1 fusion_builder_column_1_3 1_3 fusion-one-third fusion-column-last\" style=\"--awb-bg-size:cover;width:33.333333333333%;width:calc(33.333333333333% - ( ( 4% ) * 0.33333333333333 ) );\"><div class=\"fusion-column-wrapper fusion-column-has-shadow fusion-flex-column-wrapper-legacy\"><div class=\"fusion-widget-area awb-widget-area-element fusion-widget-area-1 fusion-content-widget-area\" style=\"--awb-title-size:20px;--awb-title-color:#333333;--awb-padding:0px 0px 0px 0px;\"><style type=\"text\/css\" data-id=\"tweets-widget-2\">#tweets-widget-2 li { border-color:#eaeaea;}<\/style><section id=\"tweets-widget-2\" class=\"widget tweets\" style=\"border-style: solid;border-color: #eaeaea;border-color:transparent;border-width:0px;\">\t\t\t\t\n\t\t<div style=\"overflow:hidden\">\n\t\t\t\t\t\t\t\t\t\t\t<a class=\"twitter-timeline\" data-dnt=\"true\" href=\"https:\/\/twitter.com\/@EPEN_Informa\" data-width=\"500\" data-height=\"300\" width=\"500\" height=\"300\" data-theme=\"light\" data-link-color=\"##25a9bd\" data-border-color=\"#eaeaea\" data-chrome=\"\">Tweets por @EPEN_Informa<\/a>\n\t\t\t\t\t\t\t\n\t\t\t\t\t\t\t\t\t\t\t<script async src=\"\/\/platform.twitter.com\/widgets.js\" charset=\"utf-8\"><\/script>\n\t\t\t\t\t\t\t\n\t\t<\/div>\n\t\t<\/section>\n\t\t<section id=\"recent-posts-3\" class=\"widget widget_recent_entries\" style=\"border-style: solid;border-color:transparent;border-width:0px;\">\n\t\t<div class=\"heading\"><h4 class=\"widget-title\">Entradas recientes<\/h4><\/div>\n\t\t<ul>\n\t\t\t\t\t\t\t\t\t\t\t<li>\n\t\t\t\t\t<a href=\"https:\/\/www.epen.gov.ar\/index.php\/2026\/04\/30\/corte-programado-en-sectores-de-rincon-de-los-sauces-el-02-05-2026\/\">Corte Programado en sectores de Rinc\u00f3n de los Sauces el 02\/05\/2026<\/a>\n\t\t\t\t\t\t\t\t\t\t\t<span class=\"post-date\">30\/04\/2026<\/span>\n\t\t\t\t\t\t\t\t\t<\/li>\n\t\t\t\t\t\t\t\t\t\t\t<li>\n\t\t\t\t\t<a href=\"https:\/\/www.epen.gov.ar\/index.php\/2026\/04\/30\/licitacion-publica-n-14-2026-contratacion-de-servicios-de-desarrollo-y-mantenimiento-de-sistemas-informaticos\/\">LICITACI\u00d3N P\u00daBLICA N\u00b0 14\/2026 CONTRATACI\u00d3N DE SERVICIOS DE DESARROLLO Y MANTENIMIENTO DE SISTEMAS INFORM\u00c1TICOS<\/a>\n\t\t\t\t\t\t\t\t\t\t\t<span class=\"post-date\">30\/04\/2026<\/span>\n\t\t\t\t\t\t\t\t\t<\/li>\n\t\t\t\t\t\t\t\t\t\t\t<li>\n\t\t\t\t\t<a href=\"https:\/\/www.epen.gov.ar\/index.php\/2026\/04\/29\/corte-programado-en-sectores-de-centenario-el-30-04-2026\/\">Corte Programado en sectores de Centenario el 30\/04\/2026<\/a>\n\t\t\t\t\t\t\t\t\t\t\t<span class=\"post-date\">29\/04\/2026<\/span>\n\t\t\t\t\t\t\t\t\t<\/li>\n\t\t\t\t\t\t\t\t\t\t\t<li>\n\t\t\t\t\t<a href=\"https:\/\/www.epen.gov.ar\/index.php\/2026\/04\/28\/el-epen-impulsa-el-desarrollo-de-varvarco-con-nueva-infraestructura-para-17-lotes\/\">El EPEN impulsa el desarrollo de Varvarco con nueva infraestructura para 17 lotes<\/a>\n\t\t\t\t\t\t\t\t\t\t\t<span class=\"post-date\">28\/04\/2026<\/span>\n\t\t\t\t\t\t\t\t\t<\/li>\n\t\t\t\t\t\t\t\t\t\t\t<li>\n\t\t\t\t\t<a href=\"https:\/\/www.epen.gov.ar\/index.php\/2026\/04\/28\/corte-programado-en-sectores-de-zona-nahueve-el-30-04-2026\/\">Corte Programado en sectores de zona Nahueve el 30\/04\/2026<\/a>\n\t\t\t\t\t\t\t\t\t\t\t<span class=\"post-date\">28\/04\/2026<\/span>\n\t\t\t\t\t\t\t\t\t<\/li>\n\t\t\t\t\t<\/ul>\n\n\t\t<\/section><div class=\"fusion-additional-widget-content\"><\/div><\/div><div class=\"fusion-clearfix\"><\/div><\/div><\/div><\/div><\/div>\n","protected":false},"excerpt":{"rendered":"","protected":false},"author":1,"featured_media":21173,"comment_status":"open","ping_status":"open","sticky":false,"template":"","format":"standard","meta":{"_exactmetrics_skip_tracking":false,"_exactmetrics_sitenote_active":false,"_exactmetrics_sitenote_note":"","_exactmetrics_sitenote_category":0,"footnotes":""},"categories":[84],"tags":[],"class_list":["post-21133","post","type-post","status-publish","format-standard","has-post-thumbnail","hentry","category-noticias"],"yoast_head":"<!-- This site is optimized with the Yoast SEO plugin v27.2 - https:\/\/yoast.com\/product\/yoast-seo-wordpress\/ -->\n<title>EPEN - Guti\u00e9rrez entreg\u00f3 16 camionetas que se suman a la flota del EPEN<\/title>\n<meta name=\"description\" content=\"Guti\u00e9rrez entreg\u00f3 16 camionetas que se suman a la flota del EPEN\" \/>\n<meta name=\"robots\" content=\"index, follow, max-snippet:-1, max-image-preview:large, max-video-preview:-1\" \/>\n<link rel=\"canonical\" href=\"https:\/\/www.epen.gov.ar\/index.php\/2020\/12\/22\/gutierrez-entrego-16-camionetas-que-se-suman-a-la-flota-del-epen\/\" \/>\n<meta property=\"og:locale\" content=\"es_ES\" \/>\n<meta property=\"og:type\" content=\"article\" \/>\n<meta property=\"og:title\" content=\"EPEN - Guti\u00e9rrez entreg\u00f3 16 camionetas que se suman a la flota del EPEN\" \/>\n<meta property=\"og:description\" content=\"Guti\u00e9rrez entreg\u00f3 16 camionetas que se suman a la flota del EPEN\" \/>\n<meta property=\"og:url\" content=\"https:\/\/www.epen.gov.ar\/index.php\/2020\/12\/22\/gutierrez-entrego-16-camionetas-que-se-suman-a-la-flota-del-epen\/\" \/>\n<meta property=\"og:site_name\" content=\"EPEN\" \/>\n<meta property=\"article:publisher\" content=\"https:\/\/www.facebook.com\/EPEN.Neuquen\" \/>\n<meta property=\"article:published_time\" content=\"2020-12-22T16:09:50+00:00\" \/>\n<meta property=\"article:modified_time\" content=\"2020-12-22T16:11:56+00:00\" \/>\n<meta property=\"og:image\" content=\"https:\/\/www.epen.gov.ar\/wp-content\/uploads\/2020\/12\/Camionetas-22.12.2020-1.jpg\" \/>\n\t<meta property=\"og:image:width\" content=\"1280\" \/>\n\t<meta property=\"og:image:height\" content=\"500\" \/>\n\t<meta property=\"og:image:type\" content=\"image\/jpeg\" \/>\n<meta name=\"author\" content=\"Prensa EPEN\" \/>\n<meta name=\"twitter:card\" content=\"summary_large_image\" \/>\n<meta name=\"twitter:creator\" content=\"@EPEN_Informa\" \/>\n<meta name=\"twitter:site\" content=\"@EPEN_Informa\" \/>\n<meta name=\"twitter:label1\" content=\"Escrito por\" \/>\n\t<meta name=\"twitter:data1\" content=\"Prensa EPEN\" \/>\n\t<meta name=\"twitter:label2\" content=\"Tiempo de lectura\" \/>\n\t<meta name=\"twitter:data2\" content=\"5 minutos\" \/>\n<script type=\"application\/ld+json\" class=\"yoast-schema-graph\">{\"@context\":\"https:\/\/schema.org\",\"@graph\":[{\"@type\":\"Article\",\"@id\":\"https:\/\/www.epen.gov.ar\/index.php\/2020\/12\/22\/gutierrez-entrego-16-camionetas-que-se-suman-a-la-flota-del-epen\/#article\",\"isPartOf\":{\"@id\":\"https:\/\/www.epen.gov.ar\/index.php\/2020\/12\/22\/gutierrez-entrego-16-camionetas-que-se-suman-a-la-flota-del-epen\/\"},\"author\":{\"name\":\"Prensa EPEN\",\"@id\":\"https:\/\/www.epen.gov.ar\/#\/schema\/person\/ce6cff87c2fc01264becc10fa105ad4f\"},\"headline\":\"Guti\u00e9rrez entreg\u00f3 16 camionetas que se suman a la flota del EPEN\",\"datePublished\":\"2020-12-22T16:09:50+00:00\",\"dateModified\":\"2020-12-22T16:11:56+00:00\",\"mainEntityOfPage\":{\"@id\":\"https:\/\/www.epen.gov.ar\/index.php\/2020\/12\/22\/gutierrez-entrego-16-camionetas-que-se-suman-a-la-flota-del-epen\/\"},\"wordCount\":963,\"commentCount\":0,\"publisher\":{\"@id\":\"https:\/\/www.epen.gov.ar\/#organization\"},\"image\":{\"@id\":\"https:\/\/www.epen.gov.ar\/index.php\/2020\/12\/22\/gutierrez-entrego-16-camionetas-que-se-suman-a-la-flota-del-epen\/#primaryimage\"},\"thumbnailUrl\":\"https:\/\/www.epen.gov.ar\/wp-content\/uploads\/2020\/12\/Camionetas-22.12.2020-1.jpg\",\"articleSection\":[\"Noticias\"],\"inLanguage\":\"es\",\"potentialAction\":[{\"@type\":\"CommentAction\",\"name\":\"Comment\",\"target\":[\"https:\/\/www.epen.gov.ar\/index.php\/2020\/12\/22\/gutierrez-entrego-16-camionetas-que-se-suman-a-la-flota-del-epen\/#respond\"]}]},{\"@type\":\"WebPage\",\"@id\":\"https:\/\/www.epen.gov.ar\/index.php\/2020\/12\/22\/gutierrez-entrego-16-camionetas-que-se-suman-a-la-flota-del-epen\/\",\"url\":\"https:\/\/www.epen.gov.ar\/index.php\/2020\/12\/22\/gutierrez-entrego-16-camionetas-que-se-suman-a-la-flota-del-epen\/\",\"name\":\"EPEN - Guti\u00e9rrez entreg\u00f3 16 camionetas que se suman a la flota del EPEN\",\"isPartOf\":{\"@id\":\"https:\/\/www.epen.gov.ar\/#website\"},\"primaryImageOfPage\":{\"@id\":\"https:\/\/www.epen.gov.ar\/index.php\/2020\/12\/22\/gutierrez-entrego-16-camionetas-que-se-suman-a-la-flota-del-epen\/#primaryimage\"},\"image\":{\"@id\":\"https:\/\/www.epen.gov.ar\/index.php\/2020\/12\/22\/gutierrez-entrego-16-camionetas-que-se-suman-a-la-flota-del-epen\/#primaryimage\"},\"thumbnailUrl\":\"https:\/\/www.epen.gov.ar\/wp-content\/uploads\/2020\/12\/Camionetas-22.12.2020-1.jpg\",\"datePublished\":\"2020-12-22T16:09:50+00:00\",\"dateModified\":\"2020-12-22T16:11:56+00:00\",\"description\":\"Guti\u00e9rrez entreg\u00f3 16 camionetas que se suman a la flota del EPEN\",\"breadcrumb\":{\"@id\":\"https:\/\/www.epen.gov.ar\/index.php\/2020\/12\/22\/gutierrez-entrego-16-camionetas-que-se-suman-a-la-flota-del-epen\/#breadcrumb\"},\"inLanguage\":\"es\",\"potentialAction\":[{\"@type\":\"ReadAction\",\"target\":[\"https:\/\/www.epen.gov.ar\/index.php\/2020\/12\/22\/gutierrez-entrego-16-camionetas-que-se-suman-a-la-flota-del-epen\/\"]}]},{\"@type\":\"ImageObject\",\"inLanguage\":\"es\",\"@id\":\"https:\/\/www.epen.gov.ar\/index.php\/2020\/12\/22\/gutierrez-entrego-16-camionetas-que-se-suman-a-la-flota-del-epen\/#primaryimage\",\"url\":\"https:\/\/www.epen.gov.ar\/wp-content\/uploads\/2020\/12\/Camionetas-22.12.2020-1.jpg\",\"contentUrl\":\"https:\/\/www.epen.gov.ar\/wp-content\/uploads\/2020\/12\/Camionetas-22.12.2020-1.jpg\",\"width\":1280,\"height\":500},{\"@type\":\"BreadcrumbList\",\"@id\":\"https:\/\/www.epen.gov.ar\/index.php\/2020\/12\/22\/gutierrez-entrego-16-camionetas-que-se-suman-a-la-flota-del-epen\/#breadcrumb\",\"itemListElement\":[{\"@type\":\"ListItem\",\"position\":1,\"name\":\"Inicio\",\"item\":\"https:\/\/www.epen.gov.ar\/\"},{\"@type\":\"ListItem\",\"position\":2,\"name\":\"Guti\u00e9rrez entreg\u00f3 16 camionetas que se suman a la flota del EPEN\"}]},{\"@type\":\"WebSite\",\"@id\":\"https:\/\/www.epen.gov.ar\/#website\",\"url\":\"https:\/\/www.epen.gov.ar\/\",\"name\":\"EPEN\",\"description\":\"Ente Provincial de Energ\u00eda del Neuqu\u00e9n\",\"publisher\":{\"@id\":\"https:\/\/www.epen.gov.ar\/#organization\"},\"potentialAction\":[{\"@type\":\"SearchAction\",\"target\":{\"@type\":\"EntryPoint\",\"urlTemplate\":\"https:\/\/www.epen.gov.ar\/?s={search_term_string}\"},\"query-input\":{\"@type\":\"PropertyValueSpecification\",\"valueRequired\":true,\"valueName\":\"search_term_string\"}}],\"inLanguage\":\"es\"},{\"@type\":\"Organization\",\"@id\":\"https:\/\/www.epen.gov.ar\/#organization\",\"name\":\"Ente Provincial de Energ\u00eda del Neuqu\u00e9n\",\"url\":\"https:\/\/www.epen.gov.ar\/\",\"logo\":{\"@type\":\"ImageObject\",\"inLanguage\":\"es\",\"@id\":\"https:\/\/www.epen.gov.ar\/#\/schema\/logo\/image\/\",\"url\":\"https:\/\/www.epen.gov.ar\/wp-content\/uploads\/2024\/02\/Logo-EPEN-2.jpg\",\"contentUrl\":\"https:\/\/www.epen.gov.ar\/wp-content\/uploads\/2024\/02\/Logo-EPEN-2.jpg\",\"width\":696,\"height\":696,\"caption\":\"Ente Provincial de Energ\u00eda del Neuqu\u00e9n\"},\"image\":{\"@id\":\"https:\/\/www.epen.gov.ar\/#\/schema\/logo\/image\/\"},\"sameAs\":[\"https:\/\/www.facebook.com\/EPEN.Neuquen\",\"https:\/\/x.com\/EPEN_Informa\",\"https:\/\/www.youtube.com\/@epenprensa7384\"]},{\"@type\":\"Person\",\"@id\":\"https:\/\/www.epen.gov.ar\/#\/schema\/person\/ce6cff87c2fc01264becc10fa105ad4f\",\"name\":\"Prensa EPEN\",\"image\":{\"@type\":\"ImageObject\",\"inLanguage\":\"es\",\"@id\":\"https:\/\/secure.gravatar.com\/avatar\/f8120b8688012ccf2d7fbcf7a970cfbabf0ab63b09c2dbd72c194bee080070e9?s=96&d=mm&r=g\",\"url\":\"https:\/\/secure.gravatar.com\/avatar\/f8120b8688012ccf2d7fbcf7a970cfbabf0ab63b09c2dbd72c194bee080070e9?s=96&d=mm&r=g\",\"contentUrl\":\"https:\/\/secure.gravatar.com\/avatar\/f8120b8688012ccf2d7fbcf7a970cfbabf0ab63b09c2dbd72c194bee080070e9?s=96&d=mm&r=g\",\"caption\":\"Prensa EPEN\"},\"url\":\"https:\/\/www.epen.gov.ar\/index.php\/author\/admin\/\"}]}<\/script>\n<!-- \/ Yoast SEO plugin. -->","yoast_head_json":{"title":"EPEN - Guti\u00e9rrez entreg\u00f3 16 camionetas que se suman a la flota del EPEN","description":"Guti\u00e9rrez entreg\u00f3 16 camionetas que se suman a la flota del EPEN","robots":{"index":"index","follow":"follow","max-snippet":"max-snippet:-1","max-image-preview":"max-image-preview:large","max-video-preview":"max-video-preview:-1"},"canonical":"https:\/\/www.epen.gov.ar\/index.php\/2020\/12\/22\/gutierrez-entrego-16-camionetas-que-se-suman-a-la-flota-del-epen\/","og_locale":"es_ES","og_type":"article","og_title":"EPEN - Guti\u00e9rrez entreg\u00f3 16 camionetas que se suman a la flota del EPEN","og_description":"Guti\u00e9rrez entreg\u00f3 16 camionetas que se suman a la flota del EPEN","og_url":"https:\/\/www.epen.gov.ar\/index.php\/2020\/12\/22\/gutierrez-entrego-16-camionetas-que-se-suman-a-la-flota-del-epen\/","og_site_name":"EPEN","article_publisher":"https:\/\/www.facebook.com\/EPEN.Neuquen","article_published_time":"2020-12-22T16:09:50+00:00","article_modified_time":"2020-12-22T16:11:56+00:00","og_image":[{"width":1280,"height":500,"url":"https:\/\/www.epen.gov.ar\/wp-content\/uploads\/2020\/12\/Camionetas-22.12.2020-1.jpg","type":"image\/jpeg"}],"author":"Prensa EPEN","twitter_card":"summary_large_image","twitter_creator":"@EPEN_Informa","twitter_site":"@EPEN_Informa","twitter_misc":{"Escrito por":"Prensa EPEN","Tiempo de lectura":"5 minutos"},"schema":{"@context":"https:\/\/schema.org","@graph":[{"@type":"Article","@id":"https:\/\/www.epen.gov.ar\/index.php\/2020\/12\/22\/gutierrez-entrego-16-camionetas-que-se-suman-a-la-flota-del-epen\/#article","isPartOf":{"@id":"https:\/\/www.epen.gov.ar\/index.php\/2020\/12\/22\/gutierrez-entrego-16-camionetas-que-se-suman-a-la-flota-del-epen\/"},"author":{"name":"Prensa EPEN","@id":"https:\/\/www.epen.gov.ar\/#\/schema\/person\/ce6cff87c2fc01264becc10fa105ad4f"},"headline":"Guti\u00e9rrez entreg\u00f3 16 camionetas que se suman a la flota del EPEN","datePublished":"2020-12-22T16:09:50+00:00","dateModified":"2020-12-22T16:11:56+00:00","mainEntityOfPage":{"@id":"https:\/\/www.epen.gov.ar\/index.php\/2020\/12\/22\/gutierrez-entrego-16-camionetas-que-se-suman-a-la-flota-del-epen\/"},"wordCount":963,"commentCount":0,"publisher":{"@id":"https:\/\/www.epen.gov.ar\/#organization"},"image":{"@id":"https:\/\/www.epen.gov.ar\/index.php\/2020\/12\/22\/gutierrez-entrego-16-camionetas-que-se-suman-a-la-flota-del-epen\/#primaryimage"},"thumbnailUrl":"https:\/\/www.epen.gov.ar\/wp-content\/uploads\/2020\/12\/Camionetas-22.12.2020-1.jpg","articleSection":["Noticias"],"inLanguage":"es","potentialAction":[{"@type":"CommentAction","name":"Comment","target":["https:\/\/www.epen.gov.ar\/index.php\/2020\/12\/22\/gutierrez-entrego-16-camionetas-que-se-suman-a-la-flota-del-epen\/#respond"]}]},{"@type":"WebPage","@id":"https:\/\/www.epen.gov.ar\/index.php\/2020\/12\/22\/gutierrez-entrego-16-camionetas-que-se-suman-a-la-flota-del-epen\/","url":"https:\/\/www.epen.gov.ar\/index.php\/2020\/12\/22\/gutierrez-entrego-16-camionetas-que-se-suman-a-la-flota-del-epen\/","name":"EPEN - Guti\u00e9rrez entreg\u00f3 16 camionetas que se suman a la flota del EPEN","isPartOf":{"@id":"https:\/\/www.epen.gov.ar\/#website"},"primaryImageOfPage":{"@id":"https:\/\/www.epen.gov.ar\/index.php\/2020\/12\/22\/gutierrez-entrego-16-camionetas-que-se-suman-a-la-flota-del-epen\/#primaryimage"},"image":{"@id":"https:\/\/www.epen.gov.ar\/index.php\/2020\/12\/22\/gutierrez-entrego-16-camionetas-que-se-suman-a-la-flota-del-epen\/#primaryimage"},"thumbnailUrl":"https:\/\/www.epen.gov.ar\/wp-content\/uploads\/2020\/12\/Camionetas-22.12.2020-1.jpg","datePublished":"2020-12-22T16:09:50+00:00","dateModified":"2020-12-22T16:11:56+00:00","description":"Guti\u00e9rrez entreg\u00f3 16 camionetas que se suman a la flota del EPEN","breadcrumb":{"@id":"https:\/\/www.epen.gov.ar\/index.php\/2020\/12\/22\/gutierrez-entrego-16-camionetas-que-se-suman-a-la-flota-del-epen\/#breadcrumb"},"inLanguage":"es","potentialAction":[{"@type":"ReadAction","target":["https:\/\/www.epen.gov.ar\/index.php\/2020\/12\/22\/gutierrez-entrego-16-camionetas-que-se-suman-a-la-flota-del-epen\/"]}]},{"@type":"ImageObject","inLanguage":"es","@id":"https:\/\/www.epen.gov.ar\/index.php\/2020\/12\/22\/gutierrez-entrego-16-camionetas-que-se-suman-a-la-flota-del-epen\/#primaryimage","url":"https:\/\/www.epen.gov.ar\/wp-content\/uploads\/2020\/12\/Camionetas-22.12.2020-1.jpg","contentUrl":"https:\/\/www.epen.gov.ar\/wp-content\/uploads\/2020\/12\/Camionetas-22.12.2020-1.jpg","width":1280,"height":500},{"@type":"BreadcrumbList","@id":"https:\/\/www.epen.gov.ar\/index.php\/2020\/12\/22\/gutierrez-entrego-16-camionetas-que-se-suman-a-la-flota-del-epen\/#breadcrumb","itemListElement":[{"@type":"ListItem","position":1,"name":"Inicio","item":"https:\/\/www.epen.gov.ar\/"},{"@type":"ListItem","position":2,"name":"Guti\u00e9rrez entreg\u00f3 16 camionetas que se suman a la flota del EPEN"}]},{"@type":"WebSite","@id":"https:\/\/www.epen.gov.ar\/#website","url":"https:\/\/www.epen.gov.ar\/","name":"EPEN","description":"Ente Provincial de Energ\u00eda del Neuqu\u00e9n","publisher":{"@id":"https:\/\/www.epen.gov.ar\/#organization"},"potentialAction":[{"@type":"SearchAction","target":{"@type":"EntryPoint","urlTemplate":"https:\/\/www.epen.gov.ar\/?s={search_term_string}"},"query-input":{"@type":"PropertyValueSpecification","valueRequired":true,"valueName":"search_term_string"}}],"inLanguage":"es"},{"@type":"Organization","@id":"https:\/\/www.epen.gov.ar\/#organization","name":"Ente Provincial de Energ\u00eda del Neuqu\u00e9n","url":"https:\/\/www.epen.gov.ar\/","logo":{"@type":"ImageObject","inLanguage":"es","@id":"https:\/\/www.epen.gov.ar\/#\/schema\/logo\/image\/","url":"https:\/\/www.epen.gov.ar\/wp-content\/uploads\/2024\/02\/Logo-EPEN-2.jpg","contentUrl":"https:\/\/www.epen.gov.ar\/wp-content\/uploads\/2024\/02\/Logo-EPEN-2.jpg","width":696,"height":696,"caption":"Ente Provincial de Energ\u00eda del Neuqu\u00e9n"},"image":{"@id":"https:\/\/www.epen.gov.ar\/#\/schema\/logo\/image\/"},"sameAs":["https:\/\/www.facebook.com\/EPEN.Neuquen","https:\/\/x.com\/EPEN_Informa","https:\/\/www.youtube.com\/@epenprensa7384"]},{"@type":"Person","@id":"https:\/\/www.epen.gov.ar\/#\/schema\/person\/ce6cff87c2fc01264becc10fa105ad4f","name":"Prensa EPEN","image":{"@type":"ImageObject","inLanguage":"es","@id":"https:\/\/secure.gravatar.com\/avatar\/f8120b8688012ccf2d7fbcf7a970cfbabf0ab63b09c2dbd72c194bee080070e9?s=96&d=mm&r=g","url":"https:\/\/secure.gravatar.com\/avatar\/f8120b8688012ccf2d7fbcf7a970cfbabf0ab63b09c2dbd72c194bee080070e9?s=96&d=mm&r=g","contentUrl":"https:\/\/secure.gravatar.com\/avatar\/f8120b8688012ccf2d7fbcf7a970cfbabf0ab63b09c2dbd72c194bee080070e9?s=96&d=mm&r=g","caption":"Prensa EPEN"},"url":"https:\/\/www.epen.gov.ar\/index.php\/author\/admin\/"}]}},"_links":{"self":[{"href":"https:\/\/www.epen.gov.ar\/index.php\/wp-json\/wp\/v2\/posts\/21133","targetHints":{"allow":["GET"]}}],"collection":[{"href":"https:\/\/www.epen.gov.ar\/index.php\/wp-json\/wp\/v2\/posts"}],"about":[{"href":"https:\/\/www.epen.gov.ar\/index.php\/wp-json\/wp\/v2\/types\/post"}],"author":[{"embeddable":true,"href":"https:\/\/www.epen.gov.ar\/index.php\/wp-json\/wp\/v2\/users\/1"}],"replies":[{"embeddable":true,"href":"https:\/\/www.epen.gov.ar\/index.php\/wp-json\/wp\/v2\/comments?post=21133"}],"version-history":[{"count":3,"href":"https:\/\/www.epen.gov.ar\/index.php\/wp-json\/wp\/v2\/posts\/21133\/revisions"}],"predecessor-version":[{"id":68884,"href":"https:\/\/www.epen.gov.ar\/index.php\/wp-json\/wp\/v2\/posts\/21133\/revisions\/68884"}],"wp:featuredmedia":[{"embeddable":true,"href":"https:\/\/www.epen.gov.ar\/index.php\/wp-json\/wp\/v2\/media\/21173"}],"wp:attachment":[{"href":"https:\/\/www.epen.gov.ar\/index.php\/wp-json\/wp\/v2\/media?parent=21133"}],"wp:term":[{"taxonomy":"category","embeddable":true,"href":"https:\/\/www.epen.gov.ar\/index.php\/wp-json\/wp\/v2\/categories?post=21133"},{"taxonomy":"post_tag","embeddable":true,"href":"https:\/\/www.epen.gov.ar\/index.php\/wp-json\/wp\/v2\/tags?post=21133"}],"curies":[{"name":"wp","href":"https:\/\/api.w.org\/{rel}","templated":true}]}}