{"id":206539,"date":"2026-09-04T10:28:06","date_gmt":"2026-09-04T13:28:06","guid":{"rendered":"https:\/\/www.epen.gov.ar\/?p=206539"},"modified":"2026-09-04T20:03:06","modified_gmt":"2026-09-04T23:03:06","slug":"corte-programado-en-sectores-de-centenario-el-06-09-2026","status":"publish","type":"post","link":"https:\/\/www.epen.gov.ar\/index.php\/2026\/09\/04\/corte-programado-en-sectores-de-centenario-el-06-09-2026\/","title":{"rendered":"Corte Programado en sectores de Centenario el 06\/09\/2026"},"content":{"rendered":"<div class=\"fusion-fullwidth fullwidth-box fusion-builder-row-1 has-pattern-background has-mask-background nonhundred-percent-fullwidth non-hundred-percent-height-scrolling\" style=\"--awb-border-radius-top-left:0px;--awb-border-radius-top-right:0px;--awb-border-radius-bottom-right:0px;--awb-border-radius-bottom-left:0px;--awb-padding-left:0px;--awb-background-color:white;--awb-flex-wrap:wrap;\" ><div class=\"fusion-builder-row fusion-row\"><div class=\"fusion-layout-column fusion_builder_column fusion-builder-column-0 fusion_builder_column_1_1 1_1 fusion-one-full fusion-column-first fusion-column-last\" style=\"--awb-bg-blend:overlay;--awb-bg-size:cover;--awb-margin-bottom:0px;\" data-scroll-devices=\"small-visibility,medium-visibility,large-visibility\"><div class=\"fusion-column-wrapper fusion-column-has-shadow fusion-flex-column-wrapper-legacy\"><div class=\"fusion-text fusion-text-1\" style=\"--awb-font-size:16px;--awb-text-font-family:&quot;Manrope&quot;;--awb-text-font-style:normal;--awb-text-font-weight:400;\"><p>El Ente Provincial de Energ\u00eda del Neuqu\u00e9n (EPEN), dependiente del Ministerio de Energ\u00eda, informa que se realizar\u00e1 un corte programado de energ\u00eda el\u00e9ctrica en Centenario, el d\u00eda domingo 6 de septiembre, con el objetivo de efectuar tareas de mantenimiento programado en la Estaci\u00f3n Transformadora de Centenario y habilitaci\u00f3n de nueva l\u00ednea de media tensi\u00f3n Casino Magic.<\/p>\n<p><strong>Domingo 06 de septiembre de 10 a 13 hs<\/strong><\/p>\n<p>Afecta: Barrios San Mart\u00edn, 98 Viviendas, 118 Viviendas, 21 de Septiembre, Juan Manuel de Rosas, Toma La Uni\u00f3n, Toma L\u00e1car, Vista Hermosa, Piso Techo, Eluney y Villa Obrera; Planta de Agua Potable; Loteos Vallejos, Costa R\u00edo Neuqu\u00e9n, Seminara, Perticone, Los Olivos, Herrer\u00eda, Rinc\u00f3n del Valle, Tierra Mansa, Fulcinitti, Centenario, Benedetti, Don Pater, Lobrecich, Caprichos del Sol, Mercer, La Cava (Eucaliptos), Veneto, R\u00edo Sereno y sectores aleda\u00f1os al Casco Viejo.<\/p>\n<p>Tambi\u00e9n se ver\u00e1n afectados: sector Balneario, calle 6, calle 20 entre Jaime de Nev\u00e1rez y calle 6, calle Jaime de Nev\u00e1rez a la altura del ingreso al Balneario, Isla Della Gaspera, Casco Viejo completo, loteos aleda\u00f1os al Casco Viejo, zona comercial de calles Paraguay, Roca, Irigoyen y Col\u00f3n, Global, B.\u00ba Parque, Planta de L\u00edquidos Cloacales, ex Jugos del Sur, Parque Industrial Viejo, B.\u00ba Ruca Niyeu, Ruta 7 desde el Cementerio hasta B.\u00ba 11 de Octubre, La Comarca, Loteo Fulcinitti, 2.\u00aa Rotonda, Estaci\u00f3n de Servicio Shell, Casino Magic, calles Uruguay y Colombia, Pasaje Jacinto Stabile, CPEM N.\u00ba 1, Chacra Municipal, Estaci\u00f3n de Servicio YPF, Complejo Petroleros Privados, calle Mar\u00eda Cichero entre Jaime de Nev\u00e1rez y acceso a Vista Alegre Sur, calle 9, calle 7, calles 8 y 10 de Mar\u00eda Cichero hasta el r\u00edo Neuqu\u00e9n, sector Costa Reyes y los sectores comprendidos sobre Ruta Ex 234 y calle 20, entre calle 6 y calle 0.<\/p>\n<p>Asimismo, se ver\u00e1n afectados el Banco ICBC y los sectores correspondientes a los loteos y establecimientos mencionados.<\/p>\n<p>Solicitamos a los usuarios de los sectores afectados tomar los recaudos necesarios a efectos de reducir los inconvenientes que la falta de energ\u00eda pudiese ocasionar.<\/p>\n<\/div><div class=\"fusion-clearfix\"><\/div><\/div><\/div><\/div><\/div>\n","protected":false},"excerpt":{"rendered":"","protected":false},"author":1,"featured_media":206798,"comment_status":"closed","ping_status":"closed","sticky":false,"template":"","format":"standard","meta":{"_exactmetrics_skip_tracking":false,"footnotes":""},"categories":[263],"tags":[],"class_list":["post-206539","post","type-post","status-publish","format-standard","has-post-thumbnail","hentry","category-cortes-programados"],"yoast_head":"<!-- This site is optimized with the Yoast SEO plugin v28.3 - https:\/\/yoast.com\/product\/yoast-seo-wordpress\/ -->\n<title>EPEN - Corte Programado en sectores de Centenario el 06\/09\/2026<\/title>\n<meta name=\"description\" content=\"Corte Programado en sectores de Centenario el 06\/09\/2026 Cortes Programados\" \/>\n<meta name=\"robots\" content=\"index, follow, max-snippet:-1, max-image-preview:large, max-video-preview:-1\" \/>\n<link rel=\"canonical\" href=\"https:\/\/www.epen.gov.ar\/index.php\/2026\/09\/04\/corte-programado-en-sectores-de-centenario-el-06-09-2026\/\" \/>\n<meta property=\"og:locale\" content=\"es_ES\" \/>\n<meta property=\"og:type\" content=\"article\" \/>\n<meta property=\"og:title\" content=\"EPEN - Corte Programado en sectores de Centenario el 06\/09\/2026\" \/>\n<meta property=\"og:description\" content=\"Corte Programado en sectores de Centenario el 06\/09\/2026 Cortes Programados\" \/>\n<meta property=\"og:url\" content=\"https:\/\/www.epen.gov.ar\/index.php\/2026\/09\/04\/corte-programado-en-sectores-de-centenario-el-06-09-2026\/\" \/>\n<meta property=\"og:site_name\" content=\"EPEN\" \/>\n<meta property=\"article:publisher\" content=\"https:\/\/www.facebook.com\/EPEN.Neuquen\" \/>\n<meta property=\"article:published_time\" content=\"2026-09-04T13:28:06+00:00\" \/>\n<meta property=\"article:modified_time\" content=\"2026-09-04T23:03:06+00:00\" \/>\n<meta property=\"og:image\" content=\"https:\/\/www.epen.gov.ar\/wp-content\/uploads\/2026\/09\/Centenario-04-09-26.jpg\" \/>\n\t<meta property=\"og:image:width\" content=\"1080\" \/>\n\t<meta property=\"og:image:height\" content=\"1243\" \/>\n\t<meta property=\"og:image:type\" content=\"image\/jpeg\" \/>\n<meta name=\"author\" content=\"Prensa EPEN\" \/>\n<meta name=\"twitter:card\" content=\"summary_large_image\" \/>\n<meta name=\"twitter:creator\" content=\"@EPEN_Informa\" \/>\n<meta name=\"twitter:site\" content=\"@EPEN_Informa\" \/>\n<meta name=\"twitter:label1\" content=\"Escrito por\" \/>\n\t<meta name=\"twitter:data1\" content=\"Prensa EPEN\" \/>\n\t<meta name=\"twitter:label2\" content=\"Tiempo de lectura\" \/>\n\t<meta name=\"twitter:data2\" content=\"2 minutos\" \/>\n<script type=\"application\/ld+json\" class=\"yoast-schema-graph\">{\"@context\":\"https:\\\/\\\/schema.org\",\"@graph\":[{\"@type\":\"Article\",\"@id\":\"https:\\\/\\\/www.epen.gov.ar\\\/index.php\\\/2026\\\/09\\\/04\\\/corte-programado-en-sectores-de-centenario-el-06-09-2026\\\/#article\",\"isPartOf\":{\"@id\":\"https:\\\/\\\/www.epen.gov.ar\\\/index.php\\\/2026\\\/09\\\/04\\\/corte-programado-en-sectores-de-centenario-el-06-09-2026\\\/\"},\"author\":{\"name\":\"Prensa EPEN\",\"@id\":\"https:\\\/\\\/www.epen.gov.ar\\\/#\\\/schema\\\/person\\\/ce6cff87c2fc01264becc10fa105ad4f\"},\"headline\":\"Corte Programado en sectores de Centenario el 06\\\/09\\\/2026\",\"datePublished\":\"2026-09-04T13:28:06+00:00\",\"dateModified\":\"2026-09-04T23:03:06+00:00\",\"mainEntityOfPage\":{\"@id\":\"https:\\\/\\\/www.epen.gov.ar\\\/index.php\\\/2026\\\/09\\\/04\\\/corte-programado-en-sectores-de-centenario-el-06-09-2026\\\/\"},\"wordCount\":1518,\"publisher\":{\"@id\":\"https:\\\/\\\/www.epen.gov.ar\\\/#organization\"},\"image\":{\"@id\":\"https:\\\/\\\/www.epen.gov.ar\\\/index.php\\\/2026\\\/09\\\/04\\\/corte-programado-en-sectores-de-centenario-el-06-09-2026\\\/#primaryimage\"},\"thumbnailUrl\":\"https:\\\/\\\/www.epen.gov.ar\\\/wp-content\\\/uploads\\\/2026\\\/09\\\/Centenario-04-09-26.jpg\",\"articleSection\":[\"Cortes Programados\"],\"inLanguage\":\"es\"},{\"@type\":\"WebPage\",\"@id\":\"https:\\\/\\\/www.epen.gov.ar\\\/index.php\\\/2026\\\/09\\\/04\\\/corte-programado-en-sectores-de-centenario-el-06-09-2026\\\/\",\"url\":\"https:\\\/\\\/www.epen.gov.ar\\\/index.php\\\/2026\\\/09\\\/04\\\/corte-programado-en-sectores-de-centenario-el-06-09-2026\\\/\",\"name\":\"EPEN - Corte Programado en sectores de Centenario el 06\\\/09\\\/2026\",\"isPartOf\":{\"@id\":\"https:\\\/\\\/www.epen.gov.ar\\\/#website\"},\"primaryImageOfPage\":{\"@id\":\"https:\\\/\\\/www.epen.gov.ar\\\/index.php\\\/2026\\\/09\\\/04\\\/corte-programado-en-sectores-de-centenario-el-06-09-2026\\\/#primaryimage\"},\"image\":{\"@id\":\"https:\\\/\\\/www.epen.gov.ar\\\/index.php\\\/2026\\\/09\\\/04\\\/corte-programado-en-sectores-de-centenario-el-06-09-2026\\\/#primaryimage\"},\"thumbnailUrl\":\"https:\\\/\\\/www.epen.gov.ar\\\/wp-content\\\/uploads\\\/2026\\\/09\\\/Centenario-04-09-26.jpg\",\"datePublished\":\"2026-09-04T13:28:06+00:00\",\"dateModified\":\"2026-09-04T23:03:06+00:00\",\"description\":\"Corte Programado en sectores de Centenario el 06\\\/09\\\/2026 Cortes Programados\",\"breadcrumb\":{\"@id\":\"https:\\\/\\\/www.epen.gov.ar\\\/index.php\\\/2026\\\/09\\\/04\\\/corte-programado-en-sectores-de-centenario-el-06-09-2026\\\/#breadcrumb\"},\"inLanguage\":\"es\",\"potentialAction\":[{\"@type\":\"ReadAction\",\"target\":[\"https:\\\/\\\/www.epen.gov.ar\\\/index.php\\\/2026\\\/09\\\/04\\\/corte-programado-en-sectores-de-centenario-el-06-09-2026\\\/\"]}]},{\"@type\":\"ImageObject\",\"inLanguage\":\"es\",\"@id\":\"https:\\\/\\\/www.epen.gov.ar\\\/index.php\\\/2026\\\/09\\\/04\\\/corte-programado-en-sectores-de-centenario-el-06-09-2026\\\/#primaryimage\",\"url\":\"https:\\\/\\\/www.epen.gov.ar\\\/wp-content\\\/uploads\\\/2026\\\/09\\\/Centenario-04-09-26.jpg\",\"contentUrl\":\"https:\\\/\\\/www.epen.gov.ar\\\/wp-content\\\/uploads\\\/2026\\\/09\\\/Centenario-04-09-26.jpg\",\"width\":1080,\"height\":1243},{\"@type\":\"BreadcrumbList\",\"@id\":\"https:\\\/\\\/www.epen.gov.ar\\\/index.php\\\/2026\\\/09\\\/04\\\/corte-programado-en-sectores-de-centenario-el-06-09-2026\\\/#breadcrumb\",\"itemListElement\":[{\"@type\":\"ListItem\",\"position\":1,\"name\":\"Inicio\",\"item\":\"https:\\\/\\\/www.epen.gov.ar\\\/\"},{\"@type\":\"ListItem\",\"position\":2,\"name\":\"Corte Programado en sectores de Centenario el 06\\\/09\\\/2026\"}]},{\"@type\":\"WebSite\",\"@id\":\"https:\\\/\\\/www.epen.gov.ar\\\/#website\",\"url\":\"https:\\\/\\\/www.epen.gov.ar\\\/\",\"name\":\"EPEN\",\"description\":\"Ente Provincial de Energ\u00eda del Neuqu\u00e9n\",\"publisher\":{\"@id\":\"https:\\\/\\\/www.epen.gov.ar\\\/#organization\"},\"potentialAction\":[{\"@type\":\"SearchAction\",\"target\":{\"@type\":\"EntryPoint\",\"urlTemplate\":\"https:\\\/\\\/www.epen.gov.ar\\\/?s={search_term_string}\"},\"query-input\":{\"@type\":\"PropertyValueSpecification\",\"valueRequired\":true,\"valueName\":\"search_term_string\"}}],\"inLanguage\":\"es\"},{\"@type\":\"Organization\",\"@id\":\"https:\\\/\\\/www.epen.gov.ar\\\/#organization\",\"name\":\"Ente Provincial de Energ\u00eda del Neuqu\u00e9n\",\"url\":\"https:\\\/\\\/www.epen.gov.ar\\\/\",\"logo\":{\"@type\":\"ImageObject\",\"inLanguage\":\"es\",\"@id\":\"https:\\\/\\\/www.epen.gov.ar\\\/#\\\/schema\\\/logo\\\/image\\\/\",\"url\":\"https:\\\/\\\/www.epen.gov.ar\\\/wp-content\\\/uploads\\\/2024\\\/02\\\/Logo-EPEN-2.jpg\",\"contentUrl\":\"https:\\\/\\\/www.epen.gov.ar\\\/wp-content\\\/uploads\\\/2024\\\/02\\\/Logo-EPEN-2.jpg\",\"width\":696,\"height\":696,\"caption\":\"Ente Provincial de Energ\u00eda del Neuqu\u00e9n\"},\"image\":{\"@id\":\"https:\\\/\\\/www.epen.gov.ar\\\/#\\\/schema\\\/logo\\\/image\\\/\"},\"sameAs\":[\"https:\\\/\\\/www.facebook.com\\\/EPEN.Neuquen\",\"https:\\\/\\\/x.com\\\/EPEN_Informa\",\"https:\\\/\\\/www.youtube.com\\\/@epenprensa7384\"]},{\"@type\":\"Person\",\"@id\":\"https:\\\/\\\/www.epen.gov.ar\\\/#\\\/schema\\\/person\\\/ce6cff87c2fc01264becc10fa105ad4f\",\"name\":\"Prensa EPEN\",\"image\":{\"@type\":\"ImageObject\",\"inLanguage\":\"es\",\"@id\":\"https:\\\/\\\/secure.gravatar.com\\\/avatar\\\/f8120b8688012ccf2d7fbcf7a970cfbabf0ab63b09c2dbd72c194bee080070e9?s=96&d=mm&r=g\",\"url\":\"https:\\\/\\\/secure.gravatar.com\\\/avatar\\\/f8120b8688012ccf2d7fbcf7a970cfbabf0ab63b09c2dbd72c194bee080070e9?s=96&d=mm&r=g\",\"contentUrl\":\"https:\\\/\\\/secure.gravatar.com\\\/avatar\\\/f8120b8688012ccf2d7fbcf7a970cfbabf0ab63b09c2dbd72c194bee080070e9?s=96&d=mm&r=g\",\"caption\":\"Prensa EPEN\"},\"url\":\"https:\\\/\\\/www.epen.gov.ar\\\/index.php\\\/author\\\/admin\\\/\"}]}<\/script>\n<!-- \/ Yoast SEO plugin. -->","yoast_head_json":{"title":"EPEN - Corte Programado en sectores de Centenario el 06\/09\/2026","description":"Corte Programado en sectores de Centenario el 06\/09\/2026 Cortes Programados","robots":{"index":"index","follow":"follow","max-snippet":"max-snippet:-1","max-image-preview":"max-image-preview:large","max-video-preview":"max-video-preview:-1"},"canonical":"https:\/\/www.epen.gov.ar\/index.php\/2026\/09\/04\/corte-programado-en-sectores-de-centenario-el-06-09-2026\/","og_locale":"es_ES","og_type":"article","og_title":"EPEN - Corte Programado en sectores de Centenario el 06\/09\/2026","og_description":"Corte Programado en sectores de Centenario el 06\/09\/2026 Cortes Programados","og_url":"https:\/\/www.epen.gov.ar\/index.php\/2026\/09\/04\/corte-programado-en-sectores-de-centenario-el-06-09-2026\/","og_site_name":"EPEN","article_publisher":"https:\/\/www.facebook.com\/EPEN.Neuquen","article_published_time":"2026-09-04T13:28:06+00:00","article_modified_time":"2026-09-04T23:03:06+00:00","og_image":[{"width":1080,"height":1243,"url":"https:\/\/www.epen.gov.ar\/wp-content\/uploads\/2026\/09\/Centenario-04-09-26.jpg","type":"image\/jpeg"}],"author":"Prensa EPEN","twitter_card":"summary_large_image","twitter_creator":"@EPEN_Informa","twitter_site":"@EPEN_Informa","twitter_misc":{"Escrito por":"Prensa EPEN","Tiempo de lectura":"2 minutos"},"schema":{"@context":"https:\/\/schema.org","@graph":[{"@type":"Article","@id":"https:\/\/www.epen.gov.ar\/index.php\/2026\/09\/04\/corte-programado-en-sectores-de-centenario-el-06-09-2026\/#article","isPartOf":{"@id":"https:\/\/www.epen.gov.ar\/index.php\/2026\/09\/04\/corte-programado-en-sectores-de-centenario-el-06-09-2026\/"},"author":{"name":"Prensa EPEN","@id":"https:\/\/www.epen.gov.ar\/#\/schema\/person\/ce6cff87c2fc01264becc10fa105ad4f"},"headline":"Corte Programado en sectores de Centenario el 06\/09\/2026","datePublished":"2026-09-04T13:28:06+00:00","dateModified":"2026-09-04T23:03:06+00:00","mainEntityOfPage":{"@id":"https:\/\/www.epen.gov.ar\/index.php\/2026\/09\/04\/corte-programado-en-sectores-de-centenario-el-06-09-2026\/"},"wordCount":1518,"publisher":{"@id":"https:\/\/www.epen.gov.ar\/#organization"},"image":{"@id":"https:\/\/www.epen.gov.ar\/index.php\/2026\/09\/04\/corte-programado-en-sectores-de-centenario-el-06-09-2026\/#primaryimage"},"thumbnailUrl":"https:\/\/www.epen.gov.ar\/wp-content\/uploads\/2026\/09\/Centenario-04-09-26.jpg","articleSection":["Cortes Programados"],"inLanguage":"es"},{"@type":"WebPage","@id":"https:\/\/www.epen.gov.ar\/index.php\/2026\/09\/04\/corte-programado-en-sectores-de-centenario-el-06-09-2026\/","url":"https:\/\/www.epen.gov.ar\/index.php\/2026\/09\/04\/corte-programado-en-sectores-de-centenario-el-06-09-2026\/","name":"EPEN - Corte Programado en sectores de Centenario el 06\/09\/2026","isPartOf":{"@id":"https:\/\/www.epen.gov.ar\/#website"},"primaryImageOfPage":{"@id":"https:\/\/www.epen.gov.ar\/index.php\/2026\/09\/04\/corte-programado-en-sectores-de-centenario-el-06-09-2026\/#primaryimage"},"image":{"@id":"https:\/\/www.epen.gov.ar\/index.php\/2026\/09\/04\/corte-programado-en-sectores-de-centenario-el-06-09-2026\/#primaryimage"},"thumbnailUrl":"https:\/\/www.epen.gov.ar\/wp-content\/uploads\/2026\/09\/Centenario-04-09-26.jpg","datePublished":"2026-09-04T13:28:06+00:00","dateModified":"2026-09-04T23:03:06+00:00","description":"Corte Programado en sectores de Centenario el 06\/09\/2026 Cortes Programados","breadcrumb":{"@id":"https:\/\/www.epen.gov.ar\/index.php\/2026\/09\/04\/corte-programado-en-sectores-de-centenario-el-06-09-2026\/#breadcrumb"},"inLanguage":"es","potentialAction":[{"@type":"ReadAction","target":["https:\/\/www.epen.gov.ar\/index.php\/2026\/09\/04\/corte-programado-en-sectores-de-centenario-el-06-09-2026\/"]}]},{"@type":"ImageObject","inLanguage":"es","@id":"https:\/\/www.epen.gov.ar\/index.php\/2026\/09\/04\/corte-programado-en-sectores-de-centenario-el-06-09-2026\/#primaryimage","url":"https:\/\/www.epen.gov.ar\/wp-content\/uploads\/2026\/09\/Centenario-04-09-26.jpg","contentUrl":"https:\/\/www.epen.gov.ar\/wp-content\/uploads\/2026\/09\/Centenario-04-09-26.jpg","width":1080,"height":1243},{"@type":"BreadcrumbList","@id":"https:\/\/www.epen.gov.ar\/index.php\/2026\/09\/04\/corte-programado-en-sectores-de-centenario-el-06-09-2026\/#breadcrumb","itemListElement":[{"@type":"ListItem","position":1,"name":"Inicio","item":"https:\/\/www.epen.gov.ar\/"},{"@type":"ListItem","position":2,"name":"Corte Programado en sectores de Centenario el 06\/09\/2026"}]},{"@type":"WebSite","@id":"https:\/\/www.epen.gov.ar\/#website","url":"https:\/\/www.epen.gov.ar\/","name":"EPEN","description":"Ente Provincial de Energ\u00eda del Neuqu\u00e9n","publisher":{"@id":"https:\/\/www.epen.gov.ar\/#organization"},"potentialAction":[{"@type":"SearchAction","target":{"@type":"EntryPoint","urlTemplate":"https:\/\/www.epen.gov.ar\/?s={search_term_string}"},"query-input":{"@type":"PropertyValueSpecification","valueRequired":true,"valueName":"search_term_string"}}],"inLanguage":"es"},{"@type":"Organization","@id":"https:\/\/www.epen.gov.ar\/#organization","name":"Ente Provincial de Energ\u00eda del Neuqu\u00e9n","url":"https:\/\/www.epen.gov.ar\/","logo":{"@type":"ImageObject","inLanguage":"es","@id":"https:\/\/www.epen.gov.ar\/#\/schema\/logo\/image\/","url":"https:\/\/www.epen.gov.ar\/wp-content\/uploads\/2024\/02\/Logo-EPEN-2.jpg","contentUrl":"https:\/\/www.epen.gov.ar\/wp-content\/uploads\/2024\/02\/Logo-EPEN-2.jpg","width":696,"height":696,"caption":"Ente Provincial de Energ\u00eda del Neuqu\u00e9n"},"image":{"@id":"https:\/\/www.epen.gov.ar\/#\/schema\/logo\/image\/"},"sameAs":["https:\/\/www.facebook.com\/EPEN.Neuquen","https:\/\/x.com\/EPEN_Informa","https:\/\/www.youtube.com\/@epenprensa7384"]},{"@type":"Person","@id":"https:\/\/www.epen.gov.ar\/#\/schema\/person\/ce6cff87c2fc01264becc10fa105ad4f","name":"Prensa EPEN","image":{"@type":"ImageObject","inLanguage":"es","@id":"https:\/\/secure.gravatar.com\/avatar\/f8120b8688012ccf2d7fbcf7a970cfbabf0ab63b09c2dbd72c194bee080070e9?s=96&d=mm&r=g","url":"https:\/\/secure.gravatar.com\/avatar\/f8120b8688012ccf2d7fbcf7a970cfbabf0ab63b09c2dbd72c194bee080070e9?s=96&d=mm&r=g","contentUrl":"https:\/\/secure.gravatar.com\/avatar\/f8120b8688012ccf2d7fbcf7a970cfbabf0ab63b09c2dbd72c194bee080070e9?s=96&d=mm&r=g","caption":"Prensa EPEN"},"url":"https:\/\/www.epen.gov.ar\/index.php\/author\/admin\/"}]}},"_links":{"self":[{"href":"https:\/\/www.epen.gov.ar\/index.php\/wp-json\/wp\/v2\/posts\/206539","targetHints":{"allow":["GET"]}}],"collection":[{"href":"https:\/\/www.epen.gov.ar\/index.php\/wp-json\/wp\/v2\/posts"}],"about":[{"href":"https:\/\/www.epen.gov.ar\/index.php\/wp-json\/wp\/v2\/types\/post"}],"author":[{"embeddable":true,"href":"https:\/\/www.epen.gov.ar\/index.php\/wp-json\/wp\/v2\/users\/1"}],"replies":[{"embeddable":true,"href":"https:\/\/www.epen.gov.ar\/index.php\/wp-json\/wp\/v2\/comments?post=206539"}],"version-history":[{"count":3,"href":"https:\/\/www.epen.gov.ar\/index.php\/wp-json\/wp\/v2\/posts\/206539\/revisions"}],"predecessor-version":[{"id":206797,"href":"https:\/\/www.epen.gov.ar\/index.php\/wp-json\/wp\/v2\/posts\/206539\/revisions\/206797"}],"wp:featuredmedia":[{"embeddable":true,"href":"https:\/\/www.epen.gov.ar\/index.php\/wp-json\/wp\/v2\/media\/206798"}],"wp:attachment":[{"href":"https:\/\/www.epen.gov.ar\/index.php\/wp-json\/wp\/v2\/media?parent=206539"}],"wp:term":[{"taxonomy":"category","embeddable":true,"href":"https:\/\/www.epen.gov.ar\/index.php\/wp-json\/wp\/v2\/categories?post=206539"},{"taxonomy":"post_tag","embeddable":true,"href":"https:\/\/www.epen.gov.ar\/index.php\/wp-json\/wp\/v2\/tags?post=206539"}],"curies":[{"name":"wp","href":"https:\/\/api.w.org\/{rel}","templated":true}]}}