{"id":206171,"date":"2026-09-02T14:30:47","date_gmt":"2026-09-02T17:30:47","guid":{"rendered":"https:\/\/www.epen.gov.ar\/?p=206171"},"modified":"2026-09-02T14:30:47","modified_gmt":"2026-09-02T17:30:47","slug":"se-presentaron-tres-ofertas-para-modernizar-el-servicio-del-epen-en-las-ovejas","status":"publish","type":"post","link":"https:\/\/www.epen.gov.ar\/index.php\/2026\/09\/02\/se-presentaron-tres-ofertas-para-modernizar-el-servicio-del-epen-en-las-ovejas\/","title":{"rendered":"Se presentaron tres ofertas para modernizar el servicio del EPEN en Las Ovejas"},"content":{"rendered":"<div class=\"fusion-fullwidth fullwidth-box fusion-builder-row-1 has-pattern-background has-mask-background nonhundred-percent-fullwidth non-hundred-percent-height-scrolling\" style=\"--awb-border-radius-top-left:0px;--awb-border-radius-top-right:0px;--awb-border-radius-bottom-right:0px;--awb-border-radius-bottom-left:0px;--awb-padding-left:0px;--awb-background-color:white;--awb-flex-wrap:wrap;\" ><div class=\"fusion-builder-row fusion-row\"><div class=\"fusion-layout-column fusion_builder_column fusion-builder-column-0 fusion_builder_column_1_1 1_1 fusion-one-full fusion-column-first fusion-column-last\" style=\"--awb-bg-blend:overlay;--awb-bg-size:cover;--awb-margin-bottom:0px;\" data-scroll-devices=\"small-visibility,medium-visibility,large-visibility\"><div class=\"fusion-column-wrapper fusion-column-has-shadow fusion-flex-column-wrapper-legacy\"><div class=\"fusion-text fusion-text-1\" style=\"--awb-font-size:16px;--awb-text-font-family:&quot;Manrope&quot;;--awb-text-font-style:normal;--awb-text-font-weight:400;\"><p><em><strong>El edificio permitir\u00e1 fortalecer la infraestructura del organismo en el norte neuquino, mejorar las condiciones de trabajo del personal y brindar una atenci\u00f3n m\u00e1s adecuada a los usuarios. La obra tiene un plazo de ejecuci\u00f3n de 120 d\u00edas corridos.<\/strong><\/em><br \/>\n<em><strong>mi\u00e9rcoles 02 de septiembre de 2026<\/strong><\/em><\/p>\n<p>Por Secretar\u00eda de Prensa y Comunicaci\u00f3n<\/p>\n<p>El Ente Provincial de Energ\u00eda del Neuqu\u00e9n (EPEN), dependiente del Ministerio de Energ\u00eda, realiz\u00f3 este mi\u00e9rcoles 2 de septiembre, junto al municipio de Las Ovejas, el acto de apertura de ofertas para la construcci\u00f3n del nuevo edificio destinado al funcionamiento del Servicio El\u00e9ctrico de la localidad. En el proceso se recibieron tres ofertas.<\/p>\n<p>La obra, denominada \u201cNuevo Servicio El\u00e9ctrico Las Ovejas\u201d, permitir\u00e1 dotar a la localidad de infraestructura propia para el desarrollo de las tareas operativas, administrativas y de atenci\u00f3n al p\u00fablico. Cuenta con un presupuesto oficial de $838.895.436,98 m\u00e1s IVA y un plazo de ejecuci\u00f3n previsto de 120 d\u00edas corridos.<\/p>\n<p>El nuevo edificio se emplazar\u00e1 en un predio de aproximadamente 1.141 metros cuadrados, ubicado en la intersecci\u00f3n de avenida Bernab\u00e9 Pedernera y calle sin nombre. Tendr\u00e1 una superficie cubierta aproximada de 181 metros cuadrados, adem\u00e1s de sectores semicubiertos destinados principalmente a cochera y accesos.<\/p>\n<p><strong>Un espacio para trabajadores y usuarios<\/strong><\/p>\n<p>El proyecto fue dise\u00f1ado para responder a las necesidades del personal del EPEN que desarrolla sus funciones en Las Ovejas, incorporando espacios adecuados para el trabajo cotidiano y mejores condiciones para la atenci\u00f3n de los usuarios del servicio el\u00e9ctrico. Adquiere mayor relevancia si se tiene en cuenta que las instalaciones actuales tienen medio siglo de antig\u00fcedad.<\/p>\n<p>En este sentido, el presidente del EPEN, Mario Moya, destac\u00f3 la importancia de acompa\u00f1ar el crecimiento de la infraestructura el\u00e9ctrica con espacios adecuados tanto para quienes trabajan en el organismo como para quienes utilizan el servicio. \u201cNo hay trabajadores ni clientes de primera o de segunda -recalc\u00f3-. Estamos llevando a cabo muchas obras, pero no solamente es importante llevar energ\u00eda, sino tambi\u00e9n que nuestros clientes puedan ser bien atendidos y que nuestros trabajadores se encuentren confortables\u201d.<\/p>\n<p>El edificio contar\u00e1 con un \u00e1rea de atenci\u00f3n al cliente con acceso adaptado, oficinas de Jefatura y Administraci\u00f3n, sanitarios para personal y p\u00fablico -incluyendo un ba\u00f1o accesible-, sala de refrigerio con cocina-comedor, sector operativo y cochera cubierta para dos veh\u00edculos oficiales.<\/p>\n<p>La obra contempla, adem\u00e1s, las instalaciones y equipamientos necesarios para su funcionamiento, incluyendo servicios de electricidad, agua, cloacas, gas, telefon\u00eda y datos, adem\u00e1s de sistemas de calefacci\u00f3n y refrigeraci\u00f3n.<\/p>\n<p>Uno de los aspectos destacados del proyecto es la utilizaci\u00f3n de un sistema de construcci\u00f3n en seco mediante paneles SIP autoportantes, que permitir\u00e1 combinar eficiencia constructiva, aislaci\u00f3n t\u00e9rmica y bajos requerimientos de mantenimiento.<\/p>\n<p>Esta soluci\u00f3n, junto con las carpinter\u00edas de aluminio con doble vidriado herm\u00e9tico (DVH), contribuir\u00e1 a mejorar el comportamiento t\u00e9rmico y el confort interior, especialmente teniendo en cuenta las condiciones clim\u00e1ticas de la zona.<\/p>\n<p>Como parte de la intervenci\u00f3n tambi\u00e9n se ejecutar\u00e1n veredas exteriores, cierre perimetral, port\u00f3n vehicular y acceso peatonal.<\/p>\n<p>El proyecto contempla la preservaci\u00f3n del espacio de descanso existente en homenaje a Carina y Valentina, v\u00edctimas de femicidio, respetando su car\u00e1cter conmemorativo.<\/p>\n<p>Durante el acto, la intendenta de Las Ovejas, Marisa Anti\u00f1ir destac\u00f3 el acompa\u00f1amiento del municipio y el significado de la obra para la localidad: \u201cEsto viene a reivindicar el trabajo que realiza cada d\u00eda el empleado del EPEN. El terreno fue donado a trav\u00e9s del Concejo Deliberante cuando est\u00e1bamos all\u00ed, y hoy vemos c\u00f3mo ese proyecto se concreta\u201d.<\/p>\n<p>La construcci\u00f3n del nuevo Servicio El\u00e9ctrico representa un nuevo paso en el fortalecimiento de la presencia del EPEN en el interior de la provincia, incorporando infraestructura propia para mejorar las condiciones de trabajo de sus equipos y brindar una atenci\u00f3n m\u00e1s adecuada, accesible y cercana a los usuarios del servicio el\u00e9ctrico.<\/p>\n<p>La apertura de las tres ofertas dar\u00e1 inicio a las instancias administrativas correspondientes para su evaluaci\u00f3n y posterior adjudicaci\u00f3n, de acuerdo con los procedimientos establecidos.<\/p>\n<div class=\"awb-gallery-wrapper awb-gallery-wrapper-1 button-span-no\" style=\"--more-btn-alignment:center;\"><div style=\"margin:-5px;--awb-bordersize:0px;\" class=\"fusion-gallery fusion-gallery-container fusion-grid-3 fusion-columns-total-4 fusion-gallery-layout-grid fusion-gallery-1\"><div style=\"padding:5px;\" class=\"fusion-grid-column fusion-gallery-column fusion-gallery-column-3 hover-type-none\"><div class=\"fusion-gallery-image\"><a href=\"https:\/\/www.epen.gov.ar\/wp-content\/uploads\/2026\/09\/Las-Ovejas-Sobres-Nuevo-SE-3.jpeg\" rel=\"noreferrer\" data-rel=\"iLightbox[gallery_image_1]\" class=\"fusion-lightbox\" target=\"_self\"><img decoding=\"async\" src=\"https:\/\/www.epen.gov.ar\/wp-content\/uploads\/2026\/09\/Las-Ovejas-Sobres-Nuevo-SE-3-460x295.jpeg\" width=\"460\" height=\"295\" alt=\"\" title=\"Las Ovejas &#8211; Sobres Nuevo SE (3)\" aria-label=\"Las Ovejas &#8211; Sobres Nuevo SE (3)\" class=\"img-responsive wp-image-206184 fusion-gallery-image-size-fixed\"  \/><\/a><\/div><\/div><div style=\"padding:5px;\" class=\"fusion-grid-column fusion-gallery-column fusion-gallery-column-3 hover-type-none\"><div class=\"fusion-gallery-image\"><a href=\"https:\/\/www.epen.gov.ar\/wp-content\/uploads\/2026\/09\/Las-Ovejas-Sobres-Nuevo-SE-4.jpeg\" rel=\"noreferrer\" data-rel=\"iLightbox[gallery_image_1]\" class=\"fusion-lightbox\" target=\"_self\"><img decoding=\"async\" src=\"https:\/\/www.epen.gov.ar\/wp-content\/uploads\/2026\/09\/Las-Ovejas-Sobres-Nuevo-SE-4-460x295.jpeg\" width=\"460\" height=\"295\" alt=\"\" title=\"Las Ovejas &#8211; Sobres Nuevo SE (4)\" aria-label=\"Las Ovejas &#8211; Sobres Nuevo SE (4)\" class=\"img-responsive wp-image-206185 fusion-gallery-image-size-fixed\"  \/><\/a><\/div><\/div><div style=\"padding:5px;\" class=\"fusion-grid-column fusion-gallery-column fusion-gallery-column-3 hover-type-none\"><div class=\"fusion-gallery-image\"><a href=\"https:\/\/www.epen.gov.ar\/wp-content\/uploads\/2026\/09\/Las-Ovejas-Sobres-Nuevo-SE-1.jpeg\" rel=\"noreferrer\" data-rel=\"iLightbox[gallery_image_1]\" class=\"fusion-lightbox\" target=\"_self\"><img decoding=\"async\" src=\"https:\/\/www.epen.gov.ar\/wp-content\/uploads\/2026\/09\/Las-Ovejas-Sobres-Nuevo-SE-1-460x295.jpeg\" width=\"460\" height=\"295\" alt=\"\" title=\"Las Ovejas &#8211; Sobres Nuevo SE (1)\" aria-label=\"Las Ovejas &#8211; Sobres Nuevo SE (1)\" class=\"img-responsive wp-image-206186 fusion-gallery-image-size-fixed\"  \/><\/a><\/div><\/div><div class=\"clearfix\"><\/div><div style=\"padding:5px;\" class=\"fusion-grid-column fusion-gallery-column fusion-gallery-column-3 hover-type-none\"><div class=\"fusion-gallery-image\"><a href=\"https:\/\/www.epen.gov.ar\/wp-content\/uploads\/2026\/09\/Las-Ovejas-Sobres-Nuevo-SE-2.jpeg\" rel=\"noreferrer\" data-rel=\"iLightbox[gallery_image_1]\" class=\"fusion-lightbox\" target=\"_self\"><img decoding=\"async\" src=\"https:\/\/www.epen.gov.ar\/wp-content\/uploads\/2026\/09\/Las-Ovejas-Sobres-Nuevo-SE-2-460x295.jpeg\" width=\"460\" height=\"295\" alt=\"\" title=\"Las Ovejas &#8211; Sobres Nuevo SE (2)\" aria-label=\"Las Ovejas &#8211; Sobres Nuevo SE (2)\" class=\"img-responsive wp-image-206187 fusion-gallery-image-size-fixed\"  \/><\/a><\/div><\/div><\/div><\/div>\n<\/div><div class=\"fusion-clearfix\"><\/div><\/div><\/div><\/div><\/div>\n","protected":false},"excerpt":{"rendered":"","protected":false},"author":1,"featured_media":206187,"comment_status":"closed","ping_status":"closed","sticky":false,"template":"","format":"standard","meta":{"_exactmetrics_skip_tracking":false,"footnotes":""},"categories":[84],"tags":[],"class_list":["post-206171","post","type-post","status-publish","format-standard","has-post-thumbnail","hentry","category-noticias"],"yoast_head":"<!-- This site is optimized with the Yoast SEO plugin v28.3 - https:\/\/yoast.com\/product\/yoast-seo-wordpress\/ -->\n<title>EPEN - Se presentaron tres ofertas para modernizar el servicio del EPEN en Las Ovejas<\/title>\n<meta name=\"description\" content=\"Se presentaron tres ofertas para modernizar el servicio del EPEN en Las Ovejas Noticias\" \/>\n<meta name=\"robots\" content=\"index, follow, max-snippet:-1, max-image-preview:large, max-video-preview:-1\" \/>\n<link rel=\"canonical\" href=\"https:\/\/www.epen.gov.ar\/index.php\/2026\/09\/02\/se-presentaron-tres-ofertas-para-modernizar-el-servicio-del-epen-en-las-ovejas\/\" \/>\n<meta property=\"og:locale\" content=\"es_ES\" \/>\n<meta property=\"og:type\" content=\"article\" \/>\n<meta property=\"og:title\" content=\"EPEN - Se presentaron tres ofertas para modernizar el servicio del EPEN en Las Ovejas\" \/>\n<meta property=\"og:description\" content=\"Se presentaron tres ofertas para modernizar el servicio del EPEN en Las Ovejas Noticias\" \/>\n<meta property=\"og:url\" content=\"https:\/\/www.epen.gov.ar\/index.php\/2026\/09\/02\/se-presentaron-tres-ofertas-para-modernizar-el-servicio-del-epen-en-las-ovejas\/\" \/>\n<meta property=\"og:site_name\" content=\"EPEN\" \/>\n<meta property=\"article:publisher\" content=\"https:\/\/www.facebook.com\/EPEN.Neuquen\" \/>\n<meta property=\"article:published_time\" content=\"2026-09-02T17:30:47+00:00\" \/>\n<meta property=\"og:image\" content=\"https:\/\/www.epen.gov.ar\/wp-content\/uploads\/2026\/09\/Las-Ovejas-Sobres-Nuevo-SE-2.jpeg\" \/>\n\t<meta property=\"og:image:width\" content=\"1600\" \/>\n\t<meta property=\"og:image:height\" content=\"1200\" \/>\n\t<meta property=\"og:image:type\" content=\"image\/jpeg\" \/>\n<meta name=\"author\" content=\"Prensa EPEN\" \/>\n<meta name=\"twitter:card\" content=\"summary_large_image\" \/>\n<meta name=\"twitter:creator\" content=\"@EPEN_Informa\" \/>\n<meta name=\"twitter:site\" content=\"@EPEN_Informa\" \/>\n<meta name=\"twitter:label1\" content=\"Escrito por\" \/>\n\t<meta name=\"twitter:data1\" content=\"Prensa EPEN\" \/>\n\t<meta name=\"twitter:label2\" content=\"Tiempo de lectura\" \/>\n\t<meta name=\"twitter:data2\" content=\"4 minutos\" \/>\n<script type=\"application\/ld+json\" class=\"yoast-schema-graph\">{\"@context\":\"https:\\\/\\\/schema.org\",\"@graph\":[{\"@type\":\"Article\",\"@id\":\"https:\\\/\\\/www.epen.gov.ar\\\/index.php\\\/2026\\\/09\\\/02\\\/se-presentaron-tres-ofertas-para-modernizar-el-servicio-del-epen-en-las-ovejas\\\/#article\",\"isPartOf\":{\"@id\":\"https:\\\/\\\/www.epen.gov.ar\\\/index.php\\\/2026\\\/09\\\/02\\\/se-presentaron-tres-ofertas-para-modernizar-el-servicio-del-epen-en-las-ovejas\\\/\"},\"author\":{\"name\":\"Prensa EPEN\",\"@id\":\"https:\\\/\\\/www.epen.gov.ar\\\/#\\\/schema\\\/person\\\/ce6cff87c2fc01264becc10fa105ad4f\"},\"headline\":\"Se presentaron tres ofertas para modernizar el servicio del EPEN en Las Ovejas\",\"datePublished\":\"2026-09-02T17:30:47+00:00\",\"mainEntityOfPage\":{\"@id\":\"https:\\\/\\\/www.epen.gov.ar\\\/index.php\\\/2026\\\/09\\\/02\\\/se-presentaron-tres-ofertas-para-modernizar-el-servicio-del-epen-en-las-ovejas\\\/\"},\"wordCount\":2203,\"publisher\":{\"@id\":\"https:\\\/\\\/www.epen.gov.ar\\\/#organization\"},\"image\":{\"@id\":\"https:\\\/\\\/www.epen.gov.ar\\\/index.php\\\/2026\\\/09\\\/02\\\/se-presentaron-tres-ofertas-para-modernizar-el-servicio-del-epen-en-las-ovejas\\\/#primaryimage\"},\"thumbnailUrl\":\"https:\\\/\\\/www.epen.gov.ar\\\/wp-content\\\/uploads\\\/2026\\\/09\\\/Las-Ovejas-Sobres-Nuevo-SE-2.jpeg\",\"articleSection\":[\"Noticias\"],\"inLanguage\":\"es\"},{\"@type\":\"WebPage\",\"@id\":\"https:\\\/\\\/www.epen.gov.ar\\\/index.php\\\/2026\\\/09\\\/02\\\/se-presentaron-tres-ofertas-para-modernizar-el-servicio-del-epen-en-las-ovejas\\\/\",\"url\":\"https:\\\/\\\/www.epen.gov.ar\\\/index.php\\\/2026\\\/09\\\/02\\\/se-presentaron-tres-ofertas-para-modernizar-el-servicio-del-epen-en-las-ovejas\\\/\",\"name\":\"EPEN - Se presentaron tres ofertas para modernizar el servicio del EPEN en Las Ovejas\",\"isPartOf\":{\"@id\":\"https:\\\/\\\/www.epen.gov.ar\\\/#website\"},\"primaryImageOfPage\":{\"@id\":\"https:\\\/\\\/www.epen.gov.ar\\\/index.php\\\/2026\\\/09\\\/02\\\/se-presentaron-tres-ofertas-para-modernizar-el-servicio-del-epen-en-las-ovejas\\\/#primaryimage\"},\"image\":{\"@id\":\"https:\\\/\\\/www.epen.gov.ar\\\/index.php\\\/2026\\\/09\\\/02\\\/se-presentaron-tres-ofertas-para-modernizar-el-servicio-del-epen-en-las-ovejas\\\/#primaryimage\"},\"thumbnailUrl\":\"https:\\\/\\\/www.epen.gov.ar\\\/wp-content\\\/uploads\\\/2026\\\/09\\\/Las-Ovejas-Sobres-Nuevo-SE-2.jpeg\",\"datePublished\":\"2026-09-02T17:30:47+00:00\",\"description\":\"Se presentaron tres ofertas para modernizar el servicio del EPEN en Las Ovejas Noticias\",\"breadcrumb\":{\"@id\":\"https:\\\/\\\/www.epen.gov.ar\\\/index.php\\\/2026\\\/09\\\/02\\\/se-presentaron-tres-ofertas-para-modernizar-el-servicio-del-epen-en-las-ovejas\\\/#breadcrumb\"},\"inLanguage\":\"es\",\"potentialAction\":[{\"@type\":\"ReadAction\",\"target\":[\"https:\\\/\\\/www.epen.gov.ar\\\/index.php\\\/2026\\\/09\\\/02\\\/se-presentaron-tres-ofertas-para-modernizar-el-servicio-del-epen-en-las-ovejas\\\/\"]}]},{\"@type\":\"ImageObject\",\"inLanguage\":\"es\",\"@id\":\"https:\\\/\\\/www.epen.gov.ar\\\/index.php\\\/2026\\\/09\\\/02\\\/se-presentaron-tres-ofertas-para-modernizar-el-servicio-del-epen-en-las-ovejas\\\/#primaryimage\",\"url\":\"https:\\\/\\\/www.epen.gov.ar\\\/wp-content\\\/uploads\\\/2026\\\/09\\\/Las-Ovejas-Sobres-Nuevo-SE-2.jpeg\",\"contentUrl\":\"https:\\\/\\\/www.epen.gov.ar\\\/wp-content\\\/uploads\\\/2026\\\/09\\\/Las-Ovejas-Sobres-Nuevo-SE-2.jpeg\",\"width\":1600,\"height\":1200},{\"@type\":\"BreadcrumbList\",\"@id\":\"https:\\\/\\\/www.epen.gov.ar\\\/index.php\\\/2026\\\/09\\\/02\\\/se-presentaron-tres-ofertas-para-modernizar-el-servicio-del-epen-en-las-ovejas\\\/#breadcrumb\",\"itemListElement\":[{\"@type\":\"ListItem\",\"position\":1,\"name\":\"Inicio\",\"item\":\"https:\\\/\\\/www.epen.gov.ar\\\/\"},{\"@type\":\"ListItem\",\"position\":2,\"name\":\"Se presentaron tres ofertas para modernizar el servicio del EPEN en Las Ovejas\"}]},{\"@type\":\"WebSite\",\"@id\":\"https:\\\/\\\/www.epen.gov.ar\\\/#website\",\"url\":\"https:\\\/\\\/www.epen.gov.ar\\\/\",\"name\":\"EPEN\",\"description\":\"Ente Provincial de Energ\u00eda del Neuqu\u00e9n\",\"publisher\":{\"@id\":\"https:\\\/\\\/www.epen.gov.ar\\\/#organization\"},\"potentialAction\":[{\"@type\":\"SearchAction\",\"target\":{\"@type\":\"EntryPoint\",\"urlTemplate\":\"https:\\\/\\\/www.epen.gov.ar\\\/?s={search_term_string}\"},\"query-input\":{\"@type\":\"PropertyValueSpecification\",\"valueRequired\":true,\"valueName\":\"search_term_string\"}}],\"inLanguage\":\"es\"},{\"@type\":\"Organization\",\"@id\":\"https:\\\/\\\/www.epen.gov.ar\\\/#organization\",\"name\":\"Ente Provincial de Energ\u00eda del Neuqu\u00e9n\",\"url\":\"https:\\\/\\\/www.epen.gov.ar\\\/\",\"logo\":{\"@type\":\"ImageObject\",\"inLanguage\":\"es\",\"@id\":\"https:\\\/\\\/www.epen.gov.ar\\\/#\\\/schema\\\/logo\\\/image\\\/\",\"url\":\"https:\\\/\\\/www.epen.gov.ar\\\/wp-content\\\/uploads\\\/2024\\\/02\\\/Logo-EPEN-2.jpg\",\"contentUrl\":\"https:\\\/\\\/www.epen.gov.ar\\\/wp-content\\\/uploads\\\/2024\\\/02\\\/Logo-EPEN-2.jpg\",\"width\":696,\"height\":696,\"caption\":\"Ente Provincial de Energ\u00eda del Neuqu\u00e9n\"},\"image\":{\"@id\":\"https:\\\/\\\/www.epen.gov.ar\\\/#\\\/schema\\\/logo\\\/image\\\/\"},\"sameAs\":[\"https:\\\/\\\/www.facebook.com\\\/EPEN.Neuquen\",\"https:\\\/\\\/x.com\\\/EPEN_Informa\",\"https:\\\/\\\/www.youtube.com\\\/@epenprensa7384\"]},{\"@type\":\"Person\",\"@id\":\"https:\\\/\\\/www.epen.gov.ar\\\/#\\\/schema\\\/person\\\/ce6cff87c2fc01264becc10fa105ad4f\",\"name\":\"Prensa EPEN\",\"image\":{\"@type\":\"ImageObject\",\"inLanguage\":\"es\",\"@id\":\"https:\\\/\\\/secure.gravatar.com\\\/avatar\\\/f8120b8688012ccf2d7fbcf7a970cfbabf0ab63b09c2dbd72c194bee080070e9?s=96&d=mm&r=g\",\"url\":\"https:\\\/\\\/secure.gravatar.com\\\/avatar\\\/f8120b8688012ccf2d7fbcf7a970cfbabf0ab63b09c2dbd72c194bee080070e9?s=96&d=mm&r=g\",\"contentUrl\":\"https:\\\/\\\/secure.gravatar.com\\\/avatar\\\/f8120b8688012ccf2d7fbcf7a970cfbabf0ab63b09c2dbd72c194bee080070e9?s=96&d=mm&r=g\",\"caption\":\"Prensa EPEN\"},\"url\":\"https:\\\/\\\/www.epen.gov.ar\\\/index.php\\\/author\\\/admin\\\/\"}]}<\/script>\n<!-- \/ Yoast SEO plugin. -->","yoast_head_json":{"title":"EPEN - Se presentaron tres ofertas para modernizar el servicio del EPEN en Las Ovejas","description":"Se presentaron tres ofertas para modernizar el servicio del EPEN en Las Ovejas Noticias","robots":{"index":"index","follow":"follow","max-snippet":"max-snippet:-1","max-image-preview":"max-image-preview:large","max-video-preview":"max-video-preview:-1"},"canonical":"https:\/\/www.epen.gov.ar\/index.php\/2026\/09\/02\/se-presentaron-tres-ofertas-para-modernizar-el-servicio-del-epen-en-las-ovejas\/","og_locale":"es_ES","og_type":"article","og_title":"EPEN - Se presentaron tres ofertas para modernizar el servicio del EPEN en Las Ovejas","og_description":"Se presentaron tres ofertas para modernizar el servicio del EPEN en Las Ovejas Noticias","og_url":"https:\/\/www.epen.gov.ar\/index.php\/2026\/09\/02\/se-presentaron-tres-ofertas-para-modernizar-el-servicio-del-epen-en-las-ovejas\/","og_site_name":"EPEN","article_publisher":"https:\/\/www.facebook.com\/EPEN.Neuquen","article_published_time":"2026-09-02T17:30:47+00:00","og_image":[{"width":1600,"height":1200,"url":"https:\/\/www.epen.gov.ar\/wp-content\/uploads\/2026\/09\/Las-Ovejas-Sobres-Nuevo-SE-2.jpeg","type":"image\/jpeg"}],"author":"Prensa EPEN","twitter_card":"summary_large_image","twitter_creator":"@EPEN_Informa","twitter_site":"@EPEN_Informa","twitter_misc":{"Escrito por":"Prensa EPEN","Tiempo de lectura":"4 minutos"},"schema":{"@context":"https:\/\/schema.org","@graph":[{"@type":"Article","@id":"https:\/\/www.epen.gov.ar\/index.php\/2026\/09\/02\/se-presentaron-tres-ofertas-para-modernizar-el-servicio-del-epen-en-las-ovejas\/#article","isPartOf":{"@id":"https:\/\/www.epen.gov.ar\/index.php\/2026\/09\/02\/se-presentaron-tres-ofertas-para-modernizar-el-servicio-del-epen-en-las-ovejas\/"},"author":{"name":"Prensa EPEN","@id":"https:\/\/www.epen.gov.ar\/#\/schema\/person\/ce6cff87c2fc01264becc10fa105ad4f"},"headline":"Se presentaron tres ofertas para modernizar el servicio del EPEN en Las Ovejas","datePublished":"2026-09-02T17:30:47+00:00","mainEntityOfPage":{"@id":"https:\/\/www.epen.gov.ar\/index.php\/2026\/09\/02\/se-presentaron-tres-ofertas-para-modernizar-el-servicio-del-epen-en-las-ovejas\/"},"wordCount":2203,"publisher":{"@id":"https:\/\/www.epen.gov.ar\/#organization"},"image":{"@id":"https:\/\/www.epen.gov.ar\/index.php\/2026\/09\/02\/se-presentaron-tres-ofertas-para-modernizar-el-servicio-del-epen-en-las-ovejas\/#primaryimage"},"thumbnailUrl":"https:\/\/www.epen.gov.ar\/wp-content\/uploads\/2026\/09\/Las-Ovejas-Sobres-Nuevo-SE-2.jpeg","articleSection":["Noticias"],"inLanguage":"es"},{"@type":"WebPage","@id":"https:\/\/www.epen.gov.ar\/index.php\/2026\/09\/02\/se-presentaron-tres-ofertas-para-modernizar-el-servicio-del-epen-en-las-ovejas\/","url":"https:\/\/www.epen.gov.ar\/index.php\/2026\/09\/02\/se-presentaron-tres-ofertas-para-modernizar-el-servicio-del-epen-en-las-ovejas\/","name":"EPEN - Se presentaron tres ofertas para modernizar el servicio del EPEN en Las Ovejas","isPartOf":{"@id":"https:\/\/www.epen.gov.ar\/#website"},"primaryImageOfPage":{"@id":"https:\/\/www.epen.gov.ar\/index.php\/2026\/09\/02\/se-presentaron-tres-ofertas-para-modernizar-el-servicio-del-epen-en-las-ovejas\/#primaryimage"},"image":{"@id":"https:\/\/www.epen.gov.ar\/index.php\/2026\/09\/02\/se-presentaron-tres-ofertas-para-modernizar-el-servicio-del-epen-en-las-ovejas\/#primaryimage"},"thumbnailUrl":"https:\/\/www.epen.gov.ar\/wp-content\/uploads\/2026\/09\/Las-Ovejas-Sobres-Nuevo-SE-2.jpeg","datePublished":"2026-09-02T17:30:47+00:00","description":"Se presentaron tres ofertas para modernizar el servicio del EPEN en Las Ovejas Noticias","breadcrumb":{"@id":"https:\/\/www.epen.gov.ar\/index.php\/2026\/09\/02\/se-presentaron-tres-ofertas-para-modernizar-el-servicio-del-epen-en-las-ovejas\/#breadcrumb"},"inLanguage":"es","potentialAction":[{"@type":"ReadAction","target":["https:\/\/www.epen.gov.ar\/index.php\/2026\/09\/02\/se-presentaron-tres-ofertas-para-modernizar-el-servicio-del-epen-en-las-ovejas\/"]}]},{"@type":"ImageObject","inLanguage":"es","@id":"https:\/\/www.epen.gov.ar\/index.php\/2026\/09\/02\/se-presentaron-tres-ofertas-para-modernizar-el-servicio-del-epen-en-las-ovejas\/#primaryimage","url":"https:\/\/www.epen.gov.ar\/wp-content\/uploads\/2026\/09\/Las-Ovejas-Sobres-Nuevo-SE-2.jpeg","contentUrl":"https:\/\/www.epen.gov.ar\/wp-content\/uploads\/2026\/09\/Las-Ovejas-Sobres-Nuevo-SE-2.jpeg","width":1600,"height":1200},{"@type":"BreadcrumbList","@id":"https:\/\/www.epen.gov.ar\/index.php\/2026\/09\/02\/se-presentaron-tres-ofertas-para-modernizar-el-servicio-del-epen-en-las-ovejas\/#breadcrumb","itemListElement":[{"@type":"ListItem","position":1,"name":"Inicio","item":"https:\/\/www.epen.gov.ar\/"},{"@type":"ListItem","position":2,"name":"Se presentaron tres ofertas para modernizar el servicio del EPEN en Las Ovejas"}]},{"@type":"WebSite","@id":"https:\/\/www.epen.gov.ar\/#website","url":"https:\/\/www.epen.gov.ar\/","name":"EPEN","description":"Ente Provincial de Energ\u00eda del Neuqu\u00e9n","publisher":{"@id":"https:\/\/www.epen.gov.ar\/#organization"},"potentialAction":[{"@type":"SearchAction","target":{"@type":"EntryPoint","urlTemplate":"https:\/\/www.epen.gov.ar\/?s={search_term_string}"},"query-input":{"@type":"PropertyValueSpecification","valueRequired":true,"valueName":"search_term_string"}}],"inLanguage":"es"},{"@type":"Organization","@id":"https:\/\/www.epen.gov.ar\/#organization","name":"Ente Provincial de Energ\u00eda del Neuqu\u00e9n","url":"https:\/\/www.epen.gov.ar\/","logo":{"@type":"ImageObject","inLanguage":"es","@id":"https:\/\/www.epen.gov.ar\/#\/schema\/logo\/image\/","url":"https:\/\/www.epen.gov.ar\/wp-content\/uploads\/2024\/02\/Logo-EPEN-2.jpg","contentUrl":"https:\/\/www.epen.gov.ar\/wp-content\/uploads\/2024\/02\/Logo-EPEN-2.jpg","width":696,"height":696,"caption":"Ente Provincial de Energ\u00eda del Neuqu\u00e9n"},"image":{"@id":"https:\/\/www.epen.gov.ar\/#\/schema\/logo\/image\/"},"sameAs":["https:\/\/www.facebook.com\/EPEN.Neuquen","https:\/\/x.com\/EPEN_Informa","https:\/\/www.youtube.com\/@epenprensa7384"]},{"@type":"Person","@id":"https:\/\/www.epen.gov.ar\/#\/schema\/person\/ce6cff87c2fc01264becc10fa105ad4f","name":"Prensa EPEN","image":{"@type":"ImageObject","inLanguage":"es","@id":"https:\/\/secure.gravatar.com\/avatar\/f8120b8688012ccf2d7fbcf7a970cfbabf0ab63b09c2dbd72c194bee080070e9?s=96&d=mm&r=g","url":"https:\/\/secure.gravatar.com\/avatar\/f8120b8688012ccf2d7fbcf7a970cfbabf0ab63b09c2dbd72c194bee080070e9?s=96&d=mm&r=g","contentUrl":"https:\/\/secure.gravatar.com\/avatar\/f8120b8688012ccf2d7fbcf7a970cfbabf0ab63b09c2dbd72c194bee080070e9?s=96&d=mm&r=g","caption":"Prensa EPEN"},"url":"https:\/\/www.epen.gov.ar\/index.php\/author\/admin\/"}]}},"_links":{"self":[{"href":"https:\/\/www.epen.gov.ar\/index.php\/wp-json\/wp\/v2\/posts\/206171","targetHints":{"allow":["GET"]}}],"collection":[{"href":"https:\/\/www.epen.gov.ar\/index.php\/wp-json\/wp\/v2\/posts"}],"about":[{"href":"https:\/\/www.epen.gov.ar\/index.php\/wp-json\/wp\/v2\/types\/post"}],"author":[{"embeddable":true,"href":"https:\/\/www.epen.gov.ar\/index.php\/wp-json\/wp\/v2\/users\/1"}],"replies":[{"embeddable":true,"href":"https:\/\/www.epen.gov.ar\/index.php\/wp-json\/wp\/v2\/comments?post=206171"}],"version-history":[{"count":3,"href":"https:\/\/www.epen.gov.ar\/index.php\/wp-json\/wp\/v2\/posts\/206171\/revisions"}],"predecessor-version":[{"id":206202,"href":"https:\/\/www.epen.gov.ar\/index.php\/wp-json\/wp\/v2\/posts\/206171\/revisions\/206202"}],"wp:featuredmedia":[{"embeddable":true,"href":"https:\/\/www.epen.gov.ar\/index.php\/wp-json\/wp\/v2\/media\/206187"}],"wp:attachment":[{"href":"https:\/\/www.epen.gov.ar\/index.php\/wp-json\/wp\/v2\/media?parent=206171"}],"wp:term":[{"taxonomy":"category","embeddable":true,"href":"https:\/\/www.epen.gov.ar\/index.php\/wp-json\/wp\/v2\/categories?post=206171"},{"taxonomy":"post_tag","embeddable":true,"href":"https:\/\/www.epen.gov.ar\/index.php\/wp-json\/wp\/v2\/tags?post=206171"}],"curies":[{"name":"wp","href":"https:\/\/api.w.org\/{rel}","templated":true}]}}