{"id":20615,"date":"2020-12-13T11:56:22","date_gmt":"2020-12-13T14:56:22","guid":{"rendered":"http:\/\/192.168.200.48\/?p=20615"},"modified":"2020-12-13T11:56:22","modified_gmt":"2020-12-13T14:56:22","slug":"el-epen-firmo-un-convenio-para-alumbrado-publico-en-chos-malal","status":"publish","type":"post","link":"https:\/\/www.epen.gov.ar\/index.php\/2020\/12\/13\/el-epen-firmo-un-convenio-para-alumbrado-publico-en-chos-malal\/","title":{"rendered":"El EPEN firm\u00f3 un convenio para alumbrado p\u00fablico en Chos Malal"},"content":{"rendered":"<div class=\"fusion-fullwidth fullwidth-box fusion-builder-row-1 nonhundred-percent-fullwidth non-hundred-percent-height-scrolling\" style=\"--awb-border-radius-top-left:0px;--awb-border-radius-top-right:0px;--awb-border-radius-bottom-right:0px;--awb-border-radius-bottom-left:0px;--awb-flex-wrap:wrap;\" ><div class=\"fusion-builder-row fusion-row\"><div class=\"fusion-layout-column fusion_builder_column fusion-builder-column-0 fusion_builder_column_2_3 2_3 fusion-two-third fusion-column-first\" style=\"--awb-bg-size:cover;width:66.666666666667%;width:calc(66.666666666667% - ( ( 4% ) * 0.66666666666667 ) );margin-right: 4%;\"><div class=\"fusion-column-wrapper fusion-column-has-shadow fusion-flex-column-wrapper-legacy\"><div class=\"fusion-text fusion-text-1\"><p class=\"bajada\" style=\"text-align: justify;\"><em><strong>Con el intendente local se acordaron obras para iluminar con tecnolog\u00eda led el acceso sur de la localidad.<\/strong><\/em><\/p>\n<p style=\"text-align: justify;\">El presidente del Ente Provincial de Energ\u00eda del Neuqu\u00e9n (EPEN), Francisco Zamb\u00f3n, firm\u00f3 con el intendente de Chos Malal, V\u00edctor Guti\u00e9rrez y su equipo t\u00e9cnico, un convenio que permitir\u00e1 optimizar y renovar el sistema de alumbrado p\u00fablico con tecnolog\u00eda led en el acceso sur de la localidad.<\/p>\n<p style=\"text-align: justify;\">El convenio establece obras para posibilitar el suministro de energ\u00eda el\u00e9ctrica y recambio de alumbrado p\u00fablico con 200 nuevas luminarias led de \u00faltima generaci\u00f3n\u00a0-reemplazando a las actuales de sodio-\u00a0que permitir\u00e1n una mejor calidad de iluminaci\u00f3n y optimizaci\u00f3n del consumo.<\/p>\n<p style=\"text-align: justify;\">De la reuni\u00f3n tambi\u00e9n participaron el director ejecutivo del EPEN, Ra\u00fal Tojo, el director por los empleados, Mario Chiappe, el gerente de Distribuci\u00f3n, Santiago Olave, el jefe de la Unidad de Servicio Regional Norte, Ra\u00fal Garc\u00eda y el jefe de Servicio El\u00e9ctrico de Chos Malal, Luis Tilleria, quienes analizaron futuras acciones a nivel urban\u00edstico, dentro de un plan de modernizaci\u00f3n y ampliaci\u00f3n del alumbrado p\u00fablico.<\/p>\n<p>\u00a0<img decoding=\"async\" class=\"alignnone size-large wp-image-20629\" src=\"\/\/www.epen.gov.ar\/wp-content\/uploads\/2020\/12\/Firma-Convenio-Municipio-Chos-Malal-2-WEB-1280x684.jpg\" alt=\"\" width=\"1280\" height=\"684\" srcset=\"https:\/\/www.epen.gov.ar\/wp-content\/uploads\/2020\/12\/Firma-Convenio-Municipio-Chos-Malal-2-WEB-200x107.jpg 200w, https:\/\/www.epen.gov.ar\/wp-content\/uploads\/2020\/12\/Firma-Convenio-Municipio-Chos-Malal-2-WEB-300x160.jpg 300w, https:\/\/www.epen.gov.ar\/wp-content\/uploads\/2020\/12\/Firma-Convenio-Municipio-Chos-Malal-2-WEB-400x214.jpg 400w, https:\/\/www.epen.gov.ar\/wp-content\/uploads\/2020\/12\/Firma-Convenio-Municipio-Chos-Malal-2-WEB-600x321.jpg 600w, https:\/\/www.epen.gov.ar\/wp-content\/uploads\/2020\/12\/Firma-Convenio-Municipio-Chos-Malal-2-WEB-768x411.jpg 768w, https:\/\/www.epen.gov.ar\/wp-content\/uploads\/2020\/12\/Firma-Convenio-Municipio-Chos-Malal-2-WEB-800x428.jpg 800w, https:\/\/www.epen.gov.ar\/wp-content\/uploads\/2020\/12\/Firma-Convenio-Municipio-Chos-Malal-2-WEB-1200x641.jpg 1200w, https:\/\/www.epen.gov.ar\/wp-content\/uploads\/2020\/12\/Firma-Convenio-Municipio-Chos-Malal-2-WEB-1280x684.jpg 1280w, https:\/\/www.epen.gov.ar\/wp-content\/uploads\/2020\/12\/Firma-Convenio-Municipio-Chos-Malal-2-WEB-1536x821.jpg 1536w, https:\/\/www.epen.gov.ar\/wp-content\/uploads\/2020\/12\/Firma-Convenio-Municipio-Chos-Malal-2-WEB.jpg 2419w\" sizes=\"(max-width: 1280px) 100vw, 1280px\" \/><\/p>\n<\/div><div class=\"fusion-clearfix\"><\/div><\/div><\/div><div class=\"fusion-layout-column fusion_builder_column fusion-builder-column-1 fusion_builder_column_1_3 1_3 fusion-one-third fusion-column-last\" style=\"--awb-bg-size:cover;width:33.333333333333%;width:calc(33.333333333333% - ( ( 4% ) * 0.33333333333333 ) );\"><div class=\"fusion-column-wrapper fusion-column-has-shadow fusion-flex-column-wrapper-legacy\"><div class=\"fusion-widget-area awb-widget-area-element fusion-widget-area-1 fusion-content-widget-area\" style=\"--awb-title-size:20px;--awb-title-color:#333333;--awb-padding:0px 0px 0px 0px;\"><style type=\"text\/css\" data-id=\"tweets-widget-2\">#tweets-widget-2 li { border-color:#eaeaea;}<\/style><section id=\"tweets-widget-2\" class=\"widget tweets\" style=\"border-style: solid;border-color: #eaeaea;border-color:transparent;border-width:0px;\">\t\t\t\t\n\t\t<div style=\"overflow:hidden\">\n\t\t\t\t\t\t\t\t\t\t\t<a class=\"twitter-timeline\" data-dnt=\"true\" href=\"https:\/\/twitter.com\/@EPEN_Informa\" data-width=\"500\" data-height=\"300\" width=\"500\" height=\"300\" data-theme=\"light\" data-link-color=\"##25a9bd\" data-border-color=\"#eaeaea\" data-chrome=\"\">Tweets por @EPEN_Informa<\/a>\n\t\t\t\t\t\t\t\n\t\t\t\t\t\t\t\t\t\t\t<script async src=\"\/\/platform.twitter.com\/widgets.js\" charset=\"utf-8\"><\/script>\n\t\t\t\t\t\t\t\n\t\t<\/div>\n\t\t<\/section>\n\t\t<section id=\"recent-posts-3\" class=\"widget widget_recent_entries\" style=\"border-style: solid;border-color:transparent;border-width:0px;\">\n\t\t<div class=\"heading\"><h4 class=\"widget-title\">Entradas recientes<\/h4><\/div>\n\t\t<ul>\n\t\t\t\t\t\t\t\t\t\t\t<li>\n\t\t\t\t\t<a href=\"https:\/\/www.epen.gov.ar\/index.php\/2026\/04\/24\/corte-programado-en-sectores-de-san-martin-de-los-andes-el-25-04-2026\/\">Corte Programado en sectores de San Mart\u00edn de los Andes el 25\/04\/2026<\/a>\n\t\t\t\t\t\t\t\t\t\t\t<span class=\"post-date\">24\/04\/2026<\/span>\n\t\t\t\t\t\t\t\t\t<\/li>\n\t\t\t\t\t\t\t\t\t\t\t<li>\n\t\t\t\t\t<a href=\"https:\/\/www.epen.gov.ar\/index.php\/2026\/04\/24\/corte-programado-en-sectores-de-centenario-el-25-04-2026\/\">Corte Programado en sectores de Centenario el 25\/04\/2026<\/a>\n\t\t\t\t\t\t\t\t\t\t\t<span class=\"post-date\">24\/04\/2026<\/span>\n\t\t\t\t\t\t\t\t\t<\/li>\n\t\t\t\t\t\t\t\t\t\t\t<li>\n\t\t\t\t\t<a href=\"https:\/\/www.epen.gov.ar\/index.php\/2026\/04\/24\/corte-programado-en-sectores-de-loncopue-y-el-huecu-el-29-y-30-04-2026\/\">Cortes Programados en Loncopu\u00e9, El Huec\u00fa y zona rural de Caviahue y El Cholar el 29 y 30\/04\/2026<\/a>\n\t\t\t\t\t\t\t\t\t\t\t<span class=\"post-date\">24\/04\/2026<\/span>\n\t\t\t\t\t\t\t\t\t<\/li>\n\t\t\t\t\t\t\t\t\t\t\t<li>\n\t\t\t\t\t<a href=\"https:\/\/www.epen.gov.ar\/index.php\/2026\/04\/24\/corte-programado-en-sectores-de-anelo-el-25-04-2026\/\">Corte Programado en sectores de A\u00f1elo el 25\/04\/2026<\/a>\n\t\t\t\t\t\t\t\t\t\t\t<span class=\"post-date\">24\/04\/2026<\/span>\n\t\t\t\t\t\t\t\t\t<\/li>\n\t\t\t\t\t\t\t\t\t\t\t<li>\n\t\t\t\t\t<a href=\"https:\/\/www.epen.gov.ar\/index.php\/2026\/04\/24\/corte-programado-en-sectores-de-alto-neuquen-el-25-04-2026\/\">Corte Programado en sectores de la regi\u00f3n Alto Neuqu\u00e9n el 25\/04\/2026<\/a>\n\t\t\t\t\t\t\t\t\t\t\t<span class=\"post-date\">24\/04\/2026<\/span>\n\t\t\t\t\t\t\t\t\t<\/li>\n\t\t\t\t\t<\/ul>\n\n\t\t<\/section><div class=\"fusion-additional-widget-content\"><\/div><\/div><div class=\"fusion-clearfix\"><\/div><\/div><\/div><\/div><\/div>\n","protected":false},"excerpt":{"rendered":"","protected":false},"author":1,"featured_media":20628,"comment_status":"open","ping_status":"open","sticky":false,"template":"","format":"standard","meta":{"_exactmetrics_skip_tracking":false,"_exactmetrics_sitenote_active":false,"_exactmetrics_sitenote_note":"","_exactmetrics_sitenote_category":0,"footnotes":""},"categories":[84],"tags":[],"class_list":["post-20615","post","type-post","status-publish","format-standard","has-post-thumbnail","hentry","category-noticias"],"yoast_head":"<!-- This site is optimized with the Yoast SEO plugin v27.2 - https:\/\/yoast.com\/product\/yoast-seo-wordpress\/ -->\n<title>EPEN - El EPEN firm\u00f3 un convenio para alumbrado p\u00fablico en Chos Malal<\/title>\n<meta name=\"description\" content=\"El EPEN firm\u00f3 un convenio para alumbrado p\u00fablico en Chos Malal\" \/>\n<meta name=\"robots\" content=\"index, follow, max-snippet:-1, max-image-preview:large, max-video-preview:-1\" \/>\n<link rel=\"canonical\" href=\"https:\/\/www.epen.gov.ar\/index.php\/2020\/12\/13\/el-epen-firmo-un-convenio-para-alumbrado-publico-en-chos-malal\/\" \/>\n<meta property=\"og:locale\" content=\"es_ES\" \/>\n<meta property=\"og:type\" content=\"article\" \/>\n<meta property=\"og:title\" content=\"EPEN - El EPEN firm\u00f3 un convenio para alumbrado p\u00fablico en Chos Malal\" \/>\n<meta property=\"og:description\" content=\"El EPEN firm\u00f3 un convenio para alumbrado p\u00fablico en Chos Malal\" \/>\n<meta property=\"og:url\" content=\"https:\/\/www.epen.gov.ar\/index.php\/2020\/12\/13\/el-epen-firmo-un-convenio-para-alumbrado-publico-en-chos-malal\/\" \/>\n<meta property=\"og:site_name\" content=\"EPEN\" \/>\n<meta property=\"article:publisher\" content=\"https:\/\/www.facebook.com\/EPEN.Neuquen\" \/>\n<meta property=\"article:published_time\" content=\"2020-12-13T14:56:22+00:00\" \/>\n<meta property=\"og:image\" content=\"https:\/\/www.epen.gov.ar\/wp-content\/uploads\/2020\/12\/Firma-Convenio-Municipio-Chos-Malal-WEB-scaled.jpg\" \/>\n\t<meta property=\"og:image:width\" content=\"2560\" \/>\n\t<meta property=\"og:image:height\" content=\"1222\" \/>\n\t<meta property=\"og:image:type\" content=\"image\/jpeg\" \/>\n<meta name=\"author\" content=\"Prensa EPEN\" \/>\n<meta name=\"twitter:card\" content=\"summary_large_image\" \/>\n<meta name=\"twitter:creator\" content=\"@EPEN_Informa\" \/>\n<meta name=\"twitter:site\" content=\"@EPEN_Informa\" \/>\n<meta name=\"twitter:label1\" content=\"Escrito por\" \/>\n\t<meta name=\"twitter:data1\" content=\"Prensa EPEN\" \/>\n\t<meta name=\"twitter:label2\" content=\"Tiempo de lectura\" \/>\n\t<meta name=\"twitter:data2\" content=\"3 minutos\" \/>\n<script type=\"application\/ld+json\" class=\"yoast-schema-graph\">{\"@context\":\"https:\/\/schema.org\",\"@graph\":[{\"@type\":\"Article\",\"@id\":\"https:\/\/www.epen.gov.ar\/index.php\/2020\/12\/13\/el-epen-firmo-un-convenio-para-alumbrado-publico-en-chos-malal\/#article\",\"isPartOf\":{\"@id\":\"https:\/\/www.epen.gov.ar\/index.php\/2020\/12\/13\/el-epen-firmo-un-convenio-para-alumbrado-publico-en-chos-malal\/\"},\"author\":{\"name\":\"Prensa EPEN\",\"@id\":\"https:\/\/www.epen.gov.ar\/#\/schema\/person\/ce6cff87c2fc01264becc10fa105ad4f\"},\"headline\":\"El EPEN firm\u00f3 un convenio para alumbrado p\u00fablico en Chos Malal\",\"datePublished\":\"2020-12-13T14:56:22+00:00\",\"mainEntityOfPage\":{\"@id\":\"https:\/\/www.epen.gov.ar\/index.php\/2020\/12\/13\/el-epen-firmo-un-convenio-para-alumbrado-publico-en-chos-malal\/\"},\"wordCount\":622,\"commentCount\":0,\"publisher\":{\"@id\":\"https:\/\/www.epen.gov.ar\/#organization\"},\"image\":{\"@id\":\"https:\/\/www.epen.gov.ar\/index.php\/2020\/12\/13\/el-epen-firmo-un-convenio-para-alumbrado-publico-en-chos-malal\/#primaryimage\"},\"thumbnailUrl\":\"https:\/\/www.epen.gov.ar\/wp-content\/uploads\/2020\/12\/Firma-Convenio-Municipio-Chos-Malal-WEB-scaled.jpg\",\"articleSection\":[\"Noticias\"],\"inLanguage\":\"es\",\"potentialAction\":[{\"@type\":\"CommentAction\",\"name\":\"Comment\",\"target\":[\"https:\/\/www.epen.gov.ar\/index.php\/2020\/12\/13\/el-epen-firmo-un-convenio-para-alumbrado-publico-en-chos-malal\/#respond\"]}]},{\"@type\":\"WebPage\",\"@id\":\"https:\/\/www.epen.gov.ar\/index.php\/2020\/12\/13\/el-epen-firmo-un-convenio-para-alumbrado-publico-en-chos-malal\/\",\"url\":\"https:\/\/www.epen.gov.ar\/index.php\/2020\/12\/13\/el-epen-firmo-un-convenio-para-alumbrado-publico-en-chos-malal\/\",\"name\":\"EPEN - El EPEN firm\u00f3 un convenio para alumbrado p\u00fablico en Chos Malal\",\"isPartOf\":{\"@id\":\"https:\/\/www.epen.gov.ar\/#website\"},\"primaryImageOfPage\":{\"@id\":\"https:\/\/www.epen.gov.ar\/index.php\/2020\/12\/13\/el-epen-firmo-un-convenio-para-alumbrado-publico-en-chos-malal\/#primaryimage\"},\"image\":{\"@id\":\"https:\/\/www.epen.gov.ar\/index.php\/2020\/12\/13\/el-epen-firmo-un-convenio-para-alumbrado-publico-en-chos-malal\/#primaryimage\"},\"thumbnailUrl\":\"https:\/\/www.epen.gov.ar\/wp-content\/uploads\/2020\/12\/Firma-Convenio-Municipio-Chos-Malal-WEB-scaled.jpg\",\"datePublished\":\"2020-12-13T14:56:22+00:00\",\"description\":\"El EPEN firm\u00f3 un convenio para alumbrado p\u00fablico en Chos Malal\",\"breadcrumb\":{\"@id\":\"https:\/\/www.epen.gov.ar\/index.php\/2020\/12\/13\/el-epen-firmo-un-convenio-para-alumbrado-publico-en-chos-malal\/#breadcrumb\"},\"inLanguage\":\"es\",\"potentialAction\":[{\"@type\":\"ReadAction\",\"target\":[\"https:\/\/www.epen.gov.ar\/index.php\/2020\/12\/13\/el-epen-firmo-un-convenio-para-alumbrado-publico-en-chos-malal\/\"]}]},{\"@type\":\"ImageObject\",\"inLanguage\":\"es\",\"@id\":\"https:\/\/www.epen.gov.ar\/index.php\/2020\/12\/13\/el-epen-firmo-un-convenio-para-alumbrado-publico-en-chos-malal\/#primaryimage\",\"url\":\"https:\/\/www.epen.gov.ar\/wp-content\/uploads\/2020\/12\/Firma-Convenio-Municipio-Chos-Malal-WEB-scaled.jpg\",\"contentUrl\":\"https:\/\/www.epen.gov.ar\/wp-content\/uploads\/2020\/12\/Firma-Convenio-Municipio-Chos-Malal-WEB-scaled.jpg\",\"width\":2560,\"height\":1222},{\"@type\":\"BreadcrumbList\",\"@id\":\"https:\/\/www.epen.gov.ar\/index.php\/2020\/12\/13\/el-epen-firmo-un-convenio-para-alumbrado-publico-en-chos-malal\/#breadcrumb\",\"itemListElement\":[{\"@type\":\"ListItem\",\"position\":1,\"name\":\"Inicio\",\"item\":\"https:\/\/www.epen.gov.ar\/\"},{\"@type\":\"ListItem\",\"position\":2,\"name\":\"El EPEN firm\u00f3 un convenio para alumbrado p\u00fablico en Chos Malal\"}]},{\"@type\":\"WebSite\",\"@id\":\"https:\/\/www.epen.gov.ar\/#website\",\"url\":\"https:\/\/www.epen.gov.ar\/\",\"name\":\"EPEN\",\"description\":\"Ente Provincial de Energ\u00eda del Neuqu\u00e9n\",\"publisher\":{\"@id\":\"https:\/\/www.epen.gov.ar\/#organization\"},\"potentialAction\":[{\"@type\":\"SearchAction\",\"target\":{\"@type\":\"EntryPoint\",\"urlTemplate\":\"https:\/\/www.epen.gov.ar\/?s={search_term_string}\"},\"query-input\":{\"@type\":\"PropertyValueSpecification\",\"valueRequired\":true,\"valueName\":\"search_term_string\"}}],\"inLanguage\":\"es\"},{\"@type\":\"Organization\",\"@id\":\"https:\/\/www.epen.gov.ar\/#organization\",\"name\":\"Ente Provincial de Energ\u00eda del Neuqu\u00e9n\",\"url\":\"https:\/\/www.epen.gov.ar\/\",\"logo\":{\"@type\":\"ImageObject\",\"inLanguage\":\"es\",\"@id\":\"https:\/\/www.epen.gov.ar\/#\/schema\/logo\/image\/\",\"url\":\"https:\/\/www.epen.gov.ar\/wp-content\/uploads\/2024\/02\/Logo-EPEN-2.jpg\",\"contentUrl\":\"https:\/\/www.epen.gov.ar\/wp-content\/uploads\/2024\/02\/Logo-EPEN-2.jpg\",\"width\":696,\"height\":696,\"caption\":\"Ente Provincial de Energ\u00eda del Neuqu\u00e9n\"},\"image\":{\"@id\":\"https:\/\/www.epen.gov.ar\/#\/schema\/logo\/image\/\"},\"sameAs\":[\"https:\/\/www.facebook.com\/EPEN.Neuquen\",\"https:\/\/x.com\/EPEN_Informa\",\"https:\/\/www.youtube.com\/@epenprensa7384\"]},{\"@type\":\"Person\",\"@id\":\"https:\/\/www.epen.gov.ar\/#\/schema\/person\/ce6cff87c2fc01264becc10fa105ad4f\",\"name\":\"Prensa EPEN\",\"image\":{\"@type\":\"ImageObject\",\"inLanguage\":\"es\",\"@id\":\"https:\/\/secure.gravatar.com\/avatar\/f8120b8688012ccf2d7fbcf7a970cfbabf0ab63b09c2dbd72c194bee080070e9?s=96&d=mm&r=g\",\"url\":\"https:\/\/secure.gravatar.com\/avatar\/f8120b8688012ccf2d7fbcf7a970cfbabf0ab63b09c2dbd72c194bee080070e9?s=96&d=mm&r=g\",\"contentUrl\":\"https:\/\/secure.gravatar.com\/avatar\/f8120b8688012ccf2d7fbcf7a970cfbabf0ab63b09c2dbd72c194bee080070e9?s=96&d=mm&r=g\",\"caption\":\"Prensa EPEN\"},\"url\":\"https:\/\/www.epen.gov.ar\/index.php\/author\/admin\/\"}]}<\/script>\n<!-- \/ Yoast SEO plugin. -->","yoast_head_json":{"title":"EPEN - El EPEN firm\u00f3 un convenio para alumbrado p\u00fablico en Chos Malal","description":"El EPEN firm\u00f3 un convenio para alumbrado p\u00fablico en Chos Malal","robots":{"index":"index","follow":"follow","max-snippet":"max-snippet:-1","max-image-preview":"max-image-preview:large","max-video-preview":"max-video-preview:-1"},"canonical":"https:\/\/www.epen.gov.ar\/index.php\/2020\/12\/13\/el-epen-firmo-un-convenio-para-alumbrado-publico-en-chos-malal\/","og_locale":"es_ES","og_type":"article","og_title":"EPEN - El EPEN firm\u00f3 un convenio para alumbrado p\u00fablico en Chos Malal","og_description":"El EPEN firm\u00f3 un convenio para alumbrado p\u00fablico en Chos Malal","og_url":"https:\/\/www.epen.gov.ar\/index.php\/2020\/12\/13\/el-epen-firmo-un-convenio-para-alumbrado-publico-en-chos-malal\/","og_site_name":"EPEN","article_publisher":"https:\/\/www.facebook.com\/EPEN.Neuquen","article_published_time":"2020-12-13T14:56:22+00:00","og_image":[{"width":2560,"height":1222,"url":"https:\/\/www.epen.gov.ar\/wp-content\/uploads\/2020\/12\/Firma-Convenio-Municipio-Chos-Malal-WEB-scaled.jpg","type":"image\/jpeg"}],"author":"Prensa EPEN","twitter_card":"summary_large_image","twitter_creator":"@EPEN_Informa","twitter_site":"@EPEN_Informa","twitter_misc":{"Escrito por":"Prensa EPEN","Tiempo de lectura":"3 minutos"},"schema":{"@context":"https:\/\/schema.org","@graph":[{"@type":"Article","@id":"https:\/\/www.epen.gov.ar\/index.php\/2020\/12\/13\/el-epen-firmo-un-convenio-para-alumbrado-publico-en-chos-malal\/#article","isPartOf":{"@id":"https:\/\/www.epen.gov.ar\/index.php\/2020\/12\/13\/el-epen-firmo-un-convenio-para-alumbrado-publico-en-chos-malal\/"},"author":{"name":"Prensa EPEN","@id":"https:\/\/www.epen.gov.ar\/#\/schema\/person\/ce6cff87c2fc01264becc10fa105ad4f"},"headline":"El EPEN firm\u00f3 un convenio para alumbrado p\u00fablico en Chos Malal","datePublished":"2020-12-13T14:56:22+00:00","mainEntityOfPage":{"@id":"https:\/\/www.epen.gov.ar\/index.php\/2020\/12\/13\/el-epen-firmo-un-convenio-para-alumbrado-publico-en-chos-malal\/"},"wordCount":622,"commentCount":0,"publisher":{"@id":"https:\/\/www.epen.gov.ar\/#organization"},"image":{"@id":"https:\/\/www.epen.gov.ar\/index.php\/2020\/12\/13\/el-epen-firmo-un-convenio-para-alumbrado-publico-en-chos-malal\/#primaryimage"},"thumbnailUrl":"https:\/\/www.epen.gov.ar\/wp-content\/uploads\/2020\/12\/Firma-Convenio-Municipio-Chos-Malal-WEB-scaled.jpg","articleSection":["Noticias"],"inLanguage":"es","potentialAction":[{"@type":"CommentAction","name":"Comment","target":["https:\/\/www.epen.gov.ar\/index.php\/2020\/12\/13\/el-epen-firmo-un-convenio-para-alumbrado-publico-en-chos-malal\/#respond"]}]},{"@type":"WebPage","@id":"https:\/\/www.epen.gov.ar\/index.php\/2020\/12\/13\/el-epen-firmo-un-convenio-para-alumbrado-publico-en-chos-malal\/","url":"https:\/\/www.epen.gov.ar\/index.php\/2020\/12\/13\/el-epen-firmo-un-convenio-para-alumbrado-publico-en-chos-malal\/","name":"EPEN - El EPEN firm\u00f3 un convenio para alumbrado p\u00fablico en Chos Malal","isPartOf":{"@id":"https:\/\/www.epen.gov.ar\/#website"},"primaryImageOfPage":{"@id":"https:\/\/www.epen.gov.ar\/index.php\/2020\/12\/13\/el-epen-firmo-un-convenio-para-alumbrado-publico-en-chos-malal\/#primaryimage"},"image":{"@id":"https:\/\/www.epen.gov.ar\/index.php\/2020\/12\/13\/el-epen-firmo-un-convenio-para-alumbrado-publico-en-chos-malal\/#primaryimage"},"thumbnailUrl":"https:\/\/www.epen.gov.ar\/wp-content\/uploads\/2020\/12\/Firma-Convenio-Municipio-Chos-Malal-WEB-scaled.jpg","datePublished":"2020-12-13T14:56:22+00:00","description":"El EPEN firm\u00f3 un convenio para alumbrado p\u00fablico en Chos Malal","breadcrumb":{"@id":"https:\/\/www.epen.gov.ar\/index.php\/2020\/12\/13\/el-epen-firmo-un-convenio-para-alumbrado-publico-en-chos-malal\/#breadcrumb"},"inLanguage":"es","potentialAction":[{"@type":"ReadAction","target":["https:\/\/www.epen.gov.ar\/index.php\/2020\/12\/13\/el-epen-firmo-un-convenio-para-alumbrado-publico-en-chos-malal\/"]}]},{"@type":"ImageObject","inLanguage":"es","@id":"https:\/\/www.epen.gov.ar\/index.php\/2020\/12\/13\/el-epen-firmo-un-convenio-para-alumbrado-publico-en-chos-malal\/#primaryimage","url":"https:\/\/www.epen.gov.ar\/wp-content\/uploads\/2020\/12\/Firma-Convenio-Municipio-Chos-Malal-WEB-scaled.jpg","contentUrl":"https:\/\/www.epen.gov.ar\/wp-content\/uploads\/2020\/12\/Firma-Convenio-Municipio-Chos-Malal-WEB-scaled.jpg","width":2560,"height":1222},{"@type":"BreadcrumbList","@id":"https:\/\/www.epen.gov.ar\/index.php\/2020\/12\/13\/el-epen-firmo-un-convenio-para-alumbrado-publico-en-chos-malal\/#breadcrumb","itemListElement":[{"@type":"ListItem","position":1,"name":"Inicio","item":"https:\/\/www.epen.gov.ar\/"},{"@type":"ListItem","position":2,"name":"El EPEN firm\u00f3 un convenio para alumbrado p\u00fablico en Chos Malal"}]},{"@type":"WebSite","@id":"https:\/\/www.epen.gov.ar\/#website","url":"https:\/\/www.epen.gov.ar\/","name":"EPEN","description":"Ente Provincial de Energ\u00eda del Neuqu\u00e9n","publisher":{"@id":"https:\/\/www.epen.gov.ar\/#organization"},"potentialAction":[{"@type":"SearchAction","target":{"@type":"EntryPoint","urlTemplate":"https:\/\/www.epen.gov.ar\/?s={search_term_string}"},"query-input":{"@type":"PropertyValueSpecification","valueRequired":true,"valueName":"search_term_string"}}],"inLanguage":"es"},{"@type":"Organization","@id":"https:\/\/www.epen.gov.ar\/#organization","name":"Ente Provincial de Energ\u00eda del Neuqu\u00e9n","url":"https:\/\/www.epen.gov.ar\/","logo":{"@type":"ImageObject","inLanguage":"es","@id":"https:\/\/www.epen.gov.ar\/#\/schema\/logo\/image\/","url":"https:\/\/www.epen.gov.ar\/wp-content\/uploads\/2024\/02\/Logo-EPEN-2.jpg","contentUrl":"https:\/\/www.epen.gov.ar\/wp-content\/uploads\/2024\/02\/Logo-EPEN-2.jpg","width":696,"height":696,"caption":"Ente Provincial de Energ\u00eda del Neuqu\u00e9n"},"image":{"@id":"https:\/\/www.epen.gov.ar\/#\/schema\/logo\/image\/"},"sameAs":["https:\/\/www.facebook.com\/EPEN.Neuquen","https:\/\/x.com\/EPEN_Informa","https:\/\/www.youtube.com\/@epenprensa7384"]},{"@type":"Person","@id":"https:\/\/www.epen.gov.ar\/#\/schema\/person\/ce6cff87c2fc01264becc10fa105ad4f","name":"Prensa EPEN","image":{"@type":"ImageObject","inLanguage":"es","@id":"https:\/\/secure.gravatar.com\/avatar\/f8120b8688012ccf2d7fbcf7a970cfbabf0ab63b09c2dbd72c194bee080070e9?s=96&d=mm&r=g","url":"https:\/\/secure.gravatar.com\/avatar\/f8120b8688012ccf2d7fbcf7a970cfbabf0ab63b09c2dbd72c194bee080070e9?s=96&d=mm&r=g","contentUrl":"https:\/\/secure.gravatar.com\/avatar\/f8120b8688012ccf2d7fbcf7a970cfbabf0ab63b09c2dbd72c194bee080070e9?s=96&d=mm&r=g","caption":"Prensa EPEN"},"url":"https:\/\/www.epen.gov.ar\/index.php\/author\/admin\/"}]}},"_links":{"self":[{"href":"https:\/\/www.epen.gov.ar\/index.php\/wp-json\/wp\/v2\/posts\/20615","targetHints":{"allow":["GET"]}}],"collection":[{"href":"https:\/\/www.epen.gov.ar\/index.php\/wp-json\/wp\/v2\/posts"}],"about":[{"href":"https:\/\/www.epen.gov.ar\/index.php\/wp-json\/wp\/v2\/types\/post"}],"author":[{"embeddable":true,"href":"https:\/\/www.epen.gov.ar\/index.php\/wp-json\/wp\/v2\/users\/1"}],"replies":[{"embeddable":true,"href":"https:\/\/www.epen.gov.ar\/index.php\/wp-json\/wp\/v2\/comments?post=20615"}],"version-history":[{"count":2,"href":"https:\/\/www.epen.gov.ar\/index.php\/wp-json\/wp\/v2\/posts\/20615\/revisions"}],"predecessor-version":[{"id":20643,"href":"https:\/\/www.epen.gov.ar\/index.php\/wp-json\/wp\/v2\/posts\/20615\/revisions\/20643"}],"wp:featuredmedia":[{"embeddable":true,"href":"https:\/\/www.epen.gov.ar\/index.php\/wp-json\/wp\/v2\/media\/20628"}],"wp:attachment":[{"href":"https:\/\/www.epen.gov.ar\/index.php\/wp-json\/wp\/v2\/media?parent=20615"}],"wp:term":[{"taxonomy":"category","embeddable":true,"href":"https:\/\/www.epen.gov.ar\/index.php\/wp-json\/wp\/v2\/categories?post=20615"},{"taxonomy":"post_tag","embeddable":true,"href":"https:\/\/www.epen.gov.ar\/index.php\/wp-json\/wp\/v2\/tags?post=20615"}],"curies":[{"name":"wp","href":"https:\/\/api.w.org\/{rel}","templated":true}]}}