{"id":205723,"date":"2026-08-31T14:37:40","date_gmt":"2026-08-31T17:37:40","guid":{"rendered":"https:\/\/www.epen.gov.ar\/?p=205723"},"modified":"2026-08-31T14:42:08","modified_gmt":"2026-08-31T17:42:08","slug":"cortes-programados-en-villa-la-angostura-el-2-3-y-4-09-2026","status":"publish","type":"post","link":"https:\/\/www.epen.gov.ar\/index.php\/2026\/08\/31\/cortes-programados-en-villa-la-angostura-el-2-3-y-4-09-2026\/","title":{"rendered":"Cortes Programados en Villa La Angostura el 2, 3 y 4\/09\/2026"},"content":{"rendered":"<div class=\"fusion-fullwidth fullwidth-box fusion-builder-row-1 has-pattern-background has-mask-background nonhundred-percent-fullwidth non-hundred-percent-height-scrolling\" style=\"--awb-border-radius-top-left:0px;--awb-border-radius-top-right:0px;--awb-border-radius-bottom-right:0px;--awb-border-radius-bottom-left:0px;--awb-padding-left:0px;--awb-background-color:white;--awb-flex-wrap:wrap;\" ><div class=\"fusion-builder-row fusion-row\"><div class=\"fusion-layout-column fusion_builder_column fusion-builder-column-0 fusion_builder_column_1_1 1_1 fusion-one-full fusion-column-first fusion-column-last\" style=\"--awb-bg-blend:overlay;--awb-bg-size:cover;--awb-margin-bottom:0px;\" data-scroll-devices=\"small-visibility,medium-visibility,large-visibility\"><div class=\"fusion-column-wrapper fusion-column-has-shadow fusion-flex-column-wrapper-legacy\"><div class=\"fusion-text fusion-text-1\" style=\"--awb-font-size:16px;--awb-text-font-family:&quot;Manrope&quot;;--awb-text-font-style:normal;--awb-text-font-weight:400;\"><p>El Ente Provincial de Energ\u00eda del Neuqu\u00e9n (EPEN), dependiente del Ministerio de Energ\u00eda, informa que se realizaran cortes programados de energ\u00eda el\u00e9ctrica en la localidad de Villa La Angostura los d\u00edas mi\u00e9rcoles 2, jueves 3 y viernes 4 de septiembre en el horario de 9 a 14 horas, a solicitud de terceros.<\/p>\n<ul>\n<li><strong>Mi\u00e9rcoles 02\/09 &#8211; <\/strong><strong>Afecta<\/strong>:\u00a0Pen\u00ednsula de Puerto Manzano.<\/li>\n<li><strong>Jueves 03\/09 &#8211; <\/strong><strong>Afecta:<\/strong>\u00a0Parte de Alto Manzano, calles Zorzal entre Ojo de Dios y Av. Arrayanes, Cauqu\u00e9n entre Zorzal y R\u00edo Bonito.<\/li>\n<li><strong>Viernes 04\/09 &#8211; <\/strong><strong>Afecta:<\/strong>\u00a0Parte de Tres Cerros, Epulafquen, Camping Correntoso, Dos Lagos, Villa Correntoso, Bandurrias y Parque Arauco.\u00a0Bombeos de Agua afectados:\u00a0Quetrihu\u00e9, Correntoso y Bandurrias.<\/li>\n<\/ul>\n<p>Solicitamos a los usuarios de los sectores afectados tomar los recaudos necesarios a efectos de reducir los inconvenientes que la falta de energ\u00eda pudiese ocasionar.<\/p>\n<p><strong>En caso de lluvia y\/o nieve ser\u00e1n suspendidos y reprogramados.<\/strong><\/p>\n<p><img decoding=\"async\" class=\"alignnone wp-image-126515\" src=\"https:\/\/www.epen.gov.ar\/wp-content\/uploads\/2024\/01\/WEB-Banner-Superior-1280x244.png\" alt=\"\" width=\"655\" height=\"125\" srcset=\"https:\/\/www.epen.gov.ar\/wp-content\/uploads\/2024\/01\/WEB-Banner-Superior-200x38.png 200w, https:\/\/www.epen.gov.ar\/wp-content\/uploads\/2024\/01\/WEB-Banner-Superior-300x57.png 300w, https:\/\/www.epen.gov.ar\/wp-content\/uploads\/2024\/01\/WEB-Banner-Superior-400x76.png 400w, https:\/\/www.epen.gov.ar\/wp-content\/uploads\/2024\/01\/WEB-Banner-Superior-600x115.png 600w, https:\/\/www.epen.gov.ar\/wp-content\/uploads\/2024\/01\/WEB-Banner-Superior-768x147.png 768w, https:\/\/www.epen.gov.ar\/wp-content\/uploads\/2024\/01\/WEB-Banner-Superior-800x153.png 800w, https:\/\/www.epen.gov.ar\/wp-content\/uploads\/2024\/01\/WEB-Banner-Superior-1200x229.png 1200w, https:\/\/www.epen.gov.ar\/wp-content\/uploads\/2024\/01\/WEB-Banner-Superior-1280x244.png 1280w, https:\/\/www.epen.gov.ar\/wp-content\/uploads\/2024\/01\/WEB-Banner-Superior.png 1456w\" sizes=\"(max-width: 655px) 100vw, 655px\" \/><\/p>\n<\/div><div class=\"fusion-clearfix\"><\/div><\/div><\/div><\/div><\/div>\n","protected":false},"excerpt":{"rendered":"","protected":false},"author":1,"featured_media":205736,"comment_status":"closed","ping_status":"closed","sticky":false,"template":"","format":"standard","meta":{"_exactmetrics_skip_tracking":false,"footnotes":""},"categories":[263],"tags":[],"class_list":["post-205723","post","type-post","status-publish","format-standard","has-post-thumbnail","hentry","category-cortes-programados"],"yoast_head":"<!-- This site is optimized with the Yoast SEO plugin v28.3 - https:\/\/yoast.com\/product\/yoast-seo-wordpress\/ -->\n<title>EPEN - Cortes Programados en Villa La Angostura el 2, 3 y 4\/09\/2026<\/title>\n<meta name=\"description\" content=\"Cortes Programados en Villa La Angostura el 2, 3 y 4\/09\/2026 Cortes Programados\" \/>\n<meta name=\"robots\" content=\"index, follow, max-snippet:-1, max-image-preview:large, max-video-preview:-1\" \/>\n<link rel=\"canonical\" href=\"https:\/\/www.epen.gov.ar\/index.php\/2026\/08\/31\/cortes-programados-en-villa-la-angostura-el-2-3-y-4-09-2026\/\" \/>\n<meta property=\"og:locale\" content=\"es_ES\" \/>\n<meta property=\"og:type\" content=\"article\" \/>\n<meta property=\"og:title\" content=\"EPEN - Cortes Programados en Villa La Angostura el 2, 3 y 4\/09\/2026\" \/>\n<meta property=\"og:description\" content=\"Cortes Programados en Villa La Angostura el 2, 3 y 4\/09\/2026 Cortes Programados\" \/>\n<meta property=\"og:url\" content=\"https:\/\/www.epen.gov.ar\/index.php\/2026\/08\/31\/cortes-programados-en-villa-la-angostura-el-2-3-y-4-09-2026\/\" \/>\n<meta property=\"og:site_name\" content=\"EPEN\" \/>\n<meta property=\"article:publisher\" content=\"https:\/\/www.facebook.com\/EPEN.Neuquen\" \/>\n<meta property=\"article:published_time\" content=\"2026-08-31T17:37:40+00:00\" \/>\n<meta property=\"article:modified_time\" content=\"2026-08-31T17:42:08+00:00\" \/>\n<meta property=\"og:image\" content=\"https:\/\/www.epen.gov.ar\/wp-content\/uploads\/2026\/08\/SMA.jpg\" \/>\n\t<meta property=\"og:image:width\" content=\"1080\" \/>\n\t<meta property=\"og:image:height\" content=\"1137\" \/>\n\t<meta property=\"og:image:type\" content=\"image\/jpeg\" \/>\n<meta name=\"author\" content=\"Prensa EPEN\" \/>\n<meta name=\"twitter:card\" content=\"summary_large_image\" \/>\n<meta name=\"twitter:creator\" content=\"@EPEN_Informa\" \/>\n<meta name=\"twitter:site\" content=\"@EPEN_Informa\" \/>\n<meta name=\"twitter:label1\" content=\"Escrito por\" \/>\n\t<meta name=\"twitter:data1\" content=\"Prensa EPEN\" \/>\n\t<meta name=\"twitter:label2\" content=\"Tiempo de lectura\" \/>\n\t<meta name=\"twitter:data2\" content=\"2 minutos\" \/>\n<script type=\"application\/ld+json\" class=\"yoast-schema-graph\">{\"@context\":\"https:\\\/\\\/schema.org\",\"@graph\":[{\"@type\":\"Article\",\"@id\":\"https:\\\/\\\/www.epen.gov.ar\\\/index.php\\\/2026\\\/08\\\/31\\\/cortes-programados-en-villa-la-angostura-el-2-3-y-4-09-2026\\\/#article\",\"isPartOf\":{\"@id\":\"https:\\\/\\\/www.epen.gov.ar\\\/index.php\\\/2026\\\/08\\\/31\\\/cortes-programados-en-villa-la-angostura-el-2-3-y-4-09-2026\\\/\"},\"author\":{\"name\":\"Prensa EPEN\",\"@id\":\"https:\\\/\\\/www.epen.gov.ar\\\/#\\\/schema\\\/person\\\/ce6cff87c2fc01264becc10fa105ad4f\"},\"headline\":\"Cortes Programados en Villa La Angostura el 2, 3 y 4\\\/09\\\/2026\",\"datePublished\":\"2026-08-31T17:37:40+00:00\",\"dateModified\":\"2026-08-31T17:42:08+00:00\",\"mainEntityOfPage\":{\"@id\":\"https:\\\/\\\/www.epen.gov.ar\\\/index.php\\\/2026\\\/08\\\/31\\\/cortes-programados-en-villa-la-angostura-el-2-3-y-4-09-2026\\\/\"},\"wordCount\":1327,\"publisher\":{\"@id\":\"https:\\\/\\\/www.epen.gov.ar\\\/#organization\"},\"image\":{\"@id\":\"https:\\\/\\\/www.epen.gov.ar\\\/index.php\\\/2026\\\/08\\\/31\\\/cortes-programados-en-villa-la-angostura-el-2-3-y-4-09-2026\\\/#primaryimage\"},\"thumbnailUrl\":\"https:\\\/\\\/www.epen.gov.ar\\\/wp-content\\\/uploads\\\/2026\\\/08\\\/SMA.jpg\",\"articleSection\":[\"Cortes Programados\"],\"inLanguage\":\"es\"},{\"@type\":\"WebPage\",\"@id\":\"https:\\\/\\\/www.epen.gov.ar\\\/index.php\\\/2026\\\/08\\\/31\\\/cortes-programados-en-villa-la-angostura-el-2-3-y-4-09-2026\\\/\",\"url\":\"https:\\\/\\\/www.epen.gov.ar\\\/index.php\\\/2026\\\/08\\\/31\\\/cortes-programados-en-villa-la-angostura-el-2-3-y-4-09-2026\\\/\",\"name\":\"EPEN - Cortes Programados en Villa La Angostura el 2, 3 y 4\\\/09\\\/2026\",\"isPartOf\":{\"@id\":\"https:\\\/\\\/www.epen.gov.ar\\\/#website\"},\"primaryImageOfPage\":{\"@id\":\"https:\\\/\\\/www.epen.gov.ar\\\/index.php\\\/2026\\\/08\\\/31\\\/cortes-programados-en-villa-la-angostura-el-2-3-y-4-09-2026\\\/#primaryimage\"},\"image\":{\"@id\":\"https:\\\/\\\/www.epen.gov.ar\\\/index.php\\\/2026\\\/08\\\/31\\\/cortes-programados-en-villa-la-angostura-el-2-3-y-4-09-2026\\\/#primaryimage\"},\"thumbnailUrl\":\"https:\\\/\\\/www.epen.gov.ar\\\/wp-content\\\/uploads\\\/2026\\\/08\\\/SMA.jpg\",\"datePublished\":\"2026-08-31T17:37:40+00:00\",\"dateModified\":\"2026-08-31T17:42:08+00:00\",\"description\":\"Cortes Programados en Villa La Angostura el 2, 3 y 4\\\/09\\\/2026 Cortes Programados\",\"breadcrumb\":{\"@id\":\"https:\\\/\\\/www.epen.gov.ar\\\/index.php\\\/2026\\\/08\\\/31\\\/cortes-programados-en-villa-la-angostura-el-2-3-y-4-09-2026\\\/#breadcrumb\"},\"inLanguage\":\"es\",\"potentialAction\":[{\"@type\":\"ReadAction\",\"target\":[\"https:\\\/\\\/www.epen.gov.ar\\\/index.php\\\/2026\\\/08\\\/31\\\/cortes-programados-en-villa-la-angostura-el-2-3-y-4-09-2026\\\/\"]}]},{\"@type\":\"ImageObject\",\"inLanguage\":\"es\",\"@id\":\"https:\\\/\\\/www.epen.gov.ar\\\/index.php\\\/2026\\\/08\\\/31\\\/cortes-programados-en-villa-la-angostura-el-2-3-y-4-09-2026\\\/#primaryimage\",\"url\":\"https:\\\/\\\/www.epen.gov.ar\\\/wp-content\\\/uploads\\\/2026\\\/08\\\/SMA.jpg\",\"contentUrl\":\"https:\\\/\\\/www.epen.gov.ar\\\/wp-content\\\/uploads\\\/2026\\\/08\\\/SMA.jpg\",\"width\":1080,\"height\":1137},{\"@type\":\"BreadcrumbList\",\"@id\":\"https:\\\/\\\/www.epen.gov.ar\\\/index.php\\\/2026\\\/08\\\/31\\\/cortes-programados-en-villa-la-angostura-el-2-3-y-4-09-2026\\\/#breadcrumb\",\"itemListElement\":[{\"@type\":\"ListItem\",\"position\":1,\"name\":\"Inicio\",\"item\":\"https:\\\/\\\/www.epen.gov.ar\\\/\"},{\"@type\":\"ListItem\",\"position\":2,\"name\":\"Cortes Programados en Villa La Angostura el 2, 3 y 4\\\/09\\\/2026\"}]},{\"@type\":\"WebSite\",\"@id\":\"https:\\\/\\\/www.epen.gov.ar\\\/#website\",\"url\":\"https:\\\/\\\/www.epen.gov.ar\\\/\",\"name\":\"EPEN\",\"description\":\"Ente Provincial de Energ\u00eda del Neuqu\u00e9n\",\"publisher\":{\"@id\":\"https:\\\/\\\/www.epen.gov.ar\\\/#organization\"},\"potentialAction\":[{\"@type\":\"SearchAction\",\"target\":{\"@type\":\"EntryPoint\",\"urlTemplate\":\"https:\\\/\\\/www.epen.gov.ar\\\/?s={search_term_string}\"},\"query-input\":{\"@type\":\"PropertyValueSpecification\",\"valueRequired\":true,\"valueName\":\"search_term_string\"}}],\"inLanguage\":\"es\"},{\"@type\":\"Organization\",\"@id\":\"https:\\\/\\\/www.epen.gov.ar\\\/#organization\",\"name\":\"Ente Provincial de Energ\u00eda del Neuqu\u00e9n\",\"url\":\"https:\\\/\\\/www.epen.gov.ar\\\/\",\"logo\":{\"@type\":\"ImageObject\",\"inLanguage\":\"es\",\"@id\":\"https:\\\/\\\/www.epen.gov.ar\\\/#\\\/schema\\\/logo\\\/image\\\/\",\"url\":\"https:\\\/\\\/www.epen.gov.ar\\\/wp-content\\\/uploads\\\/2024\\\/02\\\/Logo-EPEN-2.jpg\",\"contentUrl\":\"https:\\\/\\\/www.epen.gov.ar\\\/wp-content\\\/uploads\\\/2024\\\/02\\\/Logo-EPEN-2.jpg\",\"width\":696,\"height\":696,\"caption\":\"Ente Provincial de Energ\u00eda del Neuqu\u00e9n\"},\"image\":{\"@id\":\"https:\\\/\\\/www.epen.gov.ar\\\/#\\\/schema\\\/logo\\\/image\\\/\"},\"sameAs\":[\"https:\\\/\\\/www.facebook.com\\\/EPEN.Neuquen\",\"https:\\\/\\\/x.com\\\/EPEN_Informa\",\"https:\\\/\\\/www.youtube.com\\\/@epenprensa7384\"]},{\"@type\":\"Person\",\"@id\":\"https:\\\/\\\/www.epen.gov.ar\\\/#\\\/schema\\\/person\\\/ce6cff87c2fc01264becc10fa105ad4f\",\"name\":\"Prensa EPEN\",\"image\":{\"@type\":\"ImageObject\",\"inLanguage\":\"es\",\"@id\":\"https:\\\/\\\/secure.gravatar.com\\\/avatar\\\/f8120b8688012ccf2d7fbcf7a970cfbabf0ab63b09c2dbd72c194bee080070e9?s=96&d=mm&r=g\",\"url\":\"https:\\\/\\\/secure.gravatar.com\\\/avatar\\\/f8120b8688012ccf2d7fbcf7a970cfbabf0ab63b09c2dbd72c194bee080070e9?s=96&d=mm&r=g\",\"contentUrl\":\"https:\\\/\\\/secure.gravatar.com\\\/avatar\\\/f8120b8688012ccf2d7fbcf7a970cfbabf0ab63b09c2dbd72c194bee080070e9?s=96&d=mm&r=g\",\"caption\":\"Prensa EPEN\"},\"url\":\"https:\\\/\\\/www.epen.gov.ar\\\/index.php\\\/author\\\/admin\\\/\"}]}<\/script>\n<!-- \/ Yoast SEO plugin. -->","yoast_head_json":{"title":"EPEN - Cortes Programados en Villa La Angostura el 2, 3 y 4\/09\/2026","description":"Cortes Programados en Villa La Angostura el 2, 3 y 4\/09\/2026 Cortes Programados","robots":{"index":"index","follow":"follow","max-snippet":"max-snippet:-1","max-image-preview":"max-image-preview:large","max-video-preview":"max-video-preview:-1"},"canonical":"https:\/\/www.epen.gov.ar\/index.php\/2026\/08\/31\/cortes-programados-en-villa-la-angostura-el-2-3-y-4-09-2026\/","og_locale":"es_ES","og_type":"article","og_title":"EPEN - Cortes Programados en Villa La Angostura el 2, 3 y 4\/09\/2026","og_description":"Cortes Programados en Villa La Angostura el 2, 3 y 4\/09\/2026 Cortes Programados","og_url":"https:\/\/www.epen.gov.ar\/index.php\/2026\/08\/31\/cortes-programados-en-villa-la-angostura-el-2-3-y-4-09-2026\/","og_site_name":"EPEN","article_publisher":"https:\/\/www.facebook.com\/EPEN.Neuquen","article_published_time":"2026-08-31T17:37:40+00:00","article_modified_time":"2026-08-31T17:42:08+00:00","og_image":[{"width":1080,"height":1137,"url":"https:\/\/www.epen.gov.ar\/wp-content\/uploads\/2026\/08\/SMA.jpg","type":"image\/jpeg"}],"author":"Prensa EPEN","twitter_card":"summary_large_image","twitter_creator":"@EPEN_Informa","twitter_site":"@EPEN_Informa","twitter_misc":{"Escrito por":"Prensa EPEN","Tiempo de lectura":"2 minutos"},"schema":{"@context":"https:\/\/schema.org","@graph":[{"@type":"Article","@id":"https:\/\/www.epen.gov.ar\/index.php\/2026\/08\/31\/cortes-programados-en-villa-la-angostura-el-2-3-y-4-09-2026\/#article","isPartOf":{"@id":"https:\/\/www.epen.gov.ar\/index.php\/2026\/08\/31\/cortes-programados-en-villa-la-angostura-el-2-3-y-4-09-2026\/"},"author":{"name":"Prensa EPEN","@id":"https:\/\/www.epen.gov.ar\/#\/schema\/person\/ce6cff87c2fc01264becc10fa105ad4f"},"headline":"Cortes Programados en Villa La Angostura el 2, 3 y 4\/09\/2026","datePublished":"2026-08-31T17:37:40+00:00","dateModified":"2026-08-31T17:42:08+00:00","mainEntityOfPage":{"@id":"https:\/\/www.epen.gov.ar\/index.php\/2026\/08\/31\/cortes-programados-en-villa-la-angostura-el-2-3-y-4-09-2026\/"},"wordCount":1327,"publisher":{"@id":"https:\/\/www.epen.gov.ar\/#organization"},"image":{"@id":"https:\/\/www.epen.gov.ar\/index.php\/2026\/08\/31\/cortes-programados-en-villa-la-angostura-el-2-3-y-4-09-2026\/#primaryimage"},"thumbnailUrl":"https:\/\/www.epen.gov.ar\/wp-content\/uploads\/2026\/08\/SMA.jpg","articleSection":["Cortes Programados"],"inLanguage":"es"},{"@type":"WebPage","@id":"https:\/\/www.epen.gov.ar\/index.php\/2026\/08\/31\/cortes-programados-en-villa-la-angostura-el-2-3-y-4-09-2026\/","url":"https:\/\/www.epen.gov.ar\/index.php\/2026\/08\/31\/cortes-programados-en-villa-la-angostura-el-2-3-y-4-09-2026\/","name":"EPEN - Cortes Programados en Villa La Angostura el 2, 3 y 4\/09\/2026","isPartOf":{"@id":"https:\/\/www.epen.gov.ar\/#website"},"primaryImageOfPage":{"@id":"https:\/\/www.epen.gov.ar\/index.php\/2026\/08\/31\/cortes-programados-en-villa-la-angostura-el-2-3-y-4-09-2026\/#primaryimage"},"image":{"@id":"https:\/\/www.epen.gov.ar\/index.php\/2026\/08\/31\/cortes-programados-en-villa-la-angostura-el-2-3-y-4-09-2026\/#primaryimage"},"thumbnailUrl":"https:\/\/www.epen.gov.ar\/wp-content\/uploads\/2026\/08\/SMA.jpg","datePublished":"2026-08-31T17:37:40+00:00","dateModified":"2026-08-31T17:42:08+00:00","description":"Cortes Programados en Villa La Angostura el 2, 3 y 4\/09\/2026 Cortes Programados","breadcrumb":{"@id":"https:\/\/www.epen.gov.ar\/index.php\/2026\/08\/31\/cortes-programados-en-villa-la-angostura-el-2-3-y-4-09-2026\/#breadcrumb"},"inLanguage":"es","potentialAction":[{"@type":"ReadAction","target":["https:\/\/www.epen.gov.ar\/index.php\/2026\/08\/31\/cortes-programados-en-villa-la-angostura-el-2-3-y-4-09-2026\/"]}]},{"@type":"ImageObject","inLanguage":"es","@id":"https:\/\/www.epen.gov.ar\/index.php\/2026\/08\/31\/cortes-programados-en-villa-la-angostura-el-2-3-y-4-09-2026\/#primaryimage","url":"https:\/\/www.epen.gov.ar\/wp-content\/uploads\/2026\/08\/SMA.jpg","contentUrl":"https:\/\/www.epen.gov.ar\/wp-content\/uploads\/2026\/08\/SMA.jpg","width":1080,"height":1137},{"@type":"BreadcrumbList","@id":"https:\/\/www.epen.gov.ar\/index.php\/2026\/08\/31\/cortes-programados-en-villa-la-angostura-el-2-3-y-4-09-2026\/#breadcrumb","itemListElement":[{"@type":"ListItem","position":1,"name":"Inicio","item":"https:\/\/www.epen.gov.ar\/"},{"@type":"ListItem","position":2,"name":"Cortes Programados en Villa La Angostura el 2, 3 y 4\/09\/2026"}]},{"@type":"WebSite","@id":"https:\/\/www.epen.gov.ar\/#website","url":"https:\/\/www.epen.gov.ar\/","name":"EPEN","description":"Ente Provincial de Energ\u00eda del Neuqu\u00e9n","publisher":{"@id":"https:\/\/www.epen.gov.ar\/#organization"},"potentialAction":[{"@type":"SearchAction","target":{"@type":"EntryPoint","urlTemplate":"https:\/\/www.epen.gov.ar\/?s={search_term_string}"},"query-input":{"@type":"PropertyValueSpecification","valueRequired":true,"valueName":"search_term_string"}}],"inLanguage":"es"},{"@type":"Organization","@id":"https:\/\/www.epen.gov.ar\/#organization","name":"Ente Provincial de Energ\u00eda del Neuqu\u00e9n","url":"https:\/\/www.epen.gov.ar\/","logo":{"@type":"ImageObject","inLanguage":"es","@id":"https:\/\/www.epen.gov.ar\/#\/schema\/logo\/image\/","url":"https:\/\/www.epen.gov.ar\/wp-content\/uploads\/2024\/02\/Logo-EPEN-2.jpg","contentUrl":"https:\/\/www.epen.gov.ar\/wp-content\/uploads\/2024\/02\/Logo-EPEN-2.jpg","width":696,"height":696,"caption":"Ente Provincial de Energ\u00eda del Neuqu\u00e9n"},"image":{"@id":"https:\/\/www.epen.gov.ar\/#\/schema\/logo\/image\/"},"sameAs":["https:\/\/www.facebook.com\/EPEN.Neuquen","https:\/\/x.com\/EPEN_Informa","https:\/\/www.youtube.com\/@epenprensa7384"]},{"@type":"Person","@id":"https:\/\/www.epen.gov.ar\/#\/schema\/person\/ce6cff87c2fc01264becc10fa105ad4f","name":"Prensa EPEN","image":{"@type":"ImageObject","inLanguage":"es","@id":"https:\/\/secure.gravatar.com\/avatar\/f8120b8688012ccf2d7fbcf7a970cfbabf0ab63b09c2dbd72c194bee080070e9?s=96&d=mm&r=g","url":"https:\/\/secure.gravatar.com\/avatar\/f8120b8688012ccf2d7fbcf7a970cfbabf0ab63b09c2dbd72c194bee080070e9?s=96&d=mm&r=g","contentUrl":"https:\/\/secure.gravatar.com\/avatar\/f8120b8688012ccf2d7fbcf7a970cfbabf0ab63b09c2dbd72c194bee080070e9?s=96&d=mm&r=g","caption":"Prensa EPEN"},"url":"https:\/\/www.epen.gov.ar\/index.php\/author\/admin\/"}]}},"_links":{"self":[{"href":"https:\/\/www.epen.gov.ar\/index.php\/wp-json\/wp\/v2\/posts\/205723","targetHints":{"allow":["GET"]}}],"collection":[{"href":"https:\/\/www.epen.gov.ar\/index.php\/wp-json\/wp\/v2\/posts"}],"about":[{"href":"https:\/\/www.epen.gov.ar\/index.php\/wp-json\/wp\/v2\/types\/post"}],"author":[{"embeddable":true,"href":"https:\/\/www.epen.gov.ar\/index.php\/wp-json\/wp\/v2\/users\/1"}],"replies":[{"embeddable":true,"href":"https:\/\/www.epen.gov.ar\/index.php\/wp-json\/wp\/v2\/comments?post=205723"}],"version-history":[{"count":3,"href":"https:\/\/www.epen.gov.ar\/index.php\/wp-json\/wp\/v2\/posts\/205723\/revisions"}],"predecessor-version":[{"id":205776,"href":"https:\/\/www.epen.gov.ar\/index.php\/wp-json\/wp\/v2\/posts\/205723\/revisions\/205776"}],"wp:featuredmedia":[{"embeddable":true,"href":"https:\/\/www.epen.gov.ar\/index.php\/wp-json\/wp\/v2\/media\/205736"}],"wp:attachment":[{"href":"https:\/\/www.epen.gov.ar\/index.php\/wp-json\/wp\/v2\/media?parent=205723"}],"wp:term":[{"taxonomy":"category","embeddable":true,"href":"https:\/\/www.epen.gov.ar\/index.php\/wp-json\/wp\/v2\/categories?post=205723"},{"taxonomy":"post_tag","embeddable":true,"href":"https:\/\/www.epen.gov.ar\/index.php\/wp-json\/wp\/v2\/tags?post=205723"}],"curies":[{"name":"wp","href":"https:\/\/api.w.org\/{rel}","templated":true}]}}