{"id":20002,"date":"2020-12-01T10:55:35","date_gmt":"2020-12-01T13:55:35","guid":{"rendered":"http:\/\/192.168.200.48\/?p=20002"},"modified":"2020-12-01T10:55:35","modified_gmt":"2020-12-01T13:55:35","slug":"el-epen-acordo-obras-para-villa-la-angostura","status":"publish","type":"post","link":"https:\/\/www.epen.gov.ar\/index.php\/2020\/12\/01\/el-epen-acordo-obras-para-villa-la-angostura\/","title":{"rendered":"El EPEN acord\u00f3 obras para Villa La Angostura"},"content":{"rendered":"<div class=\"fusion-fullwidth fullwidth-box fusion-builder-row-1 nonhundred-percent-fullwidth non-hundred-percent-height-scrolling\" style=\"--awb-border-radius-top-left:0px;--awb-border-radius-top-right:0px;--awb-border-radius-bottom-right:0px;--awb-border-radius-bottom-left:0px;--awb-flex-wrap:wrap;\" ><div class=\"fusion-builder-row fusion-row\"><div class=\"fusion-layout-column fusion_builder_column fusion-builder-column-0 fusion_builder_column_2_3 2_3 fusion-two-third fusion-column-first\" style=\"--awb-bg-size:cover;width:66.666666666667%;width:calc(66.666666666667% - ( ( 4% ) * 0.66666666666667 ) );margin-right: 4%;\"><div class=\"fusion-column-wrapper fusion-column-has-shadow fusion-flex-column-wrapper-legacy\"><div class=\"fusion-text fusion-text-1\"><p style=\"text-align: justify;\"><em><strong>Junto con miembros de Vialidad Nacional, autoridades del EPEN recorrieron las obras de la nueva circunvalaci\u00f3n. Con el intendente local, se acord\u00f3 iluminar con leds la avenida Arrayanes, un nuevo paseo, y repotenciar bombeos, entre otras acciones.<\/strong><\/em><\/p>\n<p style=\"text-align: justify;\">Autoridades del Ente Provincial de Energ\u00eda del Neuqu\u00e9n (EPEN) se reunieron en Villa La Angostura con miembros de Vialidad Nacional para diagramar las obras necesarias por interferencias de l\u00edneas y estructuras, en el marco de las obras de la Avenida de Circunvalaci\u00f3n que actualmente se ejecutan por parte del organismo vial.<\/p>\n<p style=\"text-align: justify;\">Luego de la reuni\u00f3n, se realiz\u00f3 una recorrida en cada zona puntual con el jefe de Distrito de Vialidad, Alberto Ciampini. Por el EPEN, lo hicieron el director Ra\u00fal Tojo, el gerente general Ra\u00fal Barahona y un equipo t\u00e9cnico.<\/p>\n<p style=\"text-align: justify;\">Adem\u00e1s, se llev\u00f3 a cabo una reuni\u00f3n con el intendente Fabio Stefani y funcionarios municipales, durante la cual se acordaron obras importantes a nivel urban\u00edstico, que dar\u00e1n comienzo en los pr\u00f3ximos d\u00edas. En este sentido, se resolvi\u00f3 el cambio total de luminarias led sobre la avenida Arrayanes. Ser\u00e1n 125 luminarias de \u00faltima generaci\u00f3n. Durante diciembre comenzar\u00e1 la puesta en marcha de las primeras 50.<\/p>\n<p style=\"text-align: justify;\">Barahona explic\u00f3 que \u201cla inversi\u00f3n en leds, sumada a la mano de obra y accesorios, ser\u00e1 del orden del mill\u00f3n y medio de pesos. Por otro lado, parte de las luminarias led que se reemplacen en la avenida Arrayanes ser\u00e1n acondicionadas para formar parte de un nuevo paseo peatonal para Villa La Angostura, en la costanera del Correntoso. De acuerdo a lo que vimos con el intendente, ser\u00e1n 400 metros de senda peatonal que hoy no tienen iluminaci\u00f3n y contar\u00e1n con luminarias led\u201d.<\/p>\n<p style=\"text-align: justify;\">En este marco, tambi\u00e9n se acord\u00f3 cambiar las luminarias sobre la ruta de acceso a la localidad, en el sentido desde Ruta 237, con un reemplazo total en ese tramo por l\u00e1mparas de sodio de 250 watts.<\/p>\n<p style=\"text-align: justify;\">\u201cTambi\u00e9n se repotenciar\u00e1n los bombeos de agua, como el de Lomas del Correntoso y Quetrihue, obras que se ejecutar\u00e1n por parte del EPEN para mejorar la provisi\u00f3n del servicio\u201d, agreg\u00f3 Barahona.<\/p>\n<p><img decoding=\"async\" class=\"alignnone wp-image-20015\" src=\"\/\/www.epen.gov.ar\/wp-content\/uploads\/2020\/12\/WEB-Recorrida-EPEN-VN-en-VLA-1-1280x632.jpg\" alt=\"\" width=\"781\" height=\"386\" srcset=\"https:\/\/www.epen.gov.ar\/wp-content\/uploads\/2020\/12\/WEB-Recorrida-EPEN-VN-en-VLA-1-200x99.jpg 200w, https:\/\/www.epen.gov.ar\/wp-content\/uploads\/2020\/12\/WEB-Recorrida-EPEN-VN-en-VLA-1-300x148.jpg 300w, https:\/\/www.epen.gov.ar\/wp-content\/uploads\/2020\/12\/WEB-Recorrida-EPEN-VN-en-VLA-1-400x198.jpg 400w, https:\/\/www.epen.gov.ar\/wp-content\/uploads\/2020\/12\/WEB-Recorrida-EPEN-VN-en-VLA-1-600x296.jpg 600w, https:\/\/www.epen.gov.ar\/wp-content\/uploads\/2020\/12\/WEB-Recorrida-EPEN-VN-en-VLA-1-768x379.jpg 768w, https:\/\/www.epen.gov.ar\/wp-content\/uploads\/2020\/12\/WEB-Recorrida-EPEN-VN-en-VLA-1-800x395.jpg 800w, https:\/\/www.epen.gov.ar\/wp-content\/uploads\/2020\/12\/WEB-Recorrida-EPEN-VN-en-VLA-1-1200x593.jpg 1200w, https:\/\/www.epen.gov.ar\/wp-content\/uploads\/2020\/12\/WEB-Recorrida-EPEN-VN-en-VLA-1-1280x632.jpg 1280w, https:\/\/www.epen.gov.ar\/wp-content\/uploads\/2020\/12\/WEB-Recorrida-EPEN-VN-en-VLA-1.jpg 1403w\" sizes=\"(max-width: 781px) 100vw, 781px\" \/><\/p>\n<\/div><div class=\"fusion-clearfix\"><\/div><\/div><\/div><div class=\"fusion-layout-column fusion_builder_column fusion-builder-column-1 fusion_builder_column_1_3 1_3 fusion-one-third fusion-column-last\" style=\"--awb-bg-size:cover;width:33.333333333333%;width:calc(33.333333333333% - ( ( 4% ) * 0.33333333333333 ) );\"><div class=\"fusion-column-wrapper fusion-column-has-shadow fusion-flex-column-wrapper-legacy\"><div class=\"fusion-widget-area awb-widget-area-element fusion-widget-area-1 fusion-content-widget-area\" style=\"--awb-title-size:20px;--awb-title-color:#333333;--awb-padding:0px 0px 0px 0px;\"><style type=\"text\/css\" data-id=\"tweets-widget-2\">#tweets-widget-2 li { border-color:#eaeaea;}<\/style><section id=\"tweets-widget-2\" class=\"widget tweets\" style=\"border-style: solid;border-color: #eaeaea;border-color:transparent;border-width:0px;\">\t\t\t\t\n\t\t<div style=\"overflow:hidden\">\n\t\t\t\t\t\t\t\t\t\t\t<a class=\"twitter-timeline\" data-dnt=\"true\" href=\"https:\/\/twitter.com\/@EPEN_Informa\" data-width=\"500\" data-height=\"300\" width=\"500\" height=\"300\" data-theme=\"light\" data-link-color=\"##25a9bd\" data-border-color=\"#eaeaea\" data-chrome=\"\">Tweets por @EPEN_Informa<\/a>\n\t\t\t\t\t\t\t\n\t\t\t\t\t\t\t\t\t\t\t<script async src=\"\/\/platform.twitter.com\/widgets.js\" charset=\"utf-8\"><\/script>\n\t\t\t\t\t\t\t\n\t\t<\/div>\n\t\t<\/section>\n\t\t<section id=\"recent-posts-3\" class=\"widget widget_recent_entries\" style=\"border-style: solid;border-color:transparent;border-width:0px;\">\n\t\t<div class=\"heading\"><h4 class=\"widget-title\">Entradas recientes<\/h4><\/div>\n\t\t<ul>\n\t\t\t\t\t\t\t\t\t\t\t<li>\n\t\t\t\t\t<a href=\"https:\/\/www.epen.gov.ar\/index.php\/2026\/04\/30\/corte-programado-en-sectores-de-rincon-de-los-sauces-el-02-05-2026\/\">Corte Programado en sectores de Rinc\u00f3n de los Sauces el 02\/05\/2026<\/a>\n\t\t\t\t\t\t\t\t\t\t\t<span class=\"post-date\">30\/04\/2026<\/span>\n\t\t\t\t\t\t\t\t\t<\/li>\n\t\t\t\t\t\t\t\t\t\t\t<li>\n\t\t\t\t\t<a href=\"https:\/\/www.epen.gov.ar\/index.php\/2026\/04\/30\/licitacion-publica-n-14-2026-contratacion-de-servicios-de-desarrollo-y-mantenimiento-de-sistemas-informaticos\/\">LICITACI\u00d3N P\u00daBLICA N\u00b0 14\/2026 CONTRATACI\u00d3N DE SERVICIOS DE DESARROLLO Y MANTENIMIENTO DE SISTEMAS INFORM\u00c1TICOS<\/a>\n\t\t\t\t\t\t\t\t\t\t\t<span class=\"post-date\">30\/04\/2026<\/span>\n\t\t\t\t\t\t\t\t\t<\/li>\n\t\t\t\t\t\t\t\t\t\t\t<li>\n\t\t\t\t\t<a href=\"https:\/\/www.epen.gov.ar\/index.php\/2026\/04\/29\/corte-programado-en-sectores-de-centenario-el-30-04-2026\/\">Corte Programado en sectores de Centenario el 30\/04\/2026<\/a>\n\t\t\t\t\t\t\t\t\t\t\t<span class=\"post-date\">29\/04\/2026<\/span>\n\t\t\t\t\t\t\t\t\t<\/li>\n\t\t\t\t\t\t\t\t\t\t\t<li>\n\t\t\t\t\t<a href=\"https:\/\/www.epen.gov.ar\/index.php\/2026\/04\/28\/el-epen-impulsa-el-desarrollo-de-varvarco-con-nueva-infraestructura-para-17-lotes\/\">El EPEN impulsa el desarrollo de Varvarco con nueva infraestructura para 17 lotes<\/a>\n\t\t\t\t\t\t\t\t\t\t\t<span class=\"post-date\">28\/04\/2026<\/span>\n\t\t\t\t\t\t\t\t\t<\/li>\n\t\t\t\t\t\t\t\t\t\t\t<li>\n\t\t\t\t\t<a href=\"https:\/\/www.epen.gov.ar\/index.php\/2026\/04\/28\/corte-programado-en-sectores-de-zona-nahueve-el-30-04-2026\/\">Corte Programado en sectores de zona Nahueve el 30\/04\/2026<\/a>\n\t\t\t\t\t\t\t\t\t\t\t<span class=\"post-date\">28\/04\/2026<\/span>\n\t\t\t\t\t\t\t\t\t<\/li>\n\t\t\t\t\t<\/ul>\n\n\t\t<\/section><div class=\"fusion-additional-widget-content\"><\/div><\/div><div class=\"fusion-clearfix\"><\/div><\/div><\/div><\/div><\/div>\n","protected":false},"excerpt":{"rendered":"","protected":false},"author":1,"featured_media":20016,"comment_status":"open","ping_status":"open","sticky":false,"template":"","format":"standard","meta":{"_exactmetrics_skip_tracking":false,"_exactmetrics_sitenote_active":false,"_exactmetrics_sitenote_note":"","_exactmetrics_sitenote_category":0,"footnotes":""},"categories":[84],"tags":[],"class_list":["post-20002","post","type-post","status-publish","format-standard","has-post-thumbnail","hentry","category-noticias"],"yoast_head":"<!-- This site is optimized with the Yoast SEO plugin v27.2 - https:\/\/yoast.com\/product\/yoast-seo-wordpress\/ -->\n<title>EPEN - El EPEN acord\u00f3 obras para Villa La Angostura<\/title>\n<meta name=\"description\" content=\"El EPEN acord\u00f3 obras para Villa La Angostura\" \/>\n<meta name=\"robots\" content=\"index, follow, max-snippet:-1, max-image-preview:large, max-video-preview:-1\" \/>\n<link rel=\"canonical\" href=\"https:\/\/www.epen.gov.ar\/index.php\/2020\/12\/01\/el-epen-acordo-obras-para-villa-la-angostura\/\" \/>\n<meta property=\"og:locale\" content=\"es_ES\" \/>\n<meta property=\"og:type\" content=\"article\" \/>\n<meta property=\"og:title\" content=\"EPEN - El EPEN acord\u00f3 obras para Villa La Angostura\" \/>\n<meta property=\"og:description\" content=\"El EPEN acord\u00f3 obras para Villa La Angostura\" \/>\n<meta property=\"og:url\" content=\"https:\/\/www.epen.gov.ar\/index.php\/2020\/12\/01\/el-epen-acordo-obras-para-villa-la-angostura\/\" \/>\n<meta property=\"og:site_name\" content=\"EPEN\" \/>\n<meta property=\"article:publisher\" content=\"https:\/\/www.facebook.com\/EPEN.Neuquen\" \/>\n<meta property=\"article:published_time\" content=\"2020-12-01T13:55:35+00:00\" \/>\n<meta property=\"og:image\" content=\"https:\/\/www.epen.gov.ar\/wp-content\/uploads\/2020\/12\/WEB-Recorrida-EPEN-VN-en-VLA-2.jpg\" \/>\n\t<meta property=\"og:image:width\" content=\"1403\" \/>\n\t<meta property=\"og:image:height\" content=\"693\" \/>\n\t<meta property=\"og:image:type\" content=\"image\/jpeg\" \/>\n<meta name=\"author\" content=\"Prensa EPEN\" \/>\n<meta name=\"twitter:card\" content=\"summary_large_image\" \/>\n<meta name=\"twitter:creator\" content=\"@EPEN_Informa\" \/>\n<meta name=\"twitter:site\" content=\"@EPEN_Informa\" \/>\n<meta name=\"twitter:label1\" content=\"Escrito por\" \/>\n\t<meta name=\"twitter:data1\" content=\"Prensa EPEN\" \/>\n\t<meta name=\"twitter:label2\" content=\"Tiempo de lectura\" \/>\n\t<meta name=\"twitter:data2\" content=\"4 minutos\" \/>\n<script type=\"application\/ld+json\" class=\"yoast-schema-graph\">{\"@context\":\"https:\/\/schema.org\",\"@graph\":[{\"@type\":\"Article\",\"@id\":\"https:\/\/www.epen.gov.ar\/index.php\/2020\/12\/01\/el-epen-acordo-obras-para-villa-la-angostura\/#article\",\"isPartOf\":{\"@id\":\"https:\/\/www.epen.gov.ar\/index.php\/2020\/12\/01\/el-epen-acordo-obras-para-villa-la-angostura\/\"},\"author\":{\"name\":\"Prensa EPEN\",\"@id\":\"https:\/\/www.epen.gov.ar\/#\/schema\/person\/ce6cff87c2fc01264becc10fa105ad4f\"},\"headline\":\"El EPEN acord\u00f3 obras para Villa La Angostura\",\"datePublished\":\"2020-12-01T13:55:35+00:00\",\"mainEntityOfPage\":{\"@id\":\"https:\/\/www.epen.gov.ar\/index.php\/2020\/12\/01\/el-epen-acordo-obras-para-villa-la-angostura\/\"},\"wordCount\":787,\"commentCount\":0,\"publisher\":{\"@id\":\"https:\/\/www.epen.gov.ar\/#organization\"},\"image\":{\"@id\":\"https:\/\/www.epen.gov.ar\/index.php\/2020\/12\/01\/el-epen-acordo-obras-para-villa-la-angostura\/#primaryimage\"},\"thumbnailUrl\":\"https:\/\/www.epen.gov.ar\/wp-content\/uploads\/2020\/12\/WEB-Recorrida-EPEN-VN-en-VLA-2.jpg\",\"articleSection\":[\"Noticias\"],\"inLanguage\":\"es\",\"potentialAction\":[{\"@type\":\"CommentAction\",\"name\":\"Comment\",\"target\":[\"https:\/\/www.epen.gov.ar\/index.php\/2020\/12\/01\/el-epen-acordo-obras-para-villa-la-angostura\/#respond\"]}]},{\"@type\":\"WebPage\",\"@id\":\"https:\/\/www.epen.gov.ar\/index.php\/2020\/12\/01\/el-epen-acordo-obras-para-villa-la-angostura\/\",\"url\":\"https:\/\/www.epen.gov.ar\/index.php\/2020\/12\/01\/el-epen-acordo-obras-para-villa-la-angostura\/\",\"name\":\"EPEN - El EPEN acord\u00f3 obras para Villa La Angostura\",\"isPartOf\":{\"@id\":\"https:\/\/www.epen.gov.ar\/#website\"},\"primaryImageOfPage\":{\"@id\":\"https:\/\/www.epen.gov.ar\/index.php\/2020\/12\/01\/el-epen-acordo-obras-para-villa-la-angostura\/#primaryimage\"},\"image\":{\"@id\":\"https:\/\/www.epen.gov.ar\/index.php\/2020\/12\/01\/el-epen-acordo-obras-para-villa-la-angostura\/#primaryimage\"},\"thumbnailUrl\":\"https:\/\/www.epen.gov.ar\/wp-content\/uploads\/2020\/12\/WEB-Recorrida-EPEN-VN-en-VLA-2.jpg\",\"datePublished\":\"2020-12-01T13:55:35+00:00\",\"description\":\"El EPEN acord\u00f3 obras para Villa La Angostura\",\"breadcrumb\":{\"@id\":\"https:\/\/www.epen.gov.ar\/index.php\/2020\/12\/01\/el-epen-acordo-obras-para-villa-la-angostura\/#breadcrumb\"},\"inLanguage\":\"es\",\"potentialAction\":[{\"@type\":\"ReadAction\",\"target\":[\"https:\/\/www.epen.gov.ar\/index.php\/2020\/12\/01\/el-epen-acordo-obras-para-villa-la-angostura\/\"]}]},{\"@type\":\"ImageObject\",\"inLanguage\":\"es\",\"@id\":\"https:\/\/www.epen.gov.ar\/index.php\/2020\/12\/01\/el-epen-acordo-obras-para-villa-la-angostura\/#primaryimage\",\"url\":\"https:\/\/www.epen.gov.ar\/wp-content\/uploads\/2020\/12\/WEB-Recorrida-EPEN-VN-en-VLA-2.jpg\",\"contentUrl\":\"https:\/\/www.epen.gov.ar\/wp-content\/uploads\/2020\/12\/WEB-Recorrida-EPEN-VN-en-VLA-2.jpg\",\"width\":1403,\"height\":693},{\"@type\":\"BreadcrumbList\",\"@id\":\"https:\/\/www.epen.gov.ar\/index.php\/2020\/12\/01\/el-epen-acordo-obras-para-villa-la-angostura\/#breadcrumb\",\"itemListElement\":[{\"@type\":\"ListItem\",\"position\":1,\"name\":\"Inicio\",\"item\":\"https:\/\/www.epen.gov.ar\/\"},{\"@type\":\"ListItem\",\"position\":2,\"name\":\"El EPEN acord\u00f3 obras para Villa La Angostura\"}]},{\"@type\":\"WebSite\",\"@id\":\"https:\/\/www.epen.gov.ar\/#website\",\"url\":\"https:\/\/www.epen.gov.ar\/\",\"name\":\"EPEN\",\"description\":\"Ente Provincial de Energ\u00eda del Neuqu\u00e9n\",\"publisher\":{\"@id\":\"https:\/\/www.epen.gov.ar\/#organization\"},\"potentialAction\":[{\"@type\":\"SearchAction\",\"target\":{\"@type\":\"EntryPoint\",\"urlTemplate\":\"https:\/\/www.epen.gov.ar\/?s={search_term_string}\"},\"query-input\":{\"@type\":\"PropertyValueSpecification\",\"valueRequired\":true,\"valueName\":\"search_term_string\"}}],\"inLanguage\":\"es\"},{\"@type\":\"Organization\",\"@id\":\"https:\/\/www.epen.gov.ar\/#organization\",\"name\":\"Ente Provincial de Energ\u00eda del Neuqu\u00e9n\",\"url\":\"https:\/\/www.epen.gov.ar\/\",\"logo\":{\"@type\":\"ImageObject\",\"inLanguage\":\"es\",\"@id\":\"https:\/\/www.epen.gov.ar\/#\/schema\/logo\/image\/\",\"url\":\"https:\/\/www.epen.gov.ar\/wp-content\/uploads\/2024\/02\/Logo-EPEN-2.jpg\",\"contentUrl\":\"https:\/\/www.epen.gov.ar\/wp-content\/uploads\/2024\/02\/Logo-EPEN-2.jpg\",\"width\":696,\"height\":696,\"caption\":\"Ente Provincial de Energ\u00eda del Neuqu\u00e9n\"},\"image\":{\"@id\":\"https:\/\/www.epen.gov.ar\/#\/schema\/logo\/image\/\"},\"sameAs\":[\"https:\/\/www.facebook.com\/EPEN.Neuquen\",\"https:\/\/x.com\/EPEN_Informa\",\"https:\/\/www.youtube.com\/@epenprensa7384\"]},{\"@type\":\"Person\",\"@id\":\"https:\/\/www.epen.gov.ar\/#\/schema\/person\/ce6cff87c2fc01264becc10fa105ad4f\",\"name\":\"Prensa EPEN\",\"image\":{\"@type\":\"ImageObject\",\"inLanguage\":\"es\",\"@id\":\"https:\/\/secure.gravatar.com\/avatar\/f8120b8688012ccf2d7fbcf7a970cfbabf0ab63b09c2dbd72c194bee080070e9?s=96&d=mm&r=g\",\"url\":\"https:\/\/secure.gravatar.com\/avatar\/f8120b8688012ccf2d7fbcf7a970cfbabf0ab63b09c2dbd72c194bee080070e9?s=96&d=mm&r=g\",\"contentUrl\":\"https:\/\/secure.gravatar.com\/avatar\/f8120b8688012ccf2d7fbcf7a970cfbabf0ab63b09c2dbd72c194bee080070e9?s=96&d=mm&r=g\",\"caption\":\"Prensa EPEN\"},\"url\":\"https:\/\/www.epen.gov.ar\/index.php\/author\/admin\/\"}]}<\/script>\n<!-- \/ Yoast SEO plugin. -->","yoast_head_json":{"title":"EPEN - El EPEN acord\u00f3 obras para Villa La Angostura","description":"El EPEN acord\u00f3 obras para Villa La Angostura","robots":{"index":"index","follow":"follow","max-snippet":"max-snippet:-1","max-image-preview":"max-image-preview:large","max-video-preview":"max-video-preview:-1"},"canonical":"https:\/\/www.epen.gov.ar\/index.php\/2020\/12\/01\/el-epen-acordo-obras-para-villa-la-angostura\/","og_locale":"es_ES","og_type":"article","og_title":"EPEN - El EPEN acord\u00f3 obras para Villa La Angostura","og_description":"El EPEN acord\u00f3 obras para Villa La Angostura","og_url":"https:\/\/www.epen.gov.ar\/index.php\/2020\/12\/01\/el-epen-acordo-obras-para-villa-la-angostura\/","og_site_name":"EPEN","article_publisher":"https:\/\/www.facebook.com\/EPEN.Neuquen","article_published_time":"2020-12-01T13:55:35+00:00","og_image":[{"width":1403,"height":693,"url":"https:\/\/www.epen.gov.ar\/wp-content\/uploads\/2020\/12\/WEB-Recorrida-EPEN-VN-en-VLA-2.jpg","type":"image\/jpeg"}],"author":"Prensa EPEN","twitter_card":"summary_large_image","twitter_creator":"@EPEN_Informa","twitter_site":"@EPEN_Informa","twitter_misc":{"Escrito por":"Prensa EPEN","Tiempo de lectura":"4 minutos"},"schema":{"@context":"https:\/\/schema.org","@graph":[{"@type":"Article","@id":"https:\/\/www.epen.gov.ar\/index.php\/2020\/12\/01\/el-epen-acordo-obras-para-villa-la-angostura\/#article","isPartOf":{"@id":"https:\/\/www.epen.gov.ar\/index.php\/2020\/12\/01\/el-epen-acordo-obras-para-villa-la-angostura\/"},"author":{"name":"Prensa EPEN","@id":"https:\/\/www.epen.gov.ar\/#\/schema\/person\/ce6cff87c2fc01264becc10fa105ad4f"},"headline":"El EPEN acord\u00f3 obras para Villa La Angostura","datePublished":"2020-12-01T13:55:35+00:00","mainEntityOfPage":{"@id":"https:\/\/www.epen.gov.ar\/index.php\/2020\/12\/01\/el-epen-acordo-obras-para-villa-la-angostura\/"},"wordCount":787,"commentCount":0,"publisher":{"@id":"https:\/\/www.epen.gov.ar\/#organization"},"image":{"@id":"https:\/\/www.epen.gov.ar\/index.php\/2020\/12\/01\/el-epen-acordo-obras-para-villa-la-angostura\/#primaryimage"},"thumbnailUrl":"https:\/\/www.epen.gov.ar\/wp-content\/uploads\/2020\/12\/WEB-Recorrida-EPEN-VN-en-VLA-2.jpg","articleSection":["Noticias"],"inLanguage":"es","potentialAction":[{"@type":"CommentAction","name":"Comment","target":["https:\/\/www.epen.gov.ar\/index.php\/2020\/12\/01\/el-epen-acordo-obras-para-villa-la-angostura\/#respond"]}]},{"@type":"WebPage","@id":"https:\/\/www.epen.gov.ar\/index.php\/2020\/12\/01\/el-epen-acordo-obras-para-villa-la-angostura\/","url":"https:\/\/www.epen.gov.ar\/index.php\/2020\/12\/01\/el-epen-acordo-obras-para-villa-la-angostura\/","name":"EPEN - El EPEN acord\u00f3 obras para Villa La Angostura","isPartOf":{"@id":"https:\/\/www.epen.gov.ar\/#website"},"primaryImageOfPage":{"@id":"https:\/\/www.epen.gov.ar\/index.php\/2020\/12\/01\/el-epen-acordo-obras-para-villa-la-angostura\/#primaryimage"},"image":{"@id":"https:\/\/www.epen.gov.ar\/index.php\/2020\/12\/01\/el-epen-acordo-obras-para-villa-la-angostura\/#primaryimage"},"thumbnailUrl":"https:\/\/www.epen.gov.ar\/wp-content\/uploads\/2020\/12\/WEB-Recorrida-EPEN-VN-en-VLA-2.jpg","datePublished":"2020-12-01T13:55:35+00:00","description":"El EPEN acord\u00f3 obras para Villa La Angostura","breadcrumb":{"@id":"https:\/\/www.epen.gov.ar\/index.php\/2020\/12\/01\/el-epen-acordo-obras-para-villa-la-angostura\/#breadcrumb"},"inLanguage":"es","potentialAction":[{"@type":"ReadAction","target":["https:\/\/www.epen.gov.ar\/index.php\/2020\/12\/01\/el-epen-acordo-obras-para-villa-la-angostura\/"]}]},{"@type":"ImageObject","inLanguage":"es","@id":"https:\/\/www.epen.gov.ar\/index.php\/2020\/12\/01\/el-epen-acordo-obras-para-villa-la-angostura\/#primaryimage","url":"https:\/\/www.epen.gov.ar\/wp-content\/uploads\/2020\/12\/WEB-Recorrida-EPEN-VN-en-VLA-2.jpg","contentUrl":"https:\/\/www.epen.gov.ar\/wp-content\/uploads\/2020\/12\/WEB-Recorrida-EPEN-VN-en-VLA-2.jpg","width":1403,"height":693},{"@type":"BreadcrumbList","@id":"https:\/\/www.epen.gov.ar\/index.php\/2020\/12\/01\/el-epen-acordo-obras-para-villa-la-angostura\/#breadcrumb","itemListElement":[{"@type":"ListItem","position":1,"name":"Inicio","item":"https:\/\/www.epen.gov.ar\/"},{"@type":"ListItem","position":2,"name":"El EPEN acord\u00f3 obras para Villa La Angostura"}]},{"@type":"WebSite","@id":"https:\/\/www.epen.gov.ar\/#website","url":"https:\/\/www.epen.gov.ar\/","name":"EPEN","description":"Ente Provincial de Energ\u00eda del Neuqu\u00e9n","publisher":{"@id":"https:\/\/www.epen.gov.ar\/#organization"},"potentialAction":[{"@type":"SearchAction","target":{"@type":"EntryPoint","urlTemplate":"https:\/\/www.epen.gov.ar\/?s={search_term_string}"},"query-input":{"@type":"PropertyValueSpecification","valueRequired":true,"valueName":"search_term_string"}}],"inLanguage":"es"},{"@type":"Organization","@id":"https:\/\/www.epen.gov.ar\/#organization","name":"Ente Provincial de Energ\u00eda del Neuqu\u00e9n","url":"https:\/\/www.epen.gov.ar\/","logo":{"@type":"ImageObject","inLanguage":"es","@id":"https:\/\/www.epen.gov.ar\/#\/schema\/logo\/image\/","url":"https:\/\/www.epen.gov.ar\/wp-content\/uploads\/2024\/02\/Logo-EPEN-2.jpg","contentUrl":"https:\/\/www.epen.gov.ar\/wp-content\/uploads\/2024\/02\/Logo-EPEN-2.jpg","width":696,"height":696,"caption":"Ente Provincial de Energ\u00eda del Neuqu\u00e9n"},"image":{"@id":"https:\/\/www.epen.gov.ar\/#\/schema\/logo\/image\/"},"sameAs":["https:\/\/www.facebook.com\/EPEN.Neuquen","https:\/\/x.com\/EPEN_Informa","https:\/\/www.youtube.com\/@epenprensa7384"]},{"@type":"Person","@id":"https:\/\/www.epen.gov.ar\/#\/schema\/person\/ce6cff87c2fc01264becc10fa105ad4f","name":"Prensa EPEN","image":{"@type":"ImageObject","inLanguage":"es","@id":"https:\/\/secure.gravatar.com\/avatar\/f8120b8688012ccf2d7fbcf7a970cfbabf0ab63b09c2dbd72c194bee080070e9?s=96&d=mm&r=g","url":"https:\/\/secure.gravatar.com\/avatar\/f8120b8688012ccf2d7fbcf7a970cfbabf0ab63b09c2dbd72c194bee080070e9?s=96&d=mm&r=g","contentUrl":"https:\/\/secure.gravatar.com\/avatar\/f8120b8688012ccf2d7fbcf7a970cfbabf0ab63b09c2dbd72c194bee080070e9?s=96&d=mm&r=g","caption":"Prensa EPEN"},"url":"https:\/\/www.epen.gov.ar\/index.php\/author\/admin\/"}]}},"_links":{"self":[{"href":"https:\/\/www.epen.gov.ar\/index.php\/wp-json\/wp\/v2\/posts\/20002","targetHints":{"allow":["GET"]}}],"collection":[{"href":"https:\/\/www.epen.gov.ar\/index.php\/wp-json\/wp\/v2\/posts"}],"about":[{"href":"https:\/\/www.epen.gov.ar\/index.php\/wp-json\/wp\/v2\/types\/post"}],"author":[{"embeddable":true,"href":"https:\/\/www.epen.gov.ar\/index.php\/wp-json\/wp\/v2\/users\/1"}],"replies":[{"embeddable":true,"href":"https:\/\/www.epen.gov.ar\/index.php\/wp-json\/wp\/v2\/comments?post=20002"}],"version-history":[{"count":2,"href":"https:\/\/www.epen.gov.ar\/index.php\/wp-json\/wp\/v2\/posts\/20002\/revisions"}],"predecessor-version":[{"id":68760,"href":"https:\/\/www.epen.gov.ar\/index.php\/wp-json\/wp\/v2\/posts\/20002\/revisions\/68760"}],"wp:featuredmedia":[{"embeddable":true,"href":"https:\/\/www.epen.gov.ar\/index.php\/wp-json\/wp\/v2\/media\/20016"}],"wp:attachment":[{"href":"https:\/\/www.epen.gov.ar\/index.php\/wp-json\/wp\/v2\/media?parent=20002"}],"wp:term":[{"taxonomy":"category","embeddable":true,"href":"https:\/\/www.epen.gov.ar\/index.php\/wp-json\/wp\/v2\/categories?post=20002"},{"taxonomy":"post_tag","embeddable":true,"href":"https:\/\/www.epen.gov.ar\/index.php\/wp-json\/wp\/v2\/tags?post=20002"}],"curies":[{"name":"wp","href":"https:\/\/api.w.org\/{rel}","templated":true}]}}