{"id":194071,"date":"2026-03-17T13:40:30","date_gmt":"2026-03-17T16:40:30","guid":{"rendered":"https:\/\/www.epen.gov.ar\/?p=194071"},"modified":"2026-04-08T10:09:46","modified_gmt":"2026-04-08T13:09:46","slug":"provincia-y-municipio-fortalecen-la-infraestructura-electrica-y-el-parque-solar-de-cutral-co","status":"publish","type":"post","link":"https:\/\/www.epen.gov.ar\/index.php\/2026\/03\/17\/provincia-y-municipio-fortalecen-la-infraestructura-electrica-y-el-parque-solar-de-cutral-co\/","title":{"rendered":"Provincia y municipio fortalecen la infraestructura el\u00e9ctrica y el Parque Solar de Cutral Co"},"content":{"rendered":"<div class=\"fusion-fullwidth fullwidth-box fusion-builder-row-1 has-pattern-background has-mask-background nonhundred-percent-fullwidth non-hundred-percent-height-scrolling\" style=\"--awb-border-radius-top-left:0px;--awb-border-radius-top-right:0px;--awb-border-radius-bottom-right:0px;--awb-border-radius-bottom-left:0px;--awb-padding-left:0px;--awb-background-color:white;--awb-flex-wrap:wrap;\" ><div class=\"fusion-builder-row fusion-row\"><div class=\"fusion-layout-column fusion_builder_column fusion-builder-column-0 fusion_builder_column_1_1 1_1 fusion-one-full fusion-column-first fusion-column-last\" style=\"--awb-bg-blend:overlay;--awb-bg-size:cover;--awb-margin-bottom:0px;\" data-scroll-devices=\"small-visibility,medium-visibility,large-visibility\"><div class=\"fusion-column-wrapper fusion-column-has-shadow fusion-flex-column-wrapper-legacy\"><div class=\"fusion-text fusion-text-1\" style=\"--awb-font-size:16px;--awb-text-font-family:&quot;Manrope&quot;;--awb-text-font-style:normal;--awb-text-font-weight:400;\"><p><em>Durante un acto que encabezaron el gobernador Rolando Figueroa y el intendente Ram\u00f3n Rioseco, se firmaron dos convenios que permiten ampliar la capacidad el\u00e9ctrica local y establecer un marco institucional para el desarrollo del parque solar.<\/em><\/p>\n<p>El gobernador\u00a0<strong>Rolando Figueroa<\/strong>\u00a0y el intendente de Cutral Co,\u00a0<strong>Ram\u00f3n Rioseco<\/strong>\u00a0encabezaron este lunes un acto durante el cual se firmaron dos documentos fundamentales para ampliar el parque solar y fortalecer la capacidad el\u00e9ctrica de la localidad.<\/p>\n<p>Se trat\u00f3 de la firma del contrato de desarrollo de la iniciativa privada para la ampliaci\u00f3n del parque solar y, por otro lado, de un convenio espec\u00edfico entre la provincia y el municipio para el financiamiento conjunto de un nuevo transformador el\u00e9ctrico, una obra clave que permitir\u00e1 ampliar la capacidad de conexi\u00f3n e inyecci\u00f3n de la energ\u00eda en el sistema.<\/p>\n<p>Cutral Co ya cuenta con un parque solar en funcionamiento con una capacidad de 3,5 megavatios y esta nueva iniciativa permitir\u00e1 proyectar una ampliaci\u00f3n que alcanzar\u00e1 aproximadamente 30 megavatios de generaci\u00f3n.<\/p>\n<p>El gobernador destac\u00f3 el crecimiento del parque solar de Cutral Co y asegur\u00f3 que la provincia\u00a0<em>\u201cno puede quedar ajena\u201d<\/em>\u00a0al desarrollo de las energ\u00edas renovables.\u00a0<em>\u201cHace mucho tiempo Ram\u00f3n comenz\u00f3 a trabajar en esto y nosotros lo vimos con muy buenos ojos\u201d<\/em>, dijo.<\/p>\n<p><em>\u201cLa provincia va a retomar un parque solar que est\u00e1 en el norte para poder culminarlo\u201d<\/em>, adelant\u00f3 Figueroa y remarc\u00f3 que\u00a0<em>\u201cel primer parque solar que est\u00e1 funcionando es el de Cutral Co\u201d<\/em>, que fue impulsado por el municipio\u00a0<em>\u201ccon mucho esfuerzo\u201d. \u201cPudimos llamar la atenci\u00f3n de la secretar\u00eda de Energ\u00eda y se pudo lograr la incorporaci\u00f3n de esta energ\u00eda al sistema nacional\u201d<\/em>, agreg\u00f3.<\/p>\n<p><em>\u201cAhora damos un paso muy importante: pasar de 3 a 30 megavatios\u201d<\/em>, indic\u00f3 el mandatario provincial y consider\u00f3 que se trata de un salto significativo para la capacidad energ\u00e9tica local.<\/p>\n<p>Por otra parte, Figueroa explic\u00f3 que un objetivo de su gesti\u00f3n es\u00a0<em>\u201cformar una canasta de energ\u00eda generada por los neuquinos, a un valor diferenciado para la industria de la provincia\u201d. \u201cPor supuesto que es un paso superador al que ven\u00edamos visualizando anteriormente\u201d<\/em>, a\u00f1adi\u00f3.<\/p>\n<p>Coment\u00f3 que, si se logra producir energ\u00eda m\u00e1s barata y que luego el Ente Provincial de Energ\u00eda del Neuqu\u00e9n (EPEN) la distribuya a menor costo a la industria, la hoteler\u00eda, la gastronom\u00eda y la producci\u00f3n, se podr\u00e1 mejorar la competitividad de toda la econom\u00eda neuquina. Indic\u00f3 que de esa manera tambi\u00e9n se acelerar\u00e1 la transici\u00f3n hacia otras fuentes de energ\u00eda y se fortalecer\u00e1n los distintos sectores econ\u00f3micos.<\/p>\n<p><em>\u201cQuienes visualizan a las gestiones y a la sociedad en partidos pol\u00edticos, pasaron de moda. Eso forma parte del pasado\u201d<\/em>, asegur\u00f3 el gobernador y remarc\u00f3 que\u00a0<em>\u201choy la sociedad nos pide a gritos que solucionemos los problemas\u201d. \u201cDesde el gobierno de la provincia tomamos esa postura: no miramos a la sociedad fragmentada en partidos pol\u00edticos\u201d<\/em>, agreg\u00f3.<\/p>\n<p><em>\u201cPor eso acompa\u00f1amos la misi\u00f3n del presidente (Javier Milei) la semana pasada en Nueva York, en Argentina Week, donde sin compartir la misma ideolog\u00eda pol\u00edtica pudimos concentrarnos y generar las inversiones importantes para Neuqu\u00e9n\u201d<\/em>, sostuvo Figueroa.<\/p>\n<p>Adem\u00e1s, resalt\u00f3 que\u00a0<em>\u201choy estamos acompa\u00f1ando en Cutral Co a un intendente que no es del signo pol\u00edtico, pero s\u00ed estamos dentro del mismo equipo para poder solucionar los problemas que tiene la gente. Ese es el camino que hemos elegido y vamos a profundizar en la provincia, porque trabajando juntos se logran objetivos mucho m\u00e1s importantes\u201d.<\/em><\/p>\n<p>El intendente Rioseco indic\u00f3 que\u00a0<em>\u201ces un gusto seguir avanzando en este proyecto de energ\u00edas limpias\u201d. \u201cTenemos que pensar en la transici\u00f3n energ\u00e9tica, las energ\u00edas limpias, el medio ambiente y la generaci\u00f3n de recursos\u201d<\/em>, agreg\u00f3.<\/p>\n<p>Agradeci\u00f3\u00a0<em>\u201ca la empresa, EPEN, gobierno de la provincia, gobernador y la secretar\u00eda de Energ\u00eda de la Naci\u00f3n, que abrieron los brazos, a pesar de que no somos compatibles pol\u00edticamente, que tenemos diferencias de miradas\u201d.<\/em>\u00a0Estim\u00f3 que en unos 40 d\u00edas se comenzar\u00e1\u00a0<em>\u201ca trabajar con las m\u00e1quinas para hacer este parque solar de 30 megas que realmente es el sue\u00f1o que tenemos\u201d.<\/em><\/p>\n<p><strong>Carmen Florencia Gonz\u00e1lez<\/strong>, presidenta de Kaizen Argentina SA que desarrollar\u00e1 la obra de ampliaci\u00f3n, agradeci\u00f3 al municipio y la provincia\u00a0<em>\u201cpor esta gran oportunidad que le est\u00e1n dando a Kaizen Energy\u201d.<\/em>\u00a0Dijo que la firma est\u00e1 comprometida para concretar\u00a0<em>\u201cinversiones en energ\u00edas renovables y apuesta tambi\u00e9n por la transici\u00f3n energ\u00e9tica, no solamente en Paraguay (de donde es originaria), sino tambi\u00e9n en toda la regi\u00f3n\u201d.<\/em><\/p>\n<p><em>\u201cEste es el primer proyecto de internacionalizaci\u00f3n de Kaizen, y estamos muy contentos de formar parte de la innovaci\u00f3n y el avance que va a quedar en la ciudad de Cutral Co\u201d<\/em>, finaliz\u00f3.<\/p>\n<p>Tambi\u00e9n participaron de las actividades los ministros de Gobierno, Mujeres y Derechos Humanos,\u00a0<strong>Jorge Tobares<\/strong>\u00a0y de Econom\u00eda, Producci\u00f3n e Industria,\u00a0<strong>Guillermo Koenig<\/strong>; el intendente de Plaza Huincul,\u00a0<strong>Claudio Larraza<\/strong>\u00a0y el presidente del EPEN,\u00a0<strong>Mario Moya<\/strong>, entre otros.<\/p>\n<div class=\"adserver-zonas-noticias\" data-index=\"15\"><\/div>\n<p><strong>Los convenios<\/strong><\/p>\n<p>El refuerzo del abastecimiento el\u00e9ctrico local, con una inversi\u00f3n aproximada de 7.630 millones de pesos m\u00e1s IVA, se ejecutar\u00e1 con financiamiento compartido: 50% a cargo del municipio y 50% de la provincia. Incluye la provisi\u00f3n, montaje, ensayos, puesta en servicio y recepci\u00f3n de un transformador de potencia de 30 MVA \u2013 132\/33\/13,2 kV, junto con obras complementarias en instalaciones del EPEN.<\/p>\n<p>La incorporaci\u00f3n de este transformador permitir\u00e1 evacuar la potencia generada por el parque solar y mejorar la expansi\u00f3n del sistema el\u00e9ctrico, fortaleciendo la capacidad de abastecimiento futuro para Cutral Co y Plaza Huincul. Esto favorecer\u00e1 el desarrollo industrial, residencial, petrolero y comercial, acompa\u00f1ando el crecimiento sostenido de la regi\u00f3n de la Comarca.<\/p>\n<p>Por otro lado, se firm\u00f3 el contrato de desarrollo de iniciativa privada, acuerdo p\u00fablico-privado de desarrollo, evaluaci\u00f3n, estructuraci\u00f3n y eventual adjudicaci\u00f3n condicionada para el desarrollo del parque solar Cutral Co, iniciativa que permitir\u00e1 avanzar en la ampliaci\u00f3n de la capacidad de generaci\u00f3n de energ\u00eda renovable en la ciudad. La ampliaci\u00f3n contar\u00e1 con una potencia de referencia de hasta 30 megavatios.<\/p>\n<p><img decoding=\"async\" class=\"alignnone wp-image-126515\" src=\"https:\/\/www.epen.gov.ar\/wp-content\/uploads\/2024\/01\/WEB-Banner-Superior-1280x244.png\" alt=\"\" width=\"655\" height=\"125\" srcset=\"https:\/\/www.epen.gov.ar\/wp-content\/uploads\/2024\/01\/WEB-Banner-Superior-200x38.png 200w, https:\/\/www.epen.gov.ar\/wp-content\/uploads\/2024\/01\/WEB-Banner-Superior-300x57.png 300w, https:\/\/www.epen.gov.ar\/wp-content\/uploads\/2024\/01\/WEB-Banner-Superior-400x76.png 400w, https:\/\/www.epen.gov.ar\/wp-content\/uploads\/2024\/01\/WEB-Banner-Superior-600x115.png 600w, https:\/\/www.epen.gov.ar\/wp-content\/uploads\/2024\/01\/WEB-Banner-Superior-768x147.png 768w, https:\/\/www.epen.gov.ar\/wp-content\/uploads\/2024\/01\/WEB-Banner-Superior-800x153.png 800w, https:\/\/www.epen.gov.ar\/wp-content\/uploads\/2024\/01\/WEB-Banner-Superior-1200x229.png 1200w, https:\/\/www.epen.gov.ar\/wp-content\/uploads\/2024\/01\/WEB-Banner-Superior-1280x244.png 1280w, https:\/\/www.epen.gov.ar\/wp-content\/uploads\/2024\/01\/WEB-Banner-Superior.png 1456w\" sizes=\"(max-width: 655px) 100vw, 655px\" \/><\/p>\n<\/div><div class=\"fusion-clearfix\"><\/div><\/div><\/div><\/div><\/div>\n","protected":false},"excerpt":{"rendered":"","protected":false},"author":1,"featured_media":194086,"comment_status":"closed","ping_status":"closed","sticky":false,"template":"","format":"standard","meta":{"_exactmetrics_skip_tracking":false,"_exactmetrics_sitenote_active":false,"_exactmetrics_sitenote_note":"","_exactmetrics_sitenote_category":0,"footnotes":""},"categories":[84],"tags":[172,723],"class_list":["post-194071","post","type-post","status-publish","format-standard","has-post-thumbnail","hentry","category-noticias","tag-cutral-co","tag-parque-solar"],"yoast_head":"<!-- This site is optimized with the Yoast SEO plugin v27.2 - https:\/\/yoast.com\/product\/yoast-seo-wordpress\/ -->\n<title>EPEN - Provincia y municipio fortalecen la infraestructura el\u00e9ctrica y el Parque Solar de Cutral Co<\/title>\n<meta name=\"description\" content=\"Provincia y municipio fortalecen la infraestructura el\u00e9ctrica y el Parque Solar de Cutral Co Noticias\" \/>\n<meta name=\"robots\" content=\"index, follow, max-snippet:-1, max-image-preview:large, max-video-preview:-1\" \/>\n<link rel=\"canonical\" href=\"https:\/\/www.epen.gov.ar\/index.php\/2026\/03\/17\/provincia-y-municipio-fortalecen-la-infraestructura-electrica-y-el-parque-solar-de-cutral-co\/\" \/>\n<meta property=\"og:locale\" content=\"es_ES\" \/>\n<meta property=\"og:type\" content=\"article\" \/>\n<meta property=\"og:title\" content=\"EPEN - Provincia y municipio fortalecen la infraestructura el\u00e9ctrica y el Parque Solar de Cutral Co\" \/>\n<meta property=\"og:description\" content=\"Provincia y municipio fortalecen la infraestructura el\u00e9ctrica y el Parque Solar de Cutral Co Noticias\" \/>\n<meta property=\"og:url\" content=\"https:\/\/www.epen.gov.ar\/index.php\/2026\/03\/17\/provincia-y-municipio-fortalecen-la-infraestructura-electrica-y-el-parque-solar-de-cutral-co\/\" \/>\n<meta property=\"og:site_name\" content=\"EPEN\" \/>\n<meta property=\"article:publisher\" content=\"https:\/\/www.facebook.com\/EPEN.Neuquen\" \/>\n<meta property=\"article:published_time\" content=\"2026-03-17T16:40:30+00:00\" \/>\n<meta property=\"article:modified_time\" content=\"2026-04-08T13:09:46+00:00\" \/>\n<meta property=\"og:image\" content=\"https:\/\/www.epen.gov.ar\/wp-content\/uploads\/2026\/03\/acuerdo-Cutral-Co-Epen-Provincia.jpeg\" \/>\n\t<meta property=\"og:image:width\" content=\"992\" \/>\n\t<meta property=\"og:image:height\" content=\"661\" \/>\n\t<meta property=\"og:image:type\" content=\"image\/jpeg\" \/>\n<meta name=\"author\" content=\"Prensa EPEN\" \/>\n<meta name=\"twitter:card\" content=\"summary_large_image\" \/>\n<meta name=\"twitter:creator\" content=\"@EPEN_Informa\" \/>\n<meta name=\"twitter:site\" content=\"@EPEN_Informa\" \/>\n<meta name=\"twitter:label1\" content=\"Escrito por\" \/>\n\t<meta name=\"twitter:data1\" content=\"Prensa EPEN\" \/>\n\t<meta name=\"twitter:label2\" content=\"Tiempo de lectura\" \/>\n\t<meta name=\"twitter:data2\" content=\"6 minutos\" \/>\n<script type=\"application\/ld+json\" class=\"yoast-schema-graph\">{\"@context\":\"https:\/\/schema.org\",\"@graph\":[{\"@type\":\"Article\",\"@id\":\"https:\/\/www.epen.gov.ar\/index.php\/2026\/03\/17\/provincia-y-municipio-fortalecen-la-infraestructura-electrica-y-el-parque-solar-de-cutral-co\/#article\",\"isPartOf\":{\"@id\":\"https:\/\/www.epen.gov.ar\/index.php\/2026\/03\/17\/provincia-y-municipio-fortalecen-la-infraestructura-electrica-y-el-parque-solar-de-cutral-co\/\"},\"author\":{\"name\":\"Prensa EPEN\",\"@id\":\"https:\/\/www.epen.gov.ar\/#\/schema\/person\/ce6cff87c2fc01264becc10fa105ad4f\"},\"headline\":\"Provincia y municipio fortalecen la infraestructura el\u00e9ctrica y el Parque Solar de Cutral Co\",\"datePublished\":\"2026-03-17T16:40:30+00:00\",\"dateModified\":\"2026-04-08T13:09:46+00:00\",\"mainEntityOfPage\":{\"@id\":\"https:\/\/www.epen.gov.ar\/index.php\/2026\/03\/17\/provincia-y-municipio-fortalecen-la-infraestructura-electrica-y-el-parque-solar-de-cutral-co\/\"},\"wordCount\":2232,\"publisher\":{\"@id\":\"https:\/\/www.epen.gov.ar\/#organization\"},\"image\":{\"@id\":\"https:\/\/www.epen.gov.ar\/index.php\/2026\/03\/17\/provincia-y-municipio-fortalecen-la-infraestructura-electrica-y-el-parque-solar-de-cutral-co\/#primaryimage\"},\"thumbnailUrl\":\"https:\/\/www.epen.gov.ar\/wp-content\/uploads\/2026\/03\/acuerdo-Cutral-Co-Epen-Provincia.jpeg\",\"keywords\":[\"Cutral Co\",\"Parque Solar\"],\"articleSection\":[\"Noticias\"],\"inLanguage\":\"es\"},{\"@type\":\"WebPage\",\"@id\":\"https:\/\/www.epen.gov.ar\/index.php\/2026\/03\/17\/provincia-y-municipio-fortalecen-la-infraestructura-electrica-y-el-parque-solar-de-cutral-co\/\",\"url\":\"https:\/\/www.epen.gov.ar\/index.php\/2026\/03\/17\/provincia-y-municipio-fortalecen-la-infraestructura-electrica-y-el-parque-solar-de-cutral-co\/\",\"name\":\"EPEN - Provincia y municipio fortalecen la infraestructura el\u00e9ctrica y el Parque Solar de Cutral Co\",\"isPartOf\":{\"@id\":\"https:\/\/www.epen.gov.ar\/#website\"},\"primaryImageOfPage\":{\"@id\":\"https:\/\/www.epen.gov.ar\/index.php\/2026\/03\/17\/provincia-y-municipio-fortalecen-la-infraestructura-electrica-y-el-parque-solar-de-cutral-co\/#primaryimage\"},\"image\":{\"@id\":\"https:\/\/www.epen.gov.ar\/index.php\/2026\/03\/17\/provincia-y-municipio-fortalecen-la-infraestructura-electrica-y-el-parque-solar-de-cutral-co\/#primaryimage\"},\"thumbnailUrl\":\"https:\/\/www.epen.gov.ar\/wp-content\/uploads\/2026\/03\/acuerdo-Cutral-Co-Epen-Provincia.jpeg\",\"datePublished\":\"2026-03-17T16:40:30+00:00\",\"dateModified\":\"2026-04-08T13:09:46+00:00\",\"description\":\"Provincia y municipio fortalecen la infraestructura el\u00e9ctrica y el Parque Solar de Cutral Co Noticias\",\"breadcrumb\":{\"@id\":\"https:\/\/www.epen.gov.ar\/index.php\/2026\/03\/17\/provincia-y-municipio-fortalecen-la-infraestructura-electrica-y-el-parque-solar-de-cutral-co\/#breadcrumb\"},\"inLanguage\":\"es\",\"potentialAction\":[{\"@type\":\"ReadAction\",\"target\":[\"https:\/\/www.epen.gov.ar\/index.php\/2026\/03\/17\/provincia-y-municipio-fortalecen-la-infraestructura-electrica-y-el-parque-solar-de-cutral-co\/\"]}]},{\"@type\":\"ImageObject\",\"inLanguage\":\"es\",\"@id\":\"https:\/\/www.epen.gov.ar\/index.php\/2026\/03\/17\/provincia-y-municipio-fortalecen-la-infraestructura-electrica-y-el-parque-solar-de-cutral-co\/#primaryimage\",\"url\":\"https:\/\/www.epen.gov.ar\/wp-content\/uploads\/2026\/03\/acuerdo-Cutral-Co-Epen-Provincia.jpeg\",\"contentUrl\":\"https:\/\/www.epen.gov.ar\/wp-content\/uploads\/2026\/03\/acuerdo-Cutral-Co-Epen-Provincia.jpeg\",\"width\":992,\"height\":661},{\"@type\":\"BreadcrumbList\",\"@id\":\"https:\/\/www.epen.gov.ar\/index.php\/2026\/03\/17\/provincia-y-municipio-fortalecen-la-infraestructura-electrica-y-el-parque-solar-de-cutral-co\/#breadcrumb\",\"itemListElement\":[{\"@type\":\"ListItem\",\"position\":1,\"name\":\"Inicio\",\"item\":\"https:\/\/www.epen.gov.ar\/\"},{\"@type\":\"ListItem\",\"position\":2,\"name\":\"Provincia y municipio fortalecen la infraestructura el\u00e9ctrica y el Parque Solar de Cutral Co\"}]},{\"@type\":\"WebSite\",\"@id\":\"https:\/\/www.epen.gov.ar\/#website\",\"url\":\"https:\/\/www.epen.gov.ar\/\",\"name\":\"EPEN\",\"description\":\"Ente Provincial de Energ\u00eda del Neuqu\u00e9n\",\"publisher\":{\"@id\":\"https:\/\/www.epen.gov.ar\/#organization\"},\"potentialAction\":[{\"@type\":\"SearchAction\",\"target\":{\"@type\":\"EntryPoint\",\"urlTemplate\":\"https:\/\/www.epen.gov.ar\/?s={search_term_string}\"},\"query-input\":{\"@type\":\"PropertyValueSpecification\",\"valueRequired\":true,\"valueName\":\"search_term_string\"}}],\"inLanguage\":\"es\"},{\"@type\":\"Organization\",\"@id\":\"https:\/\/www.epen.gov.ar\/#organization\",\"name\":\"Ente Provincial de Energ\u00eda del Neuqu\u00e9n\",\"url\":\"https:\/\/www.epen.gov.ar\/\",\"logo\":{\"@type\":\"ImageObject\",\"inLanguage\":\"es\",\"@id\":\"https:\/\/www.epen.gov.ar\/#\/schema\/logo\/image\/\",\"url\":\"https:\/\/www.epen.gov.ar\/wp-content\/uploads\/2024\/02\/Logo-EPEN-2.jpg\",\"contentUrl\":\"https:\/\/www.epen.gov.ar\/wp-content\/uploads\/2024\/02\/Logo-EPEN-2.jpg\",\"width\":696,\"height\":696,\"caption\":\"Ente Provincial de Energ\u00eda del Neuqu\u00e9n\"},\"image\":{\"@id\":\"https:\/\/www.epen.gov.ar\/#\/schema\/logo\/image\/\"},\"sameAs\":[\"https:\/\/www.facebook.com\/EPEN.Neuquen\",\"https:\/\/x.com\/EPEN_Informa\",\"https:\/\/www.youtube.com\/@epenprensa7384\"]},{\"@type\":\"Person\",\"@id\":\"https:\/\/www.epen.gov.ar\/#\/schema\/person\/ce6cff87c2fc01264becc10fa105ad4f\",\"name\":\"Prensa EPEN\",\"image\":{\"@type\":\"ImageObject\",\"inLanguage\":\"es\",\"@id\":\"https:\/\/secure.gravatar.com\/avatar\/f8120b8688012ccf2d7fbcf7a970cfbabf0ab63b09c2dbd72c194bee080070e9?s=96&d=mm&r=g\",\"url\":\"https:\/\/secure.gravatar.com\/avatar\/f8120b8688012ccf2d7fbcf7a970cfbabf0ab63b09c2dbd72c194bee080070e9?s=96&d=mm&r=g\",\"contentUrl\":\"https:\/\/secure.gravatar.com\/avatar\/f8120b8688012ccf2d7fbcf7a970cfbabf0ab63b09c2dbd72c194bee080070e9?s=96&d=mm&r=g\",\"caption\":\"Prensa EPEN\"},\"url\":\"https:\/\/www.epen.gov.ar\/index.php\/author\/admin\/\"}]}<\/script>\n<!-- \/ Yoast SEO plugin. -->","yoast_head_json":{"title":"EPEN - Provincia y municipio fortalecen la infraestructura el\u00e9ctrica y el Parque Solar de Cutral Co","description":"Provincia y municipio fortalecen la infraestructura el\u00e9ctrica y el Parque Solar de Cutral Co Noticias","robots":{"index":"index","follow":"follow","max-snippet":"max-snippet:-1","max-image-preview":"max-image-preview:large","max-video-preview":"max-video-preview:-1"},"canonical":"https:\/\/www.epen.gov.ar\/index.php\/2026\/03\/17\/provincia-y-municipio-fortalecen-la-infraestructura-electrica-y-el-parque-solar-de-cutral-co\/","og_locale":"es_ES","og_type":"article","og_title":"EPEN - Provincia y municipio fortalecen la infraestructura el\u00e9ctrica y el Parque Solar de Cutral Co","og_description":"Provincia y municipio fortalecen la infraestructura el\u00e9ctrica y el Parque Solar de Cutral Co Noticias","og_url":"https:\/\/www.epen.gov.ar\/index.php\/2026\/03\/17\/provincia-y-municipio-fortalecen-la-infraestructura-electrica-y-el-parque-solar-de-cutral-co\/","og_site_name":"EPEN","article_publisher":"https:\/\/www.facebook.com\/EPEN.Neuquen","article_published_time":"2026-03-17T16:40:30+00:00","article_modified_time":"2026-04-08T13:09:46+00:00","og_image":[{"width":992,"height":661,"url":"https:\/\/www.epen.gov.ar\/wp-content\/uploads\/2026\/03\/acuerdo-Cutral-Co-Epen-Provincia.jpeg","type":"image\/jpeg"}],"author":"Prensa EPEN","twitter_card":"summary_large_image","twitter_creator":"@EPEN_Informa","twitter_site":"@EPEN_Informa","twitter_misc":{"Escrito por":"Prensa EPEN","Tiempo de lectura":"6 minutos"},"schema":{"@context":"https:\/\/schema.org","@graph":[{"@type":"Article","@id":"https:\/\/www.epen.gov.ar\/index.php\/2026\/03\/17\/provincia-y-municipio-fortalecen-la-infraestructura-electrica-y-el-parque-solar-de-cutral-co\/#article","isPartOf":{"@id":"https:\/\/www.epen.gov.ar\/index.php\/2026\/03\/17\/provincia-y-municipio-fortalecen-la-infraestructura-electrica-y-el-parque-solar-de-cutral-co\/"},"author":{"name":"Prensa EPEN","@id":"https:\/\/www.epen.gov.ar\/#\/schema\/person\/ce6cff87c2fc01264becc10fa105ad4f"},"headline":"Provincia y municipio fortalecen la infraestructura el\u00e9ctrica y el Parque Solar de Cutral Co","datePublished":"2026-03-17T16:40:30+00:00","dateModified":"2026-04-08T13:09:46+00:00","mainEntityOfPage":{"@id":"https:\/\/www.epen.gov.ar\/index.php\/2026\/03\/17\/provincia-y-municipio-fortalecen-la-infraestructura-electrica-y-el-parque-solar-de-cutral-co\/"},"wordCount":2232,"publisher":{"@id":"https:\/\/www.epen.gov.ar\/#organization"},"image":{"@id":"https:\/\/www.epen.gov.ar\/index.php\/2026\/03\/17\/provincia-y-municipio-fortalecen-la-infraestructura-electrica-y-el-parque-solar-de-cutral-co\/#primaryimage"},"thumbnailUrl":"https:\/\/www.epen.gov.ar\/wp-content\/uploads\/2026\/03\/acuerdo-Cutral-Co-Epen-Provincia.jpeg","keywords":["Cutral Co","Parque Solar"],"articleSection":["Noticias"],"inLanguage":"es"},{"@type":"WebPage","@id":"https:\/\/www.epen.gov.ar\/index.php\/2026\/03\/17\/provincia-y-municipio-fortalecen-la-infraestructura-electrica-y-el-parque-solar-de-cutral-co\/","url":"https:\/\/www.epen.gov.ar\/index.php\/2026\/03\/17\/provincia-y-municipio-fortalecen-la-infraestructura-electrica-y-el-parque-solar-de-cutral-co\/","name":"EPEN - Provincia y municipio fortalecen la infraestructura el\u00e9ctrica y el Parque Solar de Cutral Co","isPartOf":{"@id":"https:\/\/www.epen.gov.ar\/#website"},"primaryImageOfPage":{"@id":"https:\/\/www.epen.gov.ar\/index.php\/2026\/03\/17\/provincia-y-municipio-fortalecen-la-infraestructura-electrica-y-el-parque-solar-de-cutral-co\/#primaryimage"},"image":{"@id":"https:\/\/www.epen.gov.ar\/index.php\/2026\/03\/17\/provincia-y-municipio-fortalecen-la-infraestructura-electrica-y-el-parque-solar-de-cutral-co\/#primaryimage"},"thumbnailUrl":"https:\/\/www.epen.gov.ar\/wp-content\/uploads\/2026\/03\/acuerdo-Cutral-Co-Epen-Provincia.jpeg","datePublished":"2026-03-17T16:40:30+00:00","dateModified":"2026-04-08T13:09:46+00:00","description":"Provincia y municipio fortalecen la infraestructura el\u00e9ctrica y el Parque Solar de Cutral Co Noticias","breadcrumb":{"@id":"https:\/\/www.epen.gov.ar\/index.php\/2026\/03\/17\/provincia-y-municipio-fortalecen-la-infraestructura-electrica-y-el-parque-solar-de-cutral-co\/#breadcrumb"},"inLanguage":"es","potentialAction":[{"@type":"ReadAction","target":["https:\/\/www.epen.gov.ar\/index.php\/2026\/03\/17\/provincia-y-municipio-fortalecen-la-infraestructura-electrica-y-el-parque-solar-de-cutral-co\/"]}]},{"@type":"ImageObject","inLanguage":"es","@id":"https:\/\/www.epen.gov.ar\/index.php\/2026\/03\/17\/provincia-y-municipio-fortalecen-la-infraestructura-electrica-y-el-parque-solar-de-cutral-co\/#primaryimage","url":"https:\/\/www.epen.gov.ar\/wp-content\/uploads\/2026\/03\/acuerdo-Cutral-Co-Epen-Provincia.jpeg","contentUrl":"https:\/\/www.epen.gov.ar\/wp-content\/uploads\/2026\/03\/acuerdo-Cutral-Co-Epen-Provincia.jpeg","width":992,"height":661},{"@type":"BreadcrumbList","@id":"https:\/\/www.epen.gov.ar\/index.php\/2026\/03\/17\/provincia-y-municipio-fortalecen-la-infraestructura-electrica-y-el-parque-solar-de-cutral-co\/#breadcrumb","itemListElement":[{"@type":"ListItem","position":1,"name":"Inicio","item":"https:\/\/www.epen.gov.ar\/"},{"@type":"ListItem","position":2,"name":"Provincia y municipio fortalecen la infraestructura el\u00e9ctrica y el Parque Solar de Cutral Co"}]},{"@type":"WebSite","@id":"https:\/\/www.epen.gov.ar\/#website","url":"https:\/\/www.epen.gov.ar\/","name":"EPEN","description":"Ente Provincial de Energ\u00eda del Neuqu\u00e9n","publisher":{"@id":"https:\/\/www.epen.gov.ar\/#organization"},"potentialAction":[{"@type":"SearchAction","target":{"@type":"EntryPoint","urlTemplate":"https:\/\/www.epen.gov.ar\/?s={search_term_string}"},"query-input":{"@type":"PropertyValueSpecification","valueRequired":true,"valueName":"search_term_string"}}],"inLanguage":"es"},{"@type":"Organization","@id":"https:\/\/www.epen.gov.ar\/#organization","name":"Ente Provincial de Energ\u00eda del Neuqu\u00e9n","url":"https:\/\/www.epen.gov.ar\/","logo":{"@type":"ImageObject","inLanguage":"es","@id":"https:\/\/www.epen.gov.ar\/#\/schema\/logo\/image\/","url":"https:\/\/www.epen.gov.ar\/wp-content\/uploads\/2024\/02\/Logo-EPEN-2.jpg","contentUrl":"https:\/\/www.epen.gov.ar\/wp-content\/uploads\/2024\/02\/Logo-EPEN-2.jpg","width":696,"height":696,"caption":"Ente Provincial de Energ\u00eda del Neuqu\u00e9n"},"image":{"@id":"https:\/\/www.epen.gov.ar\/#\/schema\/logo\/image\/"},"sameAs":["https:\/\/www.facebook.com\/EPEN.Neuquen","https:\/\/x.com\/EPEN_Informa","https:\/\/www.youtube.com\/@epenprensa7384"]},{"@type":"Person","@id":"https:\/\/www.epen.gov.ar\/#\/schema\/person\/ce6cff87c2fc01264becc10fa105ad4f","name":"Prensa EPEN","image":{"@type":"ImageObject","inLanguage":"es","@id":"https:\/\/secure.gravatar.com\/avatar\/f8120b8688012ccf2d7fbcf7a970cfbabf0ab63b09c2dbd72c194bee080070e9?s=96&d=mm&r=g","url":"https:\/\/secure.gravatar.com\/avatar\/f8120b8688012ccf2d7fbcf7a970cfbabf0ab63b09c2dbd72c194bee080070e9?s=96&d=mm&r=g","contentUrl":"https:\/\/secure.gravatar.com\/avatar\/f8120b8688012ccf2d7fbcf7a970cfbabf0ab63b09c2dbd72c194bee080070e9?s=96&d=mm&r=g","caption":"Prensa EPEN"},"url":"https:\/\/www.epen.gov.ar\/index.php\/author\/admin\/"}]}},"_links":{"self":[{"href":"https:\/\/www.epen.gov.ar\/index.php\/wp-json\/wp\/v2\/posts\/194071","targetHints":{"allow":["GET"]}}],"collection":[{"href":"https:\/\/www.epen.gov.ar\/index.php\/wp-json\/wp\/v2\/posts"}],"about":[{"href":"https:\/\/www.epen.gov.ar\/index.php\/wp-json\/wp\/v2\/types\/post"}],"author":[{"embeddable":true,"href":"https:\/\/www.epen.gov.ar\/index.php\/wp-json\/wp\/v2\/users\/1"}],"replies":[{"embeddable":true,"href":"https:\/\/www.epen.gov.ar\/index.php\/wp-json\/wp\/v2\/comments?post=194071"}],"version-history":[{"count":3,"href":"https:\/\/www.epen.gov.ar\/index.php\/wp-json\/wp\/v2\/posts\/194071\/revisions"}],"predecessor-version":[{"id":195688,"href":"https:\/\/www.epen.gov.ar\/index.php\/wp-json\/wp\/v2\/posts\/194071\/revisions\/195688"}],"wp:featuredmedia":[{"embeddable":true,"href":"https:\/\/www.epen.gov.ar\/index.php\/wp-json\/wp\/v2\/media\/194086"}],"wp:attachment":[{"href":"https:\/\/www.epen.gov.ar\/index.php\/wp-json\/wp\/v2\/media?parent=194071"}],"wp:term":[{"taxonomy":"category","embeddable":true,"href":"https:\/\/www.epen.gov.ar\/index.php\/wp-json\/wp\/v2\/categories?post=194071"},{"taxonomy":"post_tag","embeddable":true,"href":"https:\/\/www.epen.gov.ar\/index.php\/wp-json\/wp\/v2\/tags?post=194071"}],"curies":[{"name":"wp","href":"https:\/\/api.w.org\/{rel}","templated":true}]}}