{"id":193848,"date":"2026-03-12T12:19:57","date_gmt":"2026-03-12T15:19:57","guid":{"rendered":"https:\/\/www.epen.gov.ar\/?p=193848"},"modified":"2026-04-08T10:10:51","modified_gmt":"2026-04-08T13:10:51","slug":"comenzo-el-recambio-a-tecnologia-led-en-san-patricio-del-chanar","status":"publish","type":"post","link":"https:\/\/www.epen.gov.ar\/index.php\/2026\/03\/12\/comenzo-el-recambio-a-tecnologia-led-en-san-patricio-del-chanar\/","title":{"rendered":"Comenz\u00f3 el recambio a tecnolog\u00eda LED en San Patricio del Cha\u00f1ar"},"content":{"rendered":"<div class=\"fusion-fullwidth fullwidth-box fusion-builder-row-1 has-pattern-background has-mask-background nonhundred-percent-fullwidth non-hundred-percent-height-scrolling\" style=\"--awb-border-radius-top-left:0px;--awb-border-radius-top-right:0px;--awb-border-radius-bottom-right:0px;--awb-border-radius-bottom-left:0px;--awb-padding-left:0px;--awb-background-color:white;--awb-flex-wrap:wrap;\" ><div class=\"fusion-builder-row fusion-row\"><div class=\"fusion-layout-column fusion_builder_column fusion-builder-column-0 fusion_builder_column_1_1 1_1 fusion-one-full fusion-column-first fusion-column-last\" style=\"--awb-bg-blend:overlay;--awb-bg-size:cover;--awb-margin-bottom:0px;\" data-scroll-devices=\"small-visibility,medium-visibility,large-visibility\"><div class=\"fusion-column-wrapper fusion-column-has-shadow fusion-flex-column-wrapper-legacy\"><div class=\"fusion-text fusion-text-1\" style=\"--awb-font-size:16px;--awb-text-font-family:&quot;Manrope&quot;;--awb-text-font-style:normal;--awb-text-font-weight:400;\"><p><em><strong>Con estas tareas, se busca que el cien por ciento del parque lum\u00ednico de la localidad cuente con esta tecnolog\u00eda, que es m\u00e1s eficiente y de menor consumo el\u00e9ctrico.<\/strong><\/em><\/p>\n<p><img decoding=\"async\" class=\"imgdatasrc object-cover h-full w-full object-center imgdatasrcloaded\" src=\"https:\/\/cdn3.neuqueninforma.com.ar\/s3i233\/2024\/10\/neuqueninforma\/images\/01\/16\/03\/1160323_aaad472ba3610120a4fe5afa4d0ade86bc80ecf162f29b1afc2c38244c970619\/min.webp\" alt=\"\" width=\"23\" height=\"23\" \/>Por Secretar\u00eda de Prensa y Comunicaci\u00f3n<\/p>\n<div class=\"noticia-image img-container relative w-full h-[18rem] sm:h-[22rem] md:h-[20rem] lg:h-[24rem] xl:h-[34rem] my-2\"><img decoding=\"async\" class=\"imgdatasrc object-cover h-full w-full object-center imgdatasrcloaded\" src=\"https:\/\/cdn3.neuqueninforma.com.ar\/s3i233\/2026\/03\/neuqueninforma\/images\/02\/50\/73\/2507326_1a0690afa4d397639aa9e7accf1ef28f191c62d342811d1a0d3d0528ec35cd2d\/md.webp\" sizes=\" (max-width: 200px) 200px, (max-width: 640px) 640px, (max-width: 768px) 768px, 1200px \" srcset=\" https:\/\/cdn3.neuqueninforma.com.ar\/s3i233\/2026\/03\/neuqueninforma\/images\/02\/50\/73\/2507326_1a0690afa4d397639aa9e7accf1ef28f191c62d342811d1a0d3d0528ec35cd2d\/min.webp 200w, https:\/\/cdn3.neuqueninforma.com.ar\/s3i233\/2026\/03\/neuqueninforma\/images\/02\/50\/73\/2507326_1a0690afa4d397639aa9e7accf1ef28f191c62d342811d1a0d3d0528ec35cd2d\/xs.webp 640w , https:\/\/cdn3.neuqueninforma.com.ar\/s3i233\/2026\/03\/neuqueninforma\/images\/02\/50\/73\/2507326_1a0690afa4d397639aa9e7accf1ef28f191c62d342811d1a0d3d0528ec35cd2d\/sm.webp 768w, https:\/\/cdn3.neuqueninforma.com.ar\/s3i233\/2026\/03\/neuqueninforma\/images\/02\/50\/73\/2507326_1a0690afa4d397639aa9e7accf1ef28f191c62d342811d1a0d3d0528ec35cd2d\/md.webp 1200w \" alt=\"\" data-crop=\"\"\"\" \/><\/div>\n<div class=\"noticia-contenido contenido text-lg md:text-lg text-noticia-index-contenido font-noticia-index-contenido text-base \">\n<p>Como parte del Plan Provincial de Alumbrado P\u00fablico Eficiente, comenzaron este mi\u00e9rcoles en San Patricio del Cha\u00f1ar los trabajos de reconversi\u00f3n del sistema de iluminaci\u00f3n p\u00fablica a tecnolog\u00eda LED.<\/p>\n<p>Las tareas se iniciaron en Barrio Jard\u00edn, sobre calle Los Cha\u00f1ares, en el tramo comprendido entre Los Cha\u00f1ares y 2 de Abril, donde las cuadrillas trabajan en el reemplazo de luminarias existentes por equipos LED de mayor eficiencia y mejor calidad lum\u00ednica.<\/p>\n<p>Actualmente, la localidad cuenta con 1.700 luminarias para el alumbrado p\u00fablico, de las cuales 367 ya fueron reconvertidas a tecnolog\u00eda LED. A partir de este plan, se prev\u00e9 avanzar con el recambio de m\u00e1s de 1.300 luminarias, con el objetivo de alcanzar el 100% con esta tecnolog\u00eda.<\/p>\n<p>El Plan Provincial de Alumbrado Eficiente impulsa la modernizaci\u00f3n del sistema de iluminaci\u00f3n en distintas localidades de la provincia, promoviendo mayor eficiencia energ\u00e9tica, reducci\u00f3n del consumo el\u00e9ctrico, menor costo de mantenimiento y mejoras en la seguridad y visibilidad del espacio p\u00fablico.<\/p>\n<p>Estas acciones forman parte de la estrategia de modernizaci\u00f3n de la infraestructura energ\u00e9tica provincial, acompa\u00f1ando en este caso el crecimiento de las localidades vinculadas al desarrollo de Vaca Muerta y mejorando la calidad de vida de sus habitantes.<\/p>\n<div class=\"fusion-slider-sc fusion-flexslider-loading flexslider flexslider-hover-type-none\" data-slideshow_autoplay=\"1\" data-slideshow_smooth_height=\"1\" data-slideshow_speed=\"7000\" style=\"max-width:100%;height:100%;\"><ul class=\"slides\"><li class=\"image\"><span class=\"fusion-image-hover-element hover-type-none\"><img decoding=\"async\" src=\"https:\/\/www.epen.gov.ar\/wp-content\/uploads\/2026\/03\/SPCH-LED-2.webp\" width=\"992\" height=\"661\" class=\"wp-image-193861\" srcset=\"https:\/\/www.epen.gov.ar\/wp-content\/uploads\/2026\/03\/SPCH-LED-2-200x133.webp 200w, https:\/\/www.epen.gov.ar\/wp-content\/uploads\/2026\/03\/SPCH-LED-2-400x267.webp 400w, https:\/\/www.epen.gov.ar\/wp-content\/uploads\/2026\/03\/SPCH-LED-2-600x400.webp 600w, https:\/\/www.epen.gov.ar\/wp-content\/uploads\/2026\/03\/SPCH-LED-2-800x533.webp 800w, https:\/\/www.epen.gov.ar\/wp-content\/uploads\/2026\/03\/SPCH-LED-2.webp 992w\" sizes=\"(max-width: 700px) 100vw, 992px\" \/><\/span><\/li><li class=\"image\"><span class=\"fusion-image-hover-element hover-type-none\"><img decoding=\"async\" src=\"https:\/\/www.epen.gov.ar\/wp-content\/uploads\/2026\/03\/SPCH-LED-1.webp\" width=\"992\" height=\"744\" class=\"wp-image-193862\" srcset=\"https:\/\/www.epen.gov.ar\/wp-content\/uploads\/2026\/03\/SPCH-LED-1-200x150.webp 200w, https:\/\/www.epen.gov.ar\/wp-content\/uploads\/2026\/03\/SPCH-LED-1-400x300.webp 400w, https:\/\/www.epen.gov.ar\/wp-content\/uploads\/2026\/03\/SPCH-LED-1-600x450.webp 600w, https:\/\/www.epen.gov.ar\/wp-content\/uploads\/2026\/03\/SPCH-LED-1-800x600.webp 800w, https:\/\/www.epen.gov.ar\/wp-content\/uploads\/2026\/03\/SPCH-LED-1.webp 992w\" sizes=\"(max-width: 700px) 100vw, 992px\" \/><\/span><\/li><\/ul><\/div><\/div>\n<p><img decoding=\"async\" class=\"alignnone wp-image-126515\" src=\"https:\/\/www.epen.gov.ar\/wp-content\/uploads\/2024\/01\/WEB-Banner-Superior-1280x244.png\" alt=\"\" width=\"655\" height=\"125\" srcset=\"https:\/\/www.epen.gov.ar\/wp-content\/uploads\/2024\/01\/WEB-Banner-Superior-200x38.png 200w, https:\/\/www.epen.gov.ar\/wp-content\/uploads\/2024\/01\/WEB-Banner-Superior-300x57.png 300w, https:\/\/www.epen.gov.ar\/wp-content\/uploads\/2024\/01\/WEB-Banner-Superior-400x76.png 400w, https:\/\/www.epen.gov.ar\/wp-content\/uploads\/2024\/01\/WEB-Banner-Superior-600x115.png 600w, https:\/\/www.epen.gov.ar\/wp-content\/uploads\/2024\/01\/WEB-Banner-Superior-768x147.png 768w, https:\/\/www.epen.gov.ar\/wp-content\/uploads\/2024\/01\/WEB-Banner-Superior-800x153.png 800w, https:\/\/www.epen.gov.ar\/wp-content\/uploads\/2024\/01\/WEB-Banner-Superior-1200x229.png 1200w, https:\/\/www.epen.gov.ar\/wp-content\/uploads\/2024\/01\/WEB-Banner-Superior-1280x244.png 1280w, https:\/\/www.epen.gov.ar\/wp-content\/uploads\/2024\/01\/WEB-Banner-Superior.png 1456w\" sizes=\"(max-width: 655px) 100vw, 655px\" \/><\/p>\n<\/div><div class=\"fusion-clearfix\"><\/div><\/div><\/div><\/div><\/div>\n","protected":false},"excerpt":{"rendered":"","protected":false},"author":1,"featured_media":193863,"comment_status":"closed","ping_status":"closed","sticky":false,"template":"","format":"standard","meta":{"_exactmetrics_skip_tracking":false,"_exactmetrics_sitenote_active":false,"_exactmetrics_sitenote_note":"","_exactmetrics_sitenote_category":0,"footnotes":""},"categories":[84],"tags":[],"class_list":["post-193848","post","type-post","status-publish","format-standard","has-post-thumbnail","hentry","category-noticias"],"yoast_head":"<!-- This site is optimized with the Yoast SEO plugin v27.2 - https:\/\/yoast.com\/product\/yoast-seo-wordpress\/ -->\n<title>EPEN - Comenz\u00f3 el recambio a tecnolog\u00eda LED en San Patricio del Cha\u00f1ar<\/title>\n<meta name=\"description\" content=\"Comenz\u00f3 el recambio a tecnolog\u00eda LED en San Patricio del Cha\u00f1ar Noticias\" \/>\n<meta name=\"robots\" content=\"index, follow, max-snippet:-1, max-image-preview:large, max-video-preview:-1\" \/>\n<link rel=\"canonical\" href=\"https:\/\/www.epen.gov.ar\/index.php\/2026\/03\/12\/comenzo-el-recambio-a-tecnologia-led-en-san-patricio-del-chanar\/\" \/>\n<meta property=\"og:locale\" content=\"es_ES\" \/>\n<meta property=\"og:type\" content=\"article\" \/>\n<meta property=\"og:title\" content=\"EPEN - Comenz\u00f3 el recambio a tecnolog\u00eda LED en San Patricio del Cha\u00f1ar\" \/>\n<meta property=\"og:description\" content=\"Comenz\u00f3 el recambio a tecnolog\u00eda LED en San Patricio del Cha\u00f1ar Noticias\" \/>\n<meta property=\"og:url\" content=\"https:\/\/www.epen.gov.ar\/index.php\/2026\/03\/12\/comenzo-el-recambio-a-tecnologia-led-en-san-patricio-del-chanar\/\" \/>\n<meta property=\"og:site_name\" content=\"EPEN\" \/>\n<meta property=\"article:publisher\" content=\"https:\/\/www.facebook.com\/EPEN.Neuquen\" \/>\n<meta property=\"article:published_time\" content=\"2026-03-12T15:19:57+00:00\" \/>\n<meta property=\"article:modified_time\" content=\"2026-04-08T13:10:51+00:00\" \/>\n<meta property=\"og:image\" content=\"https:\/\/www.epen.gov.ar\/wp-content\/uploads\/2026\/03\/SPCH-LED-3.webp\" \/>\n\t<meta property=\"og:image:width\" content=\"992\" \/>\n\t<meta property=\"og:image:height\" content=\"661\" \/>\n\t<meta property=\"og:image:type\" content=\"image\/webp\" \/>\n<meta name=\"author\" content=\"Prensa EPEN\" \/>\n<meta name=\"twitter:card\" content=\"summary_large_image\" \/>\n<meta name=\"twitter:creator\" content=\"@EPEN_Informa\" \/>\n<meta name=\"twitter:site\" content=\"@EPEN_Informa\" \/>\n<meta name=\"twitter:label1\" content=\"Escrito por\" \/>\n\t<meta name=\"twitter:data1\" content=\"Prensa EPEN\" \/>\n\t<meta name=\"twitter:label2\" content=\"Tiempo de lectura\" \/>\n\t<meta name=\"twitter:data2\" content=\"3 minutos\" \/>\n<script type=\"application\/ld+json\" class=\"yoast-schema-graph\">{\"@context\":\"https:\/\/schema.org\",\"@graph\":[{\"@type\":\"Article\",\"@id\":\"https:\/\/www.epen.gov.ar\/index.php\/2026\/03\/12\/comenzo-el-recambio-a-tecnologia-led-en-san-patricio-del-chanar\/#article\",\"isPartOf\":{\"@id\":\"https:\/\/www.epen.gov.ar\/index.php\/2026\/03\/12\/comenzo-el-recambio-a-tecnologia-led-en-san-patricio-del-chanar\/\"},\"author\":{\"name\":\"Prensa EPEN\",\"@id\":\"https:\/\/www.epen.gov.ar\/#\/schema\/person\/ce6cff87c2fc01264becc10fa105ad4f\"},\"headline\":\"Comenz\u00f3 el recambio a tecnolog\u00eda LED en San Patricio del Cha\u00f1ar\",\"datePublished\":\"2026-03-12T15:19:57+00:00\",\"dateModified\":\"2026-04-08T13:10:51+00:00\",\"mainEntityOfPage\":{\"@id\":\"https:\/\/www.epen.gov.ar\/index.php\/2026\/03\/12\/comenzo-el-recambio-a-tecnologia-led-en-san-patricio-del-chanar\/\"},\"wordCount\":1516,\"publisher\":{\"@id\":\"https:\/\/www.epen.gov.ar\/#organization\"},\"image\":{\"@id\":\"https:\/\/www.epen.gov.ar\/index.php\/2026\/03\/12\/comenzo-el-recambio-a-tecnologia-led-en-san-patricio-del-chanar\/#primaryimage\"},\"thumbnailUrl\":\"https:\/\/www.epen.gov.ar\/wp-content\/uploads\/2026\/03\/SPCH-LED-3.webp\",\"articleSection\":[\"Noticias\"],\"inLanguage\":\"es\"},{\"@type\":\"WebPage\",\"@id\":\"https:\/\/www.epen.gov.ar\/index.php\/2026\/03\/12\/comenzo-el-recambio-a-tecnologia-led-en-san-patricio-del-chanar\/\",\"url\":\"https:\/\/www.epen.gov.ar\/index.php\/2026\/03\/12\/comenzo-el-recambio-a-tecnologia-led-en-san-patricio-del-chanar\/\",\"name\":\"EPEN - Comenz\u00f3 el recambio a tecnolog\u00eda LED en San Patricio del Cha\u00f1ar\",\"isPartOf\":{\"@id\":\"https:\/\/www.epen.gov.ar\/#website\"},\"primaryImageOfPage\":{\"@id\":\"https:\/\/www.epen.gov.ar\/index.php\/2026\/03\/12\/comenzo-el-recambio-a-tecnologia-led-en-san-patricio-del-chanar\/#primaryimage\"},\"image\":{\"@id\":\"https:\/\/www.epen.gov.ar\/index.php\/2026\/03\/12\/comenzo-el-recambio-a-tecnologia-led-en-san-patricio-del-chanar\/#primaryimage\"},\"thumbnailUrl\":\"https:\/\/www.epen.gov.ar\/wp-content\/uploads\/2026\/03\/SPCH-LED-3.webp\",\"datePublished\":\"2026-03-12T15:19:57+00:00\",\"dateModified\":\"2026-04-08T13:10:51+00:00\",\"description\":\"Comenz\u00f3 el recambio a tecnolog\u00eda LED en San Patricio del Cha\u00f1ar Noticias\",\"breadcrumb\":{\"@id\":\"https:\/\/www.epen.gov.ar\/index.php\/2026\/03\/12\/comenzo-el-recambio-a-tecnologia-led-en-san-patricio-del-chanar\/#breadcrumb\"},\"inLanguage\":\"es\",\"potentialAction\":[{\"@type\":\"ReadAction\",\"target\":[\"https:\/\/www.epen.gov.ar\/index.php\/2026\/03\/12\/comenzo-el-recambio-a-tecnologia-led-en-san-patricio-del-chanar\/\"]}]},{\"@type\":\"ImageObject\",\"inLanguage\":\"es\",\"@id\":\"https:\/\/www.epen.gov.ar\/index.php\/2026\/03\/12\/comenzo-el-recambio-a-tecnologia-led-en-san-patricio-del-chanar\/#primaryimage\",\"url\":\"https:\/\/www.epen.gov.ar\/wp-content\/uploads\/2026\/03\/SPCH-LED-3.webp\",\"contentUrl\":\"https:\/\/www.epen.gov.ar\/wp-content\/uploads\/2026\/03\/SPCH-LED-3.webp\",\"width\":992,\"height\":661},{\"@type\":\"BreadcrumbList\",\"@id\":\"https:\/\/www.epen.gov.ar\/index.php\/2026\/03\/12\/comenzo-el-recambio-a-tecnologia-led-en-san-patricio-del-chanar\/#breadcrumb\",\"itemListElement\":[{\"@type\":\"ListItem\",\"position\":1,\"name\":\"Inicio\",\"item\":\"https:\/\/www.epen.gov.ar\/\"},{\"@type\":\"ListItem\",\"position\":2,\"name\":\"Comenz\u00f3 el recambio a tecnolog\u00eda LED en San Patricio del Cha\u00f1ar\"}]},{\"@type\":\"WebSite\",\"@id\":\"https:\/\/www.epen.gov.ar\/#website\",\"url\":\"https:\/\/www.epen.gov.ar\/\",\"name\":\"EPEN\",\"description\":\"Ente Provincial de Energ\u00eda del Neuqu\u00e9n\",\"publisher\":{\"@id\":\"https:\/\/www.epen.gov.ar\/#organization\"},\"potentialAction\":[{\"@type\":\"SearchAction\",\"target\":{\"@type\":\"EntryPoint\",\"urlTemplate\":\"https:\/\/www.epen.gov.ar\/?s={search_term_string}\"},\"query-input\":{\"@type\":\"PropertyValueSpecification\",\"valueRequired\":true,\"valueName\":\"search_term_string\"}}],\"inLanguage\":\"es\"},{\"@type\":\"Organization\",\"@id\":\"https:\/\/www.epen.gov.ar\/#organization\",\"name\":\"Ente Provincial de Energ\u00eda del Neuqu\u00e9n\",\"url\":\"https:\/\/www.epen.gov.ar\/\",\"logo\":{\"@type\":\"ImageObject\",\"inLanguage\":\"es\",\"@id\":\"https:\/\/www.epen.gov.ar\/#\/schema\/logo\/image\/\",\"url\":\"https:\/\/www.epen.gov.ar\/wp-content\/uploads\/2024\/02\/Logo-EPEN-2.jpg\",\"contentUrl\":\"https:\/\/www.epen.gov.ar\/wp-content\/uploads\/2024\/02\/Logo-EPEN-2.jpg\",\"width\":696,\"height\":696,\"caption\":\"Ente Provincial de Energ\u00eda del Neuqu\u00e9n\"},\"image\":{\"@id\":\"https:\/\/www.epen.gov.ar\/#\/schema\/logo\/image\/\"},\"sameAs\":[\"https:\/\/www.facebook.com\/EPEN.Neuquen\",\"https:\/\/x.com\/EPEN_Informa\",\"https:\/\/www.youtube.com\/@epenprensa7384\"]},{\"@type\":\"Person\",\"@id\":\"https:\/\/www.epen.gov.ar\/#\/schema\/person\/ce6cff87c2fc01264becc10fa105ad4f\",\"name\":\"Prensa EPEN\",\"image\":{\"@type\":\"ImageObject\",\"inLanguage\":\"es\",\"@id\":\"https:\/\/secure.gravatar.com\/avatar\/f8120b8688012ccf2d7fbcf7a970cfbabf0ab63b09c2dbd72c194bee080070e9?s=96&d=mm&r=g\",\"url\":\"https:\/\/secure.gravatar.com\/avatar\/f8120b8688012ccf2d7fbcf7a970cfbabf0ab63b09c2dbd72c194bee080070e9?s=96&d=mm&r=g\",\"contentUrl\":\"https:\/\/secure.gravatar.com\/avatar\/f8120b8688012ccf2d7fbcf7a970cfbabf0ab63b09c2dbd72c194bee080070e9?s=96&d=mm&r=g\",\"caption\":\"Prensa EPEN\"},\"url\":\"https:\/\/www.epen.gov.ar\/index.php\/author\/admin\/\"}]}<\/script>\n<!-- \/ Yoast SEO plugin. -->","yoast_head_json":{"title":"EPEN - Comenz\u00f3 el recambio a tecnolog\u00eda LED en San Patricio del Cha\u00f1ar","description":"Comenz\u00f3 el recambio a tecnolog\u00eda LED en San Patricio del Cha\u00f1ar Noticias","robots":{"index":"index","follow":"follow","max-snippet":"max-snippet:-1","max-image-preview":"max-image-preview:large","max-video-preview":"max-video-preview:-1"},"canonical":"https:\/\/www.epen.gov.ar\/index.php\/2026\/03\/12\/comenzo-el-recambio-a-tecnologia-led-en-san-patricio-del-chanar\/","og_locale":"es_ES","og_type":"article","og_title":"EPEN - Comenz\u00f3 el recambio a tecnolog\u00eda LED en San Patricio del Cha\u00f1ar","og_description":"Comenz\u00f3 el recambio a tecnolog\u00eda LED en San Patricio del Cha\u00f1ar Noticias","og_url":"https:\/\/www.epen.gov.ar\/index.php\/2026\/03\/12\/comenzo-el-recambio-a-tecnologia-led-en-san-patricio-del-chanar\/","og_site_name":"EPEN","article_publisher":"https:\/\/www.facebook.com\/EPEN.Neuquen","article_published_time":"2026-03-12T15:19:57+00:00","article_modified_time":"2026-04-08T13:10:51+00:00","og_image":[{"width":992,"height":661,"url":"https:\/\/www.epen.gov.ar\/wp-content\/uploads\/2026\/03\/SPCH-LED-3.webp","type":"image\/webp"}],"author":"Prensa EPEN","twitter_card":"summary_large_image","twitter_creator":"@EPEN_Informa","twitter_site":"@EPEN_Informa","twitter_misc":{"Escrito por":"Prensa EPEN","Tiempo de lectura":"3 minutos"},"schema":{"@context":"https:\/\/schema.org","@graph":[{"@type":"Article","@id":"https:\/\/www.epen.gov.ar\/index.php\/2026\/03\/12\/comenzo-el-recambio-a-tecnologia-led-en-san-patricio-del-chanar\/#article","isPartOf":{"@id":"https:\/\/www.epen.gov.ar\/index.php\/2026\/03\/12\/comenzo-el-recambio-a-tecnologia-led-en-san-patricio-del-chanar\/"},"author":{"name":"Prensa EPEN","@id":"https:\/\/www.epen.gov.ar\/#\/schema\/person\/ce6cff87c2fc01264becc10fa105ad4f"},"headline":"Comenz\u00f3 el recambio a tecnolog\u00eda LED en San Patricio del Cha\u00f1ar","datePublished":"2026-03-12T15:19:57+00:00","dateModified":"2026-04-08T13:10:51+00:00","mainEntityOfPage":{"@id":"https:\/\/www.epen.gov.ar\/index.php\/2026\/03\/12\/comenzo-el-recambio-a-tecnologia-led-en-san-patricio-del-chanar\/"},"wordCount":1516,"publisher":{"@id":"https:\/\/www.epen.gov.ar\/#organization"},"image":{"@id":"https:\/\/www.epen.gov.ar\/index.php\/2026\/03\/12\/comenzo-el-recambio-a-tecnologia-led-en-san-patricio-del-chanar\/#primaryimage"},"thumbnailUrl":"https:\/\/www.epen.gov.ar\/wp-content\/uploads\/2026\/03\/SPCH-LED-3.webp","articleSection":["Noticias"],"inLanguage":"es"},{"@type":"WebPage","@id":"https:\/\/www.epen.gov.ar\/index.php\/2026\/03\/12\/comenzo-el-recambio-a-tecnologia-led-en-san-patricio-del-chanar\/","url":"https:\/\/www.epen.gov.ar\/index.php\/2026\/03\/12\/comenzo-el-recambio-a-tecnologia-led-en-san-patricio-del-chanar\/","name":"EPEN - Comenz\u00f3 el recambio a tecnolog\u00eda LED en San Patricio del Cha\u00f1ar","isPartOf":{"@id":"https:\/\/www.epen.gov.ar\/#website"},"primaryImageOfPage":{"@id":"https:\/\/www.epen.gov.ar\/index.php\/2026\/03\/12\/comenzo-el-recambio-a-tecnologia-led-en-san-patricio-del-chanar\/#primaryimage"},"image":{"@id":"https:\/\/www.epen.gov.ar\/index.php\/2026\/03\/12\/comenzo-el-recambio-a-tecnologia-led-en-san-patricio-del-chanar\/#primaryimage"},"thumbnailUrl":"https:\/\/www.epen.gov.ar\/wp-content\/uploads\/2026\/03\/SPCH-LED-3.webp","datePublished":"2026-03-12T15:19:57+00:00","dateModified":"2026-04-08T13:10:51+00:00","description":"Comenz\u00f3 el recambio a tecnolog\u00eda LED en San Patricio del Cha\u00f1ar Noticias","breadcrumb":{"@id":"https:\/\/www.epen.gov.ar\/index.php\/2026\/03\/12\/comenzo-el-recambio-a-tecnologia-led-en-san-patricio-del-chanar\/#breadcrumb"},"inLanguage":"es","potentialAction":[{"@type":"ReadAction","target":["https:\/\/www.epen.gov.ar\/index.php\/2026\/03\/12\/comenzo-el-recambio-a-tecnologia-led-en-san-patricio-del-chanar\/"]}]},{"@type":"ImageObject","inLanguage":"es","@id":"https:\/\/www.epen.gov.ar\/index.php\/2026\/03\/12\/comenzo-el-recambio-a-tecnologia-led-en-san-patricio-del-chanar\/#primaryimage","url":"https:\/\/www.epen.gov.ar\/wp-content\/uploads\/2026\/03\/SPCH-LED-3.webp","contentUrl":"https:\/\/www.epen.gov.ar\/wp-content\/uploads\/2026\/03\/SPCH-LED-3.webp","width":992,"height":661},{"@type":"BreadcrumbList","@id":"https:\/\/www.epen.gov.ar\/index.php\/2026\/03\/12\/comenzo-el-recambio-a-tecnologia-led-en-san-patricio-del-chanar\/#breadcrumb","itemListElement":[{"@type":"ListItem","position":1,"name":"Inicio","item":"https:\/\/www.epen.gov.ar\/"},{"@type":"ListItem","position":2,"name":"Comenz\u00f3 el recambio a tecnolog\u00eda LED en San Patricio del Cha\u00f1ar"}]},{"@type":"WebSite","@id":"https:\/\/www.epen.gov.ar\/#website","url":"https:\/\/www.epen.gov.ar\/","name":"EPEN","description":"Ente Provincial de Energ\u00eda del Neuqu\u00e9n","publisher":{"@id":"https:\/\/www.epen.gov.ar\/#organization"},"potentialAction":[{"@type":"SearchAction","target":{"@type":"EntryPoint","urlTemplate":"https:\/\/www.epen.gov.ar\/?s={search_term_string}"},"query-input":{"@type":"PropertyValueSpecification","valueRequired":true,"valueName":"search_term_string"}}],"inLanguage":"es"},{"@type":"Organization","@id":"https:\/\/www.epen.gov.ar\/#organization","name":"Ente Provincial de Energ\u00eda del Neuqu\u00e9n","url":"https:\/\/www.epen.gov.ar\/","logo":{"@type":"ImageObject","inLanguage":"es","@id":"https:\/\/www.epen.gov.ar\/#\/schema\/logo\/image\/","url":"https:\/\/www.epen.gov.ar\/wp-content\/uploads\/2024\/02\/Logo-EPEN-2.jpg","contentUrl":"https:\/\/www.epen.gov.ar\/wp-content\/uploads\/2024\/02\/Logo-EPEN-2.jpg","width":696,"height":696,"caption":"Ente Provincial de Energ\u00eda del Neuqu\u00e9n"},"image":{"@id":"https:\/\/www.epen.gov.ar\/#\/schema\/logo\/image\/"},"sameAs":["https:\/\/www.facebook.com\/EPEN.Neuquen","https:\/\/x.com\/EPEN_Informa","https:\/\/www.youtube.com\/@epenprensa7384"]},{"@type":"Person","@id":"https:\/\/www.epen.gov.ar\/#\/schema\/person\/ce6cff87c2fc01264becc10fa105ad4f","name":"Prensa EPEN","image":{"@type":"ImageObject","inLanguage":"es","@id":"https:\/\/secure.gravatar.com\/avatar\/f8120b8688012ccf2d7fbcf7a970cfbabf0ab63b09c2dbd72c194bee080070e9?s=96&d=mm&r=g","url":"https:\/\/secure.gravatar.com\/avatar\/f8120b8688012ccf2d7fbcf7a970cfbabf0ab63b09c2dbd72c194bee080070e9?s=96&d=mm&r=g","contentUrl":"https:\/\/secure.gravatar.com\/avatar\/f8120b8688012ccf2d7fbcf7a970cfbabf0ab63b09c2dbd72c194bee080070e9?s=96&d=mm&r=g","caption":"Prensa EPEN"},"url":"https:\/\/www.epen.gov.ar\/index.php\/author\/admin\/"}]}},"_links":{"self":[{"href":"https:\/\/www.epen.gov.ar\/index.php\/wp-json\/wp\/v2\/posts\/193848","targetHints":{"allow":["GET"]}}],"collection":[{"href":"https:\/\/www.epen.gov.ar\/index.php\/wp-json\/wp\/v2\/posts"}],"about":[{"href":"https:\/\/www.epen.gov.ar\/index.php\/wp-json\/wp\/v2\/types\/post"}],"author":[{"embeddable":true,"href":"https:\/\/www.epen.gov.ar\/index.php\/wp-json\/wp\/v2\/users\/1"}],"replies":[{"embeddable":true,"href":"https:\/\/www.epen.gov.ar\/index.php\/wp-json\/wp\/v2\/comments?post=193848"}],"version-history":[{"count":3,"href":"https:\/\/www.epen.gov.ar\/index.php\/wp-json\/wp\/v2\/posts\/193848\/revisions"}],"predecessor-version":[{"id":195714,"href":"https:\/\/www.epen.gov.ar\/index.php\/wp-json\/wp\/v2\/posts\/193848\/revisions\/195714"}],"wp:featuredmedia":[{"embeddable":true,"href":"https:\/\/www.epen.gov.ar\/index.php\/wp-json\/wp\/v2\/media\/193863"}],"wp:attachment":[{"href":"https:\/\/www.epen.gov.ar\/index.php\/wp-json\/wp\/v2\/media?parent=193848"}],"wp:term":[{"taxonomy":"category","embeddable":true,"href":"https:\/\/www.epen.gov.ar\/index.php\/wp-json\/wp\/v2\/categories?post=193848"},{"taxonomy":"post_tag","embeddable":true,"href":"https:\/\/www.epen.gov.ar\/index.php\/wp-json\/wp\/v2\/tags?post=193848"}],"curies":[{"name":"wp","href":"https:\/\/api.w.org\/{rel}","templated":true}]}}