{"id":189308,"date":"2026-01-23T11:50:51","date_gmt":"2026-01-23T14:50:51","guid":{"rendered":"https:\/\/www.epen.gov.ar\/?p=189308"},"modified":"2026-04-08T10:33:26","modified_gmt":"2026-04-08T13:33:26","slug":"epen-informa-sobre-el-nuevo-esquema-de-subsidios-energeticos-de-nacion","status":"publish","type":"post","link":"https:\/\/www.epen.gov.ar\/index.php\/2026\/01\/23\/epen-informa-sobre-el-nuevo-esquema-de-subsidios-energeticos-de-nacion\/","title":{"rendered":"EPEN informa sobre el nuevo esquema de subsidios energ\u00e9ticos de Naci\u00f3n"},"content":{"rendered":"<div class=\"fusion-fullwidth fullwidth-box fusion-builder-row-1 has-pattern-background has-mask-background nonhundred-percent-fullwidth non-hundred-percent-height-scrolling\" style=\"--awb-border-radius-top-left:0px;--awb-border-radius-top-right:0px;--awb-border-radius-bottom-right:0px;--awb-border-radius-bottom-left:0px;--awb-padding-left:0px;--awb-background-color:white;--awb-flex-wrap:wrap;\" ><div class=\"fusion-builder-row fusion-row\"><div class=\"fusion-layout-column fusion_builder_column fusion-builder-column-0 fusion_builder_column_1_1 1_1 fusion-one-full fusion-column-first fusion-column-last\" style=\"--awb-bg-blend:overlay;--awb-bg-size:cover;--awb-margin-bottom:0px;\" data-scroll-devices=\"small-visibility,medium-visibility,large-visibility\"><div class=\"fusion-column-wrapper fusion-column-has-shadow fusion-flex-column-wrapper-legacy\"><div class=\"fusion-text fusion-text-1\" style=\"--awb-font-size:16px;--awb-text-font-family:&quot;Manrope&quot;;--awb-text-font-style:normal;--awb-text-font-weight:400;\"><p><strong><em>El gobierno nacional cre\u00f3 un nuevo esquema de subsidios a la energ\u00eda, donde existe una \u00fanica categor\u00eda de usuarios beneficiados. El Registro de Subsidios Energ\u00e9ticos Focalizados (ReSEF) reemplazar\u00e1 al ex RASE.<\/em><\/strong><\/p>\n<p>El Ente Provincial de Energ\u00eda del Neuqu\u00e9n (EPEN), dependiente del Ministerio de Energ\u00eda, informa sobre la modificaci\u00f3n del esquema de subsidios energ\u00e9ticos residenciales dispuesta por el gobierno nacional.<\/p>\n<p>La Subsecretar\u00eda de Transici\u00f3n y Planeamiento Energ\u00e9tico de Naci\u00f3n, a partir del decreto 943\/2025, crea el Registro de Subsidios Energ\u00e9ticos Focalizados (ReSEF), que reemplaza al ex Registro de Acceso a los Subsidios a la Energ\u00eda (RASE).<\/p>\n<p>De esta manera se elimina r\u00e9gimen de segmentaci\u00f3n (Nivel 1, Nivel 2 y Nivel 3), y se dispone la unificaci\u00f3n de los beneficiarios en una \u00fanica categor\u00eda de usuarios residenciales, seg\u00fan los nuevos criterios de inclusi\u00f3n y exclusi\u00f3n a los subsidios energ\u00e9ticos.<\/p>\n<p>Para acceder al subsidio, los hogares -considerando en conjunto a los integrantes del hogar- deber\u00e1n tener ingresos netos inferiores a 3 canastas b\u00e1sicas. Con los beneficios por zona desfavorable, en la Patagonia esto se traduce actualmente en un l\u00edmite de 4.790.000 pesos.<\/p>\n<p>Para algunos casos, tambi\u00e9n hay otros requisitos descriptos detalladamente en la p\u00e1gina oficial de Naci\u00f3n: <span style=\"color: #333399;\"><a style=\"color: #333399;\" href=\"https:\/\/www.argentina.gob.ar\/subsidios\">https:\/\/www.argentina.gob.ar\/subsidios<\/a><\/span><\/p>\n<p>Con el nuevo esquema se definen nuevos bloques de consumo base de energ\u00eda el\u00e9ctrica:<\/p>\n<p><strong>a) 300 kilovatios\/hora (kWh) para los meses de enero, febrero, mayo, junio, julio, agosto y diciembre de cada a\u00f1o.<\/strong><br \/>\n<strong>b) 150 kWh para marzo, abril, septiembre, octubre y noviembre de cada a\u00f1o.<\/strong><\/p>\n<p>Las cantidades de kWh consumidos en exceso a los vol\u00famenes m\u00e1ximos subsidiables no estar\u00e1n sujetas a bonificaciones.<\/p>\n<p>Los hogares que califiquen para estar en la categor\u00eda \u201ccon subsidio\u201d, tendr\u00e1n una bonificaci\u00f3n base del 50 % todo el a\u00f1o.<\/p>\n<p>De manera extraordinaria, y s\u00f3lo durante 2026, se incorpora una bonificaci\u00f3n del 25 % desde el comienzo de este nuevo esquema, que ir\u00e1 disminuyendo hasta desaparecer por completo en diciembre de este a\u00f1o.<\/p>\n<p>Si bien para los usuarios que ya est\u00e1n inscriptos en el ex RASE no es obligatorio volver a hacer el tr\u00e1mite, se recomienda que verifiquen y\/o actualicen sus datos, o realicen el reempadronamiento en el ReSEF.<\/p>\n<p>Ante cualquier duda, o por mayor informaci\u00f3n, acercarse a la oficina m\u00e1s cercana de ANSES, o desde la p\u00e1gina oficial mencionada anteriormente (<a href=\"http:\/\/www.argentina.gob.ar\/subsidios\"><span style=\"color: #333399;\">www.argentina.gob.ar\/subsidios<\/span><\/a>).<\/p>\n<p><img decoding=\"async\" class=\"alignnone wp-image-126515\" src=\"https:\/\/www.epen.gov.ar\/wp-content\/uploads\/2024\/01\/WEB-Banner-Superior-1280x244.png\" alt=\"\" width=\"655\" height=\"125\" srcset=\"https:\/\/www.epen.gov.ar\/wp-content\/uploads\/2024\/01\/WEB-Banner-Superior-200x38.png 200w, https:\/\/www.epen.gov.ar\/wp-content\/uploads\/2024\/01\/WEB-Banner-Superior-300x57.png 300w, https:\/\/www.epen.gov.ar\/wp-content\/uploads\/2024\/01\/WEB-Banner-Superior-400x76.png 400w, https:\/\/www.epen.gov.ar\/wp-content\/uploads\/2024\/01\/WEB-Banner-Superior-600x115.png 600w, https:\/\/www.epen.gov.ar\/wp-content\/uploads\/2024\/01\/WEB-Banner-Superior-768x147.png 768w, https:\/\/www.epen.gov.ar\/wp-content\/uploads\/2024\/01\/WEB-Banner-Superior-800x153.png 800w, https:\/\/www.epen.gov.ar\/wp-content\/uploads\/2024\/01\/WEB-Banner-Superior-1200x229.png 1200w, https:\/\/www.epen.gov.ar\/wp-content\/uploads\/2024\/01\/WEB-Banner-Superior-1280x244.png 1280w, https:\/\/www.epen.gov.ar\/wp-content\/uploads\/2024\/01\/WEB-Banner-Superior.png 1456w\" sizes=\"(max-width: 655px) 100vw, 655px\" \/><\/p>\n<\/div><div class=\"fusion-clearfix\"><\/div><\/div><\/div><\/div><\/div>\n","protected":false},"excerpt":{"rendered":"","protected":false},"author":1,"featured_media":189321,"comment_status":"closed","ping_status":"closed","sticky":false,"template":"","format":"standard","meta":{"_exactmetrics_skip_tracking":false,"_exactmetrics_sitenote_active":false,"_exactmetrics_sitenote_note":"","_exactmetrics_sitenote_category":0,"footnotes":""},"categories":[84],"tags":[],"class_list":["post-189308","post","type-post","status-publish","format-standard","has-post-thumbnail","hentry","category-noticias"],"yoast_head":"<!-- This site is optimized with the Yoast SEO plugin v27.2 - https:\/\/yoast.com\/product\/yoast-seo-wordpress\/ -->\n<title>EPEN - EPEN informa sobre el nuevo esquema de subsidios energ\u00e9ticos de Naci\u00f3n<\/title>\n<meta name=\"description\" content=\"EPEN informa sobre el nuevo esquema de subsidios energ\u00e9ticos de Naci\u00f3n Noticias\" \/>\n<meta name=\"robots\" content=\"index, follow, max-snippet:-1, max-image-preview:large, max-video-preview:-1\" \/>\n<link rel=\"canonical\" href=\"https:\/\/www.epen.gov.ar\/index.php\/2026\/01\/23\/epen-informa-sobre-el-nuevo-esquema-de-subsidios-energeticos-de-nacion\/\" \/>\n<meta property=\"og:locale\" content=\"es_ES\" \/>\n<meta property=\"og:type\" content=\"article\" \/>\n<meta property=\"og:title\" content=\"EPEN - EPEN informa sobre el nuevo esquema de subsidios energ\u00e9ticos de Naci\u00f3n\" \/>\n<meta property=\"og:description\" content=\"EPEN informa sobre el nuevo esquema de subsidios energ\u00e9ticos de Naci\u00f3n Noticias\" \/>\n<meta property=\"og:url\" content=\"https:\/\/www.epen.gov.ar\/index.php\/2026\/01\/23\/epen-informa-sobre-el-nuevo-esquema-de-subsidios-energeticos-de-nacion\/\" \/>\n<meta property=\"og:site_name\" content=\"EPEN\" \/>\n<meta property=\"article:publisher\" content=\"https:\/\/www.facebook.com\/EPEN.Neuquen\" \/>\n<meta property=\"article:published_time\" content=\"2026-01-23T14:50:51+00:00\" \/>\n<meta property=\"article:modified_time\" content=\"2026-04-08T13:33:26+00:00\" \/>\n<meta property=\"og:image\" content=\"https:\/\/www.epen.gov.ar\/wp-content\/uploads\/2026\/01\/Factura-nueva-SFE-scaled.jpg\" \/>\n\t<meta property=\"og:image:width\" content=\"2560\" \/>\n\t<meta property=\"og:image:height\" content=\"1707\" \/>\n\t<meta property=\"og:image:type\" content=\"image\/jpeg\" \/>\n<meta name=\"author\" content=\"Prensa EPEN\" \/>\n<meta name=\"twitter:card\" content=\"summary_large_image\" \/>\n<meta name=\"twitter:creator\" content=\"@EPEN_Informa\" \/>\n<meta name=\"twitter:site\" content=\"@EPEN_Informa\" \/>\n<meta name=\"twitter:label1\" content=\"Escrito por\" \/>\n\t<meta name=\"twitter:data1\" content=\"Prensa EPEN\" \/>\n\t<meta name=\"twitter:label2\" content=\"Tiempo de lectura\" \/>\n\t<meta name=\"twitter:data2\" content=\"3 minutos\" \/>\n<script type=\"application\/ld+json\" class=\"yoast-schema-graph\">{\"@context\":\"https:\/\/schema.org\",\"@graph\":[{\"@type\":\"Article\",\"@id\":\"https:\/\/www.epen.gov.ar\/index.php\/2026\/01\/23\/epen-informa-sobre-el-nuevo-esquema-de-subsidios-energeticos-de-nacion\/#article\",\"isPartOf\":{\"@id\":\"https:\/\/www.epen.gov.ar\/index.php\/2026\/01\/23\/epen-informa-sobre-el-nuevo-esquema-de-subsidios-energeticos-de-nacion\/\"},\"author\":{\"name\":\"Prensa EPEN\",\"@id\":\"https:\/\/www.epen.gov.ar\/#\/schema\/person\/ce6cff87c2fc01264becc10fa105ad4f\"},\"headline\":\"EPEN informa sobre el nuevo esquema de subsidios energ\u00e9ticos de Naci\u00f3n\",\"datePublished\":\"2026-01-23T14:50:51+00:00\",\"dateModified\":\"2026-04-08T13:33:26+00:00\",\"mainEntityOfPage\":{\"@id\":\"https:\/\/www.epen.gov.ar\/index.php\/2026\/01\/23\/epen-informa-sobre-el-nuevo-esquema-de-subsidios-energeticos-de-nacion\/\"},\"wordCount\":1595,\"publisher\":{\"@id\":\"https:\/\/www.epen.gov.ar\/#organization\"},\"image\":{\"@id\":\"https:\/\/www.epen.gov.ar\/index.php\/2026\/01\/23\/epen-informa-sobre-el-nuevo-esquema-de-subsidios-energeticos-de-nacion\/#primaryimage\"},\"thumbnailUrl\":\"https:\/\/www.epen.gov.ar\/wp-content\/uploads\/2026\/01\/Factura-nueva-SFE-scaled.jpg\",\"articleSection\":[\"Noticias\"],\"inLanguage\":\"es\"},{\"@type\":\"WebPage\",\"@id\":\"https:\/\/www.epen.gov.ar\/index.php\/2026\/01\/23\/epen-informa-sobre-el-nuevo-esquema-de-subsidios-energeticos-de-nacion\/\",\"url\":\"https:\/\/www.epen.gov.ar\/index.php\/2026\/01\/23\/epen-informa-sobre-el-nuevo-esquema-de-subsidios-energeticos-de-nacion\/\",\"name\":\"EPEN - EPEN informa sobre el nuevo esquema de subsidios energ\u00e9ticos de Naci\u00f3n\",\"isPartOf\":{\"@id\":\"https:\/\/www.epen.gov.ar\/#website\"},\"primaryImageOfPage\":{\"@id\":\"https:\/\/www.epen.gov.ar\/index.php\/2026\/01\/23\/epen-informa-sobre-el-nuevo-esquema-de-subsidios-energeticos-de-nacion\/#primaryimage\"},\"image\":{\"@id\":\"https:\/\/www.epen.gov.ar\/index.php\/2026\/01\/23\/epen-informa-sobre-el-nuevo-esquema-de-subsidios-energeticos-de-nacion\/#primaryimage\"},\"thumbnailUrl\":\"https:\/\/www.epen.gov.ar\/wp-content\/uploads\/2026\/01\/Factura-nueva-SFE-scaled.jpg\",\"datePublished\":\"2026-01-23T14:50:51+00:00\",\"dateModified\":\"2026-04-08T13:33:26+00:00\",\"description\":\"EPEN informa sobre el nuevo esquema de subsidios energ\u00e9ticos de Naci\u00f3n Noticias\",\"breadcrumb\":{\"@id\":\"https:\/\/www.epen.gov.ar\/index.php\/2026\/01\/23\/epen-informa-sobre-el-nuevo-esquema-de-subsidios-energeticos-de-nacion\/#breadcrumb\"},\"inLanguage\":\"es\",\"potentialAction\":[{\"@type\":\"ReadAction\",\"target\":[\"https:\/\/www.epen.gov.ar\/index.php\/2026\/01\/23\/epen-informa-sobre-el-nuevo-esquema-de-subsidios-energeticos-de-nacion\/\"]}]},{\"@type\":\"ImageObject\",\"inLanguage\":\"es\",\"@id\":\"https:\/\/www.epen.gov.ar\/index.php\/2026\/01\/23\/epen-informa-sobre-el-nuevo-esquema-de-subsidios-energeticos-de-nacion\/#primaryimage\",\"url\":\"https:\/\/www.epen.gov.ar\/wp-content\/uploads\/2026\/01\/Factura-nueva-SFE-scaled.jpg\",\"contentUrl\":\"https:\/\/www.epen.gov.ar\/wp-content\/uploads\/2026\/01\/Factura-nueva-SFE-scaled.jpg\",\"width\":2560,\"height\":1707},{\"@type\":\"BreadcrumbList\",\"@id\":\"https:\/\/www.epen.gov.ar\/index.php\/2026\/01\/23\/epen-informa-sobre-el-nuevo-esquema-de-subsidios-energeticos-de-nacion\/#breadcrumb\",\"itemListElement\":[{\"@type\":\"ListItem\",\"position\":1,\"name\":\"Inicio\",\"item\":\"https:\/\/www.epen.gov.ar\/\"},{\"@type\":\"ListItem\",\"position\":2,\"name\":\"EPEN informa sobre el nuevo esquema de subsidios energ\u00e9ticos de Naci\u00f3n\"}]},{\"@type\":\"WebSite\",\"@id\":\"https:\/\/www.epen.gov.ar\/#website\",\"url\":\"https:\/\/www.epen.gov.ar\/\",\"name\":\"EPEN\",\"description\":\"Ente Provincial de Energ\u00eda del Neuqu\u00e9n\",\"publisher\":{\"@id\":\"https:\/\/www.epen.gov.ar\/#organization\"},\"potentialAction\":[{\"@type\":\"SearchAction\",\"target\":{\"@type\":\"EntryPoint\",\"urlTemplate\":\"https:\/\/www.epen.gov.ar\/?s={search_term_string}\"},\"query-input\":{\"@type\":\"PropertyValueSpecification\",\"valueRequired\":true,\"valueName\":\"search_term_string\"}}],\"inLanguage\":\"es\"},{\"@type\":\"Organization\",\"@id\":\"https:\/\/www.epen.gov.ar\/#organization\",\"name\":\"Ente Provincial de Energ\u00eda del Neuqu\u00e9n\",\"url\":\"https:\/\/www.epen.gov.ar\/\",\"logo\":{\"@type\":\"ImageObject\",\"inLanguage\":\"es\",\"@id\":\"https:\/\/www.epen.gov.ar\/#\/schema\/logo\/image\/\",\"url\":\"https:\/\/www.epen.gov.ar\/wp-content\/uploads\/2024\/02\/Logo-EPEN-2.jpg\",\"contentUrl\":\"https:\/\/www.epen.gov.ar\/wp-content\/uploads\/2024\/02\/Logo-EPEN-2.jpg\",\"width\":696,\"height\":696,\"caption\":\"Ente Provincial de Energ\u00eda del Neuqu\u00e9n\"},\"image\":{\"@id\":\"https:\/\/www.epen.gov.ar\/#\/schema\/logo\/image\/\"},\"sameAs\":[\"https:\/\/www.facebook.com\/EPEN.Neuquen\",\"https:\/\/x.com\/EPEN_Informa\",\"https:\/\/www.youtube.com\/@epenprensa7384\"]},{\"@type\":\"Person\",\"@id\":\"https:\/\/www.epen.gov.ar\/#\/schema\/person\/ce6cff87c2fc01264becc10fa105ad4f\",\"name\":\"Prensa EPEN\",\"image\":{\"@type\":\"ImageObject\",\"inLanguage\":\"es\",\"@id\":\"https:\/\/secure.gravatar.com\/avatar\/f8120b8688012ccf2d7fbcf7a970cfbabf0ab63b09c2dbd72c194bee080070e9?s=96&d=mm&r=g\",\"url\":\"https:\/\/secure.gravatar.com\/avatar\/f8120b8688012ccf2d7fbcf7a970cfbabf0ab63b09c2dbd72c194bee080070e9?s=96&d=mm&r=g\",\"contentUrl\":\"https:\/\/secure.gravatar.com\/avatar\/f8120b8688012ccf2d7fbcf7a970cfbabf0ab63b09c2dbd72c194bee080070e9?s=96&d=mm&r=g\",\"caption\":\"Prensa EPEN\"},\"url\":\"https:\/\/www.epen.gov.ar\/index.php\/author\/admin\/\"}]}<\/script>\n<!-- \/ Yoast SEO plugin. -->","yoast_head_json":{"title":"EPEN - EPEN informa sobre el nuevo esquema de subsidios energ\u00e9ticos de Naci\u00f3n","description":"EPEN informa sobre el nuevo esquema de subsidios energ\u00e9ticos de Naci\u00f3n Noticias","robots":{"index":"index","follow":"follow","max-snippet":"max-snippet:-1","max-image-preview":"max-image-preview:large","max-video-preview":"max-video-preview:-1"},"canonical":"https:\/\/www.epen.gov.ar\/index.php\/2026\/01\/23\/epen-informa-sobre-el-nuevo-esquema-de-subsidios-energeticos-de-nacion\/","og_locale":"es_ES","og_type":"article","og_title":"EPEN - EPEN informa sobre el nuevo esquema de subsidios energ\u00e9ticos de Naci\u00f3n","og_description":"EPEN informa sobre el nuevo esquema de subsidios energ\u00e9ticos de Naci\u00f3n Noticias","og_url":"https:\/\/www.epen.gov.ar\/index.php\/2026\/01\/23\/epen-informa-sobre-el-nuevo-esquema-de-subsidios-energeticos-de-nacion\/","og_site_name":"EPEN","article_publisher":"https:\/\/www.facebook.com\/EPEN.Neuquen","article_published_time":"2026-01-23T14:50:51+00:00","article_modified_time":"2026-04-08T13:33:26+00:00","og_image":[{"width":2560,"height":1707,"url":"https:\/\/www.epen.gov.ar\/wp-content\/uploads\/2026\/01\/Factura-nueva-SFE-scaled.jpg","type":"image\/jpeg"}],"author":"Prensa EPEN","twitter_card":"summary_large_image","twitter_creator":"@EPEN_Informa","twitter_site":"@EPEN_Informa","twitter_misc":{"Escrito por":"Prensa EPEN","Tiempo de lectura":"3 minutos"},"schema":{"@context":"https:\/\/schema.org","@graph":[{"@type":"Article","@id":"https:\/\/www.epen.gov.ar\/index.php\/2026\/01\/23\/epen-informa-sobre-el-nuevo-esquema-de-subsidios-energeticos-de-nacion\/#article","isPartOf":{"@id":"https:\/\/www.epen.gov.ar\/index.php\/2026\/01\/23\/epen-informa-sobre-el-nuevo-esquema-de-subsidios-energeticos-de-nacion\/"},"author":{"name":"Prensa EPEN","@id":"https:\/\/www.epen.gov.ar\/#\/schema\/person\/ce6cff87c2fc01264becc10fa105ad4f"},"headline":"EPEN informa sobre el nuevo esquema de subsidios energ\u00e9ticos de Naci\u00f3n","datePublished":"2026-01-23T14:50:51+00:00","dateModified":"2026-04-08T13:33:26+00:00","mainEntityOfPage":{"@id":"https:\/\/www.epen.gov.ar\/index.php\/2026\/01\/23\/epen-informa-sobre-el-nuevo-esquema-de-subsidios-energeticos-de-nacion\/"},"wordCount":1595,"publisher":{"@id":"https:\/\/www.epen.gov.ar\/#organization"},"image":{"@id":"https:\/\/www.epen.gov.ar\/index.php\/2026\/01\/23\/epen-informa-sobre-el-nuevo-esquema-de-subsidios-energeticos-de-nacion\/#primaryimage"},"thumbnailUrl":"https:\/\/www.epen.gov.ar\/wp-content\/uploads\/2026\/01\/Factura-nueva-SFE-scaled.jpg","articleSection":["Noticias"],"inLanguage":"es"},{"@type":"WebPage","@id":"https:\/\/www.epen.gov.ar\/index.php\/2026\/01\/23\/epen-informa-sobre-el-nuevo-esquema-de-subsidios-energeticos-de-nacion\/","url":"https:\/\/www.epen.gov.ar\/index.php\/2026\/01\/23\/epen-informa-sobre-el-nuevo-esquema-de-subsidios-energeticos-de-nacion\/","name":"EPEN - EPEN informa sobre el nuevo esquema de subsidios energ\u00e9ticos de Naci\u00f3n","isPartOf":{"@id":"https:\/\/www.epen.gov.ar\/#website"},"primaryImageOfPage":{"@id":"https:\/\/www.epen.gov.ar\/index.php\/2026\/01\/23\/epen-informa-sobre-el-nuevo-esquema-de-subsidios-energeticos-de-nacion\/#primaryimage"},"image":{"@id":"https:\/\/www.epen.gov.ar\/index.php\/2026\/01\/23\/epen-informa-sobre-el-nuevo-esquema-de-subsidios-energeticos-de-nacion\/#primaryimage"},"thumbnailUrl":"https:\/\/www.epen.gov.ar\/wp-content\/uploads\/2026\/01\/Factura-nueva-SFE-scaled.jpg","datePublished":"2026-01-23T14:50:51+00:00","dateModified":"2026-04-08T13:33:26+00:00","description":"EPEN informa sobre el nuevo esquema de subsidios energ\u00e9ticos de Naci\u00f3n Noticias","breadcrumb":{"@id":"https:\/\/www.epen.gov.ar\/index.php\/2026\/01\/23\/epen-informa-sobre-el-nuevo-esquema-de-subsidios-energeticos-de-nacion\/#breadcrumb"},"inLanguage":"es","potentialAction":[{"@type":"ReadAction","target":["https:\/\/www.epen.gov.ar\/index.php\/2026\/01\/23\/epen-informa-sobre-el-nuevo-esquema-de-subsidios-energeticos-de-nacion\/"]}]},{"@type":"ImageObject","inLanguage":"es","@id":"https:\/\/www.epen.gov.ar\/index.php\/2026\/01\/23\/epen-informa-sobre-el-nuevo-esquema-de-subsidios-energeticos-de-nacion\/#primaryimage","url":"https:\/\/www.epen.gov.ar\/wp-content\/uploads\/2026\/01\/Factura-nueva-SFE-scaled.jpg","contentUrl":"https:\/\/www.epen.gov.ar\/wp-content\/uploads\/2026\/01\/Factura-nueva-SFE-scaled.jpg","width":2560,"height":1707},{"@type":"BreadcrumbList","@id":"https:\/\/www.epen.gov.ar\/index.php\/2026\/01\/23\/epen-informa-sobre-el-nuevo-esquema-de-subsidios-energeticos-de-nacion\/#breadcrumb","itemListElement":[{"@type":"ListItem","position":1,"name":"Inicio","item":"https:\/\/www.epen.gov.ar\/"},{"@type":"ListItem","position":2,"name":"EPEN informa sobre el nuevo esquema de subsidios energ\u00e9ticos de Naci\u00f3n"}]},{"@type":"WebSite","@id":"https:\/\/www.epen.gov.ar\/#website","url":"https:\/\/www.epen.gov.ar\/","name":"EPEN","description":"Ente Provincial de Energ\u00eda del Neuqu\u00e9n","publisher":{"@id":"https:\/\/www.epen.gov.ar\/#organization"},"potentialAction":[{"@type":"SearchAction","target":{"@type":"EntryPoint","urlTemplate":"https:\/\/www.epen.gov.ar\/?s={search_term_string}"},"query-input":{"@type":"PropertyValueSpecification","valueRequired":true,"valueName":"search_term_string"}}],"inLanguage":"es"},{"@type":"Organization","@id":"https:\/\/www.epen.gov.ar\/#organization","name":"Ente Provincial de Energ\u00eda del Neuqu\u00e9n","url":"https:\/\/www.epen.gov.ar\/","logo":{"@type":"ImageObject","inLanguage":"es","@id":"https:\/\/www.epen.gov.ar\/#\/schema\/logo\/image\/","url":"https:\/\/www.epen.gov.ar\/wp-content\/uploads\/2024\/02\/Logo-EPEN-2.jpg","contentUrl":"https:\/\/www.epen.gov.ar\/wp-content\/uploads\/2024\/02\/Logo-EPEN-2.jpg","width":696,"height":696,"caption":"Ente Provincial de Energ\u00eda del Neuqu\u00e9n"},"image":{"@id":"https:\/\/www.epen.gov.ar\/#\/schema\/logo\/image\/"},"sameAs":["https:\/\/www.facebook.com\/EPEN.Neuquen","https:\/\/x.com\/EPEN_Informa","https:\/\/www.youtube.com\/@epenprensa7384"]},{"@type":"Person","@id":"https:\/\/www.epen.gov.ar\/#\/schema\/person\/ce6cff87c2fc01264becc10fa105ad4f","name":"Prensa EPEN","image":{"@type":"ImageObject","inLanguage":"es","@id":"https:\/\/secure.gravatar.com\/avatar\/f8120b8688012ccf2d7fbcf7a970cfbabf0ab63b09c2dbd72c194bee080070e9?s=96&d=mm&r=g","url":"https:\/\/secure.gravatar.com\/avatar\/f8120b8688012ccf2d7fbcf7a970cfbabf0ab63b09c2dbd72c194bee080070e9?s=96&d=mm&r=g","contentUrl":"https:\/\/secure.gravatar.com\/avatar\/f8120b8688012ccf2d7fbcf7a970cfbabf0ab63b09c2dbd72c194bee080070e9?s=96&d=mm&r=g","caption":"Prensa EPEN"},"url":"https:\/\/www.epen.gov.ar\/index.php\/author\/admin\/"}]}},"_links":{"self":[{"href":"https:\/\/www.epen.gov.ar\/index.php\/wp-json\/wp\/v2\/posts\/189308","targetHints":{"allow":["GET"]}}],"collection":[{"href":"https:\/\/www.epen.gov.ar\/index.php\/wp-json\/wp\/v2\/posts"}],"about":[{"href":"https:\/\/www.epen.gov.ar\/index.php\/wp-json\/wp\/v2\/types\/post"}],"author":[{"embeddable":true,"href":"https:\/\/www.epen.gov.ar\/index.php\/wp-json\/wp\/v2\/users\/1"}],"replies":[{"embeddable":true,"href":"https:\/\/www.epen.gov.ar\/index.php\/wp-json\/wp\/v2\/comments?post=189308"}],"version-history":[{"count":3,"href":"https:\/\/www.epen.gov.ar\/index.php\/wp-json\/wp\/v2\/posts\/189308\/revisions"}],"predecessor-version":[{"id":196169,"href":"https:\/\/www.epen.gov.ar\/index.php\/wp-json\/wp\/v2\/posts\/189308\/revisions\/196169"}],"wp:featuredmedia":[{"embeddable":true,"href":"https:\/\/www.epen.gov.ar\/index.php\/wp-json\/wp\/v2\/media\/189321"}],"wp:attachment":[{"href":"https:\/\/www.epen.gov.ar\/index.php\/wp-json\/wp\/v2\/media?parent=189308"}],"wp:term":[{"taxonomy":"category","embeddable":true,"href":"https:\/\/www.epen.gov.ar\/index.php\/wp-json\/wp\/v2\/categories?post=189308"},{"taxonomy":"post_tag","embeddable":true,"href":"https:\/\/www.epen.gov.ar\/index.php\/wp-json\/wp\/v2\/tags?post=189308"}],"curies":[{"name":"wp","href":"https:\/\/api.w.org\/{rel}","templated":true}]}}