{"id":186310,"date":"2025-12-11T12:42:45","date_gmt":"2025-12-11T15:42:45","guid":{"rendered":"https:\/\/www.epen.gov.ar\/?p=186310"},"modified":"2025-12-11T12:47:52","modified_gmt":"2025-12-11T15:47:52","slug":"corte-programado-de-emergencia-en-caviahue-y-copahue-el-12-12-2025","status":"publish","type":"post","link":"https:\/\/www.epen.gov.ar\/index.php\/2025\/12\/11\/corte-programado-de-emergencia-en-caviahue-y-copahue-el-12-12-2025\/","title":{"rendered":"Corte programado de emergencia en Caviahue y Copahue el 12\/12\/2025"},"content":{"rendered":"<div class=\"fusion-fullwidth fullwidth-box fusion-builder-row-1 has-pattern-background has-mask-background nonhundred-percent-fullwidth non-hundred-percent-height-scrolling\" style=\"--awb-border-radius-top-left:0px;--awb-border-radius-top-right:0px;--awb-border-radius-bottom-right:0px;--awb-border-radius-bottom-left:0px;--awb-padding-left:0px;--awb-background-color:white;--awb-flex-wrap:wrap;\" ><div class=\"fusion-builder-row fusion-row\"><div class=\"fusion-layout-column fusion_builder_column fusion-builder-column-0 fusion_builder_column_2_3 2_3 fusion-two-third fusion-column-first\" style=\"--awb-bg-blend:overlay;--awb-bg-size:cover;--awb-margin-bottom:0px;width:66.666666666667%;width:calc(66.666666666667% - ( ( 1% ) * 0.66666666666667 ) );margin-right: 1%;\" data-scroll-devices=\"small-visibility,medium-visibility,large-visibility\"><div class=\"fusion-column-wrapper fusion-column-has-shadow fusion-flex-column-wrapper-legacy\"><div class=\"fusion-text fusion-text-1\" style=\"--awb-font-size:16px;--awb-text-font-family:&quot;Manrope&quot;;--awb-text-font-style:normal;--awb-text-font-weight:400;\"><div>El Ente Provincial de Energ\u00eda del Neuqu\u00e9n (EPEN), dependiente del Ministerio de Energ\u00eda, informa que se realizar\u00e1n dos cortes programados de emergencia en la l\u00ednea de media tensi\u00f3n (LMT) 33 kilovolt hacia Caviahue y Copahue, debido a la necesidad de reparar un cable subterr\u00e1neo da\u00f1ado que vincula un ap\u00e9ndice hacia el paraje Caj\u00f3n Chico.<\/div>\n<div><\/div>\n<div>Las tareas se ejecutar\u00e1n este viernes 12 de diciembre, y afectar\u00e1n a la totalidad de la localidad de Caviahue y Copahue en los siguientes horarios:<\/div>\n<ul>\n<li><strong>De 8 a 9 hs:<\/strong> para desvincular el cable subterr\u00e1neo para su reparaci\u00f3n.<\/li>\n<li><strong>De 14 a 15 hs:<\/strong> para la reposici\u00f3n de la l\u00ednea troncal.<\/li>\n<\/ul>\n<div><\/div>\n<div>Se solicita a los usuarios tomar los recaudos necesarios durante las interrupciones programadas<\/div>\n<p><img decoding=\"async\" class=\"alignnone wp-image-126515\" src=\"https:\/\/www.epen.gov.ar\/wp-content\/uploads\/2024\/01\/WEB-Banner-Superior-1280x244.png\" alt=\"\" width=\"655\" height=\"125\" srcset=\"https:\/\/www.epen.gov.ar\/wp-content\/uploads\/2024\/01\/WEB-Banner-Superior-200x38.png 200w, https:\/\/www.epen.gov.ar\/wp-content\/uploads\/2024\/01\/WEB-Banner-Superior-300x57.png 300w, https:\/\/www.epen.gov.ar\/wp-content\/uploads\/2024\/01\/WEB-Banner-Superior-400x76.png 400w, https:\/\/www.epen.gov.ar\/wp-content\/uploads\/2024\/01\/WEB-Banner-Superior-600x115.png 600w, https:\/\/www.epen.gov.ar\/wp-content\/uploads\/2024\/01\/WEB-Banner-Superior-768x147.png 768w, https:\/\/www.epen.gov.ar\/wp-content\/uploads\/2024\/01\/WEB-Banner-Superior-800x153.png 800w, https:\/\/www.epen.gov.ar\/wp-content\/uploads\/2024\/01\/WEB-Banner-Superior-1200x229.png 1200w, https:\/\/www.epen.gov.ar\/wp-content\/uploads\/2024\/01\/WEB-Banner-Superior-1280x244.png 1280w, https:\/\/www.epen.gov.ar\/wp-content\/uploads\/2024\/01\/WEB-Banner-Superior.png 1456w\" sizes=\"(max-width: 655px) 100vw, 655px\" \/><\/p>\n<\/div><div class=\"fusion-clearfix\"><\/div><\/div><\/div><div class=\"fusion-layout-column fusion_builder_column fusion-builder-column-1 fusion_builder_column_1_3 1_3 fusion-one-third fusion-column-last\" style=\"--awb-bg-size:cover;width:33.333333333333%;width:calc(33.333333333333% - ( ( 1% ) * 0.33333333333333 ) );\" data-scroll-devices=\"small-visibility,medium-visibility,large-visibility\"><div class=\"fusion-column-wrapper fusion-column-has-shadow fusion-flex-column-wrapper-legacy\"><div class=\"fusion-column-content-centered\"><div class=\"fusion-column-content\"><div class=\"fusion-widget-area awb-widget-area-element fusion-widget-area-1 fusion-content-widget-area\" style=\"--awb-title-size:20px;--awb-title-color:#333333;--awb-padding:0px 0px 0px 0px;\"><style type=\"text\/css\" data-id=\"tweets-widget-2\">#tweets-widget-2 li { border-color:#eaeaea;}<\/style><section id=\"tweets-widget-2\" class=\"widget tweets\" style=\"border-style: solid;border-color: #eaeaea;border-color:transparent;border-width:0px;\">\t\t\t\t\n\t\t<div style=\"overflow:hidden\">\n\t\t\t\t\t\t\t\t\t\t\t<a class=\"twitter-timeline\" data-dnt=\"true\" href=\"https:\/\/twitter.com\/@EPEN_Informa\" data-width=\"500\" data-height=\"300\" width=\"500\" height=\"300\" data-theme=\"light\" data-link-color=\"##25a9bd\" data-border-color=\"#eaeaea\" data-chrome=\"\">Tweets por @EPEN_Informa<\/a>\n\t\t\t\t\t\t\t\n\t\t\t\t\t\t\t\t\t\t\t<script async src=\"\/\/platform.twitter.com\/widgets.js\" charset=\"utf-8\"><\/script>\n\t\t\t\t\t\t\t\n\t\t<\/div>\n\t\t<\/section>\n\t\t<section id=\"recent-posts-3\" class=\"widget widget_recent_entries\" style=\"border-style: solid;border-color:transparent;border-width:0px;\">\n\t\t<div class=\"heading\"><h4 class=\"widget-title\">Entradas recientes<\/h4><\/div>\n\t\t<ul>\n\t\t\t\t\t\t\t\t\t\t\t<li>\n\t\t\t\t\t<a href=\"https:\/\/www.epen.gov.ar\/index.php\/2026\/04\/30\/licitacion-publica-n-14-2026-contratacion-de-servicios-de-desarrollo-y-mantenimiento-de-sistemas-informaticos\/\">LICITACI\u00d3N P\u00daBLICA N\u00b0 14\/2026 CONTRATACI\u00d3N DE SERVICIOS DE DESARROLLO Y MANTENIMIENTO DE SISTEMAS INFORM\u00c1TICOS<\/a>\n\t\t\t\t\t\t\t\t\t\t\t<span class=\"post-date\">30\/04\/2026<\/span>\n\t\t\t\t\t\t\t\t\t<\/li>\n\t\t\t\t\t\t\t\t\t\t\t<li>\n\t\t\t\t\t<a href=\"https:\/\/www.epen.gov.ar\/index.php\/2026\/04\/29\/corte-programado-en-sectores-de-centenario-el-30-04-2026\/\">Corte Programado en sectores de Centenario el 30\/04\/2026<\/a>\n\t\t\t\t\t\t\t\t\t\t\t<span class=\"post-date\">29\/04\/2026<\/span>\n\t\t\t\t\t\t\t\t\t<\/li>\n\t\t\t\t\t\t\t\t\t\t\t<li>\n\t\t\t\t\t<a href=\"https:\/\/www.epen.gov.ar\/index.php\/2026\/04\/28\/el-epen-impulsa-el-desarrollo-de-varvarco-con-nueva-infraestructura-para-17-lotes\/\">El EPEN impulsa el desarrollo de Varvarco con nueva infraestructura para 17 lotes<\/a>\n\t\t\t\t\t\t\t\t\t\t\t<span class=\"post-date\">28\/04\/2026<\/span>\n\t\t\t\t\t\t\t\t\t<\/li>\n\t\t\t\t\t\t\t\t\t\t\t<li>\n\t\t\t\t\t<a href=\"https:\/\/www.epen.gov.ar\/index.php\/2026\/04\/28\/corte-programado-en-sectores-de-zona-nahueve-el-30-04-2026\/\">Corte Programado en sectores de zona Nahueve el 30\/04\/2026<\/a>\n\t\t\t\t\t\t\t\t\t\t\t<span class=\"post-date\">28\/04\/2026<\/span>\n\t\t\t\t\t\t\t\t\t<\/li>\n\t\t\t\t\t\t\t\t\t\t\t<li>\n\t\t\t\t\t<a href=\"https:\/\/www.epen.gov.ar\/index.php\/2026\/04\/24\/corte-programado-en-sectores-de-san-martin-de-los-andes-el-25-04-2026\/\">Corte Programado en sectores de San Mart\u00edn de los Andes el 25\/04\/2026<\/a>\n\t\t\t\t\t\t\t\t\t\t\t<span class=\"post-date\">24\/04\/2026<\/span>\n\t\t\t\t\t\t\t\t\t<\/li>\n\t\t\t\t\t<\/ul>\n\n\t\t<\/section><div class=\"fusion-additional-widget-content\"><\/div><\/div><div class=\"fusion-image-element in-legacy-container\" style=\"--awb-margin-top:5%;--awb-caption-title-font-family:var(--h2_typography-font-family);--awb-caption-title-font-weight:var(--h2_typography-font-weight);--awb-caption-title-font-style:var(--h2_typography-font-style);--awb-caption-title-size:var(--h2_typography-font-size);--awb-caption-title-transform:var(--h2_typography-text-transform);--awb-caption-title-line-height:var(--h2_typography-line-height);--awb-caption-title-letter-spacing:var(--h2_typography-letter-spacing);\"><span class=\" fusion-imageframe imageframe-none imageframe-1 hover-type-none\"><img decoding=\"async\" width=\"800\" height=\"800\" title=\"GIF-Consumos-Verano\" src=\"https:\/\/www.epen.gov.ar\/wp-content\/uploads\/2025\/01\/GIF-Consumos-Verano-1.gif\" alt class=\"img-responsive wp-image-159933\"\/><\/span><\/div><\/div><\/div><div class=\"fusion-clearfix\"><\/div><\/div><\/div><\/div><\/div>\n","protected":false},"excerpt":{"rendered":"","protected":false},"author":1,"featured_media":185522,"comment_status":"closed","ping_status":"closed","sticky":false,"template":"","format":"standard","meta":{"_exactmetrics_skip_tracking":false,"_exactmetrics_sitenote_active":false,"_exactmetrics_sitenote_note":"","_exactmetrics_sitenote_category":0,"footnotes":""},"categories":[84],"tags":[],"class_list":["post-186310","post","type-post","status-publish","format-standard","has-post-thumbnail","hentry","category-noticias"],"yoast_head":"<!-- This site is optimized with the Yoast SEO plugin v27.2 - https:\/\/yoast.com\/product\/yoast-seo-wordpress\/ -->\n<title>EPEN - Corte programado de emergencia en Caviahue y Copahue el 12\/12\/2025<\/title>\n<meta name=\"description\" content=\"Corte programado de emergencia en Caviahue y Copahue el 12\/12\/2025 Noticias\" \/>\n<meta name=\"robots\" content=\"index, follow, max-snippet:-1, max-image-preview:large, max-video-preview:-1\" \/>\n<link rel=\"canonical\" href=\"https:\/\/www.epen.gov.ar\/index.php\/2025\/12\/11\/corte-programado-de-emergencia-en-caviahue-y-copahue-el-12-12-2025\/\" \/>\n<meta property=\"og:locale\" content=\"es_ES\" \/>\n<meta property=\"og:type\" content=\"article\" \/>\n<meta property=\"og:title\" content=\"EPEN - Corte programado de emergencia en Caviahue y Copahue el 12\/12\/2025\" \/>\n<meta property=\"og:description\" content=\"Corte programado de emergencia en Caviahue y Copahue el 12\/12\/2025 Noticias\" \/>\n<meta property=\"og:url\" content=\"https:\/\/www.epen.gov.ar\/index.php\/2025\/12\/11\/corte-programado-de-emergencia-en-caviahue-y-copahue-el-12-12-2025\/\" \/>\n<meta property=\"og:site_name\" content=\"EPEN\" \/>\n<meta property=\"article:publisher\" content=\"https:\/\/www.facebook.com\/EPEN.Neuquen\" \/>\n<meta property=\"article:published_time\" content=\"2025-12-11T15:42:45+00:00\" \/>\n<meta property=\"article:modified_time\" content=\"2025-12-11T15:47:52+00:00\" \/>\n<meta property=\"og:image\" content=\"https:\/\/www.epen.gov.ar\/wp-content\/uploads\/2025\/12\/Alumine-Pehuenia-linea.jpg\" \/>\n\t<meta property=\"og:image:width\" content=\"1600\" \/>\n\t<meta property=\"og:image:height\" content=\"1059\" \/>\n\t<meta property=\"og:image:type\" content=\"image\/jpeg\" \/>\n<meta name=\"author\" content=\"Prensa EPEN\" \/>\n<meta name=\"twitter:card\" content=\"summary_large_image\" \/>\n<meta name=\"twitter:creator\" content=\"@EPEN_Informa\" \/>\n<meta name=\"twitter:site\" content=\"@EPEN_Informa\" \/>\n<meta name=\"twitter:label1\" content=\"Escrito por\" \/>\n\t<meta name=\"twitter:data1\" content=\"Prensa EPEN\" \/>\n\t<meta name=\"twitter:label2\" content=\"Tiempo de lectura\" \/>\n\t<meta name=\"twitter:data2\" content=\"2 minutos\" \/>\n<script type=\"application\/ld+json\" class=\"yoast-schema-graph\">{\"@context\":\"https:\/\/schema.org\",\"@graph\":[{\"@type\":\"Article\",\"@id\":\"https:\/\/www.epen.gov.ar\/index.php\/2025\/12\/11\/corte-programado-de-emergencia-en-caviahue-y-copahue-el-12-12-2025\/#article\",\"isPartOf\":{\"@id\":\"https:\/\/www.epen.gov.ar\/index.php\/2025\/12\/11\/corte-programado-de-emergencia-en-caviahue-y-copahue-el-12-12-2025\/\"},\"author\":{\"name\":\"Prensa EPEN\",\"@id\":\"https:\/\/www.epen.gov.ar\/#\/schema\/person\/ce6cff87c2fc01264becc10fa105ad4f\"},\"headline\":\"Corte programado de emergencia en Caviahue y Copahue el 12\/12\/2025\",\"datePublished\":\"2025-12-11T15:42:45+00:00\",\"dateModified\":\"2025-12-11T15:47:52+00:00\",\"mainEntityOfPage\":{\"@id\":\"https:\/\/www.epen.gov.ar\/index.php\/2025\/12\/11\/corte-programado-de-emergencia-en-caviahue-y-copahue-el-12-12-2025\/\"},\"wordCount\":1741,\"publisher\":{\"@id\":\"https:\/\/www.epen.gov.ar\/#organization\"},\"image\":{\"@id\":\"https:\/\/www.epen.gov.ar\/index.php\/2025\/12\/11\/corte-programado-de-emergencia-en-caviahue-y-copahue-el-12-12-2025\/#primaryimage\"},\"thumbnailUrl\":\"https:\/\/www.epen.gov.ar\/wp-content\/uploads\/2025\/12\/Alumine-Pehuenia-linea.jpg\",\"articleSection\":[\"Noticias\"],\"inLanguage\":\"es\"},{\"@type\":\"WebPage\",\"@id\":\"https:\/\/www.epen.gov.ar\/index.php\/2025\/12\/11\/corte-programado-de-emergencia-en-caviahue-y-copahue-el-12-12-2025\/\",\"url\":\"https:\/\/www.epen.gov.ar\/index.php\/2025\/12\/11\/corte-programado-de-emergencia-en-caviahue-y-copahue-el-12-12-2025\/\",\"name\":\"EPEN - Corte programado de emergencia en Caviahue y Copahue el 12\/12\/2025\",\"isPartOf\":{\"@id\":\"https:\/\/www.epen.gov.ar\/#website\"},\"primaryImageOfPage\":{\"@id\":\"https:\/\/www.epen.gov.ar\/index.php\/2025\/12\/11\/corte-programado-de-emergencia-en-caviahue-y-copahue-el-12-12-2025\/#primaryimage\"},\"image\":{\"@id\":\"https:\/\/www.epen.gov.ar\/index.php\/2025\/12\/11\/corte-programado-de-emergencia-en-caviahue-y-copahue-el-12-12-2025\/#primaryimage\"},\"thumbnailUrl\":\"https:\/\/www.epen.gov.ar\/wp-content\/uploads\/2025\/12\/Alumine-Pehuenia-linea.jpg\",\"datePublished\":\"2025-12-11T15:42:45+00:00\",\"dateModified\":\"2025-12-11T15:47:52+00:00\",\"description\":\"Corte programado de emergencia en Caviahue y Copahue el 12\/12\/2025 Noticias\",\"breadcrumb\":{\"@id\":\"https:\/\/www.epen.gov.ar\/index.php\/2025\/12\/11\/corte-programado-de-emergencia-en-caviahue-y-copahue-el-12-12-2025\/#breadcrumb\"},\"inLanguage\":\"es\",\"potentialAction\":[{\"@type\":\"ReadAction\",\"target\":[\"https:\/\/www.epen.gov.ar\/index.php\/2025\/12\/11\/corte-programado-de-emergencia-en-caviahue-y-copahue-el-12-12-2025\/\"]}]},{\"@type\":\"ImageObject\",\"inLanguage\":\"es\",\"@id\":\"https:\/\/www.epen.gov.ar\/index.php\/2025\/12\/11\/corte-programado-de-emergencia-en-caviahue-y-copahue-el-12-12-2025\/#primaryimage\",\"url\":\"https:\/\/www.epen.gov.ar\/wp-content\/uploads\/2025\/12\/Alumine-Pehuenia-linea.jpg\",\"contentUrl\":\"https:\/\/www.epen.gov.ar\/wp-content\/uploads\/2025\/12\/Alumine-Pehuenia-linea.jpg\",\"width\":1600,\"height\":1059},{\"@type\":\"BreadcrumbList\",\"@id\":\"https:\/\/www.epen.gov.ar\/index.php\/2025\/12\/11\/corte-programado-de-emergencia-en-caviahue-y-copahue-el-12-12-2025\/#breadcrumb\",\"itemListElement\":[{\"@type\":\"ListItem\",\"position\":1,\"name\":\"Inicio\",\"item\":\"https:\/\/www.epen.gov.ar\/\"},{\"@type\":\"ListItem\",\"position\":2,\"name\":\"Corte programado de emergencia en Caviahue y Copahue el 12\/12\/2025\"}]},{\"@type\":\"WebSite\",\"@id\":\"https:\/\/www.epen.gov.ar\/#website\",\"url\":\"https:\/\/www.epen.gov.ar\/\",\"name\":\"EPEN\",\"description\":\"Ente Provincial de Energ\u00eda del Neuqu\u00e9n\",\"publisher\":{\"@id\":\"https:\/\/www.epen.gov.ar\/#organization\"},\"potentialAction\":[{\"@type\":\"SearchAction\",\"target\":{\"@type\":\"EntryPoint\",\"urlTemplate\":\"https:\/\/www.epen.gov.ar\/?s={search_term_string}\"},\"query-input\":{\"@type\":\"PropertyValueSpecification\",\"valueRequired\":true,\"valueName\":\"search_term_string\"}}],\"inLanguage\":\"es\"},{\"@type\":\"Organization\",\"@id\":\"https:\/\/www.epen.gov.ar\/#organization\",\"name\":\"Ente Provincial de Energ\u00eda del Neuqu\u00e9n\",\"url\":\"https:\/\/www.epen.gov.ar\/\",\"logo\":{\"@type\":\"ImageObject\",\"inLanguage\":\"es\",\"@id\":\"https:\/\/www.epen.gov.ar\/#\/schema\/logo\/image\/\",\"url\":\"https:\/\/www.epen.gov.ar\/wp-content\/uploads\/2024\/02\/Logo-EPEN-2.jpg\",\"contentUrl\":\"https:\/\/www.epen.gov.ar\/wp-content\/uploads\/2024\/02\/Logo-EPEN-2.jpg\",\"width\":696,\"height\":696,\"caption\":\"Ente Provincial de Energ\u00eda del Neuqu\u00e9n\"},\"image\":{\"@id\":\"https:\/\/www.epen.gov.ar\/#\/schema\/logo\/image\/\"},\"sameAs\":[\"https:\/\/www.facebook.com\/EPEN.Neuquen\",\"https:\/\/x.com\/EPEN_Informa\",\"https:\/\/www.youtube.com\/@epenprensa7384\"]},{\"@type\":\"Person\",\"@id\":\"https:\/\/www.epen.gov.ar\/#\/schema\/person\/ce6cff87c2fc01264becc10fa105ad4f\",\"name\":\"Prensa EPEN\",\"image\":{\"@type\":\"ImageObject\",\"inLanguage\":\"es\",\"@id\":\"https:\/\/secure.gravatar.com\/avatar\/f8120b8688012ccf2d7fbcf7a970cfbabf0ab63b09c2dbd72c194bee080070e9?s=96&d=mm&r=g\",\"url\":\"https:\/\/secure.gravatar.com\/avatar\/f8120b8688012ccf2d7fbcf7a970cfbabf0ab63b09c2dbd72c194bee080070e9?s=96&d=mm&r=g\",\"contentUrl\":\"https:\/\/secure.gravatar.com\/avatar\/f8120b8688012ccf2d7fbcf7a970cfbabf0ab63b09c2dbd72c194bee080070e9?s=96&d=mm&r=g\",\"caption\":\"Prensa EPEN\"},\"url\":\"https:\/\/www.epen.gov.ar\/index.php\/author\/admin\/\"}]}<\/script>\n<!-- \/ Yoast SEO plugin. -->","yoast_head_json":{"title":"EPEN - Corte programado de emergencia en Caviahue y Copahue el 12\/12\/2025","description":"Corte programado de emergencia en Caviahue y Copahue el 12\/12\/2025 Noticias","robots":{"index":"index","follow":"follow","max-snippet":"max-snippet:-1","max-image-preview":"max-image-preview:large","max-video-preview":"max-video-preview:-1"},"canonical":"https:\/\/www.epen.gov.ar\/index.php\/2025\/12\/11\/corte-programado-de-emergencia-en-caviahue-y-copahue-el-12-12-2025\/","og_locale":"es_ES","og_type":"article","og_title":"EPEN - Corte programado de emergencia en Caviahue y Copahue el 12\/12\/2025","og_description":"Corte programado de emergencia en Caviahue y Copahue el 12\/12\/2025 Noticias","og_url":"https:\/\/www.epen.gov.ar\/index.php\/2025\/12\/11\/corte-programado-de-emergencia-en-caviahue-y-copahue-el-12-12-2025\/","og_site_name":"EPEN","article_publisher":"https:\/\/www.facebook.com\/EPEN.Neuquen","article_published_time":"2025-12-11T15:42:45+00:00","article_modified_time":"2025-12-11T15:47:52+00:00","og_image":[{"width":1600,"height":1059,"url":"https:\/\/www.epen.gov.ar\/wp-content\/uploads\/2025\/12\/Alumine-Pehuenia-linea.jpg","type":"image\/jpeg"}],"author":"Prensa EPEN","twitter_card":"summary_large_image","twitter_creator":"@EPEN_Informa","twitter_site":"@EPEN_Informa","twitter_misc":{"Escrito por":"Prensa EPEN","Tiempo de lectura":"2 minutos"},"schema":{"@context":"https:\/\/schema.org","@graph":[{"@type":"Article","@id":"https:\/\/www.epen.gov.ar\/index.php\/2025\/12\/11\/corte-programado-de-emergencia-en-caviahue-y-copahue-el-12-12-2025\/#article","isPartOf":{"@id":"https:\/\/www.epen.gov.ar\/index.php\/2025\/12\/11\/corte-programado-de-emergencia-en-caviahue-y-copahue-el-12-12-2025\/"},"author":{"name":"Prensa EPEN","@id":"https:\/\/www.epen.gov.ar\/#\/schema\/person\/ce6cff87c2fc01264becc10fa105ad4f"},"headline":"Corte programado de emergencia en Caviahue y Copahue el 12\/12\/2025","datePublished":"2025-12-11T15:42:45+00:00","dateModified":"2025-12-11T15:47:52+00:00","mainEntityOfPage":{"@id":"https:\/\/www.epen.gov.ar\/index.php\/2025\/12\/11\/corte-programado-de-emergencia-en-caviahue-y-copahue-el-12-12-2025\/"},"wordCount":1741,"publisher":{"@id":"https:\/\/www.epen.gov.ar\/#organization"},"image":{"@id":"https:\/\/www.epen.gov.ar\/index.php\/2025\/12\/11\/corte-programado-de-emergencia-en-caviahue-y-copahue-el-12-12-2025\/#primaryimage"},"thumbnailUrl":"https:\/\/www.epen.gov.ar\/wp-content\/uploads\/2025\/12\/Alumine-Pehuenia-linea.jpg","articleSection":["Noticias"],"inLanguage":"es"},{"@type":"WebPage","@id":"https:\/\/www.epen.gov.ar\/index.php\/2025\/12\/11\/corte-programado-de-emergencia-en-caviahue-y-copahue-el-12-12-2025\/","url":"https:\/\/www.epen.gov.ar\/index.php\/2025\/12\/11\/corte-programado-de-emergencia-en-caviahue-y-copahue-el-12-12-2025\/","name":"EPEN - Corte programado de emergencia en Caviahue y Copahue el 12\/12\/2025","isPartOf":{"@id":"https:\/\/www.epen.gov.ar\/#website"},"primaryImageOfPage":{"@id":"https:\/\/www.epen.gov.ar\/index.php\/2025\/12\/11\/corte-programado-de-emergencia-en-caviahue-y-copahue-el-12-12-2025\/#primaryimage"},"image":{"@id":"https:\/\/www.epen.gov.ar\/index.php\/2025\/12\/11\/corte-programado-de-emergencia-en-caviahue-y-copahue-el-12-12-2025\/#primaryimage"},"thumbnailUrl":"https:\/\/www.epen.gov.ar\/wp-content\/uploads\/2025\/12\/Alumine-Pehuenia-linea.jpg","datePublished":"2025-12-11T15:42:45+00:00","dateModified":"2025-12-11T15:47:52+00:00","description":"Corte programado de emergencia en Caviahue y Copahue el 12\/12\/2025 Noticias","breadcrumb":{"@id":"https:\/\/www.epen.gov.ar\/index.php\/2025\/12\/11\/corte-programado-de-emergencia-en-caviahue-y-copahue-el-12-12-2025\/#breadcrumb"},"inLanguage":"es","potentialAction":[{"@type":"ReadAction","target":["https:\/\/www.epen.gov.ar\/index.php\/2025\/12\/11\/corte-programado-de-emergencia-en-caviahue-y-copahue-el-12-12-2025\/"]}]},{"@type":"ImageObject","inLanguage":"es","@id":"https:\/\/www.epen.gov.ar\/index.php\/2025\/12\/11\/corte-programado-de-emergencia-en-caviahue-y-copahue-el-12-12-2025\/#primaryimage","url":"https:\/\/www.epen.gov.ar\/wp-content\/uploads\/2025\/12\/Alumine-Pehuenia-linea.jpg","contentUrl":"https:\/\/www.epen.gov.ar\/wp-content\/uploads\/2025\/12\/Alumine-Pehuenia-linea.jpg","width":1600,"height":1059},{"@type":"BreadcrumbList","@id":"https:\/\/www.epen.gov.ar\/index.php\/2025\/12\/11\/corte-programado-de-emergencia-en-caviahue-y-copahue-el-12-12-2025\/#breadcrumb","itemListElement":[{"@type":"ListItem","position":1,"name":"Inicio","item":"https:\/\/www.epen.gov.ar\/"},{"@type":"ListItem","position":2,"name":"Corte programado de emergencia en Caviahue y Copahue el 12\/12\/2025"}]},{"@type":"WebSite","@id":"https:\/\/www.epen.gov.ar\/#website","url":"https:\/\/www.epen.gov.ar\/","name":"EPEN","description":"Ente Provincial de Energ\u00eda del Neuqu\u00e9n","publisher":{"@id":"https:\/\/www.epen.gov.ar\/#organization"},"potentialAction":[{"@type":"SearchAction","target":{"@type":"EntryPoint","urlTemplate":"https:\/\/www.epen.gov.ar\/?s={search_term_string}"},"query-input":{"@type":"PropertyValueSpecification","valueRequired":true,"valueName":"search_term_string"}}],"inLanguage":"es"},{"@type":"Organization","@id":"https:\/\/www.epen.gov.ar\/#organization","name":"Ente Provincial de Energ\u00eda del Neuqu\u00e9n","url":"https:\/\/www.epen.gov.ar\/","logo":{"@type":"ImageObject","inLanguage":"es","@id":"https:\/\/www.epen.gov.ar\/#\/schema\/logo\/image\/","url":"https:\/\/www.epen.gov.ar\/wp-content\/uploads\/2024\/02\/Logo-EPEN-2.jpg","contentUrl":"https:\/\/www.epen.gov.ar\/wp-content\/uploads\/2024\/02\/Logo-EPEN-2.jpg","width":696,"height":696,"caption":"Ente Provincial de Energ\u00eda del Neuqu\u00e9n"},"image":{"@id":"https:\/\/www.epen.gov.ar\/#\/schema\/logo\/image\/"},"sameAs":["https:\/\/www.facebook.com\/EPEN.Neuquen","https:\/\/x.com\/EPEN_Informa","https:\/\/www.youtube.com\/@epenprensa7384"]},{"@type":"Person","@id":"https:\/\/www.epen.gov.ar\/#\/schema\/person\/ce6cff87c2fc01264becc10fa105ad4f","name":"Prensa EPEN","image":{"@type":"ImageObject","inLanguage":"es","@id":"https:\/\/secure.gravatar.com\/avatar\/f8120b8688012ccf2d7fbcf7a970cfbabf0ab63b09c2dbd72c194bee080070e9?s=96&d=mm&r=g","url":"https:\/\/secure.gravatar.com\/avatar\/f8120b8688012ccf2d7fbcf7a970cfbabf0ab63b09c2dbd72c194bee080070e9?s=96&d=mm&r=g","contentUrl":"https:\/\/secure.gravatar.com\/avatar\/f8120b8688012ccf2d7fbcf7a970cfbabf0ab63b09c2dbd72c194bee080070e9?s=96&d=mm&r=g","caption":"Prensa EPEN"},"url":"https:\/\/www.epen.gov.ar\/index.php\/author\/admin\/"}]}},"_links":{"self":[{"href":"https:\/\/www.epen.gov.ar\/index.php\/wp-json\/wp\/v2\/posts\/186310","targetHints":{"allow":["GET"]}}],"collection":[{"href":"https:\/\/www.epen.gov.ar\/index.php\/wp-json\/wp\/v2\/posts"}],"about":[{"href":"https:\/\/www.epen.gov.ar\/index.php\/wp-json\/wp\/v2\/types\/post"}],"author":[{"embeddable":true,"href":"https:\/\/www.epen.gov.ar\/index.php\/wp-json\/wp\/v2\/users\/1"}],"replies":[{"embeddable":true,"href":"https:\/\/www.epen.gov.ar\/index.php\/wp-json\/wp\/v2\/comments?post=186310"}],"version-history":[{"count":2,"href":"https:\/\/www.epen.gov.ar\/index.php\/wp-json\/wp\/v2\/posts\/186310\/revisions"}],"predecessor-version":[{"id":186349,"href":"https:\/\/www.epen.gov.ar\/index.php\/wp-json\/wp\/v2\/posts\/186310\/revisions\/186349"}],"wp:featuredmedia":[{"embeddable":true,"href":"https:\/\/www.epen.gov.ar\/index.php\/wp-json\/wp\/v2\/media\/185522"}],"wp:attachment":[{"href":"https:\/\/www.epen.gov.ar\/index.php\/wp-json\/wp\/v2\/media?parent=186310"}],"wp:term":[{"taxonomy":"category","embeddable":true,"href":"https:\/\/www.epen.gov.ar\/index.php\/wp-json\/wp\/v2\/categories?post=186310"},{"taxonomy":"post_tag","embeddable":true,"href":"https:\/\/www.epen.gov.ar\/index.php\/wp-json\/wp\/v2\/tags?post=186310"}],"curies":[{"name":"wp","href":"https:\/\/api.w.org\/{rel}","templated":true}]}}